{"id":991,"date":"2024-10-19T10:56:13","date_gmt":"2024-10-19T08:56:13","guid":{"rendered":"https:\/\/www.strassenweb.de\/nachrichten\/wie-und-wann-man-affengras-beschneidet-expertenrat-fuer-diese-halbschattige-staude\/"},"modified":"2024-10-19T10:56:14","modified_gmt":"2024-10-19T08:56:14","slug":"wie-und-wann-man-affengras-beschneidet-expertenrat-fuer-diese-halbschattige-staude","status":"publish","type":"post","link":"https:\/\/www.strassenweb.de\/nachrichten\/wie-und-wann-man-affengras-beschneidet-expertenrat-fuer-diese-halbschattige-staude\/","title":{"rendered":"Wie und wann man Affengras beschneidet \u2013 Expertenrat f\u00fcr diese halbschattige Staude"},"content":{"rendered":"<p><\/p>\n<div id=\"article-body\" class=\"article__body \">\n<p>Affengras ist eine beliebte Bodendeckerpflanze, die schwierige Bereiche im Garten schnell f\u00fcllen kann. In schattigen Ecken und Rabatten gedeiht Affengras oder <em>Liriope Muscari<\/em>kann eine attraktive gr\u00fcne Matte unter gro\u00dfen B\u00e4umen oder Str\u00e4uchern bilden, erg\u00e4nzt durch violette oder wei\u00dfe Bl\u00fcten im Sp\u00e4tsommer. Wenn man es in Masse anbaut, ist der Effekt beeindruckend, wie auf den Bildern hier zu sehen ist.<\/p>\n<div id=\"ad-unit-1\" class=\"ad-unit\"><\/div>\n<p>Im Herbst und Winter beginnen die Beeren Ihrer Affengraspflanzen zu verblassen und abzufallen, und das Laub kann sich gelb und braun verf\u00e4rben. Aus diesem Grund ist es eine gute Idee, Ihre Pflanzen zu beschneiden und sie zu ermutigen, im Fr\u00fchjahr viel frisches neues Wachstum zu produzieren. Wie bei allen Zierpflanzen ist das Beschneiden von Affengras eine wichtige und zeitgem\u00e4\u00dfe Aufgabe.<\/p>\n<p>Auch wenn Sie vielleicht wissen, wie man Affengras anbaut, finden Sie in unserem von Experten anerkannten Leitfaden alle Informationen, die Sie ben\u00f6tigen, um zu erfahren, wie und wann Sie Affengras beschneiden m\u00fcssen, um sicherzustellen, dass Ihre schattigen Bodendecker im n\u00e4chsten Jahr besser als je zuvor wachsen.<\/p>\n<div id=\"desktop-in-article\" class=\"in-article ad-unit\">\n<div id=\"desktop-taboola-mid-article\"><\/div>\n<\/div>\n<div id=\"mobile-in-article\" class=\"in-article ad-unit\">\n<div id=\"mobile-taboola-mid-article\"><\/div>\n<\/div>\n<figure class=\"van-image-figure inline-layout \" data-bordeaux-image-check>\n<div class=\"image-full-width-wrapper\">\n<div class=\"image-widthsetter\" style=\"max-width:2400px;\"><\/div>\n<\/div>\n<\/figure>\n<h2 id=\"pruning-advice-for-monkey-grass-3\">Schnitttipps f\u00fcr Affengras<\/h2>\n<aside class=\"hawk-nest\" data-block-type=\"embed\" data-render-type=\"fte\" data-skip=\"dealsy\" data-widget-type=\"seasonal\">\n<div class=\"hawk-master-widget-hawk-base-wrapper\"><\/div>\n<\/aside>\n<p>Obwohl dieser Bodendecker allgemein als Affengras oder Liliengras bezeichnet wird, handelt es sich weder um ein echtes Gras noch um eine Lilie. Stattdessen geh\u00f6rt er zur Spargelgattung, <em>Spargelgew\u00e4chse.<\/em> Affengras gilt oft als eine der besten Bodendecker gegen Unkraut und bildet mit der Zeit eine dichte Matte, um l\u00e4stige und unwillkommene Pflanzen von Ihrem Garten fernzuhalten.<\/p>\n<div class=\"van_vid_carousel\">\n<div class=\"van_vid_carousel__padding\">\n<div class=\"van_vid_carousel__container\"><\/div>\n<\/div>\n<\/div>\n<p>W\u00e4hrend das Laub in w\u00e4rmeren Regionen, beispielsweise in den Bundesstaaten der US-Winterh\u00e4rtezone 9 plus, immergr\u00fcn bleiben kann, m\u00fcssen in k\u00fchleren Gebieten wie Zone 5 vergilbte oder br\u00e4unliche Bl\u00e4tter beschnitten werden, damit die Pflanze weiterhin optimal aussieht.<\/p>\n<div id=\"ad-unit-2\" class=\"ad-unit\"><\/div>\n<h3 class=\"article-body__section\" id=\"section-when-to-prune-monkey-grass\"><span>Wann man Affengras beschneidet<\/span><\/h3>\n<figure class=\"van-image-figure inline-layout \" data-bordeaux-image-check>\n<div class=\"image-full-width-wrapper\">\n<div class=\"image-widthsetter\" style=\"max-width:2400px;\"><\/div>\n<\/div>\n<\/figure>\n<p>\u201eAffengras f\u00fcllt problemlos Problembereiche in Ihrem Garten\u201c, sagt Mike Murphy, Gartenexperte und Inhaber von You Had Me At Gardening. \u201eDiese immergr\u00fcnen Bodendecker gedeihen in gut durchl\u00e4ssigen B\u00f6den und sind sehr anpassungsf\u00e4hig, vertragen auch tiefe Schatten, Halbschatten und sonnige Standorte.\u201c<\/p>\n<p>\u201eAffengras ist eine ausgezeichnete Wahl f\u00fcr Bereiche mit gefiltertem Sonnenlicht, beispielsweise unter gro\u00dfen Ahornb\u00e4umen im Hinterhof\u201c, f\u00fcgt Mike hinzu.<\/p>\n<p>Was das Beschneiden von Affengras betrifft, so h\u00e4ngt dies zwar von der US-amerikanischen Winterh\u00e4rtezone und Ihrem Wohnort ab, im Allgemeinen ist es jedoch \u201eeine gute Idee, es im Winter oder fr\u00fchen Fr\u00fchling zur\u00fcckzuschneiden, um sein ordentliches Aussehen zu bewahren\u201c, f\u00e4hrt Mike fort. \u201eDas Beschneiden zu diesem Zeitpunkt ist am besten, da Sie keine neuen Triebe besch\u00e4digen, die ab dem Fr\u00fchjahr austreiben sollten.\u201c<\/p>\n<p>Ich w\u00fcrde einen Schnitt im Herbst nicht empfehlen. Als ich als professioneller G\u00e4rtner in einem \u00f6ffentlichen Garten im Zentrum von London arbeitete, befanden sich in einem schattigen Beet, das ich liebte, Hunderte von Affengraspflanzen. Ich habe herausgefunden, dass viele der Pflanzen ihre Beeren bis in den Herbst hinein behalten, die heimische Tierwelt ern\u00e4hren und bis sp\u00e4t ins Jahr hinein f\u00fcr Interesse sorgen, wobei die schwarzgrauen Beeren leuchten, wenn sie das Licht einfangen, wie im Bild unten zu sehen ist.<\/p>\n<p>Dar\u00fcber hinaus k\u00f6nnen alte Halme und Laubb\u00fcschel die Pflanzenkrone bei starkem Schneefall sch\u00fctzen. Aus diesen Gr\u00fcnden geh\u00f6rt das Beschneiden von Affengras zu Ihrer Wintergarten-Checkliste.<\/p>\n<h3 class=\"article-body__section\" id=\"section-how-to-prune-monkey-grass\"><span>Wie man Affengras beschneidet<\/span><\/h3>\n<figure class=\"van-image-figure inline-layout \" data-bordeaux-image-check>\n<div class=\"image-full-width-wrapper\">\n<div class=\"image-widthsetter\" style=\"max-width:2400px;\"><\/div>\n<\/div>\n<\/figure>\n<p>W\u00e4hrend das Laub des Affengrases immergr\u00fcn sein kann, k\u00f6nnen die Halme nach ein oder zwei Jahren unordentlich und m\u00fcde aussehen, und das Zur\u00fcckschneiden hilft, das neue Wachstum im Fr\u00fchling zu verj\u00fcngen. Wenn Ihr Laub in gutem Zustand aussieht, k\u00f6nnen Sie einfach alle gelben oder braunen Bl\u00e4tter entfernen. Ziehen Sie mit den H\u00e4nden vorsichtig an jeder Klinge, die sich langsam lockert und ohne gro\u00dfen Kraftaufwand von der Pflanze l\u00f6st.<\/p>\n<p>F\u00fcr gr\u00f6\u00dfere Arbeiten sind Werkzeuge erforderlich. Verwenden Sie beim Beschneiden von Affengras saubere, scharfe Werkzeuge, um einen sauberen Schnitt zu gew\u00e4hrleisten. Wenn Ihre Gartenger\u00e4te etwas alt und rostig aussehen, sollten Sie \u00fcber die Investition in ein neues Paar nachdenken, wie zum Beispiel diese Felco-Scheren von Walmart, mit denen Sie abgestorbene und besch\u00e4digte St\u00e4ngel problemlos entfernen k\u00f6nnen.<\/p>\n<p>\u201eDas Schneiden von Hand ist sicherlich die beste Option\u201c, sagt Mike. \u201eObwohl viele Leute das M\u00e4hen vorschlagen, wird dies nicht empfohlen, da es die Krone der Pflanze besch\u00e4digen kann.\u201c Wenn Sie eine gro\u00dfe Fl\u00e4che abdecken m\u00fcssen, entscheiden Sie sich stattdessen f\u00fcr eine Heckenschere, erh\u00e4ltlich bei Amazon.<\/p>\n<p>Wie auch immer Sie vorgehen: \u201eSchneiden Sie nicht weniger als zwei bis drei Zoll \u00fcber dem Boden.\u201c Machen Sie sich keine Sorgen \u00fcber einen harten Schnitt, da etablierte Horste bei steigenden Temperaturen schnell neue Triebe austreiben. Obwohl es sich destruktiv anf\u00fchlen kann, muss man manchmal grausam sein, um freundlich zu sein, und in ein paar Monaten werden Sie \u00fcber diesen harten Schlag froh sein.<\/p>\n<h3 class=\"article-body__section\" id=\"section-faqs\"><span>FAQs<\/span><\/h3>\n<h2 id=\"should-i-fertilize-monkey-grass-after-pruning-3\">Sollte ich Affengras nach dem Beschneiden d\u00fcngen? <\/h2>\n<p>\u201eWenn man dar\u00fcber nachdenkt, wie man Affengras f\u00fcttert, ist diese Pflanze ein relativ pflegeleichter Bodendecker, der normalerweise nicht viel D\u00fcnger ben\u00f6tigt\u201c, sagt Mike Murphy, Gartenexperte und Inhaber von You Had Me At Gardening. \u201eNach dem Beschneiden k\u00f6nnen Sie im Fr\u00fchjahr einen ausgewogenen Langzeitd\u00fcnger auf Ihre Beete auftragen. Vermeiden Sie jedoch unbedingt eine \u00dcberd\u00fcngung, da dies zu einer \u00fcberm\u00e4\u00dfigen Belaubung und damit zu Lasten der Bl\u00fctenbildung f\u00fchren kann. Aus diesem Grund sollten Sie weniger als die empfohlene D\u00fcngermenge verwenden und diese leicht \u00fcber das Beet streuen.<\/p>\n<hr>\n<p>Nach dem Beschneiden im Winter ist es eine gute Idee, Ihre Rabatten zu mulchen. Sobald das Laub Ihrer Affengraspflanzen entfernt ist, k\u00f6nnen Sie problemlos eine gro\u00dfz\u00fcgige Menge Mulch auf den Boden auftragen, normalerweise 2 bis 5 Zentimeter, um Unkraut zu unterdr\u00fccken, den Boden zu n\u00e4hren und Feuchtigkeit f\u00fcr das kommende Jahr zu speichern . Entscheiden Sie sich f\u00fcr einen Mulch, der f\u00fcr Waldbeete geeignet ist, wie z. B. diesen bei Amazon erh\u00e4ltlichen Kiefernmulch, der Ihren beschnittenen Pflanzen die besten Erfolgsaussichten gibt.<\/p>\n<\/div>\n","protected":false},"excerpt":{"rendered":"<p>Affengras ist eine beliebte Bodendeckerpflanze, die schwierige Bereiche im Garten schnell f\u00fcllen kann. In schattigen Ecken und Rabatten gedeiht Affengras oder Liriope Muscarikann eine attraktive<\/p>\n","protected":false},"author":1,"featured_media":992,"comment_status":"closed","ping_status":"","sticky":false,"template":"","format":"standard","meta":{"footnotes":""},"categories":[118],"tags":[1929,1930,143,1931,55,1932,134,1933,37,131,26],"class_list":["post-991","post","type-post","status-publish","format-standard","has-post-thumbnail","hentry","category-haus-garten","tag-affengras","tag-beschneidet","tag-diese","tag-expertenrat","tag-fuer","tag-halbschattige","tag-man","tag-staude","tag-und","tag-wann","tag-wie","generate-columns","tablet-grid-50","mobile-grid-100","grid-parent","grid-50"],"yoast_head":"<!-- This site is optimized with the Yoast SEO plugin v27.3 - https:\/\/yoast.com\/product\/yoast-seo-wordpress\/ -->\n<title>Wie und wann man Affengras beschneidet \u2013 Expertenrat f\u00fcr diese halbschattige Staude - Nachrichten - Stra\u00dfenweb<\/title>\n<meta name=\"robots\" content=\"index, follow, max-snippet:-1, max-image-preview:large, max-video-preview:-1\" \/>\n<link rel=\"canonical\" href=\"https:\/\/www.strassenweb.de\/nachrichten\/wie-und-wann-man-affengras-beschneidet-expertenrat-fuer-diese-halbschattige-staude\/\" \/>\n<meta property=\"og:locale\" content=\"de_DE\" \/>\n<meta property=\"og:type\" content=\"article\" \/>\n<meta property=\"og:title\" content=\"Wie und wann man Affengras beschneidet \u2013 Expertenrat f\u00fcr diese halbschattige Staude - Nachrichten - Stra\u00dfenweb\" \/>\n<meta property=\"og:description\" content=\"Affengras ist eine beliebte Bodendeckerpflanze, die schwierige Bereiche im Garten schnell f\u00fcllen kann. In schattigen Ecken und Rabatten gedeiht Affengras oder Liriope Muscarikann eine attraktive\" \/>\n<meta property=\"og:url\" content=\"https:\/\/www.strassenweb.de\/nachrichten\/wie-und-wann-man-affengras-beschneidet-expertenrat-fuer-diese-halbschattige-staude\/\" \/>\n<meta property=\"og:site_name\" content=\"Stra\u00dfenweb\" \/>\n<meta property=\"article:publisher\" content=\"https:\/\/www.facebook.com\/strassenweb\/\" \/>\n<meta property=\"article:published_time\" content=\"2024-10-19T08:56:13+00:00\" \/>\n<meta property=\"article:modified_time\" content=\"2024-10-19T08:56:14+00:00\" \/>\n<meta property=\"og:image\" content=\"https:\/\/www.strassenweb.de\/nachrichten\/wp-content\/uploads\/2024\/10\/Wie-und-wann-man-Affengras-beschneidet-\u2013-Expertenrat-fuer-diese.jpg\" \/>\n\t<meta property=\"og:image:width\" content=\"1200\" \/>\n\t<meta property=\"og:image:height\" content=\"675\" \/>\n\t<meta property=\"og:image:type\" content=\"image\/jpeg\" \/>\n<meta name=\"author\" content=\"Robert Hoffmann\" \/>\n<meta name=\"twitter:card\" content=\"summary_large_image\" \/>\n<meta name=\"twitter:label1\" content=\"Verfasst von\" \/>\n\t<meta name=\"twitter:data1\" content=\"Robert Hoffmann\" \/>\n\t<meta name=\"twitter:label2\" content=\"Gesch\u00e4tzte Lesezeit\" \/>\n\t<meta name=\"twitter:data2\" content=\"5\u00a0Minuten\" \/>\n<script type=\"application\/ld+json\" class=\"yoast-schema-graph\">{\"@context\":\"https:\\\/\\\/schema.org\",\"@graph\":[{\"@type\":\"Article\",\"@id\":\"https:\\\/\\\/www.strassenweb.de\\\/nachrichten\\\/wie-und-wann-man-affengras-beschneidet-expertenrat-fuer-diese-halbschattige-staude\\\/#article\",\"isPartOf\":{\"@id\":\"https:\\\/\\\/www.strassenweb.de\\\/nachrichten\\\/wie-und-wann-man-affengras-beschneidet-expertenrat-fuer-diese-halbschattige-staude\\\/\"},\"author\":{\"name\":\"Robert Hoffmann\",\"@id\":\"https:\\\/\\\/www.strassenweb.de\\\/nachrichten\\\/#\\\/schema\\\/person\\\/87c9c9067f1211da429a744dc5a5aa41\"},\"headline\":\"Wie und wann man Affengras beschneidet \u2013 Expertenrat f\u00fcr diese halbschattige Staude\",\"datePublished\":\"2024-10-19T08:56:13+00:00\",\"dateModified\":\"2024-10-19T08:56:14+00:00\",\"mainEntityOfPage\":{\"@id\":\"https:\\\/\\\/www.strassenweb.de\\\/nachrichten\\\/wie-und-wann-man-affengras-beschneidet-expertenrat-fuer-diese-halbschattige-staude\\\/\"},\"wordCount\":1009,\"publisher\":{\"@id\":\"https:\\\/\\\/www.strassenweb.de\\\/nachrichten\\\/#organization\"},\"image\":{\"@id\":\"https:\\\/\\\/www.strassenweb.de\\\/nachrichten\\\/wie-und-wann-man-affengras-beschneidet-expertenrat-fuer-diese-halbschattige-staude\\\/#primaryimage\"},\"thumbnailUrl\":\"https:\\\/\\\/www.strassenweb.de\\\/nachrichten\\\/wp-content\\\/uploads\\\/2024\\\/10\\\/Wie-und-wann-man-Affengras-beschneidet-\u2013-Expertenrat-fuer-diese.jpg\",\"keywords\":[\"Affengras\",\"beschneidet\",\"diese\",\"Expertenrat\",\"f\u00fcr\",\"halbschattige\",\"man\",\"Staude\",\"und\",\"Wann\",\"Wie\"],\"articleSection\":[\"Haus &amp; Garten\"],\"inLanguage\":\"de\"},{\"@type\":\"WebPage\",\"@id\":\"https:\\\/\\\/www.strassenweb.de\\\/nachrichten\\\/wie-und-wann-man-affengras-beschneidet-expertenrat-fuer-diese-halbschattige-staude\\\/\",\"url\":\"https:\\\/\\\/www.strassenweb.de\\\/nachrichten\\\/wie-und-wann-man-affengras-beschneidet-expertenrat-fuer-diese-halbschattige-staude\\\/\",\"name\":\"Wie und wann man Affengras beschneidet \u2013 Expertenrat f\u00fcr diese halbschattige Staude - Nachrichten - Stra\u00dfenweb\",\"isPartOf\":{\"@id\":\"https:\\\/\\\/www.strassenweb.de\\\/nachrichten\\\/#website\"},\"primaryImageOfPage\":{\"@id\":\"https:\\\/\\\/www.strassenweb.de\\\/nachrichten\\\/wie-und-wann-man-affengras-beschneidet-expertenrat-fuer-diese-halbschattige-staude\\\/#primaryimage\"},\"image\":{\"@id\":\"https:\\\/\\\/www.strassenweb.de\\\/nachrichten\\\/wie-und-wann-man-affengras-beschneidet-expertenrat-fuer-diese-halbschattige-staude\\\/#primaryimage\"},\"thumbnailUrl\":\"https:\\\/\\\/www.strassenweb.de\\\/nachrichten\\\/wp-content\\\/uploads\\\/2024\\\/10\\\/Wie-und-wann-man-Affengras-beschneidet-\u2013-Expertenrat-fuer-diese.jpg\",\"datePublished\":\"2024-10-19T08:56:13+00:00\",\"dateModified\":\"2024-10-19T08:56:14+00:00\",\"breadcrumb\":{\"@id\":\"https:\\\/\\\/www.strassenweb.de\\\/nachrichten\\\/wie-und-wann-man-affengras-beschneidet-expertenrat-fuer-diese-halbschattige-staude\\\/#breadcrumb\"},\"inLanguage\":\"de\",\"potentialAction\":[{\"@type\":\"ReadAction\",\"target\":[\"https:\\\/\\\/www.strassenweb.de\\\/nachrichten\\\/wie-und-wann-man-affengras-beschneidet-expertenrat-fuer-diese-halbschattige-staude\\\/\"]}]},{\"@type\":\"ImageObject\",\"inLanguage\":\"de\",\"@id\":\"https:\\\/\\\/www.strassenweb.de\\\/nachrichten\\\/wie-und-wann-man-affengras-beschneidet-expertenrat-fuer-diese-halbschattige-staude\\\/#primaryimage\",\"url\":\"https:\\\/\\\/www.strassenweb.de\\\/nachrichten\\\/wp-content\\\/uploads\\\/2024\\\/10\\\/Wie-und-wann-man-Affengras-beschneidet-\u2013-Expertenrat-fuer-diese.jpg\",\"contentUrl\":\"https:\\\/\\\/www.strassenweb.de\\\/nachrichten\\\/wp-content\\\/uploads\\\/2024\\\/10\\\/Wie-und-wann-man-Affengras-beschneidet-\u2013-Expertenrat-fuer-diese.jpg\",\"width\":1200,\"height\":675,\"caption\":\"Wie und wann man Affengras beschneidet \u2013 Expertenrat f\u00fcr diese halbschattige Staude\"},{\"@type\":\"BreadcrumbList\",\"@id\":\"https:\\\/\\\/www.strassenweb.de\\\/nachrichten\\\/wie-und-wann-man-affengras-beschneidet-expertenrat-fuer-diese-halbschattige-staude\\\/#breadcrumb\",\"itemListElement\":[{\"@type\":\"ListItem\",\"position\":1,\"name\":\"Home\",\"item\":\"https:\\\/\\\/www.strassenweb.de\\\/nachrichten\\\/\"},{\"@type\":\"ListItem\",\"position\":2,\"name\":\"Wie und wann man Affengras beschneidet \u2013 Expertenrat f\u00fcr diese halbschattige Staude\"}]},{\"@type\":\"WebSite\",\"@id\":\"https:\\\/\\\/www.strassenweb.de\\\/nachrichten\\\/#website\",\"url\":\"https:\\\/\\\/www.strassenweb.de\\\/nachrichten\\\/\",\"name\":\"Stra\u00dfenweb\",\"description\":\"Stra\u00dfenverzeichnis f\u00fcr Deutschland\",\"publisher\":{\"@id\":\"https:\\\/\\\/www.strassenweb.de\\\/nachrichten\\\/#organization\"},\"potentialAction\":[{\"@type\":\"SearchAction\",\"target\":{\"@type\":\"EntryPoint\",\"urlTemplate\":\"https:\\\/\\\/www.strassenweb.de\\\/nachrichten\\\/?s={search_term_string}\"},\"query-input\":{\"@type\":\"PropertyValueSpecification\",\"valueRequired\":true,\"valueName\":\"search_term_string\"}}],\"inLanguage\":\"de\"},{\"@type\":\"Organization\",\"@id\":\"https:\\\/\\\/www.strassenweb.de\\\/nachrichten\\\/#organization\",\"name\":\"Stra\u00dfenweb\",\"url\":\"https:\\\/\\\/www.strassenweb.de\\\/nachrichten\\\/\",\"logo\":{\"@type\":\"ImageObject\",\"inLanguage\":\"de\",\"@id\":\"https:\\\/\\\/www.strassenweb.de\\\/nachrichten\\\/#\\\/schema\\\/logo\\\/image\\\/\",\"url\":\"https:\\\/\\\/www.strassenweb.de\\\/nachrichten\\\/wp-content\\\/uploads\\\/2024\\\/09\\\/cropped-favicon.png\",\"contentUrl\":\"https:\\\/\\\/www.strassenweb.de\\\/nachrichten\\\/wp-content\\\/uploads\\\/2024\\\/09\\\/cropped-favicon.png\",\"width\":512,\"height\":512,\"caption\":\"Stra\u00dfenweb\"},\"image\":{\"@id\":\"https:\\\/\\\/www.strassenweb.de\\\/nachrichten\\\/#\\\/schema\\\/logo\\\/image\\\/\"},\"sameAs\":[\"https:\\\/\\\/www.facebook.com\\\/strassenweb\\\/\"]},{\"@type\":\"Person\",\"@id\":\"https:\\\/\\\/www.strassenweb.de\\\/nachrichten\\\/#\\\/schema\\\/person\\\/87c9c9067f1211da429a744dc5a5aa41\",\"name\":\"Robert Hoffmann\",\"image\":{\"@type\":\"ImageObject\",\"inLanguage\":\"de\",\"@id\":\"https:\\\/\\\/www.strassenweb.de\\\/nachrichten\\\/wp-content\\\/uploads\\\/2024\\\/09\\\/strassenweb-150x150.jpg\",\"url\":\"https:\\\/\\\/www.strassenweb.de\\\/nachrichten\\\/wp-content\\\/uploads\\\/2024\\\/09\\\/strassenweb-150x150.jpg\",\"contentUrl\":\"https:\\\/\\\/www.strassenweb.de\\\/nachrichten\\\/wp-content\\\/uploads\\\/2024\\\/09\\\/strassenweb-150x150.jpg\",\"caption\":\"Robert Hoffmann\"},\"description\":\"Ich hei\u00dfe Robert Hoffmann und ich bin ein leidenschaftlicher Verfechter von \u00d6kologie und Biodiversit\u00e4t. Seit meiner Kindheit in den W\u00e4ldern Bayerns f\u00fchle ich mich mit der Natur verbunden und bin entschlossen, sie zu sch\u00fctzen. Heute widme ich mein Leben der Sensibilisierung anderer f\u00fcr die Bedeutung des Umweltschutzes f\u00fcr zuk\u00fcnftige Generationen.\",\"sameAs\":[\"https:\\\/\\\/www.strassenweb.de\\\/\"]}]}<\/script>\n<!-- \/ Yoast SEO plugin. -->","yoast_head_json":{"title":"Wie und wann man Affengras beschneidet \u2013 Expertenrat f\u00fcr diese halbschattige Staude - Nachrichten - Stra\u00dfenweb","robots":{"index":"index","follow":"follow","max-snippet":"max-snippet:-1","max-image-preview":"max-image-preview:large","max-video-preview":"max-video-preview:-1"},"canonical":"https:\/\/www.strassenweb.de\/nachrichten\/wie-und-wann-man-affengras-beschneidet-expertenrat-fuer-diese-halbschattige-staude\/","og_locale":"de_DE","og_type":"article","og_title":"Wie und wann man Affengras beschneidet \u2013 Expertenrat f\u00fcr diese halbschattige Staude - Nachrichten - Stra\u00dfenweb","og_description":"Affengras ist eine beliebte Bodendeckerpflanze, die schwierige Bereiche im Garten schnell f\u00fcllen kann. In schattigen Ecken und Rabatten gedeiht Affengras oder Liriope Muscarikann eine attraktive","og_url":"https:\/\/www.strassenweb.de\/nachrichten\/wie-und-wann-man-affengras-beschneidet-expertenrat-fuer-diese-halbschattige-staude\/","og_site_name":"Stra\u00dfenweb","article_publisher":"https:\/\/www.facebook.com\/strassenweb\/","article_published_time":"2024-10-19T08:56:13+00:00","article_modified_time":"2024-10-19T08:56:14+00:00","og_image":[{"width":1200,"height":675,"url":"https:\/\/www.strassenweb.de\/nachrichten\/wp-content\/uploads\/2024\/10\/Wie-und-wann-man-Affengras-beschneidet-\u2013-Expertenrat-fuer-diese.jpg","type":"image\/jpeg"}],"author":"Robert Hoffmann","twitter_card":"summary_large_image","twitter_misc":{"Verfasst von":"Robert Hoffmann","Gesch\u00e4tzte Lesezeit":"5\u00a0Minuten"},"schema":{"@context":"https:\/\/schema.org","@graph":[{"@type":"Article","@id":"https:\/\/www.strassenweb.de\/nachrichten\/wie-und-wann-man-affengras-beschneidet-expertenrat-fuer-diese-halbschattige-staude\/#article","isPartOf":{"@id":"https:\/\/www.strassenweb.de\/nachrichten\/wie-und-wann-man-affengras-beschneidet-expertenrat-fuer-diese-halbschattige-staude\/"},"author":{"name":"Robert Hoffmann","@id":"https:\/\/www.strassenweb.de\/nachrichten\/#\/schema\/person\/87c9c9067f1211da429a744dc5a5aa41"},"headline":"Wie und wann man Affengras beschneidet \u2013 Expertenrat f\u00fcr diese halbschattige Staude","datePublished":"2024-10-19T08:56:13+00:00","dateModified":"2024-10-19T08:56:14+00:00","mainEntityOfPage":{"@id":"https:\/\/www.strassenweb.de\/nachrichten\/wie-und-wann-man-affengras-beschneidet-expertenrat-fuer-diese-halbschattige-staude\/"},"wordCount":1009,"publisher":{"@id":"https:\/\/www.strassenweb.de\/nachrichten\/#organization"},"image":{"@id":"https:\/\/www.strassenweb.de\/nachrichten\/wie-und-wann-man-affengras-beschneidet-expertenrat-fuer-diese-halbschattige-staude\/#primaryimage"},"thumbnailUrl":"https:\/\/www.strassenweb.de\/nachrichten\/wp-content\/uploads\/2024\/10\/Wie-und-wann-man-Affengras-beschneidet-\u2013-Expertenrat-fuer-diese.jpg","keywords":["Affengras","beschneidet","diese","Expertenrat","f\u00fcr","halbschattige","man","Staude","und","Wann","Wie"],"articleSection":["Haus &amp; Garten"],"inLanguage":"de"},{"@type":"WebPage","@id":"https:\/\/www.strassenweb.de\/nachrichten\/wie-und-wann-man-affengras-beschneidet-expertenrat-fuer-diese-halbschattige-staude\/","url":"https:\/\/www.strassenweb.de\/nachrichten\/wie-und-wann-man-affengras-beschneidet-expertenrat-fuer-diese-halbschattige-staude\/","name":"Wie und wann man Affengras beschneidet \u2013 Expertenrat f\u00fcr diese halbschattige Staude - Nachrichten - Stra\u00dfenweb","isPartOf":{"@id":"https:\/\/www.strassenweb.de\/nachrichten\/#website"},"primaryImageOfPage":{"@id":"https:\/\/www.strassenweb.de\/nachrichten\/wie-und-wann-man-affengras-beschneidet-expertenrat-fuer-diese-halbschattige-staude\/#primaryimage"},"image":{"@id":"https:\/\/www.strassenweb.de\/nachrichten\/wie-und-wann-man-affengras-beschneidet-expertenrat-fuer-diese-halbschattige-staude\/#primaryimage"},"thumbnailUrl":"https:\/\/www.strassenweb.de\/nachrichten\/wp-content\/uploads\/2024\/10\/Wie-und-wann-man-Affengras-beschneidet-\u2013-Expertenrat-fuer-diese.jpg","datePublished":"2024-10-19T08:56:13+00:00","dateModified":"2024-10-19T08:56:14+00:00","breadcrumb":{"@id":"https:\/\/www.strassenweb.de\/nachrichten\/wie-und-wann-man-affengras-beschneidet-expertenrat-fuer-diese-halbschattige-staude\/#breadcrumb"},"inLanguage":"de","potentialAction":[{"@type":"ReadAction","target":["https:\/\/www.strassenweb.de\/nachrichten\/wie-und-wann-man-affengras-beschneidet-expertenrat-fuer-diese-halbschattige-staude\/"]}]},{"@type":"ImageObject","inLanguage":"de","@id":"https:\/\/www.strassenweb.de\/nachrichten\/wie-und-wann-man-affengras-beschneidet-expertenrat-fuer-diese-halbschattige-staude\/#primaryimage","url":"https:\/\/www.strassenweb.de\/nachrichten\/wp-content\/uploads\/2024\/10\/Wie-und-wann-man-Affengras-beschneidet-\u2013-Expertenrat-fuer-diese.jpg","contentUrl":"https:\/\/www.strassenweb.de\/nachrichten\/wp-content\/uploads\/2024\/10\/Wie-und-wann-man-Affengras-beschneidet-\u2013-Expertenrat-fuer-diese.jpg","width":1200,"height":675,"caption":"Wie und wann man Affengras beschneidet \u2013 Expertenrat f\u00fcr diese halbschattige Staude"},{"@type":"BreadcrumbList","@id":"https:\/\/www.strassenweb.de\/nachrichten\/wie-und-wann-man-affengras-beschneidet-expertenrat-fuer-diese-halbschattige-staude\/#breadcrumb","itemListElement":[{"@type":"ListItem","position":1,"name":"Home","item":"https:\/\/www.strassenweb.de\/nachrichten\/"},{"@type":"ListItem","position":2,"name":"Wie und wann man Affengras beschneidet \u2013 Expertenrat f\u00fcr diese halbschattige Staude"}]},{"@type":"WebSite","@id":"https:\/\/www.strassenweb.de\/nachrichten\/#website","url":"https:\/\/www.strassenweb.de\/nachrichten\/","name":"Stra\u00dfenweb","description":"Stra\u00dfenverzeichnis f\u00fcr Deutschland","publisher":{"@id":"https:\/\/www.strassenweb.de\/nachrichten\/#organization"},"potentialAction":[{"@type":"SearchAction","target":{"@type":"EntryPoint","urlTemplate":"https:\/\/www.strassenweb.de\/nachrichten\/?s={search_term_string}"},"query-input":{"@type":"PropertyValueSpecification","valueRequired":true,"valueName":"search_term_string"}}],"inLanguage":"de"},{"@type":"Organization","@id":"https:\/\/www.strassenweb.de\/nachrichten\/#organization","name":"Stra\u00dfenweb","url":"https:\/\/www.strassenweb.de\/nachrichten\/","logo":{"@type":"ImageObject","inLanguage":"de","@id":"https:\/\/www.strassenweb.de\/nachrichten\/#\/schema\/logo\/image\/","url":"https:\/\/www.strassenweb.de\/nachrichten\/wp-content\/uploads\/2024\/09\/cropped-favicon.png","contentUrl":"https:\/\/www.strassenweb.de\/nachrichten\/wp-content\/uploads\/2024\/09\/cropped-favicon.png","width":512,"height":512,"caption":"Stra\u00dfenweb"},"image":{"@id":"https:\/\/www.strassenweb.de\/nachrichten\/#\/schema\/logo\/image\/"},"sameAs":["https:\/\/www.facebook.com\/strassenweb\/"]},{"@type":"Person","@id":"https:\/\/www.strassenweb.de\/nachrichten\/#\/schema\/person\/87c9c9067f1211da429a744dc5a5aa41","name":"Robert Hoffmann","image":{"@type":"ImageObject","inLanguage":"de","@id":"https:\/\/www.strassenweb.de\/nachrichten\/wp-content\/uploads\/2024\/09\/strassenweb-150x150.jpg","url":"https:\/\/www.strassenweb.de\/nachrichten\/wp-content\/uploads\/2024\/09\/strassenweb-150x150.jpg","contentUrl":"https:\/\/www.strassenweb.de\/nachrichten\/wp-content\/uploads\/2024\/09\/strassenweb-150x150.jpg","caption":"Robert Hoffmann"},"description":"Ich hei\u00dfe Robert Hoffmann und ich bin ein leidenschaftlicher Verfechter von \u00d6kologie und Biodiversit\u00e4t. Seit meiner Kindheit in den W\u00e4ldern Bayerns f\u00fchle ich mich mit der Natur verbunden und bin entschlossen, sie zu sch\u00fctzen. Heute widme ich mein Leben der Sensibilisierung anderer f\u00fcr die Bedeutung des Umweltschutzes f\u00fcr zuk\u00fcnftige Generationen.","sameAs":["https:\/\/www.strassenweb.de\/"]}]}},"_links":{"self":[{"href":"https:\/\/www.strassenweb.de\/nachrichten\/wp-json\/wp\/v2\/posts\/991","targetHints":{"allow":["GET"]}}],"collection":[{"href":"https:\/\/www.strassenweb.de\/nachrichten\/wp-json\/wp\/v2\/posts"}],"about":[{"href":"https:\/\/www.strassenweb.de\/nachrichten\/wp-json\/wp\/v2\/types\/post"}],"author":[{"embeddable":true,"href":"https:\/\/www.strassenweb.de\/nachrichten\/wp-json\/wp\/v2\/users\/1"}],"replies":[{"embeddable":true,"href":"https:\/\/www.strassenweb.de\/nachrichten\/wp-json\/wp\/v2\/comments?post=991"}],"version-history":[{"count":0,"href":"https:\/\/www.strassenweb.de\/nachrichten\/wp-json\/wp\/v2\/posts\/991\/revisions"}],"wp:featuredmedia":[{"embeddable":true,"href":"https:\/\/www.strassenweb.de\/nachrichten\/wp-json\/wp\/v2\/media\/992"}],"wp:attachment":[{"href":"https:\/\/www.strassenweb.de\/nachrichten\/wp-json\/wp\/v2\/media?parent=991"}],"wp:term":[{"taxonomy":"category","embeddable":true,"href":"https:\/\/www.strassenweb.de\/nachrichten\/wp-json\/wp\/v2\/categories?post=991"},{"taxonomy":"post_tag","embeddable":true,"href":"https:\/\/www.strassenweb.de\/nachrichten\/wp-json\/wp\/v2\/tags?post=991"}],"curies":[{"name":"wp","href":"https:\/\/api.w.org\/{rel}","templated":true}]}}