{"id":988,"date":"2024-10-19T04:46:35","date_gmt":"2024-10-19T02:46:35","guid":{"rendered":"https:\/\/www.strassenweb.de\/nachrichten\/5-dinge-die-sie-laut-innenarchitekten-nicht-auf-ihre-badezimmerarbeitsplatten-legen-sollten\/"},"modified":"2024-10-19T04:46:36","modified_gmt":"2024-10-19T02:46:36","slug":"5-dinge-die-sie-laut-innenarchitekten-nicht-auf-ihre-badezimmerarbeitsplatten-legen-sollten","status":"publish","type":"post","link":"https:\/\/www.strassenweb.de\/nachrichten\/5-dinge-die-sie-laut-innenarchitekten-nicht-auf-ihre-badezimmerarbeitsplatten-legen-sollten\/","title":{"rendered":"5 Dinge, die Sie laut Innenarchitekten nicht auf Ihre Badezimmerarbeitsplatten legen sollten"},"content":{"rendered":"<p><\/p>\n<div id=\"article-body\" class=\"article__body \">\n<p>Da es sich oft um den kleinsten Raum im Haus handelt, gibt es ein paar Dinge, die Sie nicht auf die Arbeitsplatte Ihres Badezimmers stellen sollten, wenn Sie m\u00f6chten, dass Ihr Raum funktional und sch\u00f6n gestaltet bleibt. Und sie gelten unabh\u00e4ngig davon, ob Sie einen kleinen Waschtisch oder eine Wand mit Ablagefl\u00e4chen haben.<\/p>\n<div id=\"ad-unit-1\" class=\"ad-unit\"><\/div>\n<p>Oft sind Badezimmerideen und die Art und Weise, wie Sie sie gestalten, der Schwerpunkt Ihres Designs und f\u00fcr das Gesamtbild und die Atmosph\u00e4re des Raums von entscheidender Bedeutung. Und obwohl ein paar dekorative und funktionale St\u00fccke unverzichtbar sein k\u00f6nnten, gibt es viele Dinge, die einfach nicht in die N\u00e4he Ihres Waschbeckens geh\u00f6ren.<\/p>\n<aside class=\"hawk-nest\" data-block-type=\"embed\" data-render-type=\"fte\" data-skip=\"dealsy\" data-widget-type=\"seasonal\">\n<div class=\"hawk-master-widget-hawk-base-wrapper\"><\/div>\n<\/aside>\n<p>Um genau herauszufinden, was Sie vermeiden (und vielleicht so schnell wie m\u00f6glich umziehen) sollten, haben wir Innenarchitekten nach den h\u00e4ufig vorkommenden Gegenst\u00e4nden gefragt, die sie auf Badezimmerarbeitsplatten sehen und denen ein neues Zuhause gegeben werden sollte.<\/p>\n<div id=\"desktop-in-article\" class=\"in-article ad-unit\">\n<div id=\"desktop-taboola-mid-article\"><\/div>\n<\/div>\n<div id=\"mobile-in-article\" class=\"in-article ad-unit\">\n<div id=\"mobile-taboola-mid-article\"><\/div>\n<\/div>\n<h2 id=\"5-things-to-avoid-putting-on-your-bathroom-countertops-3\">5 Dinge, die Sie vermeiden sollten, wenn Sie Ihre Badezimmerarbeitsplatten anbringen<\/h2>\n<p>Bei Badezimmerarbeitsplatten vereinen sich \u00c4sthetik und Organisation. Befolgen Sie die Ratschl\u00e4ge der Designer, um sicherzustellen, dass Ihr Waschtisch als funktionaler Raum optisch ansprechend und aufger\u00e4umt bleibt.<\/p>\n<div class=\"van_vid_carousel\">\n<div class=\"van_vid_carousel__padding\">\n<div class=\"van_vid_carousel__container\"><\/div>\n<\/div>\n<\/div>\n<h3 class=\"article-body__section\" id=\"section-1-pieces-that-are-purely-decorative\"><span>1. St\u00fccke, die rein dekorativer Natur sind<\/span><\/h3>\n<figure class=\"van-image-figure inline-layout \" data-bordeaux-image-check>\n<div class=\"image-full-width-wrapper\">\n<div class=\"image-widthsetter\" style=\"max-width:2000px;\"><\/div>\n<\/div>\n<\/figure>\n<p>In den meisten F\u00e4llen sind Waschtischplatten im Badezimmer eher klein. Und da weniger Platz zur Verf\u00fcgung steht, m\u00fcssen Sie mehr R\u00fccksicht darauf nehmen, was Sie darauf pr\u00e4sentieren, insbesondere da es sich um einen visuellen Bereich des Raums handelt. Um ein organisiertes und \u00e4sthetisches Erscheinungsbild zu gew\u00e4hrleisten, vermeiden Sie Dekorationen ohne Funktion.<\/p>\n<div id=\"ad-unit-2\" class=\"ad-unit\"><\/div>\n<p>\u201eGenerell m\u00f6chte ich vermeiden, dass meine Badezimmerarbeitsplatten zu voll werden. Ich w\u00fcrde dazu raten, dort nichts abzustellen, was keinen Zweck erf\u00fcllt\u201c, sagt Kathy Kuo, Innenarchitektin und CEO von Kathy Kuo Home.<\/p>\n<p>\u201eDas bedeutet nicht, dass Ihre Badezimmertheke zu 100 Prozent zweckm\u00e4\u00dfig sein muss; Versuchen Sie, wirklich sch\u00f6ne und bewusst gestaltete Gegenst\u00e4nde zu finden, die Ihnen in Ihrem t\u00e4glichen Leben n\u00fctzlich sind. \u201eEs gibt so viele sch\u00f6ne Seifenschalen und -pumpen, Zahnb\u00fcrstenhalter sowie Auffangbeh\u00e4lter und kleine dekorative Tabletts f\u00fcr Dinge wie Schmuck und Kosmetik.\u201c<\/p>\n<div class=\"product-container hero-product-container product-block-no-wrap\"><\/div>\n<h3 class=\"article-body__section\" id=\"section-2-skincare-and-beauty-products\"><span>2. Hautpflege- und Sch\u00f6nheitsprodukte<\/span><\/h3>\n<figure class=\"van-image-figure inline-layout \" data-bordeaux-image-check>\n<div class=\"image-full-width-wrapper\">\n<div class=\"image-widthsetter\" style=\"max-width:2000px;\"><\/div>\n<\/div>\n<\/figure>\n<p>Es kann verlockend sein, Ihre Hautpflege- und Sch\u00f6nheitsprodukte auf der Arbeitsplatte Ihres Badezimmers liegen zu lassen \u2013 schlie\u00dflich scheint es einfacher, sie griffbereit und griffbereit aufzubewahren.<\/p>\n<p>Allerdings bedecken sie schnell jeden Zentimeter der Arbeitsfl\u00e4che, und nicht selten werden Dinge im Chaos umgeworfen, gehen verloren oder gehen kaputt. Au\u00dferdem sieht es genauso chaotisch aus, wie es sich anh\u00f6rt.<\/p>\n<p>Hier bietet sich ein Medikamentenschrank oder eine Aufbewahrung unter der Sp\u00fcle an. Sorgen Sie f\u00fcr Ordnung in Ihren Regalen, damit Sie die ben\u00f6tigten Produkte leicht finden und mitnehmen k\u00f6nnen. Ein Regal f\u00fcr Hautpflege und ein anderes f\u00fcr Make-up- oder Beauty-Tools ist immer ein guter Ausgangspunkt.<\/p>\n<h3 class=\"article-body__section\" id=\"section-3-electric-toothbrushes\"><span>3. Elektrische Zahnb\u00fcrsten<\/span><\/h3>\n<figure class=\"van-image-figure inline-layout \" data-bordeaux-image-check>\n<div class=\"image-full-width-wrapper\">\n<div class=\"image-widthsetter\" style=\"max-width:2000px;\"><\/div>\n<\/div>\n<\/figure>\n<p>Es gibt einige absolute Must-Haves, die in Ihrem Badezimmer in Reichweite Ihres Waschbeckens und Ihrer Arbeitsplatten untergebracht werden m\u00fcssen. Das bedeutet jedoch nicht, dass sie gut sichtbar auf Ihrer Arbeitsplatte stehen m\u00fcssen.<\/p>\n<p>\u201eIch w\u00fcrde niemals eine elektrische Zahnb\u00fcrste auf der Badezimmerarbeitsplatte liegen lassen.\u201c \u201eF\u00fcr mich ist es wichtig, den Raum aufger\u00e4umt zu halten, und praktische Gegenst\u00e4nde wie Zahnb\u00fcrsten werden am besten au\u00dfer Sichtweite in einem Schrank aufbewahrt\u201c, sagt Innenarchitektin Lauren Gilberthorpe.<\/p>\n<p>Reservieren Sie stattdessen einen Platz in Ihrem Medikamentenschrank oder in Ihrem Schminktisch, an dem Sie Ihre Zahnb\u00fcrste (und Ihr Ladeger\u00e4t) unterbringen k\u00f6nnen, damit sie immer noch leicht zug\u00e4nglich ist, wenn Sie sie verwenden m\u00fcssen, aber Ihre Arbeitsplatten nicht \u00fcberf\u00fcllt.<\/p>\n<h3 class=\"article-body__section\" id=\"section-4-towels-and-linens\"><span>4. Handt\u00fccher und Bettw\u00e4sche<\/span><\/h3>\n<figure class=\"van-image-figure inline-layout \" data-bordeaux-image-check>\n<div class=\"image-full-width-wrapper\">\n<div class=\"image-widthsetter\" style=\"max-width:2000px;\"><\/div>\n<\/div>\n<\/figure>\n<p>Es ist sinnvoll, die Gegenst\u00e4nde, die Sie t\u00e4glich verwenden, in Ihrem Badezimmer aufzubewahren \u2013 insbesondere Handt\u00fccher, seien es Ersatzhandt\u00fccher oder Gesichtst\u00fccher \u2013, aber es ist nie eine gute Idee, sie offen liegen zu lassen.<\/p>\n<p>Wenn sie auf Arbeitsplatten gelagert werden, ist es wahrscheinlicher, dass sie feucht werden, und es besteht die Gefahr, dass sie schmutzig werden, wenn Produkte versch\u00fcttet werden.<\/p>\n<p>Verwenden Sie stattdessen Handtuchaufbewahrung wie K\u00f6rbe, um sie ordentlich und organisiert zu halten, und schaffen Sie Platz auf einem Regal, das nicht im Weg ist, in Ihrem Waschtisch (besser noch, einer Waschtischschublade) oder in einem Flurschrank, wenn Sie nicht gen\u00fcgend Platz haben in Ihrem Badezimmer.<\/p>\n<div class=\"product-container hero-product-container product-block-no-wrap\"><\/div>\n<h3 class=\"article-body__section\" id=\"section-5-a-countertop-sink\"><span>5. Ein Aufsatzwaschbecken<\/span><\/h3>\n<figure class=\"van-image-figure inline-layout \" data-bordeaux-image-check>\n<div class=\"image-full-width-wrapper\">\n<div class=\"image-widthsetter\" style=\"max-width:2000px;\"><\/div>\n<\/div>\n<\/figure>\n<p>Nat\u00fcrlich ist kein Badezimmer ohne Waschbecken funktionsf\u00e4hig. Allerdings kann das von Ihnen gew\u00e4hlte Sp\u00fclendesign einen gro\u00dfen Einfluss auf den Platzbedarf, die Funktionalit\u00e4t und die einfache Reinigung haben. Insbesondere in kleinen Badezimmern, in denen der Platz auf der Arbeitsfl\u00e4che knapp ist, ist ein Aufsatzwaschbecken nicht zu bevorzugen.<\/p>\n<p>\u201eIch bevorzuge immer ein Unterbauwaschbecken gegen\u00fcber einem Aufsatzwaschbecken.\u201c Ein Unterbauwaschbecken sorgt f\u00fcr ein viel nahtloseres, eleganteres Aussehen und ist au\u00dferdem viel einfacher zu reinigen. \u201eAufsatzwaschbecken k\u00f6nnen den visuellen Fluss des Waschtischs st\u00f6ren und Wasser sammelt sich h\u00e4ufig um den Sockel herum, was die ordnungsgem\u00e4\u00dfe Reinigung schwierig machen kann\u201c, sagt Lauren.<\/p>\n<p>Das hei\u00dft jedoch nicht, dass Sie sich niemals f\u00fcr ein Aufsatzwaschbecken entscheiden sollten. \u201eEs gibt F\u00e4lle, in denen ein Aufsatzwaschbecken wunderbar funktionieren kann \u2013 wenn es als Statement-St\u00fcck gedacht ist, wie das London Basin-Waschbecken, das wir in unserem Poolhaus-Projekt verwendet haben\u201c, f\u00fcgt sie hinzu.<\/p>\n<hr>\n<p>Wenn Sie diese Gegenst\u00e4nde von Ihrer Arbeitsplatte entfernen, bedeutet das nicht, dass Sie sie nicht mehr haben. Es geht lediglich darum, einen besseren Ort f\u00fcr die Aufbewahrung zu finden. Und auch wenn Ihre Badezimmerarbeitsplatten nicht der Ort sind, an dem Sie die wichtigsten Dinge des t\u00e4glichen Bedarfs aufbewahren k\u00f6nnen, gibt es doch viele alternative Bereiche im Badezimmer, in denen Sie diese aufbewahren k\u00f6nnen.<\/p>\n<\/div>\n","protected":false},"excerpt":{"rendered":"<p>Da es sich oft um den kleinsten Raum im Haus handelt, gibt es ein paar Dinge, die Sie nicht auf die Arbeitsplatte Ihres Badezimmers stellen<\/p>\n","protected":false},"author":1,"featured_media":989,"comment_status":"closed","ping_status":"","sticky":false,"template":"","format":"standard","meta":{"footnotes":""},"categories":[118],"tags":[46,1927,9,466,225,717,329,1928,61,165,560],"class_list":["post-988","post","type-post","status-publish","format-standard","has-post-thumbnail","hentry","category-haus-garten","tag-auf","tag-badezimmerarbeitsplatten","tag-die","tag-dinge","tag-ihre","tag-innenarchitekten","tag-laut","tag-legen","tag-nicht","tag-sie","tag-sollten","generate-columns","tablet-grid-50","mobile-grid-100","grid-parent","grid-50"],"yoast_head":"<!-- This site is optimized with the Yoast SEO plugin v27.3 - https:\/\/yoast.com\/product\/yoast-seo-wordpress\/ -->\n<title>5 Dinge, die Sie laut Innenarchitekten nicht auf Ihre Badezimmerarbeitsplatten legen sollten - Nachrichten - Stra\u00dfenweb<\/title>\n<meta name=\"robots\" content=\"index, follow, max-snippet:-1, max-image-preview:large, max-video-preview:-1\" \/>\n<link rel=\"canonical\" href=\"https:\/\/www.strassenweb.de\/nachrichten\/5-dinge-die-sie-laut-innenarchitekten-nicht-auf-ihre-badezimmerarbeitsplatten-legen-sollten\/\" \/>\n<meta property=\"og:locale\" content=\"de_DE\" \/>\n<meta property=\"og:type\" content=\"article\" \/>\n<meta property=\"og:title\" content=\"5 Dinge, die Sie laut Innenarchitekten nicht auf Ihre Badezimmerarbeitsplatten legen sollten - Nachrichten - Stra\u00dfenweb\" \/>\n<meta property=\"og:description\" content=\"Da es sich oft um den kleinsten Raum im Haus handelt, gibt es ein paar Dinge, die Sie nicht auf die Arbeitsplatte Ihres Badezimmers stellen\" \/>\n<meta property=\"og:url\" content=\"https:\/\/www.strassenweb.de\/nachrichten\/5-dinge-die-sie-laut-innenarchitekten-nicht-auf-ihre-badezimmerarbeitsplatten-legen-sollten\/\" \/>\n<meta property=\"og:site_name\" content=\"Stra\u00dfenweb\" \/>\n<meta property=\"article:publisher\" content=\"https:\/\/www.facebook.com\/strassenweb\/\" \/>\n<meta property=\"article:published_time\" content=\"2024-10-19T02:46:35+00:00\" \/>\n<meta property=\"article:modified_time\" content=\"2024-10-19T02:46:36+00:00\" \/>\n<meta property=\"og:image\" content=\"https:\/\/www.strassenweb.de\/nachrichten\/wp-content\/uploads\/2024\/10\/5-Dinge-die-Sie-laut-Innenarchitekten-nicht-auf-Ihre-Badezimmerarbeitsplatten.jpg\" \/>\n\t<meta property=\"og:image:width\" content=\"1200\" \/>\n\t<meta property=\"og:image:height\" content=\"675\" \/>\n\t<meta property=\"og:image:type\" content=\"image\/jpeg\" \/>\n<meta name=\"author\" content=\"Robert Hoffmann\" \/>\n<meta name=\"twitter:card\" content=\"summary_large_image\" \/>\n<meta name=\"twitter:label1\" content=\"Verfasst von\" \/>\n\t<meta name=\"twitter:data1\" content=\"Robert Hoffmann\" \/>\n\t<meta name=\"twitter:label2\" content=\"Gesch\u00e4tzte Lesezeit\" \/>\n\t<meta name=\"twitter:data2\" content=\"5\u00a0Minuten\" \/>\n<script type=\"application\/ld+json\" class=\"yoast-schema-graph\">{\"@context\":\"https:\\\/\\\/schema.org\",\"@graph\":[{\"@type\":\"Article\",\"@id\":\"https:\\\/\\\/www.strassenweb.de\\\/nachrichten\\\/5-dinge-die-sie-laut-innenarchitekten-nicht-auf-ihre-badezimmerarbeitsplatten-legen-sollten\\\/#article\",\"isPartOf\":{\"@id\":\"https:\\\/\\\/www.strassenweb.de\\\/nachrichten\\\/5-dinge-die-sie-laut-innenarchitekten-nicht-auf-ihre-badezimmerarbeitsplatten-legen-sollten\\\/\"},\"author\":{\"name\":\"Robert Hoffmann\",\"@id\":\"https:\\\/\\\/www.strassenweb.de\\\/nachrichten\\\/#\\\/schema\\\/person\\\/87c9c9067f1211da429a744dc5a5aa41\"},\"headline\":\"5 Dinge, die Sie laut Innenarchitekten nicht auf Ihre Badezimmerarbeitsplatten legen sollten\",\"datePublished\":\"2024-10-19T02:46:35+00:00\",\"dateModified\":\"2024-10-19T02:46:36+00:00\",\"mainEntityOfPage\":{\"@id\":\"https:\\\/\\\/www.strassenweb.de\\\/nachrichten\\\/5-dinge-die-sie-laut-innenarchitekten-nicht-auf-ihre-badezimmerarbeitsplatten-legen-sollten\\\/\"},\"wordCount\":948,\"publisher\":{\"@id\":\"https:\\\/\\\/www.strassenweb.de\\\/nachrichten\\\/#organization\"},\"image\":{\"@id\":\"https:\\\/\\\/www.strassenweb.de\\\/nachrichten\\\/5-dinge-die-sie-laut-innenarchitekten-nicht-auf-ihre-badezimmerarbeitsplatten-legen-sollten\\\/#primaryimage\"},\"thumbnailUrl\":\"https:\\\/\\\/www.strassenweb.de\\\/nachrichten\\\/wp-content\\\/uploads\\\/2024\\\/10\\\/5-Dinge-die-Sie-laut-Innenarchitekten-nicht-auf-Ihre-Badezimmerarbeitsplatten.jpg\",\"keywords\":[\"auf\",\"Badezimmerarbeitsplatten\",\"die\",\"Dinge\",\"ihre\",\"Innenarchitekten\",\"laut\",\"legen\",\"nicht\",\"Sie\",\"sollten\"],\"articleSection\":[\"Haus &amp; Garten\"],\"inLanguage\":\"de\"},{\"@type\":\"WebPage\",\"@id\":\"https:\\\/\\\/www.strassenweb.de\\\/nachrichten\\\/5-dinge-die-sie-laut-innenarchitekten-nicht-auf-ihre-badezimmerarbeitsplatten-legen-sollten\\\/\",\"url\":\"https:\\\/\\\/www.strassenweb.de\\\/nachrichten\\\/5-dinge-die-sie-laut-innenarchitekten-nicht-auf-ihre-badezimmerarbeitsplatten-legen-sollten\\\/\",\"name\":\"5 Dinge, die Sie laut Innenarchitekten nicht auf Ihre Badezimmerarbeitsplatten legen sollten - Nachrichten - Stra\u00dfenweb\",\"isPartOf\":{\"@id\":\"https:\\\/\\\/www.strassenweb.de\\\/nachrichten\\\/#website\"},\"primaryImageOfPage\":{\"@id\":\"https:\\\/\\\/www.strassenweb.de\\\/nachrichten\\\/5-dinge-die-sie-laut-innenarchitekten-nicht-auf-ihre-badezimmerarbeitsplatten-legen-sollten\\\/#primaryimage\"},\"image\":{\"@id\":\"https:\\\/\\\/www.strassenweb.de\\\/nachrichten\\\/5-dinge-die-sie-laut-innenarchitekten-nicht-auf-ihre-badezimmerarbeitsplatten-legen-sollten\\\/#primaryimage\"},\"thumbnailUrl\":\"https:\\\/\\\/www.strassenweb.de\\\/nachrichten\\\/wp-content\\\/uploads\\\/2024\\\/10\\\/5-Dinge-die-Sie-laut-Innenarchitekten-nicht-auf-Ihre-Badezimmerarbeitsplatten.jpg\",\"datePublished\":\"2024-10-19T02:46:35+00:00\",\"dateModified\":\"2024-10-19T02:46:36+00:00\",\"breadcrumb\":{\"@id\":\"https:\\\/\\\/www.strassenweb.de\\\/nachrichten\\\/5-dinge-die-sie-laut-innenarchitekten-nicht-auf-ihre-badezimmerarbeitsplatten-legen-sollten\\\/#breadcrumb\"},\"inLanguage\":\"de\",\"potentialAction\":[{\"@type\":\"ReadAction\",\"target\":[\"https:\\\/\\\/www.strassenweb.de\\\/nachrichten\\\/5-dinge-die-sie-laut-innenarchitekten-nicht-auf-ihre-badezimmerarbeitsplatten-legen-sollten\\\/\"]}]},{\"@type\":\"ImageObject\",\"inLanguage\":\"de\",\"@id\":\"https:\\\/\\\/www.strassenweb.de\\\/nachrichten\\\/5-dinge-die-sie-laut-innenarchitekten-nicht-auf-ihre-badezimmerarbeitsplatten-legen-sollten\\\/#primaryimage\",\"url\":\"https:\\\/\\\/www.strassenweb.de\\\/nachrichten\\\/wp-content\\\/uploads\\\/2024\\\/10\\\/5-Dinge-die-Sie-laut-Innenarchitekten-nicht-auf-Ihre-Badezimmerarbeitsplatten.jpg\",\"contentUrl\":\"https:\\\/\\\/www.strassenweb.de\\\/nachrichten\\\/wp-content\\\/uploads\\\/2024\\\/10\\\/5-Dinge-die-Sie-laut-Innenarchitekten-nicht-auf-Ihre-Badezimmerarbeitsplatten.jpg\",\"width\":1200,\"height\":675,\"caption\":\"5 Dinge, die Sie laut Innenarchitekten nicht auf Ihre Badezimmerarbeitsplatten legen sollten\"},{\"@type\":\"BreadcrumbList\",\"@id\":\"https:\\\/\\\/www.strassenweb.de\\\/nachrichten\\\/5-dinge-die-sie-laut-innenarchitekten-nicht-auf-ihre-badezimmerarbeitsplatten-legen-sollten\\\/#breadcrumb\",\"itemListElement\":[{\"@type\":\"ListItem\",\"position\":1,\"name\":\"Home\",\"item\":\"https:\\\/\\\/www.strassenweb.de\\\/nachrichten\\\/\"},{\"@type\":\"ListItem\",\"position\":2,\"name\":\"5 Dinge, die Sie laut Innenarchitekten nicht auf Ihre Badezimmerarbeitsplatten legen sollten\"}]},{\"@type\":\"WebSite\",\"@id\":\"https:\\\/\\\/www.strassenweb.de\\\/nachrichten\\\/#website\",\"url\":\"https:\\\/\\\/www.strassenweb.de\\\/nachrichten\\\/\",\"name\":\"Stra\u00dfenweb\",\"description\":\"Stra\u00dfenverzeichnis f\u00fcr Deutschland\",\"publisher\":{\"@id\":\"https:\\\/\\\/www.strassenweb.de\\\/nachrichten\\\/#organization\"},\"potentialAction\":[{\"@type\":\"SearchAction\",\"target\":{\"@type\":\"EntryPoint\",\"urlTemplate\":\"https:\\\/\\\/www.strassenweb.de\\\/nachrichten\\\/?s={search_term_string}\"},\"query-input\":{\"@type\":\"PropertyValueSpecification\",\"valueRequired\":true,\"valueName\":\"search_term_string\"}}],\"inLanguage\":\"de\"},{\"@type\":\"Organization\",\"@id\":\"https:\\\/\\\/www.strassenweb.de\\\/nachrichten\\\/#organization\",\"name\":\"Stra\u00dfenweb\",\"url\":\"https:\\\/\\\/www.strassenweb.de\\\/nachrichten\\\/\",\"logo\":{\"@type\":\"ImageObject\",\"inLanguage\":\"de\",\"@id\":\"https:\\\/\\\/www.strassenweb.de\\\/nachrichten\\\/#\\\/schema\\\/logo\\\/image\\\/\",\"url\":\"https:\\\/\\\/www.strassenweb.de\\\/nachrichten\\\/wp-content\\\/uploads\\\/2024\\\/09\\\/cropped-favicon.png\",\"contentUrl\":\"https:\\\/\\\/www.strassenweb.de\\\/nachrichten\\\/wp-content\\\/uploads\\\/2024\\\/09\\\/cropped-favicon.png\",\"width\":512,\"height\":512,\"caption\":\"Stra\u00dfenweb\"},\"image\":{\"@id\":\"https:\\\/\\\/www.strassenweb.de\\\/nachrichten\\\/#\\\/schema\\\/logo\\\/image\\\/\"},\"sameAs\":[\"https:\\\/\\\/www.facebook.com\\\/strassenweb\\\/\"]},{\"@type\":\"Person\",\"@id\":\"https:\\\/\\\/www.strassenweb.de\\\/nachrichten\\\/#\\\/schema\\\/person\\\/87c9c9067f1211da429a744dc5a5aa41\",\"name\":\"Robert Hoffmann\",\"image\":{\"@type\":\"ImageObject\",\"inLanguage\":\"de\",\"@id\":\"https:\\\/\\\/www.strassenweb.de\\\/nachrichten\\\/wp-content\\\/uploads\\\/2024\\\/09\\\/strassenweb-150x150.jpg\",\"url\":\"https:\\\/\\\/www.strassenweb.de\\\/nachrichten\\\/wp-content\\\/uploads\\\/2024\\\/09\\\/strassenweb-150x150.jpg\",\"contentUrl\":\"https:\\\/\\\/www.strassenweb.de\\\/nachrichten\\\/wp-content\\\/uploads\\\/2024\\\/09\\\/strassenweb-150x150.jpg\",\"caption\":\"Robert Hoffmann\"},\"description\":\"Ich hei\u00dfe Robert Hoffmann und ich bin ein leidenschaftlicher Verfechter von \u00d6kologie und Biodiversit\u00e4t. Seit meiner Kindheit in den W\u00e4ldern Bayerns f\u00fchle ich mich mit der Natur verbunden und bin entschlossen, sie zu sch\u00fctzen. Heute widme ich mein Leben der Sensibilisierung anderer f\u00fcr die Bedeutung des Umweltschutzes f\u00fcr zuk\u00fcnftige Generationen.\",\"sameAs\":[\"https:\\\/\\\/www.strassenweb.de\\\/\"]}]}<\/script>\n<!-- \/ Yoast SEO plugin. -->","yoast_head_json":{"title":"5 Dinge, die Sie laut Innenarchitekten nicht auf Ihre Badezimmerarbeitsplatten legen sollten - Nachrichten - Stra\u00dfenweb","robots":{"index":"index","follow":"follow","max-snippet":"max-snippet:-1","max-image-preview":"max-image-preview:large","max-video-preview":"max-video-preview:-1"},"canonical":"https:\/\/www.strassenweb.de\/nachrichten\/5-dinge-die-sie-laut-innenarchitekten-nicht-auf-ihre-badezimmerarbeitsplatten-legen-sollten\/","og_locale":"de_DE","og_type":"article","og_title":"5 Dinge, die Sie laut Innenarchitekten nicht auf Ihre Badezimmerarbeitsplatten legen sollten - Nachrichten - Stra\u00dfenweb","og_description":"Da es sich oft um den kleinsten Raum im Haus handelt, gibt es ein paar Dinge, die Sie nicht auf die Arbeitsplatte Ihres Badezimmers stellen","og_url":"https:\/\/www.strassenweb.de\/nachrichten\/5-dinge-die-sie-laut-innenarchitekten-nicht-auf-ihre-badezimmerarbeitsplatten-legen-sollten\/","og_site_name":"Stra\u00dfenweb","article_publisher":"https:\/\/www.facebook.com\/strassenweb\/","article_published_time":"2024-10-19T02:46:35+00:00","article_modified_time":"2024-10-19T02:46:36+00:00","og_image":[{"width":1200,"height":675,"url":"https:\/\/www.strassenweb.de\/nachrichten\/wp-content\/uploads\/2024\/10\/5-Dinge-die-Sie-laut-Innenarchitekten-nicht-auf-Ihre-Badezimmerarbeitsplatten.jpg","type":"image\/jpeg"}],"author":"Robert Hoffmann","twitter_card":"summary_large_image","twitter_misc":{"Verfasst von":"Robert Hoffmann","Gesch\u00e4tzte Lesezeit":"5\u00a0Minuten"},"schema":{"@context":"https:\/\/schema.org","@graph":[{"@type":"Article","@id":"https:\/\/www.strassenweb.de\/nachrichten\/5-dinge-die-sie-laut-innenarchitekten-nicht-auf-ihre-badezimmerarbeitsplatten-legen-sollten\/#article","isPartOf":{"@id":"https:\/\/www.strassenweb.de\/nachrichten\/5-dinge-die-sie-laut-innenarchitekten-nicht-auf-ihre-badezimmerarbeitsplatten-legen-sollten\/"},"author":{"name":"Robert Hoffmann","@id":"https:\/\/www.strassenweb.de\/nachrichten\/#\/schema\/person\/87c9c9067f1211da429a744dc5a5aa41"},"headline":"5 Dinge, die Sie laut Innenarchitekten nicht auf Ihre Badezimmerarbeitsplatten legen sollten","datePublished":"2024-10-19T02:46:35+00:00","dateModified":"2024-10-19T02:46:36+00:00","mainEntityOfPage":{"@id":"https:\/\/www.strassenweb.de\/nachrichten\/5-dinge-die-sie-laut-innenarchitekten-nicht-auf-ihre-badezimmerarbeitsplatten-legen-sollten\/"},"wordCount":948,"publisher":{"@id":"https:\/\/www.strassenweb.de\/nachrichten\/#organization"},"image":{"@id":"https:\/\/www.strassenweb.de\/nachrichten\/5-dinge-die-sie-laut-innenarchitekten-nicht-auf-ihre-badezimmerarbeitsplatten-legen-sollten\/#primaryimage"},"thumbnailUrl":"https:\/\/www.strassenweb.de\/nachrichten\/wp-content\/uploads\/2024\/10\/5-Dinge-die-Sie-laut-Innenarchitekten-nicht-auf-Ihre-Badezimmerarbeitsplatten.jpg","keywords":["auf","Badezimmerarbeitsplatten","die","Dinge","ihre","Innenarchitekten","laut","legen","nicht","Sie","sollten"],"articleSection":["Haus &amp; Garten"],"inLanguage":"de"},{"@type":"WebPage","@id":"https:\/\/www.strassenweb.de\/nachrichten\/5-dinge-die-sie-laut-innenarchitekten-nicht-auf-ihre-badezimmerarbeitsplatten-legen-sollten\/","url":"https:\/\/www.strassenweb.de\/nachrichten\/5-dinge-die-sie-laut-innenarchitekten-nicht-auf-ihre-badezimmerarbeitsplatten-legen-sollten\/","name":"5 Dinge, die Sie laut Innenarchitekten nicht auf Ihre Badezimmerarbeitsplatten legen sollten - Nachrichten - Stra\u00dfenweb","isPartOf":{"@id":"https:\/\/www.strassenweb.de\/nachrichten\/#website"},"primaryImageOfPage":{"@id":"https:\/\/www.strassenweb.de\/nachrichten\/5-dinge-die-sie-laut-innenarchitekten-nicht-auf-ihre-badezimmerarbeitsplatten-legen-sollten\/#primaryimage"},"image":{"@id":"https:\/\/www.strassenweb.de\/nachrichten\/5-dinge-die-sie-laut-innenarchitekten-nicht-auf-ihre-badezimmerarbeitsplatten-legen-sollten\/#primaryimage"},"thumbnailUrl":"https:\/\/www.strassenweb.de\/nachrichten\/wp-content\/uploads\/2024\/10\/5-Dinge-die-Sie-laut-Innenarchitekten-nicht-auf-Ihre-Badezimmerarbeitsplatten.jpg","datePublished":"2024-10-19T02:46:35+00:00","dateModified":"2024-10-19T02:46:36+00:00","breadcrumb":{"@id":"https:\/\/www.strassenweb.de\/nachrichten\/5-dinge-die-sie-laut-innenarchitekten-nicht-auf-ihre-badezimmerarbeitsplatten-legen-sollten\/#breadcrumb"},"inLanguage":"de","potentialAction":[{"@type":"ReadAction","target":["https:\/\/www.strassenweb.de\/nachrichten\/5-dinge-die-sie-laut-innenarchitekten-nicht-auf-ihre-badezimmerarbeitsplatten-legen-sollten\/"]}]},{"@type":"ImageObject","inLanguage":"de","@id":"https:\/\/www.strassenweb.de\/nachrichten\/5-dinge-die-sie-laut-innenarchitekten-nicht-auf-ihre-badezimmerarbeitsplatten-legen-sollten\/#primaryimage","url":"https:\/\/www.strassenweb.de\/nachrichten\/wp-content\/uploads\/2024\/10\/5-Dinge-die-Sie-laut-Innenarchitekten-nicht-auf-Ihre-Badezimmerarbeitsplatten.jpg","contentUrl":"https:\/\/www.strassenweb.de\/nachrichten\/wp-content\/uploads\/2024\/10\/5-Dinge-die-Sie-laut-Innenarchitekten-nicht-auf-Ihre-Badezimmerarbeitsplatten.jpg","width":1200,"height":675,"caption":"5 Dinge, die Sie laut Innenarchitekten nicht auf Ihre Badezimmerarbeitsplatten legen sollten"},{"@type":"BreadcrumbList","@id":"https:\/\/www.strassenweb.de\/nachrichten\/5-dinge-die-sie-laut-innenarchitekten-nicht-auf-ihre-badezimmerarbeitsplatten-legen-sollten\/#breadcrumb","itemListElement":[{"@type":"ListItem","position":1,"name":"Home","item":"https:\/\/www.strassenweb.de\/nachrichten\/"},{"@type":"ListItem","position":2,"name":"5 Dinge, die Sie laut Innenarchitekten nicht auf Ihre Badezimmerarbeitsplatten legen sollten"}]},{"@type":"WebSite","@id":"https:\/\/www.strassenweb.de\/nachrichten\/#website","url":"https:\/\/www.strassenweb.de\/nachrichten\/","name":"Stra\u00dfenweb","description":"Stra\u00dfenverzeichnis f\u00fcr Deutschland","publisher":{"@id":"https:\/\/www.strassenweb.de\/nachrichten\/#organization"},"potentialAction":[{"@type":"SearchAction","target":{"@type":"EntryPoint","urlTemplate":"https:\/\/www.strassenweb.de\/nachrichten\/?s={search_term_string}"},"query-input":{"@type":"PropertyValueSpecification","valueRequired":true,"valueName":"search_term_string"}}],"inLanguage":"de"},{"@type":"Organization","@id":"https:\/\/www.strassenweb.de\/nachrichten\/#organization","name":"Stra\u00dfenweb","url":"https:\/\/www.strassenweb.de\/nachrichten\/","logo":{"@type":"ImageObject","inLanguage":"de","@id":"https:\/\/www.strassenweb.de\/nachrichten\/#\/schema\/logo\/image\/","url":"https:\/\/www.strassenweb.de\/nachrichten\/wp-content\/uploads\/2024\/09\/cropped-favicon.png","contentUrl":"https:\/\/www.strassenweb.de\/nachrichten\/wp-content\/uploads\/2024\/09\/cropped-favicon.png","width":512,"height":512,"caption":"Stra\u00dfenweb"},"image":{"@id":"https:\/\/www.strassenweb.de\/nachrichten\/#\/schema\/logo\/image\/"},"sameAs":["https:\/\/www.facebook.com\/strassenweb\/"]},{"@type":"Person","@id":"https:\/\/www.strassenweb.de\/nachrichten\/#\/schema\/person\/87c9c9067f1211da429a744dc5a5aa41","name":"Robert Hoffmann","image":{"@type":"ImageObject","inLanguage":"de","@id":"https:\/\/www.strassenweb.de\/nachrichten\/wp-content\/uploads\/2024\/09\/strassenweb-150x150.jpg","url":"https:\/\/www.strassenweb.de\/nachrichten\/wp-content\/uploads\/2024\/09\/strassenweb-150x150.jpg","contentUrl":"https:\/\/www.strassenweb.de\/nachrichten\/wp-content\/uploads\/2024\/09\/strassenweb-150x150.jpg","caption":"Robert Hoffmann"},"description":"Ich hei\u00dfe Robert Hoffmann und ich bin ein leidenschaftlicher Verfechter von \u00d6kologie und Biodiversit\u00e4t. Seit meiner Kindheit in den W\u00e4ldern Bayerns f\u00fchle ich mich mit der Natur verbunden und bin entschlossen, sie zu sch\u00fctzen. Heute widme ich mein Leben der Sensibilisierung anderer f\u00fcr die Bedeutung des Umweltschutzes f\u00fcr zuk\u00fcnftige Generationen.","sameAs":["https:\/\/www.strassenweb.de\/"]}]}},"_links":{"self":[{"href":"https:\/\/www.strassenweb.de\/nachrichten\/wp-json\/wp\/v2\/posts\/988","targetHints":{"allow":["GET"]}}],"collection":[{"href":"https:\/\/www.strassenweb.de\/nachrichten\/wp-json\/wp\/v2\/posts"}],"about":[{"href":"https:\/\/www.strassenweb.de\/nachrichten\/wp-json\/wp\/v2\/types\/post"}],"author":[{"embeddable":true,"href":"https:\/\/www.strassenweb.de\/nachrichten\/wp-json\/wp\/v2\/users\/1"}],"replies":[{"embeddable":true,"href":"https:\/\/www.strassenweb.de\/nachrichten\/wp-json\/wp\/v2\/comments?post=988"}],"version-history":[{"count":0,"href":"https:\/\/www.strassenweb.de\/nachrichten\/wp-json\/wp\/v2\/posts\/988\/revisions"}],"wp:featuredmedia":[{"embeddable":true,"href":"https:\/\/www.strassenweb.de\/nachrichten\/wp-json\/wp\/v2\/media\/989"}],"wp:attachment":[{"href":"https:\/\/www.strassenweb.de\/nachrichten\/wp-json\/wp\/v2\/media?parent=988"}],"wp:term":[{"taxonomy":"category","embeddable":true,"href":"https:\/\/www.strassenweb.de\/nachrichten\/wp-json\/wp\/v2\/categories?post=988"},{"taxonomy":"post_tag","embeddable":true,"href":"https:\/\/www.strassenweb.de\/nachrichten\/wp-json\/wp\/v2\/tags?post=988"}],"curies":[{"name":"wp","href":"https:\/\/api.w.org\/{rel}","templated":true}]}}