{"id":982,"date":"2024-10-18T21:41:14","date_gmt":"2024-10-18T19:41:14","guid":{"rendered":"https:\/\/www.strassenweb.de\/nachrichten\/wenn-sie-das-land-verlassen-koennen-wird-deutschland-fluechtlingen-die-in-einem-anderen-eu-land-asyl-beantragt-haben-die-oeffentliche-hilfe-verweigern\/"},"modified":"2024-10-18T21:41:16","modified_gmt":"2024-10-18T19:41:16","slug":"wenn-sie-das-land-verlassen-koennen-wird-deutschland-fluechtlingen-die-in-einem-anderen-eu-land-asyl-beantragt-haben-die-oeffentliche-hilfe-verweigern","status":"publish","type":"post","link":"https:\/\/www.strassenweb.de\/nachrichten\/wenn-sie-das-land-verlassen-koennen-wird-deutschland-fluechtlingen-die-in-einem-anderen-eu-land-asyl-beantragt-haben-die-oeffentliche-hilfe-verweigern\/","title":{"rendered":"Wenn sie das Land verlassen k\u00f6nnen, wird Deutschland Fl\u00fcchtlingen, die in einem anderen EU-Land Asyl beantragt haben, die \u00f6ffentliche Hilfe verweigern"},"content":{"rendered":"<footer class=\"article-main__signed\"><\/footer>\n<p>Deutschland<b> wird Fl\u00fcchtlingen die \u00f6ffentliche Hilfe verweigern <\/b>die in einem anderen EU-Land Asyl beantragt haben, solange sie Deutschland verlassen k\u00f6nnen, wie der Bundestag des Deutschen Bundestages an diesem Freitag beschlossen hat.<\/p>\n<p>Dies ist ein Paket von <b>Ma\u00dfnahmen zur Bek\u00e4mpfung der Unsicherheit und zur Eind\u00e4mmung der Migration<\/b> Das hat die Regierung von Olaf Scholz im Anschluss an eine Reihe von Vorschl\u00e4gen vorgeschlagen <b>Islamistische Terroranschl\u00e4ge<\/b>besonders danach <b>Messermord an drei Menschen<\/b> Ende August in Solingen.<\/p>\n<p>Dar\u00fcber hinaus umfasst die Reform die <b>Generelles Messerverbot bei \u00f6ffentlichen Veranstaltungen <\/b>und unter anderem gr\u00f6\u00dfere M\u00f6glichkeiten f\u00fcr den Online-Vergleich biometrischer Daten bei Terrorismusermittlungen.<\/p>\n<p>Der Solingen-Angriff, den die Dschihadistengruppe Islamischer Staat behauptet, sei mutma\u00dflich das Werk eines 26-j\u00e4hrigen syrischen Staatsb\u00fcrgers gewesen, der darunter litt <b>Ausweisungsverf\u00fcgung nach Bulgarien<\/b>Damit belebte der Fall die Debatte \u00fcber die deutsche Einwanderungspolitik neu.<\/p>\n<p>Die Reform hat generiert <b>Spaltung innerhalb der Koalition<\/b> Die von der Sozialdemokratischen Partei gef\u00fchrte dreigliedrige Opposition macht keinen Hehl daraus, dass sie sich ehrgeizigere Ma\u00dfnahmen gew\u00fcnscht h\u00e4tte.<\/p>\n<p><i><b><\/b><\/i><\/p>\n<div><\/div>\n<p><i><b>.<\/b><\/i><\/p>\n","protected":false},"excerpt":{"rendered":"<p>Deutschland wird Fl\u00fcchtlingen die \u00f6ffentliche Hilfe verweigern die in einem anderen EU-Land Asyl beantragt haben, solange sie Deutschland verlassen k\u00f6nnen, wie der Bundestag des Deutschen<\/p>\n","protected":false},"author":1,"featured_media":983,"comment_status":"closed","ping_status":"","sticky":false,"template":"","format":"standard","meta":{"footnotes":""},"categories":[4],"tags":[29,1920,1921,112,35,9,22,1919,1918,469,695,689,1916,1922,165,1917,1923,1076,71],"class_list":["post-982","post","type-post","status-publish","format-standard","has-post-thumbnail","hentry","category-aktuelle-nachrichten","tag-anderen","tag-asyl","tag-beantragt","tag-das","tag-deutschland","tag-die","tag-einem","tag-euland","tag-fluechtlingen","tag-haben","tag-hilfe","tag-koennen","tag-land","tag-oeffentliche","tag-sie","tag-verlassen","tag-verweigern","tag-wenn","tag-wird","generate-columns","tablet-grid-50","mobile-grid-100","grid-parent","grid-50"],"yoast_head":"<!-- This site is optimized with the Yoast SEO plugin v27.3 - https:\/\/yoast.com\/product\/yoast-seo-wordpress\/ -->\n<title>Wenn sie das Land verlassen k\u00f6nnen, wird Deutschland Fl\u00fcchtlingen, die in einem anderen EU-Land Asyl beantragt haben, die \u00f6ffentliche Hilfe verweigern - Nachrichten - Stra\u00dfenweb<\/title>\n<meta name=\"robots\" content=\"index, follow, max-snippet:-1, max-image-preview:large, max-video-preview:-1\" \/>\n<link rel=\"canonical\" href=\"https:\/\/www.strassenweb.de\/nachrichten\/wenn-sie-das-land-verlassen-koennen-wird-deutschland-fluechtlingen-die-in-einem-anderen-eu-land-asyl-beantragt-haben-die-oeffentliche-hilfe-verweigern\/\" \/>\n<meta property=\"og:locale\" content=\"de_DE\" \/>\n<meta property=\"og:type\" content=\"article\" \/>\n<meta property=\"og:title\" content=\"Wenn sie das Land verlassen k\u00f6nnen, wird Deutschland Fl\u00fcchtlingen, die in einem anderen EU-Land Asyl beantragt haben, die \u00f6ffentliche Hilfe verweigern - Nachrichten - Stra\u00dfenweb\" \/>\n<meta property=\"og:description\" content=\"Deutschland wird Fl\u00fcchtlingen die \u00f6ffentliche Hilfe verweigern die in einem anderen EU-Land Asyl beantragt haben, solange sie Deutschland verlassen k\u00f6nnen, wie der Bundestag des Deutschen\" \/>\n<meta property=\"og:url\" content=\"https:\/\/www.strassenweb.de\/nachrichten\/wenn-sie-das-land-verlassen-koennen-wird-deutschland-fluechtlingen-die-in-einem-anderen-eu-land-asyl-beantragt-haben-die-oeffentliche-hilfe-verweigern\/\" \/>\n<meta property=\"og:site_name\" content=\"Stra\u00dfenweb\" \/>\n<meta property=\"article:publisher\" content=\"https:\/\/www.facebook.com\/strassenweb\/\" \/>\n<meta property=\"article:published_time\" content=\"2024-10-18T19:41:14+00:00\" \/>\n<meta property=\"article:modified_time\" content=\"2024-10-18T19:41:16+00:00\" \/>\n<meta property=\"og:image\" content=\"https:\/\/www.strassenweb.de\/nachrichten\/wp-content\/uploads\/2024\/10\/Wenn-sie-das-Land-verlassen-koennen-wird-Deutschland-Fluechtlingen-die.jpg\" \/>\n\t<meta property=\"og:image:width\" content=\"1280\" \/>\n\t<meta property=\"og:image:height\" content=\"720\" \/>\n\t<meta property=\"og:image:type\" content=\"image\/jpeg\" \/>\n<meta name=\"author\" content=\"Robert Hoffmann\" \/>\n<meta name=\"twitter:card\" content=\"summary_large_image\" \/>\n<meta name=\"twitter:label1\" content=\"Verfasst von\" \/>\n\t<meta name=\"twitter:data1\" content=\"Robert Hoffmann\" \/>\n\t<meta name=\"twitter:label2\" content=\"Gesch\u00e4tzte Lesezeit\" \/>\n\t<meta name=\"twitter:data2\" content=\"1\u00a0Minute\" \/>\n<script type=\"application\/ld+json\" class=\"yoast-schema-graph\">{\"@context\":\"https:\\\/\\\/schema.org\",\"@graph\":[{\"@type\":\"Article\",\"@id\":\"https:\\\/\\\/www.strassenweb.de\\\/nachrichten\\\/wenn-sie-das-land-verlassen-koennen-wird-deutschland-fluechtlingen-die-in-einem-anderen-eu-land-asyl-beantragt-haben-die-oeffentliche-hilfe-verweigern\\\/#article\",\"isPartOf\":{\"@id\":\"https:\\\/\\\/www.strassenweb.de\\\/nachrichten\\\/wenn-sie-das-land-verlassen-koennen-wird-deutschland-fluechtlingen-die-in-einem-anderen-eu-land-asyl-beantragt-haben-die-oeffentliche-hilfe-verweigern\\\/\"},\"author\":{\"name\":\"Robert Hoffmann\",\"@id\":\"https:\\\/\\\/www.strassenweb.de\\\/nachrichten\\\/#\\\/schema\\\/person\\\/87c9c9067f1211da429a744dc5a5aa41\"},\"headline\":\"Wenn sie das Land verlassen k\u00f6nnen, wird Deutschland Fl\u00fcchtlingen, die in einem anderen EU-Land Asyl beantragt haben, die \u00f6ffentliche Hilfe verweigern\",\"datePublished\":\"2024-10-18T19:41:14+00:00\",\"dateModified\":\"2024-10-18T19:41:16+00:00\",\"mainEntityOfPage\":{\"@id\":\"https:\\\/\\\/www.strassenweb.de\\\/nachrichten\\\/wenn-sie-das-land-verlassen-koennen-wird-deutschland-fluechtlingen-die-in-einem-anderen-eu-land-asyl-beantragt-haben-die-oeffentliche-hilfe-verweigern\\\/\"},\"wordCount\":197,\"publisher\":{\"@id\":\"https:\\\/\\\/www.strassenweb.de\\\/nachrichten\\\/#organization\"},\"image\":{\"@id\":\"https:\\\/\\\/www.strassenweb.de\\\/nachrichten\\\/wenn-sie-das-land-verlassen-koennen-wird-deutschland-fluechtlingen-die-in-einem-anderen-eu-land-asyl-beantragt-haben-die-oeffentliche-hilfe-verweigern\\\/#primaryimage\"},\"thumbnailUrl\":\"https:\\\/\\\/www.strassenweb.de\\\/nachrichten\\\/wp-content\\\/uploads\\\/2024\\\/10\\\/Wenn-sie-das-Land-verlassen-koennen-wird-Deutschland-Fluechtlingen-die.jpg\",\"keywords\":[\"anderen\",\"Asyl\",\"beantragt\",\"das\",\"Deutschland\",\"die\",\"einem\",\"EULand\",\"Fl\u00fcchtlingen\",\"haben\",\"Hilfe\",\"k\u00f6nnen\",\"Land\",\"\u00f6ffentliche\",\"Sie\",\"verlassen\",\"verweigern\",\"wenn\",\"wird\"],\"articleSection\":[\"Aktuelle Nachrichten\"],\"inLanguage\":\"de\"},{\"@type\":\"WebPage\",\"@id\":\"https:\\\/\\\/www.strassenweb.de\\\/nachrichten\\\/wenn-sie-das-land-verlassen-koennen-wird-deutschland-fluechtlingen-die-in-einem-anderen-eu-land-asyl-beantragt-haben-die-oeffentliche-hilfe-verweigern\\\/\",\"url\":\"https:\\\/\\\/www.strassenweb.de\\\/nachrichten\\\/wenn-sie-das-land-verlassen-koennen-wird-deutschland-fluechtlingen-die-in-einem-anderen-eu-land-asyl-beantragt-haben-die-oeffentliche-hilfe-verweigern\\\/\",\"name\":\"Wenn sie das Land verlassen k\u00f6nnen, wird Deutschland Fl\u00fcchtlingen, die in einem anderen EU-Land Asyl beantragt haben, die \u00f6ffentliche Hilfe verweigern - Nachrichten - Stra\u00dfenweb\",\"isPartOf\":{\"@id\":\"https:\\\/\\\/www.strassenweb.de\\\/nachrichten\\\/#website\"},\"primaryImageOfPage\":{\"@id\":\"https:\\\/\\\/www.strassenweb.de\\\/nachrichten\\\/wenn-sie-das-land-verlassen-koennen-wird-deutschland-fluechtlingen-die-in-einem-anderen-eu-land-asyl-beantragt-haben-die-oeffentliche-hilfe-verweigern\\\/#primaryimage\"},\"image\":{\"@id\":\"https:\\\/\\\/www.strassenweb.de\\\/nachrichten\\\/wenn-sie-das-land-verlassen-koennen-wird-deutschland-fluechtlingen-die-in-einem-anderen-eu-land-asyl-beantragt-haben-die-oeffentliche-hilfe-verweigern\\\/#primaryimage\"},\"thumbnailUrl\":\"https:\\\/\\\/www.strassenweb.de\\\/nachrichten\\\/wp-content\\\/uploads\\\/2024\\\/10\\\/Wenn-sie-das-Land-verlassen-koennen-wird-Deutschland-Fluechtlingen-die.jpg\",\"datePublished\":\"2024-10-18T19:41:14+00:00\",\"dateModified\":\"2024-10-18T19:41:16+00:00\",\"breadcrumb\":{\"@id\":\"https:\\\/\\\/www.strassenweb.de\\\/nachrichten\\\/wenn-sie-das-land-verlassen-koennen-wird-deutschland-fluechtlingen-die-in-einem-anderen-eu-land-asyl-beantragt-haben-die-oeffentliche-hilfe-verweigern\\\/#breadcrumb\"},\"inLanguage\":\"de\",\"potentialAction\":[{\"@type\":\"ReadAction\",\"target\":[\"https:\\\/\\\/www.strassenweb.de\\\/nachrichten\\\/wenn-sie-das-land-verlassen-koennen-wird-deutschland-fluechtlingen-die-in-einem-anderen-eu-land-asyl-beantragt-haben-die-oeffentliche-hilfe-verweigern\\\/\"]}]},{\"@type\":\"ImageObject\",\"inLanguage\":\"de\",\"@id\":\"https:\\\/\\\/www.strassenweb.de\\\/nachrichten\\\/wenn-sie-das-land-verlassen-koennen-wird-deutschland-fluechtlingen-die-in-einem-anderen-eu-land-asyl-beantragt-haben-die-oeffentliche-hilfe-verweigern\\\/#primaryimage\",\"url\":\"https:\\\/\\\/www.strassenweb.de\\\/nachrichten\\\/wp-content\\\/uploads\\\/2024\\\/10\\\/Wenn-sie-das-Land-verlassen-koennen-wird-Deutschland-Fluechtlingen-die.jpg\",\"contentUrl\":\"https:\\\/\\\/www.strassenweb.de\\\/nachrichten\\\/wp-content\\\/uploads\\\/2024\\\/10\\\/Wenn-sie-das-Land-verlassen-koennen-wird-Deutschland-Fluechtlingen-die.jpg\",\"width\":1280,\"height\":720,\"caption\":\"Wenn sie das Land verlassen k\u00f6nnen, wird Deutschland Fl\u00fcchtlingen, die in einem anderen EU-Land Asyl beantragt haben, die \u00f6ffentliche Hilfe verweigern\"},{\"@type\":\"BreadcrumbList\",\"@id\":\"https:\\\/\\\/www.strassenweb.de\\\/nachrichten\\\/wenn-sie-das-land-verlassen-koennen-wird-deutschland-fluechtlingen-die-in-einem-anderen-eu-land-asyl-beantragt-haben-die-oeffentliche-hilfe-verweigern\\\/#breadcrumb\",\"itemListElement\":[{\"@type\":\"ListItem\",\"position\":1,\"name\":\"Home\",\"item\":\"https:\\\/\\\/www.strassenweb.de\\\/nachrichten\\\/\"},{\"@type\":\"ListItem\",\"position\":2,\"name\":\"Wenn sie das Land verlassen k\u00f6nnen, wird Deutschland Fl\u00fcchtlingen, die in einem anderen EU-Land Asyl beantragt haben, die \u00f6ffentliche Hilfe verweigern\"}]},{\"@type\":\"WebSite\",\"@id\":\"https:\\\/\\\/www.strassenweb.de\\\/nachrichten\\\/#website\",\"url\":\"https:\\\/\\\/www.strassenweb.de\\\/nachrichten\\\/\",\"name\":\"Stra\u00dfenweb\",\"description\":\"Stra\u00dfenverzeichnis f\u00fcr Deutschland\",\"publisher\":{\"@id\":\"https:\\\/\\\/www.strassenweb.de\\\/nachrichten\\\/#organization\"},\"potentialAction\":[{\"@type\":\"SearchAction\",\"target\":{\"@type\":\"EntryPoint\",\"urlTemplate\":\"https:\\\/\\\/www.strassenweb.de\\\/nachrichten\\\/?s={search_term_string}\"},\"query-input\":{\"@type\":\"PropertyValueSpecification\",\"valueRequired\":true,\"valueName\":\"search_term_string\"}}],\"inLanguage\":\"de\"},{\"@type\":\"Organization\",\"@id\":\"https:\\\/\\\/www.strassenweb.de\\\/nachrichten\\\/#organization\",\"name\":\"Stra\u00dfenweb\",\"url\":\"https:\\\/\\\/www.strassenweb.de\\\/nachrichten\\\/\",\"logo\":{\"@type\":\"ImageObject\",\"inLanguage\":\"de\",\"@id\":\"https:\\\/\\\/www.strassenweb.de\\\/nachrichten\\\/#\\\/schema\\\/logo\\\/image\\\/\",\"url\":\"https:\\\/\\\/www.strassenweb.de\\\/nachrichten\\\/wp-content\\\/uploads\\\/2024\\\/09\\\/cropped-favicon.png\",\"contentUrl\":\"https:\\\/\\\/www.strassenweb.de\\\/nachrichten\\\/wp-content\\\/uploads\\\/2024\\\/09\\\/cropped-favicon.png\",\"width\":512,\"height\":512,\"caption\":\"Stra\u00dfenweb\"},\"image\":{\"@id\":\"https:\\\/\\\/www.strassenweb.de\\\/nachrichten\\\/#\\\/schema\\\/logo\\\/image\\\/\"},\"sameAs\":[\"https:\\\/\\\/www.facebook.com\\\/strassenweb\\\/\"]},{\"@type\":\"Person\",\"@id\":\"https:\\\/\\\/www.strassenweb.de\\\/nachrichten\\\/#\\\/schema\\\/person\\\/87c9c9067f1211da429a744dc5a5aa41\",\"name\":\"Robert Hoffmann\",\"image\":{\"@type\":\"ImageObject\",\"inLanguage\":\"de\",\"@id\":\"https:\\\/\\\/www.strassenweb.de\\\/nachrichten\\\/wp-content\\\/uploads\\\/2024\\\/09\\\/strassenweb-150x150.jpg\",\"url\":\"https:\\\/\\\/www.strassenweb.de\\\/nachrichten\\\/wp-content\\\/uploads\\\/2024\\\/09\\\/strassenweb-150x150.jpg\",\"contentUrl\":\"https:\\\/\\\/www.strassenweb.de\\\/nachrichten\\\/wp-content\\\/uploads\\\/2024\\\/09\\\/strassenweb-150x150.jpg\",\"caption\":\"Robert Hoffmann\"},\"description\":\"Ich hei\u00dfe Robert Hoffmann und ich bin ein leidenschaftlicher Verfechter von \u00d6kologie und Biodiversit\u00e4t. Seit meiner Kindheit in den W\u00e4ldern Bayerns f\u00fchle ich mich mit der Natur verbunden und bin entschlossen, sie zu sch\u00fctzen. Heute widme ich mein Leben der Sensibilisierung anderer f\u00fcr die Bedeutung des Umweltschutzes f\u00fcr zuk\u00fcnftige Generationen.\",\"sameAs\":[\"https:\\\/\\\/www.strassenweb.de\\\/\"]}]}<\/script>\n<!-- \/ Yoast SEO plugin. -->","yoast_head_json":{"title":"Wenn sie das Land verlassen k\u00f6nnen, wird Deutschland Fl\u00fcchtlingen, die in einem anderen EU-Land Asyl beantragt haben, die \u00f6ffentliche Hilfe verweigern - Nachrichten - Stra\u00dfenweb","robots":{"index":"index","follow":"follow","max-snippet":"max-snippet:-1","max-image-preview":"max-image-preview:large","max-video-preview":"max-video-preview:-1"},"canonical":"https:\/\/www.strassenweb.de\/nachrichten\/wenn-sie-das-land-verlassen-koennen-wird-deutschland-fluechtlingen-die-in-einem-anderen-eu-land-asyl-beantragt-haben-die-oeffentliche-hilfe-verweigern\/","og_locale":"de_DE","og_type":"article","og_title":"Wenn sie das Land verlassen k\u00f6nnen, wird Deutschland Fl\u00fcchtlingen, die in einem anderen EU-Land Asyl beantragt haben, die \u00f6ffentliche Hilfe verweigern - Nachrichten - Stra\u00dfenweb","og_description":"Deutschland wird Fl\u00fcchtlingen die \u00f6ffentliche Hilfe verweigern die in einem anderen EU-Land Asyl beantragt haben, solange sie Deutschland verlassen k\u00f6nnen, wie der Bundestag des Deutschen","og_url":"https:\/\/www.strassenweb.de\/nachrichten\/wenn-sie-das-land-verlassen-koennen-wird-deutschland-fluechtlingen-die-in-einem-anderen-eu-land-asyl-beantragt-haben-die-oeffentliche-hilfe-verweigern\/","og_site_name":"Stra\u00dfenweb","article_publisher":"https:\/\/www.facebook.com\/strassenweb\/","article_published_time":"2024-10-18T19:41:14+00:00","article_modified_time":"2024-10-18T19:41:16+00:00","og_image":[{"width":1280,"height":720,"url":"https:\/\/www.strassenweb.de\/nachrichten\/wp-content\/uploads\/2024\/10\/Wenn-sie-das-Land-verlassen-koennen-wird-Deutschland-Fluechtlingen-die.jpg","type":"image\/jpeg"}],"author":"Robert Hoffmann","twitter_card":"summary_large_image","twitter_misc":{"Verfasst von":"Robert Hoffmann","Gesch\u00e4tzte Lesezeit":"1\u00a0Minute"},"schema":{"@context":"https:\/\/schema.org","@graph":[{"@type":"Article","@id":"https:\/\/www.strassenweb.de\/nachrichten\/wenn-sie-das-land-verlassen-koennen-wird-deutschland-fluechtlingen-die-in-einem-anderen-eu-land-asyl-beantragt-haben-die-oeffentliche-hilfe-verweigern\/#article","isPartOf":{"@id":"https:\/\/www.strassenweb.de\/nachrichten\/wenn-sie-das-land-verlassen-koennen-wird-deutschland-fluechtlingen-die-in-einem-anderen-eu-land-asyl-beantragt-haben-die-oeffentliche-hilfe-verweigern\/"},"author":{"name":"Robert Hoffmann","@id":"https:\/\/www.strassenweb.de\/nachrichten\/#\/schema\/person\/87c9c9067f1211da429a744dc5a5aa41"},"headline":"Wenn sie das Land verlassen k\u00f6nnen, wird Deutschland Fl\u00fcchtlingen, die in einem anderen EU-Land Asyl beantragt haben, die \u00f6ffentliche Hilfe verweigern","datePublished":"2024-10-18T19:41:14+00:00","dateModified":"2024-10-18T19:41:16+00:00","mainEntityOfPage":{"@id":"https:\/\/www.strassenweb.de\/nachrichten\/wenn-sie-das-land-verlassen-koennen-wird-deutschland-fluechtlingen-die-in-einem-anderen-eu-land-asyl-beantragt-haben-die-oeffentliche-hilfe-verweigern\/"},"wordCount":197,"publisher":{"@id":"https:\/\/www.strassenweb.de\/nachrichten\/#organization"},"image":{"@id":"https:\/\/www.strassenweb.de\/nachrichten\/wenn-sie-das-land-verlassen-koennen-wird-deutschland-fluechtlingen-die-in-einem-anderen-eu-land-asyl-beantragt-haben-die-oeffentliche-hilfe-verweigern\/#primaryimage"},"thumbnailUrl":"https:\/\/www.strassenweb.de\/nachrichten\/wp-content\/uploads\/2024\/10\/Wenn-sie-das-Land-verlassen-koennen-wird-Deutschland-Fluechtlingen-die.jpg","keywords":["anderen","Asyl","beantragt","das","Deutschland","die","einem","EULand","Fl\u00fcchtlingen","haben","Hilfe","k\u00f6nnen","Land","\u00f6ffentliche","Sie","verlassen","verweigern","wenn","wird"],"articleSection":["Aktuelle Nachrichten"],"inLanguage":"de"},{"@type":"WebPage","@id":"https:\/\/www.strassenweb.de\/nachrichten\/wenn-sie-das-land-verlassen-koennen-wird-deutschland-fluechtlingen-die-in-einem-anderen-eu-land-asyl-beantragt-haben-die-oeffentliche-hilfe-verweigern\/","url":"https:\/\/www.strassenweb.de\/nachrichten\/wenn-sie-das-land-verlassen-koennen-wird-deutschland-fluechtlingen-die-in-einem-anderen-eu-land-asyl-beantragt-haben-die-oeffentliche-hilfe-verweigern\/","name":"Wenn sie das Land verlassen k\u00f6nnen, wird Deutschland Fl\u00fcchtlingen, die in einem anderen EU-Land Asyl beantragt haben, die \u00f6ffentliche Hilfe verweigern - Nachrichten - Stra\u00dfenweb","isPartOf":{"@id":"https:\/\/www.strassenweb.de\/nachrichten\/#website"},"primaryImageOfPage":{"@id":"https:\/\/www.strassenweb.de\/nachrichten\/wenn-sie-das-land-verlassen-koennen-wird-deutschland-fluechtlingen-die-in-einem-anderen-eu-land-asyl-beantragt-haben-die-oeffentliche-hilfe-verweigern\/#primaryimage"},"image":{"@id":"https:\/\/www.strassenweb.de\/nachrichten\/wenn-sie-das-land-verlassen-koennen-wird-deutschland-fluechtlingen-die-in-einem-anderen-eu-land-asyl-beantragt-haben-die-oeffentliche-hilfe-verweigern\/#primaryimage"},"thumbnailUrl":"https:\/\/www.strassenweb.de\/nachrichten\/wp-content\/uploads\/2024\/10\/Wenn-sie-das-Land-verlassen-koennen-wird-Deutschland-Fluechtlingen-die.jpg","datePublished":"2024-10-18T19:41:14+00:00","dateModified":"2024-10-18T19:41:16+00:00","breadcrumb":{"@id":"https:\/\/www.strassenweb.de\/nachrichten\/wenn-sie-das-land-verlassen-koennen-wird-deutschland-fluechtlingen-die-in-einem-anderen-eu-land-asyl-beantragt-haben-die-oeffentliche-hilfe-verweigern\/#breadcrumb"},"inLanguage":"de","potentialAction":[{"@type":"ReadAction","target":["https:\/\/www.strassenweb.de\/nachrichten\/wenn-sie-das-land-verlassen-koennen-wird-deutschland-fluechtlingen-die-in-einem-anderen-eu-land-asyl-beantragt-haben-die-oeffentliche-hilfe-verweigern\/"]}]},{"@type":"ImageObject","inLanguage":"de","@id":"https:\/\/www.strassenweb.de\/nachrichten\/wenn-sie-das-land-verlassen-koennen-wird-deutschland-fluechtlingen-die-in-einem-anderen-eu-land-asyl-beantragt-haben-die-oeffentliche-hilfe-verweigern\/#primaryimage","url":"https:\/\/www.strassenweb.de\/nachrichten\/wp-content\/uploads\/2024\/10\/Wenn-sie-das-Land-verlassen-koennen-wird-Deutschland-Fluechtlingen-die.jpg","contentUrl":"https:\/\/www.strassenweb.de\/nachrichten\/wp-content\/uploads\/2024\/10\/Wenn-sie-das-Land-verlassen-koennen-wird-Deutschland-Fluechtlingen-die.jpg","width":1280,"height":720,"caption":"Wenn sie das Land verlassen k\u00f6nnen, wird Deutschland Fl\u00fcchtlingen, die in einem anderen EU-Land Asyl beantragt haben, die \u00f6ffentliche Hilfe verweigern"},{"@type":"BreadcrumbList","@id":"https:\/\/www.strassenweb.de\/nachrichten\/wenn-sie-das-land-verlassen-koennen-wird-deutschland-fluechtlingen-die-in-einem-anderen-eu-land-asyl-beantragt-haben-die-oeffentliche-hilfe-verweigern\/#breadcrumb","itemListElement":[{"@type":"ListItem","position":1,"name":"Home","item":"https:\/\/www.strassenweb.de\/nachrichten\/"},{"@type":"ListItem","position":2,"name":"Wenn sie das Land verlassen k\u00f6nnen, wird Deutschland Fl\u00fcchtlingen, die in einem anderen EU-Land Asyl beantragt haben, die \u00f6ffentliche Hilfe verweigern"}]},{"@type":"WebSite","@id":"https:\/\/www.strassenweb.de\/nachrichten\/#website","url":"https:\/\/www.strassenweb.de\/nachrichten\/","name":"Stra\u00dfenweb","description":"Stra\u00dfenverzeichnis f\u00fcr Deutschland","publisher":{"@id":"https:\/\/www.strassenweb.de\/nachrichten\/#organization"},"potentialAction":[{"@type":"SearchAction","target":{"@type":"EntryPoint","urlTemplate":"https:\/\/www.strassenweb.de\/nachrichten\/?s={search_term_string}"},"query-input":{"@type":"PropertyValueSpecification","valueRequired":true,"valueName":"search_term_string"}}],"inLanguage":"de"},{"@type":"Organization","@id":"https:\/\/www.strassenweb.de\/nachrichten\/#organization","name":"Stra\u00dfenweb","url":"https:\/\/www.strassenweb.de\/nachrichten\/","logo":{"@type":"ImageObject","inLanguage":"de","@id":"https:\/\/www.strassenweb.de\/nachrichten\/#\/schema\/logo\/image\/","url":"https:\/\/www.strassenweb.de\/nachrichten\/wp-content\/uploads\/2024\/09\/cropped-favicon.png","contentUrl":"https:\/\/www.strassenweb.de\/nachrichten\/wp-content\/uploads\/2024\/09\/cropped-favicon.png","width":512,"height":512,"caption":"Stra\u00dfenweb"},"image":{"@id":"https:\/\/www.strassenweb.de\/nachrichten\/#\/schema\/logo\/image\/"},"sameAs":["https:\/\/www.facebook.com\/strassenweb\/"]},{"@type":"Person","@id":"https:\/\/www.strassenweb.de\/nachrichten\/#\/schema\/person\/87c9c9067f1211da429a744dc5a5aa41","name":"Robert Hoffmann","image":{"@type":"ImageObject","inLanguage":"de","@id":"https:\/\/www.strassenweb.de\/nachrichten\/wp-content\/uploads\/2024\/09\/strassenweb-150x150.jpg","url":"https:\/\/www.strassenweb.de\/nachrichten\/wp-content\/uploads\/2024\/09\/strassenweb-150x150.jpg","contentUrl":"https:\/\/www.strassenweb.de\/nachrichten\/wp-content\/uploads\/2024\/09\/strassenweb-150x150.jpg","caption":"Robert Hoffmann"},"description":"Ich hei\u00dfe Robert Hoffmann und ich bin ein leidenschaftlicher Verfechter von \u00d6kologie und Biodiversit\u00e4t. Seit meiner Kindheit in den W\u00e4ldern Bayerns f\u00fchle ich mich mit der Natur verbunden und bin entschlossen, sie zu sch\u00fctzen. Heute widme ich mein Leben der Sensibilisierung anderer f\u00fcr die Bedeutung des Umweltschutzes f\u00fcr zuk\u00fcnftige Generationen.","sameAs":["https:\/\/www.strassenweb.de\/"]}]}},"_links":{"self":[{"href":"https:\/\/www.strassenweb.de\/nachrichten\/wp-json\/wp\/v2\/posts\/982","targetHints":{"allow":["GET"]}}],"collection":[{"href":"https:\/\/www.strassenweb.de\/nachrichten\/wp-json\/wp\/v2\/posts"}],"about":[{"href":"https:\/\/www.strassenweb.de\/nachrichten\/wp-json\/wp\/v2\/types\/post"}],"author":[{"embeddable":true,"href":"https:\/\/www.strassenweb.de\/nachrichten\/wp-json\/wp\/v2\/users\/1"}],"replies":[{"embeddable":true,"href":"https:\/\/www.strassenweb.de\/nachrichten\/wp-json\/wp\/v2\/comments?post=982"}],"version-history":[{"count":0,"href":"https:\/\/www.strassenweb.de\/nachrichten\/wp-json\/wp\/v2\/posts\/982\/revisions"}],"wp:featuredmedia":[{"embeddable":true,"href":"https:\/\/www.strassenweb.de\/nachrichten\/wp-json\/wp\/v2\/media\/983"}],"wp:attachment":[{"href":"https:\/\/www.strassenweb.de\/nachrichten\/wp-json\/wp\/v2\/media?parent=982"}],"wp:term":[{"taxonomy":"category","embeddable":true,"href":"https:\/\/www.strassenweb.de\/nachrichten\/wp-json\/wp\/v2\/categories?post=982"},{"taxonomy":"post_tag","embeddable":true,"href":"https:\/\/www.strassenweb.de\/nachrichten\/wp-json\/wp\/v2\/tags?post=982"}],"curies":[{"name":"wp","href":"https:\/\/api.w.org\/{rel}","templated":true}]}}