{"id":976,"date":"2024-10-18T18:41:20","date_gmt":"2024-10-18T16:41:20","guid":{"rendered":"https:\/\/www.strassenweb.de\/nachrichten\/wie-sorgen-sie-dafuer-dass-ihre-innenraeume-muehelos-aussehen-ich-habe-designer-gebeten-mir-dabei-zu-helfen-mein-zuhause-stilvoll-aber-nicht-gestylt-zu-gestalten\/"},"modified":"2024-10-18T18:41:21","modified_gmt":"2024-10-18T16:41:21","slug":"wie-sorgen-sie-dafuer-dass-ihre-innenraeume-muehelos-aussehen-ich-habe-designer-gebeten-mir-dabei-zu-helfen-mein-zuhause-stilvoll-aber-nicht-gestylt-zu-gestalten","status":"publish","type":"post","link":"https:\/\/www.strassenweb.de\/nachrichten\/wie-sorgen-sie-dafuer-dass-ihre-innenraeume-muehelos-aussehen-ich-habe-designer-gebeten-mir-dabei-zu-helfen-mein-zuhause-stilvoll-aber-nicht-gestylt-zu-gestalten\/","title":{"rendered":"Wie sorgen Sie daf\u00fcr, dass Ihre Innenr\u00e4ume m\u00fchelos aussehen? Ich habe Designer gebeten, mir dabei zu helfen, mein Zuhause stilvoll, aber nicht gestylt zu gestalten"},"content":{"rendered":"<p><\/p>\n<div id=\"article-body\" class=\"article__body \">\n<p>Ich bin immer noch sehr unentschlossen, welchen \u201eStil\u201c mein Innendesign haben soll. Ich bin weit entfernt von einem Minimalisten, aber ich w\u00fcrde auch nicht so weit gehen zu sagen, dass ich mich vollst\u00e4ndig dem Maximalismus anschlie\u00dfe. In meinen Zimmern herrscht ein Hauch von Rustikalit\u00e4t, aber auch hier bin ich kein absoluter Traditionalist.<\/p>\n<div id=\"ad-unit-1\" class=\"ad-unit\"><\/div>\n<p>Was ich in letzter Zeit herausgefunden habe, ist, dass mein Ziel bei meiner Inneneinrichtung nicht wirklich darin besteht, einen Designstil festzulegen, der mein Zuhause beschreibt, sondern vielmehr sicherzustellen, dass sich mein Raum immer m\u00fchelos anf\u00fchlt. Nie \u00fcberm\u00e4\u00dfig gestylt oder kuratiert, schick und gehoben, aber charaktervoll und einladend.<\/p>\n<aside class=\"hawk-nest\" data-block-type=\"embed\" data-render-type=\"fte\" data-skip=\"dealsy\" data-widget-type=\"seasonal\">\n<div class=\"hawk-master-widget-hawk-base-wrapper\"><\/div>\n<\/aside>\n<p>Dr\u00fcben <em>H&#038;Gs<\/em> Auf Instagram haben wir k\u00fcrzlich \u00fcber \u201eSprezzatura\u201c gepostet, ein italienisches Wort, das frei \u00fcbersetzt so viel wie \u201estudierte Sorglosigkeit\u201c bedeutet \u2013 und wenn man es auf Innenr\u00e4ume anwendet, ist das genau der \u201eStil\u201c, den ich anstrebe. Gelebt und entspannt, aber hinter den Kulissen gut durchdacht und bedacht.<\/p>\n<div id=\"desktop-in-article\" class=\"in-article ad-unit\">\n<div id=\"desktop-taboola-mid-article\"><\/div>\n<\/div>\n<div id=\"mobile-in-article\" class=\"in-article ad-unit\">\n<div id=\"mobile-taboola-mid-article\"><\/div>\n<\/div>\n<p>Ich habe mit einigen meiner Lieblingsdesigner gesprochen, die ich daf\u00fcr bewundere, dass sie diesen Look immer erzielen, um ihren Rat zu bekommen, wie ich ihn in meinem Zuhause nachbilden kann. Hier ist, was sie gesagt haben.<\/p>\n<div class=\"van_vid_carousel\">\n<div class=\"van_vid_carousel__padding\">\n<div class=\"van_vid_carousel__container\"><\/div>\n<\/div>\n<\/div>\n<h3 class=\"article-body__section\" id=\"section-1-naturally-collect-pieces-over-time\"><span>1. Sammeln Sie im Laufe der Zeit nat\u00fcrlich St\u00fccke<\/span><\/h3>\n<figure class=\"van-image-figure inline-layout \" data-bordeaux-image-check>\n<div class=\"image-full-width-wrapper\">\n<div class=\"image-widthsetter\" style=\"max-width:2000px;\"><\/div>\n<\/div>\n<\/figure>\n<p>\u201eBei der Schaffung eines m\u00fchelos aussehenden Interieurs geht es darum, St\u00fccke zu bevorzugen, die eine Geschichte erz\u00e4hlen und mit Anmut altern\u201c, schl\u00e4gt Designerin Marie Flanigan vor. \u201eDurchdacht gestaltete R\u00e4ume m\u00fcssen nicht \u00fcberm\u00e4\u00dfig gestylt wirken; Stattdessen erwachen sie mit patinierten Ledersesseln, unlackiertem Messing und anderen Elementen zum Leben, die ein Gef\u00fchl von Komfort und Leichtigkeit vermitteln.\u201c<\/p>\n<div id=\"ad-unit-2\" class=\"ad-unit\"><\/div>\n<p>\u201eGreifen Sie beim Stylen nach alten B\u00fcchern, lose angeordneten Zweigen oder allem, was sich im Laufe der Zeit auf nat\u00fcrliche Weise angesammelt anf\u00fchlt.\u201c \u201eEs sind diese pers\u00f6nlichen Details, die daf\u00fcr sorgen, dass sich ein Raum wirklich bewohnt und einladend anf\u00fchlt\u201c, f\u00fcgt Marie hinzu.<\/p>\n<h3 class=\"article-body__section\" id=\"section-2-reflect-personality-in-every-detail\"><span>2. Pers\u00f6nlichkeit in jedem Detail widerspiegeln<\/span><\/h3>\n<figure class=\"van-image-figure inline-layout \" data-bordeaux-image-check>\n<div class=\"image-full-width-wrapper\">\n<div class=\"image-widthsetter\" style=\"max-width:2000px;\"><\/div>\n<\/div>\n<\/figure>\n<p>Designerin Natalie Tredgett weist Maries darauf hin, dass es bei der Gestaltung m\u00fcheloser Innenr\u00e4ume ganz auf die Pers\u00f6nlichkeit ankommt, ganz gleich, welchen Designstil Sie haben.<\/p>\n<p>Sie erkl\u00e4rt: \u201eM\u00fchelose Innenr\u00e4ume erwachen zum Leben, wenn sie sorgf\u00e4ltig auf die einzigartige Pers\u00f6nlichkeit und den Lebensstil des Kunden abgestimmt sind.\u201c Ich verfeinere Ideen kontinuierlich auf das Wesentliche, indem ich Schl\u00fcsselfragen stelle: Wo ist der Raum? Welche Funktion hat es? Wie m\u00f6chtest du dich f\u00fchlen, wenn du dort bist? Und was macht es pers\u00f6nlich? Damit ein Design m\u00fchelos kompatibel ist, muss jedes Element diese Antworten authentisch vermitteln und sicherstellen, dass sich der Raum nat\u00fcrlich, gewollt und zutiefst pers\u00f6nlich anf\u00fchlt.\u201c<\/p>\n<h3 class=\"article-body__section\" id=\"section-3-display-your-heirlooms\"><span>3. Zeigen Sie Ihre Erbst\u00fccke<\/span><\/h3>\n<figure class=\"van-image-figure inline-layout \" data-bordeaux-image-check>\n<div class=\"image-full-width-wrapper\">\n<div class=\"image-widthsetter\" style=\"max-width:2000px;\"><\/div>\n<\/div>\n<\/figure>\n<p>Das Dekorieren mit Familienerbst\u00fccken ist eine wunderbare M\u00f6glichkeit, Ihrem Zuhause sofort Pers\u00f6nlichkeit zu verleihen und es in Kombination mit Ihren eigenen St\u00fccken m\u00fchelos kuratiert wirken zu lassen. Wie die Designerin Kathy Kuo erkl\u00e4rt: \u201eDer Schl\u00fcssel zu einem wirklich m\u00fchelosen Innenarchitekturmotiv liegt darin, sicherzustellen, dass es widerspiegelt, wer Sie sind und was Sie lieben und interessant finden.\u201c<\/p>\n<p>\u201eEs gibt so viele M\u00f6glichkeiten, ein Zuhause zu dekorieren, und das Erstellen einer Pinterest-perfekten Designvignette ist der einfache Teil \u2013 wichtiger als Designerm\u00f6bel und trendige Farbschemata sind Herz und Seele.\u201c Scheuen Sie sich nicht, Familienerbst\u00fccke und lustige Schmuckst\u00fccke mit pers\u00f6nlicher Bedeutung unterzubringen; Stellen Sie sicher, dass sich Ihr Raum super komfortabel und lebenswert anf\u00fchlt.\u201c<\/p>\n<h3 class=\"article-body__section\" id=\"section-4-not-everything-should-match\"><span>4. Nicht alles sollte passen <\/span><\/h3>\n<figure class=\"van-image-figure inline-layout \" data-bordeaux-image-check>\n<div class=\"image-full-width-wrapper\">\n<div class=\"image-widthsetter\" style=\"max-width:2000px;\"><\/div>\n<\/div>\n<\/figure>\n<p>\u201eMein Geheimnis, Innenr\u00e4ume wirklich m\u00fchelos aussehen zu lassen, liegt in der Auswahl von Materialien, die sowohl langlebig als auch von h\u00f6chster Qualit\u00e4t sind.\u201c F\u00fcr mich geht es darum, Farben, Texturen, H\u00f6lzer und Metalle so zu mischen, dass sie sich nat\u00fcrlich und lebendig anf\u00fchlen. \u201eDie richtige Balance dieser Elemente verleiht einem Raum ein zusammengef\u00fcgtes und dennoch entspanntes Gef\u00fchl, in dem alles flie\u00dft, aber nichts \u00fcberm\u00e4\u00dfig koordiniert oder inszeniert wirkt\u201c, erkl\u00e4rt Designerin Becky Shea.<\/p>\n<p>\u201eIch liebe es, verschiedene St\u00fccke wie St\u00fchle, Sofas, Beistelltische und Hocker zu kombinieren, weil dadurch die perfekte Harmonie zwischen Komfort und Stil entsteht.\u201c Wenn Sie eine Mischung aus M\u00f6beln und Oberfl\u00e4chen kombinieren, verleiht dies einem Raum Tiefe und Charakter und verleiht ihm ein gem\u00fctliches Wohngef\u00fchl, ohne auf Eleganz zu verzichten. Ich meide alles, was zu sehr zusammenpasst \u2013 es kann dazu f\u00fchren, dass ein Raum flach und uninspiriert wirkt\u201c, f\u00fcgt sie hinzu.<\/p>\n<p>\u201eF\u00fcr mich liegt die Essenz des m\u00fchelosen Chic darin, die Kunst zu beherrschen, Dinge zu vermischen.\u201c Sie m\u00f6chten eine zusammenh\u00e4ngende Palette, die zusammenpasst, aber in jedem von Ihnen gew\u00e4hlten St\u00fcck und Material einzigartig ist. Es geht darum, einen Raum zu schaffen, der sich pers\u00f6nlich und vielschichtig anf\u00fchlt, in dem jeder Gegenstand seine eigene Geschichte erz\u00e4hlt und dennoch zur allgemeinen W\u00e4rme und Sch\u00f6nheit des Zuhauses beitr\u00e4gt. Hier entsteht die Magie \u2013 wenn sich ein Raum kuratiert, nachdenklich und vor allem m\u00fchelos anf\u00fchlt.\u201c<\/p>\n<h3 class=\"article-body__section\" id=\"section-5-create-layers-and-ripples-through-your-color-schemes\"><span>5. Erstellen Sie Ebenen und \u201eWellen\u201c durch Ihre Farbschemata<\/span><\/h3>\n<figure class=\"van-image-figure inline-layout \" data-bordeaux-image-check>\n<div class=\"image-full-width-wrapper\">\n<div class=\"image-widthsetter\" style=\"max-width:2000px;\"><\/div>\n<\/div>\n<\/figure>\n<p>\u201eEines der wichtigsten Dinge, die Sie beachten sollten, wenn Sie m\u00f6chten, dass ein Raum m\u00fchelos und nat\u00fcrlich aussieht, ist, dass nicht alles zusammenpassen muss.\u201c Um den \u00fcbergestylten Look zu vermeiden, m\u00fcssen Sie im gesamten Raum Schichten und Wellen erzeugen\u201c, erkl\u00e4rt Designer Christian Bense.<\/p>\n<p>\u201eWiderstehen Sie der Versuchung, jedes Finish, jeden Stoff und jede Farbe perfekt aufeinander abzustimmen, und entscheiden Sie sich stattdessen f\u00fcr eine Vielfalt an Farbt\u00f6nen und Materialien, die dem Raum ein vielschichtigeres und organischeres Gef\u00fchl verleihen.\u201c Als Studio legen wir besonderen Wert auf unpassende Neutralt\u00f6ne, indem wir w\u00e4rmere Wei\u00dft\u00f6ne mit k\u00fchleren kombinieren.<\/p>\n<p>\u201eZum Beispiel passt eine k\u00fchlere, neutrale Wandfarbe wie Slate II von Paint and Paper Library gut zu einem w\u00e4rmeren Leinenton auf den Vorh\u00e4ngen.\u201c Oder ein haferflockenfarbenes Leinensofa mit helleren Wei\u00dft\u00f6nen in einem Kissen oder \u00dcberwurf. Ich finde, dass diese gezielten Fehlbesetzungen einen Raum bescheidener wirken lassen. \u201eEs ist eine wirklich subtile Reaktion, aber unpassende Neutralt\u00f6ne sind wirklich die Grundlage daf\u00fcr, wie wir ein m\u00fcheloses, mehr zusammengew\u00fcrfeltes Interieur schaffen.\u201c<\/p>\n<h3 class=\"article-body__section\" id=\"section-6-get-artwork-on-the-walls-in-odd-numbers\"><span>6. Bringen Sie Kunstwerke an die W\u00e4nde (in ungerader Anzahl)<\/span><\/h3>\n<figure class=\"van-image-figure inline-layout \" data-bordeaux-image-check>\n<div class=\"image-full-width-wrapper\">\n<div class=\"image-widthsetter\" style=\"max-width:2000px;\"><\/div>\n<\/div>\n<\/figure>\n<p>\u201eEine Galeriewand mit verschiedenen Bildern ist eine brillante M\u00f6glichkeit, Wirkung zu erzielen, aber lassen Sie sich nicht von der Vorstellung h\u00e4ngen, dass sie alle einem bestimmten Thema zugeordnet oder in \u00d6l oder Aquarell gemalt sein m\u00fcssen\u201c, erkl\u00e4rt der Designer Benji Lewis, dessen Vielseitigkeit Dennoch sieht der gehobene Stil immer m\u00fchelos aus.<\/p>\n<p>\u201eF\u00fcgen Sie Dinge zusammen, ein paar \u00d6le, ein paar Aquarelle, einen Druck, einen Spiegel \u2013 seien Sie vielseitig, das zeigt Charakter.\u201c Wenn es um Zubeh\u00f6r geht, finde ich jedoch, dass es am besten funktioniert, Dinge in ungeraden Zahlen zu gruppieren. Passen Sie nicht zusammen und machen Sie sich dar\u00fcber keine Sorgen. Solange Sie sicherstellen, dass Gr\u00f6\u00dfe und Form Ihrer Einrichtung in Ordnung sind, spielt es keine Rolle, ob es zu Stoffkonflikten kommt.<\/p>\n<h3 class=\"article-body__section\" id=\"section-7-create-displays-even-more-practical-rooms\"><span>7. Schaffen Sie noch praktischere R\u00e4ume<\/span><\/h3>\n<figure class=\"van-image-figure inline-layout \" data-bordeaux-image-check>\n<div class=\"image-full-width-wrapper\">\n<div class=\"image-widthsetter\" style=\"max-width:2000px;\"><\/div>\n<\/div>\n<\/figure>\n<p>Es kann schwierig sein, praktischere R\u00e4ume wie K\u00fcchen und Badezimmer m\u00fchelos charaktervoll aussehen zu lassen, weil sie so praktisch sind. Aber Helen Parker, Kreativdirektorin von deVOL, sagt, dass es immer noch viele M\u00f6glichkeiten gibt, wundersch\u00f6n kreative, aber nicht \u00fcberm\u00e4\u00dfig kuratierte Displays in einer K\u00fcche zu schaffen.<\/p>\n<p>Sie sagt: \u201eMenschen, die ihre Sachen lieber ausgestellt oder drau\u00dfen als in Schr\u00e4nken aufbewahren, sind im Allgemeinen begeisterte K\u00f6che oder Sammler.\u201c \u201eK\u00f6che m\u00fcssen schnell und effizient eine Pfanne oder Sch\u00f6pfkelle greifen, sodass offene Regale und Kleiderstangen daf\u00fcr sorgen, dass alles leicht verstaut und schnell gefunden und verwendet werden kann.\u201c<\/p>\n<p>\u201eMenschen, die eine Vorliebe f\u00fcr sch\u00f6ne Dinge haben, lieben es auch, Dinge zur Schau zu stellen. Warum sollten Sie all Ihre Sch\u00e4tze verstecken, zum Beispiel Geschirr oder Kupferpfannen?\u201c \u201eJedes Display ist f\u00fcr ihn pers\u00f6nlich: gerade Reihen wei\u00dfer Teller oder eine durcheinandergew\u00fcrfelte Mischung aus Krimskrams, eine Decke voller h\u00e4ngender Kr\u00e4uter und Utensilien oder eine perfekt arrangierte Ausstellung italienischer Kaffeemaschinen.\u201c<\/p>\n<h3 class=\"article-body__section\" id=\"section-8-bring-in-natural-elements\"><span>8. Bringen Sie nat\u00fcrliche Elemente ein<\/span><\/h3>\n<figure class=\"van-image-figure inline-layout \" data-bordeaux-image-check>\n<div class=\"image-full-width-wrapper\">\n<div class=\"image-widthsetter\" style=\"max-width:2000px;\"><\/div>\n<\/div>\n<\/figure>\n<p>\u201eUm Ihren Innenr\u00e4umen einen m\u00fchelosen Look zu verleihen, bedarf es einer Mischung aus Einfachheit und Stil.\u201c \u201eWir verwenden gerne nat\u00fcrliche Elemente wie B\u00e4ume und Gr\u00fcn auf Tischplatten und in den Ecken des Raumes, um den Raum zu verankern, bevor wir ihn mit M\u00f6beln f\u00fcllen\u201c, erkl\u00e4rt Jennifer Walter, Gr\u00fcnderin von Folding Chair Design.<\/p>\n<p>\u201eStyling ist der Schl\u00fcssel, um jedem Raum das Gef\u00fchl zu geben, etwas Besonderes zu sein.\u201c Die Verwendung neutraler und nat\u00fcrlich anmutender Accessoires kann f\u00fcr einen ruhigen und allgemein angenehmen Look sorgen. \u201eWir entscheiden uns f\u00fcr T\u00f6pferwaren, Holzkerzenhalter und Strukturkunst.\u201c<\/p>\n<h3 class=\"article-body__section\" id=\"section-9-layer-old-and-new\"><span>9. Schichten Sie Alt und Neu \u00fcbereinander<\/span><\/h3>\n<figure class=\"van-image-figure inline-layout \" data-bordeaux-image-check>\n<div class=\"image-full-width-wrapper\">\n<div class=\"image-widthsetter\" style=\"max-width:2000px;\"><\/div>\n<\/div>\n<\/figure>\n<p>\u201eUm stilvolle und schlichte Innenr\u00e4ume zu schaffen, kommt es auf die richtige Mischung an.\u201c \u201eWir verfolgen einen entspannten und h\u00e4ufig experimentellen Ansatz bei der Kombination von Alt und Neu \u2013 Antiquit\u00e4ten neben neueren Fundst\u00fccken sowie Kunsthandwerksst\u00fccken\u201c, schl\u00e4gt Venetia Rudebeck, Mitbegr\u00fcnderin von Studio Vero, vor.<\/p>\n<p>\u201eNichts sollte sich jemals zu fest anf\u00fchlen und da es so sein sollte \u2013 Sie m\u00fcssen auf jeden Fall jedes St\u00fcck lieben, das Sie kaufen.\u201c Wir lieben Farben und Muster und lieben es, verspielte und unerwartete Designs zusammenzubringen. Wir empfehlen immer, einen Raum nicht \u201ezu ernst\u201c zu nehmen und einfach Spa\u00df daran zu haben, herauszufinden, was funktioniert. Es kommt darauf an, kreativ zu sein und nicht zu sehr aufeinander abzustimmen. Auch Accessoires und B\u00fccher sind wirklich stylische Akzente \u2013 so viele B\u00fccher wie m\u00f6glich, man kann nie genug haben!\u201c<\/p>\n<h3 class=\"article-body__section\" id=\"section-10-the-finishing-touches-are-key\"><span>10. Der letzte Schliff ist der Schl\u00fcssel<\/span><\/h3>\n<figure class=\"van-image-figure inline-layout \" data-bordeaux-image-check>\n<div class=\"image-full-width-wrapper\">\n<div class=\"image-widthsetter\" style=\"max-width:2000px;\"><\/div>\n<\/div>\n<\/figure>\n<p>\u201eBei der Gestaltung m\u00fcheloser Innenr\u00e4ume steckt noch der letzte Schliff\u201c, sagt Christian Bense. \u201eB\u00fccher, Kunst, Blumen, Ornamente \u2013 sie k\u00f6nnen einen Raum entweder ver\u00e4ndern oder ver\u00e4ndern, daher ist es wichtig, alles richtig zu machen.\u201c<\/p>\n<p>\u201eWenn es ums Styling geht, machen B\u00fccher einen Raum aus, und Stapel von B\u00fcchern oder Zeitschriften auf einem Couchtisch, die ihren Platz tauschen, wenn Menschen sie benutzen, schaffen einen Rhythmus in einem Raum und verleihen einem Raum ein sehr reales menschliches Element.\u201c \u201eIch scheue vor Gegenst\u00e4nden auf einem Couchtisch zur\u00fcck und entscheide mich lieber f\u00fcr potenziell nutzbare Gegenst\u00e4nde wie Sch\u00fcsseln, Tabletts oder Vasen.\u201c<\/p>\n<p>\u201eEin Couchtisch mit aufgesetztem Marmorornament wirkt sofort stilvoll, also entscheiden Sie sich lieber f\u00fcr durchdachte St\u00fccke, die verwendet werden k\u00f6nnten.\u201c \u201eZweck schafft Absicht, was bedeutet, dass man dann damit beginnen kann, Oberfl\u00e4chen mehr zu \u00fcberlagern, als das vielleicht der Fall w\u00e4re, wenn alles nur ein Objekt zur Anzeige w\u00e4re.\u201c<\/p>\n<hr>\n<p>Die Lehre aus all diesen wunderbaren Ratschl\u00e4gen ist, dass Ihr Zuhause m\u00fchelos stilvoll sein wird, wenn Sie Ihrer Intuition folgen und mit St\u00fccken dekorieren, die Sie lieben, und dabei ignorieren, was Trends sagen. F\u00fcllen Sie Ihre R\u00e4ume mit charaktervollen St\u00fccken, St\u00fccken mit Erinnerungen und Bedeutung, und Sie k\u00f6nnen nicht viel falsch machen.<\/p>\n<\/div>\n","protected":false},"excerpt":{"rendered":"<p>Ich bin immer noch sehr unentschlossen, welchen \u201eStil\u201c mein Innendesign haben soll. Ich bin weit entfernt von einem Minimalisten, aber ich w\u00fcrde auch nicht so<\/p>\n","protected":false},"author":1,"featured_media":977,"comment_status":"closed","ping_status":"","sticky":false,"template":"","format":"standard","meta":{"footnotes":""},"categories":[118],"tags":[357,1562,1911,932,51,216,1910,323,1913,823,470,129,225,1908,778,603,1909,61,165,253,1912,26,171],"class_list":["post-976","post","type-post","status-publish","format-standard","has-post-thumbnail","hentry","category-haus-garten","tag-aber","tag-aussehen","tag-dabei","tag-dafuer","tag-dass","tag-designer","tag-gebeten","tag-gestalten","tag-gestylt","tag-habe","tag-helfen","tag-ich","tag-ihre","tag-innenraeume","tag-mein","tag-mir","tag-muehelos","tag-nicht","tag-sie","tag-sorgen","tag-stilvoll","tag-wie","tag-zuhause","generate-columns","tablet-grid-50","mobile-grid-100","grid-parent","grid-50"],"yoast_head":"<!-- This site is optimized with the Yoast SEO plugin v27.3 - https:\/\/yoast.com\/product\/yoast-seo-wordpress\/ -->\n<title>Wie sorgen Sie daf\u00fcr, dass Ihre Innenr\u00e4ume m\u00fchelos aussehen? Ich habe Designer gebeten, mir dabei zu helfen, mein Zuhause stilvoll, aber nicht gestylt zu gestalten - Nachrichten - Stra\u00dfenweb<\/title>\n<meta name=\"robots\" content=\"index, follow, max-snippet:-1, max-image-preview:large, max-video-preview:-1\" \/>\n<link rel=\"canonical\" href=\"https:\/\/www.strassenweb.de\/nachrichten\/wie-sorgen-sie-dafuer-dass-ihre-innenraeume-muehelos-aussehen-ich-habe-designer-gebeten-mir-dabei-zu-helfen-mein-zuhause-stilvoll-aber-nicht-gestylt-zu-gestalten\/\" \/>\n<meta property=\"og:locale\" content=\"de_DE\" \/>\n<meta property=\"og:type\" content=\"article\" \/>\n<meta property=\"og:title\" content=\"Wie sorgen Sie daf\u00fcr, dass Ihre Innenr\u00e4ume m\u00fchelos aussehen? Ich habe Designer gebeten, mir dabei zu helfen, mein Zuhause stilvoll, aber nicht gestylt zu gestalten - Nachrichten - Stra\u00dfenweb\" \/>\n<meta property=\"og:description\" content=\"Ich bin immer noch sehr unentschlossen, welchen \u201eStil\u201c mein Innendesign haben soll. Ich bin weit entfernt von einem Minimalisten, aber ich w\u00fcrde auch nicht so\" \/>\n<meta property=\"og:url\" content=\"https:\/\/www.strassenweb.de\/nachrichten\/wie-sorgen-sie-dafuer-dass-ihre-innenraeume-muehelos-aussehen-ich-habe-designer-gebeten-mir-dabei-zu-helfen-mein-zuhause-stilvoll-aber-nicht-gestylt-zu-gestalten\/\" \/>\n<meta property=\"og:site_name\" content=\"Stra\u00dfenweb\" \/>\n<meta property=\"article:publisher\" content=\"https:\/\/www.facebook.com\/strassenweb\/\" \/>\n<meta property=\"article:published_time\" content=\"2024-10-18T16:41:20+00:00\" \/>\n<meta property=\"article:modified_time\" content=\"2024-10-18T16:41:21+00:00\" \/>\n<meta property=\"og:image\" content=\"https:\/\/www.strassenweb.de\/nachrichten\/wp-content\/uploads\/2024\/10\/Wie-sorgen-Sie-dafuer-dass-Ihre-Innenraeume-muehelos-aussehen-Ich.jpg\" \/>\n\t<meta property=\"og:image:width\" content=\"1200\" \/>\n\t<meta property=\"og:image:height\" content=\"675\" \/>\n\t<meta property=\"og:image:type\" content=\"image\/jpeg\" \/>\n<meta name=\"author\" content=\"Robert Hoffmann\" \/>\n<meta name=\"twitter:card\" content=\"summary_large_image\" \/>\n<meta name=\"twitter:label1\" content=\"Verfasst von\" \/>\n\t<meta name=\"twitter:data1\" content=\"Robert Hoffmann\" \/>\n\t<meta name=\"twitter:label2\" content=\"Gesch\u00e4tzte Lesezeit\" \/>\n\t<meta name=\"twitter:data2\" content=\"9\u00a0Minuten\" \/>\n<script type=\"application\/ld+json\" class=\"yoast-schema-graph\">{\"@context\":\"https:\\\/\\\/schema.org\",\"@graph\":[{\"@type\":\"Article\",\"@id\":\"https:\\\/\\\/www.strassenweb.de\\\/nachrichten\\\/wie-sorgen-sie-dafuer-dass-ihre-innenraeume-muehelos-aussehen-ich-habe-designer-gebeten-mir-dabei-zu-helfen-mein-zuhause-stilvoll-aber-nicht-gestylt-zu-gestalten\\\/#article\",\"isPartOf\":{\"@id\":\"https:\\\/\\\/www.strassenweb.de\\\/nachrichten\\\/wie-sorgen-sie-dafuer-dass-ihre-innenraeume-muehelos-aussehen-ich-habe-designer-gebeten-mir-dabei-zu-helfen-mein-zuhause-stilvoll-aber-nicht-gestylt-zu-gestalten\\\/\"},\"author\":{\"name\":\"Robert Hoffmann\",\"@id\":\"https:\\\/\\\/www.strassenweb.de\\\/nachrichten\\\/#\\\/schema\\\/person\\\/87c9c9067f1211da429a744dc5a5aa41\"},\"headline\":\"Wie sorgen Sie daf\u00fcr, dass Ihre Innenr\u00e4ume m\u00fchelos aussehen? Ich habe Designer gebeten, mir dabei zu helfen, mein Zuhause stilvoll, aber nicht gestylt zu gestalten\",\"datePublished\":\"2024-10-18T16:41:20+00:00\",\"dateModified\":\"2024-10-18T16:41:21+00:00\",\"mainEntityOfPage\":{\"@id\":\"https:\\\/\\\/www.strassenweb.de\\\/nachrichten\\\/wie-sorgen-sie-dafuer-dass-ihre-innenraeume-muehelos-aussehen-ich-habe-designer-gebeten-mir-dabei-zu-helfen-mein-zuhause-stilvoll-aber-nicht-gestylt-zu-gestalten\\\/\"},\"wordCount\":1869,\"publisher\":{\"@id\":\"https:\\\/\\\/www.strassenweb.de\\\/nachrichten\\\/#organization\"},\"image\":{\"@id\":\"https:\\\/\\\/www.strassenweb.de\\\/nachrichten\\\/wie-sorgen-sie-dafuer-dass-ihre-innenraeume-muehelos-aussehen-ich-habe-designer-gebeten-mir-dabei-zu-helfen-mein-zuhause-stilvoll-aber-nicht-gestylt-zu-gestalten\\\/#primaryimage\"},\"thumbnailUrl\":\"https:\\\/\\\/www.strassenweb.de\\\/nachrichten\\\/wp-content\\\/uploads\\\/2024\\\/10\\\/Wie-sorgen-Sie-dafuer-dass-Ihre-Innenraeume-muehelos-aussehen-Ich.jpg\",\"keywords\":[\"aber\",\"aussehen\",\"dabei\",\"daf\u00fcr\",\"dass\",\"Designer\",\"gebeten\",\"gestalten\",\"gestylt\",\"habe\",\"helfen\",\"ich\",\"ihre\",\"Innenr\u00e4ume\",\"mein\",\"mir\",\"m\u00fchelos\",\"nicht\",\"Sie\",\"sorgen\",\"stilvoll\",\"Wie\",\"Zuhause\"],\"articleSection\":[\"Haus &amp; Garten\"],\"inLanguage\":\"de\"},{\"@type\":\"WebPage\",\"@id\":\"https:\\\/\\\/www.strassenweb.de\\\/nachrichten\\\/wie-sorgen-sie-dafuer-dass-ihre-innenraeume-muehelos-aussehen-ich-habe-designer-gebeten-mir-dabei-zu-helfen-mein-zuhause-stilvoll-aber-nicht-gestylt-zu-gestalten\\\/\",\"url\":\"https:\\\/\\\/www.strassenweb.de\\\/nachrichten\\\/wie-sorgen-sie-dafuer-dass-ihre-innenraeume-muehelos-aussehen-ich-habe-designer-gebeten-mir-dabei-zu-helfen-mein-zuhause-stilvoll-aber-nicht-gestylt-zu-gestalten\\\/\",\"name\":\"Wie sorgen Sie daf\u00fcr, dass Ihre Innenr\u00e4ume m\u00fchelos aussehen? Ich habe Designer gebeten, mir dabei zu helfen, mein Zuhause stilvoll, aber nicht gestylt zu gestalten - Nachrichten - Stra\u00dfenweb\",\"isPartOf\":{\"@id\":\"https:\\\/\\\/www.strassenweb.de\\\/nachrichten\\\/#website\"},\"primaryImageOfPage\":{\"@id\":\"https:\\\/\\\/www.strassenweb.de\\\/nachrichten\\\/wie-sorgen-sie-dafuer-dass-ihre-innenraeume-muehelos-aussehen-ich-habe-designer-gebeten-mir-dabei-zu-helfen-mein-zuhause-stilvoll-aber-nicht-gestylt-zu-gestalten\\\/#primaryimage\"},\"image\":{\"@id\":\"https:\\\/\\\/www.strassenweb.de\\\/nachrichten\\\/wie-sorgen-sie-dafuer-dass-ihre-innenraeume-muehelos-aussehen-ich-habe-designer-gebeten-mir-dabei-zu-helfen-mein-zuhause-stilvoll-aber-nicht-gestylt-zu-gestalten\\\/#primaryimage\"},\"thumbnailUrl\":\"https:\\\/\\\/www.strassenweb.de\\\/nachrichten\\\/wp-content\\\/uploads\\\/2024\\\/10\\\/Wie-sorgen-Sie-dafuer-dass-Ihre-Innenraeume-muehelos-aussehen-Ich.jpg\",\"datePublished\":\"2024-10-18T16:41:20+00:00\",\"dateModified\":\"2024-10-18T16:41:21+00:00\",\"breadcrumb\":{\"@id\":\"https:\\\/\\\/www.strassenweb.de\\\/nachrichten\\\/wie-sorgen-sie-dafuer-dass-ihre-innenraeume-muehelos-aussehen-ich-habe-designer-gebeten-mir-dabei-zu-helfen-mein-zuhause-stilvoll-aber-nicht-gestylt-zu-gestalten\\\/#breadcrumb\"},\"inLanguage\":\"de\",\"potentialAction\":[{\"@type\":\"ReadAction\",\"target\":[\"https:\\\/\\\/www.strassenweb.de\\\/nachrichten\\\/wie-sorgen-sie-dafuer-dass-ihre-innenraeume-muehelos-aussehen-ich-habe-designer-gebeten-mir-dabei-zu-helfen-mein-zuhause-stilvoll-aber-nicht-gestylt-zu-gestalten\\\/\"]}]},{\"@type\":\"ImageObject\",\"inLanguage\":\"de\",\"@id\":\"https:\\\/\\\/www.strassenweb.de\\\/nachrichten\\\/wie-sorgen-sie-dafuer-dass-ihre-innenraeume-muehelos-aussehen-ich-habe-designer-gebeten-mir-dabei-zu-helfen-mein-zuhause-stilvoll-aber-nicht-gestylt-zu-gestalten\\\/#primaryimage\",\"url\":\"https:\\\/\\\/www.strassenweb.de\\\/nachrichten\\\/wp-content\\\/uploads\\\/2024\\\/10\\\/Wie-sorgen-Sie-dafuer-dass-Ihre-Innenraeume-muehelos-aussehen-Ich.jpg\",\"contentUrl\":\"https:\\\/\\\/www.strassenweb.de\\\/nachrichten\\\/wp-content\\\/uploads\\\/2024\\\/10\\\/Wie-sorgen-Sie-dafuer-dass-Ihre-Innenraeume-muehelos-aussehen-Ich.jpg\",\"width\":1200,\"height\":675,\"caption\":\"Wie sorgen Sie daf\u00fcr, dass Ihre Innenr\u00e4ume m\u00fchelos aussehen? Ich habe Designer gebeten, mir dabei zu helfen, mein Zuhause stilvoll, aber nicht gestylt zu gestalten\"},{\"@type\":\"BreadcrumbList\",\"@id\":\"https:\\\/\\\/www.strassenweb.de\\\/nachrichten\\\/wie-sorgen-sie-dafuer-dass-ihre-innenraeume-muehelos-aussehen-ich-habe-designer-gebeten-mir-dabei-zu-helfen-mein-zuhause-stilvoll-aber-nicht-gestylt-zu-gestalten\\\/#breadcrumb\",\"itemListElement\":[{\"@type\":\"ListItem\",\"position\":1,\"name\":\"Home\",\"item\":\"https:\\\/\\\/www.strassenweb.de\\\/nachrichten\\\/\"},{\"@type\":\"ListItem\",\"position\":2,\"name\":\"Wie sorgen Sie daf\u00fcr, dass Ihre Innenr\u00e4ume m\u00fchelos aussehen? Ich habe Designer gebeten, mir dabei zu helfen, mein Zuhause stilvoll, aber nicht gestylt zu gestalten\"}]},{\"@type\":\"WebSite\",\"@id\":\"https:\\\/\\\/www.strassenweb.de\\\/nachrichten\\\/#website\",\"url\":\"https:\\\/\\\/www.strassenweb.de\\\/nachrichten\\\/\",\"name\":\"Stra\u00dfenweb\",\"description\":\"Stra\u00dfenverzeichnis f\u00fcr Deutschland\",\"publisher\":{\"@id\":\"https:\\\/\\\/www.strassenweb.de\\\/nachrichten\\\/#organization\"},\"potentialAction\":[{\"@type\":\"SearchAction\",\"target\":{\"@type\":\"EntryPoint\",\"urlTemplate\":\"https:\\\/\\\/www.strassenweb.de\\\/nachrichten\\\/?s={search_term_string}\"},\"query-input\":{\"@type\":\"PropertyValueSpecification\",\"valueRequired\":true,\"valueName\":\"search_term_string\"}}],\"inLanguage\":\"de\"},{\"@type\":\"Organization\",\"@id\":\"https:\\\/\\\/www.strassenweb.de\\\/nachrichten\\\/#organization\",\"name\":\"Stra\u00dfenweb\",\"url\":\"https:\\\/\\\/www.strassenweb.de\\\/nachrichten\\\/\",\"logo\":{\"@type\":\"ImageObject\",\"inLanguage\":\"de\",\"@id\":\"https:\\\/\\\/www.strassenweb.de\\\/nachrichten\\\/#\\\/schema\\\/logo\\\/image\\\/\",\"url\":\"https:\\\/\\\/www.strassenweb.de\\\/nachrichten\\\/wp-content\\\/uploads\\\/2024\\\/09\\\/cropped-favicon.png\",\"contentUrl\":\"https:\\\/\\\/www.strassenweb.de\\\/nachrichten\\\/wp-content\\\/uploads\\\/2024\\\/09\\\/cropped-favicon.png\",\"width\":512,\"height\":512,\"caption\":\"Stra\u00dfenweb\"},\"image\":{\"@id\":\"https:\\\/\\\/www.strassenweb.de\\\/nachrichten\\\/#\\\/schema\\\/logo\\\/image\\\/\"},\"sameAs\":[\"https:\\\/\\\/www.facebook.com\\\/strassenweb\\\/\"]},{\"@type\":\"Person\",\"@id\":\"https:\\\/\\\/www.strassenweb.de\\\/nachrichten\\\/#\\\/schema\\\/person\\\/87c9c9067f1211da429a744dc5a5aa41\",\"name\":\"Robert Hoffmann\",\"image\":{\"@type\":\"ImageObject\",\"inLanguage\":\"de\",\"@id\":\"https:\\\/\\\/www.strassenweb.de\\\/nachrichten\\\/wp-content\\\/uploads\\\/2024\\\/09\\\/strassenweb-150x150.jpg\",\"url\":\"https:\\\/\\\/www.strassenweb.de\\\/nachrichten\\\/wp-content\\\/uploads\\\/2024\\\/09\\\/strassenweb-150x150.jpg\",\"contentUrl\":\"https:\\\/\\\/www.strassenweb.de\\\/nachrichten\\\/wp-content\\\/uploads\\\/2024\\\/09\\\/strassenweb-150x150.jpg\",\"caption\":\"Robert Hoffmann\"},\"description\":\"Ich hei\u00dfe Robert Hoffmann und ich bin ein leidenschaftlicher Verfechter von \u00d6kologie und Biodiversit\u00e4t. Seit meiner Kindheit in den W\u00e4ldern Bayerns f\u00fchle ich mich mit der Natur verbunden und bin entschlossen, sie zu sch\u00fctzen. Heute widme ich mein Leben der Sensibilisierung anderer f\u00fcr die Bedeutung des Umweltschutzes f\u00fcr zuk\u00fcnftige Generationen.\",\"sameAs\":[\"https:\\\/\\\/www.strassenweb.de\\\/\"]}]}<\/script>\n<!-- \/ Yoast SEO plugin. -->","yoast_head_json":{"title":"Wie sorgen Sie daf\u00fcr, dass Ihre Innenr\u00e4ume m\u00fchelos aussehen? Ich habe Designer gebeten, mir dabei zu helfen, mein Zuhause stilvoll, aber nicht gestylt zu gestalten - Nachrichten - Stra\u00dfenweb","robots":{"index":"index","follow":"follow","max-snippet":"max-snippet:-1","max-image-preview":"max-image-preview:large","max-video-preview":"max-video-preview:-1"},"canonical":"https:\/\/www.strassenweb.de\/nachrichten\/wie-sorgen-sie-dafuer-dass-ihre-innenraeume-muehelos-aussehen-ich-habe-designer-gebeten-mir-dabei-zu-helfen-mein-zuhause-stilvoll-aber-nicht-gestylt-zu-gestalten\/","og_locale":"de_DE","og_type":"article","og_title":"Wie sorgen Sie daf\u00fcr, dass Ihre Innenr\u00e4ume m\u00fchelos aussehen? Ich habe Designer gebeten, mir dabei zu helfen, mein Zuhause stilvoll, aber nicht gestylt zu gestalten - Nachrichten - Stra\u00dfenweb","og_description":"Ich bin immer noch sehr unentschlossen, welchen \u201eStil\u201c mein Innendesign haben soll. Ich bin weit entfernt von einem Minimalisten, aber ich w\u00fcrde auch nicht so","og_url":"https:\/\/www.strassenweb.de\/nachrichten\/wie-sorgen-sie-dafuer-dass-ihre-innenraeume-muehelos-aussehen-ich-habe-designer-gebeten-mir-dabei-zu-helfen-mein-zuhause-stilvoll-aber-nicht-gestylt-zu-gestalten\/","og_site_name":"Stra\u00dfenweb","article_publisher":"https:\/\/www.facebook.com\/strassenweb\/","article_published_time":"2024-10-18T16:41:20+00:00","article_modified_time":"2024-10-18T16:41:21+00:00","og_image":[{"width":1200,"height":675,"url":"https:\/\/www.strassenweb.de\/nachrichten\/wp-content\/uploads\/2024\/10\/Wie-sorgen-Sie-dafuer-dass-Ihre-Innenraeume-muehelos-aussehen-Ich.jpg","type":"image\/jpeg"}],"author":"Robert Hoffmann","twitter_card":"summary_large_image","twitter_misc":{"Verfasst von":"Robert Hoffmann","Gesch\u00e4tzte Lesezeit":"9\u00a0Minuten"},"schema":{"@context":"https:\/\/schema.org","@graph":[{"@type":"Article","@id":"https:\/\/www.strassenweb.de\/nachrichten\/wie-sorgen-sie-dafuer-dass-ihre-innenraeume-muehelos-aussehen-ich-habe-designer-gebeten-mir-dabei-zu-helfen-mein-zuhause-stilvoll-aber-nicht-gestylt-zu-gestalten\/#article","isPartOf":{"@id":"https:\/\/www.strassenweb.de\/nachrichten\/wie-sorgen-sie-dafuer-dass-ihre-innenraeume-muehelos-aussehen-ich-habe-designer-gebeten-mir-dabei-zu-helfen-mein-zuhause-stilvoll-aber-nicht-gestylt-zu-gestalten\/"},"author":{"name":"Robert Hoffmann","@id":"https:\/\/www.strassenweb.de\/nachrichten\/#\/schema\/person\/87c9c9067f1211da429a744dc5a5aa41"},"headline":"Wie sorgen Sie daf\u00fcr, dass Ihre Innenr\u00e4ume m\u00fchelos aussehen? Ich habe Designer gebeten, mir dabei zu helfen, mein Zuhause stilvoll, aber nicht gestylt zu gestalten","datePublished":"2024-10-18T16:41:20+00:00","dateModified":"2024-10-18T16:41:21+00:00","mainEntityOfPage":{"@id":"https:\/\/www.strassenweb.de\/nachrichten\/wie-sorgen-sie-dafuer-dass-ihre-innenraeume-muehelos-aussehen-ich-habe-designer-gebeten-mir-dabei-zu-helfen-mein-zuhause-stilvoll-aber-nicht-gestylt-zu-gestalten\/"},"wordCount":1869,"publisher":{"@id":"https:\/\/www.strassenweb.de\/nachrichten\/#organization"},"image":{"@id":"https:\/\/www.strassenweb.de\/nachrichten\/wie-sorgen-sie-dafuer-dass-ihre-innenraeume-muehelos-aussehen-ich-habe-designer-gebeten-mir-dabei-zu-helfen-mein-zuhause-stilvoll-aber-nicht-gestylt-zu-gestalten\/#primaryimage"},"thumbnailUrl":"https:\/\/www.strassenweb.de\/nachrichten\/wp-content\/uploads\/2024\/10\/Wie-sorgen-Sie-dafuer-dass-Ihre-Innenraeume-muehelos-aussehen-Ich.jpg","keywords":["aber","aussehen","dabei","daf\u00fcr","dass","Designer","gebeten","gestalten","gestylt","habe","helfen","ich","ihre","Innenr\u00e4ume","mein","mir","m\u00fchelos","nicht","Sie","sorgen","stilvoll","Wie","Zuhause"],"articleSection":["Haus &amp; Garten"],"inLanguage":"de"},{"@type":"WebPage","@id":"https:\/\/www.strassenweb.de\/nachrichten\/wie-sorgen-sie-dafuer-dass-ihre-innenraeume-muehelos-aussehen-ich-habe-designer-gebeten-mir-dabei-zu-helfen-mein-zuhause-stilvoll-aber-nicht-gestylt-zu-gestalten\/","url":"https:\/\/www.strassenweb.de\/nachrichten\/wie-sorgen-sie-dafuer-dass-ihre-innenraeume-muehelos-aussehen-ich-habe-designer-gebeten-mir-dabei-zu-helfen-mein-zuhause-stilvoll-aber-nicht-gestylt-zu-gestalten\/","name":"Wie sorgen Sie daf\u00fcr, dass Ihre Innenr\u00e4ume m\u00fchelos aussehen? Ich habe Designer gebeten, mir dabei zu helfen, mein Zuhause stilvoll, aber nicht gestylt zu gestalten - Nachrichten - Stra\u00dfenweb","isPartOf":{"@id":"https:\/\/www.strassenweb.de\/nachrichten\/#website"},"primaryImageOfPage":{"@id":"https:\/\/www.strassenweb.de\/nachrichten\/wie-sorgen-sie-dafuer-dass-ihre-innenraeume-muehelos-aussehen-ich-habe-designer-gebeten-mir-dabei-zu-helfen-mein-zuhause-stilvoll-aber-nicht-gestylt-zu-gestalten\/#primaryimage"},"image":{"@id":"https:\/\/www.strassenweb.de\/nachrichten\/wie-sorgen-sie-dafuer-dass-ihre-innenraeume-muehelos-aussehen-ich-habe-designer-gebeten-mir-dabei-zu-helfen-mein-zuhause-stilvoll-aber-nicht-gestylt-zu-gestalten\/#primaryimage"},"thumbnailUrl":"https:\/\/www.strassenweb.de\/nachrichten\/wp-content\/uploads\/2024\/10\/Wie-sorgen-Sie-dafuer-dass-Ihre-Innenraeume-muehelos-aussehen-Ich.jpg","datePublished":"2024-10-18T16:41:20+00:00","dateModified":"2024-10-18T16:41:21+00:00","breadcrumb":{"@id":"https:\/\/www.strassenweb.de\/nachrichten\/wie-sorgen-sie-dafuer-dass-ihre-innenraeume-muehelos-aussehen-ich-habe-designer-gebeten-mir-dabei-zu-helfen-mein-zuhause-stilvoll-aber-nicht-gestylt-zu-gestalten\/#breadcrumb"},"inLanguage":"de","potentialAction":[{"@type":"ReadAction","target":["https:\/\/www.strassenweb.de\/nachrichten\/wie-sorgen-sie-dafuer-dass-ihre-innenraeume-muehelos-aussehen-ich-habe-designer-gebeten-mir-dabei-zu-helfen-mein-zuhause-stilvoll-aber-nicht-gestylt-zu-gestalten\/"]}]},{"@type":"ImageObject","inLanguage":"de","@id":"https:\/\/www.strassenweb.de\/nachrichten\/wie-sorgen-sie-dafuer-dass-ihre-innenraeume-muehelos-aussehen-ich-habe-designer-gebeten-mir-dabei-zu-helfen-mein-zuhause-stilvoll-aber-nicht-gestylt-zu-gestalten\/#primaryimage","url":"https:\/\/www.strassenweb.de\/nachrichten\/wp-content\/uploads\/2024\/10\/Wie-sorgen-Sie-dafuer-dass-Ihre-Innenraeume-muehelos-aussehen-Ich.jpg","contentUrl":"https:\/\/www.strassenweb.de\/nachrichten\/wp-content\/uploads\/2024\/10\/Wie-sorgen-Sie-dafuer-dass-Ihre-Innenraeume-muehelos-aussehen-Ich.jpg","width":1200,"height":675,"caption":"Wie sorgen Sie daf\u00fcr, dass Ihre Innenr\u00e4ume m\u00fchelos aussehen? Ich habe Designer gebeten, mir dabei zu helfen, mein Zuhause stilvoll, aber nicht gestylt zu gestalten"},{"@type":"BreadcrumbList","@id":"https:\/\/www.strassenweb.de\/nachrichten\/wie-sorgen-sie-dafuer-dass-ihre-innenraeume-muehelos-aussehen-ich-habe-designer-gebeten-mir-dabei-zu-helfen-mein-zuhause-stilvoll-aber-nicht-gestylt-zu-gestalten\/#breadcrumb","itemListElement":[{"@type":"ListItem","position":1,"name":"Home","item":"https:\/\/www.strassenweb.de\/nachrichten\/"},{"@type":"ListItem","position":2,"name":"Wie sorgen Sie daf\u00fcr, dass Ihre Innenr\u00e4ume m\u00fchelos aussehen? Ich habe Designer gebeten, mir dabei zu helfen, mein Zuhause stilvoll, aber nicht gestylt zu gestalten"}]},{"@type":"WebSite","@id":"https:\/\/www.strassenweb.de\/nachrichten\/#website","url":"https:\/\/www.strassenweb.de\/nachrichten\/","name":"Stra\u00dfenweb","description":"Stra\u00dfenverzeichnis f\u00fcr Deutschland","publisher":{"@id":"https:\/\/www.strassenweb.de\/nachrichten\/#organization"},"potentialAction":[{"@type":"SearchAction","target":{"@type":"EntryPoint","urlTemplate":"https:\/\/www.strassenweb.de\/nachrichten\/?s={search_term_string}"},"query-input":{"@type":"PropertyValueSpecification","valueRequired":true,"valueName":"search_term_string"}}],"inLanguage":"de"},{"@type":"Organization","@id":"https:\/\/www.strassenweb.de\/nachrichten\/#organization","name":"Stra\u00dfenweb","url":"https:\/\/www.strassenweb.de\/nachrichten\/","logo":{"@type":"ImageObject","inLanguage":"de","@id":"https:\/\/www.strassenweb.de\/nachrichten\/#\/schema\/logo\/image\/","url":"https:\/\/www.strassenweb.de\/nachrichten\/wp-content\/uploads\/2024\/09\/cropped-favicon.png","contentUrl":"https:\/\/www.strassenweb.de\/nachrichten\/wp-content\/uploads\/2024\/09\/cropped-favicon.png","width":512,"height":512,"caption":"Stra\u00dfenweb"},"image":{"@id":"https:\/\/www.strassenweb.de\/nachrichten\/#\/schema\/logo\/image\/"},"sameAs":["https:\/\/www.facebook.com\/strassenweb\/"]},{"@type":"Person","@id":"https:\/\/www.strassenweb.de\/nachrichten\/#\/schema\/person\/87c9c9067f1211da429a744dc5a5aa41","name":"Robert Hoffmann","image":{"@type":"ImageObject","inLanguage":"de","@id":"https:\/\/www.strassenweb.de\/nachrichten\/wp-content\/uploads\/2024\/09\/strassenweb-150x150.jpg","url":"https:\/\/www.strassenweb.de\/nachrichten\/wp-content\/uploads\/2024\/09\/strassenweb-150x150.jpg","contentUrl":"https:\/\/www.strassenweb.de\/nachrichten\/wp-content\/uploads\/2024\/09\/strassenweb-150x150.jpg","caption":"Robert Hoffmann"},"description":"Ich hei\u00dfe Robert Hoffmann und ich bin ein leidenschaftlicher Verfechter von \u00d6kologie und Biodiversit\u00e4t. Seit meiner Kindheit in den W\u00e4ldern Bayerns f\u00fchle ich mich mit der Natur verbunden und bin entschlossen, sie zu sch\u00fctzen. Heute widme ich mein Leben der Sensibilisierung anderer f\u00fcr die Bedeutung des Umweltschutzes f\u00fcr zuk\u00fcnftige Generationen.","sameAs":["https:\/\/www.strassenweb.de\/"]}]}},"_links":{"self":[{"href":"https:\/\/www.strassenweb.de\/nachrichten\/wp-json\/wp\/v2\/posts\/976","targetHints":{"allow":["GET"]}}],"collection":[{"href":"https:\/\/www.strassenweb.de\/nachrichten\/wp-json\/wp\/v2\/posts"}],"about":[{"href":"https:\/\/www.strassenweb.de\/nachrichten\/wp-json\/wp\/v2\/types\/post"}],"author":[{"embeddable":true,"href":"https:\/\/www.strassenweb.de\/nachrichten\/wp-json\/wp\/v2\/users\/1"}],"replies":[{"embeddable":true,"href":"https:\/\/www.strassenweb.de\/nachrichten\/wp-json\/wp\/v2\/comments?post=976"}],"version-history":[{"count":0,"href":"https:\/\/www.strassenweb.de\/nachrichten\/wp-json\/wp\/v2\/posts\/976\/revisions"}],"wp:featuredmedia":[{"embeddable":true,"href":"https:\/\/www.strassenweb.de\/nachrichten\/wp-json\/wp\/v2\/media\/977"}],"wp:attachment":[{"href":"https:\/\/www.strassenweb.de\/nachrichten\/wp-json\/wp\/v2\/media?parent=976"}],"wp:term":[{"taxonomy":"category","embeddable":true,"href":"https:\/\/www.strassenweb.de\/nachrichten\/wp-json\/wp\/v2\/categories?post=976"},{"taxonomy":"post_tag","embeddable":true,"href":"https:\/\/www.strassenweb.de\/nachrichten\/wp-json\/wp\/v2\/tags?post=976"}],"curies":[{"name":"wp","href":"https:\/\/api.w.org\/{rel}","templated":true}]}}