{"id":9636,"date":"2025-12-04T01:39:16","date_gmt":"2025-12-04T00:39:16","guid":{"rendered":"https:\/\/www.strassenweb.de\/nachrichten\/der-traditionell-mit-einem-twist-weihnachtskranz-aus-den-70er-jahren-von-donna-summer-laesst-die-warmen-nostalgischen-feiertagsdesigntrends-wieder-aufleben-nach-denen-wir-uns-im-jahr-2025-sehnen\/"},"modified":"2025-12-04T01:39:16","modified_gmt":"2025-12-04T00:39:16","slug":"der-traditionell-mit-einem-twist-weihnachtskranz-aus-den-70er-jahren-von-donna-summer-laesst-die-warmen-nostalgischen-feiertagsdesigntrends-wieder-aufleben-nach-denen-wir-uns-im-jahr-2025-sehnen","status":"publish","type":"post","link":"https:\/\/www.strassenweb.de\/nachrichten\/der-traditionell-mit-einem-twist-weihnachtskranz-aus-den-70er-jahren-von-donna-summer-laesst-die-warmen-nostalgischen-feiertagsdesigntrends-wieder-aufleben-nach-denen-wir-uns-im-jahr-2025-sehnen\/","title":{"rendered":"Der traditionell-mit-einem-Twist-Weihnachtskranz aus den 70er-Jahren von Donna Summer l\u00e4sst die warmen, nostalgischen Feiertagsdesigntrends wieder aufleben, nach denen wir uns im Jahr 2025 sehnen"},"content":{"rendered":"<p><\/p>\n<div id=\"article-body\" class=\"article__body \">\n<p id=\"3bf04b8b-49c1-48e5-a899-39a12b184d42\">Wenn es ein Thema gibt, das die Weihnachtstrends 2025 mit einer perfekt verpackten Schleife verbindet, dann ist es Nostalgie. Hausbesitzer suchen nach M\u00f6glichkeiten, den Zauber vergangener Feiertage wiederzuerlangen und lassen sich dabei von Urlaubsfilmen der 90er Jahre, dem von Ralph Lauren inspirierten Glamour der 70er Jahre und sogar dem \u00fcppigen, mit Lametta \u00fcbers\u00e4ten Dekor der 80er Jahre inspirieren. Als Promi-Stilexperten blicken wir in die Vergangenheit, um zu sehen, was Geschmacksmacher vergangener Jahrzehnte liebten \u2013 und wie ihr festliches Flair f\u00fcr heute neu erfunden werden kann.<\/p>\n<div id=\"ad-unit-1\" class=\"ad-unit\"><\/div>\n<p>Der Stil von Donna Summer verband Tradition mit einem Hauch organischer W\u00e4rme. Auf einem Foto aus dem Jahr 1976 schm\u00fcckt der Weihnachtskranz der Musikerin ihre dunkle Holzt\u00fcr mit frischen Tannenzweigen, \u00fcbergro\u00dfen Tannenzapfen und einem gr\u00fcnen Band \u2013 wie dieses h\u00fcbsche, h\u00fcbsche lindgr\u00fcne Samtband von Amazon. Das Ergebnis ist einfach, stilvoll und m\u00fchelos nachzubilden.<\/p>\n<p>Wie die gro\u00dfe Beliebtheit der Weihnachts\u00e4sthetik von Ralph Lauren in den sozialen Medien zeigt, hat die von den 70ern inspirierte Dekoration in diesem Jahr einen gro\u00dfen Stellenwert. Der Kranz von Donna Summer bietet eine subtile, raffinierte M\u00f6glichkeit, die warme, einladende Energie dieser \u00c4ra einzufangen, ohne dass gro\u00dfe \u00c4nderungen an Ihrem Zuhause erforderlich sind. Schauen wir genauer hin.<\/p>\n<div class=\"van_vid_carousel\">\n<div class=\"van_vid_carousel__padding\">\n<div class=\"van_vid_carousel__container\"><\/div>\n<\/div>\n<\/div>\n<figure class=\"van-image-figure inline-layout \" data-bordeaux-image-check id=\"393d4346-f041-451e-b3df-c9d100fdf42e\">\n<div class=\"image-full-width-wrapper\">\n<div class=\"image-widthsetter\" style=\"max-width:2000px;\"><\/div>\n<\/div>\n<\/figure>\n<p id=\"42075730-cdf4-4ee1-9208-83e9ff920d61\">Die Beliebtheit dieses Stils ist zum Teil auf die Ablehnung der Moderne zur\u00fcckzuf\u00fchren, die zu einer Hinwendung zu \u00e4lteren Materialien f\u00fchrt, beispielsweise zu Artikeln, die von au\u00dferhalb bezogen werden. Der Kranz von Donna Summer passt mit seinen Tannenzapfen und gr\u00fcnen Zweigen perfekt zu diesem Bio-Weihnachtstrend.<\/p>\n<div id=\"ad-unit-2\" class=\"ad-unit\"><\/div>\n<aside data-block-type=\"embed\" data-render-type=\"fte\" data-skip=\"dealsy\" data-widget-type=\"seasonal\" class=\"hawk-root\"><\/aside>\n<p id=\"42075730-cdf4-4ee1-9208-83e9ff920d61-1\">Johanna Constantinou, Expertin f\u00fcr Innentrends bei Tapi Carpets &#038; Floors, erkl\u00e4rt: \u201eDas Wiederaufleben des Cottagecore-Stils von Ralph Lauren signalisiert die Sehnsucht nach Komfort und einer zeitlosen \u00c4sthetik im Zuhause und erm\u00f6glicht eine s\u00fc\u00dfe Flucht aus dem schnelllebigen, technologiegetriebenen Leben, das wir heute f\u00fchren.\u201c<\/p>\n<h3 class=\"article-body__section\" id=\"section-recreate-donna-summer-s-look-at-home\"><span>Kreieren Sie den Look von Donna Summer zu Hause nach<\/span><\/h3>\n<div class=\"product-container hero-product-container product-block-no-wrap\">\n<div class=\"product-block-row\"><\/div>\n<div class=\"product-block-row\"><\/div>\n<div class=\"product-block-row\"><\/div>\n<div class=\"product-block-row\"><\/div>\n<div class=\"product-block-row\"><\/div>\n<div class=\"product-block-row\"><\/div>\n<\/div>\n<p id=\"c2420315-4ea2-4e23-9c52-2198a47b59ac\">Zus\u00e4tzlich zu einem stilvollen, organischen Kranz tr\u00e4gt die Integration von historischen Materialien in Ihr Zuhause \u2013 wie an der T\u00fcr von Donna Summer zu sehen \u2013 dazu bei, in jedem Raum eine warme, weihnachtliche Atmosph\u00e4re zu schaffen. Diese zeitlosen St\u00fccke k\u00f6nnen im Laufe der Jahre gesammelt werden, da sie nie aus der Mode kommen.<\/p>\n<p>Johanna r\u00e4t: \u201eHolzm\u00f6bel sind eine wunderbare M\u00f6glichkeit, den rustikalen Landhaus-Charme von Ralph Lauren in Ihr Zuhause zu bringen, sei es durch Vintage-Tische oder B\u00fccherregale.\u201c \u201eVintage-Weihnachtsdekorationen \u2013 insbesondere solche aus Messing \u2013 runden den Look ab und sind oft auf Messen und in Antiquit\u00e4tenl\u00e4den zu finden.\u201c<\/p>\n<div id=\"slice-container-newsletterForm-articleInbodyContent-Rkonuvit4eywsruvTF6Yja\" class=\"slice-container newsletter-inbodyContent-slice newsletterForm-articleInbodyContent-Rkonuvit4eywsruvTF6Yja slice-container-newsletterForm\"><\/div>\n<hr id=\"4d0794b3-b935-42ed-8872-4212731daf56\">\n<p id=\"30857951-ca9c-4017-a5ab-5ccce68c0fe7\">Die sch\u00f6nste Weihnachtsdekoration h\u00e4lt ein Leben lang. Ein Kranz, der klassisch ist, aber dennoch eine subtile, stilvolle Note tr\u00e4gt, ist der perfekte Ausgangspunkt.<\/p>\n<\/div>\n","protected":false},"excerpt":{"rendered":"<p>Wenn es ein Thema gibt, das die Weihnachtstrends 2025 mit einer perfekt verpackten Schleife verbindet, dann ist es Nostalgie. Hausbesitzer suchen nach M\u00f6glichkeiten, den Zauber<\/p>\n","protected":false},"author":1,"featured_media":9637,"comment_status":"closed","ping_status":"","sticky":false,"template":"","format":"standard","meta":{"footnotes":""},"categories":[118],"tags":[11453,4170,287,78,2718,81,9,11925,11926,384,1689,341,2563,11092,6997,11924,802,21,636,1440,411],"class_list":["post-9636","post","type-post","status-publish","format-standard","has-post-thumbnail","hentry","category-haus-garten","tag-70erjahren","tag-aufleben","tag-aus","tag-den","tag-denen","tag-der","tag-die","tag-donna","tag-feiertagsdesigntrends","tag-jahr","tag-laesst","tag-nach","tag-nostalgischen","tag-sehnen","tag-summer","tag-traditionellmiteinemtwistweihnachtskranz","tag-uns","tag-von","tag-waermen","tag-wieder","tag-wir","generate-columns","tablet-grid-50","mobile-grid-100","grid-parent","grid-50"],"yoast_head":"<!-- This site is optimized with the Yoast SEO plugin v27.3 - https:\/\/yoast.com\/product\/yoast-seo-wordpress\/ -->\n<title>Der traditionell-mit-einem-Twist-Weihnachtskranz aus den 70er-Jahren von Donna Summer l\u00e4sst die warmen, nostalgischen Feiertagsdesigntrends wieder aufleben, nach denen wir uns im Jahr 2025 sehnen - Nachrichten - Stra\u00dfenweb<\/title>\n<meta name=\"robots\" content=\"index, follow, max-snippet:-1, max-image-preview:large, max-video-preview:-1\" \/>\n<link rel=\"canonical\" href=\"https:\/\/www.strassenweb.de\/nachrichten\/der-traditionell-mit-einem-twist-weihnachtskranz-aus-den-70er-jahren-von-donna-summer-laesst-die-warmen-nostalgischen-feiertagsdesigntrends-wieder-aufleben-nach-denen-wir-uns-im-jahr-2025-sehnen\/\" \/>\n<meta property=\"og:locale\" content=\"de_DE\" \/>\n<meta property=\"og:type\" content=\"article\" \/>\n<meta property=\"og:title\" content=\"Der traditionell-mit-einem-Twist-Weihnachtskranz aus den 70er-Jahren von Donna Summer l\u00e4sst die warmen, nostalgischen Feiertagsdesigntrends wieder aufleben, nach denen wir uns im Jahr 2025 sehnen - Nachrichten - Stra\u00dfenweb\" \/>\n<meta property=\"og:description\" content=\"Wenn es ein Thema gibt, das die Weihnachtstrends 2025 mit einer perfekt verpackten Schleife verbindet, dann ist es Nostalgie. Hausbesitzer suchen nach M\u00f6glichkeiten, den Zauber\" \/>\n<meta property=\"og:url\" content=\"https:\/\/www.strassenweb.de\/nachrichten\/der-traditionell-mit-einem-twist-weihnachtskranz-aus-den-70er-jahren-von-donna-summer-laesst-die-warmen-nostalgischen-feiertagsdesigntrends-wieder-aufleben-nach-denen-wir-uns-im-jahr-2025-sehnen\/\" \/>\n<meta property=\"og:site_name\" content=\"Stra\u00dfenweb\" \/>\n<meta property=\"article:publisher\" content=\"https:\/\/www.facebook.com\/strassenweb\/\" \/>\n<meta property=\"article:published_time\" content=\"2025-12-04T00:39:16+00:00\" \/>\n<meta property=\"og:image\" content=\"https:\/\/www.strassenweb.de\/nachrichten\/wp-content\/uploads\/2025\/12\/Der-traditionell-mit-einem-Twist-Weihnachtskranz-aus-den-70er-Jahren-von-Donna-Summer-laesst-die.jpg\" \/>\n\t<meta property=\"og:image:width\" content=\"1600\" \/>\n\t<meta property=\"og:image:height\" content=\"900\" \/>\n\t<meta property=\"og:image:type\" content=\"image\/jpeg\" \/>\n<meta name=\"author\" content=\"Robert Hoffmann\" \/>\n<meta name=\"twitter:card\" content=\"summary_large_image\" \/>\n<meta name=\"twitter:label1\" content=\"Verfasst von\" \/>\n\t<meta name=\"twitter:data1\" content=\"Robert Hoffmann\" \/>\n\t<meta name=\"twitter:label2\" content=\"Gesch\u00e4tzte Lesezeit\" \/>\n\t<meta name=\"twitter:data2\" content=\"2\u00a0Minuten\" \/>\n<script type=\"application\/ld+json\" class=\"yoast-schema-graph\">{\"@context\":\"https:\\\/\\\/schema.org\",\"@graph\":[{\"@type\":\"Article\",\"@id\":\"https:\\\/\\\/www.strassenweb.de\\\/nachrichten\\\/der-traditionell-mit-einem-twist-weihnachtskranz-aus-den-70er-jahren-von-donna-summer-laesst-die-warmen-nostalgischen-feiertagsdesigntrends-wieder-aufleben-nach-denen-wir-uns-im-jahr-2025-sehnen\\\/#article\",\"isPartOf\":{\"@id\":\"https:\\\/\\\/www.strassenweb.de\\\/nachrichten\\\/der-traditionell-mit-einem-twist-weihnachtskranz-aus-den-70er-jahren-von-donna-summer-laesst-die-warmen-nostalgischen-feiertagsdesigntrends-wieder-aufleben-nach-denen-wir-uns-im-jahr-2025-sehnen\\\/\"},\"author\":{\"name\":\"Robert Hoffmann\",\"@id\":\"https:\\\/\\\/www.strassenweb.de\\\/nachrichten\\\/#\\\/schema\\\/person\\\/87c9c9067f1211da429a744dc5a5aa41\"},\"headline\":\"Der traditionell-mit-einem-Twist-Weihnachtskranz aus den 70er-Jahren von Donna Summer l\u00e4sst die warmen, nostalgischen Feiertagsdesigntrends wieder aufleben, nach denen wir uns im Jahr 2025 sehnen\",\"datePublished\":\"2025-12-04T00:39:16+00:00\",\"mainEntityOfPage\":{\"@id\":\"https:\\\/\\\/www.strassenweb.de\\\/nachrichten\\\/der-traditionell-mit-einem-twist-weihnachtskranz-aus-den-70er-jahren-von-donna-summer-laesst-die-warmen-nostalgischen-feiertagsdesigntrends-wieder-aufleben-nach-denen-wir-uns-im-jahr-2025-sehnen\\\/\"},\"wordCount\":471,\"publisher\":{\"@id\":\"https:\\\/\\\/www.strassenweb.de\\\/nachrichten\\\/#organization\"},\"image\":{\"@id\":\"https:\\\/\\\/www.strassenweb.de\\\/nachrichten\\\/der-traditionell-mit-einem-twist-weihnachtskranz-aus-den-70er-jahren-von-donna-summer-laesst-die-warmen-nostalgischen-feiertagsdesigntrends-wieder-aufleben-nach-denen-wir-uns-im-jahr-2025-sehnen\\\/#primaryimage\"},\"thumbnailUrl\":\"https:\\\/\\\/www.strassenweb.de\\\/nachrichten\\\/wp-content\\\/uploads\\\/2025\\\/12\\\/Der-traditionell-mit-einem-Twist-Weihnachtskranz-aus-den-70er-Jahren-von-Donna-Summer-laesst-die.jpg\",\"keywords\":[\"70erJahren\",\"aufleben\",\"aus\",\"den\",\"denen\",\"der\",\"die\",\"Donna\",\"Feiertagsdesigntrends\",\"Jahr\",\"l\u00e4sst\",\"Nach\",\"nostalgischen\",\"sehnen\",\"Summer\",\"traditionellmiteinemTwistWeihnachtskranz\",\"uns\",\"von\",\"w\u00e4rmen\",\"wieder\",\"wir\"],\"articleSection\":[\"Haus &amp; Garten\"],\"inLanguage\":\"de\"},{\"@type\":\"WebPage\",\"@id\":\"https:\\\/\\\/www.strassenweb.de\\\/nachrichten\\\/der-traditionell-mit-einem-twist-weihnachtskranz-aus-den-70er-jahren-von-donna-summer-laesst-die-warmen-nostalgischen-feiertagsdesigntrends-wieder-aufleben-nach-denen-wir-uns-im-jahr-2025-sehnen\\\/\",\"url\":\"https:\\\/\\\/www.strassenweb.de\\\/nachrichten\\\/der-traditionell-mit-einem-twist-weihnachtskranz-aus-den-70er-jahren-von-donna-summer-laesst-die-warmen-nostalgischen-feiertagsdesigntrends-wieder-aufleben-nach-denen-wir-uns-im-jahr-2025-sehnen\\\/\",\"name\":\"Der traditionell-mit-einem-Twist-Weihnachtskranz aus den 70er-Jahren von Donna Summer l\u00e4sst die warmen, nostalgischen Feiertagsdesigntrends wieder aufleben, nach denen wir uns im Jahr 2025 sehnen - Nachrichten - Stra\u00dfenweb\",\"isPartOf\":{\"@id\":\"https:\\\/\\\/www.strassenweb.de\\\/nachrichten\\\/#website\"},\"primaryImageOfPage\":{\"@id\":\"https:\\\/\\\/www.strassenweb.de\\\/nachrichten\\\/der-traditionell-mit-einem-twist-weihnachtskranz-aus-den-70er-jahren-von-donna-summer-laesst-die-warmen-nostalgischen-feiertagsdesigntrends-wieder-aufleben-nach-denen-wir-uns-im-jahr-2025-sehnen\\\/#primaryimage\"},\"image\":{\"@id\":\"https:\\\/\\\/www.strassenweb.de\\\/nachrichten\\\/der-traditionell-mit-einem-twist-weihnachtskranz-aus-den-70er-jahren-von-donna-summer-laesst-die-warmen-nostalgischen-feiertagsdesigntrends-wieder-aufleben-nach-denen-wir-uns-im-jahr-2025-sehnen\\\/#primaryimage\"},\"thumbnailUrl\":\"https:\\\/\\\/www.strassenweb.de\\\/nachrichten\\\/wp-content\\\/uploads\\\/2025\\\/12\\\/Der-traditionell-mit-einem-Twist-Weihnachtskranz-aus-den-70er-Jahren-von-Donna-Summer-laesst-die.jpg\",\"datePublished\":\"2025-12-04T00:39:16+00:00\",\"breadcrumb\":{\"@id\":\"https:\\\/\\\/www.strassenweb.de\\\/nachrichten\\\/der-traditionell-mit-einem-twist-weihnachtskranz-aus-den-70er-jahren-von-donna-summer-laesst-die-warmen-nostalgischen-feiertagsdesigntrends-wieder-aufleben-nach-denen-wir-uns-im-jahr-2025-sehnen\\\/#breadcrumb\"},\"inLanguage\":\"de\",\"potentialAction\":[{\"@type\":\"ReadAction\",\"target\":[\"https:\\\/\\\/www.strassenweb.de\\\/nachrichten\\\/der-traditionell-mit-einem-twist-weihnachtskranz-aus-den-70er-jahren-von-donna-summer-laesst-die-warmen-nostalgischen-feiertagsdesigntrends-wieder-aufleben-nach-denen-wir-uns-im-jahr-2025-sehnen\\\/\"]}]},{\"@type\":\"ImageObject\",\"inLanguage\":\"de\",\"@id\":\"https:\\\/\\\/www.strassenweb.de\\\/nachrichten\\\/der-traditionell-mit-einem-twist-weihnachtskranz-aus-den-70er-jahren-von-donna-summer-laesst-die-warmen-nostalgischen-feiertagsdesigntrends-wieder-aufleben-nach-denen-wir-uns-im-jahr-2025-sehnen\\\/#primaryimage\",\"url\":\"https:\\\/\\\/www.strassenweb.de\\\/nachrichten\\\/wp-content\\\/uploads\\\/2025\\\/12\\\/Der-traditionell-mit-einem-Twist-Weihnachtskranz-aus-den-70er-Jahren-von-Donna-Summer-laesst-die.jpg\",\"contentUrl\":\"https:\\\/\\\/www.strassenweb.de\\\/nachrichten\\\/wp-content\\\/uploads\\\/2025\\\/12\\\/Der-traditionell-mit-einem-Twist-Weihnachtskranz-aus-den-70er-Jahren-von-Donna-Summer-laesst-die.jpg\",\"width\":1600,\"height\":900,\"caption\":\"donna summer and her pinecone wreath\"},{\"@type\":\"BreadcrumbList\",\"@id\":\"https:\\\/\\\/www.strassenweb.de\\\/nachrichten\\\/der-traditionell-mit-einem-twist-weihnachtskranz-aus-den-70er-jahren-von-donna-summer-laesst-die-warmen-nostalgischen-feiertagsdesigntrends-wieder-aufleben-nach-denen-wir-uns-im-jahr-2025-sehnen\\\/#breadcrumb\",\"itemListElement\":[{\"@type\":\"ListItem\",\"position\":1,\"name\":\"Home\",\"item\":\"https:\\\/\\\/www.strassenweb.de\\\/nachrichten\\\/\"},{\"@type\":\"ListItem\",\"position\":2,\"name\":\"Der traditionell-mit-einem-Twist-Weihnachtskranz aus den 70er-Jahren von Donna Summer l\u00e4sst die warmen, nostalgischen Feiertagsdesigntrends wieder aufleben, nach denen wir uns im Jahr 2025 sehnen\"}]},{\"@type\":\"WebSite\",\"@id\":\"https:\\\/\\\/www.strassenweb.de\\\/nachrichten\\\/#website\",\"url\":\"https:\\\/\\\/www.strassenweb.de\\\/nachrichten\\\/\",\"name\":\"Stra\u00dfenweb\",\"description\":\"Stra\u00dfenverzeichnis f\u00fcr Deutschland\",\"publisher\":{\"@id\":\"https:\\\/\\\/www.strassenweb.de\\\/nachrichten\\\/#organization\"},\"potentialAction\":[{\"@type\":\"SearchAction\",\"target\":{\"@type\":\"EntryPoint\",\"urlTemplate\":\"https:\\\/\\\/www.strassenweb.de\\\/nachrichten\\\/?s={search_term_string}\"},\"query-input\":{\"@type\":\"PropertyValueSpecification\",\"valueRequired\":true,\"valueName\":\"search_term_string\"}}],\"inLanguage\":\"de\"},{\"@type\":\"Organization\",\"@id\":\"https:\\\/\\\/www.strassenweb.de\\\/nachrichten\\\/#organization\",\"name\":\"Stra\u00dfenweb\",\"url\":\"https:\\\/\\\/www.strassenweb.de\\\/nachrichten\\\/\",\"logo\":{\"@type\":\"ImageObject\",\"inLanguage\":\"de\",\"@id\":\"https:\\\/\\\/www.strassenweb.de\\\/nachrichten\\\/#\\\/schema\\\/logo\\\/image\\\/\",\"url\":\"https:\\\/\\\/www.strassenweb.de\\\/nachrichten\\\/wp-content\\\/uploads\\\/2024\\\/09\\\/cropped-favicon.png\",\"contentUrl\":\"https:\\\/\\\/www.strassenweb.de\\\/nachrichten\\\/wp-content\\\/uploads\\\/2024\\\/09\\\/cropped-favicon.png\",\"width\":512,\"height\":512,\"caption\":\"Stra\u00dfenweb\"},\"image\":{\"@id\":\"https:\\\/\\\/www.strassenweb.de\\\/nachrichten\\\/#\\\/schema\\\/logo\\\/image\\\/\"},\"sameAs\":[\"https:\\\/\\\/www.facebook.com\\\/strassenweb\\\/\"]},{\"@type\":\"Person\",\"@id\":\"https:\\\/\\\/www.strassenweb.de\\\/nachrichten\\\/#\\\/schema\\\/person\\\/87c9c9067f1211da429a744dc5a5aa41\",\"name\":\"Robert Hoffmann\",\"image\":{\"@type\":\"ImageObject\",\"inLanguage\":\"de\",\"@id\":\"https:\\\/\\\/www.strassenweb.de\\\/nachrichten\\\/wp-content\\\/uploads\\\/2024\\\/09\\\/strassenweb-150x150.jpg\",\"url\":\"https:\\\/\\\/www.strassenweb.de\\\/nachrichten\\\/wp-content\\\/uploads\\\/2024\\\/09\\\/strassenweb-150x150.jpg\",\"contentUrl\":\"https:\\\/\\\/www.strassenweb.de\\\/nachrichten\\\/wp-content\\\/uploads\\\/2024\\\/09\\\/strassenweb-150x150.jpg\",\"caption\":\"Robert Hoffmann\"},\"description\":\"Ich hei\u00dfe Robert Hoffmann und ich bin ein leidenschaftlicher Verfechter von \u00d6kologie und Biodiversit\u00e4t. Seit meiner Kindheit in den W\u00e4ldern Bayerns f\u00fchle ich mich mit der Natur verbunden und bin entschlossen, sie zu sch\u00fctzen. Heute widme ich mein Leben der Sensibilisierung anderer f\u00fcr die Bedeutung des Umweltschutzes f\u00fcr zuk\u00fcnftige Generationen.\",\"sameAs\":[\"https:\\\/\\\/www.strassenweb.de\\\/\"]}]}<\/script>\n<!-- \/ Yoast SEO plugin. -->","yoast_head_json":{"title":"Der traditionell-mit-einem-Twist-Weihnachtskranz aus den 70er-Jahren von Donna Summer l\u00e4sst die warmen, nostalgischen Feiertagsdesigntrends wieder aufleben, nach denen wir uns im Jahr 2025 sehnen - Nachrichten - Stra\u00dfenweb","robots":{"index":"index","follow":"follow","max-snippet":"max-snippet:-1","max-image-preview":"max-image-preview:large","max-video-preview":"max-video-preview:-1"},"canonical":"https:\/\/www.strassenweb.de\/nachrichten\/der-traditionell-mit-einem-twist-weihnachtskranz-aus-den-70er-jahren-von-donna-summer-laesst-die-warmen-nostalgischen-feiertagsdesigntrends-wieder-aufleben-nach-denen-wir-uns-im-jahr-2025-sehnen\/","og_locale":"de_DE","og_type":"article","og_title":"Der traditionell-mit-einem-Twist-Weihnachtskranz aus den 70er-Jahren von Donna Summer l\u00e4sst die warmen, nostalgischen Feiertagsdesigntrends wieder aufleben, nach denen wir uns im Jahr 2025 sehnen - Nachrichten - Stra\u00dfenweb","og_description":"Wenn es ein Thema gibt, das die Weihnachtstrends 2025 mit einer perfekt verpackten Schleife verbindet, dann ist es Nostalgie. Hausbesitzer suchen nach M\u00f6glichkeiten, den Zauber","og_url":"https:\/\/www.strassenweb.de\/nachrichten\/der-traditionell-mit-einem-twist-weihnachtskranz-aus-den-70er-jahren-von-donna-summer-laesst-die-warmen-nostalgischen-feiertagsdesigntrends-wieder-aufleben-nach-denen-wir-uns-im-jahr-2025-sehnen\/","og_site_name":"Stra\u00dfenweb","article_publisher":"https:\/\/www.facebook.com\/strassenweb\/","article_published_time":"2025-12-04T00:39:16+00:00","og_image":[{"width":1600,"height":900,"url":"https:\/\/www.strassenweb.de\/nachrichten\/wp-content\/uploads\/2025\/12\/Der-traditionell-mit-einem-Twist-Weihnachtskranz-aus-den-70er-Jahren-von-Donna-Summer-laesst-die.jpg","type":"image\/jpeg"}],"author":"Robert Hoffmann","twitter_card":"summary_large_image","twitter_misc":{"Verfasst von":"Robert Hoffmann","Gesch\u00e4tzte Lesezeit":"2\u00a0Minuten"},"schema":{"@context":"https:\/\/schema.org","@graph":[{"@type":"Article","@id":"https:\/\/www.strassenweb.de\/nachrichten\/der-traditionell-mit-einem-twist-weihnachtskranz-aus-den-70er-jahren-von-donna-summer-laesst-die-warmen-nostalgischen-feiertagsdesigntrends-wieder-aufleben-nach-denen-wir-uns-im-jahr-2025-sehnen\/#article","isPartOf":{"@id":"https:\/\/www.strassenweb.de\/nachrichten\/der-traditionell-mit-einem-twist-weihnachtskranz-aus-den-70er-jahren-von-donna-summer-laesst-die-warmen-nostalgischen-feiertagsdesigntrends-wieder-aufleben-nach-denen-wir-uns-im-jahr-2025-sehnen\/"},"author":{"name":"Robert Hoffmann","@id":"https:\/\/www.strassenweb.de\/nachrichten\/#\/schema\/person\/87c9c9067f1211da429a744dc5a5aa41"},"headline":"Der traditionell-mit-einem-Twist-Weihnachtskranz aus den 70er-Jahren von Donna Summer l\u00e4sst die warmen, nostalgischen Feiertagsdesigntrends wieder aufleben, nach denen wir uns im Jahr 2025 sehnen","datePublished":"2025-12-04T00:39:16+00:00","mainEntityOfPage":{"@id":"https:\/\/www.strassenweb.de\/nachrichten\/der-traditionell-mit-einem-twist-weihnachtskranz-aus-den-70er-jahren-von-donna-summer-laesst-die-warmen-nostalgischen-feiertagsdesigntrends-wieder-aufleben-nach-denen-wir-uns-im-jahr-2025-sehnen\/"},"wordCount":471,"publisher":{"@id":"https:\/\/www.strassenweb.de\/nachrichten\/#organization"},"image":{"@id":"https:\/\/www.strassenweb.de\/nachrichten\/der-traditionell-mit-einem-twist-weihnachtskranz-aus-den-70er-jahren-von-donna-summer-laesst-die-warmen-nostalgischen-feiertagsdesigntrends-wieder-aufleben-nach-denen-wir-uns-im-jahr-2025-sehnen\/#primaryimage"},"thumbnailUrl":"https:\/\/www.strassenweb.de\/nachrichten\/wp-content\/uploads\/2025\/12\/Der-traditionell-mit-einem-Twist-Weihnachtskranz-aus-den-70er-Jahren-von-Donna-Summer-laesst-die.jpg","keywords":["70erJahren","aufleben","aus","den","denen","der","die","Donna","Feiertagsdesigntrends","Jahr","l\u00e4sst","Nach","nostalgischen","sehnen","Summer","traditionellmiteinemTwistWeihnachtskranz","uns","von","w\u00e4rmen","wieder","wir"],"articleSection":["Haus &amp; Garten"],"inLanguage":"de"},{"@type":"WebPage","@id":"https:\/\/www.strassenweb.de\/nachrichten\/der-traditionell-mit-einem-twist-weihnachtskranz-aus-den-70er-jahren-von-donna-summer-laesst-die-warmen-nostalgischen-feiertagsdesigntrends-wieder-aufleben-nach-denen-wir-uns-im-jahr-2025-sehnen\/","url":"https:\/\/www.strassenweb.de\/nachrichten\/der-traditionell-mit-einem-twist-weihnachtskranz-aus-den-70er-jahren-von-donna-summer-laesst-die-warmen-nostalgischen-feiertagsdesigntrends-wieder-aufleben-nach-denen-wir-uns-im-jahr-2025-sehnen\/","name":"Der traditionell-mit-einem-Twist-Weihnachtskranz aus den 70er-Jahren von Donna Summer l\u00e4sst die warmen, nostalgischen Feiertagsdesigntrends wieder aufleben, nach denen wir uns im Jahr 2025 sehnen - Nachrichten - Stra\u00dfenweb","isPartOf":{"@id":"https:\/\/www.strassenweb.de\/nachrichten\/#website"},"primaryImageOfPage":{"@id":"https:\/\/www.strassenweb.de\/nachrichten\/der-traditionell-mit-einem-twist-weihnachtskranz-aus-den-70er-jahren-von-donna-summer-laesst-die-warmen-nostalgischen-feiertagsdesigntrends-wieder-aufleben-nach-denen-wir-uns-im-jahr-2025-sehnen\/#primaryimage"},"image":{"@id":"https:\/\/www.strassenweb.de\/nachrichten\/der-traditionell-mit-einem-twist-weihnachtskranz-aus-den-70er-jahren-von-donna-summer-laesst-die-warmen-nostalgischen-feiertagsdesigntrends-wieder-aufleben-nach-denen-wir-uns-im-jahr-2025-sehnen\/#primaryimage"},"thumbnailUrl":"https:\/\/www.strassenweb.de\/nachrichten\/wp-content\/uploads\/2025\/12\/Der-traditionell-mit-einem-Twist-Weihnachtskranz-aus-den-70er-Jahren-von-Donna-Summer-laesst-die.jpg","datePublished":"2025-12-04T00:39:16+00:00","breadcrumb":{"@id":"https:\/\/www.strassenweb.de\/nachrichten\/der-traditionell-mit-einem-twist-weihnachtskranz-aus-den-70er-jahren-von-donna-summer-laesst-die-warmen-nostalgischen-feiertagsdesigntrends-wieder-aufleben-nach-denen-wir-uns-im-jahr-2025-sehnen\/#breadcrumb"},"inLanguage":"de","potentialAction":[{"@type":"ReadAction","target":["https:\/\/www.strassenweb.de\/nachrichten\/der-traditionell-mit-einem-twist-weihnachtskranz-aus-den-70er-jahren-von-donna-summer-laesst-die-warmen-nostalgischen-feiertagsdesigntrends-wieder-aufleben-nach-denen-wir-uns-im-jahr-2025-sehnen\/"]}]},{"@type":"ImageObject","inLanguage":"de","@id":"https:\/\/www.strassenweb.de\/nachrichten\/der-traditionell-mit-einem-twist-weihnachtskranz-aus-den-70er-jahren-von-donna-summer-laesst-die-warmen-nostalgischen-feiertagsdesigntrends-wieder-aufleben-nach-denen-wir-uns-im-jahr-2025-sehnen\/#primaryimage","url":"https:\/\/www.strassenweb.de\/nachrichten\/wp-content\/uploads\/2025\/12\/Der-traditionell-mit-einem-Twist-Weihnachtskranz-aus-den-70er-Jahren-von-Donna-Summer-laesst-die.jpg","contentUrl":"https:\/\/www.strassenweb.de\/nachrichten\/wp-content\/uploads\/2025\/12\/Der-traditionell-mit-einem-Twist-Weihnachtskranz-aus-den-70er-Jahren-von-Donna-Summer-laesst-die.jpg","width":1600,"height":900,"caption":"donna summer and her pinecone wreath"},{"@type":"BreadcrumbList","@id":"https:\/\/www.strassenweb.de\/nachrichten\/der-traditionell-mit-einem-twist-weihnachtskranz-aus-den-70er-jahren-von-donna-summer-laesst-die-warmen-nostalgischen-feiertagsdesigntrends-wieder-aufleben-nach-denen-wir-uns-im-jahr-2025-sehnen\/#breadcrumb","itemListElement":[{"@type":"ListItem","position":1,"name":"Home","item":"https:\/\/www.strassenweb.de\/nachrichten\/"},{"@type":"ListItem","position":2,"name":"Der traditionell-mit-einem-Twist-Weihnachtskranz aus den 70er-Jahren von Donna Summer l\u00e4sst die warmen, nostalgischen Feiertagsdesigntrends wieder aufleben, nach denen wir uns im Jahr 2025 sehnen"}]},{"@type":"WebSite","@id":"https:\/\/www.strassenweb.de\/nachrichten\/#website","url":"https:\/\/www.strassenweb.de\/nachrichten\/","name":"Stra\u00dfenweb","description":"Stra\u00dfenverzeichnis f\u00fcr Deutschland","publisher":{"@id":"https:\/\/www.strassenweb.de\/nachrichten\/#organization"},"potentialAction":[{"@type":"SearchAction","target":{"@type":"EntryPoint","urlTemplate":"https:\/\/www.strassenweb.de\/nachrichten\/?s={search_term_string}"},"query-input":{"@type":"PropertyValueSpecification","valueRequired":true,"valueName":"search_term_string"}}],"inLanguage":"de"},{"@type":"Organization","@id":"https:\/\/www.strassenweb.de\/nachrichten\/#organization","name":"Stra\u00dfenweb","url":"https:\/\/www.strassenweb.de\/nachrichten\/","logo":{"@type":"ImageObject","inLanguage":"de","@id":"https:\/\/www.strassenweb.de\/nachrichten\/#\/schema\/logo\/image\/","url":"https:\/\/www.strassenweb.de\/nachrichten\/wp-content\/uploads\/2024\/09\/cropped-favicon.png","contentUrl":"https:\/\/www.strassenweb.de\/nachrichten\/wp-content\/uploads\/2024\/09\/cropped-favicon.png","width":512,"height":512,"caption":"Stra\u00dfenweb"},"image":{"@id":"https:\/\/www.strassenweb.de\/nachrichten\/#\/schema\/logo\/image\/"},"sameAs":["https:\/\/www.facebook.com\/strassenweb\/"]},{"@type":"Person","@id":"https:\/\/www.strassenweb.de\/nachrichten\/#\/schema\/person\/87c9c9067f1211da429a744dc5a5aa41","name":"Robert Hoffmann","image":{"@type":"ImageObject","inLanguage":"de","@id":"https:\/\/www.strassenweb.de\/nachrichten\/wp-content\/uploads\/2024\/09\/strassenweb-150x150.jpg","url":"https:\/\/www.strassenweb.de\/nachrichten\/wp-content\/uploads\/2024\/09\/strassenweb-150x150.jpg","contentUrl":"https:\/\/www.strassenweb.de\/nachrichten\/wp-content\/uploads\/2024\/09\/strassenweb-150x150.jpg","caption":"Robert Hoffmann"},"description":"Ich hei\u00dfe Robert Hoffmann und ich bin ein leidenschaftlicher Verfechter von \u00d6kologie und Biodiversit\u00e4t. Seit meiner Kindheit in den W\u00e4ldern Bayerns f\u00fchle ich mich mit der Natur verbunden und bin entschlossen, sie zu sch\u00fctzen. Heute widme ich mein Leben der Sensibilisierung anderer f\u00fcr die Bedeutung des Umweltschutzes f\u00fcr zuk\u00fcnftige Generationen.","sameAs":["https:\/\/www.strassenweb.de\/"]}]}},"_links":{"self":[{"href":"https:\/\/www.strassenweb.de\/nachrichten\/wp-json\/wp\/v2\/posts\/9636","targetHints":{"allow":["GET"]}}],"collection":[{"href":"https:\/\/www.strassenweb.de\/nachrichten\/wp-json\/wp\/v2\/posts"}],"about":[{"href":"https:\/\/www.strassenweb.de\/nachrichten\/wp-json\/wp\/v2\/types\/post"}],"author":[{"embeddable":true,"href":"https:\/\/www.strassenweb.de\/nachrichten\/wp-json\/wp\/v2\/users\/1"}],"replies":[{"embeddable":true,"href":"https:\/\/www.strassenweb.de\/nachrichten\/wp-json\/wp\/v2\/comments?post=9636"}],"version-history":[{"count":0,"href":"https:\/\/www.strassenweb.de\/nachrichten\/wp-json\/wp\/v2\/posts\/9636\/revisions"}],"wp:featuredmedia":[{"embeddable":true,"href":"https:\/\/www.strassenweb.de\/nachrichten\/wp-json\/wp\/v2\/media\/9637"}],"wp:attachment":[{"href":"https:\/\/www.strassenweb.de\/nachrichten\/wp-json\/wp\/v2\/media?parent=9636"}],"wp:term":[{"taxonomy":"category","embeddable":true,"href":"https:\/\/www.strassenweb.de\/nachrichten\/wp-json\/wp\/v2\/categories?post=9636"},{"taxonomy":"post_tag","embeddable":true,"href":"https:\/\/www.strassenweb.de\/nachrichten\/wp-json\/wp\/v2\/tags?post=9636"}],"curies":[{"name":"wp","href":"https:\/\/api.w.org\/{rel}","templated":true}]}}