{"id":9624,"date":"2025-12-03T13:39:27","date_gmt":"2025-12-03T12:39:27","guid":{"rendered":"https:\/\/www.strassenweb.de\/nachrichten\/riskieren-sie-diesen-winter-nicht-die-gesundheit-ihrer-pflanzen-7-baeume-und-straeucher-die-sie-im-dezember-niemals-beschneiden-sollten\/"},"modified":"2025-12-03T13:39:28","modified_gmt":"2025-12-03T12:39:28","slug":"riskieren-sie-diesen-winter-nicht-die-gesundheit-ihrer-pflanzen-7-baeume-und-straeucher-die-sie-im-dezember-niemals-beschneiden-sollten","status":"publish","type":"post","link":"https:\/\/www.strassenweb.de\/nachrichten\/riskieren-sie-diesen-winter-nicht-die-gesundheit-ihrer-pflanzen-7-baeume-und-straeucher-die-sie-im-dezember-niemals-beschneiden-sollten\/","title":{"rendered":"Riskieren Sie diesen Winter nicht die Gesundheit Ihrer Pflanzen \u2013 7 B\u00e4ume und Str\u00e4ucher, die Sie im Dezember niemals beschneiden sollten"},"content":{"rendered":"<p><\/p>\n<div id=\"article-body\" class=\"article__body \">\n<p id=\"f367224b-79e7-4bf2-8b37-67c3f19eec87\">Der Dezember ist Mittwinter und kann eine riskante Zeit f\u00fcr den Schnitt sein. Der Schnitt von B\u00e4umen und Str\u00e4uchern muss, wenn \u00fcberhaupt, zum richtigen Zeitpunkt im Monat erfolgen. Es gibt jedoch einige Pflanzen, bei denen Sie im Dezember niemals die Schnittwerkzeuge verwenden sollten.<\/p>\n<div id=\"ad-unit-1\" class=\"ad-unit\"><\/div>\n<p>Zu den potenziellen Gefahren beim Beschneiden der falschen Pflanzen im Dezember geh\u00f6rt das Entfernen von Bl\u00fctenknospen, die Zerst\u00f6rung potenzieller Bl\u00fctenpracht und die erh\u00f6hte Anf\u00e4lligkeit der Pflanzen f\u00fcr Sch\u00e4den durch K\u00e4lte und Frost. Einige k\u00f6nnen durch den Schnitt im Winter auch stark bluten und bei einem Schnitt in diesem Monat besteht ein h\u00f6heres Infektionsrisiko.<\/p>\n<p class=\"paywall\" aria-hidden=\"true\">Damit Sie in diesem Monat keine Fehler beim Beschneiden machen, stellt dieser Leitfaden sieben Pflanzen vor, die Sie im Dezember niemals beschneiden sollten. Wenn Sie die Schnittwerkzeuge von diesen Pflanzen fernhalten, vermeiden Sie die Zerst\u00f6rung von Bl\u00fcten, die Belastung von B\u00e4umen oder Str\u00e4uchern, das Absterben oder die unn\u00f6tige Gef\u00e4hrdung von Pflanzen in Ihrem Garten.<\/p>\n<div class=\"van_vid_carousel\">\n<div class=\"van_vid_carousel__padding\">\n<div class=\"van_vid_carousel__container\"><\/div>\n<\/div>\n<\/div>\n<figure class=\"van-image-figure inline-layout \" data-bordeaux-image-check id=\"229e074d-393a-448a-940e-68fae4b182f3\">\n<div class=\"image-full-width-wrapper\">\n<div class=\"image-widthsetter\" style=\"max-width:2400px;\"><\/div>\n<\/div>\n<\/figure>\n<h2 id=\"7-more-plants-to-never-prune-in-december-3\">7 weitere Pflanzen, die Sie im Dezember niemals beschneiden sollten <\/h2>\n<aside data-block-type=\"embed\" data-render-type=\"fte\" data-skip=\"dealsy\" data-widget-type=\"seasonal\" class=\"hawk-root\"><\/aside>\n<p id=\"d82f1bc4-1ec6-46d1-9553-425107c1e769-0\">Dies ist nicht der erste Artikel zu diesem Thema, den ich geschrieben habe. Letztes Jahr um diese Zeit habe ich aus vielen der oben genannten Gr\u00fcnde sieben Pflanzen hervorgehoben, die im Dezember niemals beschnitten werden sollten. Ich wei\u00df jedoch, dass viele anf\u00e4lligere Pflanzen es gebrauchen k\u00f6nnten, darauf hingewiesen zu werden, daher besteht Bedarf an einem Folgeartikel. Schauen Sie sich vor diesem Hintergrund die B\u00e4ume und Str\u00e4ucher im ersten Artikel an, um zu sehen, was in Ihrem Garten vorkommt, und dann sind hier sieben weitere Pflanzen, die Sie im Dezember niemals beschneiden sollten.<\/p>\n<div id=\"ad-unit-2\" class=\"ad-unit\"><\/div>\n<h3 class=\"article-body__section\" id=\"section-1-lilac\"><span>1. Flieder<\/span><\/h3>\n<figure class=\"van-image-figure inline-layout \" data-bordeaux-image-check id=\"cdb06b2d-99d0-4cf4-a6cc-4b218944e4be\">\n<div class=\"image-full-width-wrapper\">\n<div class=\"image-widthsetter\" style=\"max-width:2400px;\"><\/div>\n<\/div>\n<\/figure>\n<p id=\"8c215072-75c6-4e34-a1c7-c501dadf9578\">Flieder sind fr\u00fchlingsbl\u00fchende Str\u00e4ucher, die wegen ihrer duftenden Fr\u00fchlingsbl\u00fcten angebaut werden. Sie m\u00fcssen wissen, wann Sie Flieder beschneiden m\u00fcssen, um ihn optimal zur Geltung zu bringen. Sie k\u00f6nnen Flieder abschneiden, um die Pflanze zu pflegen, aber der Zeitpunkt zum Beschneiden von Flieder ist nach der Bl\u00fcte.<\/p>\n<p>Da der Flieder in der vergangenen Saison auf altem Holz bl\u00fcht, bildet er den ganzen Sommer \u00fcber Knospen. Wenn Sie sie im Herbst oder Winter beschneiden, entfernen Sie alle St\u00e4ngel, die im n\u00e4chsten Fr\u00fchling die Bl\u00fcten tragen werden. Es ist so einfach wie das Abschneiden der Bl\u00fcten im Winter.<\/p>\n<h3 class=\"article-body__section\" id=\"section-2-forsythia\"><span>2. Forsythie<\/span><\/h3>\n<figure class=\"van-image-figure inline-layout \" data-bordeaux-image-check id=\"ec8654ae-c85c-4880-b6f6-ff81500f1ee5\">\n<div class=\"image-full-width-wrapper\">\n<div class=\"image-widthsetter\" style=\"max-width:2400px;\"><\/div>\n<\/div>\n<\/figure>\n<p id=\"2a3c59bd-9a5a-48f5-b3d5-ad59d0889b8b\">Forsythien zeichnen sich zu Beginn des Jahres durch leuchtend gelbe Bl\u00fcten aus und ihre goldenen Bl\u00fcten sorgen am Ende eines kalten Winters f\u00fcr etwas Licht. Die Gefahr besteht darin, dass Sie sich durch den Schnitt im Winter diesen angenehmen Anblick verwehren.<\/p>\n<div id=\"slice-container-newsletterForm-articleInbodyContent-ZnwMCpRT2XfyPbBFiGJCkK\" class=\"slice-container newsletter-inbodyContent-slice newsletterForm-articleInbodyContent-ZnwMCpRT2XfyPbBFiGJCkK slice-container-newsletterForm\"><\/div>\n<p>Der ideale Zeitpunkt zum Beschneiden von Forsythien ist nach der Bl\u00fcte. Dies kann je nach Klima von April bis Juni sein. Forsythie bl\u00fcht auch an den St\u00e4ngeln des letzten Jahres, und wenn man sie im Herbst oder Winter beschneidet, werden alle bl\u00fchenden Zweige des n\u00e4chsten Fr\u00fchlings entfernt.<\/p>\n<p>Wann ist es also zu sp\u00e4t, Forsythien zu beschneiden? Die Antwort ist ab dem sp\u00e4ten Fr\u00fchling.<\/p>\n<div class=\"min-h-(270px) mb-4 viafoura-twig-component\" id=\"viafoura-engagement-starter-wrapper\" data-component-name=\"Elk:Embed:EngagementStarter\">\n<div class=\"viafoura\">\n<div>\n<vf-conversation-starter target=\"viafoura-comments\" title=\"What is your top spring-flowering shrub?\" description=\"They can provide a beacon of color early in the year, but what is your favorite? Let us know in the comments\" minimum-comment-count=\"5\"><br \/>\n<\/vf-conversation-starter>\n<\/div>\n<\/div>\n<\/div>\n<h3 class=\"article-body__section\" id=\"section-3-boxwood\"><span>3. Buchsbaum<\/span><\/h3>\n<figure class=\"van-image-figure inline-layout \" data-bordeaux-image-check id=\"96f72871-13ba-4c51-bcbf-d4c9ef54269a\">\n<div class=\"image-full-width-wrapper\">\n<div class=\"image-widthsetter\" style=\"max-width:2000px;\"><\/div>\n<\/div>\n<\/figure>\n<p id=\"8ac8f903-34e6-48a3-bce8-f0f311b86687\">Buchsbaum ist ein sehr n\u00fctzlicher und vielseitiger immergr\u00fcner Strauch. Ganz gleich, ob Sie alleinstehende Str\u00e4ucher, formsch\u00f6ne Formschnitte oder elegante Gartenhecken w\u00fcnschen, die kleinen Bl\u00e4tter des Buchsbaums sind ideal.<\/p>\n<p>Das ideale Fenster zum Beschneiden von Buchsbaumstr\u00e4uchern ist der Fr\u00fchling oder Sommer. Das Beschneiden des Buchsbaums im Winter kann den Strauch belasten und auch dazu f\u00fchren, dass sich die Bl\u00e4tter des Buchsbaums aufgrund von K\u00e4lteverbrennungen durch Frost und eisige Winde gelb verf\u00e4rben.<\/p>\n<h3 class=\"article-body__section\" id=\"section-4-mock-orange\"><span>4. Scheinorange <\/span><\/h3>\n<figure class=\"van-image-figure inline-layout \" data-bordeaux-image-check id=\"84c4bae2-f76d-430b-a77b-2d2681fd2f88\">\n<div class=\"image-full-width-wrapper\">\n<div class=\"image-widthsetter\" style=\"max-width:2400px;\"><\/div>\n<\/div>\n<\/figure>\n<p id=\"f0b24a85-5161-4534-96e1-53c85c4a17a6\">Scheinorange oder Philadelphus ist ein beliebter Strauch wegen seiner wei\u00dfen, duftenden Bl\u00fcten, die einen herrlichen Zitrusduft verstr\u00f6men. Es stehen verschiedene Scheinorangensorten zur Auswahl, darunter eine Reihe von Gr\u00f6\u00dfen, die f\u00fcr alle Arten von Gartenideen geeignet sind.<\/p>\n<p>Das Einzige, was f\u00fcr alle Arten von Scheinorangen gilt, ist das richtige Schnittfenster. Wie andere bl\u00fchende Str\u00e4ucher auf dieser Liste wurden im Vorjahr auch Scheinorangenbl\u00fcten auf Holz produziert. Das bedeutet, dass sie nach der Bl\u00fcte im Juni oder Juli beschnitten werden.<\/p>\n<p>Wenn Sie die Pflanze zu einem sp\u00e4teren Zeitpunkt beschneiden, insbesondere im Winter, schneiden Sie die Blumen des n\u00e4chsten Jahres ab. G\u00e4rtner, die \u00e4ltere Str\u00e4ucher verj\u00fcngen m\u00f6chten, k\u00f6nnen im Winter auf Kosten der Bl\u00fctenpracht einen harten R\u00fcckschnitt vornehmen. Es ist jedoch besser, einen Strauch langsam wiederzubeleben, indem man jedes Jahr einige der \u00e4ltesten St\u00e4ngel entfernt; Sie erhalten zwar weniger Blumen, verlieren aber nicht ganz die Bl\u00fcten.<\/p>\n<h3 class=\"article-body__section\" id=\"section-5-poplar\"><span>5. Pappel<\/span><\/h3>\n<figure class=\"van-image-figure inline-layout \" data-bordeaux-image-check id=\"ce0c92b7-090d-45fe-85cb-70d7095e8714\">\n<div class=\"image-full-width-wrapper\">\n<div class=\"image-widthsetter\" style=\"max-width:2000px;\"><\/div>\n<\/div>\n<\/figure>\n<p id=\"54f79a25-4025-4ea7-9fe7-e72836351ab7\">Pappeln geh\u00f6ren zu der Gruppe der \u201eBlutb\u00e4ume\u201c, zu der auch Birken, Ulmen, Ahorne, Weiden und Buchen geh\u00f6ren. Diese B\u00e4ume bluten stark aus, wenn sie zur falschen Jahreszeit beschnitten werden.<\/p>\n<p>Pappeln werden am besten im sp\u00e4ten Fr\u00fchling oder Fr\u00fchsommer beschnitten. Sobald die Bl\u00e4tter vollst\u00e4ndig entwickelt sind, flie\u00dft der Saft nicht mehr so \u200b\u200baktiv wie zu anderen Jahreszeiten. Der Baum blutet vielleicht noch ein wenig, aber er kann den Stress besser verkraften und Wunden schneller heilen, da er aktiv w\u00e4chst.<\/p>\n<p>Blutender Saft schw\u00e4cht einen Baum und macht ihn anf\u00e4lliger f\u00fcr Sch\u00e4dlinge und Krankheiten. Es ist besonders ratsam, im Winter keine gro\u00dfen \u00c4ste von bekannten \u201eBlutb\u00e4umen\u201c zu beschneiden, um gro\u00dfen Saftverlust und \u00fcberm\u00e4\u00dfigen Stress zu vermeiden.<\/p>\n<h3 class=\"article-body__section\" id=\"section-6-peach-trees\"><span>6. Pfirsichb\u00e4ume<\/span><\/h3>\n<figure class=\"van-image-figure inline-layout \" data-bordeaux-image-check id=\"b576c01e-071c-404f-912a-66cd4e108697\">\n<div class=\"image-full-width-wrapper\">\n<div class=\"image-widthsetter\" style=\"max-width:2000px;\"><\/div>\n<\/div>\n<\/figure>\n<p id=\"bb570544-bd9b-43da-9488-d23f0a33d309\">Wenn Sie einen Pfirsichbaum z\u00fcchten, sorgt der richtige Schnitt daf\u00fcr, dass der Baum gesund bleibt und Sie die beste Ernte an weichen, saftigen Fr\u00fcchten genie\u00dfen k\u00f6nnen.<\/p>\n<p>Da es sich bei Pfirsichen um Steinobst handelt, empfiehlt es sich, sie im Fr\u00fchjahr oder Sommer zu beschneiden. Steinfr\u00fcchte ben\u00f6tigen einen anderen Zeitpunkt als \u00c4pfel und Birnen, bei denen es sich um Obstb\u00e4ume handelt, die regelm\u00e4\u00dfig im Winter beschnitten werden.<\/p>\n<p>Es gibt zwei Hauptgr\u00fcnde, Pfirsiche im Fr\u00fchling oder Sommer zu beschneiden. Da sie am Holz der vorherigen Saison Fr\u00fcchte tragen, f\u00f6rdert das Beschneiden das Wachstum neuer Fruchtstiele. Und es vermeidet die Silberblattkrankheit, eine Pilzkrankheit, die B\u00e4ume durch Schnittwunden bef\u00e4llt, das Laub silbern verf\u00e4rbt (wie der Name schon sagt) und das Potenzial hat, ganze Zweige abzut\u00f6ten.<\/p>\n<p>Nektarinen- und Aprikosenb\u00e4ume sowie Pfirsiche sollten im Winter niemals beschnitten werden.<\/p>\n<h3 class=\"article-body__section\" id=\"section-7-plum-trees\"><span>7. Pflaumenb\u00e4ume<\/span><\/h3>\n<figure class=\"van-image-figure inline-layout \" data-bordeaux-image-check id=\"93fe8a80-ab94-4e0c-9786-70e6a6e23cc3\">\n<div class=\"image-full-width-wrapper\">\n<div class=\"image-widthsetter\" style=\"max-width:2400px;\"><\/div>\n<\/div>\n<\/figure>\n<p id=\"d8d844cd-8d38-4a9f-be4e-2810d128d02d\">Es gibt viele verschiedene Arten von Pflaumenb\u00e4umen; Es handelt sich um eine gro\u00dfe Gruppe von Steinfr\u00fcchten, darunter Zwetschgen und Gr\u00fcnkohl, zu denen Dessert-, K\u00fcchen- und Mehrzweckfr\u00fcchte geh\u00f6ren.<\/p>\n<p>Als Steinobst sollten sie im Dezember auch nicht beschnitten werden. Sie schneiden Pflaumenb\u00e4ume w\u00e4hrend ihrer Vegetationsperiode im Fr\u00fchling oder Sommer und nicht w\u00e4hrend der Winterruhe.<\/p>\n<p>Der Fehler beim Obstbaumschneiden, Pflaumenb\u00e4ume im Winter zu beschneiden, birgt die Gefahr von Silberblatt- oder Bakterienkrebs, einer Krankheit, die abgestorbene Rindenbereiche und L\u00f6cher im Laub verursachen kann.<\/p>\n<p>Kirschb\u00e4ume sind au\u00dferdem sehr anf\u00e4llig f\u00fcr Bakterienkrebs, und Sie sollten Kirschb\u00e4ume auch im Fr\u00fchling oder Sommer und nicht im Winter beschneiden.<\/p>\n<hr id=\"612b2e03-0a72-491d-b1f7-28aa32dc57f5\">\n<p id=\"1a000124-b3bd-4312-aa30-37983fd9d30a\">Dieses St\u00fcck deckt die Pflanzen ab, die Sie meiden sollten, aber es gibt einige B\u00e4ume und Str\u00e4ucher, die Sie diesen Monat beschneiden k\u00f6nnen. In diesem Ratgeber zu Pflanzen, die im Dezember beschnitten werden m\u00fcssen, werden sieben davon vorgestellt. Beschneiden Sie die Pflanze jedoch nur, wenn das Wetter passt, und vermeiden Sie einen Schnitt bei extremer K\u00e4lte und Frost. Es schadet nicht, mit dem Beschneiden bis zum Sp\u00e4twinter zu warten, wenn der Wettergott diesen Monat nicht auf Ihrer Seite ist.<\/p>\n<h2 id=\"shop-pruning-tools-3\">Schnittwerkzeuge kaufen:<\/h2>\n<div class=\"product-container hero-product-container product-block-no-wrap\">\n<div class=\"product-block-row\"><\/div>\n<div class=\"product-block-row\"><\/div>\n<div class=\"product-block-row\"><\/div>\n<div class=\"product-block-row\"><\/div>\n<div class=\"product-block-row\"><\/div>\n<div class=\"product-block-row\"><\/div>\n<\/div>\n<div class=\"block\" id=\"articleTag\" data-component-name=\"PostArticleLinks\" data-mrf-recirculation=\"post-article-links\">\n<div class=\"border-b border-b-black border-solid py-2.5 text-black font-bold uppercase\">THEMEN<\/div>\n<nav class=\"py-2.5 flex gap-2.5 flex-wrap\" data-analytics-id=\"article-tag\" data-mrf-recirculation=\"article-tag\">\n<p>Beschneidung<\/p>\n<\/nav>\n<\/div>\n<\/div>\n","protected":false},"excerpt":{"rendered":"<p>Der Dezember ist Mittwinter und kann eine riskante Zeit f\u00fcr den Schnitt sein. Der Schnitt von B\u00e4umen und Str\u00e4uchern muss, wenn \u00fcberhaupt, zum richtigen Zeitpunkt<\/p>\n","protected":false},"author":1,"featured_media":9625,"comment_status":"closed","ping_status":"","sticky":false,"template":"","format":"standard","meta":{"footnotes":""},"categories":[118],"tags":[443,445,912,9,208,2567,11,61,444,246,2405,165,560,1008,37,204],"class_list":["post-9624","post","type-post","status-publish","format-standard","has-post-thumbnail","hentry","category-haus-garten","tag-baeume","tag-beschneiden","tag-dezember","tag-die","tag-diesen","tag-gesundheit","tag-ihrer","tag-nicht","tag-niemals","tag-pflanzen","tag-riskieren","tag-sie","tag-sollten","tag-straeucher","tag-und","tag-winter","generate-columns","tablet-grid-50","mobile-grid-100","grid-parent","grid-50"],"yoast_head":"<!-- This site is optimized with the Yoast SEO plugin v27.3 - https:\/\/yoast.com\/product\/yoast-seo-wordpress\/ -->\n<title>Riskieren Sie diesen Winter nicht die Gesundheit Ihrer Pflanzen \u2013 7 B\u00e4ume und Str\u00e4ucher, die Sie im Dezember niemals beschneiden sollten - Nachrichten - Stra\u00dfenweb<\/title>\n<meta name=\"robots\" content=\"index, follow, max-snippet:-1, max-image-preview:large, max-video-preview:-1\" \/>\n<link rel=\"canonical\" href=\"https:\/\/www.strassenweb.de\/nachrichten\/riskieren-sie-diesen-winter-nicht-die-gesundheit-ihrer-pflanzen-7-baeume-und-straeucher-die-sie-im-dezember-niemals-beschneiden-sollten\/\" \/>\n<meta property=\"og:locale\" content=\"de_DE\" \/>\n<meta property=\"og:type\" content=\"article\" \/>\n<meta property=\"og:title\" content=\"Riskieren Sie diesen Winter nicht die Gesundheit Ihrer Pflanzen \u2013 7 B\u00e4ume und Str\u00e4ucher, die Sie im Dezember niemals beschneiden sollten - Nachrichten - Stra\u00dfenweb\" \/>\n<meta property=\"og:description\" content=\"Der Dezember ist Mittwinter und kann eine riskante Zeit f\u00fcr den Schnitt sein. Der Schnitt von B\u00e4umen und Str\u00e4uchern muss, wenn \u00fcberhaupt, zum richtigen Zeitpunkt\" \/>\n<meta property=\"og:url\" content=\"https:\/\/www.strassenweb.de\/nachrichten\/riskieren-sie-diesen-winter-nicht-die-gesundheit-ihrer-pflanzen-7-baeume-und-straeucher-die-sie-im-dezember-niemals-beschneiden-sollten\/\" \/>\n<meta property=\"og:site_name\" content=\"Stra\u00dfenweb\" \/>\n<meta property=\"article:publisher\" content=\"https:\/\/www.facebook.com\/strassenweb\/\" \/>\n<meta property=\"article:published_time\" content=\"2025-12-03T12:39:27+00:00\" \/>\n<meta property=\"article:modified_time\" content=\"2025-12-03T12:39:28+00:00\" \/>\n<meta property=\"og:image\" content=\"https:\/\/www.strassenweb.de\/nachrichten\/wp-content\/uploads\/2025\/12\/Riskieren-Sie-diesen-Winter-nicht-die-Gesundheit-Ihrer-Pflanzen-\u2013.jpg\" \/>\n\t<meta property=\"og:image:width\" content=\"1600\" \/>\n\t<meta property=\"og:image:height\" content=\"900\" \/>\n\t<meta property=\"og:image:type\" content=\"image\/jpeg\" \/>\n<meta name=\"author\" content=\"Robert Hoffmann\" \/>\n<meta name=\"twitter:card\" content=\"summary_large_image\" \/>\n<meta name=\"twitter:label1\" content=\"Verfasst von\" \/>\n\t<meta name=\"twitter:data1\" content=\"Robert Hoffmann\" \/>\n\t<meta name=\"twitter:label2\" content=\"Gesch\u00e4tzte Lesezeit\" \/>\n\t<meta name=\"twitter:data2\" content=\"6\u00a0Minuten\" \/>\n<script type=\"application\/ld+json\" class=\"yoast-schema-graph\">{\"@context\":\"https:\\\/\\\/schema.org\",\"@graph\":[{\"@type\":\"Article\",\"@id\":\"https:\\\/\\\/www.strassenweb.de\\\/nachrichten\\\/riskieren-sie-diesen-winter-nicht-die-gesundheit-ihrer-pflanzen-7-baeume-und-straeucher-die-sie-im-dezember-niemals-beschneiden-sollten\\\/#article\",\"isPartOf\":{\"@id\":\"https:\\\/\\\/www.strassenweb.de\\\/nachrichten\\\/riskieren-sie-diesen-winter-nicht-die-gesundheit-ihrer-pflanzen-7-baeume-und-straeucher-die-sie-im-dezember-niemals-beschneiden-sollten\\\/\"},\"author\":{\"name\":\"Robert Hoffmann\",\"@id\":\"https:\\\/\\\/www.strassenweb.de\\\/nachrichten\\\/#\\\/schema\\\/person\\\/87c9c9067f1211da429a744dc5a5aa41\"},\"headline\":\"Riskieren Sie diesen Winter nicht die Gesundheit Ihrer Pflanzen \u2013 7 B\u00e4ume und Str\u00e4ucher, die Sie im Dezember niemals beschneiden sollten\",\"datePublished\":\"2025-12-03T12:39:27+00:00\",\"dateModified\":\"2025-12-03T12:39:28+00:00\",\"mainEntityOfPage\":{\"@id\":\"https:\\\/\\\/www.strassenweb.de\\\/nachrichten\\\/riskieren-sie-diesen-winter-nicht-die-gesundheit-ihrer-pflanzen-7-baeume-und-straeucher-die-sie-im-dezember-niemals-beschneiden-sollten\\\/\"},\"wordCount\":1269,\"publisher\":{\"@id\":\"https:\\\/\\\/www.strassenweb.de\\\/nachrichten\\\/#organization\"},\"image\":{\"@id\":\"https:\\\/\\\/www.strassenweb.de\\\/nachrichten\\\/riskieren-sie-diesen-winter-nicht-die-gesundheit-ihrer-pflanzen-7-baeume-und-straeucher-die-sie-im-dezember-niemals-beschneiden-sollten\\\/#primaryimage\"},\"thumbnailUrl\":\"https:\\\/\\\/www.strassenweb.de\\\/nachrichten\\\/wp-content\\\/uploads\\\/2025\\\/12\\\/Riskieren-Sie-diesen-Winter-nicht-die-Gesundheit-Ihrer-Pflanzen-\u2013.jpg\",\"keywords\":[\"B\u00e4ume\",\"beschneiden\",\"Dezember\",\"die\",\"diesen\",\"Gesundheit\",\"ihrer\",\"nicht\",\"niemals\",\"Pflanzen\",\"riskieren\",\"Sie\",\"sollten\",\"Str\u00e4ucher\",\"und\",\"Winter\"],\"articleSection\":[\"Haus &amp; Garten\"],\"inLanguage\":\"de\"},{\"@type\":\"WebPage\",\"@id\":\"https:\\\/\\\/www.strassenweb.de\\\/nachrichten\\\/riskieren-sie-diesen-winter-nicht-die-gesundheit-ihrer-pflanzen-7-baeume-und-straeucher-die-sie-im-dezember-niemals-beschneiden-sollten\\\/\",\"url\":\"https:\\\/\\\/www.strassenweb.de\\\/nachrichten\\\/riskieren-sie-diesen-winter-nicht-die-gesundheit-ihrer-pflanzen-7-baeume-und-straeucher-die-sie-im-dezember-niemals-beschneiden-sollten\\\/\",\"name\":\"Riskieren Sie diesen Winter nicht die Gesundheit Ihrer Pflanzen \u2013 7 B\u00e4ume und Str\u00e4ucher, die Sie im Dezember niemals beschneiden sollten - Nachrichten - Stra\u00dfenweb\",\"isPartOf\":{\"@id\":\"https:\\\/\\\/www.strassenweb.de\\\/nachrichten\\\/#website\"},\"primaryImageOfPage\":{\"@id\":\"https:\\\/\\\/www.strassenweb.de\\\/nachrichten\\\/riskieren-sie-diesen-winter-nicht-die-gesundheit-ihrer-pflanzen-7-baeume-und-straeucher-die-sie-im-dezember-niemals-beschneiden-sollten\\\/#primaryimage\"},\"image\":{\"@id\":\"https:\\\/\\\/www.strassenweb.de\\\/nachrichten\\\/riskieren-sie-diesen-winter-nicht-die-gesundheit-ihrer-pflanzen-7-baeume-und-straeucher-die-sie-im-dezember-niemals-beschneiden-sollten\\\/#primaryimage\"},\"thumbnailUrl\":\"https:\\\/\\\/www.strassenweb.de\\\/nachrichten\\\/wp-content\\\/uploads\\\/2025\\\/12\\\/Riskieren-Sie-diesen-Winter-nicht-die-Gesundheit-Ihrer-Pflanzen-\u2013.jpg\",\"datePublished\":\"2025-12-03T12:39:27+00:00\",\"dateModified\":\"2025-12-03T12:39:28+00:00\",\"breadcrumb\":{\"@id\":\"https:\\\/\\\/www.strassenweb.de\\\/nachrichten\\\/riskieren-sie-diesen-winter-nicht-die-gesundheit-ihrer-pflanzen-7-baeume-und-straeucher-die-sie-im-dezember-niemals-beschneiden-sollten\\\/#breadcrumb\"},\"inLanguage\":\"de\",\"potentialAction\":[{\"@type\":\"ReadAction\",\"target\":[\"https:\\\/\\\/www.strassenweb.de\\\/nachrichten\\\/riskieren-sie-diesen-winter-nicht-die-gesundheit-ihrer-pflanzen-7-baeume-und-straeucher-die-sie-im-dezember-niemals-beschneiden-sollten\\\/\"]}]},{\"@type\":\"ImageObject\",\"inLanguage\":\"de\",\"@id\":\"https:\\\/\\\/www.strassenweb.de\\\/nachrichten\\\/riskieren-sie-diesen-winter-nicht-die-gesundheit-ihrer-pflanzen-7-baeume-und-straeucher-die-sie-im-dezember-niemals-beschneiden-sollten\\\/#primaryimage\",\"url\":\"https:\\\/\\\/www.strassenweb.de\\\/nachrichten\\\/wp-content\\\/uploads\\\/2025\\\/12\\\/Riskieren-Sie-diesen-Winter-nicht-die-Gesundheit-Ihrer-Pflanzen-\u2013.jpg\",\"contentUrl\":\"https:\\\/\\\/www.strassenweb.de\\\/nachrichten\\\/wp-content\\\/uploads\\\/2025\\\/12\\\/Riskieren-Sie-diesen-Winter-nicht-die-Gesundheit-Ihrer-Pflanzen-\u2013.jpg\",\"width\":1600,\"height\":900,\"caption\":\"A woman pruning a forsythia shrub in the bright sun with pruning shears\"},{\"@type\":\"BreadcrumbList\",\"@id\":\"https:\\\/\\\/www.strassenweb.de\\\/nachrichten\\\/riskieren-sie-diesen-winter-nicht-die-gesundheit-ihrer-pflanzen-7-baeume-und-straeucher-die-sie-im-dezember-niemals-beschneiden-sollten\\\/#breadcrumb\",\"itemListElement\":[{\"@type\":\"ListItem\",\"position\":1,\"name\":\"Home\",\"item\":\"https:\\\/\\\/www.strassenweb.de\\\/nachrichten\\\/\"},{\"@type\":\"ListItem\",\"position\":2,\"name\":\"Riskieren Sie diesen Winter nicht die Gesundheit Ihrer Pflanzen \u2013 7 B\u00e4ume und Str\u00e4ucher, die Sie im Dezember niemals beschneiden sollten\"}]},{\"@type\":\"WebSite\",\"@id\":\"https:\\\/\\\/www.strassenweb.de\\\/nachrichten\\\/#website\",\"url\":\"https:\\\/\\\/www.strassenweb.de\\\/nachrichten\\\/\",\"name\":\"Stra\u00dfenweb\",\"description\":\"Stra\u00dfenverzeichnis f\u00fcr Deutschland\",\"publisher\":{\"@id\":\"https:\\\/\\\/www.strassenweb.de\\\/nachrichten\\\/#organization\"},\"potentialAction\":[{\"@type\":\"SearchAction\",\"target\":{\"@type\":\"EntryPoint\",\"urlTemplate\":\"https:\\\/\\\/www.strassenweb.de\\\/nachrichten\\\/?s={search_term_string}\"},\"query-input\":{\"@type\":\"PropertyValueSpecification\",\"valueRequired\":true,\"valueName\":\"search_term_string\"}}],\"inLanguage\":\"de\"},{\"@type\":\"Organization\",\"@id\":\"https:\\\/\\\/www.strassenweb.de\\\/nachrichten\\\/#organization\",\"name\":\"Stra\u00dfenweb\",\"url\":\"https:\\\/\\\/www.strassenweb.de\\\/nachrichten\\\/\",\"logo\":{\"@type\":\"ImageObject\",\"inLanguage\":\"de\",\"@id\":\"https:\\\/\\\/www.strassenweb.de\\\/nachrichten\\\/#\\\/schema\\\/logo\\\/image\\\/\",\"url\":\"https:\\\/\\\/www.strassenweb.de\\\/nachrichten\\\/wp-content\\\/uploads\\\/2024\\\/09\\\/cropped-favicon.png\",\"contentUrl\":\"https:\\\/\\\/www.strassenweb.de\\\/nachrichten\\\/wp-content\\\/uploads\\\/2024\\\/09\\\/cropped-favicon.png\",\"width\":512,\"height\":512,\"caption\":\"Stra\u00dfenweb\"},\"image\":{\"@id\":\"https:\\\/\\\/www.strassenweb.de\\\/nachrichten\\\/#\\\/schema\\\/logo\\\/image\\\/\"},\"sameAs\":[\"https:\\\/\\\/www.facebook.com\\\/strassenweb\\\/\"]},{\"@type\":\"Person\",\"@id\":\"https:\\\/\\\/www.strassenweb.de\\\/nachrichten\\\/#\\\/schema\\\/person\\\/87c9c9067f1211da429a744dc5a5aa41\",\"name\":\"Robert Hoffmann\",\"image\":{\"@type\":\"ImageObject\",\"inLanguage\":\"de\",\"@id\":\"https:\\\/\\\/www.strassenweb.de\\\/nachrichten\\\/wp-content\\\/uploads\\\/2024\\\/09\\\/strassenweb-150x150.jpg\",\"url\":\"https:\\\/\\\/www.strassenweb.de\\\/nachrichten\\\/wp-content\\\/uploads\\\/2024\\\/09\\\/strassenweb-150x150.jpg\",\"contentUrl\":\"https:\\\/\\\/www.strassenweb.de\\\/nachrichten\\\/wp-content\\\/uploads\\\/2024\\\/09\\\/strassenweb-150x150.jpg\",\"caption\":\"Robert Hoffmann\"},\"description\":\"Ich hei\u00dfe Robert Hoffmann und ich bin ein leidenschaftlicher Verfechter von \u00d6kologie und Biodiversit\u00e4t. Seit meiner Kindheit in den W\u00e4ldern Bayerns f\u00fchle ich mich mit der Natur verbunden und bin entschlossen, sie zu sch\u00fctzen. Heute widme ich mein Leben der Sensibilisierung anderer f\u00fcr die Bedeutung des Umweltschutzes f\u00fcr zuk\u00fcnftige Generationen.\",\"sameAs\":[\"https:\\\/\\\/www.strassenweb.de\\\/\"]}]}<\/script>\n<!-- \/ Yoast SEO plugin. -->","yoast_head_json":{"title":"Riskieren Sie diesen Winter nicht die Gesundheit Ihrer Pflanzen \u2013 7 B\u00e4ume und Str\u00e4ucher, die Sie im Dezember niemals beschneiden sollten - Nachrichten - Stra\u00dfenweb","robots":{"index":"index","follow":"follow","max-snippet":"max-snippet:-1","max-image-preview":"max-image-preview:large","max-video-preview":"max-video-preview:-1"},"canonical":"https:\/\/www.strassenweb.de\/nachrichten\/riskieren-sie-diesen-winter-nicht-die-gesundheit-ihrer-pflanzen-7-baeume-und-straeucher-die-sie-im-dezember-niemals-beschneiden-sollten\/","og_locale":"de_DE","og_type":"article","og_title":"Riskieren Sie diesen Winter nicht die Gesundheit Ihrer Pflanzen \u2013 7 B\u00e4ume und Str\u00e4ucher, die Sie im Dezember niemals beschneiden sollten - Nachrichten - Stra\u00dfenweb","og_description":"Der Dezember ist Mittwinter und kann eine riskante Zeit f\u00fcr den Schnitt sein. Der Schnitt von B\u00e4umen und Str\u00e4uchern muss, wenn \u00fcberhaupt, zum richtigen Zeitpunkt","og_url":"https:\/\/www.strassenweb.de\/nachrichten\/riskieren-sie-diesen-winter-nicht-die-gesundheit-ihrer-pflanzen-7-baeume-und-straeucher-die-sie-im-dezember-niemals-beschneiden-sollten\/","og_site_name":"Stra\u00dfenweb","article_publisher":"https:\/\/www.facebook.com\/strassenweb\/","article_published_time":"2025-12-03T12:39:27+00:00","article_modified_time":"2025-12-03T12:39:28+00:00","og_image":[{"width":1600,"height":900,"url":"https:\/\/www.strassenweb.de\/nachrichten\/wp-content\/uploads\/2025\/12\/Riskieren-Sie-diesen-Winter-nicht-die-Gesundheit-Ihrer-Pflanzen-\u2013.jpg","type":"image\/jpeg"}],"author":"Robert Hoffmann","twitter_card":"summary_large_image","twitter_misc":{"Verfasst von":"Robert Hoffmann","Gesch\u00e4tzte Lesezeit":"6\u00a0Minuten"},"schema":{"@context":"https:\/\/schema.org","@graph":[{"@type":"Article","@id":"https:\/\/www.strassenweb.de\/nachrichten\/riskieren-sie-diesen-winter-nicht-die-gesundheit-ihrer-pflanzen-7-baeume-und-straeucher-die-sie-im-dezember-niemals-beschneiden-sollten\/#article","isPartOf":{"@id":"https:\/\/www.strassenweb.de\/nachrichten\/riskieren-sie-diesen-winter-nicht-die-gesundheit-ihrer-pflanzen-7-baeume-und-straeucher-die-sie-im-dezember-niemals-beschneiden-sollten\/"},"author":{"name":"Robert Hoffmann","@id":"https:\/\/www.strassenweb.de\/nachrichten\/#\/schema\/person\/87c9c9067f1211da429a744dc5a5aa41"},"headline":"Riskieren Sie diesen Winter nicht die Gesundheit Ihrer Pflanzen \u2013 7 B\u00e4ume und Str\u00e4ucher, die Sie im Dezember niemals beschneiden sollten","datePublished":"2025-12-03T12:39:27+00:00","dateModified":"2025-12-03T12:39:28+00:00","mainEntityOfPage":{"@id":"https:\/\/www.strassenweb.de\/nachrichten\/riskieren-sie-diesen-winter-nicht-die-gesundheit-ihrer-pflanzen-7-baeume-und-straeucher-die-sie-im-dezember-niemals-beschneiden-sollten\/"},"wordCount":1269,"publisher":{"@id":"https:\/\/www.strassenweb.de\/nachrichten\/#organization"},"image":{"@id":"https:\/\/www.strassenweb.de\/nachrichten\/riskieren-sie-diesen-winter-nicht-die-gesundheit-ihrer-pflanzen-7-baeume-und-straeucher-die-sie-im-dezember-niemals-beschneiden-sollten\/#primaryimage"},"thumbnailUrl":"https:\/\/www.strassenweb.de\/nachrichten\/wp-content\/uploads\/2025\/12\/Riskieren-Sie-diesen-Winter-nicht-die-Gesundheit-Ihrer-Pflanzen-\u2013.jpg","keywords":["B\u00e4ume","beschneiden","Dezember","die","diesen","Gesundheit","ihrer","nicht","niemals","Pflanzen","riskieren","Sie","sollten","Str\u00e4ucher","und","Winter"],"articleSection":["Haus &amp; Garten"],"inLanguage":"de"},{"@type":"WebPage","@id":"https:\/\/www.strassenweb.de\/nachrichten\/riskieren-sie-diesen-winter-nicht-die-gesundheit-ihrer-pflanzen-7-baeume-und-straeucher-die-sie-im-dezember-niemals-beschneiden-sollten\/","url":"https:\/\/www.strassenweb.de\/nachrichten\/riskieren-sie-diesen-winter-nicht-die-gesundheit-ihrer-pflanzen-7-baeume-und-straeucher-die-sie-im-dezember-niemals-beschneiden-sollten\/","name":"Riskieren Sie diesen Winter nicht die Gesundheit Ihrer Pflanzen \u2013 7 B\u00e4ume und Str\u00e4ucher, die Sie im Dezember niemals beschneiden sollten - Nachrichten - Stra\u00dfenweb","isPartOf":{"@id":"https:\/\/www.strassenweb.de\/nachrichten\/#website"},"primaryImageOfPage":{"@id":"https:\/\/www.strassenweb.de\/nachrichten\/riskieren-sie-diesen-winter-nicht-die-gesundheit-ihrer-pflanzen-7-baeume-und-straeucher-die-sie-im-dezember-niemals-beschneiden-sollten\/#primaryimage"},"image":{"@id":"https:\/\/www.strassenweb.de\/nachrichten\/riskieren-sie-diesen-winter-nicht-die-gesundheit-ihrer-pflanzen-7-baeume-und-straeucher-die-sie-im-dezember-niemals-beschneiden-sollten\/#primaryimage"},"thumbnailUrl":"https:\/\/www.strassenweb.de\/nachrichten\/wp-content\/uploads\/2025\/12\/Riskieren-Sie-diesen-Winter-nicht-die-Gesundheit-Ihrer-Pflanzen-\u2013.jpg","datePublished":"2025-12-03T12:39:27+00:00","dateModified":"2025-12-03T12:39:28+00:00","breadcrumb":{"@id":"https:\/\/www.strassenweb.de\/nachrichten\/riskieren-sie-diesen-winter-nicht-die-gesundheit-ihrer-pflanzen-7-baeume-und-straeucher-die-sie-im-dezember-niemals-beschneiden-sollten\/#breadcrumb"},"inLanguage":"de","potentialAction":[{"@type":"ReadAction","target":["https:\/\/www.strassenweb.de\/nachrichten\/riskieren-sie-diesen-winter-nicht-die-gesundheit-ihrer-pflanzen-7-baeume-und-straeucher-die-sie-im-dezember-niemals-beschneiden-sollten\/"]}]},{"@type":"ImageObject","inLanguage":"de","@id":"https:\/\/www.strassenweb.de\/nachrichten\/riskieren-sie-diesen-winter-nicht-die-gesundheit-ihrer-pflanzen-7-baeume-und-straeucher-die-sie-im-dezember-niemals-beschneiden-sollten\/#primaryimage","url":"https:\/\/www.strassenweb.de\/nachrichten\/wp-content\/uploads\/2025\/12\/Riskieren-Sie-diesen-Winter-nicht-die-Gesundheit-Ihrer-Pflanzen-\u2013.jpg","contentUrl":"https:\/\/www.strassenweb.de\/nachrichten\/wp-content\/uploads\/2025\/12\/Riskieren-Sie-diesen-Winter-nicht-die-Gesundheit-Ihrer-Pflanzen-\u2013.jpg","width":1600,"height":900,"caption":"A woman pruning a forsythia shrub in the bright sun with pruning shears"},{"@type":"BreadcrumbList","@id":"https:\/\/www.strassenweb.de\/nachrichten\/riskieren-sie-diesen-winter-nicht-die-gesundheit-ihrer-pflanzen-7-baeume-und-straeucher-die-sie-im-dezember-niemals-beschneiden-sollten\/#breadcrumb","itemListElement":[{"@type":"ListItem","position":1,"name":"Home","item":"https:\/\/www.strassenweb.de\/nachrichten\/"},{"@type":"ListItem","position":2,"name":"Riskieren Sie diesen Winter nicht die Gesundheit Ihrer Pflanzen \u2013 7 B\u00e4ume und Str\u00e4ucher, die Sie im Dezember niemals beschneiden sollten"}]},{"@type":"WebSite","@id":"https:\/\/www.strassenweb.de\/nachrichten\/#website","url":"https:\/\/www.strassenweb.de\/nachrichten\/","name":"Stra\u00dfenweb","description":"Stra\u00dfenverzeichnis f\u00fcr Deutschland","publisher":{"@id":"https:\/\/www.strassenweb.de\/nachrichten\/#organization"},"potentialAction":[{"@type":"SearchAction","target":{"@type":"EntryPoint","urlTemplate":"https:\/\/www.strassenweb.de\/nachrichten\/?s={search_term_string}"},"query-input":{"@type":"PropertyValueSpecification","valueRequired":true,"valueName":"search_term_string"}}],"inLanguage":"de"},{"@type":"Organization","@id":"https:\/\/www.strassenweb.de\/nachrichten\/#organization","name":"Stra\u00dfenweb","url":"https:\/\/www.strassenweb.de\/nachrichten\/","logo":{"@type":"ImageObject","inLanguage":"de","@id":"https:\/\/www.strassenweb.de\/nachrichten\/#\/schema\/logo\/image\/","url":"https:\/\/www.strassenweb.de\/nachrichten\/wp-content\/uploads\/2024\/09\/cropped-favicon.png","contentUrl":"https:\/\/www.strassenweb.de\/nachrichten\/wp-content\/uploads\/2024\/09\/cropped-favicon.png","width":512,"height":512,"caption":"Stra\u00dfenweb"},"image":{"@id":"https:\/\/www.strassenweb.de\/nachrichten\/#\/schema\/logo\/image\/"},"sameAs":["https:\/\/www.facebook.com\/strassenweb\/"]},{"@type":"Person","@id":"https:\/\/www.strassenweb.de\/nachrichten\/#\/schema\/person\/87c9c9067f1211da429a744dc5a5aa41","name":"Robert Hoffmann","image":{"@type":"ImageObject","inLanguage":"de","@id":"https:\/\/www.strassenweb.de\/nachrichten\/wp-content\/uploads\/2024\/09\/strassenweb-150x150.jpg","url":"https:\/\/www.strassenweb.de\/nachrichten\/wp-content\/uploads\/2024\/09\/strassenweb-150x150.jpg","contentUrl":"https:\/\/www.strassenweb.de\/nachrichten\/wp-content\/uploads\/2024\/09\/strassenweb-150x150.jpg","caption":"Robert Hoffmann"},"description":"Ich hei\u00dfe Robert Hoffmann und ich bin ein leidenschaftlicher Verfechter von \u00d6kologie und Biodiversit\u00e4t. Seit meiner Kindheit in den W\u00e4ldern Bayerns f\u00fchle ich mich mit der Natur verbunden und bin entschlossen, sie zu sch\u00fctzen. Heute widme ich mein Leben der Sensibilisierung anderer f\u00fcr die Bedeutung des Umweltschutzes f\u00fcr zuk\u00fcnftige Generationen.","sameAs":["https:\/\/www.strassenweb.de\/"]}]}},"_links":{"self":[{"href":"https:\/\/www.strassenweb.de\/nachrichten\/wp-json\/wp\/v2\/posts\/9624","targetHints":{"allow":["GET"]}}],"collection":[{"href":"https:\/\/www.strassenweb.de\/nachrichten\/wp-json\/wp\/v2\/posts"}],"about":[{"href":"https:\/\/www.strassenweb.de\/nachrichten\/wp-json\/wp\/v2\/types\/post"}],"author":[{"embeddable":true,"href":"https:\/\/www.strassenweb.de\/nachrichten\/wp-json\/wp\/v2\/users\/1"}],"replies":[{"embeddable":true,"href":"https:\/\/www.strassenweb.de\/nachrichten\/wp-json\/wp\/v2\/comments?post=9624"}],"version-history":[{"count":0,"href":"https:\/\/www.strassenweb.de\/nachrichten\/wp-json\/wp\/v2\/posts\/9624\/revisions"}],"wp:featuredmedia":[{"embeddable":true,"href":"https:\/\/www.strassenweb.de\/nachrichten\/wp-json\/wp\/v2\/media\/9625"}],"wp:attachment":[{"href":"https:\/\/www.strassenweb.de\/nachrichten\/wp-json\/wp\/v2\/media?parent=9624"}],"wp:term":[{"taxonomy":"category","embeddable":true,"href":"https:\/\/www.strassenweb.de\/nachrichten\/wp-json\/wp\/v2\/categories?post=9624"},{"taxonomy":"post_tag","embeddable":true,"href":"https:\/\/www.strassenweb.de\/nachrichten\/wp-json\/wp\/v2\/tags?post=9624"}],"curies":[{"name":"wp","href":"https:\/\/api.w.org\/{rel}","templated":true}]}}