{"id":9610,"date":"2025-12-02T22:41:24","date_gmt":"2025-12-02T21:41:24","guid":{"rendered":"https:\/\/www.strassenweb.de\/nachrichten\/meine-kleine-kueche-konnte-die-feiertage-nicht-veranstalten-aber-diese-platzsparende-inselalternative-fuer-150-us-dollar-hat-gerade-alle-meine-festlichen-plaene-gerettet\/"},"modified":"2025-12-02T22:41:25","modified_gmt":"2025-12-02T21:41:25","slug":"meine-kleine-kueche-konnte-die-feiertage-nicht-veranstalten-aber-diese-platzsparende-inselalternative-fuer-150-us-dollar-hat-gerade-alle-meine-festlichen-plaene-gerettet","status":"publish","type":"post","link":"https:\/\/www.strassenweb.de\/nachrichten\/meine-kleine-kueche-konnte-die-feiertage-nicht-veranstalten-aber-diese-platzsparende-inselalternative-fuer-150-us-dollar-hat-gerade-alle-meine-festlichen-plaene-gerettet\/","title":{"rendered":"Meine kleine K\u00fcche konnte die Feiertage nicht veranstalten \u2013 aber diese platzsparende Inselalternative f\u00fcr 150 US-Dollar hat gerade alle meine festlichen Pl\u00e4ne gerettet"},"content":{"rendered":"<p><\/p>\n<div id=\"article-body\" class=\"article__body \">\n<p id=\"7fd1c577-dd3e-4821-a35b-0e5353334883\">In keinem anderen Raum wird in den Ferien so hart gearbeitet wie in der K\u00fcche. Von Thanksgiving bis Neujahr sind unsere Kochr\u00e4ume immer das Herzst\u00fcck der Feierlichkeiten, egal ob es darum geht, einen Truthahn zu braten oder festliche Leckereien zu backen.<\/p>\n<div id=\"ad-unit-1\" class=\"ad-unit\"><\/div>\n<p>Und wenn ich ehrlich bin, hat meine kleine K\u00fcche schon Probleme. Da es keinen Platz f\u00fcr eine eingebaute Insel gibt, bin ich auf Arbeitsplatten am Rand beschr\u00e4nkt, die bereits aus Platzgr\u00fcnden \u00fcberdehnt sind, was mich wegen bevorstehender Dinnerpartys gestresst macht. Bisher.<\/p>\n<aside data-block-type=\"embed\" data-render-type=\"fte\" data-skip=\"dealsy\" data-widget-type=\"seasonal\" class=\"hawk-root\"><\/aside>\n<p id=\"7fd1c577-dd3e-4821-a35b-0e5353334883-2\" class=\"paywall\" aria-hidden=\"true\">Ich habe gerade die perfekte platzsparende L\u00f6sung gefunden und es ist ein toller Kompromiss f\u00fcr eine Insel in voller Gr\u00f6\u00dfe. Dieser rollende K\u00fccheninselwagen bietet die zus\u00e4tzliche Fl\u00e4che, die ich f\u00fcr die Essenszubereitung ben\u00f6tige, sowie Regale zur Aufbewahrung. Ich glaube, es hat gerade mein Weihnachtsfest gerettet.<\/p>\n<div class=\"product-container horizontal-product-container\">\n<div class=\"product-block-row\"><\/div>\n<\/div>\n<p id=\"222e0c0c-c546-482a-b287-b218f8e74ac3\">Bei all der Essenszubereitung und dem Kochen, die \u00fcber die Feiertage als Gastgeber anfallen, habe ich mir mehr als einmal gew\u00fcnscht, ich h\u00e4tte eine K\u00fccheninsel, um etwas von der schweren Arbeit zu \u00fcbernehmen, die immer auf meiner begrenzten Arbeitsfl\u00e4che landet.<\/p>\n<div id=\"ad-unit-2\" class=\"ad-unit\"><\/div>\n<p>Stattdessen spiele ich meist Tetris mit Backblechen, Bratformen und Serviersch\u00fcsseln, um alles passend zu machen. Aber die Entdeckung dieser rollenden K\u00fccheninsel war f\u00fcr mich die Rettung vor den Festtagen.<\/p>\n<p>Das Ma\u00df an Funktionalit\u00e4t, das es einer K\u00fcche verleiht, ist un\u00fcbertroffen. Da er auf Rollen steht, k\u00f6nnen Sie ihn jederzeit von der Mitte Ihrer K\u00fcche zur Seite bewegen, sodass er nicht im Weg ist. Zusammen mit zwei ger\u00e4umigen Regalen, einem Weinglashalter und Handtuchhaltern mit Haken bietet es Platz f\u00fcr alles, was Sie f\u00fcr eine gelungene Zubereitung Ihres Festessens ben\u00f6tigen.<\/p>\n<figure class=\"van-image-figure inline-layout \" data-bordeaux-image-check id=\"f5c4c869-2184-4079-aef4-b6c724d3d29b\">\n<div class=\"image-full-width-wrapper\">\n<div class=\"image-widthsetter\" style=\"max-width:2000px;\"><\/div>\n<\/div>\n<\/figure>\n<p id=\"64fdc3ec-df58-476b-810b-98fee6056091\">Aber was mir wirklich auffiel, war das elegante Design. Freistehende Inseln sind derzeit eines der begehrtesten Elemente, da sie ein wohnlicheres Gef\u00fchl vermitteln, und dieses Design f\u00e4ngt den Look perfekt ein.<\/p>\n<div id=\"slice-container-newsletterForm-articleInbodyContent-4iZbkNVY468JBK6MsE9iqJ\" class=\"slice-container newsletter-inbodyContent-slice newsletterForm-articleInbodyContent-4iZbkNVY468JBK6MsE9iqJ slice-container-newsletterForm\"><\/div>\n<p>Auch hier gef\u00e4llt mir der Materialmix. Die Arbeitsplatte aus Holz ist absolut zeitlos, w\u00e4hrend der mattschwarze Rahmen einen sch\u00f6nen Kontrast bildet und die goldenen Akzente dem Design einen Hauch von Eleganz verleihen.<\/p>\n<p>Und das Beste von allem? Es hat die perfekte Gr\u00f6\u00dfe f\u00fcr eine kleine K\u00fcche. Mit einer Breite von 47,5 Zoll und einer Tiefe von 38 Zoll nimmt er wenig Platz ein und bietet gleichzeitig die perfekte Fl\u00e4che, um das Kochen im Urlaub so viel einfacher zu machen. Es ist ein Bestseller, aber es ist auch im Ausverkauf \u2013 wenn es also weg ist, ist es weg.<\/p>\n<p>Aber keine Sorge: Wenn Sie dieses unglaubliche Angebot verpasst haben, k\u00f6nnen Sie jetzt zahlreiche andere bewegliche K\u00fccheninseln kaufen.<\/p>\n<div class=\"product-container hero-product-container product-block-no-wrap\">\n<div class=\"product-block-row\"><\/div>\n<div class=\"product-block-row\"><\/div>\n<div class=\"product-block-row\"><\/div>\n<\/div>\n<hr id=\"66b7539d-d806-4978-82b8-fca4e6982c63\">\n<p id=\"934d1d35-c09e-465a-bd91-1649cea7c49f\">Manchmal gen\u00fcgt eine durchdachte K\u00fcchenerweiterung, um das Kochen und Bewirten viel einfacher zu machen. Tragbare K\u00fccheninseln sind nicht ohne Grund beliebt, und wenn Sie ein so schickes Design wie dieses finden, m\u00fcssen Sie einfach zuschlagen. F\u00fcr eine entspanntere Einrichtung k\u00f6nnen Sie auch Sitzgelegenheiten um eine bewegliche Insel herum hinzuf\u00fcgen \u2013 das perfekte, vielseitige M\u00f6belst\u00fcck, das Ihrer K\u00fcche bisher gefehlt hat.<\/p>\n<\/div>\n","protected":false},"excerpt":{"rendered":"<p>In keinem anderen Raum wird in den Ferien so hart gearbeitet wie in der K\u00fcche. Von Thanksgiving bis Neujahr sind unsere Kochr\u00e4ume immer das Herzst\u00fcck<\/p>\n","protected":false},"author":1,"featured_media":9611,"comment_status":"closed","ping_status":"","sticky":false,"template":"","format":"standard","meta":{"footnotes":""},"categories":[118],"tags":[357,176,9,143,3163,2650,55,495,11905,189,11904,1672,694,468,1054,61,2397,11903,1038,1078],"class_list":["post-9610","post","type-post","status-publish","format-standard","has-post-thumbnail","hentry","category-haus-garten","tag-aber","tag-alle","tag-die","tag-diese","tag-feiertage","tag-festlichen","tag-fuer","tag-gerade","tag-gerettet","tag-hat","tag-inselalternative","tag-kleine","tag-koennte","tag-kueche","tag-meine","tag-nicht","tag-plaene","tag-platzsparende","tag-usdollar","tag-veranstalten","generate-columns","tablet-grid-50","mobile-grid-100","grid-parent","grid-50"],"yoast_head":"<!-- This site is optimized with the Yoast SEO plugin v27.3 - https:\/\/yoast.com\/product\/yoast-seo-wordpress\/ -->\n<title>Meine kleine K\u00fcche konnte die Feiertage nicht veranstalten \u2013 aber diese platzsparende Inselalternative f\u00fcr 150 US-Dollar hat gerade alle meine festlichen Pl\u00e4ne gerettet - Nachrichten - Stra\u00dfenweb<\/title>\n<meta name=\"robots\" content=\"index, follow, max-snippet:-1, max-image-preview:large, max-video-preview:-1\" \/>\n<link rel=\"canonical\" href=\"https:\/\/www.strassenweb.de\/nachrichten\/meine-kleine-kueche-konnte-die-feiertage-nicht-veranstalten-aber-diese-platzsparende-inselalternative-fuer-150-us-dollar-hat-gerade-alle-meine-festlichen-plaene-gerettet\/\" \/>\n<meta property=\"og:locale\" content=\"de_DE\" \/>\n<meta property=\"og:type\" content=\"article\" \/>\n<meta property=\"og:title\" content=\"Meine kleine K\u00fcche konnte die Feiertage nicht veranstalten \u2013 aber diese platzsparende Inselalternative f\u00fcr 150 US-Dollar hat gerade alle meine festlichen Pl\u00e4ne gerettet - Nachrichten - Stra\u00dfenweb\" \/>\n<meta property=\"og:description\" content=\"In keinem anderen Raum wird in den Ferien so hart gearbeitet wie in der K\u00fcche. Von Thanksgiving bis Neujahr sind unsere Kochr\u00e4ume immer das Herzst\u00fcck\" \/>\n<meta property=\"og:url\" content=\"https:\/\/www.strassenweb.de\/nachrichten\/meine-kleine-kueche-konnte-die-feiertage-nicht-veranstalten-aber-diese-platzsparende-inselalternative-fuer-150-us-dollar-hat-gerade-alle-meine-festlichen-plaene-gerettet\/\" \/>\n<meta property=\"og:site_name\" content=\"Stra\u00dfenweb\" \/>\n<meta property=\"article:publisher\" content=\"https:\/\/www.facebook.com\/strassenweb\/\" \/>\n<meta property=\"article:published_time\" content=\"2025-12-02T21:41:24+00:00\" \/>\n<meta property=\"article:modified_time\" content=\"2025-12-02T21:41:25+00:00\" \/>\n<meta property=\"og:image\" content=\"https:\/\/www.strassenweb.de\/nachrichten\/wp-content\/uploads\/2025\/12\/Meine-kleine-Kueche-konnte-die-Feiertage-nicht-veranstalten-\u2013-aber.jpg\" \/>\n\t<meta property=\"og:image:width\" content=\"1600\" \/>\n\t<meta property=\"og:image:height\" content=\"900\" \/>\n\t<meta property=\"og:image:type\" content=\"image\/jpeg\" \/>\n<meta name=\"author\" content=\"Robert Hoffmann\" \/>\n<meta name=\"twitter:card\" content=\"summary_large_image\" \/>\n<meta name=\"twitter:label1\" content=\"Verfasst von\" \/>\n\t<meta name=\"twitter:data1\" content=\"Robert Hoffmann\" \/>\n\t<meta name=\"twitter:label2\" content=\"Gesch\u00e4tzte Lesezeit\" \/>\n\t<meta name=\"twitter:data2\" content=\"3\u00a0Minuten\" \/>\n<script type=\"application\/ld+json\" class=\"yoast-schema-graph\">{\"@context\":\"https:\\\/\\\/schema.org\",\"@graph\":[{\"@type\":\"Article\",\"@id\":\"https:\\\/\\\/www.strassenweb.de\\\/nachrichten\\\/meine-kleine-kueche-konnte-die-feiertage-nicht-veranstalten-aber-diese-platzsparende-inselalternative-fuer-150-us-dollar-hat-gerade-alle-meine-festlichen-plaene-gerettet\\\/#article\",\"isPartOf\":{\"@id\":\"https:\\\/\\\/www.strassenweb.de\\\/nachrichten\\\/meine-kleine-kueche-konnte-die-feiertage-nicht-veranstalten-aber-diese-platzsparende-inselalternative-fuer-150-us-dollar-hat-gerade-alle-meine-festlichen-plaene-gerettet\\\/\"},\"author\":{\"name\":\"Robert Hoffmann\",\"@id\":\"https:\\\/\\\/www.strassenweb.de\\\/nachrichten\\\/#\\\/schema\\\/person\\\/87c9c9067f1211da429a744dc5a5aa41\"},\"headline\":\"Meine kleine K\u00fcche konnte die Feiertage nicht veranstalten \u2013 aber diese platzsparende Inselalternative f\u00fcr 150 US-Dollar hat gerade alle meine festlichen Pl\u00e4ne gerettet\",\"datePublished\":\"2025-12-02T21:41:24+00:00\",\"dateModified\":\"2025-12-02T21:41:25+00:00\",\"mainEntityOfPage\":{\"@id\":\"https:\\\/\\\/www.strassenweb.de\\\/nachrichten\\\/meine-kleine-kueche-konnte-die-feiertage-nicht-veranstalten-aber-diese-platzsparende-inselalternative-fuer-150-us-dollar-hat-gerade-alle-meine-festlichen-plaene-gerettet\\\/\"},\"wordCount\":534,\"publisher\":{\"@id\":\"https:\\\/\\\/www.strassenweb.de\\\/nachrichten\\\/#organization\"},\"image\":{\"@id\":\"https:\\\/\\\/www.strassenweb.de\\\/nachrichten\\\/meine-kleine-kueche-konnte-die-feiertage-nicht-veranstalten-aber-diese-platzsparende-inselalternative-fuer-150-us-dollar-hat-gerade-alle-meine-festlichen-plaene-gerettet\\\/#primaryimage\"},\"thumbnailUrl\":\"https:\\\/\\\/www.strassenweb.de\\\/nachrichten\\\/wp-content\\\/uploads\\\/2025\\\/12\\\/Meine-kleine-Kueche-konnte-die-Feiertage-nicht-veranstalten-\u2013-aber.jpg\",\"keywords\":[\"aber\",\"alle\",\"die\",\"diese\",\"Feiertage\",\"festlichen\",\"f\u00fcr\",\"gerade\",\"gerettet\",\"hat\",\"Inselalternative\",\"kleine\",\"k\u00f6nnte\",\"K\u00fcche\",\"meine\",\"nicht\",\"Pl\u00e4ne\",\"platzsparende\",\"USDollar\",\"veranstalten\"],\"articleSection\":[\"Haus &amp; Garten\"],\"inLanguage\":\"de\"},{\"@type\":\"WebPage\",\"@id\":\"https:\\\/\\\/www.strassenweb.de\\\/nachrichten\\\/meine-kleine-kueche-konnte-die-feiertage-nicht-veranstalten-aber-diese-platzsparende-inselalternative-fuer-150-us-dollar-hat-gerade-alle-meine-festlichen-plaene-gerettet\\\/\",\"url\":\"https:\\\/\\\/www.strassenweb.de\\\/nachrichten\\\/meine-kleine-kueche-konnte-die-feiertage-nicht-veranstalten-aber-diese-platzsparende-inselalternative-fuer-150-us-dollar-hat-gerade-alle-meine-festlichen-plaene-gerettet\\\/\",\"name\":\"Meine kleine K\u00fcche konnte die Feiertage nicht veranstalten \u2013 aber diese platzsparende Inselalternative f\u00fcr 150 US-Dollar hat gerade alle meine festlichen Pl\u00e4ne gerettet - Nachrichten - Stra\u00dfenweb\",\"isPartOf\":{\"@id\":\"https:\\\/\\\/www.strassenweb.de\\\/nachrichten\\\/#website\"},\"primaryImageOfPage\":{\"@id\":\"https:\\\/\\\/www.strassenweb.de\\\/nachrichten\\\/meine-kleine-kueche-konnte-die-feiertage-nicht-veranstalten-aber-diese-platzsparende-inselalternative-fuer-150-us-dollar-hat-gerade-alle-meine-festlichen-plaene-gerettet\\\/#primaryimage\"},\"image\":{\"@id\":\"https:\\\/\\\/www.strassenweb.de\\\/nachrichten\\\/meine-kleine-kueche-konnte-die-feiertage-nicht-veranstalten-aber-diese-platzsparende-inselalternative-fuer-150-us-dollar-hat-gerade-alle-meine-festlichen-plaene-gerettet\\\/#primaryimage\"},\"thumbnailUrl\":\"https:\\\/\\\/www.strassenweb.de\\\/nachrichten\\\/wp-content\\\/uploads\\\/2025\\\/12\\\/Meine-kleine-Kueche-konnte-die-Feiertage-nicht-veranstalten-\u2013-aber.jpg\",\"datePublished\":\"2025-12-02T21:41:24+00:00\",\"dateModified\":\"2025-12-02T21:41:25+00:00\",\"breadcrumb\":{\"@id\":\"https:\\\/\\\/www.strassenweb.de\\\/nachrichten\\\/meine-kleine-kueche-konnte-die-feiertage-nicht-veranstalten-aber-diese-platzsparende-inselalternative-fuer-150-us-dollar-hat-gerade-alle-meine-festlichen-plaene-gerettet\\\/#breadcrumb\"},\"inLanguage\":\"de\",\"potentialAction\":[{\"@type\":\"ReadAction\",\"target\":[\"https:\\\/\\\/www.strassenweb.de\\\/nachrichten\\\/meine-kleine-kueche-konnte-die-feiertage-nicht-veranstalten-aber-diese-platzsparende-inselalternative-fuer-150-us-dollar-hat-gerade-alle-meine-festlichen-plaene-gerettet\\\/\"]}]},{\"@type\":\"ImageObject\",\"inLanguage\":\"de\",\"@id\":\"https:\\\/\\\/www.strassenweb.de\\\/nachrichten\\\/meine-kleine-kueche-konnte-die-feiertage-nicht-veranstalten-aber-diese-platzsparende-inselalternative-fuer-150-us-dollar-hat-gerade-alle-meine-festlichen-plaene-gerettet\\\/#primaryimage\",\"url\":\"https:\\\/\\\/www.strassenweb.de\\\/nachrichten\\\/wp-content\\\/uploads\\\/2025\\\/12\\\/Meine-kleine-Kueche-konnte-die-Feiertage-nicht-veranstalten-\u2013-aber.jpg\",\"contentUrl\":\"https:\\\/\\\/www.strassenweb.de\\\/nachrichten\\\/wp-content\\\/uploads\\\/2025\\\/12\\\/Meine-kleine-Kueche-konnte-die-Feiertage-nicht-veranstalten-\u2013-aber.jpg\",\"width\":1600,\"height\":900,\"caption\":\"Walmart wood and brass kitchen cart\"},{\"@type\":\"BreadcrumbList\",\"@id\":\"https:\\\/\\\/www.strassenweb.de\\\/nachrichten\\\/meine-kleine-kueche-konnte-die-feiertage-nicht-veranstalten-aber-diese-platzsparende-inselalternative-fuer-150-us-dollar-hat-gerade-alle-meine-festlichen-plaene-gerettet\\\/#breadcrumb\",\"itemListElement\":[{\"@type\":\"ListItem\",\"position\":1,\"name\":\"Home\",\"item\":\"https:\\\/\\\/www.strassenweb.de\\\/nachrichten\\\/\"},{\"@type\":\"ListItem\",\"position\":2,\"name\":\"Meine kleine K\u00fcche konnte die Feiertage nicht veranstalten \u2013 aber diese platzsparende Inselalternative f\u00fcr 150 US-Dollar hat gerade alle meine festlichen Pl\u00e4ne gerettet\"}]},{\"@type\":\"WebSite\",\"@id\":\"https:\\\/\\\/www.strassenweb.de\\\/nachrichten\\\/#website\",\"url\":\"https:\\\/\\\/www.strassenweb.de\\\/nachrichten\\\/\",\"name\":\"Stra\u00dfenweb\",\"description\":\"Stra\u00dfenverzeichnis f\u00fcr Deutschland\",\"publisher\":{\"@id\":\"https:\\\/\\\/www.strassenweb.de\\\/nachrichten\\\/#organization\"},\"potentialAction\":[{\"@type\":\"SearchAction\",\"target\":{\"@type\":\"EntryPoint\",\"urlTemplate\":\"https:\\\/\\\/www.strassenweb.de\\\/nachrichten\\\/?s={search_term_string}\"},\"query-input\":{\"@type\":\"PropertyValueSpecification\",\"valueRequired\":true,\"valueName\":\"search_term_string\"}}],\"inLanguage\":\"de\"},{\"@type\":\"Organization\",\"@id\":\"https:\\\/\\\/www.strassenweb.de\\\/nachrichten\\\/#organization\",\"name\":\"Stra\u00dfenweb\",\"url\":\"https:\\\/\\\/www.strassenweb.de\\\/nachrichten\\\/\",\"logo\":{\"@type\":\"ImageObject\",\"inLanguage\":\"de\",\"@id\":\"https:\\\/\\\/www.strassenweb.de\\\/nachrichten\\\/#\\\/schema\\\/logo\\\/image\\\/\",\"url\":\"https:\\\/\\\/www.strassenweb.de\\\/nachrichten\\\/wp-content\\\/uploads\\\/2024\\\/09\\\/cropped-favicon.png\",\"contentUrl\":\"https:\\\/\\\/www.strassenweb.de\\\/nachrichten\\\/wp-content\\\/uploads\\\/2024\\\/09\\\/cropped-favicon.png\",\"width\":512,\"height\":512,\"caption\":\"Stra\u00dfenweb\"},\"image\":{\"@id\":\"https:\\\/\\\/www.strassenweb.de\\\/nachrichten\\\/#\\\/schema\\\/logo\\\/image\\\/\"},\"sameAs\":[\"https:\\\/\\\/www.facebook.com\\\/strassenweb\\\/\"]},{\"@type\":\"Person\",\"@id\":\"https:\\\/\\\/www.strassenweb.de\\\/nachrichten\\\/#\\\/schema\\\/person\\\/87c9c9067f1211da429a744dc5a5aa41\",\"name\":\"Robert Hoffmann\",\"image\":{\"@type\":\"ImageObject\",\"inLanguage\":\"de\",\"@id\":\"https:\\\/\\\/www.strassenweb.de\\\/nachrichten\\\/wp-content\\\/uploads\\\/2024\\\/09\\\/strassenweb-150x150.jpg\",\"url\":\"https:\\\/\\\/www.strassenweb.de\\\/nachrichten\\\/wp-content\\\/uploads\\\/2024\\\/09\\\/strassenweb-150x150.jpg\",\"contentUrl\":\"https:\\\/\\\/www.strassenweb.de\\\/nachrichten\\\/wp-content\\\/uploads\\\/2024\\\/09\\\/strassenweb-150x150.jpg\",\"caption\":\"Robert Hoffmann\"},\"description\":\"Ich hei\u00dfe Robert Hoffmann und ich bin ein leidenschaftlicher Verfechter von \u00d6kologie und Biodiversit\u00e4t. Seit meiner Kindheit in den W\u00e4ldern Bayerns f\u00fchle ich mich mit der Natur verbunden und bin entschlossen, sie zu sch\u00fctzen. Heute widme ich mein Leben der Sensibilisierung anderer f\u00fcr die Bedeutung des Umweltschutzes f\u00fcr zuk\u00fcnftige Generationen.\",\"sameAs\":[\"https:\\\/\\\/www.strassenweb.de\\\/\"]}]}<\/script>\n<!-- \/ Yoast SEO plugin. -->","yoast_head_json":{"title":"Meine kleine K\u00fcche konnte die Feiertage nicht veranstalten \u2013 aber diese platzsparende Inselalternative f\u00fcr 150 US-Dollar hat gerade alle meine festlichen Pl\u00e4ne gerettet - Nachrichten - Stra\u00dfenweb","robots":{"index":"index","follow":"follow","max-snippet":"max-snippet:-1","max-image-preview":"max-image-preview:large","max-video-preview":"max-video-preview:-1"},"canonical":"https:\/\/www.strassenweb.de\/nachrichten\/meine-kleine-kueche-konnte-die-feiertage-nicht-veranstalten-aber-diese-platzsparende-inselalternative-fuer-150-us-dollar-hat-gerade-alle-meine-festlichen-plaene-gerettet\/","og_locale":"de_DE","og_type":"article","og_title":"Meine kleine K\u00fcche konnte die Feiertage nicht veranstalten \u2013 aber diese platzsparende Inselalternative f\u00fcr 150 US-Dollar hat gerade alle meine festlichen Pl\u00e4ne gerettet - Nachrichten - Stra\u00dfenweb","og_description":"In keinem anderen Raum wird in den Ferien so hart gearbeitet wie in der K\u00fcche. Von Thanksgiving bis Neujahr sind unsere Kochr\u00e4ume immer das Herzst\u00fcck","og_url":"https:\/\/www.strassenweb.de\/nachrichten\/meine-kleine-kueche-konnte-die-feiertage-nicht-veranstalten-aber-diese-platzsparende-inselalternative-fuer-150-us-dollar-hat-gerade-alle-meine-festlichen-plaene-gerettet\/","og_site_name":"Stra\u00dfenweb","article_publisher":"https:\/\/www.facebook.com\/strassenweb\/","article_published_time":"2025-12-02T21:41:24+00:00","article_modified_time":"2025-12-02T21:41:25+00:00","og_image":[{"width":1600,"height":900,"url":"https:\/\/www.strassenweb.de\/nachrichten\/wp-content\/uploads\/2025\/12\/Meine-kleine-Kueche-konnte-die-Feiertage-nicht-veranstalten-\u2013-aber.jpg","type":"image\/jpeg"}],"author":"Robert Hoffmann","twitter_card":"summary_large_image","twitter_misc":{"Verfasst von":"Robert Hoffmann","Gesch\u00e4tzte Lesezeit":"3\u00a0Minuten"},"schema":{"@context":"https:\/\/schema.org","@graph":[{"@type":"Article","@id":"https:\/\/www.strassenweb.de\/nachrichten\/meine-kleine-kueche-konnte-die-feiertage-nicht-veranstalten-aber-diese-platzsparende-inselalternative-fuer-150-us-dollar-hat-gerade-alle-meine-festlichen-plaene-gerettet\/#article","isPartOf":{"@id":"https:\/\/www.strassenweb.de\/nachrichten\/meine-kleine-kueche-konnte-die-feiertage-nicht-veranstalten-aber-diese-platzsparende-inselalternative-fuer-150-us-dollar-hat-gerade-alle-meine-festlichen-plaene-gerettet\/"},"author":{"name":"Robert Hoffmann","@id":"https:\/\/www.strassenweb.de\/nachrichten\/#\/schema\/person\/87c9c9067f1211da429a744dc5a5aa41"},"headline":"Meine kleine K\u00fcche konnte die Feiertage nicht veranstalten \u2013 aber diese platzsparende Inselalternative f\u00fcr 150 US-Dollar hat gerade alle meine festlichen Pl\u00e4ne gerettet","datePublished":"2025-12-02T21:41:24+00:00","dateModified":"2025-12-02T21:41:25+00:00","mainEntityOfPage":{"@id":"https:\/\/www.strassenweb.de\/nachrichten\/meine-kleine-kueche-konnte-die-feiertage-nicht-veranstalten-aber-diese-platzsparende-inselalternative-fuer-150-us-dollar-hat-gerade-alle-meine-festlichen-plaene-gerettet\/"},"wordCount":534,"publisher":{"@id":"https:\/\/www.strassenweb.de\/nachrichten\/#organization"},"image":{"@id":"https:\/\/www.strassenweb.de\/nachrichten\/meine-kleine-kueche-konnte-die-feiertage-nicht-veranstalten-aber-diese-platzsparende-inselalternative-fuer-150-us-dollar-hat-gerade-alle-meine-festlichen-plaene-gerettet\/#primaryimage"},"thumbnailUrl":"https:\/\/www.strassenweb.de\/nachrichten\/wp-content\/uploads\/2025\/12\/Meine-kleine-Kueche-konnte-die-Feiertage-nicht-veranstalten-\u2013-aber.jpg","keywords":["aber","alle","die","diese","Feiertage","festlichen","f\u00fcr","gerade","gerettet","hat","Inselalternative","kleine","k\u00f6nnte","K\u00fcche","meine","nicht","Pl\u00e4ne","platzsparende","USDollar","veranstalten"],"articleSection":["Haus &amp; Garten"],"inLanguage":"de"},{"@type":"WebPage","@id":"https:\/\/www.strassenweb.de\/nachrichten\/meine-kleine-kueche-konnte-die-feiertage-nicht-veranstalten-aber-diese-platzsparende-inselalternative-fuer-150-us-dollar-hat-gerade-alle-meine-festlichen-plaene-gerettet\/","url":"https:\/\/www.strassenweb.de\/nachrichten\/meine-kleine-kueche-konnte-die-feiertage-nicht-veranstalten-aber-diese-platzsparende-inselalternative-fuer-150-us-dollar-hat-gerade-alle-meine-festlichen-plaene-gerettet\/","name":"Meine kleine K\u00fcche konnte die Feiertage nicht veranstalten \u2013 aber diese platzsparende Inselalternative f\u00fcr 150 US-Dollar hat gerade alle meine festlichen Pl\u00e4ne gerettet - Nachrichten - Stra\u00dfenweb","isPartOf":{"@id":"https:\/\/www.strassenweb.de\/nachrichten\/#website"},"primaryImageOfPage":{"@id":"https:\/\/www.strassenweb.de\/nachrichten\/meine-kleine-kueche-konnte-die-feiertage-nicht-veranstalten-aber-diese-platzsparende-inselalternative-fuer-150-us-dollar-hat-gerade-alle-meine-festlichen-plaene-gerettet\/#primaryimage"},"image":{"@id":"https:\/\/www.strassenweb.de\/nachrichten\/meine-kleine-kueche-konnte-die-feiertage-nicht-veranstalten-aber-diese-platzsparende-inselalternative-fuer-150-us-dollar-hat-gerade-alle-meine-festlichen-plaene-gerettet\/#primaryimage"},"thumbnailUrl":"https:\/\/www.strassenweb.de\/nachrichten\/wp-content\/uploads\/2025\/12\/Meine-kleine-Kueche-konnte-die-Feiertage-nicht-veranstalten-\u2013-aber.jpg","datePublished":"2025-12-02T21:41:24+00:00","dateModified":"2025-12-02T21:41:25+00:00","breadcrumb":{"@id":"https:\/\/www.strassenweb.de\/nachrichten\/meine-kleine-kueche-konnte-die-feiertage-nicht-veranstalten-aber-diese-platzsparende-inselalternative-fuer-150-us-dollar-hat-gerade-alle-meine-festlichen-plaene-gerettet\/#breadcrumb"},"inLanguage":"de","potentialAction":[{"@type":"ReadAction","target":["https:\/\/www.strassenweb.de\/nachrichten\/meine-kleine-kueche-konnte-die-feiertage-nicht-veranstalten-aber-diese-platzsparende-inselalternative-fuer-150-us-dollar-hat-gerade-alle-meine-festlichen-plaene-gerettet\/"]}]},{"@type":"ImageObject","inLanguage":"de","@id":"https:\/\/www.strassenweb.de\/nachrichten\/meine-kleine-kueche-konnte-die-feiertage-nicht-veranstalten-aber-diese-platzsparende-inselalternative-fuer-150-us-dollar-hat-gerade-alle-meine-festlichen-plaene-gerettet\/#primaryimage","url":"https:\/\/www.strassenweb.de\/nachrichten\/wp-content\/uploads\/2025\/12\/Meine-kleine-Kueche-konnte-die-Feiertage-nicht-veranstalten-\u2013-aber.jpg","contentUrl":"https:\/\/www.strassenweb.de\/nachrichten\/wp-content\/uploads\/2025\/12\/Meine-kleine-Kueche-konnte-die-Feiertage-nicht-veranstalten-\u2013-aber.jpg","width":1600,"height":900,"caption":"Walmart wood and brass kitchen cart"},{"@type":"BreadcrumbList","@id":"https:\/\/www.strassenweb.de\/nachrichten\/meine-kleine-kueche-konnte-die-feiertage-nicht-veranstalten-aber-diese-platzsparende-inselalternative-fuer-150-us-dollar-hat-gerade-alle-meine-festlichen-plaene-gerettet\/#breadcrumb","itemListElement":[{"@type":"ListItem","position":1,"name":"Home","item":"https:\/\/www.strassenweb.de\/nachrichten\/"},{"@type":"ListItem","position":2,"name":"Meine kleine K\u00fcche konnte die Feiertage nicht veranstalten \u2013 aber diese platzsparende Inselalternative f\u00fcr 150 US-Dollar hat gerade alle meine festlichen Pl\u00e4ne gerettet"}]},{"@type":"WebSite","@id":"https:\/\/www.strassenweb.de\/nachrichten\/#website","url":"https:\/\/www.strassenweb.de\/nachrichten\/","name":"Stra\u00dfenweb","description":"Stra\u00dfenverzeichnis f\u00fcr Deutschland","publisher":{"@id":"https:\/\/www.strassenweb.de\/nachrichten\/#organization"},"potentialAction":[{"@type":"SearchAction","target":{"@type":"EntryPoint","urlTemplate":"https:\/\/www.strassenweb.de\/nachrichten\/?s={search_term_string}"},"query-input":{"@type":"PropertyValueSpecification","valueRequired":true,"valueName":"search_term_string"}}],"inLanguage":"de"},{"@type":"Organization","@id":"https:\/\/www.strassenweb.de\/nachrichten\/#organization","name":"Stra\u00dfenweb","url":"https:\/\/www.strassenweb.de\/nachrichten\/","logo":{"@type":"ImageObject","inLanguage":"de","@id":"https:\/\/www.strassenweb.de\/nachrichten\/#\/schema\/logo\/image\/","url":"https:\/\/www.strassenweb.de\/nachrichten\/wp-content\/uploads\/2024\/09\/cropped-favicon.png","contentUrl":"https:\/\/www.strassenweb.de\/nachrichten\/wp-content\/uploads\/2024\/09\/cropped-favicon.png","width":512,"height":512,"caption":"Stra\u00dfenweb"},"image":{"@id":"https:\/\/www.strassenweb.de\/nachrichten\/#\/schema\/logo\/image\/"},"sameAs":["https:\/\/www.facebook.com\/strassenweb\/"]},{"@type":"Person","@id":"https:\/\/www.strassenweb.de\/nachrichten\/#\/schema\/person\/87c9c9067f1211da429a744dc5a5aa41","name":"Robert Hoffmann","image":{"@type":"ImageObject","inLanguage":"de","@id":"https:\/\/www.strassenweb.de\/nachrichten\/wp-content\/uploads\/2024\/09\/strassenweb-150x150.jpg","url":"https:\/\/www.strassenweb.de\/nachrichten\/wp-content\/uploads\/2024\/09\/strassenweb-150x150.jpg","contentUrl":"https:\/\/www.strassenweb.de\/nachrichten\/wp-content\/uploads\/2024\/09\/strassenweb-150x150.jpg","caption":"Robert Hoffmann"},"description":"Ich hei\u00dfe Robert Hoffmann und ich bin ein leidenschaftlicher Verfechter von \u00d6kologie und Biodiversit\u00e4t. Seit meiner Kindheit in den W\u00e4ldern Bayerns f\u00fchle ich mich mit der Natur verbunden und bin entschlossen, sie zu sch\u00fctzen. Heute widme ich mein Leben der Sensibilisierung anderer f\u00fcr die Bedeutung des Umweltschutzes f\u00fcr zuk\u00fcnftige Generationen.","sameAs":["https:\/\/www.strassenweb.de\/"]}]}},"_links":{"self":[{"href":"https:\/\/www.strassenweb.de\/nachrichten\/wp-json\/wp\/v2\/posts\/9610","targetHints":{"allow":["GET"]}}],"collection":[{"href":"https:\/\/www.strassenweb.de\/nachrichten\/wp-json\/wp\/v2\/posts"}],"about":[{"href":"https:\/\/www.strassenweb.de\/nachrichten\/wp-json\/wp\/v2\/types\/post"}],"author":[{"embeddable":true,"href":"https:\/\/www.strassenweb.de\/nachrichten\/wp-json\/wp\/v2\/users\/1"}],"replies":[{"embeddable":true,"href":"https:\/\/www.strassenweb.de\/nachrichten\/wp-json\/wp\/v2\/comments?post=9610"}],"version-history":[{"count":0,"href":"https:\/\/www.strassenweb.de\/nachrichten\/wp-json\/wp\/v2\/posts\/9610\/revisions"}],"wp:featuredmedia":[{"embeddable":true,"href":"https:\/\/www.strassenweb.de\/nachrichten\/wp-json\/wp\/v2\/media\/9611"}],"wp:attachment":[{"href":"https:\/\/www.strassenweb.de\/nachrichten\/wp-json\/wp\/v2\/media?parent=9610"}],"wp:term":[{"taxonomy":"category","embeddable":true,"href":"https:\/\/www.strassenweb.de\/nachrichten\/wp-json\/wp\/v2\/categories?post=9610"},{"taxonomy":"post_tag","embeddable":true,"href":"https:\/\/www.strassenweb.de\/nachrichten\/wp-json\/wp\/v2\/tags?post=9610"}],"curies":[{"name":"wp","href":"https:\/\/api.w.org\/{rel}","templated":true}]}}