{"id":960,"date":"2024-10-17T17:48:04","date_gmt":"2024-10-17T15:48:04","guid":{"rendered":"https:\/\/www.strassenweb.de\/nachrichten\/vintage-mit-dem-gewissen-etwas-inspirierte-die-neue-farbkapsel-2025-von-sherwin-williams-hier-erfahren-sie-wie-sie-diese-retro-farbtoene-in-ihr-zuhause-integrieren\/"},"modified":"2024-10-17T17:48:06","modified_gmt":"2024-10-17T15:48:06","slug":"vintage-mit-dem-gewissen-etwas-inspirierte-die-neue-farbkapsel-2025-von-sherwin-williams-hier-erfahren-sie-wie-sie-diese-retro-farbtoene-in-ihr-zuhause-integrieren","status":"publish","type":"post","link":"https:\/\/www.strassenweb.de\/nachrichten\/vintage-mit-dem-gewissen-etwas-inspirierte-die-neue-farbkapsel-2025-von-sherwin-williams-hier-erfahren-sie-wie-sie-diese-retro-farbtoene-in-ihr-zuhause-integrieren\/","title":{"rendered":"\u201eVintage mit dem gewissen Etwas\u201c inspirierte die neue Farbkapsel 2025 von Sherwin-Williams \u2013 hier erfahren Sie, wie Sie diese Retro-Farbt\u00f6ne in Ihr Zuhause integrieren"},"content":{"rendered":"<p><\/p>\n<div id=\"article-body\" class=\"article__body \">\n<p>Die Farbtrendsaison ist in vollem Gange und die neueste Marke, die ihre Top-Auswahl f\u00fcr 2025 enth\u00fcllt, ist Sherwin-Williams. In diesem Jahr hat die Marke anl\u00e4sslich des 15-j\u00e4hrigen Bestehens der Farbtrendank\u00fcndigungen der Lackmarke eine Capsule-Farbkollektion vorgestellt, die neun verschiedene Lackfarben anstelle eines herausragenden Farbtons umfasst.<\/p>\n<div id=\"ad-unit-1\" class=\"ad-unit\"><\/div>\n<p>Sie kombinieren die klassischen Farben von Sherwin-Williams mit den herausragenden, farbenfrohen Farbt\u00f6nen aus dem Colormix Forecast der Marke und wurden sorgf\u00e4ltig als Farben des Jahres ausgew\u00e4hlt, um Raumfarbinspirationen f\u00fcr 2025 zu liefern.<\/p>\n<p>W\u00e4hrend die Kollektion von hellen Neutralt\u00f6nen bis hin zu kr\u00e4ftigeren Farbt\u00f6nen reicht, verbindet sie alle eine erdende Qualit\u00e4t, die unserem Zuhause ein angenehmes und ruhiges Gef\u00fchl verleiht. Um mehr \u00fcber diese brandneue Auswahl an Farbtrends zu erfahren, haben wir mit Sue Wadden, Director of Color Marketing bei Sherwin-Williams, gesprochen, die uns Empfehlungen f\u00fcr die Dekoration mit der Farbkapsel des Jahres 2025 gibt.<\/p>\n<div id=\"desktop-in-article\" class=\"in-article ad-unit\">\n<div id=\"desktop-taboola-mid-article\"><\/div>\n<\/div>\n<div id=\"mobile-in-article\" class=\"in-article ad-unit\">\n<div id=\"mobile-taboola-mid-article\"><\/div>\n<\/div>\n<figure class=\"van-image-figure inline-layout \" data-bordeaux-image-check>\n<div class=\"image-full-width-wrapper\">\n<div class=\"image-widthsetter\" style=\"max-width:2000px;\"><\/div>\n<\/div><figcaption class=\"inline-layout \">\n<div class=\"caption-text\">\n<p>Bosc Birne SW 6390<\/p>\n<\/div>\n<\/figcaption><\/figure>\n<p>\u201eEs ist etwas ganz Besonderes, anl\u00e4sslich unseres 15-j\u00e4hrigen Jubil\u00e4ums \u201eFarbe des Jahres\u201c eine ganze Kapsel zu erweitern, die eine moderne, frische Interpretation von Farbe mit einer ausgewogenen und verwendbaren Auswahl an Farbt\u00f6nen darstellt\u201c, teilt Sue Wadden mit. \u201eZusammen \u2013 als komplette Palette oder fachm\u00e4nnisch ausgew\u00e4hlte Kombinationen \u2013 schafft die Alchemie der Kapsel etwas, das in jedem Stil und jeder Umgebung gesch\u00e4tzt werden kann.\u201c<\/p>\n<div class=\"van_vid_carousel\">\n<div class=\"van_vid_carousel__padding\">\n<div class=\"van_vid_carousel__container\"><\/div>\n<\/div>\n<\/div>\n<h2 id=\"2025-color-capsule-3\">Farbkapsel 2025<\/h2>\n<aside class=\"hawk-nest\" data-render-type=\"fte\" data-skip=\"dealsy\" data-widget-type=\"seasonal\">\n<div class=\"hawk-master-widget-hawk-base-wrapper\"><\/div>\n<\/aside>\n<p>\u201eDas gemeinsame Thema ist Vintage mit dem gewissen Etwas\u201c, sagt Sue. \u201eDie Kapsel f\u00fchlt sich sehr vielseitig an und erinnert an die 1970er Jahre, die in Wohn- und Design ein Comeback erleben, aber wir haben ein paar moderne Farbt\u00f6ne hinzugef\u00fcgt, damit sie frisch und lustig wirkt.\u201c<\/p>\n<div id=\"ad-unit-2\" class=\"ad-unit\"><\/div>\n<p>Von hellen Neutralt\u00f6nen bis hin zu kr\u00e4ftigeren Farbt\u00f6nen \u2013 die Farbkapsel 2025 l\u00e4sst sich gleicherma\u00dfen gut zwischen hellen und luftigen Farbschemata und stimmungsvolleren, dunkleren Farbschemata wechseln. Farbt\u00f6ne wie Malabar und Sunbleached dienen als zeitlose Neutralfarben, w\u00e4hrend Bosc Pear, Grounded und Rain Cloud mit ihren kr\u00e4ftigeren T\u00f6nen eher ein trendiges Statement abgeben.<\/p>\n<div class=\"product-container hero-product-container product-block-no-wrap\"><\/div>\n<h2 id=\"how-to-decorate-with-the-2025-color-capsule-3\">So dekorieren Sie mit der Farbkapsel 2025<\/h2>\n<p>Abh\u00e4ngig von Ihrem Einrichtungsstil gibt es viele M\u00f6glichkeiten, mit jeder der Farben aus der Palette zu dekorieren. Unten erkl\u00e4rt uns Sue ihre Lieblingsfarbkombinationen aus der Palette, von bunt bis beruhigend.<\/p>\n<div id=\"slice-container-newsletterForm-articleInbodyContent-U5kVx8EZg5gknwNMpVKD7h\" class=\"slice-container newsletter-inbodyContent-slice newsletterForm-articleInbodyContent-U5kVx8EZg5gknwNMpVKD7h slice-container-newsletterForm\"><\/div>\n<figure class=\"van-image-figure inline-layout \" data-bordeaux-image-check>\n<div class=\"image-full-width-wrapper\">\n<div class=\"image-widthsetter\" style=\"max-width:2000px;\"><\/div>\n<\/div><figcaption class=\"inline-layout \">\n<div class=\"caption-text\">\n<p>Geerdeter SW 6089<\/p>\n<\/div>\n<\/figcaption><\/figure>\n<p>F\u00fcr einen trendigen Look empfiehlt Sue die Dekoration mit Braun: \u201eEine meiner Lieblingsfarbkombinationen in der Kapsel ist die Kombination von Braunt\u00f6nen mit Wei\u00dft\u00f6nen, wie Grounded SW 6089 und Sunbleached SW 9585. Die Kombination aus beiden f\u00fchlt sich elegant und doch erholsam an.\u201c Ich empfehle die Verwendung dieser Farbkombination in einem Hauptschlafzimmer, in dem sich Hausbesitzer luxuri\u00f6s und dennoch behaglich f\u00fchlen m\u00f6chten.\u201c<\/p>\n<p>Wenn Sie nach einem farbenfroheren Schema suchen, sollten Sie die blauen und gelben Farben in der Palette in Betracht ziehen. \u201eEine unerwartete Kombination, die ich liebe, ist Rain Cloud SW 9639 und Chartreuse SW 0073\u201c, f\u00fcgt Sue hinzu. \u201eHausbesitzer denken vielleicht nicht daran, Blau und Gelb miteinander zu mischen, aber die Kombination des tiefen, stimmungsvollen Blaugr\u00fcns mit einem Hauch dieses Gelbgr\u00fcns verleiht einem Raum ein wirklich frisches, helles und helles Gef\u00fchl.\u201c \u201eDiese Farbkombination w\u00fcrde in einem Raum, in dem Hausbesitzer ihre G\u00e4ste bewirten, gro\u00dfartig aussehen, um eine unterhaltsame Atmosph\u00e4re zu schaffen, wie ein Esszimmer oder ein Wohnzimmer.\u201c<\/p>\n<p>Wenn Sie es entspannt und zur\u00fcckhaltend m\u00f6gen, entscheiden Sie sich f\u00fcr helle Neutralt\u00f6ne. \u201eF\u00fcr eine ruhige und neutrale Farbkombination w\u00fcrde ich Mauve Finery SW 6282 und Malabar SW 9110 empfehlen\u201c, schl\u00e4gt Sue vor. \u201eDie Farbkombination aus Beige und Lila sorgt f\u00fcr einen wunderbar weichen und femininen Look, der hervorragend in ein G\u00e4stebad passt.\u201c<\/p>\n<figure class=\"van-image-figure inline-layout \" data-bordeaux-image-check>\n<div class=\"image-full-width-wrapper\">\n<div class=\"image-widthsetter\" style=\"max-width:2000px;\"><\/div>\n<\/div><figcaption class=\"inline-layout \">\n<div class=\"caption-text\">\n<p>Gew\u00fcrznelke SW 9605 <\/p>\n<\/div>\n<\/figcaption><\/figure>\n<p>Eine weitere von Experten empfohlene M\u00f6glichkeit, mit der Palette zu dekorieren, besteht darin, einen gewagten Look zu w\u00e4hlen und die Farbe mit einer einzigen dunklen Farbe zu durchtr\u00e4nken. \u201eIch liebe die Idee, alle vier W\u00e4nde in einem unserer dunkelsten Farbt\u00f6ne zu streichen: Clove SW 9605, Rain Cloud SW 9639 oder Grounded SW 6089\u201c, f\u00fcgt Sue hinzu. \u201eObwohl es sich um dunkle und kr\u00e4ftige Farben handelt, bieten sie die perfekte Balance zwischen Eleganz und Komfort und w\u00fcrden einen Ruheraum wie ein Hauptschlafzimmer auf nat\u00fcrliche Weise erden.\u201c<\/p>\n<figure class=\"van-image-figure inline-layout \" data-bordeaux-image-check>\n<div class=\"image-full-width-wrapper\">\n<div class=\"image-widthsetter\" style=\"max-width:2000px;\"><\/div>\n<\/div><figcaption class=\"inline-layout \">\n<div class=\"caption-text\">\n<p>Mauve Finery SW 6282<\/p>\n<\/div>\n<\/figcaption><\/figure>\n<p>Alternativ k\u00f6nnen Sie f\u00fcr einen farbenfroheren und belebenderen Look mit einem einzigen Farbton auch eine Dekoration mit Lila in Betracht ziehen. \u201eIch liebe die Idee, Mauve Finery SW 6282 in einem Raum des Hauses zu integrieren, wo man einen einzigartigen, farbenfrohen und dennoch weichen Look haben m\u00f6chte\u201c, sagt Sue. \u201eDieser Farbton erweckt einen Raum wirklich zum Leben \u2013 insbesondere Badezimmer aufgrund der beruhigenden Eigenschaften dieser Farbe und schafft eine Spa-\u00e4hnliche Umgebung.\u201c<\/p>\n<p>Und schlie\u00dflich: Wenn Sie mit dieser Palette etwas mehr Farbe in Ihr Zuhause bringen m\u00f6chten, sich aber mit den kr\u00e4ftigsten Farbt\u00f6nen nicht zu weit wagen m\u00f6chten, empfiehlt Sue Bosc Pear als guten Einstieg in die Farbwelt. \u201eIch empfehle eine Akzentwand in Bosc Pear SW 6390, einem sehr raffinierten Gold-Gelb-Ton, der auf \u00e4u\u00dferst kraftvolle Weise f\u00fcr kr\u00e4ftige Akzente sorgt.\u201c<\/p>\n<hr>\n<p>Suchen Sie nach einer anderen M\u00f6glichkeit, die Farbkapsel 2025 zum Leben zu erwecken? Sherwin-Williams hat sich mit dem in New York ans\u00e4ssigen Blumendesign-Unternehmen East Olivia zusammengetan, um einen von den Farben inspirierten \u201eForever Floral\u201c-Blumenstrau\u00df zu kreieren. F\u00fcr eine begrenzte Zeit k\u00f6nnen US-Kunden den farbzentrierten Strau\u00df hier kaufen.<\/p>\n<\/div>\n","protected":false},"excerpt":{"rendered":"<p>Die Farbtrendsaison ist in vollem Gange und die neueste Marke, die ihre Top-Auswahl f\u00fcr 2025 enth\u00fcllt, ist Sherwin-Williams. In diesem Jahr hat die Marke anl\u00e4sslich<\/p>\n","protected":false},"author":1,"featured_media":961,"comment_status":"closed","ping_status":"","sticky":false,"template":"","format":"standard","meta":{"footnotes":""},"categories":[118],"tags":[91,9,143,164,1855,1880,1878,163,170,1879,1883,146,108,1882,1881,165,1877,21,26,171],"class_list":["post-960","post","type-post","status-publish","format-standard","has-post-thumbnail","hentry","category-haus-garten","tag-dem","tag-die","tag-diese","tag-erfahren","tag-etwas","tag-farbkapsel","tag-gewissen","tag-hier","tag-ihr","tag-inspirierte","tag-integrieren","tag-mit","tag-neue","tag-retrofarbtoene","tag-sherwinwilliams","tag-sie","tag-vintage","tag-von","tag-wie","tag-zuhause","generate-columns","tablet-grid-50","mobile-grid-100","grid-parent","grid-50"],"yoast_head":"<!-- This site is optimized with the Yoast SEO plugin v27.3 - https:\/\/yoast.com\/product\/yoast-seo-wordpress\/ -->\n<title>\u201eVintage mit dem gewissen Etwas\u201c inspirierte die neue Farbkapsel 2025 von Sherwin-Williams \u2013 hier erfahren Sie, wie Sie diese Retro-Farbt\u00f6ne in Ihr Zuhause integrieren - Nachrichten - Stra\u00dfenweb<\/title>\n<meta name=\"robots\" content=\"index, follow, max-snippet:-1, max-image-preview:large, max-video-preview:-1\" \/>\n<link rel=\"canonical\" href=\"https:\/\/www.strassenweb.de\/nachrichten\/vintage-mit-dem-gewissen-etwas-inspirierte-die-neue-farbkapsel-2025-von-sherwin-williams-hier-erfahren-sie-wie-sie-diese-retro-farbtoene-in-ihr-zuhause-integrieren\/\" \/>\n<meta property=\"og:locale\" content=\"de_DE\" \/>\n<meta property=\"og:type\" content=\"article\" \/>\n<meta property=\"og:title\" content=\"\u201eVintage mit dem gewissen Etwas\u201c inspirierte die neue Farbkapsel 2025 von Sherwin-Williams \u2013 hier erfahren Sie, wie Sie diese Retro-Farbt\u00f6ne in Ihr Zuhause integrieren - Nachrichten - Stra\u00dfenweb\" \/>\n<meta property=\"og:description\" content=\"Die Farbtrendsaison ist in vollem Gange und die neueste Marke, die ihre Top-Auswahl f\u00fcr 2025 enth\u00fcllt, ist Sherwin-Williams. In diesem Jahr hat die Marke anl\u00e4sslich\" \/>\n<meta property=\"og:url\" content=\"https:\/\/www.strassenweb.de\/nachrichten\/vintage-mit-dem-gewissen-etwas-inspirierte-die-neue-farbkapsel-2025-von-sherwin-williams-hier-erfahren-sie-wie-sie-diese-retro-farbtoene-in-ihr-zuhause-integrieren\/\" \/>\n<meta property=\"og:site_name\" content=\"Stra\u00dfenweb\" \/>\n<meta property=\"article:publisher\" content=\"https:\/\/www.facebook.com\/strassenweb\/\" \/>\n<meta property=\"article:published_time\" content=\"2024-10-17T15:48:04+00:00\" \/>\n<meta property=\"article:modified_time\" content=\"2024-10-17T15:48:06+00:00\" \/>\n<meta property=\"og:image\" content=\"https:\/\/www.strassenweb.de\/nachrichten\/wp-content\/uploads\/2024\/10\/\u201eVintage-mit-dem-gewissen-Etwas-inspirierte-die-neue-Farbkapsel-2025.jpg\" \/>\n\t<meta property=\"og:image:width\" content=\"1200\" \/>\n\t<meta property=\"og:image:height\" content=\"675\" \/>\n\t<meta property=\"og:image:type\" content=\"image\/jpeg\" \/>\n<meta name=\"author\" content=\"Robert Hoffmann\" \/>\n<meta name=\"twitter:card\" content=\"summary_large_image\" \/>\n<meta name=\"twitter:label1\" content=\"Verfasst von\" \/>\n\t<meta name=\"twitter:data1\" content=\"Robert Hoffmann\" \/>\n\t<meta name=\"twitter:label2\" content=\"Gesch\u00e4tzte Lesezeit\" \/>\n\t<meta name=\"twitter:data2\" content=\"4\u00a0Minuten\" \/>\n<script type=\"application\/ld+json\" class=\"yoast-schema-graph\">{\"@context\":\"https:\\\/\\\/schema.org\",\"@graph\":[{\"@type\":\"Article\",\"@id\":\"https:\\\/\\\/www.strassenweb.de\\\/nachrichten\\\/vintage-mit-dem-gewissen-etwas-inspirierte-die-neue-farbkapsel-2025-von-sherwin-williams-hier-erfahren-sie-wie-sie-diese-retro-farbtoene-in-ihr-zuhause-integrieren\\\/#article\",\"isPartOf\":{\"@id\":\"https:\\\/\\\/www.strassenweb.de\\\/nachrichten\\\/vintage-mit-dem-gewissen-etwas-inspirierte-die-neue-farbkapsel-2025-von-sherwin-williams-hier-erfahren-sie-wie-sie-diese-retro-farbtoene-in-ihr-zuhause-integrieren\\\/\"},\"author\":{\"name\":\"Robert Hoffmann\",\"@id\":\"https:\\\/\\\/www.strassenweb.de\\\/nachrichten\\\/#\\\/schema\\\/person\\\/87c9c9067f1211da429a744dc5a5aa41\"},\"headline\":\"\u201eVintage mit dem gewissen Etwas\u201c inspirierte die neue Farbkapsel 2025 von Sherwin-Williams \u2013 hier erfahren Sie, wie Sie diese Retro-Farbt\u00f6ne in Ihr Zuhause integrieren\",\"datePublished\":\"2024-10-17T15:48:04+00:00\",\"dateModified\":\"2024-10-17T15:48:06+00:00\",\"mainEntityOfPage\":{\"@id\":\"https:\\\/\\\/www.strassenweb.de\\\/nachrichten\\\/vintage-mit-dem-gewissen-etwas-inspirierte-die-neue-farbkapsel-2025-von-sherwin-williams-hier-erfahren-sie-wie-sie-diese-retro-farbtoene-in-ihr-zuhause-integrieren\\\/\"},\"wordCount\":910,\"publisher\":{\"@id\":\"https:\\\/\\\/www.strassenweb.de\\\/nachrichten\\\/#organization\"},\"image\":{\"@id\":\"https:\\\/\\\/www.strassenweb.de\\\/nachrichten\\\/vintage-mit-dem-gewissen-etwas-inspirierte-die-neue-farbkapsel-2025-von-sherwin-williams-hier-erfahren-sie-wie-sie-diese-retro-farbtoene-in-ihr-zuhause-integrieren\\\/#primaryimage\"},\"thumbnailUrl\":\"https:\\\/\\\/www.strassenweb.de\\\/nachrichten\\\/wp-content\\\/uploads\\\/2024\\\/10\\\/\u201eVintage-mit-dem-gewissen-Etwas-inspirierte-die-neue-Farbkapsel-2025.jpg\",\"keywords\":[\"dem\",\"die\",\"diese\",\"erfahren\",\"etwas\",\"Farbkapsel\",\"gewissen\",\"hier\",\"Ihr\",\"inspirierte\",\"integrieren\",\"mit\",\"Neue\",\"RetroFarbt\u00f6ne\",\"SherwinWilliams\",\"Sie\",\"Vintage\",\"von\",\"Wie\",\"Zuhause\"],\"articleSection\":[\"Haus &amp; Garten\"],\"inLanguage\":\"de\"},{\"@type\":\"WebPage\",\"@id\":\"https:\\\/\\\/www.strassenweb.de\\\/nachrichten\\\/vintage-mit-dem-gewissen-etwas-inspirierte-die-neue-farbkapsel-2025-von-sherwin-williams-hier-erfahren-sie-wie-sie-diese-retro-farbtoene-in-ihr-zuhause-integrieren\\\/\",\"url\":\"https:\\\/\\\/www.strassenweb.de\\\/nachrichten\\\/vintage-mit-dem-gewissen-etwas-inspirierte-die-neue-farbkapsel-2025-von-sherwin-williams-hier-erfahren-sie-wie-sie-diese-retro-farbtoene-in-ihr-zuhause-integrieren\\\/\",\"name\":\"\u201eVintage mit dem gewissen Etwas\u201c inspirierte die neue Farbkapsel 2025 von Sherwin-Williams \u2013 hier erfahren Sie, wie Sie diese Retro-Farbt\u00f6ne in Ihr Zuhause integrieren - Nachrichten - Stra\u00dfenweb\",\"isPartOf\":{\"@id\":\"https:\\\/\\\/www.strassenweb.de\\\/nachrichten\\\/#website\"},\"primaryImageOfPage\":{\"@id\":\"https:\\\/\\\/www.strassenweb.de\\\/nachrichten\\\/vintage-mit-dem-gewissen-etwas-inspirierte-die-neue-farbkapsel-2025-von-sherwin-williams-hier-erfahren-sie-wie-sie-diese-retro-farbtoene-in-ihr-zuhause-integrieren\\\/#primaryimage\"},\"image\":{\"@id\":\"https:\\\/\\\/www.strassenweb.de\\\/nachrichten\\\/vintage-mit-dem-gewissen-etwas-inspirierte-die-neue-farbkapsel-2025-von-sherwin-williams-hier-erfahren-sie-wie-sie-diese-retro-farbtoene-in-ihr-zuhause-integrieren\\\/#primaryimage\"},\"thumbnailUrl\":\"https:\\\/\\\/www.strassenweb.de\\\/nachrichten\\\/wp-content\\\/uploads\\\/2024\\\/10\\\/\u201eVintage-mit-dem-gewissen-Etwas-inspirierte-die-neue-Farbkapsel-2025.jpg\",\"datePublished\":\"2024-10-17T15:48:04+00:00\",\"dateModified\":\"2024-10-17T15:48:06+00:00\",\"breadcrumb\":{\"@id\":\"https:\\\/\\\/www.strassenweb.de\\\/nachrichten\\\/vintage-mit-dem-gewissen-etwas-inspirierte-die-neue-farbkapsel-2025-von-sherwin-williams-hier-erfahren-sie-wie-sie-diese-retro-farbtoene-in-ihr-zuhause-integrieren\\\/#breadcrumb\"},\"inLanguage\":\"de\",\"potentialAction\":[{\"@type\":\"ReadAction\",\"target\":[\"https:\\\/\\\/www.strassenweb.de\\\/nachrichten\\\/vintage-mit-dem-gewissen-etwas-inspirierte-die-neue-farbkapsel-2025-von-sherwin-williams-hier-erfahren-sie-wie-sie-diese-retro-farbtoene-in-ihr-zuhause-integrieren\\\/\"]}]},{\"@type\":\"ImageObject\",\"inLanguage\":\"de\",\"@id\":\"https:\\\/\\\/www.strassenweb.de\\\/nachrichten\\\/vintage-mit-dem-gewissen-etwas-inspirierte-die-neue-farbkapsel-2025-von-sherwin-williams-hier-erfahren-sie-wie-sie-diese-retro-farbtoene-in-ihr-zuhause-integrieren\\\/#primaryimage\",\"url\":\"https:\\\/\\\/www.strassenweb.de\\\/nachrichten\\\/wp-content\\\/uploads\\\/2024\\\/10\\\/\u201eVintage-mit-dem-gewissen-Etwas-inspirierte-die-neue-Farbkapsel-2025.jpg\",\"contentUrl\":\"https:\\\/\\\/www.strassenweb.de\\\/nachrichten\\\/wp-content\\\/uploads\\\/2024\\\/10\\\/\u201eVintage-mit-dem-gewissen-Etwas-inspirierte-die-neue-Farbkapsel-2025.jpg\",\"width\":1200,\"height\":675,\"caption\":\"\u201eVintage mit dem gewissen Etwas\u201c inspirierte die neue Farbkapsel 2025 von Sherwin-Williams \u2013 hier erfahren Sie, wie Sie diese Retro-Farbt\u00f6ne in Ihr Zuhause integrieren\"},{\"@type\":\"BreadcrumbList\",\"@id\":\"https:\\\/\\\/www.strassenweb.de\\\/nachrichten\\\/vintage-mit-dem-gewissen-etwas-inspirierte-die-neue-farbkapsel-2025-von-sherwin-williams-hier-erfahren-sie-wie-sie-diese-retro-farbtoene-in-ihr-zuhause-integrieren\\\/#breadcrumb\",\"itemListElement\":[{\"@type\":\"ListItem\",\"position\":1,\"name\":\"Home\",\"item\":\"https:\\\/\\\/www.strassenweb.de\\\/nachrichten\\\/\"},{\"@type\":\"ListItem\",\"position\":2,\"name\":\"\u201eVintage mit dem gewissen Etwas\u201c inspirierte die neue Farbkapsel 2025 von Sherwin-Williams \u2013 hier erfahren Sie, wie Sie diese Retro-Farbt\u00f6ne in Ihr Zuhause integrieren\"}]},{\"@type\":\"WebSite\",\"@id\":\"https:\\\/\\\/www.strassenweb.de\\\/nachrichten\\\/#website\",\"url\":\"https:\\\/\\\/www.strassenweb.de\\\/nachrichten\\\/\",\"name\":\"Stra\u00dfenweb\",\"description\":\"Stra\u00dfenverzeichnis f\u00fcr Deutschland\",\"publisher\":{\"@id\":\"https:\\\/\\\/www.strassenweb.de\\\/nachrichten\\\/#organization\"},\"potentialAction\":[{\"@type\":\"SearchAction\",\"target\":{\"@type\":\"EntryPoint\",\"urlTemplate\":\"https:\\\/\\\/www.strassenweb.de\\\/nachrichten\\\/?s={search_term_string}\"},\"query-input\":{\"@type\":\"PropertyValueSpecification\",\"valueRequired\":true,\"valueName\":\"search_term_string\"}}],\"inLanguage\":\"de\"},{\"@type\":\"Organization\",\"@id\":\"https:\\\/\\\/www.strassenweb.de\\\/nachrichten\\\/#organization\",\"name\":\"Stra\u00dfenweb\",\"url\":\"https:\\\/\\\/www.strassenweb.de\\\/nachrichten\\\/\",\"logo\":{\"@type\":\"ImageObject\",\"inLanguage\":\"de\",\"@id\":\"https:\\\/\\\/www.strassenweb.de\\\/nachrichten\\\/#\\\/schema\\\/logo\\\/image\\\/\",\"url\":\"https:\\\/\\\/www.strassenweb.de\\\/nachrichten\\\/wp-content\\\/uploads\\\/2024\\\/09\\\/cropped-favicon.png\",\"contentUrl\":\"https:\\\/\\\/www.strassenweb.de\\\/nachrichten\\\/wp-content\\\/uploads\\\/2024\\\/09\\\/cropped-favicon.png\",\"width\":512,\"height\":512,\"caption\":\"Stra\u00dfenweb\"},\"image\":{\"@id\":\"https:\\\/\\\/www.strassenweb.de\\\/nachrichten\\\/#\\\/schema\\\/logo\\\/image\\\/\"},\"sameAs\":[\"https:\\\/\\\/www.facebook.com\\\/strassenweb\\\/\"]},{\"@type\":\"Person\",\"@id\":\"https:\\\/\\\/www.strassenweb.de\\\/nachrichten\\\/#\\\/schema\\\/person\\\/87c9c9067f1211da429a744dc5a5aa41\",\"name\":\"Robert Hoffmann\",\"image\":{\"@type\":\"ImageObject\",\"inLanguage\":\"de\",\"@id\":\"https:\\\/\\\/www.strassenweb.de\\\/nachrichten\\\/wp-content\\\/uploads\\\/2024\\\/09\\\/strassenweb-150x150.jpg\",\"url\":\"https:\\\/\\\/www.strassenweb.de\\\/nachrichten\\\/wp-content\\\/uploads\\\/2024\\\/09\\\/strassenweb-150x150.jpg\",\"contentUrl\":\"https:\\\/\\\/www.strassenweb.de\\\/nachrichten\\\/wp-content\\\/uploads\\\/2024\\\/09\\\/strassenweb-150x150.jpg\",\"caption\":\"Robert Hoffmann\"},\"description\":\"Ich hei\u00dfe Robert Hoffmann und ich bin ein leidenschaftlicher Verfechter von \u00d6kologie und Biodiversit\u00e4t. Seit meiner Kindheit in den W\u00e4ldern Bayerns f\u00fchle ich mich mit der Natur verbunden und bin entschlossen, sie zu sch\u00fctzen. Heute widme ich mein Leben der Sensibilisierung anderer f\u00fcr die Bedeutung des Umweltschutzes f\u00fcr zuk\u00fcnftige Generationen.\",\"sameAs\":[\"https:\\\/\\\/www.strassenweb.de\\\/\"]}]}<\/script>\n<!-- \/ Yoast SEO plugin. -->","yoast_head_json":{"title":"\u201eVintage mit dem gewissen Etwas\u201c inspirierte die neue Farbkapsel 2025 von Sherwin-Williams \u2013 hier erfahren Sie, wie Sie diese Retro-Farbt\u00f6ne in Ihr Zuhause integrieren - Nachrichten - Stra\u00dfenweb","robots":{"index":"index","follow":"follow","max-snippet":"max-snippet:-1","max-image-preview":"max-image-preview:large","max-video-preview":"max-video-preview:-1"},"canonical":"https:\/\/www.strassenweb.de\/nachrichten\/vintage-mit-dem-gewissen-etwas-inspirierte-die-neue-farbkapsel-2025-von-sherwin-williams-hier-erfahren-sie-wie-sie-diese-retro-farbtoene-in-ihr-zuhause-integrieren\/","og_locale":"de_DE","og_type":"article","og_title":"\u201eVintage mit dem gewissen Etwas\u201c inspirierte die neue Farbkapsel 2025 von Sherwin-Williams \u2013 hier erfahren Sie, wie Sie diese Retro-Farbt\u00f6ne in Ihr Zuhause integrieren - Nachrichten - Stra\u00dfenweb","og_description":"Die Farbtrendsaison ist in vollem Gange und die neueste Marke, die ihre Top-Auswahl f\u00fcr 2025 enth\u00fcllt, ist Sherwin-Williams. In diesem Jahr hat die Marke anl\u00e4sslich","og_url":"https:\/\/www.strassenweb.de\/nachrichten\/vintage-mit-dem-gewissen-etwas-inspirierte-die-neue-farbkapsel-2025-von-sherwin-williams-hier-erfahren-sie-wie-sie-diese-retro-farbtoene-in-ihr-zuhause-integrieren\/","og_site_name":"Stra\u00dfenweb","article_publisher":"https:\/\/www.facebook.com\/strassenweb\/","article_published_time":"2024-10-17T15:48:04+00:00","article_modified_time":"2024-10-17T15:48:06+00:00","og_image":[{"width":1200,"height":675,"url":"https:\/\/www.strassenweb.de\/nachrichten\/wp-content\/uploads\/2024\/10\/\u201eVintage-mit-dem-gewissen-Etwas-inspirierte-die-neue-Farbkapsel-2025.jpg","type":"image\/jpeg"}],"author":"Robert Hoffmann","twitter_card":"summary_large_image","twitter_misc":{"Verfasst von":"Robert Hoffmann","Gesch\u00e4tzte Lesezeit":"4\u00a0Minuten"},"schema":{"@context":"https:\/\/schema.org","@graph":[{"@type":"Article","@id":"https:\/\/www.strassenweb.de\/nachrichten\/vintage-mit-dem-gewissen-etwas-inspirierte-die-neue-farbkapsel-2025-von-sherwin-williams-hier-erfahren-sie-wie-sie-diese-retro-farbtoene-in-ihr-zuhause-integrieren\/#article","isPartOf":{"@id":"https:\/\/www.strassenweb.de\/nachrichten\/vintage-mit-dem-gewissen-etwas-inspirierte-die-neue-farbkapsel-2025-von-sherwin-williams-hier-erfahren-sie-wie-sie-diese-retro-farbtoene-in-ihr-zuhause-integrieren\/"},"author":{"name":"Robert Hoffmann","@id":"https:\/\/www.strassenweb.de\/nachrichten\/#\/schema\/person\/87c9c9067f1211da429a744dc5a5aa41"},"headline":"\u201eVintage mit dem gewissen Etwas\u201c inspirierte die neue Farbkapsel 2025 von Sherwin-Williams \u2013 hier erfahren Sie, wie Sie diese Retro-Farbt\u00f6ne in Ihr Zuhause integrieren","datePublished":"2024-10-17T15:48:04+00:00","dateModified":"2024-10-17T15:48:06+00:00","mainEntityOfPage":{"@id":"https:\/\/www.strassenweb.de\/nachrichten\/vintage-mit-dem-gewissen-etwas-inspirierte-die-neue-farbkapsel-2025-von-sherwin-williams-hier-erfahren-sie-wie-sie-diese-retro-farbtoene-in-ihr-zuhause-integrieren\/"},"wordCount":910,"publisher":{"@id":"https:\/\/www.strassenweb.de\/nachrichten\/#organization"},"image":{"@id":"https:\/\/www.strassenweb.de\/nachrichten\/vintage-mit-dem-gewissen-etwas-inspirierte-die-neue-farbkapsel-2025-von-sherwin-williams-hier-erfahren-sie-wie-sie-diese-retro-farbtoene-in-ihr-zuhause-integrieren\/#primaryimage"},"thumbnailUrl":"https:\/\/www.strassenweb.de\/nachrichten\/wp-content\/uploads\/2024\/10\/\u201eVintage-mit-dem-gewissen-Etwas-inspirierte-die-neue-Farbkapsel-2025.jpg","keywords":["dem","die","diese","erfahren","etwas","Farbkapsel","gewissen","hier","Ihr","inspirierte","integrieren","mit","Neue","RetroFarbt\u00f6ne","SherwinWilliams","Sie","Vintage","von","Wie","Zuhause"],"articleSection":["Haus &amp; Garten"],"inLanguage":"de"},{"@type":"WebPage","@id":"https:\/\/www.strassenweb.de\/nachrichten\/vintage-mit-dem-gewissen-etwas-inspirierte-die-neue-farbkapsel-2025-von-sherwin-williams-hier-erfahren-sie-wie-sie-diese-retro-farbtoene-in-ihr-zuhause-integrieren\/","url":"https:\/\/www.strassenweb.de\/nachrichten\/vintage-mit-dem-gewissen-etwas-inspirierte-die-neue-farbkapsel-2025-von-sherwin-williams-hier-erfahren-sie-wie-sie-diese-retro-farbtoene-in-ihr-zuhause-integrieren\/","name":"\u201eVintage mit dem gewissen Etwas\u201c inspirierte die neue Farbkapsel 2025 von Sherwin-Williams \u2013 hier erfahren Sie, wie Sie diese Retro-Farbt\u00f6ne in Ihr Zuhause integrieren - Nachrichten - Stra\u00dfenweb","isPartOf":{"@id":"https:\/\/www.strassenweb.de\/nachrichten\/#website"},"primaryImageOfPage":{"@id":"https:\/\/www.strassenweb.de\/nachrichten\/vintage-mit-dem-gewissen-etwas-inspirierte-die-neue-farbkapsel-2025-von-sherwin-williams-hier-erfahren-sie-wie-sie-diese-retro-farbtoene-in-ihr-zuhause-integrieren\/#primaryimage"},"image":{"@id":"https:\/\/www.strassenweb.de\/nachrichten\/vintage-mit-dem-gewissen-etwas-inspirierte-die-neue-farbkapsel-2025-von-sherwin-williams-hier-erfahren-sie-wie-sie-diese-retro-farbtoene-in-ihr-zuhause-integrieren\/#primaryimage"},"thumbnailUrl":"https:\/\/www.strassenweb.de\/nachrichten\/wp-content\/uploads\/2024\/10\/\u201eVintage-mit-dem-gewissen-Etwas-inspirierte-die-neue-Farbkapsel-2025.jpg","datePublished":"2024-10-17T15:48:04+00:00","dateModified":"2024-10-17T15:48:06+00:00","breadcrumb":{"@id":"https:\/\/www.strassenweb.de\/nachrichten\/vintage-mit-dem-gewissen-etwas-inspirierte-die-neue-farbkapsel-2025-von-sherwin-williams-hier-erfahren-sie-wie-sie-diese-retro-farbtoene-in-ihr-zuhause-integrieren\/#breadcrumb"},"inLanguage":"de","potentialAction":[{"@type":"ReadAction","target":["https:\/\/www.strassenweb.de\/nachrichten\/vintage-mit-dem-gewissen-etwas-inspirierte-die-neue-farbkapsel-2025-von-sherwin-williams-hier-erfahren-sie-wie-sie-diese-retro-farbtoene-in-ihr-zuhause-integrieren\/"]}]},{"@type":"ImageObject","inLanguage":"de","@id":"https:\/\/www.strassenweb.de\/nachrichten\/vintage-mit-dem-gewissen-etwas-inspirierte-die-neue-farbkapsel-2025-von-sherwin-williams-hier-erfahren-sie-wie-sie-diese-retro-farbtoene-in-ihr-zuhause-integrieren\/#primaryimage","url":"https:\/\/www.strassenweb.de\/nachrichten\/wp-content\/uploads\/2024\/10\/\u201eVintage-mit-dem-gewissen-Etwas-inspirierte-die-neue-Farbkapsel-2025.jpg","contentUrl":"https:\/\/www.strassenweb.de\/nachrichten\/wp-content\/uploads\/2024\/10\/\u201eVintage-mit-dem-gewissen-Etwas-inspirierte-die-neue-Farbkapsel-2025.jpg","width":1200,"height":675,"caption":"\u201eVintage mit dem gewissen Etwas\u201c inspirierte die neue Farbkapsel 2025 von Sherwin-Williams \u2013 hier erfahren Sie, wie Sie diese Retro-Farbt\u00f6ne in Ihr Zuhause integrieren"},{"@type":"BreadcrumbList","@id":"https:\/\/www.strassenweb.de\/nachrichten\/vintage-mit-dem-gewissen-etwas-inspirierte-die-neue-farbkapsel-2025-von-sherwin-williams-hier-erfahren-sie-wie-sie-diese-retro-farbtoene-in-ihr-zuhause-integrieren\/#breadcrumb","itemListElement":[{"@type":"ListItem","position":1,"name":"Home","item":"https:\/\/www.strassenweb.de\/nachrichten\/"},{"@type":"ListItem","position":2,"name":"\u201eVintage mit dem gewissen Etwas\u201c inspirierte die neue Farbkapsel 2025 von Sherwin-Williams \u2013 hier erfahren Sie, wie Sie diese Retro-Farbt\u00f6ne in Ihr Zuhause integrieren"}]},{"@type":"WebSite","@id":"https:\/\/www.strassenweb.de\/nachrichten\/#website","url":"https:\/\/www.strassenweb.de\/nachrichten\/","name":"Stra\u00dfenweb","description":"Stra\u00dfenverzeichnis f\u00fcr Deutschland","publisher":{"@id":"https:\/\/www.strassenweb.de\/nachrichten\/#organization"},"potentialAction":[{"@type":"SearchAction","target":{"@type":"EntryPoint","urlTemplate":"https:\/\/www.strassenweb.de\/nachrichten\/?s={search_term_string}"},"query-input":{"@type":"PropertyValueSpecification","valueRequired":true,"valueName":"search_term_string"}}],"inLanguage":"de"},{"@type":"Organization","@id":"https:\/\/www.strassenweb.de\/nachrichten\/#organization","name":"Stra\u00dfenweb","url":"https:\/\/www.strassenweb.de\/nachrichten\/","logo":{"@type":"ImageObject","inLanguage":"de","@id":"https:\/\/www.strassenweb.de\/nachrichten\/#\/schema\/logo\/image\/","url":"https:\/\/www.strassenweb.de\/nachrichten\/wp-content\/uploads\/2024\/09\/cropped-favicon.png","contentUrl":"https:\/\/www.strassenweb.de\/nachrichten\/wp-content\/uploads\/2024\/09\/cropped-favicon.png","width":512,"height":512,"caption":"Stra\u00dfenweb"},"image":{"@id":"https:\/\/www.strassenweb.de\/nachrichten\/#\/schema\/logo\/image\/"},"sameAs":["https:\/\/www.facebook.com\/strassenweb\/"]},{"@type":"Person","@id":"https:\/\/www.strassenweb.de\/nachrichten\/#\/schema\/person\/87c9c9067f1211da429a744dc5a5aa41","name":"Robert Hoffmann","image":{"@type":"ImageObject","inLanguage":"de","@id":"https:\/\/www.strassenweb.de\/nachrichten\/wp-content\/uploads\/2024\/09\/strassenweb-150x150.jpg","url":"https:\/\/www.strassenweb.de\/nachrichten\/wp-content\/uploads\/2024\/09\/strassenweb-150x150.jpg","contentUrl":"https:\/\/www.strassenweb.de\/nachrichten\/wp-content\/uploads\/2024\/09\/strassenweb-150x150.jpg","caption":"Robert Hoffmann"},"description":"Ich hei\u00dfe Robert Hoffmann und ich bin ein leidenschaftlicher Verfechter von \u00d6kologie und Biodiversit\u00e4t. Seit meiner Kindheit in den W\u00e4ldern Bayerns f\u00fchle ich mich mit der Natur verbunden und bin entschlossen, sie zu sch\u00fctzen. Heute widme ich mein Leben der Sensibilisierung anderer f\u00fcr die Bedeutung des Umweltschutzes f\u00fcr zuk\u00fcnftige Generationen.","sameAs":["https:\/\/www.strassenweb.de\/"]}]}},"_links":{"self":[{"href":"https:\/\/www.strassenweb.de\/nachrichten\/wp-json\/wp\/v2\/posts\/960","targetHints":{"allow":["GET"]}}],"collection":[{"href":"https:\/\/www.strassenweb.de\/nachrichten\/wp-json\/wp\/v2\/posts"}],"about":[{"href":"https:\/\/www.strassenweb.de\/nachrichten\/wp-json\/wp\/v2\/types\/post"}],"author":[{"embeddable":true,"href":"https:\/\/www.strassenweb.de\/nachrichten\/wp-json\/wp\/v2\/users\/1"}],"replies":[{"embeddable":true,"href":"https:\/\/www.strassenweb.de\/nachrichten\/wp-json\/wp\/v2\/comments?post=960"}],"version-history":[{"count":0,"href":"https:\/\/www.strassenweb.de\/nachrichten\/wp-json\/wp\/v2\/posts\/960\/revisions"}],"wp:featuredmedia":[{"embeddable":true,"href":"https:\/\/www.strassenweb.de\/nachrichten\/wp-json\/wp\/v2\/media\/961"}],"wp:attachment":[{"href":"https:\/\/www.strassenweb.de\/nachrichten\/wp-json\/wp\/v2\/media?parent=960"}],"wp:term":[{"taxonomy":"category","embeddable":true,"href":"https:\/\/www.strassenweb.de\/nachrichten\/wp-json\/wp\/v2\/categories?post=960"},{"taxonomy":"post_tag","embeddable":true,"href":"https:\/\/www.strassenweb.de\/nachrichten\/wp-json\/wp\/v2\/tags?post=960"}],"curies":[{"name":"wp","href":"https:\/\/api.w.org\/{rel}","templated":true}]}}