{"id":9590,"date":"2025-12-02T01:39:26","date_gmt":"2025-12-02T00:39:26","guid":{"rendered":"https:\/\/www.strassenweb.de\/nachrichten\/kendall-jenner-loest-die-suche-nach-einem-stilvollen-suppentopf-ihr-karierter-handglasierter-showstopper-ist-die-perfekte-mischung-aus-form-und-funktion\/"},"modified":"2025-12-02T01:39:27","modified_gmt":"2025-12-02T00:39:27","slug":"kendall-jenner-loest-die-suche-nach-einem-stilvollen-suppentopf-ihr-karierter-handglasierter-showstopper-ist-die-perfekte-mischung-aus-form-und-funktion","status":"publish","type":"post","link":"https:\/\/www.strassenweb.de\/nachrichten\/kendall-jenner-loest-die-suche-nach-einem-stilvollen-suppentopf-ihr-karierter-handglasierter-showstopper-ist-die-perfekte-mischung-aus-form-und-funktion\/","title":{"rendered":"Kendall Jenner l\u00f6st die Suche nach einem stilvollen Suppentopf: Ihr karierter, handglasierter Showstopper ist die perfekte Mischung aus Form und Funktion"},"content":{"rendered":"<p><\/p>\n<div id=\"article-body\" class=\"article__body \">\n<p id=\"68eb41c1-82a5-4d94-aa1e-745d25cf4cc5\">Ein stilvoller und robuster Suppentopf ist, wagen wir zu sagen, <em>Die <\/em>K\u00fcchen-Must-Have f\u00fcr die Herbst-\/Wintersaison. Selbstgemachte Suppen geh\u00f6ren in den k\u00e4lteren Monaten zu meinem w\u00f6chentlichen Programm, aber ich muss mir noch einen Topf sichern, der ebenso \u00e4sthetisch ansprechend wie langlebig ist.<\/p>\n<div id=\"ad-unit-1\" class=\"ad-unit\"><\/div>\n<p>Bis ich Kendall Jenners Instagram-Story sah, in der sie verriet, dass ihr Lieblingstopf kein anderer ist als der Courtly Check Stockpot von Mackenzie-Childs (erh\u00e4ltlich bei Harrods) in Schwarz und Wei\u00df.<\/p>\n<aside data-block-type=\"embed\" data-render-type=\"fte\" data-skip=\"dealsy\" data-widget-type=\"seasonal\" class=\"hawk-root\"><\/aside>\n<p id=\"68eb41c1-82a5-4d94-aa1e-745d25cf4cc5-2\" class=\"paywall\" aria-hidden=\"true\">Der elegante Topf besteht aus handglasiertem emailliertem Stahl, w\u00e4hrend die bronzefarbenen Akzente und der gew\u00f6lbte Deckel ihm ein markantes Aussehen verleihen. Es ist derzeit im Rahmen des Harrods-Ausverkaufs auf der gesamten Website reduziert, daher denken wir, dass es jetzt an der Zeit ist, es zu kaufen (au\u00dferdem ist es eines der besten Ger\u00e4te f\u00fcr die Suppensaison, warum sollten wir also warten?)<\/p>\n<div class=\"van_vid_carousel\">\n<div class=\"van_vid_carousel__padding\">\n<div class=\"van_vid_carousel__container\"><\/div>\n<\/div>\n<\/div>\n<div class=\"product-container horizontal-product-container\">\n<div class=\"product-block-row\"><\/div>\n<\/div>\n<p id=\"ae28e08f-5b55-4b4f-b570-00cfe0534db8\">Mackenzie-Childs ist bekannt f\u00fcr seine verspielten und dennoch raffinierten Designs und eignet sich perfekt f\u00fcr alle, die ihrer K\u00fcche eine optische Note verleihen m\u00f6chten.<\/p>\n<div id=\"ad-unit-2\" class=\"ad-unit\"><\/div>\n<p>Zu den anderen K\u00fcchenutensilien, die wir lieben, geh\u00f6ren dieser kirschrote Wasserkocher, ein smaragdgr\u00fcner Toaster und ein Sterling-Milchk\u00e4nnchen-Set, die alle bei Amazon erh\u00e4ltlich sind. Nachfolgend haben wir einige unserer aktuellen Favoriten f\u00fcr den einfachen Einkauf zusammengestellt.<\/p>\n<h3 class=\"article-body__section\" id=\"section-shop-our-mackenzie-childs-kitchen-picks\"><span>Kaufen Sie unsere K\u00fcchentipps von Mackenzie-Childs<\/span><\/h3>\n<div class=\"product-container hero-product-container product-block-no-wrap\">\n<div class=\"product-block-row\"><\/div>\n<div class=\"product-block-row\"><\/div>\n<div class=\"product-block-row\"><\/div>\n<div class=\"product-block-row\"><\/div>\n<div class=\"product-block-row\"><\/div>\n<div class=\"product-block-row\"><\/div>\n<\/div>\n<hr id=\"dc4e9526-11bd-44e1-8d8b-8abfd88f5767\">\n<div class=\"min-h-(270px) mb-4 viafoura-twig-component\" id=\"viafoura-engagement-starter-wrapper\" data-component-name=\"Elk:Embed:EngagementStarter\">\n<div class=\"viafoura\">\n<div>\n<vf-conversation-starter target=\"viafoura-comments\" title=\"Will you be investing in a Stockpot this soup season?\" minimum-comment-count=\"1\"><br \/>\n<\/vf-conversation-starter>\n<\/div>\n<\/div>\n<\/div>\n<hr id=\"76973169-5647-4e2b-9e6a-6b0bc87b74bd\">\n<div id=\"slice-container-newsletterForm-articleInbodyContent-7pPMExf9qsNnaqb6y8Azhd\" class=\"slice-container newsletter-inbodyContent-slice newsletterForm-articleInbodyContent-7pPMExf9qsNnaqb6y8Azhd slice-container-newsletterForm\"><\/div>\n<div class=\"block\" id=\"articleTag\" data-component-name=\"PostArticleLinks\" data-mrf-recirculation=\"post-article-links\">\n<div class=\"border-b border-b-black border-solid py-2.5 text-black font-bold uppercase\">THEMEN<\/div>\n<nav class=\"py-2.5 flex gap-2.5 flex-wrap\" data-analytics-id=\"article-tag\" data-mrf-recirculation=\"article-tag\">\n<p>Kendall Jenner<\/p>\n<\/nav>\n<\/div>\n<\/div>\n","protected":false},"excerpt":{"rendered":"<p>Ein stilvoller und robuster Suppentopf ist, wagen wir zu sagen, Die K\u00fcchen-Must-Have f\u00fcr die Herbst-\/Wintersaison. Selbstgemachte Suppen geh\u00f6ren in den k\u00e4lteren Monaten zu meinem w\u00f6chentlichen<\/p>\n","protected":false},"author":1,"featured_media":9591,"comment_status":"closed","ping_status":"","sticky":false,"template":"","format":"standard","meta":{"footnotes":""},"categories":[118],"tags":[287,9,22,4210,4635,11882,170,15,2927,11881,4204,8126,5221,341,2188,11883,1376,1252,11880,37],"class_list":["post-9590","post","type-post","status-publish","format-standard","has-post-thumbnail","hentry","category-haus-garten","tag-aus","tag-die","tag-einem","tag-form","tag-funktion","tag-handglasierter","tag-ihr","tag-ist","tag-jenner","tag-karierter","tag-kendall","tag-lost","tag-mischung","tag-nach","tag-perfekte","tag-showstopper","tag-stilvollen","tag-suche","tag-suppentopf","tag-und","generate-columns","tablet-grid-50","mobile-grid-100","grid-parent","grid-50"],"yoast_head":"<!-- This site is optimized with the Yoast SEO plugin v27.3 - https:\/\/yoast.com\/product\/yoast-seo-wordpress\/ -->\n<title>Kendall Jenner l\u00f6st die Suche nach einem stilvollen Suppentopf: Ihr karierter, handglasierter Showstopper ist die perfekte Mischung aus Form und Funktion - Nachrichten - Stra\u00dfenweb<\/title>\n<meta name=\"robots\" content=\"index, follow, max-snippet:-1, max-image-preview:large, max-video-preview:-1\" \/>\n<link rel=\"canonical\" href=\"https:\/\/www.strassenweb.de\/nachrichten\/kendall-jenner-loest-die-suche-nach-einem-stilvollen-suppentopf-ihr-karierter-handglasierter-showstopper-ist-die-perfekte-mischung-aus-form-und-funktion\/\" \/>\n<meta property=\"og:locale\" content=\"de_DE\" \/>\n<meta property=\"og:type\" content=\"article\" \/>\n<meta property=\"og:title\" content=\"Kendall Jenner l\u00f6st die Suche nach einem stilvollen Suppentopf: Ihr karierter, handglasierter Showstopper ist die perfekte Mischung aus Form und Funktion - Nachrichten - Stra\u00dfenweb\" \/>\n<meta property=\"og:description\" content=\"Ein stilvoller und robuster Suppentopf ist, wagen wir zu sagen, Die K\u00fcchen-Must-Have f\u00fcr die Herbst-\/Wintersaison. Selbstgemachte Suppen geh\u00f6ren in den k\u00e4lteren Monaten zu meinem w\u00f6chentlichen\" \/>\n<meta property=\"og:url\" content=\"https:\/\/www.strassenweb.de\/nachrichten\/kendall-jenner-loest-die-suche-nach-einem-stilvollen-suppentopf-ihr-karierter-handglasierter-showstopper-ist-die-perfekte-mischung-aus-form-und-funktion\/\" \/>\n<meta property=\"og:site_name\" content=\"Stra\u00dfenweb\" \/>\n<meta property=\"article:publisher\" content=\"https:\/\/www.facebook.com\/strassenweb\/\" \/>\n<meta property=\"article:published_time\" content=\"2025-12-02T00:39:26+00:00\" \/>\n<meta property=\"article:modified_time\" content=\"2025-12-02T00:39:27+00:00\" \/>\n<meta property=\"og:image\" content=\"https:\/\/www.strassenweb.de\/nachrichten\/wp-content\/uploads\/2025\/12\/Kendall-Jenner-loest-die-Suche-nach-einem-stilvollen-Suppentopf-Ihr.jpg\" \/>\n\t<meta property=\"og:image:width\" content=\"1600\" \/>\n\t<meta property=\"og:image:height\" content=\"900\" \/>\n\t<meta property=\"og:image:type\" content=\"image\/jpeg\" \/>\n<meta name=\"author\" content=\"Robert Hoffmann\" \/>\n<meta name=\"twitter:card\" content=\"summary_large_image\" \/>\n<meta name=\"twitter:label1\" content=\"Verfasst von\" \/>\n\t<meta name=\"twitter:data1\" content=\"Robert Hoffmann\" \/>\n\t<meta name=\"twitter:label2\" content=\"Gesch\u00e4tzte Lesezeit\" \/>\n\t<meta name=\"twitter:data2\" content=\"1\u00a0Minute\" \/>\n<script type=\"application\/ld+json\" class=\"yoast-schema-graph\">{\"@context\":\"https:\\\/\\\/schema.org\",\"@graph\":[{\"@type\":\"Article\",\"@id\":\"https:\\\/\\\/www.strassenweb.de\\\/nachrichten\\\/kendall-jenner-loest-die-suche-nach-einem-stilvollen-suppentopf-ihr-karierter-handglasierter-showstopper-ist-die-perfekte-mischung-aus-form-und-funktion\\\/#article\",\"isPartOf\":{\"@id\":\"https:\\\/\\\/www.strassenweb.de\\\/nachrichten\\\/kendall-jenner-loest-die-suche-nach-einem-stilvollen-suppentopf-ihr-karierter-handglasierter-showstopper-ist-die-perfekte-mischung-aus-form-und-funktion\\\/\"},\"author\":{\"name\":\"Robert Hoffmann\",\"@id\":\"https:\\\/\\\/www.strassenweb.de\\\/nachrichten\\\/#\\\/schema\\\/person\\\/87c9c9067f1211da429a744dc5a5aa41\"},\"headline\":\"Kendall Jenner l\u00f6st die Suche nach einem stilvollen Suppentopf: Ihr karierter, handglasierter Showstopper ist die perfekte Mischung aus Form und Funktion\",\"datePublished\":\"2025-12-02T00:39:26+00:00\",\"dateModified\":\"2025-12-02T00:39:27+00:00\",\"mainEntityOfPage\":{\"@id\":\"https:\\\/\\\/www.strassenweb.de\\\/nachrichten\\\/kendall-jenner-loest-die-suche-nach-einem-stilvollen-suppentopf-ihr-karierter-handglasierter-showstopper-ist-die-perfekte-mischung-aus-form-und-funktion\\\/\"},\"wordCount\":245,\"publisher\":{\"@id\":\"https:\\\/\\\/www.strassenweb.de\\\/nachrichten\\\/#organization\"},\"image\":{\"@id\":\"https:\\\/\\\/www.strassenweb.de\\\/nachrichten\\\/kendall-jenner-loest-die-suche-nach-einem-stilvollen-suppentopf-ihr-karierter-handglasierter-showstopper-ist-die-perfekte-mischung-aus-form-und-funktion\\\/#primaryimage\"},\"thumbnailUrl\":\"https:\\\/\\\/www.strassenweb.de\\\/nachrichten\\\/wp-content\\\/uploads\\\/2025\\\/12\\\/Kendall-Jenner-loest-die-Suche-nach-einem-stilvollen-Suppentopf-Ihr.jpg\",\"keywords\":[\"aus\",\"die\",\"einem\",\"Form\",\"Funktion\",\"handglasierter\",\"Ihr\",\"ist\",\"Jenner\",\"karierter\",\"Kendall\",\"Lost\",\"Mischung\",\"Nach\",\"perfekte\",\"Showstopper\",\"stilvollen\",\"Suche\",\"Suppentopf\",\"und\"],\"articleSection\":[\"Haus &amp; Garten\"],\"inLanguage\":\"de\"},{\"@type\":\"WebPage\",\"@id\":\"https:\\\/\\\/www.strassenweb.de\\\/nachrichten\\\/kendall-jenner-loest-die-suche-nach-einem-stilvollen-suppentopf-ihr-karierter-handglasierter-showstopper-ist-die-perfekte-mischung-aus-form-und-funktion\\\/\",\"url\":\"https:\\\/\\\/www.strassenweb.de\\\/nachrichten\\\/kendall-jenner-loest-die-suche-nach-einem-stilvollen-suppentopf-ihr-karierter-handglasierter-showstopper-ist-die-perfekte-mischung-aus-form-und-funktion\\\/\",\"name\":\"Kendall Jenner l\u00f6st die Suche nach einem stilvollen Suppentopf: Ihr karierter, handglasierter Showstopper ist die perfekte Mischung aus Form und Funktion - Nachrichten - Stra\u00dfenweb\",\"isPartOf\":{\"@id\":\"https:\\\/\\\/www.strassenweb.de\\\/nachrichten\\\/#website\"},\"primaryImageOfPage\":{\"@id\":\"https:\\\/\\\/www.strassenweb.de\\\/nachrichten\\\/kendall-jenner-loest-die-suche-nach-einem-stilvollen-suppentopf-ihr-karierter-handglasierter-showstopper-ist-die-perfekte-mischung-aus-form-und-funktion\\\/#primaryimage\"},\"image\":{\"@id\":\"https:\\\/\\\/www.strassenweb.de\\\/nachrichten\\\/kendall-jenner-loest-die-suche-nach-einem-stilvollen-suppentopf-ihr-karierter-handglasierter-showstopper-ist-die-perfekte-mischung-aus-form-und-funktion\\\/#primaryimage\"},\"thumbnailUrl\":\"https:\\\/\\\/www.strassenweb.de\\\/nachrichten\\\/wp-content\\\/uploads\\\/2025\\\/12\\\/Kendall-Jenner-loest-die-Suche-nach-einem-stilvollen-Suppentopf-Ihr.jpg\",\"datePublished\":\"2025-12-02T00:39:26+00:00\",\"dateModified\":\"2025-12-02T00:39:27+00:00\",\"breadcrumb\":{\"@id\":\"https:\\\/\\\/www.strassenweb.de\\\/nachrichten\\\/kendall-jenner-loest-die-suche-nach-einem-stilvollen-suppentopf-ihr-karierter-handglasierter-showstopper-ist-die-perfekte-mischung-aus-form-und-funktion\\\/#breadcrumb\"},\"inLanguage\":\"de\",\"potentialAction\":[{\"@type\":\"ReadAction\",\"target\":[\"https:\\\/\\\/www.strassenweb.de\\\/nachrichten\\\/kendall-jenner-loest-die-suche-nach-einem-stilvollen-suppentopf-ihr-karierter-handglasierter-showstopper-ist-die-perfekte-mischung-aus-form-und-funktion\\\/\"]}]},{\"@type\":\"ImageObject\",\"inLanguage\":\"de\",\"@id\":\"https:\\\/\\\/www.strassenweb.de\\\/nachrichten\\\/kendall-jenner-loest-die-suche-nach-einem-stilvollen-suppentopf-ihr-karierter-handglasierter-showstopper-ist-die-perfekte-mischung-aus-form-und-funktion\\\/#primaryimage\",\"url\":\"https:\\\/\\\/www.strassenweb.de\\\/nachrichten\\\/wp-content\\\/uploads\\\/2025\\\/12\\\/Kendall-Jenner-loest-die-Suche-nach-einem-stilvollen-Suppentopf-Ihr.jpg\",\"contentUrl\":\"https:\\\/\\\/www.strassenweb.de\\\/nachrichten\\\/wp-content\\\/uploads\\\/2025\\\/12\\\/Kendall-Jenner-loest-die-Suche-nach-einem-stilvollen-Suppentopf-Ihr.jpg\",\"width\":1600,\"height\":900,\"caption\":\"Kendall Jenner\"},{\"@type\":\"BreadcrumbList\",\"@id\":\"https:\\\/\\\/www.strassenweb.de\\\/nachrichten\\\/kendall-jenner-loest-die-suche-nach-einem-stilvollen-suppentopf-ihr-karierter-handglasierter-showstopper-ist-die-perfekte-mischung-aus-form-und-funktion\\\/#breadcrumb\",\"itemListElement\":[{\"@type\":\"ListItem\",\"position\":1,\"name\":\"Home\",\"item\":\"https:\\\/\\\/www.strassenweb.de\\\/nachrichten\\\/\"},{\"@type\":\"ListItem\",\"position\":2,\"name\":\"Kendall Jenner l\u00f6st die Suche nach einem stilvollen Suppentopf: Ihr karierter, handglasierter Showstopper ist die perfekte Mischung aus Form und Funktion\"}]},{\"@type\":\"WebSite\",\"@id\":\"https:\\\/\\\/www.strassenweb.de\\\/nachrichten\\\/#website\",\"url\":\"https:\\\/\\\/www.strassenweb.de\\\/nachrichten\\\/\",\"name\":\"Stra\u00dfenweb\",\"description\":\"Stra\u00dfenverzeichnis f\u00fcr Deutschland\",\"publisher\":{\"@id\":\"https:\\\/\\\/www.strassenweb.de\\\/nachrichten\\\/#organization\"},\"potentialAction\":[{\"@type\":\"SearchAction\",\"target\":{\"@type\":\"EntryPoint\",\"urlTemplate\":\"https:\\\/\\\/www.strassenweb.de\\\/nachrichten\\\/?s={search_term_string}\"},\"query-input\":{\"@type\":\"PropertyValueSpecification\",\"valueRequired\":true,\"valueName\":\"search_term_string\"}}],\"inLanguage\":\"de\"},{\"@type\":\"Organization\",\"@id\":\"https:\\\/\\\/www.strassenweb.de\\\/nachrichten\\\/#organization\",\"name\":\"Stra\u00dfenweb\",\"url\":\"https:\\\/\\\/www.strassenweb.de\\\/nachrichten\\\/\",\"logo\":{\"@type\":\"ImageObject\",\"inLanguage\":\"de\",\"@id\":\"https:\\\/\\\/www.strassenweb.de\\\/nachrichten\\\/#\\\/schema\\\/logo\\\/image\\\/\",\"url\":\"https:\\\/\\\/www.strassenweb.de\\\/nachrichten\\\/wp-content\\\/uploads\\\/2024\\\/09\\\/cropped-favicon.png\",\"contentUrl\":\"https:\\\/\\\/www.strassenweb.de\\\/nachrichten\\\/wp-content\\\/uploads\\\/2024\\\/09\\\/cropped-favicon.png\",\"width\":512,\"height\":512,\"caption\":\"Stra\u00dfenweb\"},\"image\":{\"@id\":\"https:\\\/\\\/www.strassenweb.de\\\/nachrichten\\\/#\\\/schema\\\/logo\\\/image\\\/\"},\"sameAs\":[\"https:\\\/\\\/www.facebook.com\\\/strassenweb\\\/\"]},{\"@type\":\"Person\",\"@id\":\"https:\\\/\\\/www.strassenweb.de\\\/nachrichten\\\/#\\\/schema\\\/person\\\/87c9c9067f1211da429a744dc5a5aa41\",\"name\":\"Robert Hoffmann\",\"image\":{\"@type\":\"ImageObject\",\"inLanguage\":\"de\",\"@id\":\"https:\\\/\\\/www.strassenweb.de\\\/nachrichten\\\/wp-content\\\/uploads\\\/2024\\\/09\\\/strassenweb-150x150.jpg\",\"url\":\"https:\\\/\\\/www.strassenweb.de\\\/nachrichten\\\/wp-content\\\/uploads\\\/2024\\\/09\\\/strassenweb-150x150.jpg\",\"contentUrl\":\"https:\\\/\\\/www.strassenweb.de\\\/nachrichten\\\/wp-content\\\/uploads\\\/2024\\\/09\\\/strassenweb-150x150.jpg\",\"caption\":\"Robert Hoffmann\"},\"description\":\"Ich hei\u00dfe Robert Hoffmann und ich bin ein leidenschaftlicher Verfechter von \u00d6kologie und Biodiversit\u00e4t. Seit meiner Kindheit in den W\u00e4ldern Bayerns f\u00fchle ich mich mit der Natur verbunden und bin entschlossen, sie zu sch\u00fctzen. Heute widme ich mein Leben der Sensibilisierung anderer f\u00fcr die Bedeutung des Umweltschutzes f\u00fcr zuk\u00fcnftige Generationen.\",\"sameAs\":[\"https:\\\/\\\/www.strassenweb.de\\\/\"]}]}<\/script>\n<!-- \/ Yoast SEO plugin. -->","yoast_head_json":{"title":"Kendall Jenner l\u00f6st die Suche nach einem stilvollen Suppentopf: Ihr karierter, handglasierter Showstopper ist die perfekte Mischung aus Form und Funktion - Nachrichten - Stra\u00dfenweb","robots":{"index":"index","follow":"follow","max-snippet":"max-snippet:-1","max-image-preview":"max-image-preview:large","max-video-preview":"max-video-preview:-1"},"canonical":"https:\/\/www.strassenweb.de\/nachrichten\/kendall-jenner-loest-die-suche-nach-einem-stilvollen-suppentopf-ihr-karierter-handglasierter-showstopper-ist-die-perfekte-mischung-aus-form-und-funktion\/","og_locale":"de_DE","og_type":"article","og_title":"Kendall Jenner l\u00f6st die Suche nach einem stilvollen Suppentopf: Ihr karierter, handglasierter Showstopper ist die perfekte Mischung aus Form und Funktion - Nachrichten - Stra\u00dfenweb","og_description":"Ein stilvoller und robuster Suppentopf ist, wagen wir zu sagen, Die K\u00fcchen-Must-Have f\u00fcr die Herbst-\/Wintersaison. Selbstgemachte Suppen geh\u00f6ren in den k\u00e4lteren Monaten zu meinem w\u00f6chentlichen","og_url":"https:\/\/www.strassenweb.de\/nachrichten\/kendall-jenner-loest-die-suche-nach-einem-stilvollen-suppentopf-ihr-karierter-handglasierter-showstopper-ist-die-perfekte-mischung-aus-form-und-funktion\/","og_site_name":"Stra\u00dfenweb","article_publisher":"https:\/\/www.facebook.com\/strassenweb\/","article_published_time":"2025-12-02T00:39:26+00:00","article_modified_time":"2025-12-02T00:39:27+00:00","og_image":[{"width":1600,"height":900,"url":"https:\/\/www.strassenweb.de\/nachrichten\/wp-content\/uploads\/2025\/12\/Kendall-Jenner-loest-die-Suche-nach-einem-stilvollen-Suppentopf-Ihr.jpg","type":"image\/jpeg"}],"author":"Robert Hoffmann","twitter_card":"summary_large_image","twitter_misc":{"Verfasst von":"Robert Hoffmann","Gesch\u00e4tzte Lesezeit":"1\u00a0Minute"},"schema":{"@context":"https:\/\/schema.org","@graph":[{"@type":"Article","@id":"https:\/\/www.strassenweb.de\/nachrichten\/kendall-jenner-loest-die-suche-nach-einem-stilvollen-suppentopf-ihr-karierter-handglasierter-showstopper-ist-die-perfekte-mischung-aus-form-und-funktion\/#article","isPartOf":{"@id":"https:\/\/www.strassenweb.de\/nachrichten\/kendall-jenner-loest-die-suche-nach-einem-stilvollen-suppentopf-ihr-karierter-handglasierter-showstopper-ist-die-perfekte-mischung-aus-form-und-funktion\/"},"author":{"name":"Robert Hoffmann","@id":"https:\/\/www.strassenweb.de\/nachrichten\/#\/schema\/person\/87c9c9067f1211da429a744dc5a5aa41"},"headline":"Kendall Jenner l\u00f6st die Suche nach einem stilvollen Suppentopf: Ihr karierter, handglasierter Showstopper ist die perfekte Mischung aus Form und Funktion","datePublished":"2025-12-02T00:39:26+00:00","dateModified":"2025-12-02T00:39:27+00:00","mainEntityOfPage":{"@id":"https:\/\/www.strassenweb.de\/nachrichten\/kendall-jenner-loest-die-suche-nach-einem-stilvollen-suppentopf-ihr-karierter-handglasierter-showstopper-ist-die-perfekte-mischung-aus-form-und-funktion\/"},"wordCount":245,"publisher":{"@id":"https:\/\/www.strassenweb.de\/nachrichten\/#organization"},"image":{"@id":"https:\/\/www.strassenweb.de\/nachrichten\/kendall-jenner-loest-die-suche-nach-einem-stilvollen-suppentopf-ihr-karierter-handglasierter-showstopper-ist-die-perfekte-mischung-aus-form-und-funktion\/#primaryimage"},"thumbnailUrl":"https:\/\/www.strassenweb.de\/nachrichten\/wp-content\/uploads\/2025\/12\/Kendall-Jenner-loest-die-Suche-nach-einem-stilvollen-Suppentopf-Ihr.jpg","keywords":["aus","die","einem","Form","Funktion","handglasierter","Ihr","ist","Jenner","karierter","Kendall","Lost","Mischung","Nach","perfekte","Showstopper","stilvollen","Suche","Suppentopf","und"],"articleSection":["Haus &amp; Garten"],"inLanguage":"de"},{"@type":"WebPage","@id":"https:\/\/www.strassenweb.de\/nachrichten\/kendall-jenner-loest-die-suche-nach-einem-stilvollen-suppentopf-ihr-karierter-handglasierter-showstopper-ist-die-perfekte-mischung-aus-form-und-funktion\/","url":"https:\/\/www.strassenweb.de\/nachrichten\/kendall-jenner-loest-die-suche-nach-einem-stilvollen-suppentopf-ihr-karierter-handglasierter-showstopper-ist-die-perfekte-mischung-aus-form-und-funktion\/","name":"Kendall Jenner l\u00f6st die Suche nach einem stilvollen Suppentopf: Ihr karierter, handglasierter Showstopper ist die perfekte Mischung aus Form und Funktion - Nachrichten - Stra\u00dfenweb","isPartOf":{"@id":"https:\/\/www.strassenweb.de\/nachrichten\/#website"},"primaryImageOfPage":{"@id":"https:\/\/www.strassenweb.de\/nachrichten\/kendall-jenner-loest-die-suche-nach-einem-stilvollen-suppentopf-ihr-karierter-handglasierter-showstopper-ist-die-perfekte-mischung-aus-form-und-funktion\/#primaryimage"},"image":{"@id":"https:\/\/www.strassenweb.de\/nachrichten\/kendall-jenner-loest-die-suche-nach-einem-stilvollen-suppentopf-ihr-karierter-handglasierter-showstopper-ist-die-perfekte-mischung-aus-form-und-funktion\/#primaryimage"},"thumbnailUrl":"https:\/\/www.strassenweb.de\/nachrichten\/wp-content\/uploads\/2025\/12\/Kendall-Jenner-loest-die-Suche-nach-einem-stilvollen-Suppentopf-Ihr.jpg","datePublished":"2025-12-02T00:39:26+00:00","dateModified":"2025-12-02T00:39:27+00:00","breadcrumb":{"@id":"https:\/\/www.strassenweb.de\/nachrichten\/kendall-jenner-loest-die-suche-nach-einem-stilvollen-suppentopf-ihr-karierter-handglasierter-showstopper-ist-die-perfekte-mischung-aus-form-und-funktion\/#breadcrumb"},"inLanguage":"de","potentialAction":[{"@type":"ReadAction","target":["https:\/\/www.strassenweb.de\/nachrichten\/kendall-jenner-loest-die-suche-nach-einem-stilvollen-suppentopf-ihr-karierter-handglasierter-showstopper-ist-die-perfekte-mischung-aus-form-und-funktion\/"]}]},{"@type":"ImageObject","inLanguage":"de","@id":"https:\/\/www.strassenweb.de\/nachrichten\/kendall-jenner-loest-die-suche-nach-einem-stilvollen-suppentopf-ihr-karierter-handglasierter-showstopper-ist-die-perfekte-mischung-aus-form-und-funktion\/#primaryimage","url":"https:\/\/www.strassenweb.de\/nachrichten\/wp-content\/uploads\/2025\/12\/Kendall-Jenner-loest-die-Suche-nach-einem-stilvollen-Suppentopf-Ihr.jpg","contentUrl":"https:\/\/www.strassenweb.de\/nachrichten\/wp-content\/uploads\/2025\/12\/Kendall-Jenner-loest-die-Suche-nach-einem-stilvollen-Suppentopf-Ihr.jpg","width":1600,"height":900,"caption":"Kendall Jenner"},{"@type":"BreadcrumbList","@id":"https:\/\/www.strassenweb.de\/nachrichten\/kendall-jenner-loest-die-suche-nach-einem-stilvollen-suppentopf-ihr-karierter-handglasierter-showstopper-ist-die-perfekte-mischung-aus-form-und-funktion\/#breadcrumb","itemListElement":[{"@type":"ListItem","position":1,"name":"Home","item":"https:\/\/www.strassenweb.de\/nachrichten\/"},{"@type":"ListItem","position":2,"name":"Kendall Jenner l\u00f6st die Suche nach einem stilvollen Suppentopf: Ihr karierter, handglasierter Showstopper ist die perfekte Mischung aus Form und Funktion"}]},{"@type":"WebSite","@id":"https:\/\/www.strassenweb.de\/nachrichten\/#website","url":"https:\/\/www.strassenweb.de\/nachrichten\/","name":"Stra\u00dfenweb","description":"Stra\u00dfenverzeichnis f\u00fcr Deutschland","publisher":{"@id":"https:\/\/www.strassenweb.de\/nachrichten\/#organization"},"potentialAction":[{"@type":"SearchAction","target":{"@type":"EntryPoint","urlTemplate":"https:\/\/www.strassenweb.de\/nachrichten\/?s={search_term_string}"},"query-input":{"@type":"PropertyValueSpecification","valueRequired":true,"valueName":"search_term_string"}}],"inLanguage":"de"},{"@type":"Organization","@id":"https:\/\/www.strassenweb.de\/nachrichten\/#organization","name":"Stra\u00dfenweb","url":"https:\/\/www.strassenweb.de\/nachrichten\/","logo":{"@type":"ImageObject","inLanguage":"de","@id":"https:\/\/www.strassenweb.de\/nachrichten\/#\/schema\/logo\/image\/","url":"https:\/\/www.strassenweb.de\/nachrichten\/wp-content\/uploads\/2024\/09\/cropped-favicon.png","contentUrl":"https:\/\/www.strassenweb.de\/nachrichten\/wp-content\/uploads\/2024\/09\/cropped-favicon.png","width":512,"height":512,"caption":"Stra\u00dfenweb"},"image":{"@id":"https:\/\/www.strassenweb.de\/nachrichten\/#\/schema\/logo\/image\/"},"sameAs":["https:\/\/www.facebook.com\/strassenweb\/"]},{"@type":"Person","@id":"https:\/\/www.strassenweb.de\/nachrichten\/#\/schema\/person\/87c9c9067f1211da429a744dc5a5aa41","name":"Robert Hoffmann","image":{"@type":"ImageObject","inLanguage":"de","@id":"https:\/\/www.strassenweb.de\/nachrichten\/wp-content\/uploads\/2024\/09\/strassenweb-150x150.jpg","url":"https:\/\/www.strassenweb.de\/nachrichten\/wp-content\/uploads\/2024\/09\/strassenweb-150x150.jpg","contentUrl":"https:\/\/www.strassenweb.de\/nachrichten\/wp-content\/uploads\/2024\/09\/strassenweb-150x150.jpg","caption":"Robert Hoffmann"},"description":"Ich hei\u00dfe Robert Hoffmann und ich bin ein leidenschaftlicher Verfechter von \u00d6kologie und Biodiversit\u00e4t. Seit meiner Kindheit in den W\u00e4ldern Bayerns f\u00fchle ich mich mit der Natur verbunden und bin entschlossen, sie zu sch\u00fctzen. Heute widme ich mein Leben der Sensibilisierung anderer f\u00fcr die Bedeutung des Umweltschutzes f\u00fcr zuk\u00fcnftige Generationen.","sameAs":["https:\/\/www.strassenweb.de\/"]}]}},"_links":{"self":[{"href":"https:\/\/www.strassenweb.de\/nachrichten\/wp-json\/wp\/v2\/posts\/9590","targetHints":{"allow":["GET"]}}],"collection":[{"href":"https:\/\/www.strassenweb.de\/nachrichten\/wp-json\/wp\/v2\/posts"}],"about":[{"href":"https:\/\/www.strassenweb.de\/nachrichten\/wp-json\/wp\/v2\/types\/post"}],"author":[{"embeddable":true,"href":"https:\/\/www.strassenweb.de\/nachrichten\/wp-json\/wp\/v2\/users\/1"}],"replies":[{"embeddable":true,"href":"https:\/\/www.strassenweb.de\/nachrichten\/wp-json\/wp\/v2\/comments?post=9590"}],"version-history":[{"count":0,"href":"https:\/\/www.strassenweb.de\/nachrichten\/wp-json\/wp\/v2\/posts\/9590\/revisions"}],"wp:featuredmedia":[{"embeddable":true,"href":"https:\/\/www.strassenweb.de\/nachrichten\/wp-json\/wp\/v2\/media\/9591"}],"wp:attachment":[{"href":"https:\/\/www.strassenweb.de\/nachrichten\/wp-json\/wp\/v2\/media?parent=9590"}],"wp:term":[{"taxonomy":"category","embeddable":true,"href":"https:\/\/www.strassenweb.de\/nachrichten\/wp-json\/wp\/v2\/categories?post=9590"},{"taxonomy":"post_tag","embeddable":true,"href":"https:\/\/www.strassenweb.de\/nachrichten\/wp-json\/wp\/v2\/tags?post=9590"}],"curies":[{"name":"wp","href":"https:\/\/api.w.org\/{rel}","templated":true}]}}