{"id":9571,"date":"2025-12-01T07:39:14","date_gmt":"2025-12-01T06:39:14","guid":{"rendered":"https:\/\/www.strassenweb.de\/nachrichten\/ich-nutze-sensorisches-design-um-raeume-zu-schaffen-in-denen-man-etwas-spuert-ein-kleiner-gedanke-reicht-weit\/"},"modified":"2025-12-01T07:39:15","modified_gmt":"2025-12-01T06:39:15","slug":"ich-nutze-sensorisches-design-um-raeume-zu-schaffen-in-denen-man-etwas-spuert-ein-kleiner-gedanke-reicht-weit","status":"publish","type":"post","link":"https:\/\/www.strassenweb.de\/nachrichten\/ich-nutze-sensorisches-design-um-raeume-zu-schaffen-in-denen-man-etwas-spuert-ein-kleiner-gedanke-reicht-weit\/","title":{"rendered":"Ich nutze sensorisches Design, um R\u00e4ume zu schaffen, in denen man etwas sp\u00fcrt \u2013 ein kleiner Gedanke reicht weit"},"content":{"rendered":"<p><\/p>\n<div id=\"article-body\" class=\"article__body \">\n<div id=\"ad-unit-1\" class=\"ad-unit\"><\/div>\n<p>Haben Sie schon einmal dar\u00fcber nachgedacht, wie wir Ber\u00fchrungen verarbeiten und darauf reagieren? Das ist etwas, was wir hunderte Male am Tag tun, ohne dar\u00fcber nachzudenken. Doch jede Oberfl\u00e4che, auf die wir sto\u00dfen, ist so viel mehr als nur Textur, Form oder Temperatur. Jede Ber\u00fchrung sendet sensorische Informationen an das Gehirn und l\u00f6st im ganzen K\u00f6rper chemische Reaktionen aus. Auf seine eigene bemerkenswerte Weise kartiert das Gehirn st\u00e4ndig die taktile Welt und \u00fcbersetzt sie in k\u00f6rperliche Empfindungen, Gef\u00fchle und Emotionen. \u00c4hnlich wie Ger\u00fcche haben Ber\u00fchrungen die au\u00dfergew\u00f6hnliche F\u00e4higkeit, uns augenblicklich in eine andere Zeit zu versetzen \u2013 eine Art sensorische Zeitreise.<\/p>\n<aside data-block-type=\"embed\" data-render-type=\"fte\" data-skip=\"dealsy\" data-widget-type=\"seasonal\" class=\"hawk-root\"><\/aside>\n<p id=\"e96d4d01-e7bb-48aa-810f-fdb6dd47f49e-2\">F\u00fcr Designer ist die Materialauswahl nie rein praktischer Natur. Ja, Haltbarkeit und Leistung sind wichtig, aber auch die emotionale Ausstrahlung einer Oberfl\u00e4che spielt eine Rolle: wie sie sich in der Hand anf\u00fchlt, wie sie zur Interaktion einl\u00e4dt, wie sie die Atmosph\u00e4re eines Raumes pr\u00e4gt. Jede Wahl wird von einer grundlegenden Designpaarung geleitet \u2013 wie wird sie funktionieren und wie wird sie sich anf\u00fchlen? Das Navigieren in diesem Gleichgewicht er\u00f6ffnet eine Welt voller M\u00f6glichkeiten, jede mit ihren eigenen Feinheiten. Und nat\u00fcrlich spielen pers\u00f6nliche Vorlieben eine gro\u00dfe Rolle; Kein Kunde erlebt Materialien auf die gleiche Weise, und diese Vorlieben entwickeln sich st\u00e4ndig weiter.<\/p>\n<div class=\"van_vid_carousel\">\n<div class=\"van_vid_carousel__padding\">\n<div class=\"van_vid_carousel__container\"><\/div>\n<\/div>\n<\/div>\n<p>Wie k\u00f6nnen Designer und Architekten also in diese weitreichende Welt der Materialien eintauchen und eine Auswahl treffen, die sowohl wunderbar funktioniert als auch sich intuitiv richtig anf\u00fchlt? Auch wenn es kein einheitliches Rezept gibt, kann ich Ihnen die Materialien nennen, die uns im Moment am Herzen liegen \u2013 und auch die treuen Favoriten, auf die wir immer wieder zur\u00fcckgreifen. Und ehrlich gesagt gibt es noch unz\u00e4hlige Texturen und Oberfl\u00e4chen zu entdecken. Das ist das Sch\u00f6ne daran: Die taktile Welt ist riesig und wir lernen st\u00e4ndig dazu.<\/p>\n<div id=\"ad-unit-2\" class=\"ad-unit\"><\/div>\n<figure class=\"van-image-figure inline-layout \" data-bordeaux-image-check id=\"0cd4a7e2-9466-4916-b043-70a71ddd0025\">\n<div class=\"image-full-width-wrapper\">\n<div class=\"image-widthsetter\" style=\"max-width:2000px;\"><\/div>\n<\/div>\n<\/figure>\n<p id=\"b34cf515-468f-475f-a247-fec1b03591a7\">Letztes Jahr bin ich zum ersten Mal nach Portugal gereist und habe mich total in Kork verliebt. Auf der Fahrt zum Cromlech von Almendres, einer geheimnisvollen St\u00e4tte mit Megalithen, kamen wir kilometerweit an Korkfarmen vorbei und sahen zu, wie die Rinde sorgf\u00e4ltig von den B\u00e4umen entfernt wurde, ohne ihnen Schaden zuzuf\u00fcgen. Bei unserer R\u00fcckkehr machten wir Halt an einem kleinen Museumsladen, dessen W\u00e4nde mit dicken Korkfliesen verkleidet waren. Von weitem sahen sie aus wie verwitterter Stein; Aus der N\u00e4he war die weiche, haptische Qualit\u00e4t des Materials sofort erkennbar und wunderbar passend. Kork ist ein wertvolles Material: nachhaltig, erneuerbar und unendlich vielseitig. In unseren eigenen Designs nutzen wir es jetzt, wo immer es m\u00f6glich ist \u2013 auf K\u00fcchenarbeitsplatten, Pin-up-Boards, als Boden- oder Wandfliesen sowie in M\u00f6beln und Accessoires. Wir experimentieren im Studio sogar mit ma\u00dfgefertigten Korkst\u00fccken \u2013 es hat sich weit \u00fcber einen blo\u00dfen Untersetzer hinaus entwickelt.<\/p>\n<p>Unter den zeitlosen Materialien steht Gips aus ebenso \u00fcberzeugenden Gr\u00fcnden ganz oben auf unserer Liste. Wie Kork ist es ein nat\u00fcrlich hochwertiges Finish, frei von sch\u00e4dlichen Chemikalien. Gips wirkt als nat\u00fcrlicher Luftentfeuchter, ist antistatisch, sodass kein Staub daran haften bleibt, und seine Alkalit\u00e4t hilft, Bakterien, Pilze und Schimmel zu hemmen. Es ist au\u00dferdem feuerbest\u00e4ndig. \u00dcber seine praktischen Eigenschaften hinaus bietet Gips eine au\u00dfergew\u00f6hnliche Vielfalt an Texturen und Oberfl\u00e4chen. Was ich vielleicht am meisten liebe, ist der Geruch von frisch aufgetragenem Putz \u2013 ein warmer, erdiger Duft, der sich erdend und beruhigend anf\u00fchlt und Sie auf subtile Weise mit dem Material selbst verbindet.<\/p>\n<figure class=\"van-image-figure inline-layout \" data-bordeaux-image-check id=\"6605711a-52f5-42e0-bbff-8e25385ac995\">\n<div class=\"image-full-width-wrapper\">\n<div class=\"image-widthsetter\" style=\"max-width:2000px;\"><\/div>\n<\/div>\n<\/figure>\n<p id=\"4f5aa13e-dfec-43da-8854-ef73c8a00d33\">Kalkfarben, die leicht erh\u00e4ltlich und wegen ihrer Einfachheit und Haltbarkeit beliebt sind \u2013 hergestellt aus Gipsbestandteilen zu geringeren Kosten \u2013 bleiben in unserem Studio ein absoluter Favorit. Wir lieben Portola f\u00fcr seine sorgf\u00e4ltig ausgew\u00e4hlte Palette an Kalkt\u00f6nen und die darauf abgestimmten traditionellen Farben. Es ist \u00e4u\u00dferst praktisch, bemalte T\u00fcr- und Fensterverkleidungen mit W\u00e4nden im gleichen Farbton zu kombinieren. American Clay ist eine weitere Wahl, insbesondere wegen der Lomalina-Gipsoberfl\u00e4che, die ein zartes Zusammenspiel von Glanz und Textur bietet. Wir sind gleicherma\u00dfen von der Kollektion Chauz Ferr\u00e9e Or von Ressource Paints begeistert, einem hochglanzpolierten Spezialputz, der jedem Raum eine unverwechselbare Luxusatmosph\u00e4re verleiht.<\/p>\n<div id=\"slice-container-newsletterForm-articleInbodyContent-XuHYiiAAss9BYXLpQWA6Mo\" class=\"slice-container newsletter-inbodyContent-slice newsletterForm-articleInbodyContent-XuHYiiAAss9BYXLpQWA6Mo slice-container-newsletterForm\"><\/div>\n<p>Eine aktuelle Entdeckung hat unsere Fantasie befl\u00fcgelt: eine spezielle Gipsoberfl\u00e4che namens Toile de Lacque. Dieser hochglanzpolierte, rissige Putz wird auf Leinwandpaneele aufgetragen und wie eine Tapete angebracht. Die reflektierende Politur und das dezente Knistern reflektieren das Licht \u00fcber die Oberfl\u00e4che und verleihen den W\u00e4nden einen \u00e4therischen Glanz. Ich kann es kaum erwarten zu sehen, wie es das Zuhause unseres Kunden verwandelt \u2013 bleiben Sie dran!<\/p>\n<p>F\u00fcr diejenigen, die Farbe dem Putz vorziehen, bietet Little Greene Paint &#038; Wallpaper \u00fcppige, langlebige Farbpaletten. In unserem Studio sind Slaked Lime 105 und French Grey 161 Dauerbrenner. Zusammen mit einer Wand aus Massingberd Blossom-Tapeten aus ihrer historischen Kollektion schaffen diese Farbt\u00f6ne einen ruhigen, einladenden Raum \u2013 perfekt f\u00fcr den Morgentee oder Kaffee.<\/p>\n<p>K\u00fcrzlich hatte ich das au\u00dfergew\u00f6hnliche Privileg, das Atelier von Pierre Bonnefille in Paris zu besuchen. Seine Arbeit ist zutiefst strukturiert und l\u00e4dt Sie ein, die komplexen Oberfl\u00e4chen zu erkunden. Seine Kreationen fangen die Rhythmen der Natur ein \u2013 Wasser, das \u00fcber Steine \u200b\u200bflie\u00dft, Sonnenlicht, das auf einer Muschel glitzert \u2013 mit Pigmenten, Mineralien, Metallen und Wachsen, die zu lebendigen, atmenden Texturen gezaubert werden. Seine Arbeit zu sehen ist eine Sache; es zu ber\u00fchren ist etwas anderes. In dem Moment, in dem Ihre Hand die Oberfl\u00e4che ber\u00fchrt, werden Sie, wenn auch nur f\u00fcr kurze Zeit, an einen anderen Ort und in eine andere Zeit versetzt \u2013 eine magische Begegnung mit Material und Handwerk, die Ihnen noch lange in Erinnerung bleibt.<\/p>\n<\/div>\n","protected":false},"excerpt":{"rendered":"<p>Haben Sie schon einmal dar\u00fcber nachgedacht, wie wir Ber\u00fchrungen verarbeiten und darauf reagieren? Das ist etwas, was wir hunderte Male am Tag tun, ohne dar\u00fcber<\/p>\n","protected":false},"author":1,"featured_media":9572,"comment_status":"closed","ping_status":"","sticky":false,"template":"","format":"standard","meta":{"footnotes":""},"categories":[118],"tags":[2718,679,43,1855,6313,129,6259,134,11862,1728,11863,215,6406,3214,11111],"class_list":["post-9571","post","type-post","status-publish","format-standard","has-post-thumbnail","hentry","category-haus-garten","tag-denen","tag-design","tag-ein","tag-etwas","tag-gedanke","tag-ich","tag-kleiner","tag-man","tag-nutze","tag-raeume","tag-reicht","tag-schaffen","tag-sensorisches","tag-spuert","tag-weit","generate-columns","tablet-grid-50","mobile-grid-100","grid-parent","grid-50"],"yoast_head":"<!-- This site is optimized with the Yoast SEO plugin v27.3 - https:\/\/yoast.com\/product\/yoast-seo-wordpress\/ -->\n<title>Ich nutze sensorisches Design, um R\u00e4ume zu schaffen, in denen man etwas sp\u00fcrt \u2013 ein kleiner Gedanke reicht weit - Nachrichten - Stra\u00dfenweb<\/title>\n<meta name=\"robots\" content=\"index, follow, max-snippet:-1, max-image-preview:large, max-video-preview:-1\" \/>\n<link rel=\"canonical\" href=\"https:\/\/www.strassenweb.de\/nachrichten\/ich-nutze-sensorisches-design-um-raeume-zu-schaffen-in-denen-man-etwas-spuert-ein-kleiner-gedanke-reicht-weit\/\" \/>\n<meta property=\"og:locale\" content=\"de_DE\" \/>\n<meta property=\"og:type\" content=\"article\" \/>\n<meta property=\"og:title\" content=\"Ich nutze sensorisches Design, um R\u00e4ume zu schaffen, in denen man etwas sp\u00fcrt \u2013 ein kleiner Gedanke reicht weit - Nachrichten - Stra\u00dfenweb\" \/>\n<meta property=\"og:description\" content=\"Haben Sie schon einmal dar\u00fcber nachgedacht, wie wir Ber\u00fchrungen verarbeiten und darauf reagieren? Das ist etwas, was wir hunderte Male am Tag tun, ohne dar\u00fcber\" \/>\n<meta property=\"og:url\" content=\"https:\/\/www.strassenweb.de\/nachrichten\/ich-nutze-sensorisches-design-um-raeume-zu-schaffen-in-denen-man-etwas-spuert-ein-kleiner-gedanke-reicht-weit\/\" \/>\n<meta property=\"og:site_name\" content=\"Stra\u00dfenweb\" \/>\n<meta property=\"article:publisher\" content=\"https:\/\/www.facebook.com\/strassenweb\/\" \/>\n<meta property=\"article:published_time\" content=\"2025-12-01T06:39:14+00:00\" \/>\n<meta property=\"article:modified_time\" content=\"2025-12-01T06:39:15+00:00\" \/>\n<meta property=\"og:image\" content=\"https:\/\/www.strassenweb.de\/nachrichten\/wp-content\/uploads\/2025\/12\/Ich-nutze-sensorisches-Design-um-Raeume-zu-schaffen-in-denen.jpg\" \/>\n\t<meta property=\"og:image:width\" content=\"2560\" \/>\n\t<meta property=\"og:image:height\" content=\"1440\" \/>\n\t<meta property=\"og:image:type\" content=\"image\/jpeg\" \/>\n<meta name=\"author\" content=\"Robert Hoffmann\" \/>\n<meta name=\"twitter:card\" content=\"summary_large_image\" \/>\n<meta name=\"twitter:label1\" content=\"Verfasst von\" \/>\n\t<meta name=\"twitter:data1\" content=\"Robert Hoffmann\" \/>\n\t<meta name=\"twitter:label2\" content=\"Gesch\u00e4tzte Lesezeit\" \/>\n\t<meta name=\"twitter:data2\" content=\"5\u00a0Minuten\" \/>\n<script type=\"application\/ld+json\" class=\"yoast-schema-graph\">{\"@context\":\"https:\\\/\\\/schema.org\",\"@graph\":[{\"@type\":\"Article\",\"@id\":\"https:\\\/\\\/www.strassenweb.de\\\/nachrichten\\\/ich-nutze-sensorisches-design-um-raeume-zu-schaffen-in-denen-man-etwas-spuert-ein-kleiner-gedanke-reicht-weit\\\/#article\",\"isPartOf\":{\"@id\":\"https:\\\/\\\/www.strassenweb.de\\\/nachrichten\\\/ich-nutze-sensorisches-design-um-raeume-zu-schaffen-in-denen-man-etwas-spuert-ein-kleiner-gedanke-reicht-weit\\\/\"},\"author\":{\"name\":\"Robert Hoffmann\",\"@id\":\"https:\\\/\\\/www.strassenweb.de\\\/nachrichten\\\/#\\\/schema\\\/person\\\/87c9c9067f1211da429a744dc5a5aa41\"},\"headline\":\"Ich nutze sensorisches Design, um R\u00e4ume zu schaffen, in denen man etwas sp\u00fcrt \u2013 ein kleiner Gedanke reicht weit\",\"datePublished\":\"2025-12-01T06:39:14+00:00\",\"dateModified\":\"2025-12-01T06:39:15+00:00\",\"mainEntityOfPage\":{\"@id\":\"https:\\\/\\\/www.strassenweb.de\\\/nachrichten\\\/ich-nutze-sensorisches-design-um-raeume-zu-schaffen-in-denen-man-etwas-spuert-ein-kleiner-gedanke-reicht-weit\\\/\"},\"wordCount\":967,\"publisher\":{\"@id\":\"https:\\\/\\\/www.strassenweb.de\\\/nachrichten\\\/#organization\"},\"image\":{\"@id\":\"https:\\\/\\\/www.strassenweb.de\\\/nachrichten\\\/ich-nutze-sensorisches-design-um-raeume-zu-schaffen-in-denen-man-etwas-spuert-ein-kleiner-gedanke-reicht-weit\\\/#primaryimage\"},\"thumbnailUrl\":\"https:\\\/\\\/www.strassenweb.de\\\/nachrichten\\\/wp-content\\\/uploads\\\/2025\\\/12\\\/Ich-nutze-sensorisches-Design-um-Raeume-zu-schaffen-in-denen.jpg\",\"keywords\":[\"denen\",\"Design\",\"ein\",\"etwas\",\"Gedanke\",\"ich\",\"kleiner\",\"man\",\"nutze\",\"R\u00e4ume\",\"reicht\",\"schaffen\",\"sensorisches\",\"sp\u00fcrt\",\"weit\"],\"articleSection\":[\"Haus &amp; Garten\"],\"inLanguage\":\"de\"},{\"@type\":\"WebPage\",\"@id\":\"https:\\\/\\\/www.strassenweb.de\\\/nachrichten\\\/ich-nutze-sensorisches-design-um-raeume-zu-schaffen-in-denen-man-etwas-spuert-ein-kleiner-gedanke-reicht-weit\\\/\",\"url\":\"https:\\\/\\\/www.strassenweb.de\\\/nachrichten\\\/ich-nutze-sensorisches-design-um-raeume-zu-schaffen-in-denen-man-etwas-spuert-ein-kleiner-gedanke-reicht-weit\\\/\",\"name\":\"Ich nutze sensorisches Design, um R\u00e4ume zu schaffen, in denen man etwas sp\u00fcrt \u2013 ein kleiner Gedanke reicht weit - Nachrichten - Stra\u00dfenweb\",\"isPartOf\":{\"@id\":\"https:\\\/\\\/www.strassenweb.de\\\/nachrichten\\\/#website\"},\"primaryImageOfPage\":{\"@id\":\"https:\\\/\\\/www.strassenweb.de\\\/nachrichten\\\/ich-nutze-sensorisches-design-um-raeume-zu-schaffen-in-denen-man-etwas-spuert-ein-kleiner-gedanke-reicht-weit\\\/#primaryimage\"},\"image\":{\"@id\":\"https:\\\/\\\/www.strassenweb.de\\\/nachrichten\\\/ich-nutze-sensorisches-design-um-raeume-zu-schaffen-in-denen-man-etwas-spuert-ein-kleiner-gedanke-reicht-weit\\\/#primaryimage\"},\"thumbnailUrl\":\"https:\\\/\\\/www.strassenweb.de\\\/nachrichten\\\/wp-content\\\/uploads\\\/2025\\\/12\\\/Ich-nutze-sensorisches-Design-um-Raeume-zu-schaffen-in-denen.jpg\",\"datePublished\":\"2025-12-01T06:39:14+00:00\",\"dateModified\":\"2025-12-01T06:39:15+00:00\",\"breadcrumb\":{\"@id\":\"https:\\\/\\\/www.strassenweb.de\\\/nachrichten\\\/ich-nutze-sensorisches-design-um-raeume-zu-schaffen-in-denen-man-etwas-spuert-ein-kleiner-gedanke-reicht-weit\\\/#breadcrumb\"},\"inLanguage\":\"de\",\"potentialAction\":[{\"@type\":\"ReadAction\",\"target\":[\"https:\\\/\\\/www.strassenweb.de\\\/nachrichten\\\/ich-nutze-sensorisches-design-um-raeume-zu-schaffen-in-denen-man-etwas-spuert-ein-kleiner-gedanke-reicht-weit\\\/\"]}]},{\"@type\":\"ImageObject\",\"inLanguage\":\"de\",\"@id\":\"https:\\\/\\\/www.strassenweb.de\\\/nachrichten\\\/ich-nutze-sensorisches-design-um-raeume-zu-schaffen-in-denen-man-etwas-spuert-ein-kleiner-gedanke-reicht-weit\\\/#primaryimage\",\"url\":\"https:\\\/\\\/www.strassenweb.de\\\/nachrichten\\\/wp-content\\\/uploads\\\/2025\\\/12\\\/Ich-nutze-sensorisches-Design-um-Raeume-zu-schaffen-in-denen.jpg\",\"contentUrl\":\"https:\\\/\\\/www.strassenweb.de\\\/nachrichten\\\/wp-content\\\/uploads\\\/2025\\\/12\\\/Ich-nutze-sensorisches-Design-um-Raeume-zu-schaffen-in-denen.jpg\",\"width\":2560,\"height\":1440,\"caption\":\"Ich nutze sensorisches Design, um R\u00e4ume zu schaffen, in denen man etwas sp\u00fcrt \u2013 ein kleiner Gedanke reicht weit\"},{\"@type\":\"BreadcrumbList\",\"@id\":\"https:\\\/\\\/www.strassenweb.de\\\/nachrichten\\\/ich-nutze-sensorisches-design-um-raeume-zu-schaffen-in-denen-man-etwas-spuert-ein-kleiner-gedanke-reicht-weit\\\/#breadcrumb\",\"itemListElement\":[{\"@type\":\"ListItem\",\"position\":1,\"name\":\"Home\",\"item\":\"https:\\\/\\\/www.strassenweb.de\\\/nachrichten\\\/\"},{\"@type\":\"ListItem\",\"position\":2,\"name\":\"Ich nutze sensorisches Design, um R\u00e4ume zu schaffen, in denen man etwas sp\u00fcrt \u2013 ein kleiner Gedanke reicht weit\"}]},{\"@type\":\"WebSite\",\"@id\":\"https:\\\/\\\/www.strassenweb.de\\\/nachrichten\\\/#website\",\"url\":\"https:\\\/\\\/www.strassenweb.de\\\/nachrichten\\\/\",\"name\":\"Stra\u00dfenweb\",\"description\":\"Stra\u00dfenverzeichnis f\u00fcr Deutschland\",\"publisher\":{\"@id\":\"https:\\\/\\\/www.strassenweb.de\\\/nachrichten\\\/#organization\"},\"potentialAction\":[{\"@type\":\"SearchAction\",\"target\":{\"@type\":\"EntryPoint\",\"urlTemplate\":\"https:\\\/\\\/www.strassenweb.de\\\/nachrichten\\\/?s={search_term_string}\"},\"query-input\":{\"@type\":\"PropertyValueSpecification\",\"valueRequired\":true,\"valueName\":\"search_term_string\"}}],\"inLanguage\":\"de\"},{\"@type\":\"Organization\",\"@id\":\"https:\\\/\\\/www.strassenweb.de\\\/nachrichten\\\/#organization\",\"name\":\"Stra\u00dfenweb\",\"url\":\"https:\\\/\\\/www.strassenweb.de\\\/nachrichten\\\/\",\"logo\":{\"@type\":\"ImageObject\",\"inLanguage\":\"de\",\"@id\":\"https:\\\/\\\/www.strassenweb.de\\\/nachrichten\\\/#\\\/schema\\\/logo\\\/image\\\/\",\"url\":\"https:\\\/\\\/www.strassenweb.de\\\/nachrichten\\\/wp-content\\\/uploads\\\/2024\\\/09\\\/cropped-favicon.png\",\"contentUrl\":\"https:\\\/\\\/www.strassenweb.de\\\/nachrichten\\\/wp-content\\\/uploads\\\/2024\\\/09\\\/cropped-favicon.png\",\"width\":512,\"height\":512,\"caption\":\"Stra\u00dfenweb\"},\"image\":{\"@id\":\"https:\\\/\\\/www.strassenweb.de\\\/nachrichten\\\/#\\\/schema\\\/logo\\\/image\\\/\"},\"sameAs\":[\"https:\\\/\\\/www.facebook.com\\\/strassenweb\\\/\"]},{\"@type\":\"Person\",\"@id\":\"https:\\\/\\\/www.strassenweb.de\\\/nachrichten\\\/#\\\/schema\\\/person\\\/87c9c9067f1211da429a744dc5a5aa41\",\"name\":\"Robert Hoffmann\",\"image\":{\"@type\":\"ImageObject\",\"inLanguage\":\"de\",\"@id\":\"https:\\\/\\\/www.strassenweb.de\\\/nachrichten\\\/wp-content\\\/uploads\\\/2024\\\/09\\\/strassenweb-150x150.jpg\",\"url\":\"https:\\\/\\\/www.strassenweb.de\\\/nachrichten\\\/wp-content\\\/uploads\\\/2024\\\/09\\\/strassenweb-150x150.jpg\",\"contentUrl\":\"https:\\\/\\\/www.strassenweb.de\\\/nachrichten\\\/wp-content\\\/uploads\\\/2024\\\/09\\\/strassenweb-150x150.jpg\",\"caption\":\"Robert Hoffmann\"},\"description\":\"Ich hei\u00dfe Robert Hoffmann und ich bin ein leidenschaftlicher Verfechter von \u00d6kologie und Biodiversit\u00e4t. Seit meiner Kindheit in den W\u00e4ldern Bayerns f\u00fchle ich mich mit der Natur verbunden und bin entschlossen, sie zu sch\u00fctzen. Heute widme ich mein Leben der Sensibilisierung anderer f\u00fcr die Bedeutung des Umweltschutzes f\u00fcr zuk\u00fcnftige Generationen.\",\"sameAs\":[\"https:\\\/\\\/www.strassenweb.de\\\/\"]}]}<\/script>\n<!-- \/ Yoast SEO plugin. -->","yoast_head_json":{"title":"Ich nutze sensorisches Design, um R\u00e4ume zu schaffen, in denen man etwas sp\u00fcrt \u2013 ein kleiner Gedanke reicht weit - Nachrichten - Stra\u00dfenweb","robots":{"index":"index","follow":"follow","max-snippet":"max-snippet:-1","max-image-preview":"max-image-preview:large","max-video-preview":"max-video-preview:-1"},"canonical":"https:\/\/www.strassenweb.de\/nachrichten\/ich-nutze-sensorisches-design-um-raeume-zu-schaffen-in-denen-man-etwas-spuert-ein-kleiner-gedanke-reicht-weit\/","og_locale":"de_DE","og_type":"article","og_title":"Ich nutze sensorisches Design, um R\u00e4ume zu schaffen, in denen man etwas sp\u00fcrt \u2013 ein kleiner Gedanke reicht weit - Nachrichten - Stra\u00dfenweb","og_description":"Haben Sie schon einmal dar\u00fcber nachgedacht, wie wir Ber\u00fchrungen verarbeiten und darauf reagieren? Das ist etwas, was wir hunderte Male am Tag tun, ohne dar\u00fcber","og_url":"https:\/\/www.strassenweb.de\/nachrichten\/ich-nutze-sensorisches-design-um-raeume-zu-schaffen-in-denen-man-etwas-spuert-ein-kleiner-gedanke-reicht-weit\/","og_site_name":"Stra\u00dfenweb","article_publisher":"https:\/\/www.facebook.com\/strassenweb\/","article_published_time":"2025-12-01T06:39:14+00:00","article_modified_time":"2025-12-01T06:39:15+00:00","og_image":[{"width":2560,"height":1440,"url":"https:\/\/www.strassenweb.de\/nachrichten\/wp-content\/uploads\/2025\/12\/Ich-nutze-sensorisches-Design-um-Raeume-zu-schaffen-in-denen.jpg","type":"image\/jpeg"}],"author":"Robert Hoffmann","twitter_card":"summary_large_image","twitter_misc":{"Verfasst von":"Robert Hoffmann","Gesch\u00e4tzte Lesezeit":"5\u00a0Minuten"},"schema":{"@context":"https:\/\/schema.org","@graph":[{"@type":"Article","@id":"https:\/\/www.strassenweb.de\/nachrichten\/ich-nutze-sensorisches-design-um-raeume-zu-schaffen-in-denen-man-etwas-spuert-ein-kleiner-gedanke-reicht-weit\/#article","isPartOf":{"@id":"https:\/\/www.strassenweb.de\/nachrichten\/ich-nutze-sensorisches-design-um-raeume-zu-schaffen-in-denen-man-etwas-spuert-ein-kleiner-gedanke-reicht-weit\/"},"author":{"name":"Robert Hoffmann","@id":"https:\/\/www.strassenweb.de\/nachrichten\/#\/schema\/person\/87c9c9067f1211da429a744dc5a5aa41"},"headline":"Ich nutze sensorisches Design, um R\u00e4ume zu schaffen, in denen man etwas sp\u00fcrt \u2013 ein kleiner Gedanke reicht weit","datePublished":"2025-12-01T06:39:14+00:00","dateModified":"2025-12-01T06:39:15+00:00","mainEntityOfPage":{"@id":"https:\/\/www.strassenweb.de\/nachrichten\/ich-nutze-sensorisches-design-um-raeume-zu-schaffen-in-denen-man-etwas-spuert-ein-kleiner-gedanke-reicht-weit\/"},"wordCount":967,"publisher":{"@id":"https:\/\/www.strassenweb.de\/nachrichten\/#organization"},"image":{"@id":"https:\/\/www.strassenweb.de\/nachrichten\/ich-nutze-sensorisches-design-um-raeume-zu-schaffen-in-denen-man-etwas-spuert-ein-kleiner-gedanke-reicht-weit\/#primaryimage"},"thumbnailUrl":"https:\/\/www.strassenweb.de\/nachrichten\/wp-content\/uploads\/2025\/12\/Ich-nutze-sensorisches-Design-um-Raeume-zu-schaffen-in-denen.jpg","keywords":["denen","Design","ein","etwas","Gedanke","ich","kleiner","man","nutze","R\u00e4ume","reicht","schaffen","sensorisches","sp\u00fcrt","weit"],"articleSection":["Haus &amp; Garten"],"inLanguage":"de"},{"@type":"WebPage","@id":"https:\/\/www.strassenweb.de\/nachrichten\/ich-nutze-sensorisches-design-um-raeume-zu-schaffen-in-denen-man-etwas-spuert-ein-kleiner-gedanke-reicht-weit\/","url":"https:\/\/www.strassenweb.de\/nachrichten\/ich-nutze-sensorisches-design-um-raeume-zu-schaffen-in-denen-man-etwas-spuert-ein-kleiner-gedanke-reicht-weit\/","name":"Ich nutze sensorisches Design, um R\u00e4ume zu schaffen, in denen man etwas sp\u00fcrt \u2013 ein kleiner Gedanke reicht weit - Nachrichten - Stra\u00dfenweb","isPartOf":{"@id":"https:\/\/www.strassenweb.de\/nachrichten\/#website"},"primaryImageOfPage":{"@id":"https:\/\/www.strassenweb.de\/nachrichten\/ich-nutze-sensorisches-design-um-raeume-zu-schaffen-in-denen-man-etwas-spuert-ein-kleiner-gedanke-reicht-weit\/#primaryimage"},"image":{"@id":"https:\/\/www.strassenweb.de\/nachrichten\/ich-nutze-sensorisches-design-um-raeume-zu-schaffen-in-denen-man-etwas-spuert-ein-kleiner-gedanke-reicht-weit\/#primaryimage"},"thumbnailUrl":"https:\/\/www.strassenweb.de\/nachrichten\/wp-content\/uploads\/2025\/12\/Ich-nutze-sensorisches-Design-um-Raeume-zu-schaffen-in-denen.jpg","datePublished":"2025-12-01T06:39:14+00:00","dateModified":"2025-12-01T06:39:15+00:00","breadcrumb":{"@id":"https:\/\/www.strassenweb.de\/nachrichten\/ich-nutze-sensorisches-design-um-raeume-zu-schaffen-in-denen-man-etwas-spuert-ein-kleiner-gedanke-reicht-weit\/#breadcrumb"},"inLanguage":"de","potentialAction":[{"@type":"ReadAction","target":["https:\/\/www.strassenweb.de\/nachrichten\/ich-nutze-sensorisches-design-um-raeume-zu-schaffen-in-denen-man-etwas-spuert-ein-kleiner-gedanke-reicht-weit\/"]}]},{"@type":"ImageObject","inLanguage":"de","@id":"https:\/\/www.strassenweb.de\/nachrichten\/ich-nutze-sensorisches-design-um-raeume-zu-schaffen-in-denen-man-etwas-spuert-ein-kleiner-gedanke-reicht-weit\/#primaryimage","url":"https:\/\/www.strassenweb.de\/nachrichten\/wp-content\/uploads\/2025\/12\/Ich-nutze-sensorisches-Design-um-Raeume-zu-schaffen-in-denen.jpg","contentUrl":"https:\/\/www.strassenweb.de\/nachrichten\/wp-content\/uploads\/2025\/12\/Ich-nutze-sensorisches-Design-um-Raeume-zu-schaffen-in-denen.jpg","width":2560,"height":1440,"caption":"Ich nutze sensorisches Design, um R\u00e4ume zu schaffen, in denen man etwas sp\u00fcrt \u2013 ein kleiner Gedanke reicht weit"},{"@type":"BreadcrumbList","@id":"https:\/\/www.strassenweb.de\/nachrichten\/ich-nutze-sensorisches-design-um-raeume-zu-schaffen-in-denen-man-etwas-spuert-ein-kleiner-gedanke-reicht-weit\/#breadcrumb","itemListElement":[{"@type":"ListItem","position":1,"name":"Home","item":"https:\/\/www.strassenweb.de\/nachrichten\/"},{"@type":"ListItem","position":2,"name":"Ich nutze sensorisches Design, um R\u00e4ume zu schaffen, in denen man etwas sp\u00fcrt \u2013 ein kleiner Gedanke reicht weit"}]},{"@type":"WebSite","@id":"https:\/\/www.strassenweb.de\/nachrichten\/#website","url":"https:\/\/www.strassenweb.de\/nachrichten\/","name":"Stra\u00dfenweb","description":"Stra\u00dfenverzeichnis f\u00fcr Deutschland","publisher":{"@id":"https:\/\/www.strassenweb.de\/nachrichten\/#organization"},"potentialAction":[{"@type":"SearchAction","target":{"@type":"EntryPoint","urlTemplate":"https:\/\/www.strassenweb.de\/nachrichten\/?s={search_term_string}"},"query-input":{"@type":"PropertyValueSpecification","valueRequired":true,"valueName":"search_term_string"}}],"inLanguage":"de"},{"@type":"Organization","@id":"https:\/\/www.strassenweb.de\/nachrichten\/#organization","name":"Stra\u00dfenweb","url":"https:\/\/www.strassenweb.de\/nachrichten\/","logo":{"@type":"ImageObject","inLanguage":"de","@id":"https:\/\/www.strassenweb.de\/nachrichten\/#\/schema\/logo\/image\/","url":"https:\/\/www.strassenweb.de\/nachrichten\/wp-content\/uploads\/2024\/09\/cropped-favicon.png","contentUrl":"https:\/\/www.strassenweb.de\/nachrichten\/wp-content\/uploads\/2024\/09\/cropped-favicon.png","width":512,"height":512,"caption":"Stra\u00dfenweb"},"image":{"@id":"https:\/\/www.strassenweb.de\/nachrichten\/#\/schema\/logo\/image\/"},"sameAs":["https:\/\/www.facebook.com\/strassenweb\/"]},{"@type":"Person","@id":"https:\/\/www.strassenweb.de\/nachrichten\/#\/schema\/person\/87c9c9067f1211da429a744dc5a5aa41","name":"Robert Hoffmann","image":{"@type":"ImageObject","inLanguage":"de","@id":"https:\/\/www.strassenweb.de\/nachrichten\/wp-content\/uploads\/2024\/09\/strassenweb-150x150.jpg","url":"https:\/\/www.strassenweb.de\/nachrichten\/wp-content\/uploads\/2024\/09\/strassenweb-150x150.jpg","contentUrl":"https:\/\/www.strassenweb.de\/nachrichten\/wp-content\/uploads\/2024\/09\/strassenweb-150x150.jpg","caption":"Robert Hoffmann"},"description":"Ich hei\u00dfe Robert Hoffmann und ich bin ein leidenschaftlicher Verfechter von \u00d6kologie und Biodiversit\u00e4t. Seit meiner Kindheit in den W\u00e4ldern Bayerns f\u00fchle ich mich mit der Natur verbunden und bin entschlossen, sie zu sch\u00fctzen. Heute widme ich mein Leben der Sensibilisierung anderer f\u00fcr die Bedeutung des Umweltschutzes f\u00fcr zuk\u00fcnftige Generationen.","sameAs":["https:\/\/www.strassenweb.de\/"]}]}},"_links":{"self":[{"href":"https:\/\/www.strassenweb.de\/nachrichten\/wp-json\/wp\/v2\/posts\/9571","targetHints":{"allow":["GET"]}}],"collection":[{"href":"https:\/\/www.strassenweb.de\/nachrichten\/wp-json\/wp\/v2\/posts"}],"about":[{"href":"https:\/\/www.strassenweb.de\/nachrichten\/wp-json\/wp\/v2\/types\/post"}],"author":[{"embeddable":true,"href":"https:\/\/www.strassenweb.de\/nachrichten\/wp-json\/wp\/v2\/users\/1"}],"replies":[{"embeddable":true,"href":"https:\/\/www.strassenweb.de\/nachrichten\/wp-json\/wp\/v2\/comments?post=9571"}],"version-history":[{"count":0,"href":"https:\/\/www.strassenweb.de\/nachrichten\/wp-json\/wp\/v2\/posts\/9571\/revisions"}],"wp:featuredmedia":[{"embeddable":true,"href":"https:\/\/www.strassenweb.de\/nachrichten\/wp-json\/wp\/v2\/media\/9572"}],"wp:attachment":[{"href":"https:\/\/www.strassenweb.de\/nachrichten\/wp-json\/wp\/v2\/media?parent=9571"}],"wp:term":[{"taxonomy":"category","embeddable":true,"href":"https:\/\/www.strassenweb.de\/nachrichten\/wp-json\/wp\/v2\/categories?post=9571"},{"taxonomy":"post_tag","embeddable":true,"href":"https:\/\/www.strassenweb.de\/nachrichten\/wp-json\/wp\/v2\/tags?post=9571"}],"curies":[{"name":"wp","href":"https:\/\/api.w.org\/{rel}","templated":true}]}}