{"id":957,"date":"2024-10-17T14:31:36","date_gmt":"2024-10-17T12:31:36","guid":{"rendered":"https:\/\/www.strassenweb.de\/nachrichten\/andy-cohens-west-village-wohnung-zeichnet-sich-durch-helle-farben-grosse-fenster-und-viel-charakter-aus-sie-steht-fuer-14-millionen-us-dollar-zum-verkauf\/"},"modified":"2024-10-17T14:31:38","modified_gmt":"2024-10-17T12:31:38","slug":"andy-cohens-west-village-wohnung-zeichnet-sich-durch-helle-farben-grosse-fenster-und-viel-charakter-aus-sie-steht-fuer-14-millionen-us-dollar-zum-verkauf","status":"publish","type":"post","link":"https:\/\/www.strassenweb.de\/nachrichten\/andy-cohens-west-village-wohnung-zeichnet-sich-durch-helle-farben-grosse-fenster-und-viel-charakter-aus-sie-steht-fuer-14-millionen-us-dollar-zum-verkauf\/","title":{"rendered":"Andy Cohens West Village-Wohnung zeichnet sich durch helle Farben, gro\u00dfe Fenster und viel Charakter aus \u2013 sie steht f\u00fcr 14 Millionen US-Dollar zum Verkauf"},"content":{"rendered":"<p><\/p>\n<div id=\"article-body\" class=\"article__body \">\n<p>Andy Cohen ist am h\u00e4ufigsten in der zu sehen <em>Sehen Sie, was live passiert! <\/em>Lounge, wo er Prominente interviewt und alles rund um Bravo-Reality-TV bespricht, aber bis vor Kurzem hat er ein Apartmenthaus in West Village angerufen.<\/p>\n<div id=\"ad-unit-1\" class=\"ad-unit\"><\/div>\n<p>Das ehemalige Wohnhaus des Gastgebers und Produzenten wurde gerade f\u00fcr 14.000.000 US-Dollar zum Verkauf angeboten und ist ein Juwel, das einen Blick wert ist.<\/p>\n<p>Das als Vorkriegswohnung im begehrten New Yorker Viertel erbaute und vom Innenarchitekten Eric Hughes und dem Architekten Gordon Kahn renovierte Apartment verf\u00fcgt \u00fcber drei Schlafzimmer. 4,5 Badezimmer und nicht nur ein, sondern zwei Holzkamine. Das Beste daran? Es gibt 25 Fenster, die einen Panoramablick auf die Stadt und viel nat\u00fcrliches Licht in die zweist\u00f6ckige, 3.200 Quadratmeter gro\u00dfe Wohnung gew\u00e4hren.<\/p>\n<div id=\"desktop-in-article\" class=\"in-article ad-unit\">\n<div id=\"desktop-taboola-mid-article\"><\/div>\n<\/div>\n<div id=\"mobile-in-article\" class=\"in-article ad-unit\">\n<div id=\"mobile-taboola-mid-article\"><\/div>\n<\/div>\n<figure class=\"van-image-figure inline-layout \" data-bordeaux-image-check>\n<div class=\"image-full-width-wrapper\">\n<div class=\"image-widthsetter\" style=\"max-width:2000px;\"><\/div>\n<\/div><figcaption class=\"inline-layout \">\n<div class=\"caption-text\">\n<p>Andy Cohens Wohnzimmer<\/p>\n<\/div>\n<\/figcaption><\/figure>\n<p>Das Wohnzimmer ist wohl das Herzst\u00fcck des Hauses. Ein weicher, gr\u00fcner Teppich bildet einen Kontrast zu den gegen\u00fcberliegenden blauen und gestreiften Sofas, w\u00e4hrend ein Couchtisch mit Goldrand f\u00fcr ein elegantes Raumgef\u00fchl sorgt. In der Zwischenzeit sorgt etwas Pop-Art (ein Grundbestandteil der Wohnung) f\u00fcr etwas Schaum.<\/p>\n<div class=\"van_vid_carousel\">\n<div class=\"van_vid_carousel__padding\">\n<div class=\"van_vid_carousel__container\"><\/div>\n<\/div>\n<\/div>\n<figure class=\"van-image-figure inline-layout \" data-bordeaux-image-check>\n<div class=\"image-full-width-wrapper\">\n<div class=\"image-widthsetter\" style=\"max-width:2000px;\"><\/div>\n<\/div><figcaption class=\"inline-layout \">\n<div class=\"caption-text\">\n<p>Andy Cohens Esszimmer<\/p>\n<\/div>\n<\/figcaption><\/figure>\n<p>Jeder Entertainer braucht ausreichend Platz zum Essen, und Cohen&#8217;s ist genau das Richtige. Der sch\u00f6ne und einzigartige, gestreifte Kronleuchter h\u00e4ngt zart \u00fcber dem Esstisch, begleitet von B\u00e4nken und Sitzen, und bietet von den Fenstern aus einen perfekten Blick auf die Skyline von New York City.<\/p>\n<div id=\"ad-unit-2\" class=\"ad-unit\"><\/div>\n<figure class=\"van-image-figure inline-layout \" data-bordeaux-image-check>\n<div class=\"image-full-width-wrapper\">\n<div class=\"image-widthsetter\" style=\"max-width:2000px;\"><\/div>\n<\/div><figcaption class=\"inline-layout \">\n<div class=\"caption-text\">\n<p>Andy Cohens Umkleidekabine<\/p>\n<\/div>\n<\/figcaption><\/figure>\n<p>Die G\u00e4stetoilette ist dank ihrer feuerroten Lackierung und der Galeriewand mit mehr Pop-Art kaum zu \u00fcbersehen. Wir lieben, wie lebendig dieser Raum ist, mit strukturierten roten Elementen, wie einem Samtsitz und einem lackierten Waschtisch, die dem Raum Dimension verleihen.<\/p>\n<figure class=\"van-image-figure inline-layout \" data-bordeaux-image-check>\n<div class=\"image-full-width-wrapper\">\n<div class=\"image-widthsetter\" style=\"max-width:2000px;\"><\/div>\n<\/div><figcaption class=\"inline-layout \">\n<div class=\"caption-text\">\n<p>Andy Cohens Schlafzimmer<\/p>\n<\/div>\n<\/figcaption><\/figure>\n<p>Das Schlafzimmer verf\u00fcgt \u00fcber einen grauen Hintergrund und farbenfrohe Details, darunter einen weichen, lila Teppich, ein gr\u00fcnes Bettgestell mit Schottenmuster und einen blauen Nachttisch. Die goldenen Wandlampen und die skurrile Snoopy-Skulptur vereinen Luxus und Humor \u2013 ein wiederkehrendes Thema in der Wohnung.<\/p>\n<div id=\"slice-container-newsletterForm-articleInbodyContent-XHnqqKTXCAF7YgEJY4jFTD\" class=\"slice-container newsletter-inbodyContent-slice newsletterForm-articleInbodyContent-XHnqqKTXCAF7YgEJY4jFTD slice-container-newsletterForm\"><\/div>\n<figure class=\"van-image-figure inline-layout \" data-bordeaux-image-check>\n<div class=\"image-full-width-wrapper\">\n<div class=\"image-widthsetter\" style=\"max-width:2000px;\"><\/div>\n<\/div><figcaption class=\"inline-layout \">\n<div class=\"caption-text\">\n<p>Andy Cohens Badezimmer<\/p>\n<\/div>\n<\/figcaption><\/figure>\n<p>Das Badezimmer hingegen setzt das Industriegrau-Thema fort, mit lebhaften blauen Akzenten auf den Duschfliesen. Eine Holzwanne bringt wieder etwas Natur in den Stadtraum.<\/p>\n<figure class=\"van-image-figure inline-layout \" data-bordeaux-image-check>\n<div class=\"image-full-width-wrapper\">\n<div class=\"image-widthsetter\" style=\"max-width:2000px;\"><\/div>\n<\/div><figcaption class=\"inline-layout \">\n<div class=\"caption-text\">\n<p>Andy Cohens K\u00fcche<\/p>\n<\/div>\n<\/figcaption><\/figure>\n<p>Die ger\u00e4umige K\u00fcche setzt durch goldene Griffe an den Schr\u00e4nken subtile metallische Akzente, w\u00e4hrend die Schr\u00e4nke selbst in einem satten Blauton gehalten sind. Die Blumentapete bildet einen Kontrast zum st\u00e4dtischen Hintergrund, der von mehreren Fenstern in der Umgebung aus sichtbar ist.<\/p>\n<figure class=\"van-image-figure inline-layout \" data-bordeaux-image-check>\n<div class=\"image-full-width-wrapper\">\n<div class=\"image-widthsetter\" style=\"max-width:2000px;\"><\/div>\n<\/div><figcaption class=\"inline-layout \">\n<div class=\"caption-text\">\n<p>Andy Cohens B\u00fcro<\/p>\n<\/div>\n<\/figcaption><\/figure>\n<p>Betreten Sie Andy Cohens B\u00fcro: Warme H\u00f6lzer sorgen f\u00fcr ein ansprechendes Erscheinungsbild, w\u00e4hrend ein gestreifter Regenbogenteppich und schwarz-wei\u00df gemusterte Sitze den Bereich einladend wirken lassen. Besonders gut gef\u00e4llt uns das offene Regal im Raum, das viel Platz f\u00fcr B\u00fccher und Dekoration bietet.<\/p>\n<figure class=\"van-image-figure inline-layout \" data-bordeaux-image-check>\n<div class=\"image-full-width-wrapper\">\n<div class=\"image-widthsetter\" style=\"max-width:2000px;\"><\/div>\n<\/div><figcaption class=\"inline-layout \">\n<div class=\"caption-text\">\n<p>Andy Cohens Kinderzimmer<\/p>\n<\/div>\n<\/figcaption><\/figure>\n<p>Der Kinderzimmerbereich ist dank der Doppelfenster und des Sonnenuntergangsmusters an einer der W\u00e4nde hell.<\/p>\n<figure class=\"van-image-figure inline-layout \" data-bordeaux-image-check>\n<div class=\"image-full-width-wrapper\">\n<div class=\"image-widthsetter\" style=\"max-width:2000px;\"><\/div>\n<\/div><figcaption class=\"inline-layout \">\n<div class=\"caption-text\">\n<p>Andy Cohens Treppe<\/p>\n<\/div>\n<\/figcaption><\/figure>\n<p>Die atemberaubende Treppe, entworfen von Gordon Kahn, teilt die beiden Etagen und ist ein Meisterwerk der Materialkombination aus Glas, Walnuss und Stahl.<\/p>\n<aside class=\"hawk-nest\" data-render-type=\"fte\" data-skip=\"dealsy\" data-widget-type=\"seasonal\">\n<div class=\"hawk-master-widget-hawk-base-wrapper\"><\/div>\n<\/aside>\n<p><em>Andy Cohens Wohnung ist bei Ryan Serhant und Donna Strugatz bei Serhant gelistet.<\/em><\/p>\n<p>Kaufen Sie den Look unten.<\/p>\n<hr>\n<h2 id=\"shop-andy-cohen-s-nyc-apartment-edit-3\">Kaufen Sie Andy Cohens NYC Apartment Edit<\/h2>\n<div class=\"product-container hero-product-container product-block-no-wrap\"><\/div>\n<hr>\n<\/div>\n","protected":false},"excerpt":{"rendered":"<p>Andy Cohen ist am h\u00e4ufigsten in der zu sehen Sehen Sie, was live passiert! Lounge, wo er Prominente interviewt und alles rund um Bravo-Reality-TV bespricht,<\/p>\n","protected":false},"author":1,"featured_media":958,"comment_status":"closed","ping_status":"","sticky":false,"template":"","format":"standard","meta":{"footnotes":""},"categories":[118],"tags":[1870,287,1800,1871,629,874,428,55,358,1875,85,142,165,1876,37,1038,735,263,1873,1872,1874,67],"class_list":["post-957","post","type-post","status-publish","format-standard","has-post-thumbnail","hentry","category-haus-garten","tag-andy","tag-aus","tag-charakter","tag-cohens","tag-durch","tag-farben","tag-fenster","tag-fuer","tag-grosse","tag-helle","tag-millionen","tag-sich","tag-sie","tag-steht","tag-und","tag-usdollar","tag-verkauf","tag-viel","tag-villagewohnung","tag-west","tag-zeichnet","tag-zum","generate-columns","tablet-grid-50","mobile-grid-100","grid-parent","grid-50"],"yoast_head":"<!-- This site is optimized with the Yoast SEO plugin v27.3 - https:\/\/yoast.com\/product\/yoast-seo-wordpress\/ -->\n<title>Andy Cohens West Village-Wohnung zeichnet sich durch helle Farben, gro\u00dfe Fenster und viel Charakter aus \u2013 sie steht f\u00fcr 14 Millionen US-Dollar zum Verkauf - Nachrichten - Stra\u00dfenweb<\/title>\n<meta name=\"robots\" content=\"index, follow, max-snippet:-1, max-image-preview:large, max-video-preview:-1\" \/>\n<link rel=\"canonical\" href=\"https:\/\/www.strassenweb.de\/nachrichten\/andy-cohens-west-village-wohnung-zeichnet-sich-durch-helle-farben-grosse-fenster-und-viel-charakter-aus-sie-steht-fuer-14-millionen-us-dollar-zum-verkauf\/\" \/>\n<meta property=\"og:locale\" content=\"de_DE\" \/>\n<meta property=\"og:type\" content=\"article\" \/>\n<meta property=\"og:title\" content=\"Andy Cohens West Village-Wohnung zeichnet sich durch helle Farben, gro\u00dfe Fenster und viel Charakter aus \u2013 sie steht f\u00fcr 14 Millionen US-Dollar zum Verkauf - Nachrichten - Stra\u00dfenweb\" \/>\n<meta property=\"og:description\" content=\"Andy Cohen ist am h\u00e4ufigsten in der zu sehen Sehen Sie, was live passiert! Lounge, wo er Prominente interviewt und alles rund um Bravo-Reality-TV bespricht,\" \/>\n<meta property=\"og:url\" content=\"https:\/\/www.strassenweb.de\/nachrichten\/andy-cohens-west-village-wohnung-zeichnet-sich-durch-helle-farben-grosse-fenster-und-viel-charakter-aus-sie-steht-fuer-14-millionen-us-dollar-zum-verkauf\/\" \/>\n<meta property=\"og:site_name\" content=\"Stra\u00dfenweb\" \/>\n<meta property=\"article:publisher\" content=\"https:\/\/www.facebook.com\/strassenweb\/\" \/>\n<meta property=\"article:published_time\" content=\"2024-10-17T12:31:36+00:00\" \/>\n<meta property=\"article:modified_time\" content=\"2024-10-17T12:31:38+00:00\" \/>\n<meta property=\"og:image\" content=\"https:\/\/www.strassenweb.de\/nachrichten\/wp-content\/uploads\/2024\/10\/Andy-Cohens-West-Village-Wohnung-zeichnet-sich-durch-helle-Farben-grosse.jpg\" \/>\n\t<meta property=\"og:image:width\" content=\"1200\" \/>\n\t<meta property=\"og:image:height\" content=\"675\" \/>\n\t<meta property=\"og:image:type\" content=\"image\/jpeg\" \/>\n<meta name=\"author\" content=\"Robert Hoffmann\" \/>\n<meta name=\"twitter:card\" content=\"summary_large_image\" \/>\n<meta name=\"twitter:label1\" content=\"Verfasst von\" \/>\n\t<meta name=\"twitter:data1\" content=\"Robert Hoffmann\" \/>\n\t<meta name=\"twitter:label2\" content=\"Gesch\u00e4tzte Lesezeit\" \/>\n\t<meta name=\"twitter:data2\" content=\"3\u00a0Minuten\" \/>\n<script type=\"application\/ld+json\" class=\"yoast-schema-graph\">{\"@context\":\"https:\\\/\\\/schema.org\",\"@graph\":[{\"@type\":\"Article\",\"@id\":\"https:\\\/\\\/www.strassenweb.de\\\/nachrichten\\\/andy-cohens-west-village-wohnung-zeichnet-sich-durch-helle-farben-grosse-fenster-und-viel-charakter-aus-sie-steht-fuer-14-millionen-us-dollar-zum-verkauf\\\/#article\",\"isPartOf\":{\"@id\":\"https:\\\/\\\/www.strassenweb.de\\\/nachrichten\\\/andy-cohens-west-village-wohnung-zeichnet-sich-durch-helle-farben-grosse-fenster-und-viel-charakter-aus-sie-steht-fuer-14-millionen-us-dollar-zum-verkauf\\\/\"},\"author\":{\"name\":\"Robert Hoffmann\",\"@id\":\"https:\\\/\\\/www.strassenweb.de\\\/nachrichten\\\/#\\\/schema\\\/person\\\/87c9c9067f1211da429a744dc5a5aa41\"},\"headline\":\"Andy Cohens West Village-Wohnung zeichnet sich durch helle Farben, gro\u00dfe Fenster und viel Charakter aus \u2013 sie steht f\u00fcr 14 Millionen US-Dollar zum Verkauf\",\"datePublished\":\"2024-10-17T12:31:36+00:00\",\"dateModified\":\"2024-10-17T12:31:38+00:00\",\"mainEntityOfPage\":{\"@id\":\"https:\\\/\\\/www.strassenweb.de\\\/nachrichten\\\/andy-cohens-west-village-wohnung-zeichnet-sich-durch-helle-farben-grosse-fenster-und-viel-charakter-aus-sie-steht-fuer-14-millionen-us-dollar-zum-verkauf\\\/\"},\"wordCount\":541,\"publisher\":{\"@id\":\"https:\\\/\\\/www.strassenweb.de\\\/nachrichten\\\/#organization\"},\"image\":{\"@id\":\"https:\\\/\\\/www.strassenweb.de\\\/nachrichten\\\/andy-cohens-west-village-wohnung-zeichnet-sich-durch-helle-farben-grosse-fenster-und-viel-charakter-aus-sie-steht-fuer-14-millionen-us-dollar-zum-verkauf\\\/#primaryimage\"},\"thumbnailUrl\":\"https:\\\/\\\/www.strassenweb.de\\\/nachrichten\\\/wp-content\\\/uploads\\\/2024\\\/10\\\/Andy-Cohens-West-Village-Wohnung-zeichnet-sich-durch-helle-Farben-grosse.jpg\",\"keywords\":[\"Andy\",\"aus\",\"Charakter\",\"Cohens\",\"durch\",\"Farben\",\"Fenster\",\"f\u00fcr\",\"gro\u00dfe\",\"helle\",\"Millionen\",\"sich\",\"Sie\",\"steht\",\"und\",\"USDollar\",\"Verkauf\",\"viel\",\"VillageWohnung\",\"West\",\"zeichnet\",\"zum\"],\"articleSection\":[\"Haus &amp; Garten\"],\"inLanguage\":\"de\"},{\"@type\":\"WebPage\",\"@id\":\"https:\\\/\\\/www.strassenweb.de\\\/nachrichten\\\/andy-cohens-west-village-wohnung-zeichnet-sich-durch-helle-farben-grosse-fenster-und-viel-charakter-aus-sie-steht-fuer-14-millionen-us-dollar-zum-verkauf\\\/\",\"url\":\"https:\\\/\\\/www.strassenweb.de\\\/nachrichten\\\/andy-cohens-west-village-wohnung-zeichnet-sich-durch-helle-farben-grosse-fenster-und-viel-charakter-aus-sie-steht-fuer-14-millionen-us-dollar-zum-verkauf\\\/\",\"name\":\"Andy Cohens West Village-Wohnung zeichnet sich durch helle Farben, gro\u00dfe Fenster und viel Charakter aus \u2013 sie steht f\u00fcr 14 Millionen US-Dollar zum Verkauf - Nachrichten - Stra\u00dfenweb\",\"isPartOf\":{\"@id\":\"https:\\\/\\\/www.strassenweb.de\\\/nachrichten\\\/#website\"},\"primaryImageOfPage\":{\"@id\":\"https:\\\/\\\/www.strassenweb.de\\\/nachrichten\\\/andy-cohens-west-village-wohnung-zeichnet-sich-durch-helle-farben-grosse-fenster-und-viel-charakter-aus-sie-steht-fuer-14-millionen-us-dollar-zum-verkauf\\\/#primaryimage\"},\"image\":{\"@id\":\"https:\\\/\\\/www.strassenweb.de\\\/nachrichten\\\/andy-cohens-west-village-wohnung-zeichnet-sich-durch-helle-farben-grosse-fenster-und-viel-charakter-aus-sie-steht-fuer-14-millionen-us-dollar-zum-verkauf\\\/#primaryimage\"},\"thumbnailUrl\":\"https:\\\/\\\/www.strassenweb.de\\\/nachrichten\\\/wp-content\\\/uploads\\\/2024\\\/10\\\/Andy-Cohens-West-Village-Wohnung-zeichnet-sich-durch-helle-Farben-grosse.jpg\",\"datePublished\":\"2024-10-17T12:31:36+00:00\",\"dateModified\":\"2024-10-17T12:31:38+00:00\",\"breadcrumb\":{\"@id\":\"https:\\\/\\\/www.strassenweb.de\\\/nachrichten\\\/andy-cohens-west-village-wohnung-zeichnet-sich-durch-helle-farben-grosse-fenster-und-viel-charakter-aus-sie-steht-fuer-14-millionen-us-dollar-zum-verkauf\\\/#breadcrumb\"},\"inLanguage\":\"de\",\"potentialAction\":[{\"@type\":\"ReadAction\",\"target\":[\"https:\\\/\\\/www.strassenweb.de\\\/nachrichten\\\/andy-cohens-west-village-wohnung-zeichnet-sich-durch-helle-farben-grosse-fenster-und-viel-charakter-aus-sie-steht-fuer-14-millionen-us-dollar-zum-verkauf\\\/\"]}]},{\"@type\":\"ImageObject\",\"inLanguage\":\"de\",\"@id\":\"https:\\\/\\\/www.strassenweb.de\\\/nachrichten\\\/andy-cohens-west-village-wohnung-zeichnet-sich-durch-helle-farben-grosse-fenster-und-viel-charakter-aus-sie-steht-fuer-14-millionen-us-dollar-zum-verkauf\\\/#primaryimage\",\"url\":\"https:\\\/\\\/www.strassenweb.de\\\/nachrichten\\\/wp-content\\\/uploads\\\/2024\\\/10\\\/Andy-Cohens-West-Village-Wohnung-zeichnet-sich-durch-helle-Farben-grosse.jpg\",\"contentUrl\":\"https:\\\/\\\/www.strassenweb.de\\\/nachrichten\\\/wp-content\\\/uploads\\\/2024\\\/10\\\/Andy-Cohens-West-Village-Wohnung-zeichnet-sich-durch-helle-Farben-grosse.jpg\",\"width\":1200,\"height\":675,\"caption\":\"Andy Cohens West Village-Wohnung zeichnet sich durch helle Farben, gro\u00dfe Fenster und viel Charakter aus \u2013 sie steht f\u00fcr 14 Millionen US-Dollar zum Verkauf\"},{\"@type\":\"BreadcrumbList\",\"@id\":\"https:\\\/\\\/www.strassenweb.de\\\/nachrichten\\\/andy-cohens-west-village-wohnung-zeichnet-sich-durch-helle-farben-grosse-fenster-und-viel-charakter-aus-sie-steht-fuer-14-millionen-us-dollar-zum-verkauf\\\/#breadcrumb\",\"itemListElement\":[{\"@type\":\"ListItem\",\"position\":1,\"name\":\"Home\",\"item\":\"https:\\\/\\\/www.strassenweb.de\\\/nachrichten\\\/\"},{\"@type\":\"ListItem\",\"position\":2,\"name\":\"Andy Cohens West Village-Wohnung zeichnet sich durch helle Farben, gro\u00dfe Fenster und viel Charakter aus \u2013 sie steht f\u00fcr 14 Millionen US-Dollar zum Verkauf\"}]},{\"@type\":\"WebSite\",\"@id\":\"https:\\\/\\\/www.strassenweb.de\\\/nachrichten\\\/#website\",\"url\":\"https:\\\/\\\/www.strassenweb.de\\\/nachrichten\\\/\",\"name\":\"Stra\u00dfenweb\",\"description\":\"Stra\u00dfenverzeichnis f\u00fcr Deutschland\",\"publisher\":{\"@id\":\"https:\\\/\\\/www.strassenweb.de\\\/nachrichten\\\/#organization\"},\"potentialAction\":[{\"@type\":\"SearchAction\",\"target\":{\"@type\":\"EntryPoint\",\"urlTemplate\":\"https:\\\/\\\/www.strassenweb.de\\\/nachrichten\\\/?s={search_term_string}\"},\"query-input\":{\"@type\":\"PropertyValueSpecification\",\"valueRequired\":true,\"valueName\":\"search_term_string\"}}],\"inLanguage\":\"de\"},{\"@type\":\"Organization\",\"@id\":\"https:\\\/\\\/www.strassenweb.de\\\/nachrichten\\\/#organization\",\"name\":\"Stra\u00dfenweb\",\"url\":\"https:\\\/\\\/www.strassenweb.de\\\/nachrichten\\\/\",\"logo\":{\"@type\":\"ImageObject\",\"inLanguage\":\"de\",\"@id\":\"https:\\\/\\\/www.strassenweb.de\\\/nachrichten\\\/#\\\/schema\\\/logo\\\/image\\\/\",\"url\":\"https:\\\/\\\/www.strassenweb.de\\\/nachrichten\\\/wp-content\\\/uploads\\\/2024\\\/09\\\/cropped-favicon.png\",\"contentUrl\":\"https:\\\/\\\/www.strassenweb.de\\\/nachrichten\\\/wp-content\\\/uploads\\\/2024\\\/09\\\/cropped-favicon.png\",\"width\":512,\"height\":512,\"caption\":\"Stra\u00dfenweb\"},\"image\":{\"@id\":\"https:\\\/\\\/www.strassenweb.de\\\/nachrichten\\\/#\\\/schema\\\/logo\\\/image\\\/\"},\"sameAs\":[\"https:\\\/\\\/www.facebook.com\\\/strassenweb\\\/\"]},{\"@type\":\"Person\",\"@id\":\"https:\\\/\\\/www.strassenweb.de\\\/nachrichten\\\/#\\\/schema\\\/person\\\/87c9c9067f1211da429a744dc5a5aa41\",\"name\":\"Robert Hoffmann\",\"image\":{\"@type\":\"ImageObject\",\"inLanguage\":\"de\",\"@id\":\"https:\\\/\\\/www.strassenweb.de\\\/nachrichten\\\/wp-content\\\/uploads\\\/2024\\\/09\\\/strassenweb-150x150.jpg\",\"url\":\"https:\\\/\\\/www.strassenweb.de\\\/nachrichten\\\/wp-content\\\/uploads\\\/2024\\\/09\\\/strassenweb-150x150.jpg\",\"contentUrl\":\"https:\\\/\\\/www.strassenweb.de\\\/nachrichten\\\/wp-content\\\/uploads\\\/2024\\\/09\\\/strassenweb-150x150.jpg\",\"caption\":\"Robert Hoffmann\"},\"description\":\"Ich hei\u00dfe Robert Hoffmann und ich bin ein leidenschaftlicher Verfechter von \u00d6kologie und Biodiversit\u00e4t. Seit meiner Kindheit in den W\u00e4ldern Bayerns f\u00fchle ich mich mit der Natur verbunden und bin entschlossen, sie zu sch\u00fctzen. Heute widme ich mein Leben der Sensibilisierung anderer f\u00fcr die Bedeutung des Umweltschutzes f\u00fcr zuk\u00fcnftige Generationen.\",\"sameAs\":[\"https:\\\/\\\/www.strassenweb.de\\\/\"]}]}<\/script>\n<!-- \/ Yoast SEO plugin. -->","yoast_head_json":{"title":"Andy Cohens West Village-Wohnung zeichnet sich durch helle Farben, gro\u00dfe Fenster und viel Charakter aus \u2013 sie steht f\u00fcr 14 Millionen US-Dollar zum Verkauf - Nachrichten - Stra\u00dfenweb","robots":{"index":"index","follow":"follow","max-snippet":"max-snippet:-1","max-image-preview":"max-image-preview:large","max-video-preview":"max-video-preview:-1"},"canonical":"https:\/\/www.strassenweb.de\/nachrichten\/andy-cohens-west-village-wohnung-zeichnet-sich-durch-helle-farben-grosse-fenster-und-viel-charakter-aus-sie-steht-fuer-14-millionen-us-dollar-zum-verkauf\/","og_locale":"de_DE","og_type":"article","og_title":"Andy Cohens West Village-Wohnung zeichnet sich durch helle Farben, gro\u00dfe Fenster und viel Charakter aus \u2013 sie steht f\u00fcr 14 Millionen US-Dollar zum Verkauf - Nachrichten - Stra\u00dfenweb","og_description":"Andy Cohen ist am h\u00e4ufigsten in der zu sehen Sehen Sie, was live passiert! Lounge, wo er Prominente interviewt und alles rund um Bravo-Reality-TV bespricht,","og_url":"https:\/\/www.strassenweb.de\/nachrichten\/andy-cohens-west-village-wohnung-zeichnet-sich-durch-helle-farben-grosse-fenster-und-viel-charakter-aus-sie-steht-fuer-14-millionen-us-dollar-zum-verkauf\/","og_site_name":"Stra\u00dfenweb","article_publisher":"https:\/\/www.facebook.com\/strassenweb\/","article_published_time":"2024-10-17T12:31:36+00:00","article_modified_time":"2024-10-17T12:31:38+00:00","og_image":[{"width":1200,"height":675,"url":"https:\/\/www.strassenweb.de\/nachrichten\/wp-content\/uploads\/2024\/10\/Andy-Cohens-West-Village-Wohnung-zeichnet-sich-durch-helle-Farben-grosse.jpg","type":"image\/jpeg"}],"author":"Robert Hoffmann","twitter_card":"summary_large_image","twitter_misc":{"Verfasst von":"Robert Hoffmann","Gesch\u00e4tzte Lesezeit":"3\u00a0Minuten"},"schema":{"@context":"https:\/\/schema.org","@graph":[{"@type":"Article","@id":"https:\/\/www.strassenweb.de\/nachrichten\/andy-cohens-west-village-wohnung-zeichnet-sich-durch-helle-farben-grosse-fenster-und-viel-charakter-aus-sie-steht-fuer-14-millionen-us-dollar-zum-verkauf\/#article","isPartOf":{"@id":"https:\/\/www.strassenweb.de\/nachrichten\/andy-cohens-west-village-wohnung-zeichnet-sich-durch-helle-farben-grosse-fenster-und-viel-charakter-aus-sie-steht-fuer-14-millionen-us-dollar-zum-verkauf\/"},"author":{"name":"Robert Hoffmann","@id":"https:\/\/www.strassenweb.de\/nachrichten\/#\/schema\/person\/87c9c9067f1211da429a744dc5a5aa41"},"headline":"Andy Cohens West Village-Wohnung zeichnet sich durch helle Farben, gro\u00dfe Fenster und viel Charakter aus \u2013 sie steht f\u00fcr 14 Millionen US-Dollar zum Verkauf","datePublished":"2024-10-17T12:31:36+00:00","dateModified":"2024-10-17T12:31:38+00:00","mainEntityOfPage":{"@id":"https:\/\/www.strassenweb.de\/nachrichten\/andy-cohens-west-village-wohnung-zeichnet-sich-durch-helle-farben-grosse-fenster-und-viel-charakter-aus-sie-steht-fuer-14-millionen-us-dollar-zum-verkauf\/"},"wordCount":541,"publisher":{"@id":"https:\/\/www.strassenweb.de\/nachrichten\/#organization"},"image":{"@id":"https:\/\/www.strassenweb.de\/nachrichten\/andy-cohens-west-village-wohnung-zeichnet-sich-durch-helle-farben-grosse-fenster-und-viel-charakter-aus-sie-steht-fuer-14-millionen-us-dollar-zum-verkauf\/#primaryimage"},"thumbnailUrl":"https:\/\/www.strassenweb.de\/nachrichten\/wp-content\/uploads\/2024\/10\/Andy-Cohens-West-Village-Wohnung-zeichnet-sich-durch-helle-Farben-grosse.jpg","keywords":["Andy","aus","Charakter","Cohens","durch","Farben","Fenster","f\u00fcr","gro\u00dfe","helle","Millionen","sich","Sie","steht","und","USDollar","Verkauf","viel","VillageWohnung","West","zeichnet","zum"],"articleSection":["Haus &amp; Garten"],"inLanguage":"de"},{"@type":"WebPage","@id":"https:\/\/www.strassenweb.de\/nachrichten\/andy-cohens-west-village-wohnung-zeichnet-sich-durch-helle-farben-grosse-fenster-und-viel-charakter-aus-sie-steht-fuer-14-millionen-us-dollar-zum-verkauf\/","url":"https:\/\/www.strassenweb.de\/nachrichten\/andy-cohens-west-village-wohnung-zeichnet-sich-durch-helle-farben-grosse-fenster-und-viel-charakter-aus-sie-steht-fuer-14-millionen-us-dollar-zum-verkauf\/","name":"Andy Cohens West Village-Wohnung zeichnet sich durch helle Farben, gro\u00dfe Fenster und viel Charakter aus \u2013 sie steht f\u00fcr 14 Millionen US-Dollar zum Verkauf - Nachrichten - Stra\u00dfenweb","isPartOf":{"@id":"https:\/\/www.strassenweb.de\/nachrichten\/#website"},"primaryImageOfPage":{"@id":"https:\/\/www.strassenweb.de\/nachrichten\/andy-cohens-west-village-wohnung-zeichnet-sich-durch-helle-farben-grosse-fenster-und-viel-charakter-aus-sie-steht-fuer-14-millionen-us-dollar-zum-verkauf\/#primaryimage"},"image":{"@id":"https:\/\/www.strassenweb.de\/nachrichten\/andy-cohens-west-village-wohnung-zeichnet-sich-durch-helle-farben-grosse-fenster-und-viel-charakter-aus-sie-steht-fuer-14-millionen-us-dollar-zum-verkauf\/#primaryimage"},"thumbnailUrl":"https:\/\/www.strassenweb.de\/nachrichten\/wp-content\/uploads\/2024\/10\/Andy-Cohens-West-Village-Wohnung-zeichnet-sich-durch-helle-Farben-grosse.jpg","datePublished":"2024-10-17T12:31:36+00:00","dateModified":"2024-10-17T12:31:38+00:00","breadcrumb":{"@id":"https:\/\/www.strassenweb.de\/nachrichten\/andy-cohens-west-village-wohnung-zeichnet-sich-durch-helle-farben-grosse-fenster-und-viel-charakter-aus-sie-steht-fuer-14-millionen-us-dollar-zum-verkauf\/#breadcrumb"},"inLanguage":"de","potentialAction":[{"@type":"ReadAction","target":["https:\/\/www.strassenweb.de\/nachrichten\/andy-cohens-west-village-wohnung-zeichnet-sich-durch-helle-farben-grosse-fenster-und-viel-charakter-aus-sie-steht-fuer-14-millionen-us-dollar-zum-verkauf\/"]}]},{"@type":"ImageObject","inLanguage":"de","@id":"https:\/\/www.strassenweb.de\/nachrichten\/andy-cohens-west-village-wohnung-zeichnet-sich-durch-helle-farben-grosse-fenster-und-viel-charakter-aus-sie-steht-fuer-14-millionen-us-dollar-zum-verkauf\/#primaryimage","url":"https:\/\/www.strassenweb.de\/nachrichten\/wp-content\/uploads\/2024\/10\/Andy-Cohens-West-Village-Wohnung-zeichnet-sich-durch-helle-Farben-grosse.jpg","contentUrl":"https:\/\/www.strassenweb.de\/nachrichten\/wp-content\/uploads\/2024\/10\/Andy-Cohens-West-Village-Wohnung-zeichnet-sich-durch-helle-Farben-grosse.jpg","width":1200,"height":675,"caption":"Andy Cohens West Village-Wohnung zeichnet sich durch helle Farben, gro\u00dfe Fenster und viel Charakter aus \u2013 sie steht f\u00fcr 14 Millionen US-Dollar zum Verkauf"},{"@type":"BreadcrumbList","@id":"https:\/\/www.strassenweb.de\/nachrichten\/andy-cohens-west-village-wohnung-zeichnet-sich-durch-helle-farben-grosse-fenster-und-viel-charakter-aus-sie-steht-fuer-14-millionen-us-dollar-zum-verkauf\/#breadcrumb","itemListElement":[{"@type":"ListItem","position":1,"name":"Home","item":"https:\/\/www.strassenweb.de\/nachrichten\/"},{"@type":"ListItem","position":2,"name":"Andy Cohens West Village-Wohnung zeichnet sich durch helle Farben, gro\u00dfe Fenster und viel Charakter aus \u2013 sie steht f\u00fcr 14 Millionen US-Dollar zum Verkauf"}]},{"@type":"WebSite","@id":"https:\/\/www.strassenweb.de\/nachrichten\/#website","url":"https:\/\/www.strassenweb.de\/nachrichten\/","name":"Stra\u00dfenweb","description":"Stra\u00dfenverzeichnis f\u00fcr Deutschland","publisher":{"@id":"https:\/\/www.strassenweb.de\/nachrichten\/#organization"},"potentialAction":[{"@type":"SearchAction","target":{"@type":"EntryPoint","urlTemplate":"https:\/\/www.strassenweb.de\/nachrichten\/?s={search_term_string}"},"query-input":{"@type":"PropertyValueSpecification","valueRequired":true,"valueName":"search_term_string"}}],"inLanguage":"de"},{"@type":"Organization","@id":"https:\/\/www.strassenweb.de\/nachrichten\/#organization","name":"Stra\u00dfenweb","url":"https:\/\/www.strassenweb.de\/nachrichten\/","logo":{"@type":"ImageObject","inLanguage":"de","@id":"https:\/\/www.strassenweb.de\/nachrichten\/#\/schema\/logo\/image\/","url":"https:\/\/www.strassenweb.de\/nachrichten\/wp-content\/uploads\/2024\/09\/cropped-favicon.png","contentUrl":"https:\/\/www.strassenweb.de\/nachrichten\/wp-content\/uploads\/2024\/09\/cropped-favicon.png","width":512,"height":512,"caption":"Stra\u00dfenweb"},"image":{"@id":"https:\/\/www.strassenweb.de\/nachrichten\/#\/schema\/logo\/image\/"},"sameAs":["https:\/\/www.facebook.com\/strassenweb\/"]},{"@type":"Person","@id":"https:\/\/www.strassenweb.de\/nachrichten\/#\/schema\/person\/87c9c9067f1211da429a744dc5a5aa41","name":"Robert Hoffmann","image":{"@type":"ImageObject","inLanguage":"de","@id":"https:\/\/www.strassenweb.de\/nachrichten\/wp-content\/uploads\/2024\/09\/strassenweb-150x150.jpg","url":"https:\/\/www.strassenweb.de\/nachrichten\/wp-content\/uploads\/2024\/09\/strassenweb-150x150.jpg","contentUrl":"https:\/\/www.strassenweb.de\/nachrichten\/wp-content\/uploads\/2024\/09\/strassenweb-150x150.jpg","caption":"Robert Hoffmann"},"description":"Ich hei\u00dfe Robert Hoffmann und ich bin ein leidenschaftlicher Verfechter von \u00d6kologie und Biodiversit\u00e4t. Seit meiner Kindheit in den W\u00e4ldern Bayerns f\u00fchle ich mich mit der Natur verbunden und bin entschlossen, sie zu sch\u00fctzen. Heute widme ich mein Leben der Sensibilisierung anderer f\u00fcr die Bedeutung des Umweltschutzes f\u00fcr zuk\u00fcnftige Generationen.","sameAs":["https:\/\/www.strassenweb.de\/"]}]}},"_links":{"self":[{"href":"https:\/\/www.strassenweb.de\/nachrichten\/wp-json\/wp\/v2\/posts\/957","targetHints":{"allow":["GET"]}}],"collection":[{"href":"https:\/\/www.strassenweb.de\/nachrichten\/wp-json\/wp\/v2\/posts"}],"about":[{"href":"https:\/\/www.strassenweb.de\/nachrichten\/wp-json\/wp\/v2\/types\/post"}],"author":[{"embeddable":true,"href":"https:\/\/www.strassenweb.de\/nachrichten\/wp-json\/wp\/v2\/users\/1"}],"replies":[{"embeddable":true,"href":"https:\/\/www.strassenweb.de\/nachrichten\/wp-json\/wp\/v2\/comments?post=957"}],"version-history":[{"count":0,"href":"https:\/\/www.strassenweb.de\/nachrichten\/wp-json\/wp\/v2\/posts\/957\/revisions"}],"wp:featuredmedia":[{"embeddable":true,"href":"https:\/\/www.strassenweb.de\/nachrichten\/wp-json\/wp\/v2\/media\/958"}],"wp:attachment":[{"href":"https:\/\/www.strassenweb.de\/nachrichten\/wp-json\/wp\/v2\/media?parent=957"}],"wp:term":[{"taxonomy":"category","embeddable":true,"href":"https:\/\/www.strassenweb.de\/nachrichten\/wp-json\/wp\/v2\/categories?post=957"},{"taxonomy":"post_tag","embeddable":true,"href":"https:\/\/www.strassenweb.de\/nachrichten\/wp-json\/wp\/v2\/tags?post=957"}],"curies":[{"name":"wp","href":"https:\/\/api.w.org\/{rel}","templated":true}]}}