{"id":9568,"date":"2025-12-01T04:40:57","date_gmt":"2025-12-01T03:40:57","guid":{"rendered":"https:\/\/www.strassenweb.de\/nachrichten\/victoria-beckhams-wohnzimmer-enthuellt-den-unerwarteten-uebergrossen-helden-des-sitzdesigns-und-es-ist-nicht-das-sofa\/"},"modified":"2025-12-01T04:40:58","modified_gmt":"2025-12-01T03:40:58","slug":"victoria-beckhams-wohnzimmer-enthuellt-den-unerwarteten-uebergrossen-helden-des-sitzdesigns-und-es-ist-nicht-das-sofa","status":"publish","type":"post","link":"https:\/\/www.strassenweb.de\/nachrichten\/victoria-beckhams-wohnzimmer-enthuellt-den-unerwarteten-uebergrossen-helden-des-sitzdesigns-und-es-ist-nicht-das-sofa\/","title":{"rendered":"Victoria Beckhams Wohnzimmer enth\u00fcllt den unerwarteten, \u00fcbergro\u00dfen Helden des Sitzdesigns \u2013 und es ist nicht das Sofa"},"content":{"rendered":"<p><\/p>\n<div id=\"article-body\" class=\"article__body \">\n<p id=\"1490c260-32e1-4092-b1be-8488accb3e36\">Die Kraft von Wohnzimmersitzm\u00f6beln ist unbestreitbar, da sie einen Raum von kalt in behaglich verwandeln k\u00f6nnen. W\u00e4hrend ein Sofa in jedem Wohnzimmer unverzichtbar ist, sind es die Faktoren, die diesem Raum ein wirklich gut gestaltetes (ganz zu schweigen von der einladenden) Atmosph\u00e4re verleihen <em>Schichten<\/em> von Sitzarten und -stilen.<\/p>\n<div id=\"ad-unit-1\" class=\"ad-unit\"><\/div>\n<p>W\u00e4hrend einige vielleicht glauben, dass Sofas die kraftvollsten Gef\u00e4\u00dfe in einer Lounge sind, sind Akzentst\u00fccke genauso wichtig. Bewusst positionierte Sitzgelegenheiten bringen ein Gesamtkonzept zusammen und sorgen daf\u00fcr, dass sich (ein eher dominantes) Sofa nahtlos in das Design einf\u00fcgt.<\/p>\n<aside data-block-type=\"embed\" data-render-type=\"fte\" data-skip=\"dealsy\" data-widget-type=\"seasonal\" class=\"hawk-root\"><\/aside>\n<p id=\"1490c260-32e1-4092-b1be-8488accb3e36-2\" class=\"paywall\" aria-hidden=\"true\">Ich habe schon lange an diese Theorie geglaubt, aber nachdem ich den Statement-Hocker von Victoria Beckham gesehen habe, war ich noch nie so \u00fcberzeugt. W\u00e4hrend die Farbe des Sofas von Victoria Beckham unbestreitbar ein Hingucker ist, rundet der gr\u00fcne Wildleder-Ottomane (\u00e4hnlich wie dieser von Crate &#038; Barrel) das Gesamtbild ab und schafft die so wichtige Wohnw\u00e4rme, nach der wir uns alle in diesem Raum sehnen.<\/p>\n<div class=\"van_vid_carousel\">\n<div class=\"van_vid_carousel__padding\">\n<div class=\"van_vid_carousel__container\"><\/div>\n<\/div>\n<\/div>\n<div class=\"instagram-embed\" id=\"DRQBqdsDgNO\">\n<blockquote class=\"instagram-media\" data-instgrm-captioned data-instgrm-version=\"6\" style=\"width:99.375%; width:-webkit-calc(100% - 2px); width:calc(100% - 2px);\">\n<p>Ein von Victoria Beckham (@victoriabeckham) geteilter Beitrag<\/p>\n<p>Ein Foto gepostet von am <\/p>\n<\/blockquote>\n<\/div>\n<h3 class=\"article-body__section\" id=\"section-shop-the-victoria-edit\"><span>Shoppen Sie im Victoria Edit<\/span><\/h3>\n<p id=\"9df7b3d5-a169-4e14-8f75-6a765735e9a0\">Die Wohnzimmersitzm\u00f6bel von Victoria sind m\u00fchelos stilvoll. Vom tiefgr\u00fcnen Samtsofa bis zum Ohrensessel bietet ihr Raum eine Reihe schicker Sitzstile. Das Herzst\u00fcck ihres Entwurfs ist ein ziemlich gro\u00dfer Ottoman, der das Dekor verbindet und f\u00fcr die so wichtige gem\u00fctliche Atmosph\u00e4re sorgt.<\/p>\n<div id=\"ad-unit-2\" class=\"ad-unit\"><\/div>\n<div class=\"product-container hero-product-container product-block-no-wrap\">\n<div class=\"product-block-row\"><\/div>\n<div class=\"product-block-row\"><\/div>\n<div class=\"product-block-row\"><\/div>\n<div class=\"product-block-row\"><\/div>\n<div class=\"product-block-row\"><\/div>\n<div class=\"product-block-row\"><\/div>\n<\/div>\n<p id=\"acb20103-99a7-41a0-aada-ce932a69542a\">Nachdem ich Victorias luxuri\u00f6se Wahl gesehen habe, bin ich davon \u00fcberzeugt, dass jedes Wohnzimmer einen Ottomanen braucht.<\/p>\n<p>Auch wenn ein Hocker dieser Gr\u00f6\u00dfe ein wenig auff\u00e4llig wirkt, ist seine Gr\u00f6\u00dfe tats\u00e4chlich ein ziemlich cleverer Schachzug; Es verleiht dem Raum ein gem\u00fctliches, komfortables Gef\u00fchl und verleiht dem Gesamtkonzept Zusammenhalt. Dar\u00fcber hinaus dient es auch als Aufbewahrungsgef\u00e4\u00df und verbirgt alle unansehnlichen Schmuckst\u00fccke oder wichtigen Dinge vor dem Blick.<\/p>\n<p>Obwohl es im Wohnzimmer mehrere Sitzarten gibt (das weiche Samtsofa und der Ohrensessel, um nur einige zu nennen), verwischt der Ottoman die Grenzen zwischen den gegens\u00e4tzlichen Stilen und verleiht dem Raumdesign den entscheidenden Sinn f\u00fcr Absicht.<\/p>\n<div id=\"slice-container-newsletterForm-articleInbodyContent-mBmGDzfQQWFxoxS4bJbaRd\" class=\"slice-container newsletter-inbodyContent-slice newsletterForm-articleInbodyContent-mBmGDzfQQWFxoxS4bJbaRd slice-container-newsletterForm\"><\/div>\n<p>Laura Hammett, Kreativdirektorin des gleichnamigen Designstudios, erkl\u00e4rt: \u201eEine Ottomane ist eines der vielseitigsten und unverzichtbarsten St\u00fccke in einem Wohnraum, da sie m\u00fchelos Funktion und Stil verbindet.\u201c Es dient als zentraler Anker und hilft, einen Sitzbereich zu definieren, w\u00e4hrend es dem Raum ein Gef\u00fchl von Zusammenhalt und Ausgewogenheit verleiht. \u00dcber die \u00c4sthetik hinaus macht ihn seine Multifunktionalit\u00e4t zu einer wertvollen Erg\u00e4nzung \u2013 sei es als bequemer Ort zum Hochlegen der F\u00fc\u00dfe, als Alternative zu einem traditionellen Couchtisch in Kombination mit Tabletts oder sogar als diskrete zus\u00e4tzliche Sitzgelegenheit bei der Bewirtung von G\u00e4sten.\u201c<\/p>\n<p>Das Styling um ein Sofa herum kann sich als schwierig erweisen, insbesondere wenn Ihr Platz eher klein ist. Auch wenn unterschiedliche Sitzarten m\u00f6glicherweise nicht m\u00f6glich sind, verleiht ein Ottomane Ihrem Raum unabh\u00e4ngig von seiner Gr\u00f6\u00dfe Zusammenhalt und Ordnung.<em> <\/em>Im Fall von Victoria verbindet der wildledergr\u00fcne Stil die Farbpalette und ist die perfekte Wahl zwischen dem dunklen Sofa und dem helleren Sessel.<\/p>\n<p id=\"3a53edfc-6ed2-435b-bf7a-e7bcf954fcbc\">W\u00e4hrend Victorias Wohnzimmersofa luxuri\u00f6s ist, ist es ihr Ottomane, der dem Raum ein echtes Erfolgserlebnis verleiht. Es verbindet die vielen Ebenen von Farbe und Form und sorgt f\u00fcr das \u00fcberaus wichtige, zur\u00fcckhaltende Gef\u00fchl, das wir alle anstreben.<\/p>\n<hr id=\"7a5cfa7c-5f90-4f33-8c4f-afa48db33fb7\">\n<div class=\"min-h-(270px) mb-4 viafoura-twig-component\" id=\"viafoura-engagement-starter-wrapper\" data-component-name=\"Elk:Embed:EngagementStarter\">\n<div class=\"viafoura\">\n<div>\n<vf-conversation-starter target=\"viafoura-comments\" title=\"What do you think of Victoria's ottoman?\" minimum-comment-count=\"5\"><br \/>\n<\/vf-conversation-starter>\n<\/div>\n<\/div>\n<\/div>\n<hr id=\"30bb1a1a-d09e-4727-8265-3b3cd1c16995\">\n<div class=\"block\" id=\"articleTag\" data-component-name=\"PostArticleLinks\" data-mrf-recirculation=\"post-article-links\">\n<div class=\"border-b border-b-black border-solid py-2.5 text-black font-bold uppercase\">THEMEN<\/div>\n<nav class=\"py-2.5 flex gap-2.5 flex-wrap\" data-analytics-id=\"article-tag\" data-mrf-recirculation=\"article-tag\">\n<p>Victoria Beckham<\/p>\n<\/nav>\n<\/div>\n<\/div>\n<p><script async src=\"\/\/www.instagram.com\/embed.js\"><\/script><\/p>\n","protected":false},"excerpt":{"rendered":"<p>Die Kraft von Wohnzimmersitzm\u00f6beln ist unbestreitbar, da sie einen Raum von kalt in behaglich verwandeln k\u00f6nnen. W\u00e4hrend ein Sofa in jedem Wohnzimmer unverzichtbar ist, sind<\/p>\n","protected":false},"author":1,"featured_media":9569,"comment_status":"closed","ping_status":"","sticky":false,"template":"","format":"standard","meta":{"footnotes":""},"categories":[118],"tags":[2824,112,78,281,1035,11860,15,61,11861,2806,11859,37,2495,515,1229],"class_list":["post-9568","post","type-post","status-publish","format-standard","has-post-thumbnail","hentry","category-haus-garten","tag-beckhams","tag-das","tag-den","tag-des","tag-enthuellt","tag-helden","tag-ist","tag-nicht","tag-sitzdesigns","tag-sofa","tag-uebergrossen","tag-und","tag-unerwarteten","tag-victoria","tag-wohnzimmer","generate-columns","tablet-grid-50","mobile-grid-100","grid-parent","grid-50"],"yoast_head":"<!-- This site is optimized with the Yoast SEO plugin v27.3 - https:\/\/yoast.com\/product\/yoast-seo-wordpress\/ -->\n<title>Victoria Beckhams Wohnzimmer enth\u00fcllt den unerwarteten, \u00fcbergro\u00dfen Helden des Sitzdesigns \u2013 und es ist nicht das Sofa - Nachrichten - Stra\u00dfenweb<\/title>\n<meta name=\"robots\" content=\"index, follow, max-snippet:-1, max-image-preview:large, max-video-preview:-1\" \/>\n<link rel=\"canonical\" href=\"https:\/\/www.strassenweb.de\/nachrichten\/victoria-beckhams-wohnzimmer-enthuellt-den-unerwarteten-uebergrossen-helden-des-sitzdesigns-und-es-ist-nicht-das-sofa\/\" \/>\n<meta property=\"og:locale\" content=\"de_DE\" \/>\n<meta property=\"og:type\" content=\"article\" \/>\n<meta property=\"og:title\" content=\"Victoria Beckhams Wohnzimmer enth\u00fcllt den unerwarteten, \u00fcbergro\u00dfen Helden des Sitzdesigns \u2013 und es ist nicht das Sofa - Nachrichten - Stra\u00dfenweb\" \/>\n<meta property=\"og:description\" content=\"Die Kraft von Wohnzimmersitzm\u00f6beln ist unbestreitbar, da sie einen Raum von kalt in behaglich verwandeln k\u00f6nnen. W\u00e4hrend ein Sofa in jedem Wohnzimmer unverzichtbar ist, sind\" \/>\n<meta property=\"og:url\" content=\"https:\/\/www.strassenweb.de\/nachrichten\/victoria-beckhams-wohnzimmer-enthuellt-den-unerwarteten-uebergrossen-helden-des-sitzdesigns-und-es-ist-nicht-das-sofa\/\" \/>\n<meta property=\"og:site_name\" content=\"Stra\u00dfenweb\" \/>\n<meta property=\"article:publisher\" content=\"https:\/\/www.facebook.com\/strassenweb\/\" \/>\n<meta property=\"article:published_time\" content=\"2025-12-01T03:40:57+00:00\" \/>\n<meta property=\"article:modified_time\" content=\"2025-12-01T03:40:58+00:00\" \/>\n<meta property=\"og:image\" content=\"https:\/\/www.strassenweb.de\/nachrichten\/wp-content\/uploads\/2025\/12\/Victoria-Beckhams-Wohnzimmer-enthuellt-den-unerwarteten-uebergrossen-Helden-des-Sitzdesigns.jpg\" \/>\n\t<meta property=\"og:image:width\" content=\"1600\" \/>\n\t<meta property=\"og:image:height\" content=\"900\" \/>\n\t<meta property=\"og:image:type\" content=\"image\/jpeg\" \/>\n<meta name=\"author\" content=\"Robert Hoffmann\" \/>\n<meta name=\"twitter:card\" content=\"summary_large_image\" \/>\n<meta name=\"twitter:label1\" content=\"Verfasst von\" \/>\n\t<meta name=\"twitter:data1\" content=\"Robert Hoffmann\" \/>\n\t<meta name=\"twitter:label2\" content=\"Gesch\u00e4tzte Lesezeit\" \/>\n\t<meta name=\"twitter:data2\" content=\"3\u00a0Minuten\" \/>\n<script type=\"application\/ld+json\" class=\"yoast-schema-graph\">{\"@context\":\"https:\\\/\\\/schema.org\",\"@graph\":[{\"@type\":\"Article\",\"@id\":\"https:\\\/\\\/www.strassenweb.de\\\/nachrichten\\\/victoria-beckhams-wohnzimmer-enthuellt-den-unerwarteten-uebergrossen-helden-des-sitzdesigns-und-es-ist-nicht-das-sofa\\\/#article\",\"isPartOf\":{\"@id\":\"https:\\\/\\\/www.strassenweb.de\\\/nachrichten\\\/victoria-beckhams-wohnzimmer-enthuellt-den-unerwarteten-uebergrossen-helden-des-sitzdesigns-und-es-ist-nicht-das-sofa\\\/\"},\"author\":{\"name\":\"Robert Hoffmann\",\"@id\":\"https:\\\/\\\/www.strassenweb.de\\\/nachrichten\\\/#\\\/schema\\\/person\\\/87c9c9067f1211da429a744dc5a5aa41\"},\"headline\":\"Victoria Beckhams Wohnzimmer enth\u00fcllt den unerwarteten, \u00fcbergro\u00dfen Helden des Sitzdesigns \u2013 und es ist nicht das Sofa\",\"datePublished\":\"2025-12-01T03:40:57+00:00\",\"dateModified\":\"2025-12-01T03:40:58+00:00\",\"mainEntityOfPage\":{\"@id\":\"https:\\\/\\\/www.strassenweb.de\\\/nachrichten\\\/victoria-beckhams-wohnzimmer-enthuellt-den-unerwarteten-uebergrossen-helden-des-sitzdesigns-und-es-ist-nicht-das-sofa\\\/\"},\"wordCount\":570,\"publisher\":{\"@id\":\"https:\\\/\\\/www.strassenweb.de\\\/nachrichten\\\/#organization\"},\"image\":{\"@id\":\"https:\\\/\\\/www.strassenweb.de\\\/nachrichten\\\/victoria-beckhams-wohnzimmer-enthuellt-den-unerwarteten-uebergrossen-helden-des-sitzdesigns-und-es-ist-nicht-das-sofa\\\/#primaryimage\"},\"thumbnailUrl\":\"https:\\\/\\\/www.strassenweb.de\\\/nachrichten\\\/wp-content\\\/uploads\\\/2025\\\/12\\\/Victoria-Beckhams-Wohnzimmer-enthuellt-den-unerwarteten-uebergrossen-Helden-des-Sitzdesigns.jpg\",\"keywords\":[\"Beckhams\",\"das\",\"den\",\"des\",\"enth\u00fcllt\",\"Helden\",\"ist\",\"nicht\",\"Sitzdesigns\",\"Sofa\",\"\u00fcbergro\u00dfen\",\"und\",\"unerwarteten\",\"Victoria\",\"Wohnzimmer\"],\"articleSection\":[\"Haus &amp; Garten\"],\"inLanguage\":\"de\"},{\"@type\":\"WebPage\",\"@id\":\"https:\\\/\\\/www.strassenweb.de\\\/nachrichten\\\/victoria-beckhams-wohnzimmer-enthuellt-den-unerwarteten-uebergrossen-helden-des-sitzdesigns-und-es-ist-nicht-das-sofa\\\/\",\"url\":\"https:\\\/\\\/www.strassenweb.de\\\/nachrichten\\\/victoria-beckhams-wohnzimmer-enthuellt-den-unerwarteten-uebergrossen-helden-des-sitzdesigns-und-es-ist-nicht-das-sofa\\\/\",\"name\":\"Victoria Beckhams Wohnzimmer enth\u00fcllt den unerwarteten, \u00fcbergro\u00dfen Helden des Sitzdesigns \u2013 und es ist nicht das Sofa - Nachrichten - Stra\u00dfenweb\",\"isPartOf\":{\"@id\":\"https:\\\/\\\/www.strassenweb.de\\\/nachrichten\\\/#website\"},\"primaryImageOfPage\":{\"@id\":\"https:\\\/\\\/www.strassenweb.de\\\/nachrichten\\\/victoria-beckhams-wohnzimmer-enthuellt-den-unerwarteten-uebergrossen-helden-des-sitzdesigns-und-es-ist-nicht-das-sofa\\\/#primaryimage\"},\"image\":{\"@id\":\"https:\\\/\\\/www.strassenweb.de\\\/nachrichten\\\/victoria-beckhams-wohnzimmer-enthuellt-den-unerwarteten-uebergrossen-helden-des-sitzdesigns-und-es-ist-nicht-das-sofa\\\/#primaryimage\"},\"thumbnailUrl\":\"https:\\\/\\\/www.strassenweb.de\\\/nachrichten\\\/wp-content\\\/uploads\\\/2025\\\/12\\\/Victoria-Beckhams-Wohnzimmer-enthuellt-den-unerwarteten-uebergrossen-Helden-des-Sitzdesigns.jpg\",\"datePublished\":\"2025-12-01T03:40:57+00:00\",\"dateModified\":\"2025-12-01T03:40:58+00:00\",\"breadcrumb\":{\"@id\":\"https:\\\/\\\/www.strassenweb.de\\\/nachrichten\\\/victoria-beckhams-wohnzimmer-enthuellt-den-unerwarteten-uebergrossen-helden-des-sitzdesigns-und-es-ist-nicht-das-sofa\\\/#breadcrumb\"},\"inLanguage\":\"de\",\"potentialAction\":[{\"@type\":\"ReadAction\",\"target\":[\"https:\\\/\\\/www.strassenweb.de\\\/nachrichten\\\/victoria-beckhams-wohnzimmer-enthuellt-den-unerwarteten-uebergrossen-helden-des-sitzdesigns-und-es-ist-nicht-das-sofa\\\/\"]}]},{\"@type\":\"ImageObject\",\"inLanguage\":\"de\",\"@id\":\"https:\\\/\\\/www.strassenweb.de\\\/nachrichten\\\/victoria-beckhams-wohnzimmer-enthuellt-den-unerwarteten-uebergrossen-helden-des-sitzdesigns-und-es-ist-nicht-das-sofa\\\/#primaryimage\",\"url\":\"https:\\\/\\\/www.strassenweb.de\\\/nachrichten\\\/wp-content\\\/uploads\\\/2025\\\/12\\\/Victoria-Beckhams-Wohnzimmer-enthuellt-den-unerwarteten-uebergrossen-Helden-des-Sitzdesigns.jpg\",\"contentUrl\":\"https:\\\/\\\/www.strassenweb.de\\\/nachrichten\\\/wp-content\\\/uploads\\\/2025\\\/12\\\/Victoria-Beckhams-Wohnzimmer-enthuellt-den-unerwarteten-uebergrossen-Helden-des-Sitzdesigns.jpg\",\"width\":1600,\"height\":900,\"caption\":\"Victoria Beckham\"},{\"@type\":\"BreadcrumbList\",\"@id\":\"https:\\\/\\\/www.strassenweb.de\\\/nachrichten\\\/victoria-beckhams-wohnzimmer-enthuellt-den-unerwarteten-uebergrossen-helden-des-sitzdesigns-und-es-ist-nicht-das-sofa\\\/#breadcrumb\",\"itemListElement\":[{\"@type\":\"ListItem\",\"position\":1,\"name\":\"Home\",\"item\":\"https:\\\/\\\/www.strassenweb.de\\\/nachrichten\\\/\"},{\"@type\":\"ListItem\",\"position\":2,\"name\":\"Victoria Beckhams Wohnzimmer enth\u00fcllt den unerwarteten, \u00fcbergro\u00dfen Helden des Sitzdesigns \u2013 und es ist nicht das Sofa\"}]},{\"@type\":\"WebSite\",\"@id\":\"https:\\\/\\\/www.strassenweb.de\\\/nachrichten\\\/#website\",\"url\":\"https:\\\/\\\/www.strassenweb.de\\\/nachrichten\\\/\",\"name\":\"Stra\u00dfenweb\",\"description\":\"Stra\u00dfenverzeichnis f\u00fcr Deutschland\",\"publisher\":{\"@id\":\"https:\\\/\\\/www.strassenweb.de\\\/nachrichten\\\/#organization\"},\"potentialAction\":[{\"@type\":\"SearchAction\",\"target\":{\"@type\":\"EntryPoint\",\"urlTemplate\":\"https:\\\/\\\/www.strassenweb.de\\\/nachrichten\\\/?s={search_term_string}\"},\"query-input\":{\"@type\":\"PropertyValueSpecification\",\"valueRequired\":true,\"valueName\":\"search_term_string\"}}],\"inLanguage\":\"de\"},{\"@type\":\"Organization\",\"@id\":\"https:\\\/\\\/www.strassenweb.de\\\/nachrichten\\\/#organization\",\"name\":\"Stra\u00dfenweb\",\"url\":\"https:\\\/\\\/www.strassenweb.de\\\/nachrichten\\\/\",\"logo\":{\"@type\":\"ImageObject\",\"inLanguage\":\"de\",\"@id\":\"https:\\\/\\\/www.strassenweb.de\\\/nachrichten\\\/#\\\/schema\\\/logo\\\/image\\\/\",\"url\":\"https:\\\/\\\/www.strassenweb.de\\\/nachrichten\\\/wp-content\\\/uploads\\\/2024\\\/09\\\/cropped-favicon.png\",\"contentUrl\":\"https:\\\/\\\/www.strassenweb.de\\\/nachrichten\\\/wp-content\\\/uploads\\\/2024\\\/09\\\/cropped-favicon.png\",\"width\":512,\"height\":512,\"caption\":\"Stra\u00dfenweb\"},\"image\":{\"@id\":\"https:\\\/\\\/www.strassenweb.de\\\/nachrichten\\\/#\\\/schema\\\/logo\\\/image\\\/\"},\"sameAs\":[\"https:\\\/\\\/www.facebook.com\\\/strassenweb\\\/\"]},{\"@type\":\"Person\",\"@id\":\"https:\\\/\\\/www.strassenweb.de\\\/nachrichten\\\/#\\\/schema\\\/person\\\/87c9c9067f1211da429a744dc5a5aa41\",\"name\":\"Robert Hoffmann\",\"image\":{\"@type\":\"ImageObject\",\"inLanguage\":\"de\",\"@id\":\"https:\\\/\\\/www.strassenweb.de\\\/nachrichten\\\/wp-content\\\/uploads\\\/2024\\\/09\\\/strassenweb-150x150.jpg\",\"url\":\"https:\\\/\\\/www.strassenweb.de\\\/nachrichten\\\/wp-content\\\/uploads\\\/2024\\\/09\\\/strassenweb-150x150.jpg\",\"contentUrl\":\"https:\\\/\\\/www.strassenweb.de\\\/nachrichten\\\/wp-content\\\/uploads\\\/2024\\\/09\\\/strassenweb-150x150.jpg\",\"caption\":\"Robert Hoffmann\"},\"description\":\"Ich hei\u00dfe Robert Hoffmann und ich bin ein leidenschaftlicher Verfechter von \u00d6kologie und Biodiversit\u00e4t. Seit meiner Kindheit in den W\u00e4ldern Bayerns f\u00fchle ich mich mit der Natur verbunden und bin entschlossen, sie zu sch\u00fctzen. Heute widme ich mein Leben der Sensibilisierung anderer f\u00fcr die Bedeutung des Umweltschutzes f\u00fcr zuk\u00fcnftige Generationen.\",\"sameAs\":[\"https:\\\/\\\/www.strassenweb.de\\\/\"]}]}<\/script>\n<!-- \/ Yoast SEO plugin. -->","yoast_head_json":{"title":"Victoria Beckhams Wohnzimmer enth\u00fcllt den unerwarteten, \u00fcbergro\u00dfen Helden des Sitzdesigns \u2013 und es ist nicht das Sofa - Nachrichten - Stra\u00dfenweb","robots":{"index":"index","follow":"follow","max-snippet":"max-snippet:-1","max-image-preview":"max-image-preview:large","max-video-preview":"max-video-preview:-1"},"canonical":"https:\/\/www.strassenweb.de\/nachrichten\/victoria-beckhams-wohnzimmer-enthuellt-den-unerwarteten-uebergrossen-helden-des-sitzdesigns-und-es-ist-nicht-das-sofa\/","og_locale":"de_DE","og_type":"article","og_title":"Victoria Beckhams Wohnzimmer enth\u00fcllt den unerwarteten, \u00fcbergro\u00dfen Helden des Sitzdesigns \u2013 und es ist nicht das Sofa - Nachrichten - Stra\u00dfenweb","og_description":"Die Kraft von Wohnzimmersitzm\u00f6beln ist unbestreitbar, da sie einen Raum von kalt in behaglich verwandeln k\u00f6nnen. W\u00e4hrend ein Sofa in jedem Wohnzimmer unverzichtbar ist, sind","og_url":"https:\/\/www.strassenweb.de\/nachrichten\/victoria-beckhams-wohnzimmer-enthuellt-den-unerwarteten-uebergrossen-helden-des-sitzdesigns-und-es-ist-nicht-das-sofa\/","og_site_name":"Stra\u00dfenweb","article_publisher":"https:\/\/www.facebook.com\/strassenweb\/","article_published_time":"2025-12-01T03:40:57+00:00","article_modified_time":"2025-12-01T03:40:58+00:00","og_image":[{"width":1600,"height":900,"url":"https:\/\/www.strassenweb.de\/nachrichten\/wp-content\/uploads\/2025\/12\/Victoria-Beckhams-Wohnzimmer-enthuellt-den-unerwarteten-uebergrossen-Helden-des-Sitzdesigns.jpg","type":"image\/jpeg"}],"author":"Robert Hoffmann","twitter_card":"summary_large_image","twitter_misc":{"Verfasst von":"Robert Hoffmann","Gesch\u00e4tzte Lesezeit":"3\u00a0Minuten"},"schema":{"@context":"https:\/\/schema.org","@graph":[{"@type":"Article","@id":"https:\/\/www.strassenweb.de\/nachrichten\/victoria-beckhams-wohnzimmer-enthuellt-den-unerwarteten-uebergrossen-helden-des-sitzdesigns-und-es-ist-nicht-das-sofa\/#article","isPartOf":{"@id":"https:\/\/www.strassenweb.de\/nachrichten\/victoria-beckhams-wohnzimmer-enthuellt-den-unerwarteten-uebergrossen-helden-des-sitzdesigns-und-es-ist-nicht-das-sofa\/"},"author":{"name":"Robert Hoffmann","@id":"https:\/\/www.strassenweb.de\/nachrichten\/#\/schema\/person\/87c9c9067f1211da429a744dc5a5aa41"},"headline":"Victoria Beckhams Wohnzimmer enth\u00fcllt den unerwarteten, \u00fcbergro\u00dfen Helden des Sitzdesigns \u2013 und es ist nicht das Sofa","datePublished":"2025-12-01T03:40:57+00:00","dateModified":"2025-12-01T03:40:58+00:00","mainEntityOfPage":{"@id":"https:\/\/www.strassenweb.de\/nachrichten\/victoria-beckhams-wohnzimmer-enthuellt-den-unerwarteten-uebergrossen-helden-des-sitzdesigns-und-es-ist-nicht-das-sofa\/"},"wordCount":570,"publisher":{"@id":"https:\/\/www.strassenweb.de\/nachrichten\/#organization"},"image":{"@id":"https:\/\/www.strassenweb.de\/nachrichten\/victoria-beckhams-wohnzimmer-enthuellt-den-unerwarteten-uebergrossen-helden-des-sitzdesigns-und-es-ist-nicht-das-sofa\/#primaryimage"},"thumbnailUrl":"https:\/\/www.strassenweb.de\/nachrichten\/wp-content\/uploads\/2025\/12\/Victoria-Beckhams-Wohnzimmer-enthuellt-den-unerwarteten-uebergrossen-Helden-des-Sitzdesigns.jpg","keywords":["Beckhams","das","den","des","enth\u00fcllt","Helden","ist","nicht","Sitzdesigns","Sofa","\u00fcbergro\u00dfen","und","unerwarteten","Victoria","Wohnzimmer"],"articleSection":["Haus &amp; Garten"],"inLanguage":"de"},{"@type":"WebPage","@id":"https:\/\/www.strassenweb.de\/nachrichten\/victoria-beckhams-wohnzimmer-enthuellt-den-unerwarteten-uebergrossen-helden-des-sitzdesigns-und-es-ist-nicht-das-sofa\/","url":"https:\/\/www.strassenweb.de\/nachrichten\/victoria-beckhams-wohnzimmer-enthuellt-den-unerwarteten-uebergrossen-helden-des-sitzdesigns-und-es-ist-nicht-das-sofa\/","name":"Victoria Beckhams Wohnzimmer enth\u00fcllt den unerwarteten, \u00fcbergro\u00dfen Helden des Sitzdesigns \u2013 und es ist nicht das Sofa - Nachrichten - Stra\u00dfenweb","isPartOf":{"@id":"https:\/\/www.strassenweb.de\/nachrichten\/#website"},"primaryImageOfPage":{"@id":"https:\/\/www.strassenweb.de\/nachrichten\/victoria-beckhams-wohnzimmer-enthuellt-den-unerwarteten-uebergrossen-helden-des-sitzdesigns-und-es-ist-nicht-das-sofa\/#primaryimage"},"image":{"@id":"https:\/\/www.strassenweb.de\/nachrichten\/victoria-beckhams-wohnzimmer-enthuellt-den-unerwarteten-uebergrossen-helden-des-sitzdesigns-und-es-ist-nicht-das-sofa\/#primaryimage"},"thumbnailUrl":"https:\/\/www.strassenweb.de\/nachrichten\/wp-content\/uploads\/2025\/12\/Victoria-Beckhams-Wohnzimmer-enthuellt-den-unerwarteten-uebergrossen-Helden-des-Sitzdesigns.jpg","datePublished":"2025-12-01T03:40:57+00:00","dateModified":"2025-12-01T03:40:58+00:00","breadcrumb":{"@id":"https:\/\/www.strassenweb.de\/nachrichten\/victoria-beckhams-wohnzimmer-enthuellt-den-unerwarteten-uebergrossen-helden-des-sitzdesigns-und-es-ist-nicht-das-sofa\/#breadcrumb"},"inLanguage":"de","potentialAction":[{"@type":"ReadAction","target":["https:\/\/www.strassenweb.de\/nachrichten\/victoria-beckhams-wohnzimmer-enthuellt-den-unerwarteten-uebergrossen-helden-des-sitzdesigns-und-es-ist-nicht-das-sofa\/"]}]},{"@type":"ImageObject","inLanguage":"de","@id":"https:\/\/www.strassenweb.de\/nachrichten\/victoria-beckhams-wohnzimmer-enthuellt-den-unerwarteten-uebergrossen-helden-des-sitzdesigns-und-es-ist-nicht-das-sofa\/#primaryimage","url":"https:\/\/www.strassenweb.de\/nachrichten\/wp-content\/uploads\/2025\/12\/Victoria-Beckhams-Wohnzimmer-enthuellt-den-unerwarteten-uebergrossen-Helden-des-Sitzdesigns.jpg","contentUrl":"https:\/\/www.strassenweb.de\/nachrichten\/wp-content\/uploads\/2025\/12\/Victoria-Beckhams-Wohnzimmer-enthuellt-den-unerwarteten-uebergrossen-Helden-des-Sitzdesigns.jpg","width":1600,"height":900,"caption":"Victoria Beckham"},{"@type":"BreadcrumbList","@id":"https:\/\/www.strassenweb.de\/nachrichten\/victoria-beckhams-wohnzimmer-enthuellt-den-unerwarteten-uebergrossen-helden-des-sitzdesigns-und-es-ist-nicht-das-sofa\/#breadcrumb","itemListElement":[{"@type":"ListItem","position":1,"name":"Home","item":"https:\/\/www.strassenweb.de\/nachrichten\/"},{"@type":"ListItem","position":2,"name":"Victoria Beckhams Wohnzimmer enth\u00fcllt den unerwarteten, \u00fcbergro\u00dfen Helden des Sitzdesigns \u2013 und es ist nicht das Sofa"}]},{"@type":"WebSite","@id":"https:\/\/www.strassenweb.de\/nachrichten\/#website","url":"https:\/\/www.strassenweb.de\/nachrichten\/","name":"Stra\u00dfenweb","description":"Stra\u00dfenverzeichnis f\u00fcr Deutschland","publisher":{"@id":"https:\/\/www.strassenweb.de\/nachrichten\/#organization"},"potentialAction":[{"@type":"SearchAction","target":{"@type":"EntryPoint","urlTemplate":"https:\/\/www.strassenweb.de\/nachrichten\/?s={search_term_string}"},"query-input":{"@type":"PropertyValueSpecification","valueRequired":true,"valueName":"search_term_string"}}],"inLanguage":"de"},{"@type":"Organization","@id":"https:\/\/www.strassenweb.de\/nachrichten\/#organization","name":"Stra\u00dfenweb","url":"https:\/\/www.strassenweb.de\/nachrichten\/","logo":{"@type":"ImageObject","inLanguage":"de","@id":"https:\/\/www.strassenweb.de\/nachrichten\/#\/schema\/logo\/image\/","url":"https:\/\/www.strassenweb.de\/nachrichten\/wp-content\/uploads\/2024\/09\/cropped-favicon.png","contentUrl":"https:\/\/www.strassenweb.de\/nachrichten\/wp-content\/uploads\/2024\/09\/cropped-favicon.png","width":512,"height":512,"caption":"Stra\u00dfenweb"},"image":{"@id":"https:\/\/www.strassenweb.de\/nachrichten\/#\/schema\/logo\/image\/"},"sameAs":["https:\/\/www.facebook.com\/strassenweb\/"]},{"@type":"Person","@id":"https:\/\/www.strassenweb.de\/nachrichten\/#\/schema\/person\/87c9c9067f1211da429a744dc5a5aa41","name":"Robert Hoffmann","image":{"@type":"ImageObject","inLanguage":"de","@id":"https:\/\/www.strassenweb.de\/nachrichten\/wp-content\/uploads\/2024\/09\/strassenweb-150x150.jpg","url":"https:\/\/www.strassenweb.de\/nachrichten\/wp-content\/uploads\/2024\/09\/strassenweb-150x150.jpg","contentUrl":"https:\/\/www.strassenweb.de\/nachrichten\/wp-content\/uploads\/2024\/09\/strassenweb-150x150.jpg","caption":"Robert Hoffmann"},"description":"Ich hei\u00dfe Robert Hoffmann und ich bin ein leidenschaftlicher Verfechter von \u00d6kologie und Biodiversit\u00e4t. Seit meiner Kindheit in den W\u00e4ldern Bayerns f\u00fchle ich mich mit der Natur verbunden und bin entschlossen, sie zu sch\u00fctzen. Heute widme ich mein Leben der Sensibilisierung anderer f\u00fcr die Bedeutung des Umweltschutzes f\u00fcr zuk\u00fcnftige Generationen.","sameAs":["https:\/\/www.strassenweb.de\/"]}]}},"_links":{"self":[{"href":"https:\/\/www.strassenweb.de\/nachrichten\/wp-json\/wp\/v2\/posts\/9568","targetHints":{"allow":["GET"]}}],"collection":[{"href":"https:\/\/www.strassenweb.de\/nachrichten\/wp-json\/wp\/v2\/posts"}],"about":[{"href":"https:\/\/www.strassenweb.de\/nachrichten\/wp-json\/wp\/v2\/types\/post"}],"author":[{"embeddable":true,"href":"https:\/\/www.strassenweb.de\/nachrichten\/wp-json\/wp\/v2\/users\/1"}],"replies":[{"embeddable":true,"href":"https:\/\/www.strassenweb.de\/nachrichten\/wp-json\/wp\/v2\/comments?post=9568"}],"version-history":[{"count":0,"href":"https:\/\/www.strassenweb.de\/nachrichten\/wp-json\/wp\/v2\/posts\/9568\/revisions"}],"wp:featuredmedia":[{"embeddable":true,"href":"https:\/\/www.strassenweb.de\/nachrichten\/wp-json\/wp\/v2\/media\/9569"}],"wp:attachment":[{"href":"https:\/\/www.strassenweb.de\/nachrichten\/wp-json\/wp\/v2\/media?parent=9568"}],"wp:term":[{"taxonomy":"category","embeddable":true,"href":"https:\/\/www.strassenweb.de\/nachrichten\/wp-json\/wp\/v2\/categories?post=9568"},{"taxonomy":"post_tag","embeddable":true,"href":"https:\/\/www.strassenweb.de\/nachrichten\/wp-json\/wp\/v2\/tags?post=9568"}],"curies":[{"name":"wp","href":"https:\/\/api.w.org\/{rel}","templated":true}]}}