{"id":9523,"date":"2025-11-29T04:40:29","date_gmt":"2025-11-29T03:40:29","guid":{"rendered":"https:\/\/www.strassenweb.de\/nachrichten\/diese-ikea-weihnachtsbaum-alternative-fuer-1999-ist-perfekt-fuer-kleine-raeume-verpassen-sie-sie-nicht-ich-gehe-davon-aus-dass-sie-dieses-wochenende-ausverkauft-sein-wird\/"},"modified":"2025-11-29T04:40:30","modified_gmt":"2025-11-29T03:40:30","slug":"diese-ikea-weihnachtsbaum-alternative-fuer-1999-ist-perfekt-fuer-kleine-raeume-verpassen-sie-sie-nicht-ich-gehe-davon-aus-dass-sie-dieses-wochenende-ausverkauft-sein-wird","status":"publish","type":"post","link":"https:\/\/www.strassenweb.de\/nachrichten\/diese-ikea-weihnachtsbaum-alternative-fuer-1999-ist-perfekt-fuer-kleine-raeume-verpassen-sie-sie-nicht-ich-gehe-davon-aus-dass-sie-dieses-wochenende-ausverkauft-sein-wird\/","title":{"rendered":"Diese IKEA-Weihnachtsbaum-Alternative f\u00fcr 19,99 $ ist perfekt f\u00fcr kleine R\u00e4ume \u2013 verpassen Sie sie nicht, ich gehe davon aus, dass sie dieses Wochenende ausverkauft sein wird"},"content":{"rendered":"<p><\/p>\n<div id=\"article-body\" class=\"article__body \">\n<p id=\"5534e276-d959-497d-9bd5-61a5bce05ccd\">Die neueste wandmontierte Weihnachtsdekoration von IKEA ist die clevere, stilvolle Antwort f\u00fcr Weihnachtsstimmung auf kleinem Raum. Es ist die perfekte, platzsparende Alternative zu einem traditionellen Baum \u2013 ideal f\u00fcr kompaktes Wohnen oder um einem Kinderzimmer eine festliche Note zu verleihen.<\/p>\n<div id=\"ad-unit-1\" class=\"ad-unit\"><\/div>\n<p>Die VINTERFINT-Wanddekoration von IKEA ist aus Kiefernholz gefertigt und steht f\u00fcr kompaktes Wohnen. Sie verwandelt jede Wand in ein saisonales Herzst\u00fcck und erm\u00f6glicht es Ihnen, den Zauber der Weihnachtsdekoration zu genie\u00dfen, ohne wertvolle Stellfl\u00e4che zu opfern. Sein ziehharmonikaartiges Design kann auf die Breite und Form erweitert werden, die am besten zu Ihrem Zimmer passt, und bietet so einen flexiblen und raffinierten Ansatz f\u00fcr die Weihnachtsdekoration.<\/p>\n<figure class=\"van-image-figure inline-layout \" data-bordeaux-image-check id=\"afb7634a-e3b6-4ca1-8921-8d9f01413140\">\n<div class=\"image-full-width-wrapper\">\n<div class=\"image-widthsetter\" style=\"max-width:2000px;\"><\/div>\n<\/div>\n<\/figure>\n<p id=\"a0d1f8e0-5d5e-4354-b774-55e1c732b2a8\">Inspiriert von einem einfachen Knopfregal verf\u00fcgt das VINTERFINT \u00fcber 37 Haken, die sich perfekt zum Aufh\u00e4ngen von Kugeln, Lichterketten, Gr\u00fcnzweigen oder sogar kleinen Geschenken eignen. Seine Vielseitigkeit macht ihn ideal f\u00fcr verspielte Dekorationen und seine geringe Stellfl\u00e4che sorgt daf\u00fcr, dass selbst das kleinste Zuhause \u2013 oder ein Kinderzimmer \u2013 Urlaubsstimmung versp\u00fcren kann. Sobald Weihnachten vor\u00fcber ist, l\u00e4sst sich der Wandbaum ordentlich zusammenklappen, was die Aufbewahrung m\u00fchelos und bequem macht \u2013 ein durchdachtes Detail f\u00fcr alle, die wenig Platz haben.<\/p>\n<div class=\"van_vid_carousel\">\n<div class=\"van_vid_carousel__padding\">\n<div class=\"van_vid_carousel__container\"><\/div>\n<\/div>\n<\/div>\n<aside data-block-type=\"embed\" data-render-type=\"fte\" data-skip=\"dealsy\" data-widget-type=\"seasonal\" class=\"hawk-root\"><\/aside>\n<div id=\"ad-unit-2\" class=\"ad-unit\"><\/div>\n<p>Designer Mikael Axelsson erkl\u00e4rt die Inspiration hinter dem St\u00fcck: \u201eEs kann schwierig sein, einen traditionellen Weihnachtsbaum aufzustellen, besonders wenn man auf kleinem Raum lebt.\u201c Deshalb habe ich beschlossen, eine Alternative zu schaffen.\u201c Das Ergebnis ist ein Design, das gleichzeitig praktisch, verspielt und elegant ist und den Charme eines festlichen Baumes in moderne Innenr\u00e4ume bringt, ohne sie zu \u00fcberfordern.<\/p>\n<div class=\"product-container horizontal-product-container\">\n<div class=\"product-block-row\"><\/div>\n<\/div>\n<p id=\"9bb77867-c632-4735-89fa-d85bfb46d633\">Die VINTERFINT-Wanddekoration ist Teil der Weihnachtskollektion 2025 von IKEA, die Elemente enth\u00e4lt, die von skandinavischer Volkskunst und Waldmotiven inspiriert sind. Neben dem Baum umfasst das Sortiment gemusterte Str\u00fcmpfe, wiederverwendbare Adventskalender und Ornamente, die die nat\u00fcrliche Sch\u00f6nheit schwedischer Winterlandschaften widerspiegeln.<\/p>\n<p>F\u00fcr alle, die sich in einer kleinen Wohnung, einem G\u00e4stezimmer oder einem Kinderzimmer zurechtfinden \u2013 oder einfach einen minimalistischeren Weihnachtsansatz f\u00fcr die Weihnachtsdekoration suchen \u2013 ist VINTERFINT eine L\u00f6sung, die Zweckm\u00e4\u00dfigkeit mit festlichem Charme verbindet. Es beweist, dass auch auf kleinstem Raum ein Hauch von Urlaubszauber immer m\u00f6glich ist.<\/p>\n<div id=\"slice-container-newsletterForm-articleInbodyContent-FJBLdtDHfRLyAKGbVgRjoU\" class=\"slice-container newsletter-inbodyContent-slice newsletterForm-articleInbodyContent-FJBLdtDHfRLyAKGbVgRjoU slice-container-newsletterForm\"><\/div>\n<h3 class=\"article-body__section\" id=\"section-shop-alternative-christmas-trees\"><span>Kaufen Sie alternative Weihnachtsb\u00e4ume<\/span><\/h3>\n<div class=\"product-container hero-product-container product-block-no-wrap\">\n<div class=\"product-block-row\"><\/div>\n<div class=\"product-block-row\"><\/div>\n<div class=\"product-block-row\"><\/div>\n<\/div>\n<div class=\"block\" id=\"articleTag\" data-component-name=\"PostArticleLinks\" data-mrf-recirculation=\"post-article-links\">\n<div class=\"border-b border-b-black border-solid py-2.5 text-black font-bold uppercase\">THEMEN<\/div>\n<nav class=\"py-2.5 flex gap-2.5 flex-wrap\" data-analytics-id=\"article-tag\" data-mrf-recirculation=\"article-tag\">\n<p>IKEA<\/p>\n<\/nav>\n<\/div>\n<\/div>\n","protected":false},"excerpt":{"rendered":"<p>Die neueste wandmontierte Weihnachtsdekoration von IKEA ist die clevere, stilvolle Antwort f\u00fcr Weihnachtsstimmung auf kleinem Raum. Es ist die perfekte, platzsparende Alternative zu einem traditionellen<\/p>\n","protected":false},"author":1,"featured_media":8847,"comment_status":"closed","ping_status":"","sticky":false,"template":"","format":"standard","meta":{"footnotes":""},"categories":[118],"tags":[287,2513,51,2630,143,531,55,2629,129,11821,15,1672,61,393,1728,306,165,8560,71,3655],"class_list":["post-9523","post","type-post","status-publish","format-standard","has-post-thumbnail","hentry","category-haus-garten","tag-aus","tag-ausverkauft","tag-dass","tag-davon","tag-diese","tag-dieses","tag-fuer","tag-gehe","tag-ich","tag-ikeaweihnachtsbaumalternative","tag-ist","tag-kleine","tag-nicht","tag-perfekt","tag-raeume","tag-sein","tag-sie","tag-verpassen","tag-wird","tag-wochenende","generate-columns","tablet-grid-50","mobile-grid-100","grid-parent","grid-50"],"yoast_head":"<!-- This site is optimized with the Yoast SEO plugin v27.3 - https:\/\/yoast.com\/product\/yoast-seo-wordpress\/ -->\n<title>Diese IKEA-Weihnachtsbaum-Alternative f\u00fcr 19,99 $ ist perfekt f\u00fcr kleine R\u00e4ume \u2013 verpassen Sie sie nicht, ich gehe davon aus, dass sie dieses Wochenende ausverkauft sein wird - Nachrichten - Stra\u00dfenweb<\/title>\n<meta name=\"robots\" content=\"index, follow, max-snippet:-1, max-image-preview:large, max-video-preview:-1\" \/>\n<link rel=\"canonical\" href=\"https:\/\/www.strassenweb.de\/nachrichten\/diese-ikea-weihnachtsbaum-alternative-fuer-1999-ist-perfekt-fuer-kleine-raeume-verpassen-sie-sie-nicht-ich-gehe-davon-aus-dass-sie-dieses-wochenende-ausverkauft-sein-wird\/\" \/>\n<meta property=\"og:locale\" content=\"de_DE\" \/>\n<meta property=\"og:type\" content=\"article\" \/>\n<meta property=\"og:title\" content=\"Diese IKEA-Weihnachtsbaum-Alternative f\u00fcr 19,99 $ ist perfekt f\u00fcr kleine R\u00e4ume \u2013 verpassen Sie sie nicht, ich gehe davon aus, dass sie dieses Wochenende ausverkauft sein wird - Nachrichten - Stra\u00dfenweb\" \/>\n<meta property=\"og:description\" content=\"Die neueste wandmontierte Weihnachtsdekoration von IKEA ist die clevere, stilvolle Antwort f\u00fcr Weihnachtsstimmung auf kleinem Raum. Es ist die perfekte, platzsparende Alternative zu einem traditionellen\" \/>\n<meta property=\"og:url\" content=\"https:\/\/www.strassenweb.de\/nachrichten\/diese-ikea-weihnachtsbaum-alternative-fuer-1999-ist-perfekt-fuer-kleine-raeume-verpassen-sie-sie-nicht-ich-gehe-davon-aus-dass-sie-dieses-wochenende-ausverkauft-sein-wird\/\" \/>\n<meta property=\"og:site_name\" content=\"Stra\u00dfenweb\" \/>\n<meta property=\"article:publisher\" content=\"https:\/\/www.facebook.com\/strassenweb\/\" \/>\n<meta property=\"article:published_time\" content=\"2025-11-29T03:40:29+00:00\" \/>\n<meta property=\"article:modified_time\" content=\"2025-11-29T03:40:30+00:00\" \/>\n<meta property=\"og:image\" content=\"https:\/\/www.strassenweb.de\/nachrichten\/wp-content\/uploads\/2025\/10\/ALDI-hat-gerade-den-Weihnachtsdekor-Trend-zurueckgebracht-von-dem-jeder-besessen.jpg\" \/>\n\t<meta property=\"og:image:width\" content=\"2560\" \/>\n\t<meta property=\"og:image:height\" content=\"1365\" \/>\n\t<meta property=\"og:image:type\" content=\"image\/jpeg\" \/>\n<meta name=\"author\" content=\"Robert Hoffmann\" \/>\n<meta name=\"twitter:card\" content=\"summary_large_image\" \/>\n<meta name=\"twitter:label1\" content=\"Verfasst von\" \/>\n\t<meta name=\"twitter:data1\" content=\"Robert Hoffmann\" \/>\n\t<meta name=\"twitter:label2\" content=\"Gesch\u00e4tzte Lesezeit\" \/>\n\t<meta name=\"twitter:data2\" content=\"2\u00a0Minuten\" \/>\n<script type=\"application\/ld+json\" class=\"yoast-schema-graph\">{\"@context\":\"https:\\\/\\\/schema.org\",\"@graph\":[{\"@type\":\"Article\",\"@id\":\"https:\\\/\\\/www.strassenweb.de\\\/nachrichten\\\/diese-ikea-weihnachtsbaum-alternative-fuer-1999-ist-perfekt-fuer-kleine-raeume-verpassen-sie-sie-nicht-ich-gehe-davon-aus-dass-sie-dieses-wochenende-ausverkauft-sein-wird\\\/#article\",\"isPartOf\":{\"@id\":\"https:\\\/\\\/www.strassenweb.de\\\/nachrichten\\\/diese-ikea-weihnachtsbaum-alternative-fuer-1999-ist-perfekt-fuer-kleine-raeume-verpassen-sie-sie-nicht-ich-gehe-davon-aus-dass-sie-dieses-wochenende-ausverkauft-sein-wird\\\/\"},\"author\":{\"name\":\"Robert Hoffmann\",\"@id\":\"https:\\\/\\\/www.strassenweb.de\\\/nachrichten\\\/#\\\/schema\\\/person\\\/87c9c9067f1211da429a744dc5a5aa41\"},\"headline\":\"Diese IKEA-Weihnachtsbaum-Alternative f\u00fcr 19,99 $ ist perfekt f\u00fcr kleine R\u00e4ume \u2013 verpassen Sie sie nicht, ich gehe davon aus, dass sie dieses Wochenende ausverkauft sein wird\",\"datePublished\":\"2025-11-29T03:40:29+00:00\",\"dateModified\":\"2025-11-29T03:40:30+00:00\",\"mainEntityOfPage\":{\"@id\":\"https:\\\/\\\/www.strassenweb.de\\\/nachrichten\\\/diese-ikea-weihnachtsbaum-alternative-fuer-1999-ist-perfekt-fuer-kleine-raeume-verpassen-sie-sie-nicht-ich-gehe-davon-aus-dass-sie-dieses-wochenende-ausverkauft-sein-wird\\\/\"},\"wordCount\":387,\"publisher\":{\"@id\":\"https:\\\/\\\/www.strassenweb.de\\\/nachrichten\\\/#organization\"},\"image\":{\"@id\":\"https:\\\/\\\/www.strassenweb.de\\\/nachrichten\\\/diese-ikea-weihnachtsbaum-alternative-fuer-1999-ist-perfekt-fuer-kleine-raeume-verpassen-sie-sie-nicht-ich-gehe-davon-aus-dass-sie-dieses-wochenende-ausverkauft-sein-wird\\\/#primaryimage\"},\"thumbnailUrl\":\"https:\\\/\\\/www.strassenweb.de\\\/nachrichten\\\/wp-content\\\/uploads\\\/2025\\\/10\\\/ALDI-hat-gerade-den-Weihnachtsdekor-Trend-zurueckgebracht-von-dem-jeder-besessen.jpg\",\"keywords\":[\"aus\",\"ausverkauft\",\"dass\",\"davon\",\"diese\",\"dieses\",\"f\u00fcr\",\"gehe\",\"ich\",\"IKEAWeihnachtsbaumAlternative\",\"ist\",\"kleine\",\"nicht\",\"perfekt\",\"R\u00e4ume\",\"sein\",\"Sie\",\"verpassen\",\"wird\",\"Wochenende\"],\"articleSection\":[\"Haus &amp; Garten\"],\"inLanguage\":\"de\"},{\"@type\":\"WebPage\",\"@id\":\"https:\\\/\\\/www.strassenweb.de\\\/nachrichten\\\/diese-ikea-weihnachtsbaum-alternative-fuer-1999-ist-perfekt-fuer-kleine-raeume-verpassen-sie-sie-nicht-ich-gehe-davon-aus-dass-sie-dieses-wochenende-ausverkauft-sein-wird\\\/\",\"url\":\"https:\\\/\\\/www.strassenweb.de\\\/nachrichten\\\/diese-ikea-weihnachtsbaum-alternative-fuer-1999-ist-perfekt-fuer-kleine-raeume-verpassen-sie-sie-nicht-ich-gehe-davon-aus-dass-sie-dieses-wochenende-ausverkauft-sein-wird\\\/\",\"name\":\"Diese IKEA-Weihnachtsbaum-Alternative f\u00fcr 19,99 $ ist perfekt f\u00fcr kleine R\u00e4ume \u2013 verpassen Sie sie nicht, ich gehe davon aus, dass sie dieses Wochenende ausverkauft sein wird - Nachrichten - Stra\u00dfenweb\",\"isPartOf\":{\"@id\":\"https:\\\/\\\/www.strassenweb.de\\\/nachrichten\\\/#website\"},\"primaryImageOfPage\":{\"@id\":\"https:\\\/\\\/www.strassenweb.de\\\/nachrichten\\\/diese-ikea-weihnachtsbaum-alternative-fuer-1999-ist-perfekt-fuer-kleine-raeume-verpassen-sie-sie-nicht-ich-gehe-davon-aus-dass-sie-dieses-wochenende-ausverkauft-sein-wird\\\/#primaryimage\"},\"image\":{\"@id\":\"https:\\\/\\\/www.strassenweb.de\\\/nachrichten\\\/diese-ikea-weihnachtsbaum-alternative-fuer-1999-ist-perfekt-fuer-kleine-raeume-verpassen-sie-sie-nicht-ich-gehe-davon-aus-dass-sie-dieses-wochenende-ausverkauft-sein-wird\\\/#primaryimage\"},\"thumbnailUrl\":\"https:\\\/\\\/www.strassenweb.de\\\/nachrichten\\\/wp-content\\\/uploads\\\/2025\\\/10\\\/ALDI-hat-gerade-den-Weihnachtsdekor-Trend-zurueckgebracht-von-dem-jeder-besessen.jpg\",\"datePublished\":\"2025-11-29T03:40:29+00:00\",\"dateModified\":\"2025-11-29T03:40:30+00:00\",\"breadcrumb\":{\"@id\":\"https:\\\/\\\/www.strassenweb.de\\\/nachrichten\\\/diese-ikea-weihnachtsbaum-alternative-fuer-1999-ist-perfekt-fuer-kleine-raeume-verpassen-sie-sie-nicht-ich-gehe-davon-aus-dass-sie-dieses-wochenende-ausverkauft-sein-wird\\\/#breadcrumb\"},\"inLanguage\":\"de\",\"potentialAction\":[{\"@type\":\"ReadAction\",\"target\":[\"https:\\\/\\\/www.strassenweb.de\\\/nachrichten\\\/diese-ikea-weihnachtsbaum-alternative-fuer-1999-ist-perfekt-fuer-kleine-raeume-verpassen-sie-sie-nicht-ich-gehe-davon-aus-dass-sie-dieses-wochenende-ausverkauft-sein-wird\\\/\"]}]},{\"@type\":\"ImageObject\",\"inLanguage\":\"de\",\"@id\":\"https:\\\/\\\/www.strassenweb.de\\\/nachrichten\\\/diese-ikea-weihnachtsbaum-alternative-fuer-1999-ist-perfekt-fuer-kleine-raeume-verpassen-sie-sie-nicht-ich-gehe-davon-aus-dass-sie-dieses-wochenende-ausverkauft-sein-wird\\\/#primaryimage\",\"url\":\"https:\\\/\\\/www.strassenweb.de\\\/nachrichten\\\/wp-content\\\/uploads\\\/2025\\\/10\\\/ALDI-hat-gerade-den-Weihnachtsdekor-Trend-zurueckgebracht-von-dem-jeder-besessen.jpg\",\"contentUrl\":\"https:\\\/\\\/www.strassenweb.de\\\/nachrichten\\\/wp-content\\\/uploads\\\/2025\\\/10\\\/ALDI-hat-gerade-den-Weihnachtsdekor-Trend-zurueckgebracht-von-dem-jeder-besessen.jpg\",\"width\":2560,\"height\":1365,\"caption\":\"ALDI hat gerade den Weihnachtsdekor-Trend zur\u00fcckgebracht, von dem jeder besessen ist \u2013 und f\u00fcr nur 8,99 $ k\u00f6nnen Sie den Mini-Baumschleifen-Look jetzt ganz einfach nachmachen\"},{\"@type\":\"BreadcrumbList\",\"@id\":\"https:\\\/\\\/www.strassenweb.de\\\/nachrichten\\\/diese-ikea-weihnachtsbaum-alternative-fuer-1999-ist-perfekt-fuer-kleine-raeume-verpassen-sie-sie-nicht-ich-gehe-davon-aus-dass-sie-dieses-wochenende-ausverkauft-sein-wird\\\/#breadcrumb\",\"itemListElement\":[{\"@type\":\"ListItem\",\"position\":1,\"name\":\"Home\",\"item\":\"https:\\\/\\\/www.strassenweb.de\\\/nachrichten\\\/\"},{\"@type\":\"ListItem\",\"position\":2,\"name\":\"Diese IKEA-Weihnachtsbaum-Alternative f\u00fcr 19,99 $ ist perfekt f\u00fcr kleine R\u00e4ume \u2013 verpassen Sie sie nicht, ich gehe davon aus, dass sie dieses Wochenende ausverkauft sein wird\"}]},{\"@type\":\"WebSite\",\"@id\":\"https:\\\/\\\/www.strassenweb.de\\\/nachrichten\\\/#website\",\"url\":\"https:\\\/\\\/www.strassenweb.de\\\/nachrichten\\\/\",\"name\":\"Stra\u00dfenweb\",\"description\":\"Stra\u00dfenverzeichnis f\u00fcr Deutschland\",\"publisher\":{\"@id\":\"https:\\\/\\\/www.strassenweb.de\\\/nachrichten\\\/#organization\"},\"potentialAction\":[{\"@type\":\"SearchAction\",\"target\":{\"@type\":\"EntryPoint\",\"urlTemplate\":\"https:\\\/\\\/www.strassenweb.de\\\/nachrichten\\\/?s={search_term_string}\"},\"query-input\":{\"@type\":\"PropertyValueSpecification\",\"valueRequired\":true,\"valueName\":\"search_term_string\"}}],\"inLanguage\":\"de\"},{\"@type\":\"Organization\",\"@id\":\"https:\\\/\\\/www.strassenweb.de\\\/nachrichten\\\/#organization\",\"name\":\"Stra\u00dfenweb\",\"url\":\"https:\\\/\\\/www.strassenweb.de\\\/nachrichten\\\/\",\"logo\":{\"@type\":\"ImageObject\",\"inLanguage\":\"de\",\"@id\":\"https:\\\/\\\/www.strassenweb.de\\\/nachrichten\\\/#\\\/schema\\\/logo\\\/image\\\/\",\"url\":\"https:\\\/\\\/www.strassenweb.de\\\/nachrichten\\\/wp-content\\\/uploads\\\/2024\\\/09\\\/cropped-favicon.png\",\"contentUrl\":\"https:\\\/\\\/www.strassenweb.de\\\/nachrichten\\\/wp-content\\\/uploads\\\/2024\\\/09\\\/cropped-favicon.png\",\"width\":512,\"height\":512,\"caption\":\"Stra\u00dfenweb\"},\"image\":{\"@id\":\"https:\\\/\\\/www.strassenweb.de\\\/nachrichten\\\/#\\\/schema\\\/logo\\\/image\\\/\"},\"sameAs\":[\"https:\\\/\\\/www.facebook.com\\\/strassenweb\\\/\"]},{\"@type\":\"Person\",\"@id\":\"https:\\\/\\\/www.strassenweb.de\\\/nachrichten\\\/#\\\/schema\\\/person\\\/87c9c9067f1211da429a744dc5a5aa41\",\"name\":\"Robert Hoffmann\",\"image\":{\"@type\":\"ImageObject\",\"inLanguage\":\"de\",\"@id\":\"https:\\\/\\\/www.strassenweb.de\\\/nachrichten\\\/wp-content\\\/uploads\\\/2024\\\/09\\\/strassenweb-150x150.jpg\",\"url\":\"https:\\\/\\\/www.strassenweb.de\\\/nachrichten\\\/wp-content\\\/uploads\\\/2024\\\/09\\\/strassenweb-150x150.jpg\",\"contentUrl\":\"https:\\\/\\\/www.strassenweb.de\\\/nachrichten\\\/wp-content\\\/uploads\\\/2024\\\/09\\\/strassenweb-150x150.jpg\",\"caption\":\"Robert Hoffmann\"},\"description\":\"Ich hei\u00dfe Robert Hoffmann und ich bin ein leidenschaftlicher Verfechter von \u00d6kologie und Biodiversit\u00e4t. Seit meiner Kindheit in den W\u00e4ldern Bayerns f\u00fchle ich mich mit der Natur verbunden und bin entschlossen, sie zu sch\u00fctzen. Heute widme ich mein Leben der Sensibilisierung anderer f\u00fcr die Bedeutung des Umweltschutzes f\u00fcr zuk\u00fcnftige Generationen.\",\"sameAs\":[\"https:\\\/\\\/www.strassenweb.de\\\/\"]}]}<\/script>\n<!-- \/ Yoast SEO plugin. -->","yoast_head_json":{"title":"Diese IKEA-Weihnachtsbaum-Alternative f\u00fcr 19,99 $ ist perfekt f\u00fcr kleine R\u00e4ume \u2013 verpassen Sie sie nicht, ich gehe davon aus, dass sie dieses Wochenende ausverkauft sein wird - Nachrichten - Stra\u00dfenweb","robots":{"index":"index","follow":"follow","max-snippet":"max-snippet:-1","max-image-preview":"max-image-preview:large","max-video-preview":"max-video-preview:-1"},"canonical":"https:\/\/www.strassenweb.de\/nachrichten\/diese-ikea-weihnachtsbaum-alternative-fuer-1999-ist-perfekt-fuer-kleine-raeume-verpassen-sie-sie-nicht-ich-gehe-davon-aus-dass-sie-dieses-wochenende-ausverkauft-sein-wird\/","og_locale":"de_DE","og_type":"article","og_title":"Diese IKEA-Weihnachtsbaum-Alternative f\u00fcr 19,99 $ ist perfekt f\u00fcr kleine R\u00e4ume \u2013 verpassen Sie sie nicht, ich gehe davon aus, dass sie dieses Wochenende ausverkauft sein wird - Nachrichten - Stra\u00dfenweb","og_description":"Die neueste wandmontierte Weihnachtsdekoration von IKEA ist die clevere, stilvolle Antwort f\u00fcr Weihnachtsstimmung auf kleinem Raum. Es ist die perfekte, platzsparende Alternative zu einem traditionellen","og_url":"https:\/\/www.strassenweb.de\/nachrichten\/diese-ikea-weihnachtsbaum-alternative-fuer-1999-ist-perfekt-fuer-kleine-raeume-verpassen-sie-sie-nicht-ich-gehe-davon-aus-dass-sie-dieses-wochenende-ausverkauft-sein-wird\/","og_site_name":"Stra\u00dfenweb","article_publisher":"https:\/\/www.facebook.com\/strassenweb\/","article_published_time":"2025-11-29T03:40:29+00:00","article_modified_time":"2025-11-29T03:40:30+00:00","og_image":[{"width":2560,"height":1365,"url":"https:\/\/www.strassenweb.de\/nachrichten\/wp-content\/uploads\/2025\/10\/ALDI-hat-gerade-den-Weihnachtsdekor-Trend-zurueckgebracht-von-dem-jeder-besessen.jpg","type":"image\/jpeg"}],"author":"Robert Hoffmann","twitter_card":"summary_large_image","twitter_misc":{"Verfasst von":"Robert Hoffmann","Gesch\u00e4tzte Lesezeit":"2\u00a0Minuten"},"schema":{"@context":"https:\/\/schema.org","@graph":[{"@type":"Article","@id":"https:\/\/www.strassenweb.de\/nachrichten\/diese-ikea-weihnachtsbaum-alternative-fuer-1999-ist-perfekt-fuer-kleine-raeume-verpassen-sie-sie-nicht-ich-gehe-davon-aus-dass-sie-dieses-wochenende-ausverkauft-sein-wird\/#article","isPartOf":{"@id":"https:\/\/www.strassenweb.de\/nachrichten\/diese-ikea-weihnachtsbaum-alternative-fuer-1999-ist-perfekt-fuer-kleine-raeume-verpassen-sie-sie-nicht-ich-gehe-davon-aus-dass-sie-dieses-wochenende-ausverkauft-sein-wird\/"},"author":{"name":"Robert Hoffmann","@id":"https:\/\/www.strassenweb.de\/nachrichten\/#\/schema\/person\/87c9c9067f1211da429a744dc5a5aa41"},"headline":"Diese IKEA-Weihnachtsbaum-Alternative f\u00fcr 19,99 $ ist perfekt f\u00fcr kleine R\u00e4ume \u2013 verpassen Sie sie nicht, ich gehe davon aus, dass sie dieses Wochenende ausverkauft sein wird","datePublished":"2025-11-29T03:40:29+00:00","dateModified":"2025-11-29T03:40:30+00:00","mainEntityOfPage":{"@id":"https:\/\/www.strassenweb.de\/nachrichten\/diese-ikea-weihnachtsbaum-alternative-fuer-1999-ist-perfekt-fuer-kleine-raeume-verpassen-sie-sie-nicht-ich-gehe-davon-aus-dass-sie-dieses-wochenende-ausverkauft-sein-wird\/"},"wordCount":387,"publisher":{"@id":"https:\/\/www.strassenweb.de\/nachrichten\/#organization"},"image":{"@id":"https:\/\/www.strassenweb.de\/nachrichten\/diese-ikea-weihnachtsbaum-alternative-fuer-1999-ist-perfekt-fuer-kleine-raeume-verpassen-sie-sie-nicht-ich-gehe-davon-aus-dass-sie-dieses-wochenende-ausverkauft-sein-wird\/#primaryimage"},"thumbnailUrl":"https:\/\/www.strassenweb.de\/nachrichten\/wp-content\/uploads\/2025\/10\/ALDI-hat-gerade-den-Weihnachtsdekor-Trend-zurueckgebracht-von-dem-jeder-besessen.jpg","keywords":["aus","ausverkauft","dass","davon","diese","dieses","f\u00fcr","gehe","ich","IKEAWeihnachtsbaumAlternative","ist","kleine","nicht","perfekt","R\u00e4ume","sein","Sie","verpassen","wird","Wochenende"],"articleSection":["Haus &amp; Garten"],"inLanguage":"de"},{"@type":"WebPage","@id":"https:\/\/www.strassenweb.de\/nachrichten\/diese-ikea-weihnachtsbaum-alternative-fuer-1999-ist-perfekt-fuer-kleine-raeume-verpassen-sie-sie-nicht-ich-gehe-davon-aus-dass-sie-dieses-wochenende-ausverkauft-sein-wird\/","url":"https:\/\/www.strassenweb.de\/nachrichten\/diese-ikea-weihnachtsbaum-alternative-fuer-1999-ist-perfekt-fuer-kleine-raeume-verpassen-sie-sie-nicht-ich-gehe-davon-aus-dass-sie-dieses-wochenende-ausverkauft-sein-wird\/","name":"Diese IKEA-Weihnachtsbaum-Alternative f\u00fcr 19,99 $ ist perfekt f\u00fcr kleine R\u00e4ume \u2013 verpassen Sie sie nicht, ich gehe davon aus, dass sie dieses Wochenende ausverkauft sein wird - Nachrichten - Stra\u00dfenweb","isPartOf":{"@id":"https:\/\/www.strassenweb.de\/nachrichten\/#website"},"primaryImageOfPage":{"@id":"https:\/\/www.strassenweb.de\/nachrichten\/diese-ikea-weihnachtsbaum-alternative-fuer-1999-ist-perfekt-fuer-kleine-raeume-verpassen-sie-sie-nicht-ich-gehe-davon-aus-dass-sie-dieses-wochenende-ausverkauft-sein-wird\/#primaryimage"},"image":{"@id":"https:\/\/www.strassenweb.de\/nachrichten\/diese-ikea-weihnachtsbaum-alternative-fuer-1999-ist-perfekt-fuer-kleine-raeume-verpassen-sie-sie-nicht-ich-gehe-davon-aus-dass-sie-dieses-wochenende-ausverkauft-sein-wird\/#primaryimage"},"thumbnailUrl":"https:\/\/www.strassenweb.de\/nachrichten\/wp-content\/uploads\/2025\/10\/ALDI-hat-gerade-den-Weihnachtsdekor-Trend-zurueckgebracht-von-dem-jeder-besessen.jpg","datePublished":"2025-11-29T03:40:29+00:00","dateModified":"2025-11-29T03:40:30+00:00","breadcrumb":{"@id":"https:\/\/www.strassenweb.de\/nachrichten\/diese-ikea-weihnachtsbaum-alternative-fuer-1999-ist-perfekt-fuer-kleine-raeume-verpassen-sie-sie-nicht-ich-gehe-davon-aus-dass-sie-dieses-wochenende-ausverkauft-sein-wird\/#breadcrumb"},"inLanguage":"de","potentialAction":[{"@type":"ReadAction","target":["https:\/\/www.strassenweb.de\/nachrichten\/diese-ikea-weihnachtsbaum-alternative-fuer-1999-ist-perfekt-fuer-kleine-raeume-verpassen-sie-sie-nicht-ich-gehe-davon-aus-dass-sie-dieses-wochenende-ausverkauft-sein-wird\/"]}]},{"@type":"ImageObject","inLanguage":"de","@id":"https:\/\/www.strassenweb.de\/nachrichten\/diese-ikea-weihnachtsbaum-alternative-fuer-1999-ist-perfekt-fuer-kleine-raeume-verpassen-sie-sie-nicht-ich-gehe-davon-aus-dass-sie-dieses-wochenende-ausverkauft-sein-wird\/#primaryimage","url":"https:\/\/www.strassenweb.de\/nachrichten\/wp-content\/uploads\/2025\/10\/ALDI-hat-gerade-den-Weihnachtsdekor-Trend-zurueckgebracht-von-dem-jeder-besessen.jpg","contentUrl":"https:\/\/www.strassenweb.de\/nachrichten\/wp-content\/uploads\/2025\/10\/ALDI-hat-gerade-den-Weihnachtsdekor-Trend-zurueckgebracht-von-dem-jeder-besessen.jpg","width":2560,"height":1365,"caption":"ALDI hat gerade den Weihnachtsdekor-Trend zur\u00fcckgebracht, von dem jeder besessen ist \u2013 und f\u00fcr nur 8,99 $ k\u00f6nnen Sie den Mini-Baumschleifen-Look jetzt ganz einfach nachmachen"},{"@type":"BreadcrumbList","@id":"https:\/\/www.strassenweb.de\/nachrichten\/diese-ikea-weihnachtsbaum-alternative-fuer-1999-ist-perfekt-fuer-kleine-raeume-verpassen-sie-sie-nicht-ich-gehe-davon-aus-dass-sie-dieses-wochenende-ausverkauft-sein-wird\/#breadcrumb","itemListElement":[{"@type":"ListItem","position":1,"name":"Home","item":"https:\/\/www.strassenweb.de\/nachrichten\/"},{"@type":"ListItem","position":2,"name":"Diese IKEA-Weihnachtsbaum-Alternative f\u00fcr 19,99 $ ist perfekt f\u00fcr kleine R\u00e4ume \u2013 verpassen Sie sie nicht, ich gehe davon aus, dass sie dieses Wochenende ausverkauft sein wird"}]},{"@type":"WebSite","@id":"https:\/\/www.strassenweb.de\/nachrichten\/#website","url":"https:\/\/www.strassenweb.de\/nachrichten\/","name":"Stra\u00dfenweb","description":"Stra\u00dfenverzeichnis f\u00fcr Deutschland","publisher":{"@id":"https:\/\/www.strassenweb.de\/nachrichten\/#organization"},"potentialAction":[{"@type":"SearchAction","target":{"@type":"EntryPoint","urlTemplate":"https:\/\/www.strassenweb.de\/nachrichten\/?s={search_term_string}"},"query-input":{"@type":"PropertyValueSpecification","valueRequired":true,"valueName":"search_term_string"}}],"inLanguage":"de"},{"@type":"Organization","@id":"https:\/\/www.strassenweb.de\/nachrichten\/#organization","name":"Stra\u00dfenweb","url":"https:\/\/www.strassenweb.de\/nachrichten\/","logo":{"@type":"ImageObject","inLanguage":"de","@id":"https:\/\/www.strassenweb.de\/nachrichten\/#\/schema\/logo\/image\/","url":"https:\/\/www.strassenweb.de\/nachrichten\/wp-content\/uploads\/2024\/09\/cropped-favicon.png","contentUrl":"https:\/\/www.strassenweb.de\/nachrichten\/wp-content\/uploads\/2024\/09\/cropped-favicon.png","width":512,"height":512,"caption":"Stra\u00dfenweb"},"image":{"@id":"https:\/\/www.strassenweb.de\/nachrichten\/#\/schema\/logo\/image\/"},"sameAs":["https:\/\/www.facebook.com\/strassenweb\/"]},{"@type":"Person","@id":"https:\/\/www.strassenweb.de\/nachrichten\/#\/schema\/person\/87c9c9067f1211da429a744dc5a5aa41","name":"Robert Hoffmann","image":{"@type":"ImageObject","inLanguage":"de","@id":"https:\/\/www.strassenweb.de\/nachrichten\/wp-content\/uploads\/2024\/09\/strassenweb-150x150.jpg","url":"https:\/\/www.strassenweb.de\/nachrichten\/wp-content\/uploads\/2024\/09\/strassenweb-150x150.jpg","contentUrl":"https:\/\/www.strassenweb.de\/nachrichten\/wp-content\/uploads\/2024\/09\/strassenweb-150x150.jpg","caption":"Robert Hoffmann"},"description":"Ich hei\u00dfe Robert Hoffmann und ich bin ein leidenschaftlicher Verfechter von \u00d6kologie und Biodiversit\u00e4t. Seit meiner Kindheit in den W\u00e4ldern Bayerns f\u00fchle ich mich mit der Natur verbunden und bin entschlossen, sie zu sch\u00fctzen. Heute widme ich mein Leben der Sensibilisierung anderer f\u00fcr die Bedeutung des Umweltschutzes f\u00fcr zuk\u00fcnftige Generationen.","sameAs":["https:\/\/www.strassenweb.de\/"]}]}},"_links":{"self":[{"href":"https:\/\/www.strassenweb.de\/nachrichten\/wp-json\/wp\/v2\/posts\/9523","targetHints":{"allow":["GET"]}}],"collection":[{"href":"https:\/\/www.strassenweb.de\/nachrichten\/wp-json\/wp\/v2\/posts"}],"about":[{"href":"https:\/\/www.strassenweb.de\/nachrichten\/wp-json\/wp\/v2\/types\/post"}],"author":[{"embeddable":true,"href":"https:\/\/www.strassenweb.de\/nachrichten\/wp-json\/wp\/v2\/users\/1"}],"replies":[{"embeddable":true,"href":"https:\/\/www.strassenweb.de\/nachrichten\/wp-json\/wp\/v2\/comments?post=9523"}],"version-history":[{"count":0,"href":"https:\/\/www.strassenweb.de\/nachrichten\/wp-json\/wp\/v2\/posts\/9523\/revisions"}],"wp:featuredmedia":[{"embeddable":true,"href":"https:\/\/www.strassenweb.de\/nachrichten\/wp-json\/wp\/v2\/media\/8847"}],"wp:attachment":[{"href":"https:\/\/www.strassenweb.de\/nachrichten\/wp-json\/wp\/v2\/media?parent=9523"}],"wp:term":[{"taxonomy":"category","embeddable":true,"href":"https:\/\/www.strassenweb.de\/nachrichten\/wp-json\/wp\/v2\/categories?post=9523"},{"taxonomy":"post_tag","embeddable":true,"href":"https:\/\/www.strassenweb.de\/nachrichten\/wp-json\/wp\/v2\/tags?post=9523"}],"curies":[{"name":"wp","href":"https:\/\/api.w.org\/{rel}","templated":true}]}}