{"id":9511,"date":"2025-11-28T16:39:31","date_gmt":"2025-11-28T15:39:31","guid":{"rendered":"https:\/\/www.strassenweb.de\/nachrichten\/ich-empfehle-jedem-diese-begehrten-oka-weinglaeser-und-habe-sie-bisher-noch-nie-reduziert-gesehen\/"},"modified":"2025-11-28T16:39:32","modified_gmt":"2025-11-28T15:39:32","slug":"ich-empfehle-jedem-diese-begehrten-oka-weinglaeser-und-habe-sie-bisher-noch-nie-reduziert-gesehen","status":"publish","type":"post","link":"https:\/\/www.strassenweb.de\/nachrichten\/ich-empfehle-jedem-diese-begehrten-oka-weinglaeser-und-habe-sie-bisher-noch-nie-reduziert-gesehen\/","title":{"rendered":"Ich empfehle jedem diese begehrten Oka-Weingl\u00e4ser und habe sie bisher noch nie reduziert gesehen"},"content":{"rendered":"<p><\/p>\n<div id=\"article-body\" class=\"article__body \">\n<p id=\"aa8f4f85-c348-4fbb-8aab-f88e202ffde7\">Die Verk\u00e4ufe sind diese Woche in vollem Gange, und ich habe versucht, mich nicht in den Trubel zu verwickeln. Dann entdeckte ich meine Lieblingsweingl\u00e4ser im Oka Black Friday Sale und alles \u00e4nderte sich. Ich habe sie bisher noch nie mit einem Rabatt gesehen.<\/p>\n<div id=\"ad-unit-1\" class=\"ad-unit\"><\/div>\n<p>Sie sind seit langem mein Ma\u00dfstab f\u00fcr die besten Glaswaren. Nicht weil sie versuchen, beeindruckend zu sein, sondern weil sie es einfach sind. Elegant, ohne protzig zu sein, angenehm schwer, schmeichelt jedem Tisch, den ich je gedeckt habe. Die gro\u00dfen Pulcinella-Weingl\u00e4ser sind zu meinem Markenzeichen geworden, das Einzige, was den Leuten immer auff\u00e4llt, auch wenn der Rest des Tisches ein bisschen ad hoc ist.<\/p>\n<p class=\"paywall\" aria-hidden=\"true\">Die Tatsache, dass sie endlich reduziert werden, f\u00fchlt sich fast schelmisch an, als ob jemand bei Oka versehentlich meinen beliebtesten Besitz herabgesetzt h\u00e4tte. Ich werde noch ein weiteres Set kaufen und m\u00f6chte jeden, der Freude an einem sch\u00f6n gedeckten Tisch hat, dazu ermutigen, genau das Gleiche zu tun. Es gibt nicht viele Dinge, \u00fcber die ich gerne predigen w\u00fcrde, aber diese Brille hat diese Ehre schon mehrfach verdient.<\/p>\n<div class=\"van_vid_carousel\">\n<div class=\"van_vid_carousel__padding\">\n<div class=\"van_vid_carousel__container\"><\/div>\n<\/div>\n<\/div>\n<figure class=\"van-image-figure inline-layout \" data-bordeaux-image-check id=\"e7480c40-de14-494a-ad48-e3fceb37d255\">\n<div class=\"image-full-width-wrapper\">\n<div class=\"image-widthsetter\" style=\"max-width:2000px;\"><\/div>\n<\/div>\n<\/figure>\n<div class=\"product-container horizontal-product-container\">\n<div class=\"product-block-row\"><\/div>\n<\/div>\n<aside data-block-type=\"embed\" data-render-type=\"fte\" data-skip=\"dealsy\" data-widget-type=\"seasonal\" class=\"hawk-root\"><\/aside>\n<p id=\"3c4e252c-7d66-4f13-bf87-ef05619fd8f5-0\">Ich sollte auch sagen, dass sie f\u00fcr etwas so Elegantes bemerkenswert robust sind. Meine haben gesch\u00e4ftige Dinnerpartys, eiliges Aufr\u00e4umen und mehr als ein paar \u00fcberf\u00fcllte Sp\u00fclmaschinenbeladungen ohne Beanstandung \u00fcberstanden. Es hat etwas Beruhigendes, Glaswaren zu haben, die edel aussehen, aber wirklich dem echten Leben gewachsen sind.<\/p>\n<div id=\"ad-unit-2\" class=\"ad-unit\"><\/div>\n<p>Wenn ich diese verschenken w\u00fcrde, w\u00e4re ich wirklich begeistert. Sie f\u00fchlen sich auf eine Weise ber\u00fccksichtigt, die zeigt, dass jemand Sie gut kennt und die Freude an einem sch\u00f6n gedeckten Tisch zu sch\u00e4tzen wei\u00df. Sie geh\u00f6ren zu den Geschenken, die Teil des Alltags werden und nicht zu besonderen Anl\u00e4ssen aufbewahrt werden, und ich denke, das macht sie so erfolgreich. Wer sein Zuhause liebt, w\u00fcrde es gerne auspacken.<\/p>\n<p>Wenn Sie diese genauso lieben wie ich, aber etwas zu einem etwas g\u00fcnstigeren Preis suchen, habe ich ein paar andere gefunden, die Ihnen gefallen k\u00f6nnten.<\/p>\n<div class=\"product-container hero-product-container product-block-no-wrap\">\n<div class=\"product-block-row\"><\/div>\n<div class=\"product-block-row\"><\/div>\n<div class=\"product-block-row\"><\/div>\n<\/div>\n<p id=\"93378311-0f06-412f-984f-a07c929a10c7\">Ich werde oft gefragt, wie ich an die Tischgestaltung herangehe, und die Wahrheit ist, dass ich einen zeitlosen, aber informellen, zusammengew\u00fcrfelten Stil bevorzuge. Ich hasse alles, was \u00fcberm\u00e4\u00dfig kuratiert oder thematisiert ist, und bevorzuge St\u00fccke, die sich m\u00fchelos und dennoch raffiniert anf\u00fchlen. Klassische Silhouetten, \u00fcppige Texturen und eine durchdachte Schichtung lassen einen Tisch einladend und stilvoll wirken, ohne jemals aufgesetzt zu wirken. Dies sind St\u00fccke mit zeitloser Anziehungskraft, und insbesondere diese Oka-Weingl\u00e4ser funktionieren das ganze Jahr \u00fcber wunderbar und werten jedes Ambiente auf subtile Weise auf, egal ob im Hochsommer oder im tiefsten Winter.<\/p>\n<div id=\"slice-container-newsletterForm-articleInbodyContent-Jxx9S5ktVobPyabEc7ZCbN\" class=\"slice-container newsletter-inbodyContent-slice newsletterForm-articleInbodyContent-Jxx9S5ktVobPyabEc7ZCbN slice-container-newsletterForm\"><\/div>\n<p>F\u00fcgen Sie noch ein paar antike Kerzenst\u00e4nder aus Messing, Leinenservietten (ich liebe diese Servietten von Rebecca Uddall), klassische Teller und jede Menge frische Blumen oder Bl\u00e4tter aus dem Garten hinzu, und es wird immer sch\u00f6n aussehen.<\/p>\n<hr id=\"4c2ab029-0732-45d3-9ed2-5e1b1bf81feb\">\n<p id=\"f1ef040e-4d70-44b1-99e8-e65eb5593240\">F\u00fcr alle, die durchdachte, elegante Tischdekorationen lieben, sind diese Oka-Weingl\u00e4ser das perfekte Tischgeschenk. Sie sind zeitlos, vielseitig und werten jeden Anlass m\u00fchelos auf, was sie zu einer Freude macht, die man verschenken oder behalten kann.<\/p>\n<div class=\"block\" id=\"articleTag\" data-component-name=\"PostArticleLinks\" data-mrf-recirculation=\"post-article-links\">\n<div class=\"border-b border-b-black border-solid py-2.5 text-black font-bold uppercase\">THEMEN<\/div>\n<nav class=\"py-2.5 flex gap-2.5 flex-wrap\" data-analytics-id=\"article-tag\" data-mrf-recirculation=\"article-tag\">\n<p>Schwarzer Freitag<\/p>\n<\/nav>\n<\/div>\n<\/div>\n","protected":false},"excerpt":{"rendered":"<p>Die Verk\u00e4ufe sind diese Woche in vollem Gange, und ich habe versucht, mich nicht in den Trubel zu verwickeln. Dann entdeckte ich meine Lieblingsweingl\u00e4ser im<\/p>\n","protected":false},"author":1,"featured_media":9512,"comment_status":"closed","ping_status":"","sticky":false,"template":"","format":"standard","meta":{"footnotes":""},"categories":[118],"tags":[4811,2124,143,7934,1905,823,129,963,460,2659,11810,1274,165,37],"class_list":["post-9511","post","type-post","status-publish","format-standard","has-post-thumbnail","hentry","category-haus-garten","tag-begehrten","tag-bisher","tag-diese","tag-empfehle","tag-gesehen","tag-habe","tag-ich","tag-jedem","tag-nie","tag-noch","tag-okaweinglaeser","tag-reduziert","tag-sie","tag-und","generate-columns","tablet-grid-50","mobile-grid-100","grid-parent","grid-50"],"yoast_head":"<!-- This site is optimized with the Yoast SEO plugin v27.3 - https:\/\/yoast.com\/product\/yoast-seo-wordpress\/ -->\n<title>Ich empfehle jedem diese begehrten Oka-Weingl\u00e4ser und habe sie bisher noch nie reduziert gesehen - Nachrichten - Stra\u00dfenweb<\/title>\n<meta name=\"robots\" content=\"index, follow, max-snippet:-1, max-image-preview:large, max-video-preview:-1\" \/>\n<link rel=\"canonical\" href=\"https:\/\/www.strassenweb.de\/nachrichten\/ich-empfehle-jedem-diese-begehrten-oka-weinglaeser-und-habe-sie-bisher-noch-nie-reduziert-gesehen\/\" \/>\n<meta property=\"og:locale\" content=\"de_DE\" \/>\n<meta property=\"og:type\" content=\"article\" \/>\n<meta property=\"og:title\" content=\"Ich empfehle jedem diese begehrten Oka-Weingl\u00e4ser und habe sie bisher noch nie reduziert gesehen - Nachrichten - Stra\u00dfenweb\" \/>\n<meta property=\"og:description\" content=\"Die Verk\u00e4ufe sind diese Woche in vollem Gange, und ich habe versucht, mich nicht in den Trubel zu verwickeln. Dann entdeckte ich meine Lieblingsweingl\u00e4ser im\" \/>\n<meta property=\"og:url\" content=\"https:\/\/www.strassenweb.de\/nachrichten\/ich-empfehle-jedem-diese-begehrten-oka-weinglaeser-und-habe-sie-bisher-noch-nie-reduziert-gesehen\/\" \/>\n<meta property=\"og:site_name\" content=\"Stra\u00dfenweb\" \/>\n<meta property=\"article:publisher\" content=\"https:\/\/www.facebook.com\/strassenweb\/\" \/>\n<meta property=\"article:published_time\" content=\"2025-11-28T15:39:31+00:00\" \/>\n<meta property=\"article:modified_time\" content=\"2025-11-28T15:39:32+00:00\" \/>\n<meta property=\"og:image\" content=\"https:\/\/www.strassenweb.de\/nachrichten\/wp-content\/uploads\/2025\/11\/Ich-empfehle-jedem-diese-begehrten-Oka-Weinglaeser-und-habe-sie-bisher.jpg\" \/>\n\t<meta property=\"og:image:width\" content=\"1920\" \/>\n\t<meta property=\"og:image:height\" content=\"1080\" \/>\n\t<meta property=\"og:image:type\" content=\"image\/jpeg\" \/>\n<meta name=\"author\" content=\"Robert Hoffmann\" \/>\n<meta name=\"twitter:card\" content=\"summary_large_image\" \/>\n<meta name=\"twitter:label1\" content=\"Verfasst von\" \/>\n\t<meta name=\"twitter:data1\" content=\"Robert Hoffmann\" \/>\n\t<meta name=\"twitter:label2\" content=\"Gesch\u00e4tzte Lesezeit\" \/>\n\t<meta name=\"twitter:data2\" content=\"3\u00a0Minuten\" \/>\n<script type=\"application\/ld+json\" class=\"yoast-schema-graph\">{\"@context\":\"https:\\\/\\\/schema.org\",\"@graph\":[{\"@type\":\"Article\",\"@id\":\"https:\\\/\\\/www.strassenweb.de\\\/nachrichten\\\/ich-empfehle-jedem-diese-begehrten-oka-weinglaeser-und-habe-sie-bisher-noch-nie-reduziert-gesehen\\\/#article\",\"isPartOf\":{\"@id\":\"https:\\\/\\\/www.strassenweb.de\\\/nachrichten\\\/ich-empfehle-jedem-diese-begehrten-oka-weinglaeser-und-habe-sie-bisher-noch-nie-reduziert-gesehen\\\/\"},\"author\":{\"name\":\"Robert Hoffmann\",\"@id\":\"https:\\\/\\\/www.strassenweb.de\\\/nachrichten\\\/#\\\/schema\\\/person\\\/87c9c9067f1211da429a744dc5a5aa41\"},\"headline\":\"Ich empfehle jedem diese begehrten Oka-Weingl\u00e4ser und habe sie bisher noch nie reduziert gesehen\",\"datePublished\":\"2025-11-28T15:39:31+00:00\",\"dateModified\":\"2025-11-28T15:39:32+00:00\",\"mainEntityOfPage\":{\"@id\":\"https:\\\/\\\/www.strassenweb.de\\\/nachrichten\\\/ich-empfehle-jedem-diese-begehrten-oka-weinglaeser-und-habe-sie-bisher-noch-nie-reduziert-gesehen\\\/\"},\"wordCount\":538,\"publisher\":{\"@id\":\"https:\\\/\\\/www.strassenweb.de\\\/nachrichten\\\/#organization\"},\"image\":{\"@id\":\"https:\\\/\\\/www.strassenweb.de\\\/nachrichten\\\/ich-empfehle-jedem-diese-begehrten-oka-weinglaeser-und-habe-sie-bisher-noch-nie-reduziert-gesehen\\\/#primaryimage\"},\"thumbnailUrl\":\"https:\\\/\\\/www.strassenweb.de\\\/nachrichten\\\/wp-content\\\/uploads\\\/2025\\\/11\\\/Ich-empfehle-jedem-diese-begehrten-Oka-Weinglaeser-und-habe-sie-bisher.jpg\",\"keywords\":[\"begehrten\",\"bisher\",\"diese\",\"empfehle\",\"gesehen\",\"habe\",\"ich\",\"jedem\",\"nie\",\"noch\",\"OkaWeingl\u00e4ser\",\"reduziert\",\"Sie\",\"und\"],\"articleSection\":[\"Haus &amp; Garten\"],\"inLanguage\":\"de\"},{\"@type\":\"WebPage\",\"@id\":\"https:\\\/\\\/www.strassenweb.de\\\/nachrichten\\\/ich-empfehle-jedem-diese-begehrten-oka-weinglaeser-und-habe-sie-bisher-noch-nie-reduziert-gesehen\\\/\",\"url\":\"https:\\\/\\\/www.strassenweb.de\\\/nachrichten\\\/ich-empfehle-jedem-diese-begehrten-oka-weinglaeser-und-habe-sie-bisher-noch-nie-reduziert-gesehen\\\/\",\"name\":\"Ich empfehle jedem diese begehrten Oka-Weingl\u00e4ser und habe sie bisher noch nie reduziert gesehen - Nachrichten - Stra\u00dfenweb\",\"isPartOf\":{\"@id\":\"https:\\\/\\\/www.strassenweb.de\\\/nachrichten\\\/#website\"},\"primaryImageOfPage\":{\"@id\":\"https:\\\/\\\/www.strassenweb.de\\\/nachrichten\\\/ich-empfehle-jedem-diese-begehrten-oka-weinglaeser-und-habe-sie-bisher-noch-nie-reduziert-gesehen\\\/#primaryimage\"},\"image\":{\"@id\":\"https:\\\/\\\/www.strassenweb.de\\\/nachrichten\\\/ich-empfehle-jedem-diese-begehrten-oka-weinglaeser-und-habe-sie-bisher-noch-nie-reduziert-gesehen\\\/#primaryimage\"},\"thumbnailUrl\":\"https:\\\/\\\/www.strassenweb.de\\\/nachrichten\\\/wp-content\\\/uploads\\\/2025\\\/11\\\/Ich-empfehle-jedem-diese-begehrten-Oka-Weinglaeser-und-habe-sie-bisher.jpg\",\"datePublished\":\"2025-11-28T15:39:31+00:00\",\"dateModified\":\"2025-11-28T15:39:32+00:00\",\"breadcrumb\":{\"@id\":\"https:\\\/\\\/www.strassenweb.de\\\/nachrichten\\\/ich-empfehle-jedem-diese-begehrten-oka-weinglaeser-und-habe-sie-bisher-noch-nie-reduziert-gesehen\\\/#breadcrumb\"},\"inLanguage\":\"de\",\"potentialAction\":[{\"@type\":\"ReadAction\",\"target\":[\"https:\\\/\\\/www.strassenweb.de\\\/nachrichten\\\/ich-empfehle-jedem-diese-begehrten-oka-weinglaeser-und-habe-sie-bisher-noch-nie-reduziert-gesehen\\\/\"]}]},{\"@type\":\"ImageObject\",\"inLanguage\":\"de\",\"@id\":\"https:\\\/\\\/www.strassenweb.de\\\/nachrichten\\\/ich-empfehle-jedem-diese-begehrten-oka-weinglaeser-und-habe-sie-bisher-noch-nie-reduziert-gesehen\\\/#primaryimage\",\"url\":\"https:\\\/\\\/www.strassenweb.de\\\/nachrichten\\\/wp-content\\\/uploads\\\/2025\\\/11\\\/Ich-empfehle-jedem-diese-begehrten-Oka-Weinglaeser-und-habe-sie-bisher.jpg\",\"contentUrl\":\"https:\\\/\\\/www.strassenweb.de\\\/nachrichten\\\/wp-content\\\/uploads\\\/2025\\\/11\\\/Ich-empfehle-jedem-diese-begehrten-Oka-Weinglaeser-und-habe-sie-bisher.jpg\",\"width\":1920,\"height\":1080,\"caption\":\"Christmas table\"},{\"@type\":\"BreadcrumbList\",\"@id\":\"https:\\\/\\\/www.strassenweb.de\\\/nachrichten\\\/ich-empfehle-jedem-diese-begehrten-oka-weinglaeser-und-habe-sie-bisher-noch-nie-reduziert-gesehen\\\/#breadcrumb\",\"itemListElement\":[{\"@type\":\"ListItem\",\"position\":1,\"name\":\"Home\",\"item\":\"https:\\\/\\\/www.strassenweb.de\\\/nachrichten\\\/\"},{\"@type\":\"ListItem\",\"position\":2,\"name\":\"Ich empfehle jedem diese begehrten Oka-Weingl\u00e4ser und habe sie bisher noch nie reduziert gesehen\"}]},{\"@type\":\"WebSite\",\"@id\":\"https:\\\/\\\/www.strassenweb.de\\\/nachrichten\\\/#website\",\"url\":\"https:\\\/\\\/www.strassenweb.de\\\/nachrichten\\\/\",\"name\":\"Stra\u00dfenweb\",\"description\":\"Stra\u00dfenverzeichnis f\u00fcr Deutschland\",\"publisher\":{\"@id\":\"https:\\\/\\\/www.strassenweb.de\\\/nachrichten\\\/#organization\"},\"potentialAction\":[{\"@type\":\"SearchAction\",\"target\":{\"@type\":\"EntryPoint\",\"urlTemplate\":\"https:\\\/\\\/www.strassenweb.de\\\/nachrichten\\\/?s={search_term_string}\"},\"query-input\":{\"@type\":\"PropertyValueSpecification\",\"valueRequired\":true,\"valueName\":\"search_term_string\"}}],\"inLanguage\":\"de\"},{\"@type\":\"Organization\",\"@id\":\"https:\\\/\\\/www.strassenweb.de\\\/nachrichten\\\/#organization\",\"name\":\"Stra\u00dfenweb\",\"url\":\"https:\\\/\\\/www.strassenweb.de\\\/nachrichten\\\/\",\"logo\":{\"@type\":\"ImageObject\",\"inLanguage\":\"de\",\"@id\":\"https:\\\/\\\/www.strassenweb.de\\\/nachrichten\\\/#\\\/schema\\\/logo\\\/image\\\/\",\"url\":\"https:\\\/\\\/www.strassenweb.de\\\/nachrichten\\\/wp-content\\\/uploads\\\/2024\\\/09\\\/cropped-favicon.png\",\"contentUrl\":\"https:\\\/\\\/www.strassenweb.de\\\/nachrichten\\\/wp-content\\\/uploads\\\/2024\\\/09\\\/cropped-favicon.png\",\"width\":512,\"height\":512,\"caption\":\"Stra\u00dfenweb\"},\"image\":{\"@id\":\"https:\\\/\\\/www.strassenweb.de\\\/nachrichten\\\/#\\\/schema\\\/logo\\\/image\\\/\"},\"sameAs\":[\"https:\\\/\\\/www.facebook.com\\\/strassenweb\\\/\"]},{\"@type\":\"Person\",\"@id\":\"https:\\\/\\\/www.strassenweb.de\\\/nachrichten\\\/#\\\/schema\\\/person\\\/87c9c9067f1211da429a744dc5a5aa41\",\"name\":\"Robert Hoffmann\",\"image\":{\"@type\":\"ImageObject\",\"inLanguage\":\"de\",\"@id\":\"https:\\\/\\\/www.strassenweb.de\\\/nachrichten\\\/wp-content\\\/uploads\\\/2024\\\/09\\\/strassenweb-150x150.jpg\",\"url\":\"https:\\\/\\\/www.strassenweb.de\\\/nachrichten\\\/wp-content\\\/uploads\\\/2024\\\/09\\\/strassenweb-150x150.jpg\",\"contentUrl\":\"https:\\\/\\\/www.strassenweb.de\\\/nachrichten\\\/wp-content\\\/uploads\\\/2024\\\/09\\\/strassenweb-150x150.jpg\",\"caption\":\"Robert Hoffmann\"},\"description\":\"Ich hei\u00dfe Robert Hoffmann und ich bin ein leidenschaftlicher Verfechter von \u00d6kologie und Biodiversit\u00e4t. Seit meiner Kindheit in den W\u00e4ldern Bayerns f\u00fchle ich mich mit der Natur verbunden und bin entschlossen, sie zu sch\u00fctzen. Heute widme ich mein Leben der Sensibilisierung anderer f\u00fcr die Bedeutung des Umweltschutzes f\u00fcr zuk\u00fcnftige Generationen.\",\"sameAs\":[\"https:\\\/\\\/www.strassenweb.de\\\/\"]}]}<\/script>\n<!-- \/ Yoast SEO plugin. -->","yoast_head_json":{"title":"Ich empfehle jedem diese begehrten Oka-Weingl\u00e4ser und habe sie bisher noch nie reduziert gesehen - Nachrichten - Stra\u00dfenweb","robots":{"index":"index","follow":"follow","max-snippet":"max-snippet:-1","max-image-preview":"max-image-preview:large","max-video-preview":"max-video-preview:-1"},"canonical":"https:\/\/www.strassenweb.de\/nachrichten\/ich-empfehle-jedem-diese-begehrten-oka-weinglaeser-und-habe-sie-bisher-noch-nie-reduziert-gesehen\/","og_locale":"de_DE","og_type":"article","og_title":"Ich empfehle jedem diese begehrten Oka-Weingl\u00e4ser und habe sie bisher noch nie reduziert gesehen - Nachrichten - Stra\u00dfenweb","og_description":"Die Verk\u00e4ufe sind diese Woche in vollem Gange, und ich habe versucht, mich nicht in den Trubel zu verwickeln. Dann entdeckte ich meine Lieblingsweingl\u00e4ser im","og_url":"https:\/\/www.strassenweb.de\/nachrichten\/ich-empfehle-jedem-diese-begehrten-oka-weinglaeser-und-habe-sie-bisher-noch-nie-reduziert-gesehen\/","og_site_name":"Stra\u00dfenweb","article_publisher":"https:\/\/www.facebook.com\/strassenweb\/","article_published_time":"2025-11-28T15:39:31+00:00","article_modified_time":"2025-11-28T15:39:32+00:00","og_image":[{"width":1920,"height":1080,"url":"https:\/\/www.strassenweb.de\/nachrichten\/wp-content\/uploads\/2025\/11\/Ich-empfehle-jedem-diese-begehrten-Oka-Weinglaeser-und-habe-sie-bisher.jpg","type":"image\/jpeg"}],"author":"Robert Hoffmann","twitter_card":"summary_large_image","twitter_misc":{"Verfasst von":"Robert Hoffmann","Gesch\u00e4tzte Lesezeit":"3\u00a0Minuten"},"schema":{"@context":"https:\/\/schema.org","@graph":[{"@type":"Article","@id":"https:\/\/www.strassenweb.de\/nachrichten\/ich-empfehle-jedem-diese-begehrten-oka-weinglaeser-und-habe-sie-bisher-noch-nie-reduziert-gesehen\/#article","isPartOf":{"@id":"https:\/\/www.strassenweb.de\/nachrichten\/ich-empfehle-jedem-diese-begehrten-oka-weinglaeser-und-habe-sie-bisher-noch-nie-reduziert-gesehen\/"},"author":{"name":"Robert Hoffmann","@id":"https:\/\/www.strassenweb.de\/nachrichten\/#\/schema\/person\/87c9c9067f1211da429a744dc5a5aa41"},"headline":"Ich empfehle jedem diese begehrten Oka-Weingl\u00e4ser und habe sie bisher noch nie reduziert gesehen","datePublished":"2025-11-28T15:39:31+00:00","dateModified":"2025-11-28T15:39:32+00:00","mainEntityOfPage":{"@id":"https:\/\/www.strassenweb.de\/nachrichten\/ich-empfehle-jedem-diese-begehrten-oka-weinglaeser-und-habe-sie-bisher-noch-nie-reduziert-gesehen\/"},"wordCount":538,"publisher":{"@id":"https:\/\/www.strassenweb.de\/nachrichten\/#organization"},"image":{"@id":"https:\/\/www.strassenweb.de\/nachrichten\/ich-empfehle-jedem-diese-begehrten-oka-weinglaeser-und-habe-sie-bisher-noch-nie-reduziert-gesehen\/#primaryimage"},"thumbnailUrl":"https:\/\/www.strassenweb.de\/nachrichten\/wp-content\/uploads\/2025\/11\/Ich-empfehle-jedem-diese-begehrten-Oka-Weinglaeser-und-habe-sie-bisher.jpg","keywords":["begehrten","bisher","diese","empfehle","gesehen","habe","ich","jedem","nie","noch","OkaWeingl\u00e4ser","reduziert","Sie","und"],"articleSection":["Haus &amp; Garten"],"inLanguage":"de"},{"@type":"WebPage","@id":"https:\/\/www.strassenweb.de\/nachrichten\/ich-empfehle-jedem-diese-begehrten-oka-weinglaeser-und-habe-sie-bisher-noch-nie-reduziert-gesehen\/","url":"https:\/\/www.strassenweb.de\/nachrichten\/ich-empfehle-jedem-diese-begehrten-oka-weinglaeser-und-habe-sie-bisher-noch-nie-reduziert-gesehen\/","name":"Ich empfehle jedem diese begehrten Oka-Weingl\u00e4ser und habe sie bisher noch nie reduziert gesehen - Nachrichten - Stra\u00dfenweb","isPartOf":{"@id":"https:\/\/www.strassenweb.de\/nachrichten\/#website"},"primaryImageOfPage":{"@id":"https:\/\/www.strassenweb.de\/nachrichten\/ich-empfehle-jedem-diese-begehrten-oka-weinglaeser-und-habe-sie-bisher-noch-nie-reduziert-gesehen\/#primaryimage"},"image":{"@id":"https:\/\/www.strassenweb.de\/nachrichten\/ich-empfehle-jedem-diese-begehrten-oka-weinglaeser-und-habe-sie-bisher-noch-nie-reduziert-gesehen\/#primaryimage"},"thumbnailUrl":"https:\/\/www.strassenweb.de\/nachrichten\/wp-content\/uploads\/2025\/11\/Ich-empfehle-jedem-diese-begehrten-Oka-Weinglaeser-und-habe-sie-bisher.jpg","datePublished":"2025-11-28T15:39:31+00:00","dateModified":"2025-11-28T15:39:32+00:00","breadcrumb":{"@id":"https:\/\/www.strassenweb.de\/nachrichten\/ich-empfehle-jedem-diese-begehrten-oka-weinglaeser-und-habe-sie-bisher-noch-nie-reduziert-gesehen\/#breadcrumb"},"inLanguage":"de","potentialAction":[{"@type":"ReadAction","target":["https:\/\/www.strassenweb.de\/nachrichten\/ich-empfehle-jedem-diese-begehrten-oka-weinglaeser-und-habe-sie-bisher-noch-nie-reduziert-gesehen\/"]}]},{"@type":"ImageObject","inLanguage":"de","@id":"https:\/\/www.strassenweb.de\/nachrichten\/ich-empfehle-jedem-diese-begehrten-oka-weinglaeser-und-habe-sie-bisher-noch-nie-reduziert-gesehen\/#primaryimage","url":"https:\/\/www.strassenweb.de\/nachrichten\/wp-content\/uploads\/2025\/11\/Ich-empfehle-jedem-diese-begehrten-Oka-Weinglaeser-und-habe-sie-bisher.jpg","contentUrl":"https:\/\/www.strassenweb.de\/nachrichten\/wp-content\/uploads\/2025\/11\/Ich-empfehle-jedem-diese-begehrten-Oka-Weinglaeser-und-habe-sie-bisher.jpg","width":1920,"height":1080,"caption":"Christmas table"},{"@type":"BreadcrumbList","@id":"https:\/\/www.strassenweb.de\/nachrichten\/ich-empfehle-jedem-diese-begehrten-oka-weinglaeser-und-habe-sie-bisher-noch-nie-reduziert-gesehen\/#breadcrumb","itemListElement":[{"@type":"ListItem","position":1,"name":"Home","item":"https:\/\/www.strassenweb.de\/nachrichten\/"},{"@type":"ListItem","position":2,"name":"Ich empfehle jedem diese begehrten Oka-Weingl\u00e4ser und habe sie bisher noch nie reduziert gesehen"}]},{"@type":"WebSite","@id":"https:\/\/www.strassenweb.de\/nachrichten\/#website","url":"https:\/\/www.strassenweb.de\/nachrichten\/","name":"Stra\u00dfenweb","description":"Stra\u00dfenverzeichnis f\u00fcr Deutschland","publisher":{"@id":"https:\/\/www.strassenweb.de\/nachrichten\/#organization"},"potentialAction":[{"@type":"SearchAction","target":{"@type":"EntryPoint","urlTemplate":"https:\/\/www.strassenweb.de\/nachrichten\/?s={search_term_string}"},"query-input":{"@type":"PropertyValueSpecification","valueRequired":true,"valueName":"search_term_string"}}],"inLanguage":"de"},{"@type":"Organization","@id":"https:\/\/www.strassenweb.de\/nachrichten\/#organization","name":"Stra\u00dfenweb","url":"https:\/\/www.strassenweb.de\/nachrichten\/","logo":{"@type":"ImageObject","inLanguage":"de","@id":"https:\/\/www.strassenweb.de\/nachrichten\/#\/schema\/logo\/image\/","url":"https:\/\/www.strassenweb.de\/nachrichten\/wp-content\/uploads\/2024\/09\/cropped-favicon.png","contentUrl":"https:\/\/www.strassenweb.de\/nachrichten\/wp-content\/uploads\/2024\/09\/cropped-favicon.png","width":512,"height":512,"caption":"Stra\u00dfenweb"},"image":{"@id":"https:\/\/www.strassenweb.de\/nachrichten\/#\/schema\/logo\/image\/"},"sameAs":["https:\/\/www.facebook.com\/strassenweb\/"]},{"@type":"Person","@id":"https:\/\/www.strassenweb.de\/nachrichten\/#\/schema\/person\/87c9c9067f1211da429a744dc5a5aa41","name":"Robert Hoffmann","image":{"@type":"ImageObject","inLanguage":"de","@id":"https:\/\/www.strassenweb.de\/nachrichten\/wp-content\/uploads\/2024\/09\/strassenweb-150x150.jpg","url":"https:\/\/www.strassenweb.de\/nachrichten\/wp-content\/uploads\/2024\/09\/strassenweb-150x150.jpg","contentUrl":"https:\/\/www.strassenweb.de\/nachrichten\/wp-content\/uploads\/2024\/09\/strassenweb-150x150.jpg","caption":"Robert Hoffmann"},"description":"Ich hei\u00dfe Robert Hoffmann und ich bin ein leidenschaftlicher Verfechter von \u00d6kologie und Biodiversit\u00e4t. Seit meiner Kindheit in den W\u00e4ldern Bayerns f\u00fchle ich mich mit der Natur verbunden und bin entschlossen, sie zu sch\u00fctzen. Heute widme ich mein Leben der Sensibilisierung anderer f\u00fcr die Bedeutung des Umweltschutzes f\u00fcr zuk\u00fcnftige Generationen.","sameAs":["https:\/\/www.strassenweb.de\/"]}]}},"_links":{"self":[{"href":"https:\/\/www.strassenweb.de\/nachrichten\/wp-json\/wp\/v2\/posts\/9511","targetHints":{"allow":["GET"]}}],"collection":[{"href":"https:\/\/www.strassenweb.de\/nachrichten\/wp-json\/wp\/v2\/posts"}],"about":[{"href":"https:\/\/www.strassenweb.de\/nachrichten\/wp-json\/wp\/v2\/types\/post"}],"author":[{"embeddable":true,"href":"https:\/\/www.strassenweb.de\/nachrichten\/wp-json\/wp\/v2\/users\/1"}],"replies":[{"embeddable":true,"href":"https:\/\/www.strassenweb.de\/nachrichten\/wp-json\/wp\/v2\/comments?post=9511"}],"version-history":[{"count":0,"href":"https:\/\/www.strassenweb.de\/nachrichten\/wp-json\/wp\/v2\/posts\/9511\/revisions"}],"wp:featuredmedia":[{"embeddable":true,"href":"https:\/\/www.strassenweb.de\/nachrichten\/wp-json\/wp\/v2\/media\/9512"}],"wp:attachment":[{"href":"https:\/\/www.strassenweb.de\/nachrichten\/wp-json\/wp\/v2\/media?parent=9511"}],"wp:term":[{"taxonomy":"category","embeddable":true,"href":"https:\/\/www.strassenweb.de\/nachrichten\/wp-json\/wp\/v2\/categories?post=9511"},{"taxonomy":"post_tag","embeddable":true,"href":"https:\/\/www.strassenweb.de\/nachrichten\/wp-json\/wp\/v2\/tags?post=9511"}],"curies":[{"name":"wp","href":"https:\/\/api.w.org\/{rel}","templated":true}]}}