{"id":9500,"date":"2025-11-28T04:39:34","date_gmt":"2025-11-28T03:39:34","guid":{"rendered":"https:\/\/www.strassenweb.de\/nachrichten\/gebranntes-orange-wird-2026-der-retro-farbton-sein-der-die-trends-dominiert-fotos-von-jennifer-anistons-kindheitshaus-aus-dem-jahr-1975-zeigen-warum-amber-seit-ueber-fuenf-jahrzehnten-unse\/"},"modified":"2025-11-28T04:39:35","modified_gmt":"2025-11-28T03:39:35","slug":"gebranntes-orange-wird-2026-der-retro-farbton-sein-der-die-trends-dominiert-fotos-von-jennifer-anistons-kindheitshaus-aus-dem-jahr-1975-zeigen-warum-amber-seit-ueber-fuenf-jahrzehnten-unse","status":"publish","type":"post","link":"https:\/\/www.strassenweb.de\/nachrichten\/gebranntes-orange-wird-2026-der-retro-farbton-sein-der-die-trends-dominiert-fotos-von-jennifer-anistons-kindheitshaus-aus-dem-jahr-1975-zeigen-warum-amber-seit-ueber-fuenf-jahrzehnten-unse\/","title":{"rendered":"Gebranntes Orange wird 2026 der Retro-Farbton sein, der die Trends dominiert \u2013 Fotos von Jennifer Anistons Kindheitshaus aus dem Jahr 1975 zeigen, warum Amber seit \u00fcber f\u00fcnf Jahrzehnten unsere Fantasie anregt"},"content":{"rendered":"<p><\/p>\n<div id=\"article-body\" class=\"article__body \">\n<p id=\"73eeceb1-e547-4542-99b9-76bac1d88e70\">Seit seiner ersten Beliebtheit sind \u00fcber 50 Jahre vergangen, und es gibt immer noch keine vielseitigere Farbe als gebranntes Orange. Der br\u00e4unliche, r\u00f6tliche, gelbliche Farbton ist die perfekte Erg\u00e4nzung f\u00fcr das Wohnzimmer und passt dort zu einer Vielzahl von Farbschemata und Designstilen. Da die Trends der 70er-Jahre im Jahr 2026 ein gro\u00dfes Comeback feiern, kehren wir zur ikonischen Farbe als Heldenton f\u00fcr das kommende Jahr zur\u00fcck.<\/p>\n<div id=\"ad-unit-1\" class=\"ad-unit\"><\/div>\n<p>Im Rahmen dieser Erkundung werfen wir einen Blick zur\u00fcck in die Zeit, um zu sehen, wie gebranntes Orange zu seiner Zeit verwendet wurde, und das Wohnzimmer von Jennifer Aniston als Kind ist das perfekte Beispiel. Bei einem Fotoshooting aus dem Jahr 1975 posierte die etwa sechsj\u00e4hrige Schauspielerin mit ihren Eltern John Aniston und Nancy Dow in deren Haus in Sherman Oaks, Los Angeles.<\/p>\n<aside data-block-type=\"embed\" data-render-type=\"fte\" data-skip=\"dealsy\" data-widget-type=\"seasonal\" class=\"hawk-root\"><\/aside>\n<p id=\"73eeceb1-e547-4542-99b9-76bac1d88e70-2\" class=\"paywall\" aria-hidden=\"true\">Ein orangefarbenes Samtsofa (\u00e4hnlich wie dieses von Pottery Barn) verankert den Raum, macht die cremefarbenen W\u00e4nde interessanter und verleiht dem Retro-Kunstwerk eine erdende Wirkung. Ein Couchtisch, eine Lampe und ein Beistellstuhl aus dunklem Holz sorgen f\u00fcr eine geschichtstr\u00e4chtige Atmosph\u00e4re.<\/p>\n<div class=\"van_vid_carousel\">\n<div class=\"van_vid_carousel__padding\">\n<div class=\"van_vid_carousel__container\"><\/div>\n<\/div>\n<\/div>\n<p class=\"paywall\" aria-hidden=\"true\">Die Bilder zeigen nicht nur, wie bezaubernd Jennifer Aniston als Kind war, sondern beweisen auch, dass Orange das neue Rot ist. Angesichts der Langlebigkeit und Vielseitigkeit der Farbe ist klar, dass sie nirgendwo hingehen wird.<\/p>\n<div id=\"ad-unit-2\" class=\"ad-unit\"><\/div>\n<figure class=\"van-image-figure inline-layout \" data-bordeaux-image-check id=\"f3ec8ee7-8afe-4c5e-8b50-64d10a63f3a9\">\n<div class=\"image-full-width-wrapper\">\n<div class=\"image-widthsetter\" style=\"max-width:2000px;\"><\/div>\n<\/div>\n<\/figure>\n<p id=\"660a8c47-b818-4f82-887f-25685faeac0c\">Tats\u00e4chlich nimmt die Begeisterung f\u00fcr die Farbe immer weiter zu. Nina Lichtenstein, Innenarchitektin aus New York, erkl\u00e4rt, dass dies einer der gr\u00f6\u00dften Trends des Jahres 2026 sein wird.<\/p>\n<h3 class=\"article-body__section\" id=\"section-recreate-jennifer-s-look-at-home-with-the-burnt-orange-edit\"><span>Kreieren Sie Jennifers Look zu Hause mit The Burnt Orange Edit<\/span><\/h3>\n<p id=\"d5845f2e-6e33-4448-8330-84ec65d4049a\">Ganz gleich, ob es sich um einen Hauch von gebranntem Orange handelt, der mit einer auff\u00e4lligen Einrichtung kombiniert wird, oder um Farbakzente, die in ein strukturiertes Kissen integriert werden, dieser bernsteinfarbene Farbton ist ideal, um Ihr Wohnzimmer aufzuw\u00e4rmen. Hier sind die Tipps unserer Redakteure, wie man den Look von Jennifer Aniston nachahmt und mit Orange dekoriert.<\/p>\n<div id=\"slice-container-newsletterForm-articleInbodyContent-RtAoQt7V2MeV8Ash8dErWP\" class=\"slice-container newsletter-inbodyContent-slice newsletterForm-articleInbodyContent-RtAoQt7V2MeV8Ash8dErWP slice-container-newsletterForm\"><\/div>\n<div class=\"product-container hero-product-container product-block-no-wrap\">\n<div class=\"product-block-row\"><\/div>\n<div class=\"product-block-row\"><\/div>\n<div class=\"product-block-row\"><\/div>\n<div class=\"product-block-row\"><\/div>\n<div class=\"product-block-row\"><\/div>\n<div class=\"product-block-row\"><\/div>\n<\/div>\n<p id=\"242d2a7b-fd69-4c52-bedd-d6d3d9b2d4e4\">Dar\u00fcber hinaus wird die Beliebtheit der Farbe durch ein zunehmendes Interesse an warmen Neutralt\u00f6nen und gem\u00fctlichen Braunt\u00f6nen befl\u00fcgelt.<\/p>\n<p>Nina erkl\u00e4rt: \u201eDas Wiederaufleben von Erdt\u00f6nen und Retro-Einfl\u00fcssen in Designtrends hat gebranntes Orange ins Rampenlicht ger\u00fcckt.\u201c Von Akzentw\u00e4nden und Polsterm\u00f6beln bis hin zu Accessoires und Kunstwerken wird dieser Farbton als Statement-Farbe angenommen, die Innenr\u00e4umen Tiefe und Charakter verleiht. Erwarten Sie, dass Sie in modernen H\u00e4usern und in Designzeitschriften mehr gebranntes Orange sehen werden, da es weiterhin die Kreativit\u00e4t anregt und ein Gef\u00fchl von Nostalgie mit einem modernen Touch hervorruft.\u201c<\/p>\n<figure class=\"van-image-figure inline-layout \" data-bordeaux-image-check id=\"fac5aa44-13cd-4680-a588-0fe666a67b08\">\n<div class=\"image-full-width-wrapper\">\n<div class=\"image-widthsetter\" style=\"max-width:2000px;\"><\/div>\n<\/div>\n<\/figure>\n<p id=\"8137f20f-8ea0-49d2-9d59-1bc2b3cf9303\">Gl\u00fccklicherweise ist alles, was Sie brauchen, um diesen Trend zu nutzen, ein wenig Aufmerksamkeit f\u00fcr die Ausgewogenheit.<\/p>\n<p>Nina r\u00e4t: \u201eDie Integration von gebrannten orangefarbenen M\u00f6beln in die Gestaltung Ihres Wohnzimmers ist eine transformative Entscheidung, die Ihrem Raum W\u00e4rme, Stil und Pers\u00f6nlichkeit verleiht.\u201c In sorgf\u00e4ltiger Kombination mit Elementen wie Juteteppichen und Betonkaminen sorgt gebranntes Orange f\u00fcr eine harmonische Balance von Texturen und T\u00f6nen. Mit seiner wachsenden Beliebtheit in Innenarchitekturkreisen ist gebranntes Orange auf dem besten Weg, sich zu einem zeitlosen Trend zu entwickeln, der Wohnr\u00e4ume mit seiner lebendigen und einladenden Pr\u00e4senz aufwertet.\u201c<\/p>\n<hr id=\"2d849db9-7d34-4462-9ea9-a56e0ded4c69\">\n<p id=\"b13e51d6-8a81-4c28-a44c-dd51ae49520d\">Gebranntes Orange ist die neutrale Farbe, die wir dieses Jahr \u00fcberall sehen werden. Wenn die Vergangenheit ein Indikator f\u00fcr die Zukunft ist, wird sie in 50 Jahren genauso schick sein.<\/p>\n<div class=\"min-h-(270px) mb-4 viafoura-twig-component\" id=\"viafoura-engagement-starter-wrapper\" data-component-name=\"Elk:Embed:EngagementStarter\">\n<div class=\"viafoura\">\n<div>\n<vf-conversation-starter target=\"viafoura-comments\" title=\"What do you think of Jennifer Aniston's childhood living room?\" description=\"How will you be decorating with burnt orange this year?\" minimum-comment-count=\"5\"><br \/>\n<\/vf-conversation-starter>\n<\/div>\n<\/div>\n<\/div>\n<hr id=\"0e30524d-26f3-4b21-82e5-53c72a629142\">\n<div class=\"block\" id=\"articleTag\" data-component-name=\"PostArticleLinks\" data-mrf-recirculation=\"post-article-links\">\n<div class=\"border-b border-b-black border-solid py-2.5 text-black font-bold uppercase\">THEMEN<\/div>\n<nav class=\"py-2.5 flex gap-2.5 flex-wrap\" data-analytics-id=\"article-tag\" data-mrf-recirculation=\"article-tag\">\n<p>Jennifer Aniston<\/p>\n<\/nav>\n<\/div>\n<\/div>\n","protected":false},"excerpt":{"rendered":"<p>Seit seiner ersten Beliebtheit sind \u00fcber 50 Jahre vergangen, und es gibt immer noch keine vielseitigere Farbe als gebranntes Orange. Der br\u00e4unliche, r\u00f6tliche, gelbliche Farbton<\/p>\n","protected":false},"author":1,"featured_media":9501,"comment_status":"closed","ping_status":"","sticky":false,"template":"","format":"standard","meta":{"footnotes":""},"categories":[118],"tags":[3386,2711,11796,287,91,81,9,2715,11795,11793,1127,11547,384,7446,528,11794,9197,11792,306,836,1733,260,1068,21,744,71,706],"class_list":["post-9500","post","type-post","status-publish","format-standard","has-post-thumbnail","hentry","category-haus-garten","tag-amber","tag-anistons","tag-anregt","tag-aus","tag-dem","tag-der","tag-die","tag-dominiert","tag-fantasie","tag-fotos","tag-fuenf","tag-gebranntes","tag-jahr","tag-jahrzehnten","tag-jennifer","tag-kindheitshaus","tag-orange","tag-retrofarbton","tag-sein","tag-seit","tag-trends","tag-ueber","tag-unsere","tag-von","tag-warum","tag-wird","tag-zeigen","generate-columns","tablet-grid-50","mobile-grid-100","grid-parent","grid-50"],"yoast_head":"<!-- This site is optimized with the Yoast SEO plugin v27.3 - https:\/\/yoast.com\/product\/yoast-seo-wordpress\/ -->\n<title>Gebranntes Orange wird 2026 der Retro-Farbton sein, der die Trends dominiert \u2013 Fotos von Jennifer Anistons Kindheitshaus aus dem Jahr 1975 zeigen, warum Amber seit \u00fcber f\u00fcnf Jahrzehnten unsere Fantasie anregt - Nachrichten - Stra\u00dfenweb<\/title>\n<meta name=\"robots\" content=\"index, follow, max-snippet:-1, max-image-preview:large, max-video-preview:-1\" \/>\n<link rel=\"canonical\" href=\"https:\/\/www.strassenweb.de\/nachrichten\/gebranntes-orange-wird-2026-der-retro-farbton-sein-der-die-trends-dominiert-fotos-von-jennifer-anistons-kindheitshaus-aus-dem-jahr-1975-zeigen-warum-amber-seit-ueber-fuenf-jahrzehnten-unse\/\" \/>\n<meta property=\"og:locale\" content=\"de_DE\" \/>\n<meta property=\"og:type\" content=\"article\" \/>\n<meta property=\"og:title\" content=\"Gebranntes Orange wird 2026 der Retro-Farbton sein, der die Trends dominiert \u2013 Fotos von Jennifer Anistons Kindheitshaus aus dem Jahr 1975 zeigen, warum Amber seit \u00fcber f\u00fcnf Jahrzehnten unsere Fantasie anregt - Nachrichten - Stra\u00dfenweb\" \/>\n<meta property=\"og:description\" content=\"Seit seiner ersten Beliebtheit sind \u00fcber 50 Jahre vergangen, und es gibt immer noch keine vielseitigere Farbe als gebranntes Orange. Der br\u00e4unliche, r\u00f6tliche, gelbliche Farbton\" \/>\n<meta property=\"og:url\" content=\"https:\/\/www.strassenweb.de\/nachrichten\/gebranntes-orange-wird-2026-der-retro-farbton-sein-der-die-trends-dominiert-fotos-von-jennifer-anistons-kindheitshaus-aus-dem-jahr-1975-zeigen-warum-amber-seit-ueber-fuenf-jahrzehnten-unse\/\" \/>\n<meta property=\"og:site_name\" content=\"Stra\u00dfenweb\" \/>\n<meta property=\"article:publisher\" content=\"https:\/\/www.facebook.com\/strassenweb\/\" \/>\n<meta property=\"article:published_time\" content=\"2025-11-28T03:39:34+00:00\" \/>\n<meta property=\"article:modified_time\" content=\"2025-11-28T03:39:35+00:00\" \/>\n<meta property=\"og:image\" content=\"https:\/\/www.strassenweb.de\/nachrichten\/wp-content\/uploads\/2025\/11\/Gebranntes-Orange-wird-2026-der-Retro-Farbton-sein-der-die-Trends.jpg\" \/>\n\t<meta property=\"og:image:width\" content=\"1600\" \/>\n\t<meta property=\"og:image:height\" content=\"900\" \/>\n\t<meta property=\"og:image:type\" content=\"image\/jpeg\" \/>\n<meta name=\"author\" content=\"Robert Hoffmann\" \/>\n<meta name=\"twitter:card\" content=\"summary_large_image\" \/>\n<meta name=\"twitter:label1\" content=\"Verfasst von\" \/>\n\t<meta name=\"twitter:data1\" content=\"Robert Hoffmann\" \/>\n\t<meta name=\"twitter:label2\" content=\"Gesch\u00e4tzte Lesezeit\" \/>\n\t<meta name=\"twitter:data2\" content=\"3\u00a0Minuten\" \/>\n<script type=\"application\/ld+json\" class=\"yoast-schema-graph\">{\"@context\":\"https:\\\/\\\/schema.org\",\"@graph\":[{\"@type\":\"Article\",\"@id\":\"https:\\\/\\\/www.strassenweb.de\\\/nachrichten\\\/gebranntes-orange-wird-2026-der-retro-farbton-sein-der-die-trends-dominiert-fotos-von-jennifer-anistons-kindheitshaus-aus-dem-jahr-1975-zeigen-warum-amber-seit-ueber-fuenf-jahrzehnten-unse\\\/#article\",\"isPartOf\":{\"@id\":\"https:\\\/\\\/www.strassenweb.de\\\/nachrichten\\\/gebranntes-orange-wird-2026-der-retro-farbton-sein-der-die-trends-dominiert-fotos-von-jennifer-anistons-kindheitshaus-aus-dem-jahr-1975-zeigen-warum-amber-seit-ueber-fuenf-jahrzehnten-unse\\\/\"},\"author\":{\"name\":\"Robert Hoffmann\",\"@id\":\"https:\\\/\\\/www.strassenweb.de\\\/nachrichten\\\/#\\\/schema\\\/person\\\/87c9c9067f1211da429a744dc5a5aa41\"},\"headline\":\"Gebranntes Orange wird 2026 der Retro-Farbton sein, der die Trends dominiert \u2013 Fotos von Jennifer Anistons Kindheitshaus aus dem Jahr 1975 zeigen, warum Amber seit \u00fcber f\u00fcnf Jahrzehnten unsere Fantasie anregt\",\"datePublished\":\"2025-11-28T03:39:34+00:00\",\"dateModified\":\"2025-11-28T03:39:35+00:00\",\"mainEntityOfPage\":{\"@id\":\"https:\\\/\\\/www.strassenweb.de\\\/nachrichten\\\/gebranntes-orange-wird-2026-der-retro-farbton-sein-der-die-trends-dominiert-fotos-von-jennifer-anistons-kindheitshaus-aus-dem-jahr-1975-zeigen-warum-amber-seit-ueber-fuenf-jahrzehnten-unse\\\/\"},\"wordCount\":579,\"publisher\":{\"@id\":\"https:\\\/\\\/www.strassenweb.de\\\/nachrichten\\\/#organization\"},\"image\":{\"@id\":\"https:\\\/\\\/www.strassenweb.de\\\/nachrichten\\\/gebranntes-orange-wird-2026-der-retro-farbton-sein-der-die-trends-dominiert-fotos-von-jennifer-anistons-kindheitshaus-aus-dem-jahr-1975-zeigen-warum-amber-seit-ueber-fuenf-jahrzehnten-unse\\\/#primaryimage\"},\"thumbnailUrl\":\"https:\\\/\\\/www.strassenweb.de\\\/nachrichten\\\/wp-content\\\/uploads\\\/2025\\\/11\\\/Gebranntes-Orange-wird-2026-der-Retro-Farbton-sein-der-die-Trends.jpg\",\"keywords\":[\"Amber\",\"Anistons\",\"anregt\",\"aus\",\"dem\",\"der\",\"die\",\"dominiert\",\"Fantasie\",\"Fotos\",\"f\u00fcnf\",\"gebranntes\",\"Jahr\",\"Jahrzehnten\",\"Jennifer\",\"Kindheitshaus\",\"Orange\",\"RetroFarbton\",\"sein\",\"seit\",\"Trends\",\"\u00fcber\",\"Unsere\",\"von\",\"warum\",\"wird\",\"zeigen\"],\"articleSection\":[\"Haus &amp; Garten\"],\"inLanguage\":\"de\"},{\"@type\":\"WebPage\",\"@id\":\"https:\\\/\\\/www.strassenweb.de\\\/nachrichten\\\/gebranntes-orange-wird-2026-der-retro-farbton-sein-der-die-trends-dominiert-fotos-von-jennifer-anistons-kindheitshaus-aus-dem-jahr-1975-zeigen-warum-amber-seit-ueber-fuenf-jahrzehnten-unse\\\/\",\"url\":\"https:\\\/\\\/www.strassenweb.de\\\/nachrichten\\\/gebranntes-orange-wird-2026-der-retro-farbton-sein-der-die-trends-dominiert-fotos-von-jennifer-anistons-kindheitshaus-aus-dem-jahr-1975-zeigen-warum-amber-seit-ueber-fuenf-jahrzehnten-unse\\\/\",\"name\":\"Gebranntes Orange wird 2026 der Retro-Farbton sein, der die Trends dominiert \u2013 Fotos von Jennifer Anistons Kindheitshaus aus dem Jahr 1975 zeigen, warum Amber seit \u00fcber f\u00fcnf Jahrzehnten unsere Fantasie anregt - Nachrichten - Stra\u00dfenweb\",\"isPartOf\":{\"@id\":\"https:\\\/\\\/www.strassenweb.de\\\/nachrichten\\\/#website\"},\"primaryImageOfPage\":{\"@id\":\"https:\\\/\\\/www.strassenweb.de\\\/nachrichten\\\/gebranntes-orange-wird-2026-der-retro-farbton-sein-der-die-trends-dominiert-fotos-von-jennifer-anistons-kindheitshaus-aus-dem-jahr-1975-zeigen-warum-amber-seit-ueber-fuenf-jahrzehnten-unse\\\/#primaryimage\"},\"image\":{\"@id\":\"https:\\\/\\\/www.strassenweb.de\\\/nachrichten\\\/gebranntes-orange-wird-2026-der-retro-farbton-sein-der-die-trends-dominiert-fotos-von-jennifer-anistons-kindheitshaus-aus-dem-jahr-1975-zeigen-warum-amber-seit-ueber-fuenf-jahrzehnten-unse\\\/#primaryimage\"},\"thumbnailUrl\":\"https:\\\/\\\/www.strassenweb.de\\\/nachrichten\\\/wp-content\\\/uploads\\\/2025\\\/11\\\/Gebranntes-Orange-wird-2026-der-Retro-Farbton-sein-der-die-Trends.jpg\",\"datePublished\":\"2025-11-28T03:39:34+00:00\",\"dateModified\":\"2025-11-28T03:39:35+00:00\",\"breadcrumb\":{\"@id\":\"https:\\\/\\\/www.strassenweb.de\\\/nachrichten\\\/gebranntes-orange-wird-2026-der-retro-farbton-sein-der-die-trends-dominiert-fotos-von-jennifer-anistons-kindheitshaus-aus-dem-jahr-1975-zeigen-warum-amber-seit-ueber-fuenf-jahrzehnten-unse\\\/#breadcrumb\"},\"inLanguage\":\"de\",\"potentialAction\":[{\"@type\":\"ReadAction\",\"target\":[\"https:\\\/\\\/www.strassenweb.de\\\/nachrichten\\\/gebranntes-orange-wird-2026-der-retro-farbton-sein-der-die-trends-dominiert-fotos-von-jennifer-anistons-kindheitshaus-aus-dem-jahr-1975-zeigen-warum-amber-seit-ueber-fuenf-jahrzehnten-unse\\\/\"]}]},{\"@type\":\"ImageObject\",\"inLanguage\":\"de\",\"@id\":\"https:\\\/\\\/www.strassenweb.de\\\/nachrichten\\\/gebranntes-orange-wird-2026-der-retro-farbton-sein-der-die-trends-dominiert-fotos-von-jennifer-anistons-kindheitshaus-aus-dem-jahr-1975-zeigen-warum-amber-seit-ueber-fuenf-jahrzehnten-unse\\\/#primaryimage\",\"url\":\"https:\\\/\\\/www.strassenweb.de\\\/nachrichten\\\/wp-content\\\/uploads\\\/2025\\\/11\\\/Gebranntes-Orange-wird-2026-der-Retro-Farbton-sein-der-die-Trends.jpg\",\"contentUrl\":\"https:\\\/\\\/www.strassenweb.de\\\/nachrichten\\\/wp-content\\\/uploads\\\/2025\\\/11\\\/Gebranntes-Orange-wird-2026-der-Retro-Farbton-sein-der-die-Trends.jpg\",\"width\":1600,\"height\":900,\"caption\":\"jennifer aniston in her childhood home\"},{\"@type\":\"BreadcrumbList\",\"@id\":\"https:\\\/\\\/www.strassenweb.de\\\/nachrichten\\\/gebranntes-orange-wird-2026-der-retro-farbton-sein-der-die-trends-dominiert-fotos-von-jennifer-anistons-kindheitshaus-aus-dem-jahr-1975-zeigen-warum-amber-seit-ueber-fuenf-jahrzehnten-unse\\\/#breadcrumb\",\"itemListElement\":[{\"@type\":\"ListItem\",\"position\":1,\"name\":\"Home\",\"item\":\"https:\\\/\\\/www.strassenweb.de\\\/nachrichten\\\/\"},{\"@type\":\"ListItem\",\"position\":2,\"name\":\"Gebranntes Orange wird 2026 der Retro-Farbton sein, der die Trends dominiert \u2013 Fotos von Jennifer Anistons Kindheitshaus aus dem Jahr 1975 zeigen, warum Amber seit \u00fcber f\u00fcnf Jahrzehnten unsere Fantasie anregt\"}]},{\"@type\":\"WebSite\",\"@id\":\"https:\\\/\\\/www.strassenweb.de\\\/nachrichten\\\/#website\",\"url\":\"https:\\\/\\\/www.strassenweb.de\\\/nachrichten\\\/\",\"name\":\"Stra\u00dfenweb\",\"description\":\"Stra\u00dfenverzeichnis f\u00fcr Deutschland\",\"publisher\":{\"@id\":\"https:\\\/\\\/www.strassenweb.de\\\/nachrichten\\\/#organization\"},\"potentialAction\":[{\"@type\":\"SearchAction\",\"target\":{\"@type\":\"EntryPoint\",\"urlTemplate\":\"https:\\\/\\\/www.strassenweb.de\\\/nachrichten\\\/?s={search_term_string}\"},\"query-input\":{\"@type\":\"PropertyValueSpecification\",\"valueRequired\":true,\"valueName\":\"search_term_string\"}}],\"inLanguage\":\"de\"},{\"@type\":\"Organization\",\"@id\":\"https:\\\/\\\/www.strassenweb.de\\\/nachrichten\\\/#organization\",\"name\":\"Stra\u00dfenweb\",\"url\":\"https:\\\/\\\/www.strassenweb.de\\\/nachrichten\\\/\",\"logo\":{\"@type\":\"ImageObject\",\"inLanguage\":\"de\",\"@id\":\"https:\\\/\\\/www.strassenweb.de\\\/nachrichten\\\/#\\\/schema\\\/logo\\\/image\\\/\",\"url\":\"https:\\\/\\\/www.strassenweb.de\\\/nachrichten\\\/wp-content\\\/uploads\\\/2024\\\/09\\\/cropped-favicon.png\",\"contentUrl\":\"https:\\\/\\\/www.strassenweb.de\\\/nachrichten\\\/wp-content\\\/uploads\\\/2024\\\/09\\\/cropped-favicon.png\",\"width\":512,\"height\":512,\"caption\":\"Stra\u00dfenweb\"},\"image\":{\"@id\":\"https:\\\/\\\/www.strassenweb.de\\\/nachrichten\\\/#\\\/schema\\\/logo\\\/image\\\/\"},\"sameAs\":[\"https:\\\/\\\/www.facebook.com\\\/strassenweb\\\/\"]},{\"@type\":\"Person\",\"@id\":\"https:\\\/\\\/www.strassenweb.de\\\/nachrichten\\\/#\\\/schema\\\/person\\\/87c9c9067f1211da429a744dc5a5aa41\",\"name\":\"Robert Hoffmann\",\"image\":{\"@type\":\"ImageObject\",\"inLanguage\":\"de\",\"@id\":\"https:\\\/\\\/www.strassenweb.de\\\/nachrichten\\\/wp-content\\\/uploads\\\/2024\\\/09\\\/strassenweb-150x150.jpg\",\"url\":\"https:\\\/\\\/www.strassenweb.de\\\/nachrichten\\\/wp-content\\\/uploads\\\/2024\\\/09\\\/strassenweb-150x150.jpg\",\"contentUrl\":\"https:\\\/\\\/www.strassenweb.de\\\/nachrichten\\\/wp-content\\\/uploads\\\/2024\\\/09\\\/strassenweb-150x150.jpg\",\"caption\":\"Robert Hoffmann\"},\"description\":\"Ich hei\u00dfe Robert Hoffmann und ich bin ein leidenschaftlicher Verfechter von \u00d6kologie und Biodiversit\u00e4t. Seit meiner Kindheit in den W\u00e4ldern Bayerns f\u00fchle ich mich mit der Natur verbunden und bin entschlossen, sie zu sch\u00fctzen. Heute widme ich mein Leben der Sensibilisierung anderer f\u00fcr die Bedeutung des Umweltschutzes f\u00fcr zuk\u00fcnftige Generationen.\",\"sameAs\":[\"https:\\\/\\\/www.strassenweb.de\\\/\"]}]}<\/script>\n<!-- \/ Yoast SEO plugin. -->","yoast_head_json":{"title":"Gebranntes Orange wird 2026 der Retro-Farbton sein, der die Trends dominiert \u2013 Fotos von Jennifer Anistons Kindheitshaus aus dem Jahr 1975 zeigen, warum Amber seit \u00fcber f\u00fcnf Jahrzehnten unsere Fantasie anregt - Nachrichten - Stra\u00dfenweb","robots":{"index":"index","follow":"follow","max-snippet":"max-snippet:-1","max-image-preview":"max-image-preview:large","max-video-preview":"max-video-preview:-1"},"canonical":"https:\/\/www.strassenweb.de\/nachrichten\/gebranntes-orange-wird-2026-der-retro-farbton-sein-der-die-trends-dominiert-fotos-von-jennifer-anistons-kindheitshaus-aus-dem-jahr-1975-zeigen-warum-amber-seit-ueber-fuenf-jahrzehnten-unse\/","og_locale":"de_DE","og_type":"article","og_title":"Gebranntes Orange wird 2026 der Retro-Farbton sein, der die Trends dominiert \u2013 Fotos von Jennifer Anistons Kindheitshaus aus dem Jahr 1975 zeigen, warum Amber seit \u00fcber f\u00fcnf Jahrzehnten unsere Fantasie anregt - Nachrichten - Stra\u00dfenweb","og_description":"Seit seiner ersten Beliebtheit sind \u00fcber 50 Jahre vergangen, und es gibt immer noch keine vielseitigere Farbe als gebranntes Orange. Der br\u00e4unliche, r\u00f6tliche, gelbliche Farbton","og_url":"https:\/\/www.strassenweb.de\/nachrichten\/gebranntes-orange-wird-2026-der-retro-farbton-sein-der-die-trends-dominiert-fotos-von-jennifer-anistons-kindheitshaus-aus-dem-jahr-1975-zeigen-warum-amber-seit-ueber-fuenf-jahrzehnten-unse\/","og_site_name":"Stra\u00dfenweb","article_publisher":"https:\/\/www.facebook.com\/strassenweb\/","article_published_time":"2025-11-28T03:39:34+00:00","article_modified_time":"2025-11-28T03:39:35+00:00","og_image":[{"width":1600,"height":900,"url":"https:\/\/www.strassenweb.de\/nachrichten\/wp-content\/uploads\/2025\/11\/Gebranntes-Orange-wird-2026-der-Retro-Farbton-sein-der-die-Trends.jpg","type":"image\/jpeg"}],"author":"Robert Hoffmann","twitter_card":"summary_large_image","twitter_misc":{"Verfasst von":"Robert Hoffmann","Gesch\u00e4tzte Lesezeit":"3\u00a0Minuten"},"schema":{"@context":"https:\/\/schema.org","@graph":[{"@type":"Article","@id":"https:\/\/www.strassenweb.de\/nachrichten\/gebranntes-orange-wird-2026-der-retro-farbton-sein-der-die-trends-dominiert-fotos-von-jennifer-anistons-kindheitshaus-aus-dem-jahr-1975-zeigen-warum-amber-seit-ueber-fuenf-jahrzehnten-unse\/#article","isPartOf":{"@id":"https:\/\/www.strassenweb.de\/nachrichten\/gebranntes-orange-wird-2026-der-retro-farbton-sein-der-die-trends-dominiert-fotos-von-jennifer-anistons-kindheitshaus-aus-dem-jahr-1975-zeigen-warum-amber-seit-ueber-fuenf-jahrzehnten-unse\/"},"author":{"name":"Robert Hoffmann","@id":"https:\/\/www.strassenweb.de\/nachrichten\/#\/schema\/person\/87c9c9067f1211da429a744dc5a5aa41"},"headline":"Gebranntes Orange wird 2026 der Retro-Farbton sein, der die Trends dominiert \u2013 Fotos von Jennifer Anistons Kindheitshaus aus dem Jahr 1975 zeigen, warum Amber seit \u00fcber f\u00fcnf Jahrzehnten unsere Fantasie anregt","datePublished":"2025-11-28T03:39:34+00:00","dateModified":"2025-11-28T03:39:35+00:00","mainEntityOfPage":{"@id":"https:\/\/www.strassenweb.de\/nachrichten\/gebranntes-orange-wird-2026-der-retro-farbton-sein-der-die-trends-dominiert-fotos-von-jennifer-anistons-kindheitshaus-aus-dem-jahr-1975-zeigen-warum-amber-seit-ueber-fuenf-jahrzehnten-unse\/"},"wordCount":579,"publisher":{"@id":"https:\/\/www.strassenweb.de\/nachrichten\/#organization"},"image":{"@id":"https:\/\/www.strassenweb.de\/nachrichten\/gebranntes-orange-wird-2026-der-retro-farbton-sein-der-die-trends-dominiert-fotos-von-jennifer-anistons-kindheitshaus-aus-dem-jahr-1975-zeigen-warum-amber-seit-ueber-fuenf-jahrzehnten-unse\/#primaryimage"},"thumbnailUrl":"https:\/\/www.strassenweb.de\/nachrichten\/wp-content\/uploads\/2025\/11\/Gebranntes-Orange-wird-2026-der-Retro-Farbton-sein-der-die-Trends.jpg","keywords":["Amber","Anistons","anregt","aus","dem","der","die","dominiert","Fantasie","Fotos","f\u00fcnf","gebranntes","Jahr","Jahrzehnten","Jennifer","Kindheitshaus","Orange","RetroFarbton","sein","seit","Trends","\u00fcber","Unsere","von","warum","wird","zeigen"],"articleSection":["Haus &amp; Garten"],"inLanguage":"de"},{"@type":"WebPage","@id":"https:\/\/www.strassenweb.de\/nachrichten\/gebranntes-orange-wird-2026-der-retro-farbton-sein-der-die-trends-dominiert-fotos-von-jennifer-anistons-kindheitshaus-aus-dem-jahr-1975-zeigen-warum-amber-seit-ueber-fuenf-jahrzehnten-unse\/","url":"https:\/\/www.strassenweb.de\/nachrichten\/gebranntes-orange-wird-2026-der-retro-farbton-sein-der-die-trends-dominiert-fotos-von-jennifer-anistons-kindheitshaus-aus-dem-jahr-1975-zeigen-warum-amber-seit-ueber-fuenf-jahrzehnten-unse\/","name":"Gebranntes Orange wird 2026 der Retro-Farbton sein, der die Trends dominiert \u2013 Fotos von Jennifer Anistons Kindheitshaus aus dem Jahr 1975 zeigen, warum Amber seit \u00fcber f\u00fcnf Jahrzehnten unsere Fantasie anregt - Nachrichten - Stra\u00dfenweb","isPartOf":{"@id":"https:\/\/www.strassenweb.de\/nachrichten\/#website"},"primaryImageOfPage":{"@id":"https:\/\/www.strassenweb.de\/nachrichten\/gebranntes-orange-wird-2026-der-retro-farbton-sein-der-die-trends-dominiert-fotos-von-jennifer-anistons-kindheitshaus-aus-dem-jahr-1975-zeigen-warum-amber-seit-ueber-fuenf-jahrzehnten-unse\/#primaryimage"},"image":{"@id":"https:\/\/www.strassenweb.de\/nachrichten\/gebranntes-orange-wird-2026-der-retro-farbton-sein-der-die-trends-dominiert-fotos-von-jennifer-anistons-kindheitshaus-aus-dem-jahr-1975-zeigen-warum-amber-seit-ueber-fuenf-jahrzehnten-unse\/#primaryimage"},"thumbnailUrl":"https:\/\/www.strassenweb.de\/nachrichten\/wp-content\/uploads\/2025\/11\/Gebranntes-Orange-wird-2026-der-Retro-Farbton-sein-der-die-Trends.jpg","datePublished":"2025-11-28T03:39:34+00:00","dateModified":"2025-11-28T03:39:35+00:00","breadcrumb":{"@id":"https:\/\/www.strassenweb.de\/nachrichten\/gebranntes-orange-wird-2026-der-retro-farbton-sein-der-die-trends-dominiert-fotos-von-jennifer-anistons-kindheitshaus-aus-dem-jahr-1975-zeigen-warum-amber-seit-ueber-fuenf-jahrzehnten-unse\/#breadcrumb"},"inLanguage":"de","potentialAction":[{"@type":"ReadAction","target":["https:\/\/www.strassenweb.de\/nachrichten\/gebranntes-orange-wird-2026-der-retro-farbton-sein-der-die-trends-dominiert-fotos-von-jennifer-anistons-kindheitshaus-aus-dem-jahr-1975-zeigen-warum-amber-seit-ueber-fuenf-jahrzehnten-unse\/"]}]},{"@type":"ImageObject","inLanguage":"de","@id":"https:\/\/www.strassenweb.de\/nachrichten\/gebranntes-orange-wird-2026-der-retro-farbton-sein-der-die-trends-dominiert-fotos-von-jennifer-anistons-kindheitshaus-aus-dem-jahr-1975-zeigen-warum-amber-seit-ueber-fuenf-jahrzehnten-unse\/#primaryimage","url":"https:\/\/www.strassenweb.de\/nachrichten\/wp-content\/uploads\/2025\/11\/Gebranntes-Orange-wird-2026-der-Retro-Farbton-sein-der-die-Trends.jpg","contentUrl":"https:\/\/www.strassenweb.de\/nachrichten\/wp-content\/uploads\/2025\/11\/Gebranntes-Orange-wird-2026-der-Retro-Farbton-sein-der-die-Trends.jpg","width":1600,"height":900,"caption":"jennifer aniston in her childhood home"},{"@type":"BreadcrumbList","@id":"https:\/\/www.strassenweb.de\/nachrichten\/gebranntes-orange-wird-2026-der-retro-farbton-sein-der-die-trends-dominiert-fotos-von-jennifer-anistons-kindheitshaus-aus-dem-jahr-1975-zeigen-warum-amber-seit-ueber-fuenf-jahrzehnten-unse\/#breadcrumb","itemListElement":[{"@type":"ListItem","position":1,"name":"Home","item":"https:\/\/www.strassenweb.de\/nachrichten\/"},{"@type":"ListItem","position":2,"name":"Gebranntes Orange wird 2026 der Retro-Farbton sein, der die Trends dominiert \u2013 Fotos von Jennifer Anistons Kindheitshaus aus dem Jahr 1975 zeigen, warum Amber seit \u00fcber f\u00fcnf Jahrzehnten unsere Fantasie anregt"}]},{"@type":"WebSite","@id":"https:\/\/www.strassenweb.de\/nachrichten\/#website","url":"https:\/\/www.strassenweb.de\/nachrichten\/","name":"Stra\u00dfenweb","description":"Stra\u00dfenverzeichnis f\u00fcr Deutschland","publisher":{"@id":"https:\/\/www.strassenweb.de\/nachrichten\/#organization"},"potentialAction":[{"@type":"SearchAction","target":{"@type":"EntryPoint","urlTemplate":"https:\/\/www.strassenweb.de\/nachrichten\/?s={search_term_string}"},"query-input":{"@type":"PropertyValueSpecification","valueRequired":true,"valueName":"search_term_string"}}],"inLanguage":"de"},{"@type":"Organization","@id":"https:\/\/www.strassenweb.de\/nachrichten\/#organization","name":"Stra\u00dfenweb","url":"https:\/\/www.strassenweb.de\/nachrichten\/","logo":{"@type":"ImageObject","inLanguage":"de","@id":"https:\/\/www.strassenweb.de\/nachrichten\/#\/schema\/logo\/image\/","url":"https:\/\/www.strassenweb.de\/nachrichten\/wp-content\/uploads\/2024\/09\/cropped-favicon.png","contentUrl":"https:\/\/www.strassenweb.de\/nachrichten\/wp-content\/uploads\/2024\/09\/cropped-favicon.png","width":512,"height":512,"caption":"Stra\u00dfenweb"},"image":{"@id":"https:\/\/www.strassenweb.de\/nachrichten\/#\/schema\/logo\/image\/"},"sameAs":["https:\/\/www.facebook.com\/strassenweb\/"]},{"@type":"Person","@id":"https:\/\/www.strassenweb.de\/nachrichten\/#\/schema\/person\/87c9c9067f1211da429a744dc5a5aa41","name":"Robert Hoffmann","image":{"@type":"ImageObject","inLanguage":"de","@id":"https:\/\/www.strassenweb.de\/nachrichten\/wp-content\/uploads\/2024\/09\/strassenweb-150x150.jpg","url":"https:\/\/www.strassenweb.de\/nachrichten\/wp-content\/uploads\/2024\/09\/strassenweb-150x150.jpg","contentUrl":"https:\/\/www.strassenweb.de\/nachrichten\/wp-content\/uploads\/2024\/09\/strassenweb-150x150.jpg","caption":"Robert Hoffmann"},"description":"Ich hei\u00dfe Robert Hoffmann und ich bin ein leidenschaftlicher Verfechter von \u00d6kologie und Biodiversit\u00e4t. Seit meiner Kindheit in den W\u00e4ldern Bayerns f\u00fchle ich mich mit der Natur verbunden und bin entschlossen, sie zu sch\u00fctzen. Heute widme ich mein Leben der Sensibilisierung anderer f\u00fcr die Bedeutung des Umweltschutzes f\u00fcr zuk\u00fcnftige Generationen.","sameAs":["https:\/\/www.strassenweb.de\/"]}]}},"_links":{"self":[{"href":"https:\/\/www.strassenweb.de\/nachrichten\/wp-json\/wp\/v2\/posts\/9500","targetHints":{"allow":["GET"]}}],"collection":[{"href":"https:\/\/www.strassenweb.de\/nachrichten\/wp-json\/wp\/v2\/posts"}],"about":[{"href":"https:\/\/www.strassenweb.de\/nachrichten\/wp-json\/wp\/v2\/types\/post"}],"author":[{"embeddable":true,"href":"https:\/\/www.strassenweb.de\/nachrichten\/wp-json\/wp\/v2\/users\/1"}],"replies":[{"embeddable":true,"href":"https:\/\/www.strassenweb.de\/nachrichten\/wp-json\/wp\/v2\/comments?post=9500"}],"version-history":[{"count":0,"href":"https:\/\/www.strassenweb.de\/nachrichten\/wp-json\/wp\/v2\/posts\/9500\/revisions"}],"wp:featuredmedia":[{"embeddable":true,"href":"https:\/\/www.strassenweb.de\/nachrichten\/wp-json\/wp\/v2\/media\/9501"}],"wp:attachment":[{"href":"https:\/\/www.strassenweb.de\/nachrichten\/wp-json\/wp\/v2\/media?parent=9500"}],"wp:term":[{"taxonomy":"category","embeddable":true,"href":"https:\/\/www.strassenweb.de\/nachrichten\/wp-json\/wp\/v2\/categories?post=9500"},{"taxonomy":"post_tag","embeddable":true,"href":"https:\/\/www.strassenweb.de\/nachrichten\/wp-json\/wp\/v2\/tags?post=9500"}],"curies":[{"name":"wp","href":"https:\/\/api.w.org\/{rel}","templated":true}]}}