{"id":95,"date":"2024-09-23T12:30:19","date_gmt":"2024-09-23T10:30:19","guid":{"rendered":"https:\/\/www.strassenweb.de\/nachrichten\/die-britische-regierung-muss-sich-diese-woche-erneut-mit-der-berner-konvention-wegen-ihrer-dachsjagdpolitik-auseinandersetzen\/"},"modified":"2024-09-23T12:30:20","modified_gmt":"2024-09-23T10:30:20","slug":"die-britische-regierung-muss-sich-diese-woche-erneut-mit-der-berner-konvention-wegen-ihrer-dachsjagdpolitik-auseinandersetzen","status":"publish","type":"post","link":"https:\/\/www.strassenweb.de\/nachrichten\/die-britische-regierung-muss-sich-diese-woche-erneut-mit-der-berner-konvention-wegen-ihrer-dachsjagdpolitik-auseinandersetzen\/","title":{"rendered":"Die britische Regierung muss sich diese Woche erneut mit der Berner Konvention wegen ihrer Dachsjagdpolitik auseinandersetzen"},"content":{"rendered":"<p><strong>Neue Erkenntnisse unterstreichen die Sorge um das lokale Aussterben der Arten aufgrund einer unzureichenden Volksz\u00e4hlung und der Entscheidung von Natural England im Jahr 2024, entgegen den Empfehlungen eine Keulung vorzunehmen.<\/strong><\/p>\n<p>Die britische Regierung wendet sich diese Woche erneut gegen die Berner Konvention, da sie weiterhin umstrittene Politik zur Dachsabschusspolitik verfolgt, in deren Rahmen bereits \u00fcber 230.000 Dachse get\u00f6tet wurden und f\u00fcr 2024 die T\u00f6tung weiterer 50.000 Dachse geplant ist.  <\/p>\n<p>Die Berner Konvention ist ein internationaler Vertrag zum Schutz von Natur und Tierwelt. Gro\u00dfbritannien ist Unterzeichner des \u00dcbereinkommens und wird sich voraussichtlich an dessen Grunds\u00e4tze halten.<\/p>\n<p>Weitere Belege von Badger Trust, Born Free und Eurogroup for Animals liegen der Konvention vor. Diese Belege lenken die Aufmerksamkeit insbesondere auf die nach wie vor unzureichende Z\u00e4hlung der Dachspopulation. Eine Z\u00e4hlung ist notwendig, um F\u00e4lle des lokalen Aussterbens zu verhindern. <\/p>\n<p>Die Beweise unterstreichen auch die Kontroverse um die im Juni begonnene Dachs-Keulung im Jahr 2024, die gegen den Rat des Leiters der wissenschaftlichen Abteilung von Natural England und trotz des Wahlprogramms der Labour Party durchgef\u00fchrt wird, in dem die Keulung als \u201eineffektiv\u201c bezeichnet wird.<\/p>\n<p>Peter Hambly Badger Trust sagte:<\/p>\n<p>\u201eDass die Berner Konvention eine offene Akte \u00fcber die Ma\u00dfnahmen der britischen Regierung h\u00e4lt, zeigt, wie sch\u00e4dlich das Dachs-T\u00f6ten f\u00fcr unsere Natur ist. Rindertuberkulose ist eine Krankheit, die haupts\u00e4chlich von Rind zu Rind \u00fcbertragen wird, daher ist das Massent\u00f6ten von Dachsen ungerechtfertigt, ineffektiv und unethisch.  <\/p>\n<p>Wenn Wissenschaftler \u201eStopp\u201c sagen und angesichts der Gefahr eines lokalen Dachsaussterbens im gesamten S\u00fcdwesten m\u00fcssen wir diesem Angriff auf die Natur und der Trag\u00f6die der englischen Tierwelt ein Ende setzen.\u201c<\/p>\n<p>Mark Jones von Born Free erkl\u00e4rte:<\/p>\n<p>\u201eDachse sind eine gesch\u00fctzte Art im Sinne der Berner Konvention des Europarats. Die britische Regierung ist Unterzeichnerin der Konvention und damit verpflichtet, diese umzusetzen. <\/p>\n<p>Die Begr\u00fcndung f\u00fcr die Erlaubnis zur Keulung von Dachsen im Rahmen der Konvention ist die Verhinderung schwerer Sch\u00e4den an Rindern. Dass die britische Regierung in ihrem Manifest zugibt, dass die Keulungen wirkungslos sind, bedeutet, dass sie keine Grundlage f\u00fcr die Beibehaltung dieser Politik hat. <\/p>\n<p>Ein toter Dachs mehr ist einer zu viel. Wir fordern die Konvention auf, die Regierung zu dr\u00e4ngen, ein sofortiges Moratorium f\u00fcr das T\u00f6ten von Dachsen zu verh\u00e4ngen und an einen Verhandlungstisch zu kommen, um alternative Strategien zur Bek\u00e4mpfung der Rindertuberkulose zu diskutieren.\u201c<\/p>\n","protected":false},"excerpt":{"rendered":"<p>Neue Erkenntnisse unterstreichen die Sorge um das lokale Aussterben der Arten aufgrund einer unzureichenden Volksz\u00e4hlung und der Entscheidung von Natural England im Jahr 2024, entgegen<\/p>\n","protected":false},"author":1,"featured_media":96,"comment_status":"closed","ping_status":"","sticky":false,"template":"","format":"standard","meta":{"footnotes":""},"categories":[101],"tags":[151,147,139,150,81,9,143,145,11,148,146,141,140,142,149,144],"class_list":["post-95","post","type-post","status-publish","format-standard","has-post-thumbnail","hentry","category-oekologie","tag-auseinandersetzen","tag-berner","tag-britische","tag-dachsjagdpolitik","tag-der","tag-die","tag-diese","tag-erneut","tag-ihrer","tag-konvention","tag-mit","tag-muss","tag-regierung","tag-sich","tag-wegen","tag-woche","generate-columns","tablet-grid-50","mobile-grid-100","grid-parent","grid-50"],"yoast_head":"<!-- This site is optimized with the Yoast SEO plugin v27.3 - https:\/\/yoast.com\/product\/yoast-seo-wordpress\/ -->\n<title>Die britische Regierung muss sich diese Woche erneut mit der Berner Konvention wegen ihrer Dachsjagdpolitik auseinandersetzen - Nachrichten - Stra\u00dfenweb<\/title>\n<meta name=\"robots\" content=\"index, follow, max-snippet:-1, max-image-preview:large, max-video-preview:-1\" \/>\n<link rel=\"canonical\" href=\"https:\/\/www.strassenweb.de\/nachrichten\/die-britische-regierung-muss-sich-diese-woche-erneut-mit-der-berner-konvention-wegen-ihrer-dachsjagdpolitik-auseinandersetzen\/\" \/>\n<meta property=\"og:locale\" content=\"de_DE\" \/>\n<meta property=\"og:type\" content=\"article\" \/>\n<meta property=\"og:title\" content=\"Die britische Regierung muss sich diese Woche erneut mit der Berner Konvention wegen ihrer Dachsjagdpolitik auseinandersetzen - Nachrichten - Stra\u00dfenweb\" \/>\n<meta property=\"og:description\" content=\"Neue Erkenntnisse unterstreichen die Sorge um das lokale Aussterben der Arten aufgrund einer unzureichenden Volksz\u00e4hlung und der Entscheidung von Natural England im Jahr 2024, entgegen\" \/>\n<meta property=\"og:url\" content=\"https:\/\/www.strassenweb.de\/nachrichten\/die-britische-regierung-muss-sich-diese-woche-erneut-mit-der-berner-konvention-wegen-ihrer-dachsjagdpolitik-auseinandersetzen\/\" \/>\n<meta property=\"og:site_name\" content=\"Stra\u00dfenweb\" \/>\n<meta property=\"article:publisher\" content=\"https:\/\/www.facebook.com\/strassenweb\/\" \/>\n<meta property=\"article:published_time\" content=\"2024-09-23T10:30:19+00:00\" \/>\n<meta property=\"article:modified_time\" content=\"2024-09-23T10:30:20+00:00\" \/>\n<meta property=\"og:image\" content=\"https:\/\/www.strassenweb.de\/nachrichten\/wp-content\/uploads\/2024\/09\/Die-britische-Regierung-muss-sich-diese-Woche-erneut-mit-der.jpg\" \/>\n\t<meta property=\"og:image:width\" content=\"900\" \/>\n\t<meta property=\"og:image:height\" content=\"600\" \/>\n\t<meta property=\"og:image:type\" content=\"image\/jpeg\" \/>\n<meta name=\"author\" content=\"Robert Hoffmann\" \/>\n<meta name=\"twitter:card\" content=\"summary_large_image\" \/>\n<meta name=\"twitter:label1\" content=\"Verfasst von\" \/>\n\t<meta name=\"twitter:data1\" content=\"Robert Hoffmann\" \/>\n\t<meta name=\"twitter:label2\" content=\"Gesch\u00e4tzte Lesezeit\" \/>\n\t<meta name=\"twitter:data2\" content=\"2\u00a0Minuten\" \/>\n<script type=\"application\/ld+json\" class=\"yoast-schema-graph\">{\"@context\":\"https:\\\/\\\/schema.org\",\"@graph\":[{\"@type\":\"Article\",\"@id\":\"https:\\\/\\\/www.strassenweb.de\\\/nachrichten\\\/die-britische-regierung-muss-sich-diese-woche-erneut-mit-der-berner-konvention-wegen-ihrer-dachsjagdpolitik-auseinandersetzen\\\/#article\",\"isPartOf\":{\"@id\":\"https:\\\/\\\/www.strassenweb.de\\\/nachrichten\\\/die-britische-regierung-muss-sich-diese-woche-erneut-mit-der-berner-konvention-wegen-ihrer-dachsjagdpolitik-auseinandersetzen\\\/\"},\"author\":{\"name\":\"Robert Hoffmann\",\"@id\":\"https:\\\/\\\/www.strassenweb.de\\\/nachrichten\\\/#\\\/schema\\\/person\\\/87c9c9067f1211da429a744dc5a5aa41\"},\"headline\":\"Die britische Regierung muss sich diese Woche erneut mit der Berner Konvention wegen ihrer Dachsjagdpolitik auseinandersetzen\",\"datePublished\":\"2024-09-23T10:30:19+00:00\",\"dateModified\":\"2024-09-23T10:30:20+00:00\",\"mainEntityOfPage\":{\"@id\":\"https:\\\/\\\/www.strassenweb.de\\\/nachrichten\\\/die-britische-regierung-muss-sich-diese-woche-erneut-mit-der-berner-konvention-wegen-ihrer-dachsjagdpolitik-auseinandersetzen\\\/\"},\"wordCount\":418,\"publisher\":{\"@id\":\"https:\\\/\\\/www.strassenweb.de\\\/nachrichten\\\/#organization\"},\"image\":{\"@id\":\"https:\\\/\\\/www.strassenweb.de\\\/nachrichten\\\/die-britische-regierung-muss-sich-diese-woche-erneut-mit-der-berner-konvention-wegen-ihrer-dachsjagdpolitik-auseinandersetzen\\\/#primaryimage\"},\"thumbnailUrl\":\"https:\\\/\\\/www.strassenweb.de\\\/nachrichten\\\/wp-content\\\/uploads\\\/2024\\\/09\\\/Die-britische-Regierung-muss-sich-diese-Woche-erneut-mit-der.jpg\",\"keywords\":[\"auseinandersetzen\",\"Berner\",\"britische\",\"Dachsjagdpolitik\",\"der\",\"die\",\"diese\",\"erneut\",\"ihrer\",\"Konvention\",\"mit\",\"muss\",\"Regierung\",\"sich\",\"wegen\",\"Woche\"],\"articleSection\":[\"\u00d6kologie\"],\"inLanguage\":\"de\"},{\"@type\":\"WebPage\",\"@id\":\"https:\\\/\\\/www.strassenweb.de\\\/nachrichten\\\/die-britische-regierung-muss-sich-diese-woche-erneut-mit-der-berner-konvention-wegen-ihrer-dachsjagdpolitik-auseinandersetzen\\\/\",\"url\":\"https:\\\/\\\/www.strassenweb.de\\\/nachrichten\\\/die-britische-regierung-muss-sich-diese-woche-erneut-mit-der-berner-konvention-wegen-ihrer-dachsjagdpolitik-auseinandersetzen\\\/\",\"name\":\"Die britische Regierung muss sich diese Woche erneut mit der Berner Konvention wegen ihrer Dachsjagdpolitik auseinandersetzen - Nachrichten - Stra\u00dfenweb\",\"isPartOf\":{\"@id\":\"https:\\\/\\\/www.strassenweb.de\\\/nachrichten\\\/#website\"},\"primaryImageOfPage\":{\"@id\":\"https:\\\/\\\/www.strassenweb.de\\\/nachrichten\\\/die-britische-regierung-muss-sich-diese-woche-erneut-mit-der-berner-konvention-wegen-ihrer-dachsjagdpolitik-auseinandersetzen\\\/#primaryimage\"},\"image\":{\"@id\":\"https:\\\/\\\/www.strassenweb.de\\\/nachrichten\\\/die-britische-regierung-muss-sich-diese-woche-erneut-mit-der-berner-konvention-wegen-ihrer-dachsjagdpolitik-auseinandersetzen\\\/#primaryimage\"},\"thumbnailUrl\":\"https:\\\/\\\/www.strassenweb.de\\\/nachrichten\\\/wp-content\\\/uploads\\\/2024\\\/09\\\/Die-britische-Regierung-muss-sich-diese-Woche-erneut-mit-der.jpg\",\"datePublished\":\"2024-09-23T10:30:19+00:00\",\"dateModified\":\"2024-09-23T10:30:20+00:00\",\"breadcrumb\":{\"@id\":\"https:\\\/\\\/www.strassenweb.de\\\/nachrichten\\\/die-britische-regierung-muss-sich-diese-woche-erneut-mit-der-berner-konvention-wegen-ihrer-dachsjagdpolitik-auseinandersetzen\\\/#breadcrumb\"},\"inLanguage\":\"de\",\"potentialAction\":[{\"@type\":\"ReadAction\",\"target\":[\"https:\\\/\\\/www.strassenweb.de\\\/nachrichten\\\/die-britische-regierung-muss-sich-diese-woche-erneut-mit-der-berner-konvention-wegen-ihrer-dachsjagdpolitik-auseinandersetzen\\\/\"]}]},{\"@type\":\"ImageObject\",\"inLanguage\":\"de\",\"@id\":\"https:\\\/\\\/www.strassenweb.de\\\/nachrichten\\\/die-britische-regierung-muss-sich-diese-woche-erneut-mit-der-berner-konvention-wegen-ihrer-dachsjagdpolitik-auseinandersetzen\\\/#primaryimage\",\"url\":\"https:\\\/\\\/www.strassenweb.de\\\/nachrichten\\\/wp-content\\\/uploads\\\/2024\\\/09\\\/Die-britische-Regierung-muss-sich-diese-Woche-erneut-mit-der.jpg\",\"contentUrl\":\"https:\\\/\\\/www.strassenweb.de\\\/nachrichten\\\/wp-content\\\/uploads\\\/2024\\\/09\\\/Die-britische-Regierung-muss-sich-diese-Woche-erneut-mit-der.jpg\",\"width\":900,\"height\":600,\"caption\":\"The UK Government is back in front of the Bern Convention this week about its badger cull policy\"},{\"@type\":\"BreadcrumbList\",\"@id\":\"https:\\\/\\\/www.strassenweb.de\\\/nachrichten\\\/die-britische-regierung-muss-sich-diese-woche-erneut-mit-der-berner-konvention-wegen-ihrer-dachsjagdpolitik-auseinandersetzen\\\/#breadcrumb\",\"itemListElement\":[{\"@type\":\"ListItem\",\"position\":1,\"name\":\"Home\",\"item\":\"https:\\\/\\\/www.strassenweb.de\\\/nachrichten\\\/\"},{\"@type\":\"ListItem\",\"position\":2,\"name\":\"Die britische Regierung muss sich diese Woche erneut mit der Berner Konvention wegen ihrer Dachsjagdpolitik auseinandersetzen\"}]},{\"@type\":\"WebSite\",\"@id\":\"https:\\\/\\\/www.strassenweb.de\\\/nachrichten\\\/#website\",\"url\":\"https:\\\/\\\/www.strassenweb.de\\\/nachrichten\\\/\",\"name\":\"Stra\u00dfenweb\",\"description\":\"Stra\u00dfenverzeichnis f\u00fcr Deutschland\",\"publisher\":{\"@id\":\"https:\\\/\\\/www.strassenweb.de\\\/nachrichten\\\/#organization\"},\"potentialAction\":[{\"@type\":\"SearchAction\",\"target\":{\"@type\":\"EntryPoint\",\"urlTemplate\":\"https:\\\/\\\/www.strassenweb.de\\\/nachrichten\\\/?s={search_term_string}\"},\"query-input\":{\"@type\":\"PropertyValueSpecification\",\"valueRequired\":true,\"valueName\":\"search_term_string\"}}],\"inLanguage\":\"de\"},{\"@type\":\"Organization\",\"@id\":\"https:\\\/\\\/www.strassenweb.de\\\/nachrichten\\\/#organization\",\"name\":\"Stra\u00dfenweb\",\"url\":\"https:\\\/\\\/www.strassenweb.de\\\/nachrichten\\\/\",\"logo\":{\"@type\":\"ImageObject\",\"inLanguage\":\"de\",\"@id\":\"https:\\\/\\\/www.strassenweb.de\\\/nachrichten\\\/#\\\/schema\\\/logo\\\/image\\\/\",\"url\":\"https:\\\/\\\/www.strassenweb.de\\\/nachrichten\\\/wp-content\\\/uploads\\\/2024\\\/09\\\/cropped-favicon.png\",\"contentUrl\":\"https:\\\/\\\/www.strassenweb.de\\\/nachrichten\\\/wp-content\\\/uploads\\\/2024\\\/09\\\/cropped-favicon.png\",\"width\":512,\"height\":512,\"caption\":\"Stra\u00dfenweb\"},\"image\":{\"@id\":\"https:\\\/\\\/www.strassenweb.de\\\/nachrichten\\\/#\\\/schema\\\/logo\\\/image\\\/\"},\"sameAs\":[\"https:\\\/\\\/www.facebook.com\\\/strassenweb\\\/\"]},{\"@type\":\"Person\",\"@id\":\"https:\\\/\\\/www.strassenweb.de\\\/nachrichten\\\/#\\\/schema\\\/person\\\/87c9c9067f1211da429a744dc5a5aa41\",\"name\":\"Robert Hoffmann\",\"image\":{\"@type\":\"ImageObject\",\"inLanguage\":\"de\",\"@id\":\"https:\\\/\\\/www.strassenweb.de\\\/nachrichten\\\/wp-content\\\/uploads\\\/2024\\\/09\\\/strassenweb-150x150.jpg\",\"url\":\"https:\\\/\\\/www.strassenweb.de\\\/nachrichten\\\/wp-content\\\/uploads\\\/2024\\\/09\\\/strassenweb-150x150.jpg\",\"contentUrl\":\"https:\\\/\\\/www.strassenweb.de\\\/nachrichten\\\/wp-content\\\/uploads\\\/2024\\\/09\\\/strassenweb-150x150.jpg\",\"caption\":\"Robert Hoffmann\"},\"description\":\"Ich hei\u00dfe Robert Hoffmann und ich bin ein leidenschaftlicher Verfechter von \u00d6kologie und Biodiversit\u00e4t. Seit meiner Kindheit in den W\u00e4ldern Bayerns f\u00fchle ich mich mit der Natur verbunden und bin entschlossen, sie zu sch\u00fctzen. Heute widme ich mein Leben der Sensibilisierung anderer f\u00fcr die Bedeutung des Umweltschutzes f\u00fcr zuk\u00fcnftige Generationen.\",\"sameAs\":[\"https:\\\/\\\/www.strassenweb.de\\\/\"]}]}<\/script>\n<!-- \/ Yoast SEO plugin. -->","yoast_head_json":{"title":"Die britische Regierung muss sich diese Woche erneut mit der Berner Konvention wegen ihrer Dachsjagdpolitik auseinandersetzen - Nachrichten - Stra\u00dfenweb","robots":{"index":"index","follow":"follow","max-snippet":"max-snippet:-1","max-image-preview":"max-image-preview:large","max-video-preview":"max-video-preview:-1"},"canonical":"https:\/\/www.strassenweb.de\/nachrichten\/die-britische-regierung-muss-sich-diese-woche-erneut-mit-der-berner-konvention-wegen-ihrer-dachsjagdpolitik-auseinandersetzen\/","og_locale":"de_DE","og_type":"article","og_title":"Die britische Regierung muss sich diese Woche erneut mit der Berner Konvention wegen ihrer Dachsjagdpolitik auseinandersetzen - Nachrichten - Stra\u00dfenweb","og_description":"Neue Erkenntnisse unterstreichen die Sorge um das lokale Aussterben der Arten aufgrund einer unzureichenden Volksz\u00e4hlung und der Entscheidung von Natural England im Jahr 2024, entgegen","og_url":"https:\/\/www.strassenweb.de\/nachrichten\/die-britische-regierung-muss-sich-diese-woche-erneut-mit-der-berner-konvention-wegen-ihrer-dachsjagdpolitik-auseinandersetzen\/","og_site_name":"Stra\u00dfenweb","article_publisher":"https:\/\/www.facebook.com\/strassenweb\/","article_published_time":"2024-09-23T10:30:19+00:00","article_modified_time":"2024-09-23T10:30:20+00:00","og_image":[{"width":900,"height":600,"url":"https:\/\/www.strassenweb.de\/nachrichten\/wp-content\/uploads\/2024\/09\/Die-britische-Regierung-muss-sich-diese-Woche-erneut-mit-der.jpg","type":"image\/jpeg"}],"author":"Robert Hoffmann","twitter_card":"summary_large_image","twitter_misc":{"Verfasst von":"Robert Hoffmann","Gesch\u00e4tzte Lesezeit":"2\u00a0Minuten"},"schema":{"@context":"https:\/\/schema.org","@graph":[{"@type":"Article","@id":"https:\/\/www.strassenweb.de\/nachrichten\/die-britische-regierung-muss-sich-diese-woche-erneut-mit-der-berner-konvention-wegen-ihrer-dachsjagdpolitik-auseinandersetzen\/#article","isPartOf":{"@id":"https:\/\/www.strassenweb.de\/nachrichten\/die-britische-regierung-muss-sich-diese-woche-erneut-mit-der-berner-konvention-wegen-ihrer-dachsjagdpolitik-auseinandersetzen\/"},"author":{"name":"Robert Hoffmann","@id":"https:\/\/www.strassenweb.de\/nachrichten\/#\/schema\/person\/87c9c9067f1211da429a744dc5a5aa41"},"headline":"Die britische Regierung muss sich diese Woche erneut mit der Berner Konvention wegen ihrer Dachsjagdpolitik auseinandersetzen","datePublished":"2024-09-23T10:30:19+00:00","dateModified":"2024-09-23T10:30:20+00:00","mainEntityOfPage":{"@id":"https:\/\/www.strassenweb.de\/nachrichten\/die-britische-regierung-muss-sich-diese-woche-erneut-mit-der-berner-konvention-wegen-ihrer-dachsjagdpolitik-auseinandersetzen\/"},"wordCount":418,"publisher":{"@id":"https:\/\/www.strassenweb.de\/nachrichten\/#organization"},"image":{"@id":"https:\/\/www.strassenweb.de\/nachrichten\/die-britische-regierung-muss-sich-diese-woche-erneut-mit-der-berner-konvention-wegen-ihrer-dachsjagdpolitik-auseinandersetzen\/#primaryimage"},"thumbnailUrl":"https:\/\/www.strassenweb.de\/nachrichten\/wp-content\/uploads\/2024\/09\/Die-britische-Regierung-muss-sich-diese-Woche-erneut-mit-der.jpg","keywords":["auseinandersetzen","Berner","britische","Dachsjagdpolitik","der","die","diese","erneut","ihrer","Konvention","mit","muss","Regierung","sich","wegen","Woche"],"articleSection":["\u00d6kologie"],"inLanguage":"de"},{"@type":"WebPage","@id":"https:\/\/www.strassenweb.de\/nachrichten\/die-britische-regierung-muss-sich-diese-woche-erneut-mit-der-berner-konvention-wegen-ihrer-dachsjagdpolitik-auseinandersetzen\/","url":"https:\/\/www.strassenweb.de\/nachrichten\/die-britische-regierung-muss-sich-diese-woche-erneut-mit-der-berner-konvention-wegen-ihrer-dachsjagdpolitik-auseinandersetzen\/","name":"Die britische Regierung muss sich diese Woche erneut mit der Berner Konvention wegen ihrer Dachsjagdpolitik auseinandersetzen - Nachrichten - Stra\u00dfenweb","isPartOf":{"@id":"https:\/\/www.strassenweb.de\/nachrichten\/#website"},"primaryImageOfPage":{"@id":"https:\/\/www.strassenweb.de\/nachrichten\/die-britische-regierung-muss-sich-diese-woche-erneut-mit-der-berner-konvention-wegen-ihrer-dachsjagdpolitik-auseinandersetzen\/#primaryimage"},"image":{"@id":"https:\/\/www.strassenweb.de\/nachrichten\/die-britische-regierung-muss-sich-diese-woche-erneut-mit-der-berner-konvention-wegen-ihrer-dachsjagdpolitik-auseinandersetzen\/#primaryimage"},"thumbnailUrl":"https:\/\/www.strassenweb.de\/nachrichten\/wp-content\/uploads\/2024\/09\/Die-britische-Regierung-muss-sich-diese-Woche-erneut-mit-der.jpg","datePublished":"2024-09-23T10:30:19+00:00","dateModified":"2024-09-23T10:30:20+00:00","breadcrumb":{"@id":"https:\/\/www.strassenweb.de\/nachrichten\/die-britische-regierung-muss-sich-diese-woche-erneut-mit-der-berner-konvention-wegen-ihrer-dachsjagdpolitik-auseinandersetzen\/#breadcrumb"},"inLanguage":"de","potentialAction":[{"@type":"ReadAction","target":["https:\/\/www.strassenweb.de\/nachrichten\/die-britische-regierung-muss-sich-diese-woche-erneut-mit-der-berner-konvention-wegen-ihrer-dachsjagdpolitik-auseinandersetzen\/"]}]},{"@type":"ImageObject","inLanguage":"de","@id":"https:\/\/www.strassenweb.de\/nachrichten\/die-britische-regierung-muss-sich-diese-woche-erneut-mit-der-berner-konvention-wegen-ihrer-dachsjagdpolitik-auseinandersetzen\/#primaryimage","url":"https:\/\/www.strassenweb.de\/nachrichten\/wp-content\/uploads\/2024\/09\/Die-britische-Regierung-muss-sich-diese-Woche-erneut-mit-der.jpg","contentUrl":"https:\/\/www.strassenweb.de\/nachrichten\/wp-content\/uploads\/2024\/09\/Die-britische-Regierung-muss-sich-diese-Woche-erneut-mit-der.jpg","width":900,"height":600,"caption":"The UK Government is back in front of the Bern Convention this week about its badger cull policy"},{"@type":"BreadcrumbList","@id":"https:\/\/www.strassenweb.de\/nachrichten\/die-britische-regierung-muss-sich-diese-woche-erneut-mit-der-berner-konvention-wegen-ihrer-dachsjagdpolitik-auseinandersetzen\/#breadcrumb","itemListElement":[{"@type":"ListItem","position":1,"name":"Home","item":"https:\/\/www.strassenweb.de\/nachrichten\/"},{"@type":"ListItem","position":2,"name":"Die britische Regierung muss sich diese Woche erneut mit der Berner Konvention wegen ihrer Dachsjagdpolitik auseinandersetzen"}]},{"@type":"WebSite","@id":"https:\/\/www.strassenweb.de\/nachrichten\/#website","url":"https:\/\/www.strassenweb.de\/nachrichten\/","name":"Stra\u00dfenweb","description":"Stra\u00dfenverzeichnis f\u00fcr Deutschland","publisher":{"@id":"https:\/\/www.strassenweb.de\/nachrichten\/#organization"},"potentialAction":[{"@type":"SearchAction","target":{"@type":"EntryPoint","urlTemplate":"https:\/\/www.strassenweb.de\/nachrichten\/?s={search_term_string}"},"query-input":{"@type":"PropertyValueSpecification","valueRequired":true,"valueName":"search_term_string"}}],"inLanguage":"de"},{"@type":"Organization","@id":"https:\/\/www.strassenweb.de\/nachrichten\/#organization","name":"Stra\u00dfenweb","url":"https:\/\/www.strassenweb.de\/nachrichten\/","logo":{"@type":"ImageObject","inLanguage":"de","@id":"https:\/\/www.strassenweb.de\/nachrichten\/#\/schema\/logo\/image\/","url":"https:\/\/www.strassenweb.de\/nachrichten\/wp-content\/uploads\/2024\/09\/cropped-favicon.png","contentUrl":"https:\/\/www.strassenweb.de\/nachrichten\/wp-content\/uploads\/2024\/09\/cropped-favicon.png","width":512,"height":512,"caption":"Stra\u00dfenweb"},"image":{"@id":"https:\/\/www.strassenweb.de\/nachrichten\/#\/schema\/logo\/image\/"},"sameAs":["https:\/\/www.facebook.com\/strassenweb\/"]},{"@type":"Person","@id":"https:\/\/www.strassenweb.de\/nachrichten\/#\/schema\/person\/87c9c9067f1211da429a744dc5a5aa41","name":"Robert Hoffmann","image":{"@type":"ImageObject","inLanguage":"de","@id":"https:\/\/www.strassenweb.de\/nachrichten\/wp-content\/uploads\/2024\/09\/strassenweb-150x150.jpg","url":"https:\/\/www.strassenweb.de\/nachrichten\/wp-content\/uploads\/2024\/09\/strassenweb-150x150.jpg","contentUrl":"https:\/\/www.strassenweb.de\/nachrichten\/wp-content\/uploads\/2024\/09\/strassenweb-150x150.jpg","caption":"Robert Hoffmann"},"description":"Ich hei\u00dfe Robert Hoffmann und ich bin ein leidenschaftlicher Verfechter von \u00d6kologie und Biodiversit\u00e4t. Seit meiner Kindheit in den W\u00e4ldern Bayerns f\u00fchle ich mich mit der Natur verbunden und bin entschlossen, sie zu sch\u00fctzen. Heute widme ich mein Leben der Sensibilisierung anderer f\u00fcr die Bedeutung des Umweltschutzes f\u00fcr zuk\u00fcnftige Generationen.","sameAs":["https:\/\/www.strassenweb.de\/"]}]}},"_links":{"self":[{"href":"https:\/\/www.strassenweb.de\/nachrichten\/wp-json\/wp\/v2\/posts\/95","targetHints":{"allow":["GET"]}}],"collection":[{"href":"https:\/\/www.strassenweb.de\/nachrichten\/wp-json\/wp\/v2\/posts"}],"about":[{"href":"https:\/\/www.strassenweb.de\/nachrichten\/wp-json\/wp\/v2\/types\/post"}],"author":[{"embeddable":true,"href":"https:\/\/www.strassenweb.de\/nachrichten\/wp-json\/wp\/v2\/users\/1"}],"replies":[{"embeddable":true,"href":"https:\/\/www.strassenweb.de\/nachrichten\/wp-json\/wp\/v2\/comments?post=95"}],"version-history":[{"count":0,"href":"https:\/\/www.strassenweb.de\/nachrichten\/wp-json\/wp\/v2\/posts\/95\/revisions"}],"wp:featuredmedia":[{"embeddable":true,"href":"https:\/\/www.strassenweb.de\/nachrichten\/wp-json\/wp\/v2\/media\/96"}],"wp:attachment":[{"href":"https:\/\/www.strassenweb.de\/nachrichten\/wp-json\/wp\/v2\/media?parent=95"}],"wp:term":[{"taxonomy":"category","embeddable":true,"href":"https:\/\/www.strassenweb.de\/nachrichten\/wp-json\/wp\/v2\/categories?post=95"},{"taxonomy":"post_tag","embeddable":true,"href":"https:\/\/www.strassenweb.de\/nachrichten\/wp-json\/wp\/v2\/tags?post=95"}],"curies":[{"name":"wp","href":"https:\/\/api.w.org\/{rel}","templated":true}]}}