{"id":945,"date":"2024-10-16T21:58:33","date_gmt":"2024-10-16T19:58:33","guid":{"rendered":"https:\/\/www.strassenweb.de\/nachrichten\/die-veranda-von-barbara-palvin-ist-ein-meisterstueck-dieses-suedeuropaeischen-trends-ihre-historischen-wurzeln-sind-alles-andere-als-veraltet\/"},"modified":"2024-10-16T21:58:34","modified_gmt":"2024-10-16T19:58:34","slug":"die-veranda-von-barbara-palvin-ist-ein-meisterstueck-dieses-suedeuropaeischen-trends-ihre-historischen-wurzeln-sind-alles-andere-als-veraltet","status":"publish","type":"post","link":"https:\/\/www.strassenweb.de\/nachrichten\/die-veranda-von-barbara-palvin-ist-ein-meisterstueck-dieses-suedeuropaeischen-trends-ihre-historischen-wurzeln-sind-alles-andere-als-veraltet\/","title":{"rendered":"Die Veranda von Barbara Palvin ist ein Meisterst\u00fcck dieses s\u00fcdeurop\u00e4ischen Trends \u2013 ihre historischen Wurzeln sind alles andere als veraltet"},"content":{"rendered":"<p><\/p>\n<div id=\"article-body\" class=\"article__body \">\n<p>Der spanische Revival-Trend sorgt f\u00fcr eine charmante und dennoch traditionelle Atmosph\u00e4re im Zuhause, aber wir sind auch gro\u00dfe Fans dieses Designstils <em>drau\u00dfen<\/em> des Hauses.<\/p>\n<div id=\"ad-unit-1\" class=\"ad-unit\"><\/div>\n<p>Ein typisches Beispiel: Die Veranda des Models Barbara Palvin, die Azulejo- und Terrakottafliesen auf den Stufen kombiniert. Wir lieben den Kontrast des Bodenbelags zum wei\u00df gestrichenen \u00c4u\u00dferen des Hauses und zum gr\u00fcnen Fenster, was beweist, dass der spanische Revival-Trend ebenso vielseitig wie trendig ist.<\/p>\n<aside class=\"hawk-nest\" data-render-type=\"fte\" data-skip=\"dealsy\" data-widget-type=\"seasonal\">\n<div class=\"hawk-master-widget-hawk-base-wrapper\"><\/div>\n<\/aside>\n<p>Laut Experten ist die Integration des spanischen Revival-Trends in die Au\u00dfenseite eines Hauses eine fantastische M\u00f6glichkeit, eine Oase auf der Vorder- oder R\u00fcckseite eines Grundst\u00fccks zu schaffen.<\/p>\n<div id=\"desktop-in-article\" class=\"in-article ad-unit\">\n<div id=\"desktop-taboola-mid-article\"><\/div>\n<\/div>\n<div id=\"mobile-in-article\" class=\"in-article ad-unit\">\n<div id=\"mobile-taboola-mid-article\"><\/div>\n<\/div>\n<p>\u201eH\u00e4user im spanischen Stil verf\u00fcgen oft \u00fcber Innenh\u00f6fe oder Wohnr\u00e4ume im Freien, die eine weitere M\u00f6glichkeit bieten, mit kr\u00e4ftigen Akzenten verspielt zu werden\u201c, sagt Designerin Nina Lichtenstein. \u201eEine Reihe kobaltblauer Outdoor-Esszimmerst\u00fchle um einen rustikalen Holztisch oder leuchtend blau-wei\u00df gemusterte Kissen, die \u00fcber eine geflieste Terrasse verteilt sind, k\u00f6nnen dem Au\u00dfenbereich ein Gef\u00fchl von Spa\u00df und Energie verleihen, ohne die architektonische Integrit\u00e4t des Hauses zu beeintr\u00e4chtigen.\u201c<\/p>\n<div class=\"van_vid_carousel\">\n<div class=\"van_vid_carousel__padding\">\n<div class=\"van_vid_carousel__container\"><\/div>\n<\/div>\n<\/div>\n<div class=\"instagram-embed\">\n<blockquote class=\"instagram-media\" data-instgrm-captioned data-instgrm-version=\"6\" style=\"width:99.375%; width:-webkit-calc(100% - 2px); width:calc(100% - 2px);\">\n<p>Ein von Barbara Palvin (@realbarbarapalvin) geteilter Beitrag<\/p>\n<p>Ein Foto gepostet von am <\/p>\n<\/blockquote>\n<\/div>\n<p>Lichtenstein f\u00e4hrt fort: \u201eErw\u00e4gen Sie au\u00dferdem den Einsatz blauer Pflanzgef\u00e4\u00dfe oder Keramikt\u00f6pfe, um Farbe zu verleihen und gleichzeitig dem nat\u00fcrlichen, erdigen Gef\u00fchl eines spanischen Renaissancegartens treu zu bleiben.\u201c \u201eDiese Akzente verleihen nicht nur Pers\u00f6nlichkeit, sondern spiegeln auch die mediterranen Wurzeln der \u00c4sthetik wider, bei der Blau sowohl im Innen- als auch im Au\u00dfenbereich h\u00e4ufig zu finden ist.\u201c<\/p>\n<div id=\"ad-unit-2\" class=\"ad-unit\"><\/div>\n<p>Bei der Umsetzung einer vom spanischen Revival inspirierten Inneneinrichtung sind laut Lichtenstein Akzente jedoch der Schl\u00fcssel dazu, dass das Design stimmig wirkt.<\/p>\n<p>\u201eBei der Einf\u00fchrung auff\u00e4lliger Elemente wie blauer M\u00f6bel ist es wichtig, dass das Fundament des Raums der spanischen Renaissance-\u00c4sthetik treu bleibt\u201c, sagt sie. \u201eGew\u00f6lbte T\u00fcren, schmiedeeiserne Details und Terrakottafliesen sind Markenzeichen dieses Stils und bieten einen reichhaltigen, strukturierten Hintergrund f\u00fcr kr\u00e4ftigere Akzente. Durch die Integration von Blau in die M\u00f6bel oder das Dekor \u2013 sei es in Form eines auff\u00e4lligen Sessels, markanter Esszimmerst\u00fchle oder eines gro\u00dfen blauen Teppichs \u2013 k\u00f6nnen diese Elemente sich von der ansonsten neutralen, warmen Farbpalette abheben. Beispielsweise kann eine blaue Akzentwand hinter einem klassischen schmiedeeisernen Bettrahmen oder freiliegenden Holzbalken als dramatischer Blickfang dienen. \u201eDer Kontrast zwischen den k\u00fchlen Blaut\u00f6nen und der W\u00e4rme der traditionellen Materialien schafft einen dynamischen und ansprechenden Raum, der sowohl zeitlos als auch verspielt wirkt.\u201c<\/p>\n<div id=\"slice-container-newsletterForm-articleInbodyContent-gbQGrGHMwuqYtJwKn9VfoX\" class=\"slice-container newsletter-inbodyContent-slice newsletterForm-articleInbodyContent-gbQGrGHMwuqYtJwKn9VfoX slice-container-newsletterForm\"><\/div>\n<figure class=\"van-image-figure inline-layout \" data-bordeaux-image-check>\n<div class=\"image-full-width-wrapper\">\n<div class=\"image-widthsetter\" style=\"max-width:2000px;\"><\/div>\n<\/div>\n<\/figure>\n<p>Denken Sie abschlie\u00dfend \u00fcber die nat\u00fcrlichen Materialien nach, die ein zentraler Bestandteil des spanischen Revival-Designs sind, und \u00fcberlegen Sie, wie sie am besten in Ihr Zuhause (oder au\u00dferhalb davon) passen. Das Fliesenlegen einer Veranda sei eine nat\u00fcrliche Erg\u00e4nzung, erkl\u00e4rt Lichtenstein.<\/p>\n<p>\u201eIm Kern zelebriert spanisches Revival-Design Handwerkskunst, Kunstfertigkeit und die Verbindung zwischen drinnen und drau\u00dfen und vermittelt gleichzeitig ein Gef\u00fchl von W\u00e4rme und Gastfreundschaft\u201c, erkl\u00e4rt sie. \u201eUm diesen Geist am Leben zu erhalten und gleichzeitig verspielte Akzente zu setzen, ist es wichtig, die architektonischen Details und handwerklichen Akzente zu ber\u00fccksichtigen, die den Stil definieren.\u201c \u201eDurch die Kombination kr\u00e4ftiger Farben und moderner Elemente mit traditionellen Materialien und Texturen k\u00f6nnen Sie einen Raum schaffen, der sich erfrischend anf\u00fchlt und dennoch in seiner Geschichte verwurzelt ist.\u201c<\/p>\n<p>Sie f\u00e4hrt fort: \u201eAuch ein von der Natur inspirierter Designansatz spielt bei dieser Idee eine Rolle \u2013 die Integration nat\u00fcrlicher Materialien wie Holz, Terrakotta und Schmiedeeisen mit lebendigen, verspielten Akzenten schafft Harmonie zwischen dem Charme der alten Welt der spanischen Revival-\u00c4sthetik und der lebendigen Energie von modernes Design. Das Ergebnis ist ein Zuhause, das sich lebendig und charaktervoll anf\u00fchlt und die Sch\u00f6nheit von Tradition und Innovation widerspiegelt.\u201c<\/p>\n<hr>\n<h2 id=\"shop-h-g-s-spanish-revival-edit-3\">Kaufen Sie H&#038;Gs Spanish Revival Edit<\/h2>\n<div class=\"product-container hero-product-container product-block-no-wrap\"><\/div>\n<hr>\n<p>Wir empfehlen Ihnen, ein einzigartiges Fliesenset auszuw\u00e4hlen, das zu Ihnen und Ihren Designvorlieben passt. Das Sch\u00f6ne an Azulejo-Fliesen ist, dass sie in Muster, Farbe und Textur variieren. Seien Sie also experimentierfreudig.<\/p>\n<hr>\n<\/div>\n<p><script async src=\"\/\/www.instagram.com\/embed.js\"><\/script><\/p>\n","protected":false},"excerpt":{"rendered":"<p>Der spanische Revival-Trend sorgt f\u00fcr eine charmante und dennoch traditionelle Atmosph\u00e4re im Zuhause, aber wir sind auch gro\u00dfe Fans dieses Designstils drau\u00dfen des Hauses. Ein<\/p>\n","protected":false},"author":1,"featured_media":946,"comment_status":"closed","ping_status":"","sticky":false,"template":"","format":"standard","meta":{"footnotes":""},"categories":[118],"tags":[157,935,1850,1845,9,531,43,391,225,15,1847,1846,58,1848,1733,1851,1844,21,1849],"class_list":["post-945","post","type-post","status-publish","format-standard","has-post-thumbnail","hentry","category-haus-garten","tag-alles","tag-als","tag-andere","tag-barbara","tag-die","tag-dieses","tag-ein","tag-historischen","tag-ihre","tag-ist","tag-meisterstueck","tag-palvin","tag-sind","tag-suedeuropaeischen","tag-trends","tag-veraltet","tag-veranda","tag-von","tag-wurzeln","generate-columns","tablet-grid-50","mobile-grid-100","grid-parent","grid-50"],"yoast_head":"<!-- This site is optimized with the Yoast SEO plugin v27.3 - https:\/\/yoast.com\/product\/yoast-seo-wordpress\/ -->\n<title>Die Veranda von Barbara Palvin ist ein Meisterst\u00fcck dieses s\u00fcdeurop\u00e4ischen Trends \u2013 ihre historischen Wurzeln sind alles andere als veraltet - Nachrichten - Stra\u00dfenweb<\/title>\n<meta name=\"robots\" content=\"index, follow, max-snippet:-1, max-image-preview:large, max-video-preview:-1\" \/>\n<link rel=\"canonical\" href=\"https:\/\/www.strassenweb.de\/nachrichten\/die-veranda-von-barbara-palvin-ist-ein-meisterstueck-dieses-suedeuropaeischen-trends-ihre-historischen-wurzeln-sind-alles-andere-als-veraltet\/\" \/>\n<meta property=\"og:locale\" content=\"de_DE\" \/>\n<meta property=\"og:type\" content=\"article\" \/>\n<meta property=\"og:title\" content=\"Die Veranda von Barbara Palvin ist ein Meisterst\u00fcck dieses s\u00fcdeurop\u00e4ischen Trends \u2013 ihre historischen Wurzeln sind alles andere als veraltet - Nachrichten - Stra\u00dfenweb\" \/>\n<meta property=\"og:description\" content=\"Der spanische Revival-Trend sorgt f\u00fcr eine charmante und dennoch traditionelle Atmosph\u00e4re im Zuhause, aber wir sind auch gro\u00dfe Fans dieses Designstils drau\u00dfen des Hauses. Ein\" \/>\n<meta property=\"og:url\" content=\"https:\/\/www.strassenweb.de\/nachrichten\/die-veranda-von-barbara-palvin-ist-ein-meisterstueck-dieses-suedeuropaeischen-trends-ihre-historischen-wurzeln-sind-alles-andere-als-veraltet\/\" \/>\n<meta property=\"og:site_name\" content=\"Stra\u00dfenweb\" \/>\n<meta property=\"article:publisher\" content=\"https:\/\/www.facebook.com\/strassenweb\/\" \/>\n<meta property=\"article:published_time\" content=\"2024-10-16T19:58:33+00:00\" \/>\n<meta property=\"article:modified_time\" content=\"2024-10-16T19:58:34+00:00\" \/>\n<meta property=\"og:image\" content=\"https:\/\/www.strassenweb.de\/nachrichten\/wp-content\/uploads\/2024\/10\/Die-Veranda-von-Barbara-Palvin-ist-ein-Meisterstueck-dieses-suedeuropaeischen.jpg\" \/>\n\t<meta property=\"og:image:width\" content=\"1200\" \/>\n\t<meta property=\"og:image:height\" content=\"675\" \/>\n\t<meta property=\"og:image:type\" content=\"image\/jpeg\" \/>\n<meta name=\"author\" content=\"Robert Hoffmann\" \/>\n<meta name=\"twitter:card\" content=\"summary_large_image\" \/>\n<meta name=\"twitter:label1\" content=\"Verfasst von\" \/>\n\t<meta name=\"twitter:data1\" content=\"Robert Hoffmann\" \/>\n\t<meta name=\"twitter:label2\" content=\"Gesch\u00e4tzte Lesezeit\" \/>\n\t<meta name=\"twitter:data2\" content=\"3\u00a0Minuten\" \/>\n<script type=\"application\/ld+json\" class=\"yoast-schema-graph\">{\"@context\":\"https:\\\/\\\/schema.org\",\"@graph\":[{\"@type\":\"Article\",\"@id\":\"https:\\\/\\\/www.strassenweb.de\\\/nachrichten\\\/die-veranda-von-barbara-palvin-ist-ein-meisterstueck-dieses-suedeuropaeischen-trends-ihre-historischen-wurzeln-sind-alles-andere-als-veraltet\\\/#article\",\"isPartOf\":{\"@id\":\"https:\\\/\\\/www.strassenweb.de\\\/nachrichten\\\/die-veranda-von-barbara-palvin-ist-ein-meisterstueck-dieses-suedeuropaeischen-trends-ihre-historischen-wurzeln-sind-alles-andere-als-veraltet\\\/\"},\"author\":{\"name\":\"Robert Hoffmann\",\"@id\":\"https:\\\/\\\/www.strassenweb.de\\\/nachrichten\\\/#\\\/schema\\\/person\\\/87c9c9067f1211da429a744dc5a5aa41\"},\"headline\":\"Die Veranda von Barbara Palvin ist ein Meisterst\u00fcck dieses s\u00fcdeurop\u00e4ischen Trends \u2013 ihre historischen Wurzeln sind alles andere als veraltet\",\"datePublished\":\"2024-10-16T19:58:33+00:00\",\"dateModified\":\"2024-10-16T19:58:34+00:00\",\"mainEntityOfPage\":{\"@id\":\"https:\\\/\\\/www.strassenweb.de\\\/nachrichten\\\/die-veranda-von-barbara-palvin-ist-ein-meisterstueck-dieses-suedeuropaeischen-trends-ihre-historischen-wurzeln-sind-alles-andere-als-veraltet\\\/\"},\"wordCount\":689,\"publisher\":{\"@id\":\"https:\\\/\\\/www.strassenweb.de\\\/nachrichten\\\/#organization\"},\"image\":{\"@id\":\"https:\\\/\\\/www.strassenweb.de\\\/nachrichten\\\/die-veranda-von-barbara-palvin-ist-ein-meisterstueck-dieses-suedeuropaeischen-trends-ihre-historischen-wurzeln-sind-alles-andere-als-veraltet\\\/#primaryimage\"},\"thumbnailUrl\":\"https:\\\/\\\/www.strassenweb.de\\\/nachrichten\\\/wp-content\\\/uploads\\\/2024\\\/10\\\/Die-Veranda-von-Barbara-Palvin-ist-ein-Meisterstueck-dieses-suedeuropaeischen.jpg\",\"keywords\":[\"alles\",\"als\",\"andere\",\"Barbara\",\"die\",\"dieses\",\"ein\",\"historischen\",\"ihre\",\"ist\",\"Meisterst\u00fcck\",\"Palvin\",\"sind\",\"s\u00fcdeurop\u00e4ischen\",\"Trends\",\"veraltet\",\"Veranda\",\"von\",\"Wurzeln\"],\"articleSection\":[\"Haus &amp; Garten\"],\"inLanguage\":\"de\"},{\"@type\":\"WebPage\",\"@id\":\"https:\\\/\\\/www.strassenweb.de\\\/nachrichten\\\/die-veranda-von-barbara-palvin-ist-ein-meisterstueck-dieses-suedeuropaeischen-trends-ihre-historischen-wurzeln-sind-alles-andere-als-veraltet\\\/\",\"url\":\"https:\\\/\\\/www.strassenweb.de\\\/nachrichten\\\/die-veranda-von-barbara-palvin-ist-ein-meisterstueck-dieses-suedeuropaeischen-trends-ihre-historischen-wurzeln-sind-alles-andere-als-veraltet\\\/\",\"name\":\"Die Veranda von Barbara Palvin ist ein Meisterst\u00fcck dieses s\u00fcdeurop\u00e4ischen Trends \u2013 ihre historischen Wurzeln sind alles andere als veraltet - Nachrichten - Stra\u00dfenweb\",\"isPartOf\":{\"@id\":\"https:\\\/\\\/www.strassenweb.de\\\/nachrichten\\\/#website\"},\"primaryImageOfPage\":{\"@id\":\"https:\\\/\\\/www.strassenweb.de\\\/nachrichten\\\/die-veranda-von-barbara-palvin-ist-ein-meisterstueck-dieses-suedeuropaeischen-trends-ihre-historischen-wurzeln-sind-alles-andere-als-veraltet\\\/#primaryimage\"},\"image\":{\"@id\":\"https:\\\/\\\/www.strassenweb.de\\\/nachrichten\\\/die-veranda-von-barbara-palvin-ist-ein-meisterstueck-dieses-suedeuropaeischen-trends-ihre-historischen-wurzeln-sind-alles-andere-als-veraltet\\\/#primaryimage\"},\"thumbnailUrl\":\"https:\\\/\\\/www.strassenweb.de\\\/nachrichten\\\/wp-content\\\/uploads\\\/2024\\\/10\\\/Die-Veranda-von-Barbara-Palvin-ist-ein-Meisterstueck-dieses-suedeuropaeischen.jpg\",\"datePublished\":\"2024-10-16T19:58:33+00:00\",\"dateModified\":\"2024-10-16T19:58:34+00:00\",\"breadcrumb\":{\"@id\":\"https:\\\/\\\/www.strassenweb.de\\\/nachrichten\\\/die-veranda-von-barbara-palvin-ist-ein-meisterstueck-dieses-suedeuropaeischen-trends-ihre-historischen-wurzeln-sind-alles-andere-als-veraltet\\\/#breadcrumb\"},\"inLanguage\":\"de\",\"potentialAction\":[{\"@type\":\"ReadAction\",\"target\":[\"https:\\\/\\\/www.strassenweb.de\\\/nachrichten\\\/die-veranda-von-barbara-palvin-ist-ein-meisterstueck-dieses-suedeuropaeischen-trends-ihre-historischen-wurzeln-sind-alles-andere-als-veraltet\\\/\"]}]},{\"@type\":\"ImageObject\",\"inLanguage\":\"de\",\"@id\":\"https:\\\/\\\/www.strassenweb.de\\\/nachrichten\\\/die-veranda-von-barbara-palvin-ist-ein-meisterstueck-dieses-suedeuropaeischen-trends-ihre-historischen-wurzeln-sind-alles-andere-als-veraltet\\\/#primaryimage\",\"url\":\"https:\\\/\\\/www.strassenweb.de\\\/nachrichten\\\/wp-content\\\/uploads\\\/2024\\\/10\\\/Die-Veranda-von-Barbara-Palvin-ist-ein-Meisterstueck-dieses-suedeuropaeischen.jpg\",\"contentUrl\":\"https:\\\/\\\/www.strassenweb.de\\\/nachrichten\\\/wp-content\\\/uploads\\\/2024\\\/10\\\/Die-Veranda-von-Barbara-Palvin-ist-ein-Meisterstueck-dieses-suedeuropaeischen.jpg\",\"width\":1200,\"height\":675,\"caption\":\"Die Veranda von Barbara Palvin ist ein Meisterst\u00fcck dieses s\u00fcdeurop\u00e4ischen Trends \u2013 ihre historischen Wurzeln sind alles andere als veraltet\"},{\"@type\":\"BreadcrumbList\",\"@id\":\"https:\\\/\\\/www.strassenweb.de\\\/nachrichten\\\/die-veranda-von-barbara-palvin-ist-ein-meisterstueck-dieses-suedeuropaeischen-trends-ihre-historischen-wurzeln-sind-alles-andere-als-veraltet\\\/#breadcrumb\",\"itemListElement\":[{\"@type\":\"ListItem\",\"position\":1,\"name\":\"Home\",\"item\":\"https:\\\/\\\/www.strassenweb.de\\\/nachrichten\\\/\"},{\"@type\":\"ListItem\",\"position\":2,\"name\":\"Die Veranda von Barbara Palvin ist ein Meisterst\u00fcck dieses s\u00fcdeurop\u00e4ischen Trends \u2013 ihre historischen Wurzeln sind alles andere als veraltet\"}]},{\"@type\":\"WebSite\",\"@id\":\"https:\\\/\\\/www.strassenweb.de\\\/nachrichten\\\/#website\",\"url\":\"https:\\\/\\\/www.strassenweb.de\\\/nachrichten\\\/\",\"name\":\"Stra\u00dfenweb\",\"description\":\"Stra\u00dfenverzeichnis f\u00fcr Deutschland\",\"publisher\":{\"@id\":\"https:\\\/\\\/www.strassenweb.de\\\/nachrichten\\\/#organization\"},\"potentialAction\":[{\"@type\":\"SearchAction\",\"target\":{\"@type\":\"EntryPoint\",\"urlTemplate\":\"https:\\\/\\\/www.strassenweb.de\\\/nachrichten\\\/?s={search_term_string}\"},\"query-input\":{\"@type\":\"PropertyValueSpecification\",\"valueRequired\":true,\"valueName\":\"search_term_string\"}}],\"inLanguage\":\"de\"},{\"@type\":\"Organization\",\"@id\":\"https:\\\/\\\/www.strassenweb.de\\\/nachrichten\\\/#organization\",\"name\":\"Stra\u00dfenweb\",\"url\":\"https:\\\/\\\/www.strassenweb.de\\\/nachrichten\\\/\",\"logo\":{\"@type\":\"ImageObject\",\"inLanguage\":\"de\",\"@id\":\"https:\\\/\\\/www.strassenweb.de\\\/nachrichten\\\/#\\\/schema\\\/logo\\\/image\\\/\",\"url\":\"https:\\\/\\\/www.strassenweb.de\\\/nachrichten\\\/wp-content\\\/uploads\\\/2024\\\/09\\\/cropped-favicon.png\",\"contentUrl\":\"https:\\\/\\\/www.strassenweb.de\\\/nachrichten\\\/wp-content\\\/uploads\\\/2024\\\/09\\\/cropped-favicon.png\",\"width\":512,\"height\":512,\"caption\":\"Stra\u00dfenweb\"},\"image\":{\"@id\":\"https:\\\/\\\/www.strassenweb.de\\\/nachrichten\\\/#\\\/schema\\\/logo\\\/image\\\/\"},\"sameAs\":[\"https:\\\/\\\/www.facebook.com\\\/strassenweb\\\/\"]},{\"@type\":\"Person\",\"@id\":\"https:\\\/\\\/www.strassenweb.de\\\/nachrichten\\\/#\\\/schema\\\/person\\\/87c9c9067f1211da429a744dc5a5aa41\",\"name\":\"Robert Hoffmann\",\"image\":{\"@type\":\"ImageObject\",\"inLanguage\":\"de\",\"@id\":\"https:\\\/\\\/www.strassenweb.de\\\/nachrichten\\\/wp-content\\\/uploads\\\/2024\\\/09\\\/strassenweb-150x150.jpg\",\"url\":\"https:\\\/\\\/www.strassenweb.de\\\/nachrichten\\\/wp-content\\\/uploads\\\/2024\\\/09\\\/strassenweb-150x150.jpg\",\"contentUrl\":\"https:\\\/\\\/www.strassenweb.de\\\/nachrichten\\\/wp-content\\\/uploads\\\/2024\\\/09\\\/strassenweb-150x150.jpg\",\"caption\":\"Robert Hoffmann\"},\"description\":\"Ich hei\u00dfe Robert Hoffmann und ich bin ein leidenschaftlicher Verfechter von \u00d6kologie und Biodiversit\u00e4t. Seit meiner Kindheit in den W\u00e4ldern Bayerns f\u00fchle ich mich mit der Natur verbunden und bin entschlossen, sie zu sch\u00fctzen. Heute widme ich mein Leben der Sensibilisierung anderer f\u00fcr die Bedeutung des Umweltschutzes f\u00fcr zuk\u00fcnftige Generationen.\",\"sameAs\":[\"https:\\\/\\\/www.strassenweb.de\\\/\"]}]}<\/script>\n<!-- \/ Yoast SEO plugin. -->","yoast_head_json":{"title":"Die Veranda von Barbara Palvin ist ein Meisterst\u00fcck dieses s\u00fcdeurop\u00e4ischen Trends \u2013 ihre historischen Wurzeln sind alles andere als veraltet - Nachrichten - Stra\u00dfenweb","robots":{"index":"index","follow":"follow","max-snippet":"max-snippet:-1","max-image-preview":"max-image-preview:large","max-video-preview":"max-video-preview:-1"},"canonical":"https:\/\/www.strassenweb.de\/nachrichten\/die-veranda-von-barbara-palvin-ist-ein-meisterstueck-dieses-suedeuropaeischen-trends-ihre-historischen-wurzeln-sind-alles-andere-als-veraltet\/","og_locale":"de_DE","og_type":"article","og_title":"Die Veranda von Barbara Palvin ist ein Meisterst\u00fcck dieses s\u00fcdeurop\u00e4ischen Trends \u2013 ihre historischen Wurzeln sind alles andere als veraltet - Nachrichten - Stra\u00dfenweb","og_description":"Der spanische Revival-Trend sorgt f\u00fcr eine charmante und dennoch traditionelle Atmosph\u00e4re im Zuhause, aber wir sind auch gro\u00dfe Fans dieses Designstils drau\u00dfen des Hauses. Ein","og_url":"https:\/\/www.strassenweb.de\/nachrichten\/die-veranda-von-barbara-palvin-ist-ein-meisterstueck-dieses-suedeuropaeischen-trends-ihre-historischen-wurzeln-sind-alles-andere-als-veraltet\/","og_site_name":"Stra\u00dfenweb","article_publisher":"https:\/\/www.facebook.com\/strassenweb\/","article_published_time":"2024-10-16T19:58:33+00:00","article_modified_time":"2024-10-16T19:58:34+00:00","og_image":[{"width":1200,"height":675,"url":"https:\/\/www.strassenweb.de\/nachrichten\/wp-content\/uploads\/2024\/10\/Die-Veranda-von-Barbara-Palvin-ist-ein-Meisterstueck-dieses-suedeuropaeischen.jpg","type":"image\/jpeg"}],"author":"Robert Hoffmann","twitter_card":"summary_large_image","twitter_misc":{"Verfasst von":"Robert Hoffmann","Gesch\u00e4tzte Lesezeit":"3\u00a0Minuten"},"schema":{"@context":"https:\/\/schema.org","@graph":[{"@type":"Article","@id":"https:\/\/www.strassenweb.de\/nachrichten\/die-veranda-von-barbara-palvin-ist-ein-meisterstueck-dieses-suedeuropaeischen-trends-ihre-historischen-wurzeln-sind-alles-andere-als-veraltet\/#article","isPartOf":{"@id":"https:\/\/www.strassenweb.de\/nachrichten\/die-veranda-von-barbara-palvin-ist-ein-meisterstueck-dieses-suedeuropaeischen-trends-ihre-historischen-wurzeln-sind-alles-andere-als-veraltet\/"},"author":{"name":"Robert Hoffmann","@id":"https:\/\/www.strassenweb.de\/nachrichten\/#\/schema\/person\/87c9c9067f1211da429a744dc5a5aa41"},"headline":"Die Veranda von Barbara Palvin ist ein Meisterst\u00fcck dieses s\u00fcdeurop\u00e4ischen Trends \u2013 ihre historischen Wurzeln sind alles andere als veraltet","datePublished":"2024-10-16T19:58:33+00:00","dateModified":"2024-10-16T19:58:34+00:00","mainEntityOfPage":{"@id":"https:\/\/www.strassenweb.de\/nachrichten\/die-veranda-von-barbara-palvin-ist-ein-meisterstueck-dieses-suedeuropaeischen-trends-ihre-historischen-wurzeln-sind-alles-andere-als-veraltet\/"},"wordCount":689,"publisher":{"@id":"https:\/\/www.strassenweb.de\/nachrichten\/#organization"},"image":{"@id":"https:\/\/www.strassenweb.de\/nachrichten\/die-veranda-von-barbara-palvin-ist-ein-meisterstueck-dieses-suedeuropaeischen-trends-ihre-historischen-wurzeln-sind-alles-andere-als-veraltet\/#primaryimage"},"thumbnailUrl":"https:\/\/www.strassenweb.de\/nachrichten\/wp-content\/uploads\/2024\/10\/Die-Veranda-von-Barbara-Palvin-ist-ein-Meisterstueck-dieses-suedeuropaeischen.jpg","keywords":["alles","als","andere","Barbara","die","dieses","ein","historischen","ihre","ist","Meisterst\u00fcck","Palvin","sind","s\u00fcdeurop\u00e4ischen","Trends","veraltet","Veranda","von","Wurzeln"],"articleSection":["Haus &amp; Garten"],"inLanguage":"de"},{"@type":"WebPage","@id":"https:\/\/www.strassenweb.de\/nachrichten\/die-veranda-von-barbara-palvin-ist-ein-meisterstueck-dieses-suedeuropaeischen-trends-ihre-historischen-wurzeln-sind-alles-andere-als-veraltet\/","url":"https:\/\/www.strassenweb.de\/nachrichten\/die-veranda-von-barbara-palvin-ist-ein-meisterstueck-dieses-suedeuropaeischen-trends-ihre-historischen-wurzeln-sind-alles-andere-als-veraltet\/","name":"Die Veranda von Barbara Palvin ist ein Meisterst\u00fcck dieses s\u00fcdeurop\u00e4ischen Trends \u2013 ihre historischen Wurzeln sind alles andere als veraltet - Nachrichten - Stra\u00dfenweb","isPartOf":{"@id":"https:\/\/www.strassenweb.de\/nachrichten\/#website"},"primaryImageOfPage":{"@id":"https:\/\/www.strassenweb.de\/nachrichten\/die-veranda-von-barbara-palvin-ist-ein-meisterstueck-dieses-suedeuropaeischen-trends-ihre-historischen-wurzeln-sind-alles-andere-als-veraltet\/#primaryimage"},"image":{"@id":"https:\/\/www.strassenweb.de\/nachrichten\/die-veranda-von-barbara-palvin-ist-ein-meisterstueck-dieses-suedeuropaeischen-trends-ihre-historischen-wurzeln-sind-alles-andere-als-veraltet\/#primaryimage"},"thumbnailUrl":"https:\/\/www.strassenweb.de\/nachrichten\/wp-content\/uploads\/2024\/10\/Die-Veranda-von-Barbara-Palvin-ist-ein-Meisterstueck-dieses-suedeuropaeischen.jpg","datePublished":"2024-10-16T19:58:33+00:00","dateModified":"2024-10-16T19:58:34+00:00","breadcrumb":{"@id":"https:\/\/www.strassenweb.de\/nachrichten\/die-veranda-von-barbara-palvin-ist-ein-meisterstueck-dieses-suedeuropaeischen-trends-ihre-historischen-wurzeln-sind-alles-andere-als-veraltet\/#breadcrumb"},"inLanguage":"de","potentialAction":[{"@type":"ReadAction","target":["https:\/\/www.strassenweb.de\/nachrichten\/die-veranda-von-barbara-palvin-ist-ein-meisterstueck-dieses-suedeuropaeischen-trends-ihre-historischen-wurzeln-sind-alles-andere-als-veraltet\/"]}]},{"@type":"ImageObject","inLanguage":"de","@id":"https:\/\/www.strassenweb.de\/nachrichten\/die-veranda-von-barbara-palvin-ist-ein-meisterstueck-dieses-suedeuropaeischen-trends-ihre-historischen-wurzeln-sind-alles-andere-als-veraltet\/#primaryimage","url":"https:\/\/www.strassenweb.de\/nachrichten\/wp-content\/uploads\/2024\/10\/Die-Veranda-von-Barbara-Palvin-ist-ein-Meisterstueck-dieses-suedeuropaeischen.jpg","contentUrl":"https:\/\/www.strassenweb.de\/nachrichten\/wp-content\/uploads\/2024\/10\/Die-Veranda-von-Barbara-Palvin-ist-ein-Meisterstueck-dieses-suedeuropaeischen.jpg","width":1200,"height":675,"caption":"Die Veranda von Barbara Palvin ist ein Meisterst\u00fcck dieses s\u00fcdeurop\u00e4ischen Trends \u2013 ihre historischen Wurzeln sind alles andere als veraltet"},{"@type":"BreadcrumbList","@id":"https:\/\/www.strassenweb.de\/nachrichten\/die-veranda-von-barbara-palvin-ist-ein-meisterstueck-dieses-suedeuropaeischen-trends-ihre-historischen-wurzeln-sind-alles-andere-als-veraltet\/#breadcrumb","itemListElement":[{"@type":"ListItem","position":1,"name":"Home","item":"https:\/\/www.strassenweb.de\/nachrichten\/"},{"@type":"ListItem","position":2,"name":"Die Veranda von Barbara Palvin ist ein Meisterst\u00fcck dieses s\u00fcdeurop\u00e4ischen Trends \u2013 ihre historischen Wurzeln sind alles andere als veraltet"}]},{"@type":"WebSite","@id":"https:\/\/www.strassenweb.de\/nachrichten\/#website","url":"https:\/\/www.strassenweb.de\/nachrichten\/","name":"Stra\u00dfenweb","description":"Stra\u00dfenverzeichnis f\u00fcr Deutschland","publisher":{"@id":"https:\/\/www.strassenweb.de\/nachrichten\/#organization"},"potentialAction":[{"@type":"SearchAction","target":{"@type":"EntryPoint","urlTemplate":"https:\/\/www.strassenweb.de\/nachrichten\/?s={search_term_string}"},"query-input":{"@type":"PropertyValueSpecification","valueRequired":true,"valueName":"search_term_string"}}],"inLanguage":"de"},{"@type":"Organization","@id":"https:\/\/www.strassenweb.de\/nachrichten\/#organization","name":"Stra\u00dfenweb","url":"https:\/\/www.strassenweb.de\/nachrichten\/","logo":{"@type":"ImageObject","inLanguage":"de","@id":"https:\/\/www.strassenweb.de\/nachrichten\/#\/schema\/logo\/image\/","url":"https:\/\/www.strassenweb.de\/nachrichten\/wp-content\/uploads\/2024\/09\/cropped-favicon.png","contentUrl":"https:\/\/www.strassenweb.de\/nachrichten\/wp-content\/uploads\/2024\/09\/cropped-favicon.png","width":512,"height":512,"caption":"Stra\u00dfenweb"},"image":{"@id":"https:\/\/www.strassenweb.de\/nachrichten\/#\/schema\/logo\/image\/"},"sameAs":["https:\/\/www.facebook.com\/strassenweb\/"]},{"@type":"Person","@id":"https:\/\/www.strassenweb.de\/nachrichten\/#\/schema\/person\/87c9c9067f1211da429a744dc5a5aa41","name":"Robert Hoffmann","image":{"@type":"ImageObject","inLanguage":"de","@id":"https:\/\/www.strassenweb.de\/nachrichten\/wp-content\/uploads\/2024\/09\/strassenweb-150x150.jpg","url":"https:\/\/www.strassenweb.de\/nachrichten\/wp-content\/uploads\/2024\/09\/strassenweb-150x150.jpg","contentUrl":"https:\/\/www.strassenweb.de\/nachrichten\/wp-content\/uploads\/2024\/09\/strassenweb-150x150.jpg","caption":"Robert Hoffmann"},"description":"Ich hei\u00dfe Robert Hoffmann und ich bin ein leidenschaftlicher Verfechter von \u00d6kologie und Biodiversit\u00e4t. Seit meiner Kindheit in den W\u00e4ldern Bayerns f\u00fchle ich mich mit der Natur verbunden und bin entschlossen, sie zu sch\u00fctzen. Heute widme ich mein Leben der Sensibilisierung anderer f\u00fcr die Bedeutung des Umweltschutzes f\u00fcr zuk\u00fcnftige Generationen.","sameAs":["https:\/\/www.strassenweb.de\/"]}]}},"_links":{"self":[{"href":"https:\/\/www.strassenweb.de\/nachrichten\/wp-json\/wp\/v2\/posts\/945","targetHints":{"allow":["GET"]}}],"collection":[{"href":"https:\/\/www.strassenweb.de\/nachrichten\/wp-json\/wp\/v2\/posts"}],"about":[{"href":"https:\/\/www.strassenweb.de\/nachrichten\/wp-json\/wp\/v2\/types\/post"}],"author":[{"embeddable":true,"href":"https:\/\/www.strassenweb.de\/nachrichten\/wp-json\/wp\/v2\/users\/1"}],"replies":[{"embeddable":true,"href":"https:\/\/www.strassenweb.de\/nachrichten\/wp-json\/wp\/v2\/comments?post=945"}],"version-history":[{"count":0,"href":"https:\/\/www.strassenweb.de\/nachrichten\/wp-json\/wp\/v2\/posts\/945\/revisions"}],"wp:featuredmedia":[{"embeddable":true,"href":"https:\/\/www.strassenweb.de\/nachrichten\/wp-json\/wp\/v2\/media\/946"}],"wp:attachment":[{"href":"https:\/\/www.strassenweb.de\/nachrichten\/wp-json\/wp\/v2\/media?parent=945"}],"wp:term":[{"taxonomy":"category","embeddable":true,"href":"https:\/\/www.strassenweb.de\/nachrichten\/wp-json\/wp\/v2\/categories?post=945"},{"taxonomy":"post_tag","embeddable":true,"href":"https:\/\/www.strassenweb.de\/nachrichten\/wp-json\/wp\/v2\/tags?post=945"}],"curies":[{"name":"wp","href":"https:\/\/api.w.org\/{rel}","templated":true}]}}