{"id":9448,"date":"2025-11-26T02:39:20","date_gmt":"2025-11-26T01:39:20","guid":{"rendered":"https:\/\/www.strassenweb.de\/nachrichten\/cop30-fuenf-gruende-warum-die-un-klimakonferenz-keine-ergebnisse-erbracht-hat\/"},"modified":"2025-11-26T02:39:20","modified_gmt":"2025-11-26T01:39:20","slug":"cop30-fuenf-gruende-warum-die-un-klimakonferenz-keine-ergebnisse-erbracht-hat","status":"publish","type":"post","link":"https:\/\/www.strassenweb.de\/nachrichten\/cop30-fuenf-gruende-warum-die-un-klimakonferenz-keine-ergebnisse-erbracht-hat\/","title":{"rendered":"Cop30: F\u00fcnf Gr\u00fcnde, warum die UN-Klimakonferenz keine Ergebnisse erbracht hat &#8230;"},"content":{"rendered":"<p>Als die Sonne \u00fcber dem Amazonas unterging, verblasste auch das Versprechen eines \u201eVolkspolizisten\u201c. Der j\u00fcngste UN-Klimagipfel \u2013 bekannt als Cop30, der in der brasilianischen Stadt Bel\u00e9m stattfand \u2013 war mit den \u00fcblichen geopolitischen Themen und der zus\u00e4tzlichen Aufregung einer \u00dcberschwemmung und eines Feuers verbunden.<\/p>\n<p>Auf dem Gipfel kam es zu indigenen Protesten in beispiellosem Ausma\u00df, aber die abschlie\u00dfenden Verhandlungen waren erneut von Interessen im Bereich fossiler Brennstoffe und Verz\u00f6gerungstaktiken dominiert. Nach zehn Jahren Klima(in)aktion seit dem Pariser Abkommen versprach Brasilien, dass Cop30 ein \u201eUmsetzungs-Cop\u201c sein w\u00fcrde. Doch der Gipfel brachte keine Ergebnisse, obwohl die Welt im vergangenen Jahr eine verheerende globale Erw\u00e4rmung von 1,6 \u00b0C verzeichnete.<\/p>\n<p>Hier sind unsere f\u00fcnf wichtigsten Beobachtungen:<\/p>\n<h2 class=\"wp-block-heading\">1. Indigene Gruppen waren anwesend \u2013 aber nicht beteiligt<\/h2>\n<p>Der im Amazonasgebiet gelegene Gipfel wurde als Gipfel f\u00fcr diejenigen bezeichnet, die an vorderster Front des Klimawandels stehen. \u00dcber 5.000 indigene Menschen waren dort und sie haben ihrer Stimme auf jeden Fall Geh\u00f6r verschafft.<\/p>\n<p>Allerdings erhielten nur 360 Personen Zugang zur \u201eblauen Zone\u201c der Hauptverhandlungen, verglichen mit 1.600 Delegierten, die mit der Industrie f\u00fcr fossile Brennstoffe in Verbindung stehen. In den Verhandlungsr\u00e4umen lief alles wie gewohnt, indigene Gruppen blieben als Beobachter und konnten nicht abstimmen oder an Sitzungen hinter verschlossenen T\u00fcren teilnehmen.<\/p>\n<p>Die Wahl des Ortes war sch\u00f6n symbolisch, aber logistisch schwierig. Die Ausrichtung der Konferenz im Amazonasgebiet kostete Hunderte Millionen Dollar in einer Region, in der es vielen noch immer an grundlegenden Annehmlichkeiten mangelt.<\/p>\n<p>Ein krasses Bild dieser Ungleichheit: Da die Hotelzimmer voll waren, legte die brasilianische Regierung sogar zwei Kreuzfahrtschiffe f\u00fcr Delegierte an, die pro Kopf achtmal so viele Emissionen verursachen k\u00f6nnen wie ein F\u00fcnf-Sterne-Hotel.<\/p>\n<h2 class=\"wp-block-heading\">2. Die Macht der Proteste<\/h2>\n<p>Aber es war der zweitgr\u00f6\u00dfte UN-Klimagipfel aller Zeiten und der erste seit Glasgow Cop26 im Jahr 2021, der in einem Land stattfand, das echten \u00f6ffentlichen Protest zul\u00e4sst. Das war wichtig. W\u00e4hrend der zweiw\u00f6chigen Konferenz kam es jeden Tag zu Protesten unterschiedlicher Gr\u00f6\u00dfe, insbesondere zu einem von Indigenen angef\u00fchrten \u201eMarsch des gro\u00dfen Volkes\u201c am mittleren Samstag.<\/p>\n<p>Der sichtbare Druck trug dazu bei, die Anerkennung von vier neuen indigenen Territorien in Brasilien zu erreichen. Es zeigte sich, dass die Zivilgesellschaft auch au\u00dferhalb der gro\u00dfen Emissionsverhandlungen Erfolge erzielen kann, wenn sie eine Stimme hat.<\/p>\n<h2 class=\"wp-block-heading\">3. Die Abwesenheit der USA schafft ein Vakuum \u2013 und eine Chance<\/h2>\n<p>In Donald Trumps erster Amtszeit als Pr\u00e4sident entsandten die USA zumindest eine Skelettgruppe von Unterh\u00e4ndlern. Diesmal schickte Amerika erstmals \u00fcberhaupt keine offizielle Delegation.<\/p>\n<p>Trump beschrieb den Klimawandel k\u00fcrzlich als \u201eden gr\u00f6\u00dften Betrug, der jemals auf der Welt begangen wurde\u201c, und seit der R\u00fcckkehr an die Macht haben die USA die Erneuerbaren Energien verlangsamt und die \u00d6l- und Gasindustrie ausgeweitet. Es hat letzten Monat sogar dazu beigetragen, Pl\u00e4ne f\u00fcr ein Netto-Null-Rahmenwerk f\u00fcr den weltweiten Versand zu vereiteln.<\/p>\n<p>W\u00e4hrend die USA ihre Ambitionen zur\u00fccknehmen, erlauben sie anderen \u00d6lf\u00f6rderl\u00e4ndern wie Saudi-Arabien, ihre eigenen Klimaversprechen zu ignorieren und zu versuchen, andere zu untergraben.<\/p>\n<p>China ist ins Leere getreten und zu einer der lautesten Stimmen im Raum geworden. Als weltweit gr\u00f6\u00dfter Lieferant gr\u00fcner Technologie nutzte Peking die Cop30, um seine Solar-, Wind- und Elektrofahrzeugindustrie zu f\u00f6rdern und investitionswillige L\u00e4nder zu umwerben.<\/p>\n<p>Doch f\u00fcr viele Delegierte war die Abwesenheit Amerikas eine Erleichterung. Ohne die Ablenkung durch den Versuch der USA, \u201edas Haus niederzubrennen\u201c, wie es bei den Schifffahrtsverhandlungen der Fall war, konnte die Konferenz mit dem eigentlichen Gesch\u00e4ft weitermachen: der Aushandlung von Texten und Vereinbarungen, die die globale Erw\u00e4rmung begrenzen werden.<\/p>\n<h2 class=\"wp-block-heading\">4. \u201eUmsetzung\u201c durch Nebengesch\u00e4fte \u2013 nicht die Hauptphase<\/h2>\n<p>Was wurde also tats\u00e4chlich umgesetzt? In diesem Jahr erfolgte die Hauptma\u00dfnahme durch freiwillige Zusagen und nicht durch eine verbindliche globale Vereinbarung.<\/p>\n<p>Das Bel\u00e9m-Versprechen, das von L\u00e4ndern wie Japan, Indien und Brasilien unterst\u00fctzt wird, verpflichtet die Unterzeichner dazu, die Produktion und Nutzung nachhaltiger Kraftstoffe bis 2035 zu vervierfachen.<\/p>\n<p>Brasilien hat au\u00dferdem einen gro\u00dfen Treuhandfonds f\u00fcr W\u00e4lder eingerichtet, aus dem bereits rund 6 Milliarden US-Dollar (4,6 Milliarden Pfund) f\u00fcr Gemeinden zugesagt wurden, die sich f\u00fcr den Schutz der Regenw\u00e4lder einsetzen. Anschlie\u00dfend versprach die EU neue Mittel f\u00fcr das Kongobecken, den zweitgr\u00f6\u00dften Regenwald der Welt.<\/p>\n<p>Dies sind n\u00fctzliche Schritte, aber sie verdeutlichen, dass die gr\u00f6\u00dften Fortschritte bei UN-Klimagipfeln mittlerweile oft am Rande statt in den Hauptverhandlungen stattfinden.<\/p>\n<p>Das Ergebnis dieser Hauptgespr\u00e4che auf der Cop30 \u2013 das Bel\u00e9m-Paket \u2013 ist schwach und wird uns nicht ann\u00e4hernd an das Ziel des Pariser Abkommens bringen, die globale Erw\u00e4rmung auf 1,5 \u00b0C zu begrenzen. Am auff\u00e4lligsten ist das Fehlen der Worte \u201efossile Brennstoffe\u201c im endg\u00fcltigen Text, obwohl diese im Glasgower Klimapakt (2021) und im VAE-Konsens (2023) von zentraler Bedeutung waren \u2013 und nat\u00fcrlich die Hauptursache des Klimawandels darstellen.<\/p>\n<h2 class=\"wp-block-heading\">5. Der Global Mutir\u00e3o-Text: eine verpasste Chance<\/h2>\n<p>In den Verhandlungsr\u00e4umen zeichnete sich tats\u00e4chlich ein m\u00f6glicher Durchbruch ab: der Global Mutir\u00e3o-Text, ein vorgeschlagener Fahrplan f\u00fcr den \u201e\u00dcbergang\u201c von fossilen Brennstoffen. Mehr als 80 L\u00e4nder haben es unterzeichnet, von EU-Mitgliedstaaten bis hin zu klimagef\u00e4hrdeten pazifischen Inselstaaten.<\/p>\n<p>Tina Stege, Klimabeauftragte f\u00fcr einen dieser gef\u00e4hrdeten Staaten, die Marshallinseln, forderte die Delegierten auf: \u201eLasst uns die Idee eines Fahrplans f\u00fcr fossile Brennstoffe unterst\u00fctzen, zusammenarbeiten und daraus einen Plan machen.\u201c<\/p>\n<p>Doch der Widerstand Saudi-Arabiens, Indiens und anderer gro\u00dfer Produzenten fossiler Brennstoffe verw\u00e4sserte das Vorhaben. Die Verhandlungen zogen sich in die Verl\u00e4ngerung, nicht zuletzt durch einen Brand, der die Verhandlungen um einen Tag verschob.<\/p>\n<p>Als der endg\u00fcltige Deal vereinbart wurde, fehlten wichtige Hinweise auf einen Ausstieg aus fossilen Brennstoffen. Aus Kolumbien kam es zu einer Gegenreaktion, da der \u00dcbergang von fossilen Brennstoffen nicht ber\u00fccksichtigt wurde und die Pr\u00e4sidentschaft der Cops gezwungen war, als Olivenzweig eine sechsmonatige \u00dcberpr\u00fcfung anzubieten.<\/p>\n<p>Dies war \u00e4u\u00dferst entt\u00e4uschend, da zu Beginn des Gipfels offenbar eine enorme Dynamik herrschte.<\/p>\n<h2 class=\"wp-block-heading\">Eine immer gr\u00f6\u00dfer werdende Kluft<\/h2>\n<p>Dies war also ein weiterer spaltender Klimagipfel. Die Kluft zwischen \u00d6lf\u00f6rderl\u00e4ndern (insbesondere im Nahen Osten) und dem Rest der Welt war noch nie so gro\u00df.<\/p>\n<p>Ein positives Ergebnis des Gipfels war die Macht der organisierten Menschen: Indigene Gruppen und die Zivilgesellschaft verschafften ihren Stimmen Geh\u00f6r, auch wenn sie nicht in den endg\u00fcltigen Text \u00fcbersetzt wurden.<\/p>\n<p>Da der Gipfel n\u00e4chstes Jahr in der T\u00fcrkei stattfinden wird, verlagern sich diese j\u00e4hrlichen Klimagipfel zunehmend in L\u00e4nder mit autorit\u00e4ren Tendenzen, in denen Proteste nicht erw\u00fcnscht oder v\u00f6llig verboten sind. Unsere Staats- und Regierungschefs behaupten immer wieder, dass die Zeit knapp wird, doch die Verhandlungen selbst bleiben in einem endlosen Teufelskreis der Verz\u00f6gerungen stecken.<\/p>\n<p>Simon Chin-Yee, Dozent f\u00fcr internationale Entwicklung, <em>UCL<\/em>; Mark Maslin, UCL-Professor f\u00fcr Erdsystemwissenschaften und UNU-Leiter f\u00fcr Klima, Gesundheit und Sicherheit, <em>UCL<\/em>und Priti Parikh, Professorin f\u00fcr Infrastrukturtechnik und internationale Entwicklung, <em>UCL<\/em><\/p>\n<p><em>  wird von The Conversation unter einer Creative Commons-Lizenz erneut ver\u00f6ffentlicht. <\/em><\/p>\n","protected":false},"excerpt":{"rendered":"<p>Als die Sonne \u00fcber dem Amazonas unterging, verblasste auch das Versprechen eines \u201eVolkspolizisten\u201c. Der j\u00fcngste UN-Klimagipfel \u2013 bekannt als Cop30, der in der brasilianischen Stadt<\/p>\n","protected":false},"author":1,"featured_media":9449,"comment_status":"closed","ping_status":"","sticky":false,"template":"","format":"standard","meta":{"footnotes":""},"categories":[101],"tags":[11756,9,11758,902,1127,1056,189,1771,11757,744],"class_list":["post-9448","post","type-post","status-publish","format-standard","has-post-thumbnail","hentry","category-oekologie","tag-cop30","tag-die","tag-erbracht","tag-ergebnisse","tag-fuenf","tag-gruende","tag-hat","tag-keine","tag-unklimakonferenz","tag-warum","generate-columns","tablet-grid-50","mobile-grid-100","grid-parent","grid-50"],"yoast_head":"<!-- This site is optimized with the Yoast SEO plugin v27.3 - https:\/\/yoast.com\/product\/yoast-seo-wordpress\/ -->\n<title>Cop30: F\u00fcnf Gr\u00fcnde, warum die UN-Klimakonferenz keine Ergebnisse erbracht hat ... - Nachrichten - Stra\u00dfenweb<\/title>\n<meta name=\"robots\" content=\"index, follow, max-snippet:-1, max-image-preview:large, max-video-preview:-1\" \/>\n<link rel=\"canonical\" href=\"https:\/\/www.strassenweb.de\/nachrichten\/cop30-fuenf-gruende-warum-die-un-klimakonferenz-keine-ergebnisse-erbracht-hat\/\" \/>\n<meta property=\"og:locale\" content=\"de_DE\" \/>\n<meta property=\"og:type\" content=\"article\" \/>\n<meta property=\"og:title\" content=\"Cop30: F\u00fcnf Gr\u00fcnde, warum die UN-Klimakonferenz keine Ergebnisse erbracht hat ... - Nachrichten - Stra\u00dfenweb\" \/>\n<meta property=\"og:description\" content=\"Als die Sonne \u00fcber dem Amazonas unterging, verblasste auch das Versprechen eines \u201eVolkspolizisten\u201c. Der j\u00fcngste UN-Klimagipfel \u2013 bekannt als Cop30, der in der brasilianischen Stadt\" \/>\n<meta property=\"og:url\" content=\"https:\/\/www.strassenweb.de\/nachrichten\/cop30-fuenf-gruende-warum-die-un-klimakonferenz-keine-ergebnisse-erbracht-hat\/\" \/>\n<meta property=\"og:site_name\" content=\"Stra\u00dfenweb\" \/>\n<meta property=\"article:publisher\" content=\"https:\/\/www.facebook.com\/strassenweb\/\" \/>\n<meta property=\"article:published_time\" content=\"2025-11-26T01:39:20+00:00\" \/>\n<meta property=\"og:image\" content=\"https:\/\/www.strassenweb.de\/nachrichten\/wp-content\/uploads\/2025\/11\/Cop30-Fuenf-Gruende-warum-die-UN-Klimakonferenz-keine-Ergebnisse-erbracht-hat.jpg\" \/>\n\t<meta property=\"og:image:width\" content=\"900\" \/>\n\t<meta property=\"og:image:height\" content=\"600\" \/>\n\t<meta property=\"og:image:type\" content=\"image\/jpeg\" \/>\n<meta name=\"author\" content=\"Robert Hoffmann\" \/>\n<meta name=\"twitter:card\" content=\"summary_large_image\" \/>\n<meta name=\"twitter:label1\" content=\"Verfasst von\" \/>\n\t<meta name=\"twitter:data1\" content=\"Robert Hoffmann\" \/>\n\t<meta name=\"twitter:label2\" content=\"Gesch\u00e4tzte Lesezeit\" \/>\n\t<meta name=\"twitter:data2\" content=\"6\u00a0Minuten\" \/>\n<script type=\"application\/ld+json\" class=\"yoast-schema-graph\">{\"@context\":\"https:\\\/\\\/schema.org\",\"@graph\":[{\"@type\":\"Article\",\"@id\":\"https:\\\/\\\/www.strassenweb.de\\\/nachrichten\\\/cop30-fuenf-gruende-warum-die-un-klimakonferenz-keine-ergebnisse-erbracht-hat\\\/#article\",\"isPartOf\":{\"@id\":\"https:\\\/\\\/www.strassenweb.de\\\/nachrichten\\\/cop30-fuenf-gruende-warum-die-un-klimakonferenz-keine-ergebnisse-erbracht-hat\\\/\"},\"author\":{\"name\":\"Robert Hoffmann\",\"@id\":\"https:\\\/\\\/www.strassenweb.de\\\/nachrichten\\\/#\\\/schema\\\/person\\\/87c9c9067f1211da429a744dc5a5aa41\"},\"headline\":\"Cop30: F\u00fcnf Gr\u00fcnde, warum die UN-Klimakonferenz keine Ergebnisse erbracht hat &#8230;\",\"datePublished\":\"2025-11-26T01:39:20+00:00\",\"mainEntityOfPage\":{\"@id\":\"https:\\\/\\\/www.strassenweb.de\\\/nachrichten\\\/cop30-fuenf-gruende-warum-die-un-klimakonferenz-keine-ergebnisse-erbracht-hat\\\/\"},\"wordCount\":1166,\"publisher\":{\"@id\":\"https:\\\/\\\/www.strassenweb.de\\\/nachrichten\\\/#organization\"},\"image\":{\"@id\":\"https:\\\/\\\/www.strassenweb.de\\\/nachrichten\\\/cop30-fuenf-gruende-warum-die-un-klimakonferenz-keine-ergebnisse-erbracht-hat\\\/#primaryimage\"},\"thumbnailUrl\":\"https:\\\/\\\/www.strassenweb.de\\\/nachrichten\\\/wp-content\\\/uploads\\\/2025\\\/11\\\/Cop30-Fuenf-Gruende-warum-die-UN-Klimakonferenz-keine-Ergebnisse-erbracht-hat.jpg\",\"keywords\":[\"Cop30\",\"die\",\"erbracht\",\"Ergebnisse\",\"f\u00fcnf\",\"Gr\u00fcnde\",\"hat\",\"keine\",\"UNKlimakonferenz\",\"warum\"],\"articleSection\":[\"\u00d6kologie\"],\"inLanguage\":\"de\"},{\"@type\":\"WebPage\",\"@id\":\"https:\\\/\\\/www.strassenweb.de\\\/nachrichten\\\/cop30-fuenf-gruende-warum-die-un-klimakonferenz-keine-ergebnisse-erbracht-hat\\\/\",\"url\":\"https:\\\/\\\/www.strassenweb.de\\\/nachrichten\\\/cop30-fuenf-gruende-warum-die-un-klimakonferenz-keine-ergebnisse-erbracht-hat\\\/\",\"name\":\"Cop30: F\u00fcnf Gr\u00fcnde, warum die UN-Klimakonferenz keine Ergebnisse erbracht hat ... - Nachrichten - Stra\u00dfenweb\",\"isPartOf\":{\"@id\":\"https:\\\/\\\/www.strassenweb.de\\\/nachrichten\\\/#website\"},\"primaryImageOfPage\":{\"@id\":\"https:\\\/\\\/www.strassenweb.de\\\/nachrichten\\\/cop30-fuenf-gruende-warum-die-un-klimakonferenz-keine-ergebnisse-erbracht-hat\\\/#primaryimage\"},\"image\":{\"@id\":\"https:\\\/\\\/www.strassenweb.de\\\/nachrichten\\\/cop30-fuenf-gruende-warum-die-un-klimakonferenz-keine-ergebnisse-erbracht-hat\\\/#primaryimage\"},\"thumbnailUrl\":\"https:\\\/\\\/www.strassenweb.de\\\/nachrichten\\\/wp-content\\\/uploads\\\/2025\\\/11\\\/Cop30-Fuenf-Gruende-warum-die-UN-Klimakonferenz-keine-Ergebnisse-erbracht-hat.jpg\",\"datePublished\":\"2025-11-26T01:39:20+00:00\",\"breadcrumb\":{\"@id\":\"https:\\\/\\\/www.strassenweb.de\\\/nachrichten\\\/cop30-fuenf-gruende-warum-die-un-klimakonferenz-keine-ergebnisse-erbracht-hat\\\/#breadcrumb\"},\"inLanguage\":\"de\",\"potentialAction\":[{\"@type\":\"ReadAction\",\"target\":[\"https:\\\/\\\/www.strassenweb.de\\\/nachrichten\\\/cop30-fuenf-gruende-warum-die-un-klimakonferenz-keine-ergebnisse-erbracht-hat\\\/\"]}]},{\"@type\":\"ImageObject\",\"inLanguage\":\"de\",\"@id\":\"https:\\\/\\\/www.strassenweb.de\\\/nachrichten\\\/cop30-fuenf-gruende-warum-die-un-klimakonferenz-keine-ergebnisse-erbracht-hat\\\/#primaryimage\",\"url\":\"https:\\\/\\\/www.strassenweb.de\\\/nachrichten\\\/wp-content\\\/uploads\\\/2025\\\/11\\\/Cop30-Fuenf-Gruende-warum-die-UN-Klimakonferenz-keine-Ergebnisse-erbracht-hat.jpg\",\"contentUrl\":\"https:\\\/\\\/www.strassenweb.de\\\/nachrichten\\\/wp-content\\\/uploads\\\/2025\\\/11\\\/Cop30-Fuenf-Gruende-warum-die-UN-Klimakonferenz-keine-Ergebnisse-erbracht-hat.jpg\",\"width\":900,\"height\":600,\"caption\":\"Cop30: five reasons the UN climate conference failed to deliver on its \u2018people\u2019s summit\u2019\u00a0promise\"},{\"@type\":\"BreadcrumbList\",\"@id\":\"https:\\\/\\\/www.strassenweb.de\\\/nachrichten\\\/cop30-fuenf-gruende-warum-die-un-klimakonferenz-keine-ergebnisse-erbracht-hat\\\/#breadcrumb\",\"itemListElement\":[{\"@type\":\"ListItem\",\"position\":1,\"name\":\"Home\",\"item\":\"https:\\\/\\\/www.strassenweb.de\\\/nachrichten\\\/\"},{\"@type\":\"ListItem\",\"position\":2,\"name\":\"Cop30: F\u00fcnf Gr\u00fcnde, warum die UN-Klimakonferenz keine Ergebnisse erbracht hat &#8230;\"}]},{\"@type\":\"WebSite\",\"@id\":\"https:\\\/\\\/www.strassenweb.de\\\/nachrichten\\\/#website\",\"url\":\"https:\\\/\\\/www.strassenweb.de\\\/nachrichten\\\/\",\"name\":\"Stra\u00dfenweb\",\"description\":\"Stra\u00dfenverzeichnis f\u00fcr Deutschland\",\"publisher\":{\"@id\":\"https:\\\/\\\/www.strassenweb.de\\\/nachrichten\\\/#organization\"},\"potentialAction\":[{\"@type\":\"SearchAction\",\"target\":{\"@type\":\"EntryPoint\",\"urlTemplate\":\"https:\\\/\\\/www.strassenweb.de\\\/nachrichten\\\/?s={search_term_string}\"},\"query-input\":{\"@type\":\"PropertyValueSpecification\",\"valueRequired\":true,\"valueName\":\"search_term_string\"}}],\"inLanguage\":\"de\"},{\"@type\":\"Organization\",\"@id\":\"https:\\\/\\\/www.strassenweb.de\\\/nachrichten\\\/#organization\",\"name\":\"Stra\u00dfenweb\",\"url\":\"https:\\\/\\\/www.strassenweb.de\\\/nachrichten\\\/\",\"logo\":{\"@type\":\"ImageObject\",\"inLanguage\":\"de\",\"@id\":\"https:\\\/\\\/www.strassenweb.de\\\/nachrichten\\\/#\\\/schema\\\/logo\\\/image\\\/\",\"url\":\"https:\\\/\\\/www.strassenweb.de\\\/nachrichten\\\/wp-content\\\/uploads\\\/2024\\\/09\\\/cropped-favicon.png\",\"contentUrl\":\"https:\\\/\\\/www.strassenweb.de\\\/nachrichten\\\/wp-content\\\/uploads\\\/2024\\\/09\\\/cropped-favicon.png\",\"width\":512,\"height\":512,\"caption\":\"Stra\u00dfenweb\"},\"image\":{\"@id\":\"https:\\\/\\\/www.strassenweb.de\\\/nachrichten\\\/#\\\/schema\\\/logo\\\/image\\\/\"},\"sameAs\":[\"https:\\\/\\\/www.facebook.com\\\/strassenweb\\\/\"]},{\"@type\":\"Person\",\"@id\":\"https:\\\/\\\/www.strassenweb.de\\\/nachrichten\\\/#\\\/schema\\\/person\\\/87c9c9067f1211da429a744dc5a5aa41\",\"name\":\"Robert Hoffmann\",\"image\":{\"@type\":\"ImageObject\",\"inLanguage\":\"de\",\"@id\":\"https:\\\/\\\/www.strassenweb.de\\\/nachrichten\\\/wp-content\\\/uploads\\\/2024\\\/09\\\/strassenweb-150x150.jpg\",\"url\":\"https:\\\/\\\/www.strassenweb.de\\\/nachrichten\\\/wp-content\\\/uploads\\\/2024\\\/09\\\/strassenweb-150x150.jpg\",\"contentUrl\":\"https:\\\/\\\/www.strassenweb.de\\\/nachrichten\\\/wp-content\\\/uploads\\\/2024\\\/09\\\/strassenweb-150x150.jpg\",\"caption\":\"Robert Hoffmann\"},\"description\":\"Ich hei\u00dfe Robert Hoffmann und ich bin ein leidenschaftlicher Verfechter von \u00d6kologie und Biodiversit\u00e4t. Seit meiner Kindheit in den W\u00e4ldern Bayerns f\u00fchle ich mich mit der Natur verbunden und bin entschlossen, sie zu sch\u00fctzen. Heute widme ich mein Leben der Sensibilisierung anderer f\u00fcr die Bedeutung des Umweltschutzes f\u00fcr zuk\u00fcnftige Generationen.\",\"sameAs\":[\"https:\\\/\\\/www.strassenweb.de\\\/\"]}]}<\/script>\n<!-- \/ Yoast SEO plugin. -->","yoast_head_json":{"title":"Cop30: F\u00fcnf Gr\u00fcnde, warum die UN-Klimakonferenz keine Ergebnisse erbracht hat ... - Nachrichten - Stra\u00dfenweb","robots":{"index":"index","follow":"follow","max-snippet":"max-snippet:-1","max-image-preview":"max-image-preview:large","max-video-preview":"max-video-preview:-1"},"canonical":"https:\/\/www.strassenweb.de\/nachrichten\/cop30-fuenf-gruende-warum-die-un-klimakonferenz-keine-ergebnisse-erbracht-hat\/","og_locale":"de_DE","og_type":"article","og_title":"Cop30: F\u00fcnf Gr\u00fcnde, warum die UN-Klimakonferenz keine Ergebnisse erbracht hat ... - Nachrichten - Stra\u00dfenweb","og_description":"Als die Sonne \u00fcber dem Amazonas unterging, verblasste auch das Versprechen eines \u201eVolkspolizisten\u201c. Der j\u00fcngste UN-Klimagipfel \u2013 bekannt als Cop30, der in der brasilianischen Stadt","og_url":"https:\/\/www.strassenweb.de\/nachrichten\/cop30-fuenf-gruende-warum-die-un-klimakonferenz-keine-ergebnisse-erbracht-hat\/","og_site_name":"Stra\u00dfenweb","article_publisher":"https:\/\/www.facebook.com\/strassenweb\/","article_published_time":"2025-11-26T01:39:20+00:00","og_image":[{"width":900,"height":600,"url":"https:\/\/www.strassenweb.de\/nachrichten\/wp-content\/uploads\/2025\/11\/Cop30-Fuenf-Gruende-warum-die-UN-Klimakonferenz-keine-Ergebnisse-erbracht-hat.jpg","type":"image\/jpeg"}],"author":"Robert Hoffmann","twitter_card":"summary_large_image","twitter_misc":{"Verfasst von":"Robert Hoffmann","Gesch\u00e4tzte Lesezeit":"6\u00a0Minuten"},"schema":{"@context":"https:\/\/schema.org","@graph":[{"@type":"Article","@id":"https:\/\/www.strassenweb.de\/nachrichten\/cop30-fuenf-gruende-warum-die-un-klimakonferenz-keine-ergebnisse-erbracht-hat\/#article","isPartOf":{"@id":"https:\/\/www.strassenweb.de\/nachrichten\/cop30-fuenf-gruende-warum-die-un-klimakonferenz-keine-ergebnisse-erbracht-hat\/"},"author":{"name":"Robert Hoffmann","@id":"https:\/\/www.strassenweb.de\/nachrichten\/#\/schema\/person\/87c9c9067f1211da429a744dc5a5aa41"},"headline":"Cop30: F\u00fcnf Gr\u00fcnde, warum die UN-Klimakonferenz keine Ergebnisse erbracht hat &#8230;","datePublished":"2025-11-26T01:39:20+00:00","mainEntityOfPage":{"@id":"https:\/\/www.strassenweb.de\/nachrichten\/cop30-fuenf-gruende-warum-die-un-klimakonferenz-keine-ergebnisse-erbracht-hat\/"},"wordCount":1166,"publisher":{"@id":"https:\/\/www.strassenweb.de\/nachrichten\/#organization"},"image":{"@id":"https:\/\/www.strassenweb.de\/nachrichten\/cop30-fuenf-gruende-warum-die-un-klimakonferenz-keine-ergebnisse-erbracht-hat\/#primaryimage"},"thumbnailUrl":"https:\/\/www.strassenweb.de\/nachrichten\/wp-content\/uploads\/2025\/11\/Cop30-Fuenf-Gruende-warum-die-UN-Klimakonferenz-keine-Ergebnisse-erbracht-hat.jpg","keywords":["Cop30","die","erbracht","Ergebnisse","f\u00fcnf","Gr\u00fcnde","hat","keine","UNKlimakonferenz","warum"],"articleSection":["\u00d6kologie"],"inLanguage":"de"},{"@type":"WebPage","@id":"https:\/\/www.strassenweb.de\/nachrichten\/cop30-fuenf-gruende-warum-die-un-klimakonferenz-keine-ergebnisse-erbracht-hat\/","url":"https:\/\/www.strassenweb.de\/nachrichten\/cop30-fuenf-gruende-warum-die-un-klimakonferenz-keine-ergebnisse-erbracht-hat\/","name":"Cop30: F\u00fcnf Gr\u00fcnde, warum die UN-Klimakonferenz keine Ergebnisse erbracht hat ... - Nachrichten - Stra\u00dfenweb","isPartOf":{"@id":"https:\/\/www.strassenweb.de\/nachrichten\/#website"},"primaryImageOfPage":{"@id":"https:\/\/www.strassenweb.de\/nachrichten\/cop30-fuenf-gruende-warum-die-un-klimakonferenz-keine-ergebnisse-erbracht-hat\/#primaryimage"},"image":{"@id":"https:\/\/www.strassenweb.de\/nachrichten\/cop30-fuenf-gruende-warum-die-un-klimakonferenz-keine-ergebnisse-erbracht-hat\/#primaryimage"},"thumbnailUrl":"https:\/\/www.strassenweb.de\/nachrichten\/wp-content\/uploads\/2025\/11\/Cop30-Fuenf-Gruende-warum-die-UN-Klimakonferenz-keine-Ergebnisse-erbracht-hat.jpg","datePublished":"2025-11-26T01:39:20+00:00","breadcrumb":{"@id":"https:\/\/www.strassenweb.de\/nachrichten\/cop30-fuenf-gruende-warum-die-un-klimakonferenz-keine-ergebnisse-erbracht-hat\/#breadcrumb"},"inLanguage":"de","potentialAction":[{"@type":"ReadAction","target":["https:\/\/www.strassenweb.de\/nachrichten\/cop30-fuenf-gruende-warum-die-un-klimakonferenz-keine-ergebnisse-erbracht-hat\/"]}]},{"@type":"ImageObject","inLanguage":"de","@id":"https:\/\/www.strassenweb.de\/nachrichten\/cop30-fuenf-gruende-warum-die-un-klimakonferenz-keine-ergebnisse-erbracht-hat\/#primaryimage","url":"https:\/\/www.strassenweb.de\/nachrichten\/wp-content\/uploads\/2025\/11\/Cop30-Fuenf-Gruende-warum-die-UN-Klimakonferenz-keine-Ergebnisse-erbracht-hat.jpg","contentUrl":"https:\/\/www.strassenweb.de\/nachrichten\/wp-content\/uploads\/2025\/11\/Cop30-Fuenf-Gruende-warum-die-UN-Klimakonferenz-keine-Ergebnisse-erbracht-hat.jpg","width":900,"height":600,"caption":"Cop30: five reasons the UN climate conference failed to deliver on its \u2018people\u2019s summit\u2019\u00a0promise"},{"@type":"BreadcrumbList","@id":"https:\/\/www.strassenweb.de\/nachrichten\/cop30-fuenf-gruende-warum-die-un-klimakonferenz-keine-ergebnisse-erbracht-hat\/#breadcrumb","itemListElement":[{"@type":"ListItem","position":1,"name":"Home","item":"https:\/\/www.strassenweb.de\/nachrichten\/"},{"@type":"ListItem","position":2,"name":"Cop30: F\u00fcnf Gr\u00fcnde, warum die UN-Klimakonferenz keine Ergebnisse erbracht hat &#8230;"}]},{"@type":"WebSite","@id":"https:\/\/www.strassenweb.de\/nachrichten\/#website","url":"https:\/\/www.strassenweb.de\/nachrichten\/","name":"Stra\u00dfenweb","description":"Stra\u00dfenverzeichnis f\u00fcr Deutschland","publisher":{"@id":"https:\/\/www.strassenweb.de\/nachrichten\/#organization"},"potentialAction":[{"@type":"SearchAction","target":{"@type":"EntryPoint","urlTemplate":"https:\/\/www.strassenweb.de\/nachrichten\/?s={search_term_string}"},"query-input":{"@type":"PropertyValueSpecification","valueRequired":true,"valueName":"search_term_string"}}],"inLanguage":"de"},{"@type":"Organization","@id":"https:\/\/www.strassenweb.de\/nachrichten\/#organization","name":"Stra\u00dfenweb","url":"https:\/\/www.strassenweb.de\/nachrichten\/","logo":{"@type":"ImageObject","inLanguage":"de","@id":"https:\/\/www.strassenweb.de\/nachrichten\/#\/schema\/logo\/image\/","url":"https:\/\/www.strassenweb.de\/nachrichten\/wp-content\/uploads\/2024\/09\/cropped-favicon.png","contentUrl":"https:\/\/www.strassenweb.de\/nachrichten\/wp-content\/uploads\/2024\/09\/cropped-favicon.png","width":512,"height":512,"caption":"Stra\u00dfenweb"},"image":{"@id":"https:\/\/www.strassenweb.de\/nachrichten\/#\/schema\/logo\/image\/"},"sameAs":["https:\/\/www.facebook.com\/strassenweb\/"]},{"@type":"Person","@id":"https:\/\/www.strassenweb.de\/nachrichten\/#\/schema\/person\/87c9c9067f1211da429a744dc5a5aa41","name":"Robert Hoffmann","image":{"@type":"ImageObject","inLanguage":"de","@id":"https:\/\/www.strassenweb.de\/nachrichten\/wp-content\/uploads\/2024\/09\/strassenweb-150x150.jpg","url":"https:\/\/www.strassenweb.de\/nachrichten\/wp-content\/uploads\/2024\/09\/strassenweb-150x150.jpg","contentUrl":"https:\/\/www.strassenweb.de\/nachrichten\/wp-content\/uploads\/2024\/09\/strassenweb-150x150.jpg","caption":"Robert Hoffmann"},"description":"Ich hei\u00dfe Robert Hoffmann und ich bin ein leidenschaftlicher Verfechter von \u00d6kologie und Biodiversit\u00e4t. Seit meiner Kindheit in den W\u00e4ldern Bayerns f\u00fchle ich mich mit der Natur verbunden und bin entschlossen, sie zu sch\u00fctzen. Heute widme ich mein Leben der Sensibilisierung anderer f\u00fcr die Bedeutung des Umweltschutzes f\u00fcr zuk\u00fcnftige Generationen.","sameAs":["https:\/\/www.strassenweb.de\/"]}]}},"_links":{"self":[{"href":"https:\/\/www.strassenweb.de\/nachrichten\/wp-json\/wp\/v2\/posts\/9448","targetHints":{"allow":["GET"]}}],"collection":[{"href":"https:\/\/www.strassenweb.de\/nachrichten\/wp-json\/wp\/v2\/posts"}],"about":[{"href":"https:\/\/www.strassenweb.de\/nachrichten\/wp-json\/wp\/v2\/types\/post"}],"author":[{"embeddable":true,"href":"https:\/\/www.strassenweb.de\/nachrichten\/wp-json\/wp\/v2\/users\/1"}],"replies":[{"embeddable":true,"href":"https:\/\/www.strassenweb.de\/nachrichten\/wp-json\/wp\/v2\/comments?post=9448"}],"version-history":[{"count":0,"href":"https:\/\/www.strassenweb.de\/nachrichten\/wp-json\/wp\/v2\/posts\/9448\/revisions"}],"wp:featuredmedia":[{"embeddable":true,"href":"https:\/\/www.strassenweb.de\/nachrichten\/wp-json\/wp\/v2\/media\/9449"}],"wp:attachment":[{"href":"https:\/\/www.strassenweb.de\/nachrichten\/wp-json\/wp\/v2\/media?parent=9448"}],"wp:term":[{"taxonomy":"category","embeddable":true,"href":"https:\/\/www.strassenweb.de\/nachrichten\/wp-json\/wp\/v2\/categories?post=9448"},{"taxonomy":"post_tag","embeddable":true,"href":"https:\/\/www.strassenweb.de\/nachrichten\/wp-json\/wp\/v2\/tags?post=9448"}],"curies":[{"name":"wp","href":"https:\/\/api.w.org\/{rel}","templated":true}]}}