{"id":9437,"date":"2025-11-25T20:39:28","date_gmt":"2025-11-25T19:39:28","guid":{"rendered":"https:\/\/www.strassenweb.de\/nachrichten\/ausser-kontakt-das-oberhaus-vernachlaessigt-die-natur-als-lebenswichtigen-schutz\/"},"modified":"2025-11-25T20:39:29","modified_gmt":"2025-11-25T19:39:29","slug":"ausser-kontakt-das-oberhaus-vernachlaessigt-die-natur-als-lebenswichtigen-schutz","status":"publish","type":"post","link":"https:\/\/www.strassenweb.de\/nachrichten\/ausser-kontakt-das-oberhaus-vernachlaessigt-die-natur-als-lebenswichtigen-schutz\/","title":{"rendered":"Au\u00dfer Kontakt: Das Oberhaus vernachl\u00e4ssigt die Natur als lebenswichtigen Schutz &#8230;"},"content":{"rendered":"<p>Letzte Nacht gelang es den Kollegen im House of Lords nicht, eine Abstimmung \u00fcber wichtige \u00c4nderungsantr\u00e4ge zu erzwingen, die den Naturschutz im Planungs- und Infrastrukturgesetz gest\u00e4rkt h\u00e4tten. Laut CIEEM h\u00e4tten diese \u00c4nderungsantr\u00e4ge zu einem Kompromiss gef\u00fchrt, der lebenswichtige Lebensr\u00e4ume sch\u00fctzte und gleichzeitig den Entwicklern klarere Erwartungen vermittelte. Sie wurden jedoch zur\u00fcckgezogen, nachdem zu wenige Lords anwesend waren, um auf eine Abstimmung zu dr\u00e4ngen.<\/p>\n<p>Am auff\u00e4lligsten war vielleicht die Ablehnung eines \u00c4nderungsantrags zum Schutz von Kreidefl\u00fcssen, einem Lebensraum, der weltweit selten und ernsthaft bedroht ist. Die Abstimmung ergab trotz leidenschaftlicher Appelle im Plenum 132 zu 81 Gegenstimmen \u2013 ein klares Zeichen daf\u00fcr, dass die Natur erneut an Boden verloren hat.<\/p>\n<p>Naturschutzorganisationen, \u00d6kologen und Wildtiergruppen haben gewarnt, dass der Rahmen des Gesetzentwurfs f\u00fcr Umweltlieferpl\u00e4ne (Environmental Delivery Plans, EDPs) in Kombination mit einem nationalen Fonds zur Wiederherstellung der Natur langj\u00e4hrige Schutzma\u00dfnahmen eher schw\u00e4chen als verst\u00e4rken k\u00f6nnte.<\/p>\n<p>Da der Gesetzentwurf nun ins Unterhaus zur\u00fcckkehrt, sind die Narben dieser Niederlage schwerwiegend. F\u00fcr viele f\u00fchlt es sich wie eine letzte, verpasste Chance an, sinnvolle Umweltschutzma\u00dfnahmen gesetzlich zu verankern, genau dann, wenn wir sie am meisten brauchen.<\/p>\n<p>Beccy Speight, Gesch\u00e4ftsf\u00fchrerin des RSPB, sagte:<\/p>\n<p>\u201eGestern Abend erreichte die \u00dcberrollbewegung der Regierung mit einem Planungsgesetz ihren H\u00f6hepunkt, das wichtige Schutzma\u00dfnahmen f\u00fcr die Natur zunichtemachte und einen neuen, unerprobten und unerprobten Prozess ins Leben rief. Die britische Regierung behauptete stets, dies sei eine Win-Win-Situation f\u00fcr die Wirtschaft und die Natur, aber in Wirklichkeit hat sie die Natur auf den letzten Platz verdr\u00e4ngt.\u201c<\/p>\n<p>\u201eEine Umfrage nach der anderen zeigt, dass den Briten unsere Tierwelt und ihre wilden Orte sehr am Herzen liegen und dass sie wollen, dass die Politiker handeln, um sie zu retten. Der \u00fcberw\u00e4ltigende Eindruck, der von dieser Regierung kommt, ist, dass die Natur keine Rolle spielt, was im Widerspruch dazu und den in ihrem eigenen Manifest enthaltenen Versprechen zur Wiederherstellung unserer nat\u00fcrlichen Welt steht.\u201c<\/p>\n","protected":false},"excerpt":{"rendered":"<p>Letzte Nacht gelang es den Kollegen im House of Lords nicht, eine Abstimmung \u00fcber wichtige \u00c4nderungsantr\u00e4ge zu erzwingen, die den Naturschutz im Planungs- und Infrastrukturgesetz<\/p>\n","protected":false},"author":1,"featured_media":9438,"comment_status":"closed","ping_status":"","sticky":false,"template":"","format":"standard","meta":{"footnotes":""},"categories":[101],"tags":[935,4448,112,9,11744,10756,805,11745,1161,9107],"class_list":["post-9437","post","type-post","status-publish","format-standard","has-post-thumbnail","hentry","category-oekologie","tag-als","tag-ausser","tag-das","tag-die","tag-kontakt","tag-lebenswichtigen","tag-natur","tag-oberhaus","tag-schutz","tag-vernachlaessigt","generate-columns","tablet-grid-50","mobile-grid-100","grid-parent","grid-50"],"yoast_head":"<!-- This site is optimized with the Yoast SEO plugin v27.3 - https:\/\/yoast.com\/product\/yoast-seo-wordpress\/ -->\n<title>Au\u00dfer Kontakt: Das Oberhaus vernachl\u00e4ssigt die Natur als lebenswichtigen Schutz ... - Nachrichten - Stra\u00dfenweb<\/title>\n<meta name=\"robots\" content=\"index, follow, max-snippet:-1, max-image-preview:large, max-video-preview:-1\" \/>\n<link rel=\"canonical\" href=\"https:\/\/www.strassenweb.de\/nachrichten\/ausser-kontakt-das-oberhaus-vernachlaessigt-die-natur-als-lebenswichtigen-schutz\/\" \/>\n<meta property=\"og:locale\" content=\"de_DE\" \/>\n<meta property=\"og:type\" content=\"article\" \/>\n<meta property=\"og:title\" content=\"Au\u00dfer Kontakt: Das Oberhaus vernachl\u00e4ssigt die Natur als lebenswichtigen Schutz ... - Nachrichten - Stra\u00dfenweb\" \/>\n<meta property=\"og:description\" content=\"Letzte Nacht gelang es den Kollegen im House of Lords nicht, eine Abstimmung \u00fcber wichtige \u00c4nderungsantr\u00e4ge zu erzwingen, die den Naturschutz im Planungs- und Infrastrukturgesetz\" \/>\n<meta property=\"og:url\" content=\"https:\/\/www.strassenweb.de\/nachrichten\/ausser-kontakt-das-oberhaus-vernachlaessigt-die-natur-als-lebenswichtigen-schutz\/\" \/>\n<meta property=\"og:site_name\" content=\"Stra\u00dfenweb\" \/>\n<meta property=\"article:publisher\" content=\"https:\/\/www.facebook.com\/strassenweb\/\" \/>\n<meta property=\"article:published_time\" content=\"2025-11-25T19:39:28+00:00\" \/>\n<meta property=\"article:modified_time\" content=\"2025-11-25T19:39:29+00:00\" \/>\n<meta property=\"og:image\" content=\"https:\/\/www.strassenweb.de\/nachrichten\/wp-content\/uploads\/2025\/11\/Ausser-Kontakt-Das-Oberhaus-vernachlaessigt-die-Natur-als-lebenswichtigen-Schutz.jpg\" \/>\n\t<meta property=\"og:image:width\" content=\"900\" \/>\n\t<meta property=\"og:image:height\" content=\"600\" \/>\n\t<meta property=\"og:image:type\" content=\"image\/jpeg\" \/>\n<meta name=\"author\" content=\"Robert Hoffmann\" \/>\n<meta name=\"twitter:card\" content=\"summary_large_image\" \/>\n<meta name=\"twitter:label1\" content=\"Verfasst von\" \/>\n\t<meta name=\"twitter:data1\" content=\"Robert Hoffmann\" \/>\n\t<meta name=\"twitter:label2\" content=\"Gesch\u00e4tzte Lesezeit\" \/>\n\t<meta name=\"twitter:data2\" content=\"2\u00a0Minuten\" \/>\n<script type=\"application\/ld+json\" class=\"yoast-schema-graph\">{\"@context\":\"https:\\\/\\\/schema.org\",\"@graph\":[{\"@type\":\"Article\",\"@id\":\"https:\\\/\\\/www.strassenweb.de\\\/nachrichten\\\/ausser-kontakt-das-oberhaus-vernachlaessigt-die-natur-als-lebenswichtigen-schutz\\\/#article\",\"isPartOf\":{\"@id\":\"https:\\\/\\\/www.strassenweb.de\\\/nachrichten\\\/ausser-kontakt-das-oberhaus-vernachlaessigt-die-natur-als-lebenswichtigen-schutz\\\/\"},\"author\":{\"name\":\"Robert Hoffmann\",\"@id\":\"https:\\\/\\\/www.strassenweb.de\\\/nachrichten\\\/#\\\/schema\\\/person\\\/87c9c9067f1211da429a744dc5a5aa41\"},\"headline\":\"Au\u00dfer Kontakt: Das Oberhaus vernachl\u00e4ssigt die Natur als lebenswichtigen Schutz &#8230;\",\"datePublished\":\"2025-11-25T19:39:28+00:00\",\"dateModified\":\"2025-11-25T19:39:29+00:00\",\"mainEntityOfPage\":{\"@id\":\"https:\\\/\\\/www.strassenweb.de\\\/nachrichten\\\/ausser-kontakt-das-oberhaus-vernachlaessigt-die-natur-als-lebenswichtigen-schutz\\\/\"},\"wordCount\":348,\"publisher\":{\"@id\":\"https:\\\/\\\/www.strassenweb.de\\\/nachrichten\\\/#organization\"},\"image\":{\"@id\":\"https:\\\/\\\/www.strassenweb.de\\\/nachrichten\\\/ausser-kontakt-das-oberhaus-vernachlaessigt-die-natur-als-lebenswichtigen-schutz\\\/#primaryimage\"},\"thumbnailUrl\":\"https:\\\/\\\/www.strassenweb.de\\\/nachrichten\\\/wp-content\\\/uploads\\\/2025\\\/11\\\/Ausser-Kontakt-Das-Oberhaus-vernachlaessigt-die-Natur-als-lebenswichtigen-Schutz.jpg\",\"keywords\":[\"als\",\"au\u00dfer\",\"das\",\"die\",\"Kontakt\",\"lebenswichtigen\",\"Natur\",\"Oberhaus\",\"Schutz\",\"vernachl\u00e4ssigt\"],\"articleSection\":[\"\u00d6kologie\"],\"inLanguage\":\"de\"},{\"@type\":\"WebPage\",\"@id\":\"https:\\\/\\\/www.strassenweb.de\\\/nachrichten\\\/ausser-kontakt-das-oberhaus-vernachlaessigt-die-natur-als-lebenswichtigen-schutz\\\/\",\"url\":\"https:\\\/\\\/www.strassenweb.de\\\/nachrichten\\\/ausser-kontakt-das-oberhaus-vernachlaessigt-die-natur-als-lebenswichtigen-schutz\\\/\",\"name\":\"Au\u00dfer Kontakt: Das Oberhaus vernachl\u00e4ssigt die Natur als lebenswichtigen Schutz ... - Nachrichten - Stra\u00dfenweb\",\"isPartOf\":{\"@id\":\"https:\\\/\\\/www.strassenweb.de\\\/nachrichten\\\/#website\"},\"primaryImageOfPage\":{\"@id\":\"https:\\\/\\\/www.strassenweb.de\\\/nachrichten\\\/ausser-kontakt-das-oberhaus-vernachlaessigt-die-natur-als-lebenswichtigen-schutz\\\/#primaryimage\"},\"image\":{\"@id\":\"https:\\\/\\\/www.strassenweb.de\\\/nachrichten\\\/ausser-kontakt-das-oberhaus-vernachlaessigt-die-natur-als-lebenswichtigen-schutz\\\/#primaryimage\"},\"thumbnailUrl\":\"https:\\\/\\\/www.strassenweb.de\\\/nachrichten\\\/wp-content\\\/uploads\\\/2025\\\/11\\\/Ausser-Kontakt-Das-Oberhaus-vernachlaessigt-die-Natur-als-lebenswichtigen-Schutz.jpg\",\"datePublished\":\"2025-11-25T19:39:28+00:00\",\"dateModified\":\"2025-11-25T19:39:29+00:00\",\"breadcrumb\":{\"@id\":\"https:\\\/\\\/www.strassenweb.de\\\/nachrichten\\\/ausser-kontakt-das-oberhaus-vernachlaessigt-die-natur-als-lebenswichtigen-schutz\\\/#breadcrumb\"},\"inLanguage\":\"de\",\"potentialAction\":[{\"@type\":\"ReadAction\",\"target\":[\"https:\\\/\\\/www.strassenweb.de\\\/nachrichten\\\/ausser-kontakt-das-oberhaus-vernachlaessigt-die-natur-als-lebenswichtigen-schutz\\\/\"]}]},{\"@type\":\"ImageObject\",\"inLanguage\":\"de\",\"@id\":\"https:\\\/\\\/www.strassenweb.de\\\/nachrichten\\\/ausser-kontakt-das-oberhaus-vernachlaessigt-die-natur-als-lebenswichtigen-schutz\\\/#primaryimage\",\"url\":\"https:\\\/\\\/www.strassenweb.de\\\/nachrichten\\\/wp-content\\\/uploads\\\/2025\\\/11\\\/Ausser-Kontakt-Das-Oberhaus-vernachlaessigt-die-Natur-als-lebenswichtigen-Schutz.jpg\",\"contentUrl\":\"https:\\\/\\\/www.strassenweb.de\\\/nachrichten\\\/wp-content\\\/uploads\\\/2025\\\/11\\\/Ausser-Kontakt-Das-Oberhaus-vernachlaessigt-die-Natur-als-lebenswichtigen-Schutz.jpg\",\"width\":900,\"height\":600,\"caption\":\"Out of Touch: House of Lords Fails Nature as Vital Safeguards Are Defeated\"},{\"@type\":\"BreadcrumbList\",\"@id\":\"https:\\\/\\\/www.strassenweb.de\\\/nachrichten\\\/ausser-kontakt-das-oberhaus-vernachlaessigt-die-natur-als-lebenswichtigen-schutz\\\/#breadcrumb\",\"itemListElement\":[{\"@type\":\"ListItem\",\"position\":1,\"name\":\"Home\",\"item\":\"https:\\\/\\\/www.strassenweb.de\\\/nachrichten\\\/\"},{\"@type\":\"ListItem\",\"position\":2,\"name\":\"Au\u00dfer Kontakt: Das Oberhaus vernachl\u00e4ssigt die Natur als lebenswichtigen Schutz &#8230;\"}]},{\"@type\":\"WebSite\",\"@id\":\"https:\\\/\\\/www.strassenweb.de\\\/nachrichten\\\/#website\",\"url\":\"https:\\\/\\\/www.strassenweb.de\\\/nachrichten\\\/\",\"name\":\"Stra\u00dfenweb\",\"description\":\"Stra\u00dfenverzeichnis f\u00fcr Deutschland\",\"publisher\":{\"@id\":\"https:\\\/\\\/www.strassenweb.de\\\/nachrichten\\\/#organization\"},\"potentialAction\":[{\"@type\":\"SearchAction\",\"target\":{\"@type\":\"EntryPoint\",\"urlTemplate\":\"https:\\\/\\\/www.strassenweb.de\\\/nachrichten\\\/?s={search_term_string}\"},\"query-input\":{\"@type\":\"PropertyValueSpecification\",\"valueRequired\":true,\"valueName\":\"search_term_string\"}}],\"inLanguage\":\"de\"},{\"@type\":\"Organization\",\"@id\":\"https:\\\/\\\/www.strassenweb.de\\\/nachrichten\\\/#organization\",\"name\":\"Stra\u00dfenweb\",\"url\":\"https:\\\/\\\/www.strassenweb.de\\\/nachrichten\\\/\",\"logo\":{\"@type\":\"ImageObject\",\"inLanguage\":\"de\",\"@id\":\"https:\\\/\\\/www.strassenweb.de\\\/nachrichten\\\/#\\\/schema\\\/logo\\\/image\\\/\",\"url\":\"https:\\\/\\\/www.strassenweb.de\\\/nachrichten\\\/wp-content\\\/uploads\\\/2024\\\/09\\\/cropped-favicon.png\",\"contentUrl\":\"https:\\\/\\\/www.strassenweb.de\\\/nachrichten\\\/wp-content\\\/uploads\\\/2024\\\/09\\\/cropped-favicon.png\",\"width\":512,\"height\":512,\"caption\":\"Stra\u00dfenweb\"},\"image\":{\"@id\":\"https:\\\/\\\/www.strassenweb.de\\\/nachrichten\\\/#\\\/schema\\\/logo\\\/image\\\/\"},\"sameAs\":[\"https:\\\/\\\/www.facebook.com\\\/strassenweb\\\/\"]},{\"@type\":\"Person\",\"@id\":\"https:\\\/\\\/www.strassenweb.de\\\/nachrichten\\\/#\\\/schema\\\/person\\\/87c9c9067f1211da429a744dc5a5aa41\",\"name\":\"Robert Hoffmann\",\"image\":{\"@type\":\"ImageObject\",\"inLanguage\":\"de\",\"@id\":\"https:\\\/\\\/www.strassenweb.de\\\/nachrichten\\\/wp-content\\\/uploads\\\/2024\\\/09\\\/strassenweb-150x150.jpg\",\"url\":\"https:\\\/\\\/www.strassenweb.de\\\/nachrichten\\\/wp-content\\\/uploads\\\/2024\\\/09\\\/strassenweb-150x150.jpg\",\"contentUrl\":\"https:\\\/\\\/www.strassenweb.de\\\/nachrichten\\\/wp-content\\\/uploads\\\/2024\\\/09\\\/strassenweb-150x150.jpg\",\"caption\":\"Robert Hoffmann\"},\"description\":\"Ich hei\u00dfe Robert Hoffmann und ich bin ein leidenschaftlicher Verfechter von \u00d6kologie und Biodiversit\u00e4t. Seit meiner Kindheit in den W\u00e4ldern Bayerns f\u00fchle ich mich mit der Natur verbunden und bin entschlossen, sie zu sch\u00fctzen. Heute widme ich mein Leben der Sensibilisierung anderer f\u00fcr die Bedeutung des Umweltschutzes f\u00fcr zuk\u00fcnftige Generationen.\",\"sameAs\":[\"https:\\\/\\\/www.strassenweb.de\\\/\"]}]}<\/script>\n<!-- \/ Yoast SEO plugin. -->","yoast_head_json":{"title":"Au\u00dfer Kontakt: Das Oberhaus vernachl\u00e4ssigt die Natur als lebenswichtigen Schutz ... - Nachrichten - Stra\u00dfenweb","robots":{"index":"index","follow":"follow","max-snippet":"max-snippet:-1","max-image-preview":"max-image-preview:large","max-video-preview":"max-video-preview:-1"},"canonical":"https:\/\/www.strassenweb.de\/nachrichten\/ausser-kontakt-das-oberhaus-vernachlaessigt-die-natur-als-lebenswichtigen-schutz\/","og_locale":"de_DE","og_type":"article","og_title":"Au\u00dfer Kontakt: Das Oberhaus vernachl\u00e4ssigt die Natur als lebenswichtigen Schutz ... - Nachrichten - Stra\u00dfenweb","og_description":"Letzte Nacht gelang es den Kollegen im House of Lords nicht, eine Abstimmung \u00fcber wichtige \u00c4nderungsantr\u00e4ge zu erzwingen, die den Naturschutz im Planungs- und Infrastrukturgesetz","og_url":"https:\/\/www.strassenweb.de\/nachrichten\/ausser-kontakt-das-oberhaus-vernachlaessigt-die-natur-als-lebenswichtigen-schutz\/","og_site_name":"Stra\u00dfenweb","article_publisher":"https:\/\/www.facebook.com\/strassenweb\/","article_published_time":"2025-11-25T19:39:28+00:00","article_modified_time":"2025-11-25T19:39:29+00:00","og_image":[{"width":900,"height":600,"url":"https:\/\/www.strassenweb.de\/nachrichten\/wp-content\/uploads\/2025\/11\/Ausser-Kontakt-Das-Oberhaus-vernachlaessigt-die-Natur-als-lebenswichtigen-Schutz.jpg","type":"image\/jpeg"}],"author":"Robert Hoffmann","twitter_card":"summary_large_image","twitter_misc":{"Verfasst von":"Robert Hoffmann","Gesch\u00e4tzte Lesezeit":"2\u00a0Minuten"},"schema":{"@context":"https:\/\/schema.org","@graph":[{"@type":"Article","@id":"https:\/\/www.strassenweb.de\/nachrichten\/ausser-kontakt-das-oberhaus-vernachlaessigt-die-natur-als-lebenswichtigen-schutz\/#article","isPartOf":{"@id":"https:\/\/www.strassenweb.de\/nachrichten\/ausser-kontakt-das-oberhaus-vernachlaessigt-die-natur-als-lebenswichtigen-schutz\/"},"author":{"name":"Robert Hoffmann","@id":"https:\/\/www.strassenweb.de\/nachrichten\/#\/schema\/person\/87c9c9067f1211da429a744dc5a5aa41"},"headline":"Au\u00dfer Kontakt: Das Oberhaus vernachl\u00e4ssigt die Natur als lebenswichtigen Schutz &#8230;","datePublished":"2025-11-25T19:39:28+00:00","dateModified":"2025-11-25T19:39:29+00:00","mainEntityOfPage":{"@id":"https:\/\/www.strassenweb.de\/nachrichten\/ausser-kontakt-das-oberhaus-vernachlaessigt-die-natur-als-lebenswichtigen-schutz\/"},"wordCount":348,"publisher":{"@id":"https:\/\/www.strassenweb.de\/nachrichten\/#organization"},"image":{"@id":"https:\/\/www.strassenweb.de\/nachrichten\/ausser-kontakt-das-oberhaus-vernachlaessigt-die-natur-als-lebenswichtigen-schutz\/#primaryimage"},"thumbnailUrl":"https:\/\/www.strassenweb.de\/nachrichten\/wp-content\/uploads\/2025\/11\/Ausser-Kontakt-Das-Oberhaus-vernachlaessigt-die-Natur-als-lebenswichtigen-Schutz.jpg","keywords":["als","au\u00dfer","das","die","Kontakt","lebenswichtigen","Natur","Oberhaus","Schutz","vernachl\u00e4ssigt"],"articleSection":["\u00d6kologie"],"inLanguage":"de"},{"@type":"WebPage","@id":"https:\/\/www.strassenweb.de\/nachrichten\/ausser-kontakt-das-oberhaus-vernachlaessigt-die-natur-als-lebenswichtigen-schutz\/","url":"https:\/\/www.strassenweb.de\/nachrichten\/ausser-kontakt-das-oberhaus-vernachlaessigt-die-natur-als-lebenswichtigen-schutz\/","name":"Au\u00dfer Kontakt: Das Oberhaus vernachl\u00e4ssigt die Natur als lebenswichtigen Schutz ... - Nachrichten - Stra\u00dfenweb","isPartOf":{"@id":"https:\/\/www.strassenweb.de\/nachrichten\/#website"},"primaryImageOfPage":{"@id":"https:\/\/www.strassenweb.de\/nachrichten\/ausser-kontakt-das-oberhaus-vernachlaessigt-die-natur-als-lebenswichtigen-schutz\/#primaryimage"},"image":{"@id":"https:\/\/www.strassenweb.de\/nachrichten\/ausser-kontakt-das-oberhaus-vernachlaessigt-die-natur-als-lebenswichtigen-schutz\/#primaryimage"},"thumbnailUrl":"https:\/\/www.strassenweb.de\/nachrichten\/wp-content\/uploads\/2025\/11\/Ausser-Kontakt-Das-Oberhaus-vernachlaessigt-die-Natur-als-lebenswichtigen-Schutz.jpg","datePublished":"2025-11-25T19:39:28+00:00","dateModified":"2025-11-25T19:39:29+00:00","breadcrumb":{"@id":"https:\/\/www.strassenweb.de\/nachrichten\/ausser-kontakt-das-oberhaus-vernachlaessigt-die-natur-als-lebenswichtigen-schutz\/#breadcrumb"},"inLanguage":"de","potentialAction":[{"@type":"ReadAction","target":["https:\/\/www.strassenweb.de\/nachrichten\/ausser-kontakt-das-oberhaus-vernachlaessigt-die-natur-als-lebenswichtigen-schutz\/"]}]},{"@type":"ImageObject","inLanguage":"de","@id":"https:\/\/www.strassenweb.de\/nachrichten\/ausser-kontakt-das-oberhaus-vernachlaessigt-die-natur-als-lebenswichtigen-schutz\/#primaryimage","url":"https:\/\/www.strassenweb.de\/nachrichten\/wp-content\/uploads\/2025\/11\/Ausser-Kontakt-Das-Oberhaus-vernachlaessigt-die-Natur-als-lebenswichtigen-Schutz.jpg","contentUrl":"https:\/\/www.strassenweb.de\/nachrichten\/wp-content\/uploads\/2025\/11\/Ausser-Kontakt-Das-Oberhaus-vernachlaessigt-die-Natur-als-lebenswichtigen-Schutz.jpg","width":900,"height":600,"caption":"Out of Touch: House of Lords Fails Nature as Vital Safeguards Are Defeated"},{"@type":"BreadcrumbList","@id":"https:\/\/www.strassenweb.de\/nachrichten\/ausser-kontakt-das-oberhaus-vernachlaessigt-die-natur-als-lebenswichtigen-schutz\/#breadcrumb","itemListElement":[{"@type":"ListItem","position":1,"name":"Home","item":"https:\/\/www.strassenweb.de\/nachrichten\/"},{"@type":"ListItem","position":2,"name":"Au\u00dfer Kontakt: Das Oberhaus vernachl\u00e4ssigt die Natur als lebenswichtigen Schutz &#8230;"}]},{"@type":"WebSite","@id":"https:\/\/www.strassenweb.de\/nachrichten\/#website","url":"https:\/\/www.strassenweb.de\/nachrichten\/","name":"Stra\u00dfenweb","description":"Stra\u00dfenverzeichnis f\u00fcr Deutschland","publisher":{"@id":"https:\/\/www.strassenweb.de\/nachrichten\/#organization"},"potentialAction":[{"@type":"SearchAction","target":{"@type":"EntryPoint","urlTemplate":"https:\/\/www.strassenweb.de\/nachrichten\/?s={search_term_string}"},"query-input":{"@type":"PropertyValueSpecification","valueRequired":true,"valueName":"search_term_string"}}],"inLanguage":"de"},{"@type":"Organization","@id":"https:\/\/www.strassenweb.de\/nachrichten\/#organization","name":"Stra\u00dfenweb","url":"https:\/\/www.strassenweb.de\/nachrichten\/","logo":{"@type":"ImageObject","inLanguage":"de","@id":"https:\/\/www.strassenweb.de\/nachrichten\/#\/schema\/logo\/image\/","url":"https:\/\/www.strassenweb.de\/nachrichten\/wp-content\/uploads\/2024\/09\/cropped-favicon.png","contentUrl":"https:\/\/www.strassenweb.de\/nachrichten\/wp-content\/uploads\/2024\/09\/cropped-favicon.png","width":512,"height":512,"caption":"Stra\u00dfenweb"},"image":{"@id":"https:\/\/www.strassenweb.de\/nachrichten\/#\/schema\/logo\/image\/"},"sameAs":["https:\/\/www.facebook.com\/strassenweb\/"]},{"@type":"Person","@id":"https:\/\/www.strassenweb.de\/nachrichten\/#\/schema\/person\/87c9c9067f1211da429a744dc5a5aa41","name":"Robert Hoffmann","image":{"@type":"ImageObject","inLanguage":"de","@id":"https:\/\/www.strassenweb.de\/nachrichten\/wp-content\/uploads\/2024\/09\/strassenweb-150x150.jpg","url":"https:\/\/www.strassenweb.de\/nachrichten\/wp-content\/uploads\/2024\/09\/strassenweb-150x150.jpg","contentUrl":"https:\/\/www.strassenweb.de\/nachrichten\/wp-content\/uploads\/2024\/09\/strassenweb-150x150.jpg","caption":"Robert Hoffmann"},"description":"Ich hei\u00dfe Robert Hoffmann und ich bin ein leidenschaftlicher Verfechter von \u00d6kologie und Biodiversit\u00e4t. Seit meiner Kindheit in den W\u00e4ldern Bayerns f\u00fchle ich mich mit der Natur verbunden und bin entschlossen, sie zu sch\u00fctzen. Heute widme ich mein Leben der Sensibilisierung anderer f\u00fcr die Bedeutung des Umweltschutzes f\u00fcr zuk\u00fcnftige Generationen.","sameAs":["https:\/\/www.strassenweb.de\/"]}]}},"_links":{"self":[{"href":"https:\/\/www.strassenweb.de\/nachrichten\/wp-json\/wp\/v2\/posts\/9437","targetHints":{"allow":["GET"]}}],"collection":[{"href":"https:\/\/www.strassenweb.de\/nachrichten\/wp-json\/wp\/v2\/posts"}],"about":[{"href":"https:\/\/www.strassenweb.de\/nachrichten\/wp-json\/wp\/v2\/types\/post"}],"author":[{"embeddable":true,"href":"https:\/\/www.strassenweb.de\/nachrichten\/wp-json\/wp\/v2\/users\/1"}],"replies":[{"embeddable":true,"href":"https:\/\/www.strassenweb.de\/nachrichten\/wp-json\/wp\/v2\/comments?post=9437"}],"version-history":[{"count":0,"href":"https:\/\/www.strassenweb.de\/nachrichten\/wp-json\/wp\/v2\/posts\/9437\/revisions"}],"wp:featuredmedia":[{"embeddable":true,"href":"https:\/\/www.strassenweb.de\/nachrichten\/wp-json\/wp\/v2\/media\/9438"}],"wp:attachment":[{"href":"https:\/\/www.strassenweb.de\/nachrichten\/wp-json\/wp\/v2\/media?parent=9437"}],"wp:term":[{"taxonomy":"category","embeddable":true,"href":"https:\/\/www.strassenweb.de\/nachrichten\/wp-json\/wp\/v2\/categories?post=9437"},{"taxonomy":"post_tag","embeddable":true,"href":"https:\/\/www.strassenweb.de\/nachrichten\/wp-json\/wp\/v2\/tags?post=9437"}],"curies":[{"name":"wp","href":"https:\/\/api.w.org\/{rel}","templated":true}]}}