{"id":9432,"date":"2025-11-25T16:39:16","date_gmt":"2025-11-25T15:39:16","guid":{"rendered":"https:\/\/www.strassenweb.de\/nachrichten\/zwoelf-monate-spaeter-fuehlt-sich-diese-von-kylie-jenner-geliebte-decke-immer-noch-frisch-aus-der-verpackung-weich-an-und-ich-werde-meine-nie-mehr-loslassen\/"},"modified":"2025-11-25T16:39:17","modified_gmt":"2025-11-25T15:39:17","slug":"zwoelf-monate-spaeter-fuehlt-sich-diese-von-kylie-jenner-geliebte-decke-immer-noch-frisch-aus-der-verpackung-weich-an-und-ich-werde-meine-nie-mehr-loslassen","status":"publish","type":"post","link":"https:\/\/www.strassenweb.de\/nachrichten\/zwoelf-monate-spaeter-fuehlt-sich-diese-von-kylie-jenner-geliebte-decke-immer-noch-frisch-aus-der-verpackung-weich-an-und-ich-werde-meine-nie-mehr-loslassen\/","title":{"rendered":"Zw\u00f6lf Monate sp\u00e4ter f\u00fchlt sich diese von Kylie Jenner geliebte Decke immer noch frisch aus der Verpackung weich an \u2013 und ich werde meine nie mehr loslassen"},"content":{"rendered":"<p><\/p>\n<div id=\"article-body\" class=\"article__body \">\n<p id=\"21013b66-5b3e-4b81-a546-41c290da2c05\">Als Redakteurin f\u00fcr Promi-Stile liebe ich es, einen roten Faden zwischen den bekanntesten Pers\u00f6nlichkeiten der Welt zu entdecken \u2013 und nur wenige Dinge stechen so heraus wie die ikonische Barefoot Dreams-Decke.<\/p>\n<div id=\"ad-unit-1\" class=\"ad-unit\"><\/div>\n<p>In den letzten Jahren haben Oprah, Hailey Bieber, Chrissy Teigen, Bella Hadid und Kylie Jenner ihre Liebe zu diesem ultraweichen Essential geteilt. Neugierig, ich habe es letztes Jahr selbst ausprobiert. Zw\u00f6lf Monate sp\u00e4ter kann ich es getrost als ein Must-Have f\u00fcr ein modernes Zuhause bezeichnen \u2013 ich kann mir mein Bett ohne es ehrlich gesagt nicht vorstellen.<\/p>\n<aside data-block-type=\"embed\" data-render-type=\"fte\" data-skip=\"dealsy\" data-widget-type=\"seasonal\" class=\"hawk-root\"><\/aside>\n<p id=\"21013b66-5b3e-4b81-a546-41c290da2c05-2\">Chrissy Teigen erregte meine Aufmerksamkeit zum ersten Mal im Jahr 2019, als sie verriet, dass sie ihre Decke jeden Tag benutzt. \u201eIch verwende meinen 365. Er dehnt sich und legt sich \u00fcber Ihre Schultern und F\u00fc\u00dfe, und nichts anderes ist vergleichbar\u201c, teilte sie auf X (dann Twitter) mit. Kylie brachte dann auch ihre Liebe dazu zum Ausdruck: \u201eDies ist eine meiner Lieblingsdecken und ein bequemer \u00dcberwurf, der das perfekte Weihnachtsgeschenk darstellt\u201c, sagte sie im Kar-Jenner-Geschenkf\u00fchrer 2023.<\/p>\n<div class=\"van_vid_carousel\">\n<div class=\"van_vid_carousel__padding\">\n<div class=\"van_vid_carousel__container\"><\/div>\n<\/div>\n<\/div>\n<p class=\"paywall\" aria-hidden=\"true\">Zw\u00f6lf Monate nachdem ich den gleichen Cozychic-\u00dcberwurf von Barefoot Dreams (erh\u00e4ltlich bei Amazon) erlebt habe, ist er genauso weich wie an dem Tag, als ich ihn aus der Verpackung genommen habe. Ich m\u00f6chte keinen Winter ohne ihn erleben, und Sie stimmen mir sicher zu.<\/p>\n<div id=\"ad-unit-2\" class=\"ad-unit\"><\/div>\n<div class=\"product-container horizontal-product-container\">\n<div class=\"product-block-row\"><\/div>\n<\/div>\n<p id=\"9c95cd5f-2119-401a-a7d7-b9a99b797004\">Die Option \u201eTaubengrau\u201c ist perfekt f\u00fcr mein neutrales Schlafzimmer, aber es gibt eine Reihe von Farbt\u00f6nen, die Ihre Designauswahl erg\u00e4nzen. F\u00fcr mich ist das einzige Problem mit seiner Decke jedoch nicht die Farbgebung, sondern die Art und Weise, wie sie den Morgen noch gem\u00fctlicher macht (und es dadurch noch schwieriger macht, aus dem Bett zu kommen).<\/p>\n<figure class=\"van-image-figure inline-layout \" data-bordeaux-image-check id=\"651c18a6-9c0a-4ccf-91a5-770ed0f14d0c\">\n<div class=\"image-full-width-wrapper\">\n<div class=\"image-widthsetter\" style=\"max-width:2000px;\"><\/div>\n<\/div><figcaption class=\"inline-layout \">\n<div class=\"caption-text\">\n<p>Der CozyChic-\u00dcberwurf lag gefaltet auf meinem Bett<\/p>\n<\/div>\n<\/figcaption><\/figure>\n<p id=\"5f2c2e2b-b67c-4b00-a6be-24acbc3f6f09\">Die dunklen Wintermorgen in London machen das Aufstehen bereits zu einer Herausforderung, und der CozyChic Throw macht es nur noch schwieriger. Aber in dem Moment, in dem ich abends nach Hause komme und mich darin einh\u00fclle, f\u00fchlt sich der ganze morgendliche Kampf pl\u00f6tzlich lohnenswert an.<\/p>\n<p>Seien Sie gewarnt: Dieser \u00dcberwurf f\u00fchlt sich nicht nur weich an \u2013 er ist wie eine gem\u00fctliche Wolke, die Sie umarmt, was ich bei anderen \u00dcberw\u00fcrfen nicht erlebt habe. Der einzigartige Stoff h\u00e4lt Sie warm, ohne sich jemals schwer anzuf\u00fchlen, was erkl\u00e4rt, warum er bei Prominenten beliebt ist, die immer wieder darauf zur\u00fcckgreifen.<\/p>\n<div id=\"slice-container-newsletterForm-articleInbodyContent-f4RkwMEh8s38cuenFp73a5\" class=\"slice-container newsletter-inbodyContent-slice newsletterForm-articleInbodyContent-f4RkwMEh8s38cuenFp73a5 slice-container-newsletterForm\"><\/div>\n<p>Meine Barefoot Dreams-Decke ist derzeit zum Black Friday reduziert, aber es ist nicht das einzige St\u00fcck im Angebot. Ich habe einige weitere unumg\u00e4ngliche Angebote zusammengestellt, egal ob Sie sie f\u00fcr sich selbst oder als Geschenk kaufen. Ich m\u00f6chte Sie jedoch warnen, dass es Ihnen m\u00f6glicherweise schwerf\u00e4llt, es wegzugeben.<\/p>\n<div class=\"product-container hero-product-container product-block-no-wrap\">\n<div class=\"product-block-row\"><\/div>\n<div class=\"product-block-row\"><\/div>\n<div class=\"product-block-row\"><\/div>\n<div class=\"product-block-row\"><\/div>\n<div class=\"product-block-row\"><\/div>\n<div class=\"product-block-row\"><\/div>\n<\/div>\n<hr id=\"42c2387b-06c0-486e-9fe2-bb38304b3574\">\n<div class=\"min-h-(270px) mb-4 viafoura-twig-component\" id=\"viafoura-engagement-starter-wrapper\" data-component-name=\"Elk:Embed:EngagementStarter\">\n<div class=\"viafoura\">\n<div>\n<vf-conversation-starter target=\"viafoura-comments\" title=\"Do you own a Barefoot Dreams blanket?\" minimum-comment-count=\"1\"><br \/>\n<\/vf-conversation-starter>\n<\/div>\n<\/div>\n<\/div>\n<hr id=\"f10dc3b7-e2c7-4ec9-a4ad-cf2e8e0e9ed8\">\n<div class=\"block\" id=\"articleTag\" data-component-name=\"PostArticleLinks\" data-mrf-recirculation=\"post-article-links\">\n<div class=\"border-b border-b-black border-solid py-2.5 text-black font-bold uppercase\">THEMEN<\/div>\n<nav class=\"py-2.5 flex gap-2.5 flex-wrap\" data-analytics-id=\"article-tag\" data-mrf-recirculation=\"article-tag\">\n<p>Kylie Jenner<\/p>\n<\/nav>\n<\/div>\n<\/div>\n","protected":false},"excerpt":{"rendered":"<p>Als Redakteurin f\u00fcr Promi-Stile liebe ich es, einen roten Faden zwischen den bekanntesten Pers\u00f6nlichkeiten der Welt zu entdecken \u2013 und nur wenige Dinge stechen so<\/p>\n","protected":false},"author":1,"featured_media":9433,"comment_status":"closed","ping_status":"","sticky":false,"template":"","format":"standard","meta":{"footnotes":""},"categories":[118],"tags":[287,1788,81,143,1432,5302,2503,129,175,2927,4079,11737,301,1054,1010,460,2659,142,1163,37,11736,21,1582,1865,11735],"class_list":["post-9432","post","type-post","status-publish","format-standard","has-post-thumbnail","hentry","category-haus-garten","tag-aus","tag-decke","tag-der","tag-diese","tag-frisch","tag-fuehlt","tag-geliebte","tag-ich","tag-immer","tag-jenner","tag-kylie","tag-loslassen","tag-mehr","tag-meine","tag-monate","tag-nie","tag-noch","tag-sich","tag-spaeter","tag-und","tag-verpackung","tag-von","tag-weich","tag-werde","tag-zwoelf","generate-columns","tablet-grid-50","mobile-grid-100","grid-parent","grid-50"],"yoast_head":"<!-- This site is optimized with the Yoast SEO plugin v27.3 - https:\/\/yoast.com\/product\/yoast-seo-wordpress\/ -->\n<title>Zw\u00f6lf Monate sp\u00e4ter f\u00fchlt sich diese von Kylie Jenner geliebte Decke immer noch frisch aus der Verpackung weich an \u2013 und ich werde meine nie mehr loslassen - Nachrichten - Stra\u00dfenweb<\/title>\n<meta name=\"robots\" content=\"index, follow, max-snippet:-1, max-image-preview:large, max-video-preview:-1\" \/>\n<link rel=\"canonical\" href=\"https:\/\/www.strassenweb.de\/nachrichten\/zwoelf-monate-spaeter-fuehlt-sich-diese-von-kylie-jenner-geliebte-decke-immer-noch-frisch-aus-der-verpackung-weich-an-und-ich-werde-meine-nie-mehr-loslassen\/\" \/>\n<meta property=\"og:locale\" content=\"de_DE\" \/>\n<meta property=\"og:type\" content=\"article\" \/>\n<meta property=\"og:title\" content=\"Zw\u00f6lf Monate sp\u00e4ter f\u00fchlt sich diese von Kylie Jenner geliebte Decke immer noch frisch aus der Verpackung weich an \u2013 und ich werde meine nie mehr loslassen - Nachrichten - Stra\u00dfenweb\" \/>\n<meta property=\"og:description\" content=\"Als Redakteurin f\u00fcr Promi-Stile liebe ich es, einen roten Faden zwischen den bekanntesten Pers\u00f6nlichkeiten der Welt zu entdecken \u2013 und nur wenige Dinge stechen so\" \/>\n<meta property=\"og:url\" content=\"https:\/\/www.strassenweb.de\/nachrichten\/zwoelf-monate-spaeter-fuehlt-sich-diese-von-kylie-jenner-geliebte-decke-immer-noch-frisch-aus-der-verpackung-weich-an-und-ich-werde-meine-nie-mehr-loslassen\/\" \/>\n<meta property=\"og:site_name\" content=\"Stra\u00dfenweb\" \/>\n<meta property=\"article:publisher\" content=\"https:\/\/www.facebook.com\/strassenweb\/\" \/>\n<meta property=\"article:published_time\" content=\"2025-11-25T15:39:16+00:00\" \/>\n<meta property=\"article:modified_time\" content=\"2025-11-25T15:39:17+00:00\" \/>\n<meta property=\"og:image\" content=\"https:\/\/www.strassenweb.de\/nachrichten\/wp-content\/uploads\/2025\/11\/Zwoelf-Monate-spaeter-fuehlt-sich-diese-von-Kylie-Jenner-geliebte.jpg\" \/>\n\t<meta property=\"og:image:width\" content=\"1600\" \/>\n\t<meta property=\"og:image:height\" content=\"900\" \/>\n\t<meta property=\"og:image:type\" content=\"image\/jpeg\" \/>\n<meta name=\"author\" content=\"Robert Hoffmann\" \/>\n<meta name=\"twitter:card\" content=\"summary_large_image\" \/>\n<meta name=\"twitter:label1\" content=\"Verfasst von\" \/>\n\t<meta name=\"twitter:data1\" content=\"Robert Hoffmann\" \/>\n\t<meta name=\"twitter:label2\" content=\"Gesch\u00e4tzte Lesezeit\" \/>\n\t<meta name=\"twitter:data2\" content=\"2\u00a0Minuten\" \/>\n<script type=\"application\/ld+json\" class=\"yoast-schema-graph\">{\"@context\":\"https:\\\/\\\/schema.org\",\"@graph\":[{\"@type\":\"Article\",\"@id\":\"https:\\\/\\\/www.strassenweb.de\\\/nachrichten\\\/zwoelf-monate-spaeter-fuehlt-sich-diese-von-kylie-jenner-geliebte-decke-immer-noch-frisch-aus-der-verpackung-weich-an-und-ich-werde-meine-nie-mehr-loslassen\\\/#article\",\"isPartOf\":{\"@id\":\"https:\\\/\\\/www.strassenweb.de\\\/nachrichten\\\/zwoelf-monate-spaeter-fuehlt-sich-diese-von-kylie-jenner-geliebte-decke-immer-noch-frisch-aus-der-verpackung-weich-an-und-ich-werde-meine-nie-mehr-loslassen\\\/\"},\"author\":{\"name\":\"Robert Hoffmann\",\"@id\":\"https:\\\/\\\/www.strassenweb.de\\\/nachrichten\\\/#\\\/schema\\\/person\\\/87c9c9067f1211da429a744dc5a5aa41\"},\"headline\":\"Zw\u00f6lf Monate sp\u00e4ter f\u00fchlt sich diese von Kylie Jenner geliebte Decke immer noch frisch aus der Verpackung weich an \u2013 und ich werde meine nie mehr loslassen\",\"datePublished\":\"2025-11-25T15:39:16+00:00\",\"dateModified\":\"2025-11-25T15:39:17+00:00\",\"mainEntityOfPage\":{\"@id\":\"https:\\\/\\\/www.strassenweb.de\\\/nachrichten\\\/zwoelf-monate-spaeter-fuehlt-sich-diese-von-kylie-jenner-geliebte-decke-immer-noch-frisch-aus-der-verpackung-weich-an-und-ich-werde-meine-nie-mehr-loslassen\\\/\"},\"wordCount\":476,\"publisher\":{\"@id\":\"https:\\\/\\\/www.strassenweb.de\\\/nachrichten\\\/#organization\"},\"image\":{\"@id\":\"https:\\\/\\\/www.strassenweb.de\\\/nachrichten\\\/zwoelf-monate-spaeter-fuehlt-sich-diese-von-kylie-jenner-geliebte-decke-immer-noch-frisch-aus-der-verpackung-weich-an-und-ich-werde-meine-nie-mehr-loslassen\\\/#primaryimage\"},\"thumbnailUrl\":\"https:\\\/\\\/www.strassenweb.de\\\/nachrichten\\\/wp-content\\\/uploads\\\/2025\\\/11\\\/Zwoelf-Monate-spaeter-fuehlt-sich-diese-von-Kylie-Jenner-geliebte.jpg\",\"keywords\":[\"aus\",\"Decke\",\"der\",\"diese\",\"frisch\",\"F\u00fchlt\",\"geliebte\",\"ich\",\"immer\",\"Jenner\",\"Kylie\",\"loslassen\",\"mehr\",\"meine\",\"Monate\",\"nie\",\"noch\",\"sich\",\"sp\u00e4ter\",\"und\",\"Verpackung\",\"von\",\"weich\",\"werde\",\"Zw\u00f6lf\"],\"articleSection\":[\"Haus &amp; Garten\"],\"inLanguage\":\"de\"},{\"@type\":\"WebPage\",\"@id\":\"https:\\\/\\\/www.strassenweb.de\\\/nachrichten\\\/zwoelf-monate-spaeter-fuehlt-sich-diese-von-kylie-jenner-geliebte-decke-immer-noch-frisch-aus-der-verpackung-weich-an-und-ich-werde-meine-nie-mehr-loslassen\\\/\",\"url\":\"https:\\\/\\\/www.strassenweb.de\\\/nachrichten\\\/zwoelf-monate-spaeter-fuehlt-sich-diese-von-kylie-jenner-geliebte-decke-immer-noch-frisch-aus-der-verpackung-weich-an-und-ich-werde-meine-nie-mehr-loslassen\\\/\",\"name\":\"Zw\u00f6lf Monate sp\u00e4ter f\u00fchlt sich diese von Kylie Jenner geliebte Decke immer noch frisch aus der Verpackung weich an \u2013 und ich werde meine nie mehr loslassen - Nachrichten - Stra\u00dfenweb\",\"isPartOf\":{\"@id\":\"https:\\\/\\\/www.strassenweb.de\\\/nachrichten\\\/#website\"},\"primaryImageOfPage\":{\"@id\":\"https:\\\/\\\/www.strassenweb.de\\\/nachrichten\\\/zwoelf-monate-spaeter-fuehlt-sich-diese-von-kylie-jenner-geliebte-decke-immer-noch-frisch-aus-der-verpackung-weich-an-und-ich-werde-meine-nie-mehr-loslassen\\\/#primaryimage\"},\"image\":{\"@id\":\"https:\\\/\\\/www.strassenweb.de\\\/nachrichten\\\/zwoelf-monate-spaeter-fuehlt-sich-diese-von-kylie-jenner-geliebte-decke-immer-noch-frisch-aus-der-verpackung-weich-an-und-ich-werde-meine-nie-mehr-loslassen\\\/#primaryimage\"},\"thumbnailUrl\":\"https:\\\/\\\/www.strassenweb.de\\\/nachrichten\\\/wp-content\\\/uploads\\\/2025\\\/11\\\/Zwoelf-Monate-spaeter-fuehlt-sich-diese-von-Kylie-Jenner-geliebte.jpg\",\"datePublished\":\"2025-11-25T15:39:16+00:00\",\"dateModified\":\"2025-11-25T15:39:17+00:00\",\"breadcrumb\":{\"@id\":\"https:\\\/\\\/www.strassenweb.de\\\/nachrichten\\\/zwoelf-monate-spaeter-fuehlt-sich-diese-von-kylie-jenner-geliebte-decke-immer-noch-frisch-aus-der-verpackung-weich-an-und-ich-werde-meine-nie-mehr-loslassen\\\/#breadcrumb\"},\"inLanguage\":\"de\",\"potentialAction\":[{\"@type\":\"ReadAction\",\"target\":[\"https:\\\/\\\/www.strassenweb.de\\\/nachrichten\\\/zwoelf-monate-spaeter-fuehlt-sich-diese-von-kylie-jenner-geliebte-decke-immer-noch-frisch-aus-der-verpackung-weich-an-und-ich-werde-meine-nie-mehr-loslassen\\\/\"]}]},{\"@type\":\"ImageObject\",\"inLanguage\":\"de\",\"@id\":\"https:\\\/\\\/www.strassenweb.de\\\/nachrichten\\\/zwoelf-monate-spaeter-fuehlt-sich-diese-von-kylie-jenner-geliebte-decke-immer-noch-frisch-aus-der-verpackung-weich-an-und-ich-werde-meine-nie-mehr-loslassen\\\/#primaryimage\",\"url\":\"https:\\\/\\\/www.strassenweb.de\\\/nachrichten\\\/wp-content\\\/uploads\\\/2025\\\/11\\\/Zwoelf-Monate-spaeter-fuehlt-sich-diese-von-Kylie-Jenner-geliebte.jpg\",\"contentUrl\":\"https:\\\/\\\/www.strassenweb.de\\\/nachrichten\\\/wp-content\\\/uploads\\\/2025\\\/11\\\/Zwoelf-Monate-spaeter-fuehlt-sich-diese-von-Kylie-Jenner-geliebte.jpg\",\"width\":1600,\"height\":900,\"caption\":\"Kylie Jenner\"},{\"@type\":\"BreadcrumbList\",\"@id\":\"https:\\\/\\\/www.strassenweb.de\\\/nachrichten\\\/zwoelf-monate-spaeter-fuehlt-sich-diese-von-kylie-jenner-geliebte-decke-immer-noch-frisch-aus-der-verpackung-weich-an-und-ich-werde-meine-nie-mehr-loslassen\\\/#breadcrumb\",\"itemListElement\":[{\"@type\":\"ListItem\",\"position\":1,\"name\":\"Home\",\"item\":\"https:\\\/\\\/www.strassenweb.de\\\/nachrichten\\\/\"},{\"@type\":\"ListItem\",\"position\":2,\"name\":\"Zw\u00f6lf Monate sp\u00e4ter f\u00fchlt sich diese von Kylie Jenner geliebte Decke immer noch frisch aus der Verpackung weich an \u2013 und ich werde meine nie mehr loslassen\"}]},{\"@type\":\"WebSite\",\"@id\":\"https:\\\/\\\/www.strassenweb.de\\\/nachrichten\\\/#website\",\"url\":\"https:\\\/\\\/www.strassenweb.de\\\/nachrichten\\\/\",\"name\":\"Stra\u00dfenweb\",\"description\":\"Stra\u00dfenverzeichnis f\u00fcr Deutschland\",\"publisher\":{\"@id\":\"https:\\\/\\\/www.strassenweb.de\\\/nachrichten\\\/#organization\"},\"potentialAction\":[{\"@type\":\"SearchAction\",\"target\":{\"@type\":\"EntryPoint\",\"urlTemplate\":\"https:\\\/\\\/www.strassenweb.de\\\/nachrichten\\\/?s={search_term_string}\"},\"query-input\":{\"@type\":\"PropertyValueSpecification\",\"valueRequired\":true,\"valueName\":\"search_term_string\"}}],\"inLanguage\":\"de\"},{\"@type\":\"Organization\",\"@id\":\"https:\\\/\\\/www.strassenweb.de\\\/nachrichten\\\/#organization\",\"name\":\"Stra\u00dfenweb\",\"url\":\"https:\\\/\\\/www.strassenweb.de\\\/nachrichten\\\/\",\"logo\":{\"@type\":\"ImageObject\",\"inLanguage\":\"de\",\"@id\":\"https:\\\/\\\/www.strassenweb.de\\\/nachrichten\\\/#\\\/schema\\\/logo\\\/image\\\/\",\"url\":\"https:\\\/\\\/www.strassenweb.de\\\/nachrichten\\\/wp-content\\\/uploads\\\/2024\\\/09\\\/cropped-favicon.png\",\"contentUrl\":\"https:\\\/\\\/www.strassenweb.de\\\/nachrichten\\\/wp-content\\\/uploads\\\/2024\\\/09\\\/cropped-favicon.png\",\"width\":512,\"height\":512,\"caption\":\"Stra\u00dfenweb\"},\"image\":{\"@id\":\"https:\\\/\\\/www.strassenweb.de\\\/nachrichten\\\/#\\\/schema\\\/logo\\\/image\\\/\"},\"sameAs\":[\"https:\\\/\\\/www.facebook.com\\\/strassenweb\\\/\"]},{\"@type\":\"Person\",\"@id\":\"https:\\\/\\\/www.strassenweb.de\\\/nachrichten\\\/#\\\/schema\\\/person\\\/87c9c9067f1211da429a744dc5a5aa41\",\"name\":\"Robert Hoffmann\",\"image\":{\"@type\":\"ImageObject\",\"inLanguage\":\"de\",\"@id\":\"https:\\\/\\\/www.strassenweb.de\\\/nachrichten\\\/wp-content\\\/uploads\\\/2024\\\/09\\\/strassenweb-150x150.jpg\",\"url\":\"https:\\\/\\\/www.strassenweb.de\\\/nachrichten\\\/wp-content\\\/uploads\\\/2024\\\/09\\\/strassenweb-150x150.jpg\",\"contentUrl\":\"https:\\\/\\\/www.strassenweb.de\\\/nachrichten\\\/wp-content\\\/uploads\\\/2024\\\/09\\\/strassenweb-150x150.jpg\",\"caption\":\"Robert Hoffmann\"},\"description\":\"Ich hei\u00dfe Robert Hoffmann und ich bin ein leidenschaftlicher Verfechter von \u00d6kologie und Biodiversit\u00e4t. Seit meiner Kindheit in den W\u00e4ldern Bayerns f\u00fchle ich mich mit der Natur verbunden und bin entschlossen, sie zu sch\u00fctzen. Heute widme ich mein Leben der Sensibilisierung anderer f\u00fcr die Bedeutung des Umweltschutzes f\u00fcr zuk\u00fcnftige Generationen.\",\"sameAs\":[\"https:\\\/\\\/www.strassenweb.de\\\/\"]}]}<\/script>\n<!-- \/ Yoast SEO plugin. -->","yoast_head_json":{"title":"Zw\u00f6lf Monate sp\u00e4ter f\u00fchlt sich diese von Kylie Jenner geliebte Decke immer noch frisch aus der Verpackung weich an \u2013 und ich werde meine nie mehr loslassen - Nachrichten - Stra\u00dfenweb","robots":{"index":"index","follow":"follow","max-snippet":"max-snippet:-1","max-image-preview":"max-image-preview:large","max-video-preview":"max-video-preview:-1"},"canonical":"https:\/\/www.strassenweb.de\/nachrichten\/zwoelf-monate-spaeter-fuehlt-sich-diese-von-kylie-jenner-geliebte-decke-immer-noch-frisch-aus-der-verpackung-weich-an-und-ich-werde-meine-nie-mehr-loslassen\/","og_locale":"de_DE","og_type":"article","og_title":"Zw\u00f6lf Monate sp\u00e4ter f\u00fchlt sich diese von Kylie Jenner geliebte Decke immer noch frisch aus der Verpackung weich an \u2013 und ich werde meine nie mehr loslassen - Nachrichten - Stra\u00dfenweb","og_description":"Als Redakteurin f\u00fcr Promi-Stile liebe ich es, einen roten Faden zwischen den bekanntesten Pers\u00f6nlichkeiten der Welt zu entdecken \u2013 und nur wenige Dinge stechen so","og_url":"https:\/\/www.strassenweb.de\/nachrichten\/zwoelf-monate-spaeter-fuehlt-sich-diese-von-kylie-jenner-geliebte-decke-immer-noch-frisch-aus-der-verpackung-weich-an-und-ich-werde-meine-nie-mehr-loslassen\/","og_site_name":"Stra\u00dfenweb","article_publisher":"https:\/\/www.facebook.com\/strassenweb\/","article_published_time":"2025-11-25T15:39:16+00:00","article_modified_time":"2025-11-25T15:39:17+00:00","og_image":[{"width":1600,"height":900,"url":"https:\/\/www.strassenweb.de\/nachrichten\/wp-content\/uploads\/2025\/11\/Zwoelf-Monate-spaeter-fuehlt-sich-diese-von-Kylie-Jenner-geliebte.jpg","type":"image\/jpeg"}],"author":"Robert Hoffmann","twitter_card":"summary_large_image","twitter_misc":{"Verfasst von":"Robert Hoffmann","Gesch\u00e4tzte Lesezeit":"2\u00a0Minuten"},"schema":{"@context":"https:\/\/schema.org","@graph":[{"@type":"Article","@id":"https:\/\/www.strassenweb.de\/nachrichten\/zwoelf-monate-spaeter-fuehlt-sich-diese-von-kylie-jenner-geliebte-decke-immer-noch-frisch-aus-der-verpackung-weich-an-und-ich-werde-meine-nie-mehr-loslassen\/#article","isPartOf":{"@id":"https:\/\/www.strassenweb.de\/nachrichten\/zwoelf-monate-spaeter-fuehlt-sich-diese-von-kylie-jenner-geliebte-decke-immer-noch-frisch-aus-der-verpackung-weich-an-und-ich-werde-meine-nie-mehr-loslassen\/"},"author":{"name":"Robert Hoffmann","@id":"https:\/\/www.strassenweb.de\/nachrichten\/#\/schema\/person\/87c9c9067f1211da429a744dc5a5aa41"},"headline":"Zw\u00f6lf Monate sp\u00e4ter f\u00fchlt sich diese von Kylie Jenner geliebte Decke immer noch frisch aus der Verpackung weich an \u2013 und ich werde meine nie mehr loslassen","datePublished":"2025-11-25T15:39:16+00:00","dateModified":"2025-11-25T15:39:17+00:00","mainEntityOfPage":{"@id":"https:\/\/www.strassenweb.de\/nachrichten\/zwoelf-monate-spaeter-fuehlt-sich-diese-von-kylie-jenner-geliebte-decke-immer-noch-frisch-aus-der-verpackung-weich-an-und-ich-werde-meine-nie-mehr-loslassen\/"},"wordCount":476,"publisher":{"@id":"https:\/\/www.strassenweb.de\/nachrichten\/#organization"},"image":{"@id":"https:\/\/www.strassenweb.de\/nachrichten\/zwoelf-monate-spaeter-fuehlt-sich-diese-von-kylie-jenner-geliebte-decke-immer-noch-frisch-aus-der-verpackung-weich-an-und-ich-werde-meine-nie-mehr-loslassen\/#primaryimage"},"thumbnailUrl":"https:\/\/www.strassenweb.de\/nachrichten\/wp-content\/uploads\/2025\/11\/Zwoelf-Monate-spaeter-fuehlt-sich-diese-von-Kylie-Jenner-geliebte.jpg","keywords":["aus","Decke","der","diese","frisch","F\u00fchlt","geliebte","ich","immer","Jenner","Kylie","loslassen","mehr","meine","Monate","nie","noch","sich","sp\u00e4ter","und","Verpackung","von","weich","werde","Zw\u00f6lf"],"articleSection":["Haus &amp; Garten"],"inLanguage":"de"},{"@type":"WebPage","@id":"https:\/\/www.strassenweb.de\/nachrichten\/zwoelf-monate-spaeter-fuehlt-sich-diese-von-kylie-jenner-geliebte-decke-immer-noch-frisch-aus-der-verpackung-weich-an-und-ich-werde-meine-nie-mehr-loslassen\/","url":"https:\/\/www.strassenweb.de\/nachrichten\/zwoelf-monate-spaeter-fuehlt-sich-diese-von-kylie-jenner-geliebte-decke-immer-noch-frisch-aus-der-verpackung-weich-an-und-ich-werde-meine-nie-mehr-loslassen\/","name":"Zw\u00f6lf Monate sp\u00e4ter f\u00fchlt sich diese von Kylie Jenner geliebte Decke immer noch frisch aus der Verpackung weich an \u2013 und ich werde meine nie mehr loslassen - Nachrichten - Stra\u00dfenweb","isPartOf":{"@id":"https:\/\/www.strassenweb.de\/nachrichten\/#website"},"primaryImageOfPage":{"@id":"https:\/\/www.strassenweb.de\/nachrichten\/zwoelf-monate-spaeter-fuehlt-sich-diese-von-kylie-jenner-geliebte-decke-immer-noch-frisch-aus-der-verpackung-weich-an-und-ich-werde-meine-nie-mehr-loslassen\/#primaryimage"},"image":{"@id":"https:\/\/www.strassenweb.de\/nachrichten\/zwoelf-monate-spaeter-fuehlt-sich-diese-von-kylie-jenner-geliebte-decke-immer-noch-frisch-aus-der-verpackung-weich-an-und-ich-werde-meine-nie-mehr-loslassen\/#primaryimage"},"thumbnailUrl":"https:\/\/www.strassenweb.de\/nachrichten\/wp-content\/uploads\/2025\/11\/Zwoelf-Monate-spaeter-fuehlt-sich-diese-von-Kylie-Jenner-geliebte.jpg","datePublished":"2025-11-25T15:39:16+00:00","dateModified":"2025-11-25T15:39:17+00:00","breadcrumb":{"@id":"https:\/\/www.strassenweb.de\/nachrichten\/zwoelf-monate-spaeter-fuehlt-sich-diese-von-kylie-jenner-geliebte-decke-immer-noch-frisch-aus-der-verpackung-weich-an-und-ich-werde-meine-nie-mehr-loslassen\/#breadcrumb"},"inLanguage":"de","potentialAction":[{"@type":"ReadAction","target":["https:\/\/www.strassenweb.de\/nachrichten\/zwoelf-monate-spaeter-fuehlt-sich-diese-von-kylie-jenner-geliebte-decke-immer-noch-frisch-aus-der-verpackung-weich-an-und-ich-werde-meine-nie-mehr-loslassen\/"]}]},{"@type":"ImageObject","inLanguage":"de","@id":"https:\/\/www.strassenweb.de\/nachrichten\/zwoelf-monate-spaeter-fuehlt-sich-diese-von-kylie-jenner-geliebte-decke-immer-noch-frisch-aus-der-verpackung-weich-an-und-ich-werde-meine-nie-mehr-loslassen\/#primaryimage","url":"https:\/\/www.strassenweb.de\/nachrichten\/wp-content\/uploads\/2025\/11\/Zwoelf-Monate-spaeter-fuehlt-sich-diese-von-Kylie-Jenner-geliebte.jpg","contentUrl":"https:\/\/www.strassenweb.de\/nachrichten\/wp-content\/uploads\/2025\/11\/Zwoelf-Monate-spaeter-fuehlt-sich-diese-von-Kylie-Jenner-geliebte.jpg","width":1600,"height":900,"caption":"Kylie Jenner"},{"@type":"BreadcrumbList","@id":"https:\/\/www.strassenweb.de\/nachrichten\/zwoelf-monate-spaeter-fuehlt-sich-diese-von-kylie-jenner-geliebte-decke-immer-noch-frisch-aus-der-verpackung-weich-an-und-ich-werde-meine-nie-mehr-loslassen\/#breadcrumb","itemListElement":[{"@type":"ListItem","position":1,"name":"Home","item":"https:\/\/www.strassenweb.de\/nachrichten\/"},{"@type":"ListItem","position":2,"name":"Zw\u00f6lf Monate sp\u00e4ter f\u00fchlt sich diese von Kylie Jenner geliebte Decke immer noch frisch aus der Verpackung weich an \u2013 und ich werde meine nie mehr loslassen"}]},{"@type":"WebSite","@id":"https:\/\/www.strassenweb.de\/nachrichten\/#website","url":"https:\/\/www.strassenweb.de\/nachrichten\/","name":"Stra\u00dfenweb","description":"Stra\u00dfenverzeichnis f\u00fcr Deutschland","publisher":{"@id":"https:\/\/www.strassenweb.de\/nachrichten\/#organization"},"potentialAction":[{"@type":"SearchAction","target":{"@type":"EntryPoint","urlTemplate":"https:\/\/www.strassenweb.de\/nachrichten\/?s={search_term_string}"},"query-input":{"@type":"PropertyValueSpecification","valueRequired":true,"valueName":"search_term_string"}}],"inLanguage":"de"},{"@type":"Organization","@id":"https:\/\/www.strassenweb.de\/nachrichten\/#organization","name":"Stra\u00dfenweb","url":"https:\/\/www.strassenweb.de\/nachrichten\/","logo":{"@type":"ImageObject","inLanguage":"de","@id":"https:\/\/www.strassenweb.de\/nachrichten\/#\/schema\/logo\/image\/","url":"https:\/\/www.strassenweb.de\/nachrichten\/wp-content\/uploads\/2024\/09\/cropped-favicon.png","contentUrl":"https:\/\/www.strassenweb.de\/nachrichten\/wp-content\/uploads\/2024\/09\/cropped-favicon.png","width":512,"height":512,"caption":"Stra\u00dfenweb"},"image":{"@id":"https:\/\/www.strassenweb.de\/nachrichten\/#\/schema\/logo\/image\/"},"sameAs":["https:\/\/www.facebook.com\/strassenweb\/"]},{"@type":"Person","@id":"https:\/\/www.strassenweb.de\/nachrichten\/#\/schema\/person\/87c9c9067f1211da429a744dc5a5aa41","name":"Robert Hoffmann","image":{"@type":"ImageObject","inLanguage":"de","@id":"https:\/\/www.strassenweb.de\/nachrichten\/wp-content\/uploads\/2024\/09\/strassenweb-150x150.jpg","url":"https:\/\/www.strassenweb.de\/nachrichten\/wp-content\/uploads\/2024\/09\/strassenweb-150x150.jpg","contentUrl":"https:\/\/www.strassenweb.de\/nachrichten\/wp-content\/uploads\/2024\/09\/strassenweb-150x150.jpg","caption":"Robert Hoffmann"},"description":"Ich hei\u00dfe Robert Hoffmann und ich bin ein leidenschaftlicher Verfechter von \u00d6kologie und Biodiversit\u00e4t. Seit meiner Kindheit in den W\u00e4ldern Bayerns f\u00fchle ich mich mit der Natur verbunden und bin entschlossen, sie zu sch\u00fctzen. Heute widme ich mein Leben der Sensibilisierung anderer f\u00fcr die Bedeutung des Umweltschutzes f\u00fcr zuk\u00fcnftige Generationen.","sameAs":["https:\/\/www.strassenweb.de\/"]}]}},"_links":{"self":[{"href":"https:\/\/www.strassenweb.de\/nachrichten\/wp-json\/wp\/v2\/posts\/9432","targetHints":{"allow":["GET"]}}],"collection":[{"href":"https:\/\/www.strassenweb.de\/nachrichten\/wp-json\/wp\/v2\/posts"}],"about":[{"href":"https:\/\/www.strassenweb.de\/nachrichten\/wp-json\/wp\/v2\/types\/post"}],"author":[{"embeddable":true,"href":"https:\/\/www.strassenweb.de\/nachrichten\/wp-json\/wp\/v2\/users\/1"}],"replies":[{"embeddable":true,"href":"https:\/\/www.strassenweb.de\/nachrichten\/wp-json\/wp\/v2\/comments?post=9432"}],"version-history":[{"count":0,"href":"https:\/\/www.strassenweb.de\/nachrichten\/wp-json\/wp\/v2\/posts\/9432\/revisions"}],"wp:featuredmedia":[{"embeddable":true,"href":"https:\/\/www.strassenweb.de\/nachrichten\/wp-json\/wp\/v2\/media\/9433"}],"wp:attachment":[{"href":"https:\/\/www.strassenweb.de\/nachrichten\/wp-json\/wp\/v2\/media?parent=9432"}],"wp:term":[{"taxonomy":"category","embeddable":true,"href":"https:\/\/www.strassenweb.de\/nachrichten\/wp-json\/wp\/v2\/categories?post=9432"},{"taxonomy":"post_tag","embeddable":true,"href":"https:\/\/www.strassenweb.de\/nachrichten\/wp-json\/wp\/v2\/tags?post=9432"}],"curies":[{"name":"wp","href":"https:\/\/api.w.org\/{rel}","templated":true}]}}