{"id":9406,"date":"2025-11-24T19:39:23","date_gmt":"2025-11-24T18:39:23","guid":{"rendered":"https:\/\/www.strassenweb.de\/nachrichten\/experten-warnen-hausbesitzer-davor-klimaanlagen-in-diesem-winter-abzudecken-hier-ist-der-sichere-weg-ihr-system-vor-rauem-wetter-zu-schuetzen\/"},"modified":"2025-11-24T19:39:24","modified_gmt":"2025-11-24T18:39:24","slug":"experten-warnen-hausbesitzer-davor-klimaanlagen-in-diesem-winter-abzudecken-hier-ist-der-sichere-weg-ihr-system-vor-rauem-wetter-zu-schuetzen","status":"publish","type":"post","link":"https:\/\/www.strassenweb.de\/nachrichten\/experten-warnen-hausbesitzer-davor-klimaanlagen-in-diesem-winter-abzudecken-hier-ist-der-sichere-weg-ihr-system-vor-rauem-wetter-zu-schuetzen\/","title":{"rendered":"Experten warnen Hausbesitzer davor, Klimaanlagen in diesem Winter abzudecken \u2013 hier ist der sichere Weg, Ihr System vor rauem Wetter zu sch\u00fctzen"},"content":{"rendered":"<p><\/p>\n<div id=\"article-body\" class=\"article__body \">\n<p id=\"17b653e1-ce0a-4594-b02b-391b64cd2d18\">Wenn wir f\u00fcr den Winter auf Heizung umstellen, ist es angebracht, die externe Klimaanlage abzudecken, um sie vor Schnee und Regen zu sch\u00fctzen. Experten gehen jedoch davon aus, dass dies mehr schaden als n\u00fctzen k\u00f6nnte.<\/p>\n<div id=\"ad-unit-1\" class=\"ad-unit\"><\/div>\n<p>Eine Abdeckung kann die Wartung Ihrer Klimaanlage um das Zehnfache erschweren, da sie Feuchtigkeit einschlie\u00dft, Sch\u00e4dlinge anlockt und Schimmel erm\u00f6glicht, wenn der Fr\u00fchling wieder da ist.<\/p>\n<aside data-block-type=\"embed\" data-render-type=\"fte\" data-skip=\"dealsy\" data-widget-type=\"seasonal\" class=\"hawk-root\"><\/aside>\n<p id=\"17b653e1-ce0a-4594-b02b-391b64cd2d18-2\" class=\"paywall\" aria-hidden=\"true\">Gl\u00fccklicherweise gibt es einige sicherere und weniger anspruchsvolle Aufgaben, die Sie bei der Winterfestmachung eines Hauses abhaken k\u00f6nnen, um Ihre Klimaanlage ohne eine kostspielige Abdeckung zu sch\u00fctzen. Hier erfahren Sie, was Profis empfehlen.<\/p>\n<div class=\"van_vid_carousel\">\n<div class=\"van_vid_carousel__padding\">\n<div class=\"van_vid_carousel__container\"><\/div>\n<\/div>\n<\/div>\n<h2 id=\"why-you-shouldn-t-cover-an-ac-unit-3\">Warum Sie eine Klimaanlage nicht abdecken sollten<\/h2>\n<p id=\"c9c56fd5-4294-40dd-b977-2034734489fb\">Das Abdecken Ihrer Klimaanlage ist ein Fehler bei der Hauswartung, den Sie im Winter niemals machen sollten.<\/p>\n<div id=\"ad-unit-2\" class=\"ad-unit\"><\/div>\n<p>Josh Mitchell, HVAC-Techniker und Inhaber von Air Conditioner Lab, sagt: \u201eSofern im Handbuch Ihres Ger\u00e4ts nicht ausdr\u00fccklich etwas anderes steht, empfehle ich nicht, ein Au\u00dfen-AC-Ger\u00e4t im Winter vollst\u00e4ndig abzudecken.\u201c Das Geh\u00e4use, die Spulen und die internen Komponenten sind so konzipiert, dass sie drau\u00dfen bleiben. Sie halten Schnee, Regen und eisigem Wind gut stand.<\/p>\n<p>\u201eWas normalerweise Sch\u00e4den verursacht, ist nicht das Wetter selbst.\u201c \u201eDas passiert, wenn Feuchtigkeit unter einer vollst\u00e4ndigen Abdeckung eingeschlossen wird\u201c, erkl\u00e4rt er. \u201eDann sieht man verrostete Teile, korrodierte Kabel oder Tiere, die im Inneren des Ger\u00e4ts nisten. Ich habe zerkaute Steuerdr\u00e4hte von M\u00e4usen und getrocknete Bl\u00e4tter, die in Ventilatorfl\u00fcgel gepackt waren, \u00f6fter gesehen, als ich zugeben m\u00f6chte.\u201c<\/p>\n<p>Wenn Sie sich Sorgen \u00fcber Sch\u00e4den durch herabfallende Tr\u00fcmmer machen oder im Fr\u00fchjahr Zeit beim Ausgraben der Bl\u00e4tter aus dem Ventilator sparen m\u00f6chten, finden Sie bei Walmart Teilabdeckungen f\u00fcr die Klimaanlageneinheit. Diese Netzabdeckungen halten das Ger\u00e4t frei von Schmutz, ohne dass Feuchtigkeit eingeschlossen wird.<\/p>\n<div id=\"slice-container-newsletterForm-articleInbodyContent-sMTZzexMy9Sp5GLKogzgwe\" class=\"slice-container newsletter-inbodyContent-slice newsletterForm-articleInbodyContent-sMTZzexMy9Sp5GLKogzgwe slice-container-newsletterForm\"><\/div>\n<p>W\u00e4rmepumpen seien jedoch anders, f\u00e4hrt Josh fort. \u201eWenn Sie einen haben, decken Sie ihn \u00fcberhaupt nicht ab.\u201c Sie sind das ganze Jahr \u00fcber in Betrieb und sind auch bei Schneest\u00fcrmen auf einen offenen Luftstrom angewiesen. Das Blockieren dieses Luftstroms st\u00f6rt den Abtauzyklus und kann zu starker Vereisung f\u00fchren. \u201eDiese Reparatur ist normalerweise nicht billig und Sie m\u00fcssen am Ende einen Profi anrufen.\u201c<\/p>\n<div class=\"min-h-(270px) mb-4 viafoura-twig-component\" id=\"viafoura-engagement-starter-wrapper\" data-component-name=\"Elk:Embed:EngagementStarter\">\n<div class=\"viafoura\">\n<div>\n<vf-conversation-starter target=\"viafoura-comments\" title=\"Share your tips\" description=\"What\u2019s the first thing you do to winterize your home each year?\" minimum-comment-count=\"5\"><br \/>\n<\/vf-conversation-starter>\n<\/div>\n<\/div>\n<\/div>\n<h3 class=\"article-body__section\" id=\"section-when-to-cover-an-ac-unit\"><span>Wann sollte eine Klimaanlage abgedeckt werden?<\/span><\/h3>\n<figure class=\"van-image-figure inline-layout \" data-bordeaux-image-check id=\"0a21656b-fc29-430e-9a7c-f7c63534a55b\">\n<div class=\"image-full-width-wrapper\">\n<div class=\"image-widthsetter\" style=\"max-width:2000px;\"><\/div>\n<\/div><figcaption class=\"inline-layout \">\n<div class=\"caption-text\">\n<p>Unter bestimmten Umst\u00e4nden k\u00f6nnen Abdeckungen zum Schutz vor Schmutz n\u00fctzlich sein. <\/p>\n<\/div>\n<\/figcaption><\/figure>\n<p id=\"2f5d45d3-aecf-432a-a931-626742a0bd58\">\u201eEs gibt einige seltene F\u00e4lle, in denen eine Abdeckung auf der Oberseite Ihrer Klimaanlage vor Sch\u00e4den sch\u00fctzen kann\u201c, f\u00e4hrt Josh fort.<\/p>\n<p>\u201eWenn Sie in einem Gebiet mit h\u00e4ufigem Eis und Schnee oder mit \u00c4sten von B\u00e4umen leben, ist es sinnvoll, die Oberseite des Ger\u00e4ts abzudecken\u201c, teilt er mit. \u201eIch empfehle den Leuten, ein quadratisches St\u00fcck Sperrholz (erh\u00e4ltlich bei Lowe&#8217;s) zu verwenden, das etwas gr\u00f6\u00dfer als die Ventilator\u00f6ffnung ist.\u201c Legen Sie etwas darauf, um es zu beschweren.<\/p>\n<p>\u201eSie m\u00fcssen die Seiten nicht umwickeln\u201c, f\u00fcgt er hinzu. \u201eTats\u00e4chlich kann das Einwickeln des Ganzen den Luftstrom einschr\u00e4nken und die Korrosion beschleunigen.\u201c Ger\u00e4te ben\u00f6tigen Luftzirkulation, auch wenn sie ausgeschaltet sind. Dieser Luftstrom verhindert, dass sich Feuchtigkeit im Inneren ansammelt, und die Abdichtung von allem h\u00e4lt diese Feuchtigkeit fest.\u201c<\/p>\n<h3 class=\"article-body__section\" id=\"section-how-to-winterize-an-ac-unit-safely\"><span>So machen Sie eine Klimaanlage sicher winterfest<\/span><\/h3>\n<figure class=\"van-image-figure inline-layout \" data-bordeaux-image-check id=\"ec54bae1-4d4e-4ce9-b8ef-25138860b5ea\">\n<div class=\"image-full-width-wrapper\">\n<div class=\"image-widthsetter\" style=\"max-width:2400px;\"><\/div>\n<\/div><figcaption class=\"inline-layout \">\n<div class=\"caption-text\">\n<p>Sie k\u00f6nnen eine Klimaanlage dennoch winterfest machen, ohne sie abzudecken, um ihre Lebensdauer zu verl\u00e4ngern. <\/p>\n<\/div>\n<\/figcaption><\/figure>\n<p id=\"73a3821a-8d44-4e2e-bcd4-ba58a717a5b6\">Obwohl Sie eine Klimaanlage nicht abdecken m\u00fcssen, gibt es einige Wartungstipps f\u00fcr den Winter und Herbst, mit denen Sie Ihr Ger\u00e4t vor Abnutzung bei rauem Wetter sch\u00fctzen k\u00f6nnen.<\/p>\n<p>Zun\u00e4chst schl\u00e4gt Josh vor, dass Menschen in sehr kalten Bundesstaaten wie Illinois oder Pennsylvania den Strom der Klimaanlage am Au\u00dfentrennschalter abschalten. \u201eDas verhindert, dass das Ger\u00e4t w\u00e4hrend einer Warmperiode anspringt.\u201c Wenn es l\u00e4uft, w\u00e4hrend sich Schnee oder Eis darin befindet, kann es den L\u00fcftermotor besch\u00e4digen oder die Fl\u00fcgel verbiegen. Ich habe zu Beginn des Fr\u00fchlings Anrufe erhalten, bei denen Hausbesitzer dachten, ihr Ger\u00e4t sei kaputt, es aber w\u00e4hrend einer Aufw\u00e4rmphase im Februar eingefroren war.<\/p>\n<p>Arbeiten Sie au\u00dferdem Ihre Wintergarten-Checkliste durch und beseitigen Sie Unrat. Josh empfiehlt: \u201eFegen Sie Bl\u00e4tter weg, r\u00e4umen Sie nach St\u00fcrmen den Schnee von der Basis und pr\u00fcfen Sie, ob sich oben Eiszapfen befinden.\u201c Im Winter ist eine kurze Kontrolle alle paar Wochen sinnvoller als eine vollst\u00e4ndige Abdeckung.<\/p>\n<p>\u201eF\u00fcr zus\u00e4tzlichen Schutz empfehle ich einen atmungsaktiven Oberbezug wie den Jeacent AC Defender, erh\u00e4ltlich bei Amazon.\u201c Es deckt nur die Oberseite ab und l\u00e4sst dennoch Luftzirkulation zu. \u201eWenn Sie ein Metall- oder Steildach haben, kann ein Schneefang (ebenfalls von Amazon) helfen, das Eis aufzubrechen, bevor es auf das Ger\u00e4t f\u00e4llt.\u201c<\/p>\n<h2 class=\"article-body__section\" id=\"section-what-to-shop\"><span>Was man einkaufen sollte<\/span><\/h2>\n<div class=\"product-container hero-product-container product-block-no-wrap\">\n<div class=\"product-block-row\"><\/div>\n<div class=\"product-block-row\"><\/div>\n<div class=\"product-block-row\"><\/div>\n<div class=\"product-block-row\"><\/div>\n<div class=\"product-block-row\"><\/div>\n<div class=\"product-block-row\"><\/div>\n<\/div>\n<h2 class=\"article-body__section\" id=\"section-meet-the-expert\"><span>Treffen Sie den Experten<\/span><\/h2>\n<hr id=\"a65f3bcc-7d27-4066-9c1e-c02ef77f0e33\">\n<p id=\"31ed4012-5c80-440d-a41a-8cdcd3135db5\">Wenn Sie an einem Ort leben, an dem wechselnde Wetterbedingungen herrschen, sollten Sie in die Modernisierung Ihres Hauses investieren, um Ihr Haus auf extreme Wetterbedingungen vorzubereiten und Ihre Familie und Ihr Eigentum im Notfall zu sch\u00fctzen.<\/p>\n<\/div>\n","protected":false},"excerpt":{"rendered":"<p>Wenn wir f\u00fcr den Winter auf Heizung umstellen, ist es angebracht, die externe Klimaanlage abzudecken, um sie vor Schnee und Regen zu sch\u00fctzen. Experten gehen<\/p>\n","protected":false},"author":1,"featured_media":9407,"comment_status":"closed","ping_status":"","sticky":false,"template":"","format":"standard","meta":{"footnotes":""},"categories":[118],"tags":[11707,2006,81,32,667,4015,163,170,15,11706,11708,1074,3451,6950,524,1066,1226,1180,204],"class_list":["post-9406","post","type-post","status-publish","format-standard","has-post-thumbnail","hentry","category-haus-garten","tag-abzudecken","tag-davor","tag-der","tag-diesem","tag-experten","tag-hausbesitzer","tag-hier","tag-ihr","tag-ist","tag-klimaanlagen","tag-rauem","tag-schuetzen","tag-sichere","tag-system","tag-vor","tag-warnen","tag-weg","tag-wetter","tag-winter","generate-columns","tablet-grid-50","mobile-grid-100","grid-parent","grid-50"],"yoast_head":"<!-- This site is optimized with the Yoast SEO plugin v27.3 - https:\/\/yoast.com\/product\/yoast-seo-wordpress\/ -->\n<title>Experten warnen Hausbesitzer davor, Klimaanlagen in diesem Winter abzudecken \u2013 hier ist der sichere Weg, Ihr System vor rauem Wetter zu sch\u00fctzen - Nachrichten - Stra\u00dfenweb<\/title>\n<meta name=\"robots\" content=\"index, follow, max-snippet:-1, max-image-preview:large, max-video-preview:-1\" \/>\n<link rel=\"canonical\" href=\"https:\/\/www.strassenweb.de\/nachrichten\/experten-warnen-hausbesitzer-davor-klimaanlagen-in-diesem-winter-abzudecken-hier-ist-der-sichere-weg-ihr-system-vor-rauem-wetter-zu-schuetzen\/\" \/>\n<meta property=\"og:locale\" content=\"de_DE\" \/>\n<meta property=\"og:type\" content=\"article\" \/>\n<meta property=\"og:title\" content=\"Experten warnen Hausbesitzer davor, Klimaanlagen in diesem Winter abzudecken \u2013 hier ist der sichere Weg, Ihr System vor rauem Wetter zu sch\u00fctzen - Nachrichten - Stra\u00dfenweb\" \/>\n<meta property=\"og:description\" content=\"Wenn wir f\u00fcr den Winter auf Heizung umstellen, ist es angebracht, die externe Klimaanlage abzudecken, um sie vor Schnee und Regen zu sch\u00fctzen. Experten gehen\" \/>\n<meta property=\"og:url\" content=\"https:\/\/www.strassenweb.de\/nachrichten\/experten-warnen-hausbesitzer-davor-klimaanlagen-in-diesem-winter-abzudecken-hier-ist-der-sichere-weg-ihr-system-vor-rauem-wetter-zu-schuetzen\/\" \/>\n<meta property=\"og:site_name\" content=\"Stra\u00dfenweb\" \/>\n<meta property=\"article:publisher\" content=\"https:\/\/www.facebook.com\/strassenweb\/\" \/>\n<meta property=\"article:published_time\" content=\"2025-11-24T18:39:23+00:00\" \/>\n<meta property=\"article:modified_time\" content=\"2025-11-24T18:39:24+00:00\" \/>\n<meta property=\"og:image\" content=\"https:\/\/www.strassenweb.de\/nachrichten\/wp-content\/uploads\/2025\/11\/Experten-warnen-Hausbesitzer-davor-Klimaanlagen-in-diesem-Winter-abzudecken-\u2013.jpg\" \/>\n\t<meta property=\"og:image:width\" content=\"2560\" \/>\n\t<meta property=\"og:image:height\" content=\"1440\" \/>\n\t<meta property=\"og:image:type\" content=\"image\/jpeg\" \/>\n<meta name=\"author\" content=\"Robert Hoffmann\" \/>\n<meta name=\"twitter:card\" content=\"summary_large_image\" \/>\n<meta name=\"twitter:label1\" content=\"Verfasst von\" \/>\n\t<meta name=\"twitter:data1\" content=\"Robert Hoffmann\" \/>\n\t<meta name=\"twitter:label2\" content=\"Gesch\u00e4tzte Lesezeit\" \/>\n\t<meta name=\"twitter:data2\" content=\"4\u00a0Minuten\" \/>\n<script type=\"application\/ld+json\" class=\"yoast-schema-graph\">{\"@context\":\"https:\\\/\\\/schema.org\",\"@graph\":[{\"@type\":\"Article\",\"@id\":\"https:\\\/\\\/www.strassenweb.de\\\/nachrichten\\\/experten-warnen-hausbesitzer-davor-klimaanlagen-in-diesem-winter-abzudecken-hier-ist-der-sichere-weg-ihr-system-vor-rauem-wetter-zu-schuetzen\\\/#article\",\"isPartOf\":{\"@id\":\"https:\\\/\\\/www.strassenweb.de\\\/nachrichten\\\/experten-warnen-hausbesitzer-davor-klimaanlagen-in-diesem-winter-abzudecken-hier-ist-der-sichere-weg-ihr-system-vor-rauem-wetter-zu-schuetzen\\\/\"},\"author\":{\"name\":\"Robert Hoffmann\",\"@id\":\"https:\\\/\\\/www.strassenweb.de\\\/nachrichten\\\/#\\\/schema\\\/person\\\/87c9c9067f1211da429a744dc5a5aa41\"},\"headline\":\"Experten warnen Hausbesitzer davor, Klimaanlagen in diesem Winter abzudecken \u2013 hier ist der sichere Weg, Ihr System vor rauem Wetter zu sch\u00fctzen\",\"datePublished\":\"2025-11-24T18:39:23+00:00\",\"dateModified\":\"2025-11-24T18:39:24+00:00\",\"mainEntityOfPage\":{\"@id\":\"https:\\\/\\\/www.strassenweb.de\\\/nachrichten\\\/experten-warnen-hausbesitzer-davor-klimaanlagen-in-diesem-winter-abzudecken-hier-ist-der-sichere-weg-ihr-system-vor-rauem-wetter-zu-schuetzen\\\/\"},\"wordCount\":857,\"publisher\":{\"@id\":\"https:\\\/\\\/www.strassenweb.de\\\/nachrichten\\\/#organization\"},\"image\":{\"@id\":\"https:\\\/\\\/www.strassenweb.de\\\/nachrichten\\\/experten-warnen-hausbesitzer-davor-klimaanlagen-in-diesem-winter-abzudecken-hier-ist-der-sichere-weg-ihr-system-vor-rauem-wetter-zu-schuetzen\\\/#primaryimage\"},\"thumbnailUrl\":\"https:\\\/\\\/www.strassenweb.de\\\/nachrichten\\\/wp-content\\\/uploads\\\/2025\\\/11\\\/Experten-warnen-Hausbesitzer-davor-Klimaanlagen-in-diesem-Winter-abzudecken-\u2013.jpg\",\"keywords\":[\"abzudecken\",\"davor\",\"der\",\"diesem\",\"Experten\",\"Hausbesitzer\",\"hier\",\"Ihr\",\"ist\",\"Klimaanlagen\",\"rauem\",\"sch\u00fctzen\",\"sichere\",\"System\",\"vor\",\"warnen\",\"Weg\",\"Wetter\",\"Winter\"],\"articleSection\":[\"Haus &amp; Garten\"],\"inLanguage\":\"de\"},{\"@type\":\"WebPage\",\"@id\":\"https:\\\/\\\/www.strassenweb.de\\\/nachrichten\\\/experten-warnen-hausbesitzer-davor-klimaanlagen-in-diesem-winter-abzudecken-hier-ist-der-sichere-weg-ihr-system-vor-rauem-wetter-zu-schuetzen\\\/\",\"url\":\"https:\\\/\\\/www.strassenweb.de\\\/nachrichten\\\/experten-warnen-hausbesitzer-davor-klimaanlagen-in-diesem-winter-abzudecken-hier-ist-der-sichere-weg-ihr-system-vor-rauem-wetter-zu-schuetzen\\\/\",\"name\":\"Experten warnen Hausbesitzer davor, Klimaanlagen in diesem Winter abzudecken \u2013 hier ist der sichere Weg, Ihr System vor rauem Wetter zu sch\u00fctzen - Nachrichten - Stra\u00dfenweb\",\"isPartOf\":{\"@id\":\"https:\\\/\\\/www.strassenweb.de\\\/nachrichten\\\/#website\"},\"primaryImageOfPage\":{\"@id\":\"https:\\\/\\\/www.strassenweb.de\\\/nachrichten\\\/experten-warnen-hausbesitzer-davor-klimaanlagen-in-diesem-winter-abzudecken-hier-ist-der-sichere-weg-ihr-system-vor-rauem-wetter-zu-schuetzen\\\/#primaryimage\"},\"image\":{\"@id\":\"https:\\\/\\\/www.strassenweb.de\\\/nachrichten\\\/experten-warnen-hausbesitzer-davor-klimaanlagen-in-diesem-winter-abzudecken-hier-ist-der-sichere-weg-ihr-system-vor-rauem-wetter-zu-schuetzen\\\/#primaryimage\"},\"thumbnailUrl\":\"https:\\\/\\\/www.strassenweb.de\\\/nachrichten\\\/wp-content\\\/uploads\\\/2025\\\/11\\\/Experten-warnen-Hausbesitzer-davor-Klimaanlagen-in-diesem-Winter-abzudecken-\u2013.jpg\",\"datePublished\":\"2025-11-24T18:39:23+00:00\",\"dateModified\":\"2025-11-24T18:39:24+00:00\",\"breadcrumb\":{\"@id\":\"https:\\\/\\\/www.strassenweb.de\\\/nachrichten\\\/experten-warnen-hausbesitzer-davor-klimaanlagen-in-diesem-winter-abzudecken-hier-ist-der-sichere-weg-ihr-system-vor-rauem-wetter-zu-schuetzen\\\/#breadcrumb\"},\"inLanguage\":\"de\",\"potentialAction\":[{\"@type\":\"ReadAction\",\"target\":[\"https:\\\/\\\/www.strassenweb.de\\\/nachrichten\\\/experten-warnen-hausbesitzer-davor-klimaanlagen-in-diesem-winter-abzudecken-hier-ist-der-sichere-weg-ihr-system-vor-rauem-wetter-zu-schuetzen\\\/\"]}]},{\"@type\":\"ImageObject\",\"inLanguage\":\"de\",\"@id\":\"https:\\\/\\\/www.strassenweb.de\\\/nachrichten\\\/experten-warnen-hausbesitzer-davor-klimaanlagen-in-diesem-winter-abzudecken-hier-ist-der-sichere-weg-ihr-system-vor-rauem-wetter-zu-schuetzen\\\/#primaryimage\",\"url\":\"https:\\\/\\\/www.strassenweb.de\\\/nachrichten\\\/wp-content\\\/uploads\\\/2025\\\/11\\\/Experten-warnen-Hausbesitzer-davor-Klimaanlagen-in-diesem-Winter-abzudecken-\u2013.jpg\",\"contentUrl\":\"https:\\\/\\\/www.strassenweb.de\\\/nachrichten\\\/wp-content\\\/uploads\\\/2025\\\/11\\\/Experten-warnen-Hausbesitzer-davor-Klimaanlagen-in-diesem-Winter-abzudecken-\u2013.jpg\",\"width\":2560,\"height\":1440,\"caption\":\"Experten warnen Hausbesitzer davor, Klimaanlagen in diesem Winter abzudecken \u2013 hier ist der sichere Weg, Ihr System vor rauem Wetter zu sch\u00fctzen\"},{\"@type\":\"BreadcrumbList\",\"@id\":\"https:\\\/\\\/www.strassenweb.de\\\/nachrichten\\\/experten-warnen-hausbesitzer-davor-klimaanlagen-in-diesem-winter-abzudecken-hier-ist-der-sichere-weg-ihr-system-vor-rauem-wetter-zu-schuetzen\\\/#breadcrumb\",\"itemListElement\":[{\"@type\":\"ListItem\",\"position\":1,\"name\":\"Home\",\"item\":\"https:\\\/\\\/www.strassenweb.de\\\/nachrichten\\\/\"},{\"@type\":\"ListItem\",\"position\":2,\"name\":\"Experten warnen Hausbesitzer davor, Klimaanlagen in diesem Winter abzudecken \u2013 hier ist der sichere Weg, Ihr System vor rauem Wetter zu sch\u00fctzen\"}]},{\"@type\":\"WebSite\",\"@id\":\"https:\\\/\\\/www.strassenweb.de\\\/nachrichten\\\/#website\",\"url\":\"https:\\\/\\\/www.strassenweb.de\\\/nachrichten\\\/\",\"name\":\"Stra\u00dfenweb\",\"description\":\"Stra\u00dfenverzeichnis f\u00fcr Deutschland\",\"publisher\":{\"@id\":\"https:\\\/\\\/www.strassenweb.de\\\/nachrichten\\\/#organization\"},\"potentialAction\":[{\"@type\":\"SearchAction\",\"target\":{\"@type\":\"EntryPoint\",\"urlTemplate\":\"https:\\\/\\\/www.strassenweb.de\\\/nachrichten\\\/?s={search_term_string}\"},\"query-input\":{\"@type\":\"PropertyValueSpecification\",\"valueRequired\":true,\"valueName\":\"search_term_string\"}}],\"inLanguage\":\"de\"},{\"@type\":\"Organization\",\"@id\":\"https:\\\/\\\/www.strassenweb.de\\\/nachrichten\\\/#organization\",\"name\":\"Stra\u00dfenweb\",\"url\":\"https:\\\/\\\/www.strassenweb.de\\\/nachrichten\\\/\",\"logo\":{\"@type\":\"ImageObject\",\"inLanguage\":\"de\",\"@id\":\"https:\\\/\\\/www.strassenweb.de\\\/nachrichten\\\/#\\\/schema\\\/logo\\\/image\\\/\",\"url\":\"https:\\\/\\\/www.strassenweb.de\\\/nachrichten\\\/wp-content\\\/uploads\\\/2024\\\/09\\\/cropped-favicon.png\",\"contentUrl\":\"https:\\\/\\\/www.strassenweb.de\\\/nachrichten\\\/wp-content\\\/uploads\\\/2024\\\/09\\\/cropped-favicon.png\",\"width\":512,\"height\":512,\"caption\":\"Stra\u00dfenweb\"},\"image\":{\"@id\":\"https:\\\/\\\/www.strassenweb.de\\\/nachrichten\\\/#\\\/schema\\\/logo\\\/image\\\/\"},\"sameAs\":[\"https:\\\/\\\/www.facebook.com\\\/strassenweb\\\/\"]},{\"@type\":\"Person\",\"@id\":\"https:\\\/\\\/www.strassenweb.de\\\/nachrichten\\\/#\\\/schema\\\/person\\\/87c9c9067f1211da429a744dc5a5aa41\",\"name\":\"Robert Hoffmann\",\"image\":{\"@type\":\"ImageObject\",\"inLanguage\":\"de\",\"@id\":\"https:\\\/\\\/www.strassenweb.de\\\/nachrichten\\\/wp-content\\\/uploads\\\/2024\\\/09\\\/strassenweb-150x150.jpg\",\"url\":\"https:\\\/\\\/www.strassenweb.de\\\/nachrichten\\\/wp-content\\\/uploads\\\/2024\\\/09\\\/strassenweb-150x150.jpg\",\"contentUrl\":\"https:\\\/\\\/www.strassenweb.de\\\/nachrichten\\\/wp-content\\\/uploads\\\/2024\\\/09\\\/strassenweb-150x150.jpg\",\"caption\":\"Robert Hoffmann\"},\"description\":\"Ich hei\u00dfe Robert Hoffmann und ich bin ein leidenschaftlicher Verfechter von \u00d6kologie und Biodiversit\u00e4t. Seit meiner Kindheit in den W\u00e4ldern Bayerns f\u00fchle ich mich mit der Natur verbunden und bin entschlossen, sie zu sch\u00fctzen. Heute widme ich mein Leben der Sensibilisierung anderer f\u00fcr die Bedeutung des Umweltschutzes f\u00fcr zuk\u00fcnftige Generationen.\",\"sameAs\":[\"https:\\\/\\\/www.strassenweb.de\\\/\"]}]}<\/script>\n<!-- \/ Yoast SEO plugin. -->","yoast_head_json":{"title":"Experten warnen Hausbesitzer davor, Klimaanlagen in diesem Winter abzudecken \u2013 hier ist der sichere Weg, Ihr System vor rauem Wetter zu sch\u00fctzen - Nachrichten - Stra\u00dfenweb","robots":{"index":"index","follow":"follow","max-snippet":"max-snippet:-1","max-image-preview":"max-image-preview:large","max-video-preview":"max-video-preview:-1"},"canonical":"https:\/\/www.strassenweb.de\/nachrichten\/experten-warnen-hausbesitzer-davor-klimaanlagen-in-diesem-winter-abzudecken-hier-ist-der-sichere-weg-ihr-system-vor-rauem-wetter-zu-schuetzen\/","og_locale":"de_DE","og_type":"article","og_title":"Experten warnen Hausbesitzer davor, Klimaanlagen in diesem Winter abzudecken \u2013 hier ist der sichere Weg, Ihr System vor rauem Wetter zu sch\u00fctzen - Nachrichten - Stra\u00dfenweb","og_description":"Wenn wir f\u00fcr den Winter auf Heizung umstellen, ist es angebracht, die externe Klimaanlage abzudecken, um sie vor Schnee und Regen zu sch\u00fctzen. Experten gehen","og_url":"https:\/\/www.strassenweb.de\/nachrichten\/experten-warnen-hausbesitzer-davor-klimaanlagen-in-diesem-winter-abzudecken-hier-ist-der-sichere-weg-ihr-system-vor-rauem-wetter-zu-schuetzen\/","og_site_name":"Stra\u00dfenweb","article_publisher":"https:\/\/www.facebook.com\/strassenweb\/","article_published_time":"2025-11-24T18:39:23+00:00","article_modified_time":"2025-11-24T18:39:24+00:00","og_image":[{"width":2560,"height":1440,"url":"https:\/\/www.strassenweb.de\/nachrichten\/wp-content\/uploads\/2025\/11\/Experten-warnen-Hausbesitzer-davor-Klimaanlagen-in-diesem-Winter-abzudecken-\u2013.jpg","type":"image\/jpeg"}],"author":"Robert Hoffmann","twitter_card":"summary_large_image","twitter_misc":{"Verfasst von":"Robert Hoffmann","Gesch\u00e4tzte Lesezeit":"4\u00a0Minuten"},"schema":{"@context":"https:\/\/schema.org","@graph":[{"@type":"Article","@id":"https:\/\/www.strassenweb.de\/nachrichten\/experten-warnen-hausbesitzer-davor-klimaanlagen-in-diesem-winter-abzudecken-hier-ist-der-sichere-weg-ihr-system-vor-rauem-wetter-zu-schuetzen\/#article","isPartOf":{"@id":"https:\/\/www.strassenweb.de\/nachrichten\/experten-warnen-hausbesitzer-davor-klimaanlagen-in-diesem-winter-abzudecken-hier-ist-der-sichere-weg-ihr-system-vor-rauem-wetter-zu-schuetzen\/"},"author":{"name":"Robert Hoffmann","@id":"https:\/\/www.strassenweb.de\/nachrichten\/#\/schema\/person\/87c9c9067f1211da429a744dc5a5aa41"},"headline":"Experten warnen Hausbesitzer davor, Klimaanlagen in diesem Winter abzudecken \u2013 hier ist der sichere Weg, Ihr System vor rauem Wetter zu sch\u00fctzen","datePublished":"2025-11-24T18:39:23+00:00","dateModified":"2025-11-24T18:39:24+00:00","mainEntityOfPage":{"@id":"https:\/\/www.strassenweb.de\/nachrichten\/experten-warnen-hausbesitzer-davor-klimaanlagen-in-diesem-winter-abzudecken-hier-ist-der-sichere-weg-ihr-system-vor-rauem-wetter-zu-schuetzen\/"},"wordCount":857,"publisher":{"@id":"https:\/\/www.strassenweb.de\/nachrichten\/#organization"},"image":{"@id":"https:\/\/www.strassenweb.de\/nachrichten\/experten-warnen-hausbesitzer-davor-klimaanlagen-in-diesem-winter-abzudecken-hier-ist-der-sichere-weg-ihr-system-vor-rauem-wetter-zu-schuetzen\/#primaryimage"},"thumbnailUrl":"https:\/\/www.strassenweb.de\/nachrichten\/wp-content\/uploads\/2025\/11\/Experten-warnen-Hausbesitzer-davor-Klimaanlagen-in-diesem-Winter-abzudecken-\u2013.jpg","keywords":["abzudecken","davor","der","diesem","Experten","Hausbesitzer","hier","Ihr","ist","Klimaanlagen","rauem","sch\u00fctzen","sichere","System","vor","warnen","Weg","Wetter","Winter"],"articleSection":["Haus &amp; Garten"],"inLanguage":"de"},{"@type":"WebPage","@id":"https:\/\/www.strassenweb.de\/nachrichten\/experten-warnen-hausbesitzer-davor-klimaanlagen-in-diesem-winter-abzudecken-hier-ist-der-sichere-weg-ihr-system-vor-rauem-wetter-zu-schuetzen\/","url":"https:\/\/www.strassenweb.de\/nachrichten\/experten-warnen-hausbesitzer-davor-klimaanlagen-in-diesem-winter-abzudecken-hier-ist-der-sichere-weg-ihr-system-vor-rauem-wetter-zu-schuetzen\/","name":"Experten warnen Hausbesitzer davor, Klimaanlagen in diesem Winter abzudecken \u2013 hier ist der sichere Weg, Ihr System vor rauem Wetter zu sch\u00fctzen - Nachrichten - Stra\u00dfenweb","isPartOf":{"@id":"https:\/\/www.strassenweb.de\/nachrichten\/#website"},"primaryImageOfPage":{"@id":"https:\/\/www.strassenweb.de\/nachrichten\/experten-warnen-hausbesitzer-davor-klimaanlagen-in-diesem-winter-abzudecken-hier-ist-der-sichere-weg-ihr-system-vor-rauem-wetter-zu-schuetzen\/#primaryimage"},"image":{"@id":"https:\/\/www.strassenweb.de\/nachrichten\/experten-warnen-hausbesitzer-davor-klimaanlagen-in-diesem-winter-abzudecken-hier-ist-der-sichere-weg-ihr-system-vor-rauem-wetter-zu-schuetzen\/#primaryimage"},"thumbnailUrl":"https:\/\/www.strassenweb.de\/nachrichten\/wp-content\/uploads\/2025\/11\/Experten-warnen-Hausbesitzer-davor-Klimaanlagen-in-diesem-Winter-abzudecken-\u2013.jpg","datePublished":"2025-11-24T18:39:23+00:00","dateModified":"2025-11-24T18:39:24+00:00","breadcrumb":{"@id":"https:\/\/www.strassenweb.de\/nachrichten\/experten-warnen-hausbesitzer-davor-klimaanlagen-in-diesem-winter-abzudecken-hier-ist-der-sichere-weg-ihr-system-vor-rauem-wetter-zu-schuetzen\/#breadcrumb"},"inLanguage":"de","potentialAction":[{"@type":"ReadAction","target":["https:\/\/www.strassenweb.de\/nachrichten\/experten-warnen-hausbesitzer-davor-klimaanlagen-in-diesem-winter-abzudecken-hier-ist-der-sichere-weg-ihr-system-vor-rauem-wetter-zu-schuetzen\/"]}]},{"@type":"ImageObject","inLanguage":"de","@id":"https:\/\/www.strassenweb.de\/nachrichten\/experten-warnen-hausbesitzer-davor-klimaanlagen-in-diesem-winter-abzudecken-hier-ist-der-sichere-weg-ihr-system-vor-rauem-wetter-zu-schuetzen\/#primaryimage","url":"https:\/\/www.strassenweb.de\/nachrichten\/wp-content\/uploads\/2025\/11\/Experten-warnen-Hausbesitzer-davor-Klimaanlagen-in-diesem-Winter-abzudecken-\u2013.jpg","contentUrl":"https:\/\/www.strassenweb.de\/nachrichten\/wp-content\/uploads\/2025\/11\/Experten-warnen-Hausbesitzer-davor-Klimaanlagen-in-diesem-Winter-abzudecken-\u2013.jpg","width":2560,"height":1440,"caption":"Experten warnen Hausbesitzer davor, Klimaanlagen in diesem Winter abzudecken \u2013 hier ist der sichere Weg, Ihr System vor rauem Wetter zu sch\u00fctzen"},{"@type":"BreadcrumbList","@id":"https:\/\/www.strassenweb.de\/nachrichten\/experten-warnen-hausbesitzer-davor-klimaanlagen-in-diesem-winter-abzudecken-hier-ist-der-sichere-weg-ihr-system-vor-rauem-wetter-zu-schuetzen\/#breadcrumb","itemListElement":[{"@type":"ListItem","position":1,"name":"Home","item":"https:\/\/www.strassenweb.de\/nachrichten\/"},{"@type":"ListItem","position":2,"name":"Experten warnen Hausbesitzer davor, Klimaanlagen in diesem Winter abzudecken \u2013 hier ist der sichere Weg, Ihr System vor rauem Wetter zu sch\u00fctzen"}]},{"@type":"WebSite","@id":"https:\/\/www.strassenweb.de\/nachrichten\/#website","url":"https:\/\/www.strassenweb.de\/nachrichten\/","name":"Stra\u00dfenweb","description":"Stra\u00dfenverzeichnis f\u00fcr Deutschland","publisher":{"@id":"https:\/\/www.strassenweb.de\/nachrichten\/#organization"},"potentialAction":[{"@type":"SearchAction","target":{"@type":"EntryPoint","urlTemplate":"https:\/\/www.strassenweb.de\/nachrichten\/?s={search_term_string}"},"query-input":{"@type":"PropertyValueSpecification","valueRequired":true,"valueName":"search_term_string"}}],"inLanguage":"de"},{"@type":"Organization","@id":"https:\/\/www.strassenweb.de\/nachrichten\/#organization","name":"Stra\u00dfenweb","url":"https:\/\/www.strassenweb.de\/nachrichten\/","logo":{"@type":"ImageObject","inLanguage":"de","@id":"https:\/\/www.strassenweb.de\/nachrichten\/#\/schema\/logo\/image\/","url":"https:\/\/www.strassenweb.de\/nachrichten\/wp-content\/uploads\/2024\/09\/cropped-favicon.png","contentUrl":"https:\/\/www.strassenweb.de\/nachrichten\/wp-content\/uploads\/2024\/09\/cropped-favicon.png","width":512,"height":512,"caption":"Stra\u00dfenweb"},"image":{"@id":"https:\/\/www.strassenweb.de\/nachrichten\/#\/schema\/logo\/image\/"},"sameAs":["https:\/\/www.facebook.com\/strassenweb\/"]},{"@type":"Person","@id":"https:\/\/www.strassenweb.de\/nachrichten\/#\/schema\/person\/87c9c9067f1211da429a744dc5a5aa41","name":"Robert Hoffmann","image":{"@type":"ImageObject","inLanguage":"de","@id":"https:\/\/www.strassenweb.de\/nachrichten\/wp-content\/uploads\/2024\/09\/strassenweb-150x150.jpg","url":"https:\/\/www.strassenweb.de\/nachrichten\/wp-content\/uploads\/2024\/09\/strassenweb-150x150.jpg","contentUrl":"https:\/\/www.strassenweb.de\/nachrichten\/wp-content\/uploads\/2024\/09\/strassenweb-150x150.jpg","caption":"Robert Hoffmann"},"description":"Ich hei\u00dfe Robert Hoffmann und ich bin ein leidenschaftlicher Verfechter von \u00d6kologie und Biodiversit\u00e4t. Seit meiner Kindheit in den W\u00e4ldern Bayerns f\u00fchle ich mich mit der Natur verbunden und bin entschlossen, sie zu sch\u00fctzen. Heute widme ich mein Leben der Sensibilisierung anderer f\u00fcr die Bedeutung des Umweltschutzes f\u00fcr zuk\u00fcnftige Generationen.","sameAs":["https:\/\/www.strassenweb.de\/"]}]}},"_links":{"self":[{"href":"https:\/\/www.strassenweb.de\/nachrichten\/wp-json\/wp\/v2\/posts\/9406","targetHints":{"allow":["GET"]}}],"collection":[{"href":"https:\/\/www.strassenweb.de\/nachrichten\/wp-json\/wp\/v2\/posts"}],"about":[{"href":"https:\/\/www.strassenweb.de\/nachrichten\/wp-json\/wp\/v2\/types\/post"}],"author":[{"embeddable":true,"href":"https:\/\/www.strassenweb.de\/nachrichten\/wp-json\/wp\/v2\/users\/1"}],"replies":[{"embeddable":true,"href":"https:\/\/www.strassenweb.de\/nachrichten\/wp-json\/wp\/v2\/comments?post=9406"}],"version-history":[{"count":0,"href":"https:\/\/www.strassenweb.de\/nachrichten\/wp-json\/wp\/v2\/posts\/9406\/revisions"}],"wp:featuredmedia":[{"embeddable":true,"href":"https:\/\/www.strassenweb.de\/nachrichten\/wp-json\/wp\/v2\/media\/9407"}],"wp:attachment":[{"href":"https:\/\/www.strassenweb.de\/nachrichten\/wp-json\/wp\/v2\/media?parent=9406"}],"wp:term":[{"taxonomy":"category","embeddable":true,"href":"https:\/\/www.strassenweb.de\/nachrichten\/wp-json\/wp\/v2\/categories?post=9406"},{"taxonomy":"post_tag","embeddable":true,"href":"https:\/\/www.strassenweb.de\/nachrichten\/wp-json\/wp\/v2\/tags?post=9406"}],"curies":[{"name":"wp","href":"https:\/\/api.w.org\/{rel}","templated":true}]}}