{"id":9400,"date":"2025-11-24T13:40:34","date_gmt":"2025-11-24T12:40:34","guid":{"rendered":"https:\/\/www.strassenweb.de\/nachrichten\/mein-schicker-waesche-organizer-von-joseph-joseph-fuer-71-ist-so-nuetzlich-dass-ich-mir-einen-zweiten-fuer-mein-schlafzimmer-kaufe-waehrend-er-im-angebot-ist\/"},"modified":"2025-11-24T13:40:35","modified_gmt":"2025-11-24T12:40:35","slug":"mein-schicker-waesche-organizer-von-joseph-joseph-fuer-71-ist-so-nuetzlich-dass-ich-mir-einen-zweiten-fuer-mein-schlafzimmer-kaufe-waehrend-er-im-angebot-ist","status":"publish","type":"post","link":"https:\/\/www.strassenweb.de\/nachrichten\/mein-schicker-waesche-organizer-von-joseph-joseph-fuer-71-ist-so-nuetzlich-dass-ich-mir-einen-zweiten-fuer-mein-schlafzimmer-kaufe-waehrend-er-im-angebot-ist\/","title":{"rendered":"Mein schicker W\u00e4sche-Organizer von Joseph Joseph f\u00fcr 71 $ ist so n\u00fctzlich, dass ich mir einen zweiten f\u00fcr mein Schlafzimmer kaufe, w\u00e4hrend er im Angebot ist"},"content":{"rendered":"<p><\/p>\n<div id=\"article-body\" class=\"article__body \">\n<p id=\"c835c77e-da0f-46a8-b53d-ec6e9de59205\">Ich habe bereits einen W\u00e4sche-Organizer von Joseph Joseph und seine praktischen, farblich getrennten F\u00e4cher haben mir die Arbeit pro Woche um Stunden erspart, da ich die schmutzige W\u00e4sche nicht mehr sortieren muss, bevor sie in die Waschmaschine kommt.<\/p>\n<div id=\"ad-unit-1\" class=\"ad-unit\"><\/div>\n<p>Jetzt kaufe ich einen zweiten Korb, w\u00e4hrend er zum Black Friday bei Amazon im Angebot ist, denn der in unserem Flur ist gro\u00dfartig f\u00fcr unsere Tochter, da er direkt vor ihrem Zimmer steht, aber mir ist klar geworden, dass ich auch einen in meinem Schlafzimmer brauche.<\/p>\n<aside data-block-type=\"embed\" data-render-type=\"fte\" data-skip=\"dealsy\" data-widget-type=\"seasonal\" class=\"hawk-root\"><\/aside>\n<p id=\"c835c77e-da0f-46a8-b53d-ec6e9de59205-2\">Aus diesem Grund greife ich zu dem schicken marineblauen Tota mit zwei F\u00e4chern, da mein Mann und ich nicht gerade die farbenfrohsten Kommoden sind und wir eigentlich nur die dunklen und hellen Bereiche brauchen, und dieser Schrank passt zu unseren raumhohen Einbauschr\u00e4nken in Marineblau.<\/p>\n<h2 id=\"why-i-love-my-joseph-joseph-tota-laundry-hamper-3\">Warum ich meinen Joseph Joseph Tota W\u00e4schekorb liebe<\/h2>\n<div class=\"product-container horizontal-product-container\">\n<div class=\"product-block-row\"><\/div>\n<\/div>\n<p id=\"646c7032-67c5-4ad1-b284-59e49b8d17cb\">Aufgrund einer Bindegewebsst\u00f6rung habe ich chronische Schmerzen und Gelenke, die sich leicht ausrenken. Dadurch ist jede Arbeit, bei der ich mich b\u00fccken, hocken oder knien muss, sehr schmerzhaft und kann zu Verletzungen f\u00fchren.<\/p>\n<div id=\"ad-unit-2\" class=\"ad-unit\"><\/div>\n<p>Bevor ich den bei Amazon erh\u00e4ltlichen Joseph Joseph Tota in die H\u00e4nde bekam, f\u00fcrchtete ich mich vor der Zeit, die ich auf dem Boden verbringen musste, um W\u00e4sche in helle, dunkle und farbige Ladungen zu sortieren, da mir das unweigerlich Schmerzen und Verletzungen bereitete.<\/p>\n<p>Dann habe ich dieses Ger\u00e4t in meinem Flur im Obergeschoss installiert und jeder in meinem Haushalt, einschlie\u00dflich meiner kleinen Tochter, konnte seine Lasten schnell selbst trennen. Es bedeutete auch, dass ich bei dieser einfachen Aufgabe keine Schmerzen mehr hatte.<\/p>\n<p>Dies ist besonders n\u00fctzlich, wenn Sie eine Toplader-Waschmaschine haben, da Sie den Beutel mit seinen stabilen, langen und versteckten Griffen aus dem Ger\u00e4t ziehen und verwenden k\u00f6nnen <em>dritte <\/em>Griff an der Unterseite, um alle schmutzigen Kleidungsst\u00fccke einfach direkt in die Waschmaschine zu sch\u00fctten.<\/p>\n<div class=\"min-h-(270px) mb-4 viafoura-twig-component\" id=\"viafoura-engagement-starter-wrapper\" data-component-name=\"Elk:Embed:EngagementStarter\">\n<div class=\"viafoura\">\n<div>\n<vf-conversation-starter target=\"viafoura-comments\" title=\"Have your say\" description=\"What chore do you loathe?\" minimum-comment-count=\"5\"><br \/>\n<\/vf-conversation-starter>\n<\/div>\n<\/div>\n<\/div>\n<h3 class=\"article-body__section\" id=\"section-why-i-need-a-second-hamper\"><span>Warum ich einen zweiten Korb brauche<\/span><\/h3>\n<figure class=\"van-image-figure inline-layout \" data-bordeaux-image-check=\"\">\n<div class=\"image-full-width-wrapper\">\n<div class=\"image-widthsetter\" style=\"max-width:2000px;\"><\/div>\n<\/div><figcaption class=\"inline-layout \">\n<div class=\"caption-text\">\n<p>Mein vorhandener 90L Tota steht ordentlich in meinem Flur (siehe Abbildung), aber ich brauche einen zweiten f\u00fcr mein Schlafzimmer.<\/p>\n<\/div>\n<\/figcaption><\/figure>\n<p id=\"8f1d75f7-8c9f-4634-9350-e3aeb618fd6d\">Das einzige Problem, seit ich meine habe, ist, dass ich, wenn ich mich nachts ausziehe und meine Tochter schl\u00e4ft, keinen L\u00e4rm direkt vor ihrer Schlafzimmert\u00fcr machen m\u00f6chte, um meine schmutzigen Klamotten in den richtigen Teil des Gemeinschaftskorbs zu werfen. Deshalb besorge ich mir noch eins f\u00fcr mein Schlafzimmer.<\/p>\n<p>Im Moment lande ich mit Stapeln von W\u00e4sche auf dem Boden meines Schlafzimmers, und jetzt, da die Black Friday-Angebote so richtig losgehen, schnappe ich mir ein zeitlich begrenztes Angebot f\u00fcr den Tota von Amazon. Diesmal kaufe ich mir das Modell mit zwei F\u00e4chern, da es perfekt f\u00fcr meine Bed\u00fcrfnisse ist, und zwar in Dunkelblau, damit es zu meinen Einbauschr\u00e4nken in meinen Schlafzimmern passt. Es ist in anderen Farben erh\u00e4ltlich, darunter Grau, Creme und Orange.<\/p>\n<p>Es ist nicht nur n\u00fctzlich, sondern auch sehr schick. Die abgerundeten Kanten verleihen ihm ein modernes Aussehen, w\u00e4hrend das glatte und robuste Design daf\u00fcr sorgt, dass alles reibungslos funktioniert. Beispielsweise sorgt der geneigte Rand an der Oberseite daf\u00fcr, dass der Deckel verschiebbar ist und auch dann wieder perfekt sitzt, wenn man ihn schief aufsetzt \u2013 etwas, das sich auch in den herausnehmbaren F\u00e4chern im Inneren widerspiegelt.<\/p>\n<p>Diese Innenteile lassen sich so leicht herausziehen und sind f\u00fcr mich zu einem visuellen Indikator daf\u00fcr geworden, dass wir genug schmutzige W\u00e4sche f\u00fcr eine volle Ladung haben. Sobald die Kleidung ganz oben ist, entspricht das einer vollst\u00e4ndigen W\u00e4sche in meiner 8-kg-Frontladertrommel.<\/p>\n<p>Stellen Sie sicher, dass Ihre Beladungen voll, aber nicht \u00fcberf\u00fcllt sind. Dies ist eine gute M\u00f6glichkeit, sicherzustellen, dass beim W\u00e4schewaschen jedes W\u00e4schest\u00fcck ausreichend Waschmittel, Wasser und Bewegung erh\u00e4lt, ohne dass es \u00fcberladen wird und eine unterdurchschnittliche Sauberkeit liefert. Wenn Sie volle statt halbleere W\u00e4scheladungen laufen lassen, k\u00f6nnen Sie beim W\u00e4schewaschen Energie sparen.<\/p>\n<h3 class=\"article-body__section\" id=\"section-what-shoppers-say\"><span>Was K\u00e4ufer sagen<\/span><\/h3>\n<figure class=\"van-image-figure inline-layout \" data-bordeaux-image-check=\"\">\n<div class=\"image-full-width-wrapper\">\n<div class=\"image-widthsetter\" style=\"max-width:2000px;\"><\/div>\n<\/div><figcaption class=\"inline-layout \">\n<div class=\"caption-text\">\n<p>Die Inneneinheiten lassen sich (siehe Abbildung) leicht herausziehen, selbst wenn sie voll sind, da der steife Stoff der Taschen verhindert, dass sich die Ladung ausbeult.<\/p>\n<\/div>\n<\/figcaption><\/figure>\n<p id=\"9087ff4c-b295-4ff2-8d04-41c65383a135\">Ich bin nicht der Einzige, der diesen W\u00e4schekorb von Joseph Joseph liebt. Amazon bewertet es als \u201eAmazon&#8217;s Choice\u201c, und dies ist kein Label, das jeder Einzelh\u00e4ndler kaufen kann. Amazon vergibt dieses Label nur, wenn ein Artikel von verifizierten K\u00e4ufern durchweg gut bewertet wird, selten zur\u00fcckgegeben wird und in der Regel auf Lager ist.<\/p>\n<p>Die verifizierte K\u00e4uferin Lauren vergab f\u00fcnf Sterne und bezeichnete die Dual-Version als \u201e<u>bester W\u00e4schekorb<\/u>&#8218;. In ihrer ausf\u00fchrlichen Rezension sagt sie: \u201eDer beste Korb, den ich je benutzt habe!\u201c Ich habe es seit einem Jahr und werde es nie wieder in einen normalen M\u00fclleimer werfen. Ich habe gemischte Bewertungen zur Gr\u00f6\u00dfe gesehen, aber ich kann eine Woche damit auskommen, gute Gr\u00f6\u00dfe! Die oberen Griffe lassen sich ganz einfach herausziehen und lassen sich jedes Mal perfekt wieder hineinschieben. Bonus: der untere Griff zum Einwerfen in die W\u00e4sche! Und sie sind waschbar, was ein Bonus ist. Ich habe Bewertungen gesehen, in denen festgestellt wurde, dass der Stoff nicht straff ist. Sie m\u00fcssen nur sicherstellen, dass Sie es sicher zusammenbauen.&#8216;<\/p>\n<p>Ich stimme Lauren zu, dass mein Ger\u00e4t sehr gut funktioniert, aber das liegt ausschlie\u00dflich daran, dass ich den korrekten Installationsprozess befolgt habe. Es gibt einen Moment im Aufbau, in dem es so aussieht, als h\u00e4tten Sie genug getan, aber der Stoff an der Au\u00dfenseite sieht etwas locker aus. In diesem Fall m\u00fcssen Sie mit dem Festziehen fortfahren. Dadurch stellen Sie sicher, dass es gleichm\u00e4\u00dfig und gleichm\u00e4\u00dfig aussieht. Dies ist auch in der Anleitung vermerkt. Stellen Sie daher sicher, dass Sie die Schritte ordnungsgem\u00e4\u00df befolgen.<\/p>\n<p>K\u00e4ufer <u>Whitney<\/u> sagte, der W\u00e4schekorb mache das W\u00e4schewaschen endlich \u201eweniger zu einer l\u00e4stigen Pflicht\u201c, und sie bemerkte, dass es ihr gef\u00e4llt, dass er kompakt und elegant ist, ohne \u201eein Dorn im Auge\u201c zu sein, und wenn \u201eder W\u00e4schetag kommt, fasst jeder Abschnitt eine solide Ladung\u201c und \u201edas Herausziehen der gesamten Einheit ist dank der eingebauten Griffe m\u00fchelos, kein Ringen mit schweren K\u00f6rben\u201c.<\/p>\n<p>Whitney bemerkte in ihrer F\u00fcnf-Sterne-Bewertung auch, dass sie \u201enicht damit gerechnet hatte, sich \u00fcber einen W\u00e4schebeh\u00e4lter zu freuen, aber dieser macht die Routine tats\u00e4chlich reibungsloser.\u201c \u201eIch habe vor, noch eins zu bestellen, um es ins Kinderzimmer zu stellen.\u201c<\/p>\n<p>Nicht wenige K\u00e4ufer bemerken, dass sie sich ein zweites Exemplar zulegen, weil sie so praktisch sind. Ich stehe mit dieser Entscheidung also nicht allein da. Diese Einheiten sind wirklich sehr n\u00fctzlich und helfen Ihnen, die verlorene Zeit, die Sie mit der Erledigung von Hausarbeiten verbringen, wieder zur\u00fcckzugewinnen.<\/p>\n<h2 class=\"article-body__section\" id=\"section-what-to-shop\"><span>Was man einkaufen sollte<\/span><\/h2>\n<div class=\"product-container hero-product-container product-block-no-wrap\">\n<div class=\"product-block-row\"><\/div>\n<div class=\"product-block-row\"><\/div>\n<div class=\"product-block-row\"><\/div>\n<div class=\"product-block-row\"><\/div>\n<div class=\"product-block-row\"><\/div>\n<div class=\"product-block-row\"><\/div>\n<\/div>\n<hr id=\"4469423d-1fa7-498d-91e1-bb76d3572ad6\">\n<p id=\"04928333-a46c-4e51-9648-7ddca4a2042f\">Wenn Ihnen sein Anblick nicht gef\u00e4llt, k\u00f6nnen Sie einen W\u00e4schekorb auf viele verschiedene Arten verstecken.<\/p>\n<div class=\"block\" id=\"articleTag\" data-component-name=\"PostArticleLinks\" data-mrf-recirculation=\"post-article-links\">\n<div class=\"border-b border-b-black border-solid py-2.5 text-black font-bold uppercase\">THEMEN<\/div>\n<nav class=\"py-2.5 flex gap-2.5 flex-wrap\" data-analytics-id=\"article-tag\" data-mrf-recirculation=\"article-tag\">\n<p>Black Friday-W\u00e4sche<\/p>\n<\/nav>\n<\/div>\n<\/div>\n","protected":false},"excerpt":{"rendered":"<p>Ich habe bereits einen W\u00e4sche-Organizer von Joseph Joseph und seine praktischen, farblich getrennten F\u00e4cher haben mir die Arbeit pro Woche um Stunden erspart, da ich<\/p>\n","protected":false},"author":1,"featured_media":9401,"comment_status":"closed","ping_status":"","sticky":false,"template":"","format":"standard","meta":{"footnotes":""},"categories":[118],"tags":[1482,51,166,55,129,15,6418,3294,778,603,6491,4564,866,21,1500,11704,8466],"class_list":["post-9400","post","type-post","status-publish","format-standard","has-post-thumbnail","hentry","category-haus-garten","tag-angebot","tag-dass","tag-einen","tag-fuer","tag-ich","tag-ist","tag-joseph","tag-kaufe","tag-mein","tag-mir","tag-nuetzlich","tag-schicker","tag-schlafzimmer","tag-von","tag-waehrend","tag-waescheorganizer","tag-zweiten","generate-columns","tablet-grid-50","mobile-grid-100","grid-parent","grid-50"],"yoast_head":"<!-- This site is optimized with the Yoast SEO plugin v27.3 - https:\/\/yoast.com\/product\/yoast-seo-wordpress\/ -->\n<title>Mein schicker W\u00e4sche-Organizer von Joseph Joseph f\u00fcr 71 $ ist so n\u00fctzlich, dass ich mir einen zweiten f\u00fcr mein Schlafzimmer kaufe, w\u00e4hrend er im Angebot ist - Nachrichten - Stra\u00dfenweb<\/title>\n<meta name=\"robots\" content=\"index, follow, max-snippet:-1, max-image-preview:large, max-video-preview:-1\" \/>\n<link rel=\"canonical\" href=\"https:\/\/www.strassenweb.de\/nachrichten\/mein-schicker-waesche-organizer-von-joseph-joseph-fuer-71-ist-so-nuetzlich-dass-ich-mir-einen-zweiten-fuer-mein-schlafzimmer-kaufe-waehrend-er-im-angebot-ist\/\" \/>\n<meta property=\"og:locale\" content=\"de_DE\" \/>\n<meta property=\"og:type\" content=\"article\" \/>\n<meta property=\"og:title\" content=\"Mein schicker W\u00e4sche-Organizer von Joseph Joseph f\u00fcr 71 $ ist so n\u00fctzlich, dass ich mir einen zweiten f\u00fcr mein Schlafzimmer kaufe, w\u00e4hrend er im Angebot ist - Nachrichten - Stra\u00dfenweb\" \/>\n<meta property=\"og:description\" content=\"Ich habe bereits einen W\u00e4sche-Organizer von Joseph Joseph und seine praktischen, farblich getrennten F\u00e4cher haben mir die Arbeit pro Woche um Stunden erspart, da ich\" \/>\n<meta property=\"og:url\" content=\"https:\/\/www.strassenweb.de\/nachrichten\/mein-schicker-waesche-organizer-von-joseph-joseph-fuer-71-ist-so-nuetzlich-dass-ich-mir-einen-zweiten-fuer-mein-schlafzimmer-kaufe-waehrend-er-im-angebot-ist\/\" \/>\n<meta property=\"og:site_name\" content=\"Stra\u00dfenweb\" \/>\n<meta property=\"article:publisher\" content=\"https:\/\/www.facebook.com\/strassenweb\/\" \/>\n<meta property=\"article:published_time\" content=\"2025-11-24T12:40:34+00:00\" \/>\n<meta property=\"article:modified_time\" content=\"2025-11-24T12:40:35+00:00\" \/>\n<meta property=\"og:image\" content=\"https:\/\/www.strassenweb.de\/nachrichten\/wp-content\/uploads\/2025\/11\/Mein-schicker-Waesche-Organizer-von-Joseph-Joseph-fuer-71-ist.jpg\" \/>\n\t<meta property=\"og:image:width\" content=\"1600\" \/>\n\t<meta property=\"og:image:height\" content=\"900\" \/>\n\t<meta property=\"og:image:type\" content=\"image\/jpeg\" \/>\n<meta name=\"author\" content=\"Robert Hoffmann\" \/>\n<meta name=\"twitter:card\" content=\"summary_large_image\" \/>\n<meta name=\"twitter:label1\" content=\"Verfasst von\" \/>\n\t<meta name=\"twitter:data1\" content=\"Robert Hoffmann\" \/>\n\t<meta name=\"twitter:label2\" content=\"Gesch\u00e4tzte Lesezeit\" \/>\n\t<meta name=\"twitter:data2\" content=\"6\u00a0Minuten\" \/>\n<script type=\"application\/ld+json\" class=\"yoast-schema-graph\">{\"@context\":\"https:\\\/\\\/schema.org\",\"@graph\":[{\"@type\":\"Article\",\"@id\":\"https:\\\/\\\/www.strassenweb.de\\\/nachrichten\\\/mein-schicker-waesche-organizer-von-joseph-joseph-fuer-71-ist-so-nuetzlich-dass-ich-mir-einen-zweiten-fuer-mein-schlafzimmer-kaufe-waehrend-er-im-angebot-ist\\\/#article\",\"isPartOf\":{\"@id\":\"https:\\\/\\\/www.strassenweb.de\\\/nachrichten\\\/mein-schicker-waesche-organizer-von-joseph-joseph-fuer-71-ist-so-nuetzlich-dass-ich-mir-einen-zweiten-fuer-mein-schlafzimmer-kaufe-waehrend-er-im-angebot-ist\\\/\"},\"author\":{\"name\":\"Robert Hoffmann\",\"@id\":\"https:\\\/\\\/www.strassenweb.de\\\/nachrichten\\\/#\\\/schema\\\/person\\\/87c9c9067f1211da429a744dc5a5aa41\"},\"headline\":\"Mein schicker W\u00e4sche-Organizer von Joseph Joseph f\u00fcr 71 $ ist so n\u00fctzlich, dass ich mir einen zweiten f\u00fcr mein Schlafzimmer kaufe, w\u00e4hrend er im Angebot ist\",\"datePublished\":\"2025-11-24T12:40:34+00:00\",\"dateModified\":\"2025-11-24T12:40:35+00:00\",\"mainEntityOfPage\":{\"@id\":\"https:\\\/\\\/www.strassenweb.de\\\/nachrichten\\\/mein-schicker-waesche-organizer-von-joseph-joseph-fuer-71-ist-so-nuetzlich-dass-ich-mir-einen-zweiten-fuer-mein-schlafzimmer-kaufe-waehrend-er-im-angebot-ist\\\/\"},\"wordCount\":1176,\"publisher\":{\"@id\":\"https:\\\/\\\/www.strassenweb.de\\\/nachrichten\\\/#organization\"},\"image\":{\"@id\":\"https:\\\/\\\/www.strassenweb.de\\\/nachrichten\\\/mein-schicker-waesche-organizer-von-joseph-joseph-fuer-71-ist-so-nuetzlich-dass-ich-mir-einen-zweiten-fuer-mein-schlafzimmer-kaufe-waehrend-er-im-angebot-ist\\\/#primaryimage\"},\"thumbnailUrl\":\"https:\\\/\\\/www.strassenweb.de\\\/nachrichten\\\/wp-content\\\/uploads\\\/2025\\\/11\\\/Mein-schicker-Waesche-Organizer-von-Joseph-Joseph-fuer-71-ist.jpg\",\"keywords\":[\"Angebot\",\"dass\",\"einen\",\"f\u00fcr\",\"ich\",\"ist\",\"Joseph\",\"kaufe\",\"mein\",\"mir\",\"n\u00fctzlich\",\"schicker\",\"Schlafzimmer\",\"von\",\"w\u00e4hrend\",\"W\u00e4scheOrganizer\",\"zweiten\"],\"articleSection\":[\"Haus &amp; Garten\"],\"inLanguage\":\"de\"},{\"@type\":\"WebPage\",\"@id\":\"https:\\\/\\\/www.strassenweb.de\\\/nachrichten\\\/mein-schicker-waesche-organizer-von-joseph-joseph-fuer-71-ist-so-nuetzlich-dass-ich-mir-einen-zweiten-fuer-mein-schlafzimmer-kaufe-waehrend-er-im-angebot-ist\\\/\",\"url\":\"https:\\\/\\\/www.strassenweb.de\\\/nachrichten\\\/mein-schicker-waesche-organizer-von-joseph-joseph-fuer-71-ist-so-nuetzlich-dass-ich-mir-einen-zweiten-fuer-mein-schlafzimmer-kaufe-waehrend-er-im-angebot-ist\\\/\",\"name\":\"Mein schicker W\u00e4sche-Organizer von Joseph Joseph f\u00fcr 71 $ ist so n\u00fctzlich, dass ich mir einen zweiten f\u00fcr mein Schlafzimmer kaufe, w\u00e4hrend er im Angebot ist - Nachrichten - Stra\u00dfenweb\",\"isPartOf\":{\"@id\":\"https:\\\/\\\/www.strassenweb.de\\\/nachrichten\\\/#website\"},\"primaryImageOfPage\":{\"@id\":\"https:\\\/\\\/www.strassenweb.de\\\/nachrichten\\\/mein-schicker-waesche-organizer-von-joseph-joseph-fuer-71-ist-so-nuetzlich-dass-ich-mir-einen-zweiten-fuer-mein-schlafzimmer-kaufe-waehrend-er-im-angebot-ist\\\/#primaryimage\"},\"image\":{\"@id\":\"https:\\\/\\\/www.strassenweb.de\\\/nachrichten\\\/mein-schicker-waesche-organizer-von-joseph-joseph-fuer-71-ist-so-nuetzlich-dass-ich-mir-einen-zweiten-fuer-mein-schlafzimmer-kaufe-waehrend-er-im-angebot-ist\\\/#primaryimage\"},\"thumbnailUrl\":\"https:\\\/\\\/www.strassenweb.de\\\/nachrichten\\\/wp-content\\\/uploads\\\/2025\\\/11\\\/Mein-schicker-Waesche-Organizer-von-Joseph-Joseph-fuer-71-ist.jpg\",\"datePublished\":\"2025-11-24T12:40:34+00:00\",\"dateModified\":\"2025-11-24T12:40:35+00:00\",\"breadcrumb\":{\"@id\":\"https:\\\/\\\/www.strassenweb.de\\\/nachrichten\\\/mein-schicker-waesche-organizer-von-joseph-joseph-fuer-71-ist-so-nuetzlich-dass-ich-mir-einen-zweiten-fuer-mein-schlafzimmer-kaufe-waehrend-er-im-angebot-ist\\\/#breadcrumb\"},\"inLanguage\":\"de\",\"potentialAction\":[{\"@type\":\"ReadAction\",\"target\":[\"https:\\\/\\\/www.strassenweb.de\\\/nachrichten\\\/mein-schicker-waesche-organizer-von-joseph-joseph-fuer-71-ist-so-nuetzlich-dass-ich-mir-einen-zweiten-fuer-mein-schlafzimmer-kaufe-waehrend-er-im-angebot-ist\\\/\"]}]},{\"@type\":\"ImageObject\",\"inLanguage\":\"de\",\"@id\":\"https:\\\/\\\/www.strassenweb.de\\\/nachrichten\\\/mein-schicker-waesche-organizer-von-joseph-joseph-fuer-71-ist-so-nuetzlich-dass-ich-mir-einen-zweiten-fuer-mein-schlafzimmer-kaufe-waehrend-er-im-angebot-ist\\\/#primaryimage\",\"url\":\"https:\\\/\\\/www.strassenweb.de\\\/nachrichten\\\/wp-content\\\/uploads\\\/2025\\\/11\\\/Mein-schicker-Waesche-Organizer-von-Joseph-Joseph-fuer-71-ist.jpg\",\"contentUrl\":\"https:\\\/\\\/www.strassenweb.de\\\/nachrichten\\\/wp-content\\\/uploads\\\/2025\\\/11\\\/Mein-schicker-Waesche-Organizer-von-Joseph-Joseph-fuer-71-ist.jpg\",\"width\":1600,\"height\":900,\"caption\":\"A utility room with floor-to-ceiling blue painted cabinets, and a large white farmhouse sink beneath a window\"},{\"@type\":\"BreadcrumbList\",\"@id\":\"https:\\\/\\\/www.strassenweb.de\\\/nachrichten\\\/mein-schicker-waesche-organizer-von-joseph-joseph-fuer-71-ist-so-nuetzlich-dass-ich-mir-einen-zweiten-fuer-mein-schlafzimmer-kaufe-waehrend-er-im-angebot-ist\\\/#breadcrumb\",\"itemListElement\":[{\"@type\":\"ListItem\",\"position\":1,\"name\":\"Home\",\"item\":\"https:\\\/\\\/www.strassenweb.de\\\/nachrichten\\\/\"},{\"@type\":\"ListItem\",\"position\":2,\"name\":\"Mein schicker W\u00e4sche-Organizer von Joseph Joseph f\u00fcr 71 $ ist so n\u00fctzlich, dass ich mir einen zweiten f\u00fcr mein Schlafzimmer kaufe, w\u00e4hrend er im Angebot ist\"}]},{\"@type\":\"WebSite\",\"@id\":\"https:\\\/\\\/www.strassenweb.de\\\/nachrichten\\\/#website\",\"url\":\"https:\\\/\\\/www.strassenweb.de\\\/nachrichten\\\/\",\"name\":\"Stra\u00dfenweb\",\"description\":\"Stra\u00dfenverzeichnis f\u00fcr Deutschland\",\"publisher\":{\"@id\":\"https:\\\/\\\/www.strassenweb.de\\\/nachrichten\\\/#organization\"},\"potentialAction\":[{\"@type\":\"SearchAction\",\"target\":{\"@type\":\"EntryPoint\",\"urlTemplate\":\"https:\\\/\\\/www.strassenweb.de\\\/nachrichten\\\/?s={search_term_string}\"},\"query-input\":{\"@type\":\"PropertyValueSpecification\",\"valueRequired\":true,\"valueName\":\"search_term_string\"}}],\"inLanguage\":\"de\"},{\"@type\":\"Organization\",\"@id\":\"https:\\\/\\\/www.strassenweb.de\\\/nachrichten\\\/#organization\",\"name\":\"Stra\u00dfenweb\",\"url\":\"https:\\\/\\\/www.strassenweb.de\\\/nachrichten\\\/\",\"logo\":{\"@type\":\"ImageObject\",\"inLanguage\":\"de\",\"@id\":\"https:\\\/\\\/www.strassenweb.de\\\/nachrichten\\\/#\\\/schema\\\/logo\\\/image\\\/\",\"url\":\"https:\\\/\\\/www.strassenweb.de\\\/nachrichten\\\/wp-content\\\/uploads\\\/2024\\\/09\\\/cropped-favicon.png\",\"contentUrl\":\"https:\\\/\\\/www.strassenweb.de\\\/nachrichten\\\/wp-content\\\/uploads\\\/2024\\\/09\\\/cropped-favicon.png\",\"width\":512,\"height\":512,\"caption\":\"Stra\u00dfenweb\"},\"image\":{\"@id\":\"https:\\\/\\\/www.strassenweb.de\\\/nachrichten\\\/#\\\/schema\\\/logo\\\/image\\\/\"},\"sameAs\":[\"https:\\\/\\\/www.facebook.com\\\/strassenweb\\\/\"]},{\"@type\":\"Person\",\"@id\":\"https:\\\/\\\/www.strassenweb.de\\\/nachrichten\\\/#\\\/schema\\\/person\\\/87c9c9067f1211da429a744dc5a5aa41\",\"name\":\"Robert Hoffmann\",\"image\":{\"@type\":\"ImageObject\",\"inLanguage\":\"de\",\"@id\":\"https:\\\/\\\/www.strassenweb.de\\\/nachrichten\\\/wp-content\\\/uploads\\\/2024\\\/09\\\/strassenweb-150x150.jpg\",\"url\":\"https:\\\/\\\/www.strassenweb.de\\\/nachrichten\\\/wp-content\\\/uploads\\\/2024\\\/09\\\/strassenweb-150x150.jpg\",\"contentUrl\":\"https:\\\/\\\/www.strassenweb.de\\\/nachrichten\\\/wp-content\\\/uploads\\\/2024\\\/09\\\/strassenweb-150x150.jpg\",\"caption\":\"Robert Hoffmann\"},\"description\":\"Ich hei\u00dfe Robert Hoffmann und ich bin ein leidenschaftlicher Verfechter von \u00d6kologie und Biodiversit\u00e4t. Seit meiner Kindheit in den W\u00e4ldern Bayerns f\u00fchle ich mich mit der Natur verbunden und bin entschlossen, sie zu sch\u00fctzen. Heute widme ich mein Leben der Sensibilisierung anderer f\u00fcr die Bedeutung des Umweltschutzes f\u00fcr zuk\u00fcnftige Generationen.\",\"sameAs\":[\"https:\\\/\\\/www.strassenweb.de\\\/\"]}]}<\/script>\n<!-- \/ Yoast SEO plugin. -->","yoast_head_json":{"title":"Mein schicker W\u00e4sche-Organizer von Joseph Joseph f\u00fcr 71 $ ist so n\u00fctzlich, dass ich mir einen zweiten f\u00fcr mein Schlafzimmer kaufe, w\u00e4hrend er im Angebot ist - Nachrichten - Stra\u00dfenweb","robots":{"index":"index","follow":"follow","max-snippet":"max-snippet:-1","max-image-preview":"max-image-preview:large","max-video-preview":"max-video-preview:-1"},"canonical":"https:\/\/www.strassenweb.de\/nachrichten\/mein-schicker-waesche-organizer-von-joseph-joseph-fuer-71-ist-so-nuetzlich-dass-ich-mir-einen-zweiten-fuer-mein-schlafzimmer-kaufe-waehrend-er-im-angebot-ist\/","og_locale":"de_DE","og_type":"article","og_title":"Mein schicker W\u00e4sche-Organizer von Joseph Joseph f\u00fcr 71 $ ist so n\u00fctzlich, dass ich mir einen zweiten f\u00fcr mein Schlafzimmer kaufe, w\u00e4hrend er im Angebot ist - Nachrichten - Stra\u00dfenweb","og_description":"Ich habe bereits einen W\u00e4sche-Organizer von Joseph Joseph und seine praktischen, farblich getrennten F\u00e4cher haben mir die Arbeit pro Woche um Stunden erspart, da ich","og_url":"https:\/\/www.strassenweb.de\/nachrichten\/mein-schicker-waesche-organizer-von-joseph-joseph-fuer-71-ist-so-nuetzlich-dass-ich-mir-einen-zweiten-fuer-mein-schlafzimmer-kaufe-waehrend-er-im-angebot-ist\/","og_site_name":"Stra\u00dfenweb","article_publisher":"https:\/\/www.facebook.com\/strassenweb\/","article_published_time":"2025-11-24T12:40:34+00:00","article_modified_time":"2025-11-24T12:40:35+00:00","og_image":[{"width":1600,"height":900,"url":"https:\/\/www.strassenweb.de\/nachrichten\/wp-content\/uploads\/2025\/11\/Mein-schicker-Waesche-Organizer-von-Joseph-Joseph-fuer-71-ist.jpg","type":"image\/jpeg"}],"author":"Robert Hoffmann","twitter_card":"summary_large_image","twitter_misc":{"Verfasst von":"Robert Hoffmann","Gesch\u00e4tzte Lesezeit":"6\u00a0Minuten"},"schema":{"@context":"https:\/\/schema.org","@graph":[{"@type":"Article","@id":"https:\/\/www.strassenweb.de\/nachrichten\/mein-schicker-waesche-organizer-von-joseph-joseph-fuer-71-ist-so-nuetzlich-dass-ich-mir-einen-zweiten-fuer-mein-schlafzimmer-kaufe-waehrend-er-im-angebot-ist\/#article","isPartOf":{"@id":"https:\/\/www.strassenweb.de\/nachrichten\/mein-schicker-waesche-organizer-von-joseph-joseph-fuer-71-ist-so-nuetzlich-dass-ich-mir-einen-zweiten-fuer-mein-schlafzimmer-kaufe-waehrend-er-im-angebot-ist\/"},"author":{"name":"Robert Hoffmann","@id":"https:\/\/www.strassenweb.de\/nachrichten\/#\/schema\/person\/87c9c9067f1211da429a744dc5a5aa41"},"headline":"Mein schicker W\u00e4sche-Organizer von Joseph Joseph f\u00fcr 71 $ ist so n\u00fctzlich, dass ich mir einen zweiten f\u00fcr mein Schlafzimmer kaufe, w\u00e4hrend er im Angebot ist","datePublished":"2025-11-24T12:40:34+00:00","dateModified":"2025-11-24T12:40:35+00:00","mainEntityOfPage":{"@id":"https:\/\/www.strassenweb.de\/nachrichten\/mein-schicker-waesche-organizer-von-joseph-joseph-fuer-71-ist-so-nuetzlich-dass-ich-mir-einen-zweiten-fuer-mein-schlafzimmer-kaufe-waehrend-er-im-angebot-ist\/"},"wordCount":1176,"publisher":{"@id":"https:\/\/www.strassenweb.de\/nachrichten\/#organization"},"image":{"@id":"https:\/\/www.strassenweb.de\/nachrichten\/mein-schicker-waesche-organizer-von-joseph-joseph-fuer-71-ist-so-nuetzlich-dass-ich-mir-einen-zweiten-fuer-mein-schlafzimmer-kaufe-waehrend-er-im-angebot-ist\/#primaryimage"},"thumbnailUrl":"https:\/\/www.strassenweb.de\/nachrichten\/wp-content\/uploads\/2025\/11\/Mein-schicker-Waesche-Organizer-von-Joseph-Joseph-fuer-71-ist.jpg","keywords":["Angebot","dass","einen","f\u00fcr","ich","ist","Joseph","kaufe","mein","mir","n\u00fctzlich","schicker","Schlafzimmer","von","w\u00e4hrend","W\u00e4scheOrganizer","zweiten"],"articleSection":["Haus &amp; Garten"],"inLanguage":"de"},{"@type":"WebPage","@id":"https:\/\/www.strassenweb.de\/nachrichten\/mein-schicker-waesche-organizer-von-joseph-joseph-fuer-71-ist-so-nuetzlich-dass-ich-mir-einen-zweiten-fuer-mein-schlafzimmer-kaufe-waehrend-er-im-angebot-ist\/","url":"https:\/\/www.strassenweb.de\/nachrichten\/mein-schicker-waesche-organizer-von-joseph-joseph-fuer-71-ist-so-nuetzlich-dass-ich-mir-einen-zweiten-fuer-mein-schlafzimmer-kaufe-waehrend-er-im-angebot-ist\/","name":"Mein schicker W\u00e4sche-Organizer von Joseph Joseph f\u00fcr 71 $ ist so n\u00fctzlich, dass ich mir einen zweiten f\u00fcr mein Schlafzimmer kaufe, w\u00e4hrend er im Angebot ist - Nachrichten - Stra\u00dfenweb","isPartOf":{"@id":"https:\/\/www.strassenweb.de\/nachrichten\/#website"},"primaryImageOfPage":{"@id":"https:\/\/www.strassenweb.de\/nachrichten\/mein-schicker-waesche-organizer-von-joseph-joseph-fuer-71-ist-so-nuetzlich-dass-ich-mir-einen-zweiten-fuer-mein-schlafzimmer-kaufe-waehrend-er-im-angebot-ist\/#primaryimage"},"image":{"@id":"https:\/\/www.strassenweb.de\/nachrichten\/mein-schicker-waesche-organizer-von-joseph-joseph-fuer-71-ist-so-nuetzlich-dass-ich-mir-einen-zweiten-fuer-mein-schlafzimmer-kaufe-waehrend-er-im-angebot-ist\/#primaryimage"},"thumbnailUrl":"https:\/\/www.strassenweb.de\/nachrichten\/wp-content\/uploads\/2025\/11\/Mein-schicker-Waesche-Organizer-von-Joseph-Joseph-fuer-71-ist.jpg","datePublished":"2025-11-24T12:40:34+00:00","dateModified":"2025-11-24T12:40:35+00:00","breadcrumb":{"@id":"https:\/\/www.strassenweb.de\/nachrichten\/mein-schicker-waesche-organizer-von-joseph-joseph-fuer-71-ist-so-nuetzlich-dass-ich-mir-einen-zweiten-fuer-mein-schlafzimmer-kaufe-waehrend-er-im-angebot-ist\/#breadcrumb"},"inLanguage":"de","potentialAction":[{"@type":"ReadAction","target":["https:\/\/www.strassenweb.de\/nachrichten\/mein-schicker-waesche-organizer-von-joseph-joseph-fuer-71-ist-so-nuetzlich-dass-ich-mir-einen-zweiten-fuer-mein-schlafzimmer-kaufe-waehrend-er-im-angebot-ist\/"]}]},{"@type":"ImageObject","inLanguage":"de","@id":"https:\/\/www.strassenweb.de\/nachrichten\/mein-schicker-waesche-organizer-von-joseph-joseph-fuer-71-ist-so-nuetzlich-dass-ich-mir-einen-zweiten-fuer-mein-schlafzimmer-kaufe-waehrend-er-im-angebot-ist\/#primaryimage","url":"https:\/\/www.strassenweb.de\/nachrichten\/wp-content\/uploads\/2025\/11\/Mein-schicker-Waesche-Organizer-von-Joseph-Joseph-fuer-71-ist.jpg","contentUrl":"https:\/\/www.strassenweb.de\/nachrichten\/wp-content\/uploads\/2025\/11\/Mein-schicker-Waesche-Organizer-von-Joseph-Joseph-fuer-71-ist.jpg","width":1600,"height":900,"caption":"A utility room with floor-to-ceiling blue painted cabinets, and a large white farmhouse sink beneath a window"},{"@type":"BreadcrumbList","@id":"https:\/\/www.strassenweb.de\/nachrichten\/mein-schicker-waesche-organizer-von-joseph-joseph-fuer-71-ist-so-nuetzlich-dass-ich-mir-einen-zweiten-fuer-mein-schlafzimmer-kaufe-waehrend-er-im-angebot-ist\/#breadcrumb","itemListElement":[{"@type":"ListItem","position":1,"name":"Home","item":"https:\/\/www.strassenweb.de\/nachrichten\/"},{"@type":"ListItem","position":2,"name":"Mein schicker W\u00e4sche-Organizer von Joseph Joseph f\u00fcr 71 $ ist so n\u00fctzlich, dass ich mir einen zweiten f\u00fcr mein Schlafzimmer kaufe, w\u00e4hrend er im Angebot ist"}]},{"@type":"WebSite","@id":"https:\/\/www.strassenweb.de\/nachrichten\/#website","url":"https:\/\/www.strassenweb.de\/nachrichten\/","name":"Stra\u00dfenweb","description":"Stra\u00dfenverzeichnis f\u00fcr Deutschland","publisher":{"@id":"https:\/\/www.strassenweb.de\/nachrichten\/#organization"},"potentialAction":[{"@type":"SearchAction","target":{"@type":"EntryPoint","urlTemplate":"https:\/\/www.strassenweb.de\/nachrichten\/?s={search_term_string}"},"query-input":{"@type":"PropertyValueSpecification","valueRequired":true,"valueName":"search_term_string"}}],"inLanguage":"de"},{"@type":"Organization","@id":"https:\/\/www.strassenweb.de\/nachrichten\/#organization","name":"Stra\u00dfenweb","url":"https:\/\/www.strassenweb.de\/nachrichten\/","logo":{"@type":"ImageObject","inLanguage":"de","@id":"https:\/\/www.strassenweb.de\/nachrichten\/#\/schema\/logo\/image\/","url":"https:\/\/www.strassenweb.de\/nachrichten\/wp-content\/uploads\/2024\/09\/cropped-favicon.png","contentUrl":"https:\/\/www.strassenweb.de\/nachrichten\/wp-content\/uploads\/2024\/09\/cropped-favicon.png","width":512,"height":512,"caption":"Stra\u00dfenweb"},"image":{"@id":"https:\/\/www.strassenweb.de\/nachrichten\/#\/schema\/logo\/image\/"},"sameAs":["https:\/\/www.facebook.com\/strassenweb\/"]},{"@type":"Person","@id":"https:\/\/www.strassenweb.de\/nachrichten\/#\/schema\/person\/87c9c9067f1211da429a744dc5a5aa41","name":"Robert Hoffmann","image":{"@type":"ImageObject","inLanguage":"de","@id":"https:\/\/www.strassenweb.de\/nachrichten\/wp-content\/uploads\/2024\/09\/strassenweb-150x150.jpg","url":"https:\/\/www.strassenweb.de\/nachrichten\/wp-content\/uploads\/2024\/09\/strassenweb-150x150.jpg","contentUrl":"https:\/\/www.strassenweb.de\/nachrichten\/wp-content\/uploads\/2024\/09\/strassenweb-150x150.jpg","caption":"Robert Hoffmann"},"description":"Ich hei\u00dfe Robert Hoffmann und ich bin ein leidenschaftlicher Verfechter von \u00d6kologie und Biodiversit\u00e4t. Seit meiner Kindheit in den W\u00e4ldern Bayerns f\u00fchle ich mich mit der Natur verbunden und bin entschlossen, sie zu sch\u00fctzen. Heute widme ich mein Leben der Sensibilisierung anderer f\u00fcr die Bedeutung des Umweltschutzes f\u00fcr zuk\u00fcnftige Generationen.","sameAs":["https:\/\/www.strassenweb.de\/"]}]}},"_links":{"self":[{"href":"https:\/\/www.strassenweb.de\/nachrichten\/wp-json\/wp\/v2\/posts\/9400","targetHints":{"allow":["GET"]}}],"collection":[{"href":"https:\/\/www.strassenweb.de\/nachrichten\/wp-json\/wp\/v2\/posts"}],"about":[{"href":"https:\/\/www.strassenweb.de\/nachrichten\/wp-json\/wp\/v2\/types\/post"}],"author":[{"embeddable":true,"href":"https:\/\/www.strassenweb.de\/nachrichten\/wp-json\/wp\/v2\/users\/1"}],"replies":[{"embeddable":true,"href":"https:\/\/www.strassenweb.de\/nachrichten\/wp-json\/wp\/v2\/comments?post=9400"}],"version-history":[{"count":0,"href":"https:\/\/www.strassenweb.de\/nachrichten\/wp-json\/wp\/v2\/posts\/9400\/revisions"}],"wp:featuredmedia":[{"embeddable":true,"href":"https:\/\/www.strassenweb.de\/nachrichten\/wp-json\/wp\/v2\/media\/9401"}],"wp:attachment":[{"href":"https:\/\/www.strassenweb.de\/nachrichten\/wp-json\/wp\/v2\/media?parent=9400"}],"wp:term":[{"taxonomy":"category","embeddable":true,"href":"https:\/\/www.strassenweb.de\/nachrichten\/wp-json\/wp\/v2\/categories?post=9400"},{"taxonomy":"post_tag","embeddable":true,"href":"https:\/\/www.strassenweb.de\/nachrichten\/wp-json\/wp\/v2\/tags?post=9400"}],"curies":[{"name":"wp","href":"https:\/\/api.w.org\/{rel}","templated":true}]}}