{"id":9397,"date":"2025-11-24T10:39:36","date_gmt":"2025-11-24T09:39:36","guid":{"rendered":"https:\/\/www.strassenweb.de\/nachrichten\/wie-eine-reise-zur-mexico-design-week-uns-einen-voelligen-kreativen-neustart-bescherte\/"},"modified":"2025-11-24T10:39:36","modified_gmt":"2025-11-24T09:39:36","slug":"wie-eine-reise-zur-mexico-design-week-uns-einen-voelligen-kreativen-neustart-bescherte","status":"publish","type":"post","link":"https:\/\/www.strassenweb.de\/nachrichten\/wie-eine-reise-zur-mexico-design-week-uns-einen-voelligen-kreativen-neustart-bescherte\/","title":{"rendered":"Wie eine Reise zur Mexico Design Week uns einen v\u00f6lligen kreativen Neustart bescherte"},"content":{"rendered":"<p><\/p>\n<div id=\"article-body\" class=\"article__body \">\n<div id=\"ad-unit-1\" class=\"ad-unit\"><\/div>\n<p>Jeder Designer kennt das Gef\u00fchl: eine kreative Flaute, in der die Inspiration knapp wird und selbst die sch\u00f6nsten R\u00e4ume zu verschwimmen beginnen. Manchmal gen\u00fcgt ein Reset.<\/p>\n<aside data-block-type=\"embed\" data-render-type=\"fte\" data-skip=\"dealsy\" data-widget-type=\"seasonal\" class=\"hawk-root\"><\/aside>\n<p id=\"c5840e4f-85d4-4955-8244-90d1673b95b7-2\">F\u00fcr uns bot Mexiko-Stadt das perfekte Gegenmittel \u2013 nahe genug f\u00fcr ein langes Wochenende zum Verw\u00f6hnen, aber dennoch unendlich reich an Raumfarbideen, Kunsthandwerk und Architektur. W\u00e4hrend der Design Week brummt die Stadt vor globaler Energie, einer lebendigen Konvergenz von Kunstfertigkeit und Ideen, die Ihren kreativen Puls neu entfacht. Auch wenn Sie nicht verreisen, k\u00f6nnen Sie sich das Konzept eines \u201ekreativen Neustarts\u201c nach Hause holen: Wenn Sie einen Raum mit einer neuen Farbpalette auffrischen, Regale neu anordnen oder taktile Details wie Teppiche, \u00dcberw\u00fcrfe oder Keramik einf\u00fchren, k\u00f6nnen Sie Ihre Fantasie anregen, ohne Ihre Nachbarschaft zu verlassen.<\/p>\n<div class=\"van_vid_carousel\">\n<div class=\"van_vid_carousel__padding\">\n<div class=\"van_vid_carousel__container\"><\/div>\n<\/div>\n<\/div>\n<p>Vor der Buchung von Fl\u00fcgen bestand unsere Mission darin, den perfekten Aufenthalt zu gestalten. Wir wussten, dass das richtige Zuhause den Grundstein f\u00fcr einen wirklich inspirierenden Urlaub legen w\u00fcrde. Hotels sind praktisch, aber f\u00fcr eine designorientierte Reise wollten wir einen Ort zum Zusammenkommen \u2013 einen Ort, der sich pers\u00f6nlich, gef\u00fchlvoll und warm anf\u00fchlt.<\/p>\n<div id=\"ad-unit-2\" class=\"ad-unit\"><\/div>\n<p>Wir fanden es in Condesa, einem gr\u00fcnen Viertel mit Art-D\u00e9co-Fassaden und modernen architektonischen Juwelen. Unser Mietobjekt vereint zeitgen\u00f6ssisches mexikanisches Design mit japanischer Zur\u00fcckhaltung. Jedes Zimmer bietet durch Proportionen, Material und Licht ruhige Inspiration.<\/p>\n<p class=\"paywall\" aria-hidden=\"true\">Noch bevor Reisep\u00e4sse gefunden wurden, haben wir uns auf das Wesentliche konzentriert, das jeden vor\u00fcbergehenden Aufenthalt in ein zweites Zuhause verwandelt. Diffusoren in jedem Schlafzimmer sorgen sofort f\u00fcr eine Atmosph\u00e4re. Kerzen waren nicht verhandelbar, sie verbreiteten W\u00e4rme und einen einladenden Duft. Rutschfeste Kleiderb\u00fcgel sorgten daf\u00fcr, dass auch eine modebewusste Gruppe problemlos auspacken konnte.<\/p>\n<p>Da wir einen Tag vor unseren G\u00e4sten ankamen, machten wir uns direkt vom Flughafen auf den Weg zum Markt \u2013 wo wir Blumen, Wein, kleine H\u00e4ppchen und nat\u00fcrlich Mezcal sammelten. Es ist die einfachste und zugleich transformierendste Geste der Gastfreundschaft: G\u00e4ste \u2013 oder sich selbst \u2013 mit etwas Lebendigem und Sch\u00f6nem zu begr\u00fc\u00dfen. Bei Sonnenuntergang erbl\u00fchten in jedem Raum Blumen, ein kleiner Akt mit gro\u00dfer Wirkung.<\/p>\n<div id=\"slice-container-newsletterForm-articleInbodyContent-mTEBQfJwwNb8Up2duGKbNG\" class=\"slice-container newsletter-inbodyContent-slice newsletterForm-articleInbodyContent-mTEBQfJwwNb8Up2duGKbNG slice-container-newsletterForm\"><\/div>\n<figure class=\"van-image-figure inline-layout \" data-bordeaux-image-check id=\"9ee92d2b-a9cc-4abb-829e-704559e757e9\">\n<div class=\"image-full-width-wrapper\">\n<div class=\"image-widthsetter\" style=\"max-width:1536px;\"><\/div>\n<\/div>\n<\/figure>\n<p id=\"dfd998cb-24e4-426e-b0e3-a77742a0d63d\">Technisch gesehen waren wir zur Design Week in Mexiko-Stadt \u2013 um neue Arbeiten von aufstrebenden K\u00fcnstlern, M\u00f6beldesignern und Kreativstudios zu erkunden, die den globalen Designdialog pr\u00e4gen. Wir besuchten Freunde wie Rudy Weissenberg und Rodman Primack von Ago Projects, der f\u00fchrenden Kunstgalerie der Stadt, die f\u00fcr ihre tadellose Auswahl aufstrebender Talente bekannt ist. Aber wenn Sie uns kennen, wissen Sie, dass es immer einen Markt gibt, der nach unseren Namen ruft.<\/p>\n<figure class=\"van-image-figure inline-layout \" data-bordeaux-image-check id=\"75ac177a-37ca-4bf0-8e6b-9b5cabdf4e50\">\n<div class=\"image-full-width-wrapper\">\n<div class=\"image-widthsetter\" style=\"max-width:1706px;\"><\/div>\n<\/div>\n<\/figure>\n<p id=\"35aab8ef-f11c-45ff-bee3-41623364b1d4\">Der ber\u00fchmte Sonntagsmarkt von Mexiko-Stadt, La Lagunilla, ist Grund genug, eine Reise zu planen \u2013 in unserem Fall haben wir sogar Hin- und R\u00fcckfl\u00fcge gebucht. Die Erfahrung hat uns gelehrt, dass der Zufall auf \u00fcbergro\u00dfe Funde im Ausland meist zu einem zweiten Projekt f\u00fchrt: der Navigation in der Versandlogistik. Also kamen wir vorbereitet mit einem leeren Koffer, einer Rolle Luftpolsterfolie und einem Pakt, \u201epraktisch zu bleiben\u201c \u2013 der ganze f\u00fcnf Minuten dauerte.<\/p>\n<p>Die Magie des Marktes lag nicht nur in den Objekten, die wir entdeckten, sondern auch darin, mitzuerleben, wozu sich jeder von uns hingezogen f\u00fchlte \u2013 eine spontane, zutiefst pers\u00f6nliche Kuration. Sie brauchen keine internationale Reise, um gef\u00fchlvolle St\u00fccke zu sammeln. Lokale M\u00e4rkte, Antiquit\u00e4tenmessen und Vintage-L\u00e4den bieten den gleichen Nervenkitzel. Suchen Sie nach Gegenst\u00e4nden, die sich pers\u00f6nlich anf\u00fchlen und eine Geschichte erz\u00e4hlen \u2013 das sind die Details, die ein Zuhause unverwechselbar machen.<\/p>\n<p>Dies waren keine Dinge, die man online oder in eleganten Ausstellungsr\u00e4umen finden konnte. Es waren gef\u00fchlvolle, unvollkommene Sch\u00e4tze voller Geschichte und Charakter \u2013 die Art von Design, die dem\u00fctigt und inspiriert.<\/p>\n<figure class=\"van-image-figure inline-layout \" data-bordeaux-image-check id=\"6cb6144b-f3d6-4e0b-a2cd-a6f13459af03\">\n<div class=\"image-full-width-wrapper\">\n<div class=\"image-widthsetter\" style=\"max-width:1236px;\"><\/div>\n<\/div>\n<\/figure>\n<p id=\"2613cdbd-ccc1-49ac-8236-4d1d5098fcab\">Wir entdeckten Vintage-Kunst, die klein genug war, um in unsere Koffer zu passen \u2013 Skizzen, Drucke und Fotografien, gerahmt in altem Holz, deren Patina von der Zeit gepr\u00e4gt war. Dann kam unsere Leidenschaft f\u00fcr Vintage-Messing: skulpturale V\u00f6gel, die jetzt auf Regalen sitzen, ein entenf\u00f6rmiges Tablett mit R\u00e4ucherst\u00e4bchen und Palo Santo und ein glamour\u00f6ser Kandelaber im Stil der 1940er-Jahre, der sogar ein Abendessen am Dienstagabend zu etwas Besonderem macht. Auch alte und neue B\u00fccher geh\u00f6rten zu unserem Sortiment \u2013 \u200b\u200bdenn in tollem Design ist das Buch selbst ein haptisches Kunstwerk.<\/p>\n<p>Wenn Sie Ihr Zuhause mit Gegenst\u00e4nden f\u00fcllen, die Erinnerung und Bedeutung tragen, erwecken Sie einen Raum zum Leben. Jeder Messingvogel, jede Vintage-Skizze wird zu einem Kapitel Ihrer eigenen Designgeschichte.<\/p>\n<figure class=\"van-image-figure inline-layout \" data-bordeaux-image-check id=\"ede0f395-2233-4a71-adfb-415c7158d38e\">\n<div class=\"image-full-width-wrapper\">\n<div class=\"image-widthsetter\" style=\"max-width:1706px;\"><\/div>\n<\/div>\n<\/figure>\n<p id=\"81e0b343-5b9d-4997-8515-361c338f4d20\">Bei der Integration von reiseinspiriertem Design in Ihr Zuhause geht es weniger um Nachahmung als vielmehr um \u00dcbersetzung. Beginnen Sie mit den Sinnen \u2013 eine Kerze oder ein Diffusor k\u00f6nnen die emotionale Stimmung eines Raumes bestimmen, bevor ein einziges Licht eingeschaltet wird. Akzeptieren Sie die Unvollkommenheit \u2013 handgefertigte oder abgenutzte St\u00fccke verleihen selbst den elegantesten modernen R\u00e4umen Tiefe und Charakter. Stil mit Geschichte \u2013 mischen Sie Objekte ein, die Geschichte tragen, seien es Souvenirs, geerbte Sch\u00e4tze oder Kunsthandwerksfunde von lokalen M\u00e4rkten. Ehren Sie die Gastfreundschaft \u2013 frische Blumen, vielschichtige Beleuchtung und sorgf\u00e4ltig gedeckte Tische laden zu W\u00e4rme und Verbundenheit ein. Sammeln Sie sinnvoll \u2013 lassen Sie Ihr Zuhause Ihre Erfahrungen und Werte widerspiegeln und verwandeln Sie ein Haus in einen pers\u00f6nlichen Zufluchtsort.<\/p>\n<p>Mit vollem Herzen, volleren Koffern und einem neuen kreativen Funken f\u00fcr die Projekte, die uns bei LALA Reimagined erwarteten, kehrten wir nach Hause zur\u00fcck. Mexiko-Stadt mag zwar nah sein, aber sein Einfluss scheint grenzenlos zu sein. Manchmal ist der beste kreative Neustart nicht nur einen Flug entfernt \u2013 man nimmt sich die Zeit, das eigene Zuhause anders zu sehen: Kuratieren, bearbeiten und f\u00fcgen Sie dort Sch\u00f6nheit hinzu, wo sie \u00fcbersehen wurde. Und nat\u00fcrlich vielleicht noch einen Messingvogel oder ein oder zwei Vintage-B\u00fccher.<\/p>\n<h3 class=\"article-body__section\" id=\"section-if-you-go-to-mexico-city\"><span>Wenn Sie nach Mexiko-Stadt gehen<\/span><\/h3>\n<figure class=\"van-image-figure inline-layout \" data-bordeaux-image-check id=\"f860e681-536f-4e13-8b90-5f41dcd33a45\">\n<div class=\"image-full-width-wrapper\">\n<div class=\"image-widthsetter\" style=\"max-width:1536px;\"><\/div>\n<\/div>\n<\/figure>\n<p id=\"aa05991e-0da7-4594-81a0-21d506081bd5\">Denken Sie an flanierende Viertel wie Condesa oder Roma Norte, wo fu\u00dfg\u00e4ngerfreundliche Stra\u00dfen auf inspirierende Architektur treffen. Planen Sie Ihren Besuch nach M\u00f6glichkeit f\u00fcr Oktober w\u00e4hrend der Design Week Mexico. Kommen Sie fr\u00fch zum Sonntagsmarkt \u2013 und bringen Sie einen leeren Koffer mit. Verpassen Sie nicht Casa Gilardi, Luis Barrag\u00e1ns farbenfrohes Meisterwerk. Und packen Sie immer eine Kerze, einen Diffusor und eine gro\u00dfe Neugier auf Sch\u00f6nheit ein.<\/p>\n<\/div>\n","protected":false},"excerpt":{"rendered":"<p>Jeder Designer kennt das Gef\u00fchl: eine kreative Flaute, in der die Inspiration knapp wird und selbst die sch\u00f6nsten R\u00e4ume zu verschwimmen beginnen. Manchmal gen\u00fcgt ein<\/p>\n","protected":false},"author":1,"featured_media":9398,"comment_status":"closed","ping_status":"","sticky":false,"template":"","format":"standard","meta":{"footnotes":""},"categories":[118],"tags":[11703,679,74,166,8263,11701,11702,11332,802,8562,10521,26,99],"class_list":["post-9397","post","type-post","status-publish","format-standard","has-post-thumbnail","hentry","category-haus-garten","tag-bescherte","tag-design","tag-eine","tag-einen","tag-kreativen","tag-mexico","tag-neustart","tag-reise","tag-uns","tag-voelligen","tag-week","tag-wie","tag-zur","generate-columns","tablet-grid-50","mobile-grid-100","grid-parent","grid-50"],"yoast_head":"<!-- This site is optimized with the Yoast SEO plugin v27.3 - https:\/\/yoast.com\/product\/yoast-seo-wordpress\/ -->\n<title>Wie eine Reise zur Mexico Design Week uns einen v\u00f6lligen kreativen Neustart bescherte - Nachrichten - Stra\u00dfenweb<\/title>\n<meta name=\"robots\" content=\"index, follow, max-snippet:-1, max-image-preview:large, max-video-preview:-1\" \/>\n<link rel=\"canonical\" href=\"https:\/\/www.strassenweb.de\/nachrichten\/wie-eine-reise-zur-mexico-design-week-uns-einen-voelligen-kreativen-neustart-bescherte\/\" \/>\n<meta property=\"og:locale\" content=\"de_DE\" \/>\n<meta property=\"og:type\" content=\"article\" \/>\n<meta property=\"og:title\" content=\"Wie eine Reise zur Mexico Design Week uns einen v\u00f6lligen kreativen Neustart bescherte - Nachrichten - Stra\u00dfenweb\" \/>\n<meta property=\"og:description\" content=\"Jeder Designer kennt das Gef\u00fchl: eine kreative Flaute, in der die Inspiration knapp wird und selbst die sch\u00f6nsten R\u00e4ume zu verschwimmen beginnen. Manchmal gen\u00fcgt ein\" \/>\n<meta property=\"og:url\" content=\"https:\/\/www.strassenweb.de\/nachrichten\/wie-eine-reise-zur-mexico-design-week-uns-einen-voelligen-kreativen-neustart-bescherte\/\" \/>\n<meta property=\"og:site_name\" content=\"Stra\u00dfenweb\" \/>\n<meta property=\"article:publisher\" content=\"https:\/\/www.facebook.com\/strassenweb\/\" \/>\n<meta property=\"article:published_time\" content=\"2025-11-24T09:39:36+00:00\" \/>\n<meta property=\"og:image\" content=\"https:\/\/www.strassenweb.de\/nachrichten\/wp-content\/uploads\/2025\/11\/Wie-eine-Reise-zur-Mexico-Design-Week-uns-einen-voelligen.jpg\" \/>\n\t<meta property=\"og:image:width\" content=\"1536\" \/>\n\t<meta property=\"og:image:height\" content=\"864\" \/>\n\t<meta property=\"og:image:type\" content=\"image\/jpeg\" \/>\n<meta name=\"author\" content=\"Robert Hoffmann\" \/>\n<meta name=\"twitter:card\" content=\"summary_large_image\" \/>\n<meta name=\"twitter:label1\" content=\"Verfasst von\" \/>\n\t<meta name=\"twitter:data1\" content=\"Robert Hoffmann\" \/>\n\t<meta name=\"twitter:label2\" content=\"Gesch\u00e4tzte Lesezeit\" \/>\n\t<meta name=\"twitter:data2\" content=\"5\u00a0Minuten\" \/>\n<script type=\"application\/ld+json\" class=\"yoast-schema-graph\">{\"@context\":\"https:\\\/\\\/schema.org\",\"@graph\":[{\"@type\":\"Article\",\"@id\":\"https:\\\/\\\/www.strassenweb.de\\\/nachrichten\\\/wie-eine-reise-zur-mexico-design-week-uns-einen-voelligen-kreativen-neustart-bescherte\\\/#article\",\"isPartOf\":{\"@id\":\"https:\\\/\\\/www.strassenweb.de\\\/nachrichten\\\/wie-eine-reise-zur-mexico-design-week-uns-einen-voelligen-kreativen-neustart-bescherte\\\/\"},\"author\":{\"name\":\"Robert Hoffmann\",\"@id\":\"https:\\\/\\\/www.strassenweb.de\\\/nachrichten\\\/#\\\/schema\\\/person\\\/87c9c9067f1211da429a744dc5a5aa41\"},\"headline\":\"Wie eine Reise zur Mexico Design Week uns einen v\u00f6lligen kreativen Neustart bescherte\",\"datePublished\":\"2025-11-24T09:39:36+00:00\",\"mainEntityOfPage\":{\"@id\":\"https:\\\/\\\/www.strassenweb.de\\\/nachrichten\\\/wie-eine-reise-zur-mexico-design-week-uns-einen-voelligen-kreativen-neustart-bescherte\\\/\"},\"wordCount\":1057,\"publisher\":{\"@id\":\"https:\\\/\\\/www.strassenweb.de\\\/nachrichten\\\/#organization\"},\"image\":{\"@id\":\"https:\\\/\\\/www.strassenweb.de\\\/nachrichten\\\/wie-eine-reise-zur-mexico-design-week-uns-einen-voelligen-kreativen-neustart-bescherte\\\/#primaryimage\"},\"thumbnailUrl\":\"https:\\\/\\\/www.strassenweb.de\\\/nachrichten\\\/wp-content\\\/uploads\\\/2025\\\/11\\\/Wie-eine-Reise-zur-Mexico-Design-Week-uns-einen-voelligen.jpg\",\"keywords\":[\"bescherte\",\"Design\",\"eine\",\"einen\",\"kreativen\",\"Mexico\",\"Neustart\",\"Reise\",\"uns\",\"v\u00f6lligen\",\"Week\",\"Wie\",\"zur\"],\"articleSection\":[\"Haus &amp; Garten\"],\"inLanguage\":\"de\"},{\"@type\":\"WebPage\",\"@id\":\"https:\\\/\\\/www.strassenweb.de\\\/nachrichten\\\/wie-eine-reise-zur-mexico-design-week-uns-einen-voelligen-kreativen-neustart-bescherte\\\/\",\"url\":\"https:\\\/\\\/www.strassenweb.de\\\/nachrichten\\\/wie-eine-reise-zur-mexico-design-week-uns-einen-voelligen-kreativen-neustart-bescherte\\\/\",\"name\":\"Wie eine Reise zur Mexico Design Week uns einen v\u00f6lligen kreativen Neustart bescherte - Nachrichten - Stra\u00dfenweb\",\"isPartOf\":{\"@id\":\"https:\\\/\\\/www.strassenweb.de\\\/nachrichten\\\/#website\"},\"primaryImageOfPage\":{\"@id\":\"https:\\\/\\\/www.strassenweb.de\\\/nachrichten\\\/wie-eine-reise-zur-mexico-design-week-uns-einen-voelligen-kreativen-neustart-bescherte\\\/#primaryimage\"},\"image\":{\"@id\":\"https:\\\/\\\/www.strassenweb.de\\\/nachrichten\\\/wie-eine-reise-zur-mexico-design-week-uns-einen-voelligen-kreativen-neustart-bescherte\\\/#primaryimage\"},\"thumbnailUrl\":\"https:\\\/\\\/www.strassenweb.de\\\/nachrichten\\\/wp-content\\\/uploads\\\/2025\\\/11\\\/Wie-eine-Reise-zur-Mexico-Design-Week-uns-einen-voelligen.jpg\",\"datePublished\":\"2025-11-24T09:39:36+00:00\",\"breadcrumb\":{\"@id\":\"https:\\\/\\\/www.strassenweb.de\\\/nachrichten\\\/wie-eine-reise-zur-mexico-design-week-uns-einen-voelligen-kreativen-neustart-bescherte\\\/#breadcrumb\"},\"inLanguage\":\"de\",\"potentialAction\":[{\"@type\":\"ReadAction\",\"target\":[\"https:\\\/\\\/www.strassenweb.de\\\/nachrichten\\\/wie-eine-reise-zur-mexico-design-week-uns-einen-voelligen-kreativen-neustart-bescherte\\\/\"]}]},{\"@type\":\"ImageObject\",\"inLanguage\":\"de\",\"@id\":\"https:\\\/\\\/www.strassenweb.de\\\/nachrichten\\\/wie-eine-reise-zur-mexico-design-week-uns-einen-voelligen-kreativen-neustart-bescherte\\\/#primaryimage\",\"url\":\"https:\\\/\\\/www.strassenweb.de\\\/nachrichten\\\/wp-content\\\/uploads\\\/2025\\\/11\\\/Wie-eine-Reise-zur-Mexico-Design-Week-uns-einen-voelligen.jpg\",\"contentUrl\":\"https:\\\/\\\/www.strassenweb.de\\\/nachrichten\\\/wp-content\\\/uploads\\\/2025\\\/11\\\/Wie-eine-Reise-zur-Mexico-Design-Week-uns-einen-voelligen.jpg\",\"width\":1536,\"height\":864,\"caption\":\"bookshelf with ladder and compartments of books and vessels\"},{\"@type\":\"BreadcrumbList\",\"@id\":\"https:\\\/\\\/www.strassenweb.de\\\/nachrichten\\\/wie-eine-reise-zur-mexico-design-week-uns-einen-voelligen-kreativen-neustart-bescherte\\\/#breadcrumb\",\"itemListElement\":[{\"@type\":\"ListItem\",\"position\":1,\"name\":\"Home\",\"item\":\"https:\\\/\\\/www.strassenweb.de\\\/nachrichten\\\/\"},{\"@type\":\"ListItem\",\"position\":2,\"name\":\"Wie eine Reise zur Mexico Design Week uns einen v\u00f6lligen kreativen Neustart bescherte\"}]},{\"@type\":\"WebSite\",\"@id\":\"https:\\\/\\\/www.strassenweb.de\\\/nachrichten\\\/#website\",\"url\":\"https:\\\/\\\/www.strassenweb.de\\\/nachrichten\\\/\",\"name\":\"Stra\u00dfenweb\",\"description\":\"Stra\u00dfenverzeichnis f\u00fcr Deutschland\",\"publisher\":{\"@id\":\"https:\\\/\\\/www.strassenweb.de\\\/nachrichten\\\/#organization\"},\"potentialAction\":[{\"@type\":\"SearchAction\",\"target\":{\"@type\":\"EntryPoint\",\"urlTemplate\":\"https:\\\/\\\/www.strassenweb.de\\\/nachrichten\\\/?s={search_term_string}\"},\"query-input\":{\"@type\":\"PropertyValueSpecification\",\"valueRequired\":true,\"valueName\":\"search_term_string\"}}],\"inLanguage\":\"de\"},{\"@type\":\"Organization\",\"@id\":\"https:\\\/\\\/www.strassenweb.de\\\/nachrichten\\\/#organization\",\"name\":\"Stra\u00dfenweb\",\"url\":\"https:\\\/\\\/www.strassenweb.de\\\/nachrichten\\\/\",\"logo\":{\"@type\":\"ImageObject\",\"inLanguage\":\"de\",\"@id\":\"https:\\\/\\\/www.strassenweb.de\\\/nachrichten\\\/#\\\/schema\\\/logo\\\/image\\\/\",\"url\":\"https:\\\/\\\/www.strassenweb.de\\\/nachrichten\\\/wp-content\\\/uploads\\\/2024\\\/09\\\/cropped-favicon.png\",\"contentUrl\":\"https:\\\/\\\/www.strassenweb.de\\\/nachrichten\\\/wp-content\\\/uploads\\\/2024\\\/09\\\/cropped-favicon.png\",\"width\":512,\"height\":512,\"caption\":\"Stra\u00dfenweb\"},\"image\":{\"@id\":\"https:\\\/\\\/www.strassenweb.de\\\/nachrichten\\\/#\\\/schema\\\/logo\\\/image\\\/\"},\"sameAs\":[\"https:\\\/\\\/www.facebook.com\\\/strassenweb\\\/\"]},{\"@type\":\"Person\",\"@id\":\"https:\\\/\\\/www.strassenweb.de\\\/nachrichten\\\/#\\\/schema\\\/person\\\/87c9c9067f1211da429a744dc5a5aa41\",\"name\":\"Robert Hoffmann\",\"image\":{\"@type\":\"ImageObject\",\"inLanguage\":\"de\",\"@id\":\"https:\\\/\\\/www.strassenweb.de\\\/nachrichten\\\/wp-content\\\/uploads\\\/2024\\\/09\\\/strassenweb-150x150.jpg\",\"url\":\"https:\\\/\\\/www.strassenweb.de\\\/nachrichten\\\/wp-content\\\/uploads\\\/2024\\\/09\\\/strassenweb-150x150.jpg\",\"contentUrl\":\"https:\\\/\\\/www.strassenweb.de\\\/nachrichten\\\/wp-content\\\/uploads\\\/2024\\\/09\\\/strassenweb-150x150.jpg\",\"caption\":\"Robert Hoffmann\"},\"description\":\"Ich hei\u00dfe Robert Hoffmann und ich bin ein leidenschaftlicher Verfechter von \u00d6kologie und Biodiversit\u00e4t. Seit meiner Kindheit in den W\u00e4ldern Bayerns f\u00fchle ich mich mit der Natur verbunden und bin entschlossen, sie zu sch\u00fctzen. Heute widme ich mein Leben der Sensibilisierung anderer f\u00fcr die Bedeutung des Umweltschutzes f\u00fcr zuk\u00fcnftige Generationen.\",\"sameAs\":[\"https:\\\/\\\/www.strassenweb.de\\\/\"]}]}<\/script>\n<!-- \/ Yoast SEO plugin. -->","yoast_head_json":{"title":"Wie eine Reise zur Mexico Design Week uns einen v\u00f6lligen kreativen Neustart bescherte - Nachrichten - Stra\u00dfenweb","robots":{"index":"index","follow":"follow","max-snippet":"max-snippet:-1","max-image-preview":"max-image-preview:large","max-video-preview":"max-video-preview:-1"},"canonical":"https:\/\/www.strassenweb.de\/nachrichten\/wie-eine-reise-zur-mexico-design-week-uns-einen-voelligen-kreativen-neustart-bescherte\/","og_locale":"de_DE","og_type":"article","og_title":"Wie eine Reise zur Mexico Design Week uns einen v\u00f6lligen kreativen Neustart bescherte - Nachrichten - Stra\u00dfenweb","og_description":"Jeder Designer kennt das Gef\u00fchl: eine kreative Flaute, in der die Inspiration knapp wird und selbst die sch\u00f6nsten R\u00e4ume zu verschwimmen beginnen. Manchmal gen\u00fcgt ein","og_url":"https:\/\/www.strassenweb.de\/nachrichten\/wie-eine-reise-zur-mexico-design-week-uns-einen-voelligen-kreativen-neustart-bescherte\/","og_site_name":"Stra\u00dfenweb","article_publisher":"https:\/\/www.facebook.com\/strassenweb\/","article_published_time":"2025-11-24T09:39:36+00:00","og_image":[{"width":1536,"height":864,"url":"https:\/\/www.strassenweb.de\/nachrichten\/wp-content\/uploads\/2025\/11\/Wie-eine-Reise-zur-Mexico-Design-Week-uns-einen-voelligen.jpg","type":"image\/jpeg"}],"author":"Robert Hoffmann","twitter_card":"summary_large_image","twitter_misc":{"Verfasst von":"Robert Hoffmann","Gesch\u00e4tzte Lesezeit":"5\u00a0Minuten"},"schema":{"@context":"https:\/\/schema.org","@graph":[{"@type":"Article","@id":"https:\/\/www.strassenweb.de\/nachrichten\/wie-eine-reise-zur-mexico-design-week-uns-einen-voelligen-kreativen-neustart-bescherte\/#article","isPartOf":{"@id":"https:\/\/www.strassenweb.de\/nachrichten\/wie-eine-reise-zur-mexico-design-week-uns-einen-voelligen-kreativen-neustart-bescherte\/"},"author":{"name":"Robert Hoffmann","@id":"https:\/\/www.strassenweb.de\/nachrichten\/#\/schema\/person\/87c9c9067f1211da429a744dc5a5aa41"},"headline":"Wie eine Reise zur Mexico Design Week uns einen v\u00f6lligen kreativen Neustart bescherte","datePublished":"2025-11-24T09:39:36+00:00","mainEntityOfPage":{"@id":"https:\/\/www.strassenweb.de\/nachrichten\/wie-eine-reise-zur-mexico-design-week-uns-einen-voelligen-kreativen-neustart-bescherte\/"},"wordCount":1057,"publisher":{"@id":"https:\/\/www.strassenweb.de\/nachrichten\/#organization"},"image":{"@id":"https:\/\/www.strassenweb.de\/nachrichten\/wie-eine-reise-zur-mexico-design-week-uns-einen-voelligen-kreativen-neustart-bescherte\/#primaryimage"},"thumbnailUrl":"https:\/\/www.strassenweb.de\/nachrichten\/wp-content\/uploads\/2025\/11\/Wie-eine-Reise-zur-Mexico-Design-Week-uns-einen-voelligen.jpg","keywords":["bescherte","Design","eine","einen","kreativen","Mexico","Neustart","Reise","uns","v\u00f6lligen","Week","Wie","zur"],"articleSection":["Haus &amp; Garten"],"inLanguage":"de"},{"@type":"WebPage","@id":"https:\/\/www.strassenweb.de\/nachrichten\/wie-eine-reise-zur-mexico-design-week-uns-einen-voelligen-kreativen-neustart-bescherte\/","url":"https:\/\/www.strassenweb.de\/nachrichten\/wie-eine-reise-zur-mexico-design-week-uns-einen-voelligen-kreativen-neustart-bescherte\/","name":"Wie eine Reise zur Mexico Design Week uns einen v\u00f6lligen kreativen Neustart bescherte - Nachrichten - Stra\u00dfenweb","isPartOf":{"@id":"https:\/\/www.strassenweb.de\/nachrichten\/#website"},"primaryImageOfPage":{"@id":"https:\/\/www.strassenweb.de\/nachrichten\/wie-eine-reise-zur-mexico-design-week-uns-einen-voelligen-kreativen-neustart-bescherte\/#primaryimage"},"image":{"@id":"https:\/\/www.strassenweb.de\/nachrichten\/wie-eine-reise-zur-mexico-design-week-uns-einen-voelligen-kreativen-neustart-bescherte\/#primaryimage"},"thumbnailUrl":"https:\/\/www.strassenweb.de\/nachrichten\/wp-content\/uploads\/2025\/11\/Wie-eine-Reise-zur-Mexico-Design-Week-uns-einen-voelligen.jpg","datePublished":"2025-11-24T09:39:36+00:00","breadcrumb":{"@id":"https:\/\/www.strassenweb.de\/nachrichten\/wie-eine-reise-zur-mexico-design-week-uns-einen-voelligen-kreativen-neustart-bescherte\/#breadcrumb"},"inLanguage":"de","potentialAction":[{"@type":"ReadAction","target":["https:\/\/www.strassenweb.de\/nachrichten\/wie-eine-reise-zur-mexico-design-week-uns-einen-voelligen-kreativen-neustart-bescherte\/"]}]},{"@type":"ImageObject","inLanguage":"de","@id":"https:\/\/www.strassenweb.de\/nachrichten\/wie-eine-reise-zur-mexico-design-week-uns-einen-voelligen-kreativen-neustart-bescherte\/#primaryimage","url":"https:\/\/www.strassenweb.de\/nachrichten\/wp-content\/uploads\/2025\/11\/Wie-eine-Reise-zur-Mexico-Design-Week-uns-einen-voelligen.jpg","contentUrl":"https:\/\/www.strassenweb.de\/nachrichten\/wp-content\/uploads\/2025\/11\/Wie-eine-Reise-zur-Mexico-Design-Week-uns-einen-voelligen.jpg","width":1536,"height":864,"caption":"bookshelf with ladder and compartments of books and vessels"},{"@type":"BreadcrumbList","@id":"https:\/\/www.strassenweb.de\/nachrichten\/wie-eine-reise-zur-mexico-design-week-uns-einen-voelligen-kreativen-neustart-bescherte\/#breadcrumb","itemListElement":[{"@type":"ListItem","position":1,"name":"Home","item":"https:\/\/www.strassenweb.de\/nachrichten\/"},{"@type":"ListItem","position":2,"name":"Wie eine Reise zur Mexico Design Week uns einen v\u00f6lligen kreativen Neustart bescherte"}]},{"@type":"WebSite","@id":"https:\/\/www.strassenweb.de\/nachrichten\/#website","url":"https:\/\/www.strassenweb.de\/nachrichten\/","name":"Stra\u00dfenweb","description":"Stra\u00dfenverzeichnis f\u00fcr Deutschland","publisher":{"@id":"https:\/\/www.strassenweb.de\/nachrichten\/#organization"},"potentialAction":[{"@type":"SearchAction","target":{"@type":"EntryPoint","urlTemplate":"https:\/\/www.strassenweb.de\/nachrichten\/?s={search_term_string}"},"query-input":{"@type":"PropertyValueSpecification","valueRequired":true,"valueName":"search_term_string"}}],"inLanguage":"de"},{"@type":"Organization","@id":"https:\/\/www.strassenweb.de\/nachrichten\/#organization","name":"Stra\u00dfenweb","url":"https:\/\/www.strassenweb.de\/nachrichten\/","logo":{"@type":"ImageObject","inLanguage":"de","@id":"https:\/\/www.strassenweb.de\/nachrichten\/#\/schema\/logo\/image\/","url":"https:\/\/www.strassenweb.de\/nachrichten\/wp-content\/uploads\/2024\/09\/cropped-favicon.png","contentUrl":"https:\/\/www.strassenweb.de\/nachrichten\/wp-content\/uploads\/2024\/09\/cropped-favicon.png","width":512,"height":512,"caption":"Stra\u00dfenweb"},"image":{"@id":"https:\/\/www.strassenweb.de\/nachrichten\/#\/schema\/logo\/image\/"},"sameAs":["https:\/\/www.facebook.com\/strassenweb\/"]},{"@type":"Person","@id":"https:\/\/www.strassenweb.de\/nachrichten\/#\/schema\/person\/87c9c9067f1211da429a744dc5a5aa41","name":"Robert Hoffmann","image":{"@type":"ImageObject","inLanguage":"de","@id":"https:\/\/www.strassenweb.de\/nachrichten\/wp-content\/uploads\/2024\/09\/strassenweb-150x150.jpg","url":"https:\/\/www.strassenweb.de\/nachrichten\/wp-content\/uploads\/2024\/09\/strassenweb-150x150.jpg","contentUrl":"https:\/\/www.strassenweb.de\/nachrichten\/wp-content\/uploads\/2024\/09\/strassenweb-150x150.jpg","caption":"Robert Hoffmann"},"description":"Ich hei\u00dfe Robert Hoffmann und ich bin ein leidenschaftlicher Verfechter von \u00d6kologie und Biodiversit\u00e4t. Seit meiner Kindheit in den W\u00e4ldern Bayerns f\u00fchle ich mich mit der Natur verbunden und bin entschlossen, sie zu sch\u00fctzen. Heute widme ich mein Leben der Sensibilisierung anderer f\u00fcr die Bedeutung des Umweltschutzes f\u00fcr zuk\u00fcnftige Generationen.","sameAs":["https:\/\/www.strassenweb.de\/"]}]}},"_links":{"self":[{"href":"https:\/\/www.strassenweb.de\/nachrichten\/wp-json\/wp\/v2\/posts\/9397","targetHints":{"allow":["GET"]}}],"collection":[{"href":"https:\/\/www.strassenweb.de\/nachrichten\/wp-json\/wp\/v2\/posts"}],"about":[{"href":"https:\/\/www.strassenweb.de\/nachrichten\/wp-json\/wp\/v2\/types\/post"}],"author":[{"embeddable":true,"href":"https:\/\/www.strassenweb.de\/nachrichten\/wp-json\/wp\/v2\/users\/1"}],"replies":[{"embeddable":true,"href":"https:\/\/www.strassenweb.de\/nachrichten\/wp-json\/wp\/v2\/comments?post=9397"}],"version-history":[{"count":0,"href":"https:\/\/www.strassenweb.de\/nachrichten\/wp-json\/wp\/v2\/posts\/9397\/revisions"}],"wp:featuredmedia":[{"embeddable":true,"href":"https:\/\/www.strassenweb.de\/nachrichten\/wp-json\/wp\/v2\/media\/9398"}],"wp:attachment":[{"href":"https:\/\/www.strassenweb.de\/nachrichten\/wp-json\/wp\/v2\/media?parent=9397"}],"wp:term":[{"taxonomy":"category","embeddable":true,"href":"https:\/\/www.strassenweb.de\/nachrichten\/wp-json\/wp\/v2\/categories?post=9397"},{"taxonomy":"post_tag","embeddable":true,"href":"https:\/\/www.strassenweb.de\/nachrichten\/wp-json\/wp\/v2\/tags?post=9397"}],"curies":[{"name":"wp","href":"https:\/\/api.w.org\/{rel}","templated":true}]}}