{"id":9388,"date":"2025-11-24T01:40:21","date_gmt":"2025-11-24T00:40:21","guid":{"rendered":"https:\/\/www.strassenweb.de\/nachrichten\/ueber-zwei-jahre-spaeter-ist-reese-witherspoons-graugruener-schrank-immer-noch-die-edelste-variante-der-traditionellen-grauen-kueche-die-ich-je-gesehen-habe-sie-ist-so-raffiniert\/"},"modified":"2025-11-24T01:40:23","modified_gmt":"2025-11-24T00:40:23","slug":"ueber-zwei-jahre-spaeter-ist-reese-witherspoons-graugruener-schrank-immer-noch-die-edelste-variante-der-traditionellen-grauen-kueche-die-ich-je-gesehen-habe-sie-ist-so-raffiniert","status":"publish","type":"post","link":"https:\/\/www.strassenweb.de\/nachrichten\/ueber-zwei-jahre-spaeter-ist-reese-witherspoons-graugruener-schrank-immer-noch-die-edelste-variante-der-traditionellen-grauen-kueche-die-ich-je-gesehen-habe-sie-ist-so-raffiniert\/","title":{"rendered":"\u00dcber zwei Jahre sp\u00e4ter ist Reese Witherspoons graugr\u00fcner Schrank immer noch die edelste Variante der traditionellen grauen K\u00fcche, die ich je gesehen habe \u2013 sie ist so raffiniert"},"content":{"rendered":"<p><\/p>\n<div id=\"article-body\" class=\"article__body \">\n<p id=\"e0be10ac-cc50-4965-9a2f-6d83e182869b\">Die Beliebtheit herk\u00f6mmlicher grauer K\u00fcchen schwankt, wie uns viele Designer vielleicht warnen, aber was passiert, wenn der einst allgegenw\u00e4rtige Farbton eine neue Wendung bekommt?<\/p>\n<div id=\"ad-unit-1\" class=\"ad-unit\"><\/div>\n<p>Hier kommt Graugr\u00fcn ins Spiel \u2013 die w\u00e4rmere, erdigere Alternative zum Klassiker. Dieser aufkommende Farbton wird bereits von Prominenten wie Reese Witherspoon bevorzugt.<\/p>\n<aside data-block-type=\"embed\" data-render-type=\"fte\" data-skip=\"dealsy\" data-widget-type=\"seasonal\" class=\"hawk-root\"><\/aside>\n<p id=\"e0be10ac-cc50-4965-9a2f-6d83e182869b-2\" class=\"paywall\" aria-hidden=\"true\">Die Schauspielerin hat k\u00fcrzlich einen Blick in ihre K\u00fcche geworfen, die in diesem kr\u00e4ftigen Graugr\u00fcnton getaucht ist. Die K\u00fcchenschr\u00e4nke und -m\u00f6bel von Reese behalten die stimmungsvolle und doch raffinierte Ausstrahlung, die wir alle an Grau lieben, aber dieser vom Herbst inspirierte Farbton bietet eine etwas mutigere Interpretation des k\u00fchlen Neutraltons. Zu Beginn der Wintersaison teilen Designer schnell ihre Begeisterung f\u00fcr diese Farbe.<\/p>\n<div class=\"van_vid_carousel\">\n<div class=\"van_vid_carousel__padding\">\n<div class=\"van_vid_carousel__container\"><\/div>\n<\/div>\n<\/div>\n<div class=\"instagram-embed\" id=\"CuMqCFUOzRp\">\n<blockquote class=\"instagram-media\" data-instgrm-captioned data-instgrm-version=\"6\" style=\"width:99.375%; width:-webkit-calc(100% - 2px); width:calc(100% - 2px);\">\n<p>Ein von Reese Witherspoon (@reesewitherspoon) geteilter Beitrag<\/p>\n<p>Ein Foto gepostet von am <\/p>\n<\/blockquote>\n<\/div>\n<h3 class=\"article-body__section\" id=\"section-shop-the-gray-green-edit\"><span>Kaufen Sie die Gray-Green Edit<\/span><\/h3>\n<div class=\"product-container hero-product-container product-block-no-wrap\">\n<div class=\"product-block-row\"><\/div>\n<div class=\"product-block-row\"><\/div>\n<div class=\"product-block-row\"><\/div>\n<div class=\"product-block-row\"><\/div>\n<div class=\"product-block-row\"><\/div>\n<div class=\"product-block-row\"><\/div>\n<\/div>\n<p id=\"ef44e364-6127-4d58-9147-9455eca71a2a\">Aber was macht es so begehrt? \u201eGraugr\u00fcn strahlt eine beruhigende Aura aus.\u201c \u201eDie Farbe tr\u00e4gt dazu bei, eine ruhige und gelassene Umgebung in Ihrem Zuhause zu schaffen\u201c, sagt der in New York ans\u00e4ssige Designer Artem Kropovinsky.<\/p>\n<div id=\"ad-unit-2\" class=\"ad-unit\"><\/div>\n<p>Wie bei allen \u201eFarbtrends\u201c kann man Graugr\u00fcn mit Vorsicht angehen \u2013 doch wie der Designer erkl\u00e4rt, ist dieser Farbton mehr als eine fl\u00fcchtige Modeerscheinung. Erstens, weil seine therapeutische Aura wahrscheinlich nicht aus der Mode kommt \u2013 und zweitens, weil es so einfach ist, es richtig zu machen.<\/p>\n<p>Artem ist mit seinen Beobachtungen nicht allein. \u201eGraugr\u00fcn passt wunderbar zu Hause, weil es neutrale, beruhigende Erdt\u00f6ne kombiniert\u201c, f\u00fcgt Teri Simone, K\u00fcchenexpertin und Designleiterin von Nieu Cabinet, hinzu.<\/p>\n<p>\u201eGr\u00fcnt\u00f6ne mit einem Hauch eines grauen Untertons sorgen f\u00fcr eine ausgewogene Farbpalette, und beide bieten erdende Elemente, die mit Akzenten anderer heller T\u00f6ne betont werden k\u00f6nnen, um den Raum aufzuw\u00e4rmen\u201c, f\u00fcgt er hinzu.<\/p>\n<div id=\"slice-container-newsletterForm-articleInbodyContent-UTnKfhvNSJ748fhtaCpWWn\" class=\"slice-container newsletter-inbodyContent-slice newsletterForm-articleInbodyContent-UTnKfhvNSJ748fhtaCpWWn slice-container-newsletterForm\"><\/div>\n<p>Um diesen Ton in einer K\u00fcche zu erg\u00e4nzen, empfehlen wir die Einf\u00fchrung von Ger\u00e4ten in kr\u00e4ftigen Farbt\u00f6nen oder einer Sammlung bunter Kochb\u00fccher, um dem Raum zus\u00e4tzliche W\u00e4rme zu verleihen. \u201eAlternativ sorgen weiche Leinenvorh\u00e4nge (wie diese von Wayfair) f\u00fcr einen dezenten Kontrast.\u201c<\/p>\n<p>Wie Teri erkl\u00e4rt, ist die Wahl von Ger\u00e4ten in kr\u00e4ftigen Farben eine M\u00f6glichkeit, diesen Farbton hervorzuheben. Allerdings gibt es in dieser Saison noch mehr M\u00f6glichkeiten, diese Farbe zu Ihrem Geschmack zu machen. Artem empfiehlt die Einf\u00fchrung von von der Natur inspirierten Elementen, die gut mit dem Erdungston harmonieren.<\/p>\n<p>\u201eDazu k\u00f6nnen Gegenst\u00e4nde wie Blumenarrangements, botanische Arrangements oder Textilien mit einem Muster geh\u00f6ren, das aus der Natur stammt\u201c, sagt er.<\/p>\n<p>\u201eDenken Sie auch daran, sich auf die K\u00fcchenbeleuchtung zu konzentrieren. Die richtige Beleuchtung ist f\u00fcr jeden Raum von entscheidender Bedeutung, besonders wichtig ist sie jedoch in einer graugr\u00fcnen Umgebung, in der Sie die einladenden und warmen Farbt\u00f6ne hervorheben k\u00f6nnen, die f\u00fcr die Schaffung eines geselligen Raums in dieser Weihnachtszeit, der sowohl sch\u00f6n als auch funktional ist, unerl\u00e4sslich sind.<\/p>\n<hr id=\"7e625a86-508f-4864-a644-27696e3a9f8d\">\n<div class=\"min-h-(270px) mb-4 viafoura-twig-component\" id=\"viafoura-engagement-starter-wrapper\" data-component-name=\"Elk:Embed:EngagementStarter\">\n<div class=\"viafoura\">\n<div>\n<vf-conversation-starter target=\"viafoura-comments\" title=\"What do you think of gray\/green kitchen cabinets?\" minimum-comment-count=\"1\"><br \/>\n<\/vf-conversation-starter>\n<\/div>\n<\/div>\n<\/div>\n<hr id=\"e1a3408e-c3f4-4613-b927-0dfe3f50f59a\">\n<div class=\"block\" id=\"articleTag\" data-component-name=\"PostArticleLinks\" data-mrf-recirculation=\"post-article-links\">\n<div class=\"border-b border-b-black border-solid py-2.5 text-black font-bold uppercase\">THEMEN<\/div>\n<nav class=\"py-2.5 flex gap-2.5 flex-wrap\" data-analytics-id=\"article-tag\" data-mrf-recirculation=\"article-tag\">\n<p>Reese Witherspoon<\/p>\n<\/nav>\n<\/div>\n<\/div>\n<p><script async src=\"\/\/www.instagram.com\/embed.js\"><\/script><\/p>\n","protected":false},"excerpt":{"rendered":"<p>Die Beliebtheit herk\u00f6mmlicher grauer K\u00fcchen schwankt, wie uns viele Designer vielleicht warnen, aber was passiert, wenn der einst allgegenw\u00e4rtige Farbton eine neue Wendung bekommt? Hier<\/p>\n","protected":false},"author":1,"featured_media":9389,"comment_status":"closed","ping_status":"","sticky":false,"template":"","format":"standard","meta":{"footnotes":""},"categories":[118],"tags":[81,9,11695,1905,4250,10716,823,129,175,15,831,468,2659,3992,3269,2746,165,1163,1898,260,1238,5076,559],"class_list":["post-9388","post","type-post","status-publish","format-standard","has-post-thumbnail","hentry","category-haus-garten","tag-der","tag-die","tag-edelste","tag-gesehen","tag-grauen","tag-graugruener","tag-habe","tag-ich","tag-immer","tag-ist","tag-jahre","tag-kueche","tag-noch","tag-raffiniert","tag-reese","tag-schrank","tag-sie","tag-spaeter","tag-traditionellen","tag-ueber","tag-variante","tag-witherspoons","tag-zwei","generate-columns","tablet-grid-50","mobile-grid-100","grid-parent","grid-50"],"yoast_head":"<!-- This site is optimized with the Yoast SEO plugin v27.3 - https:\/\/yoast.com\/product\/yoast-seo-wordpress\/ -->\n<title>\u00dcber zwei Jahre sp\u00e4ter ist Reese Witherspoons graugr\u00fcner Schrank immer noch die edelste Variante der traditionellen grauen K\u00fcche, die ich je gesehen habe \u2013 sie ist so raffiniert - Nachrichten - Stra\u00dfenweb<\/title>\n<meta name=\"robots\" content=\"index, follow, max-snippet:-1, max-image-preview:large, max-video-preview:-1\" \/>\n<link rel=\"canonical\" href=\"https:\/\/www.strassenweb.de\/nachrichten\/ueber-zwei-jahre-spaeter-ist-reese-witherspoons-graugruener-schrank-immer-noch-die-edelste-variante-der-traditionellen-grauen-kueche-die-ich-je-gesehen-habe-sie-ist-so-raffiniert\/\" \/>\n<meta property=\"og:locale\" content=\"de_DE\" \/>\n<meta property=\"og:type\" content=\"article\" \/>\n<meta property=\"og:title\" content=\"\u00dcber zwei Jahre sp\u00e4ter ist Reese Witherspoons graugr\u00fcner Schrank immer noch die edelste Variante der traditionellen grauen K\u00fcche, die ich je gesehen habe \u2013 sie ist so raffiniert - Nachrichten - Stra\u00dfenweb\" \/>\n<meta property=\"og:description\" content=\"Die Beliebtheit herk\u00f6mmlicher grauer K\u00fcchen schwankt, wie uns viele Designer vielleicht warnen, aber was passiert, wenn der einst allgegenw\u00e4rtige Farbton eine neue Wendung bekommt? Hier\" \/>\n<meta property=\"og:url\" content=\"https:\/\/www.strassenweb.de\/nachrichten\/ueber-zwei-jahre-spaeter-ist-reese-witherspoons-graugruener-schrank-immer-noch-die-edelste-variante-der-traditionellen-grauen-kueche-die-ich-je-gesehen-habe-sie-ist-so-raffiniert\/\" \/>\n<meta property=\"og:site_name\" content=\"Stra\u00dfenweb\" \/>\n<meta property=\"article:publisher\" content=\"https:\/\/www.facebook.com\/strassenweb\/\" \/>\n<meta property=\"article:published_time\" content=\"2025-11-24T00:40:21+00:00\" \/>\n<meta property=\"article:modified_time\" content=\"2025-11-24T00:40:23+00:00\" \/>\n<meta property=\"og:image\" content=\"https:\/\/www.strassenweb.de\/nachrichten\/wp-content\/uploads\/2025\/11\/Ueber-zwei-Jahre-spaeter-ist-Reese-Witherspoons-graugruener-Schrank-immer.jpg\" \/>\n\t<meta property=\"og:image:width\" content=\"2560\" \/>\n\t<meta property=\"og:image:height\" content=\"1440\" \/>\n\t<meta property=\"og:image:type\" content=\"image\/jpeg\" \/>\n<meta name=\"author\" content=\"Robert Hoffmann\" \/>\n<meta name=\"twitter:card\" content=\"summary_large_image\" \/>\n<meta name=\"twitter:label1\" content=\"Verfasst von\" \/>\n\t<meta name=\"twitter:data1\" content=\"Robert Hoffmann\" \/>\n\t<meta name=\"twitter:label2\" content=\"Gesch\u00e4tzte Lesezeit\" \/>\n\t<meta name=\"twitter:data2\" content=\"2\u00a0Minuten\" \/>\n<script type=\"application\/ld+json\" class=\"yoast-schema-graph\">{\"@context\":\"https:\\\/\\\/schema.org\",\"@graph\":[{\"@type\":\"Article\",\"@id\":\"https:\\\/\\\/www.strassenweb.de\\\/nachrichten\\\/ueber-zwei-jahre-spaeter-ist-reese-witherspoons-graugruener-schrank-immer-noch-die-edelste-variante-der-traditionellen-grauen-kueche-die-ich-je-gesehen-habe-sie-ist-so-raffiniert\\\/#article\",\"isPartOf\":{\"@id\":\"https:\\\/\\\/www.strassenweb.de\\\/nachrichten\\\/ueber-zwei-jahre-spaeter-ist-reese-witherspoons-graugruener-schrank-immer-noch-die-edelste-variante-der-traditionellen-grauen-kueche-die-ich-je-gesehen-habe-sie-ist-so-raffiniert\\\/\"},\"author\":{\"name\":\"Robert Hoffmann\",\"@id\":\"https:\\\/\\\/www.strassenweb.de\\\/nachrichten\\\/#\\\/schema\\\/person\\\/87c9c9067f1211da429a744dc5a5aa41\"},\"headline\":\"\u00dcber zwei Jahre sp\u00e4ter ist Reese Witherspoons graugr\u00fcner Schrank immer noch die edelste Variante der traditionellen grauen K\u00fcche, die ich je gesehen habe \u2013 sie ist so raffiniert\",\"datePublished\":\"2025-11-24T00:40:21+00:00\",\"dateModified\":\"2025-11-24T00:40:23+00:00\",\"mainEntityOfPage\":{\"@id\":\"https:\\\/\\\/www.strassenweb.de\\\/nachrichten\\\/ueber-zwei-jahre-spaeter-ist-reese-witherspoons-graugruener-schrank-immer-noch-die-edelste-variante-der-traditionellen-grauen-kueche-die-ich-je-gesehen-habe-sie-ist-so-raffiniert\\\/\"},\"wordCount\":526,\"publisher\":{\"@id\":\"https:\\\/\\\/www.strassenweb.de\\\/nachrichten\\\/#organization\"},\"image\":{\"@id\":\"https:\\\/\\\/www.strassenweb.de\\\/nachrichten\\\/ueber-zwei-jahre-spaeter-ist-reese-witherspoons-graugruener-schrank-immer-noch-die-edelste-variante-der-traditionellen-grauen-kueche-die-ich-je-gesehen-habe-sie-ist-so-raffiniert\\\/#primaryimage\"},\"thumbnailUrl\":\"https:\\\/\\\/www.strassenweb.de\\\/nachrichten\\\/wp-content\\\/uploads\\\/2025\\\/11\\\/Ueber-zwei-Jahre-spaeter-ist-Reese-Witherspoons-graugruener-Schrank-immer.jpg\",\"keywords\":[\"der\",\"die\",\"edelste\",\"gesehen\",\"grauen\",\"graugr\u00fcner\",\"habe\",\"ich\",\"immer\",\"ist\",\"Jahre\",\"K\u00fcche\",\"noch\",\"raffiniert\",\"Reese\",\"Schrank\",\"Sie\",\"sp\u00e4ter\",\"traditionellen\",\"\u00fcber\",\"Variante\",\"Witherspoons\",\"zwei\"],\"articleSection\":[\"Haus &amp; Garten\"],\"inLanguage\":\"de\"},{\"@type\":\"WebPage\",\"@id\":\"https:\\\/\\\/www.strassenweb.de\\\/nachrichten\\\/ueber-zwei-jahre-spaeter-ist-reese-witherspoons-graugruener-schrank-immer-noch-die-edelste-variante-der-traditionellen-grauen-kueche-die-ich-je-gesehen-habe-sie-ist-so-raffiniert\\\/\",\"url\":\"https:\\\/\\\/www.strassenweb.de\\\/nachrichten\\\/ueber-zwei-jahre-spaeter-ist-reese-witherspoons-graugruener-schrank-immer-noch-die-edelste-variante-der-traditionellen-grauen-kueche-die-ich-je-gesehen-habe-sie-ist-so-raffiniert\\\/\",\"name\":\"\u00dcber zwei Jahre sp\u00e4ter ist Reese Witherspoons graugr\u00fcner Schrank immer noch die edelste Variante der traditionellen grauen K\u00fcche, die ich je gesehen habe \u2013 sie ist so raffiniert - Nachrichten - Stra\u00dfenweb\",\"isPartOf\":{\"@id\":\"https:\\\/\\\/www.strassenweb.de\\\/nachrichten\\\/#website\"},\"primaryImageOfPage\":{\"@id\":\"https:\\\/\\\/www.strassenweb.de\\\/nachrichten\\\/ueber-zwei-jahre-spaeter-ist-reese-witherspoons-graugruener-schrank-immer-noch-die-edelste-variante-der-traditionellen-grauen-kueche-die-ich-je-gesehen-habe-sie-ist-so-raffiniert\\\/#primaryimage\"},\"image\":{\"@id\":\"https:\\\/\\\/www.strassenweb.de\\\/nachrichten\\\/ueber-zwei-jahre-spaeter-ist-reese-witherspoons-graugruener-schrank-immer-noch-die-edelste-variante-der-traditionellen-grauen-kueche-die-ich-je-gesehen-habe-sie-ist-so-raffiniert\\\/#primaryimage\"},\"thumbnailUrl\":\"https:\\\/\\\/www.strassenweb.de\\\/nachrichten\\\/wp-content\\\/uploads\\\/2025\\\/11\\\/Ueber-zwei-Jahre-spaeter-ist-Reese-Witherspoons-graugruener-Schrank-immer.jpg\",\"datePublished\":\"2025-11-24T00:40:21+00:00\",\"dateModified\":\"2025-11-24T00:40:23+00:00\",\"breadcrumb\":{\"@id\":\"https:\\\/\\\/www.strassenweb.de\\\/nachrichten\\\/ueber-zwei-jahre-spaeter-ist-reese-witherspoons-graugruener-schrank-immer-noch-die-edelste-variante-der-traditionellen-grauen-kueche-die-ich-je-gesehen-habe-sie-ist-so-raffiniert\\\/#breadcrumb\"},\"inLanguage\":\"de\",\"potentialAction\":[{\"@type\":\"ReadAction\",\"target\":[\"https:\\\/\\\/www.strassenweb.de\\\/nachrichten\\\/ueber-zwei-jahre-spaeter-ist-reese-witherspoons-graugruener-schrank-immer-noch-die-edelste-variante-der-traditionellen-grauen-kueche-die-ich-je-gesehen-habe-sie-ist-so-raffiniert\\\/\"]}]},{\"@type\":\"ImageObject\",\"inLanguage\":\"de\",\"@id\":\"https:\\\/\\\/www.strassenweb.de\\\/nachrichten\\\/ueber-zwei-jahre-spaeter-ist-reese-witherspoons-graugruener-schrank-immer-noch-die-edelste-variante-der-traditionellen-grauen-kueche-die-ich-je-gesehen-habe-sie-ist-so-raffiniert\\\/#primaryimage\",\"url\":\"https:\\\/\\\/www.strassenweb.de\\\/nachrichten\\\/wp-content\\\/uploads\\\/2025\\\/11\\\/Ueber-zwei-Jahre-spaeter-ist-Reese-Witherspoons-graugruener-Schrank-immer.jpg\",\"contentUrl\":\"https:\\\/\\\/www.strassenweb.de\\\/nachrichten\\\/wp-content\\\/uploads\\\/2025\\\/11\\\/Ueber-zwei-Jahre-spaeter-ist-Reese-Witherspoons-graugruener-Schrank-immer.jpg\",\"width\":2560,\"height\":1440,\"caption\":\"\u00dcber zwei Jahre sp\u00e4ter ist Reese Witherspoons graugr\u00fcner Schrank immer noch die edelste Variante der traditionellen grauen K\u00fcche, die ich je gesehen habe \u2013 sie ist so raffiniert\"},{\"@type\":\"BreadcrumbList\",\"@id\":\"https:\\\/\\\/www.strassenweb.de\\\/nachrichten\\\/ueber-zwei-jahre-spaeter-ist-reese-witherspoons-graugruener-schrank-immer-noch-die-edelste-variante-der-traditionellen-grauen-kueche-die-ich-je-gesehen-habe-sie-ist-so-raffiniert\\\/#breadcrumb\",\"itemListElement\":[{\"@type\":\"ListItem\",\"position\":1,\"name\":\"Home\",\"item\":\"https:\\\/\\\/www.strassenweb.de\\\/nachrichten\\\/\"},{\"@type\":\"ListItem\",\"position\":2,\"name\":\"\u00dcber zwei Jahre sp\u00e4ter ist Reese Witherspoons graugr\u00fcner Schrank immer noch die edelste Variante der traditionellen grauen K\u00fcche, die ich je gesehen habe \u2013 sie ist so raffiniert\"}]},{\"@type\":\"WebSite\",\"@id\":\"https:\\\/\\\/www.strassenweb.de\\\/nachrichten\\\/#website\",\"url\":\"https:\\\/\\\/www.strassenweb.de\\\/nachrichten\\\/\",\"name\":\"Stra\u00dfenweb\",\"description\":\"Stra\u00dfenverzeichnis f\u00fcr Deutschland\",\"publisher\":{\"@id\":\"https:\\\/\\\/www.strassenweb.de\\\/nachrichten\\\/#organization\"},\"potentialAction\":[{\"@type\":\"SearchAction\",\"target\":{\"@type\":\"EntryPoint\",\"urlTemplate\":\"https:\\\/\\\/www.strassenweb.de\\\/nachrichten\\\/?s={search_term_string}\"},\"query-input\":{\"@type\":\"PropertyValueSpecification\",\"valueRequired\":true,\"valueName\":\"search_term_string\"}}],\"inLanguage\":\"de\"},{\"@type\":\"Organization\",\"@id\":\"https:\\\/\\\/www.strassenweb.de\\\/nachrichten\\\/#organization\",\"name\":\"Stra\u00dfenweb\",\"url\":\"https:\\\/\\\/www.strassenweb.de\\\/nachrichten\\\/\",\"logo\":{\"@type\":\"ImageObject\",\"inLanguage\":\"de\",\"@id\":\"https:\\\/\\\/www.strassenweb.de\\\/nachrichten\\\/#\\\/schema\\\/logo\\\/image\\\/\",\"url\":\"https:\\\/\\\/www.strassenweb.de\\\/nachrichten\\\/wp-content\\\/uploads\\\/2024\\\/09\\\/cropped-favicon.png\",\"contentUrl\":\"https:\\\/\\\/www.strassenweb.de\\\/nachrichten\\\/wp-content\\\/uploads\\\/2024\\\/09\\\/cropped-favicon.png\",\"width\":512,\"height\":512,\"caption\":\"Stra\u00dfenweb\"},\"image\":{\"@id\":\"https:\\\/\\\/www.strassenweb.de\\\/nachrichten\\\/#\\\/schema\\\/logo\\\/image\\\/\"},\"sameAs\":[\"https:\\\/\\\/www.facebook.com\\\/strassenweb\\\/\"]},{\"@type\":\"Person\",\"@id\":\"https:\\\/\\\/www.strassenweb.de\\\/nachrichten\\\/#\\\/schema\\\/person\\\/87c9c9067f1211da429a744dc5a5aa41\",\"name\":\"Robert Hoffmann\",\"image\":{\"@type\":\"ImageObject\",\"inLanguage\":\"de\",\"@id\":\"https:\\\/\\\/www.strassenweb.de\\\/nachrichten\\\/wp-content\\\/uploads\\\/2024\\\/09\\\/strassenweb-150x150.jpg\",\"url\":\"https:\\\/\\\/www.strassenweb.de\\\/nachrichten\\\/wp-content\\\/uploads\\\/2024\\\/09\\\/strassenweb-150x150.jpg\",\"contentUrl\":\"https:\\\/\\\/www.strassenweb.de\\\/nachrichten\\\/wp-content\\\/uploads\\\/2024\\\/09\\\/strassenweb-150x150.jpg\",\"caption\":\"Robert Hoffmann\"},\"description\":\"Ich hei\u00dfe Robert Hoffmann und ich bin ein leidenschaftlicher Verfechter von \u00d6kologie und Biodiversit\u00e4t. Seit meiner Kindheit in den W\u00e4ldern Bayerns f\u00fchle ich mich mit der Natur verbunden und bin entschlossen, sie zu sch\u00fctzen. Heute widme ich mein Leben der Sensibilisierung anderer f\u00fcr die Bedeutung des Umweltschutzes f\u00fcr zuk\u00fcnftige Generationen.\",\"sameAs\":[\"https:\\\/\\\/www.strassenweb.de\\\/\"]}]}<\/script>\n<!-- \/ Yoast SEO plugin. -->","yoast_head_json":{"title":"\u00dcber zwei Jahre sp\u00e4ter ist Reese Witherspoons graugr\u00fcner Schrank immer noch die edelste Variante der traditionellen grauen K\u00fcche, die ich je gesehen habe \u2013 sie ist so raffiniert - Nachrichten - Stra\u00dfenweb","robots":{"index":"index","follow":"follow","max-snippet":"max-snippet:-1","max-image-preview":"max-image-preview:large","max-video-preview":"max-video-preview:-1"},"canonical":"https:\/\/www.strassenweb.de\/nachrichten\/ueber-zwei-jahre-spaeter-ist-reese-witherspoons-graugruener-schrank-immer-noch-die-edelste-variante-der-traditionellen-grauen-kueche-die-ich-je-gesehen-habe-sie-ist-so-raffiniert\/","og_locale":"de_DE","og_type":"article","og_title":"\u00dcber zwei Jahre sp\u00e4ter ist Reese Witherspoons graugr\u00fcner Schrank immer noch die edelste Variante der traditionellen grauen K\u00fcche, die ich je gesehen habe \u2013 sie ist so raffiniert - Nachrichten - Stra\u00dfenweb","og_description":"Die Beliebtheit herk\u00f6mmlicher grauer K\u00fcchen schwankt, wie uns viele Designer vielleicht warnen, aber was passiert, wenn der einst allgegenw\u00e4rtige Farbton eine neue Wendung bekommt? Hier","og_url":"https:\/\/www.strassenweb.de\/nachrichten\/ueber-zwei-jahre-spaeter-ist-reese-witherspoons-graugruener-schrank-immer-noch-die-edelste-variante-der-traditionellen-grauen-kueche-die-ich-je-gesehen-habe-sie-ist-so-raffiniert\/","og_site_name":"Stra\u00dfenweb","article_publisher":"https:\/\/www.facebook.com\/strassenweb\/","article_published_time":"2025-11-24T00:40:21+00:00","article_modified_time":"2025-11-24T00:40:23+00:00","og_image":[{"width":2560,"height":1440,"url":"https:\/\/www.strassenweb.de\/nachrichten\/wp-content\/uploads\/2025\/11\/Ueber-zwei-Jahre-spaeter-ist-Reese-Witherspoons-graugruener-Schrank-immer.jpg","type":"image\/jpeg"}],"author":"Robert Hoffmann","twitter_card":"summary_large_image","twitter_misc":{"Verfasst von":"Robert Hoffmann","Gesch\u00e4tzte Lesezeit":"2\u00a0Minuten"},"schema":{"@context":"https:\/\/schema.org","@graph":[{"@type":"Article","@id":"https:\/\/www.strassenweb.de\/nachrichten\/ueber-zwei-jahre-spaeter-ist-reese-witherspoons-graugruener-schrank-immer-noch-die-edelste-variante-der-traditionellen-grauen-kueche-die-ich-je-gesehen-habe-sie-ist-so-raffiniert\/#article","isPartOf":{"@id":"https:\/\/www.strassenweb.de\/nachrichten\/ueber-zwei-jahre-spaeter-ist-reese-witherspoons-graugruener-schrank-immer-noch-die-edelste-variante-der-traditionellen-grauen-kueche-die-ich-je-gesehen-habe-sie-ist-so-raffiniert\/"},"author":{"name":"Robert Hoffmann","@id":"https:\/\/www.strassenweb.de\/nachrichten\/#\/schema\/person\/87c9c9067f1211da429a744dc5a5aa41"},"headline":"\u00dcber zwei Jahre sp\u00e4ter ist Reese Witherspoons graugr\u00fcner Schrank immer noch die edelste Variante der traditionellen grauen K\u00fcche, die ich je gesehen habe \u2013 sie ist so raffiniert","datePublished":"2025-11-24T00:40:21+00:00","dateModified":"2025-11-24T00:40:23+00:00","mainEntityOfPage":{"@id":"https:\/\/www.strassenweb.de\/nachrichten\/ueber-zwei-jahre-spaeter-ist-reese-witherspoons-graugruener-schrank-immer-noch-die-edelste-variante-der-traditionellen-grauen-kueche-die-ich-je-gesehen-habe-sie-ist-so-raffiniert\/"},"wordCount":526,"publisher":{"@id":"https:\/\/www.strassenweb.de\/nachrichten\/#organization"},"image":{"@id":"https:\/\/www.strassenweb.de\/nachrichten\/ueber-zwei-jahre-spaeter-ist-reese-witherspoons-graugruener-schrank-immer-noch-die-edelste-variante-der-traditionellen-grauen-kueche-die-ich-je-gesehen-habe-sie-ist-so-raffiniert\/#primaryimage"},"thumbnailUrl":"https:\/\/www.strassenweb.de\/nachrichten\/wp-content\/uploads\/2025\/11\/Ueber-zwei-Jahre-spaeter-ist-Reese-Witherspoons-graugruener-Schrank-immer.jpg","keywords":["der","die","edelste","gesehen","grauen","graugr\u00fcner","habe","ich","immer","ist","Jahre","K\u00fcche","noch","raffiniert","Reese","Schrank","Sie","sp\u00e4ter","traditionellen","\u00fcber","Variante","Witherspoons","zwei"],"articleSection":["Haus &amp; Garten"],"inLanguage":"de"},{"@type":"WebPage","@id":"https:\/\/www.strassenweb.de\/nachrichten\/ueber-zwei-jahre-spaeter-ist-reese-witherspoons-graugruener-schrank-immer-noch-die-edelste-variante-der-traditionellen-grauen-kueche-die-ich-je-gesehen-habe-sie-ist-so-raffiniert\/","url":"https:\/\/www.strassenweb.de\/nachrichten\/ueber-zwei-jahre-spaeter-ist-reese-witherspoons-graugruener-schrank-immer-noch-die-edelste-variante-der-traditionellen-grauen-kueche-die-ich-je-gesehen-habe-sie-ist-so-raffiniert\/","name":"\u00dcber zwei Jahre sp\u00e4ter ist Reese Witherspoons graugr\u00fcner Schrank immer noch die edelste Variante der traditionellen grauen K\u00fcche, die ich je gesehen habe \u2013 sie ist so raffiniert - Nachrichten - Stra\u00dfenweb","isPartOf":{"@id":"https:\/\/www.strassenweb.de\/nachrichten\/#website"},"primaryImageOfPage":{"@id":"https:\/\/www.strassenweb.de\/nachrichten\/ueber-zwei-jahre-spaeter-ist-reese-witherspoons-graugruener-schrank-immer-noch-die-edelste-variante-der-traditionellen-grauen-kueche-die-ich-je-gesehen-habe-sie-ist-so-raffiniert\/#primaryimage"},"image":{"@id":"https:\/\/www.strassenweb.de\/nachrichten\/ueber-zwei-jahre-spaeter-ist-reese-witherspoons-graugruener-schrank-immer-noch-die-edelste-variante-der-traditionellen-grauen-kueche-die-ich-je-gesehen-habe-sie-ist-so-raffiniert\/#primaryimage"},"thumbnailUrl":"https:\/\/www.strassenweb.de\/nachrichten\/wp-content\/uploads\/2025\/11\/Ueber-zwei-Jahre-spaeter-ist-Reese-Witherspoons-graugruener-Schrank-immer.jpg","datePublished":"2025-11-24T00:40:21+00:00","dateModified":"2025-11-24T00:40:23+00:00","breadcrumb":{"@id":"https:\/\/www.strassenweb.de\/nachrichten\/ueber-zwei-jahre-spaeter-ist-reese-witherspoons-graugruener-schrank-immer-noch-die-edelste-variante-der-traditionellen-grauen-kueche-die-ich-je-gesehen-habe-sie-ist-so-raffiniert\/#breadcrumb"},"inLanguage":"de","potentialAction":[{"@type":"ReadAction","target":["https:\/\/www.strassenweb.de\/nachrichten\/ueber-zwei-jahre-spaeter-ist-reese-witherspoons-graugruener-schrank-immer-noch-die-edelste-variante-der-traditionellen-grauen-kueche-die-ich-je-gesehen-habe-sie-ist-so-raffiniert\/"]}]},{"@type":"ImageObject","inLanguage":"de","@id":"https:\/\/www.strassenweb.de\/nachrichten\/ueber-zwei-jahre-spaeter-ist-reese-witherspoons-graugruener-schrank-immer-noch-die-edelste-variante-der-traditionellen-grauen-kueche-die-ich-je-gesehen-habe-sie-ist-so-raffiniert\/#primaryimage","url":"https:\/\/www.strassenweb.de\/nachrichten\/wp-content\/uploads\/2025\/11\/Ueber-zwei-Jahre-spaeter-ist-Reese-Witherspoons-graugruener-Schrank-immer.jpg","contentUrl":"https:\/\/www.strassenweb.de\/nachrichten\/wp-content\/uploads\/2025\/11\/Ueber-zwei-Jahre-spaeter-ist-Reese-Witherspoons-graugruener-Schrank-immer.jpg","width":2560,"height":1440,"caption":"\u00dcber zwei Jahre sp\u00e4ter ist Reese Witherspoons graugr\u00fcner Schrank immer noch die edelste Variante der traditionellen grauen K\u00fcche, die ich je gesehen habe \u2013 sie ist so raffiniert"},{"@type":"BreadcrumbList","@id":"https:\/\/www.strassenweb.de\/nachrichten\/ueber-zwei-jahre-spaeter-ist-reese-witherspoons-graugruener-schrank-immer-noch-die-edelste-variante-der-traditionellen-grauen-kueche-die-ich-je-gesehen-habe-sie-ist-so-raffiniert\/#breadcrumb","itemListElement":[{"@type":"ListItem","position":1,"name":"Home","item":"https:\/\/www.strassenweb.de\/nachrichten\/"},{"@type":"ListItem","position":2,"name":"\u00dcber zwei Jahre sp\u00e4ter ist Reese Witherspoons graugr\u00fcner Schrank immer noch die edelste Variante der traditionellen grauen K\u00fcche, die ich je gesehen habe \u2013 sie ist so raffiniert"}]},{"@type":"WebSite","@id":"https:\/\/www.strassenweb.de\/nachrichten\/#website","url":"https:\/\/www.strassenweb.de\/nachrichten\/","name":"Stra\u00dfenweb","description":"Stra\u00dfenverzeichnis f\u00fcr Deutschland","publisher":{"@id":"https:\/\/www.strassenweb.de\/nachrichten\/#organization"},"potentialAction":[{"@type":"SearchAction","target":{"@type":"EntryPoint","urlTemplate":"https:\/\/www.strassenweb.de\/nachrichten\/?s={search_term_string}"},"query-input":{"@type":"PropertyValueSpecification","valueRequired":true,"valueName":"search_term_string"}}],"inLanguage":"de"},{"@type":"Organization","@id":"https:\/\/www.strassenweb.de\/nachrichten\/#organization","name":"Stra\u00dfenweb","url":"https:\/\/www.strassenweb.de\/nachrichten\/","logo":{"@type":"ImageObject","inLanguage":"de","@id":"https:\/\/www.strassenweb.de\/nachrichten\/#\/schema\/logo\/image\/","url":"https:\/\/www.strassenweb.de\/nachrichten\/wp-content\/uploads\/2024\/09\/cropped-favicon.png","contentUrl":"https:\/\/www.strassenweb.de\/nachrichten\/wp-content\/uploads\/2024\/09\/cropped-favicon.png","width":512,"height":512,"caption":"Stra\u00dfenweb"},"image":{"@id":"https:\/\/www.strassenweb.de\/nachrichten\/#\/schema\/logo\/image\/"},"sameAs":["https:\/\/www.facebook.com\/strassenweb\/"]},{"@type":"Person","@id":"https:\/\/www.strassenweb.de\/nachrichten\/#\/schema\/person\/87c9c9067f1211da429a744dc5a5aa41","name":"Robert Hoffmann","image":{"@type":"ImageObject","inLanguage":"de","@id":"https:\/\/www.strassenweb.de\/nachrichten\/wp-content\/uploads\/2024\/09\/strassenweb-150x150.jpg","url":"https:\/\/www.strassenweb.de\/nachrichten\/wp-content\/uploads\/2024\/09\/strassenweb-150x150.jpg","contentUrl":"https:\/\/www.strassenweb.de\/nachrichten\/wp-content\/uploads\/2024\/09\/strassenweb-150x150.jpg","caption":"Robert Hoffmann"},"description":"Ich hei\u00dfe Robert Hoffmann und ich bin ein leidenschaftlicher Verfechter von \u00d6kologie und Biodiversit\u00e4t. Seit meiner Kindheit in den W\u00e4ldern Bayerns f\u00fchle ich mich mit der Natur verbunden und bin entschlossen, sie zu sch\u00fctzen. Heute widme ich mein Leben der Sensibilisierung anderer f\u00fcr die Bedeutung des Umweltschutzes f\u00fcr zuk\u00fcnftige Generationen.","sameAs":["https:\/\/www.strassenweb.de\/"]}]}},"_links":{"self":[{"href":"https:\/\/www.strassenweb.de\/nachrichten\/wp-json\/wp\/v2\/posts\/9388","targetHints":{"allow":["GET"]}}],"collection":[{"href":"https:\/\/www.strassenweb.de\/nachrichten\/wp-json\/wp\/v2\/posts"}],"about":[{"href":"https:\/\/www.strassenweb.de\/nachrichten\/wp-json\/wp\/v2\/types\/post"}],"author":[{"embeddable":true,"href":"https:\/\/www.strassenweb.de\/nachrichten\/wp-json\/wp\/v2\/users\/1"}],"replies":[{"embeddable":true,"href":"https:\/\/www.strassenweb.de\/nachrichten\/wp-json\/wp\/v2\/comments?post=9388"}],"version-history":[{"count":0,"href":"https:\/\/www.strassenweb.de\/nachrichten\/wp-json\/wp\/v2\/posts\/9388\/revisions"}],"wp:featuredmedia":[{"embeddable":true,"href":"https:\/\/www.strassenweb.de\/nachrichten\/wp-json\/wp\/v2\/media\/9389"}],"wp:attachment":[{"href":"https:\/\/www.strassenweb.de\/nachrichten\/wp-json\/wp\/v2\/media?parent=9388"}],"wp:term":[{"taxonomy":"category","embeddable":true,"href":"https:\/\/www.strassenweb.de\/nachrichten\/wp-json\/wp\/v2\/categories?post=9388"},{"taxonomy":"post_tag","embeddable":true,"href":"https:\/\/www.strassenweb.de\/nachrichten\/wp-json\/wp\/v2\/tags?post=9388"}],"curies":[{"name":"wp","href":"https:\/\/api.w.org\/{rel}","templated":true}]}}