{"id":9343,"date":"2025-11-22T01:39:50","date_gmt":"2025-11-22T00:39:50","guid":{"rendered":"https:\/\/www.strassenweb.de\/nachrichten\/martha-stewart-laesst-einen-ueberraschenden-70er-jahre-farbton-wieder-aufleben-der-2025-die-thanksgiving-weihnachts-und-winterdekoration-dominieren-wird\/"},"modified":"2025-11-22T01:39:51","modified_gmt":"2025-11-22T00:39:51","slug":"martha-stewart-laesst-einen-ueberraschenden-70er-jahre-farbton-wieder-aufleben-der-2025-die-thanksgiving-weihnachts-und-winterdekoration-dominieren-wird","status":"publish","type":"post","link":"https:\/\/www.strassenweb.de\/nachrichten\/martha-stewart-laesst-einen-ueberraschenden-70er-jahre-farbton-wieder-aufleben-der-2025-die-thanksgiving-weihnachts-und-winterdekoration-dominieren-wird\/","title":{"rendered":"Martha Stewart l\u00e4sst einen \u00fcberraschenden 70er-Jahre-Farbton wieder aufleben, der 2025 die Thanksgiving-, Weihnachts- und Winterdekoration dominieren wird"},"content":{"rendered":"<p><\/p>\n<div id=\"article-body\" class=\"article__body \">\n<p id=\"84ce6abc-db25-465f-a713-e3051b8fa91a\">Martha Stewart hat sich l\u00e4ngst ihren Ruf als Lifestyle-Ikone erworben: Sie folgt nicht nur Trends \u2013 sie setzt sie. Von der Gestaltung unserer K\u00fcchen und G\u00e4rten bis hin zur Beeinflussung des Innenstils ist ihre Wirkung zeitlos. In j\u00fcngster Zeit hat sie ihre Aufmerksamkeit der Farbe gewidmet und zeigt, wie sie mit Gold dekoriert \u2013 einem klassischen Retro-Farbtrend, der sich heute so frisch und relevant anf\u00fchlt wie eh und je und besonders perfekt f\u00fcr die festliche Jahreszeit ist.<\/p>\n<div id=\"ad-unit-1\" class=\"ad-unit\"><\/div>\n<p>Ein Blick in eines ihrer auff\u00e4lligsten Anwesen zeigt die luxuri\u00f6seste Dekoration mit Gold: gl\u00e4nzende Goldb\u00f6den gepaart mit metallischen Akzenten, von einer skulpturalen Vase bis hin zu einem Statement-Spiegel. Vor neutralen W\u00e4nden und M\u00f6beln setzen diese vergoldeten Akzente ein subtiles, aber unverwechselbares Statement und erreichen das, was Designer als \u201eharmonische Balance zwischen Vintage- und zeitgen\u00f6ssischen Elementen\u201c bezeichnen.<\/p>\n<div class=\"instagram-embed\" id=\"CsZt1hOuLo7\">\n<blockquote class=\"instagram-media\" data-instgrm-captioned data-instgrm-version=\"6\" style=\"width:99.375%; width:-webkit-calc(100% - 2px); width:calc(100% - 2px);\">\n<p>Ein von Martha Stewart (@marthastewart48) geteilter Beitrag<\/p>\n<p>Ein Foto gepostet von am <\/p>\n<\/blockquote>\n<\/div>\n<aside data-block-type=\"embed\" data-render-type=\"fte\" data-skip=\"dealsy\" data-widget-type=\"seasonal\" class=\"hawk-root\"><\/aside>\n<p id=\"d292f145-73f2-4810-b1ec-cf6e6eba9645-0\">\u201eWenn man an die 70er Jahre denkt, denkt man an flauschige Teppiche, Lavalampen und Disco-Lichter\u201c, sagt die in New York lebende Designerin Kati Curtis. \u201eAber ein charakteristisches Merkmal des Designs dieser \u00c4ra ist die allgegenw\u00e4rtige Verwendung von Gold.\u201c Es stellt eine Mischung aus Luxus, K\u00fchnheit und einem Hauch Nostalgie dar.\u201c<\/p>\n<div class=\"van_vid_carousel\">\n<div class=\"van_vid_carousel__padding\">\n<div class=\"van_vid_carousel__container\"><\/div>\n<\/div>\n<\/div>\n<p>Trotz seiner Dramatik ist Gold \u00fcberraschend vielseitig. \u201eDieser Retro-Farbtrend kann in traditionelle, zeitgen\u00f6ssische oder moderne Innenr\u00e4ume integriert werden, ohne den Raum zu \u00fcberfordern\u201c, erkl\u00e4rt Curtis. \u201eWenn Goldakzente mit Bedacht eingesetzt werden, sorgen sie f\u00fcr W\u00e4rme und F\u00fclle und schaffen Ausgewogenheit und Tiefe.\u201c<\/p>\n<div id=\"ad-unit-2\" class=\"ad-unit\"><\/div>\n<figure class=\"van-image-figure inline-layout \" data-bordeaux-image-check id=\"2a8d396e-0f69-44f2-82a3-c8fc57ced94d\">\n<div class=\"image-full-width-wrapper\">\n<div class=\"image-widthsetter\" style=\"max-width:2000px;\"><\/div>\n<\/div><figcaption class=\"inline-layout \">\n<div class=\"caption-text\">\n<p>\u00c4hnliches Zimmer im Goldthema<\/p>\n<\/div>\n<\/figcaption><\/figure>\n<p id=\"eda835a8-f9ac-4765-b19f-b56dd0979cf9\">F\u00fcr diejenigen, die z\u00f6gern, sich ganz darauf einzulassen, kann Gold durch kleinere Details eingef\u00fchrt werden: einen eleganten Couchtisch, einen auff\u00e4lligen Kronleuchter oder einen vergoldeten Spiegel. \u201eDer Schl\u00fcssel liegt in der Ausgewogenheit\u201c, bemerkt Curtis. \u201eLassen Sie Gold als Mittelpunkt fungieren, indem es wichtige Bereiche hervorhebt und den Blick auf sich zieht.\u201c<\/p>\n<p>Zeitlos, k\u00f6niglich und strahlend \u2013 Gold fasziniert weiterhin. Genie\u00dfen Sie in dieser festlichen Jahreszeit die W\u00e4rme und den Luxus, um Innenr\u00e4ume zu schaffen, die sowohl modern als auch bezaubernd wirken und die Eleganz widerspiegeln, die Martha Stewart m\u00fchelos kreiert.<\/p>\n<h3 class=\"article-body__section\" id=\"section-get-the-look-for-christmas\"><span>Holen Sie sich den Look f\u00fcr Weihnachten<\/span><\/h3>\n<div class=\"product-container hero-product-container product-block-no-wrap\">\n<div class=\"product-block-row\"><\/div>\n<div class=\"product-block-row\"><\/div>\n<div class=\"product-block-row\"><\/div>\n<\/div>\n<div id=\"slice-container-newsletterForm-articleInbodyContent-C3VxXpLp9HDSXUfUo5btk6\" class=\"slice-container newsletter-inbodyContent-slice newsletterForm-articleInbodyContent-C3VxXpLp9HDSXUfUo5btk6 slice-container-newsletterForm\"><\/div>\n<div class=\"block\" id=\"articleTag\" data-component-name=\"PostArticleLinks\" data-mrf-recirculation=\"post-article-links\">\n<div class=\"border-b border-b-black border-solid py-2.5 text-black font-bold uppercase\">THEMEN<\/div>\n<nav class=\"py-2.5 flex gap-2.5 flex-wrap\" data-analytics-id=\"article-tag\" data-mrf-recirculation=\"article-tag\">\n<p>Martha Stewart<\/p>\n<\/nav>\n<\/div>\n<\/div>\n<p><script async src=\"\/\/www.instagram.com\/embed.js\"><\/script><\/p>\n","protected":false},"excerpt":{"rendered":"<p>Martha Stewart hat sich l\u00e4ngst ihren Ruf als Lifestyle-Ikone erworben: Sie folgt nicht nur Trends \u2013 sie setzt sie. Von der Gestaltung unserer K\u00fcchen und<\/p>\n","protected":false},"author":1,"featured_media":8263,"comment_status":"closed","ping_status":"","sticky":false,"template":"","format":"standard","meta":{"footnotes":""},"categories":[118],"tags":[11639,4170,81,9,1462,166,1689,2894,3131,1077,999,37,11640,1440,11641,71],"class_list":["post-9343","post","type-post","status-publish","format-standard","has-post-thumbnail","hentry","category-haus-garten","tag-70erjahrefarbton","tag-aufleben","tag-der","tag-die","tag-dominieren","tag-einen","tag-laesst","tag-martha","tag-stewart","tag-thanksgiving","tag-ueberraschenden","tag-und","tag-weihnachts","tag-wieder","tag-winterdekoration","tag-wird","generate-columns","tablet-grid-50","mobile-grid-100","grid-parent","grid-50"],"yoast_head":"<!-- This site is optimized with the Yoast SEO plugin v27.3 - https:\/\/yoast.com\/product\/yoast-seo-wordpress\/ -->\n<title>Martha Stewart l\u00e4sst einen \u00fcberraschenden 70er-Jahre-Farbton wieder aufleben, der 2025 die Thanksgiving-, Weihnachts- und Winterdekoration dominieren wird - Nachrichten - Stra\u00dfenweb<\/title>\n<meta name=\"robots\" content=\"index, follow, max-snippet:-1, max-image-preview:large, max-video-preview:-1\" \/>\n<link rel=\"canonical\" href=\"https:\/\/www.strassenweb.de\/nachrichten\/martha-stewart-laesst-einen-ueberraschenden-70er-jahre-farbton-wieder-aufleben-der-2025-die-thanksgiving-weihnachts-und-winterdekoration-dominieren-wird\/\" \/>\n<meta property=\"og:locale\" content=\"de_DE\" \/>\n<meta property=\"og:type\" content=\"article\" \/>\n<meta property=\"og:title\" content=\"Martha Stewart l\u00e4sst einen \u00fcberraschenden 70er-Jahre-Farbton wieder aufleben, der 2025 die Thanksgiving-, Weihnachts- und Winterdekoration dominieren wird - Nachrichten - Stra\u00dfenweb\" \/>\n<meta property=\"og:description\" content=\"Martha Stewart hat sich l\u00e4ngst ihren Ruf als Lifestyle-Ikone erworben: Sie folgt nicht nur Trends \u2013 sie setzt sie. Von der Gestaltung unserer K\u00fcchen und\" \/>\n<meta property=\"og:url\" content=\"https:\/\/www.strassenweb.de\/nachrichten\/martha-stewart-laesst-einen-ueberraschenden-70er-jahre-farbton-wieder-aufleben-der-2025-die-thanksgiving-weihnachts-und-winterdekoration-dominieren-wird\/\" \/>\n<meta property=\"og:site_name\" content=\"Stra\u00dfenweb\" \/>\n<meta property=\"article:publisher\" content=\"https:\/\/www.facebook.com\/strassenweb\/\" \/>\n<meta property=\"article:published_time\" content=\"2025-11-22T00:39:50+00:00\" \/>\n<meta property=\"article:modified_time\" content=\"2025-11-22T00:39:51+00:00\" \/>\n<meta property=\"og:image\" content=\"https:\/\/www.strassenweb.de\/nachrichten\/wp-content\/uploads\/2025\/10\/Martha-Stewarts-polarisierende-Veranda-inspiriert-mein-saisonal.jpg\" \/>\n\t<meta property=\"og:image:width\" content=\"1600\" \/>\n\t<meta property=\"og:image:height\" content=\"900\" \/>\n\t<meta property=\"og:image:type\" content=\"image\/jpeg\" \/>\n<meta name=\"author\" content=\"Robert Hoffmann\" \/>\n<meta name=\"twitter:card\" content=\"summary_large_image\" \/>\n<meta name=\"twitter:label1\" content=\"Verfasst von\" \/>\n\t<meta name=\"twitter:data1\" content=\"Robert Hoffmann\" \/>\n\t<meta name=\"twitter:label2\" content=\"Gesch\u00e4tzte Lesezeit\" \/>\n\t<meta name=\"twitter:data2\" content=\"2\u00a0Minuten\" \/>\n<script type=\"application\/ld+json\" class=\"yoast-schema-graph\">{\"@context\":\"https:\\\/\\\/schema.org\",\"@graph\":[{\"@type\":\"Article\",\"@id\":\"https:\\\/\\\/www.strassenweb.de\\\/nachrichten\\\/martha-stewart-laesst-einen-ueberraschenden-70er-jahre-farbton-wieder-aufleben-der-2025-die-thanksgiving-weihnachts-und-winterdekoration-dominieren-wird\\\/#article\",\"isPartOf\":{\"@id\":\"https:\\\/\\\/www.strassenweb.de\\\/nachrichten\\\/martha-stewart-laesst-einen-ueberraschenden-70er-jahre-farbton-wieder-aufleben-der-2025-die-thanksgiving-weihnachts-und-winterdekoration-dominieren-wird\\\/\"},\"author\":{\"name\":\"Robert Hoffmann\",\"@id\":\"https:\\\/\\\/www.strassenweb.de\\\/nachrichten\\\/#\\\/schema\\\/person\\\/87c9c9067f1211da429a744dc5a5aa41\"},\"headline\":\"Martha Stewart l\u00e4sst einen \u00fcberraschenden 70er-Jahre-Farbton wieder aufleben, der 2025 die Thanksgiving-, Weihnachts- und Winterdekoration dominieren wird\",\"datePublished\":\"2025-11-22T00:39:50+00:00\",\"dateModified\":\"2025-11-22T00:39:51+00:00\",\"mainEntityOfPage\":{\"@id\":\"https:\\\/\\\/www.strassenweb.de\\\/nachrichten\\\/martha-stewart-laesst-einen-ueberraschenden-70er-jahre-farbton-wieder-aufleben-der-2025-die-thanksgiving-weihnachts-und-winterdekoration-dominieren-wird\\\/\"},\"wordCount\":386,\"publisher\":{\"@id\":\"https:\\\/\\\/www.strassenweb.de\\\/nachrichten\\\/#organization\"},\"image\":{\"@id\":\"https:\\\/\\\/www.strassenweb.de\\\/nachrichten\\\/martha-stewart-laesst-einen-ueberraschenden-70er-jahre-farbton-wieder-aufleben-der-2025-die-thanksgiving-weihnachts-und-winterdekoration-dominieren-wird\\\/#primaryimage\"},\"thumbnailUrl\":\"https:\\\/\\\/www.strassenweb.de\\\/nachrichten\\\/wp-content\\\/uploads\\\/2025\\\/10\\\/Martha-Stewarts-polarisierende-Veranda-inspiriert-mein-saisonal.jpg\",\"keywords\":[\"70erJahreFarbton\",\"aufleben\",\"der\",\"die\",\"dominieren\",\"einen\",\"l\u00e4sst\",\"Martha\",\"Stewart\",\"Thanksgiving\",\"\u00fcberraschenden\",\"und\",\"Weihnachts\",\"wieder\",\"Winterdekoration\",\"wird\"],\"articleSection\":[\"Haus &amp; Garten\"],\"inLanguage\":\"de\"},{\"@type\":\"WebPage\",\"@id\":\"https:\\\/\\\/www.strassenweb.de\\\/nachrichten\\\/martha-stewart-laesst-einen-ueberraschenden-70er-jahre-farbton-wieder-aufleben-der-2025-die-thanksgiving-weihnachts-und-winterdekoration-dominieren-wird\\\/\",\"url\":\"https:\\\/\\\/www.strassenweb.de\\\/nachrichten\\\/martha-stewart-laesst-einen-ueberraschenden-70er-jahre-farbton-wieder-aufleben-der-2025-die-thanksgiving-weihnachts-und-winterdekoration-dominieren-wird\\\/\",\"name\":\"Martha Stewart l\u00e4sst einen \u00fcberraschenden 70er-Jahre-Farbton wieder aufleben, der 2025 die Thanksgiving-, Weihnachts- und Winterdekoration dominieren wird - Nachrichten - Stra\u00dfenweb\",\"isPartOf\":{\"@id\":\"https:\\\/\\\/www.strassenweb.de\\\/nachrichten\\\/#website\"},\"primaryImageOfPage\":{\"@id\":\"https:\\\/\\\/www.strassenweb.de\\\/nachrichten\\\/martha-stewart-laesst-einen-ueberraschenden-70er-jahre-farbton-wieder-aufleben-der-2025-die-thanksgiving-weihnachts-und-winterdekoration-dominieren-wird\\\/#primaryimage\"},\"image\":{\"@id\":\"https:\\\/\\\/www.strassenweb.de\\\/nachrichten\\\/martha-stewart-laesst-einen-ueberraschenden-70er-jahre-farbton-wieder-aufleben-der-2025-die-thanksgiving-weihnachts-und-winterdekoration-dominieren-wird\\\/#primaryimage\"},\"thumbnailUrl\":\"https:\\\/\\\/www.strassenweb.de\\\/nachrichten\\\/wp-content\\\/uploads\\\/2025\\\/10\\\/Martha-Stewarts-polarisierende-Veranda-inspiriert-mein-saisonal.jpg\",\"datePublished\":\"2025-11-22T00:39:50+00:00\",\"dateModified\":\"2025-11-22T00:39:51+00:00\",\"breadcrumb\":{\"@id\":\"https:\\\/\\\/www.strassenweb.de\\\/nachrichten\\\/martha-stewart-laesst-einen-ueberraschenden-70er-jahre-farbton-wieder-aufleben-der-2025-die-thanksgiving-weihnachts-und-winterdekoration-dominieren-wird\\\/#breadcrumb\"},\"inLanguage\":\"de\",\"potentialAction\":[{\"@type\":\"ReadAction\",\"target\":[\"https:\\\/\\\/www.strassenweb.de\\\/nachrichten\\\/martha-stewart-laesst-einen-ueberraschenden-70er-jahre-farbton-wieder-aufleben-der-2025-die-thanksgiving-weihnachts-und-winterdekoration-dominieren-wird\\\/\"]}]},{\"@type\":\"ImageObject\",\"inLanguage\":\"de\",\"@id\":\"https:\\\/\\\/www.strassenweb.de\\\/nachrichten\\\/martha-stewart-laesst-einen-ueberraschenden-70er-jahre-farbton-wieder-aufleben-der-2025-die-thanksgiving-weihnachts-und-winterdekoration-dominieren-wird\\\/#primaryimage\",\"url\":\"https:\\\/\\\/www.strassenweb.de\\\/nachrichten\\\/wp-content\\\/uploads\\\/2025\\\/10\\\/Martha-Stewarts-polarisierende-Veranda-inspiriert-mein-saisonal.jpg\",\"contentUrl\":\"https:\\\/\\\/www.strassenweb.de\\\/nachrichten\\\/wp-content\\\/uploads\\\/2025\\\/10\\\/Martha-Stewarts-polarisierende-Veranda-inspiriert-mein-saisonal.jpg\",\"width\":1600,\"height\":900,\"caption\":\"Martha Stewart close up, orange and green background\"},{\"@type\":\"BreadcrumbList\",\"@id\":\"https:\\\/\\\/www.strassenweb.de\\\/nachrichten\\\/martha-stewart-laesst-einen-ueberraschenden-70er-jahre-farbton-wieder-aufleben-der-2025-die-thanksgiving-weihnachts-und-winterdekoration-dominieren-wird\\\/#breadcrumb\",\"itemListElement\":[{\"@type\":\"ListItem\",\"position\":1,\"name\":\"Home\",\"item\":\"https:\\\/\\\/www.strassenweb.de\\\/nachrichten\\\/\"},{\"@type\":\"ListItem\",\"position\":2,\"name\":\"Martha Stewart l\u00e4sst einen \u00fcberraschenden 70er-Jahre-Farbton wieder aufleben, der 2025 die Thanksgiving-, Weihnachts- und Winterdekoration dominieren wird\"}]},{\"@type\":\"WebSite\",\"@id\":\"https:\\\/\\\/www.strassenweb.de\\\/nachrichten\\\/#website\",\"url\":\"https:\\\/\\\/www.strassenweb.de\\\/nachrichten\\\/\",\"name\":\"Stra\u00dfenweb\",\"description\":\"Stra\u00dfenverzeichnis f\u00fcr Deutschland\",\"publisher\":{\"@id\":\"https:\\\/\\\/www.strassenweb.de\\\/nachrichten\\\/#organization\"},\"potentialAction\":[{\"@type\":\"SearchAction\",\"target\":{\"@type\":\"EntryPoint\",\"urlTemplate\":\"https:\\\/\\\/www.strassenweb.de\\\/nachrichten\\\/?s={search_term_string}\"},\"query-input\":{\"@type\":\"PropertyValueSpecification\",\"valueRequired\":true,\"valueName\":\"search_term_string\"}}],\"inLanguage\":\"de\"},{\"@type\":\"Organization\",\"@id\":\"https:\\\/\\\/www.strassenweb.de\\\/nachrichten\\\/#organization\",\"name\":\"Stra\u00dfenweb\",\"url\":\"https:\\\/\\\/www.strassenweb.de\\\/nachrichten\\\/\",\"logo\":{\"@type\":\"ImageObject\",\"inLanguage\":\"de\",\"@id\":\"https:\\\/\\\/www.strassenweb.de\\\/nachrichten\\\/#\\\/schema\\\/logo\\\/image\\\/\",\"url\":\"https:\\\/\\\/www.strassenweb.de\\\/nachrichten\\\/wp-content\\\/uploads\\\/2024\\\/09\\\/cropped-favicon.png\",\"contentUrl\":\"https:\\\/\\\/www.strassenweb.de\\\/nachrichten\\\/wp-content\\\/uploads\\\/2024\\\/09\\\/cropped-favicon.png\",\"width\":512,\"height\":512,\"caption\":\"Stra\u00dfenweb\"},\"image\":{\"@id\":\"https:\\\/\\\/www.strassenweb.de\\\/nachrichten\\\/#\\\/schema\\\/logo\\\/image\\\/\"},\"sameAs\":[\"https:\\\/\\\/www.facebook.com\\\/strassenweb\\\/\"]},{\"@type\":\"Person\",\"@id\":\"https:\\\/\\\/www.strassenweb.de\\\/nachrichten\\\/#\\\/schema\\\/person\\\/87c9c9067f1211da429a744dc5a5aa41\",\"name\":\"Robert Hoffmann\",\"image\":{\"@type\":\"ImageObject\",\"inLanguage\":\"de\",\"@id\":\"https:\\\/\\\/www.strassenweb.de\\\/nachrichten\\\/wp-content\\\/uploads\\\/2024\\\/09\\\/strassenweb-150x150.jpg\",\"url\":\"https:\\\/\\\/www.strassenweb.de\\\/nachrichten\\\/wp-content\\\/uploads\\\/2024\\\/09\\\/strassenweb-150x150.jpg\",\"contentUrl\":\"https:\\\/\\\/www.strassenweb.de\\\/nachrichten\\\/wp-content\\\/uploads\\\/2024\\\/09\\\/strassenweb-150x150.jpg\",\"caption\":\"Robert Hoffmann\"},\"description\":\"Ich hei\u00dfe Robert Hoffmann und ich bin ein leidenschaftlicher Verfechter von \u00d6kologie und Biodiversit\u00e4t. Seit meiner Kindheit in den W\u00e4ldern Bayerns f\u00fchle ich mich mit der Natur verbunden und bin entschlossen, sie zu sch\u00fctzen. Heute widme ich mein Leben der Sensibilisierung anderer f\u00fcr die Bedeutung des Umweltschutzes f\u00fcr zuk\u00fcnftige Generationen.\",\"sameAs\":[\"https:\\\/\\\/www.strassenweb.de\\\/\"]}]}<\/script>\n<!-- \/ Yoast SEO plugin. -->","yoast_head_json":{"title":"Martha Stewart l\u00e4sst einen \u00fcberraschenden 70er-Jahre-Farbton wieder aufleben, der 2025 die Thanksgiving-, Weihnachts- und Winterdekoration dominieren wird - Nachrichten - Stra\u00dfenweb","robots":{"index":"index","follow":"follow","max-snippet":"max-snippet:-1","max-image-preview":"max-image-preview:large","max-video-preview":"max-video-preview:-1"},"canonical":"https:\/\/www.strassenweb.de\/nachrichten\/martha-stewart-laesst-einen-ueberraschenden-70er-jahre-farbton-wieder-aufleben-der-2025-die-thanksgiving-weihnachts-und-winterdekoration-dominieren-wird\/","og_locale":"de_DE","og_type":"article","og_title":"Martha Stewart l\u00e4sst einen \u00fcberraschenden 70er-Jahre-Farbton wieder aufleben, der 2025 die Thanksgiving-, Weihnachts- und Winterdekoration dominieren wird - Nachrichten - Stra\u00dfenweb","og_description":"Martha Stewart hat sich l\u00e4ngst ihren Ruf als Lifestyle-Ikone erworben: Sie folgt nicht nur Trends \u2013 sie setzt sie. Von der Gestaltung unserer K\u00fcchen und","og_url":"https:\/\/www.strassenweb.de\/nachrichten\/martha-stewart-laesst-einen-ueberraschenden-70er-jahre-farbton-wieder-aufleben-der-2025-die-thanksgiving-weihnachts-und-winterdekoration-dominieren-wird\/","og_site_name":"Stra\u00dfenweb","article_publisher":"https:\/\/www.facebook.com\/strassenweb\/","article_published_time":"2025-11-22T00:39:50+00:00","article_modified_time":"2025-11-22T00:39:51+00:00","og_image":[{"width":1600,"height":900,"url":"https:\/\/www.strassenweb.de\/nachrichten\/wp-content\/uploads\/2025\/10\/Martha-Stewarts-polarisierende-Veranda-inspiriert-mein-saisonal.jpg","type":"image\/jpeg"}],"author":"Robert Hoffmann","twitter_card":"summary_large_image","twitter_misc":{"Verfasst von":"Robert Hoffmann","Gesch\u00e4tzte Lesezeit":"2\u00a0Minuten"},"schema":{"@context":"https:\/\/schema.org","@graph":[{"@type":"Article","@id":"https:\/\/www.strassenweb.de\/nachrichten\/martha-stewart-laesst-einen-ueberraschenden-70er-jahre-farbton-wieder-aufleben-der-2025-die-thanksgiving-weihnachts-und-winterdekoration-dominieren-wird\/#article","isPartOf":{"@id":"https:\/\/www.strassenweb.de\/nachrichten\/martha-stewart-laesst-einen-ueberraschenden-70er-jahre-farbton-wieder-aufleben-der-2025-die-thanksgiving-weihnachts-und-winterdekoration-dominieren-wird\/"},"author":{"name":"Robert Hoffmann","@id":"https:\/\/www.strassenweb.de\/nachrichten\/#\/schema\/person\/87c9c9067f1211da429a744dc5a5aa41"},"headline":"Martha Stewart l\u00e4sst einen \u00fcberraschenden 70er-Jahre-Farbton wieder aufleben, der 2025 die Thanksgiving-, Weihnachts- und Winterdekoration dominieren wird","datePublished":"2025-11-22T00:39:50+00:00","dateModified":"2025-11-22T00:39:51+00:00","mainEntityOfPage":{"@id":"https:\/\/www.strassenweb.de\/nachrichten\/martha-stewart-laesst-einen-ueberraschenden-70er-jahre-farbton-wieder-aufleben-der-2025-die-thanksgiving-weihnachts-und-winterdekoration-dominieren-wird\/"},"wordCount":386,"publisher":{"@id":"https:\/\/www.strassenweb.de\/nachrichten\/#organization"},"image":{"@id":"https:\/\/www.strassenweb.de\/nachrichten\/martha-stewart-laesst-einen-ueberraschenden-70er-jahre-farbton-wieder-aufleben-der-2025-die-thanksgiving-weihnachts-und-winterdekoration-dominieren-wird\/#primaryimage"},"thumbnailUrl":"https:\/\/www.strassenweb.de\/nachrichten\/wp-content\/uploads\/2025\/10\/Martha-Stewarts-polarisierende-Veranda-inspiriert-mein-saisonal.jpg","keywords":["70erJahreFarbton","aufleben","der","die","dominieren","einen","l\u00e4sst","Martha","Stewart","Thanksgiving","\u00fcberraschenden","und","Weihnachts","wieder","Winterdekoration","wird"],"articleSection":["Haus &amp; Garten"],"inLanguage":"de"},{"@type":"WebPage","@id":"https:\/\/www.strassenweb.de\/nachrichten\/martha-stewart-laesst-einen-ueberraschenden-70er-jahre-farbton-wieder-aufleben-der-2025-die-thanksgiving-weihnachts-und-winterdekoration-dominieren-wird\/","url":"https:\/\/www.strassenweb.de\/nachrichten\/martha-stewart-laesst-einen-ueberraschenden-70er-jahre-farbton-wieder-aufleben-der-2025-die-thanksgiving-weihnachts-und-winterdekoration-dominieren-wird\/","name":"Martha Stewart l\u00e4sst einen \u00fcberraschenden 70er-Jahre-Farbton wieder aufleben, der 2025 die Thanksgiving-, Weihnachts- und Winterdekoration dominieren wird - Nachrichten - Stra\u00dfenweb","isPartOf":{"@id":"https:\/\/www.strassenweb.de\/nachrichten\/#website"},"primaryImageOfPage":{"@id":"https:\/\/www.strassenweb.de\/nachrichten\/martha-stewart-laesst-einen-ueberraschenden-70er-jahre-farbton-wieder-aufleben-der-2025-die-thanksgiving-weihnachts-und-winterdekoration-dominieren-wird\/#primaryimage"},"image":{"@id":"https:\/\/www.strassenweb.de\/nachrichten\/martha-stewart-laesst-einen-ueberraschenden-70er-jahre-farbton-wieder-aufleben-der-2025-die-thanksgiving-weihnachts-und-winterdekoration-dominieren-wird\/#primaryimage"},"thumbnailUrl":"https:\/\/www.strassenweb.de\/nachrichten\/wp-content\/uploads\/2025\/10\/Martha-Stewarts-polarisierende-Veranda-inspiriert-mein-saisonal.jpg","datePublished":"2025-11-22T00:39:50+00:00","dateModified":"2025-11-22T00:39:51+00:00","breadcrumb":{"@id":"https:\/\/www.strassenweb.de\/nachrichten\/martha-stewart-laesst-einen-ueberraschenden-70er-jahre-farbton-wieder-aufleben-der-2025-die-thanksgiving-weihnachts-und-winterdekoration-dominieren-wird\/#breadcrumb"},"inLanguage":"de","potentialAction":[{"@type":"ReadAction","target":["https:\/\/www.strassenweb.de\/nachrichten\/martha-stewart-laesst-einen-ueberraschenden-70er-jahre-farbton-wieder-aufleben-der-2025-die-thanksgiving-weihnachts-und-winterdekoration-dominieren-wird\/"]}]},{"@type":"ImageObject","inLanguage":"de","@id":"https:\/\/www.strassenweb.de\/nachrichten\/martha-stewart-laesst-einen-ueberraschenden-70er-jahre-farbton-wieder-aufleben-der-2025-die-thanksgiving-weihnachts-und-winterdekoration-dominieren-wird\/#primaryimage","url":"https:\/\/www.strassenweb.de\/nachrichten\/wp-content\/uploads\/2025\/10\/Martha-Stewarts-polarisierende-Veranda-inspiriert-mein-saisonal.jpg","contentUrl":"https:\/\/www.strassenweb.de\/nachrichten\/wp-content\/uploads\/2025\/10\/Martha-Stewarts-polarisierende-Veranda-inspiriert-mein-saisonal.jpg","width":1600,"height":900,"caption":"Martha Stewart close up, orange and green background"},{"@type":"BreadcrumbList","@id":"https:\/\/www.strassenweb.de\/nachrichten\/martha-stewart-laesst-einen-ueberraschenden-70er-jahre-farbton-wieder-aufleben-der-2025-die-thanksgiving-weihnachts-und-winterdekoration-dominieren-wird\/#breadcrumb","itemListElement":[{"@type":"ListItem","position":1,"name":"Home","item":"https:\/\/www.strassenweb.de\/nachrichten\/"},{"@type":"ListItem","position":2,"name":"Martha Stewart l\u00e4sst einen \u00fcberraschenden 70er-Jahre-Farbton wieder aufleben, der 2025 die Thanksgiving-, Weihnachts- und Winterdekoration dominieren wird"}]},{"@type":"WebSite","@id":"https:\/\/www.strassenweb.de\/nachrichten\/#website","url":"https:\/\/www.strassenweb.de\/nachrichten\/","name":"Stra\u00dfenweb","description":"Stra\u00dfenverzeichnis f\u00fcr Deutschland","publisher":{"@id":"https:\/\/www.strassenweb.de\/nachrichten\/#organization"},"potentialAction":[{"@type":"SearchAction","target":{"@type":"EntryPoint","urlTemplate":"https:\/\/www.strassenweb.de\/nachrichten\/?s={search_term_string}"},"query-input":{"@type":"PropertyValueSpecification","valueRequired":true,"valueName":"search_term_string"}}],"inLanguage":"de"},{"@type":"Organization","@id":"https:\/\/www.strassenweb.de\/nachrichten\/#organization","name":"Stra\u00dfenweb","url":"https:\/\/www.strassenweb.de\/nachrichten\/","logo":{"@type":"ImageObject","inLanguage":"de","@id":"https:\/\/www.strassenweb.de\/nachrichten\/#\/schema\/logo\/image\/","url":"https:\/\/www.strassenweb.de\/nachrichten\/wp-content\/uploads\/2024\/09\/cropped-favicon.png","contentUrl":"https:\/\/www.strassenweb.de\/nachrichten\/wp-content\/uploads\/2024\/09\/cropped-favicon.png","width":512,"height":512,"caption":"Stra\u00dfenweb"},"image":{"@id":"https:\/\/www.strassenweb.de\/nachrichten\/#\/schema\/logo\/image\/"},"sameAs":["https:\/\/www.facebook.com\/strassenweb\/"]},{"@type":"Person","@id":"https:\/\/www.strassenweb.de\/nachrichten\/#\/schema\/person\/87c9c9067f1211da429a744dc5a5aa41","name":"Robert Hoffmann","image":{"@type":"ImageObject","inLanguage":"de","@id":"https:\/\/www.strassenweb.de\/nachrichten\/wp-content\/uploads\/2024\/09\/strassenweb-150x150.jpg","url":"https:\/\/www.strassenweb.de\/nachrichten\/wp-content\/uploads\/2024\/09\/strassenweb-150x150.jpg","contentUrl":"https:\/\/www.strassenweb.de\/nachrichten\/wp-content\/uploads\/2024\/09\/strassenweb-150x150.jpg","caption":"Robert Hoffmann"},"description":"Ich hei\u00dfe Robert Hoffmann und ich bin ein leidenschaftlicher Verfechter von \u00d6kologie und Biodiversit\u00e4t. Seit meiner Kindheit in den W\u00e4ldern Bayerns f\u00fchle ich mich mit der Natur verbunden und bin entschlossen, sie zu sch\u00fctzen. Heute widme ich mein Leben der Sensibilisierung anderer f\u00fcr die Bedeutung des Umweltschutzes f\u00fcr zuk\u00fcnftige Generationen.","sameAs":["https:\/\/www.strassenweb.de\/"]}]}},"_links":{"self":[{"href":"https:\/\/www.strassenweb.de\/nachrichten\/wp-json\/wp\/v2\/posts\/9343","targetHints":{"allow":["GET"]}}],"collection":[{"href":"https:\/\/www.strassenweb.de\/nachrichten\/wp-json\/wp\/v2\/posts"}],"about":[{"href":"https:\/\/www.strassenweb.de\/nachrichten\/wp-json\/wp\/v2\/types\/post"}],"author":[{"embeddable":true,"href":"https:\/\/www.strassenweb.de\/nachrichten\/wp-json\/wp\/v2\/users\/1"}],"replies":[{"embeddable":true,"href":"https:\/\/www.strassenweb.de\/nachrichten\/wp-json\/wp\/v2\/comments?post=9343"}],"version-history":[{"count":0,"href":"https:\/\/www.strassenweb.de\/nachrichten\/wp-json\/wp\/v2\/posts\/9343\/revisions"}],"wp:featuredmedia":[{"embeddable":true,"href":"https:\/\/www.strassenweb.de\/nachrichten\/wp-json\/wp\/v2\/media\/8263"}],"wp:attachment":[{"href":"https:\/\/www.strassenweb.de\/nachrichten\/wp-json\/wp\/v2\/media?parent=9343"}],"wp:term":[{"taxonomy":"category","embeddable":true,"href":"https:\/\/www.strassenweb.de\/nachrichten\/wp-json\/wp\/v2\/categories?post=9343"},{"taxonomy":"post_tag","embeddable":true,"href":"https:\/\/www.strassenweb.de\/nachrichten\/wp-json\/wp\/v2\/tags?post=9343"}],"curies":[{"name":"wp","href":"https:\/\/api.w.org\/{rel}","templated":true}]}}