{"id":9340,"date":"2025-11-21T22:40:02","date_gmt":"2025-11-21T21:40:02","guid":{"rendered":"https:\/\/www.strassenweb.de\/nachrichten\/dieses-jahr-dekoriere-ich-mit-der-unweihnachtlichsten-weihnachtsdekoration-die-fuer-ein-langsames-nachhaltiges-und-wunderschoen-vielschichtiges-leben-entworfen-wurde-dank-the-white-company\/"},"modified":"2025-11-21T22:40:03","modified_gmt":"2025-11-21T21:40:03","slug":"dieses-jahr-dekoriere-ich-mit-der-unweihnachtlichsten-weihnachtsdekoration-die-fuer-ein-langsames-nachhaltiges-und-wunderschoen-vielschichtiges-leben-entworfen-wurde-dank-the-white-company","status":"publish","type":"post","link":"https:\/\/www.strassenweb.de\/nachrichten\/dieses-jahr-dekoriere-ich-mit-der-unweihnachtlichsten-weihnachtsdekoration-die-fuer-ein-langsames-nachhaltiges-und-wunderschoen-vielschichtiges-leben-entworfen-wurde-dank-the-white-company\/","title":{"rendered":"Dieses Jahr dekoriere ich mit der unweihnachtlichsten Weihnachtsdekoration, die f\u00fcr ein langsames, nachhaltiges und wundersch\u00f6n vielschichtiges Leben entworfen wurde \u2013 dank The White Company"},"content":{"rendered":"<p><\/p>\n<div id=\"article-body\" class=\"article__body \">\n<p id=\"a53696f8-cf27-4919-b9a4-819fb1112a08\">Im gesamten Vereinigten K\u00f6nigreich verbreitet sich eine ruhigere und nachdenklichere Vorstellung von Weihnachten. Nach Jahren, die von glitzernden Spektakeln und Theaterauff\u00fchrungen gepr\u00e4gt waren, sehnen sich viele Haushalte nach einer sanfteren Jahreszeit, die auf die wechselnden Farben und subtilen Texturen der britischen Landschaft abgestimmt ist. Diese aufkommende Stimmung beg\u00fcnstigt ruhige Innenr\u00e4ume, sanfte Beleuchtung und eine Farbpalette, die von den Feinheiten des britischen Winters inspiriert ist, von ged\u00e4mpften Gr\u00fcnt\u00f6nen und bronzefarbenen Gr\u00e4sern bis hin zur silbrigen Stille kahler Zweige. Es ist ein langsameres Weihnachtsfest, das nach au\u00dfen auf die Hecken, die W\u00e4lder und die K\u00fcstenr\u00e4nder blickt und nicht nach innen auf kommerzielle Exzesse.<\/p>\n<div id=\"ad-unit-1\" class=\"ad-unit\"><\/div>\n<p>Dieser Wandel verwandelt die Weihnachtsdekoration in eine \u00dcbung der Zur\u00fcckhaltung, Langlebigkeit und sensorischen Ruhe. Hausbesitzer sind auf der Suche nach langlebigen St\u00fccken und lehnen wegwerfbare Neuheiten zugunsten von St\u00fccken ab, die mit der Zeit Charakter gewinnen. Der Look basiert auf nat\u00fcrlichen Materialien wie unlackiertem Holz, Winterlaub, Bienenwachskerzen und Leinentextilien, die sch\u00f6n altern.<\/p>\n<aside data-block-type=\"embed\" data-render-type=\"fte\" data-skip=\"dealsy\" data-widget-type=\"seasonal\" class=\"hawk-root\"><\/aside>\n<p id=\"a53696f8-cf27-4919-b9a4-819fb1112a08-2\" class=\"paywall\" aria-hidden=\"true\">Zusammen bilden diese Einfl\u00fcsse den Rahmen f\u00fcr eine elegante und zutiefst britische Art, die Festtage zu gestalten. Die Idee besteht nicht darin, dem Zuhause die Freude zu nehmen, sondern eine Atmosph\u00e4re zu schaffen, die sich erholsam und mit dem Ort verbunden anf\u00fchlt. Diesen Ansatz zu verfolgen, kann eine Herausforderung darstellen, da durchdachte und nachhaltige festliche St\u00fccke nicht immer leicht zu finden sind. Der Lohn ist jedoch eine Sammlung, die mit jedem Dezember sch\u00f6ner wird.<\/p>\n<div class=\"van_vid_carousel\">\n<div class=\"van_vid_carousel__padding\">\n<div class=\"van_vid_carousel__container\"><\/div>\n<\/div>\n<\/div>\n<p class=\"paywall\" aria-hidden=\"true\">Die Investition in gut gemachte Dekorationen von The White Company kann sich besonders lohnen, da ihre zeitlosen Materialien und die elegante Farbpalette eine langj\u00e4hrige Nutzung versprechen. Hier erkunde ich, wie sich ein langsameres, von der Natur geleitetes Weihnachtsfest reicher und klangvoller anf\u00fchlen kann und wie bewusste Entscheidungen jetzt eine Tradition schaffen k\u00f6nnen, die ein ganzes Leben lang voller Feierlichkeiten Bestand hat.<\/p>\n<div id=\"ad-unit-2\" class=\"ad-unit\"><\/div>\n<figure class=\"van-image-figure inline-layout \" data-bordeaux-image-check id=\"5fd7bf49-4648-40c4-992b-cc31522917c6\">\n<div class=\"image-full-width-wrapper\">\n<div class=\"image-widthsetter\" style=\"max-width:2400px;\"><\/div>\n<\/div>\n<\/figure>\n<p id=\"33b57112-bb18-459f-969a-855dca59994b\">\u201eEs dreht sich immer noch alles um Schichten, aber nur mit mehr Zur\u00fcckhaltung\u201c, erkl\u00e4rt der in den Cotswolds ans\u00e4ssige Innenarchitekt Sean Symington. \u201eMan kann absolut Atmosph\u00e4re schaffen und dabei die Palette knapp halten.\u201c Die Verwendung von zwei oder drei klassischen Farbt\u00f6nen wie Gold und Gr\u00fcn verleiht Ihnen dennoch einen festlichen Charme, ohne den Raum zu \u00fcberfordern. Ich w\u00fcrde immer empfehlen, auf traditionelle Dekorationen zur\u00fcckzugreifen: wundersch\u00f6n gefertigte Kugeln, warme, funkelnde Lichter und St\u00fccke, die nostalgisch wirken. Es schafft Reichtum ohne \u00dcberma\u00df.&#8216;<\/p>\n<h2 id=\"styling-a-calm-nature-inspired-festive-interior-3\">Gestalten Sie eine ruhige, von der Natur inspirierte festliche Inneneinrichtung<\/h2>\n<div class=\"product-container hero-product-container product-block-no-wrap\">\n<div class=\"product-block-row\"><\/div>\n<div class=\"product-block-row\"><\/div>\n<div class=\"product-block-row\"><\/div>\n<div class=\"product-block-row\"><\/div>\n<div class=\"product-block-row\"><\/div>\n<div class=\"product-block-row\"><\/div>\n<div class=\"product-block-row\"><\/div>\n<div class=\"product-block-row\"><\/div>\n<div class=\"product-block-row\"><\/div>\n<\/div>\n<hr id=\"db21a3c4-ec5f-445f-8bf4-60002209d067\">\n<p id=\"dfd3618d-060d-485a-b8fd-143ca52e97db\">Wenn ich mit dem Dekorieren fertig bin, lasse ich mich immer von den Hecken und W\u00e4ldern um mich herum inspirieren. Die Verwendung nat\u00fcrlicher Materialien verleiht einem selbstgemachten Kranz oder einer Girlande eine Tiefe und einen Charakter, den im Laden gekaufte Dekorationen selten erreichen. Ich f\u00fcge gerne Moos hinzu, um Arrangements weicher zu machen und zu verankern, Samenk\u00f6pfe wie Karden und Disteln f\u00fcr die Textur und Beeren wie Hagebutten und Ebereschen, um saisonale Farbe hinzuzuf\u00fcgen.<\/p>\n<p>Nieswurz bringt subtile, ged\u00e4mpfte Bl\u00fcten hervor, die in Innenr\u00e4umen gut halten und auch mitten im Winter ein Gef\u00fchl von Leben vermitteln. Mein Rat ist, diese Elemente in Schichten zu sammeln und Texturen und T\u00f6ne zu mischen, damit sich jedes St\u00fcck m\u00fchelos und ungezwungen anf\u00fchlt. Wenn Sie Teelichter in Ihren Displays platzieren, heben Sie die nat\u00fcrlichen Formen und Farben hervor, und wenn Sie sie mit einer leichten, ungezwungenen Hand anordnen, bleibt der Fokus auf den Materialien selbst. Indem Sie das, was Sie finden k\u00f6nnen, mit ein paar langlebigen, hochwertigen Ornamenten kombinieren, schaffen Sie einen pers\u00f6nlichen Raum, der in der britischen Landschaft verwurzelt und zeitlos sch\u00f6n ist.<\/p>\n<div id=\"slice-container-newsletterForm-articleInbodyContent-JnHXgsTnxjNZcMU92c3MbX\" class=\"slice-container newsletter-inbodyContent-slice newsletterForm-articleInbodyContent-JnHXgsTnxjNZcMU92c3MbX slice-container-newsletterForm\"><\/div>\n<p>\u201eInvestieren Sie in St\u00fccke, die Sie wirklich lieben\u201c, f\u00fcgt Sean hinzu. \u201eQualit\u00e4t bringt Langlebigkeit mit sich, was bedeutet, dass Ihre Dekorationen Teil Ihrer Weihnachtsgeschichte werden und nicht jedes Jahr ersetzt werden m\u00fcssen.\u201c Vermeiden Sie es, veralteten Weihnachtstrends hinterherzulaufen: Folgen Sie stattdessen den Designern, Stilen und der Handwerkskunst, die Sie ansprechen. Wenn Sie Ihre Entscheidungen auf der Grundlage von Verbundenheit und Qualit\u00e4t treffen, schaffen Sie ganz nat\u00fcrlich ein festliches Programm, das Bestand hat und immer nachhaltiger wird.\u201c<\/p>\n<\/div>\n","protected":false},"excerpt":{"rendered":"<p>Im gesamten Vereinigten K\u00f6nigreich verbreitet sich eine ruhigere und nachdenklichere Vorstellung von Weihnachten. Nach Jahren, die von glitzernden Spektakeln und Theaterauff\u00fchrungen gepr\u00e4gt waren, sehnen sich<\/p>\n","protected":false},"author":1,"featured_media":9341,"comment_status":"closed","ping_status":"","sticky":false,"template":"","format":"standard","meta":{"footnotes":""},"categories":[118],"tags":[11638,365,11636,81,9,531,43,4399,55,129,384,5339,1071,146,675,37,11637,11472,1592,2483,6508,1529],"class_list":["post-9340","post","type-post","status-publish","format-standard","has-post-thumbnail","hentry","category-haus-garten","tag-company","tag-dank","tag-dekoriere","tag-der","tag-die","tag-dieses","tag-ein","tag-entworfen","tag-fuer","tag-ich","tag-jahr","tag-langsames","tag-leben","tag-mit","tag-nachhaltiges","tag-und","tag-unweihnachtlichsten","tag-vielschichtiges","tag-weihnachtsdekoration","tag-white","tag-wunderschoen","tag-wuerde","generate-columns","tablet-grid-50","mobile-grid-100","grid-parent","grid-50"],"yoast_head":"<!-- This site is optimized with the Yoast SEO plugin v27.3 - https:\/\/yoast.com\/product\/yoast-seo-wordpress\/ -->\n<title>Dieses Jahr dekoriere ich mit der unweihnachtlichsten Weihnachtsdekoration, die f\u00fcr ein langsames, nachhaltiges und wundersch\u00f6n vielschichtiges Leben entworfen wurde \u2013 dank The White Company - Nachrichten - Stra\u00dfenweb<\/title>\n<meta name=\"robots\" content=\"index, follow, max-snippet:-1, max-image-preview:large, max-video-preview:-1\" \/>\n<link rel=\"canonical\" href=\"https:\/\/www.strassenweb.de\/nachrichten\/dieses-jahr-dekoriere-ich-mit-der-unweihnachtlichsten-weihnachtsdekoration-die-fuer-ein-langsames-nachhaltiges-und-wunderschoen-vielschichtiges-leben-entworfen-wurde-dank-the-white-company\/\" \/>\n<meta property=\"og:locale\" content=\"de_DE\" \/>\n<meta property=\"og:type\" content=\"article\" \/>\n<meta property=\"og:title\" content=\"Dieses Jahr dekoriere ich mit der unweihnachtlichsten Weihnachtsdekoration, die f\u00fcr ein langsames, nachhaltiges und wundersch\u00f6n vielschichtiges Leben entworfen wurde \u2013 dank The White Company - Nachrichten - Stra\u00dfenweb\" \/>\n<meta property=\"og:description\" content=\"Im gesamten Vereinigten K\u00f6nigreich verbreitet sich eine ruhigere und nachdenklichere Vorstellung von Weihnachten. Nach Jahren, die von glitzernden Spektakeln und Theaterauff\u00fchrungen gepr\u00e4gt waren, sehnen sich\" \/>\n<meta property=\"og:url\" content=\"https:\/\/www.strassenweb.de\/nachrichten\/dieses-jahr-dekoriere-ich-mit-der-unweihnachtlichsten-weihnachtsdekoration-die-fuer-ein-langsames-nachhaltiges-und-wunderschoen-vielschichtiges-leben-entworfen-wurde-dank-the-white-company\/\" \/>\n<meta property=\"og:site_name\" content=\"Stra\u00dfenweb\" \/>\n<meta property=\"article:publisher\" content=\"https:\/\/www.facebook.com\/strassenweb\/\" \/>\n<meta property=\"article:published_time\" content=\"2025-11-21T21:40:02+00:00\" \/>\n<meta property=\"article:modified_time\" content=\"2025-11-21T21:40:03+00:00\" \/>\n<meta property=\"og:image\" content=\"https:\/\/www.strassenweb.de\/nachrichten\/wp-content\/uploads\/2025\/11\/Dieses-Jahr-dekoriere-ich-mit-der-unweihnachtlichsten-Weihnachtsdekoration-die-fuer.jpg\" \/>\n\t<meta property=\"og:image:width\" content=\"1920\" \/>\n\t<meta property=\"og:image:height\" content=\"1080\" \/>\n\t<meta property=\"og:image:type\" content=\"image\/jpeg\" \/>\n<meta name=\"author\" content=\"Robert Hoffmann\" \/>\n<meta name=\"twitter:card\" content=\"summary_large_image\" \/>\n<meta name=\"twitter:label1\" content=\"Verfasst von\" \/>\n\t<meta name=\"twitter:data1\" content=\"Robert Hoffmann\" \/>\n\t<meta name=\"twitter:label2\" content=\"Gesch\u00e4tzte Lesezeit\" \/>\n\t<meta name=\"twitter:data2\" content=\"3\u00a0Minuten\" \/>\n<script type=\"application\/ld+json\" class=\"yoast-schema-graph\">{\"@context\":\"https:\\\/\\\/schema.org\",\"@graph\":[{\"@type\":\"Article\",\"@id\":\"https:\\\/\\\/www.strassenweb.de\\\/nachrichten\\\/dieses-jahr-dekoriere-ich-mit-der-unweihnachtlichsten-weihnachtsdekoration-die-fuer-ein-langsames-nachhaltiges-und-wunderschoen-vielschichtiges-leben-entworfen-wurde-dank-the-white-company\\\/#article\",\"isPartOf\":{\"@id\":\"https:\\\/\\\/www.strassenweb.de\\\/nachrichten\\\/dieses-jahr-dekoriere-ich-mit-der-unweihnachtlichsten-weihnachtsdekoration-die-fuer-ein-langsames-nachhaltiges-und-wunderschoen-vielschichtiges-leben-entworfen-wurde-dank-the-white-company\\\/\"},\"author\":{\"name\":\"Robert Hoffmann\",\"@id\":\"https:\\\/\\\/www.strassenweb.de\\\/nachrichten\\\/#\\\/schema\\\/person\\\/87c9c9067f1211da429a744dc5a5aa41\"},\"headline\":\"Dieses Jahr dekoriere ich mit der unweihnachtlichsten Weihnachtsdekoration, die f\u00fcr ein langsames, nachhaltiges und wundersch\u00f6n vielschichtiges Leben entworfen wurde \u2013 dank The White Company\",\"datePublished\":\"2025-11-21T21:40:02+00:00\",\"dateModified\":\"2025-11-21T21:40:03+00:00\",\"mainEntityOfPage\":{\"@id\":\"https:\\\/\\\/www.strassenweb.de\\\/nachrichten\\\/dieses-jahr-dekoriere-ich-mit-der-unweihnachtlichsten-weihnachtsdekoration-die-fuer-ein-langsames-nachhaltiges-und-wunderschoen-vielschichtiges-leben-entworfen-wurde-dank-the-white-company\\\/\"},\"wordCount\":719,\"publisher\":{\"@id\":\"https:\\\/\\\/www.strassenweb.de\\\/nachrichten\\\/#organization\"},\"image\":{\"@id\":\"https:\\\/\\\/www.strassenweb.de\\\/nachrichten\\\/dieses-jahr-dekoriere-ich-mit-der-unweihnachtlichsten-weihnachtsdekoration-die-fuer-ein-langsames-nachhaltiges-und-wunderschoen-vielschichtiges-leben-entworfen-wurde-dank-the-white-company\\\/#primaryimage\"},\"thumbnailUrl\":\"https:\\\/\\\/www.strassenweb.de\\\/nachrichten\\\/wp-content\\\/uploads\\\/2025\\\/11\\\/Dieses-Jahr-dekoriere-ich-mit-der-unweihnachtlichsten-Weihnachtsdekoration-die-fuer.jpg\",\"keywords\":[\"Company\",\"dank\",\"dekoriere\",\"der\",\"die\",\"dieses\",\"ein\",\"entworfen\",\"f\u00fcr\",\"ich\",\"Jahr\",\"langsames\",\"leben\",\"mit\",\"Nachhaltiges\",\"und\",\"unweihnachtlichsten\",\"vielschichtiges\",\"Weihnachtsdekoration\",\"White\",\"wundersch\u00f6n\",\"w\u00fcrde\"],\"articleSection\":[\"Haus &amp; Garten\"],\"inLanguage\":\"de\"},{\"@type\":\"WebPage\",\"@id\":\"https:\\\/\\\/www.strassenweb.de\\\/nachrichten\\\/dieses-jahr-dekoriere-ich-mit-der-unweihnachtlichsten-weihnachtsdekoration-die-fuer-ein-langsames-nachhaltiges-und-wunderschoen-vielschichtiges-leben-entworfen-wurde-dank-the-white-company\\\/\",\"url\":\"https:\\\/\\\/www.strassenweb.de\\\/nachrichten\\\/dieses-jahr-dekoriere-ich-mit-der-unweihnachtlichsten-weihnachtsdekoration-die-fuer-ein-langsames-nachhaltiges-und-wunderschoen-vielschichtiges-leben-entworfen-wurde-dank-the-white-company\\\/\",\"name\":\"Dieses Jahr dekoriere ich mit der unweihnachtlichsten Weihnachtsdekoration, die f\u00fcr ein langsames, nachhaltiges und wundersch\u00f6n vielschichtiges Leben entworfen wurde \u2013 dank The White Company - Nachrichten - Stra\u00dfenweb\",\"isPartOf\":{\"@id\":\"https:\\\/\\\/www.strassenweb.de\\\/nachrichten\\\/#website\"},\"primaryImageOfPage\":{\"@id\":\"https:\\\/\\\/www.strassenweb.de\\\/nachrichten\\\/dieses-jahr-dekoriere-ich-mit-der-unweihnachtlichsten-weihnachtsdekoration-die-fuer-ein-langsames-nachhaltiges-und-wunderschoen-vielschichtiges-leben-entworfen-wurde-dank-the-white-company\\\/#primaryimage\"},\"image\":{\"@id\":\"https:\\\/\\\/www.strassenweb.de\\\/nachrichten\\\/dieses-jahr-dekoriere-ich-mit-der-unweihnachtlichsten-weihnachtsdekoration-die-fuer-ein-langsames-nachhaltiges-und-wunderschoen-vielschichtiges-leben-entworfen-wurde-dank-the-white-company\\\/#primaryimage\"},\"thumbnailUrl\":\"https:\\\/\\\/www.strassenweb.de\\\/nachrichten\\\/wp-content\\\/uploads\\\/2025\\\/11\\\/Dieses-Jahr-dekoriere-ich-mit-der-unweihnachtlichsten-Weihnachtsdekoration-die-fuer.jpg\",\"datePublished\":\"2025-11-21T21:40:02+00:00\",\"dateModified\":\"2025-11-21T21:40:03+00:00\",\"breadcrumb\":{\"@id\":\"https:\\\/\\\/www.strassenweb.de\\\/nachrichten\\\/dieses-jahr-dekoriere-ich-mit-der-unweihnachtlichsten-weihnachtsdekoration-die-fuer-ein-langsames-nachhaltiges-und-wunderschoen-vielschichtiges-leben-entworfen-wurde-dank-the-white-company\\\/#breadcrumb\"},\"inLanguage\":\"de\",\"potentialAction\":[{\"@type\":\"ReadAction\",\"target\":[\"https:\\\/\\\/www.strassenweb.de\\\/nachrichten\\\/dieses-jahr-dekoriere-ich-mit-der-unweihnachtlichsten-weihnachtsdekoration-die-fuer-ein-langsames-nachhaltiges-und-wunderschoen-vielschichtiges-leben-entworfen-wurde-dank-the-white-company\\\/\"]}]},{\"@type\":\"ImageObject\",\"inLanguage\":\"de\",\"@id\":\"https:\\\/\\\/www.strassenweb.de\\\/nachrichten\\\/dieses-jahr-dekoriere-ich-mit-der-unweihnachtlichsten-weihnachtsdekoration-die-fuer-ein-langsames-nachhaltiges-und-wunderschoen-vielschichtiges-leben-entworfen-wurde-dank-the-white-company\\\/#primaryimage\",\"url\":\"https:\\\/\\\/www.strassenweb.de\\\/nachrichten\\\/wp-content\\\/uploads\\\/2025\\\/11\\\/Dieses-Jahr-dekoriere-ich-mit-der-unweihnachtlichsten-Weihnachtsdekoration-die-fuer.jpg\",\"contentUrl\":\"https:\\\/\\\/www.strassenweb.de\\\/nachrichten\\\/wp-content\\\/uploads\\\/2025\\\/11\\\/Dieses-Jahr-dekoriere-ich-mit-der-unweihnachtlichsten-Weihnachtsdekoration-die-fuer.jpg\",\"width\":1920,\"height\":1080,\"caption\":\"Christmas side table\"},{\"@type\":\"BreadcrumbList\",\"@id\":\"https:\\\/\\\/www.strassenweb.de\\\/nachrichten\\\/dieses-jahr-dekoriere-ich-mit-der-unweihnachtlichsten-weihnachtsdekoration-die-fuer-ein-langsames-nachhaltiges-und-wunderschoen-vielschichtiges-leben-entworfen-wurde-dank-the-white-company\\\/#breadcrumb\",\"itemListElement\":[{\"@type\":\"ListItem\",\"position\":1,\"name\":\"Home\",\"item\":\"https:\\\/\\\/www.strassenweb.de\\\/nachrichten\\\/\"},{\"@type\":\"ListItem\",\"position\":2,\"name\":\"Dieses Jahr dekoriere ich mit der unweihnachtlichsten Weihnachtsdekoration, die f\u00fcr ein langsames, nachhaltiges und wundersch\u00f6n vielschichtiges Leben entworfen wurde \u2013 dank The White Company\"}]},{\"@type\":\"WebSite\",\"@id\":\"https:\\\/\\\/www.strassenweb.de\\\/nachrichten\\\/#website\",\"url\":\"https:\\\/\\\/www.strassenweb.de\\\/nachrichten\\\/\",\"name\":\"Stra\u00dfenweb\",\"description\":\"Stra\u00dfenverzeichnis f\u00fcr Deutschland\",\"publisher\":{\"@id\":\"https:\\\/\\\/www.strassenweb.de\\\/nachrichten\\\/#organization\"},\"potentialAction\":[{\"@type\":\"SearchAction\",\"target\":{\"@type\":\"EntryPoint\",\"urlTemplate\":\"https:\\\/\\\/www.strassenweb.de\\\/nachrichten\\\/?s={search_term_string}\"},\"query-input\":{\"@type\":\"PropertyValueSpecification\",\"valueRequired\":true,\"valueName\":\"search_term_string\"}}],\"inLanguage\":\"de\"},{\"@type\":\"Organization\",\"@id\":\"https:\\\/\\\/www.strassenweb.de\\\/nachrichten\\\/#organization\",\"name\":\"Stra\u00dfenweb\",\"url\":\"https:\\\/\\\/www.strassenweb.de\\\/nachrichten\\\/\",\"logo\":{\"@type\":\"ImageObject\",\"inLanguage\":\"de\",\"@id\":\"https:\\\/\\\/www.strassenweb.de\\\/nachrichten\\\/#\\\/schema\\\/logo\\\/image\\\/\",\"url\":\"https:\\\/\\\/www.strassenweb.de\\\/nachrichten\\\/wp-content\\\/uploads\\\/2024\\\/09\\\/cropped-favicon.png\",\"contentUrl\":\"https:\\\/\\\/www.strassenweb.de\\\/nachrichten\\\/wp-content\\\/uploads\\\/2024\\\/09\\\/cropped-favicon.png\",\"width\":512,\"height\":512,\"caption\":\"Stra\u00dfenweb\"},\"image\":{\"@id\":\"https:\\\/\\\/www.strassenweb.de\\\/nachrichten\\\/#\\\/schema\\\/logo\\\/image\\\/\"},\"sameAs\":[\"https:\\\/\\\/www.facebook.com\\\/strassenweb\\\/\"]},{\"@type\":\"Person\",\"@id\":\"https:\\\/\\\/www.strassenweb.de\\\/nachrichten\\\/#\\\/schema\\\/person\\\/87c9c9067f1211da429a744dc5a5aa41\",\"name\":\"Robert Hoffmann\",\"image\":{\"@type\":\"ImageObject\",\"inLanguage\":\"de\",\"@id\":\"https:\\\/\\\/www.strassenweb.de\\\/nachrichten\\\/wp-content\\\/uploads\\\/2024\\\/09\\\/strassenweb-150x150.jpg\",\"url\":\"https:\\\/\\\/www.strassenweb.de\\\/nachrichten\\\/wp-content\\\/uploads\\\/2024\\\/09\\\/strassenweb-150x150.jpg\",\"contentUrl\":\"https:\\\/\\\/www.strassenweb.de\\\/nachrichten\\\/wp-content\\\/uploads\\\/2024\\\/09\\\/strassenweb-150x150.jpg\",\"caption\":\"Robert Hoffmann\"},\"description\":\"Ich hei\u00dfe Robert Hoffmann und ich bin ein leidenschaftlicher Verfechter von \u00d6kologie und Biodiversit\u00e4t. Seit meiner Kindheit in den W\u00e4ldern Bayerns f\u00fchle ich mich mit der Natur verbunden und bin entschlossen, sie zu sch\u00fctzen. Heute widme ich mein Leben der Sensibilisierung anderer f\u00fcr die Bedeutung des Umweltschutzes f\u00fcr zuk\u00fcnftige Generationen.\",\"sameAs\":[\"https:\\\/\\\/www.strassenweb.de\\\/\"]}]}<\/script>\n<!-- \/ Yoast SEO plugin. -->","yoast_head_json":{"title":"Dieses Jahr dekoriere ich mit der unweihnachtlichsten Weihnachtsdekoration, die f\u00fcr ein langsames, nachhaltiges und wundersch\u00f6n vielschichtiges Leben entworfen wurde \u2013 dank The White Company - Nachrichten - Stra\u00dfenweb","robots":{"index":"index","follow":"follow","max-snippet":"max-snippet:-1","max-image-preview":"max-image-preview:large","max-video-preview":"max-video-preview:-1"},"canonical":"https:\/\/www.strassenweb.de\/nachrichten\/dieses-jahr-dekoriere-ich-mit-der-unweihnachtlichsten-weihnachtsdekoration-die-fuer-ein-langsames-nachhaltiges-und-wunderschoen-vielschichtiges-leben-entworfen-wurde-dank-the-white-company\/","og_locale":"de_DE","og_type":"article","og_title":"Dieses Jahr dekoriere ich mit der unweihnachtlichsten Weihnachtsdekoration, die f\u00fcr ein langsames, nachhaltiges und wundersch\u00f6n vielschichtiges Leben entworfen wurde \u2013 dank The White Company - Nachrichten - Stra\u00dfenweb","og_description":"Im gesamten Vereinigten K\u00f6nigreich verbreitet sich eine ruhigere und nachdenklichere Vorstellung von Weihnachten. Nach Jahren, die von glitzernden Spektakeln und Theaterauff\u00fchrungen gepr\u00e4gt waren, sehnen sich","og_url":"https:\/\/www.strassenweb.de\/nachrichten\/dieses-jahr-dekoriere-ich-mit-der-unweihnachtlichsten-weihnachtsdekoration-die-fuer-ein-langsames-nachhaltiges-und-wunderschoen-vielschichtiges-leben-entworfen-wurde-dank-the-white-company\/","og_site_name":"Stra\u00dfenweb","article_publisher":"https:\/\/www.facebook.com\/strassenweb\/","article_published_time":"2025-11-21T21:40:02+00:00","article_modified_time":"2025-11-21T21:40:03+00:00","og_image":[{"width":1920,"height":1080,"url":"https:\/\/www.strassenweb.de\/nachrichten\/wp-content\/uploads\/2025\/11\/Dieses-Jahr-dekoriere-ich-mit-der-unweihnachtlichsten-Weihnachtsdekoration-die-fuer.jpg","type":"image\/jpeg"}],"author":"Robert Hoffmann","twitter_card":"summary_large_image","twitter_misc":{"Verfasst von":"Robert Hoffmann","Gesch\u00e4tzte Lesezeit":"3\u00a0Minuten"},"schema":{"@context":"https:\/\/schema.org","@graph":[{"@type":"Article","@id":"https:\/\/www.strassenweb.de\/nachrichten\/dieses-jahr-dekoriere-ich-mit-der-unweihnachtlichsten-weihnachtsdekoration-die-fuer-ein-langsames-nachhaltiges-und-wunderschoen-vielschichtiges-leben-entworfen-wurde-dank-the-white-company\/#article","isPartOf":{"@id":"https:\/\/www.strassenweb.de\/nachrichten\/dieses-jahr-dekoriere-ich-mit-der-unweihnachtlichsten-weihnachtsdekoration-die-fuer-ein-langsames-nachhaltiges-und-wunderschoen-vielschichtiges-leben-entworfen-wurde-dank-the-white-company\/"},"author":{"name":"Robert Hoffmann","@id":"https:\/\/www.strassenweb.de\/nachrichten\/#\/schema\/person\/87c9c9067f1211da429a744dc5a5aa41"},"headline":"Dieses Jahr dekoriere ich mit der unweihnachtlichsten Weihnachtsdekoration, die f\u00fcr ein langsames, nachhaltiges und wundersch\u00f6n vielschichtiges Leben entworfen wurde \u2013 dank The White Company","datePublished":"2025-11-21T21:40:02+00:00","dateModified":"2025-11-21T21:40:03+00:00","mainEntityOfPage":{"@id":"https:\/\/www.strassenweb.de\/nachrichten\/dieses-jahr-dekoriere-ich-mit-der-unweihnachtlichsten-weihnachtsdekoration-die-fuer-ein-langsames-nachhaltiges-und-wunderschoen-vielschichtiges-leben-entworfen-wurde-dank-the-white-company\/"},"wordCount":719,"publisher":{"@id":"https:\/\/www.strassenweb.de\/nachrichten\/#organization"},"image":{"@id":"https:\/\/www.strassenweb.de\/nachrichten\/dieses-jahr-dekoriere-ich-mit-der-unweihnachtlichsten-weihnachtsdekoration-die-fuer-ein-langsames-nachhaltiges-und-wunderschoen-vielschichtiges-leben-entworfen-wurde-dank-the-white-company\/#primaryimage"},"thumbnailUrl":"https:\/\/www.strassenweb.de\/nachrichten\/wp-content\/uploads\/2025\/11\/Dieses-Jahr-dekoriere-ich-mit-der-unweihnachtlichsten-Weihnachtsdekoration-die-fuer.jpg","keywords":["Company","dank","dekoriere","der","die","dieses","ein","entworfen","f\u00fcr","ich","Jahr","langsames","leben","mit","Nachhaltiges","und","unweihnachtlichsten","vielschichtiges","Weihnachtsdekoration","White","wundersch\u00f6n","w\u00fcrde"],"articleSection":["Haus &amp; Garten"],"inLanguage":"de"},{"@type":"WebPage","@id":"https:\/\/www.strassenweb.de\/nachrichten\/dieses-jahr-dekoriere-ich-mit-der-unweihnachtlichsten-weihnachtsdekoration-die-fuer-ein-langsames-nachhaltiges-und-wunderschoen-vielschichtiges-leben-entworfen-wurde-dank-the-white-company\/","url":"https:\/\/www.strassenweb.de\/nachrichten\/dieses-jahr-dekoriere-ich-mit-der-unweihnachtlichsten-weihnachtsdekoration-die-fuer-ein-langsames-nachhaltiges-und-wunderschoen-vielschichtiges-leben-entworfen-wurde-dank-the-white-company\/","name":"Dieses Jahr dekoriere ich mit der unweihnachtlichsten Weihnachtsdekoration, die f\u00fcr ein langsames, nachhaltiges und wundersch\u00f6n vielschichtiges Leben entworfen wurde \u2013 dank The White Company - Nachrichten - Stra\u00dfenweb","isPartOf":{"@id":"https:\/\/www.strassenweb.de\/nachrichten\/#website"},"primaryImageOfPage":{"@id":"https:\/\/www.strassenweb.de\/nachrichten\/dieses-jahr-dekoriere-ich-mit-der-unweihnachtlichsten-weihnachtsdekoration-die-fuer-ein-langsames-nachhaltiges-und-wunderschoen-vielschichtiges-leben-entworfen-wurde-dank-the-white-company\/#primaryimage"},"image":{"@id":"https:\/\/www.strassenweb.de\/nachrichten\/dieses-jahr-dekoriere-ich-mit-der-unweihnachtlichsten-weihnachtsdekoration-die-fuer-ein-langsames-nachhaltiges-und-wunderschoen-vielschichtiges-leben-entworfen-wurde-dank-the-white-company\/#primaryimage"},"thumbnailUrl":"https:\/\/www.strassenweb.de\/nachrichten\/wp-content\/uploads\/2025\/11\/Dieses-Jahr-dekoriere-ich-mit-der-unweihnachtlichsten-Weihnachtsdekoration-die-fuer.jpg","datePublished":"2025-11-21T21:40:02+00:00","dateModified":"2025-11-21T21:40:03+00:00","breadcrumb":{"@id":"https:\/\/www.strassenweb.de\/nachrichten\/dieses-jahr-dekoriere-ich-mit-der-unweihnachtlichsten-weihnachtsdekoration-die-fuer-ein-langsames-nachhaltiges-und-wunderschoen-vielschichtiges-leben-entworfen-wurde-dank-the-white-company\/#breadcrumb"},"inLanguage":"de","potentialAction":[{"@type":"ReadAction","target":["https:\/\/www.strassenweb.de\/nachrichten\/dieses-jahr-dekoriere-ich-mit-der-unweihnachtlichsten-weihnachtsdekoration-die-fuer-ein-langsames-nachhaltiges-und-wunderschoen-vielschichtiges-leben-entworfen-wurde-dank-the-white-company\/"]}]},{"@type":"ImageObject","inLanguage":"de","@id":"https:\/\/www.strassenweb.de\/nachrichten\/dieses-jahr-dekoriere-ich-mit-der-unweihnachtlichsten-weihnachtsdekoration-die-fuer-ein-langsames-nachhaltiges-und-wunderschoen-vielschichtiges-leben-entworfen-wurde-dank-the-white-company\/#primaryimage","url":"https:\/\/www.strassenweb.de\/nachrichten\/wp-content\/uploads\/2025\/11\/Dieses-Jahr-dekoriere-ich-mit-der-unweihnachtlichsten-Weihnachtsdekoration-die-fuer.jpg","contentUrl":"https:\/\/www.strassenweb.de\/nachrichten\/wp-content\/uploads\/2025\/11\/Dieses-Jahr-dekoriere-ich-mit-der-unweihnachtlichsten-Weihnachtsdekoration-die-fuer.jpg","width":1920,"height":1080,"caption":"Christmas side table"},{"@type":"BreadcrumbList","@id":"https:\/\/www.strassenweb.de\/nachrichten\/dieses-jahr-dekoriere-ich-mit-der-unweihnachtlichsten-weihnachtsdekoration-die-fuer-ein-langsames-nachhaltiges-und-wunderschoen-vielschichtiges-leben-entworfen-wurde-dank-the-white-company\/#breadcrumb","itemListElement":[{"@type":"ListItem","position":1,"name":"Home","item":"https:\/\/www.strassenweb.de\/nachrichten\/"},{"@type":"ListItem","position":2,"name":"Dieses Jahr dekoriere ich mit der unweihnachtlichsten Weihnachtsdekoration, die f\u00fcr ein langsames, nachhaltiges und wundersch\u00f6n vielschichtiges Leben entworfen wurde \u2013 dank The White Company"}]},{"@type":"WebSite","@id":"https:\/\/www.strassenweb.de\/nachrichten\/#website","url":"https:\/\/www.strassenweb.de\/nachrichten\/","name":"Stra\u00dfenweb","description":"Stra\u00dfenverzeichnis f\u00fcr Deutschland","publisher":{"@id":"https:\/\/www.strassenweb.de\/nachrichten\/#organization"},"potentialAction":[{"@type":"SearchAction","target":{"@type":"EntryPoint","urlTemplate":"https:\/\/www.strassenweb.de\/nachrichten\/?s={search_term_string}"},"query-input":{"@type":"PropertyValueSpecification","valueRequired":true,"valueName":"search_term_string"}}],"inLanguage":"de"},{"@type":"Organization","@id":"https:\/\/www.strassenweb.de\/nachrichten\/#organization","name":"Stra\u00dfenweb","url":"https:\/\/www.strassenweb.de\/nachrichten\/","logo":{"@type":"ImageObject","inLanguage":"de","@id":"https:\/\/www.strassenweb.de\/nachrichten\/#\/schema\/logo\/image\/","url":"https:\/\/www.strassenweb.de\/nachrichten\/wp-content\/uploads\/2024\/09\/cropped-favicon.png","contentUrl":"https:\/\/www.strassenweb.de\/nachrichten\/wp-content\/uploads\/2024\/09\/cropped-favicon.png","width":512,"height":512,"caption":"Stra\u00dfenweb"},"image":{"@id":"https:\/\/www.strassenweb.de\/nachrichten\/#\/schema\/logo\/image\/"},"sameAs":["https:\/\/www.facebook.com\/strassenweb\/"]},{"@type":"Person","@id":"https:\/\/www.strassenweb.de\/nachrichten\/#\/schema\/person\/87c9c9067f1211da429a744dc5a5aa41","name":"Robert Hoffmann","image":{"@type":"ImageObject","inLanguage":"de","@id":"https:\/\/www.strassenweb.de\/nachrichten\/wp-content\/uploads\/2024\/09\/strassenweb-150x150.jpg","url":"https:\/\/www.strassenweb.de\/nachrichten\/wp-content\/uploads\/2024\/09\/strassenweb-150x150.jpg","contentUrl":"https:\/\/www.strassenweb.de\/nachrichten\/wp-content\/uploads\/2024\/09\/strassenweb-150x150.jpg","caption":"Robert Hoffmann"},"description":"Ich hei\u00dfe Robert Hoffmann und ich bin ein leidenschaftlicher Verfechter von \u00d6kologie und Biodiversit\u00e4t. Seit meiner Kindheit in den W\u00e4ldern Bayerns f\u00fchle ich mich mit der Natur verbunden und bin entschlossen, sie zu sch\u00fctzen. Heute widme ich mein Leben der Sensibilisierung anderer f\u00fcr die Bedeutung des Umweltschutzes f\u00fcr zuk\u00fcnftige Generationen.","sameAs":["https:\/\/www.strassenweb.de\/"]}]}},"_links":{"self":[{"href":"https:\/\/www.strassenweb.de\/nachrichten\/wp-json\/wp\/v2\/posts\/9340","targetHints":{"allow":["GET"]}}],"collection":[{"href":"https:\/\/www.strassenweb.de\/nachrichten\/wp-json\/wp\/v2\/posts"}],"about":[{"href":"https:\/\/www.strassenweb.de\/nachrichten\/wp-json\/wp\/v2\/types\/post"}],"author":[{"embeddable":true,"href":"https:\/\/www.strassenweb.de\/nachrichten\/wp-json\/wp\/v2\/users\/1"}],"replies":[{"embeddable":true,"href":"https:\/\/www.strassenweb.de\/nachrichten\/wp-json\/wp\/v2\/comments?post=9340"}],"version-history":[{"count":0,"href":"https:\/\/www.strassenweb.de\/nachrichten\/wp-json\/wp\/v2\/posts\/9340\/revisions"}],"wp:featuredmedia":[{"embeddable":true,"href":"https:\/\/www.strassenweb.de\/nachrichten\/wp-json\/wp\/v2\/media\/9341"}],"wp:attachment":[{"href":"https:\/\/www.strassenweb.de\/nachrichten\/wp-json\/wp\/v2\/media?parent=9340"}],"wp:term":[{"taxonomy":"category","embeddable":true,"href":"https:\/\/www.strassenweb.de\/nachrichten\/wp-json\/wp\/v2\/categories?post=9340"},{"taxonomy":"post_tag","embeddable":true,"href":"https:\/\/www.strassenweb.de\/nachrichten\/wp-json\/wp\/v2\/tags?post=9340"}],"curies":[{"name":"wp","href":"https:\/\/api.w.org\/{rel}","templated":true}]}}