{"id":933,"date":"2024-10-16T03:55:39","date_gmt":"2024-10-16T01:55:39","guid":{"rendered":"https:\/\/www.strassenweb.de\/nachrichten\/mariah-carey-mag-diese-haeufig-verwendete-beleuchtungstechnik-nicht-hier-sind-die-top-tipps-eines-experten-fuer-umgebungsalternativen\/"},"modified":"2024-10-16T03:55:40","modified_gmt":"2024-10-16T01:55:40","slug":"mariah-carey-mag-diese-haeufig-verwendete-beleuchtungstechnik-nicht-hier-sind-die-top-tipps-eines-experten-fuer-umgebungsalternativen","status":"publish","type":"post","link":"https:\/\/www.strassenweb.de\/nachrichten\/mariah-carey-mag-diese-haeufig-verwendete-beleuchtungstechnik-nicht-hier-sind-die-top-tipps-eines-experten-fuer-umgebungsalternativen\/","title":{"rendered":"Mariah Carey mag diese h\u00e4ufig verwendete Beleuchtungstechnik nicht \u2013 hier sind die Top-Tipps eines Experten f\u00fcr Umgebungsalternativen"},"content":{"rendered":"<p><\/p>\n<div id=\"article-body\" class=\"article__body \">\n<p>Neben ihrem umfangreichen Musikwerk ist Mariah Carey vielleicht vor allem f\u00fcr ihre cleveren Witze und frechen Zitate bekannt. Jetzt hat die S\u00e4ngerin eine neue Sichtweise, die wir unterst\u00fctzen k\u00f6nnen: \u201eMit der Deckenbeleuchtung geht das nicht\u201c, erkl\u00e4rte sie im Popkultur-Podcast. <em>Las Culturistas<\/em> k\u00fcrzlich. \u201eWarum tun sie uns das an?\u201c<\/p>\n<div id=\"ad-unit-1\" class=\"ad-unit\"><\/div>\n<p>Fluoreszierende Deckenbeleuchtung ist objektiv gesehen ziemlich grell, und Carey sagt, dass sie im \u00f6ffentlichen Raum negativ darauf reagiert. \u201eIch bin derjenige, der am meisten von der schrecklichen Beleuchtung in jedem Aufzug, jeder T\u00fcr und jedem Fitnessstudio gequ\u00e4lt wird.\u201c<\/p>\n<aside class=\"hawk-nest\" data-render-type=\"fte\" data-skip=\"dealsy\" data-widget-type=\"seasonal\">\n<div class=\"hawk-master-widget-hawk-base-wrapper\"><\/div>\n<\/aside>\n<p>W\u00e4hrend sie sagt, dass die Sonne ihre bevorzugte Lichtquelle ist, haben wir mit Experten gesprochen, um einige alternative Beleuchtungsideen herauszufinden, um einem Raum eine warme und einladende Atmosph\u00e4re zu verleihen.<\/p>\n<div id=\"desktop-in-article\" class=\"in-article ad-unit\">\n<div id=\"desktop-taboola-mid-article\"><\/div>\n<\/div>\n<div id=\"mobile-in-article\" class=\"in-article ad-unit\">\n<div id=\"mobile-taboola-mid-article\"><\/div>\n<\/div>\n<div class=\"instagram-embed\">\n<blockquote class=\"instagram-media\" data-instgrm-captioned data-instgrm-version=\"6\" style=\"width:99.375%; width:-webkit-calc(100% - 2px); width:calc(100% - 2px);\">\n<p>Ein von Matt Rogers (@mattrogerstho) geteilter Beitrag<\/p>\n<p>Ein Foto gepostet von am <\/p>\n<\/blockquote>\n<\/div>\n<p>In erster Linie sind Lampen eine nat\u00fcrliche (und beliebte) Wahl f\u00fcr die Beleuchtung f\u00fcr diejenigen, die eine dezente Beleuchtung gegen\u00fcber hellen LED-Lampen bevorzugen.<\/p>\n<div class=\"van_vid_carousel\">\n<div class=\"van_vid_carousel__padding\">\n<div class=\"van_vid_carousel__container\"><\/div>\n<\/div>\n<\/div>\n<p>\u201eSteh- und Tischlampen sind vielseitig und unverzichtbar, wenn Sie Lichtkreise in einem Raum schaffen m\u00f6chten\u201c, sagt die in Westchester ans\u00e4ssige Designerin Nina Lichtenstein. \u201ePlatzieren Sie eine auff\u00e4llige Stehlampe in der N\u00e4he einer Leseecke oder eines Sofas, um eine gem\u00fctliche Atmosph\u00e4re zu schaffen, oder entscheiden Sie sich f\u00fcr ein Paar passender Tischlampen auf beiden Seiten eines Bettes oder Sofas, um Symmetrie und Ausgewogenheit herzustellen.\u201c Suchen Sie nach Lampen mit dimmbaren Funktionen, damit Sie das Licht ganz einfach an die Stimmung anpassen k\u00f6nnen, sei es ein sanfter Schein f\u00fcr einen entspannten Abend oder ein helleres Licht zum Lesen.\u201c<\/p>\n<div id=\"ad-unit-2\" class=\"ad-unit\"><\/div>\n<p>Eine weitere Option ist eine Wandleuchte, eine der \u00e4ltesten und traditionellsten Einrichtungsgegenst\u00e4nde, die sowohl in modernen als auch in konservativen H\u00e4usern immer noch als Platz f\u00fcr Wandleuchten Verwendung findet.<\/p>\n<p>\u201eWandleuchten eignen sich perfekt f\u00fcr sanftes, gerichtetes Licht, das Kunstwerke hervorhebt, einen Spiegel einrahmt oder in funktionalen R\u00e4umen wie einem Badezimmer oder einem Flur f\u00fcr Arbeitsbeleuchtung sorgt\u201c, erkl\u00e4rt Lichtenstein. \u201eIm Gegensatz zu Deckenleuchten, die manchmal grell wirken k\u00f6nnen, bieten Wandleuchten ein subtileres, fokussierteres Licht. \u201eVerstellbare Wandleuchten mit Schwenkarm eignen sich ideal f\u00fcr den Einsatz am Bett oder am Schreibtisch, w\u00e4hrend wandb\u00fcndig montierte oder festverdrahtete Wandleuchten entlang von W\u00e4nden oder Treppen einen eleganten Look erzeugen.\u201c<\/p>\n<div id=\"slice-container-newsletterForm-articleInbodyContent-pKAczh7rgCshGAjTA89YB8\" class=\"slice-container newsletter-inbodyContent-slice newsletterForm-articleInbodyContent-pKAczh7rgCshGAjTA89YB8 slice-container-newsletterForm\"><\/div>\n<figure class=\"van-image-figure inline-layout \" data-bordeaux-image-check>\n<div class=\"image-full-width-wrapper\">\n<div class=\"image-widthsetter\" style=\"max-width:2000px;\"><\/div>\n<\/div>\n<\/figure>\n<p>Dar\u00fcber hinaus sagt Lichtenstein, dass LED-Beleuchtung mit ihrem dezenten und einfach anzubringenden Streifenformat eine gro\u00dfartige DIY-Beleuchtungsidee sein kann.<\/p>\n<p>\u201eF\u00fcr eine elegante, moderne Beleuchtungsl\u00f6sung sollten Sie die Installation von LED-Streifen unter Schr\u00e4nken, in Regalen oder entlang von Fu\u00dfleisten in Betracht ziehen\u201c, erkl\u00e4rt sie. \u201eDiese versteckte Lichtquelle erzeugt ein wundersch\u00f6nes, stimmungsvolles Licht, ohne den Raum zu \u00fcberfordern. LED-Lichtb\u00e4nder k\u00f6nnen auch hinter Fernsehern, Kopfteilen oder um Fenster herum angebracht werden, um f\u00fcr eine sanfte Hintergrundbeleuchtung zu sorgen, die die Architektur des Raumes aufwertet.\u201c<\/p>\n<p>Sorgen Sie mit einigen sicheren und stilvollen Kerzen (ja, wir sprechen von flammenlosen Kerzen) auch \u00fcber den Herbst und Winter hinaus f\u00fcr eine gem\u00fctliche Atmosph\u00e4re.<\/p>\n<p>\u201eObwohl Kerzen f\u00fcr den t\u00e4glichen Gebrauch nicht praktisch sind, stellen sie eine zeitlose Alternative zur elektrischen Beleuchtung dar und eignen sich perfekt f\u00fcr die Schaffung einer romantischen oder intimen Atmosph\u00e4re\u201c, sagt Lichtenstein. \u201eEntscheiden Sie sich f\u00fcr dekorative Kerzenhalter oder Laternen, um einen rustikalen oder eleganten Touch zu verleihen. \u201eFlammenlose LED-Kerzen k\u00f6nnen das Flackern echter Kerzen nachahmen und sind dank Batteriebetrieb praktisch, sodass sie f\u00fcr Haushalte mit Kindern oder Haustieren sicher sind.\u201c<\/p>\n<hr>\n<h2 id=\"shop-h-g-s-lighting-edit-3\">Kaufen Sie H&#038;Gs Lighting Edit<\/h2>\n<div class=\"product-container hero-product-container product-block-no-wrap\"><\/div>\n<hr>\n<p>Wir w\u00e4ren nachl\u00e4ssig, wenn wir nicht auf Careys Vorliebe f\u00fcr nat\u00fcrliches Licht zur\u00fcckkommen w\u00fcrden; Nutzen Sie gro\u00dfe Fenster und integrieren Sie transparente Vorh\u00e4nge oder Jalousien, um die Wirkung zu maximieren.<\/p>\n<hr>\n<\/div>\n<p><script async src=\"\/\/www.instagram.com\/embed.js\"><\/script><\/p>\n","protected":false},"excerpt":{"rendered":"<p>Neben ihrem umfangreichen Musikwerk ist Mariah Carey vielleicht vor allem f\u00fcr ihre cleveren Witze und frechen Zitate bekannt. Jetzt hat die S\u00e4ngerin eine neue Sichtweise,<\/p>\n","protected":false},"author":1,"featured_media":934,"comment_status":"closed","ping_status":"","sticky":false,"template":"","format":"standard","meta":{"footnotes":""},"categories":[118],"tags":[1833,1829,9,143,827,667,55,1831,163,1830,1828,61,58,1834,1835,1832],"class_list":["post-933","post","type-post","status-publish","format-standard","has-post-thumbnail","hentry","category-haus-garten","tag-beleuchtungstechnik","tag-carey","tag-die","tag-diese","tag-eines","tag-experten","tag-fuer","tag-haeufig","tag-hier","tag-mag","tag-mariah","tag-nicht","tag-sind","tag-toptipps","tag-umgebungsalternativen","tag-verwendete","generate-columns","tablet-grid-50","mobile-grid-100","grid-parent","grid-50"],"yoast_head":"<!-- This site is optimized with the Yoast SEO plugin v27.3 - https:\/\/yoast.com\/product\/yoast-seo-wordpress\/ -->\n<title>Mariah Carey mag diese h\u00e4ufig verwendete Beleuchtungstechnik nicht \u2013 hier sind die Top-Tipps eines Experten f\u00fcr Umgebungsalternativen - Nachrichten - Stra\u00dfenweb<\/title>\n<meta name=\"robots\" content=\"index, follow, max-snippet:-1, max-image-preview:large, max-video-preview:-1\" \/>\n<link rel=\"canonical\" href=\"https:\/\/www.strassenweb.de\/nachrichten\/mariah-carey-mag-diese-haeufig-verwendete-beleuchtungstechnik-nicht-hier-sind-die-top-tipps-eines-experten-fuer-umgebungsalternativen\/\" \/>\n<meta property=\"og:locale\" content=\"de_DE\" \/>\n<meta property=\"og:type\" content=\"article\" \/>\n<meta property=\"og:title\" content=\"Mariah Carey mag diese h\u00e4ufig verwendete Beleuchtungstechnik nicht \u2013 hier sind die Top-Tipps eines Experten f\u00fcr Umgebungsalternativen - Nachrichten - Stra\u00dfenweb\" \/>\n<meta property=\"og:description\" content=\"Neben ihrem umfangreichen Musikwerk ist Mariah Carey vielleicht vor allem f\u00fcr ihre cleveren Witze und frechen Zitate bekannt. Jetzt hat die S\u00e4ngerin eine neue Sichtweise,\" \/>\n<meta property=\"og:url\" content=\"https:\/\/www.strassenweb.de\/nachrichten\/mariah-carey-mag-diese-haeufig-verwendete-beleuchtungstechnik-nicht-hier-sind-die-top-tipps-eines-experten-fuer-umgebungsalternativen\/\" \/>\n<meta property=\"og:site_name\" content=\"Stra\u00dfenweb\" \/>\n<meta property=\"article:publisher\" content=\"https:\/\/www.facebook.com\/strassenweb\/\" \/>\n<meta property=\"article:published_time\" content=\"2024-10-16T01:55:39+00:00\" \/>\n<meta property=\"article:modified_time\" content=\"2024-10-16T01:55:40+00:00\" \/>\n<meta property=\"og:image\" content=\"https:\/\/www.strassenweb.de\/nachrichten\/wp-content\/uploads\/2024\/10\/Mariah-Carey-mag-diese-haeufig-verwendete-Beleuchtungstechnik-nicht-\u2013-hier.jpg\" \/>\n\t<meta property=\"og:image:width\" content=\"1200\" \/>\n\t<meta property=\"og:image:height\" content=\"675\" \/>\n\t<meta property=\"og:image:type\" content=\"image\/jpeg\" \/>\n<meta name=\"author\" content=\"Robert Hoffmann\" \/>\n<meta name=\"twitter:card\" content=\"summary_large_image\" \/>\n<meta name=\"twitter:label1\" content=\"Verfasst von\" \/>\n\t<meta name=\"twitter:data1\" content=\"Robert Hoffmann\" \/>\n\t<meta name=\"twitter:label2\" content=\"Gesch\u00e4tzte Lesezeit\" \/>\n\t<meta name=\"twitter:data2\" content=\"3\u00a0Minuten\" \/>\n<script type=\"application\/ld+json\" class=\"yoast-schema-graph\">{\"@context\":\"https:\\\/\\\/schema.org\",\"@graph\":[{\"@type\":\"Article\",\"@id\":\"https:\\\/\\\/www.strassenweb.de\\\/nachrichten\\\/mariah-carey-mag-diese-haeufig-verwendete-beleuchtungstechnik-nicht-hier-sind-die-top-tipps-eines-experten-fuer-umgebungsalternativen\\\/#article\",\"isPartOf\":{\"@id\":\"https:\\\/\\\/www.strassenweb.de\\\/nachrichten\\\/mariah-carey-mag-diese-haeufig-verwendete-beleuchtungstechnik-nicht-hier-sind-die-top-tipps-eines-experten-fuer-umgebungsalternativen\\\/\"},\"author\":{\"name\":\"Robert Hoffmann\",\"@id\":\"https:\\\/\\\/www.strassenweb.de\\\/nachrichten\\\/#\\\/schema\\\/person\\\/87c9c9067f1211da429a744dc5a5aa41\"},\"headline\":\"Mariah Carey mag diese h\u00e4ufig verwendete Beleuchtungstechnik nicht \u2013 hier sind die Top-Tipps eines Experten f\u00fcr Umgebungsalternativen\",\"datePublished\":\"2024-10-16T01:55:39+00:00\",\"dateModified\":\"2024-10-16T01:55:40+00:00\",\"mainEntityOfPage\":{\"@id\":\"https:\\\/\\\/www.strassenweb.de\\\/nachrichten\\\/mariah-carey-mag-diese-haeufig-verwendete-beleuchtungstechnik-nicht-hier-sind-die-top-tipps-eines-experten-fuer-umgebungsalternativen\\\/\"},\"wordCount\":644,\"publisher\":{\"@id\":\"https:\\\/\\\/www.strassenweb.de\\\/nachrichten\\\/#organization\"},\"image\":{\"@id\":\"https:\\\/\\\/www.strassenweb.de\\\/nachrichten\\\/mariah-carey-mag-diese-haeufig-verwendete-beleuchtungstechnik-nicht-hier-sind-die-top-tipps-eines-experten-fuer-umgebungsalternativen\\\/#primaryimage\"},\"thumbnailUrl\":\"https:\\\/\\\/www.strassenweb.de\\\/nachrichten\\\/wp-content\\\/uploads\\\/2024\\\/10\\\/Mariah-Carey-mag-diese-haeufig-verwendete-Beleuchtungstechnik-nicht-\u2013-hier.jpg\",\"keywords\":[\"Beleuchtungstechnik\",\"Carey\",\"die\",\"diese\",\"eines\",\"Experten\",\"f\u00fcr\",\"h\u00e4ufig\",\"hier\",\"mag\",\"Mariah\",\"nicht\",\"sind\",\"TopTipps\",\"Umgebungsalternativen\",\"verwendete\"],\"articleSection\":[\"Haus &amp; Garten\"],\"inLanguage\":\"de\"},{\"@type\":\"WebPage\",\"@id\":\"https:\\\/\\\/www.strassenweb.de\\\/nachrichten\\\/mariah-carey-mag-diese-haeufig-verwendete-beleuchtungstechnik-nicht-hier-sind-die-top-tipps-eines-experten-fuer-umgebungsalternativen\\\/\",\"url\":\"https:\\\/\\\/www.strassenweb.de\\\/nachrichten\\\/mariah-carey-mag-diese-haeufig-verwendete-beleuchtungstechnik-nicht-hier-sind-die-top-tipps-eines-experten-fuer-umgebungsalternativen\\\/\",\"name\":\"Mariah Carey mag diese h\u00e4ufig verwendete Beleuchtungstechnik nicht \u2013 hier sind die Top-Tipps eines Experten f\u00fcr Umgebungsalternativen - Nachrichten - Stra\u00dfenweb\",\"isPartOf\":{\"@id\":\"https:\\\/\\\/www.strassenweb.de\\\/nachrichten\\\/#website\"},\"primaryImageOfPage\":{\"@id\":\"https:\\\/\\\/www.strassenweb.de\\\/nachrichten\\\/mariah-carey-mag-diese-haeufig-verwendete-beleuchtungstechnik-nicht-hier-sind-die-top-tipps-eines-experten-fuer-umgebungsalternativen\\\/#primaryimage\"},\"image\":{\"@id\":\"https:\\\/\\\/www.strassenweb.de\\\/nachrichten\\\/mariah-carey-mag-diese-haeufig-verwendete-beleuchtungstechnik-nicht-hier-sind-die-top-tipps-eines-experten-fuer-umgebungsalternativen\\\/#primaryimage\"},\"thumbnailUrl\":\"https:\\\/\\\/www.strassenweb.de\\\/nachrichten\\\/wp-content\\\/uploads\\\/2024\\\/10\\\/Mariah-Carey-mag-diese-haeufig-verwendete-Beleuchtungstechnik-nicht-\u2013-hier.jpg\",\"datePublished\":\"2024-10-16T01:55:39+00:00\",\"dateModified\":\"2024-10-16T01:55:40+00:00\",\"breadcrumb\":{\"@id\":\"https:\\\/\\\/www.strassenweb.de\\\/nachrichten\\\/mariah-carey-mag-diese-haeufig-verwendete-beleuchtungstechnik-nicht-hier-sind-die-top-tipps-eines-experten-fuer-umgebungsalternativen\\\/#breadcrumb\"},\"inLanguage\":\"de\",\"potentialAction\":[{\"@type\":\"ReadAction\",\"target\":[\"https:\\\/\\\/www.strassenweb.de\\\/nachrichten\\\/mariah-carey-mag-diese-haeufig-verwendete-beleuchtungstechnik-nicht-hier-sind-die-top-tipps-eines-experten-fuer-umgebungsalternativen\\\/\"]}]},{\"@type\":\"ImageObject\",\"inLanguage\":\"de\",\"@id\":\"https:\\\/\\\/www.strassenweb.de\\\/nachrichten\\\/mariah-carey-mag-diese-haeufig-verwendete-beleuchtungstechnik-nicht-hier-sind-die-top-tipps-eines-experten-fuer-umgebungsalternativen\\\/#primaryimage\",\"url\":\"https:\\\/\\\/www.strassenweb.de\\\/nachrichten\\\/wp-content\\\/uploads\\\/2024\\\/10\\\/Mariah-Carey-mag-diese-haeufig-verwendete-Beleuchtungstechnik-nicht-\u2013-hier.jpg\",\"contentUrl\":\"https:\\\/\\\/www.strassenweb.de\\\/nachrichten\\\/wp-content\\\/uploads\\\/2024\\\/10\\\/Mariah-Carey-mag-diese-haeufig-verwendete-Beleuchtungstechnik-nicht-\u2013-hier.jpg\",\"width\":1200,\"height\":675,\"caption\":\"Mariah Carey mag diese h\u00e4ufig verwendete Beleuchtungstechnik nicht \u2013 hier sind die Top-Tipps eines Experten f\u00fcr Umgebungsalternativen\"},{\"@type\":\"BreadcrumbList\",\"@id\":\"https:\\\/\\\/www.strassenweb.de\\\/nachrichten\\\/mariah-carey-mag-diese-haeufig-verwendete-beleuchtungstechnik-nicht-hier-sind-die-top-tipps-eines-experten-fuer-umgebungsalternativen\\\/#breadcrumb\",\"itemListElement\":[{\"@type\":\"ListItem\",\"position\":1,\"name\":\"Home\",\"item\":\"https:\\\/\\\/www.strassenweb.de\\\/nachrichten\\\/\"},{\"@type\":\"ListItem\",\"position\":2,\"name\":\"Mariah Carey mag diese h\u00e4ufig verwendete Beleuchtungstechnik nicht \u2013 hier sind die Top-Tipps eines Experten f\u00fcr Umgebungsalternativen\"}]},{\"@type\":\"WebSite\",\"@id\":\"https:\\\/\\\/www.strassenweb.de\\\/nachrichten\\\/#website\",\"url\":\"https:\\\/\\\/www.strassenweb.de\\\/nachrichten\\\/\",\"name\":\"Stra\u00dfenweb\",\"description\":\"Stra\u00dfenverzeichnis f\u00fcr Deutschland\",\"publisher\":{\"@id\":\"https:\\\/\\\/www.strassenweb.de\\\/nachrichten\\\/#organization\"},\"potentialAction\":[{\"@type\":\"SearchAction\",\"target\":{\"@type\":\"EntryPoint\",\"urlTemplate\":\"https:\\\/\\\/www.strassenweb.de\\\/nachrichten\\\/?s={search_term_string}\"},\"query-input\":{\"@type\":\"PropertyValueSpecification\",\"valueRequired\":true,\"valueName\":\"search_term_string\"}}],\"inLanguage\":\"de\"},{\"@type\":\"Organization\",\"@id\":\"https:\\\/\\\/www.strassenweb.de\\\/nachrichten\\\/#organization\",\"name\":\"Stra\u00dfenweb\",\"url\":\"https:\\\/\\\/www.strassenweb.de\\\/nachrichten\\\/\",\"logo\":{\"@type\":\"ImageObject\",\"inLanguage\":\"de\",\"@id\":\"https:\\\/\\\/www.strassenweb.de\\\/nachrichten\\\/#\\\/schema\\\/logo\\\/image\\\/\",\"url\":\"https:\\\/\\\/www.strassenweb.de\\\/nachrichten\\\/wp-content\\\/uploads\\\/2024\\\/09\\\/cropped-favicon.png\",\"contentUrl\":\"https:\\\/\\\/www.strassenweb.de\\\/nachrichten\\\/wp-content\\\/uploads\\\/2024\\\/09\\\/cropped-favicon.png\",\"width\":512,\"height\":512,\"caption\":\"Stra\u00dfenweb\"},\"image\":{\"@id\":\"https:\\\/\\\/www.strassenweb.de\\\/nachrichten\\\/#\\\/schema\\\/logo\\\/image\\\/\"},\"sameAs\":[\"https:\\\/\\\/www.facebook.com\\\/strassenweb\\\/\"]},{\"@type\":\"Person\",\"@id\":\"https:\\\/\\\/www.strassenweb.de\\\/nachrichten\\\/#\\\/schema\\\/person\\\/87c9c9067f1211da429a744dc5a5aa41\",\"name\":\"Robert Hoffmann\",\"image\":{\"@type\":\"ImageObject\",\"inLanguage\":\"de\",\"@id\":\"https:\\\/\\\/www.strassenweb.de\\\/nachrichten\\\/wp-content\\\/uploads\\\/2024\\\/09\\\/strassenweb-150x150.jpg\",\"url\":\"https:\\\/\\\/www.strassenweb.de\\\/nachrichten\\\/wp-content\\\/uploads\\\/2024\\\/09\\\/strassenweb-150x150.jpg\",\"contentUrl\":\"https:\\\/\\\/www.strassenweb.de\\\/nachrichten\\\/wp-content\\\/uploads\\\/2024\\\/09\\\/strassenweb-150x150.jpg\",\"caption\":\"Robert Hoffmann\"},\"description\":\"Ich hei\u00dfe Robert Hoffmann und ich bin ein leidenschaftlicher Verfechter von \u00d6kologie und Biodiversit\u00e4t. Seit meiner Kindheit in den W\u00e4ldern Bayerns f\u00fchle ich mich mit der Natur verbunden und bin entschlossen, sie zu sch\u00fctzen. Heute widme ich mein Leben der Sensibilisierung anderer f\u00fcr die Bedeutung des Umweltschutzes f\u00fcr zuk\u00fcnftige Generationen.\",\"sameAs\":[\"https:\\\/\\\/www.strassenweb.de\\\/\"]}]}<\/script>\n<!-- \/ Yoast SEO plugin. -->","yoast_head_json":{"title":"Mariah Carey mag diese h\u00e4ufig verwendete Beleuchtungstechnik nicht \u2013 hier sind die Top-Tipps eines Experten f\u00fcr Umgebungsalternativen - Nachrichten - Stra\u00dfenweb","robots":{"index":"index","follow":"follow","max-snippet":"max-snippet:-1","max-image-preview":"max-image-preview:large","max-video-preview":"max-video-preview:-1"},"canonical":"https:\/\/www.strassenweb.de\/nachrichten\/mariah-carey-mag-diese-haeufig-verwendete-beleuchtungstechnik-nicht-hier-sind-die-top-tipps-eines-experten-fuer-umgebungsalternativen\/","og_locale":"de_DE","og_type":"article","og_title":"Mariah Carey mag diese h\u00e4ufig verwendete Beleuchtungstechnik nicht \u2013 hier sind die Top-Tipps eines Experten f\u00fcr Umgebungsalternativen - Nachrichten - Stra\u00dfenweb","og_description":"Neben ihrem umfangreichen Musikwerk ist Mariah Carey vielleicht vor allem f\u00fcr ihre cleveren Witze und frechen Zitate bekannt. Jetzt hat die S\u00e4ngerin eine neue Sichtweise,","og_url":"https:\/\/www.strassenweb.de\/nachrichten\/mariah-carey-mag-diese-haeufig-verwendete-beleuchtungstechnik-nicht-hier-sind-die-top-tipps-eines-experten-fuer-umgebungsalternativen\/","og_site_name":"Stra\u00dfenweb","article_publisher":"https:\/\/www.facebook.com\/strassenweb\/","article_published_time":"2024-10-16T01:55:39+00:00","article_modified_time":"2024-10-16T01:55:40+00:00","og_image":[{"width":1200,"height":675,"url":"https:\/\/www.strassenweb.de\/nachrichten\/wp-content\/uploads\/2024\/10\/Mariah-Carey-mag-diese-haeufig-verwendete-Beleuchtungstechnik-nicht-\u2013-hier.jpg","type":"image\/jpeg"}],"author":"Robert Hoffmann","twitter_card":"summary_large_image","twitter_misc":{"Verfasst von":"Robert Hoffmann","Gesch\u00e4tzte Lesezeit":"3\u00a0Minuten"},"schema":{"@context":"https:\/\/schema.org","@graph":[{"@type":"Article","@id":"https:\/\/www.strassenweb.de\/nachrichten\/mariah-carey-mag-diese-haeufig-verwendete-beleuchtungstechnik-nicht-hier-sind-die-top-tipps-eines-experten-fuer-umgebungsalternativen\/#article","isPartOf":{"@id":"https:\/\/www.strassenweb.de\/nachrichten\/mariah-carey-mag-diese-haeufig-verwendete-beleuchtungstechnik-nicht-hier-sind-die-top-tipps-eines-experten-fuer-umgebungsalternativen\/"},"author":{"name":"Robert Hoffmann","@id":"https:\/\/www.strassenweb.de\/nachrichten\/#\/schema\/person\/87c9c9067f1211da429a744dc5a5aa41"},"headline":"Mariah Carey mag diese h\u00e4ufig verwendete Beleuchtungstechnik nicht \u2013 hier sind die Top-Tipps eines Experten f\u00fcr Umgebungsalternativen","datePublished":"2024-10-16T01:55:39+00:00","dateModified":"2024-10-16T01:55:40+00:00","mainEntityOfPage":{"@id":"https:\/\/www.strassenweb.de\/nachrichten\/mariah-carey-mag-diese-haeufig-verwendete-beleuchtungstechnik-nicht-hier-sind-die-top-tipps-eines-experten-fuer-umgebungsalternativen\/"},"wordCount":644,"publisher":{"@id":"https:\/\/www.strassenweb.de\/nachrichten\/#organization"},"image":{"@id":"https:\/\/www.strassenweb.de\/nachrichten\/mariah-carey-mag-diese-haeufig-verwendete-beleuchtungstechnik-nicht-hier-sind-die-top-tipps-eines-experten-fuer-umgebungsalternativen\/#primaryimage"},"thumbnailUrl":"https:\/\/www.strassenweb.de\/nachrichten\/wp-content\/uploads\/2024\/10\/Mariah-Carey-mag-diese-haeufig-verwendete-Beleuchtungstechnik-nicht-\u2013-hier.jpg","keywords":["Beleuchtungstechnik","Carey","die","diese","eines","Experten","f\u00fcr","h\u00e4ufig","hier","mag","Mariah","nicht","sind","TopTipps","Umgebungsalternativen","verwendete"],"articleSection":["Haus &amp; Garten"],"inLanguage":"de"},{"@type":"WebPage","@id":"https:\/\/www.strassenweb.de\/nachrichten\/mariah-carey-mag-diese-haeufig-verwendete-beleuchtungstechnik-nicht-hier-sind-die-top-tipps-eines-experten-fuer-umgebungsalternativen\/","url":"https:\/\/www.strassenweb.de\/nachrichten\/mariah-carey-mag-diese-haeufig-verwendete-beleuchtungstechnik-nicht-hier-sind-die-top-tipps-eines-experten-fuer-umgebungsalternativen\/","name":"Mariah Carey mag diese h\u00e4ufig verwendete Beleuchtungstechnik nicht \u2013 hier sind die Top-Tipps eines Experten f\u00fcr Umgebungsalternativen - Nachrichten - Stra\u00dfenweb","isPartOf":{"@id":"https:\/\/www.strassenweb.de\/nachrichten\/#website"},"primaryImageOfPage":{"@id":"https:\/\/www.strassenweb.de\/nachrichten\/mariah-carey-mag-diese-haeufig-verwendete-beleuchtungstechnik-nicht-hier-sind-die-top-tipps-eines-experten-fuer-umgebungsalternativen\/#primaryimage"},"image":{"@id":"https:\/\/www.strassenweb.de\/nachrichten\/mariah-carey-mag-diese-haeufig-verwendete-beleuchtungstechnik-nicht-hier-sind-die-top-tipps-eines-experten-fuer-umgebungsalternativen\/#primaryimage"},"thumbnailUrl":"https:\/\/www.strassenweb.de\/nachrichten\/wp-content\/uploads\/2024\/10\/Mariah-Carey-mag-diese-haeufig-verwendete-Beleuchtungstechnik-nicht-\u2013-hier.jpg","datePublished":"2024-10-16T01:55:39+00:00","dateModified":"2024-10-16T01:55:40+00:00","breadcrumb":{"@id":"https:\/\/www.strassenweb.de\/nachrichten\/mariah-carey-mag-diese-haeufig-verwendete-beleuchtungstechnik-nicht-hier-sind-die-top-tipps-eines-experten-fuer-umgebungsalternativen\/#breadcrumb"},"inLanguage":"de","potentialAction":[{"@type":"ReadAction","target":["https:\/\/www.strassenweb.de\/nachrichten\/mariah-carey-mag-diese-haeufig-verwendete-beleuchtungstechnik-nicht-hier-sind-die-top-tipps-eines-experten-fuer-umgebungsalternativen\/"]}]},{"@type":"ImageObject","inLanguage":"de","@id":"https:\/\/www.strassenweb.de\/nachrichten\/mariah-carey-mag-diese-haeufig-verwendete-beleuchtungstechnik-nicht-hier-sind-die-top-tipps-eines-experten-fuer-umgebungsalternativen\/#primaryimage","url":"https:\/\/www.strassenweb.de\/nachrichten\/wp-content\/uploads\/2024\/10\/Mariah-Carey-mag-diese-haeufig-verwendete-Beleuchtungstechnik-nicht-\u2013-hier.jpg","contentUrl":"https:\/\/www.strassenweb.de\/nachrichten\/wp-content\/uploads\/2024\/10\/Mariah-Carey-mag-diese-haeufig-verwendete-Beleuchtungstechnik-nicht-\u2013-hier.jpg","width":1200,"height":675,"caption":"Mariah Carey mag diese h\u00e4ufig verwendete Beleuchtungstechnik nicht \u2013 hier sind die Top-Tipps eines Experten f\u00fcr Umgebungsalternativen"},{"@type":"BreadcrumbList","@id":"https:\/\/www.strassenweb.de\/nachrichten\/mariah-carey-mag-diese-haeufig-verwendete-beleuchtungstechnik-nicht-hier-sind-die-top-tipps-eines-experten-fuer-umgebungsalternativen\/#breadcrumb","itemListElement":[{"@type":"ListItem","position":1,"name":"Home","item":"https:\/\/www.strassenweb.de\/nachrichten\/"},{"@type":"ListItem","position":2,"name":"Mariah Carey mag diese h\u00e4ufig verwendete Beleuchtungstechnik nicht \u2013 hier sind die Top-Tipps eines Experten f\u00fcr Umgebungsalternativen"}]},{"@type":"WebSite","@id":"https:\/\/www.strassenweb.de\/nachrichten\/#website","url":"https:\/\/www.strassenweb.de\/nachrichten\/","name":"Stra\u00dfenweb","description":"Stra\u00dfenverzeichnis f\u00fcr Deutschland","publisher":{"@id":"https:\/\/www.strassenweb.de\/nachrichten\/#organization"},"potentialAction":[{"@type":"SearchAction","target":{"@type":"EntryPoint","urlTemplate":"https:\/\/www.strassenweb.de\/nachrichten\/?s={search_term_string}"},"query-input":{"@type":"PropertyValueSpecification","valueRequired":true,"valueName":"search_term_string"}}],"inLanguage":"de"},{"@type":"Organization","@id":"https:\/\/www.strassenweb.de\/nachrichten\/#organization","name":"Stra\u00dfenweb","url":"https:\/\/www.strassenweb.de\/nachrichten\/","logo":{"@type":"ImageObject","inLanguage":"de","@id":"https:\/\/www.strassenweb.de\/nachrichten\/#\/schema\/logo\/image\/","url":"https:\/\/www.strassenweb.de\/nachrichten\/wp-content\/uploads\/2024\/09\/cropped-favicon.png","contentUrl":"https:\/\/www.strassenweb.de\/nachrichten\/wp-content\/uploads\/2024\/09\/cropped-favicon.png","width":512,"height":512,"caption":"Stra\u00dfenweb"},"image":{"@id":"https:\/\/www.strassenweb.de\/nachrichten\/#\/schema\/logo\/image\/"},"sameAs":["https:\/\/www.facebook.com\/strassenweb\/"]},{"@type":"Person","@id":"https:\/\/www.strassenweb.de\/nachrichten\/#\/schema\/person\/87c9c9067f1211da429a744dc5a5aa41","name":"Robert Hoffmann","image":{"@type":"ImageObject","inLanguage":"de","@id":"https:\/\/www.strassenweb.de\/nachrichten\/wp-content\/uploads\/2024\/09\/strassenweb-150x150.jpg","url":"https:\/\/www.strassenweb.de\/nachrichten\/wp-content\/uploads\/2024\/09\/strassenweb-150x150.jpg","contentUrl":"https:\/\/www.strassenweb.de\/nachrichten\/wp-content\/uploads\/2024\/09\/strassenweb-150x150.jpg","caption":"Robert Hoffmann"},"description":"Ich hei\u00dfe Robert Hoffmann und ich bin ein leidenschaftlicher Verfechter von \u00d6kologie und Biodiversit\u00e4t. Seit meiner Kindheit in den W\u00e4ldern Bayerns f\u00fchle ich mich mit der Natur verbunden und bin entschlossen, sie zu sch\u00fctzen. Heute widme ich mein Leben der Sensibilisierung anderer f\u00fcr die Bedeutung des Umweltschutzes f\u00fcr zuk\u00fcnftige Generationen.","sameAs":["https:\/\/www.strassenweb.de\/"]}]}},"_links":{"self":[{"href":"https:\/\/www.strassenweb.de\/nachrichten\/wp-json\/wp\/v2\/posts\/933","targetHints":{"allow":["GET"]}}],"collection":[{"href":"https:\/\/www.strassenweb.de\/nachrichten\/wp-json\/wp\/v2\/posts"}],"about":[{"href":"https:\/\/www.strassenweb.de\/nachrichten\/wp-json\/wp\/v2\/types\/post"}],"author":[{"embeddable":true,"href":"https:\/\/www.strassenweb.de\/nachrichten\/wp-json\/wp\/v2\/users\/1"}],"replies":[{"embeddable":true,"href":"https:\/\/www.strassenweb.de\/nachrichten\/wp-json\/wp\/v2\/comments?post=933"}],"version-history":[{"count":0,"href":"https:\/\/www.strassenweb.de\/nachrichten\/wp-json\/wp\/v2\/posts\/933\/revisions"}],"wp:featuredmedia":[{"embeddable":true,"href":"https:\/\/www.strassenweb.de\/nachrichten\/wp-json\/wp\/v2\/media\/934"}],"wp:attachment":[{"href":"https:\/\/www.strassenweb.de\/nachrichten\/wp-json\/wp\/v2\/media?parent=933"}],"wp:term":[{"taxonomy":"category","embeddable":true,"href":"https:\/\/www.strassenweb.de\/nachrichten\/wp-json\/wp\/v2\/categories?post=933"},{"taxonomy":"post_tag","embeddable":true,"href":"https:\/\/www.strassenweb.de\/nachrichten\/wp-json\/wp\/v2\/tags?post=933"}],"curies":[{"name":"wp","href":"https:\/\/api.w.org\/{rel}","templated":true}]}}