{"id":9324,"date":"2025-11-21T07:39:43","date_gmt":"2025-11-21T06:39:43","guid":{"rendered":"https:\/\/www.strassenweb.de\/nachrichten\/dieses-praktisch-unzerstoerbare-corelle-geschirrset-bringt-sonnige-farbtoene-auf-meinen-wintertisch-und-kostet-derzeit-weniger-als-90-us-dollar\/"},"modified":"2025-11-21T07:39:44","modified_gmt":"2025-11-21T06:39:44","slug":"dieses-praktisch-unzerstoerbare-corelle-geschirrset-bringt-sonnige-farbtoene-auf-meinen-wintertisch-und-kostet-derzeit-weniger-als-90-us-dollar","status":"publish","type":"post","link":"https:\/\/www.strassenweb.de\/nachrichten\/dieses-praktisch-unzerstoerbare-corelle-geschirrset-bringt-sonnige-farbtoene-auf-meinen-wintertisch-und-kostet-derzeit-weniger-als-90-us-dollar\/","title":{"rendered":"Dieses praktisch unzerst\u00f6rbare Corelle-Geschirrset bringt sonnige Farbt\u00f6ne auf meinen Wintertisch \u2013 und kostet derzeit weniger als 90 US-Dollar"},"content":{"rendered":"<div id=\"article-body\" class=\"article__body \">\n<p id=\"259d305f-bbe7-45d9-ba49-2cb2102e3953\">Als begeisterter Gastgeber und begeisterter Koch habe ich gelernt, dass die besten Geschirrsets nicht unbedingt die sind, die man f\u00fcr die extravagantesten Partys hat. Als ich anfing, Ideen f\u00fcr Tischdekorationen f\u00fcr den Herbst zu sammeln, wusste ich, dass ich Geschirr finden musste, das wirklich praktisch ist \u2013 und nat\u00fcrlich trotzdem schick aussieht. Corelles vom Meer inspiriertes Portofino-Geschirrset, das derzeit bei Amazon im Angebot ist, ist genau das Richtige.<\/p>\n<div id=\"ad-unit-1\" class=\"ad-unit\"><\/div>\n<p>Corelle ist wirklich der Goldstandard, wenn es um Haltbarkeit geht. Das Geschirr von Corelle besteht aus einem nahezu bruchsicheren, dreischichtigen Glasmaterial namens Vitrelle und ist f\u00fcr seine Robustheit und seinen eleganten Stil bekannt. Egal, ob Sie eine schnelle Mahlzeit f\u00fcr eine Person zubereiten oder eine Menschenmenge bewirten, nach diesen St\u00fccken werden Sie immer wieder greifen.<\/p>\n<div data-editorial-currency=\"USD\" data-editorial-price=\"89.99\" data-editorial-was-price=\"109.99\" data-image=\"https:\/\/cdn.mos.cms.futurecdn.net\/ENYgb3L4JeNM9ZuwdgjpnD-200-100.jpg\" data-link=\"https:\/\/target.georiot.com\/Proxy.ashx?tsid=107655&amp;GR_URL=https%3A%2F%2Famazon.com%2FCorelle-18-Piece-Resistant-Dinnerware-Set%2Fdp%2FB07QCD5QX2%2Fref%3Dsxin_16_pa_sp_search_thematic_sspa%3Ftag%3Dhawk-future-20%26ascsubtag%3Dhawk-custom-tracking-20\" data-link-merchant=\"Amazon US\" data-link-text=\"View Deal\" data-merchant-id=\"1471\" data-merchant-name=\"Amazon US\" data-merchant-network=\"Amazonus\" data-merchant-url=\"amazon.com\" data-model-name=\"Corelle Vitrelle Portofino Dinnerware Set\" data-model-product-name=\"Corelle Vitrelle Portofino Dinnerware Set\" data-show-fallback=\"button\" data-show-was-price=\"promoPercentageAndSaving\" data-webp-image=\"https:\/\/cdn.mos.cms.futurecdn.net\/ENYgb3L4JeNM9ZuwdgjpnD-200-100.jpg.webp\" data-widget-introduction=\"&lt;p&gt;Not only is this elegant set lightweight and scratch-resistant, but it's also dishwasher-, microwave- and preheated oven-safe. I have a feeling it'll become an everyday hero for me \u2013 but I'd be more than happy to show it off at my fanciest dinner party, too.&lt;\/p&gt;\" data-widget-type=\"deal\" data-render-type=\"editorial\" class=\"hawk-root\">\n<div class=\"hawk-deal-widget-container\" data-collapsible=\"false\" data-expanded=\"false\">\n<div class=\"hawk-deal-widget-wrap\">\n<div class=\"hawk-deal-widget-image-container\"><\/div>\n<div class=\"hawk-deal-widget-main hawk-deal-widget-progressive\" data-has-title=\"true\" data-collapsible=\"false\" data-expanded=\"false\">\n<div class=\"hawk-promos-dealwidget\">\n<div class=\"hawk-promos-main\">\n<div class=\"hawk-promo-dealwidget\" data-type=\"was-price-percentage-saving\" title=\"Save 18% ($20)\">Sparen Sie 18 % (20 $)<\/div>\n<\/div>\n<\/div>\n<p><span class=\"hawk-deal-widget-title-product-title\">Corelle Vitrelle Portofino Geschirrset:<\/span> <span class=\"hawk-deal-widget-title-was-price\">war 109,99 $<\/span><span class=\"hawk-deal-widget-title-retailer-price\"> <span class=\"hawk-deal-widget-title-price\">jetzt 89,99 $<\/span> <span class=\"hawk-deal-widget-title-retailer\">bei Amazon<\/span><\/span><\/p>\n<div class=\"hawk-deal-widget-desc-wrap\" data-only-description=\"false\">\n<div class=\"hawk-deal-widget-description\" data-only-description=\"false\">\n<p xmlns=\"http:\/\/www.w3.org\/1999\/xhtml\">Dieses elegante Set ist nicht nur leicht und kratzfest, sondern auch sp\u00fclmaschinen-, mikrowellen- und vorgeheizten Backofen geeignet. Ich habe das Gef\u00fchl, dass es f\u00fcr mich zum Alltagshelden wird \u2013 aber ich w\u00fcrde es auch gerne auf meiner schicksten Dinnerparty zeigen.<\/p>\n<\/div>\n<\/div>\n<\/div>\n<\/div>\n<div class=\"hawk-deal-widget-footer\">\n<div class=\"hawk-deal-widget-button-wrapper\">\n<div class=\"hawk-deal-widget-preferred-partner-wrapper\"><span>Angebot ansehen<\/span><\/div>\n<\/div>\n<\/div>\n<\/div>\n<\/div>\n<aside data-block-type=\"embed\" data-render-type=\"fte\" data-skip=\"dealsy\" data-widget-type=\"seasonal\" class=\"hawk-root\"><\/aside>\n<p id=\"85d2e16f-e2e7-428d-8ff9-6ab3d36ac132-0\">Wenn Ihnen beim Gedanken an zuverl\u00e4ssiges Geschirr die Vision von schlichten wei\u00dfen Tellern in den Sinn kommt, kann ich Ihnen das nicht ver\u00fcbeln \u2013 aber Corelle beweist, dass Praktikabilit\u00e4t nicht langweilig sein muss. Was ich an Corelles Portofino-Geschirrset wirklich liebe, ist sein zartes Blumendesign. Denken Sie an K\u00fcstent\u00f6ne, gekreuzt mit dem Charme des von Nancy Meyers inspirierten Geschirrs; Man w\u00fcrde nie glauben, dass diese Teile nahezu unzerbrechlich sind.<\/p>\n<div class=\"van_vid_carousel\">\n<div class=\"van_vid_carousel__padding\">\n<div class=\"van_vid_carousel__container\"><\/div>\n<\/div>\n<\/div>\n<p>Dieses besondere Set umfasst Sch\u00fcsseln, Vorspeisenteller und Speiseteller und bietet Platz f\u00fcr bis zu sechs G\u00e4ste. Am aufwendigsten sind die Vorspeisenteller mit einem aufwendigen Design im mediterranen Stil, w\u00e4hrend die Speiseteller und Sch\u00fcsseln einen eher dezenten Look bieten. Die St\u00fccke eignen sich perfekt zum Schichten, aber man kann sie auch kombinieren \u2013 ich w\u00fcrde Corelles provinziellen blauen Teller und ein paar farbige Gl\u00e4ser f\u00fcr ein lebendiges, sonniges Gesamtbild w\u00e4hlen.<\/p>\n<div id=\"ad-unit-2\" class=\"ad-unit\"><\/div>\n<figure class=\"van-image-figure inline-layout \" data-bordeaux-image-check id=\"a7a41a8f-98b7-4d9d-91e4-585295cc2fa1\">\n<div class=\"image-full-width-wrapper\">\n<div class=\"image-widthsetter\" style=\"max-width:2000px;\"><\/div>\n<\/div>\n<\/figure>\n<p id=\"90f863ed-1c40-42cb-a148-1a6ac153d73a\">Mit seinen Meerest\u00f6nen und zarten Designs bringt das Portofino-Geschirr von Corelle garantiert frischen Wind auf Ihren Tisch. Es ist genau die Art von klassischem Set, nach der ich gesucht habe und das die perfekte Balance zwischen allt\u00e4glichem Gebrauch und gehobenem Stil bietet.<\/p>\n<p>Und auch wenn es bald Dezember ist, werde ich in dieser Weihnachtszeit auf jeden Fall den Strandstil verk\u00f6rpern. Die Blaut\u00f6ne passen perfekt zu festlicher roter Bettw\u00e4sche, aber wenn Sie dieses Jahr eines der gr\u00f6\u00dften Weihnachtsdekorationsthemen ausprobieren m\u00f6chten, entscheiden Sie sich f\u00fcr eine unerwartete Farbpalette: Ich habe vor, meine Corelle-St\u00fccke auf meiner n\u00e4chsten Party mit tiefen Amethyst-Akzenten und goldenem Besteck zu kombinieren.<\/p>\n<h2 id=\"shop-more-corelle-dinnerware-sets-3\">Kaufen Sie weitere Corelle-Geschirrsets<\/h2>\n<div class=\"product-container hero-product-container product-block-no-wrap\">\n<div class=\"product-block-row\"><\/div>\n<div class=\"product-block-row\"><\/div>\n<div class=\"product-block-row\"><\/div>\n<\/div>\n<hr id=\"8dfd4a26-f683-4a3b-bc2f-5aa202310b39\">\n<p id=\"3303d790-f9fe-4c94-8c5a-d8c54151170d\">Es mag \u00fcberraschend klingen, aber K\u00fcsten-Chic liegt dieses Jahr voll im Trend, wenn es um Weihnachtsdekorationsideen geht. Wenn Sie Lust auf mehr Inspiration haben, schaue ich mir die Perlen-Weihnachtsdekoration von Anthropologie an \u2013 sie bringt maritimen Stil in festliche Innenr\u00e4ume.<\/p>\n<div id=\"slice-container-newsletterForm-articleInbodyContent-Jyoev78cLrniPRu62rVvmV\" class=\"slice-container newsletter-inbodyContent-slice newsletterForm-articleInbodyContent-Jyoev78cLrniPRu62rVvmV slice-container-newsletterForm\"><\/div>\n<div class=\"block\" id=\"articleTag\" data-component-name=\"PostArticleLinks\" data-mrf-recirculation=\"post-article-links\">\n<div class=\"border-b border-b-black border-solid py-2.5 text-black font-bold uppercase\">THEMEN<\/div>\n<nav class=\"py-2.5 flex gap-2.5 flex-wrap\" data-analytics-id=\"article-tag\" data-mrf-recirculation=\"article-tag\">\n<p>Schwarzer Freitag<\/p>\n<\/nav>\n<\/div>\n<\/div>\n","protected":false},"excerpt":{"rendered":"<p>Als begeisterter Gastgeber und begeisterter Koch habe ich gelernt, dass die besten Geschirrsets nicht unbedingt die sind, die man f\u00fcr die extravagantesten Partys hat. Als<\/p>\n","protected":false},"author":1,"featured_media":9325,"comment_status":"closed","ping_status":"","sticky":false,"template":"","format":"standard","meta":{"footnotes":""},"categories":[118],"tags":[935,46,563,11616,1473,531,162,1474,1096,5184,4736,37,11615,1038,648,11617],"class_list":["post-9324","post","type-post","status-publish","format-standard","has-post-thumbnail","hentry","category-haus-garten","tag-als","tag-auf","tag-bringt","tag-corellegeschirrset","tag-derzeit","tag-dieses","tag-farbtoene","tag-kostet","tag-meinen","tag-praktisch","tag-sonnige","tag-und","tag-unzerstoerbare","tag-usdollar","tag-weniger","tag-wintertisch","generate-columns","tablet-grid-50","mobile-grid-100","grid-parent","grid-50"],"yoast_head":"<!-- This site is optimized with the Yoast SEO plugin v27.3 - https:\/\/yoast.com\/product\/yoast-seo-wordpress\/ -->\n<title>Dieses praktisch unzerst\u00f6rbare Corelle-Geschirrset bringt sonnige Farbt\u00f6ne auf meinen Wintertisch \u2013 und kostet derzeit weniger als 90 US-Dollar - Nachrichten - Stra\u00dfenweb<\/title>\n<meta name=\"robots\" content=\"index, follow, max-snippet:-1, max-image-preview:large, max-video-preview:-1\" \/>\n<link rel=\"canonical\" href=\"https:\/\/www.strassenweb.de\/nachrichten\/dieses-praktisch-unzerstoerbare-corelle-geschirrset-bringt-sonnige-farbtoene-auf-meinen-wintertisch-und-kostet-derzeit-weniger-als-90-us-dollar\/\" \/>\n<meta property=\"og:locale\" content=\"de_DE\" \/>\n<meta property=\"og:type\" content=\"article\" \/>\n<meta property=\"og:title\" content=\"Dieses praktisch unzerst\u00f6rbare Corelle-Geschirrset bringt sonnige Farbt\u00f6ne auf meinen Wintertisch \u2013 und kostet derzeit weniger als 90 US-Dollar - Nachrichten - Stra\u00dfenweb\" \/>\n<meta property=\"og:description\" content=\"Als begeisterter Gastgeber und begeisterter Koch habe ich gelernt, dass die besten Geschirrsets nicht unbedingt die sind, die man f\u00fcr die extravagantesten Partys hat. Als\" \/>\n<meta property=\"og:url\" content=\"https:\/\/www.strassenweb.de\/nachrichten\/dieses-praktisch-unzerstoerbare-corelle-geschirrset-bringt-sonnige-farbtoene-auf-meinen-wintertisch-und-kostet-derzeit-weniger-als-90-us-dollar\/\" \/>\n<meta property=\"og:site_name\" content=\"Stra\u00dfenweb\" \/>\n<meta property=\"article:publisher\" content=\"https:\/\/www.facebook.com\/strassenweb\/\" \/>\n<meta property=\"article:published_time\" content=\"2025-11-21T06:39:43+00:00\" \/>\n<meta property=\"article:modified_time\" content=\"2025-11-21T06:39:44+00:00\" \/>\n<meta property=\"og:image\" content=\"https:\/\/www.strassenweb.de\/nachrichten\/wp-content\/uploads\/2025\/11\/Dieses-praktisch-unzerstoerbare-Corelle-Geschirrset-bringt-sonnige-Farbtoene-auf-meinen-Wintertisch.jpg\" \/>\n\t<meta property=\"og:image:width\" content=\"1600\" \/>\n\t<meta property=\"og:image:height\" content=\"900\" \/>\n\t<meta property=\"og:image:type\" content=\"image\/jpeg\" \/>\n<meta name=\"author\" content=\"Robert Hoffmann\" \/>\n<meta name=\"twitter:card\" content=\"summary_large_image\" \/>\n<meta name=\"twitter:label1\" content=\"Verfasst von\" \/>\n\t<meta name=\"twitter:data1\" content=\"Robert Hoffmann\" \/>\n\t<meta name=\"twitter:label2\" content=\"Gesch\u00e4tzte Lesezeit\" \/>\n\t<meta name=\"twitter:data2\" content=\"2\u00a0Minuten\" \/>\n<script type=\"application\/ld+json\" class=\"yoast-schema-graph\">{\"@context\":\"https:\\\/\\\/schema.org\",\"@graph\":[{\"@type\":\"Article\",\"@id\":\"https:\\\/\\\/www.strassenweb.de\\\/nachrichten\\\/dieses-praktisch-unzerstoerbare-corelle-geschirrset-bringt-sonnige-farbtoene-auf-meinen-wintertisch-und-kostet-derzeit-weniger-als-90-us-dollar\\\/#article\",\"isPartOf\":{\"@id\":\"https:\\\/\\\/www.strassenweb.de\\\/nachrichten\\\/dieses-praktisch-unzerstoerbare-corelle-geschirrset-bringt-sonnige-farbtoene-auf-meinen-wintertisch-und-kostet-derzeit-weniger-als-90-us-dollar\\\/\"},\"author\":{\"name\":\"Robert Hoffmann\",\"@id\":\"https:\\\/\\\/www.strassenweb.de\\\/nachrichten\\\/#\\\/schema\\\/person\\\/87c9c9067f1211da429a744dc5a5aa41\"},\"headline\":\"Dieses praktisch unzerst\u00f6rbare Corelle-Geschirrset bringt sonnige Farbt\u00f6ne auf meinen Wintertisch \u2013 und kostet derzeit weniger als 90 US-Dollar\",\"datePublished\":\"2025-11-21T06:39:43+00:00\",\"dateModified\":\"2025-11-21T06:39:44+00:00\",\"mainEntityOfPage\":{\"@id\":\"https:\\\/\\\/www.strassenweb.de\\\/nachrichten\\\/dieses-praktisch-unzerstoerbare-corelle-geschirrset-bringt-sonnige-farbtoene-auf-meinen-wintertisch-und-kostet-derzeit-weniger-als-90-us-dollar\\\/\"},\"wordCount\":515,\"publisher\":{\"@id\":\"https:\\\/\\\/www.strassenweb.de\\\/nachrichten\\\/#organization\"},\"image\":{\"@id\":\"https:\\\/\\\/www.strassenweb.de\\\/nachrichten\\\/dieses-praktisch-unzerstoerbare-corelle-geschirrset-bringt-sonnige-farbtoene-auf-meinen-wintertisch-und-kostet-derzeit-weniger-als-90-us-dollar\\\/#primaryimage\"},\"thumbnailUrl\":\"https:\\\/\\\/www.strassenweb.de\\\/nachrichten\\\/wp-content\\\/uploads\\\/2025\\\/11\\\/Dieses-praktisch-unzerstoerbare-Corelle-Geschirrset-bringt-sonnige-Farbtoene-auf-meinen-Wintertisch.jpg\",\"keywords\":[\"als\",\"auf\",\"bringt\",\"CorelleGeschirrset\",\"derzeit\",\"dieses\",\"Farbt\u00f6ne\",\"kostet\",\"meinen\",\"praktisch\",\"sonnige\",\"und\",\"unzerst\u00f6rbare\",\"USDollar\",\"weniger\",\"Wintertisch\"],\"articleSection\":[\"Haus &amp; Garten\"],\"inLanguage\":\"de\"},{\"@type\":\"WebPage\",\"@id\":\"https:\\\/\\\/www.strassenweb.de\\\/nachrichten\\\/dieses-praktisch-unzerstoerbare-corelle-geschirrset-bringt-sonnige-farbtoene-auf-meinen-wintertisch-und-kostet-derzeit-weniger-als-90-us-dollar\\\/\",\"url\":\"https:\\\/\\\/www.strassenweb.de\\\/nachrichten\\\/dieses-praktisch-unzerstoerbare-corelle-geschirrset-bringt-sonnige-farbtoene-auf-meinen-wintertisch-und-kostet-derzeit-weniger-als-90-us-dollar\\\/\",\"name\":\"Dieses praktisch unzerst\u00f6rbare Corelle-Geschirrset bringt sonnige Farbt\u00f6ne auf meinen Wintertisch \u2013 und kostet derzeit weniger als 90 US-Dollar - Nachrichten - Stra\u00dfenweb\",\"isPartOf\":{\"@id\":\"https:\\\/\\\/www.strassenweb.de\\\/nachrichten\\\/#website\"},\"primaryImageOfPage\":{\"@id\":\"https:\\\/\\\/www.strassenweb.de\\\/nachrichten\\\/dieses-praktisch-unzerstoerbare-corelle-geschirrset-bringt-sonnige-farbtoene-auf-meinen-wintertisch-und-kostet-derzeit-weniger-als-90-us-dollar\\\/#primaryimage\"},\"image\":{\"@id\":\"https:\\\/\\\/www.strassenweb.de\\\/nachrichten\\\/dieses-praktisch-unzerstoerbare-corelle-geschirrset-bringt-sonnige-farbtoene-auf-meinen-wintertisch-und-kostet-derzeit-weniger-als-90-us-dollar\\\/#primaryimage\"},\"thumbnailUrl\":\"https:\\\/\\\/www.strassenweb.de\\\/nachrichten\\\/wp-content\\\/uploads\\\/2025\\\/11\\\/Dieses-praktisch-unzerstoerbare-Corelle-Geschirrset-bringt-sonnige-Farbtoene-auf-meinen-Wintertisch.jpg\",\"datePublished\":\"2025-11-21T06:39:43+00:00\",\"dateModified\":\"2025-11-21T06:39:44+00:00\",\"breadcrumb\":{\"@id\":\"https:\\\/\\\/www.strassenweb.de\\\/nachrichten\\\/dieses-praktisch-unzerstoerbare-corelle-geschirrset-bringt-sonnige-farbtoene-auf-meinen-wintertisch-und-kostet-derzeit-weniger-als-90-us-dollar\\\/#breadcrumb\"},\"inLanguage\":\"de\",\"potentialAction\":[{\"@type\":\"ReadAction\",\"target\":[\"https:\\\/\\\/www.strassenweb.de\\\/nachrichten\\\/dieses-praktisch-unzerstoerbare-corelle-geschirrset-bringt-sonnige-farbtoene-auf-meinen-wintertisch-und-kostet-derzeit-weniger-als-90-us-dollar\\\/\"]}]},{\"@type\":\"ImageObject\",\"inLanguage\":\"de\",\"@id\":\"https:\\\/\\\/www.strassenweb.de\\\/nachrichten\\\/dieses-praktisch-unzerstoerbare-corelle-geschirrset-bringt-sonnige-farbtoene-auf-meinen-wintertisch-und-kostet-derzeit-weniger-als-90-us-dollar\\\/#primaryimage\",\"url\":\"https:\\\/\\\/www.strassenweb.de\\\/nachrichten\\\/wp-content\\\/uploads\\\/2025\\\/11\\\/Dieses-praktisch-unzerstoerbare-Corelle-Geschirrset-bringt-sonnige-Farbtoene-auf-meinen-Wintertisch.jpg\",\"contentUrl\":\"https:\\\/\\\/www.strassenweb.de\\\/nachrichten\\\/wp-content\\\/uploads\\\/2025\\\/11\\\/Dieses-praktisch-unzerstoerbare-Corelle-Geschirrset-bringt-sonnige-Farbtoene-auf-meinen-Wintertisch.jpg\",\"width\":1600,\"height\":900,\"caption\":\"Blue and white painted dinnerware on bright yellow tablecloth\"},{\"@type\":\"BreadcrumbList\",\"@id\":\"https:\\\/\\\/www.strassenweb.de\\\/nachrichten\\\/dieses-praktisch-unzerstoerbare-corelle-geschirrset-bringt-sonnige-farbtoene-auf-meinen-wintertisch-und-kostet-derzeit-weniger-als-90-us-dollar\\\/#breadcrumb\",\"itemListElement\":[{\"@type\":\"ListItem\",\"position\":1,\"name\":\"Home\",\"item\":\"https:\\\/\\\/www.strassenweb.de\\\/nachrichten\\\/\"},{\"@type\":\"ListItem\",\"position\":2,\"name\":\"Dieses praktisch unzerst\u00f6rbare Corelle-Geschirrset bringt sonnige Farbt\u00f6ne auf meinen Wintertisch \u2013 und kostet derzeit weniger als 90 US-Dollar\"}]},{\"@type\":\"WebSite\",\"@id\":\"https:\\\/\\\/www.strassenweb.de\\\/nachrichten\\\/#website\",\"url\":\"https:\\\/\\\/www.strassenweb.de\\\/nachrichten\\\/\",\"name\":\"Stra\u00dfenweb\",\"description\":\"Stra\u00dfenverzeichnis f\u00fcr Deutschland\",\"publisher\":{\"@id\":\"https:\\\/\\\/www.strassenweb.de\\\/nachrichten\\\/#organization\"},\"potentialAction\":[{\"@type\":\"SearchAction\",\"target\":{\"@type\":\"EntryPoint\",\"urlTemplate\":\"https:\\\/\\\/www.strassenweb.de\\\/nachrichten\\\/?s={search_term_string}\"},\"query-input\":{\"@type\":\"PropertyValueSpecification\",\"valueRequired\":true,\"valueName\":\"search_term_string\"}}],\"inLanguage\":\"de\"},{\"@type\":\"Organization\",\"@id\":\"https:\\\/\\\/www.strassenweb.de\\\/nachrichten\\\/#organization\",\"name\":\"Stra\u00dfenweb\",\"url\":\"https:\\\/\\\/www.strassenweb.de\\\/nachrichten\\\/\",\"logo\":{\"@type\":\"ImageObject\",\"inLanguage\":\"de\",\"@id\":\"https:\\\/\\\/www.strassenweb.de\\\/nachrichten\\\/#\\\/schema\\\/logo\\\/image\\\/\",\"url\":\"https:\\\/\\\/www.strassenweb.de\\\/nachrichten\\\/wp-content\\\/uploads\\\/2024\\\/09\\\/cropped-favicon.png\",\"contentUrl\":\"https:\\\/\\\/www.strassenweb.de\\\/nachrichten\\\/wp-content\\\/uploads\\\/2024\\\/09\\\/cropped-favicon.png\",\"width\":512,\"height\":512,\"caption\":\"Stra\u00dfenweb\"},\"image\":{\"@id\":\"https:\\\/\\\/www.strassenweb.de\\\/nachrichten\\\/#\\\/schema\\\/logo\\\/image\\\/\"},\"sameAs\":[\"https:\\\/\\\/www.facebook.com\\\/strassenweb\\\/\"]},{\"@type\":\"Person\",\"@id\":\"https:\\\/\\\/www.strassenweb.de\\\/nachrichten\\\/#\\\/schema\\\/person\\\/87c9c9067f1211da429a744dc5a5aa41\",\"name\":\"Robert Hoffmann\",\"image\":{\"@type\":\"ImageObject\",\"inLanguage\":\"de\",\"@id\":\"https:\\\/\\\/www.strassenweb.de\\\/nachrichten\\\/wp-content\\\/uploads\\\/2024\\\/09\\\/strassenweb-150x150.jpg\",\"url\":\"https:\\\/\\\/www.strassenweb.de\\\/nachrichten\\\/wp-content\\\/uploads\\\/2024\\\/09\\\/strassenweb-150x150.jpg\",\"contentUrl\":\"https:\\\/\\\/www.strassenweb.de\\\/nachrichten\\\/wp-content\\\/uploads\\\/2024\\\/09\\\/strassenweb-150x150.jpg\",\"caption\":\"Robert Hoffmann\"},\"description\":\"Ich hei\u00dfe Robert Hoffmann und ich bin ein leidenschaftlicher Verfechter von \u00d6kologie und Biodiversit\u00e4t. Seit meiner Kindheit in den W\u00e4ldern Bayerns f\u00fchle ich mich mit der Natur verbunden und bin entschlossen, sie zu sch\u00fctzen. Heute widme ich mein Leben der Sensibilisierung anderer f\u00fcr die Bedeutung des Umweltschutzes f\u00fcr zuk\u00fcnftige Generationen.\",\"sameAs\":[\"https:\\\/\\\/www.strassenweb.de\\\/\"]}]}<\/script>\n<!-- \/ Yoast SEO plugin. -->","yoast_head_json":{"title":"Dieses praktisch unzerst\u00f6rbare Corelle-Geschirrset bringt sonnige Farbt\u00f6ne auf meinen Wintertisch \u2013 und kostet derzeit weniger als 90 US-Dollar - Nachrichten - Stra\u00dfenweb","robots":{"index":"index","follow":"follow","max-snippet":"max-snippet:-1","max-image-preview":"max-image-preview:large","max-video-preview":"max-video-preview:-1"},"canonical":"https:\/\/www.strassenweb.de\/nachrichten\/dieses-praktisch-unzerstoerbare-corelle-geschirrset-bringt-sonnige-farbtoene-auf-meinen-wintertisch-und-kostet-derzeit-weniger-als-90-us-dollar\/","og_locale":"de_DE","og_type":"article","og_title":"Dieses praktisch unzerst\u00f6rbare Corelle-Geschirrset bringt sonnige Farbt\u00f6ne auf meinen Wintertisch \u2013 und kostet derzeit weniger als 90 US-Dollar - Nachrichten - Stra\u00dfenweb","og_description":"Als begeisterter Gastgeber und begeisterter Koch habe ich gelernt, dass die besten Geschirrsets nicht unbedingt die sind, die man f\u00fcr die extravagantesten Partys hat. Als","og_url":"https:\/\/www.strassenweb.de\/nachrichten\/dieses-praktisch-unzerstoerbare-corelle-geschirrset-bringt-sonnige-farbtoene-auf-meinen-wintertisch-und-kostet-derzeit-weniger-als-90-us-dollar\/","og_site_name":"Stra\u00dfenweb","article_publisher":"https:\/\/www.facebook.com\/strassenweb\/","article_published_time":"2025-11-21T06:39:43+00:00","article_modified_time":"2025-11-21T06:39:44+00:00","og_image":[{"width":1600,"height":900,"url":"https:\/\/www.strassenweb.de\/nachrichten\/wp-content\/uploads\/2025\/11\/Dieses-praktisch-unzerstoerbare-Corelle-Geschirrset-bringt-sonnige-Farbtoene-auf-meinen-Wintertisch.jpg","type":"image\/jpeg"}],"author":"Robert Hoffmann","twitter_card":"summary_large_image","twitter_misc":{"Verfasst von":"Robert Hoffmann","Gesch\u00e4tzte Lesezeit":"2\u00a0Minuten"},"schema":{"@context":"https:\/\/schema.org","@graph":[{"@type":"Article","@id":"https:\/\/www.strassenweb.de\/nachrichten\/dieses-praktisch-unzerstoerbare-corelle-geschirrset-bringt-sonnige-farbtoene-auf-meinen-wintertisch-und-kostet-derzeit-weniger-als-90-us-dollar\/#article","isPartOf":{"@id":"https:\/\/www.strassenweb.de\/nachrichten\/dieses-praktisch-unzerstoerbare-corelle-geschirrset-bringt-sonnige-farbtoene-auf-meinen-wintertisch-und-kostet-derzeit-weniger-als-90-us-dollar\/"},"author":{"name":"Robert Hoffmann","@id":"https:\/\/www.strassenweb.de\/nachrichten\/#\/schema\/person\/87c9c9067f1211da429a744dc5a5aa41"},"headline":"Dieses praktisch unzerst\u00f6rbare Corelle-Geschirrset bringt sonnige Farbt\u00f6ne auf meinen Wintertisch \u2013 und kostet derzeit weniger als 90 US-Dollar","datePublished":"2025-11-21T06:39:43+00:00","dateModified":"2025-11-21T06:39:44+00:00","mainEntityOfPage":{"@id":"https:\/\/www.strassenweb.de\/nachrichten\/dieses-praktisch-unzerstoerbare-corelle-geschirrset-bringt-sonnige-farbtoene-auf-meinen-wintertisch-und-kostet-derzeit-weniger-als-90-us-dollar\/"},"wordCount":515,"publisher":{"@id":"https:\/\/www.strassenweb.de\/nachrichten\/#organization"},"image":{"@id":"https:\/\/www.strassenweb.de\/nachrichten\/dieses-praktisch-unzerstoerbare-corelle-geschirrset-bringt-sonnige-farbtoene-auf-meinen-wintertisch-und-kostet-derzeit-weniger-als-90-us-dollar\/#primaryimage"},"thumbnailUrl":"https:\/\/www.strassenweb.de\/nachrichten\/wp-content\/uploads\/2025\/11\/Dieses-praktisch-unzerstoerbare-Corelle-Geschirrset-bringt-sonnige-Farbtoene-auf-meinen-Wintertisch.jpg","keywords":["als","auf","bringt","CorelleGeschirrset","derzeit","dieses","Farbt\u00f6ne","kostet","meinen","praktisch","sonnige","und","unzerst\u00f6rbare","USDollar","weniger","Wintertisch"],"articleSection":["Haus &amp; Garten"],"inLanguage":"de"},{"@type":"WebPage","@id":"https:\/\/www.strassenweb.de\/nachrichten\/dieses-praktisch-unzerstoerbare-corelle-geschirrset-bringt-sonnige-farbtoene-auf-meinen-wintertisch-und-kostet-derzeit-weniger-als-90-us-dollar\/","url":"https:\/\/www.strassenweb.de\/nachrichten\/dieses-praktisch-unzerstoerbare-corelle-geschirrset-bringt-sonnige-farbtoene-auf-meinen-wintertisch-und-kostet-derzeit-weniger-als-90-us-dollar\/","name":"Dieses praktisch unzerst\u00f6rbare Corelle-Geschirrset bringt sonnige Farbt\u00f6ne auf meinen Wintertisch \u2013 und kostet derzeit weniger als 90 US-Dollar - Nachrichten - Stra\u00dfenweb","isPartOf":{"@id":"https:\/\/www.strassenweb.de\/nachrichten\/#website"},"primaryImageOfPage":{"@id":"https:\/\/www.strassenweb.de\/nachrichten\/dieses-praktisch-unzerstoerbare-corelle-geschirrset-bringt-sonnige-farbtoene-auf-meinen-wintertisch-und-kostet-derzeit-weniger-als-90-us-dollar\/#primaryimage"},"image":{"@id":"https:\/\/www.strassenweb.de\/nachrichten\/dieses-praktisch-unzerstoerbare-corelle-geschirrset-bringt-sonnige-farbtoene-auf-meinen-wintertisch-und-kostet-derzeit-weniger-als-90-us-dollar\/#primaryimage"},"thumbnailUrl":"https:\/\/www.strassenweb.de\/nachrichten\/wp-content\/uploads\/2025\/11\/Dieses-praktisch-unzerstoerbare-Corelle-Geschirrset-bringt-sonnige-Farbtoene-auf-meinen-Wintertisch.jpg","datePublished":"2025-11-21T06:39:43+00:00","dateModified":"2025-11-21T06:39:44+00:00","breadcrumb":{"@id":"https:\/\/www.strassenweb.de\/nachrichten\/dieses-praktisch-unzerstoerbare-corelle-geschirrset-bringt-sonnige-farbtoene-auf-meinen-wintertisch-und-kostet-derzeit-weniger-als-90-us-dollar\/#breadcrumb"},"inLanguage":"de","potentialAction":[{"@type":"ReadAction","target":["https:\/\/www.strassenweb.de\/nachrichten\/dieses-praktisch-unzerstoerbare-corelle-geschirrset-bringt-sonnige-farbtoene-auf-meinen-wintertisch-und-kostet-derzeit-weniger-als-90-us-dollar\/"]}]},{"@type":"ImageObject","inLanguage":"de","@id":"https:\/\/www.strassenweb.de\/nachrichten\/dieses-praktisch-unzerstoerbare-corelle-geschirrset-bringt-sonnige-farbtoene-auf-meinen-wintertisch-und-kostet-derzeit-weniger-als-90-us-dollar\/#primaryimage","url":"https:\/\/www.strassenweb.de\/nachrichten\/wp-content\/uploads\/2025\/11\/Dieses-praktisch-unzerstoerbare-Corelle-Geschirrset-bringt-sonnige-Farbtoene-auf-meinen-Wintertisch.jpg","contentUrl":"https:\/\/www.strassenweb.de\/nachrichten\/wp-content\/uploads\/2025\/11\/Dieses-praktisch-unzerstoerbare-Corelle-Geschirrset-bringt-sonnige-Farbtoene-auf-meinen-Wintertisch.jpg","width":1600,"height":900,"caption":"Blue and white painted dinnerware on bright yellow tablecloth"},{"@type":"BreadcrumbList","@id":"https:\/\/www.strassenweb.de\/nachrichten\/dieses-praktisch-unzerstoerbare-corelle-geschirrset-bringt-sonnige-farbtoene-auf-meinen-wintertisch-und-kostet-derzeit-weniger-als-90-us-dollar\/#breadcrumb","itemListElement":[{"@type":"ListItem","position":1,"name":"Home","item":"https:\/\/www.strassenweb.de\/nachrichten\/"},{"@type":"ListItem","position":2,"name":"Dieses praktisch unzerst\u00f6rbare Corelle-Geschirrset bringt sonnige Farbt\u00f6ne auf meinen Wintertisch \u2013 und kostet derzeit weniger als 90 US-Dollar"}]},{"@type":"WebSite","@id":"https:\/\/www.strassenweb.de\/nachrichten\/#website","url":"https:\/\/www.strassenweb.de\/nachrichten\/","name":"Stra\u00dfenweb","description":"Stra\u00dfenverzeichnis f\u00fcr Deutschland","publisher":{"@id":"https:\/\/www.strassenweb.de\/nachrichten\/#organization"},"potentialAction":[{"@type":"SearchAction","target":{"@type":"EntryPoint","urlTemplate":"https:\/\/www.strassenweb.de\/nachrichten\/?s={search_term_string}"},"query-input":{"@type":"PropertyValueSpecification","valueRequired":true,"valueName":"search_term_string"}}],"inLanguage":"de"},{"@type":"Organization","@id":"https:\/\/www.strassenweb.de\/nachrichten\/#organization","name":"Stra\u00dfenweb","url":"https:\/\/www.strassenweb.de\/nachrichten\/","logo":{"@type":"ImageObject","inLanguage":"de","@id":"https:\/\/www.strassenweb.de\/nachrichten\/#\/schema\/logo\/image\/","url":"https:\/\/www.strassenweb.de\/nachrichten\/wp-content\/uploads\/2024\/09\/cropped-favicon.png","contentUrl":"https:\/\/www.strassenweb.de\/nachrichten\/wp-content\/uploads\/2024\/09\/cropped-favicon.png","width":512,"height":512,"caption":"Stra\u00dfenweb"},"image":{"@id":"https:\/\/www.strassenweb.de\/nachrichten\/#\/schema\/logo\/image\/"},"sameAs":["https:\/\/www.facebook.com\/strassenweb\/"]},{"@type":"Person","@id":"https:\/\/www.strassenweb.de\/nachrichten\/#\/schema\/person\/87c9c9067f1211da429a744dc5a5aa41","name":"Robert Hoffmann","image":{"@type":"ImageObject","inLanguage":"de","@id":"https:\/\/www.strassenweb.de\/nachrichten\/wp-content\/uploads\/2024\/09\/strassenweb-150x150.jpg","url":"https:\/\/www.strassenweb.de\/nachrichten\/wp-content\/uploads\/2024\/09\/strassenweb-150x150.jpg","contentUrl":"https:\/\/www.strassenweb.de\/nachrichten\/wp-content\/uploads\/2024\/09\/strassenweb-150x150.jpg","caption":"Robert Hoffmann"},"description":"Ich hei\u00dfe Robert Hoffmann und ich bin ein leidenschaftlicher Verfechter von \u00d6kologie und Biodiversit\u00e4t. Seit meiner Kindheit in den W\u00e4ldern Bayerns f\u00fchle ich mich mit der Natur verbunden und bin entschlossen, sie zu sch\u00fctzen. Heute widme ich mein Leben der Sensibilisierung anderer f\u00fcr die Bedeutung des Umweltschutzes f\u00fcr zuk\u00fcnftige Generationen.","sameAs":["https:\/\/www.strassenweb.de\/"]}]}},"_links":{"self":[{"href":"https:\/\/www.strassenweb.de\/nachrichten\/wp-json\/wp\/v2\/posts\/9324","targetHints":{"allow":["GET"]}}],"collection":[{"href":"https:\/\/www.strassenweb.de\/nachrichten\/wp-json\/wp\/v2\/posts"}],"about":[{"href":"https:\/\/www.strassenweb.de\/nachrichten\/wp-json\/wp\/v2\/types\/post"}],"author":[{"embeddable":true,"href":"https:\/\/www.strassenweb.de\/nachrichten\/wp-json\/wp\/v2\/users\/1"}],"replies":[{"embeddable":true,"href":"https:\/\/www.strassenweb.de\/nachrichten\/wp-json\/wp\/v2\/comments?post=9324"}],"version-history":[{"count":0,"href":"https:\/\/www.strassenweb.de\/nachrichten\/wp-json\/wp\/v2\/posts\/9324\/revisions"}],"wp:featuredmedia":[{"embeddable":true,"href":"https:\/\/www.strassenweb.de\/nachrichten\/wp-json\/wp\/v2\/media\/9325"}],"wp:attachment":[{"href":"https:\/\/www.strassenweb.de\/nachrichten\/wp-json\/wp\/v2\/media?parent=9324"}],"wp:term":[{"taxonomy":"category","embeddable":true,"href":"https:\/\/www.strassenweb.de\/nachrichten\/wp-json\/wp\/v2\/categories?post=9324"},{"taxonomy":"post_tag","embeddable":true,"href":"https:\/\/www.strassenweb.de\/nachrichten\/wp-json\/wp\/v2\/tags?post=9324"}],"curies":[{"name":"wp","href":"https:\/\/api.w.org\/{rel}","templated":true}]}}