{"id":9321,"date":"2025-11-21T05:39:31","date_gmt":"2025-11-21T04:39:31","guid":{"rendered":"https:\/\/www.strassenweb.de\/nachrichten\/beruehmtes-tal-das-von-der-schottischen-forstbehoerde-verwaltet-wird-schliesst-sich-dem-britischen-an\/"},"modified":"2025-11-21T05:39:32","modified_gmt":"2025-11-21T04:39:32","slug":"beruehmtes-tal-das-von-der-schottischen-forstbehoerde-verwaltet-wird-schliesst-sich-dem-britischen-an","status":"publish","type":"post","link":"https:\/\/www.strassenweb.de\/nachrichten\/beruehmtes-tal-das-von-der-schottischen-forstbehoerde-verwaltet-wird-schliesst-sich-dem-britischen-an\/","title":{"rendered":"Ber\u00fchmtes Tal, das von der schottischen Forstbeh\u00f6rde verwaltet wird, schlie\u00dft sich dem britischen &#8230; an"},"content":{"rendered":"<p>Das weltber\u00fchmte Glen Affric National Nature Reserve, das von Forestry and Land Scotland (FLS) verwaltet wird, hat sich Affric Highlands, der gr\u00f6\u00dften Wiederverwilderungslandschaft Gro\u00dfbritanniens, angeschlossen und ist damit der 20. Landbesitz, der sich der ehrgeizigen, gemeinschaftsorientierten Initiative angeschlossen hat.<\/p>\n<p>Ziel von Affric Highlands ist die Wiederherstellung der Natur auf mehr als 200.000 Hektar der zentralen Highlands durch ein verbundenes Netzwerk von Landbesitzungen, die sich vom Loch Ness bis Kintail erstrecken, darunter Glens Affric, Cannich, Moriston, Shiel und Urquhart.<\/p>\n<p>Die von der Wohlt\u00e4tigkeitsorganisation Rewilding Affric Highlands koordinierte Landschaft bringt eine breite Koalition aus Landbesitzern, Einheimischen, Wohlt\u00e4tigkeitsorganisationen, Unternehmen und anderen zusammen, um die Artenvielfalt zu f\u00f6rdern, den Klimawandel zu bek\u00e4mpfen und umfassende soziale und wirtschaftliche M\u00f6glichkeiten f\u00fcr die Menschen zu schaffen.<\/p>\n<p>FLS, die Forstbeh\u00f6rde der schottischen Regierung, und Rewilding Affric Highlands haben diesen Monat eine Vereinbarung unterzeichnet, die das Glen Affric National Nature Reserve und andere FLS-Grundst\u00fccke im Tal \u2013 insgesamt 17.604 Hektar \u2013 in die Partnerschaft einbezieht.<\/p>\n<p>Glen Affric ist au\u00dferdem ein kaledonisches Waldreservat, ein Gebiet von besonderem wissenschaftlichem Interesse, ein nationales Landschaftsgebiet und verf\u00fcgt \u00fcber mehrere europ\u00e4ische Naturschutzgebiete.<\/p>\n<p>\u201eDies ist ein gro\u00dfer Fortschritt f\u00fcr das gesamte Gebiet, um reicher an Natur zu werden, mit neuen M\u00f6glichkeiten f\u00fcr die Menschen, einschlie\u00dflich Arbeitspl\u00e4tzen, Wiederbesiedelung und Gesundheit. Glen Affric liegt im Herzen der Affric Highlands und die Arbeit von FLS an diesem besonderen Ort ist enorm wichtig\u201c, sagte Stephanie Kiel, Gesch\u00e4ftsf\u00fchrerin von Rewilding Affric Highlands.<\/p>\n<p>Alex Macleod, FLS North Region Manager, der die Vereinbarung im Namen der Agentur unterzeichnete, sagte: \u201eWir freuen uns, dieser wichtigen Koalition beizutreten, um die Verbindung und das Gedeihen der Natur in einem so gro\u00dfen Gebiet der Highlands zu erm\u00f6glichen. Als Verwalter von Glen Affric im Namen der Nation hoffen wir, dass unser Engagement eine Schl\u00fcsselrolle dabei spielen wird, die umfassende, langfristige Gesundheit der Natur, der Gemeinden und der Lebensgrundlagen weiter sicherzustellen.\u201c<\/p>\n<p>Glen Affric wird oft als das sch\u00f6nste Tal Schottlands beschrieben und beherbergt eines der besten und drittgr\u00f6\u00dften Beispiele des weltweit einzigartigen kaledonischen Waldes, der einst einen Gro\u00dfteil der Highlands bedeckte, heute jedoch auf weniger als 2 % seiner urspr\u00fcnglichen Ausdehnung geschrumpft ist.<\/p>\n<p>FLS f\u00fchrt seit 75 Jahren wichtige \u00f6ffentliche Waldschutzma\u00dfnahmen im Tal durch und arbeitet seit Jahrzehnten in Partnerschaft mit Landbesitzern, der Wohlt\u00e4tigkeitsorganisation \u201eTrees for Life\u201c und anderen an der Wiederherstellung des kaledonischen Waldes dort.<\/p>\n<p>FLS sch\u00e4tzt, dass durch diese Arbeit Hunderte Hektar kaledonischer Kiefernw\u00e4lder gesch\u00fctzt und wiederhergestellt wurden, indem Waldkiefern und einheimische Laubb\u00e4ume gepflanzt und die nat\u00fcrliche Regeneration erm\u00f6glicht wurden, unter anderem durch Hirschmanagement zum Schutz junger B\u00e4ume. Au\u00dferdem wurden Feuchtgebiete, Torfmoore und andere offene Landlebensr\u00e4ume wiederhergestellt.<\/p>\n<p>In diesem Monat hat sich auch das 5.800 Hektar gro\u00dfe Barrisdale Estate den Affric Highlands angeschlossen \u2013 wodurch die wachsende Partnerschaft der Landschaft 21 Landbesitzer umfasst, die insgesamt mehr als 81.000 Hektar umfassen.<\/p>\n<p>Diese einzelnen Landbesitze haben alle eine Absichtserkl\u00e4rung unterzeichnet und treffen ihre eigenen Entscheidungen dar\u00fcber, welche Ma\u00dfnahmen zur Wiederherstellung der Natur f\u00fcr sie geeignet sind. Das Team von Rewilding Affric Highlands bietet dabei Rat und Unterst\u00fctzung.<\/p>\n<p>Einheimische W\u00e4lder und Moore werden wiederhergestellt, um die Artenvielfalt zu steigern und Kohlenstoff zu absorbieren. Flussw\u00e4lder entstehen durch die R\u00fcckf\u00fchrung von Waldgebieten an die Ufer von B\u00e4chen und Fl\u00fcssen im Hochland, um dem in Schwierigkeiten geratenen Atlantischen Lachs Schottlands lebenswichtigen Schatten, N\u00e4hrstoffe und Schutz zu bieten. <\/p>\n<p>Diese Wiederherstellung des Lebensraums f\u00f6rdert die Artenvielfalt und kommt der Tierwelt zugute, darunter Steinadler, Eichh\u00f6rnchen, Birkh\u00fchner, Schneehasen, Lachse, Forellen, Fischadler und Otter.<\/p>\n<p>Gemeinsam mit \u00f6rtlichen Landbesitzern wird daran gearbeitet, die Lebensgrundlagen auf dem Land und die naturbasierten Wirtschaftsm\u00f6glichkeiten zu st\u00e4rken, mit dem Ziel, die Region zu einem Zentrum f\u00fcr nachhaltigen Holz-, Fischerei-, Landwirtschafts-, Wild- und Wildtiertourismus zu machen.<\/p>\n<p>Die Affric Highlands-Landschaft, die eine Fl\u00e4che von mehr als 700 Quadratmeilen umfassen soll, befindet sich gr\u00f6\u00dftenteils im Besitz von 56 gro\u00dfen Anwesen, und Rewilding Affric Highlands ermutigt weitere Landbesitzer, sich anzuschlie\u00dfen.<\/p>\n<p>Affric Highlands ist Mitglied der Rewilding Europe-Familie bedeutender europaweiter Flaggschiff-Wiederverwilderungslandschaften, die von der nordischen Taiga in Schweden bis zum zentralen Apennin in Italien reichen.<\/p>\n<p>Im April dieses Jahres startete Rewilding Affric Highlands als unabh\u00e4ngige Wohlt\u00e4tigkeitsorganisation, nachdem es zuvor seit 2021 als Joint Venture unter der Leitung von Trees for Life mit Unterst\u00fctzung von Rewilding Europe gearbeitet hatte. Dies erfolgte im Anschluss an die ersten drei Jahre der Initiative als East-West Wild-Projekt von Trees for Life, in denen umfangreiche Vorbereitungen und lokale Konsultationen durchgef\u00fchrt wurden.<\/p>\n<p>Weitere Einzelheiten finden Sie unter affrichighlands.org.<\/p>\n<p><em>Bildnachweis: Rotes Eichh\u00f6rnchen, SCHOTTLAND Das gro\u00dfe Ganze<\/em><\/p>\n","protected":false},"excerpt":{"rendered":"<p>Das weltber\u00fchmte Glen Affric National Nature Reserve, das von Forestry and Land Scotland (FLS) verwaltet wird, hat sich Affric Highlands, der gr\u00f6\u00dften Wiederverwilderungslandschaft Gro\u00dfbritanniens, angeschlossen<\/p>\n","protected":false},"author":1,"featured_media":9322,"comment_status":"closed","ping_status":"","sticky":false,"template":"","format":"standard","meta":{"footnotes":""},"categories":[101],"tags":[9419,1525,112,91,81,11614,1346,332,142,11613,31,21,71],"class_list":["post-9321","post","type-post","status-publish","format-standard","has-post-thumbnail","hentry","category-oekologie","tag-beruehmtes","tag-britischen","tag-das","tag-dem","tag-der","tag-forstbehoerde","tag-schliesst","tag-schottischen","tag-sich","tag-tal","tag-verwaltet","tag-von","tag-wird","generate-columns","tablet-grid-50","mobile-grid-100","grid-parent","grid-50"],"yoast_head":"<!-- This site is optimized with the Yoast SEO plugin v27.3 - https:\/\/yoast.com\/product\/yoast-seo-wordpress\/ -->\n<title>Ber\u00fchmtes Tal, das von der schottischen Forstbeh\u00f6rde verwaltet wird, schlie\u00dft sich dem britischen ... an - Nachrichten - Stra\u00dfenweb<\/title>\n<meta name=\"robots\" content=\"index, follow, max-snippet:-1, max-image-preview:large, max-video-preview:-1\" \/>\n<link rel=\"canonical\" href=\"https:\/\/www.strassenweb.de\/nachrichten\/beruehmtes-tal-das-von-der-schottischen-forstbehoerde-verwaltet-wird-schliesst-sich-dem-britischen-an\/\" \/>\n<meta property=\"og:locale\" content=\"de_DE\" \/>\n<meta property=\"og:type\" content=\"article\" \/>\n<meta property=\"og:title\" content=\"Ber\u00fchmtes Tal, das von der schottischen Forstbeh\u00f6rde verwaltet wird, schlie\u00dft sich dem britischen ... an - Nachrichten - Stra\u00dfenweb\" \/>\n<meta property=\"og:description\" content=\"Das weltber\u00fchmte Glen Affric National Nature Reserve, das von Forestry and Land Scotland (FLS) verwaltet wird, hat sich Affric Highlands, der gr\u00f6\u00dften Wiederverwilderungslandschaft Gro\u00dfbritanniens, angeschlossen\" \/>\n<meta property=\"og:url\" content=\"https:\/\/www.strassenweb.de\/nachrichten\/beruehmtes-tal-das-von-der-schottischen-forstbehoerde-verwaltet-wird-schliesst-sich-dem-britischen-an\/\" \/>\n<meta property=\"og:site_name\" content=\"Stra\u00dfenweb\" \/>\n<meta property=\"article:publisher\" content=\"https:\/\/www.facebook.com\/strassenweb\/\" \/>\n<meta property=\"article:published_time\" content=\"2025-11-21T04:39:31+00:00\" \/>\n<meta property=\"article:modified_time\" content=\"2025-11-21T04:39:32+00:00\" \/>\n<meta property=\"og:image\" content=\"https:\/\/www.strassenweb.de\/nachrichten\/wp-content\/uploads\/2025\/11\/Beruehmtes-Tal-das-von-der-schottischen-Forstbehoerde-verwaltet-wird-schliesst.jpeg\" \/>\n\t<meta property=\"og:image:width\" content=\"900\" \/>\n\t<meta property=\"og:image:height\" content=\"599\" \/>\n\t<meta property=\"og:image:type\" content=\"image\/jpeg\" \/>\n<meta name=\"author\" content=\"Robert Hoffmann\" \/>\n<meta name=\"twitter:card\" content=\"summary_large_image\" \/>\n<meta name=\"twitter:label1\" content=\"Verfasst von\" \/>\n\t<meta name=\"twitter:data1\" content=\"Robert Hoffmann\" \/>\n\t<meta name=\"twitter:label2\" content=\"Gesch\u00e4tzte Lesezeit\" \/>\n\t<meta name=\"twitter:data2\" content=\"4\u00a0Minuten\" \/>\n<script type=\"application\/ld+json\" class=\"yoast-schema-graph\">{\"@context\":\"https:\\\/\\\/schema.org\",\"@graph\":[{\"@type\":\"Article\",\"@id\":\"https:\\\/\\\/www.strassenweb.de\\\/nachrichten\\\/beruehmtes-tal-das-von-der-schottischen-forstbehoerde-verwaltet-wird-schliesst-sich-dem-britischen-an\\\/#article\",\"isPartOf\":{\"@id\":\"https:\\\/\\\/www.strassenweb.de\\\/nachrichten\\\/beruehmtes-tal-das-von-der-schottischen-forstbehoerde-verwaltet-wird-schliesst-sich-dem-britischen-an\\\/\"},\"author\":{\"name\":\"Robert Hoffmann\",\"@id\":\"https:\\\/\\\/www.strassenweb.de\\\/nachrichten\\\/#\\\/schema\\\/person\\\/87c9c9067f1211da429a744dc5a5aa41\"},\"headline\":\"Ber\u00fchmtes Tal, das von der schottischen Forstbeh\u00f6rde verwaltet wird, schlie\u00dft sich dem britischen &#8230; an\",\"datePublished\":\"2025-11-21T04:39:31+00:00\",\"dateModified\":\"2025-11-21T04:39:32+00:00\",\"mainEntityOfPage\":{\"@id\":\"https:\\\/\\\/www.strassenweb.de\\\/nachrichten\\\/beruehmtes-tal-das-von-der-schottischen-forstbehoerde-verwaltet-wird-schliesst-sich-dem-britischen-an\\\/\"},\"wordCount\":794,\"publisher\":{\"@id\":\"https:\\\/\\\/www.strassenweb.de\\\/nachrichten\\\/#organization\"},\"image\":{\"@id\":\"https:\\\/\\\/www.strassenweb.de\\\/nachrichten\\\/beruehmtes-tal-das-von-der-schottischen-forstbehoerde-verwaltet-wird-schliesst-sich-dem-britischen-an\\\/#primaryimage\"},\"thumbnailUrl\":\"https:\\\/\\\/www.strassenweb.de\\\/nachrichten\\\/wp-content\\\/uploads\\\/2025\\\/11\\\/Beruehmtes-Tal-das-von-der-schottischen-Forstbehoerde-verwaltet-wird-schliesst.jpeg\",\"keywords\":[\"ber\u00fchmtes\",\"Britischen\",\"das\",\"dem\",\"der\",\"Forstbeh\u00f6rde\",\"schlie\u00dft\",\"schottischen\",\"sich\",\"Tal\",\"verwaltet\",\"von\",\"wird\"],\"articleSection\":[\"\u00d6kologie\"],\"inLanguage\":\"de\"},{\"@type\":\"WebPage\",\"@id\":\"https:\\\/\\\/www.strassenweb.de\\\/nachrichten\\\/beruehmtes-tal-das-von-der-schottischen-forstbehoerde-verwaltet-wird-schliesst-sich-dem-britischen-an\\\/\",\"url\":\"https:\\\/\\\/www.strassenweb.de\\\/nachrichten\\\/beruehmtes-tal-das-von-der-schottischen-forstbehoerde-verwaltet-wird-schliesst-sich-dem-britischen-an\\\/\",\"name\":\"Ber\u00fchmtes Tal, das von der schottischen Forstbeh\u00f6rde verwaltet wird, schlie\u00dft sich dem britischen ... an - Nachrichten - Stra\u00dfenweb\",\"isPartOf\":{\"@id\":\"https:\\\/\\\/www.strassenweb.de\\\/nachrichten\\\/#website\"},\"primaryImageOfPage\":{\"@id\":\"https:\\\/\\\/www.strassenweb.de\\\/nachrichten\\\/beruehmtes-tal-das-von-der-schottischen-forstbehoerde-verwaltet-wird-schliesst-sich-dem-britischen-an\\\/#primaryimage\"},\"image\":{\"@id\":\"https:\\\/\\\/www.strassenweb.de\\\/nachrichten\\\/beruehmtes-tal-das-von-der-schottischen-forstbehoerde-verwaltet-wird-schliesst-sich-dem-britischen-an\\\/#primaryimage\"},\"thumbnailUrl\":\"https:\\\/\\\/www.strassenweb.de\\\/nachrichten\\\/wp-content\\\/uploads\\\/2025\\\/11\\\/Beruehmtes-Tal-das-von-der-schottischen-Forstbehoerde-verwaltet-wird-schliesst.jpeg\",\"datePublished\":\"2025-11-21T04:39:31+00:00\",\"dateModified\":\"2025-11-21T04:39:32+00:00\",\"breadcrumb\":{\"@id\":\"https:\\\/\\\/www.strassenweb.de\\\/nachrichten\\\/beruehmtes-tal-das-von-der-schottischen-forstbehoerde-verwaltet-wird-schliesst-sich-dem-britischen-an\\\/#breadcrumb\"},\"inLanguage\":\"de\",\"potentialAction\":[{\"@type\":\"ReadAction\",\"target\":[\"https:\\\/\\\/www.strassenweb.de\\\/nachrichten\\\/beruehmtes-tal-das-von-der-schottischen-forstbehoerde-verwaltet-wird-schliesst-sich-dem-britischen-an\\\/\"]}]},{\"@type\":\"ImageObject\",\"inLanguage\":\"de\",\"@id\":\"https:\\\/\\\/www.strassenweb.de\\\/nachrichten\\\/beruehmtes-tal-das-von-der-schottischen-forstbehoerde-verwaltet-wird-schliesst-sich-dem-britischen-an\\\/#primaryimage\",\"url\":\"https:\\\/\\\/www.strassenweb.de\\\/nachrichten\\\/wp-content\\\/uploads\\\/2025\\\/11\\\/Beruehmtes-Tal-das-von-der-schottischen-Forstbehoerde-verwaltet-wird-schliesst.jpeg\",\"contentUrl\":\"https:\\\/\\\/www.strassenweb.de\\\/nachrichten\\\/wp-content\\\/uploads\\\/2025\\\/11\\\/Beruehmtes-Tal-das-von-der-schottischen-Forstbehoerde-verwaltet-wird-schliesst.jpeg\",\"width\":900,\"height\":599,\"caption\":\"Famous glen managed by Scotland\u2019s forestry agency joins UK\u2019s largest rewilding landscape in \u2018huge step forwards for nature\u2019\"},{\"@type\":\"BreadcrumbList\",\"@id\":\"https:\\\/\\\/www.strassenweb.de\\\/nachrichten\\\/beruehmtes-tal-das-von-der-schottischen-forstbehoerde-verwaltet-wird-schliesst-sich-dem-britischen-an\\\/#breadcrumb\",\"itemListElement\":[{\"@type\":\"ListItem\",\"position\":1,\"name\":\"Home\",\"item\":\"https:\\\/\\\/www.strassenweb.de\\\/nachrichten\\\/\"},{\"@type\":\"ListItem\",\"position\":2,\"name\":\"Ber\u00fchmtes Tal, das von der schottischen Forstbeh\u00f6rde verwaltet wird, schlie\u00dft sich dem britischen &#8230; an\"}]},{\"@type\":\"WebSite\",\"@id\":\"https:\\\/\\\/www.strassenweb.de\\\/nachrichten\\\/#website\",\"url\":\"https:\\\/\\\/www.strassenweb.de\\\/nachrichten\\\/\",\"name\":\"Stra\u00dfenweb\",\"description\":\"Stra\u00dfenverzeichnis f\u00fcr Deutschland\",\"publisher\":{\"@id\":\"https:\\\/\\\/www.strassenweb.de\\\/nachrichten\\\/#organization\"},\"potentialAction\":[{\"@type\":\"SearchAction\",\"target\":{\"@type\":\"EntryPoint\",\"urlTemplate\":\"https:\\\/\\\/www.strassenweb.de\\\/nachrichten\\\/?s={search_term_string}\"},\"query-input\":{\"@type\":\"PropertyValueSpecification\",\"valueRequired\":true,\"valueName\":\"search_term_string\"}}],\"inLanguage\":\"de\"},{\"@type\":\"Organization\",\"@id\":\"https:\\\/\\\/www.strassenweb.de\\\/nachrichten\\\/#organization\",\"name\":\"Stra\u00dfenweb\",\"url\":\"https:\\\/\\\/www.strassenweb.de\\\/nachrichten\\\/\",\"logo\":{\"@type\":\"ImageObject\",\"inLanguage\":\"de\",\"@id\":\"https:\\\/\\\/www.strassenweb.de\\\/nachrichten\\\/#\\\/schema\\\/logo\\\/image\\\/\",\"url\":\"https:\\\/\\\/www.strassenweb.de\\\/nachrichten\\\/wp-content\\\/uploads\\\/2024\\\/09\\\/cropped-favicon.png\",\"contentUrl\":\"https:\\\/\\\/www.strassenweb.de\\\/nachrichten\\\/wp-content\\\/uploads\\\/2024\\\/09\\\/cropped-favicon.png\",\"width\":512,\"height\":512,\"caption\":\"Stra\u00dfenweb\"},\"image\":{\"@id\":\"https:\\\/\\\/www.strassenweb.de\\\/nachrichten\\\/#\\\/schema\\\/logo\\\/image\\\/\"},\"sameAs\":[\"https:\\\/\\\/www.facebook.com\\\/strassenweb\\\/\"]},{\"@type\":\"Person\",\"@id\":\"https:\\\/\\\/www.strassenweb.de\\\/nachrichten\\\/#\\\/schema\\\/person\\\/87c9c9067f1211da429a744dc5a5aa41\",\"name\":\"Robert Hoffmann\",\"image\":{\"@type\":\"ImageObject\",\"inLanguage\":\"de\",\"@id\":\"https:\\\/\\\/www.strassenweb.de\\\/nachrichten\\\/wp-content\\\/uploads\\\/2024\\\/09\\\/strassenweb-150x150.jpg\",\"url\":\"https:\\\/\\\/www.strassenweb.de\\\/nachrichten\\\/wp-content\\\/uploads\\\/2024\\\/09\\\/strassenweb-150x150.jpg\",\"contentUrl\":\"https:\\\/\\\/www.strassenweb.de\\\/nachrichten\\\/wp-content\\\/uploads\\\/2024\\\/09\\\/strassenweb-150x150.jpg\",\"caption\":\"Robert Hoffmann\"},\"description\":\"Ich hei\u00dfe Robert Hoffmann und ich bin ein leidenschaftlicher Verfechter von \u00d6kologie und Biodiversit\u00e4t. Seit meiner Kindheit in den W\u00e4ldern Bayerns f\u00fchle ich mich mit der Natur verbunden und bin entschlossen, sie zu sch\u00fctzen. Heute widme ich mein Leben der Sensibilisierung anderer f\u00fcr die Bedeutung des Umweltschutzes f\u00fcr zuk\u00fcnftige Generationen.\",\"sameAs\":[\"https:\\\/\\\/www.strassenweb.de\\\/\"]}]}<\/script>\n<!-- \/ Yoast SEO plugin. -->","yoast_head_json":{"title":"Ber\u00fchmtes Tal, das von der schottischen Forstbeh\u00f6rde verwaltet wird, schlie\u00dft sich dem britischen ... an - Nachrichten - Stra\u00dfenweb","robots":{"index":"index","follow":"follow","max-snippet":"max-snippet:-1","max-image-preview":"max-image-preview:large","max-video-preview":"max-video-preview:-1"},"canonical":"https:\/\/www.strassenweb.de\/nachrichten\/beruehmtes-tal-das-von-der-schottischen-forstbehoerde-verwaltet-wird-schliesst-sich-dem-britischen-an\/","og_locale":"de_DE","og_type":"article","og_title":"Ber\u00fchmtes Tal, das von der schottischen Forstbeh\u00f6rde verwaltet wird, schlie\u00dft sich dem britischen ... an - Nachrichten - Stra\u00dfenweb","og_description":"Das weltber\u00fchmte Glen Affric National Nature Reserve, das von Forestry and Land Scotland (FLS) verwaltet wird, hat sich Affric Highlands, der gr\u00f6\u00dften Wiederverwilderungslandschaft Gro\u00dfbritanniens, angeschlossen","og_url":"https:\/\/www.strassenweb.de\/nachrichten\/beruehmtes-tal-das-von-der-schottischen-forstbehoerde-verwaltet-wird-schliesst-sich-dem-britischen-an\/","og_site_name":"Stra\u00dfenweb","article_publisher":"https:\/\/www.facebook.com\/strassenweb\/","article_published_time":"2025-11-21T04:39:31+00:00","article_modified_time":"2025-11-21T04:39:32+00:00","og_image":[{"width":900,"height":599,"url":"https:\/\/www.strassenweb.de\/nachrichten\/wp-content\/uploads\/2025\/11\/Beruehmtes-Tal-das-von-der-schottischen-Forstbehoerde-verwaltet-wird-schliesst.jpeg","type":"image\/jpeg"}],"author":"Robert Hoffmann","twitter_card":"summary_large_image","twitter_misc":{"Verfasst von":"Robert Hoffmann","Gesch\u00e4tzte Lesezeit":"4\u00a0Minuten"},"schema":{"@context":"https:\/\/schema.org","@graph":[{"@type":"Article","@id":"https:\/\/www.strassenweb.de\/nachrichten\/beruehmtes-tal-das-von-der-schottischen-forstbehoerde-verwaltet-wird-schliesst-sich-dem-britischen-an\/#article","isPartOf":{"@id":"https:\/\/www.strassenweb.de\/nachrichten\/beruehmtes-tal-das-von-der-schottischen-forstbehoerde-verwaltet-wird-schliesst-sich-dem-britischen-an\/"},"author":{"name":"Robert Hoffmann","@id":"https:\/\/www.strassenweb.de\/nachrichten\/#\/schema\/person\/87c9c9067f1211da429a744dc5a5aa41"},"headline":"Ber\u00fchmtes Tal, das von der schottischen Forstbeh\u00f6rde verwaltet wird, schlie\u00dft sich dem britischen &#8230; an","datePublished":"2025-11-21T04:39:31+00:00","dateModified":"2025-11-21T04:39:32+00:00","mainEntityOfPage":{"@id":"https:\/\/www.strassenweb.de\/nachrichten\/beruehmtes-tal-das-von-der-schottischen-forstbehoerde-verwaltet-wird-schliesst-sich-dem-britischen-an\/"},"wordCount":794,"publisher":{"@id":"https:\/\/www.strassenweb.de\/nachrichten\/#organization"},"image":{"@id":"https:\/\/www.strassenweb.de\/nachrichten\/beruehmtes-tal-das-von-der-schottischen-forstbehoerde-verwaltet-wird-schliesst-sich-dem-britischen-an\/#primaryimage"},"thumbnailUrl":"https:\/\/www.strassenweb.de\/nachrichten\/wp-content\/uploads\/2025\/11\/Beruehmtes-Tal-das-von-der-schottischen-Forstbehoerde-verwaltet-wird-schliesst.jpeg","keywords":["ber\u00fchmtes","Britischen","das","dem","der","Forstbeh\u00f6rde","schlie\u00dft","schottischen","sich","Tal","verwaltet","von","wird"],"articleSection":["\u00d6kologie"],"inLanguage":"de"},{"@type":"WebPage","@id":"https:\/\/www.strassenweb.de\/nachrichten\/beruehmtes-tal-das-von-der-schottischen-forstbehoerde-verwaltet-wird-schliesst-sich-dem-britischen-an\/","url":"https:\/\/www.strassenweb.de\/nachrichten\/beruehmtes-tal-das-von-der-schottischen-forstbehoerde-verwaltet-wird-schliesst-sich-dem-britischen-an\/","name":"Ber\u00fchmtes Tal, das von der schottischen Forstbeh\u00f6rde verwaltet wird, schlie\u00dft sich dem britischen ... an - Nachrichten - Stra\u00dfenweb","isPartOf":{"@id":"https:\/\/www.strassenweb.de\/nachrichten\/#website"},"primaryImageOfPage":{"@id":"https:\/\/www.strassenweb.de\/nachrichten\/beruehmtes-tal-das-von-der-schottischen-forstbehoerde-verwaltet-wird-schliesst-sich-dem-britischen-an\/#primaryimage"},"image":{"@id":"https:\/\/www.strassenweb.de\/nachrichten\/beruehmtes-tal-das-von-der-schottischen-forstbehoerde-verwaltet-wird-schliesst-sich-dem-britischen-an\/#primaryimage"},"thumbnailUrl":"https:\/\/www.strassenweb.de\/nachrichten\/wp-content\/uploads\/2025\/11\/Beruehmtes-Tal-das-von-der-schottischen-Forstbehoerde-verwaltet-wird-schliesst.jpeg","datePublished":"2025-11-21T04:39:31+00:00","dateModified":"2025-11-21T04:39:32+00:00","breadcrumb":{"@id":"https:\/\/www.strassenweb.de\/nachrichten\/beruehmtes-tal-das-von-der-schottischen-forstbehoerde-verwaltet-wird-schliesst-sich-dem-britischen-an\/#breadcrumb"},"inLanguage":"de","potentialAction":[{"@type":"ReadAction","target":["https:\/\/www.strassenweb.de\/nachrichten\/beruehmtes-tal-das-von-der-schottischen-forstbehoerde-verwaltet-wird-schliesst-sich-dem-britischen-an\/"]}]},{"@type":"ImageObject","inLanguage":"de","@id":"https:\/\/www.strassenweb.de\/nachrichten\/beruehmtes-tal-das-von-der-schottischen-forstbehoerde-verwaltet-wird-schliesst-sich-dem-britischen-an\/#primaryimage","url":"https:\/\/www.strassenweb.de\/nachrichten\/wp-content\/uploads\/2025\/11\/Beruehmtes-Tal-das-von-der-schottischen-Forstbehoerde-verwaltet-wird-schliesst.jpeg","contentUrl":"https:\/\/www.strassenweb.de\/nachrichten\/wp-content\/uploads\/2025\/11\/Beruehmtes-Tal-das-von-der-schottischen-Forstbehoerde-verwaltet-wird-schliesst.jpeg","width":900,"height":599,"caption":"Famous glen managed by Scotland\u2019s forestry agency joins UK\u2019s largest rewilding landscape in \u2018huge step forwards for nature\u2019"},{"@type":"BreadcrumbList","@id":"https:\/\/www.strassenweb.de\/nachrichten\/beruehmtes-tal-das-von-der-schottischen-forstbehoerde-verwaltet-wird-schliesst-sich-dem-britischen-an\/#breadcrumb","itemListElement":[{"@type":"ListItem","position":1,"name":"Home","item":"https:\/\/www.strassenweb.de\/nachrichten\/"},{"@type":"ListItem","position":2,"name":"Ber\u00fchmtes Tal, das von der schottischen Forstbeh\u00f6rde verwaltet wird, schlie\u00dft sich dem britischen &#8230; an"}]},{"@type":"WebSite","@id":"https:\/\/www.strassenweb.de\/nachrichten\/#website","url":"https:\/\/www.strassenweb.de\/nachrichten\/","name":"Stra\u00dfenweb","description":"Stra\u00dfenverzeichnis f\u00fcr Deutschland","publisher":{"@id":"https:\/\/www.strassenweb.de\/nachrichten\/#organization"},"potentialAction":[{"@type":"SearchAction","target":{"@type":"EntryPoint","urlTemplate":"https:\/\/www.strassenweb.de\/nachrichten\/?s={search_term_string}"},"query-input":{"@type":"PropertyValueSpecification","valueRequired":true,"valueName":"search_term_string"}}],"inLanguage":"de"},{"@type":"Organization","@id":"https:\/\/www.strassenweb.de\/nachrichten\/#organization","name":"Stra\u00dfenweb","url":"https:\/\/www.strassenweb.de\/nachrichten\/","logo":{"@type":"ImageObject","inLanguage":"de","@id":"https:\/\/www.strassenweb.de\/nachrichten\/#\/schema\/logo\/image\/","url":"https:\/\/www.strassenweb.de\/nachrichten\/wp-content\/uploads\/2024\/09\/cropped-favicon.png","contentUrl":"https:\/\/www.strassenweb.de\/nachrichten\/wp-content\/uploads\/2024\/09\/cropped-favicon.png","width":512,"height":512,"caption":"Stra\u00dfenweb"},"image":{"@id":"https:\/\/www.strassenweb.de\/nachrichten\/#\/schema\/logo\/image\/"},"sameAs":["https:\/\/www.facebook.com\/strassenweb\/"]},{"@type":"Person","@id":"https:\/\/www.strassenweb.de\/nachrichten\/#\/schema\/person\/87c9c9067f1211da429a744dc5a5aa41","name":"Robert Hoffmann","image":{"@type":"ImageObject","inLanguage":"de","@id":"https:\/\/www.strassenweb.de\/nachrichten\/wp-content\/uploads\/2024\/09\/strassenweb-150x150.jpg","url":"https:\/\/www.strassenweb.de\/nachrichten\/wp-content\/uploads\/2024\/09\/strassenweb-150x150.jpg","contentUrl":"https:\/\/www.strassenweb.de\/nachrichten\/wp-content\/uploads\/2024\/09\/strassenweb-150x150.jpg","caption":"Robert Hoffmann"},"description":"Ich hei\u00dfe Robert Hoffmann und ich bin ein leidenschaftlicher Verfechter von \u00d6kologie und Biodiversit\u00e4t. Seit meiner Kindheit in den W\u00e4ldern Bayerns f\u00fchle ich mich mit der Natur verbunden und bin entschlossen, sie zu sch\u00fctzen. Heute widme ich mein Leben der Sensibilisierung anderer f\u00fcr die Bedeutung des Umweltschutzes f\u00fcr zuk\u00fcnftige Generationen.","sameAs":["https:\/\/www.strassenweb.de\/"]}]}},"_links":{"self":[{"href":"https:\/\/www.strassenweb.de\/nachrichten\/wp-json\/wp\/v2\/posts\/9321","targetHints":{"allow":["GET"]}}],"collection":[{"href":"https:\/\/www.strassenweb.de\/nachrichten\/wp-json\/wp\/v2\/posts"}],"about":[{"href":"https:\/\/www.strassenweb.de\/nachrichten\/wp-json\/wp\/v2\/types\/post"}],"author":[{"embeddable":true,"href":"https:\/\/www.strassenweb.de\/nachrichten\/wp-json\/wp\/v2\/users\/1"}],"replies":[{"embeddable":true,"href":"https:\/\/www.strassenweb.de\/nachrichten\/wp-json\/wp\/v2\/comments?post=9321"}],"version-history":[{"count":0,"href":"https:\/\/www.strassenweb.de\/nachrichten\/wp-json\/wp\/v2\/posts\/9321\/revisions"}],"wp:featuredmedia":[{"embeddable":true,"href":"https:\/\/www.strassenweb.de\/nachrichten\/wp-json\/wp\/v2\/media\/9322"}],"wp:attachment":[{"href":"https:\/\/www.strassenweb.de\/nachrichten\/wp-json\/wp\/v2\/media?parent=9321"}],"wp:term":[{"taxonomy":"category","embeddable":true,"href":"https:\/\/www.strassenweb.de\/nachrichten\/wp-json\/wp\/v2\/categories?post=9321"},{"taxonomy":"post_tag","embeddable":true,"href":"https:\/\/www.strassenweb.de\/nachrichten\/wp-json\/wp\/v2\/tags?post=9321"}],"curies":[{"name":"wp","href":"https:\/\/api.w.org\/{rel}","templated":true}]}}