{"id":9318,"date":"2025-11-21T04:39:38","date_gmt":"2025-11-21T03:39:38","guid":{"rendered":"https:\/\/www.strassenweb.de\/nachrichten\/4-innenarchitekten-ueber-die-schnellen-veraenderungen-die-sie-an-ihren-eigenen-kuechen-vornehmen-um-sie-fuer-den-gastgeber-vorzubereiten\/"},"modified":"2025-11-21T04:39:39","modified_gmt":"2025-11-21T03:39:39","slug":"4-innenarchitekten-ueber-die-schnellen-veraenderungen-die-sie-an-ihren-eigenen-kuechen-vornehmen-um-sie-fuer-den-gastgeber-vorzubereiten","status":"publish","type":"post","link":"https:\/\/www.strassenweb.de\/nachrichten\/4-innenarchitekten-ueber-die-schnellen-veraenderungen-die-sie-an-ihren-eigenen-kuechen-vornehmen-um-sie-fuer-den-gastgeber-vorzubereiten\/","title":{"rendered":"4 Innenarchitekten \u00fcber die schnellen Ver\u00e4nderungen, die sie an ihren eigenen K\u00fcchen vornehmen, um sie f\u00fcr den Gastgeber vorzubereiten"},"content":{"rendered":"<p><\/p>\n<div id=\"article-body\" class=\"article__body \">\n<p id=\"bc731c4f-fe13-441a-a808-6b5381ed9446\">Aus mehreren Gr\u00fcnden ist in unseren K\u00fcchen in den Wintermonaten mehr los als je zuvor. Zum einen macht das k\u00e4ltere Wetter Lust auf w\u00e4rmende Mahlzeiten, zum anderen liegt es aber auch daran, dass in dieser Jahreszeit alle Feiertage stattfinden, was bedeutet, dass die Zahl der Gastgeber so hoch wie nie zuvor ist.<\/p>\n<div id=\"ad-unit-1\" class=\"ad-unit\"><\/div>\n<p>Und seien wir ehrlich, es beschleicht uns ziemlich schnell und pl\u00f6tzlich wird unsere K\u00fcche zum Mittelpunkt unseres Zuhauses. Wenn Sie also noch keine Gelegenheit hatten, Ihren Kochbereich auf die gesch\u00e4ftigste Jahreszeit von allen vorzubereiten, brauchen Sie sich keine Sorgen zu machen.<\/p>\n<aside data-block-type=\"embed\" data-render-type=\"fte\" data-skip=\"dealsy\" data-widget-type=\"seasonal\" class=\"hawk-root\"><\/aside>\n<p id=\"bc731c4f-fe13-441a-a808-6b5381ed9446-2\" class=\"paywall\" aria-hidden=\"true\">Innenarchitekten haben viele Ratschl\u00e4ge f\u00fcr schnelle und einfache M\u00f6glichkeiten, Ihren Raum aufzuwerten und Ihre K\u00fcche f\u00fcr die Feiertage gem\u00fctlicher zu machen. Und ich habe sie gebeten, ihre stilvollen Tipps und Tricks mit Ihnen zu teilen, damit Sie sicherstellen k\u00f6nnen, dass Ihre K\u00fcche perfekt auf den Empfang der Familie und die Zubereitung saisonaler Feste vorbereitet ist.<\/p>\n<div class=\"van_vid_carousel\">\n<div class=\"van_vid_carousel__padding\">\n<div class=\"van_vid_carousel__container\"><\/div>\n<\/div>\n<\/div>\n<h2 id=\"how-designers-elevate-their-kitchens-for-winter-3\">Wie Designer ihre K\u00fcchen f\u00fcr den Winter aufwerten<\/h2>\n<p id=\"c447227e-006a-460d-aa8d-60a0adb1f068\">Wir reden hier nicht davon, gro\u00dfe Ver\u00e4nderungen an den Grundger\u00fcsten Ihrer K\u00fcche vorzunehmen, und wir schlagen auch nicht vor, dass Sie ein Verm\u00f6gen f\u00fcr neue M\u00f6bel ausgeben. Stattdessen schlagen unsere vertrauensw\u00fcrdigen Ansprechpartner f\u00fcr Innenarchitektur kleinere M\u00f6glichkeiten vor, Ihrer K\u00fcche einen neuen Schwung zu verleihen \u2013 die meisten davon haben Sie entweder bereits zu Hause oder sind einfach und erschwinglich einzuf\u00fchren.<\/p>\n<div id=\"ad-unit-2\" class=\"ad-unit\"><\/div>\n<h3 class=\"article-body__section\" id=\"section-1-fill-your-kitchen-with-winter-scents-and-foliage\"><span>1. F\u00fcllen Sie Ihre K\u00fcche mit Winterd\u00fcften und Laub<\/span><\/h3>\n<figure class=\"van-image-figure inline-layout \" data-bordeaux-image-check id=\"a3123239-6c64-4598-8646-8f19420e7386\">\n<div class=\"image-full-width-wrapper\">\n<div class=\"image-widthsetter\" style=\"max-width:2400px;\"><\/div>\n<\/div>\n<\/figure>\n<p id=\"ecfc8541-e760-4ad4-8b77-1e2c3ba61a66\">Wenn Sie die Essenz des Winters in Ihre K\u00fcche bringen m\u00f6chten, ist dies nicht einfacher als saisonales Laub (selbst wenn es ein paar gesammelte Zweige sind) und ein winterlicher Duft, der Ihrem Raum ein Gef\u00fchl von W\u00e4rme und Behaglichkeit verleiht.<\/p>\n<p>\u201eIm Winter m\u00f6chte ich, dass sich meine K\u00fcche wie eine warme Umarmung anf\u00fchlt.\u201c F\u00fcr mich beginnt das mit frischen winterlichen Ber\u00fchrungen und D\u00fcften, wenn Sie die T\u00fcr zu unserem Zuhause \u00f6ffnen. Wir lieben die Mischung aus Feiertagsgr\u00fcn und Zitrusfr\u00fcchten. \u201eIch stelle einen Schmortopf mit Orangen und Zimtstangen auf den Herd\u201c, sagt Innenarchitektin Ami McKay.<\/p>\n<p>Wenn Sie holzige D\u00fcfte mit Zedernholz und frischem Balsam m\u00f6gen, probieren Sie The Gather Candle von Anthropologie, oder f\u00fcr etwas weihnachtlicheres riecht die Winter Spruce Scent Collection von Pottery Barn festlich und hat das charmanteste Design.<\/p>\n<div id=\"slice-container-newsletterForm-articleInbodyContent-gCiWHZeDWzggSpFggcp3o7\" class=\"slice-container newsletter-inbodyContent-slice newsletterForm-articleInbodyContent-gCiWHZeDWzggSpFggcp3o7 slice-container-newsletterForm\"><\/div>\n<p>Um die winterlichen D\u00fcfte zu verst\u00e4rken, ist die Kombination mit geerntetem Gr\u00fcn eine weitere effektive und dennoch kosteng\u00fcnstige M\u00f6glichkeit f\u00fcr Designer, die Jahreszeit in ihre K\u00fcche einzuladen \u2013 eine kleine, aber einfache Art der Dekoration, die die G\u00e4ste immer beeindruckt.<\/p>\n<p>\u201eIch bringe gesammeltes Gr\u00fcn von unserem Grundst\u00fcck mit.\u201c Ich arrangiere Zweige in einem Steingef\u00e4\u00df, stelle es auf unsere K\u00fcchenarbeitsplatte und binde einen kleinen Blumenstrau\u00df an unsere Leuchte. \u201eEs ist die Ansammlung kleiner Vignetten mit einer Mischung aus festlichen und nicht festlichen Gegenst\u00e4nden, die dem Zuhause eine entspannte und einladende Atmosph\u00e4re verleihen\u201c, sagt Ami.<\/p>\n<p>\u201eDiese Art von W\u00e4rme in der K\u00fcche zu erzeugen, ver\u00e4ndert die Atmosph\u00e4re im ganzen Haus.\u201c Es verlangsamt das Tempo. Die Leute verweilen noch ein bisschen, setzen sich und unterhalten sich, w\u00e4hrend wir kochen. \u201eIn diesem Raum geht es weniger darum, das Abendessen auf den Tisch zu bringen, als vielmehr um das Zusammensein\u201c, erkl\u00e4rt sie.<\/p>\n<h3 class=\"article-body__section\" id=\"section-2-create-a-warming-ambiance-with-lighting\"><span>2. Schaffen Sie mit Beleuchtung eine w\u00e4rmende Atmosph\u00e4re<\/span><\/h3>\n<figure class=\"van-image-figure inline-layout \" data-bordeaux-image-check id=\"bf065c5e-b7b0-49c9-8253-dadefeb8bd75\">\n<div class=\"image-full-width-wrapper\">\n<div class=\"image-widthsetter\" style=\"max-width:2000px;\"><\/div>\n<\/div>\n<\/figure>\n<p id=\"a802cab2-1203-453e-b2c4-91c54e65c571\">Im Winter f\u00fchlt sich jeder Raum im Haus dunkler an, insbesondere in der K\u00fcche, wo man normalerweise auf Tageslicht angewiesen ist, um den Raum aufzuhellen. Aber Designer sagen, dass es den Raum sofort aufwertet, wenn man sich in die dunkleren Abende hineinlehnt und Umgebungslichtquellen einbezieht.<\/p>\n<p>\u201eWie viele Familien verbringen meine M\u00e4dchen und ich in der dunklen Winterflaute gem\u00fctliche Zeit miteinander.\u201c Nat\u00fcrlich hilft es, dass wir gro\u00dfe Fenster haben, um das wenige Sonnenlicht durchzulassen, aber ich habe auch Wert darauf gelegt, f\u00fcr die dunklen fr\u00fchen Abende verschiedene Beleuchtungssysteme \u2013 Einbauleuchten, Pendelleuchten und Wandleuchten \u2013 zu kombinieren\u201c, erkl\u00e4rt Innenarchitektin Bethany Adams.<\/p>\n<p>\u201eWarme Beleuchtung ist eine schnelle und einfache M\u00f6glichkeit, jedem Raum eine gem\u00fctliche Atmosph\u00e4re zu verleihen\u201c, f\u00fcgt Innenarchitektin Nadia Watts hinzu, die im Winter den gleichen Ansatz verfolgt. \u201eVerwenden Sie Lampen und schichten Sie Ihre Beleuchtung. Eine Lampe auf der K\u00fcchentheke kann Wunder bewirken, wenn es darum geht, Ihre K\u00fcche gem\u00fctlicher zu machen und ihr ein warmes und einladendes Gef\u00fchl zu verleihen. Achten Sie darauf, weiche, warmwei\u00dfe oder gelbe Gl\u00fchbirnen zu verwenden.\u201c<\/p>\n<p>Wenn Sie keinen Platz f\u00fcr eine kleine Thekenlampe haben, k\u00f6nnen Sie diese an vielen anderen Stellen anbringen. Offene Regale sind eine stilvolle Wahl, ebenso wie ein Esstisch, auf den Helen Parker, Kreativdirektorin von deVOL Kitchens, ihre Aufmerksamkeit in ihrem Raum richtet.<\/p>\n<p>\u201eIch habe eine kleine wiederaufladbare Lampe auf meinem Esstisch. \u201eEs war so eine wunderbare Sache, ich liebe es, einen kleinen, stimmungsvollen Lichtfleck in einem ansonsten dunklen Raum zu haben, es f\u00fchlt sich sehr wie ein Bistro an\u201c, erkl\u00e4rt sie.<\/p>\n<div class=\"product-container hero-product-container product-block-no-wrap\">\n<div class=\"product-block-row\"><\/div>\n<div class=\"product-block-row\"><\/div>\n<div class=\"product-block-row\"><\/div>\n<\/div>\n<h3 class=\"article-body__section\" id=\"section-3-curate-multiple-seating-areas\"><span>3. Kuratieren Sie mehrere Sitzbereiche<\/span><\/h3>\n<figure class=\"van-image-figure inline-layout \" data-bordeaux-image-check id=\"a8c7b18c-9722-4ce9-9aea-900660a45aec\">\n<div class=\"image-full-width-wrapper\">\n<div class=\"image-widthsetter\" style=\"max-width:2000px;\"><\/div>\n<\/div>\n<\/figure>\n<p id=\"18db489a-a46c-4e6f-832c-f6880ebe8a3c\">F\u00fcr Bethany bedeutet die Wintersaison, Gastgeber zu sein und sich mit ihren Lieben zu treffen. Daher ist es ein wichtiges Element, in ihrer K\u00fcche einen Platz f\u00fcr alle ihre G\u00e4ste zu haben, an dem sie bequem sitzen und entspannen k\u00f6nnen.<\/p>\n<p>\u201eNeben hellem, einladendem Licht verf\u00fcgen wir \u00fcber mehrere Sitzbereiche. Nat\u00fcrlich gibt es Hocker an der Theke zum Essen, aber auch ein gem\u00fctliches Sofa voller Kissen und einer Decke zum morgendlichen Kuscheln. \u201eEin stabiler Marmor-Bistrotisch in der N\u00e4he bietet Kaffee und hei\u00dfe Schokolade\u201c, erkl\u00e4rt sie.<\/p>\n<p>Sie m\u00fcssen nicht gleich viele neue M\u00f6bel kaufen, um gem\u00fctliche Sitzbereiche in Ihrer K\u00fcche zu schaffen. F\u00fcgen Sie Sitzkissen zu vorhandenen Esszimmerst\u00fchlen und Thekenhockern hinzu, bringen Sie ein paar Akzentst\u00fchle aus Ihrem Wohnzimmer mit oder f\u00fcgen Sie ein charmantes kleines Bistro-Set hinzu, um einen Essbereich zu schaffen.<\/p>\n<div class=\"product-container hero-product-container product-block-no-wrap\">\n<div class=\"product-block-row\"><\/div>\n<div class=\"product-block-row\"><\/div>\n<div class=\"product-block-row\"><\/div>\n<\/div>\n<h3 class=\"article-body__section\" id=\"section-4-layer-up-textiles\"><span>4. Textilien \u00fcbereinander legen <\/span><\/h3>\n<figure class=\"van-image-figure inline-layout \" data-bordeaux-image-check id=\"c73eb670-b372-4462-838e-b47f55e6159f\">\n<div class=\"image-full-width-wrapper\">\n<div class=\"image-widthsetter\" style=\"max-width:2400px;\"><\/div>\n<\/div>\n<\/figure>\n<p id=\"67fb2968-40d7-4c5a-bd1f-a1ace6ccb56b\">Nichts l\u00e4sst einen Raum in den Wintermonaten einladender wirken als geschichtete Textilien. Und die K\u00fcche ist keine Ausnahme. F\u00fcr Nadia bedeutet das, ihre K\u00fcche mit Teppichen, Decken und noch schwereren Vorh\u00e4ngen zu f\u00fcllen.<\/p>\n<p>\u201eLagen Sie Teppiche, Textilien und sogar Fenstervorh\u00e4nge. F\u00fcgen Sie Textilien aus kuscheligem Boucl\u00e9, Samt, Mohair und Pelz hinzu. \u201eLegen Sie Teppiche \u00fcbereinander oder tauschen Sie flachgewebte Teppiche gegen schwerere aus\u201c, schl\u00e4gt sie vor und betont deren F\u00e4higkeit, einer K\u00fcche W\u00e4rme und Komfort zu verleihen.<\/p>\n<p>L\u00e4ufer funktionieren normalerweise am besten in einer K\u00fcche, egal ob Sie eine Pantry oder eine gro\u00dfe Insel haben, und die lange, schmale Form passt zum Gang. Der Provence Grey &#038; Coral Rug von Ruggable ist ein zeitloses Design, erh\u00e4ltlich in vier Farbvarianten, oder f\u00fcr etwas Nat\u00fcrlicheres ist der Balian Rug von Serena &#038; Lily eine charmante Wahl.<\/p>\n<p>Es sind auch nicht nur Teppiche. \u201eSogar Ihre Fensterdekorationen k\u00f6nnen geschichtet werden.\u201c Legen Sie Vorh\u00e4nge im Sommer mit einem durchsichtigen Stoff \u00fcbereinander oder im Herbst und Winter mit einem dickeren Stoff. Dadurch k\u00f6nnen Sie die Lichtmenge in Ihrem Raum steuern und so das perfekte Ma\u00df an Gem\u00fctlichkeit schaffen\u201c, erkl\u00e4rt sie.<\/p>\n<h3 class=\"article-body__section\" id=\"section-5-add-personal-decor\"><span>5. F\u00fcgen Sie pers\u00f6nliches Dekor hinzu<\/span><\/h3>\n<figure class=\"van-image-figure inline-layout \" data-bordeaux-image-check id=\"62050d69-9af4-48b1-b143-31b2297313d9\">\n<div class=\"image-full-width-wrapper\">\n<div class=\"image-widthsetter\" style=\"max-width:2400px;\"><\/div>\n<\/div>\n<\/figure>\n<p id=\"a2ca8332-20ce-4c13-b21b-49706c2c5007\">Es gibt kaum etwas, das Ihrer K\u00fcche mehr Wohngef\u00fchl verleiht als eine pers\u00f6nliche Note. Wir sprechen hier nicht von einem sch\u00f6nen Dekorationsst\u00fcck, das Sie im Laden gekauft haben, sondern von sentimentalen Gegenst\u00e4nden und gesammelten Accessoires, die Sie mit Menschen und Erinnerungen verbinden.<\/p>\n<p>\u201eIch liebe St\u00fccke mit Geschichte und sentimentalem Wert.\u201c Wenn Sie pers\u00f6nliche Gegenst\u00e4nde wie Fotos, Kunstwerke und im Laufe der Zeit gesammelte Objekte ausstellen, wirkt Ihr Raum heimelig und gem\u00fctlich. \u201eWenn man sich mit bedeutungsvollen und gesch\u00e4tzten Gegenst\u00e4nden umgibt, entsteht ein Gef\u00fchl von Zugeh\u00f6rigkeit, Geborgenheit und W\u00e4rme\u201c, sagt Nadia \u00fcber ihr liebstes Winterritual.<\/p>\n<p>Ein paar mit Familienfotos gef\u00fcllte Rahmen an den W\u00e4nden oder auf Regalen, die wertvollen Tellersets Ihrer Gro\u00dfmutter, die Sie auf Tellerst\u00e4ndern geerbt haben, oder Schmuckst\u00fccke von Ihren Lieblingsreisen k\u00f6nnen einen gro\u00dfen Unterschied f\u00fcr die Attraktivit\u00e4t Ihrer K\u00fcche im Winter machen.<\/p>\n<div class=\"product-container hero-product-container product-block-no-wrap\">\n<div class=\"product-block-row\"><\/div>\n<div class=\"product-block-row\"><\/div>\n<div class=\"product-block-row\"><\/div>\n<\/div>\n<h3 class=\"article-body__section\" id=\"section-6-mix-materials-and-textures\"><span>6. Mischen Sie Materialien und Texturen<\/span><\/h3>\n<figure class=\"van-image-figure inline-layout \" data-bordeaux-image-check id=\"57241f42-b525-41bf-b97d-f4b3d0146136\">\n<div class=\"image-full-width-wrapper\">\n<div class=\"image-widthsetter\" style=\"max-width:2000px;\"><\/div>\n<\/div>\n<\/figure>\n<p id=\"95e79357-dea3-41ff-8d1d-96079ed462b0\">Eine K\u00fcche ist ein Raum, der oft mit kalten Oberfl\u00e4chen und harten Linien gef\u00fcllt ist \u2013 es liegt einfach an der funktionalen Natur dieser arbeitsintensiven R\u00e4ume. Aber Innenarchitekten verwenden gerne mehr Texturen und gemischte Materialien, um den Winter \u00fcber eine einladendere Atmosph\u00e4re zu schaffen. Und Ami bringt gerne viele verschiedene Materialien und Displays mit.<\/p>\n<p>\u201eEs kommt immer auf ein paar ehrliche, flei\u00dfige St\u00fccke an.\u201c \u201eGro\u00dfe Holzbretter, die das ganze Jahr \u00fcber auf der Theke stehen und zu allem bereit sind, handgedrehte T\u00f6pferwaren mit sanfter erdiger Glasur, frische Mini-Weihnachtsb\u00e4ume, die man in leere Gef\u00e4\u00dfe in der K\u00fcche stecken kann (ich habe nie zu viel Gr\u00fcn im Kopf), eine gro\u00dfe Sch\u00fcssel voller Orangen und ein Stapel Leinenservietten bereit\u201c, erkl\u00e4rt sie.<\/p>\n<p>\u201eWir tauschen die leichten Sommerkissen aus und ersetzen sie durch unsere winterlichen Versionen.\u201c Diese Texturen verleihen einer K\u00fcche sofort W\u00e4rme. \u201eVintage-Gef\u00e4\u00dfe und wundersch\u00f6ne Kunsthandwerksst\u00fccke unterstreichen den Sinn f\u00fcr Geschichte, den ich immer erschaffe\u201c, f\u00fcgt sie hinzu und erkl\u00e4rt die Bedeutung dieser weicheren Texturen.<\/p>\n<h3 class=\"article-body__section\" id=\"section-7-don-t-forget-candlelight\"><span>7. Kerzenlicht nicht vergessen<\/span><\/h3>\n<figure class=\"van-image-figure inline-layout \" data-bordeaux-image-check id=\"1810f09b-ef9c-4fcb-862d-c13b1f7920e8\">\n<div class=\"image-full-width-wrapper\">\n<div class=\"image-widthsetter\" style=\"max-width:2000px;\"><\/div>\n<\/div>\n<\/figure>\n<p id=\"9eb8d2d4-e07a-4e1d-9637-cf31c323774a\">Nichts f\u00fchlt sich nostalgischer und beruhigender an als der sanfte Schein von Kerzenlicht, und Designer sagen, dass es eine Sache ist, die sie in der k\u00e4lteren, dunkleren Jahreszeit immer in ihre K\u00fcchen bringen. Egal, ob Sie etwas Duftendes auf Ihrer K\u00fccheninsel anz\u00fcnden oder Kerzen an den W\u00e4nden und Fensterb\u00e4nken anbringen, es ist eine Ber\u00fchrung, die sofort stimmungsvoller wirkt.<\/p>\n<p>\u201eMeine K\u00fcche ist kein besonders heller Raum und eher dunkel, daher eignet sie sich gut f\u00fcr Kerzen.\u201c Ich habe zwei wundersch\u00f6ne Vintage-Kerzenleuchter auf beiden Seiten meines Fensters, und wenn die Kerzen angez\u00fcndet sind, sieht es wundersch\u00f6n und einladend aus. Ich denke, Kerzen an W\u00e4nden sind so viel besser als jede andere Art; \u201eSie schaffen wirklich etwas Besonderes\u201c, sagt Helen.<\/p>\n<p>\u201eMeine K\u00fcche ist immer der beliebteste Aufenthaltsort in meinem Haus, daher ist es sehr wichtig, dass sie sich gem\u00fctlich und einladend anf\u00fchlt.\u201c Eine Mahlzeit kochen, auf dem Sofa sitzen oder am Tisch plaudern \u2013 meine K\u00fcche ist eine kleine Welt f\u00fcr sich, wenn die Kerzen angez\u00fcndet sind und drau\u00dfen der Wind heult. Dadurch bin ich weniger traurig dar\u00fcber, dass der Sommer vorbei ist.\u201c<\/p>\n<div class=\"product-container hero-product-container product-block-no-wrap\">\n<div class=\"product-block-row\"><\/div>\n<div class=\"product-block-row\"><\/div>\n<div class=\"product-block-row\"><\/div>\n<\/div>\n<hr id=\"e790e8e1-dc1d-4401-8579-fdb00852e517\">\n<p id=\"23bed675-d947-44d0-9f9d-14d4b265965a\">Es sind wirklich die kleinen Details, die im Winter den gr\u00f6\u00dften Unterschied in der Atmosph\u00e4re Ihrer K\u00fcche machen. Vom Hinzuf\u00fcgen kleiner Sitzbereiche \u00fcber das F\u00fcllen des Raums mit saisonalen D\u00fcften bis hin zum Anz\u00fcnden von Kerzen und dem Anbringen einer kleinen Lampe ist es sowohl ein Gef\u00fchl als auch eine \u00c4sthetik.<\/p>\n<p>Und Helen bringt es perfekt auf den Punkt: \u201eIch denke, es ist wahrscheinlich der Geruch und die Vorfreude auf ein Familienessen. Kochen, Zubereiten und Plaudern sind der Schl\u00fcssel zu einem wirklich warmen Gef\u00fchl, sowohl k\u00f6rperlich als auch geistig.\u201c<\/p>\n<\/div>\n","protected":false},"excerpt":{"rendered":"<p>Aus mehreren Gr\u00fcnden ist in unseren K\u00fcchen in den Wintermonaten mehr los als je zuvor. Zum einen macht das k\u00e4ltere Wetter Lust auf w\u00e4rmende Mahlzeiten,<\/p>\n","protected":false},"author":1,"featured_media":9319,"comment_status":"closed","ping_status":"","sticky":false,"template":"","format":"standard","meta":{"footnotes":""},"categories":[118],"tags":[78,9,1703,55,2177,325,717,992,1128,165,260,4600,3159,1011],"class_list":["post-9318","post","type-post","status-publish","format-standard","has-post-thumbnail","hentry","category-haus-garten","tag-den","tag-die","tag-eigenen","tag-fuer","tag-gastgeber","tag-ihren","tag-innenarchitekten","tag-kuechen","tag-schnellen","tag-sie","tag-ueber","tag-veraenderungen","tag-vornehmen","tag-vorzubereiten","generate-columns","tablet-grid-50","mobile-grid-100","grid-parent","grid-50"],"yoast_head":"<!-- This site is optimized with the Yoast SEO plugin v27.3 - https:\/\/yoast.com\/product\/yoast-seo-wordpress\/ -->\n<title>4 Innenarchitekten \u00fcber die schnellen Ver\u00e4nderungen, die sie an ihren eigenen K\u00fcchen vornehmen, um sie f\u00fcr den Gastgeber vorzubereiten - Nachrichten - Stra\u00dfenweb<\/title>\n<meta name=\"robots\" content=\"index, follow, max-snippet:-1, max-image-preview:large, max-video-preview:-1\" \/>\n<link rel=\"canonical\" href=\"https:\/\/www.strassenweb.de\/nachrichten\/4-innenarchitekten-ueber-die-schnellen-veraenderungen-die-sie-an-ihren-eigenen-kuechen-vornehmen-um-sie-fuer-den-gastgeber-vorzubereiten\/\" \/>\n<meta property=\"og:locale\" content=\"de_DE\" \/>\n<meta property=\"og:type\" content=\"article\" \/>\n<meta property=\"og:title\" content=\"4 Innenarchitekten \u00fcber die schnellen Ver\u00e4nderungen, die sie an ihren eigenen K\u00fcchen vornehmen, um sie f\u00fcr den Gastgeber vorzubereiten - Nachrichten - Stra\u00dfenweb\" \/>\n<meta property=\"og:description\" content=\"Aus mehreren Gr\u00fcnden ist in unseren K\u00fcchen in den Wintermonaten mehr los als je zuvor. Zum einen macht das k\u00e4ltere Wetter Lust auf w\u00e4rmende Mahlzeiten,\" \/>\n<meta property=\"og:url\" content=\"https:\/\/www.strassenweb.de\/nachrichten\/4-innenarchitekten-ueber-die-schnellen-veraenderungen-die-sie-an-ihren-eigenen-kuechen-vornehmen-um-sie-fuer-den-gastgeber-vorzubereiten\/\" \/>\n<meta property=\"og:site_name\" content=\"Stra\u00dfenweb\" \/>\n<meta property=\"article:publisher\" content=\"https:\/\/www.facebook.com\/strassenweb\/\" \/>\n<meta property=\"article:published_time\" content=\"2025-11-21T03:39:38+00:00\" \/>\n<meta property=\"article:modified_time\" content=\"2025-11-21T03:39:39+00:00\" \/>\n<meta property=\"og:image\" content=\"https:\/\/www.strassenweb.de\/nachrichten\/wp-content\/uploads\/2025\/11\/4-Innenarchitekten-ueber-die-schnellen-Veraenderungen-die-sie-an-ihren.jpg\" \/>\n\t<meta property=\"og:image:width\" content=\"1600\" \/>\n\t<meta property=\"og:image:height\" content=\"900\" \/>\n\t<meta property=\"og:image:type\" content=\"image\/jpeg\" \/>\n<meta name=\"author\" content=\"Robert Hoffmann\" \/>\n<meta name=\"twitter:card\" content=\"summary_large_image\" \/>\n<meta name=\"twitter:label1\" content=\"Verfasst von\" \/>\n\t<meta name=\"twitter:data1\" content=\"Robert Hoffmann\" \/>\n\t<meta name=\"twitter:label2\" content=\"Gesch\u00e4tzte Lesezeit\" \/>\n\t<meta name=\"twitter:data2\" content=\"9\u00a0Minuten\" \/>\n<script type=\"application\/ld+json\" class=\"yoast-schema-graph\">{\"@context\":\"https:\\\/\\\/schema.org\",\"@graph\":[{\"@type\":\"Article\",\"@id\":\"https:\\\/\\\/www.strassenweb.de\\\/nachrichten\\\/4-innenarchitekten-ueber-die-schnellen-veraenderungen-die-sie-an-ihren-eigenen-kuechen-vornehmen-um-sie-fuer-den-gastgeber-vorzubereiten\\\/#article\",\"isPartOf\":{\"@id\":\"https:\\\/\\\/www.strassenweb.de\\\/nachrichten\\\/4-innenarchitekten-ueber-die-schnellen-veraenderungen-die-sie-an-ihren-eigenen-kuechen-vornehmen-um-sie-fuer-den-gastgeber-vorzubereiten\\\/\"},\"author\":{\"name\":\"Robert Hoffmann\",\"@id\":\"https:\\\/\\\/www.strassenweb.de\\\/nachrichten\\\/#\\\/schema\\\/person\\\/87c9c9067f1211da429a744dc5a5aa41\"},\"headline\":\"4 Innenarchitekten \u00fcber die schnellen Ver\u00e4nderungen, die sie an ihren eigenen K\u00fcchen vornehmen, um sie f\u00fcr den Gastgeber vorzubereiten\",\"datePublished\":\"2025-11-21T03:39:38+00:00\",\"dateModified\":\"2025-11-21T03:39:39+00:00\",\"mainEntityOfPage\":{\"@id\":\"https:\\\/\\\/www.strassenweb.de\\\/nachrichten\\\/4-innenarchitekten-ueber-die-schnellen-veraenderungen-die-sie-an-ihren-eigenen-kuechen-vornehmen-um-sie-fuer-den-gastgeber-vorzubereiten\\\/\"},\"wordCount\":1888,\"publisher\":{\"@id\":\"https:\\\/\\\/www.strassenweb.de\\\/nachrichten\\\/#organization\"},\"image\":{\"@id\":\"https:\\\/\\\/www.strassenweb.de\\\/nachrichten\\\/4-innenarchitekten-ueber-die-schnellen-veraenderungen-die-sie-an-ihren-eigenen-kuechen-vornehmen-um-sie-fuer-den-gastgeber-vorzubereiten\\\/#primaryimage\"},\"thumbnailUrl\":\"https:\\\/\\\/www.strassenweb.de\\\/nachrichten\\\/wp-content\\\/uploads\\\/2025\\\/11\\\/4-Innenarchitekten-ueber-die-schnellen-Veraenderungen-die-sie-an-ihren.jpg\",\"keywords\":[\"den\",\"die\",\"eigenen\",\"f\u00fcr\",\"Gastgeber\",\"ihren\",\"Innenarchitekten\",\"K\u00fcchen\",\"schnellen\",\"Sie\",\"\u00fcber\",\"Ver\u00e4nderungen\",\"vornehmen\",\"vorzubereiten\"],\"articleSection\":[\"Haus &amp; Garten\"],\"inLanguage\":\"de\"},{\"@type\":\"WebPage\",\"@id\":\"https:\\\/\\\/www.strassenweb.de\\\/nachrichten\\\/4-innenarchitekten-ueber-die-schnellen-veraenderungen-die-sie-an-ihren-eigenen-kuechen-vornehmen-um-sie-fuer-den-gastgeber-vorzubereiten\\\/\",\"url\":\"https:\\\/\\\/www.strassenweb.de\\\/nachrichten\\\/4-innenarchitekten-ueber-die-schnellen-veraenderungen-die-sie-an-ihren-eigenen-kuechen-vornehmen-um-sie-fuer-den-gastgeber-vorzubereiten\\\/\",\"name\":\"4 Innenarchitekten \u00fcber die schnellen Ver\u00e4nderungen, die sie an ihren eigenen K\u00fcchen vornehmen, um sie f\u00fcr den Gastgeber vorzubereiten - Nachrichten - Stra\u00dfenweb\",\"isPartOf\":{\"@id\":\"https:\\\/\\\/www.strassenweb.de\\\/nachrichten\\\/#website\"},\"primaryImageOfPage\":{\"@id\":\"https:\\\/\\\/www.strassenweb.de\\\/nachrichten\\\/4-innenarchitekten-ueber-die-schnellen-veraenderungen-die-sie-an-ihren-eigenen-kuechen-vornehmen-um-sie-fuer-den-gastgeber-vorzubereiten\\\/#primaryimage\"},\"image\":{\"@id\":\"https:\\\/\\\/www.strassenweb.de\\\/nachrichten\\\/4-innenarchitekten-ueber-die-schnellen-veraenderungen-die-sie-an-ihren-eigenen-kuechen-vornehmen-um-sie-fuer-den-gastgeber-vorzubereiten\\\/#primaryimage\"},\"thumbnailUrl\":\"https:\\\/\\\/www.strassenweb.de\\\/nachrichten\\\/wp-content\\\/uploads\\\/2025\\\/11\\\/4-Innenarchitekten-ueber-die-schnellen-Veraenderungen-die-sie-an-ihren.jpg\",\"datePublished\":\"2025-11-21T03:39:38+00:00\",\"dateModified\":\"2025-11-21T03:39:39+00:00\",\"breadcrumb\":{\"@id\":\"https:\\\/\\\/www.strassenweb.de\\\/nachrichten\\\/4-innenarchitekten-ueber-die-schnellen-veraenderungen-die-sie-an-ihren-eigenen-kuechen-vornehmen-um-sie-fuer-den-gastgeber-vorzubereiten\\\/#breadcrumb\"},\"inLanguage\":\"de\",\"potentialAction\":[{\"@type\":\"ReadAction\",\"target\":[\"https:\\\/\\\/www.strassenweb.de\\\/nachrichten\\\/4-innenarchitekten-ueber-die-schnellen-veraenderungen-die-sie-an-ihren-eigenen-kuechen-vornehmen-um-sie-fuer-den-gastgeber-vorzubereiten\\\/\"]}]},{\"@type\":\"ImageObject\",\"inLanguage\":\"de\",\"@id\":\"https:\\\/\\\/www.strassenweb.de\\\/nachrichten\\\/4-innenarchitekten-ueber-die-schnellen-veraenderungen-die-sie-an-ihren-eigenen-kuechen-vornehmen-um-sie-fuer-den-gastgeber-vorzubereiten\\\/#primaryimage\",\"url\":\"https:\\\/\\\/www.strassenweb.de\\\/nachrichten\\\/wp-content\\\/uploads\\\/2025\\\/11\\\/4-Innenarchitekten-ueber-die-schnellen-Veraenderungen-die-sie-an-ihren.jpg\",\"contentUrl\":\"https:\\\/\\\/www.strassenweb.de\\\/nachrichten\\\/wp-content\\\/uploads\\\/2025\\\/11\\\/4-Innenarchitekten-ueber-die-schnellen-Veraenderungen-die-sie-an-ihren.jpg\",\"width\":1600,\"height\":900,\"caption\":\"A cozy kitchen decorated for winter gatherings\"},{\"@type\":\"BreadcrumbList\",\"@id\":\"https:\\\/\\\/www.strassenweb.de\\\/nachrichten\\\/4-innenarchitekten-ueber-die-schnellen-veraenderungen-die-sie-an-ihren-eigenen-kuechen-vornehmen-um-sie-fuer-den-gastgeber-vorzubereiten\\\/#breadcrumb\",\"itemListElement\":[{\"@type\":\"ListItem\",\"position\":1,\"name\":\"Home\",\"item\":\"https:\\\/\\\/www.strassenweb.de\\\/nachrichten\\\/\"},{\"@type\":\"ListItem\",\"position\":2,\"name\":\"4 Innenarchitekten \u00fcber die schnellen Ver\u00e4nderungen, die sie an ihren eigenen K\u00fcchen vornehmen, um sie f\u00fcr den Gastgeber vorzubereiten\"}]},{\"@type\":\"WebSite\",\"@id\":\"https:\\\/\\\/www.strassenweb.de\\\/nachrichten\\\/#website\",\"url\":\"https:\\\/\\\/www.strassenweb.de\\\/nachrichten\\\/\",\"name\":\"Stra\u00dfenweb\",\"description\":\"Stra\u00dfenverzeichnis f\u00fcr Deutschland\",\"publisher\":{\"@id\":\"https:\\\/\\\/www.strassenweb.de\\\/nachrichten\\\/#organization\"},\"potentialAction\":[{\"@type\":\"SearchAction\",\"target\":{\"@type\":\"EntryPoint\",\"urlTemplate\":\"https:\\\/\\\/www.strassenweb.de\\\/nachrichten\\\/?s={search_term_string}\"},\"query-input\":{\"@type\":\"PropertyValueSpecification\",\"valueRequired\":true,\"valueName\":\"search_term_string\"}}],\"inLanguage\":\"de\"},{\"@type\":\"Organization\",\"@id\":\"https:\\\/\\\/www.strassenweb.de\\\/nachrichten\\\/#organization\",\"name\":\"Stra\u00dfenweb\",\"url\":\"https:\\\/\\\/www.strassenweb.de\\\/nachrichten\\\/\",\"logo\":{\"@type\":\"ImageObject\",\"inLanguage\":\"de\",\"@id\":\"https:\\\/\\\/www.strassenweb.de\\\/nachrichten\\\/#\\\/schema\\\/logo\\\/image\\\/\",\"url\":\"https:\\\/\\\/www.strassenweb.de\\\/nachrichten\\\/wp-content\\\/uploads\\\/2024\\\/09\\\/cropped-favicon.png\",\"contentUrl\":\"https:\\\/\\\/www.strassenweb.de\\\/nachrichten\\\/wp-content\\\/uploads\\\/2024\\\/09\\\/cropped-favicon.png\",\"width\":512,\"height\":512,\"caption\":\"Stra\u00dfenweb\"},\"image\":{\"@id\":\"https:\\\/\\\/www.strassenweb.de\\\/nachrichten\\\/#\\\/schema\\\/logo\\\/image\\\/\"},\"sameAs\":[\"https:\\\/\\\/www.facebook.com\\\/strassenweb\\\/\"]},{\"@type\":\"Person\",\"@id\":\"https:\\\/\\\/www.strassenweb.de\\\/nachrichten\\\/#\\\/schema\\\/person\\\/87c9c9067f1211da429a744dc5a5aa41\",\"name\":\"Robert Hoffmann\",\"image\":{\"@type\":\"ImageObject\",\"inLanguage\":\"de\",\"@id\":\"https:\\\/\\\/www.strassenweb.de\\\/nachrichten\\\/wp-content\\\/uploads\\\/2024\\\/09\\\/strassenweb-150x150.jpg\",\"url\":\"https:\\\/\\\/www.strassenweb.de\\\/nachrichten\\\/wp-content\\\/uploads\\\/2024\\\/09\\\/strassenweb-150x150.jpg\",\"contentUrl\":\"https:\\\/\\\/www.strassenweb.de\\\/nachrichten\\\/wp-content\\\/uploads\\\/2024\\\/09\\\/strassenweb-150x150.jpg\",\"caption\":\"Robert Hoffmann\"},\"description\":\"Ich hei\u00dfe Robert Hoffmann und ich bin ein leidenschaftlicher Verfechter von \u00d6kologie und Biodiversit\u00e4t. Seit meiner Kindheit in den W\u00e4ldern Bayerns f\u00fchle ich mich mit der Natur verbunden und bin entschlossen, sie zu sch\u00fctzen. Heute widme ich mein Leben der Sensibilisierung anderer f\u00fcr die Bedeutung des Umweltschutzes f\u00fcr zuk\u00fcnftige Generationen.\",\"sameAs\":[\"https:\\\/\\\/www.strassenweb.de\\\/\"]}]}<\/script>\n<!-- \/ Yoast SEO plugin. -->","yoast_head_json":{"title":"4 Innenarchitekten \u00fcber die schnellen Ver\u00e4nderungen, die sie an ihren eigenen K\u00fcchen vornehmen, um sie f\u00fcr den Gastgeber vorzubereiten - Nachrichten - Stra\u00dfenweb","robots":{"index":"index","follow":"follow","max-snippet":"max-snippet:-1","max-image-preview":"max-image-preview:large","max-video-preview":"max-video-preview:-1"},"canonical":"https:\/\/www.strassenweb.de\/nachrichten\/4-innenarchitekten-ueber-die-schnellen-veraenderungen-die-sie-an-ihren-eigenen-kuechen-vornehmen-um-sie-fuer-den-gastgeber-vorzubereiten\/","og_locale":"de_DE","og_type":"article","og_title":"4 Innenarchitekten \u00fcber die schnellen Ver\u00e4nderungen, die sie an ihren eigenen K\u00fcchen vornehmen, um sie f\u00fcr den Gastgeber vorzubereiten - Nachrichten - Stra\u00dfenweb","og_description":"Aus mehreren Gr\u00fcnden ist in unseren K\u00fcchen in den Wintermonaten mehr los als je zuvor. Zum einen macht das k\u00e4ltere Wetter Lust auf w\u00e4rmende Mahlzeiten,","og_url":"https:\/\/www.strassenweb.de\/nachrichten\/4-innenarchitekten-ueber-die-schnellen-veraenderungen-die-sie-an-ihren-eigenen-kuechen-vornehmen-um-sie-fuer-den-gastgeber-vorzubereiten\/","og_site_name":"Stra\u00dfenweb","article_publisher":"https:\/\/www.facebook.com\/strassenweb\/","article_published_time":"2025-11-21T03:39:38+00:00","article_modified_time":"2025-11-21T03:39:39+00:00","og_image":[{"width":1600,"height":900,"url":"https:\/\/www.strassenweb.de\/nachrichten\/wp-content\/uploads\/2025\/11\/4-Innenarchitekten-ueber-die-schnellen-Veraenderungen-die-sie-an-ihren.jpg","type":"image\/jpeg"}],"author":"Robert Hoffmann","twitter_card":"summary_large_image","twitter_misc":{"Verfasst von":"Robert Hoffmann","Gesch\u00e4tzte Lesezeit":"9\u00a0Minuten"},"schema":{"@context":"https:\/\/schema.org","@graph":[{"@type":"Article","@id":"https:\/\/www.strassenweb.de\/nachrichten\/4-innenarchitekten-ueber-die-schnellen-veraenderungen-die-sie-an-ihren-eigenen-kuechen-vornehmen-um-sie-fuer-den-gastgeber-vorzubereiten\/#article","isPartOf":{"@id":"https:\/\/www.strassenweb.de\/nachrichten\/4-innenarchitekten-ueber-die-schnellen-veraenderungen-die-sie-an-ihren-eigenen-kuechen-vornehmen-um-sie-fuer-den-gastgeber-vorzubereiten\/"},"author":{"name":"Robert Hoffmann","@id":"https:\/\/www.strassenweb.de\/nachrichten\/#\/schema\/person\/87c9c9067f1211da429a744dc5a5aa41"},"headline":"4 Innenarchitekten \u00fcber die schnellen Ver\u00e4nderungen, die sie an ihren eigenen K\u00fcchen vornehmen, um sie f\u00fcr den Gastgeber vorzubereiten","datePublished":"2025-11-21T03:39:38+00:00","dateModified":"2025-11-21T03:39:39+00:00","mainEntityOfPage":{"@id":"https:\/\/www.strassenweb.de\/nachrichten\/4-innenarchitekten-ueber-die-schnellen-veraenderungen-die-sie-an-ihren-eigenen-kuechen-vornehmen-um-sie-fuer-den-gastgeber-vorzubereiten\/"},"wordCount":1888,"publisher":{"@id":"https:\/\/www.strassenweb.de\/nachrichten\/#organization"},"image":{"@id":"https:\/\/www.strassenweb.de\/nachrichten\/4-innenarchitekten-ueber-die-schnellen-veraenderungen-die-sie-an-ihren-eigenen-kuechen-vornehmen-um-sie-fuer-den-gastgeber-vorzubereiten\/#primaryimage"},"thumbnailUrl":"https:\/\/www.strassenweb.de\/nachrichten\/wp-content\/uploads\/2025\/11\/4-Innenarchitekten-ueber-die-schnellen-Veraenderungen-die-sie-an-ihren.jpg","keywords":["den","die","eigenen","f\u00fcr","Gastgeber","ihren","Innenarchitekten","K\u00fcchen","schnellen","Sie","\u00fcber","Ver\u00e4nderungen","vornehmen","vorzubereiten"],"articleSection":["Haus &amp; Garten"],"inLanguage":"de"},{"@type":"WebPage","@id":"https:\/\/www.strassenweb.de\/nachrichten\/4-innenarchitekten-ueber-die-schnellen-veraenderungen-die-sie-an-ihren-eigenen-kuechen-vornehmen-um-sie-fuer-den-gastgeber-vorzubereiten\/","url":"https:\/\/www.strassenweb.de\/nachrichten\/4-innenarchitekten-ueber-die-schnellen-veraenderungen-die-sie-an-ihren-eigenen-kuechen-vornehmen-um-sie-fuer-den-gastgeber-vorzubereiten\/","name":"4 Innenarchitekten \u00fcber die schnellen Ver\u00e4nderungen, die sie an ihren eigenen K\u00fcchen vornehmen, um sie f\u00fcr den Gastgeber vorzubereiten - Nachrichten - Stra\u00dfenweb","isPartOf":{"@id":"https:\/\/www.strassenweb.de\/nachrichten\/#website"},"primaryImageOfPage":{"@id":"https:\/\/www.strassenweb.de\/nachrichten\/4-innenarchitekten-ueber-die-schnellen-veraenderungen-die-sie-an-ihren-eigenen-kuechen-vornehmen-um-sie-fuer-den-gastgeber-vorzubereiten\/#primaryimage"},"image":{"@id":"https:\/\/www.strassenweb.de\/nachrichten\/4-innenarchitekten-ueber-die-schnellen-veraenderungen-die-sie-an-ihren-eigenen-kuechen-vornehmen-um-sie-fuer-den-gastgeber-vorzubereiten\/#primaryimage"},"thumbnailUrl":"https:\/\/www.strassenweb.de\/nachrichten\/wp-content\/uploads\/2025\/11\/4-Innenarchitekten-ueber-die-schnellen-Veraenderungen-die-sie-an-ihren.jpg","datePublished":"2025-11-21T03:39:38+00:00","dateModified":"2025-11-21T03:39:39+00:00","breadcrumb":{"@id":"https:\/\/www.strassenweb.de\/nachrichten\/4-innenarchitekten-ueber-die-schnellen-veraenderungen-die-sie-an-ihren-eigenen-kuechen-vornehmen-um-sie-fuer-den-gastgeber-vorzubereiten\/#breadcrumb"},"inLanguage":"de","potentialAction":[{"@type":"ReadAction","target":["https:\/\/www.strassenweb.de\/nachrichten\/4-innenarchitekten-ueber-die-schnellen-veraenderungen-die-sie-an-ihren-eigenen-kuechen-vornehmen-um-sie-fuer-den-gastgeber-vorzubereiten\/"]}]},{"@type":"ImageObject","inLanguage":"de","@id":"https:\/\/www.strassenweb.de\/nachrichten\/4-innenarchitekten-ueber-die-schnellen-veraenderungen-die-sie-an-ihren-eigenen-kuechen-vornehmen-um-sie-fuer-den-gastgeber-vorzubereiten\/#primaryimage","url":"https:\/\/www.strassenweb.de\/nachrichten\/wp-content\/uploads\/2025\/11\/4-Innenarchitekten-ueber-die-schnellen-Veraenderungen-die-sie-an-ihren.jpg","contentUrl":"https:\/\/www.strassenweb.de\/nachrichten\/wp-content\/uploads\/2025\/11\/4-Innenarchitekten-ueber-die-schnellen-Veraenderungen-die-sie-an-ihren.jpg","width":1600,"height":900,"caption":"A cozy kitchen decorated for winter gatherings"},{"@type":"BreadcrumbList","@id":"https:\/\/www.strassenweb.de\/nachrichten\/4-innenarchitekten-ueber-die-schnellen-veraenderungen-die-sie-an-ihren-eigenen-kuechen-vornehmen-um-sie-fuer-den-gastgeber-vorzubereiten\/#breadcrumb","itemListElement":[{"@type":"ListItem","position":1,"name":"Home","item":"https:\/\/www.strassenweb.de\/nachrichten\/"},{"@type":"ListItem","position":2,"name":"4 Innenarchitekten \u00fcber die schnellen Ver\u00e4nderungen, die sie an ihren eigenen K\u00fcchen vornehmen, um sie f\u00fcr den Gastgeber vorzubereiten"}]},{"@type":"WebSite","@id":"https:\/\/www.strassenweb.de\/nachrichten\/#website","url":"https:\/\/www.strassenweb.de\/nachrichten\/","name":"Stra\u00dfenweb","description":"Stra\u00dfenverzeichnis f\u00fcr Deutschland","publisher":{"@id":"https:\/\/www.strassenweb.de\/nachrichten\/#organization"},"potentialAction":[{"@type":"SearchAction","target":{"@type":"EntryPoint","urlTemplate":"https:\/\/www.strassenweb.de\/nachrichten\/?s={search_term_string}"},"query-input":{"@type":"PropertyValueSpecification","valueRequired":true,"valueName":"search_term_string"}}],"inLanguage":"de"},{"@type":"Organization","@id":"https:\/\/www.strassenweb.de\/nachrichten\/#organization","name":"Stra\u00dfenweb","url":"https:\/\/www.strassenweb.de\/nachrichten\/","logo":{"@type":"ImageObject","inLanguage":"de","@id":"https:\/\/www.strassenweb.de\/nachrichten\/#\/schema\/logo\/image\/","url":"https:\/\/www.strassenweb.de\/nachrichten\/wp-content\/uploads\/2024\/09\/cropped-favicon.png","contentUrl":"https:\/\/www.strassenweb.de\/nachrichten\/wp-content\/uploads\/2024\/09\/cropped-favicon.png","width":512,"height":512,"caption":"Stra\u00dfenweb"},"image":{"@id":"https:\/\/www.strassenweb.de\/nachrichten\/#\/schema\/logo\/image\/"},"sameAs":["https:\/\/www.facebook.com\/strassenweb\/"]},{"@type":"Person","@id":"https:\/\/www.strassenweb.de\/nachrichten\/#\/schema\/person\/87c9c9067f1211da429a744dc5a5aa41","name":"Robert Hoffmann","image":{"@type":"ImageObject","inLanguage":"de","@id":"https:\/\/www.strassenweb.de\/nachrichten\/wp-content\/uploads\/2024\/09\/strassenweb-150x150.jpg","url":"https:\/\/www.strassenweb.de\/nachrichten\/wp-content\/uploads\/2024\/09\/strassenweb-150x150.jpg","contentUrl":"https:\/\/www.strassenweb.de\/nachrichten\/wp-content\/uploads\/2024\/09\/strassenweb-150x150.jpg","caption":"Robert Hoffmann"},"description":"Ich hei\u00dfe Robert Hoffmann und ich bin ein leidenschaftlicher Verfechter von \u00d6kologie und Biodiversit\u00e4t. Seit meiner Kindheit in den W\u00e4ldern Bayerns f\u00fchle ich mich mit der Natur verbunden und bin entschlossen, sie zu sch\u00fctzen. Heute widme ich mein Leben der Sensibilisierung anderer f\u00fcr die Bedeutung des Umweltschutzes f\u00fcr zuk\u00fcnftige Generationen.","sameAs":["https:\/\/www.strassenweb.de\/"]}]}},"_links":{"self":[{"href":"https:\/\/www.strassenweb.de\/nachrichten\/wp-json\/wp\/v2\/posts\/9318","targetHints":{"allow":["GET"]}}],"collection":[{"href":"https:\/\/www.strassenweb.de\/nachrichten\/wp-json\/wp\/v2\/posts"}],"about":[{"href":"https:\/\/www.strassenweb.de\/nachrichten\/wp-json\/wp\/v2\/types\/post"}],"author":[{"embeddable":true,"href":"https:\/\/www.strassenweb.de\/nachrichten\/wp-json\/wp\/v2\/users\/1"}],"replies":[{"embeddable":true,"href":"https:\/\/www.strassenweb.de\/nachrichten\/wp-json\/wp\/v2\/comments?post=9318"}],"version-history":[{"count":0,"href":"https:\/\/www.strassenweb.de\/nachrichten\/wp-json\/wp\/v2\/posts\/9318\/revisions"}],"wp:featuredmedia":[{"embeddable":true,"href":"https:\/\/www.strassenweb.de\/nachrichten\/wp-json\/wp\/v2\/media\/9319"}],"wp:attachment":[{"href":"https:\/\/www.strassenweb.de\/nachrichten\/wp-json\/wp\/v2\/media?parent=9318"}],"wp:term":[{"taxonomy":"category","embeddable":true,"href":"https:\/\/www.strassenweb.de\/nachrichten\/wp-json\/wp\/v2\/categories?post=9318"},{"taxonomy":"post_tag","embeddable":true,"href":"https:\/\/www.strassenweb.de\/nachrichten\/wp-json\/wp\/v2\/tags?post=9318"}],"curies":[{"name":"wp","href":"https:\/\/api.w.org\/{rel}","templated":true}]}}