{"id":9312,"date":"2025-11-21T01:39:23","date_gmt":"2025-11-21T00:39:23","guid":{"rendered":"https:\/\/www.strassenweb.de\/nachrichten\/martha-stewarts-aussergewoehnliches-weihnachtswohnzimmer-ist-die-perfekte-hommage-an-meine-lieblingsfarbe-eine-der-schoensten-weihnachtsdekorationen-die-ich-je-gesehen-habe\/"},"modified":"2025-11-21T01:39:24","modified_gmt":"2025-11-21T00:39:24","slug":"martha-stewarts-aussergewoehnliches-weihnachtswohnzimmer-ist-die-perfekte-hommage-an-meine-lieblingsfarbe-eine-der-schoensten-weihnachtsdekorationen-die-ich-je-gesehen-habe","status":"publish","type":"post","link":"https:\/\/www.strassenweb.de\/nachrichten\/martha-stewarts-aussergewoehnliches-weihnachtswohnzimmer-ist-die-perfekte-hommage-an-meine-lieblingsfarbe-eine-der-schoensten-weihnachtsdekorationen-die-ich-je-gesehen-habe\/","title":{"rendered":"Martha Stewarts au\u00dfergew\u00f6hnliches Weihnachtswohnzimmer ist die perfekte Hommage an meine Lieblingsfarbe \u2013 eine der sch\u00f6nsten Weihnachtsdekorationen, die ich je gesehen habe"},"content":{"rendered":"<p><\/p>\n<div id=\"article-body\" class=\"article__body \">\n<p id=\"40813865-12b7-43ac-b76a-e1d6f0faef9a\">Die beruhigende Qualit\u00e4t von Gr\u00fcn als Hintergrund ist kaum zu \u00fcbertreffen, und obwohl dieser farbenfrohe Look schon vor einiger Zeit Anklang fand, hat seine Relevanz nur noch zugenommen. Auch im Jahr 2025 f\u00fchlen sich satte, umh\u00fcllende Gr\u00fcnt\u00f6ne sowohl zeitlos als auch trendbewusst an \u2013 besonders zu Weihnachten, wenn ein festliches Gr\u00fcn einen Look schafft, der bemerkenswert auff\u00e4llig und wundersch\u00f6n einzigartig ist.<\/p>\n<div id=\"ad-unit-1\" class=\"ad-unit\"><\/div>\n<p>\u201eFarbdurchtr\u00e4nktheit fungiert als sch\u00f6ne Leinwand, um den Blick auf bestimmte Objekte im Vordergrund zu lenken \u2013 wie die Textur eines Teppichs oder Sofas oder ein Muster auf einem Ornament oder einer Dekoration\u201c, erkl\u00e4rt Maryana Grinshpun, Direktorin des New Yorker Design- und Bauunternehmens Mammoth.<\/p>\n<aside data-block-type=\"embed\" data-render-type=\"fte\" data-skip=\"dealsy\" data-widget-type=\"seasonal\" class=\"hawk-root\"><\/aside>\n<p id=\"40813865-12b7-43ac-b76a-e1d6f0faef9a-2\" class=\"paywall\" aria-hidden=\"true\">Die amerikanische Ikone Martha Stewart war schon immer der Zeit voraus. Als sie ihr ber\u00fchmtes \u201eGreen Room\u201c mit Farbe tr\u00e4nkte, zeigte das Ergebnis, wie kraftvoll diese Palette sein kann \u2013 besonders w\u00e4hrend der Feiertage.<\/p>\n<div class=\"van_vid_carousel\">\n<div class=\"van_vid_carousel__padding\">\n<div class=\"van_vid_carousel__container\"><\/div>\n<\/div>\n<\/div>\n<p class=\"paywall\" aria-hidden=\"true\">Martha legt gro\u00dfen Wert darauf, die Weihnachtsb\u00e4ume in ihrem pr\u00e4chtigen Haus in Bedford zu schm\u00fccken. \u201eMein Green Room liegt direkt neben dem Foyer. \u201eDer versunkene Salon ist in einem wundersch\u00f6nen Gold- und Gr\u00fcnfarbschema dekoriert\u201c, schreibt Martha in ihrem Blog. \u201eIch liebe diese beiden B\u00e4ume voller Ornamente \u2013 sie erhellen einfach den Raum.\u201c \u201eIch liebe es, wie alles an den Zweigen schimmert.\u201c Es ist ein Look, der sich jetzt als ausgesprochen biophil erweist \u2013 eine Designrichtung, von der ich prognostiziere, dass sie in den Jahren 2025 und 2026 nur noch st\u00e4rker werden wird.<\/p>\n<div id=\"ad-unit-2\" class=\"ad-unit\"><\/div>\n<div class=\"instagram-embed\" id=\"CXcIAWAOeFr\">\n<blockquote class=\"instagram-media\" data-instgrm-captioned data-instgrm-version=\"6\" style=\"width:99.375%; width:-webkit-calc(100% - 2px); width:calc(100% - 2px);\">\n<p>Ein von Martha Stewart (@marthastewart) geteilter Beitrag<\/p>\n<p>Ein Foto gepostet von am <\/p>\n<\/blockquote>\n<\/div>\n<p id=\"8f186980-88cf-4df3-a067-15ea2d8b33fb\">Das Dekorieren mit Gr\u00fcn funktioniert das ganze Jahr \u00fcber wunderbar, aber zu Weihnachten ist es fast instinktiv. Gr\u00fcne Raumideen spiegeln die Best\u00e4ndigkeit und den Reichtum der Natur wider \u2013 eine zeitlose Wahl, die keine Anzeichen einer Verlangsamung zeigt. Die Majest\u00e4t uralter W\u00e4lder inspiriert seit langem die Innenarchitekturtrends, und diese Palette bringt dieses Gef\u00fchl von Tiefe in Innenr\u00e4ume. Von der Erhabenheit einer Eiche bis hin zu den sanften Kurven eines Akanthusblattes \u2013 samtiges Gr\u00fcn verleiht uns eine pflegende Pr\u00e4senz, etwas, nach dem wir uns in den Wintermonaten, wenn das nat\u00fcrliche Gr\u00fcn verblasst, noch mehr sehnen.<\/p>\n<p>\u201eGreen beruhigt uns auf einer sehr primitiven Ebene.\u201c Wir wissen, dass wir Nahrung und Wasser finden k\u00f6nnen, was bedeutet, dass Gr\u00fcn Leben, F\u00fclle und Vitalit\u00e4t bedeutet. \u201eDie Verwendung verschiedener mittlerer und dunkler Gr\u00fcnt\u00f6ne als Teil unserer Weihnachtsdekorationsideen vermittelt ein Gef\u00fchl der Beruhigung und Ruhe\u201c, sagt Karen Haller, Spezialistin f\u00fcr Farb- und Designpsychologie und Autorin von \u201eThe Little Book of Color\u201c, erh\u00e4ltlich bei Amazon.<\/p>\n<p>F\u00fcr den ultimativen Wohlf\u00fchlraum kombinieren Sie Gr\u00fcnt\u00f6ne mit Braun-, Taupe- und glitzerndem Gold, um beruhigende Ausblicke auf den Wald zu schaffen. \u201eDie Arbeit mit einer gr\u00fcn-braunen Palette sorgt f\u00fcr ein Gef\u00fchl von Frieden und Ruhe, da beide Farben in der Natur stark vorkommen.\u201c<\/p>\n<div id=\"slice-container-newsletterForm-articleInbodyContent-MF4EmHpCF82tdwSEpthSpH\" class=\"slice-container newsletter-inbodyContent-slice newsletterForm-articleInbodyContent-MF4EmHpCF82tdwSEpthSpH slice-container-newsletterForm\"><\/div>\n<p>Gr\u00fcn bleibt eines der best\u00e4ndigsten Weihnachtsfarbschemata \u2013 eines, von dem Sie nie genug bekommen werden. Und wenn die Feiertage vorbei sind, sieht ein gr\u00fcner Raum auch im neuen Jahr frisch, warm und einladend aus, was ihn zu einer Farbpalette macht, die nicht nur f\u00fcr 2025 und 2026 im Trend liegt, sondern wirklich unverg\u00e4nglich ist.<\/p>\n<h3 class=\"article-body__section\" id=\"section-shop-the-green-room-edit\"><span>Shoppen Sie im Green Room Edit<\/span><\/h3>\n<div class=\"product-container hero-product-container product-block-no-wrap\">\n<div class=\"product-block-row\"><\/div>\n<div class=\"product-block-row\"><\/div>\n<div class=\"product-block-row\"><\/div>\n<div class=\"product-block-row\"><\/div>\n<div class=\"product-block-row\"><\/div>\n<div class=\"product-block-row\"><\/div>\n<\/div>\n<div class=\"block\" id=\"articleTag\" data-component-name=\"PostArticleLinks\" data-mrf-recirculation=\"post-article-links\">\n<div class=\"border-b border-b-black border-solid py-2.5 text-black font-bold uppercase\">THEMEN<\/div>\n<nav class=\"py-2.5 flex gap-2.5 flex-wrap\" data-analytics-id=\"article-tag\" data-mrf-recirculation=\"article-tag\">\n<p>Martha Stewart<\/p>\n<\/nav>\n<\/div>\n<\/div>\n<p><script async src=\"\/\/www.instagram.com\/embed.js\"><\/script><\/p>\n","protected":false},"excerpt":{"rendered":"<p>Die beruhigende Qualit\u00e4t von Gr\u00fcn als Hintergrund ist kaum zu \u00fcbertreffen, und obwohl dieser farbenfrohe Look schon vor einiger Zeit Anklang fand, hat seine Relevanz<\/p>\n","protected":false},"author":1,"featured_media":9313,"comment_status":"closed","ping_status":"","sticky":false,"template":"","format":"standard","meta":{"footnotes":""},"categories":[118],"tags":[11608,81,9,74,1905,823,7973,129,15,2693,2894,1054,2188,7567,2895,2957,11609],"class_list":["post-9312","post","type-post","status-publish","format-standard","has-post-thumbnail","hentry","category-haus-garten","tag-aussergewoehnliches","tag-der","tag-die","tag-eine","tag-gesehen","tag-habe","tag-hommage","tag-ich","tag-ist","tag-lieblingsfarbe","tag-martha","tag-meine","tag-perfekte","tag-schoensten","tag-stewarts","tag-weihnachtsdekorationen","tag-weihnachtswohnzimmer","generate-columns","tablet-grid-50","mobile-grid-100","grid-parent","grid-50"],"yoast_head":"<!-- This site is optimized with the Yoast SEO plugin v27.3 - https:\/\/yoast.com\/product\/yoast-seo-wordpress\/ -->\n<title>Martha Stewarts au\u00dfergew\u00f6hnliches Weihnachtswohnzimmer ist die perfekte Hommage an meine Lieblingsfarbe \u2013 eine der sch\u00f6nsten Weihnachtsdekorationen, die ich je gesehen habe - Nachrichten - Stra\u00dfenweb<\/title>\n<meta name=\"robots\" content=\"index, follow, max-snippet:-1, max-image-preview:large, max-video-preview:-1\" \/>\n<link rel=\"canonical\" href=\"https:\/\/www.strassenweb.de\/nachrichten\/martha-stewarts-aussergewoehnliches-weihnachtswohnzimmer-ist-die-perfekte-hommage-an-meine-lieblingsfarbe-eine-der-schoensten-weihnachtsdekorationen-die-ich-je-gesehen-habe\/\" \/>\n<meta property=\"og:locale\" content=\"de_DE\" \/>\n<meta property=\"og:type\" content=\"article\" \/>\n<meta property=\"og:title\" content=\"Martha Stewarts au\u00dfergew\u00f6hnliches Weihnachtswohnzimmer ist die perfekte Hommage an meine Lieblingsfarbe \u2013 eine der sch\u00f6nsten Weihnachtsdekorationen, die ich je gesehen habe - Nachrichten - Stra\u00dfenweb\" \/>\n<meta property=\"og:description\" content=\"Die beruhigende Qualit\u00e4t von Gr\u00fcn als Hintergrund ist kaum zu \u00fcbertreffen, und obwohl dieser farbenfrohe Look schon vor einiger Zeit Anklang fand, hat seine Relevanz\" \/>\n<meta property=\"og:url\" content=\"https:\/\/www.strassenweb.de\/nachrichten\/martha-stewarts-aussergewoehnliches-weihnachtswohnzimmer-ist-die-perfekte-hommage-an-meine-lieblingsfarbe-eine-der-schoensten-weihnachtsdekorationen-die-ich-je-gesehen-habe\/\" \/>\n<meta property=\"og:site_name\" content=\"Stra\u00dfenweb\" \/>\n<meta property=\"article:publisher\" content=\"https:\/\/www.facebook.com\/strassenweb\/\" \/>\n<meta property=\"article:published_time\" content=\"2025-11-21T00:39:23+00:00\" \/>\n<meta property=\"article:modified_time\" content=\"2025-11-21T00:39:24+00:00\" \/>\n<meta property=\"og:image\" content=\"https:\/\/www.strassenweb.de\/nachrichten\/wp-content\/uploads\/2025\/11\/Martha-Stewarts-aussergewoehnliches-Weihnachtswohnzimmer-ist-die-perfekte-Hommage-an-meine.jpg\" \/>\n\t<meta property=\"og:image:width\" content=\"1600\" \/>\n\t<meta property=\"og:image:height\" content=\"900\" \/>\n\t<meta property=\"og:image:type\" content=\"image\/jpeg\" \/>\n<meta name=\"author\" content=\"Robert Hoffmann\" \/>\n<meta name=\"twitter:card\" content=\"summary_large_image\" \/>\n<meta name=\"twitter:label1\" content=\"Verfasst von\" \/>\n\t<meta name=\"twitter:data1\" content=\"Robert Hoffmann\" \/>\n\t<meta name=\"twitter:label2\" content=\"Gesch\u00e4tzte Lesezeit\" \/>\n\t<meta name=\"twitter:data2\" content=\"3\u00a0Minuten\" \/>\n<script type=\"application\/ld+json\" class=\"yoast-schema-graph\">{\"@context\":\"https:\\\/\\\/schema.org\",\"@graph\":[{\"@type\":\"Article\",\"@id\":\"https:\\\/\\\/www.strassenweb.de\\\/nachrichten\\\/martha-stewarts-aussergewoehnliches-weihnachtswohnzimmer-ist-die-perfekte-hommage-an-meine-lieblingsfarbe-eine-der-schoensten-weihnachtsdekorationen-die-ich-je-gesehen-habe\\\/#article\",\"isPartOf\":{\"@id\":\"https:\\\/\\\/www.strassenweb.de\\\/nachrichten\\\/martha-stewarts-aussergewoehnliches-weihnachtswohnzimmer-ist-die-perfekte-hommage-an-meine-lieblingsfarbe-eine-der-schoensten-weihnachtsdekorationen-die-ich-je-gesehen-habe\\\/\"},\"author\":{\"name\":\"Robert Hoffmann\",\"@id\":\"https:\\\/\\\/www.strassenweb.de\\\/nachrichten\\\/#\\\/schema\\\/person\\\/87c9c9067f1211da429a744dc5a5aa41\"},\"headline\":\"Martha Stewarts au\u00dfergew\u00f6hnliches Weihnachtswohnzimmer ist die perfekte Hommage an meine Lieblingsfarbe \u2013 eine der sch\u00f6nsten Weihnachtsdekorationen, die ich je gesehen habe\",\"datePublished\":\"2025-11-21T00:39:23+00:00\",\"dateModified\":\"2025-11-21T00:39:24+00:00\",\"mainEntityOfPage\":{\"@id\":\"https:\\\/\\\/www.strassenweb.de\\\/nachrichten\\\/martha-stewarts-aussergewoehnliches-weihnachtswohnzimmer-ist-die-perfekte-hommage-an-meine-lieblingsfarbe-eine-der-schoensten-weihnachtsdekorationen-die-ich-je-gesehen-habe\\\/\"},\"wordCount\":570,\"publisher\":{\"@id\":\"https:\\\/\\\/www.strassenweb.de\\\/nachrichten\\\/#organization\"},\"image\":{\"@id\":\"https:\\\/\\\/www.strassenweb.de\\\/nachrichten\\\/martha-stewarts-aussergewoehnliches-weihnachtswohnzimmer-ist-die-perfekte-hommage-an-meine-lieblingsfarbe-eine-der-schoensten-weihnachtsdekorationen-die-ich-je-gesehen-habe\\\/#primaryimage\"},\"thumbnailUrl\":\"https:\\\/\\\/www.strassenweb.de\\\/nachrichten\\\/wp-content\\\/uploads\\\/2025\\\/11\\\/Martha-Stewarts-aussergewoehnliches-Weihnachtswohnzimmer-ist-die-perfekte-Hommage-an-meine.jpg\",\"keywords\":[\"au\u00dfergew\u00f6hnliches\",\"der\",\"die\",\"eine\",\"gesehen\",\"habe\",\"Hommage\",\"ich\",\"ist\",\"Lieblingsfarbe\",\"Martha\",\"meine\",\"perfekte\",\"sch\u00f6nsten\",\"Stewarts\",\"Weihnachtsdekorationen\",\"Weihnachtswohnzimmer\"],\"articleSection\":[\"Haus &amp; Garten\"],\"inLanguage\":\"de\"},{\"@type\":\"WebPage\",\"@id\":\"https:\\\/\\\/www.strassenweb.de\\\/nachrichten\\\/martha-stewarts-aussergewoehnliches-weihnachtswohnzimmer-ist-die-perfekte-hommage-an-meine-lieblingsfarbe-eine-der-schoensten-weihnachtsdekorationen-die-ich-je-gesehen-habe\\\/\",\"url\":\"https:\\\/\\\/www.strassenweb.de\\\/nachrichten\\\/martha-stewarts-aussergewoehnliches-weihnachtswohnzimmer-ist-die-perfekte-hommage-an-meine-lieblingsfarbe-eine-der-schoensten-weihnachtsdekorationen-die-ich-je-gesehen-habe\\\/\",\"name\":\"Martha Stewarts au\u00dfergew\u00f6hnliches Weihnachtswohnzimmer ist die perfekte Hommage an meine Lieblingsfarbe \u2013 eine der sch\u00f6nsten Weihnachtsdekorationen, die ich je gesehen habe - Nachrichten - Stra\u00dfenweb\",\"isPartOf\":{\"@id\":\"https:\\\/\\\/www.strassenweb.de\\\/nachrichten\\\/#website\"},\"primaryImageOfPage\":{\"@id\":\"https:\\\/\\\/www.strassenweb.de\\\/nachrichten\\\/martha-stewarts-aussergewoehnliches-weihnachtswohnzimmer-ist-die-perfekte-hommage-an-meine-lieblingsfarbe-eine-der-schoensten-weihnachtsdekorationen-die-ich-je-gesehen-habe\\\/#primaryimage\"},\"image\":{\"@id\":\"https:\\\/\\\/www.strassenweb.de\\\/nachrichten\\\/martha-stewarts-aussergewoehnliches-weihnachtswohnzimmer-ist-die-perfekte-hommage-an-meine-lieblingsfarbe-eine-der-schoensten-weihnachtsdekorationen-die-ich-je-gesehen-habe\\\/#primaryimage\"},\"thumbnailUrl\":\"https:\\\/\\\/www.strassenweb.de\\\/nachrichten\\\/wp-content\\\/uploads\\\/2025\\\/11\\\/Martha-Stewarts-aussergewoehnliches-Weihnachtswohnzimmer-ist-die-perfekte-Hommage-an-meine.jpg\",\"datePublished\":\"2025-11-21T00:39:23+00:00\",\"dateModified\":\"2025-11-21T00:39:24+00:00\",\"breadcrumb\":{\"@id\":\"https:\\\/\\\/www.strassenweb.de\\\/nachrichten\\\/martha-stewarts-aussergewoehnliches-weihnachtswohnzimmer-ist-die-perfekte-hommage-an-meine-lieblingsfarbe-eine-der-schoensten-weihnachtsdekorationen-die-ich-je-gesehen-habe\\\/#breadcrumb\"},\"inLanguage\":\"de\",\"potentialAction\":[{\"@type\":\"ReadAction\",\"target\":[\"https:\\\/\\\/www.strassenweb.de\\\/nachrichten\\\/martha-stewarts-aussergewoehnliches-weihnachtswohnzimmer-ist-die-perfekte-hommage-an-meine-lieblingsfarbe-eine-der-schoensten-weihnachtsdekorationen-die-ich-je-gesehen-habe\\\/\"]}]},{\"@type\":\"ImageObject\",\"inLanguage\":\"de\",\"@id\":\"https:\\\/\\\/www.strassenweb.de\\\/nachrichten\\\/martha-stewarts-aussergewoehnliches-weihnachtswohnzimmer-ist-die-perfekte-hommage-an-meine-lieblingsfarbe-eine-der-schoensten-weihnachtsdekorationen-die-ich-je-gesehen-habe\\\/#primaryimage\",\"url\":\"https:\\\/\\\/www.strassenweb.de\\\/nachrichten\\\/wp-content\\\/uploads\\\/2025\\\/11\\\/Martha-Stewarts-aussergewoehnliches-Weihnachtswohnzimmer-ist-die-perfekte-Hommage-an-meine.jpg\",\"contentUrl\":\"https:\\\/\\\/www.strassenweb.de\\\/nachrichten\\\/wp-content\\\/uploads\\\/2025\\\/11\\\/Martha-Stewarts-aussergewoehnliches-Weihnachtswohnzimmer-ist-die-perfekte-Hommage-an-meine.jpg\",\"width\":1600,\"height\":900,\"caption\":\"Martha Stewart\"},{\"@type\":\"BreadcrumbList\",\"@id\":\"https:\\\/\\\/www.strassenweb.de\\\/nachrichten\\\/martha-stewarts-aussergewoehnliches-weihnachtswohnzimmer-ist-die-perfekte-hommage-an-meine-lieblingsfarbe-eine-der-schoensten-weihnachtsdekorationen-die-ich-je-gesehen-habe\\\/#breadcrumb\",\"itemListElement\":[{\"@type\":\"ListItem\",\"position\":1,\"name\":\"Home\",\"item\":\"https:\\\/\\\/www.strassenweb.de\\\/nachrichten\\\/\"},{\"@type\":\"ListItem\",\"position\":2,\"name\":\"Martha Stewarts au\u00dfergew\u00f6hnliches Weihnachtswohnzimmer ist die perfekte Hommage an meine Lieblingsfarbe \u2013 eine der sch\u00f6nsten Weihnachtsdekorationen, die ich je gesehen habe\"}]},{\"@type\":\"WebSite\",\"@id\":\"https:\\\/\\\/www.strassenweb.de\\\/nachrichten\\\/#website\",\"url\":\"https:\\\/\\\/www.strassenweb.de\\\/nachrichten\\\/\",\"name\":\"Stra\u00dfenweb\",\"description\":\"Stra\u00dfenverzeichnis f\u00fcr Deutschland\",\"publisher\":{\"@id\":\"https:\\\/\\\/www.strassenweb.de\\\/nachrichten\\\/#organization\"},\"potentialAction\":[{\"@type\":\"SearchAction\",\"target\":{\"@type\":\"EntryPoint\",\"urlTemplate\":\"https:\\\/\\\/www.strassenweb.de\\\/nachrichten\\\/?s={search_term_string}\"},\"query-input\":{\"@type\":\"PropertyValueSpecification\",\"valueRequired\":true,\"valueName\":\"search_term_string\"}}],\"inLanguage\":\"de\"},{\"@type\":\"Organization\",\"@id\":\"https:\\\/\\\/www.strassenweb.de\\\/nachrichten\\\/#organization\",\"name\":\"Stra\u00dfenweb\",\"url\":\"https:\\\/\\\/www.strassenweb.de\\\/nachrichten\\\/\",\"logo\":{\"@type\":\"ImageObject\",\"inLanguage\":\"de\",\"@id\":\"https:\\\/\\\/www.strassenweb.de\\\/nachrichten\\\/#\\\/schema\\\/logo\\\/image\\\/\",\"url\":\"https:\\\/\\\/www.strassenweb.de\\\/nachrichten\\\/wp-content\\\/uploads\\\/2024\\\/09\\\/cropped-favicon.png\",\"contentUrl\":\"https:\\\/\\\/www.strassenweb.de\\\/nachrichten\\\/wp-content\\\/uploads\\\/2024\\\/09\\\/cropped-favicon.png\",\"width\":512,\"height\":512,\"caption\":\"Stra\u00dfenweb\"},\"image\":{\"@id\":\"https:\\\/\\\/www.strassenweb.de\\\/nachrichten\\\/#\\\/schema\\\/logo\\\/image\\\/\"},\"sameAs\":[\"https:\\\/\\\/www.facebook.com\\\/strassenweb\\\/\"]},{\"@type\":\"Person\",\"@id\":\"https:\\\/\\\/www.strassenweb.de\\\/nachrichten\\\/#\\\/schema\\\/person\\\/87c9c9067f1211da429a744dc5a5aa41\",\"name\":\"Robert Hoffmann\",\"image\":{\"@type\":\"ImageObject\",\"inLanguage\":\"de\",\"@id\":\"https:\\\/\\\/www.strassenweb.de\\\/nachrichten\\\/wp-content\\\/uploads\\\/2024\\\/09\\\/strassenweb-150x150.jpg\",\"url\":\"https:\\\/\\\/www.strassenweb.de\\\/nachrichten\\\/wp-content\\\/uploads\\\/2024\\\/09\\\/strassenweb-150x150.jpg\",\"contentUrl\":\"https:\\\/\\\/www.strassenweb.de\\\/nachrichten\\\/wp-content\\\/uploads\\\/2024\\\/09\\\/strassenweb-150x150.jpg\",\"caption\":\"Robert Hoffmann\"},\"description\":\"Ich hei\u00dfe Robert Hoffmann und ich bin ein leidenschaftlicher Verfechter von \u00d6kologie und Biodiversit\u00e4t. Seit meiner Kindheit in den W\u00e4ldern Bayerns f\u00fchle ich mich mit der Natur verbunden und bin entschlossen, sie zu sch\u00fctzen. Heute widme ich mein Leben der Sensibilisierung anderer f\u00fcr die Bedeutung des Umweltschutzes f\u00fcr zuk\u00fcnftige Generationen.\",\"sameAs\":[\"https:\\\/\\\/www.strassenweb.de\\\/\"]}]}<\/script>\n<!-- \/ Yoast SEO plugin. -->","yoast_head_json":{"title":"Martha Stewarts au\u00dfergew\u00f6hnliches Weihnachtswohnzimmer ist die perfekte Hommage an meine Lieblingsfarbe \u2013 eine der sch\u00f6nsten Weihnachtsdekorationen, die ich je gesehen habe - Nachrichten - Stra\u00dfenweb","robots":{"index":"index","follow":"follow","max-snippet":"max-snippet:-1","max-image-preview":"max-image-preview:large","max-video-preview":"max-video-preview:-1"},"canonical":"https:\/\/www.strassenweb.de\/nachrichten\/martha-stewarts-aussergewoehnliches-weihnachtswohnzimmer-ist-die-perfekte-hommage-an-meine-lieblingsfarbe-eine-der-schoensten-weihnachtsdekorationen-die-ich-je-gesehen-habe\/","og_locale":"de_DE","og_type":"article","og_title":"Martha Stewarts au\u00dfergew\u00f6hnliches Weihnachtswohnzimmer ist die perfekte Hommage an meine Lieblingsfarbe \u2013 eine der sch\u00f6nsten Weihnachtsdekorationen, die ich je gesehen habe - Nachrichten - Stra\u00dfenweb","og_description":"Die beruhigende Qualit\u00e4t von Gr\u00fcn als Hintergrund ist kaum zu \u00fcbertreffen, und obwohl dieser farbenfrohe Look schon vor einiger Zeit Anklang fand, hat seine Relevanz","og_url":"https:\/\/www.strassenweb.de\/nachrichten\/martha-stewarts-aussergewoehnliches-weihnachtswohnzimmer-ist-die-perfekte-hommage-an-meine-lieblingsfarbe-eine-der-schoensten-weihnachtsdekorationen-die-ich-je-gesehen-habe\/","og_site_name":"Stra\u00dfenweb","article_publisher":"https:\/\/www.facebook.com\/strassenweb\/","article_published_time":"2025-11-21T00:39:23+00:00","article_modified_time":"2025-11-21T00:39:24+00:00","og_image":[{"width":1600,"height":900,"url":"https:\/\/www.strassenweb.de\/nachrichten\/wp-content\/uploads\/2025\/11\/Martha-Stewarts-aussergewoehnliches-Weihnachtswohnzimmer-ist-die-perfekte-Hommage-an-meine.jpg","type":"image\/jpeg"}],"author":"Robert Hoffmann","twitter_card":"summary_large_image","twitter_misc":{"Verfasst von":"Robert Hoffmann","Gesch\u00e4tzte Lesezeit":"3\u00a0Minuten"},"schema":{"@context":"https:\/\/schema.org","@graph":[{"@type":"Article","@id":"https:\/\/www.strassenweb.de\/nachrichten\/martha-stewarts-aussergewoehnliches-weihnachtswohnzimmer-ist-die-perfekte-hommage-an-meine-lieblingsfarbe-eine-der-schoensten-weihnachtsdekorationen-die-ich-je-gesehen-habe\/#article","isPartOf":{"@id":"https:\/\/www.strassenweb.de\/nachrichten\/martha-stewarts-aussergewoehnliches-weihnachtswohnzimmer-ist-die-perfekte-hommage-an-meine-lieblingsfarbe-eine-der-schoensten-weihnachtsdekorationen-die-ich-je-gesehen-habe\/"},"author":{"name":"Robert Hoffmann","@id":"https:\/\/www.strassenweb.de\/nachrichten\/#\/schema\/person\/87c9c9067f1211da429a744dc5a5aa41"},"headline":"Martha Stewarts au\u00dfergew\u00f6hnliches Weihnachtswohnzimmer ist die perfekte Hommage an meine Lieblingsfarbe \u2013 eine der sch\u00f6nsten Weihnachtsdekorationen, die ich je gesehen habe","datePublished":"2025-11-21T00:39:23+00:00","dateModified":"2025-11-21T00:39:24+00:00","mainEntityOfPage":{"@id":"https:\/\/www.strassenweb.de\/nachrichten\/martha-stewarts-aussergewoehnliches-weihnachtswohnzimmer-ist-die-perfekte-hommage-an-meine-lieblingsfarbe-eine-der-schoensten-weihnachtsdekorationen-die-ich-je-gesehen-habe\/"},"wordCount":570,"publisher":{"@id":"https:\/\/www.strassenweb.de\/nachrichten\/#organization"},"image":{"@id":"https:\/\/www.strassenweb.de\/nachrichten\/martha-stewarts-aussergewoehnliches-weihnachtswohnzimmer-ist-die-perfekte-hommage-an-meine-lieblingsfarbe-eine-der-schoensten-weihnachtsdekorationen-die-ich-je-gesehen-habe\/#primaryimage"},"thumbnailUrl":"https:\/\/www.strassenweb.de\/nachrichten\/wp-content\/uploads\/2025\/11\/Martha-Stewarts-aussergewoehnliches-Weihnachtswohnzimmer-ist-die-perfekte-Hommage-an-meine.jpg","keywords":["au\u00dfergew\u00f6hnliches","der","die","eine","gesehen","habe","Hommage","ich","ist","Lieblingsfarbe","Martha","meine","perfekte","sch\u00f6nsten","Stewarts","Weihnachtsdekorationen","Weihnachtswohnzimmer"],"articleSection":["Haus &amp; Garten"],"inLanguage":"de"},{"@type":"WebPage","@id":"https:\/\/www.strassenweb.de\/nachrichten\/martha-stewarts-aussergewoehnliches-weihnachtswohnzimmer-ist-die-perfekte-hommage-an-meine-lieblingsfarbe-eine-der-schoensten-weihnachtsdekorationen-die-ich-je-gesehen-habe\/","url":"https:\/\/www.strassenweb.de\/nachrichten\/martha-stewarts-aussergewoehnliches-weihnachtswohnzimmer-ist-die-perfekte-hommage-an-meine-lieblingsfarbe-eine-der-schoensten-weihnachtsdekorationen-die-ich-je-gesehen-habe\/","name":"Martha Stewarts au\u00dfergew\u00f6hnliches Weihnachtswohnzimmer ist die perfekte Hommage an meine Lieblingsfarbe \u2013 eine der sch\u00f6nsten Weihnachtsdekorationen, die ich je gesehen habe - Nachrichten - Stra\u00dfenweb","isPartOf":{"@id":"https:\/\/www.strassenweb.de\/nachrichten\/#website"},"primaryImageOfPage":{"@id":"https:\/\/www.strassenweb.de\/nachrichten\/martha-stewarts-aussergewoehnliches-weihnachtswohnzimmer-ist-die-perfekte-hommage-an-meine-lieblingsfarbe-eine-der-schoensten-weihnachtsdekorationen-die-ich-je-gesehen-habe\/#primaryimage"},"image":{"@id":"https:\/\/www.strassenweb.de\/nachrichten\/martha-stewarts-aussergewoehnliches-weihnachtswohnzimmer-ist-die-perfekte-hommage-an-meine-lieblingsfarbe-eine-der-schoensten-weihnachtsdekorationen-die-ich-je-gesehen-habe\/#primaryimage"},"thumbnailUrl":"https:\/\/www.strassenweb.de\/nachrichten\/wp-content\/uploads\/2025\/11\/Martha-Stewarts-aussergewoehnliches-Weihnachtswohnzimmer-ist-die-perfekte-Hommage-an-meine.jpg","datePublished":"2025-11-21T00:39:23+00:00","dateModified":"2025-11-21T00:39:24+00:00","breadcrumb":{"@id":"https:\/\/www.strassenweb.de\/nachrichten\/martha-stewarts-aussergewoehnliches-weihnachtswohnzimmer-ist-die-perfekte-hommage-an-meine-lieblingsfarbe-eine-der-schoensten-weihnachtsdekorationen-die-ich-je-gesehen-habe\/#breadcrumb"},"inLanguage":"de","potentialAction":[{"@type":"ReadAction","target":["https:\/\/www.strassenweb.de\/nachrichten\/martha-stewarts-aussergewoehnliches-weihnachtswohnzimmer-ist-die-perfekte-hommage-an-meine-lieblingsfarbe-eine-der-schoensten-weihnachtsdekorationen-die-ich-je-gesehen-habe\/"]}]},{"@type":"ImageObject","inLanguage":"de","@id":"https:\/\/www.strassenweb.de\/nachrichten\/martha-stewarts-aussergewoehnliches-weihnachtswohnzimmer-ist-die-perfekte-hommage-an-meine-lieblingsfarbe-eine-der-schoensten-weihnachtsdekorationen-die-ich-je-gesehen-habe\/#primaryimage","url":"https:\/\/www.strassenweb.de\/nachrichten\/wp-content\/uploads\/2025\/11\/Martha-Stewarts-aussergewoehnliches-Weihnachtswohnzimmer-ist-die-perfekte-Hommage-an-meine.jpg","contentUrl":"https:\/\/www.strassenweb.de\/nachrichten\/wp-content\/uploads\/2025\/11\/Martha-Stewarts-aussergewoehnliches-Weihnachtswohnzimmer-ist-die-perfekte-Hommage-an-meine.jpg","width":1600,"height":900,"caption":"Martha Stewart"},{"@type":"BreadcrumbList","@id":"https:\/\/www.strassenweb.de\/nachrichten\/martha-stewarts-aussergewoehnliches-weihnachtswohnzimmer-ist-die-perfekte-hommage-an-meine-lieblingsfarbe-eine-der-schoensten-weihnachtsdekorationen-die-ich-je-gesehen-habe\/#breadcrumb","itemListElement":[{"@type":"ListItem","position":1,"name":"Home","item":"https:\/\/www.strassenweb.de\/nachrichten\/"},{"@type":"ListItem","position":2,"name":"Martha Stewarts au\u00dfergew\u00f6hnliches Weihnachtswohnzimmer ist die perfekte Hommage an meine Lieblingsfarbe \u2013 eine der sch\u00f6nsten Weihnachtsdekorationen, die ich je gesehen habe"}]},{"@type":"WebSite","@id":"https:\/\/www.strassenweb.de\/nachrichten\/#website","url":"https:\/\/www.strassenweb.de\/nachrichten\/","name":"Stra\u00dfenweb","description":"Stra\u00dfenverzeichnis f\u00fcr Deutschland","publisher":{"@id":"https:\/\/www.strassenweb.de\/nachrichten\/#organization"},"potentialAction":[{"@type":"SearchAction","target":{"@type":"EntryPoint","urlTemplate":"https:\/\/www.strassenweb.de\/nachrichten\/?s={search_term_string}"},"query-input":{"@type":"PropertyValueSpecification","valueRequired":true,"valueName":"search_term_string"}}],"inLanguage":"de"},{"@type":"Organization","@id":"https:\/\/www.strassenweb.de\/nachrichten\/#organization","name":"Stra\u00dfenweb","url":"https:\/\/www.strassenweb.de\/nachrichten\/","logo":{"@type":"ImageObject","inLanguage":"de","@id":"https:\/\/www.strassenweb.de\/nachrichten\/#\/schema\/logo\/image\/","url":"https:\/\/www.strassenweb.de\/nachrichten\/wp-content\/uploads\/2024\/09\/cropped-favicon.png","contentUrl":"https:\/\/www.strassenweb.de\/nachrichten\/wp-content\/uploads\/2024\/09\/cropped-favicon.png","width":512,"height":512,"caption":"Stra\u00dfenweb"},"image":{"@id":"https:\/\/www.strassenweb.de\/nachrichten\/#\/schema\/logo\/image\/"},"sameAs":["https:\/\/www.facebook.com\/strassenweb\/"]},{"@type":"Person","@id":"https:\/\/www.strassenweb.de\/nachrichten\/#\/schema\/person\/87c9c9067f1211da429a744dc5a5aa41","name":"Robert Hoffmann","image":{"@type":"ImageObject","inLanguage":"de","@id":"https:\/\/www.strassenweb.de\/nachrichten\/wp-content\/uploads\/2024\/09\/strassenweb-150x150.jpg","url":"https:\/\/www.strassenweb.de\/nachrichten\/wp-content\/uploads\/2024\/09\/strassenweb-150x150.jpg","contentUrl":"https:\/\/www.strassenweb.de\/nachrichten\/wp-content\/uploads\/2024\/09\/strassenweb-150x150.jpg","caption":"Robert Hoffmann"},"description":"Ich hei\u00dfe Robert Hoffmann und ich bin ein leidenschaftlicher Verfechter von \u00d6kologie und Biodiversit\u00e4t. Seit meiner Kindheit in den W\u00e4ldern Bayerns f\u00fchle ich mich mit der Natur verbunden und bin entschlossen, sie zu sch\u00fctzen. Heute widme ich mein Leben der Sensibilisierung anderer f\u00fcr die Bedeutung des Umweltschutzes f\u00fcr zuk\u00fcnftige Generationen.","sameAs":["https:\/\/www.strassenweb.de\/"]}]}},"_links":{"self":[{"href":"https:\/\/www.strassenweb.de\/nachrichten\/wp-json\/wp\/v2\/posts\/9312","targetHints":{"allow":["GET"]}}],"collection":[{"href":"https:\/\/www.strassenweb.de\/nachrichten\/wp-json\/wp\/v2\/posts"}],"about":[{"href":"https:\/\/www.strassenweb.de\/nachrichten\/wp-json\/wp\/v2\/types\/post"}],"author":[{"embeddable":true,"href":"https:\/\/www.strassenweb.de\/nachrichten\/wp-json\/wp\/v2\/users\/1"}],"replies":[{"embeddable":true,"href":"https:\/\/www.strassenweb.de\/nachrichten\/wp-json\/wp\/v2\/comments?post=9312"}],"version-history":[{"count":0,"href":"https:\/\/www.strassenweb.de\/nachrichten\/wp-json\/wp\/v2\/posts\/9312\/revisions"}],"wp:featuredmedia":[{"embeddable":true,"href":"https:\/\/www.strassenweb.de\/nachrichten\/wp-json\/wp\/v2\/media\/9313"}],"wp:attachment":[{"href":"https:\/\/www.strassenweb.de\/nachrichten\/wp-json\/wp\/v2\/media?parent=9312"}],"wp:term":[{"taxonomy":"category","embeddable":true,"href":"https:\/\/www.strassenweb.de\/nachrichten\/wp-json\/wp\/v2\/categories?post=9312"},{"taxonomy":"post_tag","embeddable":true,"href":"https:\/\/www.strassenweb.de\/nachrichten\/wp-json\/wp\/v2\/tags?post=9312"}],"curies":[{"name":"wp","href":"https:\/\/api.w.org\/{rel}","templated":true}]}}