{"id":9304,"date":"2025-11-20T16:40:56","date_gmt":"2025-11-20T15:40:56","guid":{"rendered":"https:\/\/www.strassenweb.de\/nachrichten\/ich-lehne-alle-minimalistischen-weihnachtstrends-ab-und-so-gestalte-ich-meinen-maximalistischen-tisch-mit-jedem-uebertriebenen-festlichen-fundstueck-das-ich-sehe\/"},"modified":"2025-11-20T16:40:57","modified_gmt":"2025-11-20T15:40:57","slug":"ich-lehne-alle-minimalistischen-weihnachtstrends-ab-und-so-gestalte-ich-meinen-maximalistischen-tisch-mit-jedem-uebertriebenen-festlichen-fundstueck-das-ich-sehe","status":"publish","type":"post","link":"https:\/\/www.strassenweb.de\/nachrichten\/ich-lehne-alle-minimalistischen-weihnachtstrends-ab-und-so-gestalte-ich-meinen-maximalistischen-tisch-mit-jedem-uebertriebenen-festlichen-fundstueck-das-ich-sehe\/","title":{"rendered":"Ich lehne alle minimalistischen Weihnachtstrends ab \u2013 und so gestalte ich meinen maximalistischen Tisch mit jedem \u00fcbertriebenen festlichen Fundst\u00fcck, das ich sehe"},"content":{"rendered":"<p><\/p>\n<div id=\"article-body\" class=\"article__body \">\n<p id=\"66e359fc-7d44-432e-a20d-785231e8d56a\">Dieses Weihnachten in London setze ich alles auf einen Tisch, der sich lebendig, vielschichtig und voller Charakter anf\u00fchlt. Mein Stil mischt Antiquit\u00e4ten mit neuen Fundst\u00fccken und lehnt sich an den festlichen Charme der alten Schule an, den ich schon immer geliebt habe. F\u00fcr mich sollten Tische bei Dinnerpartys voller Gespr\u00e4che, Kerzenwachs und einem Gef\u00fchl freudiger Unvollkommenheit sein. Ich war noch nie ein Fan von allzu ordentlichen, w\u00e4hlerischen Umgebungen \u2013 ich m\u00f6chte, dass meine Umgebung vielseitig, nat\u00fcrlich und m\u00fchelos einladend wirkt. Nat\u00fcrlich ist es alles andere als einfach, diesen m\u00fchelos stilvollen Look zu erzielen, insbesondere wenn es darum geht, den perfekten Mix an Teilen zusammenzustellen.<\/p>\n<div id=\"ad-unit-1\" class=\"ad-unit\"><\/div>\n<p>Wenn es um die weihnachtliche Tischdekoration geht, halte ich mich nie zur\u00fcck \u2013 f\u00fcr mich geht es vor allem um Farbschichten, Texturen und Pers\u00f6nlichkeit. Tablescaping ist f\u00fcr so viele zu einem Highlight beim Hosting geworden, und dieses Jahr habe ich mich v\u00f6llig in die unterhaltsame Kollektion von Anthropologie verliebt, die Skurrilit\u00e4t und Eleganz perfekt zu einem atemberaubenden festlichen Fest vereint. Egal, ob Ihre Stimmung gem\u00fctlich, glamour\u00f6s oder herrlich \u00fcbertrieben ist, die richtigen St\u00fccke k\u00f6nnen die Stimmung v\u00f6llig ver\u00e4ndern.<\/p>\n<aside data-block-type=\"embed\" data-render-type=\"fte\" data-skip=\"dealsy\" data-widget-type=\"seasonal\" class=\"hawk-root\"><\/aside>\n<p id=\"66e359fc-7d44-432e-a20d-785231e8d56a-2\">Da die Hosting-Aufgaben offiziell angelaufen sind und ich mich voll und ganz einem maximalistischen Auftrag verschrieben habe, finden Sie hier alles, was ich einkaufe, um den ultimativen Weihnachtstisch zu gestalten \u2013 und alle Teile, von denen ich denke, dass Sie sie auch auf Ihrem Tisch haben m\u00f6chten.<\/p>\n<div class=\"van_vid_carousel\">\n<div class=\"van_vid_carousel__padding\">\n<div class=\"van_vid_carousel__container\"><\/div>\n<\/div>\n<\/div>\n<p id=\"fd30a3cc-00cb-45c6-ae7f-e871f379a3d0\">Noch besser ist, dass der Anthropologie Black Friday-Verkauf gerade erst begonnen hat, was bedeutet, dass viele dieser herausragenden St\u00fccke jetzt reduziert sind \u2013 eine seltene Gelegenheit, skurriles Serviergeschirr, luxuri\u00f6se Serviettenringe und auff\u00e4lliges Geschirr zu einem Bruchteil des \u00fcblichen Preises zu ergattern.<\/p>\n<div id=\"ad-unit-2\" class=\"ad-unit\"><\/div>\n<p>Ich mische gerne alte Familienfavoriten mit neuen Entdeckungen, indem ich Schottenkaro, festliche Bettw\u00e4sche und ausgefallenes Serviergeschirr schichte, damit sich jeder Ort pers\u00f6nlich und voller Charakter anf\u00fchlt. Er sollte eher einladend als \u00fcbergestylt wirken \u2013 ein Tisch, der zum Lachen, zur Unterhaltung und vielleicht sogar zum gelegentlichen Klecks anregt.<\/p>\n<p>Wenn es um die Auswahl der St\u00fccke f\u00fcr Ihren Weihnachtstisch geht, ist mein Rat einfach: Kaufen Sie nichts, nur weil es im Trend liegt. Ebenso m\u00fcssen Sie sich nicht nur auf langweilige, \u201ezeitlose\u201c Artikel beschr\u00e4nken \u2013 der Schl\u00fcssel liegt darin, St\u00fccke auszuw\u00e4hlen, die wirklich Freude bereiten. Ich f\u00fchle mich zu Gegenst\u00e4nden hingezogen, die mich jedes Mal zum L\u00e4cheln bringen, wenn ich sie sehe, sei es ein verspieltes Muster, ein Farbtupfer oder ein skurriles Detail. Schlie\u00dflich bleibt ein Tisch, der Freude bereitet, weitaus unvergesslicher als einer, der sich einfach an die Regeln h\u00e4lt.<\/p>\n<h2 id=\"the-pieces-i-m-using-to-build-the-ultimate-christmas-table-3\">Die Teile, aus denen ich den ultimativen Weihnachtstisch baue<\/h2>\n<div class=\"product-container hero-product-container product-block-no-wrap\">\n<div class=\"product-block-row\"><\/div>\n<div class=\"product-block-row\"><\/div>\n<div class=\"product-block-row\"><\/div>\n<div class=\"product-block-row\"><\/div>\n<div class=\"product-block-row\"><\/div>\n<div class=\"product-block-row\"><\/div>\n<div class=\"product-block-row\"><\/div>\n<div class=\"product-block-row\"><\/div>\n<div class=\"product-block-row\"><\/div>\n<div class=\"product-block-row\"><\/div>\n<div class=\"product-block-row\"><\/div>\n<div class=\"product-block-row\"><\/div>\n<\/div>\n<hr id=\"bbc0c148-34ec-424c-bd71-4e5d410913b1\">\n<p id=\"6d71a589-eb76-4bd2-a9fb-fdeb01d1978b\">Abgesehen vom Tisch selbst habe ich herausgefunden, dass es die kleinen Details rund um den Raum sind, die wirklich den Unterschied ausmachen. Bei der Weihnachtsdekoration geht es nicht nur darum, Farben aufeinander abzustimmen oder sich an ein Thema zu halten \u2013 es geht darum, Momente der \u00dcberraschung und Freude zu schaffen. Eine sorgf\u00e4ltig platzierte Kerze, eine ausgefallene Dekoration auf einem Sideboard oder eine kleine festliche Vignette auf einer Fensterbank k\u00f6nnen den Raum verwandeln und Ihrem Zuhause sofort eine magischere Atmosph\u00e4re verleihen.<\/p>\n<div id=\"slice-container-newsletterForm-articleInbodyContent-DvZ4t8pRxYfByAy9D8tDh7\" class=\"slice-container newsletter-inbodyContent-slice newsletterForm-articleInbodyContent-DvZ4t8pRxYfByAy9D8tDh7 slice-container-newsletterForm\"><\/div>\n<p>Und denken Sie daran: Bei den unvergesslichsten Feiern geht es nicht um Perfektion \u2013 es geht darum, einen Raum zu schaffen, der Ihre Pers\u00f6nlichkeit widerspiegelt und den G\u00e4sten das Gef\u00fchl gibt, wirklich willkommen zu sein. Ganz gleich, ob Sie Texturen schichten, Erbst\u00fccke mit neuen Fundst\u00fccken kombinieren oder mit unerwarteten Farbtupfern experimentieren \u2013 lassen Sie Ihrer Kreativit\u00e4t freien Lauf. Wenn es um die Weihnachtsdekoration geht, vertrauen Sie Ihrem Instinkt und nehmen Sie an, was Ihnen Freude bereitet.<\/p>\n<\/div>\n","protected":false},"excerpt":{"rendered":"<p>Dieses Weihnachten in London setze ich alles auf einen Tisch, der sich lebendig, vielschichtig und voller Charakter anf\u00fchlt. Mein Stil mischt Antiquit\u00e4ten mit neuen Fundst\u00fccken<\/p>\n","protected":false},"author":1,"featured_media":9305,"comment_status":"closed","ping_status":"","sticky":false,"template":"","format":"standard","meta":{"footnotes":""},"categories":[118],"tags":[176,112,2650,11601,10780,129,963,11599,3793,1096,4124,146,2514,4979,9781,37,11600],"class_list":["post-9304","post","type-post","status-publish","format-standard","has-post-thumbnail","hentry","category-haus-garten","tag-alle","tag-das","tag-festlichen","tag-fundstueck","tag-gestalte","tag-ich","tag-jedem","tag-lehne","tag-maximalistischen","tag-meinen","tag-minimalistischen","tag-mit","tag-sehe","tag-tisch","tag-uebertriebenen","tag-und","tag-weihnachtstrends","generate-columns","tablet-grid-50","mobile-grid-100","grid-parent","grid-50"],"yoast_head":"<!-- This site is optimized with the Yoast SEO plugin v27.3 - https:\/\/yoast.com\/product\/yoast-seo-wordpress\/ -->\n<title>Ich lehne alle minimalistischen Weihnachtstrends ab \u2013 und so gestalte ich meinen maximalistischen Tisch mit jedem \u00fcbertriebenen festlichen Fundst\u00fcck, das ich sehe - Nachrichten - Stra\u00dfenweb<\/title>\n<meta name=\"robots\" content=\"index, follow, max-snippet:-1, max-image-preview:large, max-video-preview:-1\" \/>\n<link rel=\"canonical\" href=\"https:\/\/www.strassenweb.de\/nachrichten\/ich-lehne-alle-minimalistischen-weihnachtstrends-ab-und-so-gestalte-ich-meinen-maximalistischen-tisch-mit-jedem-uebertriebenen-festlichen-fundstueck-das-ich-sehe\/\" \/>\n<meta property=\"og:locale\" content=\"de_DE\" \/>\n<meta property=\"og:type\" content=\"article\" \/>\n<meta property=\"og:title\" content=\"Ich lehne alle minimalistischen Weihnachtstrends ab \u2013 und so gestalte ich meinen maximalistischen Tisch mit jedem \u00fcbertriebenen festlichen Fundst\u00fcck, das ich sehe - Nachrichten - Stra\u00dfenweb\" \/>\n<meta property=\"og:description\" content=\"Dieses Weihnachten in London setze ich alles auf einen Tisch, der sich lebendig, vielschichtig und voller Charakter anf\u00fchlt. Mein Stil mischt Antiquit\u00e4ten mit neuen Fundst\u00fccken\" \/>\n<meta property=\"og:url\" content=\"https:\/\/www.strassenweb.de\/nachrichten\/ich-lehne-alle-minimalistischen-weihnachtstrends-ab-und-so-gestalte-ich-meinen-maximalistischen-tisch-mit-jedem-uebertriebenen-festlichen-fundstueck-das-ich-sehe\/\" \/>\n<meta property=\"og:site_name\" content=\"Stra\u00dfenweb\" \/>\n<meta property=\"article:publisher\" content=\"https:\/\/www.facebook.com\/strassenweb\/\" \/>\n<meta property=\"article:published_time\" content=\"2025-11-20T15:40:56+00:00\" \/>\n<meta property=\"article:modified_time\" content=\"2025-11-20T15:40:57+00:00\" \/>\n<meta property=\"og:image\" content=\"https:\/\/www.strassenweb.de\/nachrichten\/wp-content\/uploads\/2025\/11\/Ich-lehne-alle-minimalistischen-Weihnachtstrends-ab-\u2013-und-so-gestalte.jpg\" \/>\n\t<meta property=\"og:image:width\" content=\"1600\" \/>\n\t<meta property=\"og:image:height\" content=\"900\" \/>\n\t<meta property=\"og:image:type\" content=\"image\/jpeg\" \/>\n<meta name=\"author\" content=\"Robert Hoffmann\" \/>\n<meta name=\"twitter:card\" content=\"summary_large_image\" \/>\n<meta name=\"twitter:label1\" content=\"Verfasst von\" \/>\n\t<meta name=\"twitter:data1\" content=\"Robert Hoffmann\" \/>\n\t<meta name=\"twitter:label2\" content=\"Gesch\u00e4tzte Lesezeit\" \/>\n\t<meta name=\"twitter:data2\" content=\"3\u00a0Minuten\" \/>\n<script type=\"application\/ld+json\" class=\"yoast-schema-graph\">{\"@context\":\"https:\\\/\\\/schema.org\",\"@graph\":[{\"@type\":\"Article\",\"@id\":\"https:\\\/\\\/www.strassenweb.de\\\/nachrichten\\\/ich-lehne-alle-minimalistischen-weihnachtstrends-ab-und-so-gestalte-ich-meinen-maximalistischen-tisch-mit-jedem-uebertriebenen-festlichen-fundstueck-das-ich-sehe\\\/#article\",\"isPartOf\":{\"@id\":\"https:\\\/\\\/www.strassenweb.de\\\/nachrichten\\\/ich-lehne-alle-minimalistischen-weihnachtstrends-ab-und-so-gestalte-ich-meinen-maximalistischen-tisch-mit-jedem-uebertriebenen-festlichen-fundstueck-das-ich-sehe\\\/\"},\"author\":{\"name\":\"Robert Hoffmann\",\"@id\":\"https:\\\/\\\/www.strassenweb.de\\\/nachrichten\\\/#\\\/schema\\\/person\\\/87c9c9067f1211da429a744dc5a5aa41\"},\"headline\":\"Ich lehne alle minimalistischen Weihnachtstrends ab \u2013 und so gestalte ich meinen maximalistischen Tisch mit jedem \u00fcbertriebenen festlichen Fundst\u00fcck, das ich sehe\",\"datePublished\":\"2025-11-20T15:40:56+00:00\",\"dateModified\":\"2025-11-20T15:40:57+00:00\",\"mainEntityOfPage\":{\"@id\":\"https:\\\/\\\/www.strassenweb.de\\\/nachrichten\\\/ich-lehne-alle-minimalistischen-weihnachtstrends-ab-und-so-gestalte-ich-meinen-maximalistischen-tisch-mit-jedem-uebertriebenen-festlichen-fundstueck-das-ich-sehe\\\/\"},\"wordCount\":641,\"publisher\":{\"@id\":\"https:\\\/\\\/www.strassenweb.de\\\/nachrichten\\\/#organization\"},\"image\":{\"@id\":\"https:\\\/\\\/www.strassenweb.de\\\/nachrichten\\\/ich-lehne-alle-minimalistischen-weihnachtstrends-ab-und-so-gestalte-ich-meinen-maximalistischen-tisch-mit-jedem-uebertriebenen-festlichen-fundstueck-das-ich-sehe\\\/#primaryimage\"},\"thumbnailUrl\":\"https:\\\/\\\/www.strassenweb.de\\\/nachrichten\\\/wp-content\\\/uploads\\\/2025\\\/11\\\/Ich-lehne-alle-minimalistischen-Weihnachtstrends-ab-\u2013-und-so-gestalte.jpg\",\"keywords\":[\"alle\",\"das\",\"festlichen\",\"Fundst\u00fcck\",\"gestalte\",\"ich\",\"jedem\",\"lehne\",\"maximalistischen\",\"meinen\",\"minimalistischen\",\"mit\",\"sehe\",\"Tisch\",\"\u00fcbertriebenen\",\"und\",\"Weihnachtstrends\"],\"articleSection\":[\"Haus &amp; Garten\"],\"inLanguage\":\"de\"},{\"@type\":\"WebPage\",\"@id\":\"https:\\\/\\\/www.strassenweb.de\\\/nachrichten\\\/ich-lehne-alle-minimalistischen-weihnachtstrends-ab-und-so-gestalte-ich-meinen-maximalistischen-tisch-mit-jedem-uebertriebenen-festlichen-fundstueck-das-ich-sehe\\\/\",\"url\":\"https:\\\/\\\/www.strassenweb.de\\\/nachrichten\\\/ich-lehne-alle-minimalistischen-weihnachtstrends-ab-und-so-gestalte-ich-meinen-maximalistischen-tisch-mit-jedem-uebertriebenen-festlichen-fundstueck-das-ich-sehe\\\/\",\"name\":\"Ich lehne alle minimalistischen Weihnachtstrends ab \u2013 und so gestalte ich meinen maximalistischen Tisch mit jedem \u00fcbertriebenen festlichen Fundst\u00fcck, das ich sehe - Nachrichten - Stra\u00dfenweb\",\"isPartOf\":{\"@id\":\"https:\\\/\\\/www.strassenweb.de\\\/nachrichten\\\/#website\"},\"primaryImageOfPage\":{\"@id\":\"https:\\\/\\\/www.strassenweb.de\\\/nachrichten\\\/ich-lehne-alle-minimalistischen-weihnachtstrends-ab-und-so-gestalte-ich-meinen-maximalistischen-tisch-mit-jedem-uebertriebenen-festlichen-fundstueck-das-ich-sehe\\\/#primaryimage\"},\"image\":{\"@id\":\"https:\\\/\\\/www.strassenweb.de\\\/nachrichten\\\/ich-lehne-alle-minimalistischen-weihnachtstrends-ab-und-so-gestalte-ich-meinen-maximalistischen-tisch-mit-jedem-uebertriebenen-festlichen-fundstueck-das-ich-sehe\\\/#primaryimage\"},\"thumbnailUrl\":\"https:\\\/\\\/www.strassenweb.de\\\/nachrichten\\\/wp-content\\\/uploads\\\/2025\\\/11\\\/Ich-lehne-alle-minimalistischen-Weihnachtstrends-ab-\u2013-und-so-gestalte.jpg\",\"datePublished\":\"2025-11-20T15:40:56+00:00\",\"dateModified\":\"2025-11-20T15:40:57+00:00\",\"breadcrumb\":{\"@id\":\"https:\\\/\\\/www.strassenweb.de\\\/nachrichten\\\/ich-lehne-alle-minimalistischen-weihnachtstrends-ab-und-so-gestalte-ich-meinen-maximalistischen-tisch-mit-jedem-uebertriebenen-festlichen-fundstueck-das-ich-sehe\\\/#breadcrumb\"},\"inLanguage\":\"de\",\"potentialAction\":[{\"@type\":\"ReadAction\",\"target\":[\"https:\\\/\\\/www.strassenweb.de\\\/nachrichten\\\/ich-lehne-alle-minimalistischen-weihnachtstrends-ab-und-so-gestalte-ich-meinen-maximalistischen-tisch-mit-jedem-uebertriebenen-festlichen-fundstueck-das-ich-sehe\\\/\"]}]},{\"@type\":\"ImageObject\",\"inLanguage\":\"de\",\"@id\":\"https:\\\/\\\/www.strassenweb.de\\\/nachrichten\\\/ich-lehne-alle-minimalistischen-weihnachtstrends-ab-und-so-gestalte-ich-meinen-maximalistischen-tisch-mit-jedem-uebertriebenen-festlichen-fundstueck-das-ich-sehe\\\/#primaryimage\",\"url\":\"https:\\\/\\\/www.strassenweb.de\\\/nachrichten\\\/wp-content\\\/uploads\\\/2025\\\/11\\\/Ich-lehne-alle-minimalistischen-Weihnachtstrends-ab-\u2013-und-so-gestalte.jpg\",\"contentUrl\":\"https:\\\/\\\/www.strassenweb.de\\\/nachrichten\\\/wp-content\\\/uploads\\\/2025\\\/11\\\/Ich-lehne-alle-minimalistischen-Weihnachtstrends-ab-\u2013-und-so-gestalte.jpg\",\"width\":1600,\"height\":900,\"caption\":\"Fall tablescape with lime green and orange color theme, orange flowers on the table, green chairs and patterned linens\"},{\"@type\":\"BreadcrumbList\",\"@id\":\"https:\\\/\\\/www.strassenweb.de\\\/nachrichten\\\/ich-lehne-alle-minimalistischen-weihnachtstrends-ab-und-so-gestalte-ich-meinen-maximalistischen-tisch-mit-jedem-uebertriebenen-festlichen-fundstueck-das-ich-sehe\\\/#breadcrumb\",\"itemListElement\":[{\"@type\":\"ListItem\",\"position\":1,\"name\":\"Home\",\"item\":\"https:\\\/\\\/www.strassenweb.de\\\/nachrichten\\\/\"},{\"@type\":\"ListItem\",\"position\":2,\"name\":\"Ich lehne alle minimalistischen Weihnachtstrends ab \u2013 und so gestalte ich meinen maximalistischen Tisch mit jedem \u00fcbertriebenen festlichen Fundst\u00fcck, das ich sehe\"}]},{\"@type\":\"WebSite\",\"@id\":\"https:\\\/\\\/www.strassenweb.de\\\/nachrichten\\\/#website\",\"url\":\"https:\\\/\\\/www.strassenweb.de\\\/nachrichten\\\/\",\"name\":\"Stra\u00dfenweb\",\"description\":\"Stra\u00dfenverzeichnis f\u00fcr Deutschland\",\"publisher\":{\"@id\":\"https:\\\/\\\/www.strassenweb.de\\\/nachrichten\\\/#organization\"},\"potentialAction\":[{\"@type\":\"SearchAction\",\"target\":{\"@type\":\"EntryPoint\",\"urlTemplate\":\"https:\\\/\\\/www.strassenweb.de\\\/nachrichten\\\/?s={search_term_string}\"},\"query-input\":{\"@type\":\"PropertyValueSpecification\",\"valueRequired\":true,\"valueName\":\"search_term_string\"}}],\"inLanguage\":\"de\"},{\"@type\":\"Organization\",\"@id\":\"https:\\\/\\\/www.strassenweb.de\\\/nachrichten\\\/#organization\",\"name\":\"Stra\u00dfenweb\",\"url\":\"https:\\\/\\\/www.strassenweb.de\\\/nachrichten\\\/\",\"logo\":{\"@type\":\"ImageObject\",\"inLanguage\":\"de\",\"@id\":\"https:\\\/\\\/www.strassenweb.de\\\/nachrichten\\\/#\\\/schema\\\/logo\\\/image\\\/\",\"url\":\"https:\\\/\\\/www.strassenweb.de\\\/nachrichten\\\/wp-content\\\/uploads\\\/2024\\\/09\\\/cropped-favicon.png\",\"contentUrl\":\"https:\\\/\\\/www.strassenweb.de\\\/nachrichten\\\/wp-content\\\/uploads\\\/2024\\\/09\\\/cropped-favicon.png\",\"width\":512,\"height\":512,\"caption\":\"Stra\u00dfenweb\"},\"image\":{\"@id\":\"https:\\\/\\\/www.strassenweb.de\\\/nachrichten\\\/#\\\/schema\\\/logo\\\/image\\\/\"},\"sameAs\":[\"https:\\\/\\\/www.facebook.com\\\/strassenweb\\\/\"]},{\"@type\":\"Person\",\"@id\":\"https:\\\/\\\/www.strassenweb.de\\\/nachrichten\\\/#\\\/schema\\\/person\\\/87c9c9067f1211da429a744dc5a5aa41\",\"name\":\"Robert Hoffmann\",\"image\":{\"@type\":\"ImageObject\",\"inLanguage\":\"de\",\"@id\":\"https:\\\/\\\/www.strassenweb.de\\\/nachrichten\\\/wp-content\\\/uploads\\\/2024\\\/09\\\/strassenweb-150x150.jpg\",\"url\":\"https:\\\/\\\/www.strassenweb.de\\\/nachrichten\\\/wp-content\\\/uploads\\\/2024\\\/09\\\/strassenweb-150x150.jpg\",\"contentUrl\":\"https:\\\/\\\/www.strassenweb.de\\\/nachrichten\\\/wp-content\\\/uploads\\\/2024\\\/09\\\/strassenweb-150x150.jpg\",\"caption\":\"Robert Hoffmann\"},\"description\":\"Ich hei\u00dfe Robert Hoffmann und ich bin ein leidenschaftlicher Verfechter von \u00d6kologie und Biodiversit\u00e4t. Seit meiner Kindheit in den W\u00e4ldern Bayerns f\u00fchle ich mich mit der Natur verbunden und bin entschlossen, sie zu sch\u00fctzen. Heute widme ich mein Leben der Sensibilisierung anderer f\u00fcr die Bedeutung des Umweltschutzes f\u00fcr zuk\u00fcnftige Generationen.\",\"sameAs\":[\"https:\\\/\\\/www.strassenweb.de\\\/\"]}]}<\/script>\n<!-- \/ Yoast SEO plugin. -->","yoast_head_json":{"title":"Ich lehne alle minimalistischen Weihnachtstrends ab \u2013 und so gestalte ich meinen maximalistischen Tisch mit jedem \u00fcbertriebenen festlichen Fundst\u00fcck, das ich sehe - Nachrichten - Stra\u00dfenweb","robots":{"index":"index","follow":"follow","max-snippet":"max-snippet:-1","max-image-preview":"max-image-preview:large","max-video-preview":"max-video-preview:-1"},"canonical":"https:\/\/www.strassenweb.de\/nachrichten\/ich-lehne-alle-minimalistischen-weihnachtstrends-ab-und-so-gestalte-ich-meinen-maximalistischen-tisch-mit-jedem-uebertriebenen-festlichen-fundstueck-das-ich-sehe\/","og_locale":"de_DE","og_type":"article","og_title":"Ich lehne alle minimalistischen Weihnachtstrends ab \u2013 und so gestalte ich meinen maximalistischen Tisch mit jedem \u00fcbertriebenen festlichen Fundst\u00fcck, das ich sehe - Nachrichten - Stra\u00dfenweb","og_description":"Dieses Weihnachten in London setze ich alles auf einen Tisch, der sich lebendig, vielschichtig und voller Charakter anf\u00fchlt. Mein Stil mischt Antiquit\u00e4ten mit neuen Fundst\u00fccken","og_url":"https:\/\/www.strassenweb.de\/nachrichten\/ich-lehne-alle-minimalistischen-weihnachtstrends-ab-und-so-gestalte-ich-meinen-maximalistischen-tisch-mit-jedem-uebertriebenen-festlichen-fundstueck-das-ich-sehe\/","og_site_name":"Stra\u00dfenweb","article_publisher":"https:\/\/www.facebook.com\/strassenweb\/","article_published_time":"2025-11-20T15:40:56+00:00","article_modified_time":"2025-11-20T15:40:57+00:00","og_image":[{"width":1600,"height":900,"url":"https:\/\/www.strassenweb.de\/nachrichten\/wp-content\/uploads\/2025\/11\/Ich-lehne-alle-minimalistischen-Weihnachtstrends-ab-\u2013-und-so-gestalte.jpg","type":"image\/jpeg"}],"author":"Robert Hoffmann","twitter_card":"summary_large_image","twitter_misc":{"Verfasst von":"Robert Hoffmann","Gesch\u00e4tzte Lesezeit":"3\u00a0Minuten"},"schema":{"@context":"https:\/\/schema.org","@graph":[{"@type":"Article","@id":"https:\/\/www.strassenweb.de\/nachrichten\/ich-lehne-alle-minimalistischen-weihnachtstrends-ab-und-so-gestalte-ich-meinen-maximalistischen-tisch-mit-jedem-uebertriebenen-festlichen-fundstueck-das-ich-sehe\/#article","isPartOf":{"@id":"https:\/\/www.strassenweb.de\/nachrichten\/ich-lehne-alle-minimalistischen-weihnachtstrends-ab-und-so-gestalte-ich-meinen-maximalistischen-tisch-mit-jedem-uebertriebenen-festlichen-fundstueck-das-ich-sehe\/"},"author":{"name":"Robert Hoffmann","@id":"https:\/\/www.strassenweb.de\/nachrichten\/#\/schema\/person\/87c9c9067f1211da429a744dc5a5aa41"},"headline":"Ich lehne alle minimalistischen Weihnachtstrends ab \u2013 und so gestalte ich meinen maximalistischen Tisch mit jedem \u00fcbertriebenen festlichen Fundst\u00fcck, das ich sehe","datePublished":"2025-11-20T15:40:56+00:00","dateModified":"2025-11-20T15:40:57+00:00","mainEntityOfPage":{"@id":"https:\/\/www.strassenweb.de\/nachrichten\/ich-lehne-alle-minimalistischen-weihnachtstrends-ab-und-so-gestalte-ich-meinen-maximalistischen-tisch-mit-jedem-uebertriebenen-festlichen-fundstueck-das-ich-sehe\/"},"wordCount":641,"publisher":{"@id":"https:\/\/www.strassenweb.de\/nachrichten\/#organization"},"image":{"@id":"https:\/\/www.strassenweb.de\/nachrichten\/ich-lehne-alle-minimalistischen-weihnachtstrends-ab-und-so-gestalte-ich-meinen-maximalistischen-tisch-mit-jedem-uebertriebenen-festlichen-fundstueck-das-ich-sehe\/#primaryimage"},"thumbnailUrl":"https:\/\/www.strassenweb.de\/nachrichten\/wp-content\/uploads\/2025\/11\/Ich-lehne-alle-minimalistischen-Weihnachtstrends-ab-\u2013-und-so-gestalte.jpg","keywords":["alle","das","festlichen","Fundst\u00fcck","gestalte","ich","jedem","lehne","maximalistischen","meinen","minimalistischen","mit","sehe","Tisch","\u00fcbertriebenen","und","Weihnachtstrends"],"articleSection":["Haus &amp; Garten"],"inLanguage":"de"},{"@type":"WebPage","@id":"https:\/\/www.strassenweb.de\/nachrichten\/ich-lehne-alle-minimalistischen-weihnachtstrends-ab-und-so-gestalte-ich-meinen-maximalistischen-tisch-mit-jedem-uebertriebenen-festlichen-fundstueck-das-ich-sehe\/","url":"https:\/\/www.strassenweb.de\/nachrichten\/ich-lehne-alle-minimalistischen-weihnachtstrends-ab-und-so-gestalte-ich-meinen-maximalistischen-tisch-mit-jedem-uebertriebenen-festlichen-fundstueck-das-ich-sehe\/","name":"Ich lehne alle minimalistischen Weihnachtstrends ab \u2013 und so gestalte ich meinen maximalistischen Tisch mit jedem \u00fcbertriebenen festlichen Fundst\u00fcck, das ich sehe - Nachrichten - Stra\u00dfenweb","isPartOf":{"@id":"https:\/\/www.strassenweb.de\/nachrichten\/#website"},"primaryImageOfPage":{"@id":"https:\/\/www.strassenweb.de\/nachrichten\/ich-lehne-alle-minimalistischen-weihnachtstrends-ab-und-so-gestalte-ich-meinen-maximalistischen-tisch-mit-jedem-uebertriebenen-festlichen-fundstueck-das-ich-sehe\/#primaryimage"},"image":{"@id":"https:\/\/www.strassenweb.de\/nachrichten\/ich-lehne-alle-minimalistischen-weihnachtstrends-ab-und-so-gestalte-ich-meinen-maximalistischen-tisch-mit-jedem-uebertriebenen-festlichen-fundstueck-das-ich-sehe\/#primaryimage"},"thumbnailUrl":"https:\/\/www.strassenweb.de\/nachrichten\/wp-content\/uploads\/2025\/11\/Ich-lehne-alle-minimalistischen-Weihnachtstrends-ab-\u2013-und-so-gestalte.jpg","datePublished":"2025-11-20T15:40:56+00:00","dateModified":"2025-11-20T15:40:57+00:00","breadcrumb":{"@id":"https:\/\/www.strassenweb.de\/nachrichten\/ich-lehne-alle-minimalistischen-weihnachtstrends-ab-und-so-gestalte-ich-meinen-maximalistischen-tisch-mit-jedem-uebertriebenen-festlichen-fundstueck-das-ich-sehe\/#breadcrumb"},"inLanguage":"de","potentialAction":[{"@type":"ReadAction","target":["https:\/\/www.strassenweb.de\/nachrichten\/ich-lehne-alle-minimalistischen-weihnachtstrends-ab-und-so-gestalte-ich-meinen-maximalistischen-tisch-mit-jedem-uebertriebenen-festlichen-fundstueck-das-ich-sehe\/"]}]},{"@type":"ImageObject","inLanguage":"de","@id":"https:\/\/www.strassenweb.de\/nachrichten\/ich-lehne-alle-minimalistischen-weihnachtstrends-ab-und-so-gestalte-ich-meinen-maximalistischen-tisch-mit-jedem-uebertriebenen-festlichen-fundstueck-das-ich-sehe\/#primaryimage","url":"https:\/\/www.strassenweb.de\/nachrichten\/wp-content\/uploads\/2025\/11\/Ich-lehne-alle-minimalistischen-Weihnachtstrends-ab-\u2013-und-so-gestalte.jpg","contentUrl":"https:\/\/www.strassenweb.de\/nachrichten\/wp-content\/uploads\/2025\/11\/Ich-lehne-alle-minimalistischen-Weihnachtstrends-ab-\u2013-und-so-gestalte.jpg","width":1600,"height":900,"caption":"Fall tablescape with lime green and orange color theme, orange flowers on the table, green chairs and patterned linens"},{"@type":"BreadcrumbList","@id":"https:\/\/www.strassenweb.de\/nachrichten\/ich-lehne-alle-minimalistischen-weihnachtstrends-ab-und-so-gestalte-ich-meinen-maximalistischen-tisch-mit-jedem-uebertriebenen-festlichen-fundstueck-das-ich-sehe\/#breadcrumb","itemListElement":[{"@type":"ListItem","position":1,"name":"Home","item":"https:\/\/www.strassenweb.de\/nachrichten\/"},{"@type":"ListItem","position":2,"name":"Ich lehne alle minimalistischen Weihnachtstrends ab \u2013 und so gestalte ich meinen maximalistischen Tisch mit jedem \u00fcbertriebenen festlichen Fundst\u00fcck, das ich sehe"}]},{"@type":"WebSite","@id":"https:\/\/www.strassenweb.de\/nachrichten\/#website","url":"https:\/\/www.strassenweb.de\/nachrichten\/","name":"Stra\u00dfenweb","description":"Stra\u00dfenverzeichnis f\u00fcr Deutschland","publisher":{"@id":"https:\/\/www.strassenweb.de\/nachrichten\/#organization"},"potentialAction":[{"@type":"SearchAction","target":{"@type":"EntryPoint","urlTemplate":"https:\/\/www.strassenweb.de\/nachrichten\/?s={search_term_string}"},"query-input":{"@type":"PropertyValueSpecification","valueRequired":true,"valueName":"search_term_string"}}],"inLanguage":"de"},{"@type":"Organization","@id":"https:\/\/www.strassenweb.de\/nachrichten\/#organization","name":"Stra\u00dfenweb","url":"https:\/\/www.strassenweb.de\/nachrichten\/","logo":{"@type":"ImageObject","inLanguage":"de","@id":"https:\/\/www.strassenweb.de\/nachrichten\/#\/schema\/logo\/image\/","url":"https:\/\/www.strassenweb.de\/nachrichten\/wp-content\/uploads\/2024\/09\/cropped-favicon.png","contentUrl":"https:\/\/www.strassenweb.de\/nachrichten\/wp-content\/uploads\/2024\/09\/cropped-favicon.png","width":512,"height":512,"caption":"Stra\u00dfenweb"},"image":{"@id":"https:\/\/www.strassenweb.de\/nachrichten\/#\/schema\/logo\/image\/"},"sameAs":["https:\/\/www.facebook.com\/strassenweb\/"]},{"@type":"Person","@id":"https:\/\/www.strassenweb.de\/nachrichten\/#\/schema\/person\/87c9c9067f1211da429a744dc5a5aa41","name":"Robert Hoffmann","image":{"@type":"ImageObject","inLanguage":"de","@id":"https:\/\/www.strassenweb.de\/nachrichten\/wp-content\/uploads\/2024\/09\/strassenweb-150x150.jpg","url":"https:\/\/www.strassenweb.de\/nachrichten\/wp-content\/uploads\/2024\/09\/strassenweb-150x150.jpg","contentUrl":"https:\/\/www.strassenweb.de\/nachrichten\/wp-content\/uploads\/2024\/09\/strassenweb-150x150.jpg","caption":"Robert Hoffmann"},"description":"Ich hei\u00dfe Robert Hoffmann und ich bin ein leidenschaftlicher Verfechter von \u00d6kologie und Biodiversit\u00e4t. Seit meiner Kindheit in den W\u00e4ldern Bayerns f\u00fchle ich mich mit der Natur verbunden und bin entschlossen, sie zu sch\u00fctzen. Heute widme ich mein Leben der Sensibilisierung anderer f\u00fcr die Bedeutung des Umweltschutzes f\u00fcr zuk\u00fcnftige Generationen.","sameAs":["https:\/\/www.strassenweb.de\/"]}]}},"_links":{"self":[{"href":"https:\/\/www.strassenweb.de\/nachrichten\/wp-json\/wp\/v2\/posts\/9304","targetHints":{"allow":["GET"]}}],"collection":[{"href":"https:\/\/www.strassenweb.de\/nachrichten\/wp-json\/wp\/v2\/posts"}],"about":[{"href":"https:\/\/www.strassenweb.de\/nachrichten\/wp-json\/wp\/v2\/types\/post"}],"author":[{"embeddable":true,"href":"https:\/\/www.strassenweb.de\/nachrichten\/wp-json\/wp\/v2\/users\/1"}],"replies":[{"embeddable":true,"href":"https:\/\/www.strassenweb.de\/nachrichten\/wp-json\/wp\/v2\/comments?post=9304"}],"version-history":[{"count":0,"href":"https:\/\/www.strassenweb.de\/nachrichten\/wp-json\/wp\/v2\/posts\/9304\/revisions"}],"wp:featuredmedia":[{"embeddable":true,"href":"https:\/\/www.strassenweb.de\/nachrichten\/wp-json\/wp\/v2\/media\/9305"}],"wp:attachment":[{"href":"https:\/\/www.strassenweb.de\/nachrichten\/wp-json\/wp\/v2\/media?parent=9304"}],"wp:term":[{"taxonomy":"category","embeddable":true,"href":"https:\/\/www.strassenweb.de\/nachrichten\/wp-json\/wp\/v2\/categories?post=9304"},{"taxonomy":"post_tag","embeddable":true,"href":"https:\/\/www.strassenweb.de\/nachrichten\/wp-json\/wp\/v2\/tags?post=9304"}],"curies":[{"name":"wp","href":"https:\/\/api.w.org\/{rel}","templated":true}]}}