{"id":9287,"date":"2025-11-19T22:39:23","date_gmt":"2025-11-19T21:39:23","guid":{"rendered":"https:\/\/www.strassenweb.de\/nachrichten\/tut-mir-leid-oma-das-pekannusskuchen-rezept-von-joanna-gaines-ist-das-einzige-das-ich-an-diesem-erntedankfest-verwende-und-ich-bereue-es-nicht\/"},"modified":"2025-11-19T22:39:24","modified_gmt":"2025-11-19T21:39:24","slug":"tut-mir-leid-oma-das-pekannusskuchen-rezept-von-joanna-gaines-ist-das-einzige-das-ich-an-diesem-erntedankfest-verwende-und-ich-bereue-es-nicht","status":"publish","type":"post","link":"https:\/\/www.strassenweb.de\/nachrichten\/tut-mir-leid-oma-das-pekannusskuchen-rezept-von-joanna-gaines-ist-das-einzige-das-ich-an-diesem-erntedankfest-verwende-und-ich-bereue-es-nicht\/","title":{"rendered":"Tut mir leid, Oma \u2013 das Pekannusskuchen-Rezept von Joanna Gaines ist das einzige, das ich an diesem Erntedankfest verwende, und ich bereue es nicht"},"content":{"rendered":"<p><\/p>\n<div id=\"article-body\" class=\"article__body \">\n<p id=\"7b0e824d-212e-4a9e-a2b5-ca196598bf5e\">Ich veranstalte dieses Jahr mein erstes Thanksgiving-Fest, und obwohl ich mir alle M\u00fche gebe, der perfekte Gastgeber zu sein, habe ich das Gef\u00fchl, ich k\u00f6nnte ein paar \u00c4rgernisse veranstalten \u2013 denn ich ersetze offiziell ein bew\u00e4hrtes Familienrezept durch die Pekannusstorte von Joanna Gaines.<\/p>\n<div id=\"ad-unit-1\" class=\"ad-unit\"><\/div>\n<p>Vertrauen Sie mir: Ich mache keine Scherze, wenn es um Pekannusstorte geht, und ich habe mir diese Entscheidung ernsthaft \u00fcberlegt. Tatsache ist, dass ich bereit bin, etwas Neues zu meinem Thanksgiving-Men\u00fc hinzuzuf\u00fcgen \u2013 und genau wie das Rezept meiner Familie wei\u00df ich, dass Joannas Rezept ein altbew\u00e4hrtes Rezept ist (und ich w\u00fcrde sagen, es ist sogar noch k\u00f6stlicher. Tut mir leid, Oma.) Es schmeckt noch besser in dieser atemberaubenden Auflaufform mit Wellenschliff von Magnolia.<\/p>\n<div class=\"instagram-embed\" id=\"DRA_tw0kikk\">\n<blockquote class=\"instagram-media\" data-instgrm-version=\"6\" style=\"width:99.375%; width:-webkit-calc(100% - 2px); width:calc(100% - 2px);\">\n<p>Ein Beitrag geteilt von Magnolia Table (@magnoliatable)<\/p>\n<p>Ein Foto gepostet von am <\/p>\n<\/blockquote>\n<\/div>\n<aside data-block-type=\"embed\" data-render-type=\"fte\" data-skip=\"dealsy\" data-widget-type=\"seasonal\" class=\"hawk-root\"><\/aside>\n<p id=\"56ed9b1f-2948-4293-a098-6873256dab0b-0\">Als das Rezept von Magnolia Table geteilt wurde, wusste ich sofort, dass ich es unbedingt ausprobieren musste. Ich habe viel Zeit damit verbracht, die K\u00fcchenutensilien in Joanna Gaines&#8216; neuer Kochshow zu durchst\u00f6bern \u2013 und jetzt kann ich endlich eines ihrer typischen Weihnachtsgerichte nachkochen. Es f\u00fchlt sich ein wenig so an, als w\u00fcrde man zum Thanksgiving-Fest der Gaines eingeladen, und diese Gelegenheit m\u00f6chte ich mir nicht entgehen lassen.<\/p>\n<div class=\"van_vid_carousel\">\n<div class=\"van_vid_carousel__padding\">\n<div class=\"van_vid_carousel__container\"><\/div>\n<\/div>\n<\/div>\n<p>W\u00e4hrend ich damit besch\u00e4ftigt bin, meine Thanksgiving-Checkliste abzuarbeiten, verbringe ich die meiste Zeit in der K\u00fcche, mache es wie Joanna Gaines und perfektioniere ihr Pekannusstorte-Rezept, verwende ihre Magnolien-Lorbeergr\u00fcn-R\u00fchrsch\u00fcsseln und f\u00fcge etwas Zeremonie hinzu, indem ich sie mit ihrem Tortenheber im Vintage-Stil serviere. Hier erfahren Sie genau, wie Sie es zubereiten \u2013 nur f\u00fcr den Fall, dass Sie auch ein paar Familientraditionen auf den Kopf stellen m\u00f6chten.<\/p>\n<div id=\"ad-unit-2\" class=\"ad-unit\"><\/div>\n<figure class=\"van-image-figure inline-layout \" data-bordeaux-image-check id=\"23ccf002-263e-4262-a98c-158a43dfe3d5\">\n<div class=\"image-full-width-wrapper\">\n<div class=\"image-widthsetter\" style=\"max-width:2000px;\"><\/div>\n<\/div><figcaption class=\"inline-layout \">\n<div class=\"caption-text\">\n<p>Das Nudelholz \u201eScarlett\u201c von Magnolia&#8217;s Heirloom Garden ist ein Muss f\u00fcr die Kuchenzubereitung<\/p>\n<\/div>\n<\/figcaption><\/figure>\n<h2 id=\"joanna-gaines-pecan-pie-recipe-3\">Joanna Gaines\u2018 Pekannusskuchen-Rezept<\/h2>\n<h2 id=\"ingredients-3\">Zutaten<\/h2>\n<ul class=\"recipe-ingredient-list\" id=\"14e74e34-2afc-41ff-bc2c-922b85a40076\">\n<li>1 Tasse hellbrauner Zucker<\/li>\n<li>1 Tasse leichter Maissirup<\/li>\n<li>3 Essl\u00f6ffel gesalzene Butter, geschmolzen<\/li>\n<li>3 gro\u00dfe Eier<\/li>\n<li>2 Teel\u00f6ffel gemahlener Zimt, plus mehr zum Servieren<\/li>\n<li>2 Teel\u00f6ffel Ancho-Chilipulver (Sie k\u00f6nnen es bei Walmart abholen)<\/li>\n<li>2 Tassen grob gehackte Pekann\u00fcsse<\/li>\n<li>1 ungebackener Deep-Dish-Tortenboden oder eine im Laden gekaufte 9-Zoll-Deep-Dish-Version<\/li>\n<li>Selbstgemachte Schlagsahne oder hochwertige, im Laden gekaufte Schlagsahne<\/li>\n<\/ul>\n<h2 id=\"method-3\">Verfahren<\/h2>\n<ul class=\"recipe-instruction-list\" id=\"d3fa2dbc-2e8a-4086-9ade-a943dafaa9bd\">\n<li>Heizen Sie Ihren Ofen auf 350 \u00b0F vor und legen Sie Ihren Tortenboden in die von Ihnen gew\u00e4hlte Tortenform.<\/li>\n<li>In einer gro\u00dfen Sch\u00fcssel Butter, braunen Zucker und Maissirup verr\u00fchren.<\/li>\n<li>Die Eier in diese Mischung verquirlen, dann Zimt und Ancho-Chilipulver unterr\u00fchren.<\/li>\n<li>R\u00fchren Sie die Pekann\u00fcsse ein und gie\u00dfen Sie die Mischung dann in Ihren Tortenboden.<\/li>\n<li>Etwa eine Stunde lang backen, oder bis sich die F\u00fcllung an den R\u00e4ndern aufbl\u00e4ht und fast in der Mitte fest ist. Laut Joanna sollte ein Messer, das etwa 5 cm von der Mitte entfernt eingef\u00fchrt wird, sauber herauskommen.<\/li>\n<li>K\u00fchlen Sie den Kuchen auf einem Kuchengitter ab und servieren Sie ihn dann (bei Zimmertemperatur oder leicht gek\u00fchlt) mit einem Klecks Schlagsahne, best\u00e4ubt mit Zimt. Der abgedeckte Kuchen kann bis zu 2 Tage im K\u00fchlschrank aufbewahrt werden.<\/li>\n<\/ul>\n<h2 id=\"shop-joanna-gaines-pecan-pie-essentials-3\">Kaufen Sie Joanna Gaines&#8216; Pecan Pie Essentials<\/h2>\n<div class=\"product-container hero-product-container product-block-no-wrap\">\n<div class=\"product-block-row\"><\/div>\n<div class=\"product-block-row\"><\/div>\n<div class=\"product-block-row\"><\/div>\n<\/div>\n<hr id=\"36c0c2d3-dcdf-4162-896e-706655c12d46\">\n<p id=\"bd821468-dcc5-47bf-b9fb-cdbe6abb0021\">Ich werde st\u00e4ndig von Joanna Gaines inspiriert, aber sie ist vielleicht meine gr\u00f6\u00dfte Weisheitsquelle, wenn es um Thanksgiving in diesem Jahr geht: Ich werde auf jeden Fall auch in einige ihrer Lieblings-Vintage-Geschirr in Gr\u00fcn und Wei\u00df investieren.<\/p>\n<div id=\"slice-container-newsletterForm-articleInbodyContent-a5DUWJfcMkxPDnWLZtmgFN\" class=\"slice-container newsletter-inbodyContent-slice newsletterForm-articleInbodyContent-a5DUWJfcMkxPDnWLZtmgFN slice-container-newsletterForm\"><\/div>\n<div class=\"block\" id=\"articleTag\" data-component-name=\"PostArticleLinks\" data-mrf-recirculation=\"post-article-links\">\n<div class=\"border-b border-b-black border-solid py-2.5 text-black font-bold uppercase\">THEMEN<\/div>\n<nav class=\"py-2.5 flex gap-2.5 flex-wrap\" data-analytics-id=\"article-tag\" data-mrf-recirculation=\"article-tag\">\n<p>Joanna Gaines<\/p>\n<\/nav>\n<\/div>\n<\/div>\n<p><script async src=\"\/\/www.instagram.com\/embed.js\"><\/script><\/p>\n","protected":false},"excerpt":{"rendered":"<p>Ich veranstalte dieses Jahr mein erstes Thanksgiving-Fest, und obwohl ich mir alle M\u00fche gebe, der perfekte Gastgeber zu sein, habe ich das Gef\u00fchl, ich k\u00f6nnte<\/p>\n","protected":false},"author":1,"featured_media":9288,"comment_status":"closed","ping_status":"","sticky":false,"template":"","format":"standard","meta":{"footnotes":""},"categories":[118],"tags":[2532,112,32,2339,10537,194,129,15,193,11587,603,61,7188,11588,2643,37,1511,21],"class_list":["post-9287","post","type-post","status-publish","format-standard","has-post-thumbnail","hentry","category-haus-garten","tag-bereue","tag-das","tag-diesem","tag-einzige","tag-erntedankfest","tag-gaines","tag-ich","tag-ist","tag-joanna","tag-leid","tag-mir","tag-nicht","tag-oma","tag-pekannusskuchenrezept","tag-tut","tag-und","tag-verwende","tag-von","generate-columns","tablet-grid-50","mobile-grid-100","grid-parent","grid-50"],"yoast_head":"<!-- This site is optimized with the Yoast SEO plugin v27.3 - https:\/\/yoast.com\/product\/yoast-seo-wordpress\/ -->\n<title>Tut mir leid, Oma \u2013 das Pekannusskuchen-Rezept von Joanna Gaines ist das einzige, das ich an diesem Erntedankfest verwende, und ich bereue es nicht - Nachrichten - Stra\u00dfenweb<\/title>\n<meta name=\"robots\" content=\"index, follow, max-snippet:-1, max-image-preview:large, max-video-preview:-1\" \/>\n<link rel=\"canonical\" href=\"https:\/\/www.strassenweb.de\/nachrichten\/tut-mir-leid-oma-das-pekannusskuchen-rezept-von-joanna-gaines-ist-das-einzige-das-ich-an-diesem-erntedankfest-verwende-und-ich-bereue-es-nicht\/\" \/>\n<meta property=\"og:locale\" content=\"de_DE\" \/>\n<meta property=\"og:type\" content=\"article\" \/>\n<meta property=\"og:title\" content=\"Tut mir leid, Oma \u2013 das Pekannusskuchen-Rezept von Joanna Gaines ist das einzige, das ich an diesem Erntedankfest verwende, und ich bereue es nicht - Nachrichten - Stra\u00dfenweb\" \/>\n<meta property=\"og:description\" content=\"Ich veranstalte dieses Jahr mein erstes Thanksgiving-Fest, und obwohl ich mir alle M\u00fche gebe, der perfekte Gastgeber zu sein, habe ich das Gef\u00fchl, ich k\u00f6nnte\" \/>\n<meta property=\"og:url\" content=\"https:\/\/www.strassenweb.de\/nachrichten\/tut-mir-leid-oma-das-pekannusskuchen-rezept-von-joanna-gaines-ist-das-einzige-das-ich-an-diesem-erntedankfest-verwende-und-ich-bereue-es-nicht\/\" \/>\n<meta property=\"og:site_name\" content=\"Stra\u00dfenweb\" \/>\n<meta property=\"article:publisher\" content=\"https:\/\/www.facebook.com\/strassenweb\/\" \/>\n<meta property=\"article:published_time\" content=\"2025-11-19T21:39:23+00:00\" \/>\n<meta property=\"article:modified_time\" content=\"2025-11-19T21:39:24+00:00\" \/>\n<meta property=\"og:image\" content=\"https:\/\/www.strassenweb.de\/nachrichten\/wp-content\/uploads\/2025\/11\/Tut-mir-leid-Oma-\u2013-das-Pekannusskuchen-Rezept-von-Joanna-Gaines.jpg\" \/>\n\t<meta property=\"og:image:width\" content=\"1600\" \/>\n\t<meta property=\"og:image:height\" content=\"900\" \/>\n\t<meta property=\"og:image:type\" content=\"image\/jpeg\" \/>\n<meta name=\"author\" content=\"Robert Hoffmann\" \/>\n<meta name=\"twitter:card\" content=\"summary_large_image\" \/>\n<meta name=\"twitter:label1\" content=\"Verfasst von\" \/>\n\t<meta name=\"twitter:data1\" content=\"Robert Hoffmann\" \/>\n\t<meta name=\"twitter:label2\" content=\"Gesch\u00e4tzte Lesezeit\" \/>\n\t<meta name=\"twitter:data2\" content=\"3\u00a0Minuten\" \/>\n<script type=\"application\/ld+json\" class=\"yoast-schema-graph\">{\"@context\":\"https:\\\/\\\/schema.org\",\"@graph\":[{\"@type\":\"Article\",\"@id\":\"https:\\\/\\\/www.strassenweb.de\\\/nachrichten\\\/tut-mir-leid-oma-das-pekannusskuchen-rezept-von-joanna-gaines-ist-das-einzige-das-ich-an-diesem-erntedankfest-verwende-und-ich-bereue-es-nicht\\\/#article\",\"isPartOf\":{\"@id\":\"https:\\\/\\\/www.strassenweb.de\\\/nachrichten\\\/tut-mir-leid-oma-das-pekannusskuchen-rezept-von-joanna-gaines-ist-das-einzige-das-ich-an-diesem-erntedankfest-verwende-und-ich-bereue-es-nicht\\\/\"},\"author\":{\"name\":\"Robert Hoffmann\",\"@id\":\"https:\\\/\\\/www.strassenweb.de\\\/nachrichten\\\/#\\\/schema\\\/person\\\/87c9c9067f1211da429a744dc5a5aa41\"},\"headline\":\"Tut mir leid, Oma \u2013 das Pekannusskuchen-Rezept von Joanna Gaines ist das einzige, das ich an diesem Erntedankfest verwende, und ich bereue es nicht\",\"datePublished\":\"2025-11-19T21:39:23+00:00\",\"dateModified\":\"2025-11-19T21:39:24+00:00\",\"mainEntityOfPage\":{\"@id\":\"https:\\\/\\\/www.strassenweb.de\\\/nachrichten\\\/tut-mir-leid-oma-das-pekannusskuchen-rezept-von-joanna-gaines-ist-das-einzige-das-ich-an-diesem-erntedankfest-verwende-und-ich-bereue-es-nicht\\\/\"},\"wordCount\":568,\"publisher\":{\"@id\":\"https:\\\/\\\/www.strassenweb.de\\\/nachrichten\\\/#organization\"},\"image\":{\"@id\":\"https:\\\/\\\/www.strassenweb.de\\\/nachrichten\\\/tut-mir-leid-oma-das-pekannusskuchen-rezept-von-joanna-gaines-ist-das-einzige-das-ich-an-diesem-erntedankfest-verwende-und-ich-bereue-es-nicht\\\/#primaryimage\"},\"thumbnailUrl\":\"https:\\\/\\\/www.strassenweb.de\\\/nachrichten\\\/wp-content\\\/uploads\\\/2025\\\/11\\\/Tut-mir-leid-Oma-\u2013-das-Pekannusskuchen-Rezept-von-Joanna-Gaines.jpg\",\"keywords\":[\"bereue\",\"das\",\"diesem\",\"einzige\",\"Erntedankfest\",\"Gaines\",\"ich\",\"ist\",\"Joanna\",\"leid\",\"mir\",\"nicht\",\"Oma\",\"PekannusskuchenRezept\",\"tut\",\"und\",\"verwende\",\"von\"],\"articleSection\":[\"Haus &amp; Garten\"],\"inLanguage\":\"de\"},{\"@type\":\"WebPage\",\"@id\":\"https:\\\/\\\/www.strassenweb.de\\\/nachrichten\\\/tut-mir-leid-oma-das-pekannusskuchen-rezept-von-joanna-gaines-ist-das-einzige-das-ich-an-diesem-erntedankfest-verwende-und-ich-bereue-es-nicht\\\/\",\"url\":\"https:\\\/\\\/www.strassenweb.de\\\/nachrichten\\\/tut-mir-leid-oma-das-pekannusskuchen-rezept-von-joanna-gaines-ist-das-einzige-das-ich-an-diesem-erntedankfest-verwende-und-ich-bereue-es-nicht\\\/\",\"name\":\"Tut mir leid, Oma \u2013 das Pekannusskuchen-Rezept von Joanna Gaines ist das einzige, das ich an diesem Erntedankfest verwende, und ich bereue es nicht - Nachrichten - Stra\u00dfenweb\",\"isPartOf\":{\"@id\":\"https:\\\/\\\/www.strassenweb.de\\\/nachrichten\\\/#website\"},\"primaryImageOfPage\":{\"@id\":\"https:\\\/\\\/www.strassenweb.de\\\/nachrichten\\\/tut-mir-leid-oma-das-pekannusskuchen-rezept-von-joanna-gaines-ist-das-einzige-das-ich-an-diesem-erntedankfest-verwende-und-ich-bereue-es-nicht\\\/#primaryimage\"},\"image\":{\"@id\":\"https:\\\/\\\/www.strassenweb.de\\\/nachrichten\\\/tut-mir-leid-oma-das-pekannusskuchen-rezept-von-joanna-gaines-ist-das-einzige-das-ich-an-diesem-erntedankfest-verwende-und-ich-bereue-es-nicht\\\/#primaryimage\"},\"thumbnailUrl\":\"https:\\\/\\\/www.strassenweb.de\\\/nachrichten\\\/wp-content\\\/uploads\\\/2025\\\/11\\\/Tut-mir-leid-Oma-\u2013-das-Pekannusskuchen-Rezept-von-Joanna-Gaines.jpg\",\"datePublished\":\"2025-11-19T21:39:23+00:00\",\"dateModified\":\"2025-11-19T21:39:24+00:00\",\"breadcrumb\":{\"@id\":\"https:\\\/\\\/www.strassenweb.de\\\/nachrichten\\\/tut-mir-leid-oma-das-pekannusskuchen-rezept-von-joanna-gaines-ist-das-einzige-das-ich-an-diesem-erntedankfest-verwende-und-ich-bereue-es-nicht\\\/#breadcrumb\"},\"inLanguage\":\"de\",\"potentialAction\":[{\"@type\":\"ReadAction\",\"target\":[\"https:\\\/\\\/www.strassenweb.de\\\/nachrichten\\\/tut-mir-leid-oma-das-pekannusskuchen-rezept-von-joanna-gaines-ist-das-einzige-das-ich-an-diesem-erntedankfest-verwende-und-ich-bereue-es-nicht\\\/\"]}]},{\"@type\":\"ImageObject\",\"inLanguage\":\"de\",\"@id\":\"https:\\\/\\\/www.strassenweb.de\\\/nachrichten\\\/tut-mir-leid-oma-das-pekannusskuchen-rezept-von-joanna-gaines-ist-das-einzige-das-ich-an-diesem-erntedankfest-verwende-und-ich-bereue-es-nicht\\\/#primaryimage\",\"url\":\"https:\\\/\\\/www.strassenweb.de\\\/nachrichten\\\/wp-content\\\/uploads\\\/2025\\\/11\\\/Tut-mir-leid-Oma-\u2013-das-Pekannusskuchen-Rezept-von-Joanna-Gaines.jpg\",\"contentUrl\":\"https:\\\/\\\/www.strassenweb.de\\\/nachrichten\\\/wp-content\\\/uploads\\\/2025\\\/11\\\/Tut-mir-leid-Oma-\u2013-das-Pekannusskuchen-Rezept-von-Joanna-Gaines.jpg\",\"width\":1600,\"height\":900,\"caption\":\"designer Joanna gaines photographed sat on an entryway bench with green cabinetry either side, a bamboo window blind, and two cushions\"},{\"@type\":\"BreadcrumbList\",\"@id\":\"https:\\\/\\\/www.strassenweb.de\\\/nachrichten\\\/tut-mir-leid-oma-das-pekannusskuchen-rezept-von-joanna-gaines-ist-das-einzige-das-ich-an-diesem-erntedankfest-verwende-und-ich-bereue-es-nicht\\\/#breadcrumb\",\"itemListElement\":[{\"@type\":\"ListItem\",\"position\":1,\"name\":\"Home\",\"item\":\"https:\\\/\\\/www.strassenweb.de\\\/nachrichten\\\/\"},{\"@type\":\"ListItem\",\"position\":2,\"name\":\"Tut mir leid, Oma \u2013 das Pekannusskuchen-Rezept von Joanna Gaines ist das einzige, das ich an diesem Erntedankfest verwende, und ich bereue es nicht\"}]},{\"@type\":\"WebSite\",\"@id\":\"https:\\\/\\\/www.strassenweb.de\\\/nachrichten\\\/#website\",\"url\":\"https:\\\/\\\/www.strassenweb.de\\\/nachrichten\\\/\",\"name\":\"Stra\u00dfenweb\",\"description\":\"Stra\u00dfenverzeichnis f\u00fcr Deutschland\",\"publisher\":{\"@id\":\"https:\\\/\\\/www.strassenweb.de\\\/nachrichten\\\/#organization\"},\"potentialAction\":[{\"@type\":\"SearchAction\",\"target\":{\"@type\":\"EntryPoint\",\"urlTemplate\":\"https:\\\/\\\/www.strassenweb.de\\\/nachrichten\\\/?s={search_term_string}\"},\"query-input\":{\"@type\":\"PropertyValueSpecification\",\"valueRequired\":true,\"valueName\":\"search_term_string\"}}],\"inLanguage\":\"de\"},{\"@type\":\"Organization\",\"@id\":\"https:\\\/\\\/www.strassenweb.de\\\/nachrichten\\\/#organization\",\"name\":\"Stra\u00dfenweb\",\"url\":\"https:\\\/\\\/www.strassenweb.de\\\/nachrichten\\\/\",\"logo\":{\"@type\":\"ImageObject\",\"inLanguage\":\"de\",\"@id\":\"https:\\\/\\\/www.strassenweb.de\\\/nachrichten\\\/#\\\/schema\\\/logo\\\/image\\\/\",\"url\":\"https:\\\/\\\/www.strassenweb.de\\\/nachrichten\\\/wp-content\\\/uploads\\\/2024\\\/09\\\/cropped-favicon.png\",\"contentUrl\":\"https:\\\/\\\/www.strassenweb.de\\\/nachrichten\\\/wp-content\\\/uploads\\\/2024\\\/09\\\/cropped-favicon.png\",\"width\":512,\"height\":512,\"caption\":\"Stra\u00dfenweb\"},\"image\":{\"@id\":\"https:\\\/\\\/www.strassenweb.de\\\/nachrichten\\\/#\\\/schema\\\/logo\\\/image\\\/\"},\"sameAs\":[\"https:\\\/\\\/www.facebook.com\\\/strassenweb\\\/\"]},{\"@type\":\"Person\",\"@id\":\"https:\\\/\\\/www.strassenweb.de\\\/nachrichten\\\/#\\\/schema\\\/person\\\/87c9c9067f1211da429a744dc5a5aa41\",\"name\":\"Robert Hoffmann\",\"image\":{\"@type\":\"ImageObject\",\"inLanguage\":\"de\",\"@id\":\"https:\\\/\\\/www.strassenweb.de\\\/nachrichten\\\/wp-content\\\/uploads\\\/2024\\\/09\\\/strassenweb-150x150.jpg\",\"url\":\"https:\\\/\\\/www.strassenweb.de\\\/nachrichten\\\/wp-content\\\/uploads\\\/2024\\\/09\\\/strassenweb-150x150.jpg\",\"contentUrl\":\"https:\\\/\\\/www.strassenweb.de\\\/nachrichten\\\/wp-content\\\/uploads\\\/2024\\\/09\\\/strassenweb-150x150.jpg\",\"caption\":\"Robert Hoffmann\"},\"description\":\"Ich hei\u00dfe Robert Hoffmann und ich bin ein leidenschaftlicher Verfechter von \u00d6kologie und Biodiversit\u00e4t. Seit meiner Kindheit in den W\u00e4ldern Bayerns f\u00fchle ich mich mit der Natur verbunden und bin entschlossen, sie zu sch\u00fctzen. Heute widme ich mein Leben der Sensibilisierung anderer f\u00fcr die Bedeutung des Umweltschutzes f\u00fcr zuk\u00fcnftige Generationen.\",\"sameAs\":[\"https:\\\/\\\/www.strassenweb.de\\\/\"]}]}<\/script>\n<!-- \/ Yoast SEO plugin. -->","yoast_head_json":{"title":"Tut mir leid, Oma \u2013 das Pekannusskuchen-Rezept von Joanna Gaines ist das einzige, das ich an diesem Erntedankfest verwende, und ich bereue es nicht - Nachrichten - Stra\u00dfenweb","robots":{"index":"index","follow":"follow","max-snippet":"max-snippet:-1","max-image-preview":"max-image-preview:large","max-video-preview":"max-video-preview:-1"},"canonical":"https:\/\/www.strassenweb.de\/nachrichten\/tut-mir-leid-oma-das-pekannusskuchen-rezept-von-joanna-gaines-ist-das-einzige-das-ich-an-diesem-erntedankfest-verwende-und-ich-bereue-es-nicht\/","og_locale":"de_DE","og_type":"article","og_title":"Tut mir leid, Oma \u2013 das Pekannusskuchen-Rezept von Joanna Gaines ist das einzige, das ich an diesem Erntedankfest verwende, und ich bereue es nicht - Nachrichten - Stra\u00dfenweb","og_description":"Ich veranstalte dieses Jahr mein erstes Thanksgiving-Fest, und obwohl ich mir alle M\u00fche gebe, der perfekte Gastgeber zu sein, habe ich das Gef\u00fchl, ich k\u00f6nnte","og_url":"https:\/\/www.strassenweb.de\/nachrichten\/tut-mir-leid-oma-das-pekannusskuchen-rezept-von-joanna-gaines-ist-das-einzige-das-ich-an-diesem-erntedankfest-verwende-und-ich-bereue-es-nicht\/","og_site_name":"Stra\u00dfenweb","article_publisher":"https:\/\/www.facebook.com\/strassenweb\/","article_published_time":"2025-11-19T21:39:23+00:00","article_modified_time":"2025-11-19T21:39:24+00:00","og_image":[{"width":1600,"height":900,"url":"https:\/\/www.strassenweb.de\/nachrichten\/wp-content\/uploads\/2025\/11\/Tut-mir-leid-Oma-\u2013-das-Pekannusskuchen-Rezept-von-Joanna-Gaines.jpg","type":"image\/jpeg"}],"author":"Robert Hoffmann","twitter_card":"summary_large_image","twitter_misc":{"Verfasst von":"Robert Hoffmann","Gesch\u00e4tzte Lesezeit":"3\u00a0Minuten"},"schema":{"@context":"https:\/\/schema.org","@graph":[{"@type":"Article","@id":"https:\/\/www.strassenweb.de\/nachrichten\/tut-mir-leid-oma-das-pekannusskuchen-rezept-von-joanna-gaines-ist-das-einzige-das-ich-an-diesem-erntedankfest-verwende-und-ich-bereue-es-nicht\/#article","isPartOf":{"@id":"https:\/\/www.strassenweb.de\/nachrichten\/tut-mir-leid-oma-das-pekannusskuchen-rezept-von-joanna-gaines-ist-das-einzige-das-ich-an-diesem-erntedankfest-verwende-und-ich-bereue-es-nicht\/"},"author":{"name":"Robert Hoffmann","@id":"https:\/\/www.strassenweb.de\/nachrichten\/#\/schema\/person\/87c9c9067f1211da429a744dc5a5aa41"},"headline":"Tut mir leid, Oma \u2013 das Pekannusskuchen-Rezept von Joanna Gaines ist das einzige, das ich an diesem Erntedankfest verwende, und ich bereue es nicht","datePublished":"2025-11-19T21:39:23+00:00","dateModified":"2025-11-19T21:39:24+00:00","mainEntityOfPage":{"@id":"https:\/\/www.strassenweb.de\/nachrichten\/tut-mir-leid-oma-das-pekannusskuchen-rezept-von-joanna-gaines-ist-das-einzige-das-ich-an-diesem-erntedankfest-verwende-und-ich-bereue-es-nicht\/"},"wordCount":568,"publisher":{"@id":"https:\/\/www.strassenweb.de\/nachrichten\/#organization"},"image":{"@id":"https:\/\/www.strassenweb.de\/nachrichten\/tut-mir-leid-oma-das-pekannusskuchen-rezept-von-joanna-gaines-ist-das-einzige-das-ich-an-diesem-erntedankfest-verwende-und-ich-bereue-es-nicht\/#primaryimage"},"thumbnailUrl":"https:\/\/www.strassenweb.de\/nachrichten\/wp-content\/uploads\/2025\/11\/Tut-mir-leid-Oma-\u2013-das-Pekannusskuchen-Rezept-von-Joanna-Gaines.jpg","keywords":["bereue","das","diesem","einzige","Erntedankfest","Gaines","ich","ist","Joanna","leid","mir","nicht","Oma","PekannusskuchenRezept","tut","und","verwende","von"],"articleSection":["Haus &amp; Garten"],"inLanguage":"de"},{"@type":"WebPage","@id":"https:\/\/www.strassenweb.de\/nachrichten\/tut-mir-leid-oma-das-pekannusskuchen-rezept-von-joanna-gaines-ist-das-einzige-das-ich-an-diesem-erntedankfest-verwende-und-ich-bereue-es-nicht\/","url":"https:\/\/www.strassenweb.de\/nachrichten\/tut-mir-leid-oma-das-pekannusskuchen-rezept-von-joanna-gaines-ist-das-einzige-das-ich-an-diesem-erntedankfest-verwende-und-ich-bereue-es-nicht\/","name":"Tut mir leid, Oma \u2013 das Pekannusskuchen-Rezept von Joanna Gaines ist das einzige, das ich an diesem Erntedankfest verwende, und ich bereue es nicht - Nachrichten - Stra\u00dfenweb","isPartOf":{"@id":"https:\/\/www.strassenweb.de\/nachrichten\/#website"},"primaryImageOfPage":{"@id":"https:\/\/www.strassenweb.de\/nachrichten\/tut-mir-leid-oma-das-pekannusskuchen-rezept-von-joanna-gaines-ist-das-einzige-das-ich-an-diesem-erntedankfest-verwende-und-ich-bereue-es-nicht\/#primaryimage"},"image":{"@id":"https:\/\/www.strassenweb.de\/nachrichten\/tut-mir-leid-oma-das-pekannusskuchen-rezept-von-joanna-gaines-ist-das-einzige-das-ich-an-diesem-erntedankfest-verwende-und-ich-bereue-es-nicht\/#primaryimage"},"thumbnailUrl":"https:\/\/www.strassenweb.de\/nachrichten\/wp-content\/uploads\/2025\/11\/Tut-mir-leid-Oma-\u2013-das-Pekannusskuchen-Rezept-von-Joanna-Gaines.jpg","datePublished":"2025-11-19T21:39:23+00:00","dateModified":"2025-11-19T21:39:24+00:00","breadcrumb":{"@id":"https:\/\/www.strassenweb.de\/nachrichten\/tut-mir-leid-oma-das-pekannusskuchen-rezept-von-joanna-gaines-ist-das-einzige-das-ich-an-diesem-erntedankfest-verwende-und-ich-bereue-es-nicht\/#breadcrumb"},"inLanguage":"de","potentialAction":[{"@type":"ReadAction","target":["https:\/\/www.strassenweb.de\/nachrichten\/tut-mir-leid-oma-das-pekannusskuchen-rezept-von-joanna-gaines-ist-das-einzige-das-ich-an-diesem-erntedankfest-verwende-und-ich-bereue-es-nicht\/"]}]},{"@type":"ImageObject","inLanguage":"de","@id":"https:\/\/www.strassenweb.de\/nachrichten\/tut-mir-leid-oma-das-pekannusskuchen-rezept-von-joanna-gaines-ist-das-einzige-das-ich-an-diesem-erntedankfest-verwende-und-ich-bereue-es-nicht\/#primaryimage","url":"https:\/\/www.strassenweb.de\/nachrichten\/wp-content\/uploads\/2025\/11\/Tut-mir-leid-Oma-\u2013-das-Pekannusskuchen-Rezept-von-Joanna-Gaines.jpg","contentUrl":"https:\/\/www.strassenweb.de\/nachrichten\/wp-content\/uploads\/2025\/11\/Tut-mir-leid-Oma-\u2013-das-Pekannusskuchen-Rezept-von-Joanna-Gaines.jpg","width":1600,"height":900,"caption":"designer Joanna gaines photographed sat on an entryway bench with green cabinetry either side, a bamboo window blind, and two cushions"},{"@type":"BreadcrumbList","@id":"https:\/\/www.strassenweb.de\/nachrichten\/tut-mir-leid-oma-das-pekannusskuchen-rezept-von-joanna-gaines-ist-das-einzige-das-ich-an-diesem-erntedankfest-verwende-und-ich-bereue-es-nicht\/#breadcrumb","itemListElement":[{"@type":"ListItem","position":1,"name":"Home","item":"https:\/\/www.strassenweb.de\/nachrichten\/"},{"@type":"ListItem","position":2,"name":"Tut mir leid, Oma \u2013 das Pekannusskuchen-Rezept von Joanna Gaines ist das einzige, das ich an diesem Erntedankfest verwende, und ich bereue es nicht"}]},{"@type":"WebSite","@id":"https:\/\/www.strassenweb.de\/nachrichten\/#website","url":"https:\/\/www.strassenweb.de\/nachrichten\/","name":"Stra\u00dfenweb","description":"Stra\u00dfenverzeichnis f\u00fcr Deutschland","publisher":{"@id":"https:\/\/www.strassenweb.de\/nachrichten\/#organization"},"potentialAction":[{"@type":"SearchAction","target":{"@type":"EntryPoint","urlTemplate":"https:\/\/www.strassenweb.de\/nachrichten\/?s={search_term_string}"},"query-input":{"@type":"PropertyValueSpecification","valueRequired":true,"valueName":"search_term_string"}}],"inLanguage":"de"},{"@type":"Organization","@id":"https:\/\/www.strassenweb.de\/nachrichten\/#organization","name":"Stra\u00dfenweb","url":"https:\/\/www.strassenweb.de\/nachrichten\/","logo":{"@type":"ImageObject","inLanguage":"de","@id":"https:\/\/www.strassenweb.de\/nachrichten\/#\/schema\/logo\/image\/","url":"https:\/\/www.strassenweb.de\/nachrichten\/wp-content\/uploads\/2024\/09\/cropped-favicon.png","contentUrl":"https:\/\/www.strassenweb.de\/nachrichten\/wp-content\/uploads\/2024\/09\/cropped-favicon.png","width":512,"height":512,"caption":"Stra\u00dfenweb"},"image":{"@id":"https:\/\/www.strassenweb.de\/nachrichten\/#\/schema\/logo\/image\/"},"sameAs":["https:\/\/www.facebook.com\/strassenweb\/"]},{"@type":"Person","@id":"https:\/\/www.strassenweb.de\/nachrichten\/#\/schema\/person\/87c9c9067f1211da429a744dc5a5aa41","name":"Robert Hoffmann","image":{"@type":"ImageObject","inLanguage":"de","@id":"https:\/\/www.strassenweb.de\/nachrichten\/wp-content\/uploads\/2024\/09\/strassenweb-150x150.jpg","url":"https:\/\/www.strassenweb.de\/nachrichten\/wp-content\/uploads\/2024\/09\/strassenweb-150x150.jpg","contentUrl":"https:\/\/www.strassenweb.de\/nachrichten\/wp-content\/uploads\/2024\/09\/strassenweb-150x150.jpg","caption":"Robert Hoffmann"},"description":"Ich hei\u00dfe Robert Hoffmann und ich bin ein leidenschaftlicher Verfechter von \u00d6kologie und Biodiversit\u00e4t. Seit meiner Kindheit in den W\u00e4ldern Bayerns f\u00fchle ich mich mit der Natur verbunden und bin entschlossen, sie zu sch\u00fctzen. Heute widme ich mein Leben der Sensibilisierung anderer f\u00fcr die Bedeutung des Umweltschutzes f\u00fcr zuk\u00fcnftige Generationen.","sameAs":["https:\/\/www.strassenweb.de\/"]}]}},"_links":{"self":[{"href":"https:\/\/www.strassenweb.de\/nachrichten\/wp-json\/wp\/v2\/posts\/9287","targetHints":{"allow":["GET"]}}],"collection":[{"href":"https:\/\/www.strassenweb.de\/nachrichten\/wp-json\/wp\/v2\/posts"}],"about":[{"href":"https:\/\/www.strassenweb.de\/nachrichten\/wp-json\/wp\/v2\/types\/post"}],"author":[{"embeddable":true,"href":"https:\/\/www.strassenweb.de\/nachrichten\/wp-json\/wp\/v2\/users\/1"}],"replies":[{"embeddable":true,"href":"https:\/\/www.strassenweb.de\/nachrichten\/wp-json\/wp\/v2\/comments?post=9287"}],"version-history":[{"count":0,"href":"https:\/\/www.strassenweb.de\/nachrichten\/wp-json\/wp\/v2\/posts\/9287\/revisions"}],"wp:featuredmedia":[{"embeddable":true,"href":"https:\/\/www.strassenweb.de\/nachrichten\/wp-json\/wp\/v2\/media\/9288"}],"wp:attachment":[{"href":"https:\/\/www.strassenweb.de\/nachrichten\/wp-json\/wp\/v2\/media?parent=9287"}],"wp:term":[{"taxonomy":"category","embeddable":true,"href":"https:\/\/www.strassenweb.de\/nachrichten\/wp-json\/wp\/v2\/categories?post=9287"},{"taxonomy":"post_tag","embeddable":true,"href":"https:\/\/www.strassenweb.de\/nachrichten\/wp-json\/wp\/v2\/tags?post=9287"}],"curies":[{"name":"wp","href":"https:\/\/api.w.org\/{rel}","templated":true}]}}