{"id":9272,"date":"2025-11-19T07:39:50","date_gmt":"2025-11-19T06:39:50","guid":{"rendered":"https:\/\/www.strassenweb.de\/nachrichten\/was-man-im-herbst-mit-flieder-tun-kann-damit-er-im-naechsten-fruehling-praechtig-zur-geltung-kommt-und-zwei-dinge-die-man-immer-vermeiden-sollte\/"},"modified":"2025-11-19T07:39:51","modified_gmt":"2025-11-19T06:39:51","slug":"was-man-im-herbst-mit-flieder-tun-kann-damit-er-im-naechsten-fruehling-praechtig-zur-geltung-kommt-und-zwei-dinge-die-man-immer-vermeiden-sollte","status":"publish","type":"post","link":"https:\/\/www.strassenweb.de\/nachrichten\/was-man-im-herbst-mit-flieder-tun-kann-damit-er-im-naechsten-fruehling-praechtig-zur-geltung-kommt-und-zwei-dinge-die-man-immer-vermeiden-sollte\/","title":{"rendered":"Was man im Herbst mit Flieder tun kann, damit er im n\u00e4chsten Fr\u00fchling pr\u00e4chtig zur Geltung kommt \u2013 und zwei Dinge, die man immer vermeiden sollte"},"content":{"rendered":"<p><\/p>\n<div id=\"article-body\" class=\"article__body \">\n<p id=\"3fe72d5b-2ec5-45ad-b993-b944abd967bd\">Flieder sind aufgrund ihrer wundersch\u00f6nen, duftenden Bl\u00fcten, die im sp\u00e4ten Fr\u00fchling bl\u00fchen, sehr beliebte Str\u00e4ucher. Im Herbst haben sie ihre H\u00f6chstleistungen hinter sich, also denken sie vielleicht dar\u00fcber nach, was Sie tun k\u00f6nnen, um ihnen zu helfen, im n\u00e4chsten Jahr eine Wiederholungsshow auf die Beine zu stellen.<\/p>\n<div id=\"ad-unit-1\" class=\"ad-unit\"><\/div>\n<p>Da es sich bei Flieder oft um pflegeleichte Str\u00e4ucher handelt, ist die gute Nachricht, dass im Herbst nicht viel Pflege n\u00f6tig ist. Es gibt ein paar wichtige Aufgaben, die einen Unterschied machen k\u00f6nnen, aber es gibt auch zwei wichtige Aufgaben, die Sie vermeiden sollten, da sie die Bl\u00fctenpracht im n\u00e4chsten Jahr ruinieren k\u00f6nnen.<\/p>\n<p class=\"paywall\" aria-hidden=\"true\">Vor diesem Hintergrund geht es in diesem Ratgeber darum, was man im Herbst mit Flieder machen kann. Es enth\u00e4lt die Arbeiten, die Sie zu dieser Jahreszeit beim Fliederanbau in Betracht ziehen sollten, und zeigt auf, was Sie auf keinen Fall tun sollten.<\/p>\n<div class=\"van_vid_carousel\">\n<div class=\"van_vid_carousel__padding\">\n<div class=\"van_vid_carousel__container\"><\/div>\n<\/div>\n<\/div>\n<figure class=\"van-image-figure inline-layout \" data-bordeaux-image-check id=\"81f2ff9e-2f72-4b50-83d9-27d6bf10bc9d\">\n<div class=\"image-full-width-wrapper\">\n<div class=\"image-widthsetter\" style=\"max-width:2400px;\"><\/div>\n<\/div>\n<\/figure>\n<h2 id=\"expert-tips-for-preparing-lilacs-for-winter-the-dos-and-the-don-ts-3\">Expertentipps zur Vorbereitung von Flieder auf den Winter \u2013 die Dos und Don&#8217;ts<\/h2>\n<aside data-block-type=\"embed\" data-render-type=\"fte\" data-skip=\"dealsy\" data-widget-type=\"seasonal\" class=\"hawk-root\"><\/aside>\n<p id=\"413a6a47-0eb8-4a73-92c2-135854c6d19c-0\">Ob alle diese Aufgaben auf Ihrer To-Do-Liste stehen m\u00fcssen, h\u00e4ngt von Ihrem Standort, dem Klima und dem Ort ab, an dem Sie Ihren Flieder anbauen. Die beiden zu vermeidenden Arbeiten sind jedoch f\u00fcr jeden G\u00e4rtner relevant, der einen Flieder in seinem Garten hat.<\/p>\n<div id=\"ad-unit-2\" class=\"ad-unit\"><\/div>\n<h3 class=\"article-body__section\" id=\"section-what-to-do-with-lilacs-in-the-fall-4-jobs-to-do\"><span>Was tun mit Flieder im Herbst \u2013 4 Aufgaben<\/span><\/h3>\n<h2 id=\"1-mulch-3\">1. Mulchen<\/h2>\n<figure class=\"van-image-figure inline-layout \" data-bordeaux-image-check id=\"005e06cc-ac30-46c2-aef8-4eb242ccbc86\">\n<div class=\"image-full-width-wrapper\">\n<div class=\"image-widthsetter\" style=\"max-width:2400px;\"><\/div>\n<\/div>\n<\/figure>\n<p id=\"a470e953-de00-472b-b890-872d2428fbbb\">Alle fr\u00fchlingsbl\u00fchenden Str\u00e4ucher, wie zum Beispiel Flieder, profitieren von einem j\u00e4hrlichen Mulchen. Mulchen sollte immer auf Ihrer Checkliste f\u00fcr die Gartenarbeit im Herbst stehen.<\/p>\n<p>Wenn Sie sich nicht sicher sind: Beim Mulchen werden organische oder anorganische Materialien auf dem Boden verteilt. Wenn Sie bl\u00fchende Str\u00e4ucher wie Flieder mulchen, entscheiden Sie sich f\u00fcr Bio-Optionen wie Kompost, Bl\u00e4tter oder Holzsp\u00e4ne, wie zum Beispiel diesen hochwertigen Bio-Holzmulch bei Amazon. Organische Mulchsorten werden abgebaut, wodurch die Bodenstruktur verbessert und die Bodenn\u00e4hrstoffe erh\u00f6ht werden \u2013 zum Wohle Ihres Flieders.<\/p>\n<p>Das Mulchen rund um Flieder h\u00e4lt au\u00dferdem die Feuchtigkeit zur\u00fcck, unterdr\u00fcckt Unkraut und beugt winterlichen Hebungen vor, bei denen das wiederholte Einfrieren und Auftauen des Bodens die Wurzeln der Pflanze der Winterk\u00e4lte aussetzt.<\/p>\n<div id=\"slice-container-newsletterForm-articleInbodyContent-GUh9kLmwsgvw9wyPgU7kCG\" class=\"slice-container newsletter-inbodyContent-slice newsletterForm-articleInbodyContent-GUh9kLmwsgvw9wyPgU7kCG slice-container-newsletterForm\"><\/div>\n<p>Verteilen Sie eine 7,6\u201310 cm dicke Schicht rund um den Flieder, aber vermeiden Sie den Mulchfehler, Mulch gegen die St\u00e4ngel zu h\u00e4ufen. Lassen Sie zwischen den St\u00e4ngeln und der organischen Substanz einen Abstand von einem Zoll; Andernfalls besteht die Gefahr von St\u00e4ngelf\u00e4ule.<\/p>\n<h2 id=\"2-water-3\">2. Wasser <\/h2>\n<figure class=\"van-image-figure inline-layout \" data-bordeaux-image-check id=\"f7388a00-1d79-4680-bb51-bce364a6f1d9\">\n<div class=\"image-full-width-wrapper\">\n<div class=\"image-widthsetter\" style=\"max-width:2400px;\"><\/div>\n<\/div>\n<\/figure>\n<p id=\"2b5ed40a-ee9a-4f10-9539-4c7e71dd182d\">Diese Aufgabe wird nur unter bestimmten Umst\u00e4nden relevant sein, ist jedoch f\u00fcr den kleinen Teil der G\u00e4rtner, f\u00fcr die sie gilt, erw\u00e4hnenswert.<\/p>\n<p>Flieder sind nach der Etablierung relativ trockenheitstolerante Str\u00e4ucher, m\u00fcssen im ersten Jahr jedoch regelm\u00e4\u00dfig gegossen werden. Auch wenn sie mit begrenzter Feuchtigkeit \u00fcberleben k\u00f6nnen, erzielen gesunde Pflanzen bei gleichbleibender Feuchtigkeit die beste Wirkung. Das bedeutet, die Pflanzen in Trockenperioden zu gie\u00dfen.<\/p>\n<p>Wenn Sie einen besonders trockenen Herbst haben, gie\u00dfen Sie die Pflanzen, um ein Austrocknen des Bodens zu verhindern. Ein weiterer Vorteil der erforderlichen Tiefenbew\u00e4sserung im Herbst besteht darin, dass feuchter Boden w\u00e4rmer ist als trockener Boden, was die Wurzeln zus\u00e4tzlich isoliert, wenn die Temperaturen pl\u00f6tzlich sinken.<\/p>\n<h2 id=\"3-protect-plants-in-pots-3\">3. Pflanzen in T\u00f6pfen sch\u00fctzen<\/h2>\n<figure class=\"van-image-figure inline-layout \" data-bordeaux-image-check id=\"7ab54862-4fae-49d4-85a5-5028f6dcfa27\">\n<div class=\"image-full-width-wrapper\">\n<div class=\"image-widthsetter\" style=\"max-width:2400px;\"><\/div>\n<\/div>\n<\/figure>\n<p id=\"f1d2229f-08a6-43c1-9abf-38787d379b1a\">Es m\u00f6gen zwar winterharte Str\u00e4ucher bis zur US-Winterh\u00e4rtezone 3 sein, aber wenn Sie Flieder in T\u00f6pfen anbauen, sind sie nicht so winterhart wie Pflanzen, die im Boden wachsen. Die Wurzeln von im Topf gezogenen Flieder sind anf\u00e4lliger f\u00fcr Frost, daher kann es notwendig sein, K\u00fcbelpflanzen vor Winterwetter zu sch\u00fctzen.<\/p>\n<p>Bei vielen Pflanzen kann dies einfach sein, indem man die Beh\u00e4lter an einen gesch\u00fctzten Ort stellt oder den Topf in der Erde vergr\u00e4bt. Flieder ben\u00f6tigt jedoch gro\u00dfe Beh\u00e4lter, in denen er gedeihen kann. Daher m\u00fcssen Sie die Pflanzen m\u00f6glicherweise vor Ort vor Frost sch\u00fctzen, wenn Ihr Topf oder Pflanzgef\u00e4\u00df zu gro\u00df ist, um leicht bewegt oder eingegraben zu werden.<\/p>\n<p>Sie k\u00f6nnen T\u00f6pfe und Pflanzgef\u00e4\u00dfe vor Frost sch\u00fctzen, indem Sie \u00fcber und um den Topf herum kr\u00e4ftig mulchen, um die Wurzeln vor Frost und eisigen Winden zu sch\u00fctzen. Wenn Sie dies tun m\u00f6chten, sind Kompost, Bl\u00e4tter, Rinde oder Stroh die besten Mulcharten.<\/p>\n<p>Alternativ k\u00f6nnen Sie den Topf in Frostschutzfolie, Sackleinen oder vorgefertigte Topfschutzh\u00fcllen einwickeln, wie zum Beispiel diese bei Amazon erh\u00e4ltlichen Winter-Blumentopfabdeckungen.<\/p>\n<h2 id=\"4-plant-bare-root-lilacs-3\">4. Pflanzen Sie wurzelnackte Flieder<\/h2>\n<figure class=\"van-image-figure inline-layout \" data-bordeaux-image-check id=\"8c469484-14be-483d-87c2-4ccd0756ab15\">\n<div class=\"image-full-width-wrapper\">\n<div class=\"image-widthsetter\" style=\"max-width:2400px;\"><\/div>\n<\/div>\n<\/figure>\n<p id=\"0a5dc871-c732-49f1-8891-d0d587cae50b\">Wenn Sie Ihren Gartenideen mehr Flieder hinzuf\u00fcgen m\u00f6chten, k\u00f6nnen Sie w\u00e4hrend der Ruhephase von November bis M\u00e4rz wurzelnackte Flieder pflanzen.<\/p>\n<p>In den k\u00e4lteren Monaten sind h\u00e4ufig wurzelnackte B\u00e4ume, Str\u00e4ucher und Heckenpflanzen erh\u00e4ltlich. Die ruhenden Pflanzen kommen ohne Beh\u00e4lter oder Erde um die Wurzeln herum an. Sie sehen vielleicht nicht besonders aus und \u00e4hneln kahlen Zweigen, bieten aber im Vergleich zu in Containern angebauten Pflanzen eine kosteng\u00fcnstigere M\u00f6glichkeit, Ihren Garten zu bereichern.<\/p>\n<p>Pflanzen Sie einen Flieder an einem sonnigen Standort in Ihrem Garten und in fruchtbarer, gut durchl\u00e4ssiger Erde. Die richtige Entw\u00e4sserung ist von entscheidender Bedeutung, da Flieder oft schmollen, wenn sie zu nass stehen. Das Hinzuf\u00fcgen von organischem Material wie Kompost oder gut verrottetem Mist zur Pflanzstelle kann dazu beitragen, die Entw\u00e4sserung Ihres Bodens zu verbessern.<\/p>\n<p>Um wurzelnackte B\u00e4ume oder Str\u00e4ucher zu pflanzen, weichen Sie die Wurzeln vor dem Pflanzen etwa eine Stunde lang ein, um sie zu rehydrieren. Machen Sie ein Loch, das doppelt so gro\u00df ist wie das Wurzelsystem, und platzieren Sie die wurzelnackte Pflanze so in das Loch, dass sie auf der gleichen H\u00f6he steht, auf der sie zuvor gepflanzt wurde. Dies erkennen Sie an einer Farbver\u00e4nderung am Stiel.<\/p>\n<p>F\u00fcllen Sie das Loch und befestigen Sie die wurzelnackte Pflanze in ihrem neuen Zuhause. Geben Sie dem Strauch reichlich Wasser und mulchen Sie ihn, um die Feuchtigkeit im Boden zu speichern.<\/p>\n<p>Bei Burpee erhalten Sie einen wurzelnackten \u201eTiny Dancer\u201c-Flieder, der ab November zum Pflanzen nur 1,2 bis 1,5 Meter hoch wird.<\/p>\n<div class=\"min-h-(270px) mb-4 viafoura-twig-component\" id=\"viafoura-engagement-starter-wrapper\" data-component-name=\"Elk:Embed:EngagementStarter\">\n<div class=\"viafoura\">\n<div>\n<vf-conversation-starter target=\"viafoura-comments\" title=\"What is your favorite variety of lilac, and why?\" description=\"Let us know in the comments below\" minimum-comment-count=\"5\"><br \/>\n<\/vf-conversation-starter>\n<\/div>\n<\/div>\n<\/div>\n<h3 class=\"article-body__section\" id=\"section-what-to-do-with-lilacs-in-the-fall-2-jobs-to-avoid\"><span>Was tun mit Flieder im Herbst \u2013 2 Arbeiten, die Sie vermeiden sollten<\/span><\/h3>\n<h2 id=\"1-don-t-prune-3\">1. Nicht beschneiden<\/h2>\n<figure class=\"van-image-figure inline-layout \" data-bordeaux-image-check id=\"aa45efd4-f122-4963-b3b1-9401d48b0b98\">\n<div class=\"image-full-width-wrapper\">\n<div class=\"image-widthsetter\" style=\"max-width:2400px;\"><\/div>\n<\/div>\n<\/figure>\n<p id=\"395fa9b3-0f9c-4518-a6a2-dc8b3a3f83e7\">Wenn Sie noch nicht dazu gekommen sind und es zugegebenerma\u00dfen schon sehr sp\u00e4t ist, k\u00f6nnen Sie Fliederbl\u00fcten abschneiden. Auf einen gro\u00dffl\u00e4chigen R\u00fcckschnitt in diesem Monat sollte jedoch verzichtet werden.<\/p>\n<p>Das liegt daran, dass Flieder im Fr\u00fchling bl\u00fcht und es ein Schnittfehler ist, ihn im Herbst zu schneiden. Der Preis, den Sie f\u00fcr das Beschneiden von Flieder im Herbst zahlen m\u00fcssen, besteht darin, dass Sie die Bl\u00fctenpracht im n\u00e4chsten Jahr stark beeintr\u00e4chtigen. Wenn Flieder auf im Vorjahr geerntetem Holz bl\u00fcht, werden beim Beschneiden im Herbst die Knospen entfernt, um sie f\u00fcr die n\u00e4chste Fr\u00fchjahrspr\u00e4sentation zu nutzen.<\/p>\n<p>Der richtige Zeitpunkt zum Beschneiden von Flieder ist nach der Bl\u00fcte. Sie k\u00f6nnen die Str\u00e4ucher im Herbst beschneiden, um \u00e4ltere, \u00fcberwucherte Flieder zu erneuern. Allerdings werden Sie n\u00e4chstes Jahr keine Bl\u00fcten bekommen. Wenn Sie ein \u00e4lteres Exemplar kontrollieren m\u00f6chten, tun Sie dies am besten \u00fcber einen Zeitraum von drei Jahren.<\/p>\n<p>Der einzige Schnitt, den Sie im Herbst durchf\u00fchren k\u00f6nnen, besteht darin, alle toten, kranken oder besch\u00e4digten St\u00e4ngel zu entfernen, um die Pflanze gesund zu halten, und die Triebe zu entfernen, damit sie dem Rest des Strauchs keine Energie und N\u00e4hrstoffe entziehen.<\/p>\n<h2 id=\"2-don-t-feed-3\">2. Nicht f\u00fcttern<\/h2>\n<figure class=\"van-image-figure inline-layout \" data-bordeaux-image-check id=\"fd382c08-e00e-40fa-bd92-a441970035eb\">\n<div class=\"image-full-width-wrapper\">\n<div class=\"image-widthsetter\" style=\"max-width:2000px;\"><\/div>\n<\/div>\n<\/figure>\n<p id=\"60ae0445-2765-4c3a-9509-85b8c223384a\">Flieder sind keine stark fressenden Str\u00e4ucher; Sie m\u00fcssen bei der F\u00fctterung R\u00fccksicht nehmen. In vielen F\u00e4llen ben\u00f6tigen Flieder \u00fcberhaupt keinen zus\u00e4tzlichen D\u00fcnger, wenn sie unter idealen Bedingungen wachsen. Wenn es darum geht, Flieder zu d\u00fcngen, ist der Fr\u00fchling eine gute Zeit; Herbst ist es nicht.<\/p>\n<p>Eines der gr\u00f6\u00dften Risiken bei der F\u00fctterung von Flieder im Herbst ist die Reaktion des Strauchs. Die frische Dosis essentieller Pflanzenn\u00e4hrstoffe wird zu einem Zeitpunkt neues Wachstum anregen, zu dem sich der Flieder auf seine Winterruhe vorbereiten sollte.<\/p>\n<p>Durch die F\u00fctterung wird das Wachstum des Flieders angeregt und es entstehen neue St\u00e4ngel und Bl\u00e4tter. Dies stellt ein gro\u00dfes Problem dar, da sie keine Zeit haben, ausreichend abzuh\u00e4rten, bevor der Frost kommt. Der durch Frost verursachte Schaden, der diese neuen St\u00e4ngel abt\u00f6tet, macht den Flieder insgesamt anf\u00e4lliger f\u00fcr Sch\u00e4dlinge und Krankheiten.<\/p>\n<p>Ein weiterer Grund, Flieder im Herbst nicht zu f\u00fcttern, besteht darin, dass eine \u00dcberd\u00fcngung der Pflanzen mehr schadet als n\u00fctzt. Es ist bekannt, dass Flieder bei \u00dcberd\u00fcngung nicht bl\u00fchen, insbesondere wenn der Boden zu viel Stickstoff enth\u00e4lt.<\/p>\n<hr id=\"552ebb8d-b3cb-4475-9367-650b2989ab9c\">\n<p id=\"fbf0bd56-eff2-46a3-9098-3612d4a92f53\">Die zarten Fliederknospen k\u00f6nnen anf\u00e4llig f\u00fcr Sp\u00e4tfr\u00f6ste sein, insbesondere nach einem Scheinfr\u00fchling, wenn die Temperaturen vor\u00fcbergehend ansteigen, bevor sie wieder sinken. Eine solche W\u00e4rmeperiode kann dazu f\u00fchren, dass die Knospen anschwellen und durch erneuten Frost abget\u00f6tet werden.<\/p>\n<p>Behalten Sie die Temperaturen im Fr\u00fchling im Auge. Wenn Sie bef\u00fcrchten, dass Sp\u00e4tfr\u00f6ste Knospen abt\u00f6ten und Ihre Pr\u00e4sentation ruinieren k\u00f6nnten, decken Sie die Str\u00e4ucher mit atmungsaktivem Stoff wie Frostschutz, Sackleinen, Decken oder alten Laken ab, um die Knospen \u00fcber Nacht zu sch\u00fctzen.<\/p>\n<p>Befestigen Sie die Abdeckung mit Gewichten oder Gartenklammern wie diesen bei Amazon am Boden und entfernen Sie das Material wieder, sobald die Temperaturen am n\u00e4chsten Tag w\u00e4rmer werden.<\/p>\n<div class=\"product-container hero-product-container product-block-no-wrap\">\n<div class=\"product-block-row\"><\/div>\n<div class=\"product-block-row\"><\/div>\n<div class=\"product-block-row\"><\/div>\n<\/div>\n<div class=\"block\" id=\"articleTag\" data-component-name=\"PostArticleLinks\" data-mrf-recirculation=\"post-article-links\">\n<div class=\"border-b border-b-black border-solid py-2.5 text-black font-bold uppercase\">THEMEN<\/div>\n<nav class=\"py-2.5 flex gap-2.5 flex-wrap\" data-analytics-id=\"article-tag\" data-mrf-recirculation=\"article-tag\">\n<p>Gartenarbeit im Herbst<\/p>\n<\/nav>\n<\/div>\n<\/div>\n","protected":false},"excerpt":{"rendered":"<p>Flieder sind aufgrund ihrer wundersch\u00f6nen, duftenden Bl\u00fcten, die im sp\u00e4ten Fr\u00fchling bl\u00fchen, sehr beliebte Str\u00e4ucher. Im Herbst haben sie ihre H\u00f6chstleistungen hinter sich, also denken<\/p>\n","protected":false},"author":1,"featured_media":9273,"comment_status":"closed","ping_status":"","sticky":false,"template":"","format":"standard","meta":{"footnotes":""},"categories":[118],"tags":[598,9,466,11571,2940,11573,203,175,781,6965,134,146,2490,11572,62,553,37,640,99,559],"class_list":["post-9272","post","type-post","status-publish","format-standard","has-post-thumbnail","hentry","category-haus-garten","tag-damit","tag-die","tag-dinge","tag-flieder","tag-fruehling","tag-geltung","tag-herbst","tag-immer","tag-kann","tag-kommt","tag-man","tag-mit","tag-naechsten","tag-praechtig","tag-sollte","tag-tun","tag-und","tag-vermeiden","tag-zur","tag-zwei","generate-columns","tablet-grid-50","mobile-grid-100","grid-parent","grid-50"],"yoast_head":"<!-- This site is optimized with the Yoast SEO plugin v27.3 - https:\/\/yoast.com\/product\/yoast-seo-wordpress\/ -->\n<title>Was man im Herbst mit Flieder tun kann, damit er im n\u00e4chsten Fr\u00fchling pr\u00e4chtig zur Geltung kommt \u2013 und zwei Dinge, die man immer vermeiden sollte - Nachrichten - Stra\u00dfenweb<\/title>\n<meta name=\"robots\" content=\"index, follow, max-snippet:-1, max-image-preview:large, max-video-preview:-1\" \/>\n<link rel=\"canonical\" href=\"https:\/\/www.strassenweb.de\/nachrichten\/was-man-im-herbst-mit-flieder-tun-kann-damit-er-im-naechsten-fruehling-praechtig-zur-geltung-kommt-und-zwei-dinge-die-man-immer-vermeiden-sollte\/\" \/>\n<meta property=\"og:locale\" content=\"de_DE\" \/>\n<meta property=\"og:type\" content=\"article\" \/>\n<meta property=\"og:title\" content=\"Was man im Herbst mit Flieder tun kann, damit er im n\u00e4chsten Fr\u00fchling pr\u00e4chtig zur Geltung kommt \u2013 und zwei Dinge, die man immer vermeiden sollte - Nachrichten - Stra\u00dfenweb\" \/>\n<meta property=\"og:description\" content=\"Flieder sind aufgrund ihrer wundersch\u00f6nen, duftenden Bl\u00fcten, die im sp\u00e4ten Fr\u00fchling bl\u00fchen, sehr beliebte Str\u00e4ucher. Im Herbst haben sie ihre H\u00f6chstleistungen hinter sich, also denken\" \/>\n<meta property=\"og:url\" content=\"https:\/\/www.strassenweb.de\/nachrichten\/was-man-im-herbst-mit-flieder-tun-kann-damit-er-im-naechsten-fruehling-praechtig-zur-geltung-kommt-und-zwei-dinge-die-man-immer-vermeiden-sollte\/\" \/>\n<meta property=\"og:site_name\" content=\"Stra\u00dfenweb\" \/>\n<meta property=\"article:publisher\" content=\"https:\/\/www.facebook.com\/strassenweb\/\" \/>\n<meta property=\"article:published_time\" content=\"2025-11-19T06:39:50+00:00\" \/>\n<meta property=\"article:modified_time\" content=\"2025-11-19T06:39:51+00:00\" \/>\n<meta property=\"og:image\" content=\"https:\/\/www.strassenweb.de\/nachrichten\/wp-content\/uploads\/2025\/11\/Was-man-im-Herbst-mit-Flieder-tun-kann-damit-er.jpg\" \/>\n\t<meta property=\"og:image:width\" content=\"1600\" \/>\n\t<meta property=\"og:image:height\" content=\"900\" \/>\n\t<meta property=\"og:image:type\" content=\"image\/jpeg\" \/>\n<meta name=\"author\" content=\"Robert Hoffmann\" \/>\n<meta name=\"twitter:card\" content=\"summary_large_image\" \/>\n<meta name=\"twitter:label1\" content=\"Verfasst von\" \/>\n\t<meta name=\"twitter:data1\" content=\"Robert Hoffmann\" \/>\n\t<meta name=\"twitter:label2\" content=\"Gesch\u00e4tzte Lesezeit\" \/>\n\t<meta name=\"twitter:data2\" content=\"8\u00a0Minuten\" \/>\n<script type=\"application\/ld+json\" class=\"yoast-schema-graph\">{\"@context\":\"https:\\\/\\\/schema.org\",\"@graph\":[{\"@type\":\"Article\",\"@id\":\"https:\\\/\\\/www.strassenweb.de\\\/nachrichten\\\/was-man-im-herbst-mit-flieder-tun-kann-damit-er-im-naechsten-fruehling-praechtig-zur-geltung-kommt-und-zwei-dinge-die-man-immer-vermeiden-sollte\\\/#article\",\"isPartOf\":{\"@id\":\"https:\\\/\\\/www.strassenweb.de\\\/nachrichten\\\/was-man-im-herbst-mit-flieder-tun-kann-damit-er-im-naechsten-fruehling-praechtig-zur-geltung-kommt-und-zwei-dinge-die-man-immer-vermeiden-sollte\\\/\"},\"author\":{\"name\":\"Robert Hoffmann\",\"@id\":\"https:\\\/\\\/www.strassenweb.de\\\/nachrichten\\\/#\\\/schema\\\/person\\\/87c9c9067f1211da429a744dc5a5aa41\"},\"headline\":\"Was man im Herbst mit Flieder tun kann, damit er im n\u00e4chsten Fr\u00fchling pr\u00e4chtig zur Geltung kommt \u2013 und zwei Dinge, die man immer vermeiden sollte\",\"datePublished\":\"2025-11-19T06:39:50+00:00\",\"dateModified\":\"2025-11-19T06:39:51+00:00\",\"mainEntityOfPage\":{\"@id\":\"https:\\\/\\\/www.strassenweb.de\\\/nachrichten\\\/was-man-im-herbst-mit-flieder-tun-kann-damit-er-im-naechsten-fruehling-praechtig-zur-geltung-kommt-und-zwei-dinge-die-man-immer-vermeiden-sollte\\\/\"},\"wordCount\":1595,\"publisher\":{\"@id\":\"https:\\\/\\\/www.strassenweb.de\\\/nachrichten\\\/#organization\"},\"image\":{\"@id\":\"https:\\\/\\\/www.strassenweb.de\\\/nachrichten\\\/was-man-im-herbst-mit-flieder-tun-kann-damit-er-im-naechsten-fruehling-praechtig-zur-geltung-kommt-und-zwei-dinge-die-man-immer-vermeiden-sollte\\\/#primaryimage\"},\"thumbnailUrl\":\"https:\\\/\\\/www.strassenweb.de\\\/nachrichten\\\/wp-content\\\/uploads\\\/2025\\\/11\\\/Was-man-im-Herbst-mit-Flieder-tun-kann-damit-er.jpg\",\"keywords\":[\"damit\",\"die\",\"Dinge\",\"Flieder\",\"Fr\u00fchling\",\"Geltung\",\"Herbst\",\"immer\",\"kann\",\"kommt\",\"man\",\"mit\",\"n\u00e4chsten\",\"pr\u00e4chtig\",\"Sollte\",\"tun\",\"und\",\"vermeiden\",\"zur\",\"zwei\"],\"articleSection\":[\"Haus &amp; Garten\"],\"inLanguage\":\"de\"},{\"@type\":\"WebPage\",\"@id\":\"https:\\\/\\\/www.strassenweb.de\\\/nachrichten\\\/was-man-im-herbst-mit-flieder-tun-kann-damit-er-im-naechsten-fruehling-praechtig-zur-geltung-kommt-und-zwei-dinge-die-man-immer-vermeiden-sollte\\\/\",\"url\":\"https:\\\/\\\/www.strassenweb.de\\\/nachrichten\\\/was-man-im-herbst-mit-flieder-tun-kann-damit-er-im-naechsten-fruehling-praechtig-zur-geltung-kommt-und-zwei-dinge-die-man-immer-vermeiden-sollte\\\/\",\"name\":\"Was man im Herbst mit Flieder tun kann, damit er im n\u00e4chsten Fr\u00fchling pr\u00e4chtig zur Geltung kommt \u2013 und zwei Dinge, die man immer vermeiden sollte - Nachrichten - Stra\u00dfenweb\",\"isPartOf\":{\"@id\":\"https:\\\/\\\/www.strassenweb.de\\\/nachrichten\\\/#website\"},\"primaryImageOfPage\":{\"@id\":\"https:\\\/\\\/www.strassenweb.de\\\/nachrichten\\\/was-man-im-herbst-mit-flieder-tun-kann-damit-er-im-naechsten-fruehling-praechtig-zur-geltung-kommt-und-zwei-dinge-die-man-immer-vermeiden-sollte\\\/#primaryimage\"},\"image\":{\"@id\":\"https:\\\/\\\/www.strassenweb.de\\\/nachrichten\\\/was-man-im-herbst-mit-flieder-tun-kann-damit-er-im-naechsten-fruehling-praechtig-zur-geltung-kommt-und-zwei-dinge-die-man-immer-vermeiden-sollte\\\/#primaryimage\"},\"thumbnailUrl\":\"https:\\\/\\\/www.strassenweb.de\\\/nachrichten\\\/wp-content\\\/uploads\\\/2025\\\/11\\\/Was-man-im-Herbst-mit-Flieder-tun-kann-damit-er.jpg\",\"datePublished\":\"2025-11-19T06:39:50+00:00\",\"dateModified\":\"2025-11-19T06:39:51+00:00\",\"breadcrumb\":{\"@id\":\"https:\\\/\\\/www.strassenweb.de\\\/nachrichten\\\/was-man-im-herbst-mit-flieder-tun-kann-damit-er-im-naechsten-fruehling-praechtig-zur-geltung-kommt-und-zwei-dinge-die-man-immer-vermeiden-sollte\\\/#breadcrumb\"},\"inLanguage\":\"de\",\"potentialAction\":[{\"@type\":\"ReadAction\",\"target\":[\"https:\\\/\\\/www.strassenweb.de\\\/nachrichten\\\/was-man-im-herbst-mit-flieder-tun-kann-damit-er-im-naechsten-fruehling-praechtig-zur-geltung-kommt-und-zwei-dinge-die-man-immer-vermeiden-sollte\\\/\"]}]},{\"@type\":\"ImageObject\",\"inLanguage\":\"de\",\"@id\":\"https:\\\/\\\/www.strassenweb.de\\\/nachrichten\\\/was-man-im-herbst-mit-flieder-tun-kann-damit-er-im-naechsten-fruehling-praechtig-zur-geltung-kommt-und-zwei-dinge-die-man-immer-vermeiden-sollte\\\/#primaryimage\",\"url\":\"https:\\\/\\\/www.strassenweb.de\\\/nachrichten\\\/wp-content\\\/uploads\\\/2025\\\/11\\\/Was-man-im-Herbst-mit-Flieder-tun-kann-damit-er.jpg\",\"contentUrl\":\"https:\\\/\\\/www.strassenweb.de\\\/nachrichten\\\/wp-content\\\/uploads\\\/2025\\\/11\\\/Was-man-im-Herbst-mit-Flieder-tun-kann-damit-er.jpg\",\"width\":1600,\"height\":900,\"caption\":\"A cluster of pink lilac blooms on a shrub in the sunshine\"},{\"@type\":\"BreadcrumbList\",\"@id\":\"https:\\\/\\\/www.strassenweb.de\\\/nachrichten\\\/was-man-im-herbst-mit-flieder-tun-kann-damit-er-im-naechsten-fruehling-praechtig-zur-geltung-kommt-und-zwei-dinge-die-man-immer-vermeiden-sollte\\\/#breadcrumb\",\"itemListElement\":[{\"@type\":\"ListItem\",\"position\":1,\"name\":\"Home\",\"item\":\"https:\\\/\\\/www.strassenweb.de\\\/nachrichten\\\/\"},{\"@type\":\"ListItem\",\"position\":2,\"name\":\"Was man im Herbst mit Flieder tun kann, damit er im n\u00e4chsten Fr\u00fchling pr\u00e4chtig zur Geltung kommt \u2013 und zwei Dinge, die man immer vermeiden sollte\"}]},{\"@type\":\"WebSite\",\"@id\":\"https:\\\/\\\/www.strassenweb.de\\\/nachrichten\\\/#website\",\"url\":\"https:\\\/\\\/www.strassenweb.de\\\/nachrichten\\\/\",\"name\":\"Stra\u00dfenweb\",\"description\":\"Stra\u00dfenverzeichnis f\u00fcr Deutschland\",\"publisher\":{\"@id\":\"https:\\\/\\\/www.strassenweb.de\\\/nachrichten\\\/#organization\"},\"potentialAction\":[{\"@type\":\"SearchAction\",\"target\":{\"@type\":\"EntryPoint\",\"urlTemplate\":\"https:\\\/\\\/www.strassenweb.de\\\/nachrichten\\\/?s={search_term_string}\"},\"query-input\":{\"@type\":\"PropertyValueSpecification\",\"valueRequired\":true,\"valueName\":\"search_term_string\"}}],\"inLanguage\":\"de\"},{\"@type\":\"Organization\",\"@id\":\"https:\\\/\\\/www.strassenweb.de\\\/nachrichten\\\/#organization\",\"name\":\"Stra\u00dfenweb\",\"url\":\"https:\\\/\\\/www.strassenweb.de\\\/nachrichten\\\/\",\"logo\":{\"@type\":\"ImageObject\",\"inLanguage\":\"de\",\"@id\":\"https:\\\/\\\/www.strassenweb.de\\\/nachrichten\\\/#\\\/schema\\\/logo\\\/image\\\/\",\"url\":\"https:\\\/\\\/www.strassenweb.de\\\/nachrichten\\\/wp-content\\\/uploads\\\/2024\\\/09\\\/cropped-favicon.png\",\"contentUrl\":\"https:\\\/\\\/www.strassenweb.de\\\/nachrichten\\\/wp-content\\\/uploads\\\/2024\\\/09\\\/cropped-favicon.png\",\"width\":512,\"height\":512,\"caption\":\"Stra\u00dfenweb\"},\"image\":{\"@id\":\"https:\\\/\\\/www.strassenweb.de\\\/nachrichten\\\/#\\\/schema\\\/logo\\\/image\\\/\"},\"sameAs\":[\"https:\\\/\\\/www.facebook.com\\\/strassenweb\\\/\"]},{\"@type\":\"Person\",\"@id\":\"https:\\\/\\\/www.strassenweb.de\\\/nachrichten\\\/#\\\/schema\\\/person\\\/87c9c9067f1211da429a744dc5a5aa41\",\"name\":\"Robert Hoffmann\",\"image\":{\"@type\":\"ImageObject\",\"inLanguage\":\"de\",\"@id\":\"https:\\\/\\\/www.strassenweb.de\\\/nachrichten\\\/wp-content\\\/uploads\\\/2024\\\/09\\\/strassenweb-150x150.jpg\",\"url\":\"https:\\\/\\\/www.strassenweb.de\\\/nachrichten\\\/wp-content\\\/uploads\\\/2024\\\/09\\\/strassenweb-150x150.jpg\",\"contentUrl\":\"https:\\\/\\\/www.strassenweb.de\\\/nachrichten\\\/wp-content\\\/uploads\\\/2024\\\/09\\\/strassenweb-150x150.jpg\",\"caption\":\"Robert Hoffmann\"},\"description\":\"Ich hei\u00dfe Robert Hoffmann und ich bin ein leidenschaftlicher Verfechter von \u00d6kologie und Biodiversit\u00e4t. Seit meiner Kindheit in den W\u00e4ldern Bayerns f\u00fchle ich mich mit der Natur verbunden und bin entschlossen, sie zu sch\u00fctzen. Heute widme ich mein Leben der Sensibilisierung anderer f\u00fcr die Bedeutung des Umweltschutzes f\u00fcr zuk\u00fcnftige Generationen.\",\"sameAs\":[\"https:\\\/\\\/www.strassenweb.de\\\/\"]}]}<\/script>\n<!-- \/ Yoast SEO plugin. -->","yoast_head_json":{"title":"Was man im Herbst mit Flieder tun kann, damit er im n\u00e4chsten Fr\u00fchling pr\u00e4chtig zur Geltung kommt \u2013 und zwei Dinge, die man immer vermeiden sollte - Nachrichten - Stra\u00dfenweb","robots":{"index":"index","follow":"follow","max-snippet":"max-snippet:-1","max-image-preview":"max-image-preview:large","max-video-preview":"max-video-preview:-1"},"canonical":"https:\/\/www.strassenweb.de\/nachrichten\/was-man-im-herbst-mit-flieder-tun-kann-damit-er-im-naechsten-fruehling-praechtig-zur-geltung-kommt-und-zwei-dinge-die-man-immer-vermeiden-sollte\/","og_locale":"de_DE","og_type":"article","og_title":"Was man im Herbst mit Flieder tun kann, damit er im n\u00e4chsten Fr\u00fchling pr\u00e4chtig zur Geltung kommt \u2013 und zwei Dinge, die man immer vermeiden sollte - Nachrichten - Stra\u00dfenweb","og_description":"Flieder sind aufgrund ihrer wundersch\u00f6nen, duftenden Bl\u00fcten, die im sp\u00e4ten Fr\u00fchling bl\u00fchen, sehr beliebte Str\u00e4ucher. Im Herbst haben sie ihre H\u00f6chstleistungen hinter sich, also denken","og_url":"https:\/\/www.strassenweb.de\/nachrichten\/was-man-im-herbst-mit-flieder-tun-kann-damit-er-im-naechsten-fruehling-praechtig-zur-geltung-kommt-und-zwei-dinge-die-man-immer-vermeiden-sollte\/","og_site_name":"Stra\u00dfenweb","article_publisher":"https:\/\/www.facebook.com\/strassenweb\/","article_published_time":"2025-11-19T06:39:50+00:00","article_modified_time":"2025-11-19T06:39:51+00:00","og_image":[{"width":1600,"height":900,"url":"https:\/\/www.strassenweb.de\/nachrichten\/wp-content\/uploads\/2025\/11\/Was-man-im-Herbst-mit-Flieder-tun-kann-damit-er.jpg","type":"image\/jpeg"}],"author":"Robert Hoffmann","twitter_card":"summary_large_image","twitter_misc":{"Verfasst von":"Robert Hoffmann","Gesch\u00e4tzte Lesezeit":"8\u00a0Minuten"},"schema":{"@context":"https:\/\/schema.org","@graph":[{"@type":"Article","@id":"https:\/\/www.strassenweb.de\/nachrichten\/was-man-im-herbst-mit-flieder-tun-kann-damit-er-im-naechsten-fruehling-praechtig-zur-geltung-kommt-und-zwei-dinge-die-man-immer-vermeiden-sollte\/#article","isPartOf":{"@id":"https:\/\/www.strassenweb.de\/nachrichten\/was-man-im-herbst-mit-flieder-tun-kann-damit-er-im-naechsten-fruehling-praechtig-zur-geltung-kommt-und-zwei-dinge-die-man-immer-vermeiden-sollte\/"},"author":{"name":"Robert Hoffmann","@id":"https:\/\/www.strassenweb.de\/nachrichten\/#\/schema\/person\/87c9c9067f1211da429a744dc5a5aa41"},"headline":"Was man im Herbst mit Flieder tun kann, damit er im n\u00e4chsten Fr\u00fchling pr\u00e4chtig zur Geltung kommt \u2013 und zwei Dinge, die man immer vermeiden sollte","datePublished":"2025-11-19T06:39:50+00:00","dateModified":"2025-11-19T06:39:51+00:00","mainEntityOfPage":{"@id":"https:\/\/www.strassenweb.de\/nachrichten\/was-man-im-herbst-mit-flieder-tun-kann-damit-er-im-naechsten-fruehling-praechtig-zur-geltung-kommt-und-zwei-dinge-die-man-immer-vermeiden-sollte\/"},"wordCount":1595,"publisher":{"@id":"https:\/\/www.strassenweb.de\/nachrichten\/#organization"},"image":{"@id":"https:\/\/www.strassenweb.de\/nachrichten\/was-man-im-herbst-mit-flieder-tun-kann-damit-er-im-naechsten-fruehling-praechtig-zur-geltung-kommt-und-zwei-dinge-die-man-immer-vermeiden-sollte\/#primaryimage"},"thumbnailUrl":"https:\/\/www.strassenweb.de\/nachrichten\/wp-content\/uploads\/2025\/11\/Was-man-im-Herbst-mit-Flieder-tun-kann-damit-er.jpg","keywords":["damit","die","Dinge","Flieder","Fr\u00fchling","Geltung","Herbst","immer","kann","kommt","man","mit","n\u00e4chsten","pr\u00e4chtig","Sollte","tun","und","vermeiden","zur","zwei"],"articleSection":["Haus &amp; Garten"],"inLanguage":"de"},{"@type":"WebPage","@id":"https:\/\/www.strassenweb.de\/nachrichten\/was-man-im-herbst-mit-flieder-tun-kann-damit-er-im-naechsten-fruehling-praechtig-zur-geltung-kommt-und-zwei-dinge-die-man-immer-vermeiden-sollte\/","url":"https:\/\/www.strassenweb.de\/nachrichten\/was-man-im-herbst-mit-flieder-tun-kann-damit-er-im-naechsten-fruehling-praechtig-zur-geltung-kommt-und-zwei-dinge-die-man-immer-vermeiden-sollte\/","name":"Was man im Herbst mit Flieder tun kann, damit er im n\u00e4chsten Fr\u00fchling pr\u00e4chtig zur Geltung kommt \u2013 und zwei Dinge, die man immer vermeiden sollte - Nachrichten - Stra\u00dfenweb","isPartOf":{"@id":"https:\/\/www.strassenweb.de\/nachrichten\/#website"},"primaryImageOfPage":{"@id":"https:\/\/www.strassenweb.de\/nachrichten\/was-man-im-herbst-mit-flieder-tun-kann-damit-er-im-naechsten-fruehling-praechtig-zur-geltung-kommt-und-zwei-dinge-die-man-immer-vermeiden-sollte\/#primaryimage"},"image":{"@id":"https:\/\/www.strassenweb.de\/nachrichten\/was-man-im-herbst-mit-flieder-tun-kann-damit-er-im-naechsten-fruehling-praechtig-zur-geltung-kommt-und-zwei-dinge-die-man-immer-vermeiden-sollte\/#primaryimage"},"thumbnailUrl":"https:\/\/www.strassenweb.de\/nachrichten\/wp-content\/uploads\/2025\/11\/Was-man-im-Herbst-mit-Flieder-tun-kann-damit-er.jpg","datePublished":"2025-11-19T06:39:50+00:00","dateModified":"2025-11-19T06:39:51+00:00","breadcrumb":{"@id":"https:\/\/www.strassenweb.de\/nachrichten\/was-man-im-herbst-mit-flieder-tun-kann-damit-er-im-naechsten-fruehling-praechtig-zur-geltung-kommt-und-zwei-dinge-die-man-immer-vermeiden-sollte\/#breadcrumb"},"inLanguage":"de","potentialAction":[{"@type":"ReadAction","target":["https:\/\/www.strassenweb.de\/nachrichten\/was-man-im-herbst-mit-flieder-tun-kann-damit-er-im-naechsten-fruehling-praechtig-zur-geltung-kommt-und-zwei-dinge-die-man-immer-vermeiden-sollte\/"]}]},{"@type":"ImageObject","inLanguage":"de","@id":"https:\/\/www.strassenweb.de\/nachrichten\/was-man-im-herbst-mit-flieder-tun-kann-damit-er-im-naechsten-fruehling-praechtig-zur-geltung-kommt-und-zwei-dinge-die-man-immer-vermeiden-sollte\/#primaryimage","url":"https:\/\/www.strassenweb.de\/nachrichten\/wp-content\/uploads\/2025\/11\/Was-man-im-Herbst-mit-Flieder-tun-kann-damit-er.jpg","contentUrl":"https:\/\/www.strassenweb.de\/nachrichten\/wp-content\/uploads\/2025\/11\/Was-man-im-Herbst-mit-Flieder-tun-kann-damit-er.jpg","width":1600,"height":900,"caption":"A cluster of pink lilac blooms on a shrub in the sunshine"},{"@type":"BreadcrumbList","@id":"https:\/\/www.strassenweb.de\/nachrichten\/was-man-im-herbst-mit-flieder-tun-kann-damit-er-im-naechsten-fruehling-praechtig-zur-geltung-kommt-und-zwei-dinge-die-man-immer-vermeiden-sollte\/#breadcrumb","itemListElement":[{"@type":"ListItem","position":1,"name":"Home","item":"https:\/\/www.strassenweb.de\/nachrichten\/"},{"@type":"ListItem","position":2,"name":"Was man im Herbst mit Flieder tun kann, damit er im n\u00e4chsten Fr\u00fchling pr\u00e4chtig zur Geltung kommt \u2013 und zwei Dinge, die man immer vermeiden sollte"}]},{"@type":"WebSite","@id":"https:\/\/www.strassenweb.de\/nachrichten\/#website","url":"https:\/\/www.strassenweb.de\/nachrichten\/","name":"Stra\u00dfenweb","description":"Stra\u00dfenverzeichnis f\u00fcr Deutschland","publisher":{"@id":"https:\/\/www.strassenweb.de\/nachrichten\/#organization"},"potentialAction":[{"@type":"SearchAction","target":{"@type":"EntryPoint","urlTemplate":"https:\/\/www.strassenweb.de\/nachrichten\/?s={search_term_string}"},"query-input":{"@type":"PropertyValueSpecification","valueRequired":true,"valueName":"search_term_string"}}],"inLanguage":"de"},{"@type":"Organization","@id":"https:\/\/www.strassenweb.de\/nachrichten\/#organization","name":"Stra\u00dfenweb","url":"https:\/\/www.strassenweb.de\/nachrichten\/","logo":{"@type":"ImageObject","inLanguage":"de","@id":"https:\/\/www.strassenweb.de\/nachrichten\/#\/schema\/logo\/image\/","url":"https:\/\/www.strassenweb.de\/nachrichten\/wp-content\/uploads\/2024\/09\/cropped-favicon.png","contentUrl":"https:\/\/www.strassenweb.de\/nachrichten\/wp-content\/uploads\/2024\/09\/cropped-favicon.png","width":512,"height":512,"caption":"Stra\u00dfenweb"},"image":{"@id":"https:\/\/www.strassenweb.de\/nachrichten\/#\/schema\/logo\/image\/"},"sameAs":["https:\/\/www.facebook.com\/strassenweb\/"]},{"@type":"Person","@id":"https:\/\/www.strassenweb.de\/nachrichten\/#\/schema\/person\/87c9c9067f1211da429a744dc5a5aa41","name":"Robert Hoffmann","image":{"@type":"ImageObject","inLanguage":"de","@id":"https:\/\/www.strassenweb.de\/nachrichten\/wp-content\/uploads\/2024\/09\/strassenweb-150x150.jpg","url":"https:\/\/www.strassenweb.de\/nachrichten\/wp-content\/uploads\/2024\/09\/strassenweb-150x150.jpg","contentUrl":"https:\/\/www.strassenweb.de\/nachrichten\/wp-content\/uploads\/2024\/09\/strassenweb-150x150.jpg","caption":"Robert Hoffmann"},"description":"Ich hei\u00dfe Robert Hoffmann und ich bin ein leidenschaftlicher Verfechter von \u00d6kologie und Biodiversit\u00e4t. Seit meiner Kindheit in den W\u00e4ldern Bayerns f\u00fchle ich mich mit der Natur verbunden und bin entschlossen, sie zu sch\u00fctzen. Heute widme ich mein Leben der Sensibilisierung anderer f\u00fcr die Bedeutung des Umweltschutzes f\u00fcr zuk\u00fcnftige Generationen.","sameAs":["https:\/\/www.strassenweb.de\/"]}]}},"_links":{"self":[{"href":"https:\/\/www.strassenweb.de\/nachrichten\/wp-json\/wp\/v2\/posts\/9272","targetHints":{"allow":["GET"]}}],"collection":[{"href":"https:\/\/www.strassenweb.de\/nachrichten\/wp-json\/wp\/v2\/posts"}],"about":[{"href":"https:\/\/www.strassenweb.de\/nachrichten\/wp-json\/wp\/v2\/types\/post"}],"author":[{"embeddable":true,"href":"https:\/\/www.strassenweb.de\/nachrichten\/wp-json\/wp\/v2\/users\/1"}],"replies":[{"embeddable":true,"href":"https:\/\/www.strassenweb.de\/nachrichten\/wp-json\/wp\/v2\/comments?post=9272"}],"version-history":[{"count":0,"href":"https:\/\/www.strassenweb.de\/nachrichten\/wp-json\/wp\/v2\/posts\/9272\/revisions"}],"wp:featuredmedia":[{"embeddable":true,"href":"https:\/\/www.strassenweb.de\/nachrichten\/wp-json\/wp\/v2\/media\/9273"}],"wp:attachment":[{"href":"https:\/\/www.strassenweb.de\/nachrichten\/wp-json\/wp\/v2\/media?parent=9272"}],"wp:term":[{"taxonomy":"category","embeddable":true,"href":"https:\/\/www.strassenweb.de\/nachrichten\/wp-json\/wp\/v2\/categories?post=9272"},{"taxonomy":"post_tag","embeddable":true,"href":"https:\/\/www.strassenweb.de\/nachrichten\/wp-json\/wp\/v2\/tags?post=9272"}],"curies":[{"name":"wp","href":"https:\/\/api.w.org\/{rel}","templated":true}]}}