{"id":924,"date":"2024-10-15T16:07:55","date_gmt":"2024-10-15T14:07:55","guid":{"rendered":"https:\/\/www.strassenweb.de\/nachrichten\/haben-sie-schon-von-der-debatte-beine-vs-keine-beine-gehoert-die-innenarchitektin-marie-flanigan-entscheidet-welches-moebel-am-besten-zu-ihnen-passt\/"},"modified":"2024-10-15T16:07:56","modified_gmt":"2024-10-15T14:07:56","slug":"haben-sie-schon-von-der-debatte-beine-vs-keine-beine-gehoert-die-innenarchitektin-marie-flanigan-entscheidet-welches-moebel-am-besten-zu-ihnen-passt","status":"publish","type":"post","link":"https:\/\/www.strassenweb.de\/nachrichten\/haben-sie-schon-von-der-debatte-beine-vs-keine-beine-gehoert-die-innenarchitektin-marie-flanigan-entscheidet-welches-moebel-am-besten-zu-ihnen-passt\/","title":{"rendered":"Haben Sie schon von der Debatte \u201eBeine vs. keine Beine\u201c geh\u00f6rt? Die Innenarchitektin Marie Flanigan entscheidet, welches M\u00f6bel am besten zu Ihnen passt"},"content":{"rendered":"<p><\/p>\n<div id=\"article-body\" class=\"article__body \">\n<p>Wir sprechen hier oft \u00fcber trendige M\u00f6belstile und die von Experten empfohlenen M\u00f6belarrangements f\u00fcr Ihr Zuhause <em>H&#038;G<\/em>aber eine Sache, \u00fcber die wir uns nicht allzu sehr aufhalten, ist die <em>Beine <\/em>auf solchen St\u00fccken.<\/p>\n<div id=\"ad-unit-1\" class=\"ad-unit\"><\/div>\n<p>Aber wie sich herausstellt, gibt es tats\u00e4chlich eine ziemlich gro\u00dfe Debatte unter Innenarchitekten und Hausbesitzern \u2013 treffend mit dem Titel \u201eBeine oder keine Beine\u201c-Debatte bezeichnet. Das h\u00e4lt im Wesentlichen, was es verspricht und beschreibt die Frage, ob die M\u00f6bel in einem Raum auf Beinen stehen oder bis zum Boden reichen sollen.<\/p>\n<aside class=\"hawk-nest\" data-render-type=\"fte\" data-skip=\"dealsy\" data-widget-type=\"seasonal\">\n<div class=\"hawk-master-widget-hawk-base-wrapper\"><\/div>\n<\/aside>\n<p>Um uns bei einer solchen Debatte zu helfen, hat Designerin Marie Flanigan auf Instagram ihre besten Ratschl\u00e4ge f\u00fcr die Auswahl von Wohnzimmerm\u00f6beln geteilt \u2013 und Spoiler-Alarm: Es beinhaltet eine clevere Balance aus beidem.<\/p>\n<div id=\"desktop-in-article\" class=\"in-article ad-unit\">\n<div id=\"desktop-taboola-mid-article\"><\/div>\n<\/div>\n<div id=\"mobile-in-article\" class=\"in-article ad-unit\">\n<div id=\"mobile-taboola-mid-article\"><\/div>\n<\/div>\n<div class=\"instagram-embed\">\n<blockquote class=\"instagram-media\" data-instgrm-captioned data-instgrm-version=\"6\" style=\"width:99.375%; width:-webkit-calc(100% - 2px); width:calc(100% - 2px);\">\n<p>Ein Beitrag geteilt von Marie Flanigan Interiors (@marieflaniganinteriors)<\/p>\n<p>Ein Foto gepostet von am <\/p>\n<\/blockquote>\n<\/div>\n<p>\u201eLassen Sie uns in die Debatte \u201eBeine vs. keine Beine\u201c einsteigen\u201c, sagt Marie und er\u00f6ffnet das Video. \u201eIch bin hier, um zu behaupten, dass es auf die Mischung aus beidem ankommt.\u201c<\/p>\n<div class=\"van_vid_carousel\">\n<div class=\"van_vid_carousel__padding\">\n<div class=\"van_vid_carousel__container\"><\/div>\n<\/div>\n<\/div>\n<p>Ein typischer Ratschlag, der Ihnen hilft, das Beste aus einem kleinen Raum herauszuholen: Wenn Sie M\u00f6bel auf Beine stellen, kann dies den Eindruck von mehr Platz in einem kleinen Wohnzimmer erwecken.<\/p>\n<div id=\"ad-unit-2\" class=\"ad-unit\"><\/div>\n<p>\u201eWenn ich einen kleineren Raum habe, der heller oder luftiger wirken soll, dann entscheide ich mich wirklich f\u00fcr M\u00f6belst\u00fccke mit Beinen\u201c, erkl\u00e4rt Marie. \u201eWenn Sie den Boden durch einen Raum hindurch sehen, kann er ihm die optische Leichtigkeit und Luftigkeit verleihen, die Sie suchen, damit er sich gro\u00dfz\u00fcgiger anf\u00fchlt.\u201c<\/p>\n<p>Wie bei den meisten Grundregeln f\u00fcr die Inneneinrichtung kann und sollte auch diese Regel f\u00fcr die Gestaltung kleiner Wohnzimmer gebrochen werden.<\/p>\n<div id=\"slice-container-newsletterForm-articleInbodyContent-bo9294UYabbsRAdNYFaqzM\" class=\"slice-container newsletter-inbodyContent-slice newsletterForm-articleInbodyContent-bo9294UYabbsRAdNYFaqzM slice-container-newsletterForm\"><\/div>\n<figure class=\"van-image-figure inline-layout \" data-bordeaux-image-check>\n<div class=\"image-full-width-wrapper\">\n<div class=\"image-widthsetter\" style=\"max-width:2400px;\"><\/div>\n<\/div>\n<\/figure>\n<p>\u201eIm Gegensatz dazu verleihen St\u00fccke, die bis zum Boden gepolstert sind oder einen Sockel haben, Ihrem Raum Stabilit\u00e4t, optische Schwere und ein eher monolithisches Aussehen, mit dem Sie dann luftigere St\u00fccke kombinieren k\u00f6nnen\u201c, f\u00e4hrt Marie fort.<\/p>\n<p>Bei einigen der gr\u00f6\u00dften M\u00f6beltrends f\u00fcr 2024 r\u00fccken mehr Retro-Formen, darunter St\u00fccke mit R\u00f6cken und Fransen, wieder ins Rampenlicht.<\/p>\n<p>Perfekt f\u00fcr traditionellere Wohnzimmereinrichtungen, haben R\u00f6cke auch Einzug ins Schlafzimmer gehalten, wo Bettr\u00f6cke ein Revival erleben (vielleicht dank des Anstiegs der Beliebtheit im Grandmillennial) und in der K\u00fcche, wo gepolsterte Sitzb\u00e4nke ein Zeichen f\u00fcr eine ziemliche Mode sind -Trendhaus.<\/p>\n<figure class=\"van-image-figure inline-layout \" data-bordeaux-image-check>\n<div class=\"image-full-width-wrapper\">\n<div class=\"image-widthsetter\" style=\"max-width:2000px;\"><\/div>\n<\/div>\n<\/figure>\n<p>Also, was ist die Antwort? Die Harmonie liegt laut Marie im Mix beider M\u00f6bel <em>mit <\/em>Und <em>ohne <\/em>Beine in einem einzigen Raum. Wie in diesem gem\u00fctlichen, von Marie entworfenen Raum oben, hat die Samtcouch einen Rock, der bis zum Boden reicht, w\u00e4hrend der Beistelltisch und der antike Couchtisch beide auf Beinen stehen (wenn auch eher klobige).<\/p>\n<p>Indem wir der Idee Nachdruck verleihen, dass passende M\u00f6belsets ausgestorben sind, und Platz f\u00fcr eklektischere Wohnzimmerm\u00f6beltrends schaffen, entsteht durch die Kombination verschiedener Teile in einem Raum ein dynamisches und interessantes Gleichgewicht.<\/p>\n<p>\u201eEs gibt nichts Besseres als ein Sofa mit Sockel, um einen Raum zu definieren\u201c, f\u00fcgt Marie hinzu. \u201eWenn Sie St\u00fccke mit Beinen dahinter anordnen k\u00f6nnen, wie zum Beispiel eine Konsole aus Glas und Metall oder einen sch\u00f6nen Beistelltisch aus Holz daneben, geht es wirklich darum, die Mischung aus beidem einzubringen, die Ihrem Raum Atmosph\u00e4re verleiht.\u201c vielschichtig und vollst\u00e4ndig und interessant.&#8216;<\/p>\n<div class=\"product-container hero-product-container product-block-no-wrap\"><\/div>\n<hr>\n<p>Sich bei der Gestaltung eines Raums auf den Denkprozess der Experten zu st\u00fctzen, ist eine gro\u00dfartige M\u00f6glichkeit, von den Besten zu lernen und so als Inspiration f\u00fcr die Entscheidungen in Ihrem eigenen Zuhause zu dienen. Hoffentlich inspiriert Sie Marie Flanigans Rat zur Kombination von M\u00f6beln mit und ohne Beinen dazu, bei der Auswahl Ihrer M\u00f6bel vielseitiger und durchdachter zu sein.<\/p>\n<\/div>\n<p><script async src=\"\/\/www.instagram.com\/embed.js\"><\/script><\/p>\n","protected":false},"excerpt":{"rendered":"<p>Wir sprechen hier oft \u00fcber trendige M\u00f6belstile und die von Experten empfohlenen M\u00f6belarrangements f\u00fcr Ihr Zuhause H&#038;Gaber eine Sache, \u00fcber die wir uns nicht allzu<\/p>\n","protected":false},"author":1,"featured_media":925,"comment_status":"closed","ping_status":"","sticky":false,"template":"","format":"standard","meta":{"footnotes":""},"categories":[118],"tags":[1809,484,1808,81,9,1814,1813,1810,469,1046,1811,1771,1812,1816,1817,523,165,21,1815],"class_list":["post-924","post","type-post","status-publish","format-standard","has-post-thumbnail","hentry","category-haus-garten","tag-beine","tag-besten","tag-debatte","tag-der","tag-die","tag-entscheidet","tag-flanigan","tag-gehoert","tag-haben","tag-ihnen","tag-innenarchitektin","tag-keine","tag-marie","tag-moebel","tag-passt","tag-schon","tag-sie","tag-von","tag-welches","generate-columns","tablet-grid-50","mobile-grid-100","grid-parent","grid-50"],"yoast_head":"<!-- This site is optimized with the Yoast SEO plugin v27.3 - https:\/\/yoast.com\/product\/yoast-seo-wordpress\/ -->\n<title>Haben Sie schon von der Debatte \u201eBeine vs. keine Beine\u201c geh\u00f6rt? Die Innenarchitektin Marie Flanigan entscheidet, welches M\u00f6bel am besten zu Ihnen passt - Nachrichten - Stra\u00dfenweb<\/title>\n<meta name=\"robots\" content=\"index, follow, max-snippet:-1, max-image-preview:large, max-video-preview:-1\" \/>\n<link rel=\"canonical\" href=\"https:\/\/www.strassenweb.de\/nachrichten\/haben-sie-schon-von-der-debatte-beine-vs-keine-beine-gehoert-die-innenarchitektin-marie-flanigan-entscheidet-welches-moebel-am-besten-zu-ihnen-passt\/\" \/>\n<meta property=\"og:locale\" content=\"de_DE\" \/>\n<meta property=\"og:type\" content=\"article\" \/>\n<meta property=\"og:title\" content=\"Haben Sie schon von der Debatte \u201eBeine vs. keine Beine\u201c geh\u00f6rt? Die Innenarchitektin Marie Flanigan entscheidet, welches M\u00f6bel am besten zu Ihnen passt - Nachrichten - Stra\u00dfenweb\" \/>\n<meta property=\"og:description\" content=\"Wir sprechen hier oft \u00fcber trendige M\u00f6belstile und die von Experten empfohlenen M\u00f6belarrangements f\u00fcr Ihr Zuhause H&#038;Gaber eine Sache, \u00fcber die wir uns nicht allzu\" \/>\n<meta property=\"og:url\" content=\"https:\/\/www.strassenweb.de\/nachrichten\/haben-sie-schon-von-der-debatte-beine-vs-keine-beine-gehoert-die-innenarchitektin-marie-flanigan-entscheidet-welches-moebel-am-besten-zu-ihnen-passt\/\" \/>\n<meta property=\"og:site_name\" content=\"Stra\u00dfenweb\" \/>\n<meta property=\"article:publisher\" content=\"https:\/\/www.facebook.com\/strassenweb\/\" \/>\n<meta property=\"article:published_time\" content=\"2024-10-15T14:07:55+00:00\" \/>\n<meta property=\"article:modified_time\" content=\"2024-10-15T14:07:56+00:00\" \/>\n<meta property=\"og:image\" content=\"https:\/\/www.strassenweb.de\/nachrichten\/wp-content\/uploads\/2024\/10\/Haben-Sie-schon-von-der-Debatte-\u201eBeine-vs-keine-Beine.jpg\" \/>\n\t<meta property=\"og:image:width\" content=\"1200\" \/>\n\t<meta property=\"og:image:height\" content=\"675\" \/>\n\t<meta property=\"og:image:type\" content=\"image\/jpeg\" \/>\n<meta name=\"author\" content=\"Robert Hoffmann\" \/>\n<meta name=\"twitter:card\" content=\"summary_large_image\" \/>\n<meta name=\"twitter:label1\" content=\"Verfasst von\" \/>\n\t<meta name=\"twitter:data1\" content=\"Robert Hoffmann\" \/>\n\t<meta name=\"twitter:label2\" content=\"Gesch\u00e4tzte Lesezeit\" \/>\n\t<meta name=\"twitter:data2\" content=\"3\u00a0Minuten\" \/>\n<script type=\"application\/ld+json\" class=\"yoast-schema-graph\">{\"@context\":\"https:\\\/\\\/schema.org\",\"@graph\":[{\"@type\":\"Article\",\"@id\":\"https:\\\/\\\/www.strassenweb.de\\\/nachrichten\\\/haben-sie-schon-von-der-debatte-beine-vs-keine-beine-gehoert-die-innenarchitektin-marie-flanigan-entscheidet-welches-moebel-am-besten-zu-ihnen-passt\\\/#article\",\"isPartOf\":{\"@id\":\"https:\\\/\\\/www.strassenweb.de\\\/nachrichten\\\/haben-sie-schon-von-der-debatte-beine-vs-keine-beine-gehoert-die-innenarchitektin-marie-flanigan-entscheidet-welches-moebel-am-besten-zu-ihnen-passt\\\/\"},\"author\":{\"name\":\"Robert Hoffmann\",\"@id\":\"https:\\\/\\\/www.strassenweb.de\\\/nachrichten\\\/#\\\/schema\\\/person\\\/87c9c9067f1211da429a744dc5a5aa41\"},\"headline\":\"Haben Sie schon von der Debatte \u201eBeine vs. keine Beine\u201c geh\u00f6rt? Die Innenarchitektin Marie Flanigan entscheidet, welches M\u00f6bel am besten zu Ihnen passt\",\"datePublished\":\"2024-10-15T14:07:55+00:00\",\"dateModified\":\"2024-10-15T14:07:56+00:00\",\"mainEntityOfPage\":{\"@id\":\"https:\\\/\\\/www.strassenweb.de\\\/nachrichten\\\/haben-sie-schon-von-der-debatte-beine-vs-keine-beine-gehoert-die-innenarchitektin-marie-flanigan-entscheidet-welches-moebel-am-besten-zu-ihnen-passt\\\/\"},\"wordCount\":644,\"publisher\":{\"@id\":\"https:\\\/\\\/www.strassenweb.de\\\/nachrichten\\\/#organization\"},\"image\":{\"@id\":\"https:\\\/\\\/www.strassenweb.de\\\/nachrichten\\\/haben-sie-schon-von-der-debatte-beine-vs-keine-beine-gehoert-die-innenarchitektin-marie-flanigan-entscheidet-welches-moebel-am-besten-zu-ihnen-passt\\\/#primaryimage\"},\"thumbnailUrl\":\"https:\\\/\\\/www.strassenweb.de\\\/nachrichten\\\/wp-content\\\/uploads\\\/2024\\\/10\\\/Haben-Sie-schon-von-der-Debatte-\u201eBeine-vs-keine-Beine.jpg\",\"keywords\":[\"Beine\",\"besten\",\"Debatte\",\"der\",\"die\",\"entscheidet\",\"Flanigan\",\"geh\u00f6rt\",\"haben\",\"ihnen\",\"Innenarchitektin\",\"keine\",\"Marie\",\"M\u00f6bel\",\"passt\",\"schon\",\"Sie\",\"von\",\"welches\"],\"articleSection\":[\"Haus &amp; Garten\"],\"inLanguage\":\"de\"},{\"@type\":\"WebPage\",\"@id\":\"https:\\\/\\\/www.strassenweb.de\\\/nachrichten\\\/haben-sie-schon-von-der-debatte-beine-vs-keine-beine-gehoert-die-innenarchitektin-marie-flanigan-entscheidet-welches-moebel-am-besten-zu-ihnen-passt\\\/\",\"url\":\"https:\\\/\\\/www.strassenweb.de\\\/nachrichten\\\/haben-sie-schon-von-der-debatte-beine-vs-keine-beine-gehoert-die-innenarchitektin-marie-flanigan-entscheidet-welches-moebel-am-besten-zu-ihnen-passt\\\/\",\"name\":\"Haben Sie schon von der Debatte \u201eBeine vs. keine Beine\u201c geh\u00f6rt? Die Innenarchitektin Marie Flanigan entscheidet, welches M\u00f6bel am besten zu Ihnen passt - Nachrichten - Stra\u00dfenweb\",\"isPartOf\":{\"@id\":\"https:\\\/\\\/www.strassenweb.de\\\/nachrichten\\\/#website\"},\"primaryImageOfPage\":{\"@id\":\"https:\\\/\\\/www.strassenweb.de\\\/nachrichten\\\/haben-sie-schon-von-der-debatte-beine-vs-keine-beine-gehoert-die-innenarchitektin-marie-flanigan-entscheidet-welches-moebel-am-besten-zu-ihnen-passt\\\/#primaryimage\"},\"image\":{\"@id\":\"https:\\\/\\\/www.strassenweb.de\\\/nachrichten\\\/haben-sie-schon-von-der-debatte-beine-vs-keine-beine-gehoert-die-innenarchitektin-marie-flanigan-entscheidet-welches-moebel-am-besten-zu-ihnen-passt\\\/#primaryimage\"},\"thumbnailUrl\":\"https:\\\/\\\/www.strassenweb.de\\\/nachrichten\\\/wp-content\\\/uploads\\\/2024\\\/10\\\/Haben-Sie-schon-von-der-Debatte-\u201eBeine-vs-keine-Beine.jpg\",\"datePublished\":\"2024-10-15T14:07:55+00:00\",\"dateModified\":\"2024-10-15T14:07:56+00:00\",\"breadcrumb\":{\"@id\":\"https:\\\/\\\/www.strassenweb.de\\\/nachrichten\\\/haben-sie-schon-von-der-debatte-beine-vs-keine-beine-gehoert-die-innenarchitektin-marie-flanigan-entscheidet-welches-moebel-am-besten-zu-ihnen-passt\\\/#breadcrumb\"},\"inLanguage\":\"de\",\"potentialAction\":[{\"@type\":\"ReadAction\",\"target\":[\"https:\\\/\\\/www.strassenweb.de\\\/nachrichten\\\/haben-sie-schon-von-der-debatte-beine-vs-keine-beine-gehoert-die-innenarchitektin-marie-flanigan-entscheidet-welches-moebel-am-besten-zu-ihnen-passt\\\/\"]}]},{\"@type\":\"ImageObject\",\"inLanguage\":\"de\",\"@id\":\"https:\\\/\\\/www.strassenweb.de\\\/nachrichten\\\/haben-sie-schon-von-der-debatte-beine-vs-keine-beine-gehoert-die-innenarchitektin-marie-flanigan-entscheidet-welches-moebel-am-besten-zu-ihnen-passt\\\/#primaryimage\",\"url\":\"https:\\\/\\\/www.strassenweb.de\\\/nachrichten\\\/wp-content\\\/uploads\\\/2024\\\/10\\\/Haben-Sie-schon-von-der-Debatte-\u201eBeine-vs-keine-Beine.jpg\",\"contentUrl\":\"https:\\\/\\\/www.strassenweb.de\\\/nachrichten\\\/wp-content\\\/uploads\\\/2024\\\/10\\\/Haben-Sie-schon-von-der-Debatte-\u201eBeine-vs-keine-Beine.jpg\",\"width\":1200,\"height\":675,\"caption\":\"Haben Sie schon von der Debatte \u201eBeine vs. keine Beine\u201c geh\u00f6rt? Die Innenarchitektin Marie Flanigan entscheidet, welches M\u00f6bel am besten zu Ihnen passt\"},{\"@type\":\"BreadcrumbList\",\"@id\":\"https:\\\/\\\/www.strassenweb.de\\\/nachrichten\\\/haben-sie-schon-von-der-debatte-beine-vs-keine-beine-gehoert-die-innenarchitektin-marie-flanigan-entscheidet-welches-moebel-am-besten-zu-ihnen-passt\\\/#breadcrumb\",\"itemListElement\":[{\"@type\":\"ListItem\",\"position\":1,\"name\":\"Home\",\"item\":\"https:\\\/\\\/www.strassenweb.de\\\/nachrichten\\\/\"},{\"@type\":\"ListItem\",\"position\":2,\"name\":\"Haben Sie schon von der Debatte \u201eBeine vs. keine Beine\u201c geh\u00f6rt? Die Innenarchitektin Marie Flanigan entscheidet, welches M\u00f6bel am besten zu Ihnen passt\"}]},{\"@type\":\"WebSite\",\"@id\":\"https:\\\/\\\/www.strassenweb.de\\\/nachrichten\\\/#website\",\"url\":\"https:\\\/\\\/www.strassenweb.de\\\/nachrichten\\\/\",\"name\":\"Stra\u00dfenweb\",\"description\":\"Stra\u00dfenverzeichnis f\u00fcr Deutschland\",\"publisher\":{\"@id\":\"https:\\\/\\\/www.strassenweb.de\\\/nachrichten\\\/#organization\"},\"potentialAction\":[{\"@type\":\"SearchAction\",\"target\":{\"@type\":\"EntryPoint\",\"urlTemplate\":\"https:\\\/\\\/www.strassenweb.de\\\/nachrichten\\\/?s={search_term_string}\"},\"query-input\":{\"@type\":\"PropertyValueSpecification\",\"valueRequired\":true,\"valueName\":\"search_term_string\"}}],\"inLanguage\":\"de\"},{\"@type\":\"Organization\",\"@id\":\"https:\\\/\\\/www.strassenweb.de\\\/nachrichten\\\/#organization\",\"name\":\"Stra\u00dfenweb\",\"url\":\"https:\\\/\\\/www.strassenweb.de\\\/nachrichten\\\/\",\"logo\":{\"@type\":\"ImageObject\",\"inLanguage\":\"de\",\"@id\":\"https:\\\/\\\/www.strassenweb.de\\\/nachrichten\\\/#\\\/schema\\\/logo\\\/image\\\/\",\"url\":\"https:\\\/\\\/www.strassenweb.de\\\/nachrichten\\\/wp-content\\\/uploads\\\/2024\\\/09\\\/cropped-favicon.png\",\"contentUrl\":\"https:\\\/\\\/www.strassenweb.de\\\/nachrichten\\\/wp-content\\\/uploads\\\/2024\\\/09\\\/cropped-favicon.png\",\"width\":512,\"height\":512,\"caption\":\"Stra\u00dfenweb\"},\"image\":{\"@id\":\"https:\\\/\\\/www.strassenweb.de\\\/nachrichten\\\/#\\\/schema\\\/logo\\\/image\\\/\"},\"sameAs\":[\"https:\\\/\\\/www.facebook.com\\\/strassenweb\\\/\"]},{\"@type\":\"Person\",\"@id\":\"https:\\\/\\\/www.strassenweb.de\\\/nachrichten\\\/#\\\/schema\\\/person\\\/87c9c9067f1211da429a744dc5a5aa41\",\"name\":\"Robert Hoffmann\",\"image\":{\"@type\":\"ImageObject\",\"inLanguage\":\"de\",\"@id\":\"https:\\\/\\\/www.strassenweb.de\\\/nachrichten\\\/wp-content\\\/uploads\\\/2024\\\/09\\\/strassenweb-150x150.jpg\",\"url\":\"https:\\\/\\\/www.strassenweb.de\\\/nachrichten\\\/wp-content\\\/uploads\\\/2024\\\/09\\\/strassenweb-150x150.jpg\",\"contentUrl\":\"https:\\\/\\\/www.strassenweb.de\\\/nachrichten\\\/wp-content\\\/uploads\\\/2024\\\/09\\\/strassenweb-150x150.jpg\",\"caption\":\"Robert Hoffmann\"},\"description\":\"Ich hei\u00dfe Robert Hoffmann und ich bin ein leidenschaftlicher Verfechter von \u00d6kologie und Biodiversit\u00e4t. Seit meiner Kindheit in den W\u00e4ldern Bayerns f\u00fchle ich mich mit der Natur verbunden und bin entschlossen, sie zu sch\u00fctzen. Heute widme ich mein Leben der Sensibilisierung anderer f\u00fcr die Bedeutung des Umweltschutzes f\u00fcr zuk\u00fcnftige Generationen.\",\"sameAs\":[\"https:\\\/\\\/www.strassenweb.de\\\/\"]}]}<\/script>\n<!-- \/ Yoast SEO plugin. -->","yoast_head_json":{"title":"Haben Sie schon von der Debatte \u201eBeine vs. keine Beine\u201c geh\u00f6rt? Die Innenarchitektin Marie Flanigan entscheidet, welches M\u00f6bel am besten zu Ihnen passt - Nachrichten - Stra\u00dfenweb","robots":{"index":"index","follow":"follow","max-snippet":"max-snippet:-1","max-image-preview":"max-image-preview:large","max-video-preview":"max-video-preview:-1"},"canonical":"https:\/\/www.strassenweb.de\/nachrichten\/haben-sie-schon-von-der-debatte-beine-vs-keine-beine-gehoert-die-innenarchitektin-marie-flanigan-entscheidet-welches-moebel-am-besten-zu-ihnen-passt\/","og_locale":"de_DE","og_type":"article","og_title":"Haben Sie schon von der Debatte \u201eBeine vs. keine Beine\u201c geh\u00f6rt? Die Innenarchitektin Marie Flanigan entscheidet, welches M\u00f6bel am besten zu Ihnen passt - Nachrichten - Stra\u00dfenweb","og_description":"Wir sprechen hier oft \u00fcber trendige M\u00f6belstile und die von Experten empfohlenen M\u00f6belarrangements f\u00fcr Ihr Zuhause H&#038;Gaber eine Sache, \u00fcber die wir uns nicht allzu","og_url":"https:\/\/www.strassenweb.de\/nachrichten\/haben-sie-schon-von-der-debatte-beine-vs-keine-beine-gehoert-die-innenarchitektin-marie-flanigan-entscheidet-welches-moebel-am-besten-zu-ihnen-passt\/","og_site_name":"Stra\u00dfenweb","article_publisher":"https:\/\/www.facebook.com\/strassenweb\/","article_published_time":"2024-10-15T14:07:55+00:00","article_modified_time":"2024-10-15T14:07:56+00:00","og_image":[{"width":1200,"height":675,"url":"https:\/\/www.strassenweb.de\/nachrichten\/wp-content\/uploads\/2024\/10\/Haben-Sie-schon-von-der-Debatte-\u201eBeine-vs-keine-Beine.jpg","type":"image\/jpeg"}],"author":"Robert Hoffmann","twitter_card":"summary_large_image","twitter_misc":{"Verfasst von":"Robert Hoffmann","Gesch\u00e4tzte Lesezeit":"3\u00a0Minuten"},"schema":{"@context":"https:\/\/schema.org","@graph":[{"@type":"Article","@id":"https:\/\/www.strassenweb.de\/nachrichten\/haben-sie-schon-von-der-debatte-beine-vs-keine-beine-gehoert-die-innenarchitektin-marie-flanigan-entscheidet-welches-moebel-am-besten-zu-ihnen-passt\/#article","isPartOf":{"@id":"https:\/\/www.strassenweb.de\/nachrichten\/haben-sie-schon-von-der-debatte-beine-vs-keine-beine-gehoert-die-innenarchitektin-marie-flanigan-entscheidet-welches-moebel-am-besten-zu-ihnen-passt\/"},"author":{"name":"Robert Hoffmann","@id":"https:\/\/www.strassenweb.de\/nachrichten\/#\/schema\/person\/87c9c9067f1211da429a744dc5a5aa41"},"headline":"Haben Sie schon von der Debatte \u201eBeine vs. keine Beine\u201c geh\u00f6rt? Die Innenarchitektin Marie Flanigan entscheidet, welches M\u00f6bel am besten zu Ihnen passt","datePublished":"2024-10-15T14:07:55+00:00","dateModified":"2024-10-15T14:07:56+00:00","mainEntityOfPage":{"@id":"https:\/\/www.strassenweb.de\/nachrichten\/haben-sie-schon-von-der-debatte-beine-vs-keine-beine-gehoert-die-innenarchitektin-marie-flanigan-entscheidet-welches-moebel-am-besten-zu-ihnen-passt\/"},"wordCount":644,"publisher":{"@id":"https:\/\/www.strassenweb.de\/nachrichten\/#organization"},"image":{"@id":"https:\/\/www.strassenweb.de\/nachrichten\/haben-sie-schon-von-der-debatte-beine-vs-keine-beine-gehoert-die-innenarchitektin-marie-flanigan-entscheidet-welches-moebel-am-besten-zu-ihnen-passt\/#primaryimage"},"thumbnailUrl":"https:\/\/www.strassenweb.de\/nachrichten\/wp-content\/uploads\/2024\/10\/Haben-Sie-schon-von-der-Debatte-\u201eBeine-vs-keine-Beine.jpg","keywords":["Beine","besten","Debatte","der","die","entscheidet","Flanigan","geh\u00f6rt","haben","ihnen","Innenarchitektin","keine","Marie","M\u00f6bel","passt","schon","Sie","von","welches"],"articleSection":["Haus &amp; Garten"],"inLanguage":"de"},{"@type":"WebPage","@id":"https:\/\/www.strassenweb.de\/nachrichten\/haben-sie-schon-von-der-debatte-beine-vs-keine-beine-gehoert-die-innenarchitektin-marie-flanigan-entscheidet-welches-moebel-am-besten-zu-ihnen-passt\/","url":"https:\/\/www.strassenweb.de\/nachrichten\/haben-sie-schon-von-der-debatte-beine-vs-keine-beine-gehoert-die-innenarchitektin-marie-flanigan-entscheidet-welches-moebel-am-besten-zu-ihnen-passt\/","name":"Haben Sie schon von der Debatte \u201eBeine vs. keine Beine\u201c geh\u00f6rt? Die Innenarchitektin Marie Flanigan entscheidet, welches M\u00f6bel am besten zu Ihnen passt - Nachrichten - Stra\u00dfenweb","isPartOf":{"@id":"https:\/\/www.strassenweb.de\/nachrichten\/#website"},"primaryImageOfPage":{"@id":"https:\/\/www.strassenweb.de\/nachrichten\/haben-sie-schon-von-der-debatte-beine-vs-keine-beine-gehoert-die-innenarchitektin-marie-flanigan-entscheidet-welches-moebel-am-besten-zu-ihnen-passt\/#primaryimage"},"image":{"@id":"https:\/\/www.strassenweb.de\/nachrichten\/haben-sie-schon-von-der-debatte-beine-vs-keine-beine-gehoert-die-innenarchitektin-marie-flanigan-entscheidet-welches-moebel-am-besten-zu-ihnen-passt\/#primaryimage"},"thumbnailUrl":"https:\/\/www.strassenweb.de\/nachrichten\/wp-content\/uploads\/2024\/10\/Haben-Sie-schon-von-der-Debatte-\u201eBeine-vs-keine-Beine.jpg","datePublished":"2024-10-15T14:07:55+00:00","dateModified":"2024-10-15T14:07:56+00:00","breadcrumb":{"@id":"https:\/\/www.strassenweb.de\/nachrichten\/haben-sie-schon-von-der-debatte-beine-vs-keine-beine-gehoert-die-innenarchitektin-marie-flanigan-entscheidet-welches-moebel-am-besten-zu-ihnen-passt\/#breadcrumb"},"inLanguage":"de","potentialAction":[{"@type":"ReadAction","target":["https:\/\/www.strassenweb.de\/nachrichten\/haben-sie-schon-von-der-debatte-beine-vs-keine-beine-gehoert-die-innenarchitektin-marie-flanigan-entscheidet-welches-moebel-am-besten-zu-ihnen-passt\/"]}]},{"@type":"ImageObject","inLanguage":"de","@id":"https:\/\/www.strassenweb.de\/nachrichten\/haben-sie-schon-von-der-debatte-beine-vs-keine-beine-gehoert-die-innenarchitektin-marie-flanigan-entscheidet-welches-moebel-am-besten-zu-ihnen-passt\/#primaryimage","url":"https:\/\/www.strassenweb.de\/nachrichten\/wp-content\/uploads\/2024\/10\/Haben-Sie-schon-von-der-Debatte-\u201eBeine-vs-keine-Beine.jpg","contentUrl":"https:\/\/www.strassenweb.de\/nachrichten\/wp-content\/uploads\/2024\/10\/Haben-Sie-schon-von-der-Debatte-\u201eBeine-vs-keine-Beine.jpg","width":1200,"height":675,"caption":"Haben Sie schon von der Debatte \u201eBeine vs. keine Beine\u201c geh\u00f6rt? Die Innenarchitektin Marie Flanigan entscheidet, welches M\u00f6bel am besten zu Ihnen passt"},{"@type":"BreadcrumbList","@id":"https:\/\/www.strassenweb.de\/nachrichten\/haben-sie-schon-von-der-debatte-beine-vs-keine-beine-gehoert-die-innenarchitektin-marie-flanigan-entscheidet-welches-moebel-am-besten-zu-ihnen-passt\/#breadcrumb","itemListElement":[{"@type":"ListItem","position":1,"name":"Home","item":"https:\/\/www.strassenweb.de\/nachrichten\/"},{"@type":"ListItem","position":2,"name":"Haben Sie schon von der Debatte \u201eBeine vs. keine Beine\u201c geh\u00f6rt? Die Innenarchitektin Marie Flanigan entscheidet, welches M\u00f6bel am besten zu Ihnen passt"}]},{"@type":"WebSite","@id":"https:\/\/www.strassenweb.de\/nachrichten\/#website","url":"https:\/\/www.strassenweb.de\/nachrichten\/","name":"Stra\u00dfenweb","description":"Stra\u00dfenverzeichnis f\u00fcr Deutschland","publisher":{"@id":"https:\/\/www.strassenweb.de\/nachrichten\/#organization"},"potentialAction":[{"@type":"SearchAction","target":{"@type":"EntryPoint","urlTemplate":"https:\/\/www.strassenweb.de\/nachrichten\/?s={search_term_string}"},"query-input":{"@type":"PropertyValueSpecification","valueRequired":true,"valueName":"search_term_string"}}],"inLanguage":"de"},{"@type":"Organization","@id":"https:\/\/www.strassenweb.de\/nachrichten\/#organization","name":"Stra\u00dfenweb","url":"https:\/\/www.strassenweb.de\/nachrichten\/","logo":{"@type":"ImageObject","inLanguage":"de","@id":"https:\/\/www.strassenweb.de\/nachrichten\/#\/schema\/logo\/image\/","url":"https:\/\/www.strassenweb.de\/nachrichten\/wp-content\/uploads\/2024\/09\/cropped-favicon.png","contentUrl":"https:\/\/www.strassenweb.de\/nachrichten\/wp-content\/uploads\/2024\/09\/cropped-favicon.png","width":512,"height":512,"caption":"Stra\u00dfenweb"},"image":{"@id":"https:\/\/www.strassenweb.de\/nachrichten\/#\/schema\/logo\/image\/"},"sameAs":["https:\/\/www.facebook.com\/strassenweb\/"]},{"@type":"Person","@id":"https:\/\/www.strassenweb.de\/nachrichten\/#\/schema\/person\/87c9c9067f1211da429a744dc5a5aa41","name":"Robert Hoffmann","image":{"@type":"ImageObject","inLanguage":"de","@id":"https:\/\/www.strassenweb.de\/nachrichten\/wp-content\/uploads\/2024\/09\/strassenweb-150x150.jpg","url":"https:\/\/www.strassenweb.de\/nachrichten\/wp-content\/uploads\/2024\/09\/strassenweb-150x150.jpg","contentUrl":"https:\/\/www.strassenweb.de\/nachrichten\/wp-content\/uploads\/2024\/09\/strassenweb-150x150.jpg","caption":"Robert Hoffmann"},"description":"Ich hei\u00dfe Robert Hoffmann und ich bin ein leidenschaftlicher Verfechter von \u00d6kologie und Biodiversit\u00e4t. Seit meiner Kindheit in den W\u00e4ldern Bayerns f\u00fchle ich mich mit der Natur verbunden und bin entschlossen, sie zu sch\u00fctzen. Heute widme ich mein Leben der Sensibilisierung anderer f\u00fcr die Bedeutung des Umweltschutzes f\u00fcr zuk\u00fcnftige Generationen.","sameAs":["https:\/\/www.strassenweb.de\/"]}]}},"_links":{"self":[{"href":"https:\/\/www.strassenweb.de\/nachrichten\/wp-json\/wp\/v2\/posts\/924","targetHints":{"allow":["GET"]}}],"collection":[{"href":"https:\/\/www.strassenweb.de\/nachrichten\/wp-json\/wp\/v2\/posts"}],"about":[{"href":"https:\/\/www.strassenweb.de\/nachrichten\/wp-json\/wp\/v2\/types\/post"}],"author":[{"embeddable":true,"href":"https:\/\/www.strassenweb.de\/nachrichten\/wp-json\/wp\/v2\/users\/1"}],"replies":[{"embeddable":true,"href":"https:\/\/www.strassenweb.de\/nachrichten\/wp-json\/wp\/v2\/comments?post=924"}],"version-history":[{"count":0,"href":"https:\/\/www.strassenweb.de\/nachrichten\/wp-json\/wp\/v2\/posts\/924\/revisions"}],"wp:featuredmedia":[{"embeddable":true,"href":"https:\/\/www.strassenweb.de\/nachrichten\/wp-json\/wp\/v2\/media\/925"}],"wp:attachment":[{"href":"https:\/\/www.strassenweb.de\/nachrichten\/wp-json\/wp\/v2\/media?parent=924"}],"wp:term":[{"taxonomy":"category","embeddable":true,"href":"https:\/\/www.strassenweb.de\/nachrichten\/wp-json\/wp\/v2\/categories?post=924"},{"taxonomy":"post_tag","embeddable":true,"href":"https:\/\/www.strassenweb.de\/nachrichten\/wp-json\/wp\/v2\/tags?post=924"}],"curies":[{"name":"wp","href":"https:\/\/api.w.org\/{rel}","templated":true}]}}