{"id":9239,"date":"2025-11-17T21:42:26","date_gmt":"2025-11-17T20:42:26","guid":{"rendered":"https:\/\/www.strassenweb.de\/nachrichten\/gigi-hadid-beweist-dass-gebranntes-orange-nicht-nur-ein-trend-sondern-der-unerwartete-unverzichtbare-farbton-ist-auf-den-jeder-designer-fuer-saisonale-dekorationen-drinnen-und-draussen-schwoert\/"},"modified":"2025-11-17T21:42:27","modified_gmt":"2025-11-17T20:42:27","slug":"gigi-hadid-beweist-dass-gebranntes-orange-nicht-nur-ein-trend-sondern-der-unerwartete-unverzichtbare-farbton-ist-auf-den-jeder-designer-fuer-saisonale-dekorationen-drinnen-und-draussen-schwoert","status":"publish","type":"post","link":"https:\/\/www.strassenweb.de\/nachrichten\/gigi-hadid-beweist-dass-gebranntes-orange-nicht-nur-ein-trend-sondern-der-unerwartete-unverzichtbare-farbton-ist-auf-den-jeder-designer-fuer-saisonale-dekorationen-drinnen-und-draussen-schwoert\/","title":{"rendered":"Gigi Hadid beweist, dass gebranntes Orange nicht nur ein Trend, sondern der unerwartete, unverzichtbare Farbton ist, auf den jeder Designer f\u00fcr saisonale Dekorationen (drinnen und drau\u00dfen) schw\u00f6rt"},"content":{"rendered":"<p><\/p>\n<div id=\"article-body\" class=\"article__body \">\n<p id=\"27ecde30-1c94-4107-a3ef-d4eaec3e59d4\">Traditionell halten Sie Orange vielleicht nicht f\u00fcr die vielseitigste Farbe, aber denken Sie dar\u00fcber nach: Dieser w\u00e4rmende Farbton passt in praktisch jedes saisonale Designschema, von herbstlichen, von K\u00fcrbisgew\u00fcrzen inspirierten Wohnzimmern bis hin zu sonnigen Sommerterrassen.<\/p>\n<div id=\"ad-unit-1\" class=\"ad-unit\"><\/div>\n<p>Gigi Hadid hat beide Sensibilit\u00e4ten mit ihrer gem\u00fctlichen Terrasse im Herbst-\/Winter-Stil vereint, wie auf ihrer Instagram-Seite zu sehen ist. Der Holzstuhl des Modells verf\u00fcgt \u00fcber kleine Kissen in gebranntem Orange (wie diese sch\u00f6ne Option von H&#038;M), die perfekt zu den nat\u00fcrlichen Materialien und den gr\u00f6\u00dferen Kissen in Greige passen. Es gibt uns einige hervorragende orangefarbene Dekorationsideen.<\/p>\n<aside data-block-type=\"embed\" data-render-type=\"fte\" data-skip=\"dealsy\" data-widget-type=\"seasonal\" class=\"hawk-root\"><\/aside>\n<p id=\"27ecde30-1c94-4107-a3ef-d4eaec3e59d4-2\" class=\"paywall\" aria-hidden=\"true\">Diese Variation der Farbe ist der Beweis daf\u00fcr, dass Orange als Accessoire f\u00fcr M\u00f6bel verwendet werden kann und sollte, da es jedem Raum, ob drinnen oder drau\u00dfen, eine einladende und gehobene \u00c4sthetik verleiht, und Designer sind sich einig, dass es eine saisonale Grundfarbe ist.<\/p>\n<div class=\"van_vid_carousel\">\n<div class=\"van_vid_carousel__padding\">\n<div class=\"van_vid_carousel__container\"><\/div>\n<\/div>\n<\/div>\n<div class=\"instagram-embed\" id=\"DQKiR2ZkWld\">\n<blockquote class=\"instagram-media\" data-instgrm-captioned data-instgrm-version=\"6\" style=\"width:99.375%; width:-webkit-calc(100% - 2px); width:calc(100% - 2px);\">\n<p>Ein von Gigi Hadid (@gigihadid) geteilter Beitrag<\/p>\n<p>Ein Foto gepostet von am <\/p>\n<\/blockquote>\n<\/div>\n<h3 class=\"article-body__section\" id=\"section-shop-the-orange-outdoor-edit\"><span>Kaufen Sie den Orange Outdoor Edit<\/span><\/h3>\n<aside data-block-type=\"embed\" data-hawk-json=\"{&quot;collection&quot;:{&quot;blocks&quot;:({&quot;modelName&quot;:&quot;Corduroy Cushion Cover&quot;,&quot;productName&quot;:&quot;Corduroy Cushion Cover&quot;,&quot;brand&quot;:null,&quot;price&quot;:17.99,&quot;wasPrice&quot;:null,&quot;currency&quot;:&quot;USD&quot;,&quot;image&quot;:{&quot;copyright&quot;:&quot;&quot;,&quot;height&quot;:2000,&quot;id&quot;:&quot;ET7U5LzYd4tCwVt3gNK3L6&quot;,&quot;mimeType&quot;:&quot;image\/png&quot;,&quot;mos&quot;:&quot;https:\/\/cdn.mos.cms.futurecdn.net\/ET7U5LzYd4tCwVt3gNK3L6.png&quot;,&quot;role&quot;:&quot;&quot;,&quot;width&quot;:2000,&quot;credit&quot;:&quot;H&amp;M&quot;,&quot;alt&quot;:&quot;an orange corduroy throw pillow&quot;,&quot;caption&quot;:&quot;&quot;},&quot;link&quot;:{&quot;url&quot;:&quot;https:\/\/click.linksynergy.com\/deeplink?id=2P555SNI1Kc&amp;mid=43250&amp;u1=hawk-custom-tracking&amp;murl=https%3A%2F%2Fwww2.hm.com%2Fen_us%2Fproductpage.1183153001.html&quot;,&quot;linkText&quot;:&quot;From $17.99 at H&amp;M&quot;,&quot;editorialMerchantName&quot;:&quot;&quot;,&quot;merchantId&quot;:311618,&quot;merchantNetwork&quot;:&quot;LSwww&quot;,&quot;merchantUrl&quot;:&quot;hm.com&quot;,&quot;merchantName&quot;:&quot;H&amp;M&quot;},&quot;noAffiliateTracking&quot;:false,&quot;linkMerchant&quot;:&quot;H&amp;M&quot;},{&quot;modelName&quot;:&quot;Orange Striped Outdoor Rug&quot;,&quot;productName&quot;:&quot;Orange Striped Outdoor Rug&quot;,&quot;brand&quot;:null,&quot;price&quot;:10.99,&quot;wasPrice&quot;:15.99,&quot;currency&quot;:&quot;USD&quot;,&quot;image&quot;:{&quot;copyright&quot;:&quot;&quot;,&quot;height&quot;:500,&quot;id&quot;:&quot;FoPCTqYLgMNdByJHneVwt6&quot;,&quot;mimeType&quot;:&quot;image\/jpeg&quot;,&quot;mos&quot;:&quot;https:\/\/cdn.mos.cms.futurecdn.net\/FoPCTqYLgMNdByJHneVwt6.jpg&quot;,&quot;role&quot;:&quot;&quot;,&quot;width&quot;:500,&quot;credit&quot;:&quot;KILOCOCO&quot;,&quot;alt&quot;:&quot;Kilococo Orange Striped Rug 2.3'x3.6' Outdoor Rugs for Halloween Thanksgiving Washable Fall Doormat Holiday Rug Layered Front Door Mat for Porch Farmhouse Entryway Patio Kitchen Entrance Decor&quot;,&quot;caption&quot;:&quot;&quot;},&quot;link&quot;:{&quot;url&quot;:&quot;https:\/\/target.georiot.com\/Proxy.ashx?tsid=107655&amp;GR_URL=http%3A%2F%2Famazon.com%2FKILOCOCO-Halloween-Thanksgiving-Washable-Farmhouse%2Fdp%2FB0FDX1GC48%2Fref%3Dsr_1_9%3Fcrid%3D1V6B0Q5NNCH6Z%26dib%3DeyJ2IjoiMSJ9.WLCc6-LEco7Rjjb7NYzFSE42Er1vFJ5_Bzhe-_1eL_5nDf00Ej87TV6Lq_8jYhsDq6twg-TI9JScU7tH0gUSUQZUC6VQq5_hv9W3-Ce2Z3z5ALPPaJM_sP4_QzKA0OBfG3uqSDQPul1YdzKRe027QuuKgs59x4Z_T2WxomrwL_udhrrHKlarrlkEQG0-VhMyyGmpW4MTXzZaJtCOCabKlRQge2OvjPGcK8LBxWsNlaC-QcDRRg05O9nQ3p2IGQS_qZ5Dk0F7OG_63fyncAhUT_HX1Yuiir9yJFc1SEi1Ur8.K12WfJocfNBeuh37PcYd5PzvHZx8vKrAwY10pAyXs1s%26dib_tag%3Dse%26keywords%3Dorange%2Boutdoor%2Brug%26qid%3D1762527391%26sprefix%3Dorange%2Boutdoor%2Bru%252Caps%252C260%26sr%3D8-9%26tag%3Dhawk-future-20%26ascsubtag%3Dhawk-custom-tracking-20&quot;,&quot;linkText&quot;:&quot;Was $15.99, now $10.99 at Amazon&quot;,&quot;editorialMerchantName&quot;:&quot;&quot;,&quot;merchantId&quot;:1471,&quot;merchantNetwork&quot;:&quot;Amazonus&quot;,&quot;merchantUrl&quot;:&quot;amazon.com&quot;,&quot;merchantName&quot;:&quot;Amazon US&quot;},&quot;noAffiliateTracking&quot;:false,&quot;linkMerchant&quot;:&quot;Amazon US&quot;},{&quot;modelName&quot;:&quot;Aynslie 2 Person Patio Conversation Set&quot;,&quot;productName&quot;:&quot;Aynslie 2 Person Patio Conversation Set&quot;,&quot;brand&quot;:null,&quot;price&quot;:223.99,&quot;wasPrice&quot;:null,&quot;currency&quot;:&quot;USD&quot;,&quot;image&quot;:{&quot;copyright&quot;:&quot;&quot;,&quot;height&quot;:800,&quot;id&quot;:&quot;MAxQX8uarRhKm6XdVDaTkT&quot;,&quot;mimeType&quot;:&quot;image\/jpeg&quot;,&quot;mos&quot;:&quot;https:\/\/cdn.mos.cms.futurecdn.net\/MAxQX8uarRhKm6XdVDaTkT.jpg&quot;,&quot;role&quot;:&quot;&quot;,&quot;width&quot;:800,&quot;credit&quot;:&quot;Wayfair&quot;,&quot;alt&quot;:&quot;Wade Loganu00ae Aynslie 3 Piece Seating Group &amp; Reviews | Wayfair&quot;,&quot;caption&quot;:&quot;&quot;},&quot;link&quot;:{&quot;url&quot;:&quot;https:\/\/www.anrdoezrs.net\/click-100624746-15735083?sid=hawk-custom-tracking&amp;url=https:\/\/www.wayfair.com\/outdoor\/pdp\/wade-logan-aynslie-3-piece-seating-group-w002474198.html?piid=1427800636&quot;,&quot;linkText&quot;:&quot;Was $259.99, Now $223.99 at Wayfair&quot;,&quot;editorialMerchantName&quot;:&quot;&quot;,&quot;merchantId&quot;:32629,&quot;merchantNetwork&quot;:&quot;CJ&quot;,&quot;merchantUrl&quot;:&quot;wayfair.com&quot;,&quot;merchantName&quot;:&quot;Wayfair&quot;},&quot;noAffiliateTracking&quot;:false,&quot;linkMerchant&quot;:&quot;Wayfair&quot;})}}\" data-model-name=\"Corduroy Cushion Cover,Orange Striped Outdoor Rug,Aynslie 2 Person Patio Conversation Set\" data-render-type=\"fte\" data-skip=\"disabled\" data-widget-type=\"collection\" class=\"hawk-root\"><\/aside>\n<div class=\"product-container hero-product-container product-block-no-wrap\">\n<div class=\"product-block-row\"><\/div>\n<div class=\"product-block-row\"><\/div>\n<div class=\"product-block-row\"><\/div>\n<\/div>\n<p id=\"2895da1a-aa14-4f39-8c35-1f6682119a13\">Designexperten sagen, dass erdigere Orangen eine fantastische Farbauswahl f\u00fcr die Herbst- und Wintermonate sind und deren Vorteile \u00fcber das visuelle Vergn\u00fcgen hinausgehen.<\/p>\n<div id=\"ad-unit-2\" class=\"ad-unit\"><\/div>\n<p>\u201eBei der Hinwendung zu erdigen T\u00f6nen wie K\u00fcrbisgew\u00fcrz geht es nicht nur um die \u00c4sthetik; es bringt auch echte psychologische und physiologische Vorteile mit sich\u201c, erkl\u00e4rt Andrew Seed, Gesch\u00e4ftsf\u00fchrer von The Odd Company und Experte f\u00fcr Innentrends. \u201eDiese nat\u00fcrlichen Farbt\u00f6ne wirken im Gegensatz zu hellen oder k\u00fcnstlichen Farben beruhigend auf den Geist und tragen dazu bei, Stress abzubauen und am Ende des Tages geistig anzuregen.\u201c<\/p>\n<p>Er f\u00e4hrt fort: \u201eBei der Arbeit mit Orange ist die Balance der Schl\u00fcssel zum Erfolg.\u201c \u201eSie m\u00fcssen nicht Ihre gesamte Einrichtung \u00fcberarbeiten, um K\u00fcrbisgew\u00fcrzt\u00f6ne einzuf\u00fchren.\u201c<\/p>\n<p>Gigis Terrassenm\u00f6bel sind ein perfektes Beispiel f\u00fcr dieses Gef\u00fchl, wobei die beiden orangefarbenen Kissen als Akzentst\u00fccke dienen, anstatt den Raum zu \u00fcberfordern. Ein kr\u00e4ftiges orangefarbenes Accessoire wie dieser gestreifte Outdoor-Teppich (wie dieser von Amazon) kann jedoch auch die neutralste Terrasse sofort aufhellen.<\/p>\n<div id=\"slice-container-newsletterForm-articleInbodyContent-bHpbiaBgwKD58vkPjyW42m\" class=\"slice-container newsletter-inbodyContent-slice newsletterForm-articleInbodyContent-bHpbiaBgwKD58vkPjyW42m slice-container-newsletterForm\"><\/div>\n<p>Andrew empfiehlt au\u00dferdem, sich f\u00fcr nat\u00fcrliche Materialien zu entscheiden, die ein erdiges Orange erg\u00e4nzen: Denken Sie an Leinen und Baumwolle.<\/p>\n<p>\u201eBeim K\u00fcrbisgew\u00fcrz-Trend geht es darum, n\u00e4her an der Natur zu sein, also verzichten Sie auf strenge, kubistische Linien und setzen Sie auf weichere Wellen und Kurven\u201c, erkl\u00e4rt er. \u201eDieser Look sollte sich m\u00fchelos und organisch anf\u00fchlen, mit einem Gef\u00fchl von kontinuierlichem Fluss statt Starrheit.\u201c Denken Sie an abgerundete Tische und runde Designelemente, die die sanften Formen der Natur widerspiegeln.\u201c<\/p>\n<div class=\"min-h-(270px) mb-4 viafoura-twig-component\" id=\"viafoura-engagement-starter-wrapper\" data-component-name=\"Elk:Embed:EngagementStarter\">\n<div class=\"viafoura\">\n<div>\n<vf-conversation-starter target=\"viafoura-comments\" title=\"Would you decorate your patio with orange?\" description=\"How would you style the color?\" minimum-comment-count=\"5\"><br \/>\n<\/vf-conversation-starter>\n<\/div>\n<\/div>\n<\/div>\n<hr id=\"a7c371d3-5661-4791-892b-4f89fb7768f0\">\n<\/div>\n<p><script async src=\"\/\/www.instagram.com\/embed.js\"><\/script><\/p>\n","protected":false},"excerpt":{"rendered":"<p>Traditionell halten Sie Orange vielleicht nicht f\u00fcr die vielseitigste Farbe, aber denken Sie dar\u00fcber nach: Dieser w\u00e4rmende Farbton passt in praktisch jedes saisonale Designschema, von<\/p>\n","protected":false},"author":1,"featured_media":9240,"comment_status":"closed","ping_status":"","sticky":false,"template":"","format":"standard","meta":{"footnotes":""},"categories":[118],"tags":[46,2037,51,10175,78,81,216,432,2034,43,210,55,11547,11546,7405,15,2162,61,54,9197,6202,4998,3615,504,37,532,3526],"class_list":["post-9239","post","type-post","status-publish","format-standard","has-post-thumbnail","hentry","category-haus-garten","tag-auf","tag-beweist","tag-dass","tag-dekorationen","tag-den","tag-der","tag-designer","tag-draussen","tag-drinnen","tag-ein","tag-farbton","tag-fuer","tag-gebranntes","tag-gigi","tag-hadid","tag-ist","tag-jeder","tag-nicht","tag-nur","tag-orange","tag-saisonale","tag-schwoert","tag-sondern","tag-trend","tag-und","tag-unerwartete","tag-unverzichtbare","generate-columns","tablet-grid-50","mobile-grid-100","grid-parent","grid-50"],"yoast_head":"<!-- This site is optimized with the Yoast SEO plugin v27.3 - https:\/\/yoast.com\/product\/yoast-seo-wordpress\/ -->\n<title>Gigi Hadid beweist, dass gebranntes Orange nicht nur ein Trend, sondern der unerwartete, unverzichtbare Farbton ist, auf den jeder Designer f\u00fcr saisonale Dekorationen (drinnen und drau\u00dfen) schw\u00f6rt - Nachrichten - Stra\u00dfenweb<\/title>\n<meta name=\"robots\" content=\"index, follow, max-snippet:-1, max-image-preview:large, max-video-preview:-1\" \/>\n<link rel=\"canonical\" href=\"https:\/\/www.strassenweb.de\/nachrichten\/gigi-hadid-beweist-dass-gebranntes-orange-nicht-nur-ein-trend-sondern-der-unerwartete-unverzichtbare-farbton-ist-auf-den-jeder-designer-fuer-saisonale-dekorationen-drinnen-und-draussen-schwoert\/\" \/>\n<meta property=\"og:locale\" content=\"de_DE\" \/>\n<meta property=\"og:type\" content=\"article\" \/>\n<meta property=\"og:title\" content=\"Gigi Hadid beweist, dass gebranntes Orange nicht nur ein Trend, sondern der unerwartete, unverzichtbare Farbton ist, auf den jeder Designer f\u00fcr saisonale Dekorationen (drinnen und drau\u00dfen) schw\u00f6rt - Nachrichten - Stra\u00dfenweb\" \/>\n<meta property=\"og:description\" content=\"Traditionell halten Sie Orange vielleicht nicht f\u00fcr die vielseitigste Farbe, aber denken Sie dar\u00fcber nach: Dieser w\u00e4rmende Farbton passt in praktisch jedes saisonale Designschema, von\" \/>\n<meta property=\"og:url\" content=\"https:\/\/www.strassenweb.de\/nachrichten\/gigi-hadid-beweist-dass-gebranntes-orange-nicht-nur-ein-trend-sondern-der-unerwartete-unverzichtbare-farbton-ist-auf-den-jeder-designer-fuer-saisonale-dekorationen-drinnen-und-draussen-schwoert\/\" \/>\n<meta property=\"og:site_name\" content=\"Stra\u00dfenweb\" \/>\n<meta property=\"article:publisher\" content=\"https:\/\/www.facebook.com\/strassenweb\/\" \/>\n<meta property=\"article:published_time\" content=\"2025-11-17T20:42:26+00:00\" \/>\n<meta property=\"article:modified_time\" content=\"2025-11-17T20:42:27+00:00\" \/>\n<meta property=\"og:image\" content=\"https:\/\/www.strassenweb.de\/nachrichten\/wp-content\/uploads\/2025\/11\/Gigi-Hadid-beweist-dass-gebranntes-Orange-nicht-nur-ein-Trend.jpg\" \/>\n\t<meta property=\"og:image:width\" content=\"1600\" \/>\n\t<meta property=\"og:image:height\" content=\"900\" \/>\n\t<meta property=\"og:image:type\" content=\"image\/jpeg\" \/>\n<meta name=\"author\" content=\"Robert Hoffmann\" \/>\n<meta name=\"twitter:card\" content=\"summary_large_image\" \/>\n<meta name=\"twitter:label1\" content=\"Verfasst von\" \/>\n\t<meta name=\"twitter:data1\" content=\"Robert Hoffmann\" \/>\n\t<meta name=\"twitter:label2\" content=\"Gesch\u00e4tzte Lesezeit\" \/>\n\t<meta name=\"twitter:data2\" content=\"2\u00a0Minuten\" \/>\n<script type=\"application\/ld+json\" class=\"yoast-schema-graph\">{\"@context\":\"https:\\\/\\\/schema.org\",\"@graph\":[{\"@type\":\"Article\",\"@id\":\"https:\\\/\\\/www.strassenweb.de\\\/nachrichten\\\/gigi-hadid-beweist-dass-gebranntes-orange-nicht-nur-ein-trend-sondern-der-unerwartete-unverzichtbare-farbton-ist-auf-den-jeder-designer-fuer-saisonale-dekorationen-drinnen-und-draussen-schwoert\\\/#article\",\"isPartOf\":{\"@id\":\"https:\\\/\\\/www.strassenweb.de\\\/nachrichten\\\/gigi-hadid-beweist-dass-gebranntes-orange-nicht-nur-ein-trend-sondern-der-unerwartete-unverzichtbare-farbton-ist-auf-den-jeder-designer-fuer-saisonale-dekorationen-drinnen-und-draussen-schwoert\\\/\"},\"author\":{\"name\":\"Robert Hoffmann\",\"@id\":\"https:\\\/\\\/www.strassenweb.de\\\/nachrichten\\\/#\\\/schema\\\/person\\\/87c9c9067f1211da429a744dc5a5aa41\"},\"headline\":\"Gigi Hadid beweist, dass gebranntes Orange nicht nur ein Trend, sondern der unerwartete, unverzichtbare Farbton ist, auf den jeder Designer f\u00fcr saisonale Dekorationen (drinnen und drau\u00dfen) schw\u00f6rt\",\"datePublished\":\"2025-11-17T20:42:26+00:00\",\"dateModified\":\"2025-11-17T20:42:27+00:00\",\"mainEntityOfPage\":{\"@id\":\"https:\\\/\\\/www.strassenweb.de\\\/nachrichten\\\/gigi-hadid-beweist-dass-gebranntes-orange-nicht-nur-ein-trend-sondern-der-unerwartete-unverzichtbare-farbton-ist-auf-den-jeder-designer-fuer-saisonale-dekorationen-drinnen-und-draussen-schwoert\\\/\"},\"wordCount\":468,\"publisher\":{\"@id\":\"https:\\\/\\\/www.strassenweb.de\\\/nachrichten\\\/#organization\"},\"image\":{\"@id\":\"https:\\\/\\\/www.strassenweb.de\\\/nachrichten\\\/gigi-hadid-beweist-dass-gebranntes-orange-nicht-nur-ein-trend-sondern-der-unerwartete-unverzichtbare-farbton-ist-auf-den-jeder-designer-fuer-saisonale-dekorationen-drinnen-und-draussen-schwoert\\\/#primaryimage\"},\"thumbnailUrl\":\"https:\\\/\\\/www.strassenweb.de\\\/nachrichten\\\/wp-content\\\/uploads\\\/2025\\\/11\\\/Gigi-Hadid-beweist-dass-gebranntes-Orange-nicht-nur-ein-Trend.jpg\",\"keywords\":[\"auf\",\"beweist\",\"dass\",\"Dekorationen\",\"den\",\"der\",\"Designer\",\"drau\u00dfen\",\"drinnen\",\"ein\",\"Farbton\",\"f\u00fcr\",\"gebranntes\",\"Gigi\",\"Hadid\",\"ist\",\"jeder\",\"nicht\",\"nur\",\"Orange\",\"saisonale\",\"schw\u00f6rt\",\"sondern\",\"Trend\",\"und\",\"unerwartete\",\"unverzichtbare\"],\"articleSection\":[\"Haus &amp; Garten\"],\"inLanguage\":\"de\"},{\"@type\":\"WebPage\",\"@id\":\"https:\\\/\\\/www.strassenweb.de\\\/nachrichten\\\/gigi-hadid-beweist-dass-gebranntes-orange-nicht-nur-ein-trend-sondern-der-unerwartete-unverzichtbare-farbton-ist-auf-den-jeder-designer-fuer-saisonale-dekorationen-drinnen-und-draussen-schwoert\\\/\",\"url\":\"https:\\\/\\\/www.strassenweb.de\\\/nachrichten\\\/gigi-hadid-beweist-dass-gebranntes-orange-nicht-nur-ein-trend-sondern-der-unerwartete-unverzichtbare-farbton-ist-auf-den-jeder-designer-fuer-saisonale-dekorationen-drinnen-und-draussen-schwoert\\\/\",\"name\":\"Gigi Hadid beweist, dass gebranntes Orange nicht nur ein Trend, sondern der unerwartete, unverzichtbare Farbton ist, auf den jeder Designer f\u00fcr saisonale Dekorationen (drinnen und drau\u00dfen) schw\u00f6rt - Nachrichten - Stra\u00dfenweb\",\"isPartOf\":{\"@id\":\"https:\\\/\\\/www.strassenweb.de\\\/nachrichten\\\/#website\"},\"primaryImageOfPage\":{\"@id\":\"https:\\\/\\\/www.strassenweb.de\\\/nachrichten\\\/gigi-hadid-beweist-dass-gebranntes-orange-nicht-nur-ein-trend-sondern-der-unerwartete-unverzichtbare-farbton-ist-auf-den-jeder-designer-fuer-saisonale-dekorationen-drinnen-und-draussen-schwoert\\\/#primaryimage\"},\"image\":{\"@id\":\"https:\\\/\\\/www.strassenweb.de\\\/nachrichten\\\/gigi-hadid-beweist-dass-gebranntes-orange-nicht-nur-ein-trend-sondern-der-unerwartete-unverzichtbare-farbton-ist-auf-den-jeder-designer-fuer-saisonale-dekorationen-drinnen-und-draussen-schwoert\\\/#primaryimage\"},\"thumbnailUrl\":\"https:\\\/\\\/www.strassenweb.de\\\/nachrichten\\\/wp-content\\\/uploads\\\/2025\\\/11\\\/Gigi-Hadid-beweist-dass-gebranntes-Orange-nicht-nur-ein-Trend.jpg\",\"datePublished\":\"2025-11-17T20:42:26+00:00\",\"dateModified\":\"2025-11-17T20:42:27+00:00\",\"breadcrumb\":{\"@id\":\"https:\\\/\\\/www.strassenweb.de\\\/nachrichten\\\/gigi-hadid-beweist-dass-gebranntes-orange-nicht-nur-ein-trend-sondern-der-unerwartete-unverzichtbare-farbton-ist-auf-den-jeder-designer-fuer-saisonale-dekorationen-drinnen-und-draussen-schwoert\\\/#breadcrumb\"},\"inLanguage\":\"de\",\"potentialAction\":[{\"@type\":\"ReadAction\",\"target\":[\"https:\\\/\\\/www.strassenweb.de\\\/nachrichten\\\/gigi-hadid-beweist-dass-gebranntes-orange-nicht-nur-ein-trend-sondern-der-unerwartete-unverzichtbare-farbton-ist-auf-den-jeder-designer-fuer-saisonale-dekorationen-drinnen-und-draussen-schwoert\\\/\"]}]},{\"@type\":\"ImageObject\",\"inLanguage\":\"de\",\"@id\":\"https:\\\/\\\/www.strassenweb.de\\\/nachrichten\\\/gigi-hadid-beweist-dass-gebranntes-orange-nicht-nur-ein-trend-sondern-der-unerwartete-unverzichtbare-farbton-ist-auf-den-jeder-designer-fuer-saisonale-dekorationen-drinnen-und-draussen-schwoert\\\/#primaryimage\",\"url\":\"https:\\\/\\\/www.strassenweb.de\\\/nachrichten\\\/wp-content\\\/uploads\\\/2025\\\/11\\\/Gigi-Hadid-beweist-dass-gebranntes-Orange-nicht-nur-ein-Trend.jpg\",\"contentUrl\":\"https:\\\/\\\/www.strassenweb.de\\\/nachrichten\\\/wp-content\\\/uploads\\\/2025\\\/11\\\/Gigi-Hadid-beweist-dass-gebranntes-Orange-nicht-nur-ein-Trend.jpg\",\"width\":1600,\"height\":900,\"caption\":\"Gigi Hadid\"},{\"@type\":\"BreadcrumbList\",\"@id\":\"https:\\\/\\\/www.strassenweb.de\\\/nachrichten\\\/gigi-hadid-beweist-dass-gebranntes-orange-nicht-nur-ein-trend-sondern-der-unerwartete-unverzichtbare-farbton-ist-auf-den-jeder-designer-fuer-saisonale-dekorationen-drinnen-und-draussen-schwoert\\\/#breadcrumb\",\"itemListElement\":[{\"@type\":\"ListItem\",\"position\":1,\"name\":\"Home\",\"item\":\"https:\\\/\\\/www.strassenweb.de\\\/nachrichten\\\/\"},{\"@type\":\"ListItem\",\"position\":2,\"name\":\"Gigi Hadid beweist, dass gebranntes Orange nicht nur ein Trend, sondern der unerwartete, unverzichtbare Farbton ist, auf den jeder Designer f\u00fcr saisonale Dekorationen (drinnen und drau\u00dfen) schw\u00f6rt\"}]},{\"@type\":\"WebSite\",\"@id\":\"https:\\\/\\\/www.strassenweb.de\\\/nachrichten\\\/#website\",\"url\":\"https:\\\/\\\/www.strassenweb.de\\\/nachrichten\\\/\",\"name\":\"Stra\u00dfenweb\",\"description\":\"Stra\u00dfenverzeichnis f\u00fcr Deutschland\",\"publisher\":{\"@id\":\"https:\\\/\\\/www.strassenweb.de\\\/nachrichten\\\/#organization\"},\"potentialAction\":[{\"@type\":\"SearchAction\",\"target\":{\"@type\":\"EntryPoint\",\"urlTemplate\":\"https:\\\/\\\/www.strassenweb.de\\\/nachrichten\\\/?s={search_term_string}\"},\"query-input\":{\"@type\":\"PropertyValueSpecification\",\"valueRequired\":true,\"valueName\":\"search_term_string\"}}],\"inLanguage\":\"de\"},{\"@type\":\"Organization\",\"@id\":\"https:\\\/\\\/www.strassenweb.de\\\/nachrichten\\\/#organization\",\"name\":\"Stra\u00dfenweb\",\"url\":\"https:\\\/\\\/www.strassenweb.de\\\/nachrichten\\\/\",\"logo\":{\"@type\":\"ImageObject\",\"inLanguage\":\"de\",\"@id\":\"https:\\\/\\\/www.strassenweb.de\\\/nachrichten\\\/#\\\/schema\\\/logo\\\/image\\\/\",\"url\":\"https:\\\/\\\/www.strassenweb.de\\\/nachrichten\\\/wp-content\\\/uploads\\\/2024\\\/09\\\/cropped-favicon.png\",\"contentUrl\":\"https:\\\/\\\/www.strassenweb.de\\\/nachrichten\\\/wp-content\\\/uploads\\\/2024\\\/09\\\/cropped-favicon.png\",\"width\":512,\"height\":512,\"caption\":\"Stra\u00dfenweb\"},\"image\":{\"@id\":\"https:\\\/\\\/www.strassenweb.de\\\/nachrichten\\\/#\\\/schema\\\/logo\\\/image\\\/\"},\"sameAs\":[\"https:\\\/\\\/www.facebook.com\\\/strassenweb\\\/\"]},{\"@type\":\"Person\",\"@id\":\"https:\\\/\\\/www.strassenweb.de\\\/nachrichten\\\/#\\\/schema\\\/person\\\/87c9c9067f1211da429a744dc5a5aa41\",\"name\":\"Robert Hoffmann\",\"image\":{\"@type\":\"ImageObject\",\"inLanguage\":\"de\",\"@id\":\"https:\\\/\\\/www.strassenweb.de\\\/nachrichten\\\/wp-content\\\/uploads\\\/2024\\\/09\\\/strassenweb-150x150.jpg\",\"url\":\"https:\\\/\\\/www.strassenweb.de\\\/nachrichten\\\/wp-content\\\/uploads\\\/2024\\\/09\\\/strassenweb-150x150.jpg\",\"contentUrl\":\"https:\\\/\\\/www.strassenweb.de\\\/nachrichten\\\/wp-content\\\/uploads\\\/2024\\\/09\\\/strassenweb-150x150.jpg\",\"caption\":\"Robert Hoffmann\"},\"description\":\"Ich hei\u00dfe Robert Hoffmann und ich bin ein leidenschaftlicher Verfechter von \u00d6kologie und Biodiversit\u00e4t. Seit meiner Kindheit in den W\u00e4ldern Bayerns f\u00fchle ich mich mit der Natur verbunden und bin entschlossen, sie zu sch\u00fctzen. Heute widme ich mein Leben der Sensibilisierung anderer f\u00fcr die Bedeutung des Umweltschutzes f\u00fcr zuk\u00fcnftige Generationen.\",\"sameAs\":[\"https:\\\/\\\/www.strassenweb.de\\\/\"]}]}<\/script>\n<!-- \/ Yoast SEO plugin. -->","yoast_head_json":{"title":"Gigi Hadid beweist, dass gebranntes Orange nicht nur ein Trend, sondern der unerwartete, unverzichtbare Farbton ist, auf den jeder Designer f\u00fcr saisonale Dekorationen (drinnen und drau\u00dfen) schw\u00f6rt - Nachrichten - Stra\u00dfenweb","robots":{"index":"index","follow":"follow","max-snippet":"max-snippet:-1","max-image-preview":"max-image-preview:large","max-video-preview":"max-video-preview:-1"},"canonical":"https:\/\/www.strassenweb.de\/nachrichten\/gigi-hadid-beweist-dass-gebranntes-orange-nicht-nur-ein-trend-sondern-der-unerwartete-unverzichtbare-farbton-ist-auf-den-jeder-designer-fuer-saisonale-dekorationen-drinnen-und-draussen-schwoert\/","og_locale":"de_DE","og_type":"article","og_title":"Gigi Hadid beweist, dass gebranntes Orange nicht nur ein Trend, sondern der unerwartete, unverzichtbare Farbton ist, auf den jeder Designer f\u00fcr saisonale Dekorationen (drinnen und drau\u00dfen) schw\u00f6rt - Nachrichten - Stra\u00dfenweb","og_description":"Traditionell halten Sie Orange vielleicht nicht f\u00fcr die vielseitigste Farbe, aber denken Sie dar\u00fcber nach: Dieser w\u00e4rmende Farbton passt in praktisch jedes saisonale Designschema, von","og_url":"https:\/\/www.strassenweb.de\/nachrichten\/gigi-hadid-beweist-dass-gebranntes-orange-nicht-nur-ein-trend-sondern-der-unerwartete-unverzichtbare-farbton-ist-auf-den-jeder-designer-fuer-saisonale-dekorationen-drinnen-und-draussen-schwoert\/","og_site_name":"Stra\u00dfenweb","article_publisher":"https:\/\/www.facebook.com\/strassenweb\/","article_published_time":"2025-11-17T20:42:26+00:00","article_modified_time":"2025-11-17T20:42:27+00:00","og_image":[{"width":1600,"height":900,"url":"https:\/\/www.strassenweb.de\/nachrichten\/wp-content\/uploads\/2025\/11\/Gigi-Hadid-beweist-dass-gebranntes-Orange-nicht-nur-ein-Trend.jpg","type":"image\/jpeg"}],"author":"Robert Hoffmann","twitter_card":"summary_large_image","twitter_misc":{"Verfasst von":"Robert Hoffmann","Gesch\u00e4tzte Lesezeit":"2\u00a0Minuten"},"schema":{"@context":"https:\/\/schema.org","@graph":[{"@type":"Article","@id":"https:\/\/www.strassenweb.de\/nachrichten\/gigi-hadid-beweist-dass-gebranntes-orange-nicht-nur-ein-trend-sondern-der-unerwartete-unverzichtbare-farbton-ist-auf-den-jeder-designer-fuer-saisonale-dekorationen-drinnen-und-draussen-schwoert\/#article","isPartOf":{"@id":"https:\/\/www.strassenweb.de\/nachrichten\/gigi-hadid-beweist-dass-gebranntes-orange-nicht-nur-ein-trend-sondern-der-unerwartete-unverzichtbare-farbton-ist-auf-den-jeder-designer-fuer-saisonale-dekorationen-drinnen-und-draussen-schwoert\/"},"author":{"name":"Robert Hoffmann","@id":"https:\/\/www.strassenweb.de\/nachrichten\/#\/schema\/person\/87c9c9067f1211da429a744dc5a5aa41"},"headline":"Gigi Hadid beweist, dass gebranntes Orange nicht nur ein Trend, sondern der unerwartete, unverzichtbare Farbton ist, auf den jeder Designer f\u00fcr saisonale Dekorationen (drinnen und drau\u00dfen) schw\u00f6rt","datePublished":"2025-11-17T20:42:26+00:00","dateModified":"2025-11-17T20:42:27+00:00","mainEntityOfPage":{"@id":"https:\/\/www.strassenweb.de\/nachrichten\/gigi-hadid-beweist-dass-gebranntes-orange-nicht-nur-ein-trend-sondern-der-unerwartete-unverzichtbare-farbton-ist-auf-den-jeder-designer-fuer-saisonale-dekorationen-drinnen-und-draussen-schwoert\/"},"wordCount":468,"publisher":{"@id":"https:\/\/www.strassenweb.de\/nachrichten\/#organization"},"image":{"@id":"https:\/\/www.strassenweb.de\/nachrichten\/gigi-hadid-beweist-dass-gebranntes-orange-nicht-nur-ein-trend-sondern-der-unerwartete-unverzichtbare-farbton-ist-auf-den-jeder-designer-fuer-saisonale-dekorationen-drinnen-und-draussen-schwoert\/#primaryimage"},"thumbnailUrl":"https:\/\/www.strassenweb.de\/nachrichten\/wp-content\/uploads\/2025\/11\/Gigi-Hadid-beweist-dass-gebranntes-Orange-nicht-nur-ein-Trend.jpg","keywords":["auf","beweist","dass","Dekorationen","den","der","Designer","drau\u00dfen","drinnen","ein","Farbton","f\u00fcr","gebranntes","Gigi","Hadid","ist","jeder","nicht","nur","Orange","saisonale","schw\u00f6rt","sondern","Trend","und","unerwartete","unverzichtbare"],"articleSection":["Haus &amp; Garten"],"inLanguage":"de"},{"@type":"WebPage","@id":"https:\/\/www.strassenweb.de\/nachrichten\/gigi-hadid-beweist-dass-gebranntes-orange-nicht-nur-ein-trend-sondern-der-unerwartete-unverzichtbare-farbton-ist-auf-den-jeder-designer-fuer-saisonale-dekorationen-drinnen-und-draussen-schwoert\/","url":"https:\/\/www.strassenweb.de\/nachrichten\/gigi-hadid-beweist-dass-gebranntes-orange-nicht-nur-ein-trend-sondern-der-unerwartete-unverzichtbare-farbton-ist-auf-den-jeder-designer-fuer-saisonale-dekorationen-drinnen-und-draussen-schwoert\/","name":"Gigi Hadid beweist, dass gebranntes Orange nicht nur ein Trend, sondern der unerwartete, unverzichtbare Farbton ist, auf den jeder Designer f\u00fcr saisonale Dekorationen (drinnen und drau\u00dfen) schw\u00f6rt - Nachrichten - Stra\u00dfenweb","isPartOf":{"@id":"https:\/\/www.strassenweb.de\/nachrichten\/#website"},"primaryImageOfPage":{"@id":"https:\/\/www.strassenweb.de\/nachrichten\/gigi-hadid-beweist-dass-gebranntes-orange-nicht-nur-ein-trend-sondern-der-unerwartete-unverzichtbare-farbton-ist-auf-den-jeder-designer-fuer-saisonale-dekorationen-drinnen-und-draussen-schwoert\/#primaryimage"},"image":{"@id":"https:\/\/www.strassenweb.de\/nachrichten\/gigi-hadid-beweist-dass-gebranntes-orange-nicht-nur-ein-trend-sondern-der-unerwartete-unverzichtbare-farbton-ist-auf-den-jeder-designer-fuer-saisonale-dekorationen-drinnen-und-draussen-schwoert\/#primaryimage"},"thumbnailUrl":"https:\/\/www.strassenweb.de\/nachrichten\/wp-content\/uploads\/2025\/11\/Gigi-Hadid-beweist-dass-gebranntes-Orange-nicht-nur-ein-Trend.jpg","datePublished":"2025-11-17T20:42:26+00:00","dateModified":"2025-11-17T20:42:27+00:00","breadcrumb":{"@id":"https:\/\/www.strassenweb.de\/nachrichten\/gigi-hadid-beweist-dass-gebranntes-orange-nicht-nur-ein-trend-sondern-der-unerwartete-unverzichtbare-farbton-ist-auf-den-jeder-designer-fuer-saisonale-dekorationen-drinnen-und-draussen-schwoert\/#breadcrumb"},"inLanguage":"de","potentialAction":[{"@type":"ReadAction","target":["https:\/\/www.strassenweb.de\/nachrichten\/gigi-hadid-beweist-dass-gebranntes-orange-nicht-nur-ein-trend-sondern-der-unerwartete-unverzichtbare-farbton-ist-auf-den-jeder-designer-fuer-saisonale-dekorationen-drinnen-und-draussen-schwoert\/"]}]},{"@type":"ImageObject","inLanguage":"de","@id":"https:\/\/www.strassenweb.de\/nachrichten\/gigi-hadid-beweist-dass-gebranntes-orange-nicht-nur-ein-trend-sondern-der-unerwartete-unverzichtbare-farbton-ist-auf-den-jeder-designer-fuer-saisonale-dekorationen-drinnen-und-draussen-schwoert\/#primaryimage","url":"https:\/\/www.strassenweb.de\/nachrichten\/wp-content\/uploads\/2025\/11\/Gigi-Hadid-beweist-dass-gebranntes-Orange-nicht-nur-ein-Trend.jpg","contentUrl":"https:\/\/www.strassenweb.de\/nachrichten\/wp-content\/uploads\/2025\/11\/Gigi-Hadid-beweist-dass-gebranntes-Orange-nicht-nur-ein-Trend.jpg","width":1600,"height":900,"caption":"Gigi Hadid"},{"@type":"BreadcrumbList","@id":"https:\/\/www.strassenweb.de\/nachrichten\/gigi-hadid-beweist-dass-gebranntes-orange-nicht-nur-ein-trend-sondern-der-unerwartete-unverzichtbare-farbton-ist-auf-den-jeder-designer-fuer-saisonale-dekorationen-drinnen-und-draussen-schwoert\/#breadcrumb","itemListElement":[{"@type":"ListItem","position":1,"name":"Home","item":"https:\/\/www.strassenweb.de\/nachrichten\/"},{"@type":"ListItem","position":2,"name":"Gigi Hadid beweist, dass gebranntes Orange nicht nur ein Trend, sondern der unerwartete, unverzichtbare Farbton ist, auf den jeder Designer f\u00fcr saisonale Dekorationen (drinnen und drau\u00dfen) schw\u00f6rt"}]},{"@type":"WebSite","@id":"https:\/\/www.strassenweb.de\/nachrichten\/#website","url":"https:\/\/www.strassenweb.de\/nachrichten\/","name":"Stra\u00dfenweb","description":"Stra\u00dfenverzeichnis f\u00fcr Deutschland","publisher":{"@id":"https:\/\/www.strassenweb.de\/nachrichten\/#organization"},"potentialAction":[{"@type":"SearchAction","target":{"@type":"EntryPoint","urlTemplate":"https:\/\/www.strassenweb.de\/nachrichten\/?s={search_term_string}"},"query-input":{"@type":"PropertyValueSpecification","valueRequired":true,"valueName":"search_term_string"}}],"inLanguage":"de"},{"@type":"Organization","@id":"https:\/\/www.strassenweb.de\/nachrichten\/#organization","name":"Stra\u00dfenweb","url":"https:\/\/www.strassenweb.de\/nachrichten\/","logo":{"@type":"ImageObject","inLanguage":"de","@id":"https:\/\/www.strassenweb.de\/nachrichten\/#\/schema\/logo\/image\/","url":"https:\/\/www.strassenweb.de\/nachrichten\/wp-content\/uploads\/2024\/09\/cropped-favicon.png","contentUrl":"https:\/\/www.strassenweb.de\/nachrichten\/wp-content\/uploads\/2024\/09\/cropped-favicon.png","width":512,"height":512,"caption":"Stra\u00dfenweb"},"image":{"@id":"https:\/\/www.strassenweb.de\/nachrichten\/#\/schema\/logo\/image\/"},"sameAs":["https:\/\/www.facebook.com\/strassenweb\/"]},{"@type":"Person","@id":"https:\/\/www.strassenweb.de\/nachrichten\/#\/schema\/person\/87c9c9067f1211da429a744dc5a5aa41","name":"Robert Hoffmann","image":{"@type":"ImageObject","inLanguage":"de","@id":"https:\/\/www.strassenweb.de\/nachrichten\/wp-content\/uploads\/2024\/09\/strassenweb-150x150.jpg","url":"https:\/\/www.strassenweb.de\/nachrichten\/wp-content\/uploads\/2024\/09\/strassenweb-150x150.jpg","contentUrl":"https:\/\/www.strassenweb.de\/nachrichten\/wp-content\/uploads\/2024\/09\/strassenweb-150x150.jpg","caption":"Robert Hoffmann"},"description":"Ich hei\u00dfe Robert Hoffmann und ich bin ein leidenschaftlicher Verfechter von \u00d6kologie und Biodiversit\u00e4t. Seit meiner Kindheit in den W\u00e4ldern Bayerns f\u00fchle ich mich mit der Natur verbunden und bin entschlossen, sie zu sch\u00fctzen. Heute widme ich mein Leben der Sensibilisierung anderer f\u00fcr die Bedeutung des Umweltschutzes f\u00fcr zuk\u00fcnftige Generationen.","sameAs":["https:\/\/www.strassenweb.de\/"]}]}},"_links":{"self":[{"href":"https:\/\/www.strassenweb.de\/nachrichten\/wp-json\/wp\/v2\/posts\/9239","targetHints":{"allow":["GET"]}}],"collection":[{"href":"https:\/\/www.strassenweb.de\/nachrichten\/wp-json\/wp\/v2\/posts"}],"about":[{"href":"https:\/\/www.strassenweb.de\/nachrichten\/wp-json\/wp\/v2\/types\/post"}],"author":[{"embeddable":true,"href":"https:\/\/www.strassenweb.de\/nachrichten\/wp-json\/wp\/v2\/users\/1"}],"replies":[{"embeddable":true,"href":"https:\/\/www.strassenweb.de\/nachrichten\/wp-json\/wp\/v2\/comments?post=9239"}],"version-history":[{"count":0,"href":"https:\/\/www.strassenweb.de\/nachrichten\/wp-json\/wp\/v2\/posts\/9239\/revisions"}],"wp:featuredmedia":[{"embeddable":true,"href":"https:\/\/www.strassenweb.de\/nachrichten\/wp-json\/wp\/v2\/media\/9240"}],"wp:attachment":[{"href":"https:\/\/www.strassenweb.de\/nachrichten\/wp-json\/wp\/v2\/media?parent=9239"}],"wp:term":[{"taxonomy":"category","embeddable":true,"href":"https:\/\/www.strassenweb.de\/nachrichten\/wp-json\/wp\/v2\/categories?post=9239"},{"taxonomy":"post_tag","embeddable":true,"href":"https:\/\/www.strassenweb.de\/nachrichten\/wp-json\/wp\/v2\/tags?post=9239"}],"curies":[{"name":"wp","href":"https:\/\/api.w.org\/{rel}","templated":true}]}}