{"id":921,"date":"2024-10-15T09:18:38","date_gmt":"2024-10-15T07:18:38","guid":{"rendered":"https:\/\/www.strassenweb.de\/nachrichten\/warum-laesst-meine-trauerfeige-blaetter-fallen-3-ursachen-und-loesungen\/"},"modified":"2024-10-15T09:18:39","modified_gmt":"2024-10-15T07:18:39","slug":"warum-laesst-meine-trauerfeige-blaetter-fallen-3-ursachen-und-loesungen","status":"publish","type":"post","link":"https:\/\/www.strassenweb.de\/nachrichten\/warum-laesst-meine-trauerfeige-blaetter-fallen-3-ursachen-und-loesungen\/","title":{"rendered":"Warum l\u00e4sst meine Trauerfeige Bl\u00e4tter fallen? 3 Ursachen und L\u00f6sungen"},"content":{"rendered":"<p><\/p>\n<div id=\"article-body\" class=\"article__body \">\n<p>Wenn Sie von einem Indoor-Dschungel tr\u00e4umen, ist der Anbau einer Trauerfeige in Ihrem Zuhause ein Kinderspiel. Diese B\u00e4ume sind dank ihres vollen Laubs und ihrer Langlebigkeit die perfekte Wahl f\u00fcr eine auff\u00e4llige Zimmerpflanze \u2013 Weinfeigen gedeihen oft jahrzehntelang als Zimmerpflanzen.<\/p>\n<div id=\"ad-unit-1\" class=\"ad-unit\"><\/div>\n<p>Die Pflege einer Trauerfeige als Zimmerpflanze ist ziemlich einfach, da es sich um einen Baum mit geringem Pflegeaufwand f\u00fcr den Innenanbau handelt. Es ist jedoch nicht ungew\u00f6hnlich, dass eine Trauerfeige oder<em> Ficus benjamina<\/em>um seine Bl\u00e4tter fallen zu lassen. Obwohl es viele unbedenkliche Ursachen gibt, ist es auch m\u00f6glich, dass Ihre Trauerfeige aufgrund ungeeigneter Wachstumsbedingungen ihre Bl\u00e4tter abwirft.<\/p>\n<p>Ich habe mit Zimmerpflanzenexperten gesprochen, um mehr dar\u00fcber herauszufinden, warum eine Trauerfeige m\u00f6glicherweise ihre Bl\u00e4tter abwirft, und sie haben drei Hauptursachen genannt \u2013 hier finden Sie alles, was Sie wissen m\u00fcssen.<\/p>\n<div id=\"desktop-in-article\" class=\"in-article ad-unit\">\n<div id=\"desktop-taboola-mid-article\"><\/div>\n<\/div>\n<div id=\"mobile-in-article\" class=\"in-article ad-unit\">\n<div id=\"mobile-taboola-mid-article\"><\/div>\n<\/div>\n<figure class=\"van-image-figure inline-layout \" data-bordeaux-image-check>\n<div class=\"image-full-width-wrapper\">\n<div class=\"image-widthsetter\" style=\"max-width:2000px;\"><\/div>\n<\/div>\n<\/figure>\n<h3 class=\"article-body__section\" id=\"section-3-reasons-why-your-weeping-fig-is-dropping-leaves\"><span>3 Gr\u00fcnde, warum Ihre Trauerfeige Bl\u00e4tter fallen l\u00e4sst<\/span><\/h3>\n<aside class=\"hawk-nest\" data-render-type=\"fte\" data-skip=\"dealsy\" data-widget-type=\"seasonal\">\n<div class=\"hawk-master-widget-hawk-base-wrapper\"><\/div>\n<\/aside>\n<p>Trauerfeigen sind tropische Zimmerpflanzen, die in Regionen Asiens und Australiens heimisch sind. Sie k\u00f6nnen in der gesamten US-Winterh\u00e4rtezone 10\u201312 im Freien angebaut werden, sind aber als Zimmerpflanzen weitaus beliebter. Blattabfall sollte bei Trauerfeigen nicht immer Anlass zur Sorge geben. Wenn Ihre Trauerfeige jedoch pl\u00f6tzlich und wiederholt Bl\u00e4tter verliert, kann dies einen der folgenden Gr\u00fcnde haben.<\/p>\n<div class=\"van_vid_carousel\">\n<div class=\"van_vid_carousel__padding\">\n<div class=\"van_vid_carousel__container\"><\/div>\n<\/div>\n<\/div>\n<h2 id=\"1-your-weeping-fig-is-growing-in-poor-light-3\">1. Ihre Trauerfeige w\u00e4chst bei schlechtem Licht<\/h2>\n<figure class=\"van-image-figure inline-layout \" data-bordeaux-image-check>\n<div class=\"image-full-width-wrapper\">\n<div class=\"image-widthsetter\" style=\"max-width:2000px;\"><\/div>\n<\/div>\n<\/figure>\n<p>Wenn Ihre Zimmerpflanze Probleme hat, ist die Beleuchtung immer das Erste, was Sie \u00fcberpr\u00fcfen sollten. Es gibt jede Menge Zimmerpflanzen f\u00fcr wenig Licht und viele Zimmerpflanzen f\u00fcr direktes Sonnenlicht, aber Trauerfeigen bevorzugen einen Standort irgendwo in der Mitte.<\/p>\n<div id=\"ad-unit-2\" class=\"ad-unit\"><\/div>\n<p>\u201eTrauerfeigen bevorzugen helles, indirektes Licht, und obwohl sie etwas geringere Lichtverh\u00e4ltnisse vertragen, k\u00f6nnte zu wenig Licht dazu f\u00fchren, dass sie Bl\u00e4tter abwerfen\u201c, sagt er <u>Vladan Nikolic<\/u> von Mr. Houseplant.<\/p>\n<p>Es ist unwahrscheinlich, dass eine Trauerfeige, die in einer dunklen Ecke Ihres Hauses versteckt ist, ihr volles Laub zur Schau stellt \u2013 am besten passen Sie dies an, indem Sie sie an einen helleren Ort stellen.<\/p>\n<p>\u201eWenn Sie eine Pflanze mit \u00fcppigem Laub haben m\u00f6chten, stellen Sie sie in der N\u00e4he des Fensters auf, das das meiste Sonnenlicht abbekommt\u201c, r\u00e4t Vladan. \u201eStellen Sie jedoch sicher, dass die Pflanze vor der grellen Mittagssonne gesch\u00fctzt ist, um ein Verbrennen der Bl\u00e4tter zu verhindern\u201c, f\u00fcgt er hinzu.<\/p>\n<p>Im Winter und an dunkleren Tagen k\u00f6nnen Sie Wachstumslampen f\u00fcr Zimmerpflanzen verwenden, um Ihre Trauerfeige mit ausreichend Licht zu versorgen. Diese Wachstumslampe von Amazon verf\u00fcgt \u00fcber einen verstellbaren St\u00e4nder, sodass Sie sie \u00fcber Ihrem Ficusbaum positionieren k\u00f6nnen.<\/p>\n<h2 id=\"2-you-re-incorrectly-watering-your-weeping-fig-3\">2. Sie gie\u00dfen Ihre Trauerfeige falsch<\/h2>\n<figure class=\"van-image-figure inline-layout \" data-bordeaux-image-check>\n<div class=\"image-full-width-wrapper\">\n<div class=\"image-widthsetter\" style=\"max-width:2400px;\"><\/div>\n<\/div>\n<\/figure>\n<p>Der vielleicht h\u00e4ufigste Fehler bei Zimmerpflanzen ist die falsche Bew\u00e4sserung Ihrer Zimmerpflanzen, die leicht zu begehen ist. Zu wenig oder zu viel Wasser kann sich negativ auf Ihre Trauerfeige auswirken.<\/p>\n<p>\u201eSowohl \u00dcber- als auch Unterw\u00e4sserung kann dazu f\u00fchren, dass eine Trauerfeige Bl\u00e4tter fallen l\u00e4sst\u201c, sagt er <u>Lindsey Chastain<\/u>Gr\u00fcnder des Blogs \u201eThe Waddle and Cluck\u201c. \u201eSie bevorzugen es, wenn die Erde zwischen den Wassergaben etwas austrocknet, aber nicht ganz trocken\u201c, f\u00fcgt sie hinzu.<\/p>\n<p>Zu nasser Boden kann dazu f\u00fchren, dass Ihre Feige unter Wurzelf\u00e4ule der Zimmerpflanze leidet, w\u00e4hrend D\u00fcrreperioden Ihre Trauerfeige belasten k\u00f6nnen.<\/p>\n<p>\u201eEine gute Faustregel ist, zu gie\u00dfen, wenn sich der oberste Zentimeter der Erde trocken anf\u00fchlt, aber achten Sie darauf, dass der Topf gut entw\u00e4ssert ist\u201c, r\u00e4t Lindsey.<\/p>\n<p>Sie k\u00f6nnen den Feuchtigkeitsgehalt Ihres Bodens mit Ihrem Finger ertasten oder dieses Bodenfeuchtigkeitsmessger\u00e4t von Amazon verwenden.<\/p>\n<h2 id=\"3-seasonal-changes-are-causing-leaf-drop-3\">3. Saisonale Ver\u00e4nderungen verursachen Blattabfall<\/h2>\n<figure class=\"van-image-figure inline-layout \" data-bordeaux-image-check>\n<div class=\"image-full-width-wrapper\">\n<div class=\"image-widthsetter\" style=\"max-width:2000px;\"><\/div>\n<\/div>\n<\/figure>\n<p>Eine weitere h\u00e4ufige Ursache f\u00fcr weinende Feigenbl\u00e4tter ist der Wechsel der Jahreszeiten. Dies ist nicht unbedingt ein Grund zur Besorgnis, aber es lohnt sich zu verstehen, was Sie tun k\u00f6nnen, um neues Wachstum zu f\u00f6rdern, wenn dies geschieht.<\/p>\n<p>\u201eTrauerfeigen neigen dazu, im Herbst und Fr\u00fchling beim Wechsel der Jahreszeiten Bl\u00e4tter abzuwerfen. \u201eDas liegt daran, dass diese Pflanzen empfindlich auf Ver\u00e4nderungen in ihrer Umgebung reagieren\u201c, erkl\u00e4rt Vladan. \u201eSaisonale Ver\u00e4nderungen f\u00fchren zu Licht- und Temperaturschwankungen, die zum Blattabfall f\u00fchren k\u00f6nnen\u201c, f\u00fcgt er hinzu.<\/p>\n<p>Genau wie bei einem Gummibaum, der Bl\u00e4tter fallen l\u00e4sst, k\u00f6nnen pl\u00f6tzliche Temperaturschwankungen im Laufe der Jahreszeiten dazu f\u00fchren, dass Bl\u00e4tter abfallen. Der ideale Temperaturbereich f\u00fcr eine Trauerfeige liegt zwischen 65 und 85 \u00b0F. Allerdings wird sich Ihre Trauerfeige erholen und neue Bl\u00e4tter bilden, wenn Sie darauf achten, sie auch w\u00e4hrend der saisonalen Ver\u00e4nderungen optimal zu pflegen.<\/p>\n<p>Es ist auch erw\u00e4hnenswert, dass das Alter auch zum Abfallen der Bl\u00e4tter f\u00fchren kann. \u201eTrauerfeigen werfen altersbedingt Bl\u00e4tter ab.\u201c \u201e\u00c4ltere untere Bl\u00e4tter werden abgeworfen, damit die Pflanze genug Energie f\u00fcr neues und gesundes Wachstum hat\u201c, sagt Vladan.<\/p>\n<p>\u201eDas geschieht regelm\u00e4\u00dfig und schrittweise.\u201c Wenn der Blattabfall jedoch pl\u00f6tzlich und dramatisch erfolgt, liegt dies wahrscheinlich an unzureichenden Wachstumsbedingungen\u201c, f\u00fcgt er hinzu.<\/p>\n<h3 class=\"article-body__section\" id=\"section-faqs\"><span>FAQs<\/span><\/h3>\n<h2 id=\"do-weeping-figs-need-lots-of-humidity-3\">Brauchen Trauerfeigen viel Feuchtigkeit?<\/h2>\n<p>Wie andere in tropischen Regionen beheimatete Zimmerpflanzen genie\u00dfen auch Trauerfeigen eine h\u00f6here Luftfeuchtigkeit.<\/p>\n<p>\u201eDie optimale Luftfeuchtigkeit liegt zwischen 50 und 75 %.\u201c \u201eSie k\u00f6nnen die Luftfeuchtigkeit mit einem Luftbefeuchter oder einer mit Wasser und Kieselsteinen gef\u00fcllten Feuchtigkeitswanne erh\u00f6hen\u201c, sagt er <u>Vladan Nikolic<\/u> von Mr. Houseplant.<\/p>\n<p>Wie Vladan feststellt, gibt es viele M\u00f6glichkeiten, die Luftfeuchtigkeit f\u00fcr Zimmerpflanzen zu erh\u00f6hen. Wenn Sie nicht die richtige Luftfeuchtigkeit f\u00fcr Ihre Trauerfeige erreichen, kann dies unter anderem dazu f\u00fchren, dass ihre Bl\u00e4tter herabh\u00e4ngen und abfallen.<\/p>\n<h2 id=\"how-do-you-revive-a-weeping-fig-that-has-dropped-its-leaves-3\">Wie belebt man eine Trauerfeige wieder, die ihre Bl\u00e4tter abgeworfen hat?<\/h2>\n<p>Um eine Trauerfeige, die ihre Bl\u00e4tter abgeworfen hat, wiederzubeleben, m\u00fcssen Sie zun\u00e4chst die Ursache ermitteln. Wenn es unter ungeeigneten Bedingungen w\u00e4chst, sollten Sie diese entsprechend anpassen. \u201eBeleben Sie eine Trauerfeige, die Bl\u00e4tter fallen l\u00e4sst, wieder, indem Sie daf\u00fcr sorgen, dass die Pflanze richtig bew\u00e4ssert, beleuchtet und temperiert wird\u201c, r\u00e4t er <u>Julie Bawden-Davis<\/u>Experte f\u00fcr Zimmerpflanzen bei Healthy Houseplants. Wenn Sie Ihre Trauerfeige weiterhin optimal pflegen und sie vor pl\u00f6tzlichen Umweltver\u00e4nderungen sch\u00fctzen, verhindern Sie, dass weitere Bl\u00e4tter abfallen.<\/p>\n<hr>\n<p>Sobald Sie dem Problem des Blattabfalls der Trauerfeige auf den Grund gegangen sind, stellen Sie sicher, dass Sie die Wachstumsbedingungen entsprechend anpassen, um weiteren Blattabfall zu verhindern. Dies k\u00f6nnte bedeuten, dass Sie Ihre Trauerfeige versetzen m\u00fcssen. Warum also nicht versuchen, Ihre Zimmerpflanzen so zu gestalten, dass sie sich in die \u00c4sthetik des Raums integrieren, in dem sie jetzt leben?<\/p>\n<p>Wenn Ihre Trauerfeige eine drastische Ver\u00e4nderung ben\u00f6tigt (z. B. von einer dunklen Ecke in einen helleren Raum), achten Sie darauf, sie nicht in einen Schockzustand zu versetzen. Sie k\u00f6nnen beispielsweise versuchen, es etwa eine Woche lang an einen etwas helleren Ort zu stellen, bevor Sie es in seine endg\u00fcltige Position bringen.<\/p>\n<\/div>\n","protected":false},"excerpt":{"rendered":"<p>Wenn Sie von einem Indoor-Dschungel tr\u00e4umen, ist der Anbau einer Trauerfeige in Ihrem Zuhause ein Kinderspiel. Diese B\u00e4ume sind dank ihres vollen Laubs und ihrer<\/p>\n","protected":false},"author":1,"featured_media":922,"comment_status":"closed","ping_status":"","sticky":false,"template":"","format":"standard","meta":{"footnotes":""},"categories":[118],"tags":[1665,1806,1689,1807,1054,1805,37,1670,744],"class_list":["post-921","post","type-post","status-publish","format-standard","has-post-thumbnail","hentry","category-haus-garten","tag-blaetter","tag-fallen","tag-laesst","tag-loesungen","tag-meine","tag-trauerfeige","tag-und","tag-ursachen","tag-warum","generate-columns","tablet-grid-50","mobile-grid-100","grid-parent","grid-50"],"yoast_head":"<!-- This site is optimized with the Yoast SEO plugin v27.3 - https:\/\/yoast.com\/product\/yoast-seo-wordpress\/ -->\n<title>Warum l\u00e4sst meine Trauerfeige Bl\u00e4tter fallen? 3 Ursachen und L\u00f6sungen - Nachrichten - Stra\u00dfenweb<\/title>\n<meta name=\"robots\" content=\"index, follow, max-snippet:-1, max-image-preview:large, max-video-preview:-1\" \/>\n<link rel=\"canonical\" href=\"https:\/\/www.strassenweb.de\/nachrichten\/warum-laesst-meine-trauerfeige-blaetter-fallen-3-ursachen-und-loesungen\/\" \/>\n<meta property=\"og:locale\" content=\"de_DE\" \/>\n<meta property=\"og:type\" content=\"article\" \/>\n<meta property=\"og:title\" content=\"Warum l\u00e4sst meine Trauerfeige Bl\u00e4tter fallen? 3 Ursachen und L\u00f6sungen - Nachrichten - Stra\u00dfenweb\" \/>\n<meta property=\"og:description\" content=\"Wenn Sie von einem Indoor-Dschungel tr\u00e4umen, ist der Anbau einer Trauerfeige in Ihrem Zuhause ein Kinderspiel. Diese B\u00e4ume sind dank ihres vollen Laubs und ihrer\" \/>\n<meta property=\"og:url\" content=\"https:\/\/www.strassenweb.de\/nachrichten\/warum-laesst-meine-trauerfeige-blaetter-fallen-3-ursachen-und-loesungen\/\" \/>\n<meta property=\"og:site_name\" content=\"Stra\u00dfenweb\" \/>\n<meta property=\"article:publisher\" content=\"https:\/\/www.facebook.com\/strassenweb\/\" \/>\n<meta property=\"article:published_time\" content=\"2024-10-15T07:18:38+00:00\" \/>\n<meta property=\"article:modified_time\" content=\"2024-10-15T07:18:39+00:00\" \/>\n<meta property=\"og:image\" content=\"https:\/\/www.strassenweb.de\/nachrichten\/wp-content\/uploads\/2024\/10\/Warum-laesst-meine-Trauerfeige-Blaetter-fallen-3-Ursachen-und-Loesungen.jpg\" \/>\n\t<meta property=\"og:image:width\" content=\"1200\" \/>\n\t<meta property=\"og:image:height\" content=\"675\" \/>\n\t<meta property=\"og:image:type\" content=\"image\/jpeg\" \/>\n<meta name=\"author\" content=\"Robert Hoffmann\" \/>\n<meta name=\"twitter:card\" content=\"summary_large_image\" \/>\n<meta name=\"twitter:label1\" content=\"Verfasst von\" \/>\n\t<meta name=\"twitter:data1\" content=\"Robert Hoffmann\" \/>\n\t<meta name=\"twitter:label2\" content=\"Gesch\u00e4tzte Lesezeit\" \/>\n\t<meta name=\"twitter:data2\" content=\"6\u00a0Minuten\" \/>\n<script type=\"application\/ld+json\" class=\"yoast-schema-graph\">{\"@context\":\"https:\\\/\\\/schema.org\",\"@graph\":[{\"@type\":\"Article\",\"@id\":\"https:\\\/\\\/www.strassenweb.de\\\/nachrichten\\\/warum-laesst-meine-trauerfeige-blaetter-fallen-3-ursachen-und-loesungen\\\/#article\",\"isPartOf\":{\"@id\":\"https:\\\/\\\/www.strassenweb.de\\\/nachrichten\\\/warum-laesst-meine-trauerfeige-blaetter-fallen-3-ursachen-und-loesungen\\\/\"},\"author\":{\"name\":\"Robert Hoffmann\",\"@id\":\"https:\\\/\\\/www.strassenweb.de\\\/nachrichten\\\/#\\\/schema\\\/person\\\/87c9c9067f1211da429a744dc5a5aa41\"},\"headline\":\"Warum l\u00e4sst meine Trauerfeige Bl\u00e4tter fallen? 3 Ursachen und L\u00f6sungen\",\"datePublished\":\"2024-10-15T07:18:38+00:00\",\"dateModified\":\"2024-10-15T07:18:39+00:00\",\"mainEntityOfPage\":{\"@id\":\"https:\\\/\\\/www.strassenweb.de\\\/nachrichten\\\/warum-laesst-meine-trauerfeige-blaetter-fallen-3-ursachen-und-loesungen\\\/\"},\"wordCount\":1136,\"publisher\":{\"@id\":\"https:\\\/\\\/www.strassenweb.de\\\/nachrichten\\\/#organization\"},\"image\":{\"@id\":\"https:\\\/\\\/www.strassenweb.de\\\/nachrichten\\\/warum-laesst-meine-trauerfeige-blaetter-fallen-3-ursachen-und-loesungen\\\/#primaryimage\"},\"thumbnailUrl\":\"https:\\\/\\\/www.strassenweb.de\\\/nachrichten\\\/wp-content\\\/uploads\\\/2024\\\/10\\\/Warum-laesst-meine-Trauerfeige-Blaetter-fallen-3-Ursachen-und-Loesungen.jpg\",\"keywords\":[\"Bl\u00e4tter\",\"fallen\",\"l\u00e4sst\",\"L\u00f6sungen\",\"meine\",\"Trauerfeige\",\"und\",\"Ursachen\",\"warum\"],\"articleSection\":[\"Haus &amp; Garten\"],\"inLanguage\":\"de\"},{\"@type\":\"WebPage\",\"@id\":\"https:\\\/\\\/www.strassenweb.de\\\/nachrichten\\\/warum-laesst-meine-trauerfeige-blaetter-fallen-3-ursachen-und-loesungen\\\/\",\"url\":\"https:\\\/\\\/www.strassenweb.de\\\/nachrichten\\\/warum-laesst-meine-trauerfeige-blaetter-fallen-3-ursachen-und-loesungen\\\/\",\"name\":\"Warum l\u00e4sst meine Trauerfeige Bl\u00e4tter fallen? 3 Ursachen und L\u00f6sungen - Nachrichten - Stra\u00dfenweb\",\"isPartOf\":{\"@id\":\"https:\\\/\\\/www.strassenweb.de\\\/nachrichten\\\/#website\"},\"primaryImageOfPage\":{\"@id\":\"https:\\\/\\\/www.strassenweb.de\\\/nachrichten\\\/warum-laesst-meine-trauerfeige-blaetter-fallen-3-ursachen-und-loesungen\\\/#primaryimage\"},\"image\":{\"@id\":\"https:\\\/\\\/www.strassenweb.de\\\/nachrichten\\\/warum-laesst-meine-trauerfeige-blaetter-fallen-3-ursachen-und-loesungen\\\/#primaryimage\"},\"thumbnailUrl\":\"https:\\\/\\\/www.strassenweb.de\\\/nachrichten\\\/wp-content\\\/uploads\\\/2024\\\/10\\\/Warum-laesst-meine-Trauerfeige-Blaetter-fallen-3-Ursachen-und-Loesungen.jpg\",\"datePublished\":\"2024-10-15T07:18:38+00:00\",\"dateModified\":\"2024-10-15T07:18:39+00:00\",\"breadcrumb\":{\"@id\":\"https:\\\/\\\/www.strassenweb.de\\\/nachrichten\\\/warum-laesst-meine-trauerfeige-blaetter-fallen-3-ursachen-und-loesungen\\\/#breadcrumb\"},\"inLanguage\":\"de\",\"potentialAction\":[{\"@type\":\"ReadAction\",\"target\":[\"https:\\\/\\\/www.strassenweb.de\\\/nachrichten\\\/warum-laesst-meine-trauerfeige-blaetter-fallen-3-ursachen-und-loesungen\\\/\"]}]},{\"@type\":\"ImageObject\",\"inLanguage\":\"de\",\"@id\":\"https:\\\/\\\/www.strassenweb.de\\\/nachrichten\\\/warum-laesst-meine-trauerfeige-blaetter-fallen-3-ursachen-und-loesungen\\\/#primaryimage\",\"url\":\"https:\\\/\\\/www.strassenweb.de\\\/nachrichten\\\/wp-content\\\/uploads\\\/2024\\\/10\\\/Warum-laesst-meine-Trauerfeige-Blaetter-fallen-3-Ursachen-und-Loesungen.jpg\",\"contentUrl\":\"https:\\\/\\\/www.strassenweb.de\\\/nachrichten\\\/wp-content\\\/uploads\\\/2024\\\/10\\\/Warum-laesst-meine-Trauerfeige-Blaetter-fallen-3-Ursachen-und-Loesungen.jpg\",\"width\":1200,\"height\":675,\"caption\":\"Warum l\u00e4sst meine Trauerfeige Bl\u00e4tter fallen? 3 Ursachen und L\u00f6sungen\"},{\"@type\":\"BreadcrumbList\",\"@id\":\"https:\\\/\\\/www.strassenweb.de\\\/nachrichten\\\/warum-laesst-meine-trauerfeige-blaetter-fallen-3-ursachen-und-loesungen\\\/#breadcrumb\",\"itemListElement\":[{\"@type\":\"ListItem\",\"position\":1,\"name\":\"Home\",\"item\":\"https:\\\/\\\/www.strassenweb.de\\\/nachrichten\\\/\"},{\"@type\":\"ListItem\",\"position\":2,\"name\":\"Warum l\u00e4sst meine Trauerfeige Bl\u00e4tter fallen? 3 Ursachen und L\u00f6sungen\"}]},{\"@type\":\"WebSite\",\"@id\":\"https:\\\/\\\/www.strassenweb.de\\\/nachrichten\\\/#website\",\"url\":\"https:\\\/\\\/www.strassenweb.de\\\/nachrichten\\\/\",\"name\":\"Stra\u00dfenweb\",\"description\":\"Stra\u00dfenverzeichnis f\u00fcr Deutschland\",\"publisher\":{\"@id\":\"https:\\\/\\\/www.strassenweb.de\\\/nachrichten\\\/#organization\"},\"potentialAction\":[{\"@type\":\"SearchAction\",\"target\":{\"@type\":\"EntryPoint\",\"urlTemplate\":\"https:\\\/\\\/www.strassenweb.de\\\/nachrichten\\\/?s={search_term_string}\"},\"query-input\":{\"@type\":\"PropertyValueSpecification\",\"valueRequired\":true,\"valueName\":\"search_term_string\"}}],\"inLanguage\":\"de\"},{\"@type\":\"Organization\",\"@id\":\"https:\\\/\\\/www.strassenweb.de\\\/nachrichten\\\/#organization\",\"name\":\"Stra\u00dfenweb\",\"url\":\"https:\\\/\\\/www.strassenweb.de\\\/nachrichten\\\/\",\"logo\":{\"@type\":\"ImageObject\",\"inLanguage\":\"de\",\"@id\":\"https:\\\/\\\/www.strassenweb.de\\\/nachrichten\\\/#\\\/schema\\\/logo\\\/image\\\/\",\"url\":\"https:\\\/\\\/www.strassenweb.de\\\/nachrichten\\\/wp-content\\\/uploads\\\/2024\\\/09\\\/cropped-favicon.png\",\"contentUrl\":\"https:\\\/\\\/www.strassenweb.de\\\/nachrichten\\\/wp-content\\\/uploads\\\/2024\\\/09\\\/cropped-favicon.png\",\"width\":512,\"height\":512,\"caption\":\"Stra\u00dfenweb\"},\"image\":{\"@id\":\"https:\\\/\\\/www.strassenweb.de\\\/nachrichten\\\/#\\\/schema\\\/logo\\\/image\\\/\"},\"sameAs\":[\"https:\\\/\\\/www.facebook.com\\\/strassenweb\\\/\"]},{\"@type\":\"Person\",\"@id\":\"https:\\\/\\\/www.strassenweb.de\\\/nachrichten\\\/#\\\/schema\\\/person\\\/87c9c9067f1211da429a744dc5a5aa41\",\"name\":\"Robert Hoffmann\",\"image\":{\"@type\":\"ImageObject\",\"inLanguage\":\"de\",\"@id\":\"https:\\\/\\\/www.strassenweb.de\\\/nachrichten\\\/wp-content\\\/uploads\\\/2024\\\/09\\\/strassenweb-150x150.jpg\",\"url\":\"https:\\\/\\\/www.strassenweb.de\\\/nachrichten\\\/wp-content\\\/uploads\\\/2024\\\/09\\\/strassenweb-150x150.jpg\",\"contentUrl\":\"https:\\\/\\\/www.strassenweb.de\\\/nachrichten\\\/wp-content\\\/uploads\\\/2024\\\/09\\\/strassenweb-150x150.jpg\",\"caption\":\"Robert Hoffmann\"},\"description\":\"Ich hei\u00dfe Robert Hoffmann und ich bin ein leidenschaftlicher Verfechter von \u00d6kologie und Biodiversit\u00e4t. Seit meiner Kindheit in den W\u00e4ldern Bayerns f\u00fchle ich mich mit der Natur verbunden und bin entschlossen, sie zu sch\u00fctzen. Heute widme ich mein Leben der Sensibilisierung anderer f\u00fcr die Bedeutung des Umweltschutzes f\u00fcr zuk\u00fcnftige Generationen.\",\"sameAs\":[\"https:\\\/\\\/www.strassenweb.de\\\/\"]}]}<\/script>\n<!-- \/ Yoast SEO plugin. -->","yoast_head_json":{"title":"Warum l\u00e4sst meine Trauerfeige Bl\u00e4tter fallen? 3 Ursachen und L\u00f6sungen - Nachrichten - Stra\u00dfenweb","robots":{"index":"index","follow":"follow","max-snippet":"max-snippet:-1","max-image-preview":"max-image-preview:large","max-video-preview":"max-video-preview:-1"},"canonical":"https:\/\/www.strassenweb.de\/nachrichten\/warum-laesst-meine-trauerfeige-blaetter-fallen-3-ursachen-und-loesungen\/","og_locale":"de_DE","og_type":"article","og_title":"Warum l\u00e4sst meine Trauerfeige Bl\u00e4tter fallen? 3 Ursachen und L\u00f6sungen - Nachrichten - Stra\u00dfenweb","og_description":"Wenn Sie von einem Indoor-Dschungel tr\u00e4umen, ist der Anbau einer Trauerfeige in Ihrem Zuhause ein Kinderspiel. Diese B\u00e4ume sind dank ihres vollen Laubs und ihrer","og_url":"https:\/\/www.strassenweb.de\/nachrichten\/warum-laesst-meine-trauerfeige-blaetter-fallen-3-ursachen-und-loesungen\/","og_site_name":"Stra\u00dfenweb","article_publisher":"https:\/\/www.facebook.com\/strassenweb\/","article_published_time":"2024-10-15T07:18:38+00:00","article_modified_time":"2024-10-15T07:18:39+00:00","og_image":[{"width":1200,"height":675,"url":"https:\/\/www.strassenweb.de\/nachrichten\/wp-content\/uploads\/2024\/10\/Warum-laesst-meine-Trauerfeige-Blaetter-fallen-3-Ursachen-und-Loesungen.jpg","type":"image\/jpeg"}],"author":"Robert Hoffmann","twitter_card":"summary_large_image","twitter_misc":{"Verfasst von":"Robert Hoffmann","Gesch\u00e4tzte Lesezeit":"6\u00a0Minuten"},"schema":{"@context":"https:\/\/schema.org","@graph":[{"@type":"Article","@id":"https:\/\/www.strassenweb.de\/nachrichten\/warum-laesst-meine-trauerfeige-blaetter-fallen-3-ursachen-und-loesungen\/#article","isPartOf":{"@id":"https:\/\/www.strassenweb.de\/nachrichten\/warum-laesst-meine-trauerfeige-blaetter-fallen-3-ursachen-und-loesungen\/"},"author":{"name":"Robert Hoffmann","@id":"https:\/\/www.strassenweb.de\/nachrichten\/#\/schema\/person\/87c9c9067f1211da429a744dc5a5aa41"},"headline":"Warum l\u00e4sst meine Trauerfeige Bl\u00e4tter fallen? 3 Ursachen und L\u00f6sungen","datePublished":"2024-10-15T07:18:38+00:00","dateModified":"2024-10-15T07:18:39+00:00","mainEntityOfPage":{"@id":"https:\/\/www.strassenweb.de\/nachrichten\/warum-laesst-meine-trauerfeige-blaetter-fallen-3-ursachen-und-loesungen\/"},"wordCount":1136,"publisher":{"@id":"https:\/\/www.strassenweb.de\/nachrichten\/#organization"},"image":{"@id":"https:\/\/www.strassenweb.de\/nachrichten\/warum-laesst-meine-trauerfeige-blaetter-fallen-3-ursachen-und-loesungen\/#primaryimage"},"thumbnailUrl":"https:\/\/www.strassenweb.de\/nachrichten\/wp-content\/uploads\/2024\/10\/Warum-laesst-meine-Trauerfeige-Blaetter-fallen-3-Ursachen-und-Loesungen.jpg","keywords":["Bl\u00e4tter","fallen","l\u00e4sst","L\u00f6sungen","meine","Trauerfeige","und","Ursachen","warum"],"articleSection":["Haus &amp; Garten"],"inLanguage":"de"},{"@type":"WebPage","@id":"https:\/\/www.strassenweb.de\/nachrichten\/warum-laesst-meine-trauerfeige-blaetter-fallen-3-ursachen-und-loesungen\/","url":"https:\/\/www.strassenweb.de\/nachrichten\/warum-laesst-meine-trauerfeige-blaetter-fallen-3-ursachen-und-loesungen\/","name":"Warum l\u00e4sst meine Trauerfeige Bl\u00e4tter fallen? 3 Ursachen und L\u00f6sungen - Nachrichten - Stra\u00dfenweb","isPartOf":{"@id":"https:\/\/www.strassenweb.de\/nachrichten\/#website"},"primaryImageOfPage":{"@id":"https:\/\/www.strassenweb.de\/nachrichten\/warum-laesst-meine-trauerfeige-blaetter-fallen-3-ursachen-und-loesungen\/#primaryimage"},"image":{"@id":"https:\/\/www.strassenweb.de\/nachrichten\/warum-laesst-meine-trauerfeige-blaetter-fallen-3-ursachen-und-loesungen\/#primaryimage"},"thumbnailUrl":"https:\/\/www.strassenweb.de\/nachrichten\/wp-content\/uploads\/2024\/10\/Warum-laesst-meine-Trauerfeige-Blaetter-fallen-3-Ursachen-und-Loesungen.jpg","datePublished":"2024-10-15T07:18:38+00:00","dateModified":"2024-10-15T07:18:39+00:00","breadcrumb":{"@id":"https:\/\/www.strassenweb.de\/nachrichten\/warum-laesst-meine-trauerfeige-blaetter-fallen-3-ursachen-und-loesungen\/#breadcrumb"},"inLanguage":"de","potentialAction":[{"@type":"ReadAction","target":["https:\/\/www.strassenweb.de\/nachrichten\/warum-laesst-meine-trauerfeige-blaetter-fallen-3-ursachen-und-loesungen\/"]}]},{"@type":"ImageObject","inLanguage":"de","@id":"https:\/\/www.strassenweb.de\/nachrichten\/warum-laesst-meine-trauerfeige-blaetter-fallen-3-ursachen-und-loesungen\/#primaryimage","url":"https:\/\/www.strassenweb.de\/nachrichten\/wp-content\/uploads\/2024\/10\/Warum-laesst-meine-Trauerfeige-Blaetter-fallen-3-Ursachen-und-Loesungen.jpg","contentUrl":"https:\/\/www.strassenweb.de\/nachrichten\/wp-content\/uploads\/2024\/10\/Warum-laesst-meine-Trauerfeige-Blaetter-fallen-3-Ursachen-und-Loesungen.jpg","width":1200,"height":675,"caption":"Warum l\u00e4sst meine Trauerfeige Bl\u00e4tter fallen? 3 Ursachen und L\u00f6sungen"},{"@type":"BreadcrumbList","@id":"https:\/\/www.strassenweb.de\/nachrichten\/warum-laesst-meine-trauerfeige-blaetter-fallen-3-ursachen-und-loesungen\/#breadcrumb","itemListElement":[{"@type":"ListItem","position":1,"name":"Home","item":"https:\/\/www.strassenweb.de\/nachrichten\/"},{"@type":"ListItem","position":2,"name":"Warum l\u00e4sst meine Trauerfeige Bl\u00e4tter fallen? 3 Ursachen und L\u00f6sungen"}]},{"@type":"WebSite","@id":"https:\/\/www.strassenweb.de\/nachrichten\/#website","url":"https:\/\/www.strassenweb.de\/nachrichten\/","name":"Stra\u00dfenweb","description":"Stra\u00dfenverzeichnis f\u00fcr Deutschland","publisher":{"@id":"https:\/\/www.strassenweb.de\/nachrichten\/#organization"},"potentialAction":[{"@type":"SearchAction","target":{"@type":"EntryPoint","urlTemplate":"https:\/\/www.strassenweb.de\/nachrichten\/?s={search_term_string}"},"query-input":{"@type":"PropertyValueSpecification","valueRequired":true,"valueName":"search_term_string"}}],"inLanguage":"de"},{"@type":"Organization","@id":"https:\/\/www.strassenweb.de\/nachrichten\/#organization","name":"Stra\u00dfenweb","url":"https:\/\/www.strassenweb.de\/nachrichten\/","logo":{"@type":"ImageObject","inLanguage":"de","@id":"https:\/\/www.strassenweb.de\/nachrichten\/#\/schema\/logo\/image\/","url":"https:\/\/www.strassenweb.de\/nachrichten\/wp-content\/uploads\/2024\/09\/cropped-favicon.png","contentUrl":"https:\/\/www.strassenweb.de\/nachrichten\/wp-content\/uploads\/2024\/09\/cropped-favicon.png","width":512,"height":512,"caption":"Stra\u00dfenweb"},"image":{"@id":"https:\/\/www.strassenweb.de\/nachrichten\/#\/schema\/logo\/image\/"},"sameAs":["https:\/\/www.facebook.com\/strassenweb\/"]},{"@type":"Person","@id":"https:\/\/www.strassenweb.de\/nachrichten\/#\/schema\/person\/87c9c9067f1211da429a744dc5a5aa41","name":"Robert Hoffmann","image":{"@type":"ImageObject","inLanguage":"de","@id":"https:\/\/www.strassenweb.de\/nachrichten\/wp-content\/uploads\/2024\/09\/strassenweb-150x150.jpg","url":"https:\/\/www.strassenweb.de\/nachrichten\/wp-content\/uploads\/2024\/09\/strassenweb-150x150.jpg","contentUrl":"https:\/\/www.strassenweb.de\/nachrichten\/wp-content\/uploads\/2024\/09\/strassenweb-150x150.jpg","caption":"Robert Hoffmann"},"description":"Ich hei\u00dfe Robert Hoffmann und ich bin ein leidenschaftlicher Verfechter von \u00d6kologie und Biodiversit\u00e4t. Seit meiner Kindheit in den W\u00e4ldern Bayerns f\u00fchle ich mich mit der Natur verbunden und bin entschlossen, sie zu sch\u00fctzen. Heute widme ich mein Leben der Sensibilisierung anderer f\u00fcr die Bedeutung des Umweltschutzes f\u00fcr zuk\u00fcnftige Generationen.","sameAs":["https:\/\/www.strassenweb.de\/"]}]}},"_links":{"self":[{"href":"https:\/\/www.strassenweb.de\/nachrichten\/wp-json\/wp\/v2\/posts\/921","targetHints":{"allow":["GET"]}}],"collection":[{"href":"https:\/\/www.strassenweb.de\/nachrichten\/wp-json\/wp\/v2\/posts"}],"about":[{"href":"https:\/\/www.strassenweb.de\/nachrichten\/wp-json\/wp\/v2\/types\/post"}],"author":[{"embeddable":true,"href":"https:\/\/www.strassenweb.de\/nachrichten\/wp-json\/wp\/v2\/users\/1"}],"replies":[{"embeddable":true,"href":"https:\/\/www.strassenweb.de\/nachrichten\/wp-json\/wp\/v2\/comments?post=921"}],"version-history":[{"count":0,"href":"https:\/\/www.strassenweb.de\/nachrichten\/wp-json\/wp\/v2\/posts\/921\/revisions"}],"wp:featuredmedia":[{"embeddable":true,"href":"https:\/\/www.strassenweb.de\/nachrichten\/wp-json\/wp\/v2\/media\/922"}],"wp:attachment":[{"href":"https:\/\/www.strassenweb.de\/nachrichten\/wp-json\/wp\/v2\/media?parent=921"}],"wp:term":[{"taxonomy":"category","embeddable":true,"href":"https:\/\/www.strassenweb.de\/nachrichten\/wp-json\/wp\/v2\/categories?post=921"},{"taxonomy":"post_tag","embeddable":true,"href":"https:\/\/www.strassenweb.de\/nachrichten\/wp-json\/wp\/v2\/tags?post=921"}],"curies":[{"name":"wp","href":"https:\/\/api.w.org\/{rel}","templated":true}]}}