{"id":9206,"date":"2025-11-16T10:39:13","date_gmt":"2025-11-16T09:39:13","guid":{"rendered":"https:\/\/www.strassenweb.de\/nachrichten\/dieser-retro-look-von-joanna-gaines-hat-mich-davon-ueberzeugt-dass-gruen-und-weiss-derzeit-der-vintage-geschirrtrend-ist-den-ich-lieben-werde\/"},"modified":"2025-11-16T10:39:14","modified_gmt":"2025-11-16T09:39:14","slug":"dieser-retro-look-von-joanna-gaines-hat-mich-davon-ueberzeugt-dass-gruen-und-weiss-derzeit-der-vintage-geschirrtrend-ist-den-ich-lieben-werde","status":"publish","type":"post","link":"https:\/\/www.strassenweb.de\/nachrichten\/dieser-retro-look-von-joanna-gaines-hat-mich-davon-ueberzeugt-dass-gruen-und-weiss-derzeit-der-vintage-geschirrtrend-ist-den-ich-lieben-werde\/","title":{"rendered":"Dieser Retro-Look von Joanna Gaines hat mich davon \u00fcberzeugt, dass Gr\u00fcn und Wei\u00df derzeit der Vintage-Geschirrtrend ist, den ich lieben werde"},"content":{"rendered":"<p><\/p>\n<div id=\"article-body\" class=\"article__body \">\n<div id=\"ad-unit-1\" class=\"ad-unit\"><\/div>\n<p>Meine Inspiration kam von einem Magnolia-Beitrag, den ich vor langer Zeit geteilt habe, aber er scheint f\u00fcr 2025 auffallend im Trend zu liegen und beweist, dass Joanna Gaines immer einen Schritt voraus ist. Mit einem herzhaften Herbstmen\u00fc, serviert auf Vintage-inspirierten gr\u00fcnen und wei\u00dfen Gerichten, greift die Aufnahme den diesj\u00e4hrigen Trend zu l\u00e4ndlichem, von Gro\u00dfmutter inspiriertem Geschirr auf und zeigt, dass der Erbst\u00fcck-Look einfach nicht mehr zeitgem\u00e4\u00df ist.<\/p>\n<div class=\"instagram-embed\" id=\"C0kTK2QvUPi\">\n<blockquote class=\"instagram-media\" data-instgrm-version=\"6\" style=\"width:99.375%; width:-webkit-calc(100% - 2px); width:calc(100% - 2px);\">\n<p>Ein von Magnolia (@magnolia) geteilter Beitrag<\/p>\n<p>Ein Foto gepostet von am <\/p>\n<\/blockquote>\n<\/div>\n<aside data-block-type=\"embed\" data-render-type=\"fte\" data-skip=\"dealsy\" data-widget-type=\"seasonal\" class=\"hawk-root\"><\/aside>\n<p id=\"21dadb89-7d9f-4055-b992-dcdadc41f1e9-0\">Der Beitrag erinnert mich daran, dass die besten Designer aus den Archiven sch\u00f6pfen und altehrw\u00fcrdige Trends nutzen, um zeitgen\u00f6ssische Entscheidungen zu treffen. Dekorieren im Vintage-Stil ist im Jahr 2025 so beliebt wie eh und je, aber zum Gl\u00fcck muss man nicht stundenlang auf dem Flohmarkt verbringen, um den Look zu kreieren. Einige meiner Lieblingsmarken haben dieses Jahr unglaubliche Kollektionen im Vintage-Stil herausgebracht, und tats\u00e4chlich ist die Weihnachtsdekorkollektion 2025 von Magnolia ein fantastisches Beispiel. Von polierten Messingakzenten bis hin zu traditionellen Drucken wei\u00df Joanna Gaines genau, wie man den Retro-Stil perfekt umsetzt \u2013 weshalb sich der gr\u00fcn-wei\u00dfe Geschirr-Look f\u00fcr mich immer noch so frisch anf\u00fchlt.<\/p>\n<div class=\"van_vid_carousel\">\n<div class=\"van_vid_carousel__padding\">\n<div class=\"van_vid_carousel__container\"><\/div>\n<\/div>\n<\/div>\n<p>Auch wenn Vintage-St\u00fccke in Blau und Wei\u00df zu Joannas Lieblingspaletten geh\u00f6ren, habe ich eine echte Schw\u00e4che f\u00fcr die Waldgr\u00fcn-Kombination \u2013 und sie ist absolut zeitlos. Ich werde mich an Magnolia orientieren und f\u00fcr bevorstehende Dinnerpartys ein paar ausgew\u00e4hlte St\u00fccke zu meiner Garderobe hinzuf\u00fcgen.<\/p>\n<div id=\"ad-unit-2\" class=\"ad-unit\"><\/div>\n<h2 id=\"shop-green-and-white-tableware-3\">Kaufen Sie gr\u00fcnes und wei\u00dfes Geschirr<\/h2>\n<aside data-block-type=\"embed\" data-hawk-json=\"{&quot;collection&quot;:{&quot;blocks&quot;:({&quot;modelName&quot;:&quot;Floral Earthenware Dinner Plate&quot;,&quot;productName&quot;:&quot;Floral Earthenware Dinner Plate&quot;,&quot;brand&quot;:null,&quot;price&quot;:null,&quot;wasPrice&quot;:null,&quot;currency&quot;:&quot;USD&quot;,&quot;image&quot;:{&quot;copyright&quot;:&quot;&quot;,&quot;height&quot;:2000,&quot;id&quot;:&quot;gUYfZtQbv8pK7URQiDpTJE&quot;,&quot;mimeType&quot;:&quot;image\/jpeg&quot;,&quot;mos&quot;:&quot;https:\/\/cdn.mos.cms.futurecdn.net\/gUYfZtQbv8pK7URQiDpTJE.jpg&quot;,&quot;role&quot;:&quot;&quot;,&quot;width&quot;:2000,&quot;credit&quot;:&quot;Zara Home&quot;,&quot;alt&quot;:&quot;White stoneware plate with green floral design&quot;,&quot;caption&quot;:&quot;&quot;},&quot;link&quot;:{&quot;url&quot;:&quot;https:\/\/www.zarahome.com\/us\/floral-earthenware-dinner-plate-l42460200&quot;,&quot;linkText&quot;:&quot;$15.90 at Zara&quot;,&quot;editorialMerchantName&quot;:&quot;&quot;,&quot;merchantName&quot;:&quot;zarahome.com&quot;},&quot;noAffiliateTracking&quot;:false,&quot;linkMerchant&quot;:&quot;zarahome.com&quot;},{&quot;modelName&quot;:&quot;222 Fifth Porcelain 12-Piece Dinnerware Set&quot;,&quot;productName&quot;:&quot;222 Fifth Porcelain 12-Piece Dinnerware Set&quot;,&quot;brand&quot;:null,&quot;price&quot;:null,&quot;wasPrice&quot;:null,&quot;currency&quot;:null,&quot;image&quot;:{&quot;copyright&quot;:&quot;&quot;,&quot;height&quot;:2000,&quot;id&quot;:&quot;fsssFERZupRHUZm3PBfdgn&quot;,&quot;mimeType&quot;:&quot;image\/jpeg&quot;,&quot;mos&quot;:&quot;https:\/\/cdn.mos.cms.futurecdn.net\/fsssFERZupRHUZm3PBfdgn.jpg&quot;,&quot;role&quot;:&quot;&quot;,&quot;width&quot;:2000,&quot;credit&quot;:&quot;Macy's&quot;,&quot;alt&quot;:&quot;White dinnerware set with green floral pattern&quot;,&quot;caption&quot;:&quot;&quot;},&quot;link&quot;:{&quot;url&quot;:&quot;https:\/\/www.anrdoezrs.net\/click-100624746-17192306?sid=hawk-custom-tracking&amp;url=https:\/\/www.macys.com\/shop\/product\/222-fifth-hudson-valley-porcelain-12-pc.-dinnerware-set-service-for-4?ID=17665869&amp;swatchColor=Green&quot;,&quot;linkText&quot;:&quot;$109.99 at Macy's&quot;,&quot;editorialMerchantName&quot;:&quot;&quot;,&quot;merchantId&quot;:299227,&quot;merchantNetwork&quot;:&quot;CJ&quot;,&quot;merchantUrl&quot;:&quot;macys.com&quot;,&quot;merchantName&quot;:&quot;Macy's&quot;},&quot;noAffiliateTracking&quot;:false,&quot;linkMerchant&quot;:&quot;Macy's&quot;},{&quot;modelName&quot;:&quot;Bernardaud Albertine Dinner Plate&quot;,&quot;productName&quot;:&quot;Bernardaud Albertine Dinner Plate&quot;,&quot;brand&quot;:null,&quot;price&quot;:null,&quot;wasPrice&quot;:null,&quot;currency&quot;:null,&quot;image&quot;:{&quot;copyright&quot;:&quot;&quot;,&quot;height&quot;:2000,&quot;id&quot;:&quot;sxnG48AMJUjT8yyWCNq5cQ&quot;,&quot;mimeType&quot;:&quot;image\/jpeg&quot;,&quot;mos&quot;:&quot;https:\/\/cdn.mos.cms.futurecdn.net\/sxnG48AMJUjT8yyWCNq5cQ.jpg&quot;,&quot;role&quot;:&quot;&quot;,&quot;width&quot;:2000,&quot;credit&quot;:&quot;Bloomingdale's&quot;,&quot;alt&quot;:&quot;White scalloped plate with green floral design&quot;,&quot;caption&quot;:&quot;&quot;},&quot;link&quot;:{&quot;url&quot;:&quot;https:\/\/click.linksynergy.com\/deeplink?id=kXQk6%2AivFEQ&amp;mid=13867&amp;u1=hawk-custom-tracking&amp;murl=https%3A%2F%2Fwww.bloomingdales.com%2Fshop%2Fproduct%2Fbernardaud-albertine-dinner-plate%3FID%3D4812884%26CategoryID%3D3865&quot;,&quot;linkText&quot;:&quot;$98 at Bloomingdale's&quot;,&quot;editorialMerchantName&quot;:&quot;&quot;,&quot;merchantId&quot;:103710,&quot;merchantNetwork&quot;:&quot;LS&quot;,&quot;merchantUrl&quot;:&quot;bloomingdales.com&quot;,&quot;merchantName&quot;:&quot;Bloomingdale's&quot;},&quot;noAffiliateTracking&quot;:false,&quot;linkMerchant&quot;:&quot;Bloomingdale's&quot;},{&quot;modelName&quot;:&quot;MacKenzie Childs English Garden Charger&quot;,&quot;productName&quot;:&quot;MacKenzie Childs English Garden Charger&quot;,&quot;brand&quot;:null,&quot;price&quot;:null,&quot;wasPrice&quot;:null,&quot;currency&quot;:null,&quot;image&quot;:{&quot;copyright&quot;:&quot;&quot;,&quot;height&quot;:2000,&quot;id&quot;:&quot;bnikngDr8ZUnWou4ErqMxW&quot;,&quot;mimeType&quot;:&quot;image\/jpeg&quot;,&quot;mos&quot;:&quot;https:\/\/cdn.mos.cms.futurecdn.net\/bnikngDr8ZUnWou4ErqMxW.jpg&quot;,&quot;role&quot;:&quot;&quot;,&quot;width&quot;:2000,&quot;credit&quot;:&quot;Wayfair&quot;,&quot;alt&quot;:&quot;Emerald floral dinner plate with gold rim&quot;,&quot;caption&quot;:&quot;&quot;},&quot;link&quot;:{&quot;url&quot;:&quot;https:\/\/www.anrdoezrs.net\/click-100624746-15735083?sid=hawk-custom-tracking&amp;url=https:\/\/www.wayfair.com\/kitchen-tabletop\/pdp\/mackenzie-childs-emerald-english-garden-chargerplate-mchd4631.html&quot;,&quot;linkText&quot;:&quot;$84.95 at Wayfair&quot;,&quot;editorialMerchantName&quot;:&quot;&quot;,&quot;merchantId&quot;:32629,&quot;merchantNetwork&quot;:&quot;CJ&quot;,&quot;merchantUrl&quot;:&quot;wayfair.com&quot;,&quot;merchantName&quot;:&quot;Wayfair&quot;},&quot;noAffiliateTracking&quot;:false,&quot;linkMerchant&quot;:&quot;Wayfair&quot;},{&quot;modelName&quot;:&quot;Stone Lain Esme 24-Piece Dinnerware Set&quot;,&quot;productName&quot;:&quot;Stone Lain Esme 24-Piece Dinnerware Set&quot;,&quot;brand&quot;:null,&quot;price&quot;:null,&quot;wasPrice&quot;:null,&quot;currency&quot;:null,&quot;image&quot;:{&quot;copyright&quot;:&quot;&quot;,&quot;height&quot;:2000,&quot;id&quot;:&quot;kKPauwEz5cDkxPBxTBBU5n&quot;,&quot;mimeType&quot;:&quot;image\/jpeg&quot;,&quot;mos&quot;:&quot;https:\/\/cdn.mos.cms.futurecdn.net\/kKPauwEz5cDkxPBxTBBU5n.jpg&quot;,&quot;role&quot;:&quot;&quot;,&quot;width&quot;:2000,&quot;credit&quot;:&quot;Macy's&quot;,&quot;alt&quot;:&quot;Green and white floral dinnerware set&quot;,&quot;caption&quot;:&quot;&quot;},&quot;link&quot;:{&quot;url&quot;:&quot;https:\/\/www.anrdoezrs.net\/click-100624746-17192306?sid=hawk-custom-tracking&amp;url=https:\/\/www.macys.com\/shop\/product\/stone-lain-esme-24-pc.-dinnerware-set-service-for-8?ID=23304812&quot;,&quot;linkText&quot;:&quot;Was $239, now $137.99 at Macy's&quot;,&quot;editorialMerchantName&quot;:&quot;&quot;,&quot;merchantId&quot;:299227,&quot;merchantNetwork&quot;:&quot;CJ&quot;,&quot;merchantUrl&quot;:&quot;macys.com&quot;,&quot;merchantName&quot;:&quot;Macy's&quot;},&quot;noAffiliateTracking&quot;:false,&quot;linkMerchant&quot;:&quot;Macy's&quot;},{&quot;modelName&quot;:&quot;Faded Peony Salad Plate&quot;,&quot;productName&quot;:&quot;Faded Peony Salad Plate&quot;,&quot;brand&quot;:null,&quot;price&quot;:null,&quot;wasPrice&quot;:null,&quot;currency&quot;:&quot;USD&quot;,&quot;image&quot;:{&quot;copyright&quot;:&quot;&quot;,&quot;height&quot;:2000,&quot;id&quot;:&quot;cTdD4t762bxLqg37DeAN8J&quot;,&quot;mimeType&quot;:&quot;image\/jpeg&quot;,&quot;mos&quot;:&quot;https:\/\/cdn.mos.cms.futurecdn.net\/cTdD4t762bxLqg37DeAN8J.jpg&quot;,&quot;role&quot;:&quot;&quot;,&quot;width&quot;:2000,&quot;credit&quot;:&quot;Ralph Lauren&quot;,&quot;alt&quot;:&quot;Dark green floral salad plate&quot;,&quot;caption&quot;:&quot;&quot;},&quot;link&quot;:{&quot;url&quot;:&quot;https:\/\/click.linksynergy.com\/deeplink?id=kXQk6%2AivFEQ&amp;mid=37812&amp;u1=hawk-custom-tracking&amp;murl=https%3A%2F%2Fwww.ralphlauren.com%2Fhome-dining-dinnerware%2Ffaded-peony-salad-plate%2F0042217182.html&quot;,&quot;linkText&quot;:&quot;$34 at Ralph Lauren Home&quot;,&quot;editorialMerchantName&quot;:&quot;&quot;,&quot;merchantId&quot;:227658,&quot;merchantNetwork&quot;:&quot;LS&quot;,&quot;merchantUrl&quot;:&quot;ralphlauren.com&quot;,&quot;merchantName&quot;:&quot;Ralph Lauren&quot;},&quot;noAffiliateTracking&quot;:false,&quot;linkMerchant&quot;:&quot;Ralph Lauren&quot;})}}\" data-model-name=\"Floral Earthenware Dinner Plate,222 Fifth Porcelain 12-Piece Dinnerware Set,Bernardaud Albertine Dinner Plate,MacKenzie Childs English Garden Charger,Stone Lain Esme 24-Piece Dinnerware Set,Faded Peony Salad Plate\" data-render-type=\"fte\" data-skip=\"disabled\" data-widget-type=\"collection\" class=\"hawk-root\"><\/aside>\n<div class=\"product-container hero-product-container product-block-no-wrap\">\n<div class=\"product-block-row\"><\/div>\n<div class=\"product-block-row\"><\/div>\n<div class=\"product-block-row\"><\/div>\n<div class=\"product-block-row\"><\/div>\n<div class=\"product-block-row\"><\/div>\n<div class=\"product-block-row\"><\/div>\n<\/div>\n<div id=\"slice-container-newsletterForm-articleInbodyContent-2ZoHPuHrf5WRxErF9s4yTh\" class=\"slice-container newsletter-inbodyContent-slice newsletterForm-articleInbodyContent-2ZoHPuHrf5WRxErF9s4yTh slice-container-newsletterForm\"><\/div>\n<div class=\"block\" id=\"articleTag\" data-component-name=\"PostArticleLinks\" data-mrf-recirculation=\"post-article-links\">\n<div class=\"border-b border-b-black border-solid py-2.5 text-black font-bold uppercase\">THEMEN<\/div>\n<nav class=\"py-2.5 flex gap-2.5 flex-wrap\" data-analytics-id=\"article-tag\" data-mrf-recirculation=\"article-tag\">\n<p>Joanna Gaines<\/p>\n<\/nav>\n<\/div>\n<\/div>\n<p><script async src=\"\/\/www.instagram.com\/embed.js\"><\/script><\/p>\n","protected":false},"excerpt":{"rendered":"<p>Meine Inspiration kam von einem Magnolia-Beitrag, den ich vor langer Zeit geteilt habe, aber er scheint f\u00fcr 2025 auffallend im Trend zu liegen und beweist,<\/p>\n","protected":false},"author":1,"featured_media":9207,"comment_status":"closed","ping_status":"","sticky":false,"template":"","format":"standard","meta":{"footnotes":""},"categories":[118],"tags":[51,2630,78,81,1473,1554,194,3594,189,129,15,193,217,1122,2872,4512,37,11515,21,482,1865],"class_list":["post-9206","post","type-post","status-publish","format-standard","has-post-thumbnail","hentry","category-haus-garten","tag-dass","tag-davon","tag-den","tag-der","tag-derzeit","tag-dieser","tag-gaines","tag-gruen","tag-hat","tag-ich","tag-ist","tag-joanna","tag-lieben","tag-mich","tag-retrolook","tag-ueberzeugt","tag-und","tag-vintagegeschirrtrend","tag-von","tag-weiss","tag-werde","generate-columns","tablet-grid-50","mobile-grid-100","grid-parent","grid-50"],"yoast_head":"<!-- This site is optimized with the Yoast SEO plugin v27.3 - https:\/\/yoast.com\/product\/yoast-seo-wordpress\/ -->\n<title>Dieser Retro-Look von Joanna Gaines hat mich davon \u00fcberzeugt, dass Gr\u00fcn und Wei\u00df derzeit der Vintage-Geschirrtrend ist, den ich lieben werde - Nachrichten - Stra\u00dfenweb<\/title>\n<meta name=\"robots\" content=\"index, follow, max-snippet:-1, max-image-preview:large, max-video-preview:-1\" \/>\n<link rel=\"canonical\" href=\"https:\/\/www.strassenweb.de\/nachrichten\/dieser-retro-look-von-joanna-gaines-hat-mich-davon-ueberzeugt-dass-gruen-und-weiss-derzeit-der-vintage-geschirrtrend-ist-den-ich-lieben-werde\/\" \/>\n<meta property=\"og:locale\" content=\"de_DE\" \/>\n<meta property=\"og:type\" content=\"article\" \/>\n<meta property=\"og:title\" content=\"Dieser Retro-Look von Joanna Gaines hat mich davon \u00fcberzeugt, dass Gr\u00fcn und Wei\u00df derzeit der Vintage-Geschirrtrend ist, den ich lieben werde - Nachrichten - Stra\u00dfenweb\" \/>\n<meta property=\"og:description\" content=\"Meine Inspiration kam von einem Magnolia-Beitrag, den ich vor langer Zeit geteilt habe, aber er scheint f\u00fcr 2025 auffallend im Trend zu liegen und beweist,\" \/>\n<meta property=\"og:url\" content=\"https:\/\/www.strassenweb.de\/nachrichten\/dieser-retro-look-von-joanna-gaines-hat-mich-davon-ueberzeugt-dass-gruen-und-weiss-derzeit-der-vintage-geschirrtrend-ist-den-ich-lieben-werde\/\" \/>\n<meta property=\"og:site_name\" content=\"Stra\u00dfenweb\" \/>\n<meta property=\"article:publisher\" content=\"https:\/\/www.facebook.com\/strassenweb\/\" \/>\n<meta property=\"article:published_time\" content=\"2025-11-16T09:39:13+00:00\" \/>\n<meta property=\"article:modified_time\" content=\"2025-11-16T09:39:14+00:00\" \/>\n<meta property=\"og:image\" content=\"https:\/\/www.strassenweb.de\/nachrichten\/wp-content\/uploads\/2025\/11\/Dieser-Retro-Look-von-Joanna-Gaines-hat-mich-davon-ueberzeugt-dass.jpg\" \/>\n\t<meta property=\"og:image:width\" content=\"1600\" \/>\n\t<meta property=\"og:image:height\" content=\"900\" \/>\n\t<meta property=\"og:image:type\" content=\"image\/jpeg\" \/>\n<meta name=\"author\" content=\"Robert Hoffmann\" \/>\n<meta name=\"twitter:card\" content=\"summary_large_image\" \/>\n<meta name=\"twitter:label1\" content=\"Verfasst von\" \/>\n\t<meta name=\"twitter:data1\" content=\"Robert Hoffmann\" \/>\n\t<meta name=\"twitter:label2\" content=\"Gesch\u00e4tzte Lesezeit\" \/>\n\t<meta name=\"twitter:data2\" content=\"1\u00a0Minute\" \/>\n<script type=\"application\/ld+json\" class=\"yoast-schema-graph\">{\"@context\":\"https:\\\/\\\/schema.org\",\"@graph\":[{\"@type\":\"Article\",\"@id\":\"https:\\\/\\\/www.strassenweb.de\\\/nachrichten\\\/dieser-retro-look-von-joanna-gaines-hat-mich-davon-ueberzeugt-dass-gruen-und-weiss-derzeit-der-vintage-geschirrtrend-ist-den-ich-lieben-werde\\\/#article\",\"isPartOf\":{\"@id\":\"https:\\\/\\\/www.strassenweb.de\\\/nachrichten\\\/dieser-retro-look-von-joanna-gaines-hat-mich-davon-ueberzeugt-dass-gruen-und-weiss-derzeit-der-vintage-geschirrtrend-ist-den-ich-lieben-werde\\\/\"},\"author\":{\"name\":\"Robert Hoffmann\",\"@id\":\"https:\\\/\\\/www.strassenweb.de\\\/nachrichten\\\/#\\\/schema\\\/person\\\/87c9c9067f1211da429a744dc5a5aa41\"},\"headline\":\"Dieser Retro-Look von Joanna Gaines hat mich davon \u00fcberzeugt, dass Gr\u00fcn und Wei\u00df derzeit der Vintage-Geschirrtrend ist, den ich lieben werde\",\"datePublished\":\"2025-11-16T09:39:13+00:00\",\"dateModified\":\"2025-11-16T09:39:14+00:00\",\"mainEntityOfPage\":{\"@id\":\"https:\\\/\\\/www.strassenweb.de\\\/nachrichten\\\/dieser-retro-look-von-joanna-gaines-hat-mich-davon-ueberzeugt-dass-gruen-und-weiss-derzeit-der-vintage-geschirrtrend-ist-den-ich-lieben-werde\\\/\"},\"wordCount\":278,\"publisher\":{\"@id\":\"https:\\\/\\\/www.strassenweb.de\\\/nachrichten\\\/#organization\"},\"image\":{\"@id\":\"https:\\\/\\\/www.strassenweb.de\\\/nachrichten\\\/dieser-retro-look-von-joanna-gaines-hat-mich-davon-ueberzeugt-dass-gruen-und-weiss-derzeit-der-vintage-geschirrtrend-ist-den-ich-lieben-werde\\\/#primaryimage\"},\"thumbnailUrl\":\"https:\\\/\\\/www.strassenweb.de\\\/nachrichten\\\/wp-content\\\/uploads\\\/2025\\\/11\\\/Dieser-Retro-Look-von-Joanna-Gaines-hat-mich-davon-ueberzeugt-dass.jpg\",\"keywords\":[\"dass\",\"davon\",\"den\",\"der\",\"derzeit\",\"dieser\",\"Gaines\",\"Gr\u00fcn\",\"hat\",\"ich\",\"ist\",\"Joanna\",\"lieben\",\"mich\",\"RetroLook\",\"\u00fcberzeugt\",\"und\",\"VintageGeschirrtrend\",\"von\",\"wei\u00df\",\"werde\"],\"articleSection\":[\"Haus &amp; Garten\"],\"inLanguage\":\"de\"},{\"@type\":\"WebPage\",\"@id\":\"https:\\\/\\\/www.strassenweb.de\\\/nachrichten\\\/dieser-retro-look-von-joanna-gaines-hat-mich-davon-ueberzeugt-dass-gruen-und-weiss-derzeit-der-vintage-geschirrtrend-ist-den-ich-lieben-werde\\\/\",\"url\":\"https:\\\/\\\/www.strassenweb.de\\\/nachrichten\\\/dieser-retro-look-von-joanna-gaines-hat-mich-davon-ueberzeugt-dass-gruen-und-weiss-derzeit-der-vintage-geschirrtrend-ist-den-ich-lieben-werde\\\/\",\"name\":\"Dieser Retro-Look von Joanna Gaines hat mich davon \u00fcberzeugt, dass Gr\u00fcn und Wei\u00df derzeit der Vintage-Geschirrtrend ist, den ich lieben werde - Nachrichten - Stra\u00dfenweb\",\"isPartOf\":{\"@id\":\"https:\\\/\\\/www.strassenweb.de\\\/nachrichten\\\/#website\"},\"primaryImageOfPage\":{\"@id\":\"https:\\\/\\\/www.strassenweb.de\\\/nachrichten\\\/dieser-retro-look-von-joanna-gaines-hat-mich-davon-ueberzeugt-dass-gruen-und-weiss-derzeit-der-vintage-geschirrtrend-ist-den-ich-lieben-werde\\\/#primaryimage\"},\"image\":{\"@id\":\"https:\\\/\\\/www.strassenweb.de\\\/nachrichten\\\/dieser-retro-look-von-joanna-gaines-hat-mich-davon-ueberzeugt-dass-gruen-und-weiss-derzeit-der-vintage-geschirrtrend-ist-den-ich-lieben-werde\\\/#primaryimage\"},\"thumbnailUrl\":\"https:\\\/\\\/www.strassenweb.de\\\/nachrichten\\\/wp-content\\\/uploads\\\/2025\\\/11\\\/Dieser-Retro-Look-von-Joanna-Gaines-hat-mich-davon-ueberzeugt-dass.jpg\",\"datePublished\":\"2025-11-16T09:39:13+00:00\",\"dateModified\":\"2025-11-16T09:39:14+00:00\",\"breadcrumb\":{\"@id\":\"https:\\\/\\\/www.strassenweb.de\\\/nachrichten\\\/dieser-retro-look-von-joanna-gaines-hat-mich-davon-ueberzeugt-dass-gruen-und-weiss-derzeit-der-vintage-geschirrtrend-ist-den-ich-lieben-werde\\\/#breadcrumb\"},\"inLanguage\":\"de\",\"potentialAction\":[{\"@type\":\"ReadAction\",\"target\":[\"https:\\\/\\\/www.strassenweb.de\\\/nachrichten\\\/dieser-retro-look-von-joanna-gaines-hat-mich-davon-ueberzeugt-dass-gruen-und-weiss-derzeit-der-vintage-geschirrtrend-ist-den-ich-lieben-werde\\\/\"]}]},{\"@type\":\"ImageObject\",\"inLanguage\":\"de\",\"@id\":\"https:\\\/\\\/www.strassenweb.de\\\/nachrichten\\\/dieser-retro-look-von-joanna-gaines-hat-mich-davon-ueberzeugt-dass-gruen-und-weiss-derzeit-der-vintage-geschirrtrend-ist-den-ich-lieben-werde\\\/#primaryimage\",\"url\":\"https:\\\/\\\/www.strassenweb.de\\\/nachrichten\\\/wp-content\\\/uploads\\\/2025\\\/11\\\/Dieser-Retro-Look-von-Joanna-Gaines-hat-mich-davon-ueberzeugt-dass.jpg\",\"contentUrl\":\"https:\\\/\\\/www.strassenweb.de\\\/nachrichten\\\/wp-content\\\/uploads\\\/2025\\\/11\\\/Dieser-Retro-Look-von-Joanna-Gaines-hat-mich-davon-ueberzeugt-dass.jpg\",\"width\":1600,\"height\":900,\"caption\":\"Joanna Gaines sitting on a white sofa in a light green sunroom\"},{\"@type\":\"BreadcrumbList\",\"@id\":\"https:\\\/\\\/www.strassenweb.de\\\/nachrichten\\\/dieser-retro-look-von-joanna-gaines-hat-mich-davon-ueberzeugt-dass-gruen-und-weiss-derzeit-der-vintage-geschirrtrend-ist-den-ich-lieben-werde\\\/#breadcrumb\",\"itemListElement\":[{\"@type\":\"ListItem\",\"position\":1,\"name\":\"Home\",\"item\":\"https:\\\/\\\/www.strassenweb.de\\\/nachrichten\\\/\"},{\"@type\":\"ListItem\",\"position\":2,\"name\":\"Dieser Retro-Look von Joanna Gaines hat mich davon \u00fcberzeugt, dass Gr\u00fcn und Wei\u00df derzeit der Vintage-Geschirrtrend ist, den ich lieben werde\"}]},{\"@type\":\"WebSite\",\"@id\":\"https:\\\/\\\/www.strassenweb.de\\\/nachrichten\\\/#website\",\"url\":\"https:\\\/\\\/www.strassenweb.de\\\/nachrichten\\\/\",\"name\":\"Stra\u00dfenweb\",\"description\":\"Stra\u00dfenverzeichnis f\u00fcr Deutschland\",\"publisher\":{\"@id\":\"https:\\\/\\\/www.strassenweb.de\\\/nachrichten\\\/#organization\"},\"potentialAction\":[{\"@type\":\"SearchAction\",\"target\":{\"@type\":\"EntryPoint\",\"urlTemplate\":\"https:\\\/\\\/www.strassenweb.de\\\/nachrichten\\\/?s={search_term_string}\"},\"query-input\":{\"@type\":\"PropertyValueSpecification\",\"valueRequired\":true,\"valueName\":\"search_term_string\"}}],\"inLanguage\":\"de\"},{\"@type\":\"Organization\",\"@id\":\"https:\\\/\\\/www.strassenweb.de\\\/nachrichten\\\/#organization\",\"name\":\"Stra\u00dfenweb\",\"url\":\"https:\\\/\\\/www.strassenweb.de\\\/nachrichten\\\/\",\"logo\":{\"@type\":\"ImageObject\",\"inLanguage\":\"de\",\"@id\":\"https:\\\/\\\/www.strassenweb.de\\\/nachrichten\\\/#\\\/schema\\\/logo\\\/image\\\/\",\"url\":\"https:\\\/\\\/www.strassenweb.de\\\/nachrichten\\\/wp-content\\\/uploads\\\/2024\\\/09\\\/cropped-favicon.png\",\"contentUrl\":\"https:\\\/\\\/www.strassenweb.de\\\/nachrichten\\\/wp-content\\\/uploads\\\/2024\\\/09\\\/cropped-favicon.png\",\"width\":512,\"height\":512,\"caption\":\"Stra\u00dfenweb\"},\"image\":{\"@id\":\"https:\\\/\\\/www.strassenweb.de\\\/nachrichten\\\/#\\\/schema\\\/logo\\\/image\\\/\"},\"sameAs\":[\"https:\\\/\\\/www.facebook.com\\\/strassenweb\\\/\"]},{\"@type\":\"Person\",\"@id\":\"https:\\\/\\\/www.strassenweb.de\\\/nachrichten\\\/#\\\/schema\\\/person\\\/87c9c9067f1211da429a744dc5a5aa41\",\"name\":\"Robert Hoffmann\",\"image\":{\"@type\":\"ImageObject\",\"inLanguage\":\"de\",\"@id\":\"https:\\\/\\\/www.strassenweb.de\\\/nachrichten\\\/wp-content\\\/uploads\\\/2024\\\/09\\\/strassenweb-150x150.jpg\",\"url\":\"https:\\\/\\\/www.strassenweb.de\\\/nachrichten\\\/wp-content\\\/uploads\\\/2024\\\/09\\\/strassenweb-150x150.jpg\",\"contentUrl\":\"https:\\\/\\\/www.strassenweb.de\\\/nachrichten\\\/wp-content\\\/uploads\\\/2024\\\/09\\\/strassenweb-150x150.jpg\",\"caption\":\"Robert Hoffmann\"},\"description\":\"Ich hei\u00dfe Robert Hoffmann und ich bin ein leidenschaftlicher Verfechter von \u00d6kologie und Biodiversit\u00e4t. Seit meiner Kindheit in den W\u00e4ldern Bayerns f\u00fchle ich mich mit der Natur verbunden und bin entschlossen, sie zu sch\u00fctzen. Heute widme ich mein Leben der Sensibilisierung anderer f\u00fcr die Bedeutung des Umweltschutzes f\u00fcr zuk\u00fcnftige Generationen.\",\"sameAs\":[\"https:\\\/\\\/www.strassenweb.de\\\/\"]}]}<\/script>\n<!-- \/ Yoast SEO plugin. -->","yoast_head_json":{"title":"Dieser Retro-Look von Joanna Gaines hat mich davon \u00fcberzeugt, dass Gr\u00fcn und Wei\u00df derzeit der Vintage-Geschirrtrend ist, den ich lieben werde - Nachrichten - Stra\u00dfenweb","robots":{"index":"index","follow":"follow","max-snippet":"max-snippet:-1","max-image-preview":"max-image-preview:large","max-video-preview":"max-video-preview:-1"},"canonical":"https:\/\/www.strassenweb.de\/nachrichten\/dieser-retro-look-von-joanna-gaines-hat-mich-davon-ueberzeugt-dass-gruen-und-weiss-derzeit-der-vintage-geschirrtrend-ist-den-ich-lieben-werde\/","og_locale":"de_DE","og_type":"article","og_title":"Dieser Retro-Look von Joanna Gaines hat mich davon \u00fcberzeugt, dass Gr\u00fcn und Wei\u00df derzeit der Vintage-Geschirrtrend ist, den ich lieben werde - Nachrichten - Stra\u00dfenweb","og_description":"Meine Inspiration kam von einem Magnolia-Beitrag, den ich vor langer Zeit geteilt habe, aber er scheint f\u00fcr 2025 auffallend im Trend zu liegen und beweist,","og_url":"https:\/\/www.strassenweb.de\/nachrichten\/dieser-retro-look-von-joanna-gaines-hat-mich-davon-ueberzeugt-dass-gruen-und-weiss-derzeit-der-vintage-geschirrtrend-ist-den-ich-lieben-werde\/","og_site_name":"Stra\u00dfenweb","article_publisher":"https:\/\/www.facebook.com\/strassenweb\/","article_published_time":"2025-11-16T09:39:13+00:00","article_modified_time":"2025-11-16T09:39:14+00:00","og_image":[{"width":1600,"height":900,"url":"https:\/\/www.strassenweb.de\/nachrichten\/wp-content\/uploads\/2025\/11\/Dieser-Retro-Look-von-Joanna-Gaines-hat-mich-davon-ueberzeugt-dass.jpg","type":"image\/jpeg"}],"author":"Robert Hoffmann","twitter_card":"summary_large_image","twitter_misc":{"Verfasst von":"Robert Hoffmann","Gesch\u00e4tzte Lesezeit":"1\u00a0Minute"},"schema":{"@context":"https:\/\/schema.org","@graph":[{"@type":"Article","@id":"https:\/\/www.strassenweb.de\/nachrichten\/dieser-retro-look-von-joanna-gaines-hat-mich-davon-ueberzeugt-dass-gruen-und-weiss-derzeit-der-vintage-geschirrtrend-ist-den-ich-lieben-werde\/#article","isPartOf":{"@id":"https:\/\/www.strassenweb.de\/nachrichten\/dieser-retro-look-von-joanna-gaines-hat-mich-davon-ueberzeugt-dass-gruen-und-weiss-derzeit-der-vintage-geschirrtrend-ist-den-ich-lieben-werde\/"},"author":{"name":"Robert Hoffmann","@id":"https:\/\/www.strassenweb.de\/nachrichten\/#\/schema\/person\/87c9c9067f1211da429a744dc5a5aa41"},"headline":"Dieser Retro-Look von Joanna Gaines hat mich davon \u00fcberzeugt, dass Gr\u00fcn und Wei\u00df derzeit der Vintage-Geschirrtrend ist, den ich lieben werde","datePublished":"2025-11-16T09:39:13+00:00","dateModified":"2025-11-16T09:39:14+00:00","mainEntityOfPage":{"@id":"https:\/\/www.strassenweb.de\/nachrichten\/dieser-retro-look-von-joanna-gaines-hat-mich-davon-ueberzeugt-dass-gruen-und-weiss-derzeit-der-vintage-geschirrtrend-ist-den-ich-lieben-werde\/"},"wordCount":278,"publisher":{"@id":"https:\/\/www.strassenweb.de\/nachrichten\/#organization"},"image":{"@id":"https:\/\/www.strassenweb.de\/nachrichten\/dieser-retro-look-von-joanna-gaines-hat-mich-davon-ueberzeugt-dass-gruen-und-weiss-derzeit-der-vintage-geschirrtrend-ist-den-ich-lieben-werde\/#primaryimage"},"thumbnailUrl":"https:\/\/www.strassenweb.de\/nachrichten\/wp-content\/uploads\/2025\/11\/Dieser-Retro-Look-von-Joanna-Gaines-hat-mich-davon-ueberzeugt-dass.jpg","keywords":["dass","davon","den","der","derzeit","dieser","Gaines","Gr\u00fcn","hat","ich","ist","Joanna","lieben","mich","RetroLook","\u00fcberzeugt","und","VintageGeschirrtrend","von","wei\u00df","werde"],"articleSection":["Haus &amp; Garten"],"inLanguage":"de"},{"@type":"WebPage","@id":"https:\/\/www.strassenweb.de\/nachrichten\/dieser-retro-look-von-joanna-gaines-hat-mich-davon-ueberzeugt-dass-gruen-und-weiss-derzeit-der-vintage-geschirrtrend-ist-den-ich-lieben-werde\/","url":"https:\/\/www.strassenweb.de\/nachrichten\/dieser-retro-look-von-joanna-gaines-hat-mich-davon-ueberzeugt-dass-gruen-und-weiss-derzeit-der-vintage-geschirrtrend-ist-den-ich-lieben-werde\/","name":"Dieser Retro-Look von Joanna Gaines hat mich davon \u00fcberzeugt, dass Gr\u00fcn und Wei\u00df derzeit der Vintage-Geschirrtrend ist, den ich lieben werde - Nachrichten - Stra\u00dfenweb","isPartOf":{"@id":"https:\/\/www.strassenweb.de\/nachrichten\/#website"},"primaryImageOfPage":{"@id":"https:\/\/www.strassenweb.de\/nachrichten\/dieser-retro-look-von-joanna-gaines-hat-mich-davon-ueberzeugt-dass-gruen-und-weiss-derzeit-der-vintage-geschirrtrend-ist-den-ich-lieben-werde\/#primaryimage"},"image":{"@id":"https:\/\/www.strassenweb.de\/nachrichten\/dieser-retro-look-von-joanna-gaines-hat-mich-davon-ueberzeugt-dass-gruen-und-weiss-derzeit-der-vintage-geschirrtrend-ist-den-ich-lieben-werde\/#primaryimage"},"thumbnailUrl":"https:\/\/www.strassenweb.de\/nachrichten\/wp-content\/uploads\/2025\/11\/Dieser-Retro-Look-von-Joanna-Gaines-hat-mich-davon-ueberzeugt-dass.jpg","datePublished":"2025-11-16T09:39:13+00:00","dateModified":"2025-11-16T09:39:14+00:00","breadcrumb":{"@id":"https:\/\/www.strassenweb.de\/nachrichten\/dieser-retro-look-von-joanna-gaines-hat-mich-davon-ueberzeugt-dass-gruen-und-weiss-derzeit-der-vintage-geschirrtrend-ist-den-ich-lieben-werde\/#breadcrumb"},"inLanguage":"de","potentialAction":[{"@type":"ReadAction","target":["https:\/\/www.strassenweb.de\/nachrichten\/dieser-retro-look-von-joanna-gaines-hat-mich-davon-ueberzeugt-dass-gruen-und-weiss-derzeit-der-vintage-geschirrtrend-ist-den-ich-lieben-werde\/"]}]},{"@type":"ImageObject","inLanguage":"de","@id":"https:\/\/www.strassenweb.de\/nachrichten\/dieser-retro-look-von-joanna-gaines-hat-mich-davon-ueberzeugt-dass-gruen-und-weiss-derzeit-der-vintage-geschirrtrend-ist-den-ich-lieben-werde\/#primaryimage","url":"https:\/\/www.strassenweb.de\/nachrichten\/wp-content\/uploads\/2025\/11\/Dieser-Retro-Look-von-Joanna-Gaines-hat-mich-davon-ueberzeugt-dass.jpg","contentUrl":"https:\/\/www.strassenweb.de\/nachrichten\/wp-content\/uploads\/2025\/11\/Dieser-Retro-Look-von-Joanna-Gaines-hat-mich-davon-ueberzeugt-dass.jpg","width":1600,"height":900,"caption":"Joanna Gaines sitting on a white sofa in a light green sunroom"},{"@type":"BreadcrumbList","@id":"https:\/\/www.strassenweb.de\/nachrichten\/dieser-retro-look-von-joanna-gaines-hat-mich-davon-ueberzeugt-dass-gruen-und-weiss-derzeit-der-vintage-geschirrtrend-ist-den-ich-lieben-werde\/#breadcrumb","itemListElement":[{"@type":"ListItem","position":1,"name":"Home","item":"https:\/\/www.strassenweb.de\/nachrichten\/"},{"@type":"ListItem","position":2,"name":"Dieser Retro-Look von Joanna Gaines hat mich davon \u00fcberzeugt, dass Gr\u00fcn und Wei\u00df derzeit der Vintage-Geschirrtrend ist, den ich lieben werde"}]},{"@type":"WebSite","@id":"https:\/\/www.strassenweb.de\/nachrichten\/#website","url":"https:\/\/www.strassenweb.de\/nachrichten\/","name":"Stra\u00dfenweb","description":"Stra\u00dfenverzeichnis f\u00fcr Deutschland","publisher":{"@id":"https:\/\/www.strassenweb.de\/nachrichten\/#organization"},"potentialAction":[{"@type":"SearchAction","target":{"@type":"EntryPoint","urlTemplate":"https:\/\/www.strassenweb.de\/nachrichten\/?s={search_term_string}"},"query-input":{"@type":"PropertyValueSpecification","valueRequired":true,"valueName":"search_term_string"}}],"inLanguage":"de"},{"@type":"Organization","@id":"https:\/\/www.strassenweb.de\/nachrichten\/#organization","name":"Stra\u00dfenweb","url":"https:\/\/www.strassenweb.de\/nachrichten\/","logo":{"@type":"ImageObject","inLanguage":"de","@id":"https:\/\/www.strassenweb.de\/nachrichten\/#\/schema\/logo\/image\/","url":"https:\/\/www.strassenweb.de\/nachrichten\/wp-content\/uploads\/2024\/09\/cropped-favicon.png","contentUrl":"https:\/\/www.strassenweb.de\/nachrichten\/wp-content\/uploads\/2024\/09\/cropped-favicon.png","width":512,"height":512,"caption":"Stra\u00dfenweb"},"image":{"@id":"https:\/\/www.strassenweb.de\/nachrichten\/#\/schema\/logo\/image\/"},"sameAs":["https:\/\/www.facebook.com\/strassenweb\/"]},{"@type":"Person","@id":"https:\/\/www.strassenweb.de\/nachrichten\/#\/schema\/person\/87c9c9067f1211da429a744dc5a5aa41","name":"Robert Hoffmann","image":{"@type":"ImageObject","inLanguage":"de","@id":"https:\/\/www.strassenweb.de\/nachrichten\/wp-content\/uploads\/2024\/09\/strassenweb-150x150.jpg","url":"https:\/\/www.strassenweb.de\/nachrichten\/wp-content\/uploads\/2024\/09\/strassenweb-150x150.jpg","contentUrl":"https:\/\/www.strassenweb.de\/nachrichten\/wp-content\/uploads\/2024\/09\/strassenweb-150x150.jpg","caption":"Robert Hoffmann"},"description":"Ich hei\u00dfe Robert Hoffmann und ich bin ein leidenschaftlicher Verfechter von \u00d6kologie und Biodiversit\u00e4t. Seit meiner Kindheit in den W\u00e4ldern Bayerns f\u00fchle ich mich mit der Natur verbunden und bin entschlossen, sie zu sch\u00fctzen. Heute widme ich mein Leben der Sensibilisierung anderer f\u00fcr die Bedeutung des Umweltschutzes f\u00fcr zuk\u00fcnftige Generationen.","sameAs":["https:\/\/www.strassenweb.de\/"]}]}},"_links":{"self":[{"href":"https:\/\/www.strassenweb.de\/nachrichten\/wp-json\/wp\/v2\/posts\/9206","targetHints":{"allow":["GET"]}}],"collection":[{"href":"https:\/\/www.strassenweb.de\/nachrichten\/wp-json\/wp\/v2\/posts"}],"about":[{"href":"https:\/\/www.strassenweb.de\/nachrichten\/wp-json\/wp\/v2\/types\/post"}],"author":[{"embeddable":true,"href":"https:\/\/www.strassenweb.de\/nachrichten\/wp-json\/wp\/v2\/users\/1"}],"replies":[{"embeddable":true,"href":"https:\/\/www.strassenweb.de\/nachrichten\/wp-json\/wp\/v2\/comments?post=9206"}],"version-history":[{"count":0,"href":"https:\/\/www.strassenweb.de\/nachrichten\/wp-json\/wp\/v2\/posts\/9206\/revisions"}],"wp:featuredmedia":[{"embeddable":true,"href":"https:\/\/www.strassenweb.de\/nachrichten\/wp-json\/wp\/v2\/media\/9207"}],"wp:attachment":[{"href":"https:\/\/www.strassenweb.de\/nachrichten\/wp-json\/wp\/v2\/media?parent=9206"}],"wp:term":[{"taxonomy":"category","embeddable":true,"href":"https:\/\/www.strassenweb.de\/nachrichten\/wp-json\/wp\/v2\/categories?post=9206"},{"taxonomy":"post_tag","embeddable":true,"href":"https:\/\/www.strassenweb.de\/nachrichten\/wp-json\/wp\/v2\/tags?post=9206"}],"curies":[{"name":"wp","href":"https:\/\/api.w.org\/{rel}","templated":true}]}}