{"id":918,"date":"2024-10-15T04:48:20","date_gmt":"2024-10-15T02:48:20","guid":{"rendered":"https:\/\/www.strassenweb.de\/nachrichten\/zoey-deutchs-rebellische-sofafarbe-verleiht-ihrem-rustikalen-wohnzimmer-sofort-charakter-farbexperten-entschluesseln-ihre-kontroverse-kraft\/"},"modified":"2024-10-15T04:48:21","modified_gmt":"2024-10-15T02:48:21","slug":"zoey-deutchs-rebellische-sofafarbe-verleiht-ihrem-rustikalen-wohnzimmer-sofort-charakter-farbexperten-entschluesseln-ihre-kontroverse-kraft","status":"publish","type":"post","link":"https:\/\/www.strassenweb.de\/nachrichten\/zoey-deutchs-rebellische-sofafarbe-verleiht-ihrem-rustikalen-wohnzimmer-sofort-charakter-farbexperten-entschluesseln-ihre-kontroverse-kraft\/","title":{"rendered":"Zoey Deutchs rebellische Sofafarbe verleiht ihrem rustikalen Wohnzimmer \u201esofort Charakter\u201c \u2013 Farbexperten entschl\u00fcsseln ihre kontroverse Kraft"},"content":{"rendered":"<p><\/p>\n<div id=\"article-body\" class=\"article__body \">\n<p>Rot, die wohl am meisten diskutierte Farbe \u00fcberhaupt, stand in letzter Zeit im Rampenlicht. Dank der Unexpected Red Theory von TikTok (die besagt, dass rote Akzente einen Raum aufwerten k\u00f6nnen, auch wenn sie fehl am Platz wirken) hat der viel diskutierte Farbton ein Revival erlebt, insbesondere in Form von Akzentst\u00fccken \u2013 ein Beispiel daf\u00fcr ist das von Zoey Deutch Sofa, das sie zuf\u00e4llig perfektionierte, bevor die sozialen Medien den Trend pr\u00e4gten.<\/p>\n<div id=\"ad-unit-1\" class=\"ad-unit\"><\/div>\n<p>Die Idee, dass rote Akzente in jedem Wohnstil ihren Platz haben, auch in solchen, die sonst vielleicht fehl am Platz gewesen w\u00e4ren, wird im rustikalen Wohnzimmer der Schauspielerin verk\u00f6rpert. In diesem Raum stehen die freiliegenden architektonischen Steinelemente im Mittelpunkt \u2013 vor allem durch den auff\u00e4lligen Kamin, aber auch durch den Kaminsims und die rohe Steinwand. Die F\u00fclle an organischen Materialien l\u00e4sst einen neutralen Raum roh, aber zeitlos wirken \u2013 und ist h\u00f6chstwahrscheinlich einer der letzten R\u00e4ume, in denen wir uns zun\u00e4chst ein rotes Sofa vorstellen w\u00fcrden. Trotzdem funktioniert das rote Stoffsofa von Deutch perfekt.<\/p>\n<aside class=\"hawk-nest\" data-render-type=\"fte\" data-skip=\"dealsy\" data-widget-type=\"seasonal\">\n<div class=\"hawk-master-widget-hawk-base-wrapper\"><\/div>\n<\/aside>\n<p>Wie Taylor Simon, der Designer hinter der Unexpected Red Theory, erkl\u00e4rt, l\u00e4sst das Hinzuf\u00fcgen eines roten Teils (sei es ein Sofa wie das von Deutch oder etwas so Einfaches wie eine scharlachrot gestrichene Fensterverkleidung) einen Raum sofort besser aussehen. Wir lassen uns durch den Raum der Schauspielerin davon \u00fcberzeugen, dass es wahr ist.<\/p>\n<div id=\"desktop-in-article\" class=\"in-article ad-unit\">\n<div id=\"desktop-taboola-mid-article\"><\/div>\n<\/div>\n<div id=\"mobile-in-article\" class=\"in-article ad-unit\">\n<div id=\"mobile-taboola-mid-article\"><\/div>\n<\/div>\n<div class=\"instagram-embed\">\n<blockquote class=\"instagram-media\" data-instgrm-captioned data-instgrm-version=\"6\" style=\"width:99.375%; width:-webkit-calc(100% - 2px); width:calc(100% - 2px);\">\n<p>Ein von Zoey Deutch (@zoeydeutch) geteilter Beitrag<\/p>\n<p>Ein Foto gepostet von am <\/p>\n<\/blockquote>\n<\/div>\n<p>Nat\u00fcrlich ist das Dekorieren mit Rot, insbesondere in Form einer Sofafarbe, nichts f\u00fcr schwache Nerven. Es gibt jedoch subtile M\u00f6glichkeiten, die Theorie in unsere H\u00e4user einzuf\u00fchren, eine davon sind Kunstwerke, wie auch Deutch demonstriert. Neben ihrem Sofa hat sie ein rotes Gem\u00e4lde gerahmt, das auf dem Kaminsims steht und ihre M\u00f6belauswahl perfekt erg\u00e4nzt. In R\u00e4umen mit glatteren W\u00e4nden empfiehlt Helen Shaw, die Direktorin f\u00fcr Gro\u00dfbritannien bei Benjamin Moore, die Wahl roter Farbe, eine Wahl, die f\u00fcr kleinere Wohnr\u00e4ume \u00fcberraschend vorteilhaft ist.<\/p>\n<div class=\"van_vid_carousel\">\n<div class=\"van_vid_carousel__padding\">\n<div class=\"van_vid_carousel__container\"><\/div>\n<\/div>\n<\/div>\n<p>\u201eDie Einbeziehung einer satten, kr\u00e4ftigen Farbe wie Rot ist eine narrensichere M\u00f6glichkeit, sofort einen Charakter zu schaffen und einem kleinen Raum von steril zu stilvoll zu verleihen\u201c, beginnt Shaw.<\/p>\n<div id=\"ad-unit-2\" class=\"ad-unit\"><\/div>\n<p>\u201eEinige bef\u00fcrchten, dass das Hinzuf\u00fcgen einer tiefen oder hellen Farbe zu einem kleinen Raum f\u00fchren k\u00f6nnte, der klaustrophobisch wirkt, und entscheiden sich stattdessen f\u00fcr helle Neutralt\u00f6ne, um den Raum offen zu halten.\u201c Dunkle Farben absorbieren jedoch geschickt das Licht eines Raumes und lassen die Trennung zwischen den W\u00e4nden verschwimmen. Dieser \u201everschwommene Kanten\u201c-Effekt verleiht einem Raum Tiefe und Dimension und l\u00e4sst den Raum gr\u00f6\u00dfer und nicht beengter erscheinen, wie manche vielleicht bef\u00fcrchten.\u201c<\/p>\n<figure class=\"van-image-figure inline-layout \" data-bordeaux-image-check>\n<div class=\"image-full-width-wrapper\">\n<div class=\"image-widthsetter\" style=\"max-width:900px;\"><\/div>\n<\/div>\n<\/figure>\n<p>Au\u00dferdem unterst\u00fctzt Shaw diesen Farbton nicht ausschlie\u00dflich. Als Alternative zu Deutchs neutralem Hintergrund und dem roten Sofa empfiehlt Jeffry Weisman, der Gr\u00fcnder von Fisher Weisman, mit einer rot lackierten Basis zu beginnen, damit sich andere M\u00f6bel von der gewagten Basis abheben k\u00f6nnen.<\/p>\n<div id=\"slice-container-newsletterForm-articleInbodyContent-YGGuVKWLFmsL82dy5koTj7\" class=\"slice-container newsletter-inbodyContent-slice newsletterForm-articleInbodyContent-YGGuVKWLFmsL82dy5koTj7 slice-container-newsletterForm\"><\/div>\n<p>\u201eVenetian Red ist unsere aktuelle Obsession wegen der Dramatik und W\u00e4rme, die es einem Raum verleiht.\u201c Der Glanz der Farbe zieht einen an und macht gl\u00fccklich. \u201eAls Hintergrund heben sich so viele Farben und Materialien davon ab\u201c, sagt er. Zuvor benutzte er <em>Umbrienrot<\/em><em> <\/em>von Benjamin Moore in einem Esszimmer, und die Ergebnisse waren wundersch\u00f6n. \u201eEs ist klassisch und modern\u201c, sagt er.<\/p>\n<p>Alternativ k\u00f6nnen wir die Theorie mit diesen von Deutschland inspirierten K\u00e4ufen (einschlie\u00dflich eines fast perfekten passenden Sofas) weiter unten nutzen.<\/p>\n<div class=\"product-container hero-product-container product-block-no-wrap\"><\/div>\n<\/div>\n<p><script async src=\"\/\/www.instagram.com\/embed.js\"><\/script><\/p>\n","protected":false},"excerpt":{"rendered":"<p>Rot, die wohl am meisten diskutierte Farbe \u00fcberhaupt, stand in letzter Zeit im Rampenlicht. Dank der Unexpected Red Theory von TikTok (die besagt, dass rote<\/p>\n","protected":false},"author":1,"featured_media":919,"comment_status":"closed","ping_status":"","sticky":false,"template":"","format":"standard","meta":{"footnotes":""},"categories":[118],"tags":[1800,1796,1802,1801,225,534,1803,1804,1797,1799,1798,197,958,1229,1795],"class_list":["post-918","post","type-post","status-publish","format-standard","has-post-thumbnail","hentry","category-haus-garten","tag-charakter","tag-deutchs","tag-entschluesseln","tag-farbexperten","tag-ihre","tag-ihrem","tag-kontroverse","tag-kraft","tag-rebellische","tag-rustikalen","tag-sofafarbe","tag-sofort","tag-verleiht","tag-wohnzimmer","tag-zoey","generate-columns","tablet-grid-50","mobile-grid-100","grid-parent","grid-50"],"yoast_head":"<!-- This site is optimized with the Yoast SEO plugin v27.3 - https:\/\/yoast.com\/product\/yoast-seo-wordpress\/ -->\n<title>Zoey Deutchs rebellische Sofafarbe verleiht ihrem rustikalen Wohnzimmer \u201esofort Charakter\u201c \u2013 Farbexperten entschl\u00fcsseln ihre kontroverse Kraft - Nachrichten - Stra\u00dfenweb<\/title>\n<meta name=\"robots\" content=\"index, follow, max-snippet:-1, max-image-preview:large, max-video-preview:-1\" \/>\n<link rel=\"canonical\" href=\"https:\/\/www.strassenweb.de\/nachrichten\/zoey-deutchs-rebellische-sofafarbe-verleiht-ihrem-rustikalen-wohnzimmer-sofort-charakter-farbexperten-entschluesseln-ihre-kontroverse-kraft\/\" \/>\n<meta property=\"og:locale\" content=\"de_DE\" \/>\n<meta property=\"og:type\" content=\"article\" \/>\n<meta property=\"og:title\" content=\"Zoey Deutchs rebellische Sofafarbe verleiht ihrem rustikalen Wohnzimmer \u201esofort Charakter\u201c \u2013 Farbexperten entschl\u00fcsseln ihre kontroverse Kraft - Nachrichten - Stra\u00dfenweb\" \/>\n<meta property=\"og:description\" content=\"Rot, die wohl am meisten diskutierte Farbe \u00fcberhaupt, stand in letzter Zeit im Rampenlicht. Dank der Unexpected Red Theory von TikTok (die besagt, dass rote\" \/>\n<meta property=\"og:url\" content=\"https:\/\/www.strassenweb.de\/nachrichten\/zoey-deutchs-rebellische-sofafarbe-verleiht-ihrem-rustikalen-wohnzimmer-sofort-charakter-farbexperten-entschluesseln-ihre-kontroverse-kraft\/\" \/>\n<meta property=\"og:site_name\" content=\"Stra\u00dfenweb\" \/>\n<meta property=\"article:publisher\" content=\"https:\/\/www.facebook.com\/strassenweb\/\" \/>\n<meta property=\"article:published_time\" content=\"2024-10-15T02:48:20+00:00\" \/>\n<meta property=\"article:modified_time\" content=\"2024-10-15T02:48:21+00:00\" \/>\n<meta property=\"og:image\" content=\"https:\/\/www.strassenweb.de\/nachrichten\/wp-content\/uploads\/2024\/10\/Zoey-Deutchs-rebellische-Sofafarbe-verleiht-ihrem-rustikalen-Wohnzimmer-\u201esofort-Charakter.jpg\" \/>\n\t<meta property=\"og:image:width\" content=\"1200\" \/>\n\t<meta property=\"og:image:height\" content=\"675\" \/>\n\t<meta property=\"og:image:type\" content=\"image\/jpeg\" \/>\n<meta name=\"author\" content=\"Robert Hoffmann\" \/>\n<meta name=\"twitter:card\" content=\"summary_large_image\" \/>\n<meta name=\"twitter:label1\" content=\"Verfasst von\" \/>\n\t<meta name=\"twitter:data1\" content=\"Robert Hoffmann\" \/>\n\t<meta name=\"twitter:label2\" content=\"Gesch\u00e4tzte Lesezeit\" \/>\n\t<meta name=\"twitter:data2\" content=\"3\u00a0Minuten\" \/>\n<script type=\"application\/ld+json\" class=\"yoast-schema-graph\">{\"@context\":\"https:\\\/\\\/schema.org\",\"@graph\":[{\"@type\":\"Article\",\"@id\":\"https:\\\/\\\/www.strassenweb.de\\\/nachrichten\\\/zoey-deutchs-rebellische-sofafarbe-verleiht-ihrem-rustikalen-wohnzimmer-sofort-charakter-farbexperten-entschluesseln-ihre-kontroverse-kraft\\\/#article\",\"isPartOf\":{\"@id\":\"https:\\\/\\\/www.strassenweb.de\\\/nachrichten\\\/zoey-deutchs-rebellische-sofafarbe-verleiht-ihrem-rustikalen-wohnzimmer-sofort-charakter-farbexperten-entschluesseln-ihre-kontroverse-kraft\\\/\"},\"author\":{\"name\":\"Robert Hoffmann\",\"@id\":\"https:\\\/\\\/www.strassenweb.de\\\/nachrichten\\\/#\\\/schema\\\/person\\\/87c9c9067f1211da429a744dc5a5aa41\"},\"headline\":\"Zoey Deutchs rebellische Sofafarbe verleiht ihrem rustikalen Wohnzimmer \u201esofort Charakter\u201c \u2013 Farbexperten entschl\u00fcsseln ihre kontroverse Kraft\",\"datePublished\":\"2024-10-15T02:48:20+00:00\",\"dateModified\":\"2024-10-15T02:48:21+00:00\",\"mainEntityOfPage\":{\"@id\":\"https:\\\/\\\/www.strassenweb.de\\\/nachrichten\\\/zoey-deutchs-rebellische-sofafarbe-verleiht-ihrem-rustikalen-wohnzimmer-sofort-charakter-farbexperten-entschluesseln-ihre-kontroverse-kraft\\\/\"},\"wordCount\":603,\"publisher\":{\"@id\":\"https:\\\/\\\/www.strassenweb.de\\\/nachrichten\\\/#organization\"},\"image\":{\"@id\":\"https:\\\/\\\/www.strassenweb.de\\\/nachrichten\\\/zoey-deutchs-rebellische-sofafarbe-verleiht-ihrem-rustikalen-wohnzimmer-sofort-charakter-farbexperten-entschluesseln-ihre-kontroverse-kraft\\\/#primaryimage\"},\"thumbnailUrl\":\"https:\\\/\\\/www.strassenweb.de\\\/nachrichten\\\/wp-content\\\/uploads\\\/2024\\\/10\\\/Zoey-Deutchs-rebellische-Sofafarbe-verleiht-ihrem-rustikalen-Wohnzimmer-\u201esofort-Charakter.jpg\",\"keywords\":[\"Charakter\",\"Deutchs\",\"entschl\u00fcsseln\",\"Farbexperten\",\"ihre\",\"ihrem\",\"kontroverse\",\"Kraft\",\"rebellische\",\"rustikalen\",\"Sofafarbe\",\"sofort\",\"verleiht\",\"Wohnzimmer\",\"Zoey\"],\"articleSection\":[\"Haus &amp; Garten\"],\"inLanguage\":\"de\"},{\"@type\":\"WebPage\",\"@id\":\"https:\\\/\\\/www.strassenweb.de\\\/nachrichten\\\/zoey-deutchs-rebellische-sofafarbe-verleiht-ihrem-rustikalen-wohnzimmer-sofort-charakter-farbexperten-entschluesseln-ihre-kontroverse-kraft\\\/\",\"url\":\"https:\\\/\\\/www.strassenweb.de\\\/nachrichten\\\/zoey-deutchs-rebellische-sofafarbe-verleiht-ihrem-rustikalen-wohnzimmer-sofort-charakter-farbexperten-entschluesseln-ihre-kontroverse-kraft\\\/\",\"name\":\"Zoey Deutchs rebellische Sofafarbe verleiht ihrem rustikalen Wohnzimmer \u201esofort Charakter\u201c \u2013 Farbexperten entschl\u00fcsseln ihre kontroverse Kraft - Nachrichten - Stra\u00dfenweb\",\"isPartOf\":{\"@id\":\"https:\\\/\\\/www.strassenweb.de\\\/nachrichten\\\/#website\"},\"primaryImageOfPage\":{\"@id\":\"https:\\\/\\\/www.strassenweb.de\\\/nachrichten\\\/zoey-deutchs-rebellische-sofafarbe-verleiht-ihrem-rustikalen-wohnzimmer-sofort-charakter-farbexperten-entschluesseln-ihre-kontroverse-kraft\\\/#primaryimage\"},\"image\":{\"@id\":\"https:\\\/\\\/www.strassenweb.de\\\/nachrichten\\\/zoey-deutchs-rebellische-sofafarbe-verleiht-ihrem-rustikalen-wohnzimmer-sofort-charakter-farbexperten-entschluesseln-ihre-kontroverse-kraft\\\/#primaryimage\"},\"thumbnailUrl\":\"https:\\\/\\\/www.strassenweb.de\\\/nachrichten\\\/wp-content\\\/uploads\\\/2024\\\/10\\\/Zoey-Deutchs-rebellische-Sofafarbe-verleiht-ihrem-rustikalen-Wohnzimmer-\u201esofort-Charakter.jpg\",\"datePublished\":\"2024-10-15T02:48:20+00:00\",\"dateModified\":\"2024-10-15T02:48:21+00:00\",\"breadcrumb\":{\"@id\":\"https:\\\/\\\/www.strassenweb.de\\\/nachrichten\\\/zoey-deutchs-rebellische-sofafarbe-verleiht-ihrem-rustikalen-wohnzimmer-sofort-charakter-farbexperten-entschluesseln-ihre-kontroverse-kraft\\\/#breadcrumb\"},\"inLanguage\":\"de\",\"potentialAction\":[{\"@type\":\"ReadAction\",\"target\":[\"https:\\\/\\\/www.strassenweb.de\\\/nachrichten\\\/zoey-deutchs-rebellische-sofafarbe-verleiht-ihrem-rustikalen-wohnzimmer-sofort-charakter-farbexperten-entschluesseln-ihre-kontroverse-kraft\\\/\"]}]},{\"@type\":\"ImageObject\",\"inLanguage\":\"de\",\"@id\":\"https:\\\/\\\/www.strassenweb.de\\\/nachrichten\\\/zoey-deutchs-rebellische-sofafarbe-verleiht-ihrem-rustikalen-wohnzimmer-sofort-charakter-farbexperten-entschluesseln-ihre-kontroverse-kraft\\\/#primaryimage\",\"url\":\"https:\\\/\\\/www.strassenweb.de\\\/nachrichten\\\/wp-content\\\/uploads\\\/2024\\\/10\\\/Zoey-Deutchs-rebellische-Sofafarbe-verleiht-ihrem-rustikalen-Wohnzimmer-\u201esofort-Charakter.jpg\",\"contentUrl\":\"https:\\\/\\\/www.strassenweb.de\\\/nachrichten\\\/wp-content\\\/uploads\\\/2024\\\/10\\\/Zoey-Deutchs-rebellische-Sofafarbe-verleiht-ihrem-rustikalen-Wohnzimmer-\u201esofort-Charakter.jpg\",\"width\":1200,\"height\":675,\"caption\":\"Zoey Deutchs rebellische Sofafarbe verleiht ihrem rustikalen Wohnzimmer \u201esofort Charakter\u201c \u2013 Farbexperten entschl\u00fcsseln ihre kontroverse Kraft\"},{\"@type\":\"BreadcrumbList\",\"@id\":\"https:\\\/\\\/www.strassenweb.de\\\/nachrichten\\\/zoey-deutchs-rebellische-sofafarbe-verleiht-ihrem-rustikalen-wohnzimmer-sofort-charakter-farbexperten-entschluesseln-ihre-kontroverse-kraft\\\/#breadcrumb\",\"itemListElement\":[{\"@type\":\"ListItem\",\"position\":1,\"name\":\"Home\",\"item\":\"https:\\\/\\\/www.strassenweb.de\\\/nachrichten\\\/\"},{\"@type\":\"ListItem\",\"position\":2,\"name\":\"Zoey Deutchs rebellische Sofafarbe verleiht ihrem rustikalen Wohnzimmer \u201esofort Charakter\u201c \u2013 Farbexperten entschl\u00fcsseln ihre kontroverse Kraft\"}]},{\"@type\":\"WebSite\",\"@id\":\"https:\\\/\\\/www.strassenweb.de\\\/nachrichten\\\/#website\",\"url\":\"https:\\\/\\\/www.strassenweb.de\\\/nachrichten\\\/\",\"name\":\"Stra\u00dfenweb\",\"description\":\"Stra\u00dfenverzeichnis f\u00fcr Deutschland\",\"publisher\":{\"@id\":\"https:\\\/\\\/www.strassenweb.de\\\/nachrichten\\\/#organization\"},\"potentialAction\":[{\"@type\":\"SearchAction\",\"target\":{\"@type\":\"EntryPoint\",\"urlTemplate\":\"https:\\\/\\\/www.strassenweb.de\\\/nachrichten\\\/?s={search_term_string}\"},\"query-input\":{\"@type\":\"PropertyValueSpecification\",\"valueRequired\":true,\"valueName\":\"search_term_string\"}}],\"inLanguage\":\"de\"},{\"@type\":\"Organization\",\"@id\":\"https:\\\/\\\/www.strassenweb.de\\\/nachrichten\\\/#organization\",\"name\":\"Stra\u00dfenweb\",\"url\":\"https:\\\/\\\/www.strassenweb.de\\\/nachrichten\\\/\",\"logo\":{\"@type\":\"ImageObject\",\"inLanguage\":\"de\",\"@id\":\"https:\\\/\\\/www.strassenweb.de\\\/nachrichten\\\/#\\\/schema\\\/logo\\\/image\\\/\",\"url\":\"https:\\\/\\\/www.strassenweb.de\\\/nachrichten\\\/wp-content\\\/uploads\\\/2024\\\/09\\\/cropped-favicon.png\",\"contentUrl\":\"https:\\\/\\\/www.strassenweb.de\\\/nachrichten\\\/wp-content\\\/uploads\\\/2024\\\/09\\\/cropped-favicon.png\",\"width\":512,\"height\":512,\"caption\":\"Stra\u00dfenweb\"},\"image\":{\"@id\":\"https:\\\/\\\/www.strassenweb.de\\\/nachrichten\\\/#\\\/schema\\\/logo\\\/image\\\/\"},\"sameAs\":[\"https:\\\/\\\/www.facebook.com\\\/strassenweb\\\/\"]},{\"@type\":\"Person\",\"@id\":\"https:\\\/\\\/www.strassenweb.de\\\/nachrichten\\\/#\\\/schema\\\/person\\\/87c9c9067f1211da429a744dc5a5aa41\",\"name\":\"Robert Hoffmann\",\"image\":{\"@type\":\"ImageObject\",\"inLanguage\":\"de\",\"@id\":\"https:\\\/\\\/www.strassenweb.de\\\/nachrichten\\\/wp-content\\\/uploads\\\/2024\\\/09\\\/strassenweb-150x150.jpg\",\"url\":\"https:\\\/\\\/www.strassenweb.de\\\/nachrichten\\\/wp-content\\\/uploads\\\/2024\\\/09\\\/strassenweb-150x150.jpg\",\"contentUrl\":\"https:\\\/\\\/www.strassenweb.de\\\/nachrichten\\\/wp-content\\\/uploads\\\/2024\\\/09\\\/strassenweb-150x150.jpg\",\"caption\":\"Robert Hoffmann\"},\"description\":\"Ich hei\u00dfe Robert Hoffmann und ich bin ein leidenschaftlicher Verfechter von \u00d6kologie und Biodiversit\u00e4t. Seit meiner Kindheit in den W\u00e4ldern Bayerns f\u00fchle ich mich mit der Natur verbunden und bin entschlossen, sie zu sch\u00fctzen. Heute widme ich mein Leben der Sensibilisierung anderer f\u00fcr die Bedeutung des Umweltschutzes f\u00fcr zuk\u00fcnftige Generationen.\",\"sameAs\":[\"https:\\\/\\\/www.strassenweb.de\\\/\"]}]}<\/script>\n<!-- \/ Yoast SEO plugin. -->","yoast_head_json":{"title":"Zoey Deutchs rebellische Sofafarbe verleiht ihrem rustikalen Wohnzimmer \u201esofort Charakter\u201c \u2013 Farbexperten entschl\u00fcsseln ihre kontroverse Kraft - Nachrichten - Stra\u00dfenweb","robots":{"index":"index","follow":"follow","max-snippet":"max-snippet:-1","max-image-preview":"max-image-preview:large","max-video-preview":"max-video-preview:-1"},"canonical":"https:\/\/www.strassenweb.de\/nachrichten\/zoey-deutchs-rebellische-sofafarbe-verleiht-ihrem-rustikalen-wohnzimmer-sofort-charakter-farbexperten-entschluesseln-ihre-kontroverse-kraft\/","og_locale":"de_DE","og_type":"article","og_title":"Zoey Deutchs rebellische Sofafarbe verleiht ihrem rustikalen Wohnzimmer \u201esofort Charakter\u201c \u2013 Farbexperten entschl\u00fcsseln ihre kontroverse Kraft - Nachrichten - Stra\u00dfenweb","og_description":"Rot, die wohl am meisten diskutierte Farbe \u00fcberhaupt, stand in letzter Zeit im Rampenlicht. Dank der Unexpected Red Theory von TikTok (die besagt, dass rote","og_url":"https:\/\/www.strassenweb.de\/nachrichten\/zoey-deutchs-rebellische-sofafarbe-verleiht-ihrem-rustikalen-wohnzimmer-sofort-charakter-farbexperten-entschluesseln-ihre-kontroverse-kraft\/","og_site_name":"Stra\u00dfenweb","article_publisher":"https:\/\/www.facebook.com\/strassenweb\/","article_published_time":"2024-10-15T02:48:20+00:00","article_modified_time":"2024-10-15T02:48:21+00:00","og_image":[{"width":1200,"height":675,"url":"https:\/\/www.strassenweb.de\/nachrichten\/wp-content\/uploads\/2024\/10\/Zoey-Deutchs-rebellische-Sofafarbe-verleiht-ihrem-rustikalen-Wohnzimmer-\u201esofort-Charakter.jpg","type":"image\/jpeg"}],"author":"Robert Hoffmann","twitter_card":"summary_large_image","twitter_misc":{"Verfasst von":"Robert Hoffmann","Gesch\u00e4tzte Lesezeit":"3\u00a0Minuten"},"schema":{"@context":"https:\/\/schema.org","@graph":[{"@type":"Article","@id":"https:\/\/www.strassenweb.de\/nachrichten\/zoey-deutchs-rebellische-sofafarbe-verleiht-ihrem-rustikalen-wohnzimmer-sofort-charakter-farbexperten-entschluesseln-ihre-kontroverse-kraft\/#article","isPartOf":{"@id":"https:\/\/www.strassenweb.de\/nachrichten\/zoey-deutchs-rebellische-sofafarbe-verleiht-ihrem-rustikalen-wohnzimmer-sofort-charakter-farbexperten-entschluesseln-ihre-kontroverse-kraft\/"},"author":{"name":"Robert Hoffmann","@id":"https:\/\/www.strassenweb.de\/nachrichten\/#\/schema\/person\/87c9c9067f1211da429a744dc5a5aa41"},"headline":"Zoey Deutchs rebellische Sofafarbe verleiht ihrem rustikalen Wohnzimmer \u201esofort Charakter\u201c \u2013 Farbexperten entschl\u00fcsseln ihre kontroverse Kraft","datePublished":"2024-10-15T02:48:20+00:00","dateModified":"2024-10-15T02:48:21+00:00","mainEntityOfPage":{"@id":"https:\/\/www.strassenweb.de\/nachrichten\/zoey-deutchs-rebellische-sofafarbe-verleiht-ihrem-rustikalen-wohnzimmer-sofort-charakter-farbexperten-entschluesseln-ihre-kontroverse-kraft\/"},"wordCount":603,"publisher":{"@id":"https:\/\/www.strassenweb.de\/nachrichten\/#organization"},"image":{"@id":"https:\/\/www.strassenweb.de\/nachrichten\/zoey-deutchs-rebellische-sofafarbe-verleiht-ihrem-rustikalen-wohnzimmer-sofort-charakter-farbexperten-entschluesseln-ihre-kontroverse-kraft\/#primaryimage"},"thumbnailUrl":"https:\/\/www.strassenweb.de\/nachrichten\/wp-content\/uploads\/2024\/10\/Zoey-Deutchs-rebellische-Sofafarbe-verleiht-ihrem-rustikalen-Wohnzimmer-\u201esofort-Charakter.jpg","keywords":["Charakter","Deutchs","entschl\u00fcsseln","Farbexperten","ihre","ihrem","kontroverse","Kraft","rebellische","rustikalen","Sofafarbe","sofort","verleiht","Wohnzimmer","Zoey"],"articleSection":["Haus &amp; Garten"],"inLanguage":"de"},{"@type":"WebPage","@id":"https:\/\/www.strassenweb.de\/nachrichten\/zoey-deutchs-rebellische-sofafarbe-verleiht-ihrem-rustikalen-wohnzimmer-sofort-charakter-farbexperten-entschluesseln-ihre-kontroverse-kraft\/","url":"https:\/\/www.strassenweb.de\/nachrichten\/zoey-deutchs-rebellische-sofafarbe-verleiht-ihrem-rustikalen-wohnzimmer-sofort-charakter-farbexperten-entschluesseln-ihre-kontroverse-kraft\/","name":"Zoey Deutchs rebellische Sofafarbe verleiht ihrem rustikalen Wohnzimmer \u201esofort Charakter\u201c \u2013 Farbexperten entschl\u00fcsseln ihre kontroverse Kraft - Nachrichten - Stra\u00dfenweb","isPartOf":{"@id":"https:\/\/www.strassenweb.de\/nachrichten\/#website"},"primaryImageOfPage":{"@id":"https:\/\/www.strassenweb.de\/nachrichten\/zoey-deutchs-rebellische-sofafarbe-verleiht-ihrem-rustikalen-wohnzimmer-sofort-charakter-farbexperten-entschluesseln-ihre-kontroverse-kraft\/#primaryimage"},"image":{"@id":"https:\/\/www.strassenweb.de\/nachrichten\/zoey-deutchs-rebellische-sofafarbe-verleiht-ihrem-rustikalen-wohnzimmer-sofort-charakter-farbexperten-entschluesseln-ihre-kontroverse-kraft\/#primaryimage"},"thumbnailUrl":"https:\/\/www.strassenweb.de\/nachrichten\/wp-content\/uploads\/2024\/10\/Zoey-Deutchs-rebellische-Sofafarbe-verleiht-ihrem-rustikalen-Wohnzimmer-\u201esofort-Charakter.jpg","datePublished":"2024-10-15T02:48:20+00:00","dateModified":"2024-10-15T02:48:21+00:00","breadcrumb":{"@id":"https:\/\/www.strassenweb.de\/nachrichten\/zoey-deutchs-rebellische-sofafarbe-verleiht-ihrem-rustikalen-wohnzimmer-sofort-charakter-farbexperten-entschluesseln-ihre-kontroverse-kraft\/#breadcrumb"},"inLanguage":"de","potentialAction":[{"@type":"ReadAction","target":["https:\/\/www.strassenweb.de\/nachrichten\/zoey-deutchs-rebellische-sofafarbe-verleiht-ihrem-rustikalen-wohnzimmer-sofort-charakter-farbexperten-entschluesseln-ihre-kontroverse-kraft\/"]}]},{"@type":"ImageObject","inLanguage":"de","@id":"https:\/\/www.strassenweb.de\/nachrichten\/zoey-deutchs-rebellische-sofafarbe-verleiht-ihrem-rustikalen-wohnzimmer-sofort-charakter-farbexperten-entschluesseln-ihre-kontroverse-kraft\/#primaryimage","url":"https:\/\/www.strassenweb.de\/nachrichten\/wp-content\/uploads\/2024\/10\/Zoey-Deutchs-rebellische-Sofafarbe-verleiht-ihrem-rustikalen-Wohnzimmer-\u201esofort-Charakter.jpg","contentUrl":"https:\/\/www.strassenweb.de\/nachrichten\/wp-content\/uploads\/2024\/10\/Zoey-Deutchs-rebellische-Sofafarbe-verleiht-ihrem-rustikalen-Wohnzimmer-\u201esofort-Charakter.jpg","width":1200,"height":675,"caption":"Zoey Deutchs rebellische Sofafarbe verleiht ihrem rustikalen Wohnzimmer \u201esofort Charakter\u201c \u2013 Farbexperten entschl\u00fcsseln ihre kontroverse Kraft"},{"@type":"BreadcrumbList","@id":"https:\/\/www.strassenweb.de\/nachrichten\/zoey-deutchs-rebellische-sofafarbe-verleiht-ihrem-rustikalen-wohnzimmer-sofort-charakter-farbexperten-entschluesseln-ihre-kontroverse-kraft\/#breadcrumb","itemListElement":[{"@type":"ListItem","position":1,"name":"Home","item":"https:\/\/www.strassenweb.de\/nachrichten\/"},{"@type":"ListItem","position":2,"name":"Zoey Deutchs rebellische Sofafarbe verleiht ihrem rustikalen Wohnzimmer \u201esofort Charakter\u201c \u2013 Farbexperten entschl\u00fcsseln ihre kontroverse Kraft"}]},{"@type":"WebSite","@id":"https:\/\/www.strassenweb.de\/nachrichten\/#website","url":"https:\/\/www.strassenweb.de\/nachrichten\/","name":"Stra\u00dfenweb","description":"Stra\u00dfenverzeichnis f\u00fcr Deutschland","publisher":{"@id":"https:\/\/www.strassenweb.de\/nachrichten\/#organization"},"potentialAction":[{"@type":"SearchAction","target":{"@type":"EntryPoint","urlTemplate":"https:\/\/www.strassenweb.de\/nachrichten\/?s={search_term_string}"},"query-input":{"@type":"PropertyValueSpecification","valueRequired":true,"valueName":"search_term_string"}}],"inLanguage":"de"},{"@type":"Organization","@id":"https:\/\/www.strassenweb.de\/nachrichten\/#organization","name":"Stra\u00dfenweb","url":"https:\/\/www.strassenweb.de\/nachrichten\/","logo":{"@type":"ImageObject","inLanguage":"de","@id":"https:\/\/www.strassenweb.de\/nachrichten\/#\/schema\/logo\/image\/","url":"https:\/\/www.strassenweb.de\/nachrichten\/wp-content\/uploads\/2024\/09\/cropped-favicon.png","contentUrl":"https:\/\/www.strassenweb.de\/nachrichten\/wp-content\/uploads\/2024\/09\/cropped-favicon.png","width":512,"height":512,"caption":"Stra\u00dfenweb"},"image":{"@id":"https:\/\/www.strassenweb.de\/nachrichten\/#\/schema\/logo\/image\/"},"sameAs":["https:\/\/www.facebook.com\/strassenweb\/"]},{"@type":"Person","@id":"https:\/\/www.strassenweb.de\/nachrichten\/#\/schema\/person\/87c9c9067f1211da429a744dc5a5aa41","name":"Robert Hoffmann","image":{"@type":"ImageObject","inLanguage":"de","@id":"https:\/\/www.strassenweb.de\/nachrichten\/wp-content\/uploads\/2024\/09\/strassenweb-150x150.jpg","url":"https:\/\/www.strassenweb.de\/nachrichten\/wp-content\/uploads\/2024\/09\/strassenweb-150x150.jpg","contentUrl":"https:\/\/www.strassenweb.de\/nachrichten\/wp-content\/uploads\/2024\/09\/strassenweb-150x150.jpg","caption":"Robert Hoffmann"},"description":"Ich hei\u00dfe Robert Hoffmann und ich bin ein leidenschaftlicher Verfechter von \u00d6kologie und Biodiversit\u00e4t. Seit meiner Kindheit in den W\u00e4ldern Bayerns f\u00fchle ich mich mit der Natur verbunden und bin entschlossen, sie zu sch\u00fctzen. Heute widme ich mein Leben der Sensibilisierung anderer f\u00fcr die Bedeutung des Umweltschutzes f\u00fcr zuk\u00fcnftige Generationen.","sameAs":["https:\/\/www.strassenweb.de\/"]}]}},"_links":{"self":[{"href":"https:\/\/www.strassenweb.de\/nachrichten\/wp-json\/wp\/v2\/posts\/918","targetHints":{"allow":["GET"]}}],"collection":[{"href":"https:\/\/www.strassenweb.de\/nachrichten\/wp-json\/wp\/v2\/posts"}],"about":[{"href":"https:\/\/www.strassenweb.de\/nachrichten\/wp-json\/wp\/v2\/types\/post"}],"author":[{"embeddable":true,"href":"https:\/\/www.strassenweb.de\/nachrichten\/wp-json\/wp\/v2\/users\/1"}],"replies":[{"embeddable":true,"href":"https:\/\/www.strassenweb.de\/nachrichten\/wp-json\/wp\/v2\/comments?post=918"}],"version-history":[{"count":0,"href":"https:\/\/www.strassenweb.de\/nachrichten\/wp-json\/wp\/v2\/posts\/918\/revisions"}],"wp:featuredmedia":[{"embeddable":true,"href":"https:\/\/www.strassenweb.de\/nachrichten\/wp-json\/wp\/v2\/media\/919"}],"wp:attachment":[{"href":"https:\/\/www.strassenweb.de\/nachrichten\/wp-json\/wp\/v2\/media?parent=918"}],"wp:term":[{"taxonomy":"category","embeddable":true,"href":"https:\/\/www.strassenweb.de\/nachrichten\/wp-json\/wp\/v2\/categories?post=918"},{"taxonomy":"post_tag","embeddable":true,"href":"https:\/\/www.strassenweb.de\/nachrichten\/wp-json\/wp\/v2\/tags?post=918"}],"curies":[{"name":"wp","href":"https:\/\/api.w.org\/{rel}","templated":true}]}}