{"id":9179,"date":"2025-11-15T06:39:26","date_gmt":"2025-11-15T05:39:26","guid":{"rendered":"https:\/\/www.strassenweb.de\/nachrichten\/55-jahre-spaeter-ist-martha-stewarts-landhauskueche-aus-den-70er-jahren-immer-noch-der-aussergewoehnlichste-raum-den-wir-je-gesehen-haben\/"},"modified":"2025-11-15T06:39:27","modified_gmt":"2025-11-15T05:39:27","slug":"55-jahre-spaeter-ist-martha-stewarts-landhauskueche-aus-den-70er-jahren-immer-noch-der-aussergewoehnlichste-raum-den-wir-je-gesehen-haben","status":"publish","type":"post","link":"https:\/\/www.strassenweb.de\/nachrichten\/55-jahre-spaeter-ist-martha-stewarts-landhauskueche-aus-den-70er-jahren-immer-noch-der-aussergewoehnlichste-raum-den-wir-je-gesehen-haben\/","title":{"rendered":"55 Jahre sp\u00e4ter ist Martha Stewarts Landhausk\u00fcche aus den 70er-Jahren immer noch der au\u00dfergew\u00f6hnlichste Raum, den wir je gesehen haben"},"content":{"rendered":"<p><\/p>\n<div id=\"article-body\" class=\"article__body \">\n<p id=\"98bcd144-7a41-4e23-9363-978d4898ba19\">Die K\u00fcche ist das Herzst\u00fcck des Hauses, daher sind die besten K\u00fcchen voller Herz. Wenn das jemand wei\u00df, dann ist es Martha Stewart, die seit Jahrzehnten R\u00e4ume geschaffen hat, die sowohl charaktervoll als auch malerisch sind.<\/p>\n<div id=\"ad-unit-1\" class=\"ad-unit\"><\/div>\n<p>In einem aktuellen Instagram-Beitrag gew\u00e4hrte die vielschichtige Hausfrau einen Einblick in die K\u00fcche ihres Hauses \u201eTurkey Hill\u201c in Westport, Connecticut, Mitte der 70er Jahre. Martha war von 1971 bis 2007 Eigent\u00fcmerin des Bauernhauses und jeder Zentimeter wurde mit Liebe verschwendet. Ihre Landhausk\u00fcche aus den Anfangsjahren verk\u00f6rpert diese Pers\u00f6nlichkeit am besten.<\/p>\n<aside data-block-type=\"embed\" data-render-type=\"fte\" data-skip=\"dealsy\" data-widget-type=\"seasonal\" class=\"hawk-root\"><\/aside>\n<p id=\"98bcd144-7a41-4e23-9363-978d4898ba19-2\" class=\"paywall\" aria-hidden=\"true\">Der sch\u00f6ne Raum ist eine Augenweide. Es verf\u00fcgt \u00fcber Kupfert\u00f6pfe und geflochtene antike K\u00f6rbe (wie diesen von 1stDibs), die von der Decke h\u00e4ngen, K\u00fcchenger\u00e4te aus Edelstahl und warme Holzschr\u00e4nke. Obwohl seit der Aufnahme des Fotos \u00fcber 50 Jahre vergangen sind, sieht Marthas Raum noch genauso ansprechend aus wie an dem Tag, an dem sie ihn dekoriert hat.<\/p>\n<div class=\"van_vid_carousel\">\n<div class=\"van_vid_carousel__padding\">\n<div class=\"van_vid_carousel__container\"><\/div>\n<\/div>\n<\/div>\n<div class=\"instagram-embed\" id=\"DQyrG9ECedU\">\n<blockquote class=\"instagram-media\" data-instgrm-captioned data-instgrm-version=\"6\" style=\"width:99.375%; width:-webkit-calc(100% - 2px); width:calc(100% - 2px);\">\n<p>Ein von Martha Stewart (@marthastewart) geteilter Beitrag<\/p>\n<p>Ein Foto gepostet von am <\/p>\n<\/blockquote>\n<\/div>\n<div id=\"ad-unit-2\" class=\"ad-unit\"><\/div>\n<p>Richard Davonport, Gesch\u00e4ftsf\u00fchrer von Davonport, erkl\u00e4rt: \u201eHausbesitzer suchen zunehmend nach Materialien mit Seele.\u201c Hellere H\u00f6lzer galten einst als Synonym f\u00fcr modernen Minimalismus, doch mittlerweile w\u00e4chst der Wunsch nach etwas Bodenst\u00e4ndigerem und Dauerhafterem. \u201eDunklere H\u00f6lzer wie Walnuss oder Tr\u00fcffeleiche sorgen f\u00fcr eine nat\u00fcrliche F\u00fclle, die das zeitgen\u00f6ssische Design mildert und einer K\u00fcche eine l\u00e4ngere Lebensdauer verleiht.\u201c<\/p>\n<aside data-block-type=\"embed\" data-hawk-json='{\"collection\":{\"blocks\":({\"modelName\":\"Cuisinart Octagonal Hanging Cookware Rack\",\"productName\":\"Cuisinart Octagonal Hanging Cookware Rack\",\"brand\":null,\"price\":null,\"wasPrice\":null,\"currency\":null,\"image\":{\"copyright\":\"\",\"height\":2000,\"id\":\"A8X4x9G2vVnrrzYccCS22E\",\"mimeType\":\"image\/jpeg\",\"mos\":\"https:\/\/cdn.mos.cms.futurecdn.net\/A8X4x9G2vVnrrzYccCS22E.jpg\",\"role\":\"\",\"width\":2000,\"credit\":\"Amazon\",\"alt\":\"Stainless steel pot rack\",\"caption\":\"\"},\"link\":{\"url\":\"https:\/\/target.georiot.com\/Proxy.ashx?tsid=107655&amp;GR_URL=https%3A%2F%2Famazon.com%2FCuisinart-CRC-29B-Octagonal-Hanging-Cookware%2Fdp%2FB0001RR75S%2Fref%3Dasc_df_B0001RR75S%3Fmcid%3De2d39ca2e70b3c5fa2732379c7607d9a%26hvocijid%3D5180183295893125226-B0001RR75S-%26hvexpln%3D73%26tag%3Dhawk-future-20%26linkCode%3Ddf0%26hvadid%3D692875362841%26hvpos%3D%26hvnetw%3Dg%26hvrand%3D5180183295893125226%26hvpone%3D%26hvptwo%3D%26hvqmt%3D%26hvdev%3Dc%26hvdvcmdl%3D%26hvlocint%3D%26hvlocphy%3D2840%26hvtargid%3Dpla-2281435181698%26psc%3D1%26ascsubtag%3Dhawk-custom-tracking-20\",\"linkText\":\"Was $159.95, now $99.95 at Amazon\",\"editorialMerchantName\":\"\",\"merchantId\":1471,\"merchantNetwork\":\"Amazonus\",\"merchantUrl\":\"amazon.com\",\"merchantName\":\"Amazon US\"},\"noAffiliateTracking\":false,\"linkMerchant\":\"Amazon US\"},{\"modelName\":\"4pc Stainless Steel Measuring Cup\",\"productName\":\"4pc Stainless Steel Measuring Cup\",\"brand\":null,\"price\":null,\"wasPrice\":null,\"currency\":null,\"image\":{\"copyright\":\"\",\"height\":1200,\"id\":\"e9WrYd5gWS2c2yVGKpBYX4\",\"mimeType\":\"image\/webp\",\"mos\":\"https:\/\/cdn.mos.cms.futurecdn.net\/e9WrYd5gWS2c2yVGKpBYX4.webp\",\"role\":\"\",\"width\":1200,\"credit\":\"Hearth u0026 Hand with Magnolia\",\"alt\":\"4pc Stainless Steel Measuring Cup Copper - Hearth U0026#38; Handu0026#8482; With Magnolia\",\"caption\":\"\"},\"link\":{\"url\":\"https:\/\/goto.target.com\/c\/221109\/81938\/2092?subId1=hawk-custom-tracking&amp;sharedId=hawk&amp;u=https%3A%2F%2Fwww.target.com%2Fp%2F4pc-stainless-steel-measuring-cup-copper-hearth-38-hand-8482-with-magnolia%2F-%2FA-94405931\",\"linkText\":\"From $14.99 at Target\",\"editorialMerchantName\":\"\",\"merchantId\":17989,\"merchantNetwork\":\"ImpactRad\",\"merchantUrl\":\"target.com\",\"merchantName\":\"Target\"},\"noAffiliateTracking\":false,\"linkMerchant\":\"Target\"},{\"modelName\":\"Long Oval Rattan Decorative Basket\",\"productName\":\"Long Oval Rattan Decorative Basket\",\"brand\":null,\"price\":null,\"wasPrice\":null,\"currency\":null,\"image\":{\"copyright\":\"\",\"height\":800,\"id\":\"2ZgjULhLyBqHwKvAMYbzyi\",\"mimeType\":\"image\/webp\",\"mos\":\"https:\/\/cdn.mos.cms.futurecdn.net\/2ZgjULhLyBqHwKvAMYbzyi.webp\",\"role\":\"\",\"width\":800,\"credit\":\"Threshold designed w\/Studio McGee\",\"alt\":\"Long Oval Rattan Decorative Basket Brown - Thresholdu2122 Designed With Studio Mcgee\",\"caption\":\"\"},\"link\":{\"url\":\"https:\/\/goto.target.com\/c\/221109\/81938\/2092?subId1=hawk-custom-tracking&amp;sharedId=hawk&amp;u=https%3A%2F%2Fwww.target.com%2Fp%2Flong-oval-rattan-decorative-basket-brown-threshold-8482-designed-with-studio-mcgee%2F-%2FA-91270981%23lnk%3Dsametab\",\"linkText\":\"From $30.00 at Target\",\"editorialMerchantName\":\"\",\"merchantId\":17989,\"merchantNetwork\":\"ImpactRad\",\"merchantUrl\":\"target.com\",\"merchantName\":\"Target\"},\"noAffiliateTracking\":false,\"linkMerchant\":\"Target\"})}}' data-model-name=\"Cuisinart Octagonal Hanging Cookware Rack,4pc Stainless Steel Measuring Cup,Long Oval Rattan Decorative Basket\" data-render-type=\"fte\" data-skip=\"disabled\" data-widget-type=\"collection\" class=\"hawk-root\"><\/aside>\n<div class=\"product-container hero-product-container product-block-no-wrap\">\n<div class=\"product-block-row\"><\/div>\n<div class=\"product-block-row\"><\/div>\n<div class=\"product-block-row\"><\/div>\n<\/div>\n<p id=\"455369cd-73e7-4285-b379-9b5f5cdaae21\">Wie wir in Marthas Raum sehen, hat dunkles Holz \u00fcber die Schr\u00e4nke hinaus Kraft. Es kann auf M\u00f6beln oder Accessoires verwendet werden, um W\u00e4rme zu verleihen und eine klassische Landhausk\u00fcche zu schaffen.<\/p>\n<p>Richard erkl\u00e4rt: \u201eDiese Oberfl\u00e4chen reagieren auch wunderbar auf nat\u00fcrliches Licht, ver\u00e4ndern den Farbton im Laufe des Tages subtil und verleihen dem Raum ein Gef\u00fchl von Bewegung.\u201c \u201eWir sehen, dass sich immer mehr Kunden von der Art und Weise angezogen f\u00fchlen, wie dunkleres Holz ein Zuhause mit der Natur verbindet und sich dennoch elegant und zeitlos anf\u00fchlt.\u201c<\/p>\n<div id=\"slice-container-newsletterForm-articleInbodyContent-j3SjHWdVcUmJqogQbx4Pfn\" class=\"slice-container newsletter-inbodyContent-slice newsletterForm-articleInbodyContent-j3SjHWdVcUmJqogQbx4Pfn slice-container-newsletterForm\"><\/div>\n<p>Um Marthas Look in Ihrem eigenen Zuhause nachzubilden, r\u00e4t Richard: \u201eWenn es \u00fcber komplette Schrankreihen oder im Kontrast zu lackierten T\u00fcren verwendet wird, sorgt es f\u00fcr W\u00e4rme und Tiefe, die hellere Oberfl\u00e4chen einfach nicht reproduzieren k\u00f6nnen.\u201c<\/p>\n<p>Die Sch\u00f6nheit von Martha Stewarts charaktervollem Zuhause kommt auch dadurch zum Ausdruck, dass sie sich f\u00fcr die Einrichtung mit Antiquit\u00e4ten entschieden hat. Vom franz\u00f6sischen Kochgeschirr aus Kupfer bis zu den geflochtenen K\u00f6rben aus dem 19. Jahrhundert ist der Raum voller Details aus einer anderen Zeit. Diese geschichtstr\u00e4chtigen Details verleihen dem Raum Struktur, W\u00e4rme und eine einladende Atmosph\u00e4re.<\/p>\n<hr id=\"00508da2-1a8d-41b2-8ca8-a459f62b77f2\">\n<p id=\"255bdf90-0d04-4498-af95-de6ec4cd58b0\">Was einen Raum zu etwas Besonderem macht, sind nicht nur die M\u00f6bel \u2013 es ist die Geschichte. Martha Stewarts Landhausk\u00fcche aus den 70er Jahren ist ein gro\u00dfartiges Beispiel, aber Sie k\u00f6nnen dieses Gef\u00fchl in jedem Raum nachbilden, wenn Sie sich f\u00fcr die Planung und langsame Dekoration einsetzen.<\/p>\n<div class=\"min-h-(270px) mb-4 viafoura-twig-component\" id=\"viafoura-engagement-starter-wrapper\" data-component-name=\"Elk:Embed:EngagementStarter\">\n<div class=\"viafoura\">\n<div>\n<vf-conversation-starter target=\"viafoura-comments\" title=\"How do you make your kitchen feel lived-in?\" description=\"Are there any specific accessories you like to have on hand?\" minimum-comment-count=\"5\"><br \/>\n<\/vf-conversation-starter>\n<\/div>\n<\/div>\n<\/div>\n<div class=\"block\" id=\"articleTag\" data-component-name=\"PostArticleLinks\" data-mrf-recirculation=\"post-article-links\">\n<div class=\"border-b border-b-black border-solid py-2.5 text-black font-bold uppercase\">THEMEN<\/div>\n<nav class=\"py-2.5 flex gap-2.5 flex-wrap\" data-analytics-id=\"article-tag\" data-mrf-recirculation=\"article-tag\">\n<p>Martha Stewart<\/p>\n<\/nav>\n<\/div>\n<\/div>\n<p><script async src=\"\/\/www.instagram.com\/embed.js\"><\/script><\/p>\n","protected":false},"excerpt":{"rendered":"<p>Die K\u00fcche ist das Herzst\u00fcck des Hauses, daher sind die besten K\u00fcchen voller Herz. Wenn das jemand wei\u00df, dann ist es Martha Stewart, die seit<\/p>\n","protected":false},"author":1,"featured_media":9180,"comment_status":"closed","ping_status":"","sticky":false,"template":"","format":"standard","meta":{"footnotes":""},"categories":[118],"tags":[11453,287,11492,78,81,1905,469,175,15,831,10742,2894,2659,182,1163,2895,411],"class_list":["post-9179","post","type-post","status-publish","format-standard","has-post-thumbnail","hentry","category-haus-garten","tag-70erjahren","tag-aus","tag-aussergewoehnlichste","tag-den","tag-der","tag-gesehen","tag-haben","tag-immer","tag-ist","tag-jahre","tag-landhauskueche","tag-martha","tag-noch","tag-raum","tag-spaeter","tag-stewarts","tag-wir","generate-columns","tablet-grid-50","mobile-grid-100","grid-parent","grid-50"],"yoast_head":"<!-- This site is optimized with the Yoast SEO plugin v27.3 - https:\/\/yoast.com\/product\/yoast-seo-wordpress\/ -->\n<title>55 Jahre sp\u00e4ter ist Martha Stewarts Landhausk\u00fcche aus den 70er-Jahren immer noch der au\u00dfergew\u00f6hnlichste Raum, den wir je gesehen haben - Nachrichten - Stra\u00dfenweb<\/title>\n<meta name=\"robots\" content=\"index, follow, max-snippet:-1, max-image-preview:large, max-video-preview:-1\" \/>\n<link rel=\"canonical\" href=\"https:\/\/www.strassenweb.de\/nachrichten\/55-jahre-spaeter-ist-martha-stewarts-landhauskueche-aus-den-70er-jahren-immer-noch-der-aussergewoehnlichste-raum-den-wir-je-gesehen-haben\/\" \/>\n<meta property=\"og:locale\" content=\"de_DE\" \/>\n<meta property=\"og:type\" content=\"article\" \/>\n<meta property=\"og:title\" content=\"55 Jahre sp\u00e4ter ist Martha Stewarts Landhausk\u00fcche aus den 70er-Jahren immer noch der au\u00dfergew\u00f6hnlichste Raum, den wir je gesehen haben - Nachrichten - Stra\u00dfenweb\" \/>\n<meta property=\"og:description\" content=\"Die K\u00fcche ist das Herzst\u00fcck des Hauses, daher sind die besten K\u00fcchen voller Herz. Wenn das jemand wei\u00df, dann ist es Martha Stewart, die seit\" \/>\n<meta property=\"og:url\" content=\"https:\/\/www.strassenweb.de\/nachrichten\/55-jahre-spaeter-ist-martha-stewarts-landhauskueche-aus-den-70er-jahren-immer-noch-der-aussergewoehnlichste-raum-den-wir-je-gesehen-haben\/\" \/>\n<meta property=\"og:site_name\" content=\"Stra\u00dfenweb\" \/>\n<meta property=\"article:publisher\" content=\"https:\/\/www.facebook.com\/strassenweb\/\" \/>\n<meta property=\"article:published_time\" content=\"2025-11-15T05:39:26+00:00\" \/>\n<meta property=\"article:modified_time\" content=\"2025-11-15T05:39:27+00:00\" \/>\n<meta property=\"og:image\" content=\"https:\/\/www.strassenweb.de\/nachrichten\/wp-content\/uploads\/2025\/11\/55-Jahre-spaeter-ist-Martha-Stewarts-Landhauskueche-aus-den-70er-Jahren.jpg\" \/>\n\t<meta property=\"og:image:width\" content=\"1600\" \/>\n\t<meta property=\"og:image:height\" content=\"900\" \/>\n\t<meta property=\"og:image:type\" content=\"image\/jpeg\" \/>\n<meta name=\"author\" content=\"Robert Hoffmann\" \/>\n<meta name=\"twitter:card\" content=\"summary_large_image\" \/>\n<meta name=\"twitter:label1\" content=\"Verfasst von\" \/>\n\t<meta name=\"twitter:data1\" content=\"Robert Hoffmann\" \/>\n\t<meta name=\"twitter:label2\" content=\"Gesch\u00e4tzte Lesezeit\" \/>\n\t<meta name=\"twitter:data2\" content=\"2\u00a0Minuten\" \/>\n<script type=\"application\/ld+json\" class=\"yoast-schema-graph\">{\"@context\":\"https:\\\/\\\/schema.org\",\"@graph\":[{\"@type\":\"Article\",\"@id\":\"https:\\\/\\\/www.strassenweb.de\\\/nachrichten\\\/55-jahre-spaeter-ist-martha-stewarts-landhauskueche-aus-den-70er-jahren-immer-noch-der-aussergewoehnlichste-raum-den-wir-je-gesehen-haben\\\/#article\",\"isPartOf\":{\"@id\":\"https:\\\/\\\/www.strassenweb.de\\\/nachrichten\\\/55-jahre-spaeter-ist-martha-stewarts-landhauskueche-aus-den-70er-jahren-immer-noch-der-aussergewoehnlichste-raum-den-wir-je-gesehen-haben\\\/\"},\"author\":{\"name\":\"Robert Hoffmann\",\"@id\":\"https:\\\/\\\/www.strassenweb.de\\\/nachrichten\\\/#\\\/schema\\\/person\\\/87c9c9067f1211da429a744dc5a5aa41\"},\"headline\":\"55 Jahre sp\u00e4ter ist Martha Stewarts Landhausk\u00fcche aus den 70er-Jahren immer noch der au\u00dfergew\u00f6hnlichste Raum, den wir je gesehen haben\",\"datePublished\":\"2025-11-15T05:39:26+00:00\",\"dateModified\":\"2025-11-15T05:39:27+00:00\",\"mainEntityOfPage\":{\"@id\":\"https:\\\/\\\/www.strassenweb.de\\\/nachrichten\\\/55-jahre-spaeter-ist-martha-stewarts-landhauskueche-aus-den-70er-jahren-immer-noch-der-aussergewoehnlichste-raum-den-wir-je-gesehen-haben\\\/\"},\"wordCount\":523,\"publisher\":{\"@id\":\"https:\\\/\\\/www.strassenweb.de\\\/nachrichten\\\/#organization\"},\"image\":{\"@id\":\"https:\\\/\\\/www.strassenweb.de\\\/nachrichten\\\/55-jahre-spaeter-ist-martha-stewarts-landhauskueche-aus-den-70er-jahren-immer-noch-der-aussergewoehnlichste-raum-den-wir-je-gesehen-haben\\\/#primaryimage\"},\"thumbnailUrl\":\"https:\\\/\\\/www.strassenweb.de\\\/nachrichten\\\/wp-content\\\/uploads\\\/2025\\\/11\\\/55-Jahre-spaeter-ist-Martha-Stewarts-Landhauskueche-aus-den-70er-Jahren.jpg\",\"keywords\":[\"70erJahren\",\"aus\",\"au\u00dfergew\u00f6hnlichste\",\"den\",\"der\",\"gesehen\",\"haben\",\"immer\",\"ist\",\"Jahre\",\"Landhausk\u00fcche\",\"Martha\",\"noch\",\"Raum\",\"sp\u00e4ter\",\"Stewarts\",\"wir\"],\"articleSection\":[\"Haus &amp; Garten\"],\"inLanguage\":\"de\"},{\"@type\":\"WebPage\",\"@id\":\"https:\\\/\\\/www.strassenweb.de\\\/nachrichten\\\/55-jahre-spaeter-ist-martha-stewarts-landhauskueche-aus-den-70er-jahren-immer-noch-der-aussergewoehnlichste-raum-den-wir-je-gesehen-haben\\\/\",\"url\":\"https:\\\/\\\/www.strassenweb.de\\\/nachrichten\\\/55-jahre-spaeter-ist-martha-stewarts-landhauskueche-aus-den-70er-jahren-immer-noch-der-aussergewoehnlichste-raum-den-wir-je-gesehen-haben\\\/\",\"name\":\"55 Jahre sp\u00e4ter ist Martha Stewarts Landhausk\u00fcche aus den 70er-Jahren immer noch der au\u00dfergew\u00f6hnlichste Raum, den wir je gesehen haben - Nachrichten - Stra\u00dfenweb\",\"isPartOf\":{\"@id\":\"https:\\\/\\\/www.strassenweb.de\\\/nachrichten\\\/#website\"},\"primaryImageOfPage\":{\"@id\":\"https:\\\/\\\/www.strassenweb.de\\\/nachrichten\\\/55-jahre-spaeter-ist-martha-stewarts-landhauskueche-aus-den-70er-jahren-immer-noch-der-aussergewoehnlichste-raum-den-wir-je-gesehen-haben\\\/#primaryimage\"},\"image\":{\"@id\":\"https:\\\/\\\/www.strassenweb.de\\\/nachrichten\\\/55-jahre-spaeter-ist-martha-stewarts-landhauskueche-aus-den-70er-jahren-immer-noch-der-aussergewoehnlichste-raum-den-wir-je-gesehen-haben\\\/#primaryimage\"},\"thumbnailUrl\":\"https:\\\/\\\/www.strassenweb.de\\\/nachrichten\\\/wp-content\\\/uploads\\\/2025\\\/11\\\/55-Jahre-spaeter-ist-Martha-Stewarts-Landhauskueche-aus-den-70er-Jahren.jpg\",\"datePublished\":\"2025-11-15T05:39:26+00:00\",\"dateModified\":\"2025-11-15T05:39:27+00:00\",\"breadcrumb\":{\"@id\":\"https:\\\/\\\/www.strassenweb.de\\\/nachrichten\\\/55-jahre-spaeter-ist-martha-stewarts-landhauskueche-aus-den-70er-jahren-immer-noch-der-aussergewoehnlichste-raum-den-wir-je-gesehen-haben\\\/#breadcrumb\"},\"inLanguage\":\"de\",\"potentialAction\":[{\"@type\":\"ReadAction\",\"target\":[\"https:\\\/\\\/www.strassenweb.de\\\/nachrichten\\\/55-jahre-spaeter-ist-martha-stewarts-landhauskueche-aus-den-70er-jahren-immer-noch-der-aussergewoehnlichste-raum-den-wir-je-gesehen-haben\\\/\"]}]},{\"@type\":\"ImageObject\",\"inLanguage\":\"de\",\"@id\":\"https:\\\/\\\/www.strassenweb.de\\\/nachrichten\\\/55-jahre-spaeter-ist-martha-stewarts-landhauskueche-aus-den-70er-jahren-immer-noch-der-aussergewoehnlichste-raum-den-wir-je-gesehen-haben\\\/#primaryimage\",\"url\":\"https:\\\/\\\/www.strassenweb.de\\\/nachrichten\\\/wp-content\\\/uploads\\\/2025\\\/11\\\/55-Jahre-spaeter-ist-Martha-Stewarts-Landhauskueche-aus-den-70er-Jahren.jpg\",\"contentUrl\":\"https:\\\/\\\/www.strassenweb.de\\\/nachrichten\\\/wp-content\\\/uploads\\\/2025\\\/11\\\/55-Jahre-spaeter-ist-Martha-Stewarts-Landhauskueche-aus-den-70er-Jahren.jpg\",\"width\":1600,\"height\":900,\"caption\":\"martha stewart in her 70s kitchen\"},{\"@type\":\"BreadcrumbList\",\"@id\":\"https:\\\/\\\/www.strassenweb.de\\\/nachrichten\\\/55-jahre-spaeter-ist-martha-stewarts-landhauskueche-aus-den-70er-jahren-immer-noch-der-aussergewoehnlichste-raum-den-wir-je-gesehen-haben\\\/#breadcrumb\",\"itemListElement\":[{\"@type\":\"ListItem\",\"position\":1,\"name\":\"Home\",\"item\":\"https:\\\/\\\/www.strassenweb.de\\\/nachrichten\\\/\"},{\"@type\":\"ListItem\",\"position\":2,\"name\":\"55 Jahre sp\u00e4ter ist Martha Stewarts Landhausk\u00fcche aus den 70er-Jahren immer noch der au\u00dfergew\u00f6hnlichste Raum, den wir je gesehen haben\"}]},{\"@type\":\"WebSite\",\"@id\":\"https:\\\/\\\/www.strassenweb.de\\\/nachrichten\\\/#website\",\"url\":\"https:\\\/\\\/www.strassenweb.de\\\/nachrichten\\\/\",\"name\":\"Stra\u00dfenweb\",\"description\":\"Stra\u00dfenverzeichnis f\u00fcr Deutschland\",\"publisher\":{\"@id\":\"https:\\\/\\\/www.strassenweb.de\\\/nachrichten\\\/#organization\"},\"potentialAction\":[{\"@type\":\"SearchAction\",\"target\":{\"@type\":\"EntryPoint\",\"urlTemplate\":\"https:\\\/\\\/www.strassenweb.de\\\/nachrichten\\\/?s={search_term_string}\"},\"query-input\":{\"@type\":\"PropertyValueSpecification\",\"valueRequired\":true,\"valueName\":\"search_term_string\"}}],\"inLanguage\":\"de\"},{\"@type\":\"Organization\",\"@id\":\"https:\\\/\\\/www.strassenweb.de\\\/nachrichten\\\/#organization\",\"name\":\"Stra\u00dfenweb\",\"url\":\"https:\\\/\\\/www.strassenweb.de\\\/nachrichten\\\/\",\"logo\":{\"@type\":\"ImageObject\",\"inLanguage\":\"de\",\"@id\":\"https:\\\/\\\/www.strassenweb.de\\\/nachrichten\\\/#\\\/schema\\\/logo\\\/image\\\/\",\"url\":\"https:\\\/\\\/www.strassenweb.de\\\/nachrichten\\\/wp-content\\\/uploads\\\/2024\\\/09\\\/cropped-favicon.png\",\"contentUrl\":\"https:\\\/\\\/www.strassenweb.de\\\/nachrichten\\\/wp-content\\\/uploads\\\/2024\\\/09\\\/cropped-favicon.png\",\"width\":512,\"height\":512,\"caption\":\"Stra\u00dfenweb\"},\"image\":{\"@id\":\"https:\\\/\\\/www.strassenweb.de\\\/nachrichten\\\/#\\\/schema\\\/logo\\\/image\\\/\"},\"sameAs\":[\"https:\\\/\\\/www.facebook.com\\\/strassenweb\\\/\"]},{\"@type\":\"Person\",\"@id\":\"https:\\\/\\\/www.strassenweb.de\\\/nachrichten\\\/#\\\/schema\\\/person\\\/87c9c9067f1211da429a744dc5a5aa41\",\"name\":\"Robert Hoffmann\",\"image\":{\"@type\":\"ImageObject\",\"inLanguage\":\"de\",\"@id\":\"https:\\\/\\\/www.strassenweb.de\\\/nachrichten\\\/wp-content\\\/uploads\\\/2024\\\/09\\\/strassenweb-150x150.jpg\",\"url\":\"https:\\\/\\\/www.strassenweb.de\\\/nachrichten\\\/wp-content\\\/uploads\\\/2024\\\/09\\\/strassenweb-150x150.jpg\",\"contentUrl\":\"https:\\\/\\\/www.strassenweb.de\\\/nachrichten\\\/wp-content\\\/uploads\\\/2024\\\/09\\\/strassenweb-150x150.jpg\",\"caption\":\"Robert Hoffmann\"},\"description\":\"Ich hei\u00dfe Robert Hoffmann und ich bin ein leidenschaftlicher Verfechter von \u00d6kologie und Biodiversit\u00e4t. Seit meiner Kindheit in den W\u00e4ldern Bayerns f\u00fchle ich mich mit der Natur verbunden und bin entschlossen, sie zu sch\u00fctzen. Heute widme ich mein Leben der Sensibilisierung anderer f\u00fcr die Bedeutung des Umweltschutzes f\u00fcr zuk\u00fcnftige Generationen.\",\"sameAs\":[\"https:\\\/\\\/www.strassenweb.de\\\/\"]}]}<\/script>\n<!-- \/ Yoast SEO plugin. -->","yoast_head_json":{"title":"55 Jahre sp\u00e4ter ist Martha Stewarts Landhausk\u00fcche aus den 70er-Jahren immer noch der au\u00dfergew\u00f6hnlichste Raum, den wir je gesehen haben - Nachrichten - Stra\u00dfenweb","robots":{"index":"index","follow":"follow","max-snippet":"max-snippet:-1","max-image-preview":"max-image-preview:large","max-video-preview":"max-video-preview:-1"},"canonical":"https:\/\/www.strassenweb.de\/nachrichten\/55-jahre-spaeter-ist-martha-stewarts-landhauskueche-aus-den-70er-jahren-immer-noch-der-aussergewoehnlichste-raum-den-wir-je-gesehen-haben\/","og_locale":"de_DE","og_type":"article","og_title":"55 Jahre sp\u00e4ter ist Martha Stewarts Landhausk\u00fcche aus den 70er-Jahren immer noch der au\u00dfergew\u00f6hnlichste Raum, den wir je gesehen haben - Nachrichten - Stra\u00dfenweb","og_description":"Die K\u00fcche ist das Herzst\u00fcck des Hauses, daher sind die besten K\u00fcchen voller Herz. Wenn das jemand wei\u00df, dann ist es Martha Stewart, die seit","og_url":"https:\/\/www.strassenweb.de\/nachrichten\/55-jahre-spaeter-ist-martha-stewarts-landhauskueche-aus-den-70er-jahren-immer-noch-der-aussergewoehnlichste-raum-den-wir-je-gesehen-haben\/","og_site_name":"Stra\u00dfenweb","article_publisher":"https:\/\/www.facebook.com\/strassenweb\/","article_published_time":"2025-11-15T05:39:26+00:00","article_modified_time":"2025-11-15T05:39:27+00:00","og_image":[{"width":1600,"height":900,"url":"https:\/\/www.strassenweb.de\/nachrichten\/wp-content\/uploads\/2025\/11\/55-Jahre-spaeter-ist-Martha-Stewarts-Landhauskueche-aus-den-70er-Jahren.jpg","type":"image\/jpeg"}],"author":"Robert Hoffmann","twitter_card":"summary_large_image","twitter_misc":{"Verfasst von":"Robert Hoffmann","Gesch\u00e4tzte Lesezeit":"2\u00a0Minuten"},"schema":{"@context":"https:\/\/schema.org","@graph":[{"@type":"Article","@id":"https:\/\/www.strassenweb.de\/nachrichten\/55-jahre-spaeter-ist-martha-stewarts-landhauskueche-aus-den-70er-jahren-immer-noch-der-aussergewoehnlichste-raum-den-wir-je-gesehen-haben\/#article","isPartOf":{"@id":"https:\/\/www.strassenweb.de\/nachrichten\/55-jahre-spaeter-ist-martha-stewarts-landhauskueche-aus-den-70er-jahren-immer-noch-der-aussergewoehnlichste-raum-den-wir-je-gesehen-haben\/"},"author":{"name":"Robert Hoffmann","@id":"https:\/\/www.strassenweb.de\/nachrichten\/#\/schema\/person\/87c9c9067f1211da429a744dc5a5aa41"},"headline":"55 Jahre sp\u00e4ter ist Martha Stewarts Landhausk\u00fcche aus den 70er-Jahren immer noch der au\u00dfergew\u00f6hnlichste Raum, den wir je gesehen haben","datePublished":"2025-11-15T05:39:26+00:00","dateModified":"2025-11-15T05:39:27+00:00","mainEntityOfPage":{"@id":"https:\/\/www.strassenweb.de\/nachrichten\/55-jahre-spaeter-ist-martha-stewarts-landhauskueche-aus-den-70er-jahren-immer-noch-der-aussergewoehnlichste-raum-den-wir-je-gesehen-haben\/"},"wordCount":523,"publisher":{"@id":"https:\/\/www.strassenweb.de\/nachrichten\/#organization"},"image":{"@id":"https:\/\/www.strassenweb.de\/nachrichten\/55-jahre-spaeter-ist-martha-stewarts-landhauskueche-aus-den-70er-jahren-immer-noch-der-aussergewoehnlichste-raum-den-wir-je-gesehen-haben\/#primaryimage"},"thumbnailUrl":"https:\/\/www.strassenweb.de\/nachrichten\/wp-content\/uploads\/2025\/11\/55-Jahre-spaeter-ist-Martha-Stewarts-Landhauskueche-aus-den-70er-Jahren.jpg","keywords":["70erJahren","aus","au\u00dfergew\u00f6hnlichste","den","der","gesehen","haben","immer","ist","Jahre","Landhausk\u00fcche","Martha","noch","Raum","sp\u00e4ter","Stewarts","wir"],"articleSection":["Haus &amp; Garten"],"inLanguage":"de"},{"@type":"WebPage","@id":"https:\/\/www.strassenweb.de\/nachrichten\/55-jahre-spaeter-ist-martha-stewarts-landhauskueche-aus-den-70er-jahren-immer-noch-der-aussergewoehnlichste-raum-den-wir-je-gesehen-haben\/","url":"https:\/\/www.strassenweb.de\/nachrichten\/55-jahre-spaeter-ist-martha-stewarts-landhauskueche-aus-den-70er-jahren-immer-noch-der-aussergewoehnlichste-raum-den-wir-je-gesehen-haben\/","name":"55 Jahre sp\u00e4ter ist Martha Stewarts Landhausk\u00fcche aus den 70er-Jahren immer noch der au\u00dfergew\u00f6hnlichste Raum, den wir je gesehen haben - Nachrichten - Stra\u00dfenweb","isPartOf":{"@id":"https:\/\/www.strassenweb.de\/nachrichten\/#website"},"primaryImageOfPage":{"@id":"https:\/\/www.strassenweb.de\/nachrichten\/55-jahre-spaeter-ist-martha-stewarts-landhauskueche-aus-den-70er-jahren-immer-noch-der-aussergewoehnlichste-raum-den-wir-je-gesehen-haben\/#primaryimage"},"image":{"@id":"https:\/\/www.strassenweb.de\/nachrichten\/55-jahre-spaeter-ist-martha-stewarts-landhauskueche-aus-den-70er-jahren-immer-noch-der-aussergewoehnlichste-raum-den-wir-je-gesehen-haben\/#primaryimage"},"thumbnailUrl":"https:\/\/www.strassenweb.de\/nachrichten\/wp-content\/uploads\/2025\/11\/55-Jahre-spaeter-ist-Martha-Stewarts-Landhauskueche-aus-den-70er-Jahren.jpg","datePublished":"2025-11-15T05:39:26+00:00","dateModified":"2025-11-15T05:39:27+00:00","breadcrumb":{"@id":"https:\/\/www.strassenweb.de\/nachrichten\/55-jahre-spaeter-ist-martha-stewarts-landhauskueche-aus-den-70er-jahren-immer-noch-der-aussergewoehnlichste-raum-den-wir-je-gesehen-haben\/#breadcrumb"},"inLanguage":"de","potentialAction":[{"@type":"ReadAction","target":["https:\/\/www.strassenweb.de\/nachrichten\/55-jahre-spaeter-ist-martha-stewarts-landhauskueche-aus-den-70er-jahren-immer-noch-der-aussergewoehnlichste-raum-den-wir-je-gesehen-haben\/"]}]},{"@type":"ImageObject","inLanguage":"de","@id":"https:\/\/www.strassenweb.de\/nachrichten\/55-jahre-spaeter-ist-martha-stewarts-landhauskueche-aus-den-70er-jahren-immer-noch-der-aussergewoehnlichste-raum-den-wir-je-gesehen-haben\/#primaryimage","url":"https:\/\/www.strassenweb.de\/nachrichten\/wp-content\/uploads\/2025\/11\/55-Jahre-spaeter-ist-Martha-Stewarts-Landhauskueche-aus-den-70er-Jahren.jpg","contentUrl":"https:\/\/www.strassenweb.de\/nachrichten\/wp-content\/uploads\/2025\/11\/55-Jahre-spaeter-ist-Martha-Stewarts-Landhauskueche-aus-den-70er-Jahren.jpg","width":1600,"height":900,"caption":"martha stewart in her 70s kitchen"},{"@type":"BreadcrumbList","@id":"https:\/\/www.strassenweb.de\/nachrichten\/55-jahre-spaeter-ist-martha-stewarts-landhauskueche-aus-den-70er-jahren-immer-noch-der-aussergewoehnlichste-raum-den-wir-je-gesehen-haben\/#breadcrumb","itemListElement":[{"@type":"ListItem","position":1,"name":"Home","item":"https:\/\/www.strassenweb.de\/nachrichten\/"},{"@type":"ListItem","position":2,"name":"55 Jahre sp\u00e4ter ist Martha Stewarts Landhausk\u00fcche aus den 70er-Jahren immer noch der au\u00dfergew\u00f6hnlichste Raum, den wir je gesehen haben"}]},{"@type":"WebSite","@id":"https:\/\/www.strassenweb.de\/nachrichten\/#website","url":"https:\/\/www.strassenweb.de\/nachrichten\/","name":"Stra\u00dfenweb","description":"Stra\u00dfenverzeichnis f\u00fcr Deutschland","publisher":{"@id":"https:\/\/www.strassenweb.de\/nachrichten\/#organization"},"potentialAction":[{"@type":"SearchAction","target":{"@type":"EntryPoint","urlTemplate":"https:\/\/www.strassenweb.de\/nachrichten\/?s={search_term_string}"},"query-input":{"@type":"PropertyValueSpecification","valueRequired":true,"valueName":"search_term_string"}}],"inLanguage":"de"},{"@type":"Organization","@id":"https:\/\/www.strassenweb.de\/nachrichten\/#organization","name":"Stra\u00dfenweb","url":"https:\/\/www.strassenweb.de\/nachrichten\/","logo":{"@type":"ImageObject","inLanguage":"de","@id":"https:\/\/www.strassenweb.de\/nachrichten\/#\/schema\/logo\/image\/","url":"https:\/\/www.strassenweb.de\/nachrichten\/wp-content\/uploads\/2024\/09\/cropped-favicon.png","contentUrl":"https:\/\/www.strassenweb.de\/nachrichten\/wp-content\/uploads\/2024\/09\/cropped-favicon.png","width":512,"height":512,"caption":"Stra\u00dfenweb"},"image":{"@id":"https:\/\/www.strassenweb.de\/nachrichten\/#\/schema\/logo\/image\/"},"sameAs":["https:\/\/www.facebook.com\/strassenweb\/"]},{"@type":"Person","@id":"https:\/\/www.strassenweb.de\/nachrichten\/#\/schema\/person\/87c9c9067f1211da429a744dc5a5aa41","name":"Robert Hoffmann","image":{"@type":"ImageObject","inLanguage":"de","@id":"https:\/\/www.strassenweb.de\/nachrichten\/wp-content\/uploads\/2024\/09\/strassenweb-150x150.jpg","url":"https:\/\/www.strassenweb.de\/nachrichten\/wp-content\/uploads\/2024\/09\/strassenweb-150x150.jpg","contentUrl":"https:\/\/www.strassenweb.de\/nachrichten\/wp-content\/uploads\/2024\/09\/strassenweb-150x150.jpg","caption":"Robert Hoffmann"},"description":"Ich hei\u00dfe Robert Hoffmann und ich bin ein leidenschaftlicher Verfechter von \u00d6kologie und Biodiversit\u00e4t. Seit meiner Kindheit in den W\u00e4ldern Bayerns f\u00fchle ich mich mit der Natur verbunden und bin entschlossen, sie zu sch\u00fctzen. Heute widme ich mein Leben der Sensibilisierung anderer f\u00fcr die Bedeutung des Umweltschutzes f\u00fcr zuk\u00fcnftige Generationen.","sameAs":["https:\/\/www.strassenweb.de\/"]}]}},"_links":{"self":[{"href":"https:\/\/www.strassenweb.de\/nachrichten\/wp-json\/wp\/v2\/posts\/9179","targetHints":{"allow":["GET"]}}],"collection":[{"href":"https:\/\/www.strassenweb.de\/nachrichten\/wp-json\/wp\/v2\/posts"}],"about":[{"href":"https:\/\/www.strassenweb.de\/nachrichten\/wp-json\/wp\/v2\/types\/post"}],"author":[{"embeddable":true,"href":"https:\/\/www.strassenweb.de\/nachrichten\/wp-json\/wp\/v2\/users\/1"}],"replies":[{"embeddable":true,"href":"https:\/\/www.strassenweb.de\/nachrichten\/wp-json\/wp\/v2\/comments?post=9179"}],"version-history":[{"count":0,"href":"https:\/\/www.strassenweb.de\/nachrichten\/wp-json\/wp\/v2\/posts\/9179\/revisions"}],"wp:featuredmedia":[{"embeddable":true,"href":"https:\/\/www.strassenweb.de\/nachrichten\/wp-json\/wp\/v2\/media\/9180"}],"wp:attachment":[{"href":"https:\/\/www.strassenweb.de\/nachrichten\/wp-json\/wp\/v2\/media?parent=9179"}],"wp:term":[{"taxonomy":"category","embeddable":true,"href":"https:\/\/www.strassenweb.de\/nachrichten\/wp-json\/wp\/v2\/categories?post=9179"},{"taxonomy":"post_tag","embeddable":true,"href":"https:\/\/www.strassenweb.de\/nachrichten\/wp-json\/wp\/v2\/tags?post=9179"}],"curies":[{"name":"wp","href":"https:\/\/api.w.org\/{rel}","templated":true}]}}