{"id":9165,"date":"2025-11-14T16:39:25","date_gmt":"2025-11-14T15:39:25","guid":{"rendered":"https:\/\/www.strassenweb.de\/nachrichten\/rewilding-wohltaetigkeitsorganisation-startet-missing-species-programm-fuer\/"},"modified":"2025-11-14T16:39:25","modified_gmt":"2025-11-14T15:39:25","slug":"rewilding-wohltaetigkeitsorganisation-startet-missing-species-programm-fuer","status":"publish","type":"post","link":"https:\/\/www.strassenweb.de\/nachrichten\/rewilding-wohltaetigkeitsorganisation-startet-missing-species-programm-fuer\/","title":{"rendered":"Rewilding-Wohlt\u00e4tigkeitsorganisation startet Missing Species-Programm f\u00fcr&#8230;"},"content":{"rendered":"<h4 class=\"wp-block-heading\">Die R\u00fcckkehr von vier \u201eArchitekten der Wildnis\u201c \u2013 Luchs, Biber, Eichh\u00f6rnchen und heutiger Auerochse \u2013 wird Landschaften, Klima und Gemeinschaften zugute kommen, sagt Trees for Life<\/h4>\n<p>Trees for Life startet ein bahnbrechendes Missing Species Program, um vier der verlorenen Schl\u00fcsseltiere Schottlands \u2013 Luchse, Biber, Eichh\u00f6rnchen und heutige Auerochsen \u2013 in die schottischen Highlands zur\u00fcckzubringen.<\/p>\n<p>Die Pl\u00e4ne zielen darauf ab, die Natur- und Klimanotf\u00e4lle zu bew\u00e4ltigen und gleichzeitig erhebliche Vorteile f\u00fcr die Gemeinden zu schaffen, unter anderem durch Naturtourismus, sagt die Wiederaufbau-Wohlt\u00e4tigkeitsorganisation.<\/p>\n<p>Dieses ehrgeizige Programm wird 3,6 Millionen Pfund ben\u00f6tigen, um die ersten f\u00fcnf Jahre zu finanzieren und seine Ziele zu erreichen, einschlie\u00dflich detaillierter Lebensraumbewertungen und Engagement der Gemeinschaft, um die strengen Lizenzanforderungen Schottlands zu erf\u00fcllen.<\/p>\n<p>Neben einem in diesem Monat gestarteten Unterst\u00fctzeraufruf, um zun\u00e4chst 25.000 \u00a3 f\u00fcr den Start der Initiative zu sammeln, wendet sich Trees for Life an wichtige Geldgeber \u2013 darunter Einzelpersonen, Unternehmen, Stiftungen und Zuschussgeber \u2013, um bei der Finanzierung des ehrgeizigen neuen Programms zu helfen.<\/p>\n<p>Schl\u00fcsselarten spielen eine entscheidende Rolle f\u00fcr gesunde \u00d6kosysteme. Viele dieser Arten fehlen heute vollst\u00e4ndig oder gr\u00f6\u00dftenteils in Schottland, einem der am st\u00e4rksten von der Natur bedrohten L\u00e4nder der Welt, wo jahrhundertelange Verfolgung und Zerst\u00f6rung von Lebensr\u00e4umen zu lokalem Aussterben oder schwerwiegenden R\u00fcckg\u00e4ngen gef\u00fchrt haben.<\/p>\n<p>\u201eIndem wir das waldpflanzende rote Eichh\u00f6rnchen, den \u00dcberschwemmungsschutzbiber, den Hirsch verwaltenden Luchs und den landschaftsgestaltenden Auerochsen durch ihren heutigen Nachkommen, die Tauros, zur\u00fcckbringen, k\u00f6nnen wir die Natur in gro\u00dfem Ma\u00dfstab wiederherstellen und den Highlands neues Leben einhauchen, sodass Menschen und Wildtiere gemeinsam gedeihen k\u00f6nnen\u201c, sagte Steve Micklewright, Gesch\u00e4ftsf\u00fchrer von Trees for Life.<\/p>\n<p>\u201eBei der R\u00fcckkehr dieser vier wichtigen, sorgf\u00e4ltig ausgew\u00e4hlten Architekten der Wildnis geht es darum, die nat\u00fcrlichen Motoren der schottischen \u00d6kosysteme wieder in Gang zu bringen \u2013 die Artenvielfalt, den Klimaschutz und die lokale Wirtschaft zu f\u00f6rdern und den Menschen die M\u00f6glichkeit zu geben, das Wunder einer wilderen Landschaft zu entdecken. Die Highlands k\u00f6nnen zu einem Hoffnungstr\u00e4ger im Kampf gegen das Aussterben und den Verlust der Tierwelt werden.\u201c<\/p>\n<p>Laut Trees for Life ist es von entscheidender Bedeutung, ein erfolgreiches Zusammenleben zwischen Wildtieren und Menschen sicherzustellen. Dazu geh\u00f6ren gr\u00fcndliche Community-Diskussionen, Managementma\u00dfnahmen und die Sicherstellung, dass die Menschen vor Ort die sozialen und wirtschaftlichen Vorteile genie\u00dfen k\u00f6nnen.<\/p>\n<p>F\u00fcr eine erfolgreiche Wiederansiedlung von Arten in Schottland sind umfangreiche technische Arbeiten erforderlich, darunter Lebensraumbewertungen und die Einbindung von Interessengruppen, wobei die von NatureScot, Schottlands Naturbeh\u00f6rde, festgelegten Standards eingehalten werden m\u00fcssen. Dadurch kann sich die Natur erholen, gleichzeitig wird das Zusammenleben von Menschen und Wildtieren gef\u00f6rdert und sichergestellt, dass jede Art ihren rechtm\u00e4\u00dfigen Platz findet.<\/p>\n<p>Biber schaffen Feuchtgebiete, die der Tierwelt Nahrung bieten, Wasser reinigen und \u00dcberschwemmungen reduzieren. Manchmal kann die Art Probleme f\u00fcr landwirtschaftliche Fl\u00e4chen verursachen, die jedoch normalerweise bewirtschaftet werden k\u00f6nnen. Der Biber wurde 2009 offiziell in Schottland wieder angesiedelt, nachdem er vor 400 Jahren durch die Jagd bis zur Ausrottung ausgerottet worden war. Er ist nur an wenigen Standorten wieder heimisch und fehlt in vielen geeigneten Lebensr\u00e4umen.<\/p>\n<p>Ein Partnerschaftsprojekt von Trees for Life und Forestry and Land Scotland f\u00fchrte im Oktober zur historischen Wiederansiedlung von Bibern in Glen Affric. In einer Community-Diskussion von Trees for Life und Beaver Trust wird das Potenzial f\u00fcr die R\u00fcckkehr von Bibern in die Gegend von Loch Ness untersucht.<\/p>\n<p>Der waldbewohnende Eurasische Luchs ist schwer zu fassen und stellt keine Gefahr f\u00fcr den Menschen dar. Er jagt Hirsche und erg\u00e4nzt andere Methoden zur Beherrschung der Hirschbest\u00e4nde \u2013 so k\u00f6nnen mehr junge B\u00e4ume \u00fcberleben und W\u00e4lder regenerieren. Schottland \u2013 wo der Luchs im Mittelalter ausgestorben ist \u2013 ist eines der wenigen L\u00e4nder im Verbreitungsgebiet dieser Art, in denen er noch immer fehlt.<\/p>\n<p>Untersuchungen zeigen, dass die Highlands einen Lebensraum f\u00fcr eine Brutpopulation von 250 Luchsen bieten. Im Rahmen der Lynx-to-Scotland-Partnerschaft hat Trees for Life f\u00fcnf Jahre lang mit verschiedenen Interessengruppen zusammengearbeitet, um zu bewerten, was eine offizielle Wiederansiedlung mit sich bringen k\u00f6nnte, von der Sch\u00e4ferei bis hin zu den Vorteilen f\u00fcr den \u00d6kotourismus, und bereitet sich auf weitere lokale Diskussionen im Jahr 2026 vor.<\/p>\n<p>Tauros gelten als Hausrinder, es gibt jedoch keine gleichwertige Rasse. Sie wurden von Wissenschaftlern in den Niederlanden \u201er\u00fcckgez\u00fcchtet\u201c, um den alten Auerochsen so \u00e4hnlich wie m\u00f6glich zu sein \u2013 den wilden Vorfahren aller Hausrinder, die \u00fcber Jahrtausende hinweg eine entscheidende Rolle bei der Gestaltung von Landschaften und der Verbesserung der Artenvielfalt in ganz Europa, einschlie\u00dflich Schottland, spielten.<\/p>\n<p>Trees for Life f\u00fchrt auf seinem 4.000 Hektar gro\u00dfen Dundreggan-Anwesen in der N\u00e4he von Loch Ness Untersuchungen durch, um festzustellen, ob es sich dabei um die erste Ansiedlung einer Tauros-Herde in Gro\u00dfbritannien handeln w\u00fcrde \u2013 was die Wiederansiedlung des Auerochsen vier Jahrhunderte nach seinem Aussterben bedeuten w\u00fcrde.<\/p>\n<p>Europ\u00e4ische Untersuchungen zeigen, dass Tauros, die gr\u00f6\u00dfer und aktiver sind als andere Rinder, durch ihre starke Weidewirkung, ihre schiere Gr\u00f6\u00dfe und ihr Verhalten zur Schaffung reicherer Lebensr\u00e4ume beitragen. Bullen k\u00f6nnen bis zu 180 cm und K\u00fche eine Schulterh\u00f6he von 150 cm erreichen. In Dundreggan w\u00fcrde ihre Rolle bei der \u00f6kologischen Wiederherstellung wissenschaftlich untersucht.<\/p>\n<p>Rote Eichh\u00f6rnchen waren im Vereinigten K\u00f6nigreich durch den historischen Verlust ihres Lebensraums und die Verfolgung durch Menschen vom Aussterben bedroht. Sch\u00e4tzungen zufolge liegt die Zahl heute zwischen 160.000 und 287.000. Ihre Erholung ist immer noch gef\u00e4hrdet aufgrund der Konkurrenz und der Ausbreitung eines t\u00f6dlichen Virus durch nicht heimische Grauschimmelarten.<\/p>\n<p>In weiten Teilen der Highlands, einer ihrer letzten Bastionen, werden die Roten noch immer vermisst. Trees for Life hat Rotwild in W\u00e4lder in den n\u00f6rdlichen Highlands umgesiedelt, die die Tiere aus eigener Kraft nicht erreichen k\u00f6nnen \u2013 und so bisher 13 neue und bl\u00fchende Populationen gegr\u00fcndet.<\/p>\n<p>Die Wohlt\u00e4tigkeitsorganisation untersucht M\u00f6glichkeiten, weitere neue Populationen von Rott\u00f6nen zu schaffen, die wiederum die nat\u00fcrliche Regeneration von W\u00e4ldern unterst\u00fctzen, indem sie Baumsamen wie Eicheln und Haseln\u00fcsse vergraben. <\/p>\n<p>Weitere Informationen finden Sie untertreesforlife.org.uk\/missing-species.<\/p>\n<p><em>Foto: Erster Biber wird in Glen Affric freigelassen, \u00a9 Trees for Life<\/em><\/p>\n","protected":false},"excerpt":{"rendered":"<p>Die R\u00fcckkehr von vier \u201eArchitekten der Wildnis\u201c \u2013 Luchs, Biber, Eichh\u00f6rnchen und heutiger Auerochse \u2013 wird Landschaften, Klima und Gemeinschaften zugute kommen, sagt Trees for<\/p>\n","protected":false},"author":1,"featured_media":9166,"comment_status":"closed","ping_status":"","sticky":false,"template":"","format":"standard","meta":{"footnotes":""},"categories":[101],"tags":[55,11480,11479,11481,2908],"class_list":["post-9165","post","type-post","status-publish","format-standard","has-post-thumbnail","hentry","category-oekologie","tag-fuer","tag-missing","tag-rewildingwohltaetigkeitsorganisation","tag-speciesprogramm","tag-startet","generate-columns","tablet-grid-50","mobile-grid-100","grid-parent","grid-50"],"yoast_head":"<!-- This site is optimized with the Yoast SEO plugin v27.3 - https:\/\/yoast.com\/product\/yoast-seo-wordpress\/ -->\n<title>Rewilding-Wohlt\u00e4tigkeitsorganisation startet Missing Species-Programm f\u00fcr... - Nachrichten - Stra\u00dfenweb<\/title>\n<meta name=\"robots\" content=\"index, follow, max-snippet:-1, max-image-preview:large, max-video-preview:-1\" \/>\n<link rel=\"canonical\" href=\"https:\/\/www.strassenweb.de\/nachrichten\/rewilding-wohltaetigkeitsorganisation-startet-missing-species-programm-fuer\/\" \/>\n<meta property=\"og:locale\" content=\"de_DE\" \/>\n<meta property=\"og:type\" content=\"article\" \/>\n<meta property=\"og:title\" content=\"Rewilding-Wohlt\u00e4tigkeitsorganisation startet Missing Species-Programm f\u00fcr... - Nachrichten - Stra\u00dfenweb\" \/>\n<meta property=\"og:description\" content=\"Die R\u00fcckkehr von vier \u201eArchitekten der Wildnis\u201c \u2013 Luchs, Biber, Eichh\u00f6rnchen und heutiger Auerochse \u2013 wird Landschaften, Klima und Gemeinschaften zugute kommen, sagt Trees for\" \/>\n<meta property=\"og:url\" content=\"https:\/\/www.strassenweb.de\/nachrichten\/rewilding-wohltaetigkeitsorganisation-startet-missing-species-programm-fuer\/\" \/>\n<meta property=\"og:site_name\" content=\"Stra\u00dfenweb\" \/>\n<meta property=\"article:publisher\" content=\"https:\/\/www.facebook.com\/strassenweb\/\" \/>\n<meta property=\"article:published_time\" content=\"2025-11-14T15:39:25+00:00\" \/>\n<meta property=\"og:image\" content=\"https:\/\/www.strassenweb.de\/nachrichten\/wp-content\/uploads\/2025\/11\/Rewilding-Wohltaetigkeitsorganisation-startet-Missing-Species-Programm-fuer.jpg\" \/>\n\t<meta property=\"og:image:width\" content=\"900\" \/>\n\t<meta property=\"og:image:height\" content=\"600\" \/>\n\t<meta property=\"og:image:type\" content=\"image\/jpeg\" \/>\n<meta name=\"author\" content=\"Robert Hoffmann\" \/>\n<meta name=\"twitter:card\" content=\"summary_large_image\" \/>\n<meta name=\"twitter:label1\" content=\"Verfasst von\" \/>\n\t<meta name=\"twitter:data1\" content=\"Robert Hoffmann\" \/>\n\t<meta name=\"twitter:label2\" content=\"Gesch\u00e4tzte Lesezeit\" \/>\n\t<meta name=\"twitter:data2\" content=\"5\u00a0Minuten\" \/>\n<script type=\"application\/ld+json\" class=\"yoast-schema-graph\">{\"@context\":\"https:\\\/\\\/schema.org\",\"@graph\":[{\"@type\":\"Article\",\"@id\":\"https:\\\/\\\/www.strassenweb.de\\\/nachrichten\\\/rewilding-wohltaetigkeitsorganisation-startet-missing-species-programm-fuer\\\/#article\",\"isPartOf\":{\"@id\":\"https:\\\/\\\/www.strassenweb.de\\\/nachrichten\\\/rewilding-wohltaetigkeitsorganisation-startet-missing-species-programm-fuer\\\/\"},\"author\":{\"name\":\"Robert Hoffmann\",\"@id\":\"https:\\\/\\\/www.strassenweb.de\\\/nachrichten\\\/#\\\/schema\\\/person\\\/87c9c9067f1211da429a744dc5a5aa41\"},\"headline\":\"Rewilding-Wohlt\u00e4tigkeitsorganisation startet Missing Species-Programm f\u00fcr&#8230;\",\"datePublished\":\"2025-11-14T15:39:25+00:00\",\"mainEntityOfPage\":{\"@id\":\"https:\\\/\\\/www.strassenweb.de\\\/nachrichten\\\/rewilding-wohltaetigkeitsorganisation-startet-missing-species-programm-fuer\\\/\"},\"wordCount\":1037,\"publisher\":{\"@id\":\"https:\\\/\\\/www.strassenweb.de\\\/nachrichten\\\/#organization\"},\"image\":{\"@id\":\"https:\\\/\\\/www.strassenweb.de\\\/nachrichten\\\/rewilding-wohltaetigkeitsorganisation-startet-missing-species-programm-fuer\\\/#primaryimage\"},\"thumbnailUrl\":\"https:\\\/\\\/www.strassenweb.de\\\/nachrichten\\\/wp-content\\\/uploads\\\/2025\\\/11\\\/Rewilding-Wohltaetigkeitsorganisation-startet-Missing-Species-Programm-fuer.jpg\",\"keywords\":[\"f\u00fcr\",\"Missing\",\"RewildingWohlt\u00e4tigkeitsorganisation\",\"SpeciesProgramm\",\"startet\"],\"articleSection\":[\"\u00d6kologie\"],\"inLanguage\":\"de\"},{\"@type\":\"WebPage\",\"@id\":\"https:\\\/\\\/www.strassenweb.de\\\/nachrichten\\\/rewilding-wohltaetigkeitsorganisation-startet-missing-species-programm-fuer\\\/\",\"url\":\"https:\\\/\\\/www.strassenweb.de\\\/nachrichten\\\/rewilding-wohltaetigkeitsorganisation-startet-missing-species-programm-fuer\\\/\",\"name\":\"Rewilding-Wohlt\u00e4tigkeitsorganisation startet Missing Species-Programm f\u00fcr... - Nachrichten - Stra\u00dfenweb\",\"isPartOf\":{\"@id\":\"https:\\\/\\\/www.strassenweb.de\\\/nachrichten\\\/#website\"},\"primaryImageOfPage\":{\"@id\":\"https:\\\/\\\/www.strassenweb.de\\\/nachrichten\\\/rewilding-wohltaetigkeitsorganisation-startet-missing-species-programm-fuer\\\/#primaryimage\"},\"image\":{\"@id\":\"https:\\\/\\\/www.strassenweb.de\\\/nachrichten\\\/rewilding-wohltaetigkeitsorganisation-startet-missing-species-programm-fuer\\\/#primaryimage\"},\"thumbnailUrl\":\"https:\\\/\\\/www.strassenweb.de\\\/nachrichten\\\/wp-content\\\/uploads\\\/2025\\\/11\\\/Rewilding-Wohltaetigkeitsorganisation-startet-Missing-Species-Programm-fuer.jpg\",\"datePublished\":\"2025-11-14T15:39:25+00:00\",\"breadcrumb\":{\"@id\":\"https:\\\/\\\/www.strassenweb.de\\\/nachrichten\\\/rewilding-wohltaetigkeitsorganisation-startet-missing-species-programm-fuer\\\/#breadcrumb\"},\"inLanguage\":\"de\",\"potentialAction\":[{\"@type\":\"ReadAction\",\"target\":[\"https:\\\/\\\/www.strassenweb.de\\\/nachrichten\\\/rewilding-wohltaetigkeitsorganisation-startet-missing-species-programm-fuer\\\/\"]}]},{\"@type\":\"ImageObject\",\"inLanguage\":\"de\",\"@id\":\"https:\\\/\\\/www.strassenweb.de\\\/nachrichten\\\/rewilding-wohltaetigkeitsorganisation-startet-missing-species-programm-fuer\\\/#primaryimage\",\"url\":\"https:\\\/\\\/www.strassenweb.de\\\/nachrichten\\\/wp-content\\\/uploads\\\/2025\\\/11\\\/Rewilding-Wohltaetigkeitsorganisation-startet-Missing-Species-Programm-fuer.jpg\",\"contentUrl\":\"https:\\\/\\\/www.strassenweb.de\\\/nachrichten\\\/wp-content\\\/uploads\\\/2025\\\/11\\\/Rewilding-Wohltaetigkeitsorganisation-startet-Missing-Species-Programm-fuer.jpg\",\"width\":900,\"height\":600,\"caption\":\"Rewilding charity to launch Missing Species Programme for Scottish Highlands\"},{\"@type\":\"BreadcrumbList\",\"@id\":\"https:\\\/\\\/www.strassenweb.de\\\/nachrichten\\\/rewilding-wohltaetigkeitsorganisation-startet-missing-species-programm-fuer\\\/#breadcrumb\",\"itemListElement\":[{\"@type\":\"ListItem\",\"position\":1,\"name\":\"Home\",\"item\":\"https:\\\/\\\/www.strassenweb.de\\\/nachrichten\\\/\"},{\"@type\":\"ListItem\",\"position\":2,\"name\":\"Rewilding-Wohlt\u00e4tigkeitsorganisation startet Missing Species-Programm f\u00fcr&#8230;\"}]},{\"@type\":\"WebSite\",\"@id\":\"https:\\\/\\\/www.strassenweb.de\\\/nachrichten\\\/#website\",\"url\":\"https:\\\/\\\/www.strassenweb.de\\\/nachrichten\\\/\",\"name\":\"Stra\u00dfenweb\",\"description\":\"Stra\u00dfenverzeichnis f\u00fcr Deutschland\",\"publisher\":{\"@id\":\"https:\\\/\\\/www.strassenweb.de\\\/nachrichten\\\/#organization\"},\"potentialAction\":[{\"@type\":\"SearchAction\",\"target\":{\"@type\":\"EntryPoint\",\"urlTemplate\":\"https:\\\/\\\/www.strassenweb.de\\\/nachrichten\\\/?s={search_term_string}\"},\"query-input\":{\"@type\":\"PropertyValueSpecification\",\"valueRequired\":true,\"valueName\":\"search_term_string\"}}],\"inLanguage\":\"de\"},{\"@type\":\"Organization\",\"@id\":\"https:\\\/\\\/www.strassenweb.de\\\/nachrichten\\\/#organization\",\"name\":\"Stra\u00dfenweb\",\"url\":\"https:\\\/\\\/www.strassenweb.de\\\/nachrichten\\\/\",\"logo\":{\"@type\":\"ImageObject\",\"inLanguage\":\"de\",\"@id\":\"https:\\\/\\\/www.strassenweb.de\\\/nachrichten\\\/#\\\/schema\\\/logo\\\/image\\\/\",\"url\":\"https:\\\/\\\/www.strassenweb.de\\\/nachrichten\\\/wp-content\\\/uploads\\\/2024\\\/09\\\/cropped-favicon.png\",\"contentUrl\":\"https:\\\/\\\/www.strassenweb.de\\\/nachrichten\\\/wp-content\\\/uploads\\\/2024\\\/09\\\/cropped-favicon.png\",\"width\":512,\"height\":512,\"caption\":\"Stra\u00dfenweb\"},\"image\":{\"@id\":\"https:\\\/\\\/www.strassenweb.de\\\/nachrichten\\\/#\\\/schema\\\/logo\\\/image\\\/\"},\"sameAs\":[\"https:\\\/\\\/www.facebook.com\\\/strassenweb\\\/\"]},{\"@type\":\"Person\",\"@id\":\"https:\\\/\\\/www.strassenweb.de\\\/nachrichten\\\/#\\\/schema\\\/person\\\/87c9c9067f1211da429a744dc5a5aa41\",\"name\":\"Robert Hoffmann\",\"image\":{\"@type\":\"ImageObject\",\"inLanguage\":\"de\",\"@id\":\"https:\\\/\\\/www.strassenweb.de\\\/nachrichten\\\/wp-content\\\/uploads\\\/2024\\\/09\\\/strassenweb-150x150.jpg\",\"url\":\"https:\\\/\\\/www.strassenweb.de\\\/nachrichten\\\/wp-content\\\/uploads\\\/2024\\\/09\\\/strassenweb-150x150.jpg\",\"contentUrl\":\"https:\\\/\\\/www.strassenweb.de\\\/nachrichten\\\/wp-content\\\/uploads\\\/2024\\\/09\\\/strassenweb-150x150.jpg\",\"caption\":\"Robert Hoffmann\"},\"description\":\"Ich hei\u00dfe Robert Hoffmann und ich bin ein leidenschaftlicher Verfechter von \u00d6kologie und Biodiversit\u00e4t. Seit meiner Kindheit in den W\u00e4ldern Bayerns f\u00fchle ich mich mit der Natur verbunden und bin entschlossen, sie zu sch\u00fctzen. Heute widme ich mein Leben der Sensibilisierung anderer f\u00fcr die Bedeutung des Umweltschutzes f\u00fcr zuk\u00fcnftige Generationen.\",\"sameAs\":[\"https:\\\/\\\/www.strassenweb.de\\\/\"]}]}<\/script>\n<!-- \/ Yoast SEO plugin. -->","yoast_head_json":{"title":"Rewilding-Wohlt\u00e4tigkeitsorganisation startet Missing Species-Programm f\u00fcr... - Nachrichten - Stra\u00dfenweb","robots":{"index":"index","follow":"follow","max-snippet":"max-snippet:-1","max-image-preview":"max-image-preview:large","max-video-preview":"max-video-preview:-1"},"canonical":"https:\/\/www.strassenweb.de\/nachrichten\/rewilding-wohltaetigkeitsorganisation-startet-missing-species-programm-fuer\/","og_locale":"de_DE","og_type":"article","og_title":"Rewilding-Wohlt\u00e4tigkeitsorganisation startet Missing Species-Programm f\u00fcr... - Nachrichten - Stra\u00dfenweb","og_description":"Die R\u00fcckkehr von vier \u201eArchitekten der Wildnis\u201c \u2013 Luchs, Biber, Eichh\u00f6rnchen und heutiger Auerochse \u2013 wird Landschaften, Klima und Gemeinschaften zugute kommen, sagt Trees for","og_url":"https:\/\/www.strassenweb.de\/nachrichten\/rewilding-wohltaetigkeitsorganisation-startet-missing-species-programm-fuer\/","og_site_name":"Stra\u00dfenweb","article_publisher":"https:\/\/www.facebook.com\/strassenweb\/","article_published_time":"2025-11-14T15:39:25+00:00","og_image":[{"width":900,"height":600,"url":"https:\/\/www.strassenweb.de\/nachrichten\/wp-content\/uploads\/2025\/11\/Rewilding-Wohltaetigkeitsorganisation-startet-Missing-Species-Programm-fuer.jpg","type":"image\/jpeg"}],"author":"Robert Hoffmann","twitter_card":"summary_large_image","twitter_misc":{"Verfasst von":"Robert Hoffmann","Gesch\u00e4tzte Lesezeit":"5\u00a0Minuten"},"schema":{"@context":"https:\/\/schema.org","@graph":[{"@type":"Article","@id":"https:\/\/www.strassenweb.de\/nachrichten\/rewilding-wohltaetigkeitsorganisation-startet-missing-species-programm-fuer\/#article","isPartOf":{"@id":"https:\/\/www.strassenweb.de\/nachrichten\/rewilding-wohltaetigkeitsorganisation-startet-missing-species-programm-fuer\/"},"author":{"name":"Robert Hoffmann","@id":"https:\/\/www.strassenweb.de\/nachrichten\/#\/schema\/person\/87c9c9067f1211da429a744dc5a5aa41"},"headline":"Rewilding-Wohlt\u00e4tigkeitsorganisation startet Missing Species-Programm f\u00fcr&#8230;","datePublished":"2025-11-14T15:39:25+00:00","mainEntityOfPage":{"@id":"https:\/\/www.strassenweb.de\/nachrichten\/rewilding-wohltaetigkeitsorganisation-startet-missing-species-programm-fuer\/"},"wordCount":1037,"publisher":{"@id":"https:\/\/www.strassenweb.de\/nachrichten\/#organization"},"image":{"@id":"https:\/\/www.strassenweb.de\/nachrichten\/rewilding-wohltaetigkeitsorganisation-startet-missing-species-programm-fuer\/#primaryimage"},"thumbnailUrl":"https:\/\/www.strassenweb.de\/nachrichten\/wp-content\/uploads\/2025\/11\/Rewilding-Wohltaetigkeitsorganisation-startet-Missing-Species-Programm-fuer.jpg","keywords":["f\u00fcr","Missing","RewildingWohlt\u00e4tigkeitsorganisation","SpeciesProgramm","startet"],"articleSection":["\u00d6kologie"],"inLanguage":"de"},{"@type":"WebPage","@id":"https:\/\/www.strassenweb.de\/nachrichten\/rewilding-wohltaetigkeitsorganisation-startet-missing-species-programm-fuer\/","url":"https:\/\/www.strassenweb.de\/nachrichten\/rewilding-wohltaetigkeitsorganisation-startet-missing-species-programm-fuer\/","name":"Rewilding-Wohlt\u00e4tigkeitsorganisation startet Missing Species-Programm f\u00fcr... - Nachrichten - Stra\u00dfenweb","isPartOf":{"@id":"https:\/\/www.strassenweb.de\/nachrichten\/#website"},"primaryImageOfPage":{"@id":"https:\/\/www.strassenweb.de\/nachrichten\/rewilding-wohltaetigkeitsorganisation-startet-missing-species-programm-fuer\/#primaryimage"},"image":{"@id":"https:\/\/www.strassenweb.de\/nachrichten\/rewilding-wohltaetigkeitsorganisation-startet-missing-species-programm-fuer\/#primaryimage"},"thumbnailUrl":"https:\/\/www.strassenweb.de\/nachrichten\/wp-content\/uploads\/2025\/11\/Rewilding-Wohltaetigkeitsorganisation-startet-Missing-Species-Programm-fuer.jpg","datePublished":"2025-11-14T15:39:25+00:00","breadcrumb":{"@id":"https:\/\/www.strassenweb.de\/nachrichten\/rewilding-wohltaetigkeitsorganisation-startet-missing-species-programm-fuer\/#breadcrumb"},"inLanguage":"de","potentialAction":[{"@type":"ReadAction","target":["https:\/\/www.strassenweb.de\/nachrichten\/rewilding-wohltaetigkeitsorganisation-startet-missing-species-programm-fuer\/"]}]},{"@type":"ImageObject","inLanguage":"de","@id":"https:\/\/www.strassenweb.de\/nachrichten\/rewilding-wohltaetigkeitsorganisation-startet-missing-species-programm-fuer\/#primaryimage","url":"https:\/\/www.strassenweb.de\/nachrichten\/wp-content\/uploads\/2025\/11\/Rewilding-Wohltaetigkeitsorganisation-startet-Missing-Species-Programm-fuer.jpg","contentUrl":"https:\/\/www.strassenweb.de\/nachrichten\/wp-content\/uploads\/2025\/11\/Rewilding-Wohltaetigkeitsorganisation-startet-Missing-Species-Programm-fuer.jpg","width":900,"height":600,"caption":"Rewilding charity to launch Missing Species Programme for Scottish Highlands"},{"@type":"BreadcrumbList","@id":"https:\/\/www.strassenweb.de\/nachrichten\/rewilding-wohltaetigkeitsorganisation-startet-missing-species-programm-fuer\/#breadcrumb","itemListElement":[{"@type":"ListItem","position":1,"name":"Home","item":"https:\/\/www.strassenweb.de\/nachrichten\/"},{"@type":"ListItem","position":2,"name":"Rewilding-Wohlt\u00e4tigkeitsorganisation startet Missing Species-Programm f\u00fcr&#8230;"}]},{"@type":"WebSite","@id":"https:\/\/www.strassenweb.de\/nachrichten\/#website","url":"https:\/\/www.strassenweb.de\/nachrichten\/","name":"Stra\u00dfenweb","description":"Stra\u00dfenverzeichnis f\u00fcr Deutschland","publisher":{"@id":"https:\/\/www.strassenweb.de\/nachrichten\/#organization"},"potentialAction":[{"@type":"SearchAction","target":{"@type":"EntryPoint","urlTemplate":"https:\/\/www.strassenweb.de\/nachrichten\/?s={search_term_string}"},"query-input":{"@type":"PropertyValueSpecification","valueRequired":true,"valueName":"search_term_string"}}],"inLanguage":"de"},{"@type":"Organization","@id":"https:\/\/www.strassenweb.de\/nachrichten\/#organization","name":"Stra\u00dfenweb","url":"https:\/\/www.strassenweb.de\/nachrichten\/","logo":{"@type":"ImageObject","inLanguage":"de","@id":"https:\/\/www.strassenweb.de\/nachrichten\/#\/schema\/logo\/image\/","url":"https:\/\/www.strassenweb.de\/nachrichten\/wp-content\/uploads\/2024\/09\/cropped-favicon.png","contentUrl":"https:\/\/www.strassenweb.de\/nachrichten\/wp-content\/uploads\/2024\/09\/cropped-favicon.png","width":512,"height":512,"caption":"Stra\u00dfenweb"},"image":{"@id":"https:\/\/www.strassenweb.de\/nachrichten\/#\/schema\/logo\/image\/"},"sameAs":["https:\/\/www.facebook.com\/strassenweb\/"]},{"@type":"Person","@id":"https:\/\/www.strassenweb.de\/nachrichten\/#\/schema\/person\/87c9c9067f1211da429a744dc5a5aa41","name":"Robert Hoffmann","image":{"@type":"ImageObject","inLanguage":"de","@id":"https:\/\/www.strassenweb.de\/nachrichten\/wp-content\/uploads\/2024\/09\/strassenweb-150x150.jpg","url":"https:\/\/www.strassenweb.de\/nachrichten\/wp-content\/uploads\/2024\/09\/strassenweb-150x150.jpg","contentUrl":"https:\/\/www.strassenweb.de\/nachrichten\/wp-content\/uploads\/2024\/09\/strassenweb-150x150.jpg","caption":"Robert Hoffmann"},"description":"Ich hei\u00dfe Robert Hoffmann und ich bin ein leidenschaftlicher Verfechter von \u00d6kologie und Biodiversit\u00e4t. Seit meiner Kindheit in den W\u00e4ldern Bayerns f\u00fchle ich mich mit der Natur verbunden und bin entschlossen, sie zu sch\u00fctzen. Heute widme ich mein Leben der Sensibilisierung anderer f\u00fcr die Bedeutung des Umweltschutzes f\u00fcr zuk\u00fcnftige Generationen.","sameAs":["https:\/\/www.strassenweb.de\/"]}]}},"_links":{"self":[{"href":"https:\/\/www.strassenweb.de\/nachrichten\/wp-json\/wp\/v2\/posts\/9165","targetHints":{"allow":["GET"]}}],"collection":[{"href":"https:\/\/www.strassenweb.de\/nachrichten\/wp-json\/wp\/v2\/posts"}],"about":[{"href":"https:\/\/www.strassenweb.de\/nachrichten\/wp-json\/wp\/v2\/types\/post"}],"author":[{"embeddable":true,"href":"https:\/\/www.strassenweb.de\/nachrichten\/wp-json\/wp\/v2\/users\/1"}],"replies":[{"embeddable":true,"href":"https:\/\/www.strassenweb.de\/nachrichten\/wp-json\/wp\/v2\/comments?post=9165"}],"version-history":[{"count":0,"href":"https:\/\/www.strassenweb.de\/nachrichten\/wp-json\/wp\/v2\/posts\/9165\/revisions"}],"wp:featuredmedia":[{"embeddable":true,"href":"https:\/\/www.strassenweb.de\/nachrichten\/wp-json\/wp\/v2\/media\/9166"}],"wp:attachment":[{"href":"https:\/\/www.strassenweb.de\/nachrichten\/wp-json\/wp\/v2\/media?parent=9165"}],"wp:term":[{"taxonomy":"category","embeddable":true,"href":"https:\/\/www.strassenweb.de\/nachrichten\/wp-json\/wp\/v2\/categories?post=9165"},{"taxonomy":"post_tag","embeddable":true,"href":"https:\/\/www.strassenweb.de\/nachrichten\/wp-json\/wp\/v2\/tags?post=9165"}],"curies":[{"name":"wp","href":"https:\/\/api.w.org\/{rel}","templated":true}]}}