{"id":9156,"date":"2025-11-14T10:39:58","date_gmt":"2025-11-14T09:39:58","guid":{"rendered":"https:\/\/www.strassenweb.de\/nachrichten\/heissere-europaeische-sommer-bedeuten-eine-gefahr-fuer-zugvoegel\/"},"modified":"2025-11-14T10:39:59","modified_gmt":"2025-11-14T09:39:59","slug":"heissere-europaeische-sommer-bedeuten-eine-gefahr-fuer-zugvoegel","status":"publish","type":"post","link":"https:\/\/www.strassenweb.de\/nachrichten\/heissere-europaeische-sommer-bedeuten-eine-gefahr-fuer-zugvoegel\/","title":{"rendered":"Hei\u00dfere europ\u00e4ische Sommer bedeuten eine Gefahr f\u00fcr Zugv\u00f6gel"},"content":{"rendered":"<h5 class=\"wp-block-heading\">Neue Forschungsergebnisse, die heute vom British Trust for Ornithology (BTO) und der Durham University ver\u00f6ffentlicht wurden, legen nahe, dass viele Zugvogelarten Schwierigkeiten haben, sich an die Auswirkungen von Klimaver\u00e4nderungen anzupassen.<\/h5>\n<p>Der Klimawandel stellt eine gro\u00dfe Bedrohung f\u00fcr die Artenvielfalt dar, und Zugv\u00f6gel wie die Schwalbe und der Weidenrohrs\u00e4nger sind besonders gef\u00e4hrdet, was unter anderem darauf zur\u00fcckzuf\u00fchren ist, dass sie zu bestimmten Zeiten in ihrem Lebenszyklus auf zuverl\u00e4ssige Nahrungsquellen und geeignete Lebensr\u00e4ume in einem Netzwerk von Standorten angewiesen sind.<\/p>\n<p>Da bei vielen dieser Langstrecken-Vogelreisenden auf dem gesamten Kontinent ein Bev\u00f6lkerungsr\u00fcckgang zu verzeichnen war, wollten Forscher verstehen, wie Klimaver\u00e4nderungen zu diesem R\u00fcckgang beitragen k\u00f6nnten.<\/p>\n<p>Die Wissenschaftler konzentrierten sich auf mehr als 30 Vogelarten, die zwischen Afrika und Europa wandern, und untersuchten den Zustand der V\u00f6gel zu Schl\u00fcsselzeiten, um ihre F\u00e4higkeit zur Wanderung \u00fcber gro\u00dfe Entfernungen einzusch\u00e4tzen.<\/p>\n<p>Bevor diese V\u00f6gel lange und m\u00f6glicherweise gef\u00e4hrliche Reisen \u00fcber das Mittelmeer und dann durch die Sahara antreten, m\u00fcssen sie ihr Gewicht erheblich erh\u00f6hen, um diese Aufgaben mit bemerkenswerter Ausdauer zu bew\u00e4ltigen. Diese \u201ewandernde Treibstoffladung\u201c stellt sicher, dass die V\u00f6gel Tausende von Kilometern \u00fcber lebensfeindliche Umgebungen fliegen k\u00f6nnen, ohne anhalten und \u201eauftanken\u201c zu m\u00fcssen.        <\/p>\n<p>Diese wandernden Arten haben Strategien entwickelt, die es den V\u00f6geln erm\u00f6glichen, die saisonale Nahrungsverf\u00fcgbarkeit zu nutzen, und haben traditionelle Bewegungsmuster etabliert, um sich an diese Energiespitzen anzupassen.<\/p>\n<p>Aufgrund des Klimawandels k\u00f6nnten die traditionellen Migrationspl\u00e4ne, die zeitlich auf die Nahrungsverf\u00fcgbarkeit auf der Reise abgestimmt sind, nicht mehr \u00fcbereinstimmen. Der Klimawandel kann auch die allgemeine Nahrungsmittelverf\u00fcgbarkeit verringern, beispielsweise durch eine erh\u00f6hte D\u00fcrregefahr. Mit dem Klimawandel sind insbesondere in S\u00fcdeuropa immer hei\u00dfere Sommer zu beobachten. Kurz nach der Brutzeit m\u00fcssen sich viele Zugv\u00f6gel auf die lange und gef\u00e4hrliche Reise nach S\u00fcden nach Afrika begeben, wof\u00fcr sie in optimaler Verfassung sein m\u00fcssen.  <\/p>\n<p>Wissenschaftler nutzten Langzeitdaten zur Vogelberingung von 33 afropal\u00e4arktischen Zugvogelarten an 286 Standorten in ganz Europa, um zum ersten Mal in den letzten 40 Jahren einen gro\u00dffl\u00e4chigen R\u00fcckgang der wandernden Treibstofffrachten im Herbst nachzuweisen. Auch der Zeitpunkt der Herbstbetankung hat sich verschoben: Bei den V\u00f6geln, die im Norden nisten, erfolgt sie fr\u00fcher als bisher aufgezeichnet und bei den V\u00f6geln an den s\u00fcdlichen Standorten sp\u00e4ter.<\/p>\n<p>Diese Ver\u00e4nderungen sind wahrscheinlich auf \u00c4nderungen im Zeitpunkt, in der Menge und in der Qualit\u00e4t der Nahrungsressourcen zur\u00fcckzuf\u00fchren, die den Zugv\u00f6geln in ganz Europa zur Verf\u00fcgung stehen, und k\u00f6nnten schwerwiegende Auswirkungen auf wandernde Singv\u00f6gel haben. Jede Verringerung der Treibstoffbelastung durch die Migration k\u00f6nnte dazu f\u00fchren, dass mehr unserer Zugv\u00f6gel auf dem Zug sterben, bevor sie ihre afrikanischen \u00dcberwinterungsgebiete erreichen, entweder direkt durch Unterern\u00e4hrung oder indirekt durch die Verz\u00f6gerung des Zuges und das Risiko potenziell problematischer saisonaler Wetter\u00e4nderungen.<\/p>\n<p>Dar\u00fcber hinaus brachte die Analyse diese Verringerungen der wandernden Treibstoffbelastung mit dem Temperaturanstieg in Europa in den letzten vier Jahrzehnten in Verbindung, insbesondere im S\u00fcden. H\u00f6here Temperaturen rund um das Mittelmeer haben die H\u00e4ufigkeit von D\u00fcrren erh\u00f6ht, und Wissenschaftler gehen davon aus, dass dadurch die Qualit\u00e4t und Quantit\u00e4t der Nahrung in diesem kritischen Stadium sinken wird, die f\u00fcr die Weiterreise der V\u00f6gel \u00fcber das Meer und die W\u00fcste erforderlich ist.<\/p>\n<p><strong>Dr. Jennifer Border, leitende Forschungs\u00f6kologin am BTO, sagt<\/strong> \u201eDas Sammeln gro\u00dfr\u00e4umiger und langfristiger Daten \u00fcber den Zustand einzelner Tiere w\u00e4hrend des Zuges ist eine gro\u00dfe Herausforderung. Aber bei Zugv\u00f6geln verf\u00fcgen wir \u00fcber ein bestehendes Modellsystem, in dem ein gro\u00dfes Netzwerk von Vogelbeobachtern individuelle Daten zu K\u00f6rpergr\u00f6\u00dfe und -masse sammelt, wodurch Variationen im K\u00f6rperzustand verfolgt werden k\u00f6nnen. Die \u00fcber vier Jahrzehnte gesammelte Informationsmenge, an der Millionen von V\u00f6geln beteiligt waren, erm\u00f6glichte es uns, signifikante Ver\u00e4nderungen im Verhalten dieser V\u00f6gel zu beobachten.\u201c<\/p>\n<p><strong>Professor Stephen Willis von der Conservation Ecology Group an der Durham University, sagt <\/strong>\u201eUm besser zu verstehen, wie zuk\u00fcnftige Ver\u00e4nderungen, seien es Klima- oder Landnutzungs\u00e4nderungen, sich auf Zugv\u00f6gel auswirken, m\u00fcssen wir zun\u00e4chst bestimmen, was sich auf ihren K\u00f6rperzustand vor und w\u00e4hrend der Migration auswirkt. Die aktuelle Forschung ist ein wichtiger Schritt, um unser Verst\u00e4ndnis dar\u00fcber zu verbessern, was die Treibstoffbelastung eines Vogels vor einer Langstreckenwanderung beeinflusst.\u201c<\/p>\n<p><strong>Professor James Pearce-Higgins, BTO-Direktor f\u00fcr Wissenschaft, sagt<\/strong> \u201eDiese Studie deckt eine bisher verborgene Auswirkung des Klimawandels auf Zugvogelarten auf. Eine Verschlechterung des Zustands der V\u00f6gel in w\u00e4rmeren Jahren kann die F\u00e4higkeit von Zugv\u00f6geln, die Barrieren des Mittelmeers und der Sahara zu \u00fcberqueren, verringern, was ihr \u00dcberleben beeintr\u00e4chtigt und m\u00f6glicherweise zu einem langfristigen Bestandsr\u00fcckgang bei vielen unserer beliebten Arten, wie etwa der Schwalbe, beitr\u00e4gt.\u201c<\/p>\n<p><em>Bildnachweis: Swallow von Edmund Fellowes, BTO<\/em><\/p>\n","protected":false},"excerpt":{"rendered":"<p>Neue Forschungsergebnisse, die heute vom British Trust for Ornithology (BTO) und der Durham University ver\u00f6ffentlicht wurden, legen nahe, dass viele Zugvogelarten Schwierigkeiten haben, sich an<\/p>\n","protected":false},"author":1,"featured_media":9157,"comment_status":"closed","ping_status":"","sticky":false,"template":"","format":"standard","meta":{"footnotes":""},"categories":[101],"tags":[5215,74,7265,55,7097,11475,385,5810],"class_list":["post-9156","post","type-post","status-publish","format-standard","has-post-thumbnail","hentry","category-oekologie","tag-bedeuten","tag-eine","tag-europaeische","tag-fuer","tag-gefahr","tag-heissere","tag-sommer","tag-zugvoegel","generate-columns","tablet-grid-50","mobile-grid-100","grid-parent","grid-50"],"yoast_head":"<!-- This site is optimized with the Yoast SEO plugin v27.3 - https:\/\/yoast.com\/product\/yoast-seo-wordpress\/ -->\n<title>Hei\u00dfere europ\u00e4ische Sommer bedeuten eine Gefahr f\u00fcr Zugv\u00f6gel - Nachrichten - Stra\u00dfenweb<\/title>\n<meta name=\"robots\" content=\"index, follow, max-snippet:-1, max-image-preview:large, max-video-preview:-1\" \/>\n<link rel=\"canonical\" href=\"https:\/\/www.strassenweb.de\/nachrichten\/heissere-europaeische-sommer-bedeuten-eine-gefahr-fuer-zugvoegel\/\" \/>\n<meta property=\"og:locale\" content=\"de_DE\" \/>\n<meta property=\"og:type\" content=\"article\" \/>\n<meta property=\"og:title\" content=\"Hei\u00dfere europ\u00e4ische Sommer bedeuten eine Gefahr f\u00fcr Zugv\u00f6gel - Nachrichten - Stra\u00dfenweb\" \/>\n<meta property=\"og:description\" content=\"Neue Forschungsergebnisse, die heute vom British Trust for Ornithology (BTO) und der Durham University ver\u00f6ffentlicht wurden, legen nahe, dass viele Zugvogelarten Schwierigkeiten haben, sich an\" \/>\n<meta property=\"og:url\" content=\"https:\/\/www.strassenweb.de\/nachrichten\/heissere-europaeische-sommer-bedeuten-eine-gefahr-fuer-zugvoegel\/\" \/>\n<meta property=\"og:site_name\" content=\"Stra\u00dfenweb\" \/>\n<meta property=\"article:publisher\" content=\"https:\/\/www.facebook.com\/strassenweb\/\" \/>\n<meta property=\"article:published_time\" content=\"2025-11-14T09:39:58+00:00\" \/>\n<meta property=\"article:modified_time\" content=\"2025-11-14T09:39:59+00:00\" \/>\n<meta property=\"og:image\" content=\"https:\/\/www.strassenweb.de\/nachrichten\/wp-content\/uploads\/2025\/11\/Heissere-europaeische-Sommer-bedeuten-eine-Gefahr-fuer-Zugvoegel.jpg\" \/>\n\t<meta property=\"og:image:width\" content=\"900\" \/>\n\t<meta property=\"og:image:height\" content=\"600\" \/>\n\t<meta property=\"og:image:type\" content=\"image\/jpeg\" \/>\n<meta name=\"author\" content=\"Robert Hoffmann\" \/>\n<meta name=\"twitter:card\" content=\"summary_large_image\" \/>\n<meta name=\"twitter:label1\" content=\"Verfasst von\" \/>\n\t<meta name=\"twitter:data1\" content=\"Robert Hoffmann\" \/>\n\t<meta name=\"twitter:label2\" content=\"Gesch\u00e4tzte Lesezeit\" \/>\n\t<meta name=\"twitter:data2\" content=\"4\u00a0Minuten\" \/>\n<script type=\"application\/ld+json\" class=\"yoast-schema-graph\">{\"@context\":\"https:\\\/\\\/schema.org\",\"@graph\":[{\"@type\":\"Article\",\"@id\":\"https:\\\/\\\/www.strassenweb.de\\\/nachrichten\\\/heissere-europaeische-sommer-bedeuten-eine-gefahr-fuer-zugvoegel\\\/#article\",\"isPartOf\":{\"@id\":\"https:\\\/\\\/www.strassenweb.de\\\/nachrichten\\\/heissere-europaeische-sommer-bedeuten-eine-gefahr-fuer-zugvoegel\\\/\"},\"author\":{\"name\":\"Robert Hoffmann\",\"@id\":\"https:\\\/\\\/www.strassenweb.de\\\/nachrichten\\\/#\\\/schema\\\/person\\\/87c9c9067f1211da429a744dc5a5aa41\"},\"headline\":\"Hei\u00dfere europ\u00e4ische Sommer bedeuten eine Gefahr f\u00fcr Zugv\u00f6gel\",\"datePublished\":\"2025-11-14T09:39:58+00:00\",\"dateModified\":\"2025-11-14T09:39:59+00:00\",\"mainEntityOfPage\":{\"@id\":\"https:\\\/\\\/www.strassenweb.de\\\/nachrichten\\\/heissere-europaeische-sommer-bedeuten-eine-gefahr-fuer-zugvoegel\\\/\"},\"wordCount\":834,\"publisher\":{\"@id\":\"https:\\\/\\\/www.strassenweb.de\\\/nachrichten\\\/#organization\"},\"image\":{\"@id\":\"https:\\\/\\\/www.strassenweb.de\\\/nachrichten\\\/heissere-europaeische-sommer-bedeuten-eine-gefahr-fuer-zugvoegel\\\/#primaryimage\"},\"thumbnailUrl\":\"https:\\\/\\\/www.strassenweb.de\\\/nachrichten\\\/wp-content\\\/uploads\\\/2025\\\/11\\\/Heissere-europaeische-Sommer-bedeuten-eine-Gefahr-fuer-Zugvoegel.jpg\",\"keywords\":[\"bedeuten\",\"eine\",\"europ\u00e4ische\",\"f\u00fcr\",\"Gefahr\",\"Hei\u00dfere\",\"Sommer\",\"Zugv\u00f6gel\"],\"articleSection\":[\"\u00d6kologie\"],\"inLanguage\":\"de\"},{\"@type\":\"WebPage\",\"@id\":\"https:\\\/\\\/www.strassenweb.de\\\/nachrichten\\\/heissere-europaeische-sommer-bedeuten-eine-gefahr-fuer-zugvoegel\\\/\",\"url\":\"https:\\\/\\\/www.strassenweb.de\\\/nachrichten\\\/heissere-europaeische-sommer-bedeuten-eine-gefahr-fuer-zugvoegel\\\/\",\"name\":\"Hei\u00dfere europ\u00e4ische Sommer bedeuten eine Gefahr f\u00fcr Zugv\u00f6gel - Nachrichten - Stra\u00dfenweb\",\"isPartOf\":{\"@id\":\"https:\\\/\\\/www.strassenweb.de\\\/nachrichten\\\/#website\"},\"primaryImageOfPage\":{\"@id\":\"https:\\\/\\\/www.strassenweb.de\\\/nachrichten\\\/heissere-europaeische-sommer-bedeuten-eine-gefahr-fuer-zugvoegel\\\/#primaryimage\"},\"image\":{\"@id\":\"https:\\\/\\\/www.strassenweb.de\\\/nachrichten\\\/heissere-europaeische-sommer-bedeuten-eine-gefahr-fuer-zugvoegel\\\/#primaryimage\"},\"thumbnailUrl\":\"https:\\\/\\\/www.strassenweb.de\\\/nachrichten\\\/wp-content\\\/uploads\\\/2025\\\/11\\\/Heissere-europaeische-Sommer-bedeuten-eine-Gefahr-fuer-Zugvoegel.jpg\",\"datePublished\":\"2025-11-14T09:39:58+00:00\",\"dateModified\":\"2025-11-14T09:39:59+00:00\",\"breadcrumb\":{\"@id\":\"https:\\\/\\\/www.strassenweb.de\\\/nachrichten\\\/heissere-europaeische-sommer-bedeuten-eine-gefahr-fuer-zugvoegel\\\/#breadcrumb\"},\"inLanguage\":\"de\",\"potentialAction\":[{\"@type\":\"ReadAction\",\"target\":[\"https:\\\/\\\/www.strassenweb.de\\\/nachrichten\\\/heissere-europaeische-sommer-bedeuten-eine-gefahr-fuer-zugvoegel\\\/\"]}]},{\"@type\":\"ImageObject\",\"inLanguage\":\"de\",\"@id\":\"https:\\\/\\\/www.strassenweb.de\\\/nachrichten\\\/heissere-europaeische-sommer-bedeuten-eine-gefahr-fuer-zugvoegel\\\/#primaryimage\",\"url\":\"https:\\\/\\\/www.strassenweb.de\\\/nachrichten\\\/wp-content\\\/uploads\\\/2025\\\/11\\\/Heissere-europaeische-Sommer-bedeuten-eine-Gefahr-fuer-Zugvoegel.jpg\",\"contentUrl\":\"https:\\\/\\\/www.strassenweb.de\\\/nachrichten\\\/wp-content\\\/uploads\\\/2025\\\/11\\\/Heissere-europaeische-Sommer-bedeuten-eine-Gefahr-fuer-Zugvoegel.jpg\",\"width\":900,\"height\":600,\"caption\":\"Hotter European summers spell danger for migratory birds\"},{\"@type\":\"BreadcrumbList\",\"@id\":\"https:\\\/\\\/www.strassenweb.de\\\/nachrichten\\\/heissere-europaeische-sommer-bedeuten-eine-gefahr-fuer-zugvoegel\\\/#breadcrumb\",\"itemListElement\":[{\"@type\":\"ListItem\",\"position\":1,\"name\":\"Home\",\"item\":\"https:\\\/\\\/www.strassenweb.de\\\/nachrichten\\\/\"},{\"@type\":\"ListItem\",\"position\":2,\"name\":\"Hei\u00dfere europ\u00e4ische Sommer bedeuten eine Gefahr f\u00fcr Zugv\u00f6gel\"}]},{\"@type\":\"WebSite\",\"@id\":\"https:\\\/\\\/www.strassenweb.de\\\/nachrichten\\\/#website\",\"url\":\"https:\\\/\\\/www.strassenweb.de\\\/nachrichten\\\/\",\"name\":\"Stra\u00dfenweb\",\"description\":\"Stra\u00dfenverzeichnis f\u00fcr Deutschland\",\"publisher\":{\"@id\":\"https:\\\/\\\/www.strassenweb.de\\\/nachrichten\\\/#organization\"},\"potentialAction\":[{\"@type\":\"SearchAction\",\"target\":{\"@type\":\"EntryPoint\",\"urlTemplate\":\"https:\\\/\\\/www.strassenweb.de\\\/nachrichten\\\/?s={search_term_string}\"},\"query-input\":{\"@type\":\"PropertyValueSpecification\",\"valueRequired\":true,\"valueName\":\"search_term_string\"}}],\"inLanguage\":\"de\"},{\"@type\":\"Organization\",\"@id\":\"https:\\\/\\\/www.strassenweb.de\\\/nachrichten\\\/#organization\",\"name\":\"Stra\u00dfenweb\",\"url\":\"https:\\\/\\\/www.strassenweb.de\\\/nachrichten\\\/\",\"logo\":{\"@type\":\"ImageObject\",\"inLanguage\":\"de\",\"@id\":\"https:\\\/\\\/www.strassenweb.de\\\/nachrichten\\\/#\\\/schema\\\/logo\\\/image\\\/\",\"url\":\"https:\\\/\\\/www.strassenweb.de\\\/nachrichten\\\/wp-content\\\/uploads\\\/2024\\\/09\\\/cropped-favicon.png\",\"contentUrl\":\"https:\\\/\\\/www.strassenweb.de\\\/nachrichten\\\/wp-content\\\/uploads\\\/2024\\\/09\\\/cropped-favicon.png\",\"width\":512,\"height\":512,\"caption\":\"Stra\u00dfenweb\"},\"image\":{\"@id\":\"https:\\\/\\\/www.strassenweb.de\\\/nachrichten\\\/#\\\/schema\\\/logo\\\/image\\\/\"},\"sameAs\":[\"https:\\\/\\\/www.facebook.com\\\/strassenweb\\\/\"]},{\"@type\":\"Person\",\"@id\":\"https:\\\/\\\/www.strassenweb.de\\\/nachrichten\\\/#\\\/schema\\\/person\\\/87c9c9067f1211da429a744dc5a5aa41\",\"name\":\"Robert Hoffmann\",\"image\":{\"@type\":\"ImageObject\",\"inLanguage\":\"de\",\"@id\":\"https:\\\/\\\/www.strassenweb.de\\\/nachrichten\\\/wp-content\\\/uploads\\\/2024\\\/09\\\/strassenweb-150x150.jpg\",\"url\":\"https:\\\/\\\/www.strassenweb.de\\\/nachrichten\\\/wp-content\\\/uploads\\\/2024\\\/09\\\/strassenweb-150x150.jpg\",\"contentUrl\":\"https:\\\/\\\/www.strassenweb.de\\\/nachrichten\\\/wp-content\\\/uploads\\\/2024\\\/09\\\/strassenweb-150x150.jpg\",\"caption\":\"Robert Hoffmann\"},\"description\":\"Ich hei\u00dfe Robert Hoffmann und ich bin ein leidenschaftlicher Verfechter von \u00d6kologie und Biodiversit\u00e4t. Seit meiner Kindheit in den W\u00e4ldern Bayerns f\u00fchle ich mich mit der Natur verbunden und bin entschlossen, sie zu sch\u00fctzen. Heute widme ich mein Leben der Sensibilisierung anderer f\u00fcr die Bedeutung des Umweltschutzes f\u00fcr zuk\u00fcnftige Generationen.\",\"sameAs\":[\"https:\\\/\\\/www.strassenweb.de\\\/\"]}]}<\/script>\n<!-- \/ Yoast SEO plugin. -->","yoast_head_json":{"title":"Hei\u00dfere europ\u00e4ische Sommer bedeuten eine Gefahr f\u00fcr Zugv\u00f6gel - Nachrichten - Stra\u00dfenweb","robots":{"index":"index","follow":"follow","max-snippet":"max-snippet:-1","max-image-preview":"max-image-preview:large","max-video-preview":"max-video-preview:-1"},"canonical":"https:\/\/www.strassenweb.de\/nachrichten\/heissere-europaeische-sommer-bedeuten-eine-gefahr-fuer-zugvoegel\/","og_locale":"de_DE","og_type":"article","og_title":"Hei\u00dfere europ\u00e4ische Sommer bedeuten eine Gefahr f\u00fcr Zugv\u00f6gel - Nachrichten - Stra\u00dfenweb","og_description":"Neue Forschungsergebnisse, die heute vom British Trust for Ornithology (BTO) und der Durham University ver\u00f6ffentlicht wurden, legen nahe, dass viele Zugvogelarten Schwierigkeiten haben, sich an","og_url":"https:\/\/www.strassenweb.de\/nachrichten\/heissere-europaeische-sommer-bedeuten-eine-gefahr-fuer-zugvoegel\/","og_site_name":"Stra\u00dfenweb","article_publisher":"https:\/\/www.facebook.com\/strassenweb\/","article_published_time":"2025-11-14T09:39:58+00:00","article_modified_time":"2025-11-14T09:39:59+00:00","og_image":[{"width":900,"height":600,"url":"https:\/\/www.strassenweb.de\/nachrichten\/wp-content\/uploads\/2025\/11\/Heissere-europaeische-Sommer-bedeuten-eine-Gefahr-fuer-Zugvoegel.jpg","type":"image\/jpeg"}],"author":"Robert Hoffmann","twitter_card":"summary_large_image","twitter_misc":{"Verfasst von":"Robert Hoffmann","Gesch\u00e4tzte Lesezeit":"4\u00a0Minuten"},"schema":{"@context":"https:\/\/schema.org","@graph":[{"@type":"Article","@id":"https:\/\/www.strassenweb.de\/nachrichten\/heissere-europaeische-sommer-bedeuten-eine-gefahr-fuer-zugvoegel\/#article","isPartOf":{"@id":"https:\/\/www.strassenweb.de\/nachrichten\/heissere-europaeische-sommer-bedeuten-eine-gefahr-fuer-zugvoegel\/"},"author":{"name":"Robert Hoffmann","@id":"https:\/\/www.strassenweb.de\/nachrichten\/#\/schema\/person\/87c9c9067f1211da429a744dc5a5aa41"},"headline":"Hei\u00dfere europ\u00e4ische Sommer bedeuten eine Gefahr f\u00fcr Zugv\u00f6gel","datePublished":"2025-11-14T09:39:58+00:00","dateModified":"2025-11-14T09:39:59+00:00","mainEntityOfPage":{"@id":"https:\/\/www.strassenweb.de\/nachrichten\/heissere-europaeische-sommer-bedeuten-eine-gefahr-fuer-zugvoegel\/"},"wordCount":834,"publisher":{"@id":"https:\/\/www.strassenweb.de\/nachrichten\/#organization"},"image":{"@id":"https:\/\/www.strassenweb.de\/nachrichten\/heissere-europaeische-sommer-bedeuten-eine-gefahr-fuer-zugvoegel\/#primaryimage"},"thumbnailUrl":"https:\/\/www.strassenweb.de\/nachrichten\/wp-content\/uploads\/2025\/11\/Heissere-europaeische-Sommer-bedeuten-eine-Gefahr-fuer-Zugvoegel.jpg","keywords":["bedeuten","eine","europ\u00e4ische","f\u00fcr","Gefahr","Hei\u00dfere","Sommer","Zugv\u00f6gel"],"articleSection":["\u00d6kologie"],"inLanguage":"de"},{"@type":"WebPage","@id":"https:\/\/www.strassenweb.de\/nachrichten\/heissere-europaeische-sommer-bedeuten-eine-gefahr-fuer-zugvoegel\/","url":"https:\/\/www.strassenweb.de\/nachrichten\/heissere-europaeische-sommer-bedeuten-eine-gefahr-fuer-zugvoegel\/","name":"Hei\u00dfere europ\u00e4ische Sommer bedeuten eine Gefahr f\u00fcr Zugv\u00f6gel - Nachrichten - Stra\u00dfenweb","isPartOf":{"@id":"https:\/\/www.strassenweb.de\/nachrichten\/#website"},"primaryImageOfPage":{"@id":"https:\/\/www.strassenweb.de\/nachrichten\/heissere-europaeische-sommer-bedeuten-eine-gefahr-fuer-zugvoegel\/#primaryimage"},"image":{"@id":"https:\/\/www.strassenweb.de\/nachrichten\/heissere-europaeische-sommer-bedeuten-eine-gefahr-fuer-zugvoegel\/#primaryimage"},"thumbnailUrl":"https:\/\/www.strassenweb.de\/nachrichten\/wp-content\/uploads\/2025\/11\/Heissere-europaeische-Sommer-bedeuten-eine-Gefahr-fuer-Zugvoegel.jpg","datePublished":"2025-11-14T09:39:58+00:00","dateModified":"2025-11-14T09:39:59+00:00","breadcrumb":{"@id":"https:\/\/www.strassenweb.de\/nachrichten\/heissere-europaeische-sommer-bedeuten-eine-gefahr-fuer-zugvoegel\/#breadcrumb"},"inLanguage":"de","potentialAction":[{"@type":"ReadAction","target":["https:\/\/www.strassenweb.de\/nachrichten\/heissere-europaeische-sommer-bedeuten-eine-gefahr-fuer-zugvoegel\/"]}]},{"@type":"ImageObject","inLanguage":"de","@id":"https:\/\/www.strassenweb.de\/nachrichten\/heissere-europaeische-sommer-bedeuten-eine-gefahr-fuer-zugvoegel\/#primaryimage","url":"https:\/\/www.strassenweb.de\/nachrichten\/wp-content\/uploads\/2025\/11\/Heissere-europaeische-Sommer-bedeuten-eine-Gefahr-fuer-Zugvoegel.jpg","contentUrl":"https:\/\/www.strassenweb.de\/nachrichten\/wp-content\/uploads\/2025\/11\/Heissere-europaeische-Sommer-bedeuten-eine-Gefahr-fuer-Zugvoegel.jpg","width":900,"height":600,"caption":"Hotter European summers spell danger for migratory birds"},{"@type":"BreadcrumbList","@id":"https:\/\/www.strassenweb.de\/nachrichten\/heissere-europaeische-sommer-bedeuten-eine-gefahr-fuer-zugvoegel\/#breadcrumb","itemListElement":[{"@type":"ListItem","position":1,"name":"Home","item":"https:\/\/www.strassenweb.de\/nachrichten\/"},{"@type":"ListItem","position":2,"name":"Hei\u00dfere europ\u00e4ische Sommer bedeuten eine Gefahr f\u00fcr Zugv\u00f6gel"}]},{"@type":"WebSite","@id":"https:\/\/www.strassenweb.de\/nachrichten\/#website","url":"https:\/\/www.strassenweb.de\/nachrichten\/","name":"Stra\u00dfenweb","description":"Stra\u00dfenverzeichnis f\u00fcr Deutschland","publisher":{"@id":"https:\/\/www.strassenweb.de\/nachrichten\/#organization"},"potentialAction":[{"@type":"SearchAction","target":{"@type":"EntryPoint","urlTemplate":"https:\/\/www.strassenweb.de\/nachrichten\/?s={search_term_string}"},"query-input":{"@type":"PropertyValueSpecification","valueRequired":true,"valueName":"search_term_string"}}],"inLanguage":"de"},{"@type":"Organization","@id":"https:\/\/www.strassenweb.de\/nachrichten\/#organization","name":"Stra\u00dfenweb","url":"https:\/\/www.strassenweb.de\/nachrichten\/","logo":{"@type":"ImageObject","inLanguage":"de","@id":"https:\/\/www.strassenweb.de\/nachrichten\/#\/schema\/logo\/image\/","url":"https:\/\/www.strassenweb.de\/nachrichten\/wp-content\/uploads\/2024\/09\/cropped-favicon.png","contentUrl":"https:\/\/www.strassenweb.de\/nachrichten\/wp-content\/uploads\/2024\/09\/cropped-favicon.png","width":512,"height":512,"caption":"Stra\u00dfenweb"},"image":{"@id":"https:\/\/www.strassenweb.de\/nachrichten\/#\/schema\/logo\/image\/"},"sameAs":["https:\/\/www.facebook.com\/strassenweb\/"]},{"@type":"Person","@id":"https:\/\/www.strassenweb.de\/nachrichten\/#\/schema\/person\/87c9c9067f1211da429a744dc5a5aa41","name":"Robert Hoffmann","image":{"@type":"ImageObject","inLanguage":"de","@id":"https:\/\/www.strassenweb.de\/nachrichten\/wp-content\/uploads\/2024\/09\/strassenweb-150x150.jpg","url":"https:\/\/www.strassenweb.de\/nachrichten\/wp-content\/uploads\/2024\/09\/strassenweb-150x150.jpg","contentUrl":"https:\/\/www.strassenweb.de\/nachrichten\/wp-content\/uploads\/2024\/09\/strassenweb-150x150.jpg","caption":"Robert Hoffmann"},"description":"Ich hei\u00dfe Robert Hoffmann und ich bin ein leidenschaftlicher Verfechter von \u00d6kologie und Biodiversit\u00e4t. Seit meiner Kindheit in den W\u00e4ldern Bayerns f\u00fchle ich mich mit der Natur verbunden und bin entschlossen, sie zu sch\u00fctzen. Heute widme ich mein Leben der Sensibilisierung anderer f\u00fcr die Bedeutung des Umweltschutzes f\u00fcr zuk\u00fcnftige Generationen.","sameAs":["https:\/\/www.strassenweb.de\/"]}]}},"_links":{"self":[{"href":"https:\/\/www.strassenweb.de\/nachrichten\/wp-json\/wp\/v2\/posts\/9156","targetHints":{"allow":["GET"]}}],"collection":[{"href":"https:\/\/www.strassenweb.de\/nachrichten\/wp-json\/wp\/v2\/posts"}],"about":[{"href":"https:\/\/www.strassenweb.de\/nachrichten\/wp-json\/wp\/v2\/types\/post"}],"author":[{"embeddable":true,"href":"https:\/\/www.strassenweb.de\/nachrichten\/wp-json\/wp\/v2\/users\/1"}],"replies":[{"embeddable":true,"href":"https:\/\/www.strassenweb.de\/nachrichten\/wp-json\/wp\/v2\/comments?post=9156"}],"version-history":[{"count":0,"href":"https:\/\/www.strassenweb.de\/nachrichten\/wp-json\/wp\/v2\/posts\/9156\/revisions"}],"wp:featuredmedia":[{"embeddable":true,"href":"https:\/\/www.strassenweb.de\/nachrichten\/wp-json\/wp\/v2\/media\/9157"}],"wp:attachment":[{"href":"https:\/\/www.strassenweb.de\/nachrichten\/wp-json\/wp\/v2\/media?parent=9156"}],"wp:term":[{"taxonomy":"category","embeddable":true,"href":"https:\/\/www.strassenweb.de\/nachrichten\/wp-json\/wp\/v2\/categories?post=9156"},{"taxonomy":"post_tag","embeddable":true,"href":"https:\/\/www.strassenweb.de\/nachrichten\/wp-json\/wp\/v2\/tags?post=9156"}],"curies":[{"name":"wp","href":"https:\/\/api.w.org\/{rel}","templated":true}]}}