{"id":9150,"date":"2025-11-14T07:39:18","date_gmt":"2025-11-14T06:39:18","guid":{"rendered":"https:\/\/www.strassenweb.de\/nachrichten\/experten-sagen-dass-das-planungs-und-infrastrukturgesetz\/"},"modified":"2025-11-14T07:39:19","modified_gmt":"2025-11-14T06:39:19","slug":"experten-sagen-dass-das-planungs-und-infrastrukturgesetz","status":"publish","type":"post","link":"https:\/\/www.strassenweb.de\/nachrichten\/experten-sagen-dass-das-planungs-und-infrastrukturgesetz\/","title":{"rendered":"Experten sagen, dass das Planungs- und Infrastrukturgesetz &#8230;"},"content":{"rendered":"<ul class=\"wp-block-list\">\n<li>Umweltorganisation ber\u00e4t Bautr\u00e4ger und Hausbauer  <\/li>\n<li>Experte f\u00fcr Naturm\u00e4rkte untersucht Herausforderungen, Chancen und Vorbereitung auf die Gesetzesvorlage<\/li>\n<\/ul>\n<p>W\u00e4hrend das Planungs- und Infrastrukturgesetz die parlamentarische Phase erreicht, sagt Thomson Environmental Consultants, dass es zwar das Potenzial hat, die Herangehensweise des Vereinigten K\u00f6nigreichs an Entwicklung und \u00f6kologischen Fortschritt erheblich zu ver\u00e4ndern, es aber letztendlich darauf ankommt, wie es umgesetzt wird. <\/p>\n<p>Gregor Neeve, Direktor f\u00fcr \u00d6kologie bei Thomson und ehemaliger Hauptberater bei Natural England, hat an der Gestaltung nationaler Leitlinien f\u00fcr \u00f6kologische M\u00e4rkte mitgewirkt. In seinem Kommentar zu Teil drei des Gesetzesentwurfs sagt er, dass sein Potenzial Millionen oder sogar Milliarden f\u00fcr den Naturschutz mobilisieren und Praktiken in Richtung einer proaktiven Wiederherstellung und einer langfristigen Bewirtschaftung umwandeln k\u00f6nnte. <\/p>\n<p>Vor diesem Hintergrund gibt Gregor Hinweise zu den Herausforderungen und Chancen des Gesetzentwurfs und wie sich Bautr\u00e4ger und Hausbauer gleicherma\u00dfen vorbereiten sollten: <\/p>\n<h4 class=\"wp-block-heading\">Gelegenheiten <\/h4>\n<p>\u201eDie Einf\u00fchrung einer Naturwiederherstellungsabgabe, die von Natural England verwaltet wird, unterstreicht eine wichtige \u00c4nderung in der Art und Weise, wie Umweltauswirkungen der Entwicklung ausgeglichen werden k\u00f6nnten. Anstatt komplexe, standortspezifische Abhilfema\u00dfnahmen zu ergreifen, k\u00f6nnen Entwickler einen Beitrag zu einem nationalen Fonds leisten, der in strategische Naturwiederherstellungsprojekte im Einklang mit Umweltlieferpl\u00e4nen investiert.\u201c <\/p>\n<p>Gregor f\u00e4hrt fort: \u201eDies k\u00f6nnte die Planung beschleunigen, die Unsicherheit der Entwickler verringern und den Naturschutz verbessern. Es baut auf dem Erfolg der Lizenzierung f\u00fcr Kammmolche auf Distriktebene auf, die gezeigt hat, wie ein strategischer Ansatz sowohl der Entwicklung als auch der Artenvielfalt zugute kommt.\u201c<\/p>\n<p>Bei richtiger Umsetzung k\u00f6nnten Umweltlieferpl\u00e4ne zu einem Instrument zur Wiederherstellung von Lebensr\u00e4umen im Landschaftsma\u00dfstab wie Fl\u00fcssen, W\u00e4ldern und artenreichen Graslandschaften werden. Zum ersten Mal g\u00e4be es einen formellen Weg und eine Finanzierungsstruktur f\u00fcr die langfristige \u00dcberwachung und Verwaltung, die in den Naturschutzbem\u00fchungen des Vereinigten K\u00f6nigreichs weitgehend gefehlt hat.<\/p>\n<p>Weitere Ma\u00dfnahmen, darunter beschleunigte Genehmigungen f\u00fcr bedeutende Infrastruktur, k\u00fcrzere Beratungsfristen, standardisierte Prozesse, klare Kostenstrukturen und neue Planungsfristen, werden die Effizienz f\u00fcr Hausbauer und Entwickler steigern, ins Stocken geratene Projekte unterst\u00fctzen und das Vertrauen der Investoren st\u00e4rken.<\/p>\n<h4 class=\"wp-block-heading\">Herausforderungen <\/h4>\n<p>Thomson hebt auch die potenziellen Herausforderungen des Planungs- und Infrastrukturgesetzes f\u00fcr Entwickler und Natur hervor, insbesondere das unklare Mandat und die Annahme von Umweltlieferpl\u00e4nen innerhalb des Planungssystems. <\/p>\n<p>Gregor sagt, dass das Risiko besteht, dass die Annahme von Umweltlieferpl\u00e4nen inkonsistent sein k\u00f6nnte, was zu rechtlichen Unsicherheiten f\u00fchren k\u00f6nnte, die sich auf ihre Anwendung in der Planung auswirken w\u00fcrden. Dies h\u00e4tte das Gegenteil von dem im Gesetzentwurf beabsichtigten Ergebnis und w\u00fcrde zu mehr Unsicherheit und Verz\u00f6gerungen f\u00fchren. <\/p>\n<p>Dar\u00fcber hinaus bleibt der Zeitplan f\u00fcr die Umsetzung vage. W\u00e4hrend einige Elemente m\u00f6glicherweise schnell verabschiedet werden, kann sich die vollst\u00e4ndige Einf\u00fchrung aufgrund der Art des dritten Teils und der Notwendigkeit, Kapazit\u00e4ten innerhalb von Natural England aufzubauen, verz\u00f6gern. Gregor f\u00e4hrt fort: \u201eEs besteht auch die Sorge, dass zur Beschleunigung bestehende Umweltschutzma\u00dfnahmen geschw\u00e4cht werden k\u00f6nnten. In seiner jetzigen Form scheint der Gesetzentwurf von bestimmten etablierten Schutzma\u00dfnahmen abzuweichen.\u201c <\/p>\n<h4 class=\"wp-block-heading\">So bereiten Sie sich vor <\/h4>\n<p>W\u00e4hrend sich der Gesetzentwurf seiner Endphase n\u00e4hert, r\u00e4t Thomson Entwicklern und anderen Interessengruppen, mit der Bewertung der potenziellen Auswirkungen der vorgeschlagenen Naturwiederherstellungsabgabe und der Umweltlieferpl\u00e4ne auf Projektzeitpl\u00e4ne und -kosten zu beginnen. Eine fr\u00fchzeitige Zusammenarbeit mit Umweltberatern kann Bereiche aufzeigen, in denen ein strategischer Ausgleich von Vorteil ist, und sicherstellen, dass Teams auf Anpassungen vorbereitet sind, wenn neue Vorschriften umgesetzt werden.<\/p>\n<p>Gregor kommentiert: \u201eDas derzeitige System kann schwerf\u00e4llig, langsam und ineffizient sein und schlechte Ergebnisse f\u00fcr die Natur liefern. Wenn das Planungs- und Infrastrukturgesetz sein Potenzial aussch\u00f6pft, k\u00f6nnte es sowohl f\u00fcr die Entwicklung als auch f\u00fcr die Wiederherstellung der Natur eine Wende bedeuten.\u201c<\/p>\n<p>Um mehr \u00fcber das Planungs- und Infrastrukturgesetz und seine Bedeutung f\u00fcr Hausbauer und Entwickler zu erfahren, besuchen Sie bitte: https:\/\/www.thomsonec.com\/news\/planning-infrastructure-bill\/ <\/p>\n","protected":false},"excerpt":{"rendered":"<p>Umweltorganisation ber\u00e4t Bautr\u00e4ger und Hausbauer Experte f\u00fcr Naturm\u00e4rkte untersucht Herausforderungen, Chancen und Vorbereitung auf die Gesetzesvorlage W\u00e4hrend das Planungs- und Infrastrukturgesetz die parlamentarische Phase erreicht,<\/p>\n","protected":false},"author":1,"featured_media":9151,"comment_status":"closed","ping_status":"","sticky":false,"template":"","format":"standard","meta":{"footnotes":""},"categories":[101],"tags":[112,51,667,5911,5910,284,37],"class_list":["post-9150","post","type-post","status-publish","format-standard","has-post-thumbnail","hentry","category-oekologie","tag-das","tag-dass","tag-experten","tag-infrastrukturgesetz","tag-planungs","tag-sagen","tag-und","generate-columns","tablet-grid-50","mobile-grid-100","grid-parent","grid-50"],"yoast_head":"<!-- This site is optimized with the Yoast SEO plugin v27.3 - https:\/\/yoast.com\/product\/yoast-seo-wordpress\/ -->\n<title>Experten sagen, dass das Planungs- und Infrastrukturgesetz ... - Nachrichten - Stra\u00dfenweb<\/title>\n<meta name=\"robots\" content=\"index, follow, max-snippet:-1, max-image-preview:large, max-video-preview:-1\" \/>\n<link rel=\"canonical\" href=\"https:\/\/www.strassenweb.de\/nachrichten\/experten-sagen-dass-das-planungs-und-infrastrukturgesetz\/\" \/>\n<meta property=\"og:locale\" content=\"de_DE\" \/>\n<meta property=\"og:type\" content=\"article\" \/>\n<meta property=\"og:title\" content=\"Experten sagen, dass das Planungs- und Infrastrukturgesetz ... - Nachrichten - Stra\u00dfenweb\" \/>\n<meta property=\"og:description\" content=\"Umweltorganisation ber\u00e4t Bautr\u00e4ger und Hausbauer Experte f\u00fcr Naturm\u00e4rkte untersucht Herausforderungen, Chancen und Vorbereitung auf die Gesetzesvorlage W\u00e4hrend das Planungs- und Infrastrukturgesetz die parlamentarische Phase erreicht,\" \/>\n<meta property=\"og:url\" content=\"https:\/\/www.strassenweb.de\/nachrichten\/experten-sagen-dass-das-planungs-und-infrastrukturgesetz\/\" \/>\n<meta property=\"og:site_name\" content=\"Stra\u00dfenweb\" \/>\n<meta property=\"article:publisher\" content=\"https:\/\/www.facebook.com\/strassenweb\/\" \/>\n<meta property=\"article:published_time\" content=\"2025-11-14T06:39:18+00:00\" \/>\n<meta property=\"article:modified_time\" content=\"2025-11-14T06:39:19+00:00\" \/>\n<meta property=\"og:image\" content=\"https:\/\/www.strassenweb.de\/nachrichten\/wp-content\/uploads\/2025\/11\/Experten-sagen-dass-das-Planungs-und-Infrastrukturgesetz.png\" \/>\n\t<meta property=\"og:image:width\" content=\"900\" \/>\n\t<meta property=\"og:image:height\" content=\"537\" \/>\n\t<meta property=\"og:image:type\" content=\"image\/png\" \/>\n<meta name=\"author\" content=\"Robert Hoffmann\" \/>\n<meta name=\"twitter:card\" content=\"summary_large_image\" \/>\n<meta name=\"twitter:label1\" content=\"Verfasst von\" \/>\n\t<meta name=\"twitter:data1\" content=\"Robert Hoffmann\" \/>\n\t<meta name=\"twitter:label2\" content=\"Gesch\u00e4tzte Lesezeit\" \/>\n\t<meta name=\"twitter:data2\" content=\"3\u00a0Minuten\" \/>\n<script type=\"application\/ld+json\" class=\"yoast-schema-graph\">{\"@context\":\"https:\\\/\\\/schema.org\",\"@graph\":[{\"@type\":\"Article\",\"@id\":\"https:\\\/\\\/www.strassenweb.de\\\/nachrichten\\\/experten-sagen-dass-das-planungs-und-infrastrukturgesetz\\\/#article\",\"isPartOf\":{\"@id\":\"https:\\\/\\\/www.strassenweb.de\\\/nachrichten\\\/experten-sagen-dass-das-planungs-und-infrastrukturgesetz\\\/\"},\"author\":{\"name\":\"Robert Hoffmann\",\"@id\":\"https:\\\/\\\/www.strassenweb.de\\\/nachrichten\\\/#\\\/schema\\\/person\\\/87c9c9067f1211da429a744dc5a5aa41\"},\"headline\":\"Experten sagen, dass das Planungs- und Infrastrukturgesetz &#8230;\",\"datePublished\":\"2025-11-14T06:39:18+00:00\",\"dateModified\":\"2025-11-14T06:39:19+00:00\",\"mainEntityOfPage\":{\"@id\":\"https:\\\/\\\/www.strassenweb.de\\\/nachrichten\\\/experten-sagen-dass-das-planungs-und-infrastrukturgesetz\\\/\"},\"wordCount\":671,\"publisher\":{\"@id\":\"https:\\\/\\\/www.strassenweb.de\\\/nachrichten\\\/#organization\"},\"image\":{\"@id\":\"https:\\\/\\\/www.strassenweb.de\\\/nachrichten\\\/experten-sagen-dass-das-planungs-und-infrastrukturgesetz\\\/#primaryimage\"},\"thumbnailUrl\":\"https:\\\/\\\/www.strassenweb.de\\\/nachrichten\\\/wp-content\\\/uploads\\\/2025\\\/11\\\/Experten-sagen-dass-das-Planungs-und-Infrastrukturgesetz.png\",\"keywords\":[\"das\",\"dass\",\"Experten\",\"Infrastrukturgesetz\",\"Planungs\",\"sagen\",\"und\"],\"articleSection\":[\"\u00d6kologie\"],\"inLanguage\":\"de\"},{\"@type\":\"WebPage\",\"@id\":\"https:\\\/\\\/www.strassenweb.de\\\/nachrichten\\\/experten-sagen-dass-das-planungs-und-infrastrukturgesetz\\\/\",\"url\":\"https:\\\/\\\/www.strassenweb.de\\\/nachrichten\\\/experten-sagen-dass-das-planungs-und-infrastrukturgesetz\\\/\",\"name\":\"Experten sagen, dass das Planungs- und Infrastrukturgesetz ... - Nachrichten - Stra\u00dfenweb\",\"isPartOf\":{\"@id\":\"https:\\\/\\\/www.strassenweb.de\\\/nachrichten\\\/#website\"},\"primaryImageOfPage\":{\"@id\":\"https:\\\/\\\/www.strassenweb.de\\\/nachrichten\\\/experten-sagen-dass-das-planungs-und-infrastrukturgesetz\\\/#primaryimage\"},\"image\":{\"@id\":\"https:\\\/\\\/www.strassenweb.de\\\/nachrichten\\\/experten-sagen-dass-das-planungs-und-infrastrukturgesetz\\\/#primaryimage\"},\"thumbnailUrl\":\"https:\\\/\\\/www.strassenweb.de\\\/nachrichten\\\/wp-content\\\/uploads\\\/2025\\\/11\\\/Experten-sagen-dass-das-Planungs-und-Infrastrukturgesetz.png\",\"datePublished\":\"2025-11-14T06:39:18+00:00\",\"dateModified\":\"2025-11-14T06:39:19+00:00\",\"breadcrumb\":{\"@id\":\"https:\\\/\\\/www.strassenweb.de\\\/nachrichten\\\/experten-sagen-dass-das-planungs-und-infrastrukturgesetz\\\/#breadcrumb\"},\"inLanguage\":\"de\",\"potentialAction\":[{\"@type\":\"ReadAction\",\"target\":[\"https:\\\/\\\/www.strassenweb.de\\\/nachrichten\\\/experten-sagen-dass-das-planungs-und-infrastrukturgesetz\\\/\"]}]},{\"@type\":\"ImageObject\",\"inLanguage\":\"de\",\"@id\":\"https:\\\/\\\/www.strassenweb.de\\\/nachrichten\\\/experten-sagen-dass-das-planungs-und-infrastrukturgesetz\\\/#primaryimage\",\"url\":\"https:\\\/\\\/www.strassenweb.de\\\/nachrichten\\\/wp-content\\\/uploads\\\/2025\\\/11\\\/Experten-sagen-dass-das-Planungs-und-Infrastrukturgesetz.png\",\"contentUrl\":\"https:\\\/\\\/www.strassenweb.de\\\/nachrichten\\\/wp-content\\\/uploads\\\/2025\\\/11\\\/Experten-sagen-dass-das-Planungs-und-Infrastrukturgesetz.png\",\"width\":900,\"height\":537,\"caption\":\"Experts say the Planning and Infrastructure Bill could be transformative if executed well\"},{\"@type\":\"BreadcrumbList\",\"@id\":\"https:\\\/\\\/www.strassenweb.de\\\/nachrichten\\\/experten-sagen-dass-das-planungs-und-infrastrukturgesetz\\\/#breadcrumb\",\"itemListElement\":[{\"@type\":\"ListItem\",\"position\":1,\"name\":\"Home\",\"item\":\"https:\\\/\\\/www.strassenweb.de\\\/nachrichten\\\/\"},{\"@type\":\"ListItem\",\"position\":2,\"name\":\"Experten sagen, dass das Planungs- und Infrastrukturgesetz &#8230;\"}]},{\"@type\":\"WebSite\",\"@id\":\"https:\\\/\\\/www.strassenweb.de\\\/nachrichten\\\/#website\",\"url\":\"https:\\\/\\\/www.strassenweb.de\\\/nachrichten\\\/\",\"name\":\"Stra\u00dfenweb\",\"description\":\"Stra\u00dfenverzeichnis f\u00fcr Deutschland\",\"publisher\":{\"@id\":\"https:\\\/\\\/www.strassenweb.de\\\/nachrichten\\\/#organization\"},\"potentialAction\":[{\"@type\":\"SearchAction\",\"target\":{\"@type\":\"EntryPoint\",\"urlTemplate\":\"https:\\\/\\\/www.strassenweb.de\\\/nachrichten\\\/?s={search_term_string}\"},\"query-input\":{\"@type\":\"PropertyValueSpecification\",\"valueRequired\":true,\"valueName\":\"search_term_string\"}}],\"inLanguage\":\"de\"},{\"@type\":\"Organization\",\"@id\":\"https:\\\/\\\/www.strassenweb.de\\\/nachrichten\\\/#organization\",\"name\":\"Stra\u00dfenweb\",\"url\":\"https:\\\/\\\/www.strassenweb.de\\\/nachrichten\\\/\",\"logo\":{\"@type\":\"ImageObject\",\"inLanguage\":\"de\",\"@id\":\"https:\\\/\\\/www.strassenweb.de\\\/nachrichten\\\/#\\\/schema\\\/logo\\\/image\\\/\",\"url\":\"https:\\\/\\\/www.strassenweb.de\\\/nachrichten\\\/wp-content\\\/uploads\\\/2024\\\/09\\\/cropped-favicon.png\",\"contentUrl\":\"https:\\\/\\\/www.strassenweb.de\\\/nachrichten\\\/wp-content\\\/uploads\\\/2024\\\/09\\\/cropped-favicon.png\",\"width\":512,\"height\":512,\"caption\":\"Stra\u00dfenweb\"},\"image\":{\"@id\":\"https:\\\/\\\/www.strassenweb.de\\\/nachrichten\\\/#\\\/schema\\\/logo\\\/image\\\/\"},\"sameAs\":[\"https:\\\/\\\/www.facebook.com\\\/strassenweb\\\/\"]},{\"@type\":\"Person\",\"@id\":\"https:\\\/\\\/www.strassenweb.de\\\/nachrichten\\\/#\\\/schema\\\/person\\\/87c9c9067f1211da429a744dc5a5aa41\",\"name\":\"Robert Hoffmann\",\"image\":{\"@type\":\"ImageObject\",\"inLanguage\":\"de\",\"@id\":\"https:\\\/\\\/www.strassenweb.de\\\/nachrichten\\\/wp-content\\\/uploads\\\/2024\\\/09\\\/strassenweb-150x150.jpg\",\"url\":\"https:\\\/\\\/www.strassenweb.de\\\/nachrichten\\\/wp-content\\\/uploads\\\/2024\\\/09\\\/strassenweb-150x150.jpg\",\"contentUrl\":\"https:\\\/\\\/www.strassenweb.de\\\/nachrichten\\\/wp-content\\\/uploads\\\/2024\\\/09\\\/strassenweb-150x150.jpg\",\"caption\":\"Robert Hoffmann\"},\"description\":\"Ich hei\u00dfe Robert Hoffmann und ich bin ein leidenschaftlicher Verfechter von \u00d6kologie und Biodiversit\u00e4t. Seit meiner Kindheit in den W\u00e4ldern Bayerns f\u00fchle ich mich mit der Natur verbunden und bin entschlossen, sie zu sch\u00fctzen. Heute widme ich mein Leben der Sensibilisierung anderer f\u00fcr die Bedeutung des Umweltschutzes f\u00fcr zuk\u00fcnftige Generationen.\",\"sameAs\":[\"https:\\\/\\\/www.strassenweb.de\\\/\"]}]}<\/script>\n<!-- \/ Yoast SEO plugin. -->","yoast_head_json":{"title":"Experten sagen, dass das Planungs- und Infrastrukturgesetz ... - Nachrichten - Stra\u00dfenweb","robots":{"index":"index","follow":"follow","max-snippet":"max-snippet:-1","max-image-preview":"max-image-preview:large","max-video-preview":"max-video-preview:-1"},"canonical":"https:\/\/www.strassenweb.de\/nachrichten\/experten-sagen-dass-das-planungs-und-infrastrukturgesetz\/","og_locale":"de_DE","og_type":"article","og_title":"Experten sagen, dass das Planungs- und Infrastrukturgesetz ... - Nachrichten - Stra\u00dfenweb","og_description":"Umweltorganisation ber\u00e4t Bautr\u00e4ger und Hausbauer Experte f\u00fcr Naturm\u00e4rkte untersucht Herausforderungen, Chancen und Vorbereitung auf die Gesetzesvorlage W\u00e4hrend das Planungs- und Infrastrukturgesetz die parlamentarische Phase erreicht,","og_url":"https:\/\/www.strassenweb.de\/nachrichten\/experten-sagen-dass-das-planungs-und-infrastrukturgesetz\/","og_site_name":"Stra\u00dfenweb","article_publisher":"https:\/\/www.facebook.com\/strassenweb\/","article_published_time":"2025-11-14T06:39:18+00:00","article_modified_time":"2025-11-14T06:39:19+00:00","og_image":[{"width":900,"height":537,"url":"https:\/\/www.strassenweb.de\/nachrichten\/wp-content\/uploads\/2025\/11\/Experten-sagen-dass-das-Planungs-und-Infrastrukturgesetz.png","type":"image\/png"}],"author":"Robert Hoffmann","twitter_card":"summary_large_image","twitter_misc":{"Verfasst von":"Robert Hoffmann","Gesch\u00e4tzte Lesezeit":"3\u00a0Minuten"},"schema":{"@context":"https:\/\/schema.org","@graph":[{"@type":"Article","@id":"https:\/\/www.strassenweb.de\/nachrichten\/experten-sagen-dass-das-planungs-und-infrastrukturgesetz\/#article","isPartOf":{"@id":"https:\/\/www.strassenweb.de\/nachrichten\/experten-sagen-dass-das-planungs-und-infrastrukturgesetz\/"},"author":{"name":"Robert Hoffmann","@id":"https:\/\/www.strassenweb.de\/nachrichten\/#\/schema\/person\/87c9c9067f1211da429a744dc5a5aa41"},"headline":"Experten sagen, dass das Planungs- und Infrastrukturgesetz &#8230;","datePublished":"2025-11-14T06:39:18+00:00","dateModified":"2025-11-14T06:39:19+00:00","mainEntityOfPage":{"@id":"https:\/\/www.strassenweb.de\/nachrichten\/experten-sagen-dass-das-planungs-und-infrastrukturgesetz\/"},"wordCount":671,"publisher":{"@id":"https:\/\/www.strassenweb.de\/nachrichten\/#organization"},"image":{"@id":"https:\/\/www.strassenweb.de\/nachrichten\/experten-sagen-dass-das-planungs-und-infrastrukturgesetz\/#primaryimage"},"thumbnailUrl":"https:\/\/www.strassenweb.de\/nachrichten\/wp-content\/uploads\/2025\/11\/Experten-sagen-dass-das-Planungs-und-Infrastrukturgesetz.png","keywords":["das","dass","Experten","Infrastrukturgesetz","Planungs","sagen","und"],"articleSection":["\u00d6kologie"],"inLanguage":"de"},{"@type":"WebPage","@id":"https:\/\/www.strassenweb.de\/nachrichten\/experten-sagen-dass-das-planungs-und-infrastrukturgesetz\/","url":"https:\/\/www.strassenweb.de\/nachrichten\/experten-sagen-dass-das-planungs-und-infrastrukturgesetz\/","name":"Experten sagen, dass das Planungs- und Infrastrukturgesetz ... - Nachrichten - Stra\u00dfenweb","isPartOf":{"@id":"https:\/\/www.strassenweb.de\/nachrichten\/#website"},"primaryImageOfPage":{"@id":"https:\/\/www.strassenweb.de\/nachrichten\/experten-sagen-dass-das-planungs-und-infrastrukturgesetz\/#primaryimage"},"image":{"@id":"https:\/\/www.strassenweb.de\/nachrichten\/experten-sagen-dass-das-planungs-und-infrastrukturgesetz\/#primaryimage"},"thumbnailUrl":"https:\/\/www.strassenweb.de\/nachrichten\/wp-content\/uploads\/2025\/11\/Experten-sagen-dass-das-Planungs-und-Infrastrukturgesetz.png","datePublished":"2025-11-14T06:39:18+00:00","dateModified":"2025-11-14T06:39:19+00:00","breadcrumb":{"@id":"https:\/\/www.strassenweb.de\/nachrichten\/experten-sagen-dass-das-planungs-und-infrastrukturgesetz\/#breadcrumb"},"inLanguage":"de","potentialAction":[{"@type":"ReadAction","target":["https:\/\/www.strassenweb.de\/nachrichten\/experten-sagen-dass-das-planungs-und-infrastrukturgesetz\/"]}]},{"@type":"ImageObject","inLanguage":"de","@id":"https:\/\/www.strassenweb.de\/nachrichten\/experten-sagen-dass-das-planungs-und-infrastrukturgesetz\/#primaryimage","url":"https:\/\/www.strassenweb.de\/nachrichten\/wp-content\/uploads\/2025\/11\/Experten-sagen-dass-das-Planungs-und-Infrastrukturgesetz.png","contentUrl":"https:\/\/www.strassenweb.de\/nachrichten\/wp-content\/uploads\/2025\/11\/Experten-sagen-dass-das-Planungs-und-Infrastrukturgesetz.png","width":900,"height":537,"caption":"Experts say the Planning and Infrastructure Bill could be transformative if executed well"},{"@type":"BreadcrumbList","@id":"https:\/\/www.strassenweb.de\/nachrichten\/experten-sagen-dass-das-planungs-und-infrastrukturgesetz\/#breadcrumb","itemListElement":[{"@type":"ListItem","position":1,"name":"Home","item":"https:\/\/www.strassenweb.de\/nachrichten\/"},{"@type":"ListItem","position":2,"name":"Experten sagen, dass das Planungs- und Infrastrukturgesetz &#8230;"}]},{"@type":"WebSite","@id":"https:\/\/www.strassenweb.de\/nachrichten\/#website","url":"https:\/\/www.strassenweb.de\/nachrichten\/","name":"Stra\u00dfenweb","description":"Stra\u00dfenverzeichnis f\u00fcr Deutschland","publisher":{"@id":"https:\/\/www.strassenweb.de\/nachrichten\/#organization"},"potentialAction":[{"@type":"SearchAction","target":{"@type":"EntryPoint","urlTemplate":"https:\/\/www.strassenweb.de\/nachrichten\/?s={search_term_string}"},"query-input":{"@type":"PropertyValueSpecification","valueRequired":true,"valueName":"search_term_string"}}],"inLanguage":"de"},{"@type":"Organization","@id":"https:\/\/www.strassenweb.de\/nachrichten\/#organization","name":"Stra\u00dfenweb","url":"https:\/\/www.strassenweb.de\/nachrichten\/","logo":{"@type":"ImageObject","inLanguage":"de","@id":"https:\/\/www.strassenweb.de\/nachrichten\/#\/schema\/logo\/image\/","url":"https:\/\/www.strassenweb.de\/nachrichten\/wp-content\/uploads\/2024\/09\/cropped-favicon.png","contentUrl":"https:\/\/www.strassenweb.de\/nachrichten\/wp-content\/uploads\/2024\/09\/cropped-favicon.png","width":512,"height":512,"caption":"Stra\u00dfenweb"},"image":{"@id":"https:\/\/www.strassenweb.de\/nachrichten\/#\/schema\/logo\/image\/"},"sameAs":["https:\/\/www.facebook.com\/strassenweb\/"]},{"@type":"Person","@id":"https:\/\/www.strassenweb.de\/nachrichten\/#\/schema\/person\/87c9c9067f1211da429a744dc5a5aa41","name":"Robert Hoffmann","image":{"@type":"ImageObject","inLanguage":"de","@id":"https:\/\/www.strassenweb.de\/nachrichten\/wp-content\/uploads\/2024\/09\/strassenweb-150x150.jpg","url":"https:\/\/www.strassenweb.de\/nachrichten\/wp-content\/uploads\/2024\/09\/strassenweb-150x150.jpg","contentUrl":"https:\/\/www.strassenweb.de\/nachrichten\/wp-content\/uploads\/2024\/09\/strassenweb-150x150.jpg","caption":"Robert Hoffmann"},"description":"Ich hei\u00dfe Robert Hoffmann und ich bin ein leidenschaftlicher Verfechter von \u00d6kologie und Biodiversit\u00e4t. Seit meiner Kindheit in den W\u00e4ldern Bayerns f\u00fchle ich mich mit der Natur verbunden und bin entschlossen, sie zu sch\u00fctzen. Heute widme ich mein Leben der Sensibilisierung anderer f\u00fcr die Bedeutung des Umweltschutzes f\u00fcr zuk\u00fcnftige Generationen.","sameAs":["https:\/\/www.strassenweb.de\/"]}]}},"_links":{"self":[{"href":"https:\/\/www.strassenweb.de\/nachrichten\/wp-json\/wp\/v2\/posts\/9150","targetHints":{"allow":["GET"]}}],"collection":[{"href":"https:\/\/www.strassenweb.de\/nachrichten\/wp-json\/wp\/v2\/posts"}],"about":[{"href":"https:\/\/www.strassenweb.de\/nachrichten\/wp-json\/wp\/v2\/types\/post"}],"author":[{"embeddable":true,"href":"https:\/\/www.strassenweb.de\/nachrichten\/wp-json\/wp\/v2\/users\/1"}],"replies":[{"embeddable":true,"href":"https:\/\/www.strassenweb.de\/nachrichten\/wp-json\/wp\/v2\/comments?post=9150"}],"version-history":[{"count":0,"href":"https:\/\/www.strassenweb.de\/nachrichten\/wp-json\/wp\/v2\/posts\/9150\/revisions"}],"wp:featuredmedia":[{"embeddable":true,"href":"https:\/\/www.strassenweb.de\/nachrichten\/wp-json\/wp\/v2\/media\/9151"}],"wp:attachment":[{"href":"https:\/\/www.strassenweb.de\/nachrichten\/wp-json\/wp\/v2\/media?parent=9150"}],"wp:term":[{"taxonomy":"category","embeddable":true,"href":"https:\/\/www.strassenweb.de\/nachrichten\/wp-json\/wp\/v2\/categories?post=9150"},{"taxonomy":"post_tag","embeddable":true,"href":"https:\/\/www.strassenweb.de\/nachrichten\/wp-json\/wp\/v2\/tags?post=9150"}],"curies":[{"name":"wp","href":"https:\/\/api.w.org\/{rel}","templated":true}]}}