{"id":9147,"date":"2025-11-14T06:54:48","date_gmt":"2025-11-14T05:54:48","guid":{"rendered":"https:\/\/www.strassenweb.de\/nachrichten\/charaktervolle-architektur-vielschichtiges-dekor-und-festliche-ergaenzungen-ergeben-zusammen-die-gemuetlichste-kueche-in-diesem-cottage-haus\/"},"modified":"2025-11-14T06:54:49","modified_gmt":"2025-11-14T05:54:49","slug":"charaktervolle-architektur-vielschichtiges-dekor-und-festliche-ergaenzungen-ergeben-zusammen-die-gemuetlichste-kueche-in-diesem-cottage-haus","status":"publish","type":"post","link":"https:\/\/www.strassenweb.de\/nachrichten\/charaktervolle-architektur-vielschichtiges-dekor-und-festliche-ergaenzungen-ergeben-zusammen-die-gemuetlichste-kueche-in-diesem-cottage-haus\/","title":{"rendered":"Charaktervolle Architektur, vielschichtiges Dekor und festliche Erg\u00e4nzungen ergeben zusammen die gem\u00fctlichste K\u00fcche in diesem Cottage-Haus"},"content":{"rendered":"<p><\/p>\n<div id=\"article-body\" class=\"article__body \">\n<p id=\"0ee5cc41-de84-4221-b31f-aedc919aea4f\">Mit ihren niedrigen Decken, charaktervollen Details und antiken Elementen strahlen Cottages eine angeborene Gem\u00fctlichkeit aus. Aber es gibt etwas an der Weihnachtszeit, das sie wirklich zum Leben erweckt, insbesondere die K\u00fcche, die als wahres Herzst\u00fcck des Zuhauses dient.<\/p>\n<div id=\"ad-unit-1\" class=\"ad-unit\"><\/div>\n<p>Und das gem\u00fctliche Cottage der Designerin Sophie Garland aus dem 16. Jahrhundert ist ein Beweis daf\u00fcr, wie bezaubernd diese R\u00e4ume sein k\u00f6nnen, wenn sie zu Weihnachten geschm\u00fcckt sind. Aber es sind mehr als nur ein paar festliche Dekorationen, die es so \u00fcberzeugend machen.<\/p>\n<p>Tats\u00e4chlich ist diese gem\u00fctliche K\u00fcche ein Beispiel daf\u00fcr, wie man mit antiken Elementen, niedrigen Decken und ausgefallenen Grundrissen gestaltet. Mit einem durchdachten Design- und Einrichtungsansatz ist es zu einem \u00e4u\u00dferst einladenden und w\u00e4rmenden Raum geworden \u2013 perfekt f\u00fcr die Weihnachtsfeierlichkeiten und dar\u00fcber hinaus.<\/p>\n<div class=\"van_vid_carousel\">\n<div class=\"van_vid_carousel__padding\">\n<div class=\"van_vid_carousel__container\"><\/div>\n<\/div>\n<\/div>\n<figure class=\"van-image-figure inline-layout \" data-bordeaux-image-check id=\"ef577d0e-42f6-428d-9643-0d2122429479\">\n<div class=\"image-full-width-wrapper\">\n<div class=\"image-widthsetter\" style=\"max-width:2000px;\"><\/div>\n<\/div>\n<\/figure>\n<p id=\"5a2cc83e-852d-4762-a990-d6c4a701a4af\">F\u00fcr die Innenarchitektin Sophie Garland war dieses alte Haus eine Herzensangelegenheit. Vor der Renovierung war das Haus, das urspr\u00fcnglich aus zwei separaten Cottages bestand, veraltet und brauchte etwas Freude und Charakter, der ihm wieder verliehen werden sollte.<\/p>\n<div id=\"ad-unit-2\" class=\"ad-unit\"><\/div>\n<aside data-block-type=\"embed\" data-render-type=\"fte\" data-skip=\"dealsy\" data-widget-type=\"seasonal\" class=\"hawk-root\"><\/aside>\n<p id=\"5a2cc83e-852d-4762-a990-d6c4a701a4af-1\">\u201eDie K\u00fcche hatte zuvor ein \u00e4hnliches Layout, aber es schien definitiv, als k\u00f6nnte noch mehr getan werden, damit sie ger\u00e4umig und zusammenh\u00e4ngend wirkt. \u201eEs gab viele sperrige Hochschr\u00e4nke, die ich durch offene Regale ersetzt habe \u2013 dadurch wirkte der Raum sofort heller und offener\u201c, erinnert sich Sophie.<\/p>\n<p>\u201eEine weitere gro\u00dfe \u00c4nderung war die Hinzuf\u00fcgung eines raumhohen Vorratsschranks in einer zuvor leeren, ungenutzten Ecke. Damit es sich vom Rest der K\u00fcchenm\u00f6bel abhebt, habe ich eine der alten T\u00fcren verwendet, die wir aus einem anderen Teil des Hauses entfernt hatten. Obwohl es nur ein Schrank ist, vermittelt es jetzt die Illusion eines gr\u00f6\u00dferen Raums dahinter.\u201c<\/p>\n<p>Wiederverwendung und Wiederverwendung waren ein Ethos, das Sophie w\u00e4hrend des gesamten K\u00fcchenprojekts vertrat. Sie versuchte, so viele Elemente wie m\u00f6glich beizubehalten und zu verbessern, sei es durch die Umnutzung von T\u00fcren aus anderen Teilen des Hauses oder durch die Wiederbelebung alter Schr\u00e4nke.<\/p>\n<div id=\"slice-container-newsletterForm-articleInbodyContent-PPumvoVYqYYaHnzwL5Uy2a\" class=\"slice-container newsletter-inbodyContent-slice newsletterForm-articleInbodyContent-PPumvoVYqYYaHnzwL5Uy2a slice-container-newsletterForm\"><\/div>\n<figure class=\"van-image-figure inline-layout \" data-bordeaux-image-check id=\"0c60c8da-6db6-4a2f-93ed-5e18e022a126\">\n<div class=\"image-full-width-wrapper\">\n<div class=\"image-widthsetter\" style=\"max-width:2000px;\"><\/div>\n<\/div>\n<\/figure>\n<p id=\"12f94d2b-1c91-4b00-9478-e87308ae3584\">\u201eIch wollte die restlichen Schr\u00e4nke nicht ersetzen, da sie in gutem Zustand waren, also habe ich sie in Farrow &#038; Ball&#8217;s Pointing neu gestrichen und die Griffe durch etwas modernere, schlichte antike Messinggriffe ersetzt.\u201c Au\u00dferdem habe ich alle Ger\u00e4te integriert, sodass K\u00fchlschrank und Geschirrsp\u00fcler jetzt diskret hinter Schrankt\u00fcren untergebracht sind\u201c, erkl\u00e4rt sie.<\/p>\n<p>Diese durchdachten Aktualisierungen, Austauschma\u00dfnahmen und neuen Funktionen haben die K\u00fcche vollst\u00e4ndig in den gem\u00fctlichsten Raum verwandelt, gef\u00fcllt mit Farbe, W\u00e4rme und zeitlosen Dekorelementen, die sich gleicherma\u00dfen stilvoll und individuell anf\u00fchlen.<\/p>\n<p>\u201eDer Stil des Cottages ist jetzt definitiv voller Farben und Muster!\u201c Es hat den Charme einer alten Landk\u00fcche, aber mit einem Hauch von Jugend und Spa\u00df! \u201eDurch die sanfteren Farben und die Wahl der M\u00f6bel wirkt es heller und luftiger\u201c, beschreibt Sophie.<\/p>\n<p>Eine K\u00fcche mit niedrigen Decken kann schwierig zu gestalten sein \u2013 Sie ben\u00f6tigen immer noch ausreichend Stauraum, aber Oberschr\u00e4nke k\u00f6nnen dazu f\u00fchren, dass sich der Raum \u00fcberf\u00fcllt und dunkel anf\u00fchlt \u2013 ein Problem, das Sophie durch die Einf\u00fchrung offener Regale \u00fcberwunden hat. Aber auch hier war Farbe wichtig.<\/p>\n<figure class=\"van-image-figure inline-layout \" data-bordeaux-image-check id=\"53fe9736-4e52-4c08-b65b-dae017fd4689\">\n<div class=\"image-full-width-wrapper\">\n<div class=\"image-widthsetter\" style=\"max-width:2000px;\"><\/div>\n<\/div>\n<\/figure>\n<p id=\"a5bdc5a8-df28-415d-9ee9-d30089dbd742\">\u201eDie niedrige Decke und die dunklen Balken waren die gr\u00f6\u00dfte Herausforderung, da ich wirklich nicht wollte, dass der Raum d\u00fcster wirkt. F\u00fcr die W\u00e4nde habe ich Pink Ground von Farrow &#038; Ball gew\u00e4hlt \u2013 es ist ein warmes Rosa, das immer noch frisch und belebend wirkt. Um die dunklen Balken auszugleichen, habe ich einen gro\u00dfen Tisch aus hell geseifter Eiche des d\u00e4nischen M\u00f6belunternehmens Carl Hansen mitgebracht, der dem Raum Helligkeit und Kontrast verleiht\u201c, erkl\u00e4rt sie.<\/p>\n<p>Die Farbwahl war nicht nur wichtig, um eine helle, offene Atmosph\u00e4re als Kontrast zu den dunkleren Holzt\u00f6nen zu schaffen, sondern sie trug auch zu der warmen, gem\u00fctlichen Atmosph\u00e4re bei, die Sophie geschaffen hat.<\/p>\n<p>\u201eDie W\u00e4rme der Wandfarbe gepaart mit den hellen M\u00f6beln und antiken Messingbeschl\u00e4gen hat wirklich dazu beigetragen, dieses gem\u00fctliche Gef\u00fchl zu erzeugen.\u201c \u201eDie plissierten Leinenvorh\u00e4nge und Raffrollos sorgen f\u00fcr Weichheit und ein klassisches Landhausgef\u00fchl, w\u00e4hrend der gro\u00dfe Aga in der Mitte sofort ein Gef\u00fchl von W\u00e4rme und Komfort vermittelt.\u201c<\/p>\n<figure class=\"van-image-figure inline-layout \" data-bordeaux-image-check id=\"6841fcac-8838-4a43-85ce-7f53f319c049\">\n<div class=\"image-full-width-wrapper\">\n<div class=\"image-widthsetter\" style=\"max-width:2400px;\"><\/div>\n<\/div>\n<\/figure>\n<p id=\"a7132aaf-1bc8-4b86-b98c-8da420fe176a\">Hier gibt es einen mehrschichtigen Ansatz bei der Einrichtung, der zur behaglichen Atmosph\u00e4re beitr\u00e4gt. \u201eDer Ausgangspunkt war der Vorhang- und Rollostoff, ein wundersch\u00f6ner gr\u00fcner botanischer Druck von Josef Frank. Ich wollte es schon seit Ewigkeiten nutzen, und dieses Zimmer, umgeben von Gartenblick, war der perfekte Ort. \u201eDer Stoff hat eine moderne Note, die sehr gut zu den \u00e4lteren, traditionelleren Elementen im Raum passt\u201c, erkl\u00e4rt sie.<\/p>\n<p>\u201eIch habe antike St\u00fccke hinzugef\u00fcgt, wie einen dunklen Holztisch, der jetzt als Bar dient und den ich vor Ort gefunden habe.\u201c Obenauf liegt einer meiner Lieblingsfunde, ein silbernes antikes Tablett auf L\u00f6wenf\u00fc\u00dfen vom Portobello Market. Es gibt eine echte Mischung aus Alt und Neu, die dem Raum das Gef\u00fchl gibt, er sei weiterentwickelt worden. \u201eEs war wichtig, den urspr\u00fcnglichen Charme des Cottages mit Antiquit\u00e4ten wiederzubeleben, ihn aber mit modernen Akzenten auszugleichen, damit es nicht zu formell oder spie\u00dfig wirkt.\u201c<\/p>\n<p>Als Kontrast zu den rosa W\u00e4nden und den wei\u00dfen Schr\u00e4nken bemalte Sophie die Vintage-Esszimmerst\u00fchle in \u201ePuck\u201c von Little Greene. \u201eEs ist dunkelgr\u00fcn, aber von wunderbarer Helligkeit, und die Eierschalenoberfl\u00e4che reflektiert das Licht wundersch\u00f6n.\u201c \u201eIch habe die urspr\u00fcnglichen Wandleuchten beibehalten, sie aber in Incarnadine von Farrow &#038; Ball lackiert, einem meiner Lieblingsrott\u00f6ne, das f\u00fcr einen fr\u00f6hlichen Farbtupfer sorgt\u201c, f\u00fcgt sie hinzu.<\/p>\n<figure class=\"van-image-figure inline-layout \" data-bordeaux-image-check id=\"4639ae70-e0e4-46b4-9f93-49c2f0c3908a\">\n<div class=\"image-full-width-wrapper\">\n<div class=\"image-widthsetter\" style=\"max-width:2000px;\"><\/div>\n<\/div>\n<\/figure>\n<p id=\"490f9a4f-d362-471a-94ff-3563a3e8f667\">Aber f\u00fcr Sophie ist es die Hausbar, die wirklich aus dem Raum heraussticht und den perfekten Gastgeber-Ecke, besonders f\u00fcr die Feiertage, schafft. \u201eWir haben den alten Kamin, der bereits entfernt worden war, in einen Barbereich umgewandelt.\u201c \u201eEs ist eine unterhaltsame Erg\u00e4nzung und eine gro\u00dfartige M\u00f6glichkeit, den ehemals riesigen Raum zu nutzen.\u201c<\/p>\n<p>All diese Designmerkmale zusammen sorgen daf\u00fcr, dass sich diese K\u00fcche so warm, einladend und gem\u00fctlich anf\u00fchlt. Und Sophies Rat f\u00fcr die gem\u00fctlichste K\u00fcche?<\/p>\n<p>\u201eBehandeln Sie es wie einen weiteren Wohnraum.\u201c Kombinieren Sie Ihre Beleuchtung mit Decken- und Wandleuchten sowie Tischlampen und f\u00fcgen Sie, wenn m\u00f6glich, Kerzenleuchter hinzu. \u201eVorh\u00e4nge und Jalousien tragen wirklich dazu bei, die h\u00e4rteren Oberfl\u00e4chen weicher zu machen, und Sitzkissen sind eine sch\u00f6ne M\u00f6glichkeit, zus\u00e4tzlichen Stoff und W\u00e4rme hinzuzuf\u00fcgen.\u201c<\/p>\n<h2 id=\"shop-the-look-3\">Shoppen Sie den Look<\/h2>\n<aside data-block-type=\"embed\" data-hawk-json='{\"collection\":{\"blocks\":({\"modelName\":\"Red Taper Candles 6-Pack\",\"productName\":\"Red Taper Candles 6-Pack\",\"brand\":\"H&amp;M\",\"price\":null,\"wasPrice\":null,\"currency\":null,\"image\":{\"copyright\":\"\",\"height\":2000,\"id\":\"pGxWREAno6nzkVNKECGzhT\",\"mimeType\":\"image\/jpeg\",\"mos\":\"https:\/\/cdn.mos.cms.futurecdn.net\/pGxWREAno6nzkVNKECGzhT.jpg\",\"role\":\"\",\"width\":2000,\"credit\":\"H&amp;M\",\"alt\":\"H&amp;M, Red Taper Candles 6-Pack\",\"caption\":\"\"},\"link\":{\"url\":\"https:\/\/click.linksynergy.com\/deeplink?id=2P555SNI1Kc&amp;mid=43250&amp;u1=hawk-custom-tracking&amp;murl=https%3A%2F%2Fwww2.hm.com%2Fen_us%2Fproductpage.1247920007.html\",\"linkText\":\"View at H&amp;M\",\"editorialMerchantName\":\"\",\"merchantId\":311618,\"merchantNetwork\":\"LSwww\",\"merchantUrl\":\"hm.com\",\"merchantName\":\"H&amp;M\"},\"noAffiliateTracking\":false,\"linkMerchant\":\"H&amp;M\"},{\"modelName\":\"Set of 4 Vintage Mid Century \"carimate\" Chairs by Vico Magistretti\",\"productName\":\"Set of 4 Vintage Mid Century \"carimate\" Chairs by Vico Magistretti\",\"brand\":\"Chairish\",\"price\":3999,\"wasPrice\":null,\"currency\":\"USD\",\"image\":{\"copyright\":\"\",\"height\":4344,\"id\":\"8d7ozwrhGa5iGHVtoPhwQX\",\"mimeType\":\"image\/jpeg\",\"mos\":\"https:\/\/cdn.mos.cms.futurecdn.net\/v2\/t:382,l:0,cw:3475,ch:3475,q:80\/8d7ozwrhGa5iGHVtoPhwQX.jpg\",\"role\":\"\",\"width\":3475,\"credit\":\"Vico Magistretti\",\"alt\":\"Set of 4 Vintage Mid Century \"carimate\" Chairs by Vico Magistretti\",\"caption\":\"\",\"crop\":{\"top\":382,\"left\":0,\"cropWidth\":3475,\"cropHeight\":3475,\"quality\":80}},\"link\":{\"url\":\"https:\/\/www.pntra.com\/t\/8-12703-101987-251551?sid=hawk-custom-tracking&amp;website=194177&amp;url=https%3A%2F%2Fwww.chairish.com%2Fproduct%2F28994187%2Fset-of-4-vintage-mid-century-carimate-chairs-by-vico-magistretti\",\"linkText\":\"View at Chairish\",\"editorialMerchantName\":\"\",\"merchantId\":299915,\"merchantNetwork\":\"PJ\",\"merchantUrl\":\"chairish.com\",\"merchantName\":\"Chairish\"},\"noAffiliateTracking\":false,\"linkMerchant\":\"Chairish\"},{\"modelName\":\"Le Creusetu00ae Black Pepper Mill\",\"productName\":\"Le Creusetu00ae Black Pepper Mill\",\"brand\":\"Crate &amp; Barrel\",\"price\":47.95,\"wasPrice\":null,\"currency\":\"USD\",\"image\":{\"copyright\":\"\",\"height\":800,\"id\":\"UhGL36DvNFYWYBdzGBPyg7\",\"mimeType\":\"image\/jpeg\",\"mos\":\"https:\/\/cdn.mos.cms.futurecdn.net\/UhGL36DvNFYWYBdzGBPyg7.jpg\",\"role\":\"\",\"width\":800,\"credit\":\"Le Creuset\",\"alt\":\"Le Creuset u00ae Black Pepper Mill\",\"caption\":\"\"},\"link\":{\"url\":\"https:\/\/cratebarrel.pxf.io\/c\/221109\/1761190\/20651?subId1=hawk-custom-tracking&amp;sharedId=hawk&amp;u=https%3A%2F%2Fwww.crateandbarrel.com%2Fle-creuset-black-pepper-mill%2Fs631947\",\"linkText\":\"View at Crate &amp; Barrel\",\"editorialMerchantName\":\"\",\"merchantId\":537428,\"merchantNetwork\":\"ImpactRad\",\"merchantUrl\":\"crateandbarrel.com\",\"merchantName\":\"Crate &amp; Barrel\"},\"noAffiliateTracking\":false,\"linkMerchant\":\"Crate &amp; Barrel\"},{\"modelName\":\"Frey Cabinet Knobs\",\"productName\":\"Frey Cabinet Knobs\",\"brand\":\"Pottery Barn\",\"price\":6.99,\"wasPrice\":null,\"currency\":\"USD\",\"image\":{\"copyright\":\"\",\"height\":900,\"id\":\"mbi8UjkkSVKSjDMQeJqbem\",\"mimeType\":\"image\/jpeg\",\"mos\":\"https:\/\/cdn.mos.cms.futurecdn.net\/v2\/t:0,l:46,cw:900,ch:900,q:80\/mbi8UjkkSVKSjDMQeJqbem.jpg\",\"role\":\"\",\"width\":1000,\"credit\":\"Pottery Barn\",\"alt\":\"Pottery Barn, Frey Cabinet Knobs\",\"caption\":\"\",\"crop\":{\"top\":0,\"left\":46,\"cropWidth\":900,\"cropHeight\":900,\"quality\":80}},\"link\":{\"url\":\"https:\/\/pottery-barn.o3ae.net\/c\/221109\/267848\/4332?subId1=hawk-custom-tracking&amp;sharedId=hawk&amp;u=https%3A%2F%2Fwww.potterybarn.com%2Fproducts%2Ffrey-knobs%2F\",\"linkText\":\"View at Pottery Barn\",\"editorialMerchantName\":\"\",\"merchantId\":325025,\"merchantNetwork\":\"ImpactRad\",\"merchantUrl\":\"potterybarn.com\",\"merchantName\":\"Pottery Barn US\"},\"noAffiliateTracking\":false,\"linkMerchant\":\"Pottery Barn US\"},{\"modelName\":\"Cream Scalloped Cake Stand\",\"productName\":\"Cream Scalloped Cake Stand\",\"brand\":\"Magnolia\",\"price\":42,\"wasPrice\":null,\"currency\":\"USD\",\"image\":{\"copyright\":\"\",\"height\":1920,\"id\":\"fHcxK2uerka956VDgyS2SH\",\"mimeType\":\"image\/jpeg\",\"mos\":\"https:\/\/cdn.mos.cms.futurecdn.net\/fHcxK2uerka956VDgyS2SH.jpg\",\"role\":\"\",\"width\":1920,\"credit\":\"VND0164 Creative Co-op Inc\",\"alt\":\"Cream Scalloped Cake Stand\",\"caption\":\"\"},\"link\":{\"url\":\"https:\/\/magnolia.pxf.io\/c\/221109\/1593884\/18489?subId1=hawk-custom-tracking&amp;sharedId=hawk&amp;u=https%3A%2F%2Fmagnolia.com%2Fproducts%2Fcream-scalloped-cake-stand\",\"linkText\":\"View at Magnolia\",\"editorialMerchantName\":\"\",\"merchantId\":276883,\"merchantNetwork\":\"ImpactRad\",\"merchantUrl\":\"magnolia.com\",\"merchantName\":\"Magnolia\"},\"noAffiliateTracking\":false,\"linkMerchant\":\"Magnolia\"},{\"modelName\":\"Constance Shelf Bracket\",\"productName\":\"Constance Shelf Bracket\",\"brand\":\"AnthroHome\",\"price\":28,\"wasPrice\":null,\"currency\":\"USD\",\"image\":{\"copyright\":\"\",\"height\":1971,\"id\":\"rw9AT9MKxGSBWrkFBUC9VK\",\"mimeType\":\"image\/webp\",\"mos\":\"https:\/\/cdn.mos.cms.futurecdn.net\/v2\/t:469,l:0,cw:1314,ch:1314,q:80\/rw9AT9MKxGSBWrkFBUC9VK.webp\",\"role\":\"\",\"width\":1314,\"credit\":\"AnthroHome\",\"alt\":\"Constance Shelf Bracket\",\"caption\":\"\",\"crop\":{\"top\":469,\"left\":0,\"cropWidth\":1314,\"cropHeight\":1314,\"quality\":80}},\"link\":{\"url\":\"https:\/\/click.linksynergy.com\/deeplink?id=kXQk6%2AivFEQ&amp;mid=37257&amp;u1=hawk-custom-tracking&amp;murl=https%3A%2F%2Fwww.anthropologie.com%2Fanthrohome%2Fshop%2Fconstance-shelf-bracket\",\"linkText\":\"View at Anthropologie\",\"editorialMerchantName\":\"\",\"merchantId\":23553,\"merchantNetwork\":\"LS\",\"merchantUrl\":\"anthropologie.com\",\"merchantName\":\"Anthropologie\"},\"noAffiliateTracking\":false,\"linkMerchant\":\"Anthropologie\"})}}' data-model-name=\"Red Taper Candles 6-Pack,Set of 4 Vintage Mid Century \" carimate chairs by vico magistretti creuset black pepper mill cabinet knobs scalloped cake stand shelf bracket data-render-type=\"fte\" data-skip=\"disabled\" data-widget-type=\"collection\" class=\"hawk-root\"><\/aside>\n<div class=\"product-container hero-product-container product-block-no-wrap\">\n<div class=\"product-block-row\"><\/div>\n<div class=\"product-block-row\"><\/div>\n<div class=\"product-block-row\"><\/div>\n<div class=\"product-block-row\"><\/div>\n<div class=\"product-block-row\"><\/div>\n<div class=\"product-block-row\"><\/div>\n<\/div>\n<hr id=\"1a046f0b-79ed-4345-af08-a91ac5aac2e0\">\n<p id=\"f1a5e3d1-fff0-4890-8165-5b40db7f025b\">Vom Sommer \u00fcber den Winter bis hin zu den festlichsten Weihnachtsfeierlichkeiten beweist Sophies Cottage-K\u00fcche, dass schwierige Architektur f\u00fcr ein charaktervolles, gem\u00fctliches Design ber\u00fccksichtigt werden sollte. Und w\u00e4hrend wir auf die Feiertage zusteuern, verleihen ihre Weihnachtsdekorationsideen eine zus\u00e4tzliche Schicht festlichen Charmes.<\/p>\n<\/div>\n","protected":false},"excerpt":{"rendered":"<p>Mit ihren niedrigen Decken, charaktervollen Details und antiken Elementen strahlen Cottages eine angeborene Gem\u00fctlichkeit aus. Aber es gibt etwas an der Weihnachtszeit, das sie wirklich<\/p>\n","protected":false},"author":1,"featured_media":9148,"comment_status":"closed","ping_status":"","sticky":false,"template":"","format":"standard","meta":{"footnotes":""},"categories":[118],"tags":[6293,4103,11474,4059,9,32,11473,1664,2971,3978,468,37,11472,1349],"class_list":["post-9147","post","type-post","status-publish","format-standard","has-post-thumbnail","hentry","category-haus-garten","tag-architektur","tag-charaktervolle","tag-cottagehaus","tag-dekor","tag-die","tag-diesem","tag-ergaenzungen","tag-ergeben","tag-festliche","tag-gemuetlichste","tag-kueche","tag-und","tag-vielschichtiges","tag-zusammen","generate-columns","tablet-grid-50","mobile-grid-100","grid-parent","grid-50"],"yoast_head":"<!-- This site is optimized with the Yoast SEO plugin v27.3 - https:\/\/yoast.com\/product\/yoast-seo-wordpress\/ -->\n<title>Charaktervolle Architektur, vielschichtiges Dekor und festliche Erg\u00e4nzungen ergeben zusammen die gem\u00fctlichste K\u00fcche in diesem Cottage-Haus - Nachrichten - Stra\u00dfenweb<\/title>\n<meta name=\"robots\" content=\"index, follow, max-snippet:-1, max-image-preview:large, max-video-preview:-1\" \/>\n<link rel=\"canonical\" href=\"https:\/\/www.strassenweb.de\/nachrichten\/charaktervolle-architektur-vielschichtiges-dekor-und-festliche-ergaenzungen-ergeben-zusammen-die-gemuetlichste-kueche-in-diesem-cottage-haus\/\" \/>\n<meta property=\"og:locale\" content=\"de_DE\" \/>\n<meta property=\"og:type\" content=\"article\" \/>\n<meta property=\"og:title\" content=\"Charaktervolle Architektur, vielschichtiges Dekor und festliche Erg\u00e4nzungen ergeben zusammen die gem\u00fctlichste K\u00fcche in diesem Cottage-Haus - Nachrichten - Stra\u00dfenweb\" \/>\n<meta property=\"og:description\" content=\"Mit ihren niedrigen Decken, charaktervollen Details und antiken Elementen strahlen Cottages eine angeborene Gem\u00fctlichkeit aus. Aber es gibt etwas an der Weihnachtszeit, das sie wirklich\" \/>\n<meta property=\"og:url\" content=\"https:\/\/www.strassenweb.de\/nachrichten\/charaktervolle-architektur-vielschichtiges-dekor-und-festliche-ergaenzungen-ergeben-zusammen-die-gemuetlichste-kueche-in-diesem-cottage-haus\/\" \/>\n<meta property=\"og:site_name\" content=\"Stra\u00dfenweb\" \/>\n<meta property=\"article:publisher\" content=\"https:\/\/www.facebook.com\/strassenweb\/\" \/>\n<meta property=\"article:published_time\" content=\"2025-11-14T05:54:48+00:00\" \/>\n<meta property=\"article:modified_time\" content=\"2025-11-14T05:54:49+00:00\" \/>\n<meta property=\"og:image\" content=\"https:\/\/www.strassenweb.de\/nachrichten\/wp-content\/uploads\/2025\/11\/Charaktervolle-Architektur-vielschichtiges-Dekor-und-festliche-Ergaenzungen-ergeben-zusammen-die.jpg\" \/>\n\t<meta property=\"og:image:width\" content=\"1600\" \/>\n\t<meta property=\"og:image:height\" content=\"900\" \/>\n\t<meta property=\"og:image:type\" content=\"image\/jpeg\" \/>\n<meta name=\"author\" content=\"Robert Hoffmann\" \/>\n<meta name=\"twitter:card\" content=\"summary_large_image\" \/>\n<meta name=\"twitter:label1\" content=\"Verfasst von\" \/>\n\t<meta name=\"twitter:data1\" content=\"Robert Hoffmann\" \/>\n\t<meta name=\"twitter:label2\" content=\"Gesch\u00e4tzte Lesezeit\" \/>\n\t<meta name=\"twitter:data2\" content=\"6\u00a0Minuten\" \/>\n<script type=\"application\/ld+json\" class=\"yoast-schema-graph\">{\"@context\":\"https:\\\/\\\/schema.org\",\"@graph\":[{\"@type\":\"Article\",\"@id\":\"https:\\\/\\\/www.strassenweb.de\\\/nachrichten\\\/charaktervolle-architektur-vielschichtiges-dekor-und-festliche-ergaenzungen-ergeben-zusammen-die-gemuetlichste-kueche-in-diesem-cottage-haus\\\/#article\",\"isPartOf\":{\"@id\":\"https:\\\/\\\/www.strassenweb.de\\\/nachrichten\\\/charaktervolle-architektur-vielschichtiges-dekor-und-festliche-ergaenzungen-ergeben-zusammen-die-gemuetlichste-kueche-in-diesem-cottage-haus\\\/\"},\"author\":{\"name\":\"Robert Hoffmann\",\"@id\":\"https:\\\/\\\/www.strassenweb.de\\\/nachrichten\\\/#\\\/schema\\\/person\\\/87c9c9067f1211da429a744dc5a5aa41\"},\"headline\":\"Charaktervolle Architektur, vielschichtiges Dekor und festliche Erg\u00e4nzungen ergeben zusammen die gem\u00fctlichste K\u00fcche in diesem Cottage-Haus\",\"datePublished\":\"2025-11-14T05:54:48+00:00\",\"dateModified\":\"2025-11-14T05:54:49+00:00\",\"mainEntityOfPage\":{\"@id\":\"https:\\\/\\\/www.strassenweb.de\\\/nachrichten\\\/charaktervolle-architektur-vielschichtiges-dekor-und-festliche-ergaenzungen-ergeben-zusammen-die-gemuetlichste-kueche-in-diesem-cottage-haus\\\/\"},\"wordCount\":1151,\"publisher\":{\"@id\":\"https:\\\/\\\/www.strassenweb.de\\\/nachrichten\\\/#organization\"},\"image\":{\"@id\":\"https:\\\/\\\/www.strassenweb.de\\\/nachrichten\\\/charaktervolle-architektur-vielschichtiges-dekor-und-festliche-ergaenzungen-ergeben-zusammen-die-gemuetlichste-kueche-in-diesem-cottage-haus\\\/#primaryimage\"},\"thumbnailUrl\":\"https:\\\/\\\/www.strassenweb.de\\\/nachrichten\\\/wp-content\\\/uploads\\\/2025\\\/11\\\/Charaktervolle-Architektur-vielschichtiges-Dekor-und-festliche-Ergaenzungen-ergeben-zusammen-die.jpg\",\"keywords\":[\"Architektur\",\"charaktervolle\",\"CottageHaus\",\"Dekor\",\"die\",\"diesem\",\"Erg\u00e4nzungen\",\"ergeben\",\"festliche\",\"gem\u00fctlichste\",\"K\u00fcche\",\"und\",\"vielschichtiges\",\"zusammen\"],\"articleSection\":[\"Haus &amp; Garten\"],\"inLanguage\":\"de\"},{\"@type\":\"WebPage\",\"@id\":\"https:\\\/\\\/www.strassenweb.de\\\/nachrichten\\\/charaktervolle-architektur-vielschichtiges-dekor-und-festliche-ergaenzungen-ergeben-zusammen-die-gemuetlichste-kueche-in-diesem-cottage-haus\\\/\",\"url\":\"https:\\\/\\\/www.strassenweb.de\\\/nachrichten\\\/charaktervolle-architektur-vielschichtiges-dekor-und-festliche-ergaenzungen-ergeben-zusammen-die-gemuetlichste-kueche-in-diesem-cottage-haus\\\/\",\"name\":\"Charaktervolle Architektur, vielschichtiges Dekor und festliche Erg\u00e4nzungen ergeben zusammen die gem\u00fctlichste K\u00fcche in diesem Cottage-Haus - Nachrichten - Stra\u00dfenweb\",\"isPartOf\":{\"@id\":\"https:\\\/\\\/www.strassenweb.de\\\/nachrichten\\\/#website\"},\"primaryImageOfPage\":{\"@id\":\"https:\\\/\\\/www.strassenweb.de\\\/nachrichten\\\/charaktervolle-architektur-vielschichtiges-dekor-und-festliche-ergaenzungen-ergeben-zusammen-die-gemuetlichste-kueche-in-diesem-cottage-haus\\\/#primaryimage\"},\"image\":{\"@id\":\"https:\\\/\\\/www.strassenweb.de\\\/nachrichten\\\/charaktervolle-architektur-vielschichtiges-dekor-und-festliche-ergaenzungen-ergeben-zusammen-die-gemuetlichste-kueche-in-diesem-cottage-haus\\\/#primaryimage\"},\"thumbnailUrl\":\"https:\\\/\\\/www.strassenweb.de\\\/nachrichten\\\/wp-content\\\/uploads\\\/2025\\\/11\\\/Charaktervolle-Architektur-vielschichtiges-Dekor-und-festliche-Ergaenzungen-ergeben-zusammen-die.jpg\",\"datePublished\":\"2025-11-14T05:54:48+00:00\",\"dateModified\":\"2025-11-14T05:54:49+00:00\",\"breadcrumb\":{\"@id\":\"https:\\\/\\\/www.strassenweb.de\\\/nachrichten\\\/charaktervolle-architektur-vielschichtiges-dekor-und-festliche-ergaenzungen-ergeben-zusammen-die-gemuetlichste-kueche-in-diesem-cottage-haus\\\/#breadcrumb\"},\"inLanguage\":\"de\",\"potentialAction\":[{\"@type\":\"ReadAction\",\"target\":[\"https:\\\/\\\/www.strassenweb.de\\\/nachrichten\\\/charaktervolle-architektur-vielschichtiges-dekor-und-festliche-ergaenzungen-ergeben-zusammen-die-gemuetlichste-kueche-in-diesem-cottage-haus\\\/\"]}]},{\"@type\":\"ImageObject\",\"inLanguage\":\"de\",\"@id\":\"https:\\\/\\\/www.strassenweb.de\\\/nachrichten\\\/charaktervolle-architektur-vielschichtiges-dekor-und-festliche-ergaenzungen-ergeben-zusammen-die-gemuetlichste-kueche-in-diesem-cottage-haus\\\/#primaryimage\",\"url\":\"https:\\\/\\\/www.strassenweb.de\\\/nachrichten\\\/wp-content\\\/uploads\\\/2025\\\/11\\\/Charaktervolle-Architektur-vielschichtiges-Dekor-und-festliche-Ergaenzungen-ergeben-zusammen-die.jpg\",\"contentUrl\":\"https:\\\/\\\/www.strassenweb.de\\\/nachrichten\\\/wp-content\\\/uploads\\\/2025\\\/11\\\/Charaktervolle-Architektur-vielschichtiges-Dekor-und-festliche-Ergaenzungen-ergeben-zusammen-die.jpg\",\"width\":1600,\"height\":900,\"caption\":\"A cozy cottage kitchen with wooden ceiling beams, pink walls, white cabinets, a black AGA, and subtle Christmas decor\"},{\"@type\":\"BreadcrumbList\",\"@id\":\"https:\\\/\\\/www.strassenweb.de\\\/nachrichten\\\/charaktervolle-architektur-vielschichtiges-dekor-und-festliche-ergaenzungen-ergeben-zusammen-die-gemuetlichste-kueche-in-diesem-cottage-haus\\\/#breadcrumb\",\"itemListElement\":[{\"@type\":\"ListItem\",\"position\":1,\"name\":\"Home\",\"item\":\"https:\\\/\\\/www.strassenweb.de\\\/nachrichten\\\/\"},{\"@type\":\"ListItem\",\"position\":2,\"name\":\"Charaktervolle Architektur, vielschichtiges Dekor und festliche Erg\u00e4nzungen ergeben zusammen die gem\u00fctlichste K\u00fcche in diesem Cottage-Haus\"}]},{\"@type\":\"WebSite\",\"@id\":\"https:\\\/\\\/www.strassenweb.de\\\/nachrichten\\\/#website\",\"url\":\"https:\\\/\\\/www.strassenweb.de\\\/nachrichten\\\/\",\"name\":\"Stra\u00dfenweb\",\"description\":\"Stra\u00dfenverzeichnis f\u00fcr Deutschland\",\"publisher\":{\"@id\":\"https:\\\/\\\/www.strassenweb.de\\\/nachrichten\\\/#organization\"},\"potentialAction\":[{\"@type\":\"SearchAction\",\"target\":{\"@type\":\"EntryPoint\",\"urlTemplate\":\"https:\\\/\\\/www.strassenweb.de\\\/nachrichten\\\/?s={search_term_string}\"},\"query-input\":{\"@type\":\"PropertyValueSpecification\",\"valueRequired\":true,\"valueName\":\"search_term_string\"}}],\"inLanguage\":\"de\"},{\"@type\":\"Organization\",\"@id\":\"https:\\\/\\\/www.strassenweb.de\\\/nachrichten\\\/#organization\",\"name\":\"Stra\u00dfenweb\",\"url\":\"https:\\\/\\\/www.strassenweb.de\\\/nachrichten\\\/\",\"logo\":{\"@type\":\"ImageObject\",\"inLanguage\":\"de\",\"@id\":\"https:\\\/\\\/www.strassenweb.de\\\/nachrichten\\\/#\\\/schema\\\/logo\\\/image\\\/\",\"url\":\"https:\\\/\\\/www.strassenweb.de\\\/nachrichten\\\/wp-content\\\/uploads\\\/2024\\\/09\\\/cropped-favicon.png\",\"contentUrl\":\"https:\\\/\\\/www.strassenweb.de\\\/nachrichten\\\/wp-content\\\/uploads\\\/2024\\\/09\\\/cropped-favicon.png\",\"width\":512,\"height\":512,\"caption\":\"Stra\u00dfenweb\"},\"image\":{\"@id\":\"https:\\\/\\\/www.strassenweb.de\\\/nachrichten\\\/#\\\/schema\\\/logo\\\/image\\\/\"},\"sameAs\":[\"https:\\\/\\\/www.facebook.com\\\/strassenweb\\\/\"]},{\"@type\":\"Person\",\"@id\":\"https:\\\/\\\/www.strassenweb.de\\\/nachrichten\\\/#\\\/schema\\\/person\\\/87c9c9067f1211da429a744dc5a5aa41\",\"name\":\"Robert Hoffmann\",\"image\":{\"@type\":\"ImageObject\",\"inLanguage\":\"de\",\"@id\":\"https:\\\/\\\/www.strassenweb.de\\\/nachrichten\\\/wp-content\\\/uploads\\\/2024\\\/09\\\/strassenweb-150x150.jpg\",\"url\":\"https:\\\/\\\/www.strassenweb.de\\\/nachrichten\\\/wp-content\\\/uploads\\\/2024\\\/09\\\/strassenweb-150x150.jpg\",\"contentUrl\":\"https:\\\/\\\/www.strassenweb.de\\\/nachrichten\\\/wp-content\\\/uploads\\\/2024\\\/09\\\/strassenweb-150x150.jpg\",\"caption\":\"Robert Hoffmann\"},\"description\":\"Ich hei\u00dfe Robert Hoffmann und ich bin ein leidenschaftlicher Verfechter von \u00d6kologie und Biodiversit\u00e4t. Seit meiner Kindheit in den W\u00e4ldern Bayerns f\u00fchle ich mich mit der Natur verbunden und bin entschlossen, sie zu sch\u00fctzen. Heute widme ich mein Leben der Sensibilisierung anderer f\u00fcr die Bedeutung des Umweltschutzes f\u00fcr zuk\u00fcnftige Generationen.\",\"sameAs\":[\"https:\\\/\\\/www.strassenweb.de\\\/\"]}]}<\/script>\n<!-- \/ Yoast SEO plugin. -->","yoast_head_json":{"title":"Charaktervolle Architektur, vielschichtiges Dekor und festliche Erg\u00e4nzungen ergeben zusammen die gem\u00fctlichste K\u00fcche in diesem Cottage-Haus - Nachrichten - Stra\u00dfenweb","robots":{"index":"index","follow":"follow","max-snippet":"max-snippet:-1","max-image-preview":"max-image-preview:large","max-video-preview":"max-video-preview:-1"},"canonical":"https:\/\/www.strassenweb.de\/nachrichten\/charaktervolle-architektur-vielschichtiges-dekor-und-festliche-ergaenzungen-ergeben-zusammen-die-gemuetlichste-kueche-in-diesem-cottage-haus\/","og_locale":"de_DE","og_type":"article","og_title":"Charaktervolle Architektur, vielschichtiges Dekor und festliche Erg\u00e4nzungen ergeben zusammen die gem\u00fctlichste K\u00fcche in diesem Cottage-Haus - Nachrichten - Stra\u00dfenweb","og_description":"Mit ihren niedrigen Decken, charaktervollen Details und antiken Elementen strahlen Cottages eine angeborene Gem\u00fctlichkeit aus. Aber es gibt etwas an der Weihnachtszeit, das sie wirklich","og_url":"https:\/\/www.strassenweb.de\/nachrichten\/charaktervolle-architektur-vielschichtiges-dekor-und-festliche-ergaenzungen-ergeben-zusammen-die-gemuetlichste-kueche-in-diesem-cottage-haus\/","og_site_name":"Stra\u00dfenweb","article_publisher":"https:\/\/www.facebook.com\/strassenweb\/","article_published_time":"2025-11-14T05:54:48+00:00","article_modified_time":"2025-11-14T05:54:49+00:00","og_image":[{"width":1600,"height":900,"url":"https:\/\/www.strassenweb.de\/nachrichten\/wp-content\/uploads\/2025\/11\/Charaktervolle-Architektur-vielschichtiges-Dekor-und-festliche-Ergaenzungen-ergeben-zusammen-die.jpg","type":"image\/jpeg"}],"author":"Robert Hoffmann","twitter_card":"summary_large_image","twitter_misc":{"Verfasst von":"Robert Hoffmann","Gesch\u00e4tzte Lesezeit":"6\u00a0Minuten"},"schema":{"@context":"https:\/\/schema.org","@graph":[{"@type":"Article","@id":"https:\/\/www.strassenweb.de\/nachrichten\/charaktervolle-architektur-vielschichtiges-dekor-und-festliche-ergaenzungen-ergeben-zusammen-die-gemuetlichste-kueche-in-diesem-cottage-haus\/#article","isPartOf":{"@id":"https:\/\/www.strassenweb.de\/nachrichten\/charaktervolle-architektur-vielschichtiges-dekor-und-festliche-ergaenzungen-ergeben-zusammen-die-gemuetlichste-kueche-in-diesem-cottage-haus\/"},"author":{"name":"Robert Hoffmann","@id":"https:\/\/www.strassenweb.de\/nachrichten\/#\/schema\/person\/87c9c9067f1211da429a744dc5a5aa41"},"headline":"Charaktervolle Architektur, vielschichtiges Dekor und festliche Erg\u00e4nzungen ergeben zusammen die gem\u00fctlichste K\u00fcche in diesem Cottage-Haus","datePublished":"2025-11-14T05:54:48+00:00","dateModified":"2025-11-14T05:54:49+00:00","mainEntityOfPage":{"@id":"https:\/\/www.strassenweb.de\/nachrichten\/charaktervolle-architektur-vielschichtiges-dekor-und-festliche-ergaenzungen-ergeben-zusammen-die-gemuetlichste-kueche-in-diesem-cottage-haus\/"},"wordCount":1151,"publisher":{"@id":"https:\/\/www.strassenweb.de\/nachrichten\/#organization"},"image":{"@id":"https:\/\/www.strassenweb.de\/nachrichten\/charaktervolle-architektur-vielschichtiges-dekor-und-festliche-ergaenzungen-ergeben-zusammen-die-gemuetlichste-kueche-in-diesem-cottage-haus\/#primaryimage"},"thumbnailUrl":"https:\/\/www.strassenweb.de\/nachrichten\/wp-content\/uploads\/2025\/11\/Charaktervolle-Architektur-vielschichtiges-Dekor-und-festliche-Ergaenzungen-ergeben-zusammen-die.jpg","keywords":["Architektur","charaktervolle","CottageHaus","Dekor","die","diesem","Erg\u00e4nzungen","ergeben","festliche","gem\u00fctlichste","K\u00fcche","und","vielschichtiges","zusammen"],"articleSection":["Haus &amp; Garten"],"inLanguage":"de"},{"@type":"WebPage","@id":"https:\/\/www.strassenweb.de\/nachrichten\/charaktervolle-architektur-vielschichtiges-dekor-und-festliche-ergaenzungen-ergeben-zusammen-die-gemuetlichste-kueche-in-diesem-cottage-haus\/","url":"https:\/\/www.strassenweb.de\/nachrichten\/charaktervolle-architektur-vielschichtiges-dekor-und-festliche-ergaenzungen-ergeben-zusammen-die-gemuetlichste-kueche-in-diesem-cottage-haus\/","name":"Charaktervolle Architektur, vielschichtiges Dekor und festliche Erg\u00e4nzungen ergeben zusammen die gem\u00fctlichste K\u00fcche in diesem Cottage-Haus - Nachrichten - Stra\u00dfenweb","isPartOf":{"@id":"https:\/\/www.strassenweb.de\/nachrichten\/#website"},"primaryImageOfPage":{"@id":"https:\/\/www.strassenweb.de\/nachrichten\/charaktervolle-architektur-vielschichtiges-dekor-und-festliche-ergaenzungen-ergeben-zusammen-die-gemuetlichste-kueche-in-diesem-cottage-haus\/#primaryimage"},"image":{"@id":"https:\/\/www.strassenweb.de\/nachrichten\/charaktervolle-architektur-vielschichtiges-dekor-und-festliche-ergaenzungen-ergeben-zusammen-die-gemuetlichste-kueche-in-diesem-cottage-haus\/#primaryimage"},"thumbnailUrl":"https:\/\/www.strassenweb.de\/nachrichten\/wp-content\/uploads\/2025\/11\/Charaktervolle-Architektur-vielschichtiges-Dekor-und-festliche-Ergaenzungen-ergeben-zusammen-die.jpg","datePublished":"2025-11-14T05:54:48+00:00","dateModified":"2025-11-14T05:54:49+00:00","breadcrumb":{"@id":"https:\/\/www.strassenweb.de\/nachrichten\/charaktervolle-architektur-vielschichtiges-dekor-und-festliche-ergaenzungen-ergeben-zusammen-die-gemuetlichste-kueche-in-diesem-cottage-haus\/#breadcrumb"},"inLanguage":"de","potentialAction":[{"@type":"ReadAction","target":["https:\/\/www.strassenweb.de\/nachrichten\/charaktervolle-architektur-vielschichtiges-dekor-und-festliche-ergaenzungen-ergeben-zusammen-die-gemuetlichste-kueche-in-diesem-cottage-haus\/"]}]},{"@type":"ImageObject","inLanguage":"de","@id":"https:\/\/www.strassenweb.de\/nachrichten\/charaktervolle-architektur-vielschichtiges-dekor-und-festliche-ergaenzungen-ergeben-zusammen-die-gemuetlichste-kueche-in-diesem-cottage-haus\/#primaryimage","url":"https:\/\/www.strassenweb.de\/nachrichten\/wp-content\/uploads\/2025\/11\/Charaktervolle-Architektur-vielschichtiges-Dekor-und-festliche-Ergaenzungen-ergeben-zusammen-die.jpg","contentUrl":"https:\/\/www.strassenweb.de\/nachrichten\/wp-content\/uploads\/2025\/11\/Charaktervolle-Architektur-vielschichtiges-Dekor-und-festliche-Ergaenzungen-ergeben-zusammen-die.jpg","width":1600,"height":900,"caption":"A cozy cottage kitchen with wooden ceiling beams, pink walls, white cabinets, a black AGA, and subtle Christmas decor"},{"@type":"BreadcrumbList","@id":"https:\/\/www.strassenweb.de\/nachrichten\/charaktervolle-architektur-vielschichtiges-dekor-und-festliche-ergaenzungen-ergeben-zusammen-die-gemuetlichste-kueche-in-diesem-cottage-haus\/#breadcrumb","itemListElement":[{"@type":"ListItem","position":1,"name":"Home","item":"https:\/\/www.strassenweb.de\/nachrichten\/"},{"@type":"ListItem","position":2,"name":"Charaktervolle Architektur, vielschichtiges Dekor und festliche Erg\u00e4nzungen ergeben zusammen die gem\u00fctlichste K\u00fcche in diesem Cottage-Haus"}]},{"@type":"WebSite","@id":"https:\/\/www.strassenweb.de\/nachrichten\/#website","url":"https:\/\/www.strassenweb.de\/nachrichten\/","name":"Stra\u00dfenweb","description":"Stra\u00dfenverzeichnis f\u00fcr Deutschland","publisher":{"@id":"https:\/\/www.strassenweb.de\/nachrichten\/#organization"},"potentialAction":[{"@type":"SearchAction","target":{"@type":"EntryPoint","urlTemplate":"https:\/\/www.strassenweb.de\/nachrichten\/?s={search_term_string}"},"query-input":{"@type":"PropertyValueSpecification","valueRequired":true,"valueName":"search_term_string"}}],"inLanguage":"de"},{"@type":"Organization","@id":"https:\/\/www.strassenweb.de\/nachrichten\/#organization","name":"Stra\u00dfenweb","url":"https:\/\/www.strassenweb.de\/nachrichten\/","logo":{"@type":"ImageObject","inLanguage":"de","@id":"https:\/\/www.strassenweb.de\/nachrichten\/#\/schema\/logo\/image\/","url":"https:\/\/www.strassenweb.de\/nachrichten\/wp-content\/uploads\/2024\/09\/cropped-favicon.png","contentUrl":"https:\/\/www.strassenweb.de\/nachrichten\/wp-content\/uploads\/2024\/09\/cropped-favicon.png","width":512,"height":512,"caption":"Stra\u00dfenweb"},"image":{"@id":"https:\/\/www.strassenweb.de\/nachrichten\/#\/schema\/logo\/image\/"},"sameAs":["https:\/\/www.facebook.com\/strassenweb\/"]},{"@type":"Person","@id":"https:\/\/www.strassenweb.de\/nachrichten\/#\/schema\/person\/87c9c9067f1211da429a744dc5a5aa41","name":"Robert Hoffmann","image":{"@type":"ImageObject","inLanguage":"de","@id":"https:\/\/www.strassenweb.de\/nachrichten\/wp-content\/uploads\/2024\/09\/strassenweb-150x150.jpg","url":"https:\/\/www.strassenweb.de\/nachrichten\/wp-content\/uploads\/2024\/09\/strassenweb-150x150.jpg","contentUrl":"https:\/\/www.strassenweb.de\/nachrichten\/wp-content\/uploads\/2024\/09\/strassenweb-150x150.jpg","caption":"Robert Hoffmann"},"description":"Ich hei\u00dfe Robert Hoffmann und ich bin ein leidenschaftlicher Verfechter von \u00d6kologie und Biodiversit\u00e4t. Seit meiner Kindheit in den W\u00e4ldern Bayerns f\u00fchle ich mich mit der Natur verbunden und bin entschlossen, sie zu sch\u00fctzen. Heute widme ich mein Leben der Sensibilisierung anderer f\u00fcr die Bedeutung des Umweltschutzes f\u00fcr zuk\u00fcnftige Generationen.","sameAs":["https:\/\/www.strassenweb.de\/"]}]}},"_links":{"self":[{"href":"https:\/\/www.strassenweb.de\/nachrichten\/wp-json\/wp\/v2\/posts\/9147","targetHints":{"allow":["GET"]}}],"collection":[{"href":"https:\/\/www.strassenweb.de\/nachrichten\/wp-json\/wp\/v2\/posts"}],"about":[{"href":"https:\/\/www.strassenweb.de\/nachrichten\/wp-json\/wp\/v2\/types\/post"}],"author":[{"embeddable":true,"href":"https:\/\/www.strassenweb.de\/nachrichten\/wp-json\/wp\/v2\/users\/1"}],"replies":[{"embeddable":true,"href":"https:\/\/www.strassenweb.de\/nachrichten\/wp-json\/wp\/v2\/comments?post=9147"}],"version-history":[{"count":0,"href":"https:\/\/www.strassenweb.de\/nachrichten\/wp-json\/wp\/v2\/posts\/9147\/revisions"}],"wp:featuredmedia":[{"embeddable":true,"href":"https:\/\/www.strassenweb.de\/nachrichten\/wp-json\/wp\/v2\/media\/9148"}],"wp:attachment":[{"href":"https:\/\/www.strassenweb.de\/nachrichten\/wp-json\/wp\/v2\/media?parent=9147"}],"wp:term":[{"taxonomy":"category","embeddable":true,"href":"https:\/\/www.strassenweb.de\/nachrichten\/wp-json\/wp\/v2\/categories?post=9147"},{"taxonomy":"post_tag","embeddable":true,"href":"https:\/\/www.strassenweb.de\/nachrichten\/wp-json\/wp\/v2\/tags?post=9147"}],"curies":[{"name":"wp","href":"https:\/\/api.w.org\/{rel}","templated":true}]}}