{"id":9138,"date":"2025-11-09T18:39:26","date_gmt":"2025-11-09T17:39:26","guid":{"rendered":"https:\/\/www.strassenweb.de\/nachrichten\/wie-jaclyn-smiths-veranda-mit-girlanden-kraenzen-und-weihnachtssternen-den-wahren-weihnachtsgeist-in-einem-einfachen-eleganten-design-einfaengt\/"},"modified":"2025-11-09T18:39:27","modified_gmt":"2025-11-09T17:39:27","slug":"wie-jaclyn-smiths-veranda-mit-girlanden-kraenzen-und-weihnachtssternen-den-wahren-weihnachtsgeist-in-einem-einfachen-eleganten-design-einfaengt","status":"publish","type":"post","link":"https:\/\/www.strassenweb.de\/nachrichten\/wie-jaclyn-smiths-veranda-mit-girlanden-kraenzen-und-weihnachtssternen-den-wahren-weihnachtsgeist-in-einem-einfachen-eleganten-design-einfaengt\/","title":{"rendered":"Wie Jaclyn Smiths Veranda mit Girlanden, Kr\u00e4nzen und Weihnachtssternen den wahren Weihnachtsgeist in einem einfachen, eleganten Design einf\u00e4ngt"},"content":{"rendered":"<p><\/p>\n<div id=\"article-body\" class=\"article__body \">\n<p id=\"8a78a26a-b2ad-4ae0-bcf6-1d22b51e09a4\">F\u00fcr mich gibt es nichts, was Weihnachten besser ausdr\u00fcckt als eine dekorierte Veranda. Ein festlicher Haupteingang ist nicht nur eine zeitlose Hommage an die Jahreszeit, sondern auch die einladendste Art, G\u00e4ste zu begr\u00fc\u00dfen, wenn sie \u00fcber die Feiertage ankommen.<\/p>\n<div id=\"ad-unit-1\" class=\"ad-unit\"><\/div>\n<p>Ich bin schon lange davon \u00fcberzeugt, dass das Rezept f\u00fcr die perfekte Veranda in drei Dingen liegt: einer \u00fcppigen Girlande, einem festlichen Kranz und saisonalen Topfpflanzen. Als ich Jaclyn Smiths Haupteingang sah, der mit all diesen festlichen Grundnahrungsmitteln und mehr geschm\u00fcckt war, k\u00f6nnen Sie sich meine Freude vorstellen.<\/p>\n<aside data-block-type=\"embed\" data-render-type=\"fte\" data-skip=\"dealsy\" data-widget-type=\"seasonal\" class=\"hawk-root\"><\/aside>\n<p id=\"8a78a26a-b2ad-4ae0-bcf6-1d22b51e09a4-2\" class=\"paywall\" aria-hidden=\"true\">Obwohl Jaclyns Veranda eine \u00fcberraschend einfach nachzubildende Idee f\u00fcr eine Weihnachtsdekoration ist, ist sie wunderbar nostalgisch und weckt den wahren Weihnachtsgeist.<\/p>\n<div class=\"van_vid_carousel\">\n<div class=\"van_vid_carousel__padding\">\n<div class=\"van_vid_carousel__container\"><\/div>\n<\/div>\n<\/div>\n<div class=\"instagram-embed\" id=\"DD0WYSJSvrR\">\n<blockquote class=\"instagram-media\" data-instgrm-captioned data-instgrm-version=\"6\" style=\"width:99.375%; width:-webkit-calc(100% - 2px); width:calc(100% - 2px);\">\n<p>Ein von Jaclyn Smith (@realjaclynsmith) geteilter Beitrag<\/p>\n<p>Ein Foto gepostet von am <\/p>\n<\/blockquote>\n<\/div>\n<h3 class=\"article-body__section\" id=\"section-shop-the-jaclyn-edit\"><span>Kaufen Sie den Jaclyn Edit<\/span><\/h3>\n<p id=\"22c5bd2e-3e69-4591-ad18-9862a7f9354e\">Jaclyns Weihnachtsveranda verf\u00fcgt \u00fcber eine \u00fcppige Girlande, zwei Weihnachtssterne im Topf und einen ziemlich eindrucksvollen Kranz. Mit nur drei Zubeh\u00f6rteilen k\u00f6nnen Sie diesen vom Erbe inspirierten Look ganz einfach zu Hause nachbilden.<\/p>\n<div id=\"ad-unit-2\" class=\"ad-unit\"><\/div>\n<aside data-block-type=\"embed\" data-hawk-json='{\"collection\":{\"blocks\":({\"modelName\":\"Faux Potted Poinsettias (Large)\",\"productName\":\"Faux Potted Poinsettias (Large)\",\"brand\":null,\"price\":null,\"wasPrice\":null,\"currency\":null,\"image\":{\"copyright\":\"\",\"height\":2000,\"id\":\"6DfMFzz6kNtYVeRrVSKy99\",\"mimeType\":\"image\/jpeg\",\"mos\":\"https:\/\/cdn.mos.cms.futurecdn.net\/6DfMFzz6kNtYVeRrVSKy99.jpg\",\"role\":\"\",\"width\":2000,\"credit\":\"Pottery Barn\",\"alt\":\"Faux Potted Poinsettias (Large)\",\"caption\":\"\"},\"link\":{\"url\":\"https:\/\/pottery-barn.o3ae.net\/c\/221109\/267848\/4332?subId1=hawk-custom-tracking&amp;sharedId=hawk&amp;u=https%3A%2F%2Fwww.potterybarn.com%2Fproducts%2Ffaux-potted-poinsettias-red%2F\",\"linkText\":\"From $44.50 at Pottery Barn\",\"editorialMerchantName\":\"\",\"merchantId\":325025,\"merchantNetwork\":\"ImpactRad\",\"merchantUrl\":\"potterybarn.com\",\"merchantName\":\"Pottery Barn US\"},\"noAffiliateTracking\":false,\"linkMerchant\":\"Pottery Barn US\"},{\"modelName\":\"Red and Green Holiday Wreath\",\"productName\":\"Red and Green Holiday Wreath\",\"brand\":null,\"price\":null,\"wasPrice\":null,\"currency\":null,\"image\":{\"copyright\":\"\",\"height\":2000,\"id\":\"mTxTBfup9TNE6apHpcAKta\",\"mimeType\":\"image\/jpeg\",\"mos\":\"https:\/\/cdn.mos.cms.futurecdn.net\/mTxTBfup9TNE6apHpcAKta.jpg\",\"role\":\"\",\"width\":2000,\"credit\":\"Target\",\"alt\":\"Red and Green Holiday Wreath - Thresholdu2122 designed with Studio McGee\",\"caption\":\"\"},\"link\":{\"url\":\"https:\/\/goto.target.com\/c\/221109\/81938\/2092?subId1=hawk-custom-tracking&amp;sharedId=hawk&amp;u=https%3A%2F%2Fwww.target.com%2Fp%2Fred-and-green-holiday-wreath-threshold-designed-with-studio-mcgee%2F-%2FA-94999882\",\"linkText\":\"From $35.00 at Target\",\"editorialMerchantName\":\"\",\"merchantId\":17989,\"merchantNetwork\":\"ImpactRad\",\"merchantUrl\":\"target.com\",\"merchantName\":\"Target\"},\"noAffiliateTracking\":false,\"linkMerchant\":\"Target\"},{\"modelName\":\"6FT Christmas Pine Garland - Real Touch Green Garland\",\"productName\":\"6FT Christmas Pine Garland - Real Touch Green Garland\",\"brand\":null,\"price\":null,\"wasPrice\":null,\"currency\":null,\"image\":{\"copyright\":\"\",\"height\":2000,\"id\":\"VtHABV4zCZsa5gsawCXWUT\",\"mimeType\":\"image\/jpeg\",\"mos\":\"https:\/\/cdn.mos.cms.futurecdn.net\/VtHABV4zCZsa5gsawCXWUT.jpg\",\"role\":\"\",\"width\":2000,\"credit\":\"Amazon\",\"alt\":\"Faux garland\",\"caption\":\"\"},\"link\":{\"url\":\"https:\/\/target.georiot.com\/Proxy.ashx?tsid=107655&amp;GR_URL=https%3A%2F%2Famazon.com%2FTulvend-6FT-Christmas-Pine-Garland%2Fdp%2FB0FBKZPS7F%2Fref%3Dsr_1_4_sspa%3Ftag%3Dhawk-future-20%26ascsubtag%3Dhawk-custom-tracking-20\",\"linkText\":\"Was $39.99, now $27.99 at Amazon\",\"editorialMerchantName\":\"\",\"merchantId\":1471,\"merchantNetwork\":\"Amazonus\",\"merchantUrl\":\"amazon.com\",\"merchantName\":\"Amazon US\"},\"noAffiliateTracking\":false,\"linkMerchant\":\"Amazon US\"})}}' data-model-name=\"Faux Potted Poinsettias (Large),Red and Green Holiday Wreath,6FT Christmas Pine Garland - Real Touch Green Garland\" data-render-type=\"fte\" data-skip=\"disabled\" data-widget-type=\"collection\" class=\"hawk-root\"><\/aside>\n<div class=\"product-container hero-product-container product-block-no-wrap\">\n<div class=\"product-block-row\"><\/div>\n<div class=\"product-block-row\"><\/div>\n<div class=\"product-block-row\"><\/div>\n<\/div>\n<p id=\"f3711a32-7d05-4f7a-8cca-601d4ca107c1\">Jaclyns Veranda ist der ultimative Weihnachtsgru\u00df und beweist, dass es nichts Besseres als eine zeitlose Weihnachtsdekoration gibt.<\/p>\n<p>Jaclyns klassische Anordnung verwendet zwei \u00fcppige Girlanden, um sowohl ihre Haust\u00fcr als auch den S\u00e4uleneingang hervorzuheben. Sie ist einfach, aber sehr wirkungsvoll und rahmt die Architektur ein und bringt den Au\u00dfenbereich nach innen. Beachten Sie, dass die erste Girlande gerade tief genug h\u00e4ngt, um Dramatik und Wirkung zu erzeugen, und die zweite perfekt um die gew\u00f6lbte Haust\u00fcr passt.<\/p>\n<p>Im Laubwerk verstecken sich zwei goldene Putten, die dem Arrangement eine dekadente Nostalgie verleihen. Sie flankieren die T\u00fcr und laden zum Betreten ein. Sie bilden einen sch\u00f6nen Kontrast zum Gr\u00fcn und reflektieren abends das Licht.<\/p>\n<div id=\"slice-container-newsletterForm-articleInbodyContent-WAs9hzeRNC7JWZDjSwCcYN\" class=\"slice-container newsletter-inbodyContent-slice newsletterForm-articleInbodyContent-WAs9hzeRNC7JWZDjSwCcYN slice-container-newsletterForm\"><\/div>\n<p>Vergessen wir auch nicht den festlichen Kranz. Verziert mit einer gro\u00dfen roten Samtschleife (mit diesem tiefroten Weihnachtsband von Crate &#038; Barrel k\u00f6nnen Sie Ihre eigene basteln), Tannenzapfen und goldenen Kugeln ist es das perfekte Herzst\u00fcck, das die Haust\u00fcr umrahmt und die Dekorationen verbindet.<\/p>\n<p>Die eingetopften Weihnachtssterne bringen Farbe und Lebendigkeit, einen erfrischenden Kontrast zum gr\u00fcnen Laub. Gemeinsam erschaffen sie die traditionelle und ach so vertraute Farbpalette, die wir alle zu dieser Jahreszeit kennen und lieben.<\/p>\n<p id=\"244bd2db-e9ec-47c9-a82e-4d3d686aa3e3\">Jaclyns Veranda ist zeitlos, elegant und ach so festlich. Es verk\u00f6rpert den Geist von Weihnachten, ohne kitschig oder kitschig zu wirken; Alles wird mit drei Grundnahrungsmitteln erreicht: einer Girlande, einem Kranz und einigen Weihnachtssternen.<\/p>\n<hr id=\"92e09729-972b-4921-a426-3b439837391a\">\n<div class=\"min-h-(270px) mb-4 viafoura-twig-component\" id=\"viafoura-engagement-starter-wrapper\" data-component-name=\"Elk:Embed:EngagementStarter\">\n<div class=\"viafoura\">\n<div>\n<vf-conversation-starter target=\"viafoura-comments\" title=\"What do you think of Jaclyn's festive front porch?\" minimum-comment-count=\"5\"><br \/>\n<\/vf-conversation-starter>\n<\/div>\n<\/div>\n<\/div>\n<hr id=\"f0349ff2-8863-4503-ad82-96c0264a4a70\">\n<\/div>\n<p><script async src=\"\/\/www.instagram.com\/embed.js\"><\/script><\/p>\n","protected":false},"excerpt":{"rendered":"<p>F\u00fcr mich gibt es nichts, was Weihnachten besser ausdr\u00fcckt als eine dekorierte Veranda. Ein festlicher Haupteingang ist nicht nur eine zeitlose Hommage an die Jahreszeit,<\/p>\n","protected":false},"author":1,"featured_media":9139,"comment_status":"closed","ping_status":"","sticky":false,"template":"","format":"standard","meta":{"footnotes":""},"categories":[118],"tags":[78,679,22,1167,11464,1785,3008,8818,10086,146,10347,37,1844,11462,11463,3009,26],"class_list":["post-9138","post","type-post","status-publish","format-standard","has-post-thumbnail","hentry","category-haus-garten","tag-den","tag-design","tag-einem","tag-einfachen","tag-einfaengt","tag-eleganten","tag-girlanden","tag-jaclyn","tag-kraenzen","tag-mit","tag-smiths","tag-und","tag-veranda","tag-wahren","tag-weihnachtsgeist","tag-weihnachtssternen","tag-wie","generate-columns","tablet-grid-50","mobile-grid-100","grid-parent","grid-50"],"yoast_head":"<!-- This site is optimized with the Yoast SEO plugin v27.3 - https:\/\/yoast.com\/product\/yoast-seo-wordpress\/ -->\n<title>Wie Jaclyn Smiths Veranda mit Girlanden, Kr\u00e4nzen und Weihnachtssternen den wahren Weihnachtsgeist in einem einfachen, eleganten Design einf\u00e4ngt - Nachrichten - Stra\u00dfenweb<\/title>\n<meta name=\"robots\" content=\"index, follow, max-snippet:-1, max-image-preview:large, max-video-preview:-1\" \/>\n<link rel=\"canonical\" href=\"https:\/\/www.strassenweb.de\/nachrichten\/wie-jaclyn-smiths-veranda-mit-girlanden-kraenzen-und-weihnachtssternen-den-wahren-weihnachtsgeist-in-einem-einfachen-eleganten-design-einfaengt\/\" \/>\n<meta property=\"og:locale\" content=\"de_DE\" \/>\n<meta property=\"og:type\" content=\"article\" \/>\n<meta property=\"og:title\" content=\"Wie Jaclyn Smiths Veranda mit Girlanden, Kr\u00e4nzen und Weihnachtssternen den wahren Weihnachtsgeist in einem einfachen, eleganten Design einf\u00e4ngt - Nachrichten - Stra\u00dfenweb\" \/>\n<meta property=\"og:description\" content=\"F\u00fcr mich gibt es nichts, was Weihnachten besser ausdr\u00fcckt als eine dekorierte Veranda. Ein festlicher Haupteingang ist nicht nur eine zeitlose Hommage an die Jahreszeit,\" \/>\n<meta property=\"og:url\" content=\"https:\/\/www.strassenweb.de\/nachrichten\/wie-jaclyn-smiths-veranda-mit-girlanden-kraenzen-und-weihnachtssternen-den-wahren-weihnachtsgeist-in-einem-einfachen-eleganten-design-einfaengt\/\" \/>\n<meta property=\"og:site_name\" content=\"Stra\u00dfenweb\" \/>\n<meta property=\"article:publisher\" content=\"https:\/\/www.facebook.com\/strassenweb\/\" \/>\n<meta property=\"article:published_time\" content=\"2025-11-09T17:39:26+00:00\" \/>\n<meta property=\"article:modified_time\" content=\"2025-11-09T17:39:27+00:00\" \/>\n<meta property=\"og:image\" content=\"https:\/\/www.strassenweb.de\/nachrichten\/wp-content\/uploads\/2025\/11\/Wie-Jaclyn-Smiths-Veranda-mit-Girlanden-Kraenzen-und-Weihnachtssternen-den.jpg\" \/>\n\t<meta property=\"og:image:width\" content=\"1600\" \/>\n\t<meta property=\"og:image:height\" content=\"900\" \/>\n\t<meta property=\"og:image:type\" content=\"image\/jpeg\" \/>\n<meta name=\"author\" content=\"Robert Hoffmann\" \/>\n<meta name=\"twitter:card\" content=\"summary_large_image\" \/>\n<meta name=\"twitter:label1\" content=\"Verfasst von\" \/>\n\t<meta name=\"twitter:data1\" content=\"Robert Hoffmann\" \/>\n\t<meta name=\"twitter:label2\" content=\"Gesch\u00e4tzte Lesezeit\" \/>\n\t<meta name=\"twitter:data2\" content=\"2\u00a0Minuten\" \/>\n<script type=\"application\/ld+json\" class=\"yoast-schema-graph\">{\"@context\":\"https:\\\/\\\/schema.org\",\"@graph\":[{\"@type\":\"Article\",\"@id\":\"https:\\\/\\\/www.strassenweb.de\\\/nachrichten\\\/wie-jaclyn-smiths-veranda-mit-girlanden-kraenzen-und-weihnachtssternen-den-wahren-weihnachtsgeist-in-einem-einfachen-eleganten-design-einfaengt\\\/#article\",\"isPartOf\":{\"@id\":\"https:\\\/\\\/www.strassenweb.de\\\/nachrichten\\\/wie-jaclyn-smiths-veranda-mit-girlanden-kraenzen-und-weihnachtssternen-den-wahren-weihnachtsgeist-in-einem-einfachen-eleganten-design-einfaengt\\\/\"},\"author\":{\"name\":\"Robert Hoffmann\",\"@id\":\"https:\\\/\\\/www.strassenweb.de\\\/nachrichten\\\/#\\\/schema\\\/person\\\/87c9c9067f1211da429a744dc5a5aa41\"},\"headline\":\"Wie Jaclyn Smiths Veranda mit Girlanden, Kr\u00e4nzen und Weihnachtssternen den wahren Weihnachtsgeist in einem einfachen, eleganten Design einf\u00e4ngt\",\"datePublished\":\"2025-11-09T17:39:26+00:00\",\"dateModified\":\"2025-11-09T17:39:27+00:00\",\"mainEntityOfPage\":{\"@id\":\"https:\\\/\\\/www.strassenweb.de\\\/nachrichten\\\/wie-jaclyn-smiths-veranda-mit-girlanden-kraenzen-und-weihnachtssternen-den-wahren-weihnachtsgeist-in-einem-einfachen-eleganten-design-einfaengt\\\/\"},\"wordCount\":421,\"publisher\":{\"@id\":\"https:\\\/\\\/www.strassenweb.de\\\/nachrichten\\\/#organization\"},\"image\":{\"@id\":\"https:\\\/\\\/www.strassenweb.de\\\/nachrichten\\\/wie-jaclyn-smiths-veranda-mit-girlanden-kraenzen-und-weihnachtssternen-den-wahren-weihnachtsgeist-in-einem-einfachen-eleganten-design-einfaengt\\\/#primaryimage\"},\"thumbnailUrl\":\"https:\\\/\\\/www.strassenweb.de\\\/nachrichten\\\/wp-content\\\/uploads\\\/2025\\\/11\\\/Wie-Jaclyn-Smiths-Veranda-mit-Girlanden-Kraenzen-und-Weihnachtssternen-den.jpg\",\"keywords\":[\"den\",\"Design\",\"einem\",\"einfachen\",\"einf\u00e4ngt\",\"eleganten\",\"Girlanden\",\"Jaclyn\",\"Kr\u00e4nzen\",\"mit\",\"Smiths\",\"und\",\"Veranda\",\"wahren\",\"Weihnachtsgeist\",\"Weihnachtssternen\",\"Wie\"],\"articleSection\":[\"Haus &amp; Garten\"],\"inLanguage\":\"de\"},{\"@type\":\"WebPage\",\"@id\":\"https:\\\/\\\/www.strassenweb.de\\\/nachrichten\\\/wie-jaclyn-smiths-veranda-mit-girlanden-kraenzen-und-weihnachtssternen-den-wahren-weihnachtsgeist-in-einem-einfachen-eleganten-design-einfaengt\\\/\",\"url\":\"https:\\\/\\\/www.strassenweb.de\\\/nachrichten\\\/wie-jaclyn-smiths-veranda-mit-girlanden-kraenzen-und-weihnachtssternen-den-wahren-weihnachtsgeist-in-einem-einfachen-eleganten-design-einfaengt\\\/\",\"name\":\"Wie Jaclyn Smiths Veranda mit Girlanden, Kr\u00e4nzen und Weihnachtssternen den wahren Weihnachtsgeist in einem einfachen, eleganten Design einf\u00e4ngt - Nachrichten - Stra\u00dfenweb\",\"isPartOf\":{\"@id\":\"https:\\\/\\\/www.strassenweb.de\\\/nachrichten\\\/#website\"},\"primaryImageOfPage\":{\"@id\":\"https:\\\/\\\/www.strassenweb.de\\\/nachrichten\\\/wie-jaclyn-smiths-veranda-mit-girlanden-kraenzen-und-weihnachtssternen-den-wahren-weihnachtsgeist-in-einem-einfachen-eleganten-design-einfaengt\\\/#primaryimage\"},\"image\":{\"@id\":\"https:\\\/\\\/www.strassenweb.de\\\/nachrichten\\\/wie-jaclyn-smiths-veranda-mit-girlanden-kraenzen-und-weihnachtssternen-den-wahren-weihnachtsgeist-in-einem-einfachen-eleganten-design-einfaengt\\\/#primaryimage\"},\"thumbnailUrl\":\"https:\\\/\\\/www.strassenweb.de\\\/nachrichten\\\/wp-content\\\/uploads\\\/2025\\\/11\\\/Wie-Jaclyn-Smiths-Veranda-mit-Girlanden-Kraenzen-und-Weihnachtssternen-den.jpg\",\"datePublished\":\"2025-11-09T17:39:26+00:00\",\"dateModified\":\"2025-11-09T17:39:27+00:00\",\"breadcrumb\":{\"@id\":\"https:\\\/\\\/www.strassenweb.de\\\/nachrichten\\\/wie-jaclyn-smiths-veranda-mit-girlanden-kraenzen-und-weihnachtssternen-den-wahren-weihnachtsgeist-in-einem-einfachen-eleganten-design-einfaengt\\\/#breadcrumb\"},\"inLanguage\":\"de\",\"potentialAction\":[{\"@type\":\"ReadAction\",\"target\":[\"https:\\\/\\\/www.strassenweb.de\\\/nachrichten\\\/wie-jaclyn-smiths-veranda-mit-girlanden-kraenzen-und-weihnachtssternen-den-wahren-weihnachtsgeist-in-einem-einfachen-eleganten-design-einfaengt\\\/\"]}]},{\"@type\":\"ImageObject\",\"inLanguage\":\"de\",\"@id\":\"https:\\\/\\\/www.strassenweb.de\\\/nachrichten\\\/wie-jaclyn-smiths-veranda-mit-girlanden-kraenzen-und-weihnachtssternen-den-wahren-weihnachtsgeist-in-einem-einfachen-eleganten-design-einfaengt\\\/#primaryimage\",\"url\":\"https:\\\/\\\/www.strassenweb.de\\\/nachrichten\\\/wp-content\\\/uploads\\\/2025\\\/11\\\/Wie-Jaclyn-Smiths-Veranda-mit-Girlanden-Kraenzen-und-Weihnachtssternen-den.jpg\",\"contentUrl\":\"https:\\\/\\\/www.strassenweb.de\\\/nachrichten\\\/wp-content\\\/uploads\\\/2025\\\/11\\\/Wie-Jaclyn-Smiths-Veranda-mit-Girlanden-Kraenzen-und-Weihnachtssternen-den.jpg\",\"width\":1600,\"height\":900,\"caption\":\"jaclyn smith on a white background\"},{\"@type\":\"BreadcrumbList\",\"@id\":\"https:\\\/\\\/www.strassenweb.de\\\/nachrichten\\\/wie-jaclyn-smiths-veranda-mit-girlanden-kraenzen-und-weihnachtssternen-den-wahren-weihnachtsgeist-in-einem-einfachen-eleganten-design-einfaengt\\\/#breadcrumb\",\"itemListElement\":[{\"@type\":\"ListItem\",\"position\":1,\"name\":\"Home\",\"item\":\"https:\\\/\\\/www.strassenweb.de\\\/nachrichten\\\/\"},{\"@type\":\"ListItem\",\"position\":2,\"name\":\"Wie Jaclyn Smiths Veranda mit Girlanden, Kr\u00e4nzen und Weihnachtssternen den wahren Weihnachtsgeist in einem einfachen, eleganten Design einf\u00e4ngt\"}]},{\"@type\":\"WebSite\",\"@id\":\"https:\\\/\\\/www.strassenweb.de\\\/nachrichten\\\/#website\",\"url\":\"https:\\\/\\\/www.strassenweb.de\\\/nachrichten\\\/\",\"name\":\"Stra\u00dfenweb\",\"description\":\"Stra\u00dfenverzeichnis f\u00fcr Deutschland\",\"publisher\":{\"@id\":\"https:\\\/\\\/www.strassenweb.de\\\/nachrichten\\\/#organization\"},\"potentialAction\":[{\"@type\":\"SearchAction\",\"target\":{\"@type\":\"EntryPoint\",\"urlTemplate\":\"https:\\\/\\\/www.strassenweb.de\\\/nachrichten\\\/?s={search_term_string}\"},\"query-input\":{\"@type\":\"PropertyValueSpecification\",\"valueRequired\":true,\"valueName\":\"search_term_string\"}}],\"inLanguage\":\"de\"},{\"@type\":\"Organization\",\"@id\":\"https:\\\/\\\/www.strassenweb.de\\\/nachrichten\\\/#organization\",\"name\":\"Stra\u00dfenweb\",\"url\":\"https:\\\/\\\/www.strassenweb.de\\\/nachrichten\\\/\",\"logo\":{\"@type\":\"ImageObject\",\"inLanguage\":\"de\",\"@id\":\"https:\\\/\\\/www.strassenweb.de\\\/nachrichten\\\/#\\\/schema\\\/logo\\\/image\\\/\",\"url\":\"https:\\\/\\\/www.strassenweb.de\\\/nachrichten\\\/wp-content\\\/uploads\\\/2024\\\/09\\\/cropped-favicon.png\",\"contentUrl\":\"https:\\\/\\\/www.strassenweb.de\\\/nachrichten\\\/wp-content\\\/uploads\\\/2024\\\/09\\\/cropped-favicon.png\",\"width\":512,\"height\":512,\"caption\":\"Stra\u00dfenweb\"},\"image\":{\"@id\":\"https:\\\/\\\/www.strassenweb.de\\\/nachrichten\\\/#\\\/schema\\\/logo\\\/image\\\/\"},\"sameAs\":[\"https:\\\/\\\/www.facebook.com\\\/strassenweb\\\/\"]},{\"@type\":\"Person\",\"@id\":\"https:\\\/\\\/www.strassenweb.de\\\/nachrichten\\\/#\\\/schema\\\/person\\\/87c9c9067f1211da429a744dc5a5aa41\",\"name\":\"Robert Hoffmann\",\"image\":{\"@type\":\"ImageObject\",\"inLanguage\":\"de\",\"@id\":\"https:\\\/\\\/www.strassenweb.de\\\/nachrichten\\\/wp-content\\\/uploads\\\/2024\\\/09\\\/strassenweb-150x150.jpg\",\"url\":\"https:\\\/\\\/www.strassenweb.de\\\/nachrichten\\\/wp-content\\\/uploads\\\/2024\\\/09\\\/strassenweb-150x150.jpg\",\"contentUrl\":\"https:\\\/\\\/www.strassenweb.de\\\/nachrichten\\\/wp-content\\\/uploads\\\/2024\\\/09\\\/strassenweb-150x150.jpg\",\"caption\":\"Robert Hoffmann\"},\"description\":\"Ich hei\u00dfe Robert Hoffmann und ich bin ein leidenschaftlicher Verfechter von \u00d6kologie und Biodiversit\u00e4t. Seit meiner Kindheit in den W\u00e4ldern Bayerns f\u00fchle ich mich mit der Natur verbunden und bin entschlossen, sie zu sch\u00fctzen. Heute widme ich mein Leben der Sensibilisierung anderer f\u00fcr die Bedeutung des Umweltschutzes f\u00fcr zuk\u00fcnftige Generationen.\",\"sameAs\":[\"https:\\\/\\\/www.strassenweb.de\\\/\"]}]}<\/script>\n<!-- \/ Yoast SEO plugin. -->","yoast_head_json":{"title":"Wie Jaclyn Smiths Veranda mit Girlanden, Kr\u00e4nzen und Weihnachtssternen den wahren Weihnachtsgeist in einem einfachen, eleganten Design einf\u00e4ngt - Nachrichten - Stra\u00dfenweb","robots":{"index":"index","follow":"follow","max-snippet":"max-snippet:-1","max-image-preview":"max-image-preview:large","max-video-preview":"max-video-preview:-1"},"canonical":"https:\/\/www.strassenweb.de\/nachrichten\/wie-jaclyn-smiths-veranda-mit-girlanden-kraenzen-und-weihnachtssternen-den-wahren-weihnachtsgeist-in-einem-einfachen-eleganten-design-einfaengt\/","og_locale":"de_DE","og_type":"article","og_title":"Wie Jaclyn Smiths Veranda mit Girlanden, Kr\u00e4nzen und Weihnachtssternen den wahren Weihnachtsgeist in einem einfachen, eleganten Design einf\u00e4ngt - Nachrichten - Stra\u00dfenweb","og_description":"F\u00fcr mich gibt es nichts, was Weihnachten besser ausdr\u00fcckt als eine dekorierte Veranda. Ein festlicher Haupteingang ist nicht nur eine zeitlose Hommage an die Jahreszeit,","og_url":"https:\/\/www.strassenweb.de\/nachrichten\/wie-jaclyn-smiths-veranda-mit-girlanden-kraenzen-und-weihnachtssternen-den-wahren-weihnachtsgeist-in-einem-einfachen-eleganten-design-einfaengt\/","og_site_name":"Stra\u00dfenweb","article_publisher":"https:\/\/www.facebook.com\/strassenweb\/","article_published_time":"2025-11-09T17:39:26+00:00","article_modified_time":"2025-11-09T17:39:27+00:00","og_image":[{"width":1600,"height":900,"url":"https:\/\/www.strassenweb.de\/nachrichten\/wp-content\/uploads\/2025\/11\/Wie-Jaclyn-Smiths-Veranda-mit-Girlanden-Kraenzen-und-Weihnachtssternen-den.jpg","type":"image\/jpeg"}],"author":"Robert Hoffmann","twitter_card":"summary_large_image","twitter_misc":{"Verfasst von":"Robert Hoffmann","Gesch\u00e4tzte Lesezeit":"2\u00a0Minuten"},"schema":{"@context":"https:\/\/schema.org","@graph":[{"@type":"Article","@id":"https:\/\/www.strassenweb.de\/nachrichten\/wie-jaclyn-smiths-veranda-mit-girlanden-kraenzen-und-weihnachtssternen-den-wahren-weihnachtsgeist-in-einem-einfachen-eleganten-design-einfaengt\/#article","isPartOf":{"@id":"https:\/\/www.strassenweb.de\/nachrichten\/wie-jaclyn-smiths-veranda-mit-girlanden-kraenzen-und-weihnachtssternen-den-wahren-weihnachtsgeist-in-einem-einfachen-eleganten-design-einfaengt\/"},"author":{"name":"Robert Hoffmann","@id":"https:\/\/www.strassenweb.de\/nachrichten\/#\/schema\/person\/87c9c9067f1211da429a744dc5a5aa41"},"headline":"Wie Jaclyn Smiths Veranda mit Girlanden, Kr\u00e4nzen und Weihnachtssternen den wahren Weihnachtsgeist in einem einfachen, eleganten Design einf\u00e4ngt","datePublished":"2025-11-09T17:39:26+00:00","dateModified":"2025-11-09T17:39:27+00:00","mainEntityOfPage":{"@id":"https:\/\/www.strassenweb.de\/nachrichten\/wie-jaclyn-smiths-veranda-mit-girlanden-kraenzen-und-weihnachtssternen-den-wahren-weihnachtsgeist-in-einem-einfachen-eleganten-design-einfaengt\/"},"wordCount":421,"publisher":{"@id":"https:\/\/www.strassenweb.de\/nachrichten\/#organization"},"image":{"@id":"https:\/\/www.strassenweb.de\/nachrichten\/wie-jaclyn-smiths-veranda-mit-girlanden-kraenzen-und-weihnachtssternen-den-wahren-weihnachtsgeist-in-einem-einfachen-eleganten-design-einfaengt\/#primaryimage"},"thumbnailUrl":"https:\/\/www.strassenweb.de\/nachrichten\/wp-content\/uploads\/2025\/11\/Wie-Jaclyn-Smiths-Veranda-mit-Girlanden-Kraenzen-und-Weihnachtssternen-den.jpg","keywords":["den","Design","einem","einfachen","einf\u00e4ngt","eleganten","Girlanden","Jaclyn","Kr\u00e4nzen","mit","Smiths","und","Veranda","wahren","Weihnachtsgeist","Weihnachtssternen","Wie"],"articleSection":["Haus &amp; Garten"],"inLanguage":"de"},{"@type":"WebPage","@id":"https:\/\/www.strassenweb.de\/nachrichten\/wie-jaclyn-smiths-veranda-mit-girlanden-kraenzen-und-weihnachtssternen-den-wahren-weihnachtsgeist-in-einem-einfachen-eleganten-design-einfaengt\/","url":"https:\/\/www.strassenweb.de\/nachrichten\/wie-jaclyn-smiths-veranda-mit-girlanden-kraenzen-und-weihnachtssternen-den-wahren-weihnachtsgeist-in-einem-einfachen-eleganten-design-einfaengt\/","name":"Wie Jaclyn Smiths Veranda mit Girlanden, Kr\u00e4nzen und Weihnachtssternen den wahren Weihnachtsgeist in einem einfachen, eleganten Design einf\u00e4ngt - Nachrichten - Stra\u00dfenweb","isPartOf":{"@id":"https:\/\/www.strassenweb.de\/nachrichten\/#website"},"primaryImageOfPage":{"@id":"https:\/\/www.strassenweb.de\/nachrichten\/wie-jaclyn-smiths-veranda-mit-girlanden-kraenzen-und-weihnachtssternen-den-wahren-weihnachtsgeist-in-einem-einfachen-eleganten-design-einfaengt\/#primaryimage"},"image":{"@id":"https:\/\/www.strassenweb.de\/nachrichten\/wie-jaclyn-smiths-veranda-mit-girlanden-kraenzen-und-weihnachtssternen-den-wahren-weihnachtsgeist-in-einem-einfachen-eleganten-design-einfaengt\/#primaryimage"},"thumbnailUrl":"https:\/\/www.strassenweb.de\/nachrichten\/wp-content\/uploads\/2025\/11\/Wie-Jaclyn-Smiths-Veranda-mit-Girlanden-Kraenzen-und-Weihnachtssternen-den.jpg","datePublished":"2025-11-09T17:39:26+00:00","dateModified":"2025-11-09T17:39:27+00:00","breadcrumb":{"@id":"https:\/\/www.strassenweb.de\/nachrichten\/wie-jaclyn-smiths-veranda-mit-girlanden-kraenzen-und-weihnachtssternen-den-wahren-weihnachtsgeist-in-einem-einfachen-eleganten-design-einfaengt\/#breadcrumb"},"inLanguage":"de","potentialAction":[{"@type":"ReadAction","target":["https:\/\/www.strassenweb.de\/nachrichten\/wie-jaclyn-smiths-veranda-mit-girlanden-kraenzen-und-weihnachtssternen-den-wahren-weihnachtsgeist-in-einem-einfachen-eleganten-design-einfaengt\/"]}]},{"@type":"ImageObject","inLanguage":"de","@id":"https:\/\/www.strassenweb.de\/nachrichten\/wie-jaclyn-smiths-veranda-mit-girlanden-kraenzen-und-weihnachtssternen-den-wahren-weihnachtsgeist-in-einem-einfachen-eleganten-design-einfaengt\/#primaryimage","url":"https:\/\/www.strassenweb.de\/nachrichten\/wp-content\/uploads\/2025\/11\/Wie-Jaclyn-Smiths-Veranda-mit-Girlanden-Kraenzen-und-Weihnachtssternen-den.jpg","contentUrl":"https:\/\/www.strassenweb.de\/nachrichten\/wp-content\/uploads\/2025\/11\/Wie-Jaclyn-Smiths-Veranda-mit-Girlanden-Kraenzen-und-Weihnachtssternen-den.jpg","width":1600,"height":900,"caption":"jaclyn smith on a white background"},{"@type":"BreadcrumbList","@id":"https:\/\/www.strassenweb.de\/nachrichten\/wie-jaclyn-smiths-veranda-mit-girlanden-kraenzen-und-weihnachtssternen-den-wahren-weihnachtsgeist-in-einem-einfachen-eleganten-design-einfaengt\/#breadcrumb","itemListElement":[{"@type":"ListItem","position":1,"name":"Home","item":"https:\/\/www.strassenweb.de\/nachrichten\/"},{"@type":"ListItem","position":2,"name":"Wie Jaclyn Smiths Veranda mit Girlanden, Kr\u00e4nzen und Weihnachtssternen den wahren Weihnachtsgeist in einem einfachen, eleganten Design einf\u00e4ngt"}]},{"@type":"WebSite","@id":"https:\/\/www.strassenweb.de\/nachrichten\/#website","url":"https:\/\/www.strassenweb.de\/nachrichten\/","name":"Stra\u00dfenweb","description":"Stra\u00dfenverzeichnis f\u00fcr Deutschland","publisher":{"@id":"https:\/\/www.strassenweb.de\/nachrichten\/#organization"},"potentialAction":[{"@type":"SearchAction","target":{"@type":"EntryPoint","urlTemplate":"https:\/\/www.strassenweb.de\/nachrichten\/?s={search_term_string}"},"query-input":{"@type":"PropertyValueSpecification","valueRequired":true,"valueName":"search_term_string"}}],"inLanguage":"de"},{"@type":"Organization","@id":"https:\/\/www.strassenweb.de\/nachrichten\/#organization","name":"Stra\u00dfenweb","url":"https:\/\/www.strassenweb.de\/nachrichten\/","logo":{"@type":"ImageObject","inLanguage":"de","@id":"https:\/\/www.strassenweb.de\/nachrichten\/#\/schema\/logo\/image\/","url":"https:\/\/www.strassenweb.de\/nachrichten\/wp-content\/uploads\/2024\/09\/cropped-favicon.png","contentUrl":"https:\/\/www.strassenweb.de\/nachrichten\/wp-content\/uploads\/2024\/09\/cropped-favicon.png","width":512,"height":512,"caption":"Stra\u00dfenweb"},"image":{"@id":"https:\/\/www.strassenweb.de\/nachrichten\/#\/schema\/logo\/image\/"},"sameAs":["https:\/\/www.facebook.com\/strassenweb\/"]},{"@type":"Person","@id":"https:\/\/www.strassenweb.de\/nachrichten\/#\/schema\/person\/87c9c9067f1211da429a744dc5a5aa41","name":"Robert Hoffmann","image":{"@type":"ImageObject","inLanguage":"de","@id":"https:\/\/www.strassenweb.de\/nachrichten\/wp-content\/uploads\/2024\/09\/strassenweb-150x150.jpg","url":"https:\/\/www.strassenweb.de\/nachrichten\/wp-content\/uploads\/2024\/09\/strassenweb-150x150.jpg","contentUrl":"https:\/\/www.strassenweb.de\/nachrichten\/wp-content\/uploads\/2024\/09\/strassenweb-150x150.jpg","caption":"Robert Hoffmann"},"description":"Ich hei\u00dfe Robert Hoffmann und ich bin ein leidenschaftlicher Verfechter von \u00d6kologie und Biodiversit\u00e4t. Seit meiner Kindheit in den W\u00e4ldern Bayerns f\u00fchle ich mich mit der Natur verbunden und bin entschlossen, sie zu sch\u00fctzen. Heute widme ich mein Leben der Sensibilisierung anderer f\u00fcr die Bedeutung des Umweltschutzes f\u00fcr zuk\u00fcnftige Generationen.","sameAs":["https:\/\/www.strassenweb.de\/"]}]}},"_links":{"self":[{"href":"https:\/\/www.strassenweb.de\/nachrichten\/wp-json\/wp\/v2\/posts\/9138","targetHints":{"allow":["GET"]}}],"collection":[{"href":"https:\/\/www.strassenweb.de\/nachrichten\/wp-json\/wp\/v2\/posts"}],"about":[{"href":"https:\/\/www.strassenweb.de\/nachrichten\/wp-json\/wp\/v2\/types\/post"}],"author":[{"embeddable":true,"href":"https:\/\/www.strassenweb.de\/nachrichten\/wp-json\/wp\/v2\/users\/1"}],"replies":[{"embeddable":true,"href":"https:\/\/www.strassenweb.de\/nachrichten\/wp-json\/wp\/v2\/comments?post=9138"}],"version-history":[{"count":0,"href":"https:\/\/www.strassenweb.de\/nachrichten\/wp-json\/wp\/v2\/posts\/9138\/revisions"}],"wp:featuredmedia":[{"embeddable":true,"href":"https:\/\/www.strassenweb.de\/nachrichten\/wp-json\/wp\/v2\/media\/9139"}],"wp:attachment":[{"href":"https:\/\/www.strassenweb.de\/nachrichten\/wp-json\/wp\/v2\/media?parent=9138"}],"wp:term":[{"taxonomy":"category","embeddable":true,"href":"https:\/\/www.strassenweb.de\/nachrichten\/wp-json\/wp\/v2\/categories?post=9138"},{"taxonomy":"post_tag","embeddable":true,"href":"https:\/\/www.strassenweb.de\/nachrichten\/wp-json\/wp\/v2\/tags?post=9138"}],"curies":[{"name":"wp","href":"https:\/\/api.w.org\/{rel}","templated":true}]}}