{"id":9105,"date":"2025-11-08T09:39:23","date_gmt":"2025-11-08T08:39:23","guid":{"rendered":"https:\/\/www.strassenweb.de\/nachrichten\/ich-habe-viele-tage-im-spaetherbst-mit-dem-beschneiden-verbracht-und-hier-sind-7-baeume-die-ich-im-november-schneiden-sollte-wenn-sie-in-den-ruhezustand-eintreten\/"},"modified":"2025-11-08T09:39:25","modified_gmt":"2025-11-08T08:39:25","slug":"ich-habe-viele-tage-im-spaetherbst-mit-dem-beschneiden-verbracht-und-hier-sind-7-baeume-die-ich-im-november-schneiden-sollte-wenn-sie-in-den-ruhezustand-eintreten","status":"publish","type":"post","link":"https:\/\/www.strassenweb.de\/nachrichten\/ich-habe-viele-tage-im-spaetherbst-mit-dem-beschneiden-verbracht-und-hier-sind-7-baeume-die-ich-im-november-schneiden-sollte-wenn-sie-in-den-ruhezustand-eintreten\/","title":{"rendered":"Ich habe viele Tage im Sp\u00e4therbst mit dem Beschneiden verbracht \u2013 und hier sind 7 B\u00e4ume, die ich im November schneiden sollte, wenn sie in den Ruhezustand eintreten"},"content":{"rendered":"<p><\/p>\n<div id=\"article-body\" class=\"article__body \">\n<p id=\"36f8e509-d7e7-43c6-bf8f-61f3653c30a5\">Die niedrigeren Temperaturen und das geringere Licht im November f\u00fchren dazu, dass Laubb\u00e4ume diesen Monat in den Ruhezustand \u00fcbergehen. Wenn sie in den k\u00e4lteren Monaten ihren Schlaf beginnen, \u00f6ffnet sich dem G\u00e4rtner das Fenster zum Beschneiden. Wenn Sie diesen Monat weiterkommen m\u00f6chten, finden Sie hier sieben B\u00e4ume, die Sie im November beschneiden sollten.<\/p>\n<div id=\"ad-unit-1\" class=\"ad-unit\"><\/div>\n<p>Von jetzt an bis zum fr\u00fchen Fr\u00fchling haben Sie Zeit, Laubb\u00e4umen den m\u00f6glicherweise dringend ben\u00f6tigten Schnitt zu verpassen, und das Beschneiden an einem hellen Tag im Sp\u00e4therbst kann oft angenehmer sein als an einem kalten Tag im Sp\u00e4twinter. Wenn Sie viele B\u00e4ume und Str\u00e4ucher haben, die vor dem Ende des Winters beschnitten werden m\u00fcssen, hat es auch Vorteile, fr\u00fch am Fenster zu beginnen. Es kann befriedigend sein, an einem sch\u00f6nen Tag ein paar Dinge abzuhaken, anstatt am hinteren Ende des Fensters zu hetzen und verzweifelt zu versuchen, alles zu erledigen.<\/p>\n<p class=\"paywall\" aria-hidden=\"true\">Es gibt eine gro\u00dfe Auswahl an Pflanzen, die in diesem Monat beschnitten werden k\u00f6nnen, darunter Obstb\u00e4ume, Nussb\u00e4ume und Zierb\u00e4ume. Das Beschneiden im Sp\u00e4therbst war w\u00e4hrend meiner Zeit als professioneller G\u00e4rtner eine regelm\u00e4\u00dfige Aufgabe, insbesondere wenn ich eine lange Checkliste mit Obstb\u00e4umen hatte, die in einem bestimmten ummauerten Garten beschnitten werden mussten. F\u00fcr G\u00e4rtner kann es ein arbeitsreicher Monat sein, da im November m\u00f6glicherweise viele Pflanzen beschnitten werden m\u00fcssen. Hier konzentrieren wir uns auf die B\u00e4ume in Ihrem Garten, die von einem Schnitt profitieren k\u00f6nnten.<\/p>\n<div class=\"van_vid_carousel\">\n<div class=\"van_vid_carousel__padding\">\n<div class=\"van_vid_carousel__container\"><\/div>\n<\/div>\n<\/div>\n<figure class=\"van-image-figure inline-layout \" data-bordeaux-image-check id=\"6e7e4880-7e50-49a7-b918-96bb98197891\">\n<div class=\"image-full-width-wrapper\">\n<div class=\"image-widthsetter\" style=\"max-width:2000px;\"><\/div>\n<\/div>\n<\/figure>\n<h2 id=\"7-trees-to-prune-in-november-why-it-s-important-to-check-before-you-cut-3\">7 B\u00e4ume, die Sie im November beschneiden sollten \u2013 warum es wichtig ist, dies vor dem Schneiden zu \u00fcberpr\u00fcfen<\/h2>\n<aside data-block-type=\"embed\" data-render-type=\"fte\" data-skip=\"dealsy\" data-widget-type=\"seasonal\" class=\"hawk-root\"><\/aside>\n<p id=\"4c169500-5804-4f95-9b70-6044076919b8-0\">W\u00e4hrend viele B\u00e4ume in diesem Monat von etwas Aufmerksamkeit profitieren werden, ist dies nicht bei allen der Fall. Durch das Beschneiden k\u00f6nnen Sie die Gesundheit einiger B\u00e4ume gef\u00e4hrden oder die Fr\u00fchlingsbl\u00fcte anderer stark beeintr\u00e4chtigen.<\/p>\n<div id=\"ad-unit-2\" class=\"ad-unit\"><\/div>\n<p>Manche B\u00e4ume (z. B. Birken und Waln\u00fcsse) bluten Saft und sind anf\u00e4llig f\u00fcr Sch\u00e4dlinge und Krankheiten. Bei anderen Arten (z. B. Magnolien und bl\u00fchendem Hartriegel) riskieren Sie, die Knospen zu entfernen, die im n\u00e4chsten Fr\u00fchling die Bl\u00fcten tragen werden.<\/p>\n<p>Und schlie\u00dflich werden Steinobstb\u00e4ume nicht wie andere Obstb\u00e4ume w\u00e4hrend der Ruhephase beschnitten. Es ist ein Fehler, Obstb\u00e4ume in der Ruhephase zu beschneiden, da sie dadurch dem Risiko von Krankheiten wie Blattsilber und Bakterienkrebs ausgesetzt sind.<\/p>\n<p>Pr\u00fcfen Sie immer, bevor Sie einen Baumschnitt durchf\u00fchren, um sicherzustellen, dass Sie beim Beschneiden in diesem Monat keinen Fehler beim Baumschneiden begehen. Allerdings handelt es sich bei allen folgenden B\u00e4umen sicherlich um B\u00e4ume, die im November beschnitten werden m\u00fcssen, und sie werden sich \u00fcber jede Pflege freuen, die Sie ihnen in den kommenden Wochen schenken.<\/p>\n<div id=\"slice-container-newsletterForm-articleInbodyContent-StXFsUdST5KX2L9RZYEtwB\" class=\"slice-container newsletter-inbodyContent-slice newsletterForm-articleInbodyContent-StXFsUdST5KX2L9RZYEtwB slice-container-newsletterForm\"><\/div>\n<h3 class=\"article-body__section\" id=\"section-1-apple\"><span>1. Apfel<\/span><\/h3>\n<figure class=\"van-image-figure inline-layout \" data-bordeaux-image-check id=\"5aacf357-d076-4548-b0d3-58bbbe0fc109\">\n<div class=\"image-full-width-wrapper\">\n<div class=\"image-widthsetter\" style=\"max-width:2400px;\"><\/div>\n<\/div>\n<\/figure>\n<p id=\"ae3fb3f8-3403-496b-945e-7c411fc847c2\">Beginnen wir mit den beliebtesten und am weitesten verbreiteten Obstb\u00e4umen: \u00c4pfeln.<\/p>\n<p>Das Beschneiden ist f\u00fcr \u00c4pfel wichtig, da die meisten B\u00e4ume ihre Fr\u00fcchte auf Trieben tragen. Daher f\u00f6rdert jeder j\u00e4hrliche Schnitt das Wachstum von mehr Knospen, die Fr\u00fcchte tragen. Durch das Beschneiden wird auch die Gr\u00f6\u00dfe und Form des Baumes gesteuert, sodass die Zweige das Gewicht der Fr\u00fcchte tragen k\u00f6nnen. Schlie\u00dflich erm\u00f6glicht es die Luftzirkulation und das Eindringen von Licht in das Bl\u00e4tterdach, wodurch der Baum insgesamt gesund bleibt.<\/p>\n<p>Das Zeitfenster zum Beschneiden eines Apfelbaums beginnt im November und dauert bis zum sp\u00e4ten Winter oder fr\u00fchen Fr\u00fchling. Sie m\u00f6chten alle toten, besch\u00e4digten oder erkrankten \u00c4ste sowie alle \u00c4ste entfernen, die sich kreuzen oder nach innen in Richtung des zentralen Stammes des Baumes wachsen. Idealerweise w\u00fcnschen Sie sich eine offene Kelchform mit weit auseinander liegenden Zweigen.<\/p>\n<p>Um eine starke Verzweigung und das Wachstum von Fruchttrieben zu f\u00f6rdern, k\u00fcrzen Sie den letztj\u00e4hrigen Zuwachs um ein Drittel und schneiden Sie ihn auf eine nach au\u00dfen gerichtete Knospe. Sie k\u00f6nnen dies mit einer scharfen Gartenschere tun.<\/p>\n<p>Ich pers\u00f6nlich besitze eine zuverl\u00e4ssige Felco 2-Gartenschere, mit der ich im Laufe meiner Jahre als professioneller G\u00e4rtner viele Obstb\u00e4ume beschnitten habe \u2013 und bei Amazon k\u00f6nnen Sie eine neue Felco F2-Gartenschere erwerben, die Jahrzehnte halten kann, da jedes Teil austauschbar ist.<\/p>\n<p>Beim Beschneiden von Spalierapfelb\u00e4umen umfasst der Winterschnitt das Entfernen abgestorbener, kranker und besch\u00e4digter \u00c4ste sowie alle notwendigen Beschnitte, um die Form des erzogenen Baumes oder d\u00fcnner, verstopfter Ausl\u00e4ufer zu erhalten.<\/p>\n<h3 class=\"article-body__section\" id=\"section-2-pear\"><span>2. Birne<\/span><\/h3>\n<figure class=\"van-image-figure inline-layout \" data-bordeaux-image-check id=\"01d31d46-d91e-4579-84b9-5313624583f3\">\n<div class=\"image-full-width-wrapper\">\n<div class=\"image-widthsetter\" style=\"max-width:2400px;\"><\/div>\n<\/div>\n<\/figure>\n<p id=\"8dd0fa03-136b-42cd-9f9e-5ef5603664a8\">Birnb\u00e4ume sind ein weiterer allgegenw\u00e4rtiger Obstbaum; Millionen von G\u00e4rtnern auf der ganzen Welt lieben sie, da die Fr\u00fcchte von einheimischen B\u00e4umen die Fr\u00fcchte, die man im Handel bekommt, \u00fcbertreffen. Ich habe in K\u00fccheng\u00e4rten freistehende und erzogene Birnb\u00e4ume gepflegt, und der Schnitt im Winter beh\u00e4lt ihre Form und f\u00f6rdert, wie bei \u00c4pfeln, die Bildung von Trieben, die Fr\u00fcchte tragen.<\/p>\n<p>Beschneiden Sie Birnb\u00e4ume, wenn sie ruhen, aber widerstehen Sie dem Drang, sie fr\u00fchzeitig zu beschneiden, da dies neues Wachstum anregen kann, das durch Frost gesch\u00e4digt wird und den gesamten Baum anf\u00e4llig f\u00fcr Sch\u00e4dlinge und Krankheiten macht.<\/p>\n<p>Der j\u00e4hrliche Schnitt beginnt immer mit der Entfernung abgestorbener, kranker oder besch\u00e4digter \u00c4ste. Versuchen Sie als N\u00e4chstes, den Baum auszud\u00fcnnen, indem Sie sich kreuzende, schwache oder unerw\u00fcnschte \u00c4ste entfernen, um die Luft- und Lichtzirkulation zu verbessern.<\/p>\n<p>Versuchen Sie auch hier, eine Kelch- oder Vasenform zu w\u00e4hlen, was bei Birnen etwas schwieriger sein kann, da ihre Zweige aufrechter wachsen als bei Apfelb\u00e4umen. Das Zur\u00fcckschneiden jedes Hauptzweigs um ein Drittel kann die Bildung von Spornen f\u00f6rdern und die L\u00e4nge der Zweige verringern, um das Gewicht der Frucht zu tragen. Dies ist auch hilfreich, da Birnbaumholz weicher ist als Apfelholz.<\/p>\n<p>Astscheren sind die besten Schnittwerkzeuge f\u00fcr dickere \u00c4ste; Sie eignen sich f\u00fcr Schnitte mit einer Dicke von 1 bis 2 Zoll, im Vergleich zu 2,5 cm f\u00fcr Gartenscheren. Mit einer ausziehbaren Baumschere wie dieser bei Amazon k\u00f6nnen Sie auch tiefer in den Baum vordringen und \u00c4ste mit einer Dicke von bis zu f\u00fcnf Zentimetern schneiden.<\/p>\n<h3 class=\"article-body__section\" id=\"section-3-quince\"><span>3. Quitte<\/span><\/h3>\n<figure class=\"van-image-figure inline-layout \" data-bordeaux-image-check id=\"aedaf476-f34d-4a45-ae6a-ab0ac6c5fc7c\">\n<div class=\"image-full-width-wrapper\">\n<div class=\"image-widthsetter\" style=\"max-width:2400px;\"><\/div>\n<\/div>\n<\/figure>\n<p id=\"0622ca6c-c883-47a9-84b9-7303967d5997\">Quitten waren einst sehr beliebte B\u00e4ume in Kolonialg\u00e4rten, aber sie kamen aus der Mode. Das \u00e4ndert sich nun, und der Anbau von Quittenb\u00e4umen erlebt eine gewisse Wiederbelebung. Ein gutes Verkaufsargument f\u00fcr sie ist, dass es sich um leicht zu z\u00fcchtende Obstb\u00e4ume handelt, die keinen regelm\u00e4\u00dfigen Schnitt erfordern.<\/p>\n<p>Sie m\u00fcssen Quittenb\u00e4ume jedes Jahr in jungen Jahren beschneiden, um ihnen ein gutes Zweigger\u00fcst und eine offene Kelchform zu verleihen.<\/p>\n<p>Bei etablierten B\u00e4umen m\u00fcssen dann meist nur tote, kranke oder besch\u00e4digte \u00c4ste entfernt und schwache, verstopfte oder sich kreuzende \u00c4ste herausgeschnitten werden, um das Bl\u00e4tterdach zu \u00f6ffnen und mehr Luft und Licht hereinzulassen.<\/p>\n<p>Da Quittenb\u00e4ume ihre Fr\u00fcchte an den Enden ihrer Zweige tragen, sollten zu lange Zweige am besten gek\u00fcrzt werden, da das Gewicht der schweren Fr\u00fcchte dazu f\u00fchren kann, dass diese abbrechen. Es ist au\u00dferdem ratsam, die Triebe rund um die Basis des Baumes zu entfernen, wenn Sie sie sehen.<\/p>\n<p>Quittenb\u00e4ume k\u00f6nnen eine H\u00f6he von bis zu 20 Fu\u00df erreichen, daher ben\u00f6tigen Sie m\u00f6glicherweise eine ausziehbare Baumschere, um h\u00f6here \u00c4ste zu schneiden. Diese ausziehbare 2-in-1-Baumschere bei Amazon verf\u00fcgt \u00fcber ein Astmesser und einen Hochentaster zum Beschneiden von \u00c4sten unterschiedlicher Gr\u00f6\u00dfe.<\/p>\n<h3 class=\"article-body__section\" id=\"section-4-mulberry\"><span>4. Maulbeere<\/span><\/h3>\n<figure class=\"van-image-figure inline-layout \" data-bordeaux-image-check id=\"10a2826c-289d-438a-905a-6de34bdeb245\">\n<div class=\"image-full-width-wrapper\">\n<div class=\"image-widthsetter\" style=\"max-width:2400px;\"><\/div>\n<\/div>\n<\/figure>\n<p id=\"d8517cb6-6f89-453d-86f0-4f4bf526e1bd\">Maulbeeren sind einzigartige Fr\u00fcchte im Anbau, mit reichhaltigen, s\u00e4uerlichen und saftigen Fr\u00fcchten, die gro\u00dfen, l\u00e4nglichen Brombeeren \u00e4hneln und selten in Gesch\u00e4ften verkauft werden. Beim Anbau von Maulbeerb\u00e4umen ist der Schnitt eine Aufgabe, die stets vorsichtig durchgef\u00fchrt werden muss.<\/p>\n<p>Diese verzeihende Ber\u00fchrung ist unerl\u00e4sslich, da Maulbeerb\u00e4ume Schwierigkeiten haben, gro\u00dfe Wunden zu heilen. Das bedeutet, dass Sie so wenig Schnitte wie m\u00f6glich machen und niemals \u00c4ste mit einem Durchmesser von mehr als f\u00fcnf Zentimetern beschneiden sollten, da der Baum dadurch anf\u00e4llig f\u00fcr Pilz- oder Bakterienkrankheiten werden kann, da die Heilung der offenen Wunden lange dauert.<\/p>\n<p>Wenn Sie einen Maulbeerbaum beschneiden, entfernen Sie tote, kranke, besch\u00e4digte und sich kreuzende \u00c4ste, um das Bl\u00e4tterdach zu \u00f6ffnen. Machen Sie ein paar kleine Schnitte, um den Baum auszud\u00fcnnen, aber entfernen Sie nie mehr als ein Viertel des Baumes auf einmal. Ein \u00fcberm\u00e4\u00dfiger Beschnitt von Maulbeeren beeintr\u00e4chtigt die Fruchtbildung und macht den Baum anf\u00e4llig f\u00fcr Krankheiten und Sch\u00e4dlinge.<\/p>\n<p>Stellen Sie beim Beschneiden sicher, dass Ihre Werkzeuge sauber und scharf sind. Ein Sch\u00e4rfwerkzeug im Taschenformat, wie dieses hier bei Amazon, kann f\u00fcr Werkzeuge mit gerader Klinge verwendet werden, darunter Gartenscheren, Astscheren und Heckenscheren.<\/p>\n<h3 class=\"article-body__section\" id=\"section-5-beech\"><span>5. Buche<\/span><\/h3>\n<figure class=\"van-image-figure inline-layout \" data-bordeaux-image-check id=\"90148498-18b4-4890-b650-cf57593ee215\">\n<div class=\"image-full-width-wrapper\">\n<div class=\"image-widthsetter\" style=\"max-width:2000px;\"><\/div>\n<\/div>\n<\/figure>\n<p id=\"9d037641-d882-40a1-808d-e990ed4d1661\">Buchen sind historische britische B\u00e4ume. Viele Menschen verwenden Buchen als Heckenpflanze, aber dank ihrer stattlichen Form, dem dichten Laub und der schillernden Herbstf\u00e4rbung sind sie wundersch\u00f6ne B\u00e4ume f\u00fcr jede Landschaft.<\/p>\n<p>Wenn sie sich selbst \u00fcberlassen werden, k\u00f6nnen sie eine H\u00f6he von 90 bis 130 Fu\u00df erreichen. Hier ist ein regelm\u00e4\u00dfiger Schnitt hilfreich, um die ideale Gr\u00f6\u00dfe beizubehalten, ihn f\u00fcr jeden Garten handhabbar zu halten und sicherzustellen, dass der Baum \u00fcber Jahrzehnte hinweg gesund und sch\u00f6n bleibt.<\/p>\n<p>Buchen bluten Saft, wenn sie aktiv wachsen, daher erfolgt der Schnitt immer w\u00e4hrend der Ruhephase. Entfernen Sie, wie bei allen anderen auf dieser Liste, totes, krankes oder besch\u00e4digtes Holz sowie alles, was zu nah am Boden w\u00e4chst oder nach innen zum Stamm hin w\u00e4chst.<\/p>\n<p>Wenn der Baum zu hoch gewachsen ist, reduzieren Sie die H\u00f6he durch Kronenreduzierung im Laufe einiger Jahre. Beschneiden Sie niemals den Baum, da dadurch der Mittelstamm und die Hauptzweige des Bl\u00e4tterdachs auf einmal entfernt werden. Ein Baum mit einer Krone sieht nicht nur h\u00e4sslich aus, sondern stellt auch eine gro\u00dfe Belastung f\u00fcr ihn dar und kann sein zuk\u00fcnftiges Wachstum beeintr\u00e4chtigen.<\/p>\n<div class=\"min-h-(270px) mb-4 viafoura-twig-component\" id=\"viafoura-engagement-starter-wrapper\" data-component-name=\"Elk:Embed:EngagementStarter\">\n<div class=\"viafoura\">\n<div>\n<vf-conversation-starter target=\"viafoura-comments\" title=\"Is pruning trees on your to-do list this month?\" description=\"Tell us which trees need attention in your garden in November\" minimum-comment-count=\"5\"><br \/>\n<\/vf-conversation-starter>\n<\/div>\n<\/div>\n<\/div>\n<h3 class=\"article-body__section\" id=\"section-6-hazelnuts\"><span>6. Haseln\u00fcsse <\/span><\/h3>\n<figure class=\"van-image-figure inline-layout \" data-bordeaux-image-check id=\"beea37d2-5246-43ae-b6b3-a8543c7ca9ed\">\n<div class=\"image-full-width-wrapper\">\n<div class=\"image-widthsetter\" style=\"max-width:2000px;\"><\/div>\n<\/div>\n<\/figure>\n<p id=\"c98a226d-810f-4447-b18e-4f22ca93b517\">Haselnusssorten, die auch als Haseln\u00fcsse und Haseln\u00fcsse bekannt sind, sollten in der Ruhephase regelm\u00e4\u00dfig beschnitten werden, um das Holz f\u00fcr die Ernte der N\u00fcsse zu f\u00f6rdern. Zu den h\u00e4ufigsten Sorten geh\u00f6ren die amerikanische Haselnuss (Corylus americana), die europ\u00e4ische Haselnuss (Corylus avellana) und die gro\u00dfe Haselnuss (Corylus maxima).<\/p>\n<p>Idealerweise werden die B\u00e4ume als mehrst\u00e4mmige B\u00e4ume gez\u00fcchtet, was die Best\u00e4ubung f\u00f6rdert und den besten Ertrag bringt. Eine solche Form sollte zwischen f\u00fcnf und zehn weit auseinander liegende, kr\u00e4ftige St\u00e4mme haben, wobei sich die Struktur in den ersten f\u00fcnf Lebensjahren des Baumes bildet. Sobald die Hauptst\u00e4mme eine H\u00f6he von 7 bis 8 Fu\u00df erreichen, schneiden Sie sie bis auf eine Knospe zur\u00fcck, um die Bildung von Seitentrieben zu f\u00f6rdern.<\/p>\n<p>Bei etablierten Haseln\u00fcssen m\u00fcssen die Triebe entfernt und der Baum ge\u00f6ffnet werden, um einer m\u00f6glichen Verstopfung vorzubeugen. F\u00fchren Sie Ausd\u00fcnnungsschnitte durch, um abgestorbene, besch\u00e4digte und kranke \u00c4ste, schwache Triebe, nach innen wachsende St\u00e4ngel oder \u00fcberf\u00fcllte Bereiche zu entfernen. Durch diese Ausd\u00fcnnung gelangt mehr Licht in den Baum.<\/p>\n<p>Sie k\u00f6nnen ein paar \u00e4ltere, aufrechte St\u00e4ngel entfernen, um Staus zu vermeiden. Beachten Sie jedoch beim Beschneiden die Drittelregel, d. h., Sie d\u00fcrfen jeweils nur bis zu einem Drittel des Wachstums abschneiden.<\/p>\n<p>Gr\u00f6\u00dfere, \u00e4ltere St\u00e4mme erfordern m\u00f6glicherweise den Einsatz einer Asts\u00e4ge, die f\u00fcr \u00c4ste verwendet wird, die \u00fcber die Dicke einer Astschere oder Astschere hinausgehen. Diese klappbare Hands\u00e4ge von Fiskars bei Walmart verf\u00fcgt beispielsweise \u00fcber ein 10-Zoll-S\u00e4geblatt mit messerscharfen, dreifach geschliffenen Z\u00e4hnen zum Schneiden durch dicke \u00c4ste.<\/p>\n<h3 class=\"article-body__section\" id=\"section-7-davidia\"><span>7. Davidia<\/span><\/h3>\n<figure class=\"van-image-figure inline-layout \" data-bordeaux-image-check id=\"cc11ec2e-3d09-44b9-8221-cd4bd52d2275\">\n<div class=\"image-full-width-wrapper\">\n<div class=\"image-widthsetter\" style=\"max-width:2000px;\"><\/div>\n<\/div>\n<\/figure>\n<p id=\"fb9dfd36-c2b4-4e47-8d8b-5b7b93e74fea\">Der Taschentuchbaum (Davidia involucrata) stammt aus China und ist ein atemberaubender, unterbewerteter Baum. Seinen Namen verdankt es den pr\u00e4chtigen wei\u00dfen Hochbl\u00e4ttern, die die Bl\u00fcten im Fr\u00fchling umgeben, wenn sie im Wind flattern wie Taschent\u00fccher, die an den Zweigen h\u00e4ngen.<\/p>\n<p>Es kann 10 Jahre dauern, bis ein Taschentuchbaum nach dem Pflanzen zu bl\u00fchen beginnt. Sie m\u00f6gen ein Luxus sein, aber es sind sehr pflegeleichte B\u00e4ume. Sie reagieren nicht gut auf starkes Beschneiden. Behandeln Sie einen Taschentuchbaum daher immer mit einer sanften Ber\u00fchrung. Das Risiko eines \u00fcberm\u00e4\u00dfigen R\u00fcckschnitts besteht darin, dass der Baum gestresst wird, was wahrscheinlich zu weniger Bl\u00fcten f\u00fchrt.<\/p>\n<p>Um einen einst\u00e4mmigen Baum zu erziehen, ist ein Formschnitt erforderlich, da die Gefahr besteht, dass der Baum spaltet, wenn mehr als ein Leittrieb vorhanden ist. Konzentrieren Sie sich nach der Etablierung in erster Linie darauf, die \u00fcblichen Verd\u00e4chtigen wie abgestorbene, besch\u00e4digte oder kranke \u00c4ste sowie alle sich kreuzenden oder reibenden \u00c4ste zu entfernen.<\/p>\n<hr id=\"75975c52-b332-4739-8890-cdff1edf5cb1\">\n<p id=\"884700af-29bc-4c8d-a35e-24ca4b5195b9\">Wenn Sie auf der Suche nach weiteren Jobs sind, die Sie in diesem Monat auf Ihre Checkliste f\u00fcr die Gartenarbeit im Herbst setzen k\u00f6nnen, sollten Sie bedenken, dass der November ein idealer Zeitpunkt f\u00fcr das Schneiden von Pflanzenstecklingen sein kann. Bei dieser lohnenden Aufgabe erhalten Sie kostenlos Str\u00e4ucher oder Stauden f\u00fcr Ihren Garten. Wenn Sie mehr dar\u00fcber erfahren m\u00f6chten, finden Sie in diesem Ratgeber zu Pflanzen, die Sie im November vermehren k\u00f6nnen, sieben Pflanzen, von denen Sie Stecklinge nehmen k\u00f6nnen, sowie Expertentipps f\u00fcr jede Pflanze.<\/p>\n<h2 id=\"shop-pruning-supplies-3\">Kaufen Sie Schnittzubeh\u00f6r<\/h2>\n<aside data-block-type=\"embed\" data-hawk-json='{\"collection\":{\"blocks\":({\"modelName\":\"Pruning Set\",\"productName\":\"Pruning Set\",\"brand\":null,\"price\":null,\"wasPrice\":null,\"currency\":\"USD\",\"image\":{\"copyright\":\"\",\"height\":450,\"id\":\"tcEyRJGxJTnMLcK3Afhboj\",\"mimeType\":\"image\/jpeg\",\"mos\":\"https:\/\/cdn.mos.cms.futurecdn.net\/tcEyRJGxJTnMLcK3Afhboj.jpg\",\"role\":\"\",\"width\":450,\"credit\":\"Fiskars\",\"alt\":\"Fiskars Lopper and Pruner Garden Tool 3-Piece Set With Stainless Steel Blades, Black and Orange\",\"caption\":\"\"},\"link\":{\"url\":\"https:\/\/goto.walmart.com\/c\/1943169\/568844\/9383?subId1=hawk-custom-tracking&amp;sharedId=hawk&amp;u=https%3A%2F%2Fwww.walmart.com%2Fip%2FFiskars-Lopper-and-Pruner-Garden-Tool-3-Piece-Set-with-Stainless-Steel-Blades-Black-and-Orange%2F200937270\",\"linkText\":\"See at Walmart\",\"editorialMerchantName\":\"\",\"merchantId\":108180,\"merchantNetwork\":\"ImpactRadWalmart\",\"merchantUrl\":\"walmart.com\",\"merchantName\":\"Walmart\"},\"noAffiliateTracking\":false,\"linkMerchant\":\"Walmart\"},{\"modelName\":\"Corded Electric Chipper\",\"productName\":\"Corded Electric Chipper\",\"brand\":null,\"price\":null,\"wasPrice\":null,\"currency\":\"USD\",\"image\":{\"copyright\":\"\",\"height\":400,\"id\":\"9he8EfMvXzHhq77v4SQ3dj\",\"mimeType\":\"image\/jpeg\",\"mos\":\"https:\/\/cdn.mos.cms.futurecdn.net\/9he8EfMvXzHhq77v4SQ3dj.jpg\",\"role\":\"\",\"width\":400,\"credit\":\"Amazon\",\"alt\":\"Earthwise GS70015 15-Amp Garden Corded Electric Chipper\",\"caption\":\"\"},\"link\":{\"url\":\"https:\/\/target.georiot.com\/Proxy.ashx?tsid=107655&amp;GR_URL=https%3A%2F%2Famazon.com%2FEarthwise-GS70015-Electric-Shredder-Collection%2Fdp%2FB00W874Y46%3Ftag%3Dhawk-future-20%26ascsubtag%3Dhawk-custom-tracking-20\",\"linkText\":\"See at Amazon\",\"editorialMerchantName\":\"\",\"merchantId\":1471,\"merchantNetwork\":\"Amazonus\",\"merchantUrl\":\"amazon.com\",\"merchantName\":\"Amazon US\"},\"noAffiliateTracking\":false,\"linkMerchant\":\"Amazon US\"},{\"modelName\":\"Gardening Gloves\",\"productName\":\"Gardening Gloves\",\"brand\":null,\"price\":null,\"wasPrice\":null,\"currency\":null,\"image\":{\"copyright\":\"\",\"height\":450,\"id\":\"AqqaFwQpetXBt7bXJkpvzR\",\"mimeType\":\"image\/jpeg\",\"mos\":\"https:\/\/cdn.mos.cms.futurecdn.net\/AqqaFwQpetXBt7bXJkpvzR.jpg\",\"role\":\"\",\"width\":450,\"credit\":\"Hengguang\",\"alt\":\"Hengguang Gardening Gloves for Women, Thorn Safe Garden Gloves, Puncture Resistant Ladies Work Floral Gloves for Rose Pruning, Cactus Handling, Thorn Proof Anti-Slip Flexible(l)\",\"caption\":\"\"},\"link\":{\"url\":\"https:\/\/goto.walmart.com\/c\/1943169\/568844\/9383?subId1=hawk-custom-tracking&amp;sharedId=hawk&amp;u=https%3A%2F%2Fwww.walmart.com%2Fip%2FHengguang-Gardening-Gloves-Women-Thorn-Safe-Garden-Gloves-Puncture-Resistant-Ladies-Work-Floral-Gloves-Rose-Pruning-Cactus-Handling-Thorn-Proof-Anti%2F5455123188\",\"linkText\":\"See at Walmart\",\"editorialMerchantName\":\"\",\"merchantId\":108180,\"merchantNetwork\":\"ImpactRadWalmart\",\"merchantUrl\":\"walmart.com\",\"merchantName\":\"Walmart\"},\"noAffiliateTracking\":false,\"linkMerchant\":\"Walmart\"})}}' data-model-name=\"Pruning Set,Corded Electric Chipper,Gardening Gloves\" data-render-type=\"fte\" data-skip=\"disabled\" data-widget-type=\"collection\" class=\"hawk-root\"><\/aside>\n<div class=\"product-container hero-product-container product-block-no-wrap\">\n<div class=\"product-block-row\"><\/div>\n<div class=\"product-block-row\"><\/div>\n<div class=\"product-block-row\"><\/div>\n<\/div>\n<div class=\"block\" id=\"articleTag\" data-component-name=\"PostArticleLinks\">\n<div class=\"border-b border-b-black border-solid py-2.5 text-black font-bold uppercase\">THEMEN<\/div>\n<nav class=\"py-2.5 flex gap-2.5 flex-wrap\" data-analytics-id=\"article-tag\">\n<p>Gartenschnitt im Herbst<\/p>\n<\/nav>\n<\/div>\n<\/div>\n","protected":false},"excerpt":{"rendered":"<p>Die niedrigeren Temperaturen und das geringere Licht im November f\u00fchren dazu, dass Laubb\u00e4ume diesen Monat in den Ruhezustand \u00fcbergehen. Wenn sie in den k\u00e4lteren Monaten<\/p>\n","protected":false},"author":1,"featured_media":9106,"comment_status":"closed","ping_status":"","sticky":false,"template":"","format":"standard","meta":{"footnotes":""},"categories":[118],"tags":[443,445,91,78,9,11433,823,163,129,146,926,11432,2031,165,58,62,11431,1729,37,1731,127,1076],"class_list":["post-9105","post","type-post","status-publish","format-standard","has-post-thumbnail","hentry","category-haus-garten","tag-baeume","tag-beschneiden","tag-dem","tag-den","tag-die","tag-eintreten","tag-habe","tag-hier","tag-ich","tag-mit","tag-november","tag-ruhezustand","tag-schneiden","tag-sie","tag-sind","tag-sollte","tag-spaetherbst","tag-tage","tag-und","tag-verbracht","tag-viele","tag-wenn","generate-columns","tablet-grid-50","mobile-grid-100","grid-parent","grid-50"],"yoast_head":"<!-- This site is optimized with the Yoast SEO plugin v27.3 - https:\/\/yoast.com\/product\/yoast-seo-wordpress\/ -->\n<title>Ich habe viele Tage im Sp\u00e4therbst mit dem Beschneiden verbracht \u2013 und hier sind 7 B\u00e4ume, die ich im November schneiden sollte, wenn sie in den Ruhezustand eintreten - Nachrichten - Stra\u00dfenweb<\/title>\n<meta name=\"robots\" content=\"index, follow, max-snippet:-1, max-image-preview:large, max-video-preview:-1\" \/>\n<link rel=\"canonical\" href=\"https:\/\/www.strassenweb.de\/nachrichten\/ich-habe-viele-tage-im-spaetherbst-mit-dem-beschneiden-verbracht-und-hier-sind-7-baeume-die-ich-im-november-schneiden-sollte-wenn-sie-in-den-ruhezustand-eintreten\/\" \/>\n<meta property=\"og:locale\" content=\"de_DE\" \/>\n<meta property=\"og:type\" content=\"article\" \/>\n<meta property=\"og:title\" content=\"Ich habe viele Tage im Sp\u00e4therbst mit dem Beschneiden verbracht \u2013 und hier sind 7 B\u00e4ume, die ich im November schneiden sollte, wenn sie in den Ruhezustand eintreten - Nachrichten - Stra\u00dfenweb\" \/>\n<meta property=\"og:description\" content=\"Die niedrigeren Temperaturen und das geringere Licht im November f\u00fchren dazu, dass Laubb\u00e4ume diesen Monat in den Ruhezustand \u00fcbergehen. Wenn sie in den k\u00e4lteren Monaten\" \/>\n<meta property=\"og:url\" content=\"https:\/\/www.strassenweb.de\/nachrichten\/ich-habe-viele-tage-im-spaetherbst-mit-dem-beschneiden-verbracht-und-hier-sind-7-baeume-die-ich-im-november-schneiden-sollte-wenn-sie-in-den-ruhezustand-eintreten\/\" \/>\n<meta property=\"og:site_name\" content=\"Stra\u00dfenweb\" \/>\n<meta property=\"article:publisher\" content=\"https:\/\/www.facebook.com\/strassenweb\/\" \/>\n<meta property=\"article:published_time\" content=\"2025-11-08T08:39:23+00:00\" \/>\n<meta property=\"article:modified_time\" content=\"2025-11-08T08:39:25+00:00\" \/>\n<meta property=\"og:image\" content=\"https:\/\/www.strassenweb.de\/nachrichten\/wp-content\/uploads\/2025\/11\/Ich-habe-viele-Tage-im-Spaetherbst-mit-dem-Beschneiden-verbracht.jpg\" \/>\n\t<meta property=\"og:image:width\" content=\"1600\" \/>\n\t<meta property=\"og:image:height\" content=\"900\" \/>\n\t<meta property=\"og:image:type\" content=\"image\/jpeg\" \/>\n<meta name=\"author\" content=\"Robert Hoffmann\" \/>\n<meta name=\"twitter:card\" content=\"summary_large_image\" \/>\n<meta name=\"twitter:label1\" content=\"Verfasst von\" \/>\n\t<meta name=\"twitter:data1\" content=\"Robert Hoffmann\" \/>\n\t<meta name=\"twitter:label2\" content=\"Gesch\u00e4tzte Lesezeit\" \/>\n\t<meta name=\"twitter:data2\" content=\"11\u00a0Minuten\" \/>\n<script type=\"application\/ld+json\" class=\"yoast-schema-graph\">{\"@context\":\"https:\\\/\\\/schema.org\",\"@graph\":[{\"@type\":\"Article\",\"@id\":\"https:\\\/\\\/www.strassenweb.de\\\/nachrichten\\\/ich-habe-viele-tage-im-spaetherbst-mit-dem-beschneiden-verbracht-und-hier-sind-7-baeume-die-ich-im-november-schneiden-sollte-wenn-sie-in-den-ruhezustand-eintreten\\\/#article\",\"isPartOf\":{\"@id\":\"https:\\\/\\\/www.strassenweb.de\\\/nachrichten\\\/ich-habe-viele-tage-im-spaetherbst-mit-dem-beschneiden-verbracht-und-hier-sind-7-baeume-die-ich-im-november-schneiden-sollte-wenn-sie-in-den-ruhezustand-eintreten\\\/\"},\"author\":{\"name\":\"Robert Hoffmann\",\"@id\":\"https:\\\/\\\/www.strassenweb.de\\\/nachrichten\\\/#\\\/schema\\\/person\\\/87c9c9067f1211da429a744dc5a5aa41\"},\"headline\":\"Ich habe viele Tage im Sp\u00e4therbst mit dem Beschneiden verbracht \u2013 und hier sind 7 B\u00e4ume, die ich im November schneiden sollte, wenn sie in den Ruhezustand eintreten\",\"datePublished\":\"2025-11-08T08:39:23+00:00\",\"dateModified\":\"2025-11-08T08:39:25+00:00\",\"mainEntityOfPage\":{\"@id\":\"https:\\\/\\\/www.strassenweb.de\\\/nachrichten\\\/ich-habe-viele-tage-im-spaetherbst-mit-dem-beschneiden-verbracht-und-hier-sind-7-baeume-die-ich-im-november-schneiden-sollte-wenn-sie-in-den-ruhezustand-eintreten\\\/\"},\"wordCount\":2241,\"publisher\":{\"@id\":\"https:\\\/\\\/www.strassenweb.de\\\/nachrichten\\\/#organization\"},\"image\":{\"@id\":\"https:\\\/\\\/www.strassenweb.de\\\/nachrichten\\\/ich-habe-viele-tage-im-spaetherbst-mit-dem-beschneiden-verbracht-und-hier-sind-7-baeume-die-ich-im-november-schneiden-sollte-wenn-sie-in-den-ruhezustand-eintreten\\\/#primaryimage\"},\"thumbnailUrl\":\"https:\\\/\\\/www.strassenweb.de\\\/nachrichten\\\/wp-content\\\/uploads\\\/2025\\\/11\\\/Ich-habe-viele-Tage-im-Spaetherbst-mit-dem-Beschneiden-verbracht.jpg\",\"keywords\":[\"B\u00e4ume\",\"beschneiden\",\"dem\",\"den\",\"die\",\"eintreten\",\"habe\",\"hier\",\"ich\",\"mit\",\"November\",\"Ruhezustand\",\"schneiden\",\"Sie\",\"sind\",\"Sollte\",\"Sp\u00e4therbst\",\"Tage\",\"und\",\"verbracht\",\"viele\",\"wenn\"],\"articleSection\":[\"Haus &amp; Garten\"],\"inLanguage\":\"de\"},{\"@type\":\"WebPage\",\"@id\":\"https:\\\/\\\/www.strassenweb.de\\\/nachrichten\\\/ich-habe-viele-tage-im-spaetherbst-mit-dem-beschneiden-verbracht-und-hier-sind-7-baeume-die-ich-im-november-schneiden-sollte-wenn-sie-in-den-ruhezustand-eintreten\\\/\",\"url\":\"https:\\\/\\\/www.strassenweb.de\\\/nachrichten\\\/ich-habe-viele-tage-im-spaetherbst-mit-dem-beschneiden-verbracht-und-hier-sind-7-baeume-die-ich-im-november-schneiden-sollte-wenn-sie-in-den-ruhezustand-eintreten\\\/\",\"name\":\"Ich habe viele Tage im Sp\u00e4therbst mit dem Beschneiden verbracht \u2013 und hier sind 7 B\u00e4ume, die ich im November schneiden sollte, wenn sie in den Ruhezustand eintreten - Nachrichten - Stra\u00dfenweb\",\"isPartOf\":{\"@id\":\"https:\\\/\\\/www.strassenweb.de\\\/nachrichten\\\/#website\"},\"primaryImageOfPage\":{\"@id\":\"https:\\\/\\\/www.strassenweb.de\\\/nachrichten\\\/ich-habe-viele-tage-im-spaetherbst-mit-dem-beschneiden-verbracht-und-hier-sind-7-baeume-die-ich-im-november-schneiden-sollte-wenn-sie-in-den-ruhezustand-eintreten\\\/#primaryimage\"},\"image\":{\"@id\":\"https:\\\/\\\/www.strassenweb.de\\\/nachrichten\\\/ich-habe-viele-tage-im-spaetherbst-mit-dem-beschneiden-verbracht-und-hier-sind-7-baeume-die-ich-im-november-schneiden-sollte-wenn-sie-in-den-ruhezustand-eintreten\\\/#primaryimage\"},\"thumbnailUrl\":\"https:\\\/\\\/www.strassenweb.de\\\/nachrichten\\\/wp-content\\\/uploads\\\/2025\\\/11\\\/Ich-habe-viele-Tage-im-Spaetherbst-mit-dem-Beschneiden-verbracht.jpg\",\"datePublished\":\"2025-11-08T08:39:23+00:00\",\"dateModified\":\"2025-11-08T08:39:25+00:00\",\"breadcrumb\":{\"@id\":\"https:\\\/\\\/www.strassenweb.de\\\/nachrichten\\\/ich-habe-viele-tage-im-spaetherbst-mit-dem-beschneiden-verbracht-und-hier-sind-7-baeume-die-ich-im-november-schneiden-sollte-wenn-sie-in-den-ruhezustand-eintreten\\\/#breadcrumb\"},\"inLanguage\":\"de\",\"potentialAction\":[{\"@type\":\"ReadAction\",\"target\":[\"https:\\\/\\\/www.strassenweb.de\\\/nachrichten\\\/ich-habe-viele-tage-im-spaetherbst-mit-dem-beschneiden-verbracht-und-hier-sind-7-baeume-die-ich-im-november-schneiden-sollte-wenn-sie-in-den-ruhezustand-eintreten\\\/\"]}]},{\"@type\":\"ImageObject\",\"inLanguage\":\"de\",\"@id\":\"https:\\\/\\\/www.strassenweb.de\\\/nachrichten\\\/ich-habe-viele-tage-im-spaetherbst-mit-dem-beschneiden-verbracht-und-hier-sind-7-baeume-die-ich-im-november-schneiden-sollte-wenn-sie-in-den-ruhezustand-eintreten\\\/#primaryimage\",\"url\":\"https:\\\/\\\/www.strassenweb.de\\\/nachrichten\\\/wp-content\\\/uploads\\\/2025\\\/11\\\/Ich-habe-viele-Tage-im-Spaetherbst-mit-dem-Beschneiden-verbracht.jpg\",\"contentUrl\":\"https:\\\/\\\/www.strassenweb.de\\\/nachrichten\\\/wp-content\\\/uploads\\\/2025\\\/11\\\/Ich-habe-viele-Tage-im-Spaetherbst-mit-dem-Beschneiden-verbracht.jpg\",\"width\":1600,\"height\":900,\"caption\":\"Ripe red apples on the trees in a sunny orchard\"},{\"@type\":\"BreadcrumbList\",\"@id\":\"https:\\\/\\\/www.strassenweb.de\\\/nachrichten\\\/ich-habe-viele-tage-im-spaetherbst-mit-dem-beschneiden-verbracht-und-hier-sind-7-baeume-die-ich-im-november-schneiden-sollte-wenn-sie-in-den-ruhezustand-eintreten\\\/#breadcrumb\",\"itemListElement\":[{\"@type\":\"ListItem\",\"position\":1,\"name\":\"Home\",\"item\":\"https:\\\/\\\/www.strassenweb.de\\\/nachrichten\\\/\"},{\"@type\":\"ListItem\",\"position\":2,\"name\":\"Ich habe viele Tage im Sp\u00e4therbst mit dem Beschneiden verbracht \u2013 und hier sind 7 B\u00e4ume, die ich im November schneiden sollte, wenn sie in den Ruhezustand eintreten\"}]},{\"@type\":\"WebSite\",\"@id\":\"https:\\\/\\\/www.strassenweb.de\\\/nachrichten\\\/#website\",\"url\":\"https:\\\/\\\/www.strassenweb.de\\\/nachrichten\\\/\",\"name\":\"Stra\u00dfenweb\",\"description\":\"Stra\u00dfenverzeichnis f\u00fcr Deutschland\",\"publisher\":{\"@id\":\"https:\\\/\\\/www.strassenweb.de\\\/nachrichten\\\/#organization\"},\"potentialAction\":[{\"@type\":\"SearchAction\",\"target\":{\"@type\":\"EntryPoint\",\"urlTemplate\":\"https:\\\/\\\/www.strassenweb.de\\\/nachrichten\\\/?s={search_term_string}\"},\"query-input\":{\"@type\":\"PropertyValueSpecification\",\"valueRequired\":true,\"valueName\":\"search_term_string\"}}],\"inLanguage\":\"de\"},{\"@type\":\"Organization\",\"@id\":\"https:\\\/\\\/www.strassenweb.de\\\/nachrichten\\\/#organization\",\"name\":\"Stra\u00dfenweb\",\"url\":\"https:\\\/\\\/www.strassenweb.de\\\/nachrichten\\\/\",\"logo\":{\"@type\":\"ImageObject\",\"inLanguage\":\"de\",\"@id\":\"https:\\\/\\\/www.strassenweb.de\\\/nachrichten\\\/#\\\/schema\\\/logo\\\/image\\\/\",\"url\":\"https:\\\/\\\/www.strassenweb.de\\\/nachrichten\\\/wp-content\\\/uploads\\\/2024\\\/09\\\/cropped-favicon.png\",\"contentUrl\":\"https:\\\/\\\/www.strassenweb.de\\\/nachrichten\\\/wp-content\\\/uploads\\\/2024\\\/09\\\/cropped-favicon.png\",\"width\":512,\"height\":512,\"caption\":\"Stra\u00dfenweb\"},\"image\":{\"@id\":\"https:\\\/\\\/www.strassenweb.de\\\/nachrichten\\\/#\\\/schema\\\/logo\\\/image\\\/\"},\"sameAs\":[\"https:\\\/\\\/www.facebook.com\\\/strassenweb\\\/\"]},{\"@type\":\"Person\",\"@id\":\"https:\\\/\\\/www.strassenweb.de\\\/nachrichten\\\/#\\\/schema\\\/person\\\/87c9c9067f1211da429a744dc5a5aa41\",\"name\":\"Robert Hoffmann\",\"image\":{\"@type\":\"ImageObject\",\"inLanguage\":\"de\",\"@id\":\"https:\\\/\\\/www.strassenweb.de\\\/nachrichten\\\/wp-content\\\/uploads\\\/2024\\\/09\\\/strassenweb-150x150.jpg\",\"url\":\"https:\\\/\\\/www.strassenweb.de\\\/nachrichten\\\/wp-content\\\/uploads\\\/2024\\\/09\\\/strassenweb-150x150.jpg\",\"contentUrl\":\"https:\\\/\\\/www.strassenweb.de\\\/nachrichten\\\/wp-content\\\/uploads\\\/2024\\\/09\\\/strassenweb-150x150.jpg\",\"caption\":\"Robert Hoffmann\"},\"description\":\"Ich hei\u00dfe Robert Hoffmann und ich bin ein leidenschaftlicher Verfechter von \u00d6kologie und Biodiversit\u00e4t. Seit meiner Kindheit in den W\u00e4ldern Bayerns f\u00fchle ich mich mit der Natur verbunden und bin entschlossen, sie zu sch\u00fctzen. Heute widme ich mein Leben der Sensibilisierung anderer f\u00fcr die Bedeutung des Umweltschutzes f\u00fcr zuk\u00fcnftige Generationen.\",\"sameAs\":[\"https:\\\/\\\/www.strassenweb.de\\\/\"]}]}<\/script>\n<!-- \/ Yoast SEO plugin. -->","yoast_head_json":{"title":"Ich habe viele Tage im Sp\u00e4therbst mit dem Beschneiden verbracht \u2013 und hier sind 7 B\u00e4ume, die ich im November schneiden sollte, wenn sie in den Ruhezustand eintreten - Nachrichten - Stra\u00dfenweb","robots":{"index":"index","follow":"follow","max-snippet":"max-snippet:-1","max-image-preview":"max-image-preview:large","max-video-preview":"max-video-preview:-1"},"canonical":"https:\/\/www.strassenweb.de\/nachrichten\/ich-habe-viele-tage-im-spaetherbst-mit-dem-beschneiden-verbracht-und-hier-sind-7-baeume-die-ich-im-november-schneiden-sollte-wenn-sie-in-den-ruhezustand-eintreten\/","og_locale":"de_DE","og_type":"article","og_title":"Ich habe viele Tage im Sp\u00e4therbst mit dem Beschneiden verbracht \u2013 und hier sind 7 B\u00e4ume, die ich im November schneiden sollte, wenn sie in den Ruhezustand eintreten - Nachrichten - Stra\u00dfenweb","og_description":"Die niedrigeren Temperaturen und das geringere Licht im November f\u00fchren dazu, dass Laubb\u00e4ume diesen Monat in den Ruhezustand \u00fcbergehen. Wenn sie in den k\u00e4lteren Monaten","og_url":"https:\/\/www.strassenweb.de\/nachrichten\/ich-habe-viele-tage-im-spaetherbst-mit-dem-beschneiden-verbracht-und-hier-sind-7-baeume-die-ich-im-november-schneiden-sollte-wenn-sie-in-den-ruhezustand-eintreten\/","og_site_name":"Stra\u00dfenweb","article_publisher":"https:\/\/www.facebook.com\/strassenweb\/","article_published_time":"2025-11-08T08:39:23+00:00","article_modified_time":"2025-11-08T08:39:25+00:00","og_image":[{"width":1600,"height":900,"url":"https:\/\/www.strassenweb.de\/nachrichten\/wp-content\/uploads\/2025\/11\/Ich-habe-viele-Tage-im-Spaetherbst-mit-dem-Beschneiden-verbracht.jpg","type":"image\/jpeg"}],"author":"Robert Hoffmann","twitter_card":"summary_large_image","twitter_misc":{"Verfasst von":"Robert Hoffmann","Gesch\u00e4tzte Lesezeit":"11\u00a0Minuten"},"schema":{"@context":"https:\/\/schema.org","@graph":[{"@type":"Article","@id":"https:\/\/www.strassenweb.de\/nachrichten\/ich-habe-viele-tage-im-spaetherbst-mit-dem-beschneiden-verbracht-und-hier-sind-7-baeume-die-ich-im-november-schneiden-sollte-wenn-sie-in-den-ruhezustand-eintreten\/#article","isPartOf":{"@id":"https:\/\/www.strassenweb.de\/nachrichten\/ich-habe-viele-tage-im-spaetherbst-mit-dem-beschneiden-verbracht-und-hier-sind-7-baeume-die-ich-im-november-schneiden-sollte-wenn-sie-in-den-ruhezustand-eintreten\/"},"author":{"name":"Robert Hoffmann","@id":"https:\/\/www.strassenweb.de\/nachrichten\/#\/schema\/person\/87c9c9067f1211da429a744dc5a5aa41"},"headline":"Ich habe viele Tage im Sp\u00e4therbst mit dem Beschneiden verbracht \u2013 und hier sind 7 B\u00e4ume, die ich im November schneiden sollte, wenn sie in den Ruhezustand eintreten","datePublished":"2025-11-08T08:39:23+00:00","dateModified":"2025-11-08T08:39:25+00:00","mainEntityOfPage":{"@id":"https:\/\/www.strassenweb.de\/nachrichten\/ich-habe-viele-tage-im-spaetherbst-mit-dem-beschneiden-verbracht-und-hier-sind-7-baeume-die-ich-im-november-schneiden-sollte-wenn-sie-in-den-ruhezustand-eintreten\/"},"wordCount":2241,"publisher":{"@id":"https:\/\/www.strassenweb.de\/nachrichten\/#organization"},"image":{"@id":"https:\/\/www.strassenweb.de\/nachrichten\/ich-habe-viele-tage-im-spaetherbst-mit-dem-beschneiden-verbracht-und-hier-sind-7-baeume-die-ich-im-november-schneiden-sollte-wenn-sie-in-den-ruhezustand-eintreten\/#primaryimage"},"thumbnailUrl":"https:\/\/www.strassenweb.de\/nachrichten\/wp-content\/uploads\/2025\/11\/Ich-habe-viele-Tage-im-Spaetherbst-mit-dem-Beschneiden-verbracht.jpg","keywords":["B\u00e4ume","beschneiden","dem","den","die","eintreten","habe","hier","ich","mit","November","Ruhezustand","schneiden","Sie","sind","Sollte","Sp\u00e4therbst","Tage","und","verbracht","viele","wenn"],"articleSection":["Haus &amp; Garten"],"inLanguage":"de"},{"@type":"WebPage","@id":"https:\/\/www.strassenweb.de\/nachrichten\/ich-habe-viele-tage-im-spaetherbst-mit-dem-beschneiden-verbracht-und-hier-sind-7-baeume-die-ich-im-november-schneiden-sollte-wenn-sie-in-den-ruhezustand-eintreten\/","url":"https:\/\/www.strassenweb.de\/nachrichten\/ich-habe-viele-tage-im-spaetherbst-mit-dem-beschneiden-verbracht-und-hier-sind-7-baeume-die-ich-im-november-schneiden-sollte-wenn-sie-in-den-ruhezustand-eintreten\/","name":"Ich habe viele Tage im Sp\u00e4therbst mit dem Beschneiden verbracht \u2013 und hier sind 7 B\u00e4ume, die ich im November schneiden sollte, wenn sie in den Ruhezustand eintreten - Nachrichten - Stra\u00dfenweb","isPartOf":{"@id":"https:\/\/www.strassenweb.de\/nachrichten\/#website"},"primaryImageOfPage":{"@id":"https:\/\/www.strassenweb.de\/nachrichten\/ich-habe-viele-tage-im-spaetherbst-mit-dem-beschneiden-verbracht-und-hier-sind-7-baeume-die-ich-im-november-schneiden-sollte-wenn-sie-in-den-ruhezustand-eintreten\/#primaryimage"},"image":{"@id":"https:\/\/www.strassenweb.de\/nachrichten\/ich-habe-viele-tage-im-spaetherbst-mit-dem-beschneiden-verbracht-und-hier-sind-7-baeume-die-ich-im-november-schneiden-sollte-wenn-sie-in-den-ruhezustand-eintreten\/#primaryimage"},"thumbnailUrl":"https:\/\/www.strassenweb.de\/nachrichten\/wp-content\/uploads\/2025\/11\/Ich-habe-viele-Tage-im-Spaetherbst-mit-dem-Beschneiden-verbracht.jpg","datePublished":"2025-11-08T08:39:23+00:00","dateModified":"2025-11-08T08:39:25+00:00","breadcrumb":{"@id":"https:\/\/www.strassenweb.de\/nachrichten\/ich-habe-viele-tage-im-spaetherbst-mit-dem-beschneiden-verbracht-und-hier-sind-7-baeume-die-ich-im-november-schneiden-sollte-wenn-sie-in-den-ruhezustand-eintreten\/#breadcrumb"},"inLanguage":"de","potentialAction":[{"@type":"ReadAction","target":["https:\/\/www.strassenweb.de\/nachrichten\/ich-habe-viele-tage-im-spaetherbst-mit-dem-beschneiden-verbracht-und-hier-sind-7-baeume-die-ich-im-november-schneiden-sollte-wenn-sie-in-den-ruhezustand-eintreten\/"]}]},{"@type":"ImageObject","inLanguage":"de","@id":"https:\/\/www.strassenweb.de\/nachrichten\/ich-habe-viele-tage-im-spaetherbst-mit-dem-beschneiden-verbracht-und-hier-sind-7-baeume-die-ich-im-november-schneiden-sollte-wenn-sie-in-den-ruhezustand-eintreten\/#primaryimage","url":"https:\/\/www.strassenweb.de\/nachrichten\/wp-content\/uploads\/2025\/11\/Ich-habe-viele-Tage-im-Spaetherbst-mit-dem-Beschneiden-verbracht.jpg","contentUrl":"https:\/\/www.strassenweb.de\/nachrichten\/wp-content\/uploads\/2025\/11\/Ich-habe-viele-Tage-im-Spaetherbst-mit-dem-Beschneiden-verbracht.jpg","width":1600,"height":900,"caption":"Ripe red apples on the trees in a sunny orchard"},{"@type":"BreadcrumbList","@id":"https:\/\/www.strassenweb.de\/nachrichten\/ich-habe-viele-tage-im-spaetherbst-mit-dem-beschneiden-verbracht-und-hier-sind-7-baeume-die-ich-im-november-schneiden-sollte-wenn-sie-in-den-ruhezustand-eintreten\/#breadcrumb","itemListElement":[{"@type":"ListItem","position":1,"name":"Home","item":"https:\/\/www.strassenweb.de\/nachrichten\/"},{"@type":"ListItem","position":2,"name":"Ich habe viele Tage im Sp\u00e4therbst mit dem Beschneiden verbracht \u2013 und hier sind 7 B\u00e4ume, die ich im November schneiden sollte, wenn sie in den Ruhezustand eintreten"}]},{"@type":"WebSite","@id":"https:\/\/www.strassenweb.de\/nachrichten\/#website","url":"https:\/\/www.strassenweb.de\/nachrichten\/","name":"Stra\u00dfenweb","description":"Stra\u00dfenverzeichnis f\u00fcr Deutschland","publisher":{"@id":"https:\/\/www.strassenweb.de\/nachrichten\/#organization"},"potentialAction":[{"@type":"SearchAction","target":{"@type":"EntryPoint","urlTemplate":"https:\/\/www.strassenweb.de\/nachrichten\/?s={search_term_string}"},"query-input":{"@type":"PropertyValueSpecification","valueRequired":true,"valueName":"search_term_string"}}],"inLanguage":"de"},{"@type":"Organization","@id":"https:\/\/www.strassenweb.de\/nachrichten\/#organization","name":"Stra\u00dfenweb","url":"https:\/\/www.strassenweb.de\/nachrichten\/","logo":{"@type":"ImageObject","inLanguage":"de","@id":"https:\/\/www.strassenweb.de\/nachrichten\/#\/schema\/logo\/image\/","url":"https:\/\/www.strassenweb.de\/nachrichten\/wp-content\/uploads\/2024\/09\/cropped-favicon.png","contentUrl":"https:\/\/www.strassenweb.de\/nachrichten\/wp-content\/uploads\/2024\/09\/cropped-favicon.png","width":512,"height":512,"caption":"Stra\u00dfenweb"},"image":{"@id":"https:\/\/www.strassenweb.de\/nachrichten\/#\/schema\/logo\/image\/"},"sameAs":["https:\/\/www.facebook.com\/strassenweb\/"]},{"@type":"Person","@id":"https:\/\/www.strassenweb.de\/nachrichten\/#\/schema\/person\/87c9c9067f1211da429a744dc5a5aa41","name":"Robert Hoffmann","image":{"@type":"ImageObject","inLanguage":"de","@id":"https:\/\/www.strassenweb.de\/nachrichten\/wp-content\/uploads\/2024\/09\/strassenweb-150x150.jpg","url":"https:\/\/www.strassenweb.de\/nachrichten\/wp-content\/uploads\/2024\/09\/strassenweb-150x150.jpg","contentUrl":"https:\/\/www.strassenweb.de\/nachrichten\/wp-content\/uploads\/2024\/09\/strassenweb-150x150.jpg","caption":"Robert Hoffmann"},"description":"Ich hei\u00dfe Robert Hoffmann und ich bin ein leidenschaftlicher Verfechter von \u00d6kologie und Biodiversit\u00e4t. Seit meiner Kindheit in den W\u00e4ldern Bayerns f\u00fchle ich mich mit der Natur verbunden und bin entschlossen, sie zu sch\u00fctzen. Heute widme ich mein Leben der Sensibilisierung anderer f\u00fcr die Bedeutung des Umweltschutzes f\u00fcr zuk\u00fcnftige Generationen.","sameAs":["https:\/\/www.strassenweb.de\/"]}]}},"_links":{"self":[{"href":"https:\/\/www.strassenweb.de\/nachrichten\/wp-json\/wp\/v2\/posts\/9105","targetHints":{"allow":["GET"]}}],"collection":[{"href":"https:\/\/www.strassenweb.de\/nachrichten\/wp-json\/wp\/v2\/posts"}],"about":[{"href":"https:\/\/www.strassenweb.de\/nachrichten\/wp-json\/wp\/v2\/types\/post"}],"author":[{"embeddable":true,"href":"https:\/\/www.strassenweb.de\/nachrichten\/wp-json\/wp\/v2\/users\/1"}],"replies":[{"embeddable":true,"href":"https:\/\/www.strassenweb.de\/nachrichten\/wp-json\/wp\/v2\/comments?post=9105"}],"version-history":[{"count":0,"href":"https:\/\/www.strassenweb.de\/nachrichten\/wp-json\/wp\/v2\/posts\/9105\/revisions"}],"wp:featuredmedia":[{"embeddable":true,"href":"https:\/\/www.strassenweb.de\/nachrichten\/wp-json\/wp\/v2\/media\/9106"}],"wp:attachment":[{"href":"https:\/\/www.strassenweb.de\/nachrichten\/wp-json\/wp\/v2\/media?parent=9105"}],"wp:term":[{"taxonomy":"category","embeddable":true,"href":"https:\/\/www.strassenweb.de\/nachrichten\/wp-json\/wp\/v2\/categories?post=9105"},{"taxonomy":"post_tag","embeddable":true,"href":"https:\/\/www.strassenweb.de\/nachrichten\/wp-json\/wp\/v2\/tags?post=9105"}],"curies":[{"name":"wp","href":"https:\/\/api.w.org\/{rel}","templated":true}]}}