{"id":9097,"date":"2025-11-08T00:39:23","date_gmt":"2025-11-07T23:39:23","guid":{"rendered":"https:\/\/www.strassenweb.de\/nachrichten\/martha-stewarts-nudelholz-display-ist-das-unerwartetste-wanddekor-des-jahres-es-fuehlt-sich-persoenlich-an-und-laesst-sich-dennoch-perfekt-in-jede-kueche-integrieren\/"},"modified":"2025-11-08T00:39:24","modified_gmt":"2025-11-07T23:39:24","slug":"martha-stewarts-nudelholz-display-ist-das-unerwartetste-wanddekor-des-jahres-es-fuehlt-sich-persoenlich-an-und-laesst-sich-dennoch-perfekt-in-jede-kueche-integrieren","status":"publish","type":"post","link":"https:\/\/www.strassenweb.de\/nachrichten\/martha-stewarts-nudelholz-display-ist-das-unerwartetste-wanddekor-des-jahres-es-fuehlt-sich-persoenlich-an-und-laesst-sich-dennoch-perfekt-in-jede-kueche-integrieren\/","title":{"rendered":"Martha Stewarts Nudelholz-Display ist das unerwartetste Wanddekor des Jahres \u2013 es f\u00fchlt sich pers\u00f6nlich an und l\u00e4sst sich dennoch perfekt in jede K\u00fcche integrieren"},"content":{"rendered":"<p><\/p>\n<div id=\"article-body\" class=\"article__body \">\n<p id=\"5ae5610f-9da0-4981-ac19-a75930f998b4\">Als Martha Stewart sich daran machte, ihre Studiok\u00fcche in Westport zu dekorieren, stie\u00df sie auf zwei bekannte Designherausforderungen, die jeder kennen d\u00fcrfte, der eine K\u00fcchenwanddekoration plant. Eine davon war, wie man eine unbeholfene, leere Wand f\u00fcllte, die der vollen Hitze ihres Ofens ausgesetzt war; die andere, wie sie ihre wachsende Sammlung antiker Nudelh\u00f6lzer \u2013 ein durchdachtes Weihnachtsgeschenk einer Freundin \u2013 pr\u00e4sentieren kann, ohne den Raum zu \u00fcberladen.<\/p>\n<div id=\"ad-unit-1\" class=\"ad-unit\"><\/div>\n<p>In typischer Martha-Manier tr\u00e4umte sie von einer eleganten, architektonischen L\u00f6sung, die beide Probleme wunderbar l\u00f6ste. Das Ergebnis war ein auff\u00e4lliges Nudelholz-Display, das die praktische K\u00fcchenaufbewahrung in ein Kunstwerk verwandelte. Jahrzehnte sp\u00e4ter bleibt es eine Meisterklasse f\u00fcr pers\u00f6nliche, funktionale K\u00fcchenwanddekoration \u2013 ein Beweis daf\u00fcr, dass durchdachtes Design nie aus der Mode kommt.<\/p>\n<div class=\"instagram-embed\" id=\"C1sOSQTJWaX\">\n<blockquote class=\"instagram-media\" data-instgrm-captioned data-instgrm-version=\"6\" style=\"width:99.375%; width:-webkit-calc(100% - 2px); width:calc(100% - 2px);\">\n<p>Ein von Martha Moments (@martha_moments) geteilter Beitrag<\/p>\n<p>Ein Foto gepostet von am <\/p>\n<\/blockquote>\n<\/div>\n<aside data-block-type=\"embed\" data-render-type=\"fte\" data-skip=\"dealsy\" data-widget-type=\"seasonal\" class=\"hawk-root\"><\/aside>\n<p id=\"215b543d-3da4-4eaf-8917-825ba5a1488f-0\">Marthas Nudelholz-Sammelkoffer ist wohl die unkonventionellste \u2013 und doch wunderbar praktischste \u2013 Wandverkleidung in den H\u00e4usern von Prominenten. W\u00e4hrend diese rustikale Wanddekorationsidee f\u00fcr sie v\u00f6llig einzigartig erscheint, ist das zugrunde liegende Prinzip, N\u00fctzlichkeit in Kunst zu verwandeln, in jeder modernen K\u00fcche universell anwendbar. Der Look hat \u00fcber Jahrzehnte hinweg beeindruckt und angesichts der aktuellen Nachfrage nach ma\u00dfgeschneiderter Handwerkskunst und authentischem Charme k\u00f6nnen wir davon ausgehen, dass sein Einfluss auch in Zukunft anhalten wird.<\/p>\n<div class=\"van_vid_carousel\">\n<div class=\"van_vid_carousel__padding\">\n<div class=\"van_vid_carousel__container\"><\/div>\n<\/div>\n<\/div>\n<p>Martha erkl\u00e4rt die komplexen Herausforderungen, mit denen sie konfrontiert war, in ihren eigenen Worten: \u201eW\u00e4hrend wir an dieser K\u00fcche arbeiteten, gab es ein Dilemma \u2013 vielleicht mehrere Dilemmata.\u201c Eine bestand darin, herauszufinden, was wir an dieser Wand \u00fcber unserem Aga-Herd anbringen sollten. Es ist eine harte Wand, weil darunter ein hei\u00dfer Ofen steht. Was k\u00f6nnten wir also an die Wand h\u00e4ngen, das nicht zu staubig wird, ansprechend und attraktiv ist und nicht durch die Hitze ruiniert wird? Das ist ein Dilemma.\u2018<\/p>\n<div id=\"ad-unit-2\" class=\"ad-unit\"><\/div>\n<p>Die L\u00f6sung kam durch ein Weihnachtsgeschenk und eine Fachberatung: \u201eEin weiteres Dilemma besteht darin, dass Pat und Richard, meine Freunde bei Consignment in Westport, einem meiner Lieblingsl\u00e4den, mir zu Weihnachten eine gro\u00dfe Sammlung h\u00f6lzerner Nudelh\u00f6lzer geschenkt haben, aber ich wusste nicht, was ich mit einer so gro\u00dfen Sammlung anfangen sollte, also rief ich Terry Zeidel an, der sich auf K\u00fcchen-Sammlerst\u00fccke spezialisiert hat.\u201c Sie gab mir ihre Expertenmeinung zu jeder antiken Anstecknadel und ihrer Verwendung. Dann haben wir mit Tom in unserer Stilabteilung zusammengearbeitet und er hat tats\u00e4chlich diese wundervolle gerahmte Schachtel entworfen.\u201c<\/p>\n<p>Martha beschreibt im Detail die Handwerkskunst des ma\u00dfgefertigten Schattenkastens, der aus 3\/4-Zoll-Kiefernholz mit Perlbrettr\u00fcckseite gefertigt und mit \u201eTwine\u201c bemalt ist, der gleichen Farbe wie die K\u00fcchenw\u00e4nde, um einen nahtlosen Einbauschrank-Look zu erzielen. Zur Darstellung der Stifte wurden kleine, eingekerbte D\u00fcbel angebracht. F\u00fcr einen besonders zerbrechlichen Gegenstand wurden besondere Vorsichtsma\u00dfnahmen getroffen: \u201eWir haben winzige St\u00fctzst\u00fccke eingesetzt, damit er nicht von diesen D\u00fcbeln herunterrutscht.\u201c \u201eDas Ganze war mit Twine gestrichen, das ist die Farbe der K\u00fcchenw\u00e4nde.\u201c<\/p>\n<p>\u00dcber die Konstruktion hinaus ist die Ausstellung sorgf\u00e4ltig organisiert und verbindet N\u00fctzlichkeit mit kuratorischer Leidenschaft: \u201eJedes ist katalogisiert, und ich habe f\u00fcr jedes St\u00fcck in der Sammlung eine Karte.\u201c Wir machten ein Foto von all den verschiedenen Nudelh\u00f6lzern und spielten mit verschiedenen Konfigurationen, bis wir uns f\u00fcr diese spezielle entschieden, von der kleinsten bis zur gr\u00f6\u00dften, ganz nach unten. Jeder Stift wurde entsprechend seiner Platzierung nummeriert. Das macht allen, die gerne organisieren, gro\u00dfen Spa\u00df.\u201c<\/p>\n<div id=\"slice-container-newsletterForm-articleInbodyContent-T3P7eTPjoLHggtcydgAvch\" class=\"slice-container newsletter-inbodyContent-slice newsletterForm-articleInbodyContent-T3P7eTPjoLHggtcydgAvch slice-container-newsletterForm\"><\/div>\n<p>Martha schlie\u00dft zufrieden: \u201eIch hoffe, Sie stimmen zu, dass meine beiden Dilemmata gut gel\u00f6st wurden.\u201c Die Nudelholzsammlung hat ein neues Zuhause gefunden und die Wand \u00fcber meinem Aga-Herd wurde h\u00fcbsch verkleidet. Ich liebe einfach, wie es aussieht; \u201eIch bin wirklich zufrieden mit meiner Vitrine f\u00fcr die Nudelholzsammlung.\u201c<\/p>\n<figure class=\"van-image-figure inline-layout \" data-bordeaux-image-check id=\"2013887d-dd5d-4fad-9ede-3360f6a330d4\">\n<div class=\"image-full-width-wrapper\">\n<div class=\"image-widthsetter\" style=\"max-width:2000px;\"><\/div>\n<\/div>\n<\/figure>\n<p id=\"c4644660-c129-4f6b-a2e9-6e6f1b4c6eab\">W\u00e4hrend der wahre Charme von Martha Stewarts Ausstellung ihrer gesch\u00e4tzten Antiquit\u00e4tensammlung zu verdanken ist, kann der Look m\u00fchelos mit zeitgen\u00f6ssischen oder sorgf\u00e4ltig ausgew\u00e4hlten Vintage-Nudelh\u00f6lzern nachgebildet werden, die online oder in \u00f6rtlichen Antiquit\u00e4tenl\u00e4den erh\u00e4ltlich sind. Das gepr\u00e4gte Nudelholz von Amazon bietet eine wunderbare M\u00f6glichkeit, Ihrem Arrangement einen festlichen Charakter zu verleihen. In Kombination mit diesem eleganten Nudelholzhalter k\u00f6nnen Sie es in einem Stil pr\u00e4sentieren, der an Marthas zeitlose K\u00fcchendekoration erinnert.<\/p>\n<p>Dar\u00fcber hinaus l\u00e4sst sich die Idee wunderbar auf kleinere R\u00e4ume \u00fcbertragen. In meiner kleinen K\u00fcche denke ich dar\u00fcber nach, drei Nudelh\u00f6lzer an die Wand neben meiner Sp\u00fcle zu h\u00e4ngen. Es bringt den Martha-inspirierten Charme, den meine Stadtk\u00fcche braucht, und schafft einen zeitlosen Gespr\u00e4chsstoff wie kein anderer.<\/p>\n<h3 class=\"article-body__section\" id=\"section-shop-the-look\"><span>Shoppen Sie den Look<\/span><\/h3>\n<aside data-block-type=\"embed\" data-hawk-json='{\"collection\":{\"blocks\":({\"modelName\":\"Fox Run Brands Marble Rolling Pin\",\"productName\":\"Fox Run Brands Marble Rolling Pin\",\"brand\":null,\"price\":26.99,\"wasPrice\":null,\"currency\":\"USD\",\"image\":{\"copyright\":\"\",\"height\":800,\"id\":\"sDQZbUrNgMggdNjW8Wupdb\",\"mimeType\":\"image\/jpeg\",\"mos\":\"https:\/\/cdn.mos.cms.futurecdn.net\/sDQZbUrNgMggdNjW8Wupdb.jpg\",\"role\":\"\",\"width\":800,\"credit\":\"Wayfair\",\"alt\":\"Fox Run Brands Marble Rolling Pin &amp; Reviews | Wayfair\",\"caption\":\"\"},\"link\":{\"url\":\"https:\/\/www.anrdoezrs.net\/click-100624746-15735083?sid=hawk-custom-tracking&amp;url=https:\/\/www.wayfair.com\/kitchen-tabletop\/pdp\/fox-run-brands-marble-rolling-pin-fru1043.html\",\"linkText\":\"$26.99 at Wayfair\",\"editorialMerchantName\":\"\",\"merchantId\":32629,\"merchantNetwork\":\"CJ\",\"merchantUrl\":\"wayfair.com\",\"merchantName\":\"Wayfair\"},\"noAffiliateTracking\":false,\"linkMerchant\":\"Wayfair\"},{\"modelName\":\"Adjustable Wood Rolling Pin \",\"productName\":\"Adjustable Wood Rolling Pin \",\"brand\":null,\"price\":15,\"wasPrice\":null,\"currency\":\"USD\",\"image\":{\"copyright\":\"\",\"height\":1200,\"id\":\"fgxjakqbUgoftDuELhVTHb\",\"mimeType\":\"image\/webp\",\"mos\":\"https:\/\/cdn.mos.cms.futurecdn.net\/fgxjakqbUgoftDuELhVTHb.webp\",\"role\":\"\",\"width\":1200,\"credit\":\"Figmint\",\"alt\":\"17.28u0026#34; Adjustable Wood Rolling Pin Light Brown - Figmintu0026#8482;: Handled for Baking, Hand Wash, 1.16 Lbs\",\"caption\":\"\"},\"link\":{\"url\":\"https:\/\/goto.target.com\/c\/221109\/81938\/2092?subId1=hawk-custom-tracking&amp;sharedId=hawk&amp;u=https%3A%2F%2Fwww.target.com%2Fp%2F17-28-34-adjustable-wood-rolling-pin-light-brown-figmint-8482%2F-%2FA-87710324%23lnk%3Dsametab\",\"linkText\":\"\",\"editorialMerchantName\":\"\",\"merchantId\":17989,\"merchantNetwork\":\"ImpactRad\",\"merchantUrl\":\"target.com\",\"merchantName\":\"Target\"},\"noAffiliateTracking\":false,\"linkMerchant\":\"Target\"},{\"modelName\":\"Rolling Pin Holder, 5 Pack \",\"productName\":\"Rolling Pin Holder, 5 Pack \",\"brand\":null,\"price\":14.39,\"wasPrice\":15.99,\"currency\":\"USD\",\"image\":{\"copyright\":\"\",\"height\":1673,\"id\":\"6TapzVgXSjXsGWx5cAU8vd\",\"mimeType\":\"image\/jpeg\",\"mos\":\"https:\/\/cdn.mos.cms.futurecdn.net\/6TapzVgXSjXsGWx5cAU8vd.jpg\",\"role\":\"\",\"width\":1674,\"credit\":\"Amazon\",\"alt\":\"Zavoos 5 Pack Rolling Pin Holder, Wall Mount Roller Display Rack, Butterfly-Shape Metal Towel Holder for Bathroom, Kitchen Utensil Bottle Storage Hook for Home Decor Store Restaurant\",\"caption\":\"\"},\"link\":{\"url\":\"https:\/\/target.georiot.com\/Proxy.ashx?tsid=107655&amp;GR_URL=https%3A%2F%2Famazon.com%2FZAVOOS-Rolling-Pin-Holder-Butterfly-shape%2Fdp%2FB0DG5NYTZF%2Fref%3Dsr_1_8%3Ftag%3Dhawk-future-20%26ascsubtag%3Dhawk-custom-tracking-20\",\"linkText\":\"$14.39 at Amazon\",\"editorialMerchantName\":\"\",\"merchantId\":1471,\"merchantNetwork\":\"Amazonus\",\"merchantUrl\":\"amazon.com\",\"merchantName\":\"Amazon US\"},\"noAffiliateTracking\":false,\"linkMerchant\":\"Amazon US\"})}}' data-model-name=\"Fox Run Brands Marble Rolling Pin,Adjustable Wood Rolling Pin ,Rolling Pin Holder, 5 Pack \" data-render-type=\"fte\" data-skip=\"disabled\" data-widget-type=\"collection\" class=\"hawk-root\"><\/aside>\n<div class=\"product-container hero-product-container product-block-no-wrap\">\n<div class=\"product-block-row\"><\/div>\n<div class=\"product-block-row\"><\/div>\n<div class=\"product-block-row\"><\/div>\n<\/div>\n<div class=\"block\" id=\"articleTag\" data-component-name=\"PostArticleLinks\">\n<div class=\"border-b border-b-black border-solid py-2.5 text-black font-bold uppercase\">THEMEN<\/div>\n<nav class=\"py-2.5 flex gap-2.5 flex-wrap\" data-analytics-id=\"article-tag\">\n<p>Martha Stewart<\/p>\n<\/nav>\n<\/div>\n<\/div>\n<p><script async src=\"\/\/www.instagram.com\/embed.js\"><\/script><\/p>\n","protected":false},"excerpt":{"rendered":"<p>Als Martha Stewart sich daran machte, ihre Studiok\u00fcche in Westport zu dekorieren, stie\u00df sie auf zwei bekannte Designherausforderungen, die jeder kennen d\u00fcrfte, der eine K\u00fcchenwanddekoration<\/p>\n","protected":false},"author":1,"featured_media":8117,"comment_status":"closed","ping_status":"","sticky":false,"template":"","format":"standard","meta":{"footnotes":""},"categories":[118],"tags":[112,2280,281,5302,1883,15,282,2236,468,1689,2894,11421,393,1463,142,2895,37,10327,11422],"class_list":["post-9097","post","type-post","status-publish","format-standard","has-post-thumbnail","hentry","category-haus-garten","tag-das","tag-dennoch","tag-des","tag-fuehlt","tag-integrieren","tag-ist","tag-jahres","tag-jede","tag-kueche","tag-laesst","tag-martha","tag-nudelholzdisplay","tag-perfekt","tag-persoenlich","tag-sich","tag-stewarts","tag-und","tag-unerwartetste","tag-wanddekor","generate-columns","tablet-grid-50","mobile-grid-100","grid-parent","grid-50"],"yoast_head":"<!-- This site is optimized with the Yoast SEO plugin v27.3 - https:\/\/yoast.com\/product\/yoast-seo-wordpress\/ -->\n<title>Martha Stewarts Nudelholz-Display ist das unerwartetste Wanddekor des Jahres \u2013 es f\u00fchlt sich pers\u00f6nlich an und l\u00e4sst sich dennoch perfekt in jede K\u00fcche integrieren - Nachrichten - Stra\u00dfenweb<\/title>\n<meta name=\"robots\" content=\"index, follow, max-snippet:-1, max-image-preview:large, max-video-preview:-1\" \/>\n<link rel=\"canonical\" href=\"https:\/\/www.strassenweb.de\/nachrichten\/martha-stewarts-nudelholz-display-ist-das-unerwartetste-wanddekor-des-jahres-es-fuehlt-sich-persoenlich-an-und-laesst-sich-dennoch-perfekt-in-jede-kueche-integrieren\/\" \/>\n<meta property=\"og:locale\" content=\"de_DE\" \/>\n<meta property=\"og:type\" content=\"article\" \/>\n<meta property=\"og:title\" content=\"Martha Stewarts Nudelholz-Display ist das unerwartetste Wanddekor des Jahres \u2013 es f\u00fchlt sich pers\u00f6nlich an und l\u00e4sst sich dennoch perfekt in jede K\u00fcche integrieren - Nachrichten - Stra\u00dfenweb\" \/>\n<meta property=\"og:description\" content=\"Als Martha Stewart sich daran machte, ihre Studiok\u00fcche in Westport zu dekorieren, stie\u00df sie auf zwei bekannte Designherausforderungen, die jeder kennen d\u00fcrfte, der eine K\u00fcchenwanddekoration\" \/>\n<meta property=\"og:url\" content=\"https:\/\/www.strassenweb.de\/nachrichten\/martha-stewarts-nudelholz-display-ist-das-unerwartetste-wanddekor-des-jahres-es-fuehlt-sich-persoenlich-an-und-laesst-sich-dennoch-perfekt-in-jede-kueche-integrieren\/\" \/>\n<meta property=\"og:site_name\" content=\"Stra\u00dfenweb\" \/>\n<meta property=\"article:publisher\" content=\"https:\/\/www.facebook.com\/strassenweb\/\" \/>\n<meta property=\"article:published_time\" content=\"2025-11-07T23:39:23+00:00\" \/>\n<meta property=\"article:modified_time\" content=\"2025-11-07T23:39:24+00:00\" \/>\n<meta property=\"og:image\" content=\"https:\/\/www.strassenweb.de\/nachrichten\/wp-content\/uploads\/2025\/10\/Martha-Stewarts-20-jaehrige-Kueche-sieht-aus-wie-Es-wurde-gestern.jpg\" \/>\n\t<meta property=\"og:image:width\" content=\"1600\" \/>\n\t<meta property=\"og:image:height\" content=\"900\" \/>\n\t<meta property=\"og:image:type\" content=\"image\/jpeg\" \/>\n<meta name=\"author\" content=\"Robert Hoffmann\" \/>\n<meta name=\"twitter:card\" content=\"summary_large_image\" \/>\n<meta name=\"twitter:label1\" content=\"Verfasst von\" \/>\n\t<meta name=\"twitter:data1\" content=\"Robert Hoffmann\" \/>\n\t<meta name=\"twitter:label2\" content=\"Gesch\u00e4tzte Lesezeit\" \/>\n\t<meta name=\"twitter:data2\" content=\"4\u00a0Minuten\" \/>\n<script type=\"application\/ld+json\" class=\"yoast-schema-graph\">{\"@context\":\"https:\\\/\\\/schema.org\",\"@graph\":[{\"@type\":\"Article\",\"@id\":\"https:\\\/\\\/www.strassenweb.de\\\/nachrichten\\\/martha-stewarts-nudelholz-display-ist-das-unerwartetste-wanddekor-des-jahres-es-fuehlt-sich-persoenlich-an-und-laesst-sich-dennoch-perfekt-in-jede-kueche-integrieren\\\/#article\",\"isPartOf\":{\"@id\":\"https:\\\/\\\/www.strassenweb.de\\\/nachrichten\\\/martha-stewarts-nudelholz-display-ist-das-unerwartetste-wanddekor-des-jahres-es-fuehlt-sich-persoenlich-an-und-laesst-sich-dennoch-perfekt-in-jede-kueche-integrieren\\\/\"},\"author\":{\"name\":\"Robert Hoffmann\",\"@id\":\"https:\\\/\\\/www.strassenweb.de\\\/nachrichten\\\/#\\\/schema\\\/person\\\/87c9c9067f1211da429a744dc5a5aa41\"},\"headline\":\"Martha Stewarts Nudelholz-Display ist das unerwartetste Wanddekor des Jahres \u2013 es f\u00fchlt sich pers\u00f6nlich an und l\u00e4sst sich dennoch perfekt in jede K\u00fcche integrieren\",\"datePublished\":\"2025-11-07T23:39:23+00:00\",\"dateModified\":\"2025-11-07T23:39:24+00:00\",\"mainEntityOfPage\":{\"@id\":\"https:\\\/\\\/www.strassenweb.de\\\/nachrichten\\\/martha-stewarts-nudelholz-display-ist-das-unerwartetste-wanddekor-des-jahres-es-fuehlt-sich-persoenlich-an-und-laesst-sich-dennoch-perfekt-in-jede-kueche-integrieren\\\/\"},\"wordCount\":804,\"publisher\":{\"@id\":\"https:\\\/\\\/www.strassenweb.de\\\/nachrichten\\\/#organization\"},\"image\":{\"@id\":\"https:\\\/\\\/www.strassenweb.de\\\/nachrichten\\\/martha-stewarts-nudelholz-display-ist-das-unerwartetste-wanddekor-des-jahres-es-fuehlt-sich-persoenlich-an-und-laesst-sich-dennoch-perfekt-in-jede-kueche-integrieren\\\/#primaryimage\"},\"thumbnailUrl\":\"https:\\\/\\\/www.strassenweb.de\\\/nachrichten\\\/wp-content\\\/uploads\\\/2025\\\/10\\\/Martha-Stewarts-20-jaehrige-Kueche-sieht-aus-wie-Es-wurde-gestern.jpg\",\"keywords\":[\"das\",\"dennoch\",\"des\",\"F\u00fchlt\",\"integrieren\",\"ist\",\"Jahres\",\"jede\",\"K\u00fcche\",\"l\u00e4sst\",\"Martha\",\"NudelholzDisplay\",\"perfekt\",\"pers\u00f6nlich\",\"sich\",\"Stewarts\",\"und\",\"unerwartetste\",\"Wanddekor\"],\"articleSection\":[\"Haus &amp; Garten\"],\"inLanguage\":\"de\"},{\"@type\":\"WebPage\",\"@id\":\"https:\\\/\\\/www.strassenweb.de\\\/nachrichten\\\/martha-stewarts-nudelholz-display-ist-das-unerwartetste-wanddekor-des-jahres-es-fuehlt-sich-persoenlich-an-und-laesst-sich-dennoch-perfekt-in-jede-kueche-integrieren\\\/\",\"url\":\"https:\\\/\\\/www.strassenweb.de\\\/nachrichten\\\/martha-stewarts-nudelholz-display-ist-das-unerwartetste-wanddekor-des-jahres-es-fuehlt-sich-persoenlich-an-und-laesst-sich-dennoch-perfekt-in-jede-kueche-integrieren\\\/\",\"name\":\"Martha Stewarts Nudelholz-Display ist das unerwartetste Wanddekor des Jahres \u2013 es f\u00fchlt sich pers\u00f6nlich an und l\u00e4sst sich dennoch perfekt in jede K\u00fcche integrieren - Nachrichten - Stra\u00dfenweb\",\"isPartOf\":{\"@id\":\"https:\\\/\\\/www.strassenweb.de\\\/nachrichten\\\/#website\"},\"primaryImageOfPage\":{\"@id\":\"https:\\\/\\\/www.strassenweb.de\\\/nachrichten\\\/martha-stewarts-nudelholz-display-ist-das-unerwartetste-wanddekor-des-jahres-es-fuehlt-sich-persoenlich-an-und-laesst-sich-dennoch-perfekt-in-jede-kueche-integrieren\\\/#primaryimage\"},\"image\":{\"@id\":\"https:\\\/\\\/www.strassenweb.de\\\/nachrichten\\\/martha-stewarts-nudelholz-display-ist-das-unerwartetste-wanddekor-des-jahres-es-fuehlt-sich-persoenlich-an-und-laesst-sich-dennoch-perfekt-in-jede-kueche-integrieren\\\/#primaryimage\"},\"thumbnailUrl\":\"https:\\\/\\\/www.strassenweb.de\\\/nachrichten\\\/wp-content\\\/uploads\\\/2025\\\/10\\\/Martha-Stewarts-20-jaehrige-Kueche-sieht-aus-wie-Es-wurde-gestern.jpg\",\"datePublished\":\"2025-11-07T23:39:23+00:00\",\"dateModified\":\"2025-11-07T23:39:24+00:00\",\"breadcrumb\":{\"@id\":\"https:\\\/\\\/www.strassenweb.de\\\/nachrichten\\\/martha-stewarts-nudelholz-display-ist-das-unerwartetste-wanddekor-des-jahres-es-fuehlt-sich-persoenlich-an-und-laesst-sich-dennoch-perfekt-in-jede-kueche-integrieren\\\/#breadcrumb\"},\"inLanguage\":\"de\",\"potentialAction\":[{\"@type\":\"ReadAction\",\"target\":[\"https:\\\/\\\/www.strassenweb.de\\\/nachrichten\\\/martha-stewarts-nudelholz-display-ist-das-unerwartetste-wanddekor-des-jahres-es-fuehlt-sich-persoenlich-an-und-laesst-sich-dennoch-perfekt-in-jede-kueche-integrieren\\\/\"]}]},{\"@type\":\"ImageObject\",\"inLanguage\":\"de\",\"@id\":\"https:\\\/\\\/www.strassenweb.de\\\/nachrichten\\\/martha-stewarts-nudelholz-display-ist-das-unerwartetste-wanddekor-des-jahres-es-fuehlt-sich-persoenlich-an-und-laesst-sich-dennoch-perfekt-in-jede-kueche-integrieren\\\/#primaryimage\",\"url\":\"https:\\\/\\\/www.strassenweb.de\\\/nachrichten\\\/wp-content\\\/uploads\\\/2025\\\/10\\\/Martha-Stewarts-20-jaehrige-Kueche-sieht-aus-wie-Es-wurde-gestern.jpg\",\"contentUrl\":\"https:\\\/\\\/www.strassenweb.de\\\/nachrichten\\\/wp-content\\\/uploads\\\/2025\\\/10\\\/Martha-Stewarts-20-jaehrige-Kueche-sieht-aus-wie-Es-wurde-gestern.jpg\",\"width\":1600,\"height\":900,\"caption\":\"Martha Stewart\"},{\"@type\":\"BreadcrumbList\",\"@id\":\"https:\\\/\\\/www.strassenweb.de\\\/nachrichten\\\/martha-stewarts-nudelholz-display-ist-das-unerwartetste-wanddekor-des-jahres-es-fuehlt-sich-persoenlich-an-und-laesst-sich-dennoch-perfekt-in-jede-kueche-integrieren\\\/#breadcrumb\",\"itemListElement\":[{\"@type\":\"ListItem\",\"position\":1,\"name\":\"Home\",\"item\":\"https:\\\/\\\/www.strassenweb.de\\\/nachrichten\\\/\"},{\"@type\":\"ListItem\",\"position\":2,\"name\":\"Martha Stewarts Nudelholz-Display ist das unerwartetste Wanddekor des Jahres \u2013 es f\u00fchlt sich pers\u00f6nlich an und l\u00e4sst sich dennoch perfekt in jede K\u00fcche integrieren\"}]},{\"@type\":\"WebSite\",\"@id\":\"https:\\\/\\\/www.strassenweb.de\\\/nachrichten\\\/#website\",\"url\":\"https:\\\/\\\/www.strassenweb.de\\\/nachrichten\\\/\",\"name\":\"Stra\u00dfenweb\",\"description\":\"Stra\u00dfenverzeichnis f\u00fcr Deutschland\",\"publisher\":{\"@id\":\"https:\\\/\\\/www.strassenweb.de\\\/nachrichten\\\/#organization\"},\"potentialAction\":[{\"@type\":\"SearchAction\",\"target\":{\"@type\":\"EntryPoint\",\"urlTemplate\":\"https:\\\/\\\/www.strassenweb.de\\\/nachrichten\\\/?s={search_term_string}\"},\"query-input\":{\"@type\":\"PropertyValueSpecification\",\"valueRequired\":true,\"valueName\":\"search_term_string\"}}],\"inLanguage\":\"de\"},{\"@type\":\"Organization\",\"@id\":\"https:\\\/\\\/www.strassenweb.de\\\/nachrichten\\\/#organization\",\"name\":\"Stra\u00dfenweb\",\"url\":\"https:\\\/\\\/www.strassenweb.de\\\/nachrichten\\\/\",\"logo\":{\"@type\":\"ImageObject\",\"inLanguage\":\"de\",\"@id\":\"https:\\\/\\\/www.strassenweb.de\\\/nachrichten\\\/#\\\/schema\\\/logo\\\/image\\\/\",\"url\":\"https:\\\/\\\/www.strassenweb.de\\\/nachrichten\\\/wp-content\\\/uploads\\\/2024\\\/09\\\/cropped-favicon.png\",\"contentUrl\":\"https:\\\/\\\/www.strassenweb.de\\\/nachrichten\\\/wp-content\\\/uploads\\\/2024\\\/09\\\/cropped-favicon.png\",\"width\":512,\"height\":512,\"caption\":\"Stra\u00dfenweb\"},\"image\":{\"@id\":\"https:\\\/\\\/www.strassenweb.de\\\/nachrichten\\\/#\\\/schema\\\/logo\\\/image\\\/\"},\"sameAs\":[\"https:\\\/\\\/www.facebook.com\\\/strassenweb\\\/\"]},{\"@type\":\"Person\",\"@id\":\"https:\\\/\\\/www.strassenweb.de\\\/nachrichten\\\/#\\\/schema\\\/person\\\/87c9c9067f1211da429a744dc5a5aa41\",\"name\":\"Robert Hoffmann\",\"image\":{\"@type\":\"ImageObject\",\"inLanguage\":\"de\",\"@id\":\"https:\\\/\\\/www.strassenweb.de\\\/nachrichten\\\/wp-content\\\/uploads\\\/2024\\\/09\\\/strassenweb-150x150.jpg\",\"url\":\"https:\\\/\\\/www.strassenweb.de\\\/nachrichten\\\/wp-content\\\/uploads\\\/2024\\\/09\\\/strassenweb-150x150.jpg\",\"contentUrl\":\"https:\\\/\\\/www.strassenweb.de\\\/nachrichten\\\/wp-content\\\/uploads\\\/2024\\\/09\\\/strassenweb-150x150.jpg\",\"caption\":\"Robert Hoffmann\"},\"description\":\"Ich hei\u00dfe Robert Hoffmann und ich bin ein leidenschaftlicher Verfechter von \u00d6kologie und Biodiversit\u00e4t. Seit meiner Kindheit in den W\u00e4ldern Bayerns f\u00fchle ich mich mit der Natur verbunden und bin entschlossen, sie zu sch\u00fctzen. Heute widme ich mein Leben der Sensibilisierung anderer f\u00fcr die Bedeutung des Umweltschutzes f\u00fcr zuk\u00fcnftige Generationen.\",\"sameAs\":[\"https:\\\/\\\/www.strassenweb.de\\\/\"]}]}<\/script>\n<!-- \/ Yoast SEO plugin. -->","yoast_head_json":{"title":"Martha Stewarts Nudelholz-Display ist das unerwartetste Wanddekor des Jahres \u2013 es f\u00fchlt sich pers\u00f6nlich an und l\u00e4sst sich dennoch perfekt in jede K\u00fcche integrieren - Nachrichten - Stra\u00dfenweb","robots":{"index":"index","follow":"follow","max-snippet":"max-snippet:-1","max-image-preview":"max-image-preview:large","max-video-preview":"max-video-preview:-1"},"canonical":"https:\/\/www.strassenweb.de\/nachrichten\/martha-stewarts-nudelholz-display-ist-das-unerwartetste-wanddekor-des-jahres-es-fuehlt-sich-persoenlich-an-und-laesst-sich-dennoch-perfekt-in-jede-kueche-integrieren\/","og_locale":"de_DE","og_type":"article","og_title":"Martha Stewarts Nudelholz-Display ist das unerwartetste Wanddekor des Jahres \u2013 es f\u00fchlt sich pers\u00f6nlich an und l\u00e4sst sich dennoch perfekt in jede K\u00fcche integrieren - Nachrichten - Stra\u00dfenweb","og_description":"Als Martha Stewart sich daran machte, ihre Studiok\u00fcche in Westport zu dekorieren, stie\u00df sie auf zwei bekannte Designherausforderungen, die jeder kennen d\u00fcrfte, der eine K\u00fcchenwanddekoration","og_url":"https:\/\/www.strassenweb.de\/nachrichten\/martha-stewarts-nudelholz-display-ist-das-unerwartetste-wanddekor-des-jahres-es-fuehlt-sich-persoenlich-an-und-laesst-sich-dennoch-perfekt-in-jede-kueche-integrieren\/","og_site_name":"Stra\u00dfenweb","article_publisher":"https:\/\/www.facebook.com\/strassenweb\/","article_published_time":"2025-11-07T23:39:23+00:00","article_modified_time":"2025-11-07T23:39:24+00:00","og_image":[{"width":1600,"height":900,"url":"https:\/\/www.strassenweb.de\/nachrichten\/wp-content\/uploads\/2025\/10\/Martha-Stewarts-20-jaehrige-Kueche-sieht-aus-wie-Es-wurde-gestern.jpg","type":"image\/jpeg"}],"author":"Robert Hoffmann","twitter_card":"summary_large_image","twitter_misc":{"Verfasst von":"Robert Hoffmann","Gesch\u00e4tzte Lesezeit":"4\u00a0Minuten"},"schema":{"@context":"https:\/\/schema.org","@graph":[{"@type":"Article","@id":"https:\/\/www.strassenweb.de\/nachrichten\/martha-stewarts-nudelholz-display-ist-das-unerwartetste-wanddekor-des-jahres-es-fuehlt-sich-persoenlich-an-und-laesst-sich-dennoch-perfekt-in-jede-kueche-integrieren\/#article","isPartOf":{"@id":"https:\/\/www.strassenweb.de\/nachrichten\/martha-stewarts-nudelholz-display-ist-das-unerwartetste-wanddekor-des-jahres-es-fuehlt-sich-persoenlich-an-und-laesst-sich-dennoch-perfekt-in-jede-kueche-integrieren\/"},"author":{"name":"Robert Hoffmann","@id":"https:\/\/www.strassenweb.de\/nachrichten\/#\/schema\/person\/87c9c9067f1211da429a744dc5a5aa41"},"headline":"Martha Stewarts Nudelholz-Display ist das unerwartetste Wanddekor des Jahres \u2013 es f\u00fchlt sich pers\u00f6nlich an und l\u00e4sst sich dennoch perfekt in jede K\u00fcche integrieren","datePublished":"2025-11-07T23:39:23+00:00","dateModified":"2025-11-07T23:39:24+00:00","mainEntityOfPage":{"@id":"https:\/\/www.strassenweb.de\/nachrichten\/martha-stewarts-nudelholz-display-ist-das-unerwartetste-wanddekor-des-jahres-es-fuehlt-sich-persoenlich-an-und-laesst-sich-dennoch-perfekt-in-jede-kueche-integrieren\/"},"wordCount":804,"publisher":{"@id":"https:\/\/www.strassenweb.de\/nachrichten\/#organization"},"image":{"@id":"https:\/\/www.strassenweb.de\/nachrichten\/martha-stewarts-nudelholz-display-ist-das-unerwartetste-wanddekor-des-jahres-es-fuehlt-sich-persoenlich-an-und-laesst-sich-dennoch-perfekt-in-jede-kueche-integrieren\/#primaryimage"},"thumbnailUrl":"https:\/\/www.strassenweb.de\/nachrichten\/wp-content\/uploads\/2025\/10\/Martha-Stewarts-20-jaehrige-Kueche-sieht-aus-wie-Es-wurde-gestern.jpg","keywords":["das","dennoch","des","F\u00fchlt","integrieren","ist","Jahres","jede","K\u00fcche","l\u00e4sst","Martha","NudelholzDisplay","perfekt","pers\u00f6nlich","sich","Stewarts","und","unerwartetste","Wanddekor"],"articleSection":["Haus &amp; Garten"],"inLanguage":"de"},{"@type":"WebPage","@id":"https:\/\/www.strassenweb.de\/nachrichten\/martha-stewarts-nudelholz-display-ist-das-unerwartetste-wanddekor-des-jahres-es-fuehlt-sich-persoenlich-an-und-laesst-sich-dennoch-perfekt-in-jede-kueche-integrieren\/","url":"https:\/\/www.strassenweb.de\/nachrichten\/martha-stewarts-nudelholz-display-ist-das-unerwartetste-wanddekor-des-jahres-es-fuehlt-sich-persoenlich-an-und-laesst-sich-dennoch-perfekt-in-jede-kueche-integrieren\/","name":"Martha Stewarts Nudelholz-Display ist das unerwartetste Wanddekor des Jahres \u2013 es f\u00fchlt sich pers\u00f6nlich an und l\u00e4sst sich dennoch perfekt in jede K\u00fcche integrieren - Nachrichten - Stra\u00dfenweb","isPartOf":{"@id":"https:\/\/www.strassenweb.de\/nachrichten\/#website"},"primaryImageOfPage":{"@id":"https:\/\/www.strassenweb.de\/nachrichten\/martha-stewarts-nudelholz-display-ist-das-unerwartetste-wanddekor-des-jahres-es-fuehlt-sich-persoenlich-an-und-laesst-sich-dennoch-perfekt-in-jede-kueche-integrieren\/#primaryimage"},"image":{"@id":"https:\/\/www.strassenweb.de\/nachrichten\/martha-stewarts-nudelholz-display-ist-das-unerwartetste-wanddekor-des-jahres-es-fuehlt-sich-persoenlich-an-und-laesst-sich-dennoch-perfekt-in-jede-kueche-integrieren\/#primaryimage"},"thumbnailUrl":"https:\/\/www.strassenweb.de\/nachrichten\/wp-content\/uploads\/2025\/10\/Martha-Stewarts-20-jaehrige-Kueche-sieht-aus-wie-Es-wurde-gestern.jpg","datePublished":"2025-11-07T23:39:23+00:00","dateModified":"2025-11-07T23:39:24+00:00","breadcrumb":{"@id":"https:\/\/www.strassenweb.de\/nachrichten\/martha-stewarts-nudelholz-display-ist-das-unerwartetste-wanddekor-des-jahres-es-fuehlt-sich-persoenlich-an-und-laesst-sich-dennoch-perfekt-in-jede-kueche-integrieren\/#breadcrumb"},"inLanguage":"de","potentialAction":[{"@type":"ReadAction","target":["https:\/\/www.strassenweb.de\/nachrichten\/martha-stewarts-nudelholz-display-ist-das-unerwartetste-wanddekor-des-jahres-es-fuehlt-sich-persoenlich-an-und-laesst-sich-dennoch-perfekt-in-jede-kueche-integrieren\/"]}]},{"@type":"ImageObject","inLanguage":"de","@id":"https:\/\/www.strassenweb.de\/nachrichten\/martha-stewarts-nudelholz-display-ist-das-unerwartetste-wanddekor-des-jahres-es-fuehlt-sich-persoenlich-an-und-laesst-sich-dennoch-perfekt-in-jede-kueche-integrieren\/#primaryimage","url":"https:\/\/www.strassenweb.de\/nachrichten\/wp-content\/uploads\/2025\/10\/Martha-Stewarts-20-jaehrige-Kueche-sieht-aus-wie-Es-wurde-gestern.jpg","contentUrl":"https:\/\/www.strassenweb.de\/nachrichten\/wp-content\/uploads\/2025\/10\/Martha-Stewarts-20-jaehrige-Kueche-sieht-aus-wie-Es-wurde-gestern.jpg","width":1600,"height":900,"caption":"Martha Stewart"},{"@type":"BreadcrumbList","@id":"https:\/\/www.strassenweb.de\/nachrichten\/martha-stewarts-nudelholz-display-ist-das-unerwartetste-wanddekor-des-jahres-es-fuehlt-sich-persoenlich-an-und-laesst-sich-dennoch-perfekt-in-jede-kueche-integrieren\/#breadcrumb","itemListElement":[{"@type":"ListItem","position":1,"name":"Home","item":"https:\/\/www.strassenweb.de\/nachrichten\/"},{"@type":"ListItem","position":2,"name":"Martha Stewarts Nudelholz-Display ist das unerwartetste Wanddekor des Jahres \u2013 es f\u00fchlt sich pers\u00f6nlich an und l\u00e4sst sich dennoch perfekt in jede K\u00fcche integrieren"}]},{"@type":"WebSite","@id":"https:\/\/www.strassenweb.de\/nachrichten\/#website","url":"https:\/\/www.strassenweb.de\/nachrichten\/","name":"Stra\u00dfenweb","description":"Stra\u00dfenverzeichnis f\u00fcr Deutschland","publisher":{"@id":"https:\/\/www.strassenweb.de\/nachrichten\/#organization"},"potentialAction":[{"@type":"SearchAction","target":{"@type":"EntryPoint","urlTemplate":"https:\/\/www.strassenweb.de\/nachrichten\/?s={search_term_string}"},"query-input":{"@type":"PropertyValueSpecification","valueRequired":true,"valueName":"search_term_string"}}],"inLanguage":"de"},{"@type":"Organization","@id":"https:\/\/www.strassenweb.de\/nachrichten\/#organization","name":"Stra\u00dfenweb","url":"https:\/\/www.strassenweb.de\/nachrichten\/","logo":{"@type":"ImageObject","inLanguage":"de","@id":"https:\/\/www.strassenweb.de\/nachrichten\/#\/schema\/logo\/image\/","url":"https:\/\/www.strassenweb.de\/nachrichten\/wp-content\/uploads\/2024\/09\/cropped-favicon.png","contentUrl":"https:\/\/www.strassenweb.de\/nachrichten\/wp-content\/uploads\/2024\/09\/cropped-favicon.png","width":512,"height":512,"caption":"Stra\u00dfenweb"},"image":{"@id":"https:\/\/www.strassenweb.de\/nachrichten\/#\/schema\/logo\/image\/"},"sameAs":["https:\/\/www.facebook.com\/strassenweb\/"]},{"@type":"Person","@id":"https:\/\/www.strassenweb.de\/nachrichten\/#\/schema\/person\/87c9c9067f1211da429a744dc5a5aa41","name":"Robert Hoffmann","image":{"@type":"ImageObject","inLanguage":"de","@id":"https:\/\/www.strassenweb.de\/nachrichten\/wp-content\/uploads\/2024\/09\/strassenweb-150x150.jpg","url":"https:\/\/www.strassenweb.de\/nachrichten\/wp-content\/uploads\/2024\/09\/strassenweb-150x150.jpg","contentUrl":"https:\/\/www.strassenweb.de\/nachrichten\/wp-content\/uploads\/2024\/09\/strassenweb-150x150.jpg","caption":"Robert Hoffmann"},"description":"Ich hei\u00dfe Robert Hoffmann und ich bin ein leidenschaftlicher Verfechter von \u00d6kologie und Biodiversit\u00e4t. Seit meiner Kindheit in den W\u00e4ldern Bayerns f\u00fchle ich mich mit der Natur verbunden und bin entschlossen, sie zu sch\u00fctzen. Heute widme ich mein Leben der Sensibilisierung anderer f\u00fcr die Bedeutung des Umweltschutzes f\u00fcr zuk\u00fcnftige Generationen.","sameAs":["https:\/\/www.strassenweb.de\/"]}]}},"_links":{"self":[{"href":"https:\/\/www.strassenweb.de\/nachrichten\/wp-json\/wp\/v2\/posts\/9097","targetHints":{"allow":["GET"]}}],"collection":[{"href":"https:\/\/www.strassenweb.de\/nachrichten\/wp-json\/wp\/v2\/posts"}],"about":[{"href":"https:\/\/www.strassenweb.de\/nachrichten\/wp-json\/wp\/v2\/types\/post"}],"author":[{"embeddable":true,"href":"https:\/\/www.strassenweb.de\/nachrichten\/wp-json\/wp\/v2\/users\/1"}],"replies":[{"embeddable":true,"href":"https:\/\/www.strassenweb.de\/nachrichten\/wp-json\/wp\/v2\/comments?post=9097"}],"version-history":[{"count":0,"href":"https:\/\/www.strassenweb.de\/nachrichten\/wp-json\/wp\/v2\/posts\/9097\/revisions"}],"wp:featuredmedia":[{"embeddable":true,"href":"https:\/\/www.strassenweb.de\/nachrichten\/wp-json\/wp\/v2\/media\/8117"}],"wp:attachment":[{"href":"https:\/\/www.strassenweb.de\/nachrichten\/wp-json\/wp\/v2\/media?parent=9097"}],"wp:term":[{"taxonomy":"category","embeddable":true,"href":"https:\/\/www.strassenweb.de\/nachrichten\/wp-json\/wp\/v2\/categories?post=9097"},{"taxonomy":"post_tag","embeddable":true,"href":"https:\/\/www.strassenweb.de\/nachrichten\/wp-json\/wp\/v2\/tags?post=9097"}],"curies":[{"name":"wp","href":"https:\/\/api.w.org\/{rel}","templated":true}]}}