{"id":9094,"date":"2025-11-07T21:39:17","date_gmt":"2025-11-07T20:39:17","guid":{"rendered":"https:\/\/www.strassenweb.de\/nachrichten\/es-geht-nicht-nur-um-aesthetik-es-geht-darum-ihren-waenden-seele-zu-verleihen-ein-mid-century-detail-brachte-waerme-in-joan-baez-80er-jahre-woh\/"},"modified":"2025-11-07T21:39:18","modified_gmt":"2025-11-07T20:39:18","slug":"es-geht-nicht-nur-um-aesthetik-es-geht-darum-ihren-waenden-seele-zu-verleihen-ein-mid-century-detail-brachte-waerme-in-joan-baez-80er-jahre-woh","status":"publish","type":"post","link":"https:\/\/www.strassenweb.de\/nachrichten\/es-geht-nicht-nur-um-aesthetik-es-geht-darum-ihren-waenden-seele-zu-verleihen-ein-mid-century-detail-brachte-waerme-in-joan-baez-80er-jahre-woh\/","title":{"rendered":"\u201eEs geht nicht nur um \u00c4sthetik.\u201c \u201eEs geht darum, Ihren W\u00e4nden Seele zu verleihen\u201c \u2013 Ein Mid-Century-Detail brachte W\u00e4rme in Joan Baez\u2018 80er-Jahre-Wohnzimmer und ist auch 2026 wieder im Trend"},"content":{"rendered":"<p><\/p>\n<div id=\"article-body\" class=\"article__body \">\n<p id=\"c02be068-156f-48a3-bcec-a36bb1e050a5\">W\u00e4hrend die Trendzyklen voranschreiten, ist es garantiert, dass Looks, die einst als \u201everaltet\u201c verunglimpft wurden, wieder in die Mode der Inneneinrichtung zur\u00fcckkehren. Andererseits sind manche Looks zeitlos und wirken, als h\u00e4tten sie Jahrzehnte sp\u00e4ter auch gestern gebaut werden k\u00f6nnen. Ein Archivbild von Joan Baez\u2018 Wohnzimmer aus den 80er Jahren verdeutlicht beide Wahrheiten.<\/p>\n<div id=\"ad-unit-1\" class=\"ad-unit\"><\/div>\n<p class=\"paywall\" aria-hidden=\"true\">Laut Experten passt dieses Detail gut zu Dekorationen aus jedem Jahrzehnt und soll im Jahr 2026 wieder aufleben. Wir haben mit Innenarchitekten gesprochen, um herauszufinden, warum Holzvert\u00e4felungen so beliebt sind und wie wir sie am besten in unseren eigenen vier W\u00e4nden nachbilden k\u00f6nnen. Das Zuhause von Joan Baez ist die Blaupause.<\/p>\n<div class=\"van_vid_carousel\">\n<div class=\"van_vid_carousel__padding\">\n<div class=\"van_vid_carousel__container\"><\/div>\n<\/div>\n<\/div>\n<figure class=\"van-image-figure inline-layout \" data-bordeaux-image-check id=\"79e265b7-5aaf-4d84-85e9-4c4b217d7b97\">\n<div class=\"image-full-width-wrapper\">\n<div class=\"image-widthsetter\" style=\"max-width:2000px;\"><\/div>\n<\/div>\n<\/figure>\n<p id=\"00f5d6f7-a709-4788-9e27-49a6fb70c2c2\">Nina Lichtenstein, Innenarchitektin aus Westchester, erkl\u00e4rt: \u201eWenn Holzvert\u00e4felungen sorgf\u00e4ltig integriert werden, k\u00f6nnen sie ein Wohnzimmer in einen warmen, einladenden und zutiefst pers\u00f6nlichen Raum verwandeln.\u201c Es geht nicht nur um \u00c4sthetik. Es geht darum, Ihren W\u00e4nden Seele zu verleihen. Aber wie jeder gute Designschritt funktioniert er am besten, wenn er mit Absicht, Ausgewogenheit und einem Verst\u00e4ndnis f\u00fcr Ihren Lebensstil durchgef\u00fchrt wird.\u201c<\/p>\n<div id=\"ad-unit-2\" class=\"ad-unit\"><\/div>\n<h3 class=\"article-body__section\" id=\"section-recreate-joan-s-look-at-home\"><span>Stellen Sie Joans Blick nach Hause wieder her<\/span><\/h3>\n<aside data-block-type=\"embed\" data-hawk-json='{\"collection\":{\"blocks\":({\"modelName\":\"Velvet Armchair\",\"productName\":\"Velvet Armchair\",\"brand\":null,\"price\":629,\"wasPrice\":null,\"currency\":\"USD\",\"image\":{\"copyright\":\"\",\"height\":800,\"id\":\"RaRueqvJFc82VajPo9m5hU\",\"mimeType\":\"image\/jpeg\",\"mos\":\"https:\/\/cdn.mos.cms.futurecdn.net\/RaRueqvJFc82VajPo9m5hU.jpg\",\"role\":\"\",\"width\":800,\"credit\":\"Wayfair\",\"alt\":\"Allmodern Olsen 27.3\" W Velvet Armchair &amp; Reviews | Wayfair\",\"caption\":\"\"},\"link\":{\"url\":\"https:\/\/www.anrdoezrs.net\/click-100624746-15735083?sid=hawk-custom-tracking&amp;url=https:\/\/www.wayfair.com\/furniture\/pdp\/allmodern-olsen-273-w-velvet-armchair-w009909772.html?piid=1687463922&amp;auctionId=c5bcb901-d316-4597-906b-c358086f6b49&amp;adTypeId=1&amp;hmns=v2%7EPkqXNkwt8lA3R5M9MkfqT0sphCHaCoEhUiD-WSNTA4IPYNxlbFuwFfczXLhnBt5tBlCHSCJd7zA2XZ02IlXeIFxK4EZNIeJHVEj_PkMz61deNfVLWj2SVFUk415UdqUHOSPvMDQCthN6RpNwB3TCKHMLy3xmWo96Nw7dY3pFgTrKwxrCzbg_xte6e9zbtTfawbZyz8vsCYHCtjufwOZqmP_aDaOqi1X08tIKr6XSXKnszxC8vcdD5-SeT_6D83eJ_osin5u7WdWCsm6ZwLFpwN6rGtOOriOCgKQs2dSlfbbvk0227clE5uDHHrm4xk27xrdTofvdAqfx0ln78IMarF0jlDE7T5ExVyD4UzpP_kNHK6kFSC3yREUmhWwAFOFbcQbcYHdNimcrQYwpIEWVOSw8ymptE8QhRRvfYm8SizIINvdETj3zXVYhkxIGWJhZLGmkCw49-hdbMfRUQA%7ExMI0q5AiHefwU3-V8VcK9Jg2fpHxV3-VnycT4flSKPyfZE37mTQGlPVHf5XxORLhgVZ7lfFXf_ueMROU9Vd_lfE5CfuVX3vSnjgY95c2EpT1Un-V8TUZ9JVWe5DxV3_hgjALlPX31IT6Iwzhi1Z7lfFXf-eeIwWd_BIK554nGrq9OBHxnjkb4ZI_fpHxV3-VhTMQ-PlYCOKGeQj0iDEe_IN5HPqcOArnnV9c_YUjD-bLeFDihiBR4pAuGfSYJVH2njpQ_pQuCPqDM1HlmScW9pAnfpHxV3-Vljse8_BTf5XxVxz9kDF-kfFXf5WGMwek8FN_lfFXD_iZO36R8Vd_lYI0DeLwU3-Q8VcM9oM_fpHRVH-VgjQe4vBTf5DxVwz2kD9-kQFVf5WCNBzx8FNnlfFXDPaBM36R6Vd_lZUnB-fwU36V8VcJ_II2fpHwV3-Vhz4I_PBTspbxVwn8mTJ-kYhVf5WTPxPw8FN5lfFXCfqdMn6R7ld_lZM2G-XwU3-V8VcM8Jgzd6XIbh73kmJHpcRuTKOQNUvwyTQapdxkGfDJekvzyDNSrcNkSbiSbhz3xTQZpMFnGq2SOxzt8FOVlPFXHPmSLn6R8VZ_lZI7DO3wU6GX8Vcc-YIufpE9Vn-VkjsL5_BTfpXxVx32mTZ-kfFXf5WTOxrj8FMnlfFXFvOSOH6R8Vd_lQ\",\"linkText\":\"Was $790, Now $629 at Wayfair\",\"editorialMerchantName\":\"\",\"merchantId\":32629,\"merchantNetwork\":\"CJ\",\"merchantUrl\":\"wayfair.com\",\"merchantName\":\"Wayfair\"},\"noAffiliateTracking\":false,\"linkMerchant\":\"Wayfair\"},{\"modelName\":\"Target Elevated Aluminum Poster Frame Black\",\"productName\":\"Target Elevated Aluminum Poster Frame Black\",\"brand\":null,\"price\":null,\"wasPrice\":null,\"currency\":null,\"image\":{\"copyright\":\"\",\"height\":957,\"id\":\"SbgYVSfF2rNKYHtEbohQ3Z\",\"mimeType\":\"image\/jpeg\",\"mos\":\"https:\/\/cdn.mos.cms.futurecdn.net\/SbgYVSfF2rNKYHtEbohQ3Z.jpg\",\"role\":\"hero\",\"width\":958,\"credit\":\"Target\",\"alt\":\"Black Aluminum Poster Frame\",\"caption\":\"\"},\"link\":{\"url\":\"https:\/\/goto.target.com\/c\/221109\/81938\/2092?subId1=hawk-custom-tracking&amp;sharedId=hawk&amp;u=https%3A%2F%2Fwww.target.com%2Fp%2Felevated-aluminum-poster-frame-black-threshold%2F-%2FA-86677152%3Fpreselect%3D86325319\",\"linkText\":\"From $40 at Target\",\"editorialMerchantName\":\"\",\"merchantId\":17989,\"merchantNetwork\":\"ImpactRad\",\"merchantUrl\":\"target.com\",\"merchantName\":\"Target\"},\"noAffiliateTracking\":null,\"linkMerchant\":\"Target\"},{\"modelName\":\"Reclaimed wood bowl\",\"productName\":\"Reclaimed wood bowl\",\"brand\":null,\"price\":null,\"wasPrice\":null,\"currency\":null,\"image\":{\"copyright\":\"\",\"height\":2000,\"id\":\"8KF9kiFN8FkPDq28PyrpJb\",\"mimeType\":\"image\/jpeg\",\"mos\":\"https:\/\/cdn.mos.cms.futurecdn.net\/8KF9kiFN8FkPDq28PyrpJb.jpg\",\"role\":\"hero\",\"width\":2000,\"credit\":\"Walmart\",\"alt\":\"Bowl\",\"caption\":\"\"},\"link\":{\"url\":\"https:\/\/goto.walmart.com\/c\/1943169\/568844\/9383?subId1=hawk-custom-tracking&amp;sharedId=hawk&amp;u=https%3A%2F%2Fwww.walmart.com%2Fip%2FTHY-COLLECTIBLES-Wooden-Bowl-Handmade-Storage-Natural-Root-Wood-Crafts-Bowl-Fruit-Salad-Serving-Bowls-Large-12-14%2F239761314%3F\",\"linkText\":\"From $40.95 at Walmart\",\"editorialMerchantName\":\"\",\"merchantId\":108180,\"merchantNetwork\":\"ImpactRadWalmart\",\"merchantUrl\":\"walmart.com\",\"merchantName\":\"Walmart\"},\"noAffiliateTracking\":null,\"linkMerchant\":\"Walmart\"})}}' data-model-name=\"Velvet Armchair,Target Elevated Aluminum Poster Frame Black,Reclaimed wood bowl\" data-render-type=\"fte\" data-skip=\"disabled\" data-widget-type=\"collection\" class=\"hawk-root\"><\/aside>\n<div class=\"product-container hero-product-container product-block-no-wrap\">\n<div class=\"product-block-row\"><\/div>\n<div class=\"product-block-row\"><\/div>\n<div class=\"product-block-row\"><\/div>\n<\/div>\n<aside data-block-type=\"embed\" data-render-type=\"fte\" data-skip=\"dealsy\" data-widget-type=\"seasonal\" class=\"hawk-root\"><\/aside>\n<p id=\"842c122f-b778-464e-be2d-a6e79db86478-0\">Ein Grund daf\u00fcr, dass dieser Look im Laufe der Jahrzehnte so beeindruckend ist, ist seine Vielseitigkeit. Beispielsweise wirkt die Holzvert\u00e4felung im Wohnzimmer von Joan Baez recht traditionell, kann aber auch eine modernere Note haben. Nina erkl\u00e4rt: \u201eRichtig gemacht, \u00fcbertrifft Holzvert\u00e4felung alle Innenarchitekturtrends.\u201c \u201eFeder-und-Nut-Vert\u00e4felung, \u00dcberlappung, Brett-und-Latte und flache vertikale Lamellen haben alle einen zeitlosen Reiz und k\u00f6nnen an eine Vielzahl von Design\u00e4sthetiken angepasst werden, vom K\u00fcstenbauernhaus bis zum Mid-Century Modern.\u201c<\/p>\n<p>Um Joans Aussehen nachzubilden, w\u00fcrde ich empfehlen, zun\u00e4chst den Stil Ihres Zuhauses zu bewerten, um festzustellen, welche Art von Holzvert\u00e4felung f\u00fcr Ihr Zuhause geeignet w\u00e4re. Von traditionell bis skandinavisch-modern gibt es eine Reihe von M\u00f6glichkeiten, diesen Look zu nutzen. Ich w\u00fcrde au\u00dferdem empfehlen, die Farbe Ihrer Beize sorgf\u00e4ltig zu pr\u00fcfen, um eine Oberfl\u00e4che auszuw\u00e4hlen, die zu den M\u00f6beln und dem Stil des restlichen Raums passt. Von dort aus k\u00f6nnen Sie Ihre Verkleidung ausw\u00e4hlen und loslegen.<\/p>\n<hr id=\"deb7998f-cedc-481a-b557-e979018f4897\">\n<p id=\"4abc3bd8-9911-4bb0-8f2f-6bbe41596af5\">Das Wohnzimmer von Joan Baez zeigt, dass man mit der Kombination zeitloser Details und Trends einen Raum schaffen kann, der einzigartig ist. Holzvert\u00e4felungen sind der perfekte Ausgangspunkt.<\/p>\n<div id=\"slice-container-newsletterForm-articleInbodyContent-3oVPoi6XuEsT44XPdntNgV\" class=\"slice-container newsletter-inbodyContent-slice newsletterForm-articleInbodyContent-3oVPoi6XuEsT44XPdntNgV slice-container-newsletterForm\"><\/div>\n<div class=\"min-h-(270px) mb-4 viafoura-twig-component\" id=\"viafoura-engagement-starter-wrapper\" data-component-name=\"Elk:Embed:EngagementStarter\">\n<div class=\"viafoura\">\n<div>\n<vf-conversation-starter target=\"viafoura-comments\" minimum-comment-count=\"5\"><br \/>\n<\/vf-conversation-starter>\n<\/div>\n<\/div>\n<\/div>\n<hr id=\"1bab8b7b-d0ea-4589-8cbe-25653fb3b8f3\">\n<\/div>\n","protected":false},"excerpt":{"rendered":"<p>W\u00e4hrend die Trendzyklen voranschreiten, ist es garantiert, dass Looks, die einst als \u201everaltet\u201c verunglimpft wurden, wieder in die Mode der Inneneinrichtung zur\u00fcckkehren. Andererseits sind manche<\/p>\n","protected":false},"author":1,"featured_media":9095,"comment_status":"closed","ping_status":"","sticky":false,"template":"","format":"standard","meta":{"footnotes":""},"categories":[118],"tags":[11420,2884,436,11419,11418,3634,43,510,325,15,7484,11417,61,54,6908,504,37,783,487,161,1440],"class_list":["post-9094","post","type-post","status-publish","format-standard","has-post-thumbnail","hentry","category-haus-garten","tag-80erjahrewohnzimmer","tag-aesthetik","tag-auch","tag-baez","tag-brachte","tag-darum","tag-ein","tag-geht","tag-ihren","tag-ist","tag-joan","tag-midcenturydetail","tag-nicht","tag-nur","tag-seele","tag-trend","tag-und","tag-verleihen","tag-waenden","tag-warme","tag-wieder","generate-columns","tablet-grid-50","mobile-grid-100","grid-parent","grid-50"],"yoast_head":"<!-- This site is optimized with the Yoast SEO plugin v27.3 - https:\/\/yoast.com\/product\/yoast-seo-wordpress\/ -->\n<title>\u201eEs geht nicht nur um \u00c4sthetik.\u201c \u201eEs geht darum, Ihren W\u00e4nden Seele zu verleihen\u201c \u2013 Ein Mid-Century-Detail brachte W\u00e4rme in Joan Baez\u2018 80er-Jahre-Wohnzimmer und ist auch 2026 wieder im Trend - Nachrichten - Stra\u00dfenweb<\/title>\n<meta name=\"robots\" content=\"index, follow, max-snippet:-1, max-image-preview:large, max-video-preview:-1\" \/>\n<link rel=\"canonical\" href=\"https:\/\/www.strassenweb.de\/nachrichten\/es-geht-nicht-nur-um-aesthetik-es-geht-darum-ihren-waenden-seele-zu-verleihen-ein-mid-century-detail-brachte-waerme-in-joan-baez-80er-jahre-woh\/\" \/>\n<meta property=\"og:locale\" content=\"de_DE\" \/>\n<meta property=\"og:type\" content=\"article\" \/>\n<meta property=\"og:title\" content=\"\u201eEs geht nicht nur um \u00c4sthetik.\u201c \u201eEs geht darum, Ihren W\u00e4nden Seele zu verleihen\u201c \u2013 Ein Mid-Century-Detail brachte W\u00e4rme in Joan Baez\u2018 80er-Jahre-Wohnzimmer und ist auch 2026 wieder im Trend - Nachrichten - Stra\u00dfenweb\" \/>\n<meta property=\"og:description\" content=\"W\u00e4hrend die Trendzyklen voranschreiten, ist es garantiert, dass Looks, die einst als \u201everaltet\u201c verunglimpft wurden, wieder in die Mode der Inneneinrichtung zur\u00fcckkehren. Andererseits sind manche\" \/>\n<meta property=\"og:url\" content=\"https:\/\/www.strassenweb.de\/nachrichten\/es-geht-nicht-nur-um-aesthetik-es-geht-darum-ihren-waenden-seele-zu-verleihen-ein-mid-century-detail-brachte-waerme-in-joan-baez-80er-jahre-woh\/\" \/>\n<meta property=\"og:site_name\" content=\"Stra\u00dfenweb\" \/>\n<meta property=\"article:publisher\" content=\"https:\/\/www.facebook.com\/strassenweb\/\" \/>\n<meta property=\"article:published_time\" content=\"2025-11-07T20:39:17+00:00\" \/>\n<meta property=\"article:modified_time\" content=\"2025-11-07T20:39:18+00:00\" \/>\n<meta property=\"og:image\" content=\"https:\/\/www.strassenweb.de\/nachrichten\/wp-content\/uploads\/2025\/11\/\u201eEs-geht-nicht-nur-um-Aesthetik-\u201eEs-geht-darum-Ihren.jpg\" \/>\n\t<meta property=\"og:image:width\" content=\"1600\" \/>\n\t<meta property=\"og:image:height\" content=\"900\" \/>\n\t<meta property=\"og:image:type\" content=\"image\/jpeg\" \/>\n<meta name=\"author\" content=\"Robert Hoffmann\" \/>\n<meta name=\"twitter:card\" content=\"summary_large_image\" \/>\n<meta name=\"twitter:label1\" content=\"Verfasst von\" \/>\n\t<meta name=\"twitter:data1\" content=\"Robert Hoffmann\" \/>\n\t<meta name=\"twitter:label2\" content=\"Gesch\u00e4tzte Lesezeit\" \/>\n\t<meta name=\"twitter:data2\" content=\"2\u00a0Minuten\" \/>\n<script type=\"application\/ld+json\" class=\"yoast-schema-graph\">{\"@context\":\"https:\\\/\\\/schema.org\",\"@graph\":[{\"@type\":\"Article\",\"@id\":\"https:\\\/\\\/www.strassenweb.de\\\/nachrichten\\\/es-geht-nicht-nur-um-aesthetik-es-geht-darum-ihren-waenden-seele-zu-verleihen-ein-mid-century-detail-brachte-waerme-in-joan-baez-80er-jahre-woh\\\/#article\",\"isPartOf\":{\"@id\":\"https:\\\/\\\/www.strassenweb.de\\\/nachrichten\\\/es-geht-nicht-nur-um-aesthetik-es-geht-darum-ihren-waenden-seele-zu-verleihen-ein-mid-century-detail-brachte-waerme-in-joan-baez-80er-jahre-woh\\\/\"},\"author\":{\"name\":\"Robert Hoffmann\",\"@id\":\"https:\\\/\\\/www.strassenweb.de\\\/nachrichten\\\/#\\\/schema\\\/person\\\/87c9c9067f1211da429a744dc5a5aa41\"},\"headline\":\"\u201eEs geht nicht nur um \u00c4sthetik.\u201c \u201eEs geht darum, Ihren W\u00e4nden Seele zu verleihen\u201c \u2013 Ein Mid-Century-Detail brachte W\u00e4rme in Joan Baez\u2018 80er-Jahre-Wohnzimmer und ist auch 2026 wieder im Trend\",\"datePublished\":\"2025-11-07T20:39:17+00:00\",\"dateModified\":\"2025-11-07T20:39:18+00:00\",\"mainEntityOfPage\":{\"@id\":\"https:\\\/\\\/www.strassenweb.de\\\/nachrichten\\\/es-geht-nicht-nur-um-aesthetik-es-geht-darum-ihren-waenden-seele-zu-verleihen-ein-mid-century-detail-brachte-waerme-in-joan-baez-80er-jahre-woh\\\/\"},\"wordCount\":412,\"publisher\":{\"@id\":\"https:\\\/\\\/www.strassenweb.de\\\/nachrichten\\\/#organization\"},\"image\":{\"@id\":\"https:\\\/\\\/www.strassenweb.de\\\/nachrichten\\\/es-geht-nicht-nur-um-aesthetik-es-geht-darum-ihren-waenden-seele-zu-verleihen-ein-mid-century-detail-brachte-waerme-in-joan-baez-80er-jahre-woh\\\/#primaryimage\"},\"thumbnailUrl\":\"https:\\\/\\\/www.strassenweb.de\\\/nachrichten\\\/wp-content\\\/uploads\\\/2025\\\/11\\\/\u201eEs-geht-nicht-nur-um-Aesthetik-\u201eEs-geht-darum-Ihren.jpg\",\"keywords\":[\"80erJahreWohnzimmer\",\"\u00c4sthetik\",\"Auch\",\"Baez\",\"brachte\",\"darum\",\"ein\",\"geht\",\"ihren\",\"ist\",\"Joan\",\"MidCenturyDetail\",\"nicht\",\"nur\",\"Seele\",\"Trend\",\"und\",\"verleihen\",\"W\u00e4nden\",\"warme\",\"wieder\"],\"articleSection\":[\"Haus &amp; Garten\"],\"inLanguage\":\"de\"},{\"@type\":\"WebPage\",\"@id\":\"https:\\\/\\\/www.strassenweb.de\\\/nachrichten\\\/es-geht-nicht-nur-um-aesthetik-es-geht-darum-ihren-waenden-seele-zu-verleihen-ein-mid-century-detail-brachte-waerme-in-joan-baez-80er-jahre-woh\\\/\",\"url\":\"https:\\\/\\\/www.strassenweb.de\\\/nachrichten\\\/es-geht-nicht-nur-um-aesthetik-es-geht-darum-ihren-waenden-seele-zu-verleihen-ein-mid-century-detail-brachte-waerme-in-joan-baez-80er-jahre-woh\\\/\",\"name\":\"\u201eEs geht nicht nur um \u00c4sthetik.\u201c \u201eEs geht darum, Ihren W\u00e4nden Seele zu verleihen\u201c \u2013 Ein Mid-Century-Detail brachte W\u00e4rme in Joan Baez\u2018 80er-Jahre-Wohnzimmer und ist auch 2026 wieder im Trend - Nachrichten - Stra\u00dfenweb\",\"isPartOf\":{\"@id\":\"https:\\\/\\\/www.strassenweb.de\\\/nachrichten\\\/#website\"},\"primaryImageOfPage\":{\"@id\":\"https:\\\/\\\/www.strassenweb.de\\\/nachrichten\\\/es-geht-nicht-nur-um-aesthetik-es-geht-darum-ihren-waenden-seele-zu-verleihen-ein-mid-century-detail-brachte-waerme-in-joan-baez-80er-jahre-woh\\\/#primaryimage\"},\"image\":{\"@id\":\"https:\\\/\\\/www.strassenweb.de\\\/nachrichten\\\/es-geht-nicht-nur-um-aesthetik-es-geht-darum-ihren-waenden-seele-zu-verleihen-ein-mid-century-detail-brachte-waerme-in-joan-baez-80er-jahre-woh\\\/#primaryimage\"},\"thumbnailUrl\":\"https:\\\/\\\/www.strassenweb.de\\\/nachrichten\\\/wp-content\\\/uploads\\\/2025\\\/11\\\/\u201eEs-geht-nicht-nur-um-Aesthetik-\u201eEs-geht-darum-Ihren.jpg\",\"datePublished\":\"2025-11-07T20:39:17+00:00\",\"dateModified\":\"2025-11-07T20:39:18+00:00\",\"breadcrumb\":{\"@id\":\"https:\\\/\\\/www.strassenweb.de\\\/nachrichten\\\/es-geht-nicht-nur-um-aesthetik-es-geht-darum-ihren-waenden-seele-zu-verleihen-ein-mid-century-detail-brachte-waerme-in-joan-baez-80er-jahre-woh\\\/#breadcrumb\"},\"inLanguage\":\"de\",\"potentialAction\":[{\"@type\":\"ReadAction\",\"target\":[\"https:\\\/\\\/www.strassenweb.de\\\/nachrichten\\\/es-geht-nicht-nur-um-aesthetik-es-geht-darum-ihren-waenden-seele-zu-verleihen-ein-mid-century-detail-brachte-waerme-in-joan-baez-80er-jahre-woh\\\/\"]}]},{\"@type\":\"ImageObject\",\"inLanguage\":\"de\",\"@id\":\"https:\\\/\\\/www.strassenweb.de\\\/nachrichten\\\/es-geht-nicht-nur-um-aesthetik-es-geht-darum-ihren-waenden-seele-zu-verleihen-ein-mid-century-detail-brachte-waerme-in-joan-baez-80er-jahre-woh\\\/#primaryimage\",\"url\":\"https:\\\/\\\/www.strassenweb.de\\\/nachrichten\\\/wp-content\\\/uploads\\\/2025\\\/11\\\/\u201eEs-geht-nicht-nur-um-Aesthetik-\u201eEs-geht-darum-Ihren.jpg\",\"contentUrl\":\"https:\\\/\\\/www.strassenweb.de\\\/nachrichten\\\/wp-content\\\/uploads\\\/2025\\\/11\\\/\u201eEs-geht-nicht-nur-um-Aesthetik-\u201eEs-geht-darum-Ihren.jpg\",\"width\":1600,\"height\":900,\"caption\":\"joan baez in her living room\"},{\"@type\":\"BreadcrumbList\",\"@id\":\"https:\\\/\\\/www.strassenweb.de\\\/nachrichten\\\/es-geht-nicht-nur-um-aesthetik-es-geht-darum-ihren-waenden-seele-zu-verleihen-ein-mid-century-detail-brachte-waerme-in-joan-baez-80er-jahre-woh\\\/#breadcrumb\",\"itemListElement\":[{\"@type\":\"ListItem\",\"position\":1,\"name\":\"Home\",\"item\":\"https:\\\/\\\/www.strassenweb.de\\\/nachrichten\\\/\"},{\"@type\":\"ListItem\",\"position\":2,\"name\":\"\u201eEs geht nicht nur um \u00c4sthetik.\u201c \u201eEs geht darum, Ihren W\u00e4nden Seele zu verleihen\u201c \u2013 Ein Mid-Century-Detail brachte W\u00e4rme in Joan Baez\u2018 80er-Jahre-Wohnzimmer und ist auch 2026 wieder im Trend\"}]},{\"@type\":\"WebSite\",\"@id\":\"https:\\\/\\\/www.strassenweb.de\\\/nachrichten\\\/#website\",\"url\":\"https:\\\/\\\/www.strassenweb.de\\\/nachrichten\\\/\",\"name\":\"Stra\u00dfenweb\",\"description\":\"Stra\u00dfenverzeichnis f\u00fcr Deutschland\",\"publisher\":{\"@id\":\"https:\\\/\\\/www.strassenweb.de\\\/nachrichten\\\/#organization\"},\"potentialAction\":[{\"@type\":\"SearchAction\",\"target\":{\"@type\":\"EntryPoint\",\"urlTemplate\":\"https:\\\/\\\/www.strassenweb.de\\\/nachrichten\\\/?s={search_term_string}\"},\"query-input\":{\"@type\":\"PropertyValueSpecification\",\"valueRequired\":true,\"valueName\":\"search_term_string\"}}],\"inLanguage\":\"de\"},{\"@type\":\"Organization\",\"@id\":\"https:\\\/\\\/www.strassenweb.de\\\/nachrichten\\\/#organization\",\"name\":\"Stra\u00dfenweb\",\"url\":\"https:\\\/\\\/www.strassenweb.de\\\/nachrichten\\\/\",\"logo\":{\"@type\":\"ImageObject\",\"inLanguage\":\"de\",\"@id\":\"https:\\\/\\\/www.strassenweb.de\\\/nachrichten\\\/#\\\/schema\\\/logo\\\/image\\\/\",\"url\":\"https:\\\/\\\/www.strassenweb.de\\\/nachrichten\\\/wp-content\\\/uploads\\\/2024\\\/09\\\/cropped-favicon.png\",\"contentUrl\":\"https:\\\/\\\/www.strassenweb.de\\\/nachrichten\\\/wp-content\\\/uploads\\\/2024\\\/09\\\/cropped-favicon.png\",\"width\":512,\"height\":512,\"caption\":\"Stra\u00dfenweb\"},\"image\":{\"@id\":\"https:\\\/\\\/www.strassenweb.de\\\/nachrichten\\\/#\\\/schema\\\/logo\\\/image\\\/\"},\"sameAs\":[\"https:\\\/\\\/www.facebook.com\\\/strassenweb\\\/\"]},{\"@type\":\"Person\",\"@id\":\"https:\\\/\\\/www.strassenweb.de\\\/nachrichten\\\/#\\\/schema\\\/person\\\/87c9c9067f1211da429a744dc5a5aa41\",\"name\":\"Robert Hoffmann\",\"image\":{\"@type\":\"ImageObject\",\"inLanguage\":\"de\",\"@id\":\"https:\\\/\\\/www.strassenweb.de\\\/nachrichten\\\/wp-content\\\/uploads\\\/2024\\\/09\\\/strassenweb-150x150.jpg\",\"url\":\"https:\\\/\\\/www.strassenweb.de\\\/nachrichten\\\/wp-content\\\/uploads\\\/2024\\\/09\\\/strassenweb-150x150.jpg\",\"contentUrl\":\"https:\\\/\\\/www.strassenweb.de\\\/nachrichten\\\/wp-content\\\/uploads\\\/2024\\\/09\\\/strassenweb-150x150.jpg\",\"caption\":\"Robert Hoffmann\"},\"description\":\"Ich hei\u00dfe Robert Hoffmann und ich bin ein leidenschaftlicher Verfechter von \u00d6kologie und Biodiversit\u00e4t. Seit meiner Kindheit in den W\u00e4ldern Bayerns f\u00fchle ich mich mit der Natur verbunden und bin entschlossen, sie zu sch\u00fctzen. Heute widme ich mein Leben der Sensibilisierung anderer f\u00fcr die Bedeutung des Umweltschutzes f\u00fcr zuk\u00fcnftige Generationen.\",\"sameAs\":[\"https:\\\/\\\/www.strassenweb.de\\\/\"]}]}<\/script>\n<!-- \/ Yoast SEO plugin. -->","yoast_head_json":{"title":"\u201eEs geht nicht nur um \u00c4sthetik.\u201c \u201eEs geht darum, Ihren W\u00e4nden Seele zu verleihen\u201c \u2013 Ein Mid-Century-Detail brachte W\u00e4rme in Joan Baez\u2018 80er-Jahre-Wohnzimmer und ist auch 2026 wieder im Trend - Nachrichten - Stra\u00dfenweb","robots":{"index":"index","follow":"follow","max-snippet":"max-snippet:-1","max-image-preview":"max-image-preview:large","max-video-preview":"max-video-preview:-1"},"canonical":"https:\/\/www.strassenweb.de\/nachrichten\/es-geht-nicht-nur-um-aesthetik-es-geht-darum-ihren-waenden-seele-zu-verleihen-ein-mid-century-detail-brachte-waerme-in-joan-baez-80er-jahre-woh\/","og_locale":"de_DE","og_type":"article","og_title":"\u201eEs geht nicht nur um \u00c4sthetik.\u201c \u201eEs geht darum, Ihren W\u00e4nden Seele zu verleihen\u201c \u2013 Ein Mid-Century-Detail brachte W\u00e4rme in Joan Baez\u2018 80er-Jahre-Wohnzimmer und ist auch 2026 wieder im Trend - Nachrichten - Stra\u00dfenweb","og_description":"W\u00e4hrend die Trendzyklen voranschreiten, ist es garantiert, dass Looks, die einst als \u201everaltet\u201c verunglimpft wurden, wieder in die Mode der Inneneinrichtung zur\u00fcckkehren. Andererseits sind manche","og_url":"https:\/\/www.strassenweb.de\/nachrichten\/es-geht-nicht-nur-um-aesthetik-es-geht-darum-ihren-waenden-seele-zu-verleihen-ein-mid-century-detail-brachte-waerme-in-joan-baez-80er-jahre-woh\/","og_site_name":"Stra\u00dfenweb","article_publisher":"https:\/\/www.facebook.com\/strassenweb\/","article_published_time":"2025-11-07T20:39:17+00:00","article_modified_time":"2025-11-07T20:39:18+00:00","og_image":[{"width":1600,"height":900,"url":"https:\/\/www.strassenweb.de\/nachrichten\/wp-content\/uploads\/2025\/11\/\u201eEs-geht-nicht-nur-um-Aesthetik-\u201eEs-geht-darum-Ihren.jpg","type":"image\/jpeg"}],"author":"Robert Hoffmann","twitter_card":"summary_large_image","twitter_misc":{"Verfasst von":"Robert Hoffmann","Gesch\u00e4tzte Lesezeit":"2\u00a0Minuten"},"schema":{"@context":"https:\/\/schema.org","@graph":[{"@type":"Article","@id":"https:\/\/www.strassenweb.de\/nachrichten\/es-geht-nicht-nur-um-aesthetik-es-geht-darum-ihren-waenden-seele-zu-verleihen-ein-mid-century-detail-brachte-waerme-in-joan-baez-80er-jahre-woh\/#article","isPartOf":{"@id":"https:\/\/www.strassenweb.de\/nachrichten\/es-geht-nicht-nur-um-aesthetik-es-geht-darum-ihren-waenden-seele-zu-verleihen-ein-mid-century-detail-brachte-waerme-in-joan-baez-80er-jahre-woh\/"},"author":{"name":"Robert Hoffmann","@id":"https:\/\/www.strassenweb.de\/nachrichten\/#\/schema\/person\/87c9c9067f1211da429a744dc5a5aa41"},"headline":"\u201eEs geht nicht nur um \u00c4sthetik.\u201c \u201eEs geht darum, Ihren W\u00e4nden Seele zu verleihen\u201c \u2013 Ein Mid-Century-Detail brachte W\u00e4rme in Joan Baez\u2018 80er-Jahre-Wohnzimmer und ist auch 2026 wieder im Trend","datePublished":"2025-11-07T20:39:17+00:00","dateModified":"2025-11-07T20:39:18+00:00","mainEntityOfPage":{"@id":"https:\/\/www.strassenweb.de\/nachrichten\/es-geht-nicht-nur-um-aesthetik-es-geht-darum-ihren-waenden-seele-zu-verleihen-ein-mid-century-detail-brachte-waerme-in-joan-baez-80er-jahre-woh\/"},"wordCount":412,"publisher":{"@id":"https:\/\/www.strassenweb.de\/nachrichten\/#organization"},"image":{"@id":"https:\/\/www.strassenweb.de\/nachrichten\/es-geht-nicht-nur-um-aesthetik-es-geht-darum-ihren-waenden-seele-zu-verleihen-ein-mid-century-detail-brachte-waerme-in-joan-baez-80er-jahre-woh\/#primaryimage"},"thumbnailUrl":"https:\/\/www.strassenweb.de\/nachrichten\/wp-content\/uploads\/2025\/11\/\u201eEs-geht-nicht-nur-um-Aesthetik-\u201eEs-geht-darum-Ihren.jpg","keywords":["80erJahreWohnzimmer","\u00c4sthetik","Auch","Baez","brachte","darum","ein","geht","ihren","ist","Joan","MidCenturyDetail","nicht","nur","Seele","Trend","und","verleihen","W\u00e4nden","warme","wieder"],"articleSection":["Haus &amp; Garten"],"inLanguage":"de"},{"@type":"WebPage","@id":"https:\/\/www.strassenweb.de\/nachrichten\/es-geht-nicht-nur-um-aesthetik-es-geht-darum-ihren-waenden-seele-zu-verleihen-ein-mid-century-detail-brachte-waerme-in-joan-baez-80er-jahre-woh\/","url":"https:\/\/www.strassenweb.de\/nachrichten\/es-geht-nicht-nur-um-aesthetik-es-geht-darum-ihren-waenden-seele-zu-verleihen-ein-mid-century-detail-brachte-waerme-in-joan-baez-80er-jahre-woh\/","name":"\u201eEs geht nicht nur um \u00c4sthetik.\u201c \u201eEs geht darum, Ihren W\u00e4nden Seele zu verleihen\u201c \u2013 Ein Mid-Century-Detail brachte W\u00e4rme in Joan Baez\u2018 80er-Jahre-Wohnzimmer und ist auch 2026 wieder im Trend - Nachrichten - Stra\u00dfenweb","isPartOf":{"@id":"https:\/\/www.strassenweb.de\/nachrichten\/#website"},"primaryImageOfPage":{"@id":"https:\/\/www.strassenweb.de\/nachrichten\/es-geht-nicht-nur-um-aesthetik-es-geht-darum-ihren-waenden-seele-zu-verleihen-ein-mid-century-detail-brachte-waerme-in-joan-baez-80er-jahre-woh\/#primaryimage"},"image":{"@id":"https:\/\/www.strassenweb.de\/nachrichten\/es-geht-nicht-nur-um-aesthetik-es-geht-darum-ihren-waenden-seele-zu-verleihen-ein-mid-century-detail-brachte-waerme-in-joan-baez-80er-jahre-woh\/#primaryimage"},"thumbnailUrl":"https:\/\/www.strassenweb.de\/nachrichten\/wp-content\/uploads\/2025\/11\/\u201eEs-geht-nicht-nur-um-Aesthetik-\u201eEs-geht-darum-Ihren.jpg","datePublished":"2025-11-07T20:39:17+00:00","dateModified":"2025-11-07T20:39:18+00:00","breadcrumb":{"@id":"https:\/\/www.strassenweb.de\/nachrichten\/es-geht-nicht-nur-um-aesthetik-es-geht-darum-ihren-waenden-seele-zu-verleihen-ein-mid-century-detail-brachte-waerme-in-joan-baez-80er-jahre-woh\/#breadcrumb"},"inLanguage":"de","potentialAction":[{"@type":"ReadAction","target":["https:\/\/www.strassenweb.de\/nachrichten\/es-geht-nicht-nur-um-aesthetik-es-geht-darum-ihren-waenden-seele-zu-verleihen-ein-mid-century-detail-brachte-waerme-in-joan-baez-80er-jahre-woh\/"]}]},{"@type":"ImageObject","inLanguage":"de","@id":"https:\/\/www.strassenweb.de\/nachrichten\/es-geht-nicht-nur-um-aesthetik-es-geht-darum-ihren-waenden-seele-zu-verleihen-ein-mid-century-detail-brachte-waerme-in-joan-baez-80er-jahre-woh\/#primaryimage","url":"https:\/\/www.strassenweb.de\/nachrichten\/wp-content\/uploads\/2025\/11\/\u201eEs-geht-nicht-nur-um-Aesthetik-\u201eEs-geht-darum-Ihren.jpg","contentUrl":"https:\/\/www.strassenweb.de\/nachrichten\/wp-content\/uploads\/2025\/11\/\u201eEs-geht-nicht-nur-um-Aesthetik-\u201eEs-geht-darum-Ihren.jpg","width":1600,"height":900,"caption":"joan baez in her living room"},{"@type":"BreadcrumbList","@id":"https:\/\/www.strassenweb.de\/nachrichten\/es-geht-nicht-nur-um-aesthetik-es-geht-darum-ihren-waenden-seele-zu-verleihen-ein-mid-century-detail-brachte-waerme-in-joan-baez-80er-jahre-woh\/#breadcrumb","itemListElement":[{"@type":"ListItem","position":1,"name":"Home","item":"https:\/\/www.strassenweb.de\/nachrichten\/"},{"@type":"ListItem","position":2,"name":"\u201eEs geht nicht nur um \u00c4sthetik.\u201c \u201eEs geht darum, Ihren W\u00e4nden Seele zu verleihen\u201c \u2013 Ein Mid-Century-Detail brachte W\u00e4rme in Joan Baez\u2018 80er-Jahre-Wohnzimmer und ist auch 2026 wieder im Trend"}]},{"@type":"WebSite","@id":"https:\/\/www.strassenweb.de\/nachrichten\/#website","url":"https:\/\/www.strassenweb.de\/nachrichten\/","name":"Stra\u00dfenweb","description":"Stra\u00dfenverzeichnis f\u00fcr Deutschland","publisher":{"@id":"https:\/\/www.strassenweb.de\/nachrichten\/#organization"},"potentialAction":[{"@type":"SearchAction","target":{"@type":"EntryPoint","urlTemplate":"https:\/\/www.strassenweb.de\/nachrichten\/?s={search_term_string}"},"query-input":{"@type":"PropertyValueSpecification","valueRequired":true,"valueName":"search_term_string"}}],"inLanguage":"de"},{"@type":"Organization","@id":"https:\/\/www.strassenweb.de\/nachrichten\/#organization","name":"Stra\u00dfenweb","url":"https:\/\/www.strassenweb.de\/nachrichten\/","logo":{"@type":"ImageObject","inLanguage":"de","@id":"https:\/\/www.strassenweb.de\/nachrichten\/#\/schema\/logo\/image\/","url":"https:\/\/www.strassenweb.de\/nachrichten\/wp-content\/uploads\/2024\/09\/cropped-favicon.png","contentUrl":"https:\/\/www.strassenweb.de\/nachrichten\/wp-content\/uploads\/2024\/09\/cropped-favicon.png","width":512,"height":512,"caption":"Stra\u00dfenweb"},"image":{"@id":"https:\/\/www.strassenweb.de\/nachrichten\/#\/schema\/logo\/image\/"},"sameAs":["https:\/\/www.facebook.com\/strassenweb\/"]},{"@type":"Person","@id":"https:\/\/www.strassenweb.de\/nachrichten\/#\/schema\/person\/87c9c9067f1211da429a744dc5a5aa41","name":"Robert Hoffmann","image":{"@type":"ImageObject","inLanguage":"de","@id":"https:\/\/www.strassenweb.de\/nachrichten\/wp-content\/uploads\/2024\/09\/strassenweb-150x150.jpg","url":"https:\/\/www.strassenweb.de\/nachrichten\/wp-content\/uploads\/2024\/09\/strassenweb-150x150.jpg","contentUrl":"https:\/\/www.strassenweb.de\/nachrichten\/wp-content\/uploads\/2024\/09\/strassenweb-150x150.jpg","caption":"Robert Hoffmann"},"description":"Ich hei\u00dfe Robert Hoffmann und ich bin ein leidenschaftlicher Verfechter von \u00d6kologie und Biodiversit\u00e4t. Seit meiner Kindheit in den W\u00e4ldern Bayerns f\u00fchle ich mich mit der Natur verbunden und bin entschlossen, sie zu sch\u00fctzen. Heute widme ich mein Leben der Sensibilisierung anderer f\u00fcr die Bedeutung des Umweltschutzes f\u00fcr zuk\u00fcnftige Generationen.","sameAs":["https:\/\/www.strassenweb.de\/"]}]}},"_links":{"self":[{"href":"https:\/\/www.strassenweb.de\/nachrichten\/wp-json\/wp\/v2\/posts\/9094","targetHints":{"allow":["GET"]}}],"collection":[{"href":"https:\/\/www.strassenweb.de\/nachrichten\/wp-json\/wp\/v2\/posts"}],"about":[{"href":"https:\/\/www.strassenweb.de\/nachrichten\/wp-json\/wp\/v2\/types\/post"}],"author":[{"embeddable":true,"href":"https:\/\/www.strassenweb.de\/nachrichten\/wp-json\/wp\/v2\/users\/1"}],"replies":[{"embeddable":true,"href":"https:\/\/www.strassenweb.de\/nachrichten\/wp-json\/wp\/v2\/comments?post=9094"}],"version-history":[{"count":0,"href":"https:\/\/www.strassenweb.de\/nachrichten\/wp-json\/wp\/v2\/posts\/9094\/revisions"}],"wp:featuredmedia":[{"embeddable":true,"href":"https:\/\/www.strassenweb.de\/nachrichten\/wp-json\/wp\/v2\/media\/9095"}],"wp:attachment":[{"href":"https:\/\/www.strassenweb.de\/nachrichten\/wp-json\/wp\/v2\/media?parent=9094"}],"wp:term":[{"taxonomy":"category","embeddable":true,"href":"https:\/\/www.strassenweb.de\/nachrichten\/wp-json\/wp\/v2\/categories?post=9094"},{"taxonomy":"post_tag","embeddable":true,"href":"https:\/\/www.strassenweb.de\/nachrichten\/wp-json\/wp\/v2\/tags?post=9094"}],"curies":[{"name":"wp","href":"https:\/\/api.w.org\/{rel}","templated":true}]}}