{"id":9091,"date":"2025-11-07T19:40:20","date_gmt":"2025-11-07T18:40:20","guid":{"rendered":"https:\/\/www.strassenweb.de\/nachrichten\/anstieg-der-vogelgrippe-faelle-bereitet-wildvoegeln-sorgen\/"},"modified":"2025-11-07T19:40:20","modified_gmt":"2025-11-07T18:40:20","slug":"anstieg-der-vogelgrippe-faelle-bereitet-wildvoegeln-sorgen","status":"publish","type":"post","link":"https:\/\/www.strassenweb.de\/nachrichten\/anstieg-der-vogelgrippe-faelle-bereitet-wildvoegeln-sorgen\/","title":{"rendered":"Anstieg der Vogelgrippe-F\u00e4lle bereitet Wildv\u00f6geln Sorgen &#8230;"},"content":{"rendered":"<p>Der British Trust for Ornithology (BTO) fordert die \u00d6ffentlichkeit auf, Sichtungen toter V\u00f6gel zu melden, nachdem in j\u00fcngster Zeit die Zahl der wilden Schw\u00e4ne, G\u00e4nse und anderen V\u00f6gel, bei denen hochpathogene Avi\u00e4re Influenza (HPAI) diagnostiziert wurde, stark angestiegen ist.<\/p>\n<p>Die Krankheit, die allgemein als Vogelgrippe bekannt ist, wurde in den letzten Wochen bei mehreren Wildvogelarten nachgewiesen, und Wissenschaftler m\u00f6chten die Ausbreitung und Auswirkungen der Krankheit in diesem Winter im Vereinigten K\u00f6nigreich kartieren.<\/p>\n<p>Derzeit kommen zahlreiche Zugv\u00f6gel an unsere K\u00fcsten, um hier neben den einheimischen Arten die k\u00e4lteren Monate zu verbringen. Vogelbeobachter und Natursch\u00fctzer haben einen besorgniserregenden Anstieg der F\u00e4lle toter V\u00f6gel festgestellt, was die Sorge aufkommen l\u00e4sst, dass wir m\u00f6glicherweise in eine Phase hoher Infektionen eintreten.<\/p>\n<p>Zu den bisher am st\u00e4rksten betroffenen Arten z\u00e4hlen Wasserv\u00f6gel wie H\u00f6ckerschw\u00e4ne, Singschw\u00e4ne, G\u00e4nse und M\u00f6wen.<\/p>\n<p>Angesichts der Berichte \u00fcber Massensterben bei Kranichen in Deutschland, wo in letzter Zeit mehr als 2.000 V\u00f6gel an der Vogelgrippe gestorben sind, bereiten sich Wissenschaftler auf m\u00f6glicherweise katastrophale Folgen f\u00fcr Wildv\u00f6gel hier im Vereinigten K\u00f6nigreich vor.<\/p>\n<p>Dawn Balmer, BTO-Leiterin f\u00fcr Erhebungen, sagt: \u201eWir alle k\u00f6nnen dazu beitragen, zu verstehen, welche Arten derzeit unter Sterblichkeit leiden, indem wir alle toten V\u00f6gel, die wir finden, zur m\u00f6glichen Sammlung und Untersuchung auf HPAI melden. Alle Aufzeichnungen toter und kranker V\u00f6gel k\u00f6nnen auch einfach an BirdTrack \u00fcbermittelt werden, unabh\u00e4ngig davon, was unserer Meinung nach die Todesursache ist, um die allgemeine \u00dcberwachung zu erleichtern.\u201c<\/p>\n<p>Professor James Pearce-Higgins, BTO-Wissenschaftsdirektor, sagt: \u201eDie Krankheit hat allein in den Jahren 2021\u20132023 Hunderttausende Wildv\u00f6gel von mehr als 150 Arten im Vereinigten K\u00f6nigreich get\u00f6tet. Ein weiteres katastrophales Ereignis in diesem Winter k\u00f6nnte Zehntausende weitere Wildv\u00f6gel im Vereinigten K\u00f6nigreich t\u00f6ten, insbesondere von Wildv\u00f6geln wie dem Singschwan, von dem wir wissen, dass er sehr gef\u00e4hrdet ist und hier in international bedeutenden Zahlen \u00fcberwintert. Es ist wichtig, dass wir die Ausbreitung und die Auswirkungen der Vogelgrippe in diesem Winter verfolgen, um Informationen zu erhalten.\u201c Entscheidungsfindung dar\u00fcber, wie am besten reagiert werden soll.\u201c<\/p>\n<p>Alle toten und kranken V\u00f6gel jeglicher Art sollten an Defra (online oder telefonisch unter 03459 33 55 77) im Vereinigten K\u00f6nigreich und DAERA in Nordirland sowie online oder \u00fcber die kostenlose App an BirdTrack gemeldet werden. Defra\/DAERA wird entscheiden, ob die toten V\u00f6gel eingesammelt und auf die Krankheit getestet werden sollen.<\/p>\n<p>Die Bev\u00f6lkerung wird daran erinnert, tote oder kranke V\u00f6gel nicht zu ber\u00fchren und Hunde an der Leine zu f\u00fchren, um die weitere Ausbreitung von Krankheiten zu verhindern.<\/p>\n<p><em>Bildnachweis: Whooper Swan von Edmund Fellowes BTO<\/em><\/p>\n","protected":false},"excerpt":{"rendered":"<p>Der British Trust for Ornithology (BTO) fordert die \u00d6ffentlichkeit auf, Sichtungen toter V\u00f6gel zu melden, nachdem in j\u00fcngster Zeit die Zahl der wilden Schw\u00e4ne, G\u00e4nse<\/p>\n","protected":false},"author":1,"featured_media":9092,"comment_status":"closed","ping_status":"","sticky":false,"template":"","format":"standard","meta":{"footnotes":""},"categories":[101],"tags":[376,9584,81,253,11415,11416],"class_list":["post-9091","post","type-post","status-publish","format-standard","has-post-thumbnail","hentry","category-oekologie","tag-anstieg","tag-bereitet","tag-der","tag-sorgen","tag-vogelgrippefaelle","tag-wildvoegeln","generate-columns","tablet-grid-50","mobile-grid-100","grid-parent","grid-50"],"yoast_head":"<!-- This site is optimized with the Yoast SEO plugin v27.3 - https:\/\/yoast.com\/product\/yoast-seo-wordpress\/ -->\n<title>Anstieg der Vogelgrippe-F\u00e4lle bereitet Wildv\u00f6geln Sorgen ... - Nachrichten - Stra\u00dfenweb<\/title>\n<meta name=\"robots\" content=\"index, follow, max-snippet:-1, max-image-preview:large, max-video-preview:-1\" \/>\n<link rel=\"canonical\" href=\"https:\/\/www.strassenweb.de\/nachrichten\/anstieg-der-vogelgrippe-faelle-bereitet-wildvoegeln-sorgen\/\" \/>\n<meta property=\"og:locale\" content=\"de_DE\" \/>\n<meta property=\"og:type\" content=\"article\" \/>\n<meta property=\"og:title\" content=\"Anstieg der Vogelgrippe-F\u00e4lle bereitet Wildv\u00f6geln Sorgen ... - Nachrichten - Stra\u00dfenweb\" \/>\n<meta property=\"og:description\" content=\"Der British Trust for Ornithology (BTO) fordert die \u00d6ffentlichkeit auf, Sichtungen toter V\u00f6gel zu melden, nachdem in j\u00fcngster Zeit die Zahl der wilden Schw\u00e4ne, G\u00e4nse\" \/>\n<meta property=\"og:url\" content=\"https:\/\/www.strassenweb.de\/nachrichten\/anstieg-der-vogelgrippe-faelle-bereitet-wildvoegeln-sorgen\/\" \/>\n<meta property=\"og:site_name\" content=\"Stra\u00dfenweb\" \/>\n<meta property=\"article:publisher\" content=\"https:\/\/www.facebook.com\/strassenweb\/\" \/>\n<meta property=\"article:published_time\" content=\"2025-11-07T18:40:20+00:00\" \/>\n<meta property=\"og:image\" content=\"https:\/\/www.strassenweb.de\/nachrichten\/wp-content\/uploads\/2025\/11\/Anstieg-der-Vogelgrippe-Faelle-bereitet-Wildvoegeln-Sorgen.jpg\" \/>\n\t<meta property=\"og:image:width\" content=\"900\" \/>\n\t<meta property=\"og:image:height\" content=\"570\" \/>\n\t<meta property=\"og:image:type\" content=\"image\/jpeg\" \/>\n<meta name=\"author\" content=\"Robert Hoffmann\" \/>\n<meta name=\"twitter:card\" content=\"summary_large_image\" \/>\n<meta name=\"twitter:label1\" content=\"Verfasst von\" \/>\n\t<meta name=\"twitter:data1\" content=\"Robert Hoffmann\" \/>\n\t<meta name=\"twitter:label2\" content=\"Gesch\u00e4tzte Lesezeit\" \/>\n\t<meta name=\"twitter:data2\" content=\"2\u00a0Minuten\" \/>\n<script type=\"application\/ld+json\" class=\"yoast-schema-graph\">{\"@context\":\"https:\\\/\\\/schema.org\",\"@graph\":[{\"@type\":\"Article\",\"@id\":\"https:\\\/\\\/www.strassenweb.de\\\/nachrichten\\\/anstieg-der-vogelgrippe-faelle-bereitet-wildvoegeln-sorgen\\\/#article\",\"isPartOf\":{\"@id\":\"https:\\\/\\\/www.strassenweb.de\\\/nachrichten\\\/anstieg-der-vogelgrippe-faelle-bereitet-wildvoegeln-sorgen\\\/\"},\"author\":{\"name\":\"Robert Hoffmann\",\"@id\":\"https:\\\/\\\/www.strassenweb.de\\\/nachrichten\\\/#\\\/schema\\\/person\\\/87c9c9067f1211da429a744dc5a5aa41\"},\"headline\":\"Anstieg der Vogelgrippe-F\u00e4lle bereitet Wildv\u00f6geln Sorgen &#8230;\",\"datePublished\":\"2025-11-07T18:40:20+00:00\",\"mainEntityOfPage\":{\"@id\":\"https:\\\/\\\/www.strassenweb.de\\\/nachrichten\\\/anstieg-der-vogelgrippe-faelle-bereitet-wildvoegeln-sorgen\\\/\"},\"wordCount\":459,\"publisher\":{\"@id\":\"https:\\\/\\\/www.strassenweb.de\\\/nachrichten\\\/#organization\"},\"image\":{\"@id\":\"https:\\\/\\\/www.strassenweb.de\\\/nachrichten\\\/anstieg-der-vogelgrippe-faelle-bereitet-wildvoegeln-sorgen\\\/#primaryimage\"},\"thumbnailUrl\":\"https:\\\/\\\/www.strassenweb.de\\\/nachrichten\\\/wp-content\\\/uploads\\\/2025\\\/11\\\/Anstieg-der-Vogelgrippe-Faelle-bereitet-Wildvoegeln-Sorgen.jpg\",\"keywords\":[\"Anstieg\",\"bereitet\",\"der\",\"sorgen\",\"VogelgrippeF\u00e4lle\",\"Wildv\u00f6geln\"],\"articleSection\":[\"\u00d6kologie\"],\"inLanguage\":\"de\"},{\"@type\":\"WebPage\",\"@id\":\"https:\\\/\\\/www.strassenweb.de\\\/nachrichten\\\/anstieg-der-vogelgrippe-faelle-bereitet-wildvoegeln-sorgen\\\/\",\"url\":\"https:\\\/\\\/www.strassenweb.de\\\/nachrichten\\\/anstieg-der-vogelgrippe-faelle-bereitet-wildvoegeln-sorgen\\\/\",\"name\":\"Anstieg der Vogelgrippe-F\u00e4lle bereitet Wildv\u00f6geln Sorgen ... - Nachrichten - Stra\u00dfenweb\",\"isPartOf\":{\"@id\":\"https:\\\/\\\/www.strassenweb.de\\\/nachrichten\\\/#website\"},\"primaryImageOfPage\":{\"@id\":\"https:\\\/\\\/www.strassenweb.de\\\/nachrichten\\\/anstieg-der-vogelgrippe-faelle-bereitet-wildvoegeln-sorgen\\\/#primaryimage\"},\"image\":{\"@id\":\"https:\\\/\\\/www.strassenweb.de\\\/nachrichten\\\/anstieg-der-vogelgrippe-faelle-bereitet-wildvoegeln-sorgen\\\/#primaryimage\"},\"thumbnailUrl\":\"https:\\\/\\\/www.strassenweb.de\\\/nachrichten\\\/wp-content\\\/uploads\\\/2025\\\/11\\\/Anstieg-der-Vogelgrippe-Faelle-bereitet-Wildvoegeln-Sorgen.jpg\",\"datePublished\":\"2025-11-07T18:40:20+00:00\",\"breadcrumb\":{\"@id\":\"https:\\\/\\\/www.strassenweb.de\\\/nachrichten\\\/anstieg-der-vogelgrippe-faelle-bereitet-wildvoegeln-sorgen\\\/#breadcrumb\"},\"inLanguage\":\"de\",\"potentialAction\":[{\"@type\":\"ReadAction\",\"target\":[\"https:\\\/\\\/www.strassenweb.de\\\/nachrichten\\\/anstieg-der-vogelgrippe-faelle-bereitet-wildvoegeln-sorgen\\\/\"]}]},{\"@type\":\"ImageObject\",\"inLanguage\":\"de\",\"@id\":\"https:\\\/\\\/www.strassenweb.de\\\/nachrichten\\\/anstieg-der-vogelgrippe-faelle-bereitet-wildvoegeln-sorgen\\\/#primaryimage\",\"url\":\"https:\\\/\\\/www.strassenweb.de\\\/nachrichten\\\/wp-content\\\/uploads\\\/2025\\\/11\\\/Anstieg-der-Vogelgrippe-Faelle-bereitet-Wildvoegeln-Sorgen.jpg\",\"contentUrl\":\"https:\\\/\\\/www.strassenweb.de\\\/nachrichten\\\/wp-content\\\/uploads\\\/2025\\\/11\\\/Anstieg-der-Vogelgrippe-Faelle-bereitet-Wildvoegeln-Sorgen.jpg\",\"width\":900,\"height\":570,\"caption\":\"Increase in Avian Influenza cases causes concern for wild birds across the UK\"},{\"@type\":\"BreadcrumbList\",\"@id\":\"https:\\\/\\\/www.strassenweb.de\\\/nachrichten\\\/anstieg-der-vogelgrippe-faelle-bereitet-wildvoegeln-sorgen\\\/#breadcrumb\",\"itemListElement\":[{\"@type\":\"ListItem\",\"position\":1,\"name\":\"Home\",\"item\":\"https:\\\/\\\/www.strassenweb.de\\\/nachrichten\\\/\"},{\"@type\":\"ListItem\",\"position\":2,\"name\":\"Anstieg der Vogelgrippe-F\u00e4lle bereitet Wildv\u00f6geln Sorgen &#8230;\"}]},{\"@type\":\"WebSite\",\"@id\":\"https:\\\/\\\/www.strassenweb.de\\\/nachrichten\\\/#website\",\"url\":\"https:\\\/\\\/www.strassenweb.de\\\/nachrichten\\\/\",\"name\":\"Stra\u00dfenweb\",\"description\":\"Stra\u00dfenverzeichnis f\u00fcr Deutschland\",\"publisher\":{\"@id\":\"https:\\\/\\\/www.strassenweb.de\\\/nachrichten\\\/#organization\"},\"potentialAction\":[{\"@type\":\"SearchAction\",\"target\":{\"@type\":\"EntryPoint\",\"urlTemplate\":\"https:\\\/\\\/www.strassenweb.de\\\/nachrichten\\\/?s={search_term_string}\"},\"query-input\":{\"@type\":\"PropertyValueSpecification\",\"valueRequired\":true,\"valueName\":\"search_term_string\"}}],\"inLanguage\":\"de\"},{\"@type\":\"Organization\",\"@id\":\"https:\\\/\\\/www.strassenweb.de\\\/nachrichten\\\/#organization\",\"name\":\"Stra\u00dfenweb\",\"url\":\"https:\\\/\\\/www.strassenweb.de\\\/nachrichten\\\/\",\"logo\":{\"@type\":\"ImageObject\",\"inLanguage\":\"de\",\"@id\":\"https:\\\/\\\/www.strassenweb.de\\\/nachrichten\\\/#\\\/schema\\\/logo\\\/image\\\/\",\"url\":\"https:\\\/\\\/www.strassenweb.de\\\/nachrichten\\\/wp-content\\\/uploads\\\/2024\\\/09\\\/cropped-favicon.png\",\"contentUrl\":\"https:\\\/\\\/www.strassenweb.de\\\/nachrichten\\\/wp-content\\\/uploads\\\/2024\\\/09\\\/cropped-favicon.png\",\"width\":512,\"height\":512,\"caption\":\"Stra\u00dfenweb\"},\"image\":{\"@id\":\"https:\\\/\\\/www.strassenweb.de\\\/nachrichten\\\/#\\\/schema\\\/logo\\\/image\\\/\"},\"sameAs\":[\"https:\\\/\\\/www.facebook.com\\\/strassenweb\\\/\"]},{\"@type\":\"Person\",\"@id\":\"https:\\\/\\\/www.strassenweb.de\\\/nachrichten\\\/#\\\/schema\\\/person\\\/87c9c9067f1211da429a744dc5a5aa41\",\"name\":\"Robert Hoffmann\",\"image\":{\"@type\":\"ImageObject\",\"inLanguage\":\"de\",\"@id\":\"https:\\\/\\\/www.strassenweb.de\\\/nachrichten\\\/wp-content\\\/uploads\\\/2024\\\/09\\\/strassenweb-150x150.jpg\",\"url\":\"https:\\\/\\\/www.strassenweb.de\\\/nachrichten\\\/wp-content\\\/uploads\\\/2024\\\/09\\\/strassenweb-150x150.jpg\",\"contentUrl\":\"https:\\\/\\\/www.strassenweb.de\\\/nachrichten\\\/wp-content\\\/uploads\\\/2024\\\/09\\\/strassenweb-150x150.jpg\",\"caption\":\"Robert Hoffmann\"},\"description\":\"Ich hei\u00dfe Robert Hoffmann und ich bin ein leidenschaftlicher Verfechter von \u00d6kologie und Biodiversit\u00e4t. Seit meiner Kindheit in den W\u00e4ldern Bayerns f\u00fchle ich mich mit der Natur verbunden und bin entschlossen, sie zu sch\u00fctzen. Heute widme ich mein Leben der Sensibilisierung anderer f\u00fcr die Bedeutung des Umweltschutzes f\u00fcr zuk\u00fcnftige Generationen.\",\"sameAs\":[\"https:\\\/\\\/www.strassenweb.de\\\/\"]}]}<\/script>\n<!-- \/ Yoast SEO plugin. -->","yoast_head_json":{"title":"Anstieg der Vogelgrippe-F\u00e4lle bereitet Wildv\u00f6geln Sorgen ... - Nachrichten - Stra\u00dfenweb","robots":{"index":"index","follow":"follow","max-snippet":"max-snippet:-1","max-image-preview":"max-image-preview:large","max-video-preview":"max-video-preview:-1"},"canonical":"https:\/\/www.strassenweb.de\/nachrichten\/anstieg-der-vogelgrippe-faelle-bereitet-wildvoegeln-sorgen\/","og_locale":"de_DE","og_type":"article","og_title":"Anstieg der Vogelgrippe-F\u00e4lle bereitet Wildv\u00f6geln Sorgen ... - Nachrichten - Stra\u00dfenweb","og_description":"Der British Trust for Ornithology (BTO) fordert die \u00d6ffentlichkeit auf, Sichtungen toter V\u00f6gel zu melden, nachdem in j\u00fcngster Zeit die Zahl der wilden Schw\u00e4ne, G\u00e4nse","og_url":"https:\/\/www.strassenweb.de\/nachrichten\/anstieg-der-vogelgrippe-faelle-bereitet-wildvoegeln-sorgen\/","og_site_name":"Stra\u00dfenweb","article_publisher":"https:\/\/www.facebook.com\/strassenweb\/","article_published_time":"2025-11-07T18:40:20+00:00","og_image":[{"width":900,"height":570,"url":"https:\/\/www.strassenweb.de\/nachrichten\/wp-content\/uploads\/2025\/11\/Anstieg-der-Vogelgrippe-Faelle-bereitet-Wildvoegeln-Sorgen.jpg","type":"image\/jpeg"}],"author":"Robert Hoffmann","twitter_card":"summary_large_image","twitter_misc":{"Verfasst von":"Robert Hoffmann","Gesch\u00e4tzte Lesezeit":"2\u00a0Minuten"},"schema":{"@context":"https:\/\/schema.org","@graph":[{"@type":"Article","@id":"https:\/\/www.strassenweb.de\/nachrichten\/anstieg-der-vogelgrippe-faelle-bereitet-wildvoegeln-sorgen\/#article","isPartOf":{"@id":"https:\/\/www.strassenweb.de\/nachrichten\/anstieg-der-vogelgrippe-faelle-bereitet-wildvoegeln-sorgen\/"},"author":{"name":"Robert Hoffmann","@id":"https:\/\/www.strassenweb.de\/nachrichten\/#\/schema\/person\/87c9c9067f1211da429a744dc5a5aa41"},"headline":"Anstieg der Vogelgrippe-F\u00e4lle bereitet Wildv\u00f6geln Sorgen &#8230;","datePublished":"2025-11-07T18:40:20+00:00","mainEntityOfPage":{"@id":"https:\/\/www.strassenweb.de\/nachrichten\/anstieg-der-vogelgrippe-faelle-bereitet-wildvoegeln-sorgen\/"},"wordCount":459,"publisher":{"@id":"https:\/\/www.strassenweb.de\/nachrichten\/#organization"},"image":{"@id":"https:\/\/www.strassenweb.de\/nachrichten\/anstieg-der-vogelgrippe-faelle-bereitet-wildvoegeln-sorgen\/#primaryimage"},"thumbnailUrl":"https:\/\/www.strassenweb.de\/nachrichten\/wp-content\/uploads\/2025\/11\/Anstieg-der-Vogelgrippe-Faelle-bereitet-Wildvoegeln-Sorgen.jpg","keywords":["Anstieg","bereitet","der","sorgen","VogelgrippeF\u00e4lle","Wildv\u00f6geln"],"articleSection":["\u00d6kologie"],"inLanguage":"de"},{"@type":"WebPage","@id":"https:\/\/www.strassenweb.de\/nachrichten\/anstieg-der-vogelgrippe-faelle-bereitet-wildvoegeln-sorgen\/","url":"https:\/\/www.strassenweb.de\/nachrichten\/anstieg-der-vogelgrippe-faelle-bereitet-wildvoegeln-sorgen\/","name":"Anstieg der Vogelgrippe-F\u00e4lle bereitet Wildv\u00f6geln Sorgen ... - Nachrichten - Stra\u00dfenweb","isPartOf":{"@id":"https:\/\/www.strassenweb.de\/nachrichten\/#website"},"primaryImageOfPage":{"@id":"https:\/\/www.strassenweb.de\/nachrichten\/anstieg-der-vogelgrippe-faelle-bereitet-wildvoegeln-sorgen\/#primaryimage"},"image":{"@id":"https:\/\/www.strassenweb.de\/nachrichten\/anstieg-der-vogelgrippe-faelle-bereitet-wildvoegeln-sorgen\/#primaryimage"},"thumbnailUrl":"https:\/\/www.strassenweb.de\/nachrichten\/wp-content\/uploads\/2025\/11\/Anstieg-der-Vogelgrippe-Faelle-bereitet-Wildvoegeln-Sorgen.jpg","datePublished":"2025-11-07T18:40:20+00:00","breadcrumb":{"@id":"https:\/\/www.strassenweb.de\/nachrichten\/anstieg-der-vogelgrippe-faelle-bereitet-wildvoegeln-sorgen\/#breadcrumb"},"inLanguage":"de","potentialAction":[{"@type":"ReadAction","target":["https:\/\/www.strassenweb.de\/nachrichten\/anstieg-der-vogelgrippe-faelle-bereitet-wildvoegeln-sorgen\/"]}]},{"@type":"ImageObject","inLanguage":"de","@id":"https:\/\/www.strassenweb.de\/nachrichten\/anstieg-der-vogelgrippe-faelle-bereitet-wildvoegeln-sorgen\/#primaryimage","url":"https:\/\/www.strassenweb.de\/nachrichten\/wp-content\/uploads\/2025\/11\/Anstieg-der-Vogelgrippe-Faelle-bereitet-Wildvoegeln-Sorgen.jpg","contentUrl":"https:\/\/www.strassenweb.de\/nachrichten\/wp-content\/uploads\/2025\/11\/Anstieg-der-Vogelgrippe-Faelle-bereitet-Wildvoegeln-Sorgen.jpg","width":900,"height":570,"caption":"Increase in Avian Influenza cases causes concern for wild birds across the UK"},{"@type":"BreadcrumbList","@id":"https:\/\/www.strassenweb.de\/nachrichten\/anstieg-der-vogelgrippe-faelle-bereitet-wildvoegeln-sorgen\/#breadcrumb","itemListElement":[{"@type":"ListItem","position":1,"name":"Home","item":"https:\/\/www.strassenweb.de\/nachrichten\/"},{"@type":"ListItem","position":2,"name":"Anstieg der Vogelgrippe-F\u00e4lle bereitet Wildv\u00f6geln Sorgen &#8230;"}]},{"@type":"WebSite","@id":"https:\/\/www.strassenweb.de\/nachrichten\/#website","url":"https:\/\/www.strassenweb.de\/nachrichten\/","name":"Stra\u00dfenweb","description":"Stra\u00dfenverzeichnis f\u00fcr Deutschland","publisher":{"@id":"https:\/\/www.strassenweb.de\/nachrichten\/#organization"},"potentialAction":[{"@type":"SearchAction","target":{"@type":"EntryPoint","urlTemplate":"https:\/\/www.strassenweb.de\/nachrichten\/?s={search_term_string}"},"query-input":{"@type":"PropertyValueSpecification","valueRequired":true,"valueName":"search_term_string"}}],"inLanguage":"de"},{"@type":"Organization","@id":"https:\/\/www.strassenweb.de\/nachrichten\/#organization","name":"Stra\u00dfenweb","url":"https:\/\/www.strassenweb.de\/nachrichten\/","logo":{"@type":"ImageObject","inLanguage":"de","@id":"https:\/\/www.strassenweb.de\/nachrichten\/#\/schema\/logo\/image\/","url":"https:\/\/www.strassenweb.de\/nachrichten\/wp-content\/uploads\/2024\/09\/cropped-favicon.png","contentUrl":"https:\/\/www.strassenweb.de\/nachrichten\/wp-content\/uploads\/2024\/09\/cropped-favicon.png","width":512,"height":512,"caption":"Stra\u00dfenweb"},"image":{"@id":"https:\/\/www.strassenweb.de\/nachrichten\/#\/schema\/logo\/image\/"},"sameAs":["https:\/\/www.facebook.com\/strassenweb\/"]},{"@type":"Person","@id":"https:\/\/www.strassenweb.de\/nachrichten\/#\/schema\/person\/87c9c9067f1211da429a744dc5a5aa41","name":"Robert Hoffmann","image":{"@type":"ImageObject","inLanguage":"de","@id":"https:\/\/www.strassenweb.de\/nachrichten\/wp-content\/uploads\/2024\/09\/strassenweb-150x150.jpg","url":"https:\/\/www.strassenweb.de\/nachrichten\/wp-content\/uploads\/2024\/09\/strassenweb-150x150.jpg","contentUrl":"https:\/\/www.strassenweb.de\/nachrichten\/wp-content\/uploads\/2024\/09\/strassenweb-150x150.jpg","caption":"Robert Hoffmann"},"description":"Ich hei\u00dfe Robert Hoffmann und ich bin ein leidenschaftlicher Verfechter von \u00d6kologie und Biodiversit\u00e4t. Seit meiner Kindheit in den W\u00e4ldern Bayerns f\u00fchle ich mich mit der Natur verbunden und bin entschlossen, sie zu sch\u00fctzen. Heute widme ich mein Leben der Sensibilisierung anderer f\u00fcr die Bedeutung des Umweltschutzes f\u00fcr zuk\u00fcnftige Generationen.","sameAs":["https:\/\/www.strassenweb.de\/"]}]}},"_links":{"self":[{"href":"https:\/\/www.strassenweb.de\/nachrichten\/wp-json\/wp\/v2\/posts\/9091","targetHints":{"allow":["GET"]}}],"collection":[{"href":"https:\/\/www.strassenweb.de\/nachrichten\/wp-json\/wp\/v2\/posts"}],"about":[{"href":"https:\/\/www.strassenweb.de\/nachrichten\/wp-json\/wp\/v2\/types\/post"}],"author":[{"embeddable":true,"href":"https:\/\/www.strassenweb.de\/nachrichten\/wp-json\/wp\/v2\/users\/1"}],"replies":[{"embeddable":true,"href":"https:\/\/www.strassenweb.de\/nachrichten\/wp-json\/wp\/v2\/comments?post=9091"}],"version-history":[{"count":0,"href":"https:\/\/www.strassenweb.de\/nachrichten\/wp-json\/wp\/v2\/posts\/9091\/revisions"}],"wp:featuredmedia":[{"embeddable":true,"href":"https:\/\/www.strassenweb.de\/nachrichten\/wp-json\/wp\/v2\/media\/9092"}],"wp:attachment":[{"href":"https:\/\/www.strassenweb.de\/nachrichten\/wp-json\/wp\/v2\/media?parent=9091"}],"wp:term":[{"taxonomy":"category","embeddable":true,"href":"https:\/\/www.strassenweb.de\/nachrichten\/wp-json\/wp\/v2\/categories?post=9091"},{"taxonomy":"post_tag","embeddable":true,"href":"https:\/\/www.strassenweb.de\/nachrichten\/wp-json\/wp\/v2\/tags?post=9091"}],"curies":[{"name":"wp","href":"https:\/\/api.w.org\/{rel}","templated":true}]}}