{"id":9076,"date":"2025-11-07T09:39:25","date_gmt":"2025-11-07T08:39:25","guid":{"rendered":"https:\/\/www.strassenweb.de\/nachrichten\/ich-dachte-dieser-retro-weihnachtsbaum-trend-waere-nichts-fuer-mich-bis-ich-eine-atemberaubende-wendung-im-haus-von-simone-biles-sah-es-hat-sich-nie-moderner-angefuehlt\/"},"modified":"2025-11-07T09:39:26","modified_gmt":"2025-11-07T08:39:26","slug":"ich-dachte-dieser-retro-weihnachtsbaum-trend-waere-nichts-fuer-mich-bis-ich-eine-atemberaubende-wendung-im-haus-von-simone-biles-sah-es-hat-sich-nie-moderner-angefuehlt","status":"publish","type":"post","link":"https:\/\/www.strassenweb.de\/nachrichten\/ich-dachte-dieser-retro-weihnachtsbaum-trend-waere-nichts-fuer-mich-bis-ich-eine-atemberaubende-wendung-im-haus-von-simone-biles-sah-es-hat-sich-nie-moderner-angefuehlt\/","title":{"rendered":"Ich dachte, dieser Retro-Weihnachtsbaum-Trend w\u00e4re nichts f\u00fcr mich, bis ich eine atemberaubende Wendung im Haus von Simone Biles sah \u2013 es hat sich nie moderner angef\u00fchlt"},"content":{"rendered":"<p><\/p>\n<div id=\"article-body\" class=\"article__body \">\n<p id=\"f7110c82-a6a4-4594-8363-9ea6b536547a\">Ich gebe als Erster zu, dass ich nie den Reiz wei\u00dfer Weihnachtsb\u00e4ume gesehen habe. Obwohl ich wei\u00df, dass sie in der richtigen Umgebung umwerfend aussehen, war ich schon immer der Meinung, dass der Stil meines Zuhauses eher zu einer traditionelleren, nat\u00fcrlicheren Variante passt. Nachdem ich jedoch Simone Biles\u2018 Variante des wei\u00dfen Baums gesehen habe, muss ich gestehen, dass ich meine Meinung ge\u00e4ndert habe.<\/p>\n<div id=\"ad-unit-1\" class=\"ad-unit\"><\/div>\n<p>W\u00e4hrend ich darauf warte, wie die olympische Turnerin dieses Jahr ihr Haus in Texas schm\u00fcckt, greife ich zur Inspiration noch einmal auf ihren wei\u00dfen Weihnachtsbaum aus dem Jahr 2023 zur\u00fcck.<\/p>\n<aside data-block-type=\"embed\" data-render-type=\"fte\" data-skip=\"dealsy\" data-widget-type=\"seasonal\" class=\"hawk-root\"><\/aside>\n<p id=\"f7110c82-a6a4-4594-8363-9ea6b536547a-2\">Wei\u00dfe Weihnachtsb\u00e4ume erfreuten sich in den 1960er-Jahren mit dem Aufkommen k\u00fcnstlicher Designs zunehmender Beliebtheit, ihre Geschichte reicht jedoch bis ins Jahr 1953 zur\u00fcck. Eine Zeitschriftenbeilage bewarb den Look und wuchs im Einklang mit der Faszination des Jahrzehnts f\u00fcr elegante, moderne Weihnachtsdekoration. In Simones Zuhause wirkte der wei\u00dfe Retro-Baum jedoch noch nie so zeitgem\u00e4\u00df.<\/p>\n<div class=\"van_vid_carousel\">\n<div class=\"van_vid_carousel__padding\">\n<div class=\"van_vid_carousel__container\"><\/div>\n<\/div>\n<\/div>\n<p class=\"paywall\" aria-hidden=\"true\">Simone hat eine k\u00fchle Farbpalette beibehalten und ihren Baum mit eisblauen Schleifen und silbernen Ornamenten (darunter einige Discokugeln, wie diese von Target) geschm\u00fcckt, die ihren Raum trotz der Vintage-Wurzeln des Baums ultramodern halten.<\/p>\n<div id=\"ad-unit-2\" class=\"ad-unit\"><\/div>\n<div class=\"instagram-embed\" id=\"C1SxvhMuLHW\">\n<blockquote class=\"instagram-media\" data-instgrm-captioned data-instgrm-version=\"6\" style=\"width:99.375%; width:-webkit-calc(100% - 2px); width:calc(100% - 2px);\">\n<p>Ein von SIMONE BILES (@simonebiles) geteilter Beitrag<\/p>\n<p>Ein Foto gepostet von am <\/p>\n<\/blockquote>\n<\/div>\n<h2 id=\"shop-the-look-3\">Shoppen Sie den Look<\/h2>\n<aside data-block-type=\"embed\" data-hawk-json='{\"collection\":{\"blocks\":({\"modelName\":\"Christmas Disco Ball Ornament\",\"productName\":\"Christmas Disco Ball Ornament\",\"brand\":null,\"price\":3,\"wasPrice\":null,\"currency\":\"USD\",\"image\":{\"copyright\":\"\",\"height\":1200,\"id\":\"i2bWAjvuyZQH22HoPRoduE\",\"mimeType\":\"image\/webp\",\"mos\":\"https:\/\/cdn.mos.cms.futurecdn.net\/i2bWAjvuyZQH22HoPRoduE.webp\",\"role\":\"\",\"width\":1200,\"credit\":\"Wondershop\",\"alt\":\"4u0026#34; Christmas Disco Ball Ornament Silver - Wondershopu0026#8482;\",\"caption\":\"\"},\"link\":{\"url\":\"https:\/\/goto.target.com\/c\/221109\/81938\/2092?subId1=hawk-custom-tracking&amp;sharedId=hawk&amp;u=https%3A%2F%2Fwww.target.com%2Fp%2F4-34-christmas-disco-ball-ornament-silver-wondershop-8482%2F-%2FA-94342942%23lnk%3Dsametab\",\"linkText\":\"From $3 at Target\",\"editorialMerchantName\":\"\",\"merchantId\":17989,\"merchantNetwork\":\"ImpactRad\",\"merchantUrl\":\"target.com\",\"merchantName\":\"Target\"},\"noAffiliateTracking\":false,\"linkMerchant\":\"Target\"},{\"modelName\":\"Dunhill Fir White Tree\",\"productName\":\"Dunhill Fir White Tree\",\"brand\":null,\"price\":null,\"wasPrice\":null,\"currency\":null,\"image\":{\"copyright\":\"\",\"height\":2000,\"id\":\"Qu8TuHmyANe9PfMQWVkyCU\",\"mimeType\":\"image\/jpeg\",\"mos\":\"https:\/\/cdn.mos.cms.futurecdn.net\/Qu8TuHmyANe9PfMQWVkyCU.jpg\",\"role\":\"\",\"width\":2000,\"credit\":\"Amazon\",\"alt\":\"Christmas tree\",\"caption\":\"\"},\"link\":{\"url\":\"https:\/\/www.anrdoezrs.net\/click-100624746-15735083?sid=hawk-custom-tracking&amp;url=https:\/\/www.wayfair.com\/holiday-decor\/pdp\/the-holiday-aisle-dunhill-fir-white-tree-with-clear-lights-w006112356.html?piid=182540784&amp;auctionId=c1390bbf-bfba-4007-aa8e-f6c0aebc00ad\",\"linkText\":\"Was $559.99, now $349.99 at Wayfair\",\"editorialMerchantName\":\"\",\"merchantId\":32629,\"merchantNetwork\":\"CJ\",\"merchantUrl\":\"wayfair.com\",\"merchantName\":\"Wayfair\"},\"noAffiliateTracking\":false,\"linkMerchant\":\"Wayfair\"},{\"modelName\":\"Small Silver Ornaments\",\"productName\":\"Small Silver Ornaments\",\"brand\":null,\"price\":7.99,\"wasPrice\":null,\"currency\":\"USD\",\"image\":{\"copyright\":\"\",\"height\":1477,\"id\":\"MVQgoPTifJj6RRWxUjJ6S6\",\"mimeType\":\"image\/jpeg\",\"mos\":\"https:\/\/cdn.mos.cms.futurecdn.net\/MVQgoPTifJj6RRWxUjJ6S6.jpg\",\"role\":\"\",\"width\":1500,\"credit\":\"WXOIEOD\",\"alt\":\"24 Count Small Silver Ornaments for Mini Christmas Tree, Small Shatterproof Christmas Tree Ornaments Balls Party Decorations, 1.2 Inch\",\"caption\":\"\"},\"link\":{\"url\":\"https:\/\/target.georiot.com\/Proxy.ashx?tsid=107655&amp;GR_URL=https%3A%2F%2Famazon.com%2FSilver-Ornaments-Mini-Shatterproof-Decorations%2Fdp%2FB0DB67MLNT%2Fref%3Dsxin_16_pa_sp_search_thematic_sspa%3Fcontent-id%3Damzn1.sym.a1bc2dac-8d07-44d1-9477-59bc11451909%253Aamzn1.sym.a1bc2dac-8d07-44d1-9477-59bc11451909%26crid%3D1DYZFIPC6RRB7%26cv_ct_cx%3Dsilver%252Bornaments%26keywords%3Dsilver%252Bornaments%26pd_rd_i%3DB0DB67MLNT%26pd_rd_r%3D4cc5036a-8052-40cb-88e4-1d5dcb97c103%26pd_rd_w%3De6Bcl%26pd_rd_wg%3DcJKmh%26pf_rd_p%3Da1bc2dac-8d07-44d1-9477-59bc11451909%26pf_rd_r%3DJKFCHGTV5S2WTR6PBZZ7%26qid%3D1760712806%26sbo%3DRZvfv%252F%252FHxDF%252BO5021pAnSA%253D%253D%26sprefix%3Dsilver%252Bornament%252Caps%252C208%26sr%3D1-1-9428117c-b940-4daa-97e9-ad363ada7940-spons%26sp_csd%3Dd2lkZ2V0TmFtZT1zcF9zZWFyY2hfdGhlbWF0aWM%26th%3D1%26tag%3Dhawk-future-20%26ascsubtag%3Dhawk-custom-tracking-20\",\"linkText\":\"From $7.99 at Amazon\",\"editorialMerchantName\":\"\",\"merchantId\":1471,\"merchantNetwork\":\"Amazonus\",\"merchantUrl\":\"amazon.com\",\"merchantName\":\"Amazon US\"},\"noAffiliateTracking\":false,\"linkMerchant\":\"Amazon US\"},{\"modelName\":\"Light Blue Christmas Velvet Bows\",\"productName\":\"Light Blue Christmas Velvet Bows\",\"brand\":null,\"price\":7.59,\"wasPrice\":null,\"currency\":\"USD\",\"image\":{\"copyright\":\"\",\"height\":1500,\"id\":\"wjREyDJqbdz5cysaUkUPHJ\",\"mimeType\":\"image\/jpeg\",\"mos\":\"https:\/\/cdn.mos.cms.futurecdn.net\/wjREyDJqbdz5cysaUkUPHJ.jpg\",\"role\":\"\",\"width\":1500,\"credit\":\"Febwind\",\"alt\":\"Christmas Velvet Bows Light Blue 24 Pack u2013 3.5 Inch Holiday Tree Ornaments With Twist Tie Decorative Ribbon Bows for Christmas Tree, Wreath, Gift Wrapping &amp; Party Decoration\",\"caption\":\"\"},\"link\":{\"url\":\"https:\/\/target.georiot.com\/Proxy.ashx?tsid=107655&amp;GR_URL=https%3A%2F%2Famazon.com%2FChristmas-Velvet-Bows-Light-Blue%2Fdp%2FB0FBWXH66C%2F%3Ftag%3Dhawk-future-20%26ascsubtag%3Dhawk-custom-tracking-20\",\"linkText\":\"From $7.59 at Amazon\",\"editorialMerchantName\":\"\",\"merchantId\":1471,\"merchantNetwork\":\"Amazonus\",\"merchantUrl\":\"amazon.com\",\"merchantName\":\"Amazon US\"},\"noAffiliateTracking\":false,\"linkMerchant\":\"Amazon US\"},{\"modelName\":\"Vintage Silver Ornaments\",\"productName\":\"Vintage Silver Ornaments\",\"brand\":null,\"price\":null,\"wasPrice\":null,\"currency\":null,\"image\":{\"copyright\":\"\",\"height\":2134,\"id\":\"YCn8uX8uVrN9ffesBz67Fo\",\"mimeType\":\"image\/jpeg\",\"mos\":\"https:\/\/cdn.mos.cms.futurecdn.net\/YCn8uX8uVrN9ffesBz67Fo.jpg\",\"role\":\"\",\"width\":2134,\"credit\":\"&lt;a href=\"https:\/\/a.1stdibscdn.com\"&gt;a.1stdibscdn.com&lt;\/a&gt;\",\"alt\":\"Vintage Silver Shiny Brite Christmas Tree Mercury Glass Ornaments - a Set of 12\",\"caption\":\"\"},\"link\":{\"url\":\"https:\/\/www.gopjn.com\/t\/8-12471-101987-215400?sid=hawk-custom-tracking&amp;website=194177&amp;url=https%3A%2F%2Fwww.1stdibs.com%2Ffurniture%2Fdecorative-objects%2Fbowls-baskets%2Fdecorative-bowls%2Fvintage-silver-shiny-brite-christmas-tree-mercury-glass-ornaments-set-of-12%2Fid-f_42288172%2F\",\"linkText\":\"From $287 at 1stDibs\",\"editorialMerchantName\":\"\",\"merchantId\":482430,\"merchantNetwork\":\"PJ\",\"merchantUrl\":\"1stdibs.com\",\"merchantName\":\"1stDibs\"},\"noAffiliateTracking\":false,\"linkMerchant\":\"1stDibs\"},{\"modelName\":\"6ft-Artificial Christmas-Tree\",\"productName\":\"6ft-Artificial Christmas-Tree\",\"brand\":null,\"price\":36.99,\"wasPrice\":null,\"currency\":\"USD\",\"image\":{\"copyright\":\"\",\"height\":2000,\"id\":\"Qu8TuHmyANe9PfMQWVkyCU\",\"mimeType\":\"image\/jpeg\",\"mos\":\"https:\/\/cdn.mos.cms.futurecdn.net\/Qu8TuHmyANe9PfMQWVkyCU.jpg\",\"role\":\"\",\"width\":2000,\"credit\":\"Amazon\",\"alt\":\"Christmas tree\",\"caption\":\"\"},\"link\":{\"url\":\"https:\/\/target.georiot.com\/Proxy.ashx?tsid=107655&amp;GR_URL=https%3A%2F%2Famazon.com%2FCOSTWAY-CM19734-6Ft-Artificial-PVC-Christmas-Tree-W-Stand-Holiday-Season-Indoor-Outdoor-White%2Fdp%2FB0CNBTRLQ1%2Fr%3Ftag%3Dhawk-future-20%26ascsubtag%3Dhawk-custom-tracking-20\",\"linkText\":\"From $36.99 at Amazon\",\"editorialMerchantName\":\"\",\"merchantId\":1471,\"merchantNetwork\":\"Amazonus\",\"merchantUrl\":\"amazon.com\",\"merchantName\":\"Amazon US\"},\"noAffiliateTracking\":false,\"linkMerchant\":\"Amazon US\"})}}' data-model-name=\"Christmas Disco Ball Ornament,Dunhill Fir White Tree,Small Silver Ornaments,Light Blue Christmas Velvet Bows,Vintage Silver Ornaments,6ft-Artificial Christmas-Tree\" data-render-type=\"fte\" data-skip=\"disabled\" data-widget-type=\"collection\" class=\"hawk-root\"><\/aside>\n<div class=\"product-container hero-product-container product-block-no-wrap\">\n<div class=\"product-block-row\"><\/div>\n<div class=\"product-block-row\"><\/div>\n<div class=\"product-block-row\"><\/div>\n<div class=\"product-block-row\"><\/div>\n<div class=\"product-block-row\"><\/div>\n<div class=\"product-block-row\"><\/div>\n<\/div>\n<hr id=\"6892c899-698e-4b0c-a9e1-183b40471e85\">\n<p id=\"9d66b34d-e16f-46b2-9193-c5189c63cd00\">Trotz seiner Retro-Wurzeln sagen Beobachter von Feiertagstrends, dass Simones k\u00fchl get\u00f6nter Baum einen der gr\u00f6\u00dften Weihnachtsdekorationstrends des Jahres 2025 aufgreift: den \u201eArctic Wonderland\u201c-Look. Es ist leicht, ihrem Beispiel zu folgen.<\/p>\n<p>\u201eF\u00fcr diejenigen, die eine k\u00fchlere Farbpalette bevorzugen, bietet Arctic Wonderland eine frostige, magische Atmosph\u00e4re. Mit Blau-, Wei\u00df-, Silber- und Goldt\u00f6nen \u2013 wobei Nachtblau als herausragender Akzent hervortritt \u2013 f\u00e4ngt dieser Trend die heitere Sch\u00f6nheit des Winters ein\u201c, kommentiert Tristan Sissons, der Weihnachtseink\u00e4ufer bei Hillier.<\/p>\n<p>\u201eFunkelnde Eisb\u00e4ren, Pinguine und Eulen verleihen dem Dekor Charakter und Charme, w\u00e4hrend eisige Kugeln, glitzernde Schneeflocken und mattierte Zweige den Eindruck einer verschneiten Landschaft erwecken.\u201c F\u00fcllen Sie Ihren Baum mit einer Mischung aus matten und schimmernden Ornamenten in klarem Wei\u00df und tiefem Blau und f\u00fcgen Sie dann auff\u00e4llige Eiszapfen und mattierte Sterne hinzu, um das Wintergef\u00fchl zu verst\u00e4rken.\u201c<\/p>\n<div id=\"slice-container-newsletterForm-articleInbodyContent-r8hvyoNmK4YBbGqWiJgYNc\" class=\"slice-container newsletter-inbodyContent-slice newsletterForm-articleInbodyContent-r8hvyoNmK4YBbGqWiJgYNc slice-container-newsletterForm\"><\/div>\n<p>Ich kehre als unerwarteter Dekorationsentwurf f\u00fcr 2025 zu Simones Raum zur\u00fcck. Wirst du dich mir anschlie\u00dfen?<\/p>\n<div class=\"min-h-(270px) mb-4 viafoura-twig-component\" id=\"viafoura-engagement-starter-wrapper\" data-component-name=\"Elk:Embed:EngagementStarter\">\n<div class=\"viafoura\">\n<div>\n<vf-conversation-starter target=\"viafoura-comments\" title=\"What do you think of white Christmas trees?\" minimum-comment-count=\"1\"><br \/>\n<\/vf-conversation-starter>\n<\/div>\n<\/div>\n<\/div>\n<hr id=\"9f2a6f1e-d02d-40b0-ad33-c4f66962f61b\">\n<\/div>\n<p><script async src=\"\/\/www.instagram.com\/embed.js\"><\/script><\/p>\n","protected":false},"excerpt":{"rendered":"<p>Ich gebe als Erster zu, dass ich nie den Reiz wei\u00dfer Weihnachtsb\u00e4ume gesehen habe. Obwohl ich wei\u00df, dass sie in der richtigen Umgebung umwerfend aussehen,<\/p>\n","protected":false},"author":1,"featured_media":9077,"comment_status":"closed","ping_status":"","sticky":false,"template":"","format":"standard","meta":{"footnotes":""},"categories":[118],"tags":[11399,873,11398,180,174,1554,74,55,189,125,129,1122,3790,5381,460,11396,185,142,11397,21,8061,5495],"class_list":["post-9076","post","type-post","status-publish","format-standard","has-post-thumbnail","hentry","category-haus-garten","tag-angefuehlt","tag-atemberaubende","tag-biles","tag-bis","tag-dachte","tag-dieser","tag-eine","tag-fuer","tag-hat","tag-haus","tag-ich","tag-mich","tag-moderner","tag-nichts","tag-nie","tag-retroweihnachtsbaumtrend","tag-sah","tag-sich","tag-simone","tag-von","tag-waere","tag-wendung","generate-columns","tablet-grid-50","mobile-grid-100","grid-parent","grid-50"],"yoast_head":"<!-- This site is optimized with the Yoast SEO plugin v27.3 - https:\/\/yoast.com\/product\/yoast-seo-wordpress\/ -->\n<title>Ich dachte, dieser Retro-Weihnachtsbaum-Trend w\u00e4re nichts f\u00fcr mich, bis ich eine atemberaubende Wendung im Haus von Simone Biles sah \u2013 es hat sich nie moderner angef\u00fchlt - Nachrichten - Stra\u00dfenweb<\/title>\n<meta name=\"robots\" content=\"index, follow, max-snippet:-1, max-image-preview:large, max-video-preview:-1\" \/>\n<link rel=\"canonical\" href=\"https:\/\/www.strassenweb.de\/nachrichten\/ich-dachte-dieser-retro-weihnachtsbaum-trend-waere-nichts-fuer-mich-bis-ich-eine-atemberaubende-wendung-im-haus-von-simone-biles-sah-es-hat-sich-nie-moderner-angefuehlt\/\" \/>\n<meta property=\"og:locale\" content=\"de_DE\" \/>\n<meta property=\"og:type\" content=\"article\" \/>\n<meta property=\"og:title\" content=\"Ich dachte, dieser Retro-Weihnachtsbaum-Trend w\u00e4re nichts f\u00fcr mich, bis ich eine atemberaubende Wendung im Haus von Simone Biles sah \u2013 es hat sich nie moderner angef\u00fchlt - Nachrichten - Stra\u00dfenweb\" \/>\n<meta property=\"og:description\" content=\"Ich gebe als Erster zu, dass ich nie den Reiz wei\u00dfer Weihnachtsb\u00e4ume gesehen habe. Obwohl ich wei\u00df, dass sie in der richtigen Umgebung umwerfend aussehen,\" \/>\n<meta property=\"og:url\" content=\"https:\/\/www.strassenweb.de\/nachrichten\/ich-dachte-dieser-retro-weihnachtsbaum-trend-waere-nichts-fuer-mich-bis-ich-eine-atemberaubende-wendung-im-haus-von-simone-biles-sah-es-hat-sich-nie-moderner-angefuehlt\/\" \/>\n<meta property=\"og:site_name\" content=\"Stra\u00dfenweb\" \/>\n<meta property=\"article:publisher\" content=\"https:\/\/www.facebook.com\/strassenweb\/\" \/>\n<meta property=\"article:published_time\" content=\"2025-11-07T08:39:25+00:00\" \/>\n<meta property=\"article:modified_time\" content=\"2025-11-07T08:39:26+00:00\" \/>\n<meta property=\"og:image\" content=\"https:\/\/www.strassenweb.de\/nachrichten\/wp-content\/uploads\/2025\/11\/Ich-dachte-dieser-Retro-Weihnachtsbaum-Trend-waere-nichts-fuer-mich-bis-ich.jpg\" \/>\n\t<meta property=\"og:image:width\" content=\"1600\" \/>\n\t<meta property=\"og:image:height\" content=\"900\" \/>\n\t<meta property=\"og:image:type\" content=\"image\/jpeg\" \/>\n<meta name=\"author\" content=\"Robert Hoffmann\" \/>\n<meta name=\"twitter:card\" content=\"summary_large_image\" \/>\n<meta name=\"twitter:label1\" content=\"Verfasst von\" \/>\n\t<meta name=\"twitter:data1\" content=\"Robert Hoffmann\" \/>\n\t<meta name=\"twitter:label2\" content=\"Gesch\u00e4tzte Lesezeit\" \/>\n\t<meta name=\"twitter:data2\" content=\"2\u00a0Minuten\" \/>\n<script type=\"application\/ld+json\" class=\"yoast-schema-graph\">{\"@context\":\"https:\\\/\\\/schema.org\",\"@graph\":[{\"@type\":\"Article\",\"@id\":\"https:\\\/\\\/www.strassenweb.de\\\/nachrichten\\\/ich-dachte-dieser-retro-weihnachtsbaum-trend-waere-nichts-fuer-mich-bis-ich-eine-atemberaubende-wendung-im-haus-von-simone-biles-sah-es-hat-sich-nie-moderner-angefuehlt\\\/#article\",\"isPartOf\":{\"@id\":\"https:\\\/\\\/www.strassenweb.de\\\/nachrichten\\\/ich-dachte-dieser-retro-weihnachtsbaum-trend-waere-nichts-fuer-mich-bis-ich-eine-atemberaubende-wendung-im-haus-von-simone-biles-sah-es-hat-sich-nie-moderner-angefuehlt\\\/\"},\"author\":{\"name\":\"Robert Hoffmann\",\"@id\":\"https:\\\/\\\/www.strassenweb.de\\\/nachrichten\\\/#\\\/schema\\\/person\\\/87c9c9067f1211da429a744dc5a5aa41\"},\"headline\":\"Ich dachte, dieser Retro-Weihnachtsbaum-Trend w\u00e4re nichts f\u00fcr mich, bis ich eine atemberaubende Wendung im Haus von Simone Biles sah \u2013 es hat sich nie moderner angef\u00fchlt\",\"datePublished\":\"2025-11-07T08:39:25+00:00\",\"dateModified\":\"2025-11-07T08:39:26+00:00\",\"mainEntityOfPage\":{\"@id\":\"https:\\\/\\\/www.strassenweb.de\\\/nachrichten\\\/ich-dachte-dieser-retro-weihnachtsbaum-trend-waere-nichts-fuer-mich-bis-ich-eine-atemberaubende-wendung-im-haus-von-simone-biles-sah-es-hat-sich-nie-moderner-angefuehlt\\\/\"},\"wordCount\":404,\"publisher\":{\"@id\":\"https:\\\/\\\/www.strassenweb.de\\\/nachrichten\\\/#organization\"},\"image\":{\"@id\":\"https:\\\/\\\/www.strassenweb.de\\\/nachrichten\\\/ich-dachte-dieser-retro-weihnachtsbaum-trend-waere-nichts-fuer-mich-bis-ich-eine-atemberaubende-wendung-im-haus-von-simone-biles-sah-es-hat-sich-nie-moderner-angefuehlt\\\/#primaryimage\"},\"thumbnailUrl\":\"https:\\\/\\\/www.strassenweb.de\\\/nachrichten\\\/wp-content\\\/uploads\\\/2025\\\/11\\\/Ich-dachte-dieser-Retro-Weihnachtsbaum-Trend-waere-nichts-fuer-mich-bis-ich.jpg\",\"keywords\":[\"angef\u00fchlt\",\"atemberaubende\",\"Biles\",\"bis\",\"dachte\",\"dieser\",\"eine\",\"f\u00fcr\",\"hat\",\"Haus\",\"ich\",\"mich\",\"moderner\",\"nichts\",\"nie\",\"RetroWeihnachtsbaumTrend\",\"sah\",\"sich\",\"Simone\",\"von\",\"w\u00e4re\",\"Wendung\"],\"articleSection\":[\"Haus &amp; Garten\"],\"inLanguage\":\"de\"},{\"@type\":\"WebPage\",\"@id\":\"https:\\\/\\\/www.strassenweb.de\\\/nachrichten\\\/ich-dachte-dieser-retro-weihnachtsbaum-trend-waere-nichts-fuer-mich-bis-ich-eine-atemberaubende-wendung-im-haus-von-simone-biles-sah-es-hat-sich-nie-moderner-angefuehlt\\\/\",\"url\":\"https:\\\/\\\/www.strassenweb.de\\\/nachrichten\\\/ich-dachte-dieser-retro-weihnachtsbaum-trend-waere-nichts-fuer-mich-bis-ich-eine-atemberaubende-wendung-im-haus-von-simone-biles-sah-es-hat-sich-nie-moderner-angefuehlt\\\/\",\"name\":\"Ich dachte, dieser Retro-Weihnachtsbaum-Trend w\u00e4re nichts f\u00fcr mich, bis ich eine atemberaubende Wendung im Haus von Simone Biles sah \u2013 es hat sich nie moderner angef\u00fchlt - Nachrichten - Stra\u00dfenweb\",\"isPartOf\":{\"@id\":\"https:\\\/\\\/www.strassenweb.de\\\/nachrichten\\\/#website\"},\"primaryImageOfPage\":{\"@id\":\"https:\\\/\\\/www.strassenweb.de\\\/nachrichten\\\/ich-dachte-dieser-retro-weihnachtsbaum-trend-waere-nichts-fuer-mich-bis-ich-eine-atemberaubende-wendung-im-haus-von-simone-biles-sah-es-hat-sich-nie-moderner-angefuehlt\\\/#primaryimage\"},\"image\":{\"@id\":\"https:\\\/\\\/www.strassenweb.de\\\/nachrichten\\\/ich-dachte-dieser-retro-weihnachtsbaum-trend-waere-nichts-fuer-mich-bis-ich-eine-atemberaubende-wendung-im-haus-von-simone-biles-sah-es-hat-sich-nie-moderner-angefuehlt\\\/#primaryimage\"},\"thumbnailUrl\":\"https:\\\/\\\/www.strassenweb.de\\\/nachrichten\\\/wp-content\\\/uploads\\\/2025\\\/11\\\/Ich-dachte-dieser-Retro-Weihnachtsbaum-Trend-waere-nichts-fuer-mich-bis-ich.jpg\",\"datePublished\":\"2025-11-07T08:39:25+00:00\",\"dateModified\":\"2025-11-07T08:39:26+00:00\",\"breadcrumb\":{\"@id\":\"https:\\\/\\\/www.strassenweb.de\\\/nachrichten\\\/ich-dachte-dieser-retro-weihnachtsbaum-trend-waere-nichts-fuer-mich-bis-ich-eine-atemberaubende-wendung-im-haus-von-simone-biles-sah-es-hat-sich-nie-moderner-angefuehlt\\\/#breadcrumb\"},\"inLanguage\":\"de\",\"potentialAction\":[{\"@type\":\"ReadAction\",\"target\":[\"https:\\\/\\\/www.strassenweb.de\\\/nachrichten\\\/ich-dachte-dieser-retro-weihnachtsbaum-trend-waere-nichts-fuer-mich-bis-ich-eine-atemberaubende-wendung-im-haus-von-simone-biles-sah-es-hat-sich-nie-moderner-angefuehlt\\\/\"]}]},{\"@type\":\"ImageObject\",\"inLanguage\":\"de\",\"@id\":\"https:\\\/\\\/www.strassenweb.de\\\/nachrichten\\\/ich-dachte-dieser-retro-weihnachtsbaum-trend-waere-nichts-fuer-mich-bis-ich-eine-atemberaubende-wendung-im-haus-von-simone-biles-sah-es-hat-sich-nie-moderner-angefuehlt\\\/#primaryimage\",\"url\":\"https:\\\/\\\/www.strassenweb.de\\\/nachrichten\\\/wp-content\\\/uploads\\\/2025\\\/11\\\/Ich-dachte-dieser-Retro-Weihnachtsbaum-Trend-waere-nichts-fuer-mich-bis-ich.jpg\",\"contentUrl\":\"https:\\\/\\\/www.strassenweb.de\\\/nachrichten\\\/wp-content\\\/uploads\\\/2025\\\/11\\\/Ich-dachte-dieser-Retro-Weihnachtsbaum-Trend-waere-nichts-fuer-mich-bis-ich.jpg\",\"width\":1600,\"height\":900,\"caption\":\"Simone Biles\"},{\"@type\":\"BreadcrumbList\",\"@id\":\"https:\\\/\\\/www.strassenweb.de\\\/nachrichten\\\/ich-dachte-dieser-retro-weihnachtsbaum-trend-waere-nichts-fuer-mich-bis-ich-eine-atemberaubende-wendung-im-haus-von-simone-biles-sah-es-hat-sich-nie-moderner-angefuehlt\\\/#breadcrumb\",\"itemListElement\":[{\"@type\":\"ListItem\",\"position\":1,\"name\":\"Home\",\"item\":\"https:\\\/\\\/www.strassenweb.de\\\/nachrichten\\\/\"},{\"@type\":\"ListItem\",\"position\":2,\"name\":\"Ich dachte, dieser Retro-Weihnachtsbaum-Trend w\u00e4re nichts f\u00fcr mich, bis ich eine atemberaubende Wendung im Haus von Simone Biles sah \u2013 es hat sich nie moderner angef\u00fchlt\"}]},{\"@type\":\"WebSite\",\"@id\":\"https:\\\/\\\/www.strassenweb.de\\\/nachrichten\\\/#website\",\"url\":\"https:\\\/\\\/www.strassenweb.de\\\/nachrichten\\\/\",\"name\":\"Stra\u00dfenweb\",\"description\":\"Stra\u00dfenverzeichnis f\u00fcr Deutschland\",\"publisher\":{\"@id\":\"https:\\\/\\\/www.strassenweb.de\\\/nachrichten\\\/#organization\"},\"potentialAction\":[{\"@type\":\"SearchAction\",\"target\":{\"@type\":\"EntryPoint\",\"urlTemplate\":\"https:\\\/\\\/www.strassenweb.de\\\/nachrichten\\\/?s={search_term_string}\"},\"query-input\":{\"@type\":\"PropertyValueSpecification\",\"valueRequired\":true,\"valueName\":\"search_term_string\"}}],\"inLanguage\":\"de\"},{\"@type\":\"Organization\",\"@id\":\"https:\\\/\\\/www.strassenweb.de\\\/nachrichten\\\/#organization\",\"name\":\"Stra\u00dfenweb\",\"url\":\"https:\\\/\\\/www.strassenweb.de\\\/nachrichten\\\/\",\"logo\":{\"@type\":\"ImageObject\",\"inLanguage\":\"de\",\"@id\":\"https:\\\/\\\/www.strassenweb.de\\\/nachrichten\\\/#\\\/schema\\\/logo\\\/image\\\/\",\"url\":\"https:\\\/\\\/www.strassenweb.de\\\/nachrichten\\\/wp-content\\\/uploads\\\/2024\\\/09\\\/cropped-favicon.png\",\"contentUrl\":\"https:\\\/\\\/www.strassenweb.de\\\/nachrichten\\\/wp-content\\\/uploads\\\/2024\\\/09\\\/cropped-favicon.png\",\"width\":512,\"height\":512,\"caption\":\"Stra\u00dfenweb\"},\"image\":{\"@id\":\"https:\\\/\\\/www.strassenweb.de\\\/nachrichten\\\/#\\\/schema\\\/logo\\\/image\\\/\"},\"sameAs\":[\"https:\\\/\\\/www.facebook.com\\\/strassenweb\\\/\"]},{\"@type\":\"Person\",\"@id\":\"https:\\\/\\\/www.strassenweb.de\\\/nachrichten\\\/#\\\/schema\\\/person\\\/87c9c9067f1211da429a744dc5a5aa41\",\"name\":\"Robert Hoffmann\",\"image\":{\"@type\":\"ImageObject\",\"inLanguage\":\"de\",\"@id\":\"https:\\\/\\\/www.strassenweb.de\\\/nachrichten\\\/wp-content\\\/uploads\\\/2024\\\/09\\\/strassenweb-150x150.jpg\",\"url\":\"https:\\\/\\\/www.strassenweb.de\\\/nachrichten\\\/wp-content\\\/uploads\\\/2024\\\/09\\\/strassenweb-150x150.jpg\",\"contentUrl\":\"https:\\\/\\\/www.strassenweb.de\\\/nachrichten\\\/wp-content\\\/uploads\\\/2024\\\/09\\\/strassenweb-150x150.jpg\",\"caption\":\"Robert Hoffmann\"},\"description\":\"Ich hei\u00dfe Robert Hoffmann und ich bin ein leidenschaftlicher Verfechter von \u00d6kologie und Biodiversit\u00e4t. Seit meiner Kindheit in den W\u00e4ldern Bayerns f\u00fchle ich mich mit der Natur verbunden und bin entschlossen, sie zu sch\u00fctzen. Heute widme ich mein Leben der Sensibilisierung anderer f\u00fcr die Bedeutung des Umweltschutzes f\u00fcr zuk\u00fcnftige Generationen.\",\"sameAs\":[\"https:\\\/\\\/www.strassenweb.de\\\/\"]}]}<\/script>\n<!-- \/ Yoast SEO plugin. -->","yoast_head_json":{"title":"Ich dachte, dieser Retro-Weihnachtsbaum-Trend w\u00e4re nichts f\u00fcr mich, bis ich eine atemberaubende Wendung im Haus von Simone Biles sah \u2013 es hat sich nie moderner angef\u00fchlt - Nachrichten - Stra\u00dfenweb","robots":{"index":"index","follow":"follow","max-snippet":"max-snippet:-1","max-image-preview":"max-image-preview:large","max-video-preview":"max-video-preview:-1"},"canonical":"https:\/\/www.strassenweb.de\/nachrichten\/ich-dachte-dieser-retro-weihnachtsbaum-trend-waere-nichts-fuer-mich-bis-ich-eine-atemberaubende-wendung-im-haus-von-simone-biles-sah-es-hat-sich-nie-moderner-angefuehlt\/","og_locale":"de_DE","og_type":"article","og_title":"Ich dachte, dieser Retro-Weihnachtsbaum-Trend w\u00e4re nichts f\u00fcr mich, bis ich eine atemberaubende Wendung im Haus von Simone Biles sah \u2013 es hat sich nie moderner angef\u00fchlt - Nachrichten - Stra\u00dfenweb","og_description":"Ich gebe als Erster zu, dass ich nie den Reiz wei\u00dfer Weihnachtsb\u00e4ume gesehen habe. Obwohl ich wei\u00df, dass sie in der richtigen Umgebung umwerfend aussehen,","og_url":"https:\/\/www.strassenweb.de\/nachrichten\/ich-dachte-dieser-retro-weihnachtsbaum-trend-waere-nichts-fuer-mich-bis-ich-eine-atemberaubende-wendung-im-haus-von-simone-biles-sah-es-hat-sich-nie-moderner-angefuehlt\/","og_site_name":"Stra\u00dfenweb","article_publisher":"https:\/\/www.facebook.com\/strassenweb\/","article_published_time":"2025-11-07T08:39:25+00:00","article_modified_time":"2025-11-07T08:39:26+00:00","og_image":[{"width":1600,"height":900,"url":"https:\/\/www.strassenweb.de\/nachrichten\/wp-content\/uploads\/2025\/11\/Ich-dachte-dieser-Retro-Weihnachtsbaum-Trend-waere-nichts-fuer-mich-bis-ich.jpg","type":"image\/jpeg"}],"author":"Robert Hoffmann","twitter_card":"summary_large_image","twitter_misc":{"Verfasst von":"Robert Hoffmann","Gesch\u00e4tzte Lesezeit":"2\u00a0Minuten"},"schema":{"@context":"https:\/\/schema.org","@graph":[{"@type":"Article","@id":"https:\/\/www.strassenweb.de\/nachrichten\/ich-dachte-dieser-retro-weihnachtsbaum-trend-waere-nichts-fuer-mich-bis-ich-eine-atemberaubende-wendung-im-haus-von-simone-biles-sah-es-hat-sich-nie-moderner-angefuehlt\/#article","isPartOf":{"@id":"https:\/\/www.strassenweb.de\/nachrichten\/ich-dachte-dieser-retro-weihnachtsbaum-trend-waere-nichts-fuer-mich-bis-ich-eine-atemberaubende-wendung-im-haus-von-simone-biles-sah-es-hat-sich-nie-moderner-angefuehlt\/"},"author":{"name":"Robert Hoffmann","@id":"https:\/\/www.strassenweb.de\/nachrichten\/#\/schema\/person\/87c9c9067f1211da429a744dc5a5aa41"},"headline":"Ich dachte, dieser Retro-Weihnachtsbaum-Trend w\u00e4re nichts f\u00fcr mich, bis ich eine atemberaubende Wendung im Haus von Simone Biles sah \u2013 es hat sich nie moderner angef\u00fchlt","datePublished":"2025-11-07T08:39:25+00:00","dateModified":"2025-11-07T08:39:26+00:00","mainEntityOfPage":{"@id":"https:\/\/www.strassenweb.de\/nachrichten\/ich-dachte-dieser-retro-weihnachtsbaum-trend-waere-nichts-fuer-mich-bis-ich-eine-atemberaubende-wendung-im-haus-von-simone-biles-sah-es-hat-sich-nie-moderner-angefuehlt\/"},"wordCount":404,"publisher":{"@id":"https:\/\/www.strassenweb.de\/nachrichten\/#organization"},"image":{"@id":"https:\/\/www.strassenweb.de\/nachrichten\/ich-dachte-dieser-retro-weihnachtsbaum-trend-waere-nichts-fuer-mich-bis-ich-eine-atemberaubende-wendung-im-haus-von-simone-biles-sah-es-hat-sich-nie-moderner-angefuehlt\/#primaryimage"},"thumbnailUrl":"https:\/\/www.strassenweb.de\/nachrichten\/wp-content\/uploads\/2025\/11\/Ich-dachte-dieser-Retro-Weihnachtsbaum-Trend-waere-nichts-fuer-mich-bis-ich.jpg","keywords":["angef\u00fchlt","atemberaubende","Biles","bis","dachte","dieser","eine","f\u00fcr","hat","Haus","ich","mich","moderner","nichts","nie","RetroWeihnachtsbaumTrend","sah","sich","Simone","von","w\u00e4re","Wendung"],"articleSection":["Haus &amp; Garten"],"inLanguage":"de"},{"@type":"WebPage","@id":"https:\/\/www.strassenweb.de\/nachrichten\/ich-dachte-dieser-retro-weihnachtsbaum-trend-waere-nichts-fuer-mich-bis-ich-eine-atemberaubende-wendung-im-haus-von-simone-biles-sah-es-hat-sich-nie-moderner-angefuehlt\/","url":"https:\/\/www.strassenweb.de\/nachrichten\/ich-dachte-dieser-retro-weihnachtsbaum-trend-waere-nichts-fuer-mich-bis-ich-eine-atemberaubende-wendung-im-haus-von-simone-biles-sah-es-hat-sich-nie-moderner-angefuehlt\/","name":"Ich dachte, dieser Retro-Weihnachtsbaum-Trend w\u00e4re nichts f\u00fcr mich, bis ich eine atemberaubende Wendung im Haus von Simone Biles sah \u2013 es hat sich nie moderner angef\u00fchlt - Nachrichten - Stra\u00dfenweb","isPartOf":{"@id":"https:\/\/www.strassenweb.de\/nachrichten\/#website"},"primaryImageOfPage":{"@id":"https:\/\/www.strassenweb.de\/nachrichten\/ich-dachte-dieser-retro-weihnachtsbaum-trend-waere-nichts-fuer-mich-bis-ich-eine-atemberaubende-wendung-im-haus-von-simone-biles-sah-es-hat-sich-nie-moderner-angefuehlt\/#primaryimage"},"image":{"@id":"https:\/\/www.strassenweb.de\/nachrichten\/ich-dachte-dieser-retro-weihnachtsbaum-trend-waere-nichts-fuer-mich-bis-ich-eine-atemberaubende-wendung-im-haus-von-simone-biles-sah-es-hat-sich-nie-moderner-angefuehlt\/#primaryimage"},"thumbnailUrl":"https:\/\/www.strassenweb.de\/nachrichten\/wp-content\/uploads\/2025\/11\/Ich-dachte-dieser-Retro-Weihnachtsbaum-Trend-waere-nichts-fuer-mich-bis-ich.jpg","datePublished":"2025-11-07T08:39:25+00:00","dateModified":"2025-11-07T08:39:26+00:00","breadcrumb":{"@id":"https:\/\/www.strassenweb.de\/nachrichten\/ich-dachte-dieser-retro-weihnachtsbaum-trend-waere-nichts-fuer-mich-bis-ich-eine-atemberaubende-wendung-im-haus-von-simone-biles-sah-es-hat-sich-nie-moderner-angefuehlt\/#breadcrumb"},"inLanguage":"de","potentialAction":[{"@type":"ReadAction","target":["https:\/\/www.strassenweb.de\/nachrichten\/ich-dachte-dieser-retro-weihnachtsbaum-trend-waere-nichts-fuer-mich-bis-ich-eine-atemberaubende-wendung-im-haus-von-simone-biles-sah-es-hat-sich-nie-moderner-angefuehlt\/"]}]},{"@type":"ImageObject","inLanguage":"de","@id":"https:\/\/www.strassenweb.de\/nachrichten\/ich-dachte-dieser-retro-weihnachtsbaum-trend-waere-nichts-fuer-mich-bis-ich-eine-atemberaubende-wendung-im-haus-von-simone-biles-sah-es-hat-sich-nie-moderner-angefuehlt\/#primaryimage","url":"https:\/\/www.strassenweb.de\/nachrichten\/wp-content\/uploads\/2025\/11\/Ich-dachte-dieser-Retro-Weihnachtsbaum-Trend-waere-nichts-fuer-mich-bis-ich.jpg","contentUrl":"https:\/\/www.strassenweb.de\/nachrichten\/wp-content\/uploads\/2025\/11\/Ich-dachte-dieser-Retro-Weihnachtsbaum-Trend-waere-nichts-fuer-mich-bis-ich.jpg","width":1600,"height":900,"caption":"Simone Biles"},{"@type":"BreadcrumbList","@id":"https:\/\/www.strassenweb.de\/nachrichten\/ich-dachte-dieser-retro-weihnachtsbaum-trend-waere-nichts-fuer-mich-bis-ich-eine-atemberaubende-wendung-im-haus-von-simone-biles-sah-es-hat-sich-nie-moderner-angefuehlt\/#breadcrumb","itemListElement":[{"@type":"ListItem","position":1,"name":"Home","item":"https:\/\/www.strassenweb.de\/nachrichten\/"},{"@type":"ListItem","position":2,"name":"Ich dachte, dieser Retro-Weihnachtsbaum-Trend w\u00e4re nichts f\u00fcr mich, bis ich eine atemberaubende Wendung im Haus von Simone Biles sah \u2013 es hat sich nie moderner angef\u00fchlt"}]},{"@type":"WebSite","@id":"https:\/\/www.strassenweb.de\/nachrichten\/#website","url":"https:\/\/www.strassenweb.de\/nachrichten\/","name":"Stra\u00dfenweb","description":"Stra\u00dfenverzeichnis f\u00fcr Deutschland","publisher":{"@id":"https:\/\/www.strassenweb.de\/nachrichten\/#organization"},"potentialAction":[{"@type":"SearchAction","target":{"@type":"EntryPoint","urlTemplate":"https:\/\/www.strassenweb.de\/nachrichten\/?s={search_term_string}"},"query-input":{"@type":"PropertyValueSpecification","valueRequired":true,"valueName":"search_term_string"}}],"inLanguage":"de"},{"@type":"Organization","@id":"https:\/\/www.strassenweb.de\/nachrichten\/#organization","name":"Stra\u00dfenweb","url":"https:\/\/www.strassenweb.de\/nachrichten\/","logo":{"@type":"ImageObject","inLanguage":"de","@id":"https:\/\/www.strassenweb.de\/nachrichten\/#\/schema\/logo\/image\/","url":"https:\/\/www.strassenweb.de\/nachrichten\/wp-content\/uploads\/2024\/09\/cropped-favicon.png","contentUrl":"https:\/\/www.strassenweb.de\/nachrichten\/wp-content\/uploads\/2024\/09\/cropped-favicon.png","width":512,"height":512,"caption":"Stra\u00dfenweb"},"image":{"@id":"https:\/\/www.strassenweb.de\/nachrichten\/#\/schema\/logo\/image\/"},"sameAs":["https:\/\/www.facebook.com\/strassenweb\/"]},{"@type":"Person","@id":"https:\/\/www.strassenweb.de\/nachrichten\/#\/schema\/person\/87c9c9067f1211da429a744dc5a5aa41","name":"Robert Hoffmann","image":{"@type":"ImageObject","inLanguage":"de","@id":"https:\/\/www.strassenweb.de\/nachrichten\/wp-content\/uploads\/2024\/09\/strassenweb-150x150.jpg","url":"https:\/\/www.strassenweb.de\/nachrichten\/wp-content\/uploads\/2024\/09\/strassenweb-150x150.jpg","contentUrl":"https:\/\/www.strassenweb.de\/nachrichten\/wp-content\/uploads\/2024\/09\/strassenweb-150x150.jpg","caption":"Robert Hoffmann"},"description":"Ich hei\u00dfe Robert Hoffmann und ich bin ein leidenschaftlicher Verfechter von \u00d6kologie und Biodiversit\u00e4t. Seit meiner Kindheit in den W\u00e4ldern Bayerns f\u00fchle ich mich mit der Natur verbunden und bin entschlossen, sie zu sch\u00fctzen. Heute widme ich mein Leben der Sensibilisierung anderer f\u00fcr die Bedeutung des Umweltschutzes f\u00fcr zuk\u00fcnftige Generationen.","sameAs":["https:\/\/www.strassenweb.de\/"]}]}},"_links":{"self":[{"href":"https:\/\/www.strassenweb.de\/nachrichten\/wp-json\/wp\/v2\/posts\/9076","targetHints":{"allow":["GET"]}}],"collection":[{"href":"https:\/\/www.strassenweb.de\/nachrichten\/wp-json\/wp\/v2\/posts"}],"about":[{"href":"https:\/\/www.strassenweb.de\/nachrichten\/wp-json\/wp\/v2\/types\/post"}],"author":[{"embeddable":true,"href":"https:\/\/www.strassenweb.de\/nachrichten\/wp-json\/wp\/v2\/users\/1"}],"replies":[{"embeddable":true,"href":"https:\/\/www.strassenweb.de\/nachrichten\/wp-json\/wp\/v2\/comments?post=9076"}],"version-history":[{"count":0,"href":"https:\/\/www.strassenweb.de\/nachrichten\/wp-json\/wp\/v2\/posts\/9076\/revisions"}],"wp:featuredmedia":[{"embeddable":true,"href":"https:\/\/www.strassenweb.de\/nachrichten\/wp-json\/wp\/v2\/media\/9077"}],"wp:attachment":[{"href":"https:\/\/www.strassenweb.de\/nachrichten\/wp-json\/wp\/v2\/media?parent=9076"}],"wp:term":[{"taxonomy":"category","embeddable":true,"href":"https:\/\/www.strassenweb.de\/nachrichten\/wp-json\/wp\/v2\/categories?post=9076"},{"taxonomy":"post_tag","embeddable":true,"href":"https:\/\/www.strassenweb.de\/nachrichten\/wp-json\/wp\/v2\/tags?post=9076"}],"curies":[{"name":"wp","href":"https:\/\/api.w.org\/{rel}","templated":true}]}}